{"id":325711,"date":"2023-03-10T04:30:25","date_gmt":"2023-03-10T03:30:25","guid":{"rendered":"https:\/\/www.radiopiu.net\/wordpress\/?p=325711"},"modified":"2023-03-10T09:43:40","modified_gmt":"2023-03-10T08:43:40","slug":"giornale-radiopiu-10-marzo-2023-direttore-mirko-mezzacasa-verso-i-40-anni-25-giugno-1983-25-giugno-2023","status":"publish","type":"post","link":"https:\/\/www.radiopiu.net\/wordpress\/giornale-radiopiu-10-marzo-2023-direttore-mirko-mezzacasa-verso-i-40-anni-25-giugno-1983-25-giugno-2023\/","title":{"rendered":"GIORNALE RADIOPIU 10 MARZO 2023 DIRETTORE MIRKO MEZZACASA&#8230;verso i 40 anni 25 giugno 1983-25 giugno 2023"},"content":{"rendered":"<h3 class=\"kvgmc6g5 cxmmr5t8 oygrvhab hcukyx3x c1et5uql\"><span style=\"color: #0000ff;\"><strong>RADIO PIU INFORMAZIONE il canale su TELEGRAM informazione di prima\u00a0 <\/strong><strong>mano e in tempo reale. iscriviti ed aiutaci a farlo conoscere\u00a0 \u00a0 \u00a0<\/strong><\/span><\/h3>\n<p>&nbsp;<\/p>\n<p style=\"text-align: center;\"><strong>LA VIGNETTA&#8230; DI PIERALDO VIGNAZIA, &#8220;VIP&#8221;<\/strong><\/p>\n<p><a class=\"dt-pswp-item\" href=\"https:\/\/www.radiopiu.net\/wordpress\/wp-content\/uploads\/2023\/03\/763923c0-6439-4bf7-b017-f7ff36ed5f93.jpg\" data-dt-img-description=\"\" data-large_image_width=\"591\" data-large_image_height=\"591\"><img loading=\"lazy\" decoding=\"async\" class=\"size-medium wp-image-325844 aligncenter\" src=\"https:\/\/www.radiopiu.net\/wordpress\/wp-content\/uploads\/2023\/03\/763923c0-6439-4bf7-b017-f7ff36ed5f93-300x300.jpg\" alt=\"\" width=\"300\" height=\"300\" srcset=\"https:\/\/www.radiopiu.net\/wordpress\/wp-content\/uploads\/2023\/03\/763923c0-6439-4bf7-b017-f7ff36ed5f93-300x300.jpg 300w, https:\/\/www.radiopiu.net\/wordpress\/wp-content\/uploads\/2023\/03\/763923c0-6439-4bf7-b017-f7ff36ed5f93-150x150.jpg 150w, https:\/\/www.radiopiu.net\/wordpress\/wp-content\/uploads\/2023\/03\/763923c0-6439-4bf7-b017-f7ff36ed5f93.jpg 591w\" sizes=\"auto, (max-width: 300px) 100vw, 300px\" \/><\/a><\/p>\n<p>&nbsp;<\/p>\n<p>&nbsp;<\/p>\n<h2 style=\"text-align: left;\"><span style=\"color: #ff0000;\">ISCRIVITI AL NOSTRO CANALE YOUTUBE PER SEGUIRE IN DIRETTA I PRINCIPALI PROGRAMMI DI RADIO PIU&#8217; E LE FUTURE DIRETTE IN ESTERNA. PER ISCRIVERTI <a style=\"color: #ff0000;\" href=\"https:\/\/youtube.com\/@radiopiu1527\">CLICCA QUI<\/a> E PREMI IL TASTO &#8220;Iscriviti&#8221;\u00a0\u00a0<\/span><\/h2>\n<p>&nbsp;<\/p>\n<hr \/>\n<p>&nbsp;<\/p>\n<div class=\"page-title-head hgroup\">\n<blockquote>\n<h3 class=\"entry-title\">ADDIO DAIANA, VANE LE CURE DEL CA\u2019 FONCELLO PER LA GIOVANE DI SELVA DI CADORE<\/h3>\n<\/blockquote>\n<\/div>\n<div class=\"page-title-breadcrumbs\"><strong><a class=\"dt-pswp-item\" href=\"https:\/\/www.radiopiu.net\/wordpress\/wp-content\/uploads\/2023\/03\/Senza-nome-37.jpg\" data-dt-img-description=\"\" data-large_image_width=\"168\" data-large_image_height=\"138\"><img loading=\"lazy\" decoding=\"async\" class=\" wp-image-325855 alignleft\" src=\"https:\/\/www.radiopiu.net\/wordpress\/wp-content\/uploads\/2023\/03\/Senza-nome-37.jpg\" alt=\"\" width=\"142\" height=\"117\" \/><\/a>SELVA DI CADORE <\/strong>Un paese tramortito dopo la notizia giunta ieri dal C\u00e0 Foncello di Treviso dove il cuore di Daiana Lorenzini, 36 anni, ha cessato di battere nonostante il grande impegno dei sanitari del C\u00e0 Foncello. La giovane \u00e8 rimasta coinvolta nel grave incidente di venerdi lungo l&#8217;autostrada A 27. all&#8217;altezza dell&#8217;ultima galleria verso Belluno. Daiana stava tornato a Selva di Cadore\u00a0 a bordo della sua Fiat Sedici, \u00e8 sbandata prima a destra e poi ha fermato la sua corsa contro la murata in cemento della galleria.\u00a0 Daiana Lorenzini da tempo viveva a Pordenone,\u00a0 lascia la mamma Lia, il pap\u00e0 Giugno, il fratello Marvin con la compagna e la figlia e il sindaco cugino Luca Lorenzini<\/div>\n<p>&nbsp;<\/p>\n<p>&nbsp;<\/p>\n<hr \/>\n<p>&nbsp;<\/p>\n<blockquote>\n<h3>LA SCOSSA DI TERREMOTO IN UMBRIA RILEVATA DAL SISMOGRAFO DI AGORDO<\/h3>\n<\/blockquote>\n<p><strong>REDAZIONE<\/strong> Nel pomeriggio di ieri alle 16:05 \u00e8 stata avvertita una scossa di terremoto di magnitudo 4.4 in provincia di Perugia con una profondit\u00e0 di 10 km. Scossa avvertita da tutta la popolazione del luogo e segnalata anche dal sismografo di Agordo.<\/p>\n<p><strong>LA SCOSSA REGISTRATA DAL SISMOGRAFO DI AGORDO<\/strong><\/p>\n<p><a class=\"dt-pswp-item\" href=\"https:\/\/www.radiopiu.net\/wordpress\/wp-content\/uploads\/2023\/03\/9b3483dc-1b16-4056-a047-d2a63c637c51.jpg\" data-dt-img-description=\"\" data-large_image_width=\"792\" data-large_image_height=\"612\"><img loading=\"lazy\" decoding=\"async\" class=\"alignnone size-medium wp-image-325812\" src=\"https:\/\/www.radiopiu.net\/wordpress\/wp-content\/uploads\/2023\/03\/9b3483dc-1b16-4056-a047-d2a63c637c51-300x232.jpg\" alt=\"\" width=\"300\" height=\"232\" srcset=\"https:\/\/www.radiopiu.net\/wordpress\/wp-content\/uploads\/2023\/03\/9b3483dc-1b16-4056-a047-d2a63c637c51-300x232.jpg 300w, https:\/\/www.radiopiu.net\/wordpress\/wp-content\/uploads\/2023\/03\/9b3483dc-1b16-4056-a047-d2a63c637c51-768x593.jpg 768w, https:\/\/www.radiopiu.net\/wordpress\/wp-content\/uploads\/2023\/03\/9b3483dc-1b16-4056-a047-d2a63c637c51.jpg 792w\" sizes=\"auto, (max-width: 300px) 100vw, 300px\" \/><\/a><\/p>\n<p>&nbsp;<\/p>\n<hr \/>\n<p>&nbsp;<\/p>\n<blockquote>\n<h3>ARRESTO CARDIOCIRCOLATORIO SULLA PISTA FODOMA AD ARABBA<\/h3>\n<\/blockquote>\n<p><strong>LIVINALLONGO<\/strong> Ieri alle 13:50 sono intervenuti gli uomini della Polizia sulla pista Fodoma del comprensorio Arabba \u2013 Portavescovo per una persona in arresto cardiaco. Gli agenti della Polizia di Stato abilitato al servizio di Sicurezza e Soccorso in montagna, unitamente ad un Alpino in servizio presso l\u2019adiacente comprensorio sciistico si sono immediatamente recati sul posto dove hanno trovato l&#8217;uomo riverso sulla pista con due ragazzi di passaggio che gli stavano praticando un massaggio cardiaco. L\u2019uomo di nazionalit\u00e0 Polacca di 58 anni era in arresto cardiocircolatorio. Subito \u00e8 stato usato un defibrillatore in dotazione e dopo l&#8217;analisi si \u00e8 proceduto con una prima scarica a cui seguiva la manovra di rianimazione ed una seconda scarica con esito positivo in quanto l\u2019uomo ha ripreso a respirare autonomamente. Manovre che sono durate 20 minuti fino all\u2019arrivo dei medici del 118 con l&#8217;elicottero del Suem Falco. Il paziente \u00e8 stato trasportato in codice rosso all\u2019ospedale di Belluno.<\/p>\n\n\t\t\t<style type='text\/css'>\n\t\t\t\t#gallery-1 {\n\t\t\t\t\tmargin: auto;\n\t\t\t\t}\n\t\t\t\t#gallery-1 .gallery-item {\n\t\t\t\t\tfloat: left;\n\t\t\t\t\tmargin-top: 10px;\n\t\t\t\t\ttext-align: center;\n\t\t\t\t\twidth: 50%;\n\t\t\t\t}\n\t\t\t\t#gallery-1 img {\n\t\t\t\t\tborder: 2px solid #cfcfcf;\n\t\t\t\t}\n\t\t\t\t#gallery-1 .gallery-caption {\n\t\t\t\t\tmargin-left: 0;\n\t\t\t\t}\n\t\t\t\t\/* see gallery_shortcode() in wp-includes\/media.php *\/\n\t\t\t<\/style>\n\t\t<div id='gallery-1' class='dt-gallery-container gallery galleryid-325711 gallery-columns-2 gallery-size-thumbnail'><dl class='gallery-item'>\n\t\t\t\t<dt class='gallery-icon landscape'>\n\t\t\t\t\t<a class=\"rollover rollover-zoom dt-pswp-item\" title=\"Foto 1\" data-dt-img-description=\"\" data-large_image_width=\"1024\" data-large_image_height=\"472\"href='https:\/\/www.radiopiu.net\/wordpress\/wp-content\/uploads\/2023\/03\/Foto-1.jpg'><img loading=\"lazy\" decoding=\"async\" width=\"150\" height=\"150\" src=\"https:\/\/www.radiopiu.net\/wordpress\/wp-content\/uploads\/2023\/03\/Foto-1-150x150.jpg\" class=\"attachment-thumbnail size-thumbnail\" alt=\"\" \/><\/a>\n\t\t\t\t<\/dt><\/dl><dl class='gallery-item'>\n\t\t\t\t<dt class='gallery-icon landscape'>\n\t\t\t\t\t<a class=\"rollover rollover-zoom dt-pswp-item\" title=\"Foto 2\" data-dt-img-description=\"\" data-large_image_width=\"1024\" data-large_image_height=\"768\"href='https:\/\/www.radiopiu.net\/wordpress\/wp-content\/uploads\/2023\/03\/Foto-2.jpg'><img loading=\"lazy\" decoding=\"async\" width=\"150\" height=\"150\" src=\"https:\/\/www.radiopiu.net\/wordpress\/wp-content\/uploads\/2023\/03\/Foto-2-150x150.jpg\" class=\"attachment-thumbnail size-thumbnail\" alt=\"\" \/><\/a>\n\t\t\t\t<\/dt><\/dl><br style=\"clear: both\" \/>\n\t\t\t<\/div>\n\n<p>&nbsp;<\/p>\n<hr \/>\n<p>&nbsp;<\/p>\n<blockquote>\n<h3>RISSA AL CONDOMINIO LA CORTE, S&#8217;APRONO LE PORTE DEL TRIBUNALE<\/h3>\n<\/blockquote>\n<p>&nbsp;<\/p>\n<blockquote><p><em>Si e&#8217; parlato per settimane di quel caso, del pestaggio della donna incinta in via Insurrezione, dove ha sede la stazione delle corriere della Dolomitibus. Qualcuno la chiama la zona &#8220;Bronx&#8221; della citt\u00e0. Da allora \u00e8 successo ancora, ci sono stati altri episodi di violenza (e non solo verbale) ma ogni volta bocche cucite, soprattutto da parte di chi ha attivit\u00e0 in zona e preferisce mettere tutto a tacere per non rischiare di perdere clienti\u00a0<\/em><\/p><\/blockquote>\n<p><strong><a class=\"dt-pswp-item\" href=\"https:\/\/www.radiopiu.net\/wordpress\/wp-content\/uploads\/2023\/03\/Senza-nome-38.jpg\" data-dt-img-description=\"\" data-large_image_width=\"146\" data-large_image_height=\"117\"><img loading=\"lazy\" decoding=\"async\" class=\"size-full wp-image-325860 alignleft\" src=\"https:\/\/www.radiopiu.net\/wordpress\/wp-content\/uploads\/2023\/03\/Senza-nome-38.jpg\" alt=\"\" width=\"146\" height=\"117\" \/><\/a>AGORDO <\/strong>Rissa nell&#8217;ottobre del 2020 in via Insurrezione. In rete ha girato pure\u00a0 un video\u00a0 del telefonino di un passante, che l&#8217;ha documentata in diretta. M.R., G.B.e A. L. sono stati portati in tribunale. La zuffa \u00e8 scoppiata all&#8217;esterno del centro commerciale &#8220;La Corte agordina&#8221;. Nel filmato, si vede una donna in gravidanza colpire con una bottigliata in testa. Non ci sono costituzioni di parte civile per il risarcimento danni e, nelle prossime settimane, saranno sentiti tutti i testimoni<\/p>\n<p><strong><span style=\"color: #ff0000;\">archivio radiopiu<\/span> LA DICHIARAZIONE DI ALLORA DEL SINDACO DI AGORDO, ROBERTO CHISSALE&#8217;<\/strong><\/p>\n<p><strong><a class=\"dt-pswp-item\" href=\"https:\/\/www.radiopiu.net\/wordpress\/wp-content\/uploads\/2020\/10\/b2923513-18ed-4ba0-af67-d80b03f1bd96.jpg\" data-dt-img-description=\"\" data-large_image_width=\"720\" data-large_image_height=\"1440\"><img loading=\"lazy\" decoding=\"async\" class=\" wp-image-164943 alignleft\" src=\"https:\/\/www.radiopiu.net\/wordpress\/wp-content\/uploads\/2020\/10\/b2923513-18ed-4ba0-af67-d80b03f1bd96-150x300.jpg\" alt=\"\" width=\"120\" height=\"240\" srcset=\"https:\/\/www.radiopiu.net\/wordpress\/wp-content\/uploads\/2020\/10\/b2923513-18ed-4ba0-af67-d80b03f1bd96-150x300.jpg 150w, https:\/\/www.radiopiu.net\/wordpress\/wp-content\/uploads\/2020\/10\/b2923513-18ed-4ba0-af67-d80b03f1bd96-512x1024.jpg 512w, https:\/\/www.radiopiu.net\/wordpress\/wp-content\/uploads\/2020\/10\/b2923513-18ed-4ba0-af67-d80b03f1bd96.jpg 720w\" sizes=\"auto, (max-width: 120px) 100vw, 120px\" \/><\/a>AGORDO<\/strong> Un video \u00e8 ormai diventato virale, una rissa in pieno giorno in via Insurrezione nei pressi del condominio La Corte, difronte alla fermata della Dolomitibus. Purtroppo non \u00e8 una novit\u00e0, quella zona \u00e8 pi\u00f9 volte stata segnalata per il ritrovo dei giovani balzati spesso sugli spalti delle cronache, come ieri\u00a0 pomeriggio quando sono volate pedate, ceffoni, urla e anche bottigliate in testa. Una rissa immortalata da un video sul quale indagano i Carabinieri. Ne \u00e8 a conoscenza anche il sindaco di Agordo Roberto Chissal\u00e8<em> &#8220;Stiamo facendo tutto perch\u00e9 ci\u00f2 non accada pi\u00f9 &#8211; dice il primo cittadino &#8211; gli episodi sono noti, anche alle forze dell&#8217;ordine&#8221;<\/em>. Il video mette in evidenza tanta violenza, dalle urla &#8220;ammazzalo, ammazzalo&#8221; gli strattoni, i pugni ma anche la presenza di una cane pitbull privo di museruola. Agordo tra l&#8217;altro non ha dimenticato l&#8217;uccisione di un cane &#8220;Kaos&#8221; nell&#8217;aprile del 2019 con un giovane finito all&#8217;ospedale e altri chiamati a rispondere in Tribunale dopo la denuncia.<\/p>\n<p><strong>IL SINDACO ROBERTO CHISSALE&#8217;<\/strong><\/p>\n<audio class=\"wp-audio-shortcode\" id=\"audio-325711-1\" preload=\"none\" style=\"width: 100%;\" controls=\"controls\"><source type=\"audio\/mpeg\" src=\"https:\/\/www.radiopiu.net\/wordpress\/wp-content\/uploads\/2020\/10\/CHISSA.mp3?_=1\" \/><a href=\"https:\/\/www.radiopiu.net\/wordpress\/wp-content\/uploads\/2020\/10\/CHISSA.mp3\">https:\/\/www.radiopiu.net\/wordpress\/wp-content\/uploads\/2020\/10\/CHISSA.mp3<\/a><\/audio>\n<p>&nbsp;<\/p>\n<p>&nbsp;<\/p>\n<p>&nbsp;<\/p>\n<hr \/>\n<p>&nbsp;<\/p>\n<blockquote>\n<h3>MALMENO&#8217; UN ANZIANO: CONDANNATO A TRE ANNI DI CARCERE<\/h3>\n<\/blockquote>\n<p><strong>OGGI SUL CORRIERE DELLE ALPI\u00a0<\/strong><\/p>\n<p><strong>DI GIGI SOSSO<\/strong><\/p>\n<p><strong><img loading=\"lazy\" decoding=\"async\" class=\"alignleft\" src=\"https:\/\/www.radiopiu.net\/wordpress\/wp-content\/uploads\/2021\/09\/tribunale-belluno.jpg\" width=\"239\" height=\"159\" \/>BELLUNO<\/strong> Anche oggi il Corriere delle Alpi segue le cronache giudiziarie. Dal Palazzo del Tribunale le sentenze di ieri.<\/p>\n<p><strong>ALTO AGORDINO\u00a0 <\/strong>Non poteva nemmeno pi\u00f9 andare a messa. Perch\u00e9 il rischio era quello di ritrovarsi l&#8217;ex fidanzato sul banco appena dietro.\u00a0 Quando non ce l&#8217;ha pi\u00f9 fatta \u00e8 andata a querelarlo, provocandone il rinvio a giudizio e si \u00e8 anche costituita parte civile con l&#8217;avvocato Alvise Antinucci, per chiedergli un risarcimento dei danni per i reati di stalking e violenza privata\u00a0 e l&#8217;uomo le ha versato una somma importante propiziando il ritiro della querela. Il caso \u00e8 chiuso.<\/p>\n<p><strong>Ivano Lise<\/strong> \u00e8 stato condannato a tre anni di reclusione. Secondo la ricostruzione della Procura della Repubblica, in quel giorno di primavera Lise e altri stavano danneggiano delle sedie di un&#8217;osteria, quando il lentiaiese classe 1935 li avrebbe invitati a smetterla subito. A quel punto, Lise ha rassicurato gli amici con un \u00abtranquilli, penso io a questo, non badatelo\u00bb, prima di afferrarlo per una spalla e spingerlo con veemenza a terra, facendogli anche battere la testa,\u00a0 prognosi di oltre tre mesi<\/p>\n<p><strong>Stefano Dal Farra<\/strong> \u00e8 stato condannato a un anno e due mesi di reclusione dal giudice Paolo Velo. Il giovane bellunese doveva rispondere dei reati di resistenza a pubblico ufficiale, minaccia e lesioni. I militari\u00a0 avevano cercato di riportare l&#8217;indagato alla ragione, ricevendo per tutta risposta una serie di minacce di morte, per di pi\u00f9 senza mascherina protettiva, in tempi di Covid-19.\u00a0 Era scattata la denuncia per una serie di ipotesi di reato, che ha innescato il processo terminato ieri mattina.<\/p>\n<p>&nbsp;<\/p>\n<hr \/>\n<p>&nbsp;<\/p>\n<blockquote>\n<h3>DOMANI L&#8217;ULTIMO SALUTO ALL&#8217;IMPRENDITORE DE DEA<\/h3>\n<\/blockquote>\n<div class=\"testoArticolo\"><strong>SOSPIROLO<\/strong> Domani alle 14.30 nella chiesa di Mas l&#8217;ultimo saluto a Eldo De Dea (95 anni), fondatore con il fratello\u00a0 dell&#8217;impresa Fratelli De Dea srl all&#8217;inizio degli anni Sessanta. Lascia due figli, Giovanna Maria e Augusto.<\/div>\n<p><a class=\"dt-pswp-item\" href=\"https:\/\/www.radiopiu.net\/wordpress\/wp-content\/uploads\/2023\/03\/dddd.jpg\" data-dt-img-description=\"\" data-large_image_width=\"98\" data-large_image_height=\"103\"><img loading=\"lazy\" decoding=\"async\" class=\"alignnone size-full wp-image-325867\" src=\"https:\/\/www.radiopiu.net\/wordpress\/wp-content\/uploads\/2023\/03\/dddd.jpg\" alt=\"\" width=\"98\" height=\"103\" \/><\/a><\/p>\n<p>&nbsp;<\/p>\n<p>&nbsp;<\/p>\n<hr \/>\n<p>&nbsp;<\/p>\n<blockquote>\n<h3>RICLASSIFICAZIONE DELLE STRADE: IL CONSIGLIO PROVINCIALE APPROVA LO SCHEMA DI CONVENZIONE REGIONE &#8211; ANAS<\/h3>\n<\/blockquote>\n<p><strong><a class=\"dt-pswp-item\" href=\"https:\/\/www.radiopiu.net\/wordpress\/wp-content\/uploads\/2023\/03\/e048e44f-5b1f-4ed6-b9a9-0a1a9c7d6f89.jpg\" data-dt-img-description=\"\" data-large_image_width=\"2048\" data-large_image_height=\"1536\"><img loading=\"lazy\" decoding=\"async\" class=\" wp-image-325818 alignleft\" src=\"https:\/\/www.radiopiu.net\/wordpress\/wp-content\/uploads\/2023\/03\/e048e44f-5b1f-4ed6-b9a9-0a1a9c7d6f89-300x225.jpg\" alt=\"\" width=\"169\" height=\"127\" srcset=\"https:\/\/www.radiopiu.net\/wordpress\/wp-content\/uploads\/2023\/03\/e048e44f-5b1f-4ed6-b9a9-0a1a9c7d6f89-300x225.jpg 300w, https:\/\/www.radiopiu.net\/wordpress\/wp-content\/uploads\/2023\/03\/e048e44f-5b1f-4ed6-b9a9-0a1a9c7d6f89-1024x768.jpg 1024w, https:\/\/www.radiopiu.net\/wordpress\/wp-content\/uploads\/2023\/03\/e048e44f-5b1f-4ed6-b9a9-0a1a9c7d6f89-768x576.jpg 768w, https:\/\/www.radiopiu.net\/wordpress\/wp-content\/uploads\/2023\/03\/e048e44f-5b1f-4ed6-b9a9-0a1a9c7d6f89-1536x1152.jpg 1536w, https:\/\/www.radiopiu.net\/wordpress\/wp-content\/uploads\/2023\/03\/e048e44f-5b1f-4ed6-b9a9-0a1a9c7d6f89.jpg 2048w\" sizes=\"auto, (max-width: 169px) 100vw, 169px\" \/><\/a>BELLUNO<\/strong> Il consiglio provinciale comincia a mettere ordine sulla questione strade, dopo la riclassificazione. Approvata a maggioranza la delibera che approva la convenzione con Regione e Anas e con la quale Palazzo Piloni avanza le sue rivendicazioni.<\/p>\n<p><strong>di Daniele Dalvit<\/strong><\/p>\n<audio class=\"wp-audio-shortcode\" id=\"audio-325711-2\" preload=\"none\" style=\"width: 100%;\" controls=\"controls\"><source type=\"audio\/mpeg\" src=\"https:\/\/www.radiopiu.net\/wordpress\/wp-content\/uploads\/2023\/03\/DALVIT-CONSIGLIO-PROVINCIALE.mp3?_=2\" \/><a href=\"https:\/\/www.radiopiu.net\/wordpress\/wp-content\/uploads\/2023\/03\/DALVIT-CONSIGLIO-PROVINCIALE.mp3\">https:\/\/www.radiopiu.net\/wordpress\/wp-content\/uploads\/2023\/03\/DALVIT-CONSIGLIO-PROVINCIALE.mp3<\/a><\/audio>\n<p>&nbsp;<\/p>\n<p>&nbsp;<\/p>\n<hr \/>\n<p>&nbsp;<\/p>\n<blockquote>\n<h3>FRANCO DE BON: FUORI DAL CONSIGLIO PROVINCIALE<\/h3>\n<\/blockquote>\n<p><strong><a class=\"dt-pswp-item\" href=\"https:\/\/www.radiopiu.net\/wordpress\/wp-content\/uploads\/2022\/09\/Franco-De-Bon-Screenshot-13_edited-1024x537-1-e1678421878198.jpg\" data-dt-img-description=\"\" data-large_image_width=\"1024\" data-large_image_height=\"537\"><img loading=\"lazy\" decoding=\"async\" class=\" wp-image-298093 alignleft\" src=\"https:\/\/www.radiopiu.net\/wordpress\/wp-content\/uploads\/2022\/09\/Franco-De-Bon-Screenshot-13_edited-1024x537-1-e1678421878198-300x157.jpg\" alt=\"\" width=\"271\" height=\"142\" srcset=\"https:\/\/www.radiopiu.net\/wordpress\/wp-content\/uploads\/2022\/09\/Franco-De-Bon-Screenshot-13_edited-1024x537-1-e1678421878198-300x157.jpg 300w, https:\/\/www.radiopiu.net\/wordpress\/wp-content\/uploads\/2022\/09\/Franco-De-Bon-Screenshot-13_edited-1024x537-1-e1678421878198-768x403.jpg 768w, https:\/\/www.radiopiu.net\/wordpress\/wp-content\/uploads\/2022\/09\/Franco-De-Bon-Screenshot-13_edited-1024x537-1-e1678421878198.jpg 1024w\" sizes=\"auto, (max-width: 271px) 100vw, 271px\" \/><\/a>SAN VITO DI CADORE\u00a0<\/strong> Con il commissariamento del Comune, decretato mercoled\u00ec il consigliere Franco De Bon, consigliere di opposizione decade, anche da consigliere in Provincia dove\u00a0 aveva le deleghe a caccia, pesca, minoranze linguistiche e urbanistica.\u00a0 Al suo posto entrer\u00e0 la seconda dei non eletti nella lista &#8220;Provincia Comune &#8211; Belluno 2030&#8221;, Letizia Monestier, consigliera di minoranza in consiglio comunale a Santa Giustina. Un rimpasto sar\u00e0 quindi inevitabile ma \u00e8 tutto da costruire nelle prossime settimane. Per quanto riguarda il referato a caccia e pesca, l&#8217;unico candidato con esperienza nel settore, nel senso che \u00e8 un cacciatore, \u00e8 il consigliere Danilo De Toni che attualmente ha la delega al turismo, un incarico considerato strategico da Padrin.<\/p>\n<p>&nbsp;<\/p>\n<hr \/>\n<p>&nbsp;<\/p>\n<blockquote>\n<h3>ESSILORLUXOTTICA FIRMA L&#8217;ACCORDO A LUNGO TERMINE PER LA FORNITURA DI ENERGIA ELETTRICA DA FONTI RINNOVABILI<\/h3>\n<\/blockquote>\n<div class=\"textLayer\"><span id=\"page3R_mcid0\" class=\"markedContent\"><a class=\"dt-pswp-item\" href=\"https:\/\/www.radiopiu.net\/wordpress\/wp-content\/uploads\/2023\/03\/person-3062271__340.jpg\" data-dt-img-description=\"\" data-large_image_width=\"569\" data-large_image_height=\"340\"><img loading=\"lazy\" decoding=\"async\" class=\"size-medium wp-image-325730 alignleft\" src=\"https:\/\/www.radiopiu.net\/wordpress\/wp-content\/uploads\/2023\/03\/person-3062271__340-300x179.jpg\" alt=\"\" width=\"300\" height=\"179\" srcset=\"https:\/\/www.radiopiu.net\/wordpress\/wp-content\/uploads\/2023\/03\/person-3062271__340-300x179.jpg 300w, https:\/\/www.radiopiu.net\/wordpress\/wp-content\/uploads\/2023\/03\/person-3062271__340.jpg 569w\" sizes=\"auto, (max-width: 300px) 100vw, 300px\" \/><\/a><\/span><strong><span id=\"page3R_mcid1\" class=\"markedContent\"><span dir=\"ltr\" role=\"presentation\">AGORDO <\/span><\/span><\/strong><span id=\"page3R_mcid2\" class=\"markedContent\">\u00a0<span dir=\"ltr\" role=\"presentation\">EssilorLuxottica<\/span><span dir=\"ltr\" role=\"presentation\">\u00a0e ERG,<\/span> <span dir=\"ltr\" role=\"presentation\">primario <\/span><span dir=\"ltr\" role=\"presentation\">produttore indipendente<\/span> <span dir=\"ltr\" role=\"presentation\">in Europa<\/span> <span dir=\"ltr\" role=\"presentation\">di energia da fonti rinnovabili<\/span> <span dir=\"ltr\" role=\"presentation\">attraverso la sua controllata ERG Power <\/span><span dir=\"ltr\" role=\"presentation\">Generation,<\/span> <span dir=\"ltr\" role=\"presentation\">annunciano<\/span> \u00a0<span dir=\"ltr\" role=\"presentation\">la sottoscrizione<\/span> <span dir=\"ltr\" role=\"presentation\">di<\/span> <span dir=\"ltr\" role=\"presentation\">un<\/span> <span dir=\"ltr\" role=\"presentation\">Power Purchase Agreement<\/span> <span dir=\"ltr\" role=\"presentation\">(PPA) della durata di dodici <\/span><span dir=\"ltr\" role=\"presentation\">anni per la fornitura di circa 900 GWh di energia<\/span> <span dir=\"ltr\" role=\"presentation\">pulita<\/span> <span dir=\"ltr\" role=\"presentation\">nel periodo<\/span> <span dir=\"ltr\" role=\"presentation\">2023<\/span><span dir=\"ltr\" role=\"presentation\">&#8211;<\/span> <span dir=\"ltr\" role=\"presentation\">2034. <\/span><\/span><span id=\"page3R_mcid4\" class=\"markedContent\"><span dir=\"ltr\" role=\"presentation\">L&#8217;accordo<\/span> <span dir=\"ltr\" role=\"presentation\">prevede la vendit<\/span><span dir=\"ltr\" role=\"presentation\">a da parte di ERG di circa il 75% dell\u2019<\/span><span dir=\"ltr\" role=\"presentation\">energia prodotta<\/span> <span dir=\"ltr\" role=\"presentation\">ne<\/span><span dir=\"ltr\" role=\"presentation\">l parco eolico di Partinico<\/span><span dir=\"ltr\" role=\"presentation\">&#8211; <\/span><span dir=\"ltr\" role=\"presentation\">Monreale<\/span><span dir=\"ltr\" role=\"presentation\">, vicino Palermo,<\/span> <span dir=\"ltr\" role=\"presentation\">il primo nel portafoglio del<\/span> <span dir=\"ltr\" role=\"presentation\">g<\/span><span dir=\"ltr\" role=\"presentation\">ruppo a<\/span> <span dir=\"ltr\" role=\"presentation\">portare a termine<\/span> <span dir=\"ltr\" role=\"presentation\">le<\/span> <span dir=\"ltr\" role=\"presentation\">operazioni<\/span> <span dir=\"ltr\" role=\"presentation\">di Repowering<\/span><span dir=\"ltr\" role=\"presentation\">. <\/span><\/span><span id=\"page3R_mcid6\" class=\"markedContent\"><span dir=\"ltr\" role=\"presentation\">Per EssilorLuxottica<\/span> <span dir=\"ltr\" role=\"presentation\">l\u2019<\/span><span dir=\"ltr\" role=\"presentation\">accordo segna un importante passo a<\/span><span dir=\"ltr\" role=\"presentation\">vanti verso l\u2019obiettivo di<\/span> <span dir=\"ltr\" role=\"presentation\">raggiungere la<\/span> <span dir=\"ltr\" role=\"presentation\">carbon <\/span><span dir=\"ltr\" role=\"presentation\">neutral<\/span><span dir=\"ltr\" role=\"presentation\">ity<\/span> <span dir=\"ltr\" role=\"presentation\">del<\/span><span dir=\"ltr\" role=\"presentation\">le sue attivit\u00e0<\/span> <span dir=\"ltr\" role=\"presentation\">aziendali<\/span> <span dir=\"ltr\" role=\"presentation\">(<\/span><span dir=\"ltr\" role=\"presentation\">emissioni<\/span> <span dir=\"ltr\" role=\"presentation\">Scope 1 e 2)<\/span> <span dir=\"ltr\" role=\"presentation\">nel<\/span> <span dir=\"ltr\" role=\"presentation\">2025<\/span><span dir=\"ltr\" role=\"presentation\">, a partire dall\u2019Europa entro fine anno<\/span><span dir=\"ltr\" role=\"presentation\">, <\/span><span dir=\"ltr\" role=\"presentation\">come<\/span> <span dir=\"ltr\" role=\"presentation\">previsto<\/span> <span dir=\"ltr\" role=\"presentation\">nel suo programma<\/span> <span dir=\"ltr\" role=\"presentation\">di<\/span> <span dir=\"ltr\" role=\"presentation\">sostenibilit\u00e0<\/span> <span dir=\"ltr\" role=\"presentation\">&#8220;<\/span><\/span><span id=\"page3R_mcid7\" class=\"markedContent\"><span dir=\"ltr\" role=\"presentation\">Eyes on the Planet<\/span><\/span><span id=\"page3R_mcid8\" class=\"markedContent\"><span dir=\"ltr\" role=\"presentation\">&#8220;.<\/span><\/span><\/div>\n<blockquote>\n<div class=\"textLayer\"><span id=\"page3R_mcid10\" class=\"markedContent\"><br role=\"presentation\" \/><em><span dir=\"ltr\" role=\"presentation\">Francesco<\/span> <span dir=\"ltr\" role=\"presentation\">Milleri,<\/span> <span dir=\"ltr\" role=\"presentation\">Presidente<\/span> <span dir=\"ltr\" role=\"presentation\">e<\/span> <span dir=\"ltr\" role=\"presentation\">Amministratore<\/span> <span dir=\"ltr\" role=\"presentation\">Delegato<\/span> <span dir=\"ltr\" role=\"presentation\">di<\/span> <span dir=\"ltr\" role=\"presentation\">EssilorLuxottica<\/span> <span dir=\"ltr\" role=\"presentation\">ha<\/span> <span dir=\"ltr\" role=\"presentation\">detto:<\/span> <span dir=\"ltr\" role=\"presentation\">\u201c<\/span><span dir=\"ltr\" role=\"presentation\">In<\/span><\/em><br role=\"presentation\" \/><em><span dir=\"ltr\" role=\"presentation\">EssilorLuxottica<\/span> <span dir=\"ltr\" role=\"presentation\">immaginiamo<\/span> <span dir=\"ltr\" role=\"presentation\">un<\/span> <span dir=\"ltr\" role=\"presentation\">futuro<\/span> <span dir=\"ltr\" role=\"presentation\">migliore,<\/span> <span dir=\"ltr\" role=\"presentation\">pi\u00f9<\/span> <span dir=\"ltr\" role=\"presentation\">sostenibile<\/span> <span dir=\"ltr\" role=\"presentation\">per<\/span> <span dir=\"ltr\" role=\"presentation\">le<\/span> <span dir=\"ltr\" role=\"presentation\">persone<\/span> <span dir=\"ltr\" role=\"presentation\">e<\/span> <span dir=\"ltr\" role=\"presentation\">per<\/span> <span dir=\"ltr\" role=\"presentation\">il<\/span> <span dir=\"ltr\" role=\"presentation\">pianeta.<\/span> <span dir=\"ltr\" role=\"presentation\">La<\/span><\/em><br role=\"presentation\" \/><em><span dir=\"ltr\" role=\"presentation\">collaborazione con ERG conferma il nostro impegno a lungo termine su queste tematiche e per raggiungere<\/span><\/em><em><span dir=\"ltr\" role=\"presentation\">l\u2019obiettivo della carbon neutrality nelle nostre at<\/span><span dir=\"ltr\" role=\"presentation\">tivit\u00e0, riducendo il nostro impatto ambientale. Con<\/span> <span dir=\"ltr\" role=\"presentation\">il nostro<\/span><\/em><em><span dir=\"ltr\" role=\"presentation\">programma<\/span> <span dir=\"ltr\" role=\"presentation\">Eyes on the Planet, contribuiamo all&#8217;agenda globale per contrastare il cambiamento climatico e <\/span><\/em><em><span dir=\"ltr\" role=\"presentation\">proteggere il nostro pianeta per le generazioni a venire\u201d<\/span><\/em><\/span><\/div>\n<\/blockquote>\n<p>&nbsp;<\/p>\n<p>&nbsp;<\/p>\n<hr \/>\n<p>&nbsp;<\/p>\n<blockquote>\n<h3>LE SIGLE SINDACALI PROCLAMANO LO STATO DI AGITAZIONE DEL SETTORE OCCHIALERIA PER IL RINNOVO DEL CONTRATTO NAZIONALE<\/h3>\n<\/blockquote>\n<p><strong><a class=\"dt-pswp-item\" href=\"https:\/\/www.radiopiu.net\/wordpress\/wp-content\/uploads\/2020\/03\/SINDACATI.jpg\" data-dt-img-description=\"\" data-large_image_width=\"2048\" data-large_image_height=\"2048\"><img loading=\"lazy\" decoding=\"async\" class=\" wp-image-121809 alignleft\" src=\"https:\/\/www.radiopiu.net\/wordpress\/wp-content\/uploads\/2020\/03\/SINDACATI-300x300.jpg\" alt=\"\" width=\"152\" height=\"152\" srcset=\"https:\/\/www.radiopiu.net\/wordpress\/wp-content\/uploads\/2020\/03\/SINDACATI-300x300.jpg 300w, https:\/\/www.radiopiu.net\/wordpress\/wp-content\/uploads\/2020\/03\/SINDACATI-1024x1024.jpg 1024w, https:\/\/www.radiopiu.net\/wordpress\/wp-content\/uploads\/2020\/03\/SINDACATI-150x150.jpg 150w, https:\/\/www.radiopiu.net\/wordpress\/wp-content\/uploads\/2020\/03\/SINDACATI-768x768.jpg 768w, https:\/\/www.radiopiu.net\/wordpress\/wp-content\/uploads\/2020\/03\/SINDACATI-1536x1536.jpg 1536w, https:\/\/www.radiopiu.net\/wordpress\/wp-content\/uploads\/2020\/03\/SINDACATI.jpg 2048w\" sizes=\"auto, (max-width: 152px) 100vw, 152px\" \/><\/a>ROMA<\/strong> A seguito dell&#8217;incontro tenutosi a Belluno nella sede di Confindustria per procedere nella trattativa per il rinnovo del CCNL scaduto il 31\/12\/2022, le sigle sindacali hanno deciso unanimemente la proclamazione dello stato di agitazione del settore occhialeria. Con conseguente: blocco di tutti gli orari di lavoro straordinario, blocco di tutte le forme di flessibilita&#8217; oraria, blocco di tutti i tavoli di trattativa aziendali. \u201cLa decisione si \u00e8 resa necessaria a fronte dell&#8217;atteggiamento assunto dalla parte datoriale al tavolo della trattativa che, rispetto alle richieste contenute nella nostra piattaforma, ha dato tutte risposte negative fatta eccezione per alcune aperture in tema di inquadramento dei lavoratori, welfare, lavoro a tempo parziale e sul tema della formazione \u2013 si legge nel comunicato &#8211; La controparte, inoltre, si \u00e8 rifiutata di affrontare la parte economica del rinnovo del CCNL, rifiutando a prescindere l&#8217;aumento dell&#8217;elemento perequativo. Altro tema sul quale si \u00e8 registrata la distanza e lo scontro maggiore \u00e8 quello della gestione degli orari di lavoro sul quale rispetto alle loro richieste. Dichiariamo e diciamo no allo straordinario obbligatorio, no al pagamento delle ore di flessibilita&#8217; non goduta, no al peggioramento della normativa sulla gestione della flessibilita&#8217; tempestiva. I lavoratori e la delegazione trattante rimangono disponibili alla ripresa del tavolo di trattativa, alle condizioni sopra esposte, nella consapevolezza che il settore dell&#8217;occhialeria nel suo complesso ha registrato negli anni 2021, 2022 incrementi di fatturato superiori al 24% che lo collocano tra i settori pi\u00f9 performanti a livello nazionale\u201d.<\/p>\n<p>&nbsp;<\/p>\n<p>&nbsp;<\/p>\n<hr \/>\n<p>&nbsp;<\/p>\n<blockquote>\n<h3>AL VOTO IL RECESSO DEL COMUNE DI COLLE SANTA LUCIA DALLA CASA DI SOGGIORNO DI TAIBON<\/h3>\n<\/blockquote>\n<p><a class=\"dt-pswp-item\" href=\"https:\/\/www.radiopiu.net\/wordpress\/wp-content\/uploads\/2021\/02\/CASA-SOGGIORNO-TAIBON.jpg\" data-dt-img-description=\"SAMSUNG CAMERA PICTURES\" data-large_image_width=\"512\" data-large_image_height=\"324\"><img loading=\"lazy\" decoding=\"async\" class=\"wp-image-190126 alignleft\" src=\"https:\/\/www.radiopiu.net\/wordpress\/wp-content\/uploads\/2021\/02\/CASA-SOGGIORNO-TAIBON-300x190.jpg\" alt=\"\" width=\"174\" height=\"110\" srcset=\"https:\/\/www.radiopiu.net\/wordpress\/wp-content\/uploads\/2021\/02\/CASA-SOGGIORNO-TAIBON-300x190.jpg 300w, https:\/\/www.radiopiu.net\/wordpress\/wp-content\/uploads\/2021\/02\/CASA-SOGGIORNO-TAIBON.jpg 512w\" sizes=\"auto, (max-width: 174px) 100vw, 174px\" \/><\/a><strong>COLLE SANTA LUCIA<\/strong><\/p>\n<p>di Gianni Santomaso<\/p>\n<audio class=\"wp-audio-shortcode\" id=\"audio-325711-3\" preload=\"none\" style=\"width: 100%;\" controls=\"controls\"><source type=\"audio\/mpeg\" src=\"https:\/\/www.radiopiu.net\/wordpress\/wp-content\/uploads\/2023\/03\/GIANNI-AL-VOTO-IL-RECESSO-DEL-COMUNE-DI-COLLE-SANTA-LUCIA-DALLA-CASA-DI-RIPOSO-DI-TAIBON.mp3?_=3\" \/><a href=\"https:\/\/www.radiopiu.net\/wordpress\/wp-content\/uploads\/2023\/03\/GIANNI-AL-VOTO-IL-RECESSO-DEL-COMUNE-DI-COLLE-SANTA-LUCIA-DALLA-CASA-DI-RIPOSO-DI-TAIBON.mp3\">https:\/\/www.radiopiu.net\/wordpress\/wp-content\/uploads\/2023\/03\/GIANNI-AL-VOTO-IL-RECESSO-DEL-COMUNE-DI-COLLE-SANTA-LUCIA-DALLA-CASA-DI-RIPOSO-DI-TAIBON.mp3<\/a><\/audio>\n<p>&nbsp;<\/p>\n<hr \/>\n<p>&nbsp;<\/p>\n<blockquote>\n<h3>LA RISPOSTA DI VALPE ALLA SEGNALAZIONE DA &#8220;DILLO A RADIO PIU&#8221;<\/h3>\n<\/blockquote>\n<p><a class=\"dt-pswp-item\" href=\"https:\/\/www.radiopiu.net\/wordpress\/wp-content\/uploads\/2023\/03\/dbb045fe-b5bb-4dcd-8171-aa5012bc519e-225x300-1.jpg\" data-dt-img-description=\"\" data-large_image_width=\"225\" data-large_image_height=\"300\"><img loading=\"lazy\" decoding=\"async\" class=\"size-full wp-image-325749 alignleft\" src=\"https:\/\/www.radiopiu.net\/wordpress\/wp-content\/uploads\/2023\/03\/dbb045fe-b5bb-4dcd-8171-aa5012bc519e-225x300-1.jpg\" alt=\"\" width=\"225\" height=\"300\" \/><\/a>Riceviamo e\u00a0 volentieri pubblichiamo la risposta di Valpe Ambiente alla segnalazione &#8220;DILLO A RADIO PIU\u2019 sotto riportata.<\/p>\n<p><em>Il dipendente Valpe questa mattina ha pensato bene di lasciare un po\u2019 di confusione in strada&#8221; giunta alla Vostra redazione da un\u2019utenza di Rocca Pietore, segnaliamo che il contenitore \u00e8 stato esposto dall&#8217;utenza in questione con materiale non conforme: la rete agricola per imballare il fieno, infatti, non pu\u00f2 essere gettata nel contenitore blu per la raccolta del vetro plastica lattine. Questo comportamento errato \u00e8 gi\u00e0 stato pi\u00f9 volte segnalato dall&#8217;operatore all&#8217;utente. In occasione della raccolta prevista ieri, il bidone \u00e8 stato esposto apparentemente pieno solo di vetro, plastica e lattine; durante le operazioni di svuotamento, tuttavia, l&#8217;operatore si \u00e8 accorto che, assieme al materiale correttamente conferito, nel contenitore era stata nuovamente gettata anche la rete agricola. Lo svuotamento \u00e8 stato quindi interrotto e il rifiuto non conforme \u00e8 stato lasciato accanto al contenitore, riposto in maniera ordinata, non come appare nella foto pubblicata.<\/em><\/p>\n<p>&nbsp;<\/p>\n<p><strong>DILLO A RADIO PIU\u2019<\/strong>\u2026. il dipendente Valpe ieri mattina ha pensato bene di lasciare un p\u00f2 di<em>\u00a0confusione\u00a0<\/em>in strada <strong>ROCCA PIETORE<\/strong>\u00a0 Riceviamo e pubblichiamo, da Digonera Rocca Pietore. La selezione professionale.<\/p>\n<p>&nbsp;<\/p>\n<p>&nbsp;<\/p>\n<hr \/>\n<p>&nbsp;<\/p>\n<blockquote>\n<h3>DILLO A RADIO PIU&#8217;&#8230; E POI CI SI LAMENTA CHE IL LUPO PASTEGGIA SULLA PORTA DI CASA<\/h3>\n<\/blockquote>\n<p><strong>CANALE D&#8217;AGORDO<\/strong> Sembra impossibile, assurdo, illogico, ma c&#8217;\u00e8 chi insiste ad abbandonare cibo in prossimit\u00e0 dell&#8217;abitato (qui si tratta di un sentiero vicino all&#8217;abitato di Canale d&#8217;Agordo, di collegamento con una frazione e poi si lamenta se il lupo si avvicina alle case.\u00a0 Serviranno\u00a0 telecamere su tutto il territorio per scoraggiare questi comportamenti incivili?<\/p>\n<p><a class=\"dt-pswp-item\" href=\"https:\/\/www.radiopiu.net\/wordpress\/wp-content\/uploads\/2023\/03\/936c90ef-25e3-4c22-ad37-b7793a015116.jpg\" data-dt-img-description=\"\" data-large_image_width=\"1078\" data-large_image_height=\"1440\"><img loading=\"lazy\" decoding=\"async\" class=\"alignnone size-medium wp-image-325734\" src=\"https:\/\/www.radiopiu.net\/wordpress\/wp-content\/uploads\/2023\/03\/936c90ef-25e3-4c22-ad37-b7793a015116-225x300.jpg\" alt=\"\" width=\"225\" height=\"300\" srcset=\"https:\/\/www.radiopiu.net\/wordpress\/wp-content\/uploads\/2023\/03\/936c90ef-25e3-4c22-ad37-b7793a015116-225x300.jpg 225w, https:\/\/www.radiopiu.net\/wordpress\/wp-content\/uploads\/2023\/03\/936c90ef-25e3-4c22-ad37-b7793a015116-767x1024.jpg 767w, https:\/\/www.radiopiu.net\/wordpress\/wp-content\/uploads\/2023\/03\/936c90ef-25e3-4c22-ad37-b7793a015116-768x1026.jpg 768w, https:\/\/www.radiopiu.net\/wordpress\/wp-content\/uploads\/2023\/03\/936c90ef-25e3-4c22-ad37-b7793a015116.jpg 1078w\" sizes=\"auto, (max-width: 225px) 100vw, 225px\" \/><\/a><\/p>\n<p>&nbsp;<\/p>\n<hr \/>\n<p>&nbsp;<\/p>\n<p>&nbsp;<\/p>\n<p><strong><a class=\"dt-pswp-item\" href=\"https:\/\/www.radiopiu.net\/wordpress\/wp-content\/uploads\/2023\/03\/Senza-nome-39.jpg\" data-dt-img-description=\"\" data-large_image_width=\"531\" data-large_image_height=\"253\"><img loading=\"lazy\" decoding=\"async\" class=\" wp-image-325878 alignleft\" src=\"https:\/\/www.radiopiu.net\/wordpress\/wp-content\/uploads\/2023\/03\/Senza-nome-39-300x143.jpg\" alt=\"\" width=\"206\" height=\"98\" srcset=\"https:\/\/www.radiopiu.net\/wordpress\/wp-content\/uploads\/2023\/03\/Senza-nome-39-300x143.jpg 300w, https:\/\/www.radiopiu.net\/wordpress\/wp-content\/uploads\/2023\/03\/Senza-nome-39.jpg 531w\" sizes=\"auto, (max-width: 206px) 100vw, 206px\" \/><\/a>LA CURIOSITA&#8217;<\/strong><\/p>\n<p>Clio Zammatteo, conosciutissima come Clio MakeUp, \u00e8 stata recentemente fotografata durante la kermesse sanremese con un paio di occhiali da sole Blackfin prodotti nello stabilmento di Nogarola (ex Pastalegno) a Taibon Agordino<\/p>\n<p>&nbsp;<\/p>\n<p>&nbsp;<\/p>\n<hr \/>\n<p>&nbsp;<\/p>\n<blockquote>\n<h3>IL SINDACO DI SEREN DEL GRAPPA DICE NO ALLA CENTRALINA IDROELETTRICA SUL TORRENTE STIZZON<\/h3>\n<\/blockquote>\n<p><strong><a class=\"dt-pswp-item\" href=\"https:\/\/www.radiopiu.net\/wordpress\/wp-content\/uploads\/2023\/03\/SCOPEL.png\" data-dt-img-description=\"\" data-large_image_width=\"751\" data-large_image_height=\"460\"><img loading=\"lazy\" decoding=\"async\" class=\" wp-image-325782 alignleft\" src=\"https:\/\/www.radiopiu.net\/wordpress\/wp-content\/uploads\/2023\/03\/SCOPEL-300x184.png\" alt=\"\" width=\"197\" height=\"121\" srcset=\"https:\/\/www.radiopiu.net\/wordpress\/wp-content\/uploads\/2023\/03\/SCOPEL-300x184.png 300w, https:\/\/www.radiopiu.net\/wordpress\/wp-content\/uploads\/2023\/03\/SCOPEL.png 751w\" sizes=\"auto, (max-width: 197px) 100vw, 197px\" \/><\/a>SEREN DEL GRAPPA<\/strong> Il sindaco di Seren Del Grappa Dario Scopel ribadisce il suo no alla centralina idroelettrica sul torrente Stizzon. Un \u201cno\u201d che non nasce da posizioni ideologiche o per \u201cpartito preso\u201d, ma per il contesto e la posizione in cui questa centralina dovrebbe nascere. L\u2019acqua costituisce per le nostre comunit\u00e0 locali un bene primario e irrinunciabile, forse il principale e ce ne stiamo rendendo conto molto bene, purtroppo, in questi ultimi anni sempre pi\u00f9 siccitosi.<\/p>\n<p><strong>IL SINDACO DI SEREN DEL GRAPPA DARIO SCOPEL<\/strong><\/p>\n<audio class=\"wp-audio-shortcode\" id=\"audio-325711-4\" preload=\"none\" style=\"width: 100%;\" controls=\"controls\"><source type=\"audio\/mpeg\" src=\"https:\/\/www.radiopiu.net\/wordpress\/wp-content\/uploads\/2023\/03\/SCOPEL.mp3?_=4\" \/><a href=\"https:\/\/www.radiopiu.net\/wordpress\/wp-content\/uploads\/2023\/03\/SCOPEL.mp3\">https:\/\/www.radiopiu.net\/wordpress\/wp-content\/uploads\/2023\/03\/SCOPEL.mp3<\/a><\/audio>\n<p>&nbsp;<\/p>\n<hr \/>\n<p>&nbsp;<\/p>\n<blockquote>\n<h3>IL PRESIDENTE ZAIA HA FIRMATO L\u2019ACCORDO \u201cRETE ITALIANA DEI SERVIZI GEOLOGICI<\/h3>\n<\/blockquote>\n<p><strong><a class=\"dt-pswp-item\" href=\"https:\/\/www.radiopiu.net\/wordpress\/wp-content\/uploads\/2020\/04\/LUCA-ZAIA-AAA.png\" data-dt-img-description=\"\" data-large_image_width=\"1122\" data-large_image_height=\"1122\"><img loading=\"lazy\" decoding=\"async\" class=\" wp-image-127914 alignleft\" src=\"https:\/\/www.radiopiu.net\/wordpress\/wp-content\/uploads\/2020\/04\/LUCA-ZAIA-AAA-300x300.png\" alt=\"\" width=\"125\" height=\"125\" srcset=\"https:\/\/www.radiopiu.net\/wordpress\/wp-content\/uploads\/2020\/04\/LUCA-ZAIA-AAA-300x300.png 300w, https:\/\/www.radiopiu.net\/wordpress\/wp-content\/uploads\/2020\/04\/LUCA-ZAIA-AAA-1024x1024.png 1024w, https:\/\/www.radiopiu.net\/wordpress\/wp-content\/uploads\/2020\/04\/LUCA-ZAIA-AAA-150x150.png 150w, https:\/\/www.radiopiu.net\/wordpress\/wp-content\/uploads\/2020\/04\/LUCA-ZAIA-AAA-768x768.png 768w, https:\/\/www.radiopiu.net\/wordpress\/wp-content\/uploads\/2020\/04\/LUCA-ZAIA-AAA.png 1122w\" sizes=\"auto, (max-width: 125px) 100vw, 125px\" \/><\/a>VENEZIA <\/strong>La Regione del Veneto ha sottoscritto l\u2019accordo quadro \u201cRete Italiana dei Servizi Geologici (RISG)\u201d con ISPRA (Istituto Superiore per la Protezione e la Ricerca Ambientale) con lo scopo di realizzare una sinergia tra le parti coinvolte per operare in campo geologico su tutto il territorio italiano, condividendo risorse umane e strumentali. La sinergia tra le parti punter\u00e0 sulla realizzazione delle attivit\u00e0 strategiche e operative su tutte le discipline geologiche, di cui sono competenti i membri della RISG a livello nazionale (ISPRA) e regionale (Regioni, Province Autonome, ARPA e ASSET); sull\u2019estensione a livello nazionale delle buone pratiche promosse dai singoli soggetti firmatari dell\u2019accordo, in un\u2019ottica di ottimizzazione e razionalizzazione delle risorse; sulla promozione del coordinamento dei soggetti e sull\u2019armonizzazione delle competenze che si occupano di geologia a livello regionale. L\u2019accordo serve a individuare i compiti e le attivit\u00e0 di ciascuna parte interessata, quali, ad esempio, la raccolta, condivisione ed armonizzazione dei dati; la definizione di protocolli e di linee guida; l\u2019attivit\u00e0 di monitoraggio; lo sviluppo di sistemi di elaborazione e applicativi; il trasferimento di best practice e conoscenze; le attivit\u00e0 ausiliarie o di supporto, od altre attivit\u00e0 utili al raggiungimento degli obiettivi specifici dell\u2019accordo, ecc.<\/p>\n<p>&nbsp;<\/p>\n<p>&nbsp;<\/p>\n<hr \/>\n<p>&nbsp;<\/p>\n<p><strong>di Tiziano De Col<\/strong><\/p>\n\n\t\t\t<style type='text\/css'>\n\t\t\t\t#gallery-2 {\n\t\t\t\t\tmargin: auto;\n\t\t\t\t}\n\t\t\t\t#gallery-2 .gallery-item {\n\t\t\t\t\tfloat: left;\n\t\t\t\t\tmargin-top: 10px;\n\t\t\t\t\ttext-align: center;\n\t\t\t\t\twidth: 20%;\n\t\t\t\t}\n\t\t\t\t#gallery-2 img {\n\t\t\t\t\tborder: 2px solid #cfcfcf;\n\t\t\t\t}\n\t\t\t\t#gallery-2 .gallery-caption {\n\t\t\t\t\tmargin-left: 0;\n\t\t\t\t}\n\t\t\t\t\/* see gallery_shortcode() in wp-includes\/media.php *\/\n\t\t\t<\/style>\n\t\t<div id='gallery-2' class='dt-gallery-container gallery galleryid-325711 gallery-columns-5 gallery-size-thumbnail'><dl class='gallery-item'>\n\t\t\t\t<dt class='gallery-icon landscape'>\n\t\t\t\t\t<a class=\"rollover\" href='https:\/\/www.radiopiu.net\/wordpress\/giornale-radiopiu-10-marzo-2023-direttore-mirko-mezzacasa-verso-i-40-anni-25-giugno-1983-25-giugno-2023\/c55ed17e-2883-4c60-ac22-fcc013b0f3bb\/'><img loading=\"lazy\" decoding=\"async\" width=\"150\" height=\"150\" src=\"https:\/\/www.radiopiu.net\/wordpress\/wp-content\/uploads\/2023\/03\/c55ed17e-2883-4c60-ac22-fcc013b0f3bb-150x150.jpg\" class=\"attachment-thumbnail size-thumbnail\" alt=\"\" \/><\/a>\n\t\t\t\t<\/dt><\/dl><dl class='gallery-item'>\n\t\t\t\t<dt class='gallery-icon landscape'>\n\t\t\t\t\t<a class=\"rollover\" href='https:\/\/www.radiopiu.net\/wordpress\/giornale-radiopiu-10-marzo-2023-direttore-mirko-mezzacasa-verso-i-40-anni-25-giugno-1983-25-giugno-2023\/3d95e618-28e0-46a1-8c41-2a30680d69ce\/'><img loading=\"lazy\" decoding=\"async\" width=\"150\" height=\"150\" src=\"https:\/\/www.radiopiu.net\/wordpress\/wp-content\/uploads\/2023\/03\/3d95e618-28e0-46a1-8c41-2a30680d69ce-150x150.jpg\" class=\"attachment-thumbnail size-thumbnail\" alt=\"\" \/><\/a>\n\t\t\t\t<\/dt><\/dl><dl class='gallery-item'>\n\t\t\t\t<dt class='gallery-icon landscape'>\n\t\t\t\t\t<a class=\"rollover\" href='https:\/\/www.radiopiu.net\/wordpress\/giornale-radiopiu-10-marzo-2023-direttore-mirko-mezzacasa-verso-i-40-anni-25-giugno-1983-25-giugno-2023\/b87ccf9a-9651-41c4-b385-8d0ce345ea83\/'><img loading=\"lazy\" decoding=\"async\" width=\"150\" height=\"150\" src=\"https:\/\/www.radiopiu.net\/wordpress\/wp-content\/uploads\/2023\/03\/b87ccf9a-9651-41c4-b385-8d0ce345ea83-150x150.jpg\" class=\"attachment-thumbnail size-thumbnail\" alt=\"\" \/><\/a>\n\t\t\t\t<\/dt><\/dl><dl class='gallery-item'>\n\t\t\t\t<dt class='gallery-icon landscape'>\n\t\t\t\t\t<a class=\"rollover\" href='https:\/\/www.radiopiu.net\/wordpress\/giornale-radiopiu-10-marzo-2023-direttore-mirko-mezzacasa-verso-i-40-anni-25-giugno-1983-25-giugno-2023\/79f359ce-112a-4d2f-bad7-6b861d6535d0\/'><img loading=\"lazy\" decoding=\"async\" width=\"150\" height=\"150\" src=\"https:\/\/www.radiopiu.net\/wordpress\/wp-content\/uploads\/2023\/03\/79f359ce-112a-4d2f-bad7-6b861d6535d0-150x150.jpg\" class=\"attachment-thumbnail size-thumbnail\" alt=\"\" \/><\/a>\n\t\t\t\t<\/dt><\/dl><dl class='gallery-item'>\n\t\t\t\t<dt class='gallery-icon landscape'>\n\t\t\t\t\t<a class=\"rollover\" href='https:\/\/www.radiopiu.net\/wordpress\/giornale-radiopiu-10-marzo-2023-direttore-mirko-mezzacasa-verso-i-40-anni-25-giugno-1983-25-giugno-2023\/a6a46ce8-9da0-477d-bf7f-90d797fc025a\/'><img loading=\"lazy\" decoding=\"async\" width=\"150\" height=\"150\" src=\"https:\/\/www.radiopiu.net\/wordpress\/wp-content\/uploads\/2023\/03\/a6a46ce8-9da0-477d-bf7f-90d797fc025a-150x150.jpg\" class=\"attachment-thumbnail size-thumbnail\" alt=\"\" \/><\/a>\n\t\t\t\t<\/dt><\/dl><br style=\"clear: both\" \/>\n\t\t\t<\/div>\n\n<p>&nbsp;<\/p>\n<hr \/>\n<p>&nbsp;<\/p>\n<blockquote>\n<h3>IERI LA GIORNATA MONDIALE DEL RENE<\/h3>\n<\/blockquote>\n<p><strong><a class=\"dt-pswp-item\" href=\"https:\/\/www.radiopiu.net\/wordpress\/wp-content\/uploads\/2021\/03\/ULSS-1.jpg\" data-dt-img-description=\"\" data-large_image_width=\"776\" data-large_image_height=\"408\"><img loading=\"lazy\" decoding=\"async\" class=\" wp-image-198838 alignleft\" src=\"https:\/\/www.radiopiu.net\/wordpress\/wp-content\/uploads\/2021\/03\/ULSS-1-300x158.jpg\" alt=\"\" width=\"190\" height=\"100\" srcset=\"https:\/\/www.radiopiu.net\/wordpress\/wp-content\/uploads\/2021\/03\/ULSS-1-300x158.jpg 300w, https:\/\/www.radiopiu.net\/wordpress\/wp-content\/uploads\/2021\/03\/ULSS-1-768x404.jpg 768w, https:\/\/www.radiopiu.net\/wordpress\/wp-content\/uploads\/2021\/03\/ULSS-1.jpg 776w\" sizes=\"auto, (max-width: 190px) 100vw, 190px\" \/><\/a>BELLUNO<\/strong> Ieri \u00e8 stata la giornata mondiale del rene con una campagna di sensibilizzazione volta ad aumentare la consapevolezza dell\u2019importanza dei nostri reni, dei fattori di rischio e di come affrontare una malattia renale. La malattia renale cronica \u00e8 largamente diffusa ed \u00e8 in costante aumento. Nelle sue forme iniziali e talvolta anche avanzate, non si manifesta con segni evidenti e per questo spesso viene riconosciuta molto tardi. In Italia la prevalenza di malattia renale cronica \u00e8 circa del 7% (lievemente pi\u00f9 alta nei maschi rispetto alle femmine) e la nefropatia diabetica insieme all\u2019ipertensione sono le due cause pi\u00f9 frequenti di danno renale che possono portare fino alla dialisi. In provincia di Belluno sono circa 14.000 le persone affette da una malattia renale cronica. Le persone con malattia renale cronica presentano, inoltre, un rischio nettamente pi\u00f9 alto di mortalit\u00e0 cardiovascolare, fino a 20 volte maggiore rispetto alla popolazione generale. E\u2019 importante quindi sensibilizzare le persone sull\u2019importanza di mantenere in salute i nostri reni. Quali consigli pratici possiamo dare per aiutare a mantenere in salute i nostri reni? Sono indicazioni molto semplici che possiamo riassumere in <em>8 regole d&#8217;Oro: <\/em>Mantieniti in forma e attivo, Controlla il livello di zucchero nel sangue, Controlla la pressione sanguigna, Segui una dieta sana ed equilibrata, Mantieni un corretto e regolare apporto di liquidi, Non fumare, Non assumere farmaci se non su indicazione del medico, Mantieni sempre sotto controllo la funzione renale se hai uno o pi\u00f9 dei fattori di rischio.<\/p>\n<p>&nbsp;<\/p>\n<p>&nbsp;<\/p>\n<hr \/>\n<p>&nbsp;<\/p>\n<blockquote>\n<h3>OPERE E INVESTIMENTI DEL PNRR, UNCEM: IMPOSSIBILE PER I COMUNI ANTICIPARE LE SOMME, SPENDERE, PAGARE LE IMPRESE, RENDICONTARE E ASPETTARE GLI ACCREDITI DEL MEF<\/h3>\n<\/blockquote>\n<p><strong><a class=\"dt-pswp-item\" href=\"https:\/\/www.radiopiu.net\/wordpress\/wp-content\/uploads\/2020\/11\/logoUNCEM_no_scritta-wdtr.jpg\" data-dt-img-description=\"\" data-large_image_width=\"640\" data-large_image_height=\"640\"><img loading=\"lazy\" decoding=\"async\" class=\" wp-image-170846 alignleft\" src=\"https:\/\/www.radiopiu.net\/wordpress\/wp-content\/uploads\/2020\/11\/logoUNCEM_no_scritta-wdtr-300x300.jpg\" alt=\"\" width=\"139\" height=\"139\" srcset=\"https:\/\/www.radiopiu.net\/wordpress\/wp-content\/uploads\/2020\/11\/logoUNCEM_no_scritta-wdtr-300x300.jpg 300w, https:\/\/www.radiopiu.net\/wordpress\/wp-content\/uploads\/2020\/11\/logoUNCEM_no_scritta-wdtr-150x150.jpg 150w, https:\/\/www.radiopiu.net\/wordpress\/wp-content\/uploads\/2020\/11\/logoUNCEM_no_scritta-wdtr.jpg 640w\" sizes=\"auto, (max-width: 139px) 100vw, 139px\" \/><\/a>ROMA<\/strong> &#8220;\u00c8 impossibile per i Comuni montani e per quelli pi\u00f9 piccoli, con meno di 5mila ma anche di 15mila abitanti, anticipare le somme per gli investimenti e le opere del PNRR. Sono stati previsti fondi statali per la progettazione delle opere, e un altro fondo per contrastare l&#8217;aumento dei costi di energia e delle materie prime, ma finora non \u00e8 previsto un fondo rotativo, montato ad esempio da Cassa Depositi e Prestiti, per consentire ai Comuni di spendere, pagare le ditte che lavorano, rendicontare e poi serenamente aspettare gli accrediti da parte del Ministero. Oggi i Comuni, a ogni stato di avanzamento di opere PNRR, devono tirare fuori soldi della loro cassa, che molto spesso non hanno. E cos\u00ec tutto si blocca, per problemi contabili e finanziari. Un fondo rotativo da 500milioni di euro consentirebbe di ovviare al problema, che di fatto inceppa il PNRR&#8221;. Lo afferma Marco Bussone, Presidente nazionale Uncem, a margine dell&#8217;audizione in Senato sul PNRR.<\/p>\n<p>&nbsp;<\/p>\n<p>&nbsp;<\/p>\n<hr \/>\n<p>&nbsp;<\/p>\n<blockquote>\n<h3>LA STORIA DEL PIERETO DA OLTACH. DOMENICA LA FESTA<\/h3>\n<p><em>Come ebbe a scrivere Luigi RIvis, festeggiato a fine 2022 per i suoi 90 anni in municipio in un suo libro dedicato alla chiesetta di Digoman &#8220;PRIMA CHE I RICORDI IMPALLIDISCANO&#8221; ecco, il compito di tutti \u00e8 il preservare la memoria storica e la fortuna di avere ancora persone come Piereto,testimoni di tanti accadimenti \u00e8 una fortuna.<\/em><\/p><\/blockquote>\n<p><strong><a class=\"dt-pswp-item\" href=\"https:\/\/www.radiopiu.net\/wordpress\/wp-content\/uploads\/2023\/03\/1678174951666.jpg\" data-dt-img-description=\"\" data-large_image_width=\"1200\" data-large_image_height=\"1320\"><img loading=\"lazy\" decoding=\"async\" class=\"size-medium wp-image-325755 alignleft\" src=\"https:\/\/www.radiopiu.net\/wordpress\/wp-content\/uploads\/2023\/03\/1678174951666-273x300.jpg\" alt=\"\" width=\"273\" height=\"300\" srcset=\"https:\/\/www.radiopiu.net\/wordpress\/wp-content\/uploads\/2023\/03\/1678174951666-273x300.jpg 273w, https:\/\/www.radiopiu.net\/wordpress\/wp-content\/uploads\/2023\/03\/1678174951666-931x1024.jpg 931w, https:\/\/www.radiopiu.net\/wordpress\/wp-content\/uploads\/2023\/03\/1678174951666-768x845.jpg 768w, https:\/\/www.radiopiu.net\/wordpress\/wp-content\/uploads\/2023\/03\/1678174951666.jpg 1200w\" sizes=\"auto, (max-width: 273px) 100vw, 273px\" \/><\/a>VOLTAGO<\/strong> Il 5 Marzo 2023 presso la sala polivalente &#8220;Gianni de Col&#8221; a Voltago Agordino con una festa organizzata dal nipote Gino, la ,moglie Claudia con la figlia Yvette si sono festeggiate le 100 primavere di Pietro Pollazzon &#8220;Piereto&#8221; nato il 5 Marzo 1923. Presente per la diretta Marco Gaz di RadioPi\u00f9 &#8211; Emittente Agordina. Presenti in sala tanti amici di Piereto, i familiari,Il Sindaco Giuseppe Schena ed i Consiglieri Michela Da Ronch ed Andrea Bressan. E&#8217; il secondo centenario festeggiato dall&#8217; amministrazione Schena, Prima di Pietro Pollazon, si era infatti tenuta una festa,purtroppo a regimi ridotti tra brevi visite,mascherine ecc causa pandemia, di Romolo Isidoro De Marco &#8220;Lolo&#8221; nato a Frassen\u00e8 il 24\/12\/1921, festeggiato dai famigliari e dagli amici &#8220;a distanza&#8221; il 24\/12\/2021 e mancato nei mesi successivi.<\/p>\n<p><strong>LA STORIA, A CURA DEL CONSIGLIERE ANDREA BRESSAN\u00a0<\/strong> Nel 1933 Piereto, emigr\u00f2 con il padre ed il fratello per lavoro, destinazione Umbria per svolgere il lavoro del seggiolaio, caregheta, come si dice. Prima a Narni e Poi a Terni, il viaggio di ritorno \u00e8 stato fatto in bicicletta,acquistata con i proventi del lavoro svolto. Nel 1944, la seconda guerra mondiale lasci\u00f2 indelebili segni anche a Voltago, durante l&#8217; occupazione nazista venne dato alle fiamme il Municipio e furono trucidati Loris Scussel e Giusto Pollazzon. Pietro Pollazzon venne portato come prigioniero a Belluno,ma fortunatamente solo per pochi giorni. Dopo la prigionia trov\u00f2 lavoro a Castellavazzo come operaio addetto alla pulizia delle strade e boscaiolo. Il lavoro di boscaiolo lo port\u00f2 per diversi anni in Piemonte, con altri emigranti agordini. Successivamente svolse la medesima attivit\u00e0 tra le sue amate montagne agordine. Grandissimo appassionato di Pesca, sicuramente sul torrente Sarzana a Voltago ci sono ancora &#8220;le sue impronte&#8221; avendo bazzicato fino ai 95 anni quei luoghi con amo ed esca. Divertente quando gli viene chiesto: &#8220;Piereto, come va la pesca?&#8221; e la risposta &#8220;eh, oramai ho appeso la canna al chiodo!&#8221;<\/p>\n<p>&nbsp;<\/p>\n<p>&nbsp;<\/p>\n<hr \/>\n<p>&nbsp;<\/p>\n<blockquote>\n<h3>OLTRE 200 VISITATORI ALLA MOSTRA &#8220;PATRIOTE D&#8217;ITALIA&#8221;<\/h3>\n<\/blockquote>\n<p><strong><a class=\"dt-pswp-item\" href=\"https:\/\/www.radiopiu.net\/wordpress\/wp-content\/uploads\/2023\/03\/90967236-683c-4624-8bbc-92c0f41bc853-1.jpg\" data-dt-img-description=\"\" data-large_image_width=\"1024\" data-large_image_height=\"768\"><img loading=\"lazy\" decoding=\"async\" class=\" wp-image-325777 alignleft\" src=\"https:\/\/www.radiopiu.net\/wordpress\/wp-content\/uploads\/2023\/03\/90967236-683c-4624-8bbc-92c0f41bc853-1-300x225.jpg\" alt=\"\" width=\"153\" height=\"115\" srcset=\"https:\/\/www.radiopiu.net\/wordpress\/wp-content\/uploads\/2023\/03\/90967236-683c-4624-8bbc-92c0f41bc853-1-300x225.jpg 300w, https:\/\/www.radiopiu.net\/wordpress\/wp-content\/uploads\/2023\/03\/90967236-683c-4624-8bbc-92c0f41bc853-1-768x576.jpg 768w, https:\/\/www.radiopiu.net\/wordpress\/wp-content\/uploads\/2023\/03\/90967236-683c-4624-8bbc-92c0f41bc853-1.jpg 1024w\" sizes=\"auto, (max-width: 153px) 100vw, 153px\" \/><\/a>BELLUNO\u00a0<\/strong>Ha chiuso ieri sera i battenti la mostra Patriote d&#8217;Italia, organizzata nella sala Luciani del Centro Giovanni XXIII da Fratelli d&#8217;Italia Belluno Dolomiti. Oltre 200 i visitatori nei quattro giorni d&#8217;apertura.<\/p>\n<p><strong>di Daniele Dalvit<\/strong><\/p>\n<audio class=\"wp-audio-shortcode\" id=\"audio-325711-5\" preload=\"none\" style=\"width: 100%;\" controls=\"controls\"><source type=\"audio\/mpeg\" src=\"https:\/\/www.radiopiu.net\/wordpress\/wp-content\/uploads\/2023\/03\/DALVIT-PATRIOTE-DITALIA.mp3?_=5\" \/><a href=\"https:\/\/www.radiopiu.net\/wordpress\/wp-content\/uploads\/2023\/03\/DALVIT-PATRIOTE-DITALIA.mp3\">https:\/\/www.radiopiu.net\/wordpress\/wp-content\/uploads\/2023\/03\/DALVIT-PATRIOTE-DITALIA.mp3<\/a><\/audio>\n<p>&nbsp;<\/p>\n<hr \/>\n<p>&nbsp;<\/p>\n<blockquote>\n<h3>NO ALLA PLURICLASSE ALLA PRIMARIA DI COL DI CUGNAN<\/h3>\n<\/blockquote>\n<p><a class=\"dt-pswp-item\" href=\"https:\/\/www.radiopiu.net\/wordpress\/wp-content\/uploads\/2022\/03\/natale-scuola-300x200-1.jpg\" data-dt-img-description=\"Little girl drawing and coloring\u00a0\" data-large_image_width=\"300\" data-large_image_height=\"200\"><img loading=\"lazy\" decoding=\"async\" class=\"alignleft wp-image-263404\" src=\"https:\/\/www.radiopiu.net\/wordpress\/wp-content\/uploads\/2022\/03\/natale-scuola-300x200-1.jpg\" alt=\"\" width=\"158\" height=\"105\" \/><\/a><\/p>\n<p><strong>PONTE NELLE ALPI <\/strong><strong>\u201c<\/strong>Pi\u00f9 investimenti e proposte progettuali accattivanti per la scuola primaria di Col di Cugnan: no alla pluriclasse\u201d.\u00a0 Sono le parole dei consiglieri della Lega di Ponte nelle Alpi Paolo De Vettor e Angelo Levis, in merito all\u2019ipotesi, ormai una certezza, dell\u2019assenza di numeri sufficienti a formare una classe prima per l\u2019anno scolastico 2023\/2024. La conseguenza sar\u00e0 la necessit\u00e0 di accorpare i bambini in una pluriclasse.<\/p>\n<p><strong>ANGELO LEVIS<\/strong><\/p>\n<audio class=\"wp-audio-shortcode\" id=\"audio-325711-6\" preload=\"none\" style=\"width: 100%;\" controls=\"controls\"><source type=\"audio\/mpeg\" src=\"https:\/\/www.radiopiu.net\/wordpress\/wp-content\/uploads\/2023\/03\/Levis_Scuola-Col-di-Cugnan.mp3?_=6\" \/><a href=\"https:\/\/www.radiopiu.net\/wordpress\/wp-content\/uploads\/2023\/03\/Levis_Scuola-Col-di-Cugnan.mp3\">https:\/\/www.radiopiu.net\/wordpress\/wp-content\/uploads\/2023\/03\/Levis_Scuola-Col-di-Cugnan.mp3<\/a><\/audio>\n<p>&nbsp;<\/p>\n<hr \/>\n<p>&nbsp;<\/p>\n<blockquote>\n<h3>SONO 9 I PUNTI NEL CONSIGLIO COMUNALE DI SAN TOMASO<\/h3>\n<\/blockquote>\n<p><strong>SAN TOMASO<\/strong> Il sindaco di San Tomaso Moreno De Val ha convocato il consiglio comunale per oggi alle 19 nella sala consigliare del Municipio. I consiglieri sono chiamati a trattare 9 punti all&#8217;ordine del giorno. Si parler\u00e0 della convenzione con l&#8217;Unione Montana Agordina per il comitato delle pari opportunit\u00e0, delle modifiche allo statuto di Asca, l&#8217;approvazione del regolamento comunale per le attivit\u00e0 di acconciatore &#8211; estetista, tatuaggi e piercing, la verifica delle aree fabbricabili, imposta IMU, l&#8217;approvazione del DUP e del regolamento comunale per l&#8217;uso dell&#8217;Arena 1082.<\/p>\n<p>&nbsp;<\/p>\n<p>&nbsp;<\/p>\n<hr \/>\n<p>&nbsp;<\/p>\n<blockquote>\n<h3>A COLLE SANTA LUCIA IL CONSIGLIO COMUNALE<\/h3>\n<\/blockquote>\n<p><strong>COLLE SANTA LUCIA<\/strong> \u00c8 in programma per domani alle 7 il consiglio comunale di Colle Santa Lucia. Il sindaco Paolo Frena ha chiamato a rapporto i consiglieri comunali per trattare 13 punti tra cui la relazione dell&#8217;Istitut Cultural Ladin Cesa de Jan, Euregio, Associazione Turistica e Gruppo Miniere. La convenzione con l&#8217;Unione Montana Agordina per il comitato delle pari opportunit\u00e0, una variazione a bilancio, approvazione e bilancio di ASCA, il regolamento comunale di polizia mortuaria e cimiteriale e il recesso da socio della casa di riposo di Taibon del comune di Colle Santa Lucia<\/p>\n<p>&nbsp;<\/p>\n<p>&nbsp;<\/p>\n<hr \/>\n<p>&nbsp;<\/p>\n<blockquote>\n<h3>CONVOCATO IL CONSIGLIO COMUNALE DI ALLEGHE<\/h3>\n<\/blockquote>\n<p><strong>ALLEGHE<\/strong> Il sindaco di Alleghe Danilo De Toni ha convocato i consiglieri comunali per luned\u00ec alle 20 nella sala consigliere del Municipio per trattare otto punti all&#8217;ordine del giorno. Si parler\u00e0 del bilancio di ASCA, l&#8217;approvazione del regolamento comunale per le attivit\u00e0 di acconciatore &#8211; estetista, tatuaggi e piercing, della convenzione per l&#8217;affidamento del servizio di distribuzione del gas naturale, della realizzazione di un bacino idrico artificiale a Col dei Baldi per l&#8217;innevamento, della convenzione con l&#8217;Unione Montana Agordina per il comitato delle pari opportunit\u00e0 e di un intervento di demolizione e ricostruzione di un fabbricato a Masar\u00e8.<\/p>\n<p>&nbsp;<\/p>\n<p>&nbsp;<\/p>\n<hr \/>\n<p>&nbsp;<\/p>\n<blockquote>\n<h3>UN CONCORSO PUBBLICO PER ASSUMERE 140 COMISSARI DELLA CARRIERA DEI FUNZIONARI DELLA POLIZIA DI STATO<\/h3>\n<\/blockquote>\n<p><strong><a class=\"dt-pswp-item\" href=\"https:\/\/www.radiopiu.net\/wordpress\/wp-content\/uploads\/2022\/05\/POLIZIA-2.jpg\" data-dt-img-description=\"\" data-large_image_width=\"1920\" data-large_image_height=\"1080\"><img loading=\"lazy\" decoding=\"async\" class=\" wp-image-278033 alignleft\" src=\"https:\/\/www.radiopiu.net\/wordpress\/wp-content\/uploads\/2022\/05\/POLIZIA-2-300x169.jpg\" alt=\"\" width=\"170\" height=\"96\" srcset=\"https:\/\/www.radiopiu.net\/wordpress\/wp-content\/uploads\/2022\/05\/POLIZIA-2-300x169.jpg 300w, https:\/\/www.radiopiu.net\/wordpress\/wp-content\/uploads\/2022\/05\/POLIZIA-2-1024x576.jpg 1024w, https:\/\/www.radiopiu.net\/wordpress\/wp-content\/uploads\/2022\/05\/POLIZIA-2-768x432.jpg 768w, https:\/\/www.radiopiu.net\/wordpress\/wp-content\/uploads\/2022\/05\/POLIZIA-2-1536x864.jpg 1536w, https:\/\/www.radiopiu.net\/wordpress\/wp-content\/uploads\/2022\/05\/POLIZIA-2.jpg 1920w\" sizes=\"auto, (max-width: 170px) 100vw, 170px\" \/><\/a>BELLUNO <\/strong>Sul Portale Unico del reclutamento, disponibile all\u2019indirizzo <a href=\"http:\/\/www.inpa.gov.it\">www.inpa.gov.it<\/a> nonch\u00e9 sul sito <a href=\"http:\/\/www.poliziadistato.it\">www.poliziadistato.it<\/a>, \u00e8 stato pubblicato il bando di concorso pubblico, per titoli ed esami, per l\u2019assunzione di 140 commissari della carriera dei funzionari della Polizia di Stato, indetto con decreto del 16 febbraio 2023. La domanda di partecipazione al concorso potr\u00e0 essere presentata, \u00a0dalle \u00a0ore \u00a000.00 del 18 febbraio 2023 alle ore 23.59 del 20 marzo 2023, sia tramite il Portale unico di reclutamento che mediante la procedura informatica disponibile all\u2019indirizzo <a href=\"https:\/\/concorsionline.poliziadistato.it\">https:\/\/concorsionline.poliziadistato.it<\/a> (cliccando sull\u2019icona \u201cConcorso pubblico\u201d).<\/p>\n<p>&nbsp;<\/p>\n<p>&nbsp;<\/p>\n<hr \/>\n<p>&nbsp;<\/p>\n<h2><span style=\"color: #ff6600;\">DEDICHE E RICHIESTE<\/span><\/h2>\n<blockquote>\n<h3>NEL MERCOLEDI SERA DI RADIO PIU&#8217; DON CESARE<\/h3>\n<\/blockquote>\n<p><strong><img loading=\"lazy\" decoding=\"async\" class=\"alignleft\" src=\"https:\/\/www.radiopiu.net\/wordpress\/wp-content\/uploads\/2022\/05\/DON-CESARE.png\" width=\"170\" height=\"115\" \/>REDAZIONE<\/strong> Dal programma, i mercoledi di sera come 40 anni fa, quattro amici attorno al mixer: Simonetta, Moreno, Marco e Mirko. Dediche, richieste, ospiti a sorpresa. Nell&#8217;ultima puntata anche Don Cesare Larese.<\/p>\n<p><strong>AUDIO<\/strong><\/p>\n<audio class=\"wp-audio-shortcode\" id=\"audio-325711-7\" preload=\"none\" style=\"width: 100%;\" controls=\"controls\"><source type=\"audio\/mpeg\" src=\"https:\/\/www.radiopiu.net\/wordpress\/wp-content\/uploads\/2023\/03\/DON-CESARE-DEDICHE-E-RICHIESTE.mp3?_=7\" \/><a href=\"https:\/\/www.radiopiu.net\/wordpress\/wp-content\/uploads\/2023\/03\/DON-CESARE-DEDICHE-E-RICHIESTE.mp3\">https:\/\/www.radiopiu.net\/wordpress\/wp-content\/uploads\/2023\/03\/DON-CESARE-DEDICHE-E-RICHIESTE.mp3<\/a><\/audio>\n<p>&nbsp;<\/p>\n<blockquote>\n<h3>NEL MERCOLEDI SERA ALLA RADIO&#8230; ANDREA DEI LOS MASSADORES<\/h3>\n<\/blockquote>\n<h3><strong style=\"font-size: 14px;\">REDAZIONE<\/strong><span style=\"font-size: 14px; font-weight: normal;\"> Andrea dei Los Massadores svela i segreti di &#8220;Angelo&#8221;, la canzone a suo tempo pi\u00f9 richiesta sulle frequenze di RADIOPIU. L&#8217;occasione. l&#8217;appuntamento di domenica nel comprensorio del Civetta al Rifugio Fertazza della famiglia Torre.<\/span><\/h3>\n<p><strong>AUDIO<\/strong><\/p>\n<audio class=\"wp-audio-shortcode\" id=\"audio-325711-8\" preload=\"none\" style=\"width: 100%;\" controls=\"controls\"><source type=\"audio\/mpeg\" src=\"https:\/\/www.radiopiu.net\/wordpress\/wp-content\/uploads\/2023\/03\/ANDREA-PICCOLO-LOS-MASSADORES-DEDICHE-E-RICHIESTE.mp3?_=8\" \/><a href=\"https:\/\/www.radiopiu.net\/wordpress\/wp-content\/uploads\/2023\/03\/ANDREA-PICCOLO-LOS-MASSADORES-DEDICHE-E-RICHIESTE.mp3\">https:\/\/www.radiopiu.net\/wordpress\/wp-content\/uploads\/2023\/03\/ANDREA-PICCOLO-LOS-MASSADORES-DEDICHE-E-RICHIESTE.mp3<\/a><\/audio>\n<p>&nbsp;<\/p>\n<p><strong><a class=\"dt-pswp-item\" href=\"https:\/\/www.radiopiu.net\/wordpress\/wp-content\/uploads\/2023\/03\/file.jpg\" data-dt-img-description=\"\" data-large_image_width=\"640\" data-large_image_height=\"640\"><img loading=\"lazy\" decoding=\"async\" class=\"wp-image-325527 alignleft\" src=\"https:\/\/www.radiopiu.net\/wordpress\/wp-content\/uploads\/2023\/03\/file-300x300.jpg\" alt=\"\" width=\"103\" height=\"103\" srcset=\"https:\/\/www.radiopiu.net\/wordpress\/wp-content\/uploads\/2023\/03\/file-300x300.jpg 300w, https:\/\/www.radiopiu.net\/wordpress\/wp-content\/uploads\/2023\/03\/file-150x150.jpg 150w, https:\/\/www.radiopiu.net\/wordpress\/wp-content\/uploads\/2023\/03\/file.jpg 640w\" sizes=\"auto, (max-width: 103px) 100vw, 103px\" \/><\/a>SELVA DI CADORE<\/strong>\u00a0 Concerto a 2081 metri e che concerto, ritornano al ristoro belvere, cima fertazza, ski civetta i grandissimi LOS MASSADORES DOMENICA 12 MARZO DALLE 13.30\u00a0 PER CANTARE, BALLARE, FARE FESTA TUTTI INSIEME CON LA CREATIVIT\u00e0, FANTASIA E GRANDE MUSICA, INGRESSO LIBERO. SI ARRIVA IN SEGGIOVIA DA PESCUL-SELVA DI CADORE, DALLE 8.30 LOS MASSADORES IN CONCERTO DOMENICA 12 MARZO DALLE 13.30, \u00a0 AL RISTORO BELVEDERE\u00a0 info e prenotazioni tavoli 3283616725 <a class=\"moz-txt-link-abbreviated\" href=\"http:\/\/WWW.RISTOROBELVEDERE.IT\">WWW.RISTOROBELVEDERE.IT<\/a>\u00a0 O SOCIAL<\/p>\n<p>&nbsp;<\/p>\n<blockquote>\n<h3>NEL MERCOLEDI SERA, MASSIMO MANFROI E LA FESTA DI FINE STAGIONE AL LARESEI<\/h3>\n<\/blockquote>\n<p><strong><a class=\"dt-pswp-item\" href=\"https:\/\/www.radiopiu.net\/wordpress\/wp-content\/uploads\/2023\/03\/Senza-nome-35.jpg\" data-dt-img-description=\"\" data-large_image_width=\"177\" data-large_image_height=\"154\"><img loading=\"lazy\" decoding=\"async\" class=\"size-full wp-image-325740 alignleft\" src=\"https:\/\/www.radiopiu.net\/wordpress\/wp-content\/uploads\/2023\/03\/Senza-nome-35.jpg\" alt=\"\" width=\"177\" height=\"154\" \/><\/a>REDAZIONE<\/strong> 2 aprile: festone. A breve sar\u00e0 presentato anche l&#8217;ospite, nome molto noto nel mondo radiofonico e dei Dj. Una domenica di festa in alta quota. Ne abbiamo parlato con Massimo Manfroi<\/p>\n<p>&nbsp;<\/p>\n<p>&nbsp;<\/p>\n<p>&nbsp;<\/p>\n<p>audio<\/p>\n<audio class=\"wp-audio-shortcode\" id=\"audio-325711-9\" preload=\"none\" style=\"width: 100%;\" controls=\"controls\"><source type=\"audio\/mpeg\" src=\"https:\/\/www.radiopiu.net\/wordpress\/wp-content\/uploads\/2023\/03\/MASSIMO-LARESEI-DEDICHE-E-RICHIESTE.mp3?_=9\" \/><a href=\"https:\/\/www.radiopiu.net\/wordpress\/wp-content\/uploads\/2023\/03\/MASSIMO-LARESEI-DEDICHE-E-RICHIESTE.mp3\">https:\/\/www.radiopiu.net\/wordpress\/wp-content\/uploads\/2023\/03\/MASSIMO-LARESEI-DEDICHE-E-RICHIESTE.mp3<\/a><\/audio>\n<p>&nbsp;<\/p>\n<hr \/>\n<p>&nbsp;<\/p>\n<blockquote>\n<h3>IN STUDIO MARIA RITA GENTILIN _SPI CGIL PENSIONATI<\/h3>\n<\/blockquote>\n<blockquote>\n<h3><a href=\"https:\/\/www.radiopiu.net\/wordpress\/giornale-radiopiu-06-febbraio-2019-direttore-mirko-mezzacasa\/logo_spi-cgil-800x445\/\" rel=\"attachment wp-att-75538\"><img loading=\"lazy\" decoding=\"async\" class=\"wp-image-75538 alignleft\" src=\"https:\/\/www.radiopiu.net\/wordpress\/wp-content\/uploads\/2019\/02\/Logo_Spi-CGIL-800x445-300x167.jpg\" alt=\"\" width=\"210\" height=\"117\" srcset=\"https:\/\/www.radiopiu.net\/wordpress\/wp-content\/uploads\/2019\/02\/Logo_Spi-CGIL-800x445-300x167.jpg 300w, https:\/\/www.radiopiu.net\/wordpress\/wp-content\/uploads\/2019\/02\/Logo_Spi-CGIL-800x445-768x427.jpg 768w, https:\/\/www.radiopiu.net\/wordpress\/wp-content\/uploads\/2019\/02\/Logo_Spi-CGIL-800x445.jpg 800w\" sizes=\"auto, (max-width: 210px) 100vw, 210px\" \/><\/a>ALLA RADIO, APPUNTAMENTO QUINDICINALE CON SPI-CGIL BELLUNO,<\/h3>\n<\/blockquote>\n<p><strong>di\u00a0 Mirko Mezzacasa\u00a0<\/strong><\/p>\n<p>&nbsp;<\/p>\n<p><span style=\"color: #ff0000;\"><strong>PUNTATA DEL\u00a0 09 marzo 2023<\/strong><\/span><\/p>\n<p>&nbsp;<\/p>\n<audio class=\"wp-audio-shortcode\" id=\"audio-325711-10\" preload=\"none\" style=\"width: 100%;\" controls=\"controls\"><source type=\"audio\/mpeg\" src=\"https:\/\/www.radiopiu.net\/wordpress\/wp-content\/uploads\/2022\/02\/maria-rita-gentilina.mp3?_=10\" \/><a href=\"https:\/\/www.radiopiu.net\/wordpress\/wp-content\/uploads\/2022\/02\/maria-rita-gentilina.mp3\">https:\/\/www.radiopiu.net\/wordpress\/wp-content\/uploads\/2022\/02\/maria-rita-gentilina.mp3<\/a><\/audio>\n<p>&nbsp;<\/p>\n<p>&nbsp;<\/p>\n<hr \/>\n<p>&nbsp;<\/p>\n<blockquote>\n<h3>PULIAMO FELTRE, CON GLI ECOVOLONTARI DELLA COMUNITA&#8217; MONTANA FELTRINA<\/h3>\n<\/blockquote>\n<p><strong><a class=\"dt-pswp-item\" href=\"https:\/\/www.radiopiu.net\/wordpress\/wp-content\/uploads\/2022\/10\/2_depuratore-di-Feltre.jpg\" data-dt-img-description=\"\" data-large_image_width=\"1536\" data-large_image_height=\"2048\"><img loading=\"lazy\" decoding=\"async\" class=\" wp-image-302148 alignleft\" src=\"https:\/\/www.radiopiu.net\/wordpress\/wp-content\/uploads\/2022\/10\/2_depuratore-di-Feltre-225x300.jpg\" alt=\"\" width=\"154\" height=\"205\" srcset=\"https:\/\/www.radiopiu.net\/wordpress\/wp-content\/uploads\/2022\/10\/2_depuratore-di-Feltre-225x300.jpg 225w, https:\/\/www.radiopiu.net\/wordpress\/wp-content\/uploads\/2022\/10\/2_depuratore-di-Feltre-768x1024.jpg 768w, https:\/\/www.radiopiu.net\/wordpress\/wp-content\/uploads\/2022\/10\/2_depuratore-di-Feltre-1152x1536.jpg 1152w, https:\/\/www.radiopiu.net\/wordpress\/wp-content\/uploads\/2022\/10\/2_depuratore-di-Feltre.jpg 1536w\" sizes=\"auto, (max-width: 154px) 100vw, 154px\" \/><\/a>FELTRE <\/strong>La mattina di domenica 19 marzo sar\u00e0 dedicata a questa importante iniziativa, che vedr\u00e0 i volontari del Palio, ma anche tutti i cittadini che vorranno aderire, impegnati nella pulizia della citt\u00e0 di Feltre, con particolare riferimento a luoghi o frazioni particolarmente significativi per i Quartieri. Il ritrovo \u00e8 previsto alle ore 8.30 a Pra\u2019 del Moro.\u00a0 La giornata, coordinata da alcuni volontari degli Ecovolontari, si concluder\u00e0 alle 13.00.Per l\u2019iscrizione si potr\u00e0 inviare una mail con i propri dati (cognome e nome, luogo e data di nascita, codice fiscale e indirizzo) alla mail ecovolontari.umfeltre@gmail.com o come messaggio privato alla pagina facebook <strong>@ecovolontari.umfeltre<\/strong>: questo consentir\u00e0 di attivare l\u2019assicurazione necessaria per partecipare alle attivit\u00e0.<\/p>\n<p>&nbsp;<\/p>\n<p>&nbsp;<\/p>\n<p>&nbsp;<\/p>\n<p>&nbsp;<\/p>\n<hr \/>\n<p>&nbsp;<\/p>\n<blockquote>\n<h3>CONCERTO PREMIO EDIZIONE 2022<\/h3>\n<\/blockquote>\n<p><strong>BELLUNO<\/strong> Per il secondo anno consecutivo il Centro Culturale di Longarone ospita il concerto-premio dell&#8217;edizione 2022 del Concorso Musicale Citt\u00e0 di Belluno (sezione Canto Moderno), domani alle\u00a0 20:45. Quest&#8217;anno ci saranno due importanti novit\u00e0: l&#8217;allestimento floreale del palco da parte dei volontari dell&#8217;infiorata di Igne e la presenza di due ospiti d&#8217;onore: il Cantautore bellunese Alvise Bortolini e la meravigliosa voce di Jessica Lena. <em>&#8220;La volont\u00e0 \u00e8 sempre quella di promuovere i giovani talenti, di far conoscere lo splendido e prezioso lavoro dei nostri volontari&#8221; &#8211; dichiara il Consigliere delegato alla Cultura Anna Olivier &#8211; &#8220;e di creare situazioni di socialit\u00e0, all&#8217;insegna della Bellezza, in questo caso della buona musica&#8221;.\u00a0<\/em><\/p>\n<p>&nbsp;<\/p>\n<p>&nbsp;<\/p>\n<hr \/>\n<p>&nbsp;<\/p>\n<h3>GIORGIO PERLASCA A CANALE D&#8217;AGORDO<\/h3>\n<p>di Marilisa Luchetta<\/p>\n<p><strong><a class=\"dt-pswp-item\" href=\"https:\/\/www.radiopiu.net\/wordpress\/wp-content\/uploads\/2023\/03\/Senza-nome-24.jpg\" data-dt-img-description=\"\" data-large_image_width=\"618\" data-large_image_height=\"463\"><img loading=\"lazy\" decoding=\"async\" class=\"size-medium wp-image-325246 alignleft\" src=\"https:\/\/www.radiopiu.net\/wordpress\/wp-content\/uploads\/2023\/03\/Senza-nome-24-300x225.jpg\" alt=\"\" width=\"300\" height=\"225\" srcset=\"https:\/\/www.radiopiu.net\/wordpress\/wp-content\/uploads\/2023\/03\/Senza-nome-24-300x225.jpg 300w, https:\/\/www.radiopiu.net\/wordpress\/wp-content\/uploads\/2023\/03\/Senza-nome-24.jpg 618w\" sizes=\"auto, (max-width: 300px) 100vw, 300px\" \/><\/a>CANALE D&#8217;AGORDO<\/strong> Gioved\u00ec 16 marzo alle 20.30, nella Sala Emigranti di Canale d\u2019Agordo in via Lotta, ci sar\u00e0 l\u2019occasione di conoscere la straordinaria vicenda di Giorgio Perlasca, un commerciante italiano che, praticamente da solo, nell\u2019inverno 1944\/\u201945, salv\u00f2 la vita a pi\u00f9 di 5000 ebrei ungheresi strappandoli alla deportazione nazista nei lager. ll figlio Franco infatti testimonier\u00e0 l\u2019impresa del padre che a Budapest, inventandosi il ruolo di Console generale spagnolo, riusc\u00ec a trovare soluzioni ardite e rischiose per evitare a cos\u00ec tante persone la terribile esperienza della persecuzione nazista della Shoah. Tornato in Italia dopo la guerra, Giorgio non racconta a nessuno la sua storia. Solo alla fine degli anni Ottanta la sua vicenda viene alla luce grazie ad alcune donne ungheresi sopravissute a quel terribile inverno che cercano il Console loro salvatore. Le ricerche in Spagna non approdano a nulla ma le donne non demordono ed alla fine trovano Perlasca. Il nome di Giorgio Perlasca \u00e8 annoverato a Gerusalemme tra quelli dei \u201cGiusti fra le Nazioni\u201d. E un albero a suo ricordo \u00e8 piantato sulle colline che circondano il Museo dello Yad Vashem. A chi gli chiedeva il perch\u00e9 del suo comportamento, lui rispondeva di aver fatto semplicemente il suo dovere, di fronte a tanto orrore. La sua testimonianza afferma che, per ogni individuo, \u00e8 sempre possibile fare delle scelte alternative anche nelle situazioni peggiori. Nel pomeriggio della stessa giornata la Fondazione Perlasca, nella persona del figlio Franco con la moglie, si intratterr\u00e0 per due ore con i ragazzi della scuola Media che con la loro insegnante si stanno preparando all\u2019importante incontro. Organizzazione a cura delle Biblioteche della Valle del Biois con la Pro Loco di Canale, con il patrocinio del comune di Canale d\u2019Agordo e dell\u2019Associazione Libera Agordino, contributo di Cassa Rurale Dolomiti e Birreria Costa.<\/p>\n<p><strong>dal corriere delle alpi GIANNI SANTOMASO<\/strong><\/p>\n<audio class=\"wp-audio-shortcode\" id=\"audio-325711-11\" preload=\"none\" style=\"width: 100%;\" controls=\"controls\"><source type=\"audio\/mpeg\" src=\"https:\/\/www.radiopiu.net\/wordpress\/wp-content\/uploads\/2023\/03\/GIANNI-GIORGIO-PERLASCA.mp3?_=11\" \/><a href=\"https:\/\/www.radiopiu.net\/wordpress\/wp-content\/uploads\/2023\/03\/GIANNI-GIORGIO-PERLASCA.mp3\">https:\/\/www.radiopiu.net\/wordpress\/wp-content\/uploads\/2023\/03\/GIANNI-GIORGIO-PERLASCA.mp3<\/a><\/audio>\n<p>&nbsp;<\/p>\n<hr \/>\n<p>&nbsp;<\/p>\n<blockquote>\n<h3>A FINE APRILE AGORDO IN VISITA AI GEMELLI FRANCESI<\/h3>\n<\/blockquote>\n<p><strong><a class=\"dt-pswp-item\" href=\"https:\/\/www.radiopiu.net\/wordpress\/wp-content\/uploads\/2023\/02\/GEMELLAGGIO-AGORDO.jpg\" data-dt-img-description=\"\" data-large_image_width=\"374\" data-large_image_height=\"124\"><img loading=\"lazy\" decoding=\"async\" class=\"size-medium wp-image-323724 alignleft\" src=\"https:\/\/www.radiopiu.net\/wordpress\/wp-content\/uploads\/2023\/02\/GEMELLAGGIO-AGORDO-300x99.jpg\" alt=\"\" width=\"300\" height=\"99\" srcset=\"https:\/\/www.radiopiu.net\/wordpress\/wp-content\/uploads\/2023\/02\/GEMELLAGGIO-AGORDO-300x99.jpg 300w, https:\/\/www.radiopiu.net\/wordpress\/wp-content\/uploads\/2023\/02\/GEMELLAGGIO-AGORDO.jpg 374w\" sizes=\"auto, (max-width: 300px) 100vw, 300px\" \/><\/a>AGORDO<\/strong>\u00a0Il Comitato di gemellaggio ha organizzato una gita in Francia, dal 28 aprile al 01 maggio, occasione ideale per l\u2019inaugurazione del graffito di Dunio Piccolin, sar\u00e0 inaugurato s<span id=\"page3R_mcid9\" class=\"markedContent\"><span dir=\"ltr\" role=\"presentation\">abato 29 aprile nella\u00a0<\/span><span dir=\"ltr\" role=\"presentation\">sala delle\u00a0<\/span><span dir=\"ltr\" role=\"presentation\">feste con visita al\u00a0<\/span><span dir=\"ltr\" role=\"presentation\">castello di Dolomieu.\u00a0<span id=\"page3R_mcid11\" class=\"markedContent\">Domenica 30 visita alla citt\u00e0 di Grenoble, centro citt\u00e0, musei, Bastiglia.\u00a0<\/span><span id=\"page3R_mcid17\" class=\"markedContent\">Iscrizioni entro il 20 marzo scrivendo a<\/span><span id=\"page3R_mcid18\" class=\"markedContent\">\u00a0cgemellaggio.agordo@libero.it<\/span><span id=\"page3R_mcid19\" class=\"markedContent\">\u00a0Oppure chiamando il 3489159626<\/span><\/span><\/span><\/p>\n<h3>LO SPECIALE. OSPITI IN STUDIO: CLAUDIA CATTADORI E FABRIZIO CAMPEDEL<\/h3>\n<audio class=\"wp-audio-shortcode\" id=\"audio-325711-12\" preload=\"none\" style=\"width: 100%;\" controls=\"controls\"><source type=\"audio\/mpeg\" src=\"https:\/\/www.radiopiu.net\/wordpress\/wp-content\/uploads\/2023\/02\/GEMELLAGGIO-DOLOMIEU.mp3?_=12\" \/><a href=\"https:\/\/www.radiopiu.net\/wordpress\/wp-content\/uploads\/2023\/02\/GEMELLAGGIO-DOLOMIEU.mp3\">https:\/\/www.radiopiu.net\/wordpress\/wp-content\/uploads\/2023\/02\/GEMELLAGGIO-DOLOMIEU.mp3<\/a><\/audio>\n<p>&nbsp;<\/p>\n<p>&nbsp;<\/p>\n<hr \/>\n<p>&nbsp;<\/p>\n<p><strong>ATOMIC PARTY CON I FUTURI PERITI CHIMICI, DUE SERATA DI FESTA, LISCIO E DISCOTECA CON DJ BISSO, 17-18 MARZO AL PALFALCADE. APERITIVI, GIOCHI, BALLI&#8230; DIVERTIMENTO\u00a0<\/strong><\/p>\n<p><a class=\"dt-pswp-item\" href=\"https:\/\/www.radiopiu.net\/wordpress\/wp-content\/uploads\/2023\/03\/Donazione-CDL-Ecografo-Ospedale-Borgo-Trento-1-300x225-1.jpeg\" data-dt-img-description=\"\" data-large_image_width=\"1122\" data-large_image_height=\"374\"><img loading=\"lazy\" decoding=\"async\" class=\"size-medium wp-image-324677 aligncenter\" src=\"https:\/\/www.radiopiu.net\/wordpress\/wp-content\/uploads\/2023\/03\/Donazione-CDL-Ecografo-Ospedale-Borgo-Trento-1-300x225-1-300x100.jpeg\" alt=\"\" width=\"300\" height=\"100\" srcset=\"https:\/\/www.radiopiu.net\/wordpress\/wp-content\/uploads\/2023\/03\/Donazione-CDL-Ecografo-Ospedale-Borgo-Trento-1-300x225-1-300x100.jpeg 300w, https:\/\/www.radiopiu.net\/wordpress\/wp-content\/uploads\/2023\/03\/Donazione-CDL-Ecografo-Ospedale-Borgo-Trento-1-300x225-1-1024x341.jpeg 1024w, https:\/\/www.radiopiu.net\/wordpress\/wp-content\/uploads\/2023\/03\/Donazione-CDL-Ecografo-Ospedale-Borgo-Trento-1-300x225-1-768x256.jpeg 768w, https:\/\/www.radiopiu.net\/wordpress\/wp-content\/uploads\/2023\/03\/Donazione-CDL-Ecografo-Ospedale-Borgo-Trento-1-300x225-1.jpeg 1122w\" sizes=\"auto, (max-width: 300px) 100vw, 300px\" \/><\/a><a class=\"dt-pswp-item\" href=\"https:\/\/www.radiopiu.net\/wordpress\/wp-content\/uploads\/2023\/03\/Atomic-Party-2023-1.jpg\" data-dt-img-description=\"\" data-large_image_width=\"1032\" data-large_image_height=\"1141\"><img loading=\"lazy\" decoding=\"async\" class=\"size-medium wp-image-324664 aligncenter\" src=\"https:\/\/www.radiopiu.net\/wordpress\/wp-content\/uploads\/2023\/03\/Atomic-Party-2023-1-271x300.jpg\" alt=\"\" width=\"271\" height=\"300\" srcset=\"https:\/\/www.radiopiu.net\/wordpress\/wp-content\/uploads\/2023\/03\/Atomic-Party-2023-1-271x300.jpg 271w, https:\/\/www.radiopiu.net\/wordpress\/wp-content\/uploads\/2023\/03\/Atomic-Party-2023-1-926x1024.jpg 926w, https:\/\/www.radiopiu.net\/wordpress\/wp-content\/uploads\/2023\/03\/Atomic-Party-2023-1-768x849.jpg 768w, https:\/\/www.radiopiu.net\/wordpress\/wp-content\/uploads\/2023\/03\/Atomic-Party-2023-1.jpg 1032w\" sizes=\"auto, (max-width: 271px) 100vw, 271px\" \/><\/a><\/p>\n<p>&nbsp;<\/p>\n<p>&nbsp;<\/p>\n<hr \/>\n<blockquote>\n<h3><a class=\"rollover rollover-zoom dt-pswp-item pspw-wrap-ready this-ready\" title=\"dee7dc2b-e175-4363-a25e-dfe83fa36671\" href=\"https:\/\/www.radiopiu.net\/wordpress\/wp-content\/uploads\/2023\/02\/dee7dc2b-e175-4363-a25e-dfe83fa36671.jpg\" data-dt-img-description=\"\" data-large_image_width=\"813\" data-large_image_height=\"540\"><img loading=\"lazy\" decoding=\"async\" class=\"attachment-medium alignleft\" src=\"https:\/\/www.radiopiu.net\/wordpress\/wp-content\/uploads\/2023\/02\/dee7dc2b-e175-4363-a25e-dfe83fa36671-300x199.jpg\" sizes=\"auto, (max-width: 300px) 100vw, 300px\" srcset=\"https:\/\/www.radiopiu.net\/wordpress\/wp-content\/uploads\/2023\/02\/dee7dc2b-e175-4363-a25e-dfe83fa36671-300x199.jpg 300w, https:\/\/www.radiopiu.net\/wordpress\/wp-content\/uploads\/2023\/02\/dee7dc2b-e175-4363-a25e-dfe83fa36671-768x510.jpg 768w, https:\/\/www.radiopiu.net\/wordpress\/wp-content\/uploads\/2023\/02\/dee7dc2b-e175-4363-a25e-dfe83fa36671.jpg 813w\" alt=\"\" width=\"191\" height=\"127\" \/><\/a><\/h3>\n<h3>IL 19 MARZO TORNA SUL BROI LA VECIA POPA<\/h3>\n<\/blockquote>\n<p><strong>AGORDO<\/strong>\u00a0La Vecia Popa \u00e8 pronta per tonare sul Broi di Agordo . L\u2019Appuntamento \u00e8 per domenica 19 marzo con la festa e l\u2019atteso testamento.<\/p>\n<div id=\"gallery-5\" class=\"dt-gallery-container gallery galleryid-323239 gallery-columns-2 gallery-size-medium\"><\/div>\n<p>&nbsp;<\/p>\n<hr \/>\n<p>&nbsp;<\/p>\n<p>&nbsp;<\/p>\n<blockquote>\n<h2>SAGRA DE PASCA 2023<\/h2>\n<\/blockquote>\n<h3>APRILE&#8230;. 6 &#8211; 7 &#8211; 8 &#8211; 9 LA SAGRA DE PASCA Scusate il ritardo&#8230;. Si riparte ancora pi\u00f9 forte GRUPPO SPORTIVO, DONATORI DEL SANGUE E PROLOCO DI TAIBON AGORDINO &#8230;..<\/h3>\n<h3>ALLA RADIO&#8230;.<\/h3>\n<audio class=\"wp-audio-shortcode\" id=\"audio-325711-13\" preload=\"none\" style=\"width: 100%;\" controls=\"controls\"><source type=\"audio\/mpeg\" src=\"https:\/\/www.radiopiu.net\/wordpress\/wp-content\/uploads\/2023\/03\/SAGRADEPASCA_02_BA_0903.mp3?_=13\" \/><a href=\"https:\/\/www.radiopiu.net\/wordpress\/wp-content\/uploads\/2023\/03\/SAGRADEPASCA_02_BA_0903.mp3\">https:\/\/www.radiopiu.net\/wordpress\/wp-content\/uploads\/2023\/03\/SAGRADEPASCA_02_BA_0903.mp3<\/a><\/audio>\n<audio class=\"wp-audio-shortcode\" id=\"audio-325711-14\" preload=\"none\" style=\"width: 100%;\" controls=\"controls\"><source type=\"audio\/mpeg\" src=\"https:\/\/www.radiopiu.net\/wordpress\/wp-content\/uploads\/2023\/03\/SAGRADEPASCA_03_BA_0903.mp3?_=14\" \/><a href=\"https:\/\/www.radiopiu.net\/wordpress\/wp-content\/uploads\/2023\/03\/SAGRADEPASCA_03_BA_0903.mp3\">https:\/\/www.radiopiu.net\/wordpress\/wp-content\/uploads\/2023\/03\/SAGRADEPASCA_03_BA_0903.mp3<\/a><\/audio>\n<audio class=\"wp-audio-shortcode\" id=\"audio-325711-15\" preload=\"none\" style=\"width: 100%;\" controls=\"controls\"><source type=\"audio\/mpeg\" src=\"https:\/\/www.radiopiu.net\/wordpress\/wp-content\/uploads\/2023\/03\/SAGRADEPASCA_01_BA_0903.mp3?_=15\" \/><a href=\"https:\/\/www.radiopiu.net\/wordpress\/wp-content\/uploads\/2023\/03\/SAGRADEPASCA_01_BA_0903.mp3\">https:\/\/www.radiopiu.net\/wordpress\/wp-content\/uploads\/2023\/03\/SAGRADEPASCA_01_BA_0903.mp3<\/a><\/audio>\n<h3><\/h3>\n<a href=\"https:\/\/www.radiopiu.net\/wordpress\/wp-content\/uploads\/2023\/03\/manifesto-2023-2.pdf\" class=\"pdfemb-viewer\" style=\"\" data-width=\"max\" data-height=\"max\" data-toolbar=\"top\" data-toolbar-fixed=\"on\">manifesto-2023-2<\/a>\n<p>&nbsp;<\/p>\n<p>&nbsp;<\/p>\n<hr \/>\n<h3><span style=\"color: #ff0000;\"><strong>\u00a0<\/strong><\/span><\/h3>\n<h3><span style=\"color: #ff0000;\"><strong>BIRRERIA IN PEDAVENA, LA VALLE AGORDINA\u00a0<\/strong><\/span><\/h3>\n<p><strong>alla radio<\/strong><\/p>\n<audio class=\"wp-audio-shortcode\" id=\"audio-325711-16\" preload=\"none\" style=\"width: 100%;\" controls=\"controls\"><source type=\"audio\/mpeg\" src=\"https:\/\/www.radiopiu.net\/wordpress\/wp-content\/uploads\/2023\/03\/re-union-c.mp3?_=16\" \/><a href=\"https:\/\/www.radiopiu.net\/wordpress\/wp-content\/uploads\/2023\/03\/re-union-c.mp3\">https:\/\/www.radiopiu.net\/wordpress\/wp-content\/uploads\/2023\/03\/re-union-c.mp3<\/a><\/audio>\n<p><a class=\"dt-pswp-item\" href=\"https:\/\/www.radiopiu.net\/wordpress\/wp-content\/uploads\/2023\/03\/b792042d-80e5-4ca6-b404-baac8e9b3b6c.jpg\" data-dt-img-description=\"\" data-large_image_width=\"953\" data-large_image_height=\"953\"><img loading=\"lazy\" decoding=\"async\" class=\"size-medium wp-image-325414 aligncenter\" src=\"https:\/\/www.radiopiu.net\/wordpress\/wp-content\/uploads\/2023\/03\/b792042d-80e5-4ca6-b404-baac8e9b3b6c-300x300.jpg\" alt=\"\" width=\"300\" height=\"300\" srcset=\"https:\/\/www.radiopiu.net\/wordpress\/wp-content\/uploads\/2023\/03\/b792042d-80e5-4ca6-b404-baac8e9b3b6c-300x300.jpg 300w, https:\/\/www.radiopiu.net\/wordpress\/wp-content\/uploads\/2023\/03\/b792042d-80e5-4ca6-b404-baac8e9b3b6c-150x150.jpg 150w, https:\/\/www.radiopiu.net\/wordpress\/wp-content\/uploads\/2023\/03\/b792042d-80e5-4ca6-b404-baac8e9b3b6c-768x768.jpg 768w, https:\/\/www.radiopiu.net\/wordpress\/wp-content\/uploads\/2023\/03\/b792042d-80e5-4ca6-b404-baac8e9b3b6c.jpg 953w\" sizes=\"auto, (max-width: 300px) 100vw, 300px\" \/><\/a><\/p>\n<p>&nbsp;<\/p>\n<hr \/>\n<p>&nbsp;<\/p>\n<blockquote>\n<h3>GINNASTICA POSTURALE A CANALE D&#8217;AGORDO<\/h3>\n<\/blockquote>\n<p><strong>CANALE D&#8217;AGORDO <\/strong>Sono aperte le iscrizioni al corso di ginnastica posturale con la fisioterapista Silvana Andrich, che inizier\u00e0 a Canale d&#8217;Agordo luned\u00ec 17 aprile 2023.\u00a0 I posti sono limitati. Prenotazioni al 3779665237.<\/p>\n<p>&nbsp;<\/p>\n<p>&nbsp;<\/p>\n<hr \/>\n<p>&nbsp;<\/p>\n<blockquote>\n<h3>GITA IN SVIZZERA, ANCORA POSTI DISPONIBILI<\/h3>\n<\/blockquote>\n<p><strong>AGORDO<\/strong> Rimangono a disposizione alcuni posti disponibili per la gita organizzata in Svizzera a Locarno e Lugano. Per informazioni e prenotazioni 0437 640471 oppure 333 8892617<\/p>\n<p>&nbsp;<\/p>\n<p>&nbsp;<\/p>\n<hr \/>\n<p>&nbsp;<\/p>\n<blockquote>\n<h3>&#8220;CHECK-IN&#8221; IL NUOVO SINGOLO DI MATTIA ANDRICH<\/h3>\n<\/blockquote>\n<p><strong><a class=\"dt-pswp-item\" href=\"https:\/\/www.radiopiu.net\/wordpress\/wp-content\/uploads\/2023\/03\/05a9d7a6-589b-4554-93cc-009d1edceee0.jpg\" data-dt-img-description=\"\" data-large_image_width=\"1024\" data-large_image_height=\"1014\"><img loading=\"lazy\" decoding=\"async\" class=\" wp-image-325829 alignleft\" src=\"https:\/\/www.radiopiu.net\/wordpress\/wp-content\/uploads\/2023\/03\/05a9d7a6-589b-4554-93cc-009d1edceee0-300x297.jpg\" alt=\"\" width=\"175\" height=\"173\" srcset=\"https:\/\/www.radiopiu.net\/wordpress\/wp-content\/uploads\/2023\/03\/05a9d7a6-589b-4554-93cc-009d1edceee0-300x297.jpg 300w, https:\/\/www.radiopiu.net\/wordpress\/wp-content\/uploads\/2023\/03\/05a9d7a6-589b-4554-93cc-009d1edceee0-768x761.jpg 768w, https:\/\/www.radiopiu.net\/wordpress\/wp-content\/uploads\/2023\/03\/05a9d7a6-589b-4554-93cc-009d1edceee0.jpg 1024w\" sizes=\"auto, (max-width: 175px) 100vw, 175px\" \/><\/a>di Marco Gaz<\/strong><\/p>\n<p><strong>REDAZIONE<\/strong> Dopo &#8220;Amaca&#8221; e &#8220;Tempo Perso&#8221;, Mattia Andrich torna negli studi di Radio Pi\u00f9 per presentare il nuovo singolo dal titolo &#8220;Check-In&#8221;. &#8220;Check-in \u00e8 una canzone nata per chiedere scusa a tutte quelle persone a cui non dedichiamo le giuste attenzioni, persi nei nostri pensieri, nei nostri problemi o nei nostri sogni a occhi aperti. Ma \u00e8 anche una canzone che ho scritto per spiegare come mi sento spesso, immobile a guardare la mia vita che corre, mentre io tiro il freno a mano. Come in un aeroporto, senza nessun biglietto, aspettando il mio decollo, ma stando fermo fuori dal check-in. Il barno si pu\u00f2 ascoltare su tutte le principali piattaforme digitali di streaming musicale.<\/p>\n<p><strong>L&#8217;INTERVISTA A MATTIA ANDRICH<\/strong><\/p>\n<audio class=\"wp-audio-shortcode\" id=\"audio-325711-17\" preload=\"none\" style=\"width: 100%;\" controls=\"controls\"><source type=\"audio\/mpeg\" src=\"https:\/\/www.radiopiu.net\/wordpress\/wp-content\/uploads\/2023\/03\/MATTIA-ANDRICH-NUOVO-SINGOLO.mp3?_=17\" \/><a href=\"https:\/\/www.radiopiu.net\/wordpress\/wp-content\/uploads\/2023\/03\/MATTIA-ANDRICH-NUOVO-SINGOLO.mp3\">https:\/\/www.radiopiu.net\/wordpress\/wp-content\/uploads\/2023\/03\/MATTIA-ANDRICH-NUOVO-SINGOLO.mp3<\/a><\/audio>\n<p>&nbsp;<\/p>\n<p><iframe loading=\"lazy\" title=\"Mattia Andrich - Check-in\" width=\"1200\" height=\"675\" src=\"https:\/\/www.youtube.com\/embed\/1ukNpfgjHjQ?feature=oembed\" frameborder=\"0\" allow=\"accelerometer; autoplay; clipboard-write; encrypted-media; gyroscope; picture-in-picture; web-share\" allowfullscreen><\/iframe><\/p>\n<p>&nbsp;<\/p>\n<hr \/>\n<p>&nbsp;<\/p>\n<div>\n<div class=\"b654a4as d2edcug0\">\n<div class=\"rq0escxv hkbzh7o3 jwdofwj8 n8tt0mok r8blr3vg hyh9befq\">\n<p><a class=\"dt-pswp-item\" href=\"https:\/\/www.radiopiu.net\/wordpress\/wp-content\/uploads\/2020\/10\/pp.jpg\" data-dt-img-description=\"\" data-large_image_width=\"640\" data-large_image_height=\"640\"><img loading=\"lazy\" decoding=\"async\" class=\"wp-image-163678 alignleft\" src=\"https:\/\/www.radiopiu.net\/wordpress\/wp-content\/uploads\/2020\/10\/pp-300x300.jpg\" alt=\"\" width=\"106\" height=\"106\" srcset=\"https:\/\/www.radiopiu.net\/wordpress\/wp-content\/uploads\/2020\/10\/pp-300x300.jpg 300w, https:\/\/www.radiopiu.net\/wordpress\/wp-content\/uploads\/2020\/10\/pp-150x150.jpg 150w, https:\/\/www.radiopiu.net\/wordpress\/wp-content\/uploads\/2020\/10\/pp-125x125.jpg 125w, https:\/\/www.radiopiu.net\/wordpress\/wp-content\/uploads\/2020\/10\/pp-200x200.jpg 200w, https:\/\/www.radiopiu.net\/wordpress\/wp-content\/uploads\/2020\/10\/pp-80x80.jpg 80w, https:\/\/www.radiopiu.net\/wordpress\/wp-content\/uploads\/2020\/10\/pp-480x480.jpg 480w, https:\/\/www.radiopiu.net\/wordpress\/wp-content\/uploads\/2020\/10\/pp.jpg 640w\" sizes=\"auto, (max-width: 106px) 100vw, 106px\" \/><\/a><\/p>\n<\/div>\n<\/div>\n<\/div>\n<div>\n<div class=\"page-title-head hgroup\">\n<div class=\"page-title-head hgroup\">\n<div class=\"b654a4as d2edcug0\">\n<div class=\"j83agx80 btwxx1t3 lhclo0ds hop8lmos nkwizq5d scwd0bx6 roh60bw9\">\n<div class=\"rq0escxv hkbzh7o3 jwdofwj8 n8tt0mok r8blr3vg hyh9befq\">\n<div class=\"do00u71z l9j0dhe7 k4urcfbm\" style=\"text-align: left;\">\n<h2><span style=\"color: #000080;\">DON CESARE, IL PENSIERO DEL GIORNO. ALLA RADIO ALLE 7 DEL MATTINO E ALLE 19.30 DELLA SERA\u00a0<\/span><\/h2>\n<audio class=\"wp-audio-shortcode\" id=\"audio-325711-18\" preload=\"none\" style=\"width: 100%;\" controls=\"controls\"><source type=\"audio\/mpeg\" src=\"https:\/\/www.radiopiu.net\/wordpress\/wp-content\/uploads\/2023\/03\/CESARE-8.mp3?_=18\" \/><a href=\"https:\/\/www.radiopiu.net\/wordpress\/wp-content\/uploads\/2023\/03\/CESARE-8.mp3\">https:\/\/www.radiopiu.net\/wordpress\/wp-content\/uploads\/2023\/03\/CESARE-8.mp3<\/a><\/audio>\n<\/div>\n<\/div>\n<\/div>\n<\/div>\n<\/div>\n<\/div>\n<\/div>\n<p>&nbsp;<\/p>\n<hr \/>\n<p>&nbsp;<\/p>\n<h2><span style=\"color: #ff00ff;\">IN VIVO VERSO\u00a0 \u00a0\u00a0<\/span><\/h2>\n<p><strong>AUDIO<\/strong><\/p>\n<audio class=\"wp-audio-shortcode\" id=\"audio-325711-19\" preload=\"none\" style=\"width: 100%;\" controls=\"controls\"><source type=\"audio\/mpeg\" src=\"https:\/\/www.radiopiu.net\/wordpress\/wp-content\/uploads\/2023\/03\/04-GIORGIO-GRAZIANO-DOLOMITI.mp3?_=19\" \/><a href=\"https:\/\/www.radiopiu.net\/wordpress\/wp-content\/uploads\/2023\/03\/04-GIORGIO-GRAZIANO-DOLOMITI.mp3\">https:\/\/www.radiopiu.net\/wordpress\/wp-content\/uploads\/2023\/03\/04-GIORGIO-GRAZIANO-DOLOMITI.mp3<\/a><\/audio>\n<p>&nbsp;<\/p>\n<p><img loading=\"lazy\" decoding=\"async\" class=\"alignleft\" src=\"https:\/\/www.radiopiu.net\/wordpress\/wp-content\/uploads\/2023\/03\/4-GIORGIO-GRAZIANO.jpg\" width=\"106\" height=\"156\" \/><strong>Giorgio Graziano<\/strong><br \/>\n<strong>DOLOMITI<\/strong><\/p>\n<p>Arpeggia il vento<br \/>\ntra le guglie.<br \/>\nNavata immensa di<br \/>\neccelsa cattedrale<br \/>\n\u00e8 l&#8217;incarnato delle rocce.<br \/>\nCapriate di nubi<br \/>\nal cielo fanno volta,<br \/>\nove sublime come<br \/>\nd&#8217;eterno organo<br \/>\ndivina trionfa<br \/>\nin musica la luce<\/p>\n<p>&nbsp;<\/p>\n<div dir=\"auto\">\n<div dir=\"auto\">\n<div dir=\"auto\">\n<div dir=\"auto\">\n<div dir=\"auto\">\n<div dir=\"auto\">\n<p><strong>LA RACCOLTA COMPLETA<\/strong><\/p>\n<blockquote class=\"wp-embedded-content\" data-secret=\"5CyNOaDfyD\"><p><a href=\"https:\/\/www.radiopiu.net\/wordpress\/in-vivo-verso\/\">In Vivo Verso<\/a><\/p><\/blockquote>\n<p><iframe loading=\"lazy\" class=\"wp-embedded-content\" sandbox=\"allow-scripts\" security=\"restricted\" style=\"position: absolute; clip: rect(1px, 1px, 1px, 1px);\" title=\"&#8220;In Vivo Verso&#8221; &#8212; Radio Pi\u00f9\" src=\"https:\/\/www.radiopiu.net\/wordpress\/in-vivo-verso\/embed\/#?secret=vRYoW6gLMO#?secret=5CyNOaDfyD\" data-secret=\"5CyNOaDfyD\" width=\"600\" height=\"338\" frameborder=\"0\" marginwidth=\"0\" marginheight=\"0\" scrolling=\"no\"><\/iframe><\/p>\n<p><strong>\u00a0<\/strong><\/p>\n<\/div>\n<\/div>\n<\/div>\n<hr \/>\n<\/div>\n<\/div>\n<\/div>\n<p>&nbsp;<\/p>\n<p>&nbsp;<\/p>\n<h2><span style=\"color: #008080;\">GOCCE DI FILOSOFIA<\/span><\/h2>\n<h3 class=\"entry-title\">GOCCE DI FILOSOFIA \u2013 PUNTATA 264\u2013 CHIARA CAU<\/h3>\n<audio class=\"wp-audio-shortcode\" id=\"audio-325711-20\" preload=\"none\" style=\"width: 100%;\" controls=\"controls\"><source type=\"audio\/mpeg\" src=\"https:\/\/www.radiopiu.net\/wordpress\/wp-content\/uploads\/2023\/03\/FI4.mp3?_=20\" \/><a href=\"https:\/\/www.radiopiu.net\/wordpress\/wp-content\/uploads\/2023\/03\/FI4.mp3\">https:\/\/www.radiopiu.net\/wordpress\/wp-content\/uploads\/2023\/03\/FI4.mp3<\/a><\/audio>\n<p>&nbsp;<\/p>\n<p>LA RACCOLTA COMPLETA<\/p>\n<blockquote class=\"wp-embedded-content\" data-secret=\"eEupfRTpU8\"><p><a href=\"https:\/\/www.radiopiu.net\/wordpress\/gocce-filosofia\/\">Gocce di filosofia,  LA TERZA STAGIONE&#8230; 2023<\/a><\/p><\/blockquote>\n<p><iframe loading=\"lazy\" class=\"wp-embedded-content\" sandbox=\"allow-scripts\" security=\"restricted\" style=\"position: absolute; clip: rect(1px, 1px, 1px, 1px);\" title=\"&#8220;Gocce di filosofia,  LA TERZA STAGIONE&#8230; 2023&#8221; &#8212; Radio Pi\u00f9\" src=\"https:\/\/www.radiopiu.net\/wordpress\/gocce-filosofia\/embed\/#?secret=nOITdG2umH#?secret=eEupfRTpU8\" data-secret=\"eEupfRTpU8\" width=\"600\" height=\"338\" frameborder=\"0\" marginwidth=\"0\" marginheight=\"0\" scrolling=\"no\"><\/iframe><\/p>\n<p>&nbsp;<\/p>\n<p>&nbsp;<\/p>\n<hr \/>\n<p>&nbsp;<\/p>\n<h2><strong><a class=\"dt-pswp-item\" href=\"https:\/\/www.radiopiu.net\/wordpress\/wp-content\/uploads\/2021\/11\/FORCELLA-AURINE.jpg\" data-dt-img-description=\"\" data-large_image_width=\"960\" data-large_image_height=\"720\"><img loading=\"lazy\" decoding=\"async\" class=\" wp-image-241538 alignleft\" src=\"https:\/\/www.radiopiu.net\/wordpress\/wp-content\/uploads\/2021\/11\/FORCELLA-AURINE-300x225.jpg\" alt=\"\" width=\"191\" height=\"143\" srcset=\"https:\/\/www.radiopiu.net\/wordpress\/wp-content\/uploads\/2021\/11\/FORCELLA-AURINE-300x225.jpg 300w, https:\/\/www.radiopiu.net\/wordpress\/wp-content\/uploads\/2021\/11\/FORCELLA-AURINE-768x576.jpg 768w, https:\/\/www.radiopiu.net\/wordpress\/wp-content\/uploads\/2021\/11\/FORCELLA-AURINE.jpg 960w\" sizes=\"auto, (max-width: 191px) 100vw, 191px\" \/><\/a><\/strong><span style=\"color: #33cccc;\">LA RASSEGNA STAMPA DA L&#8217;AMICO DEL POPOLO<\/span><\/h2>\n<p><strong>di Gianni Santomaso<\/strong><\/p>\n<p>OSPITE: Morgan Gnech<\/p>\n<audio class=\"wp-audio-shortcode\" id=\"audio-325711-21\" preload=\"none\" style=\"width: 100%;\" controls=\"controls\"><source type=\"audio\/mpeg\" src=\"https:\/\/www.radiopiu.net\/wordpress\/wp-content\/uploads\/2023\/03\/RASSEGNA-GIANNI.mp3?_=21\" \/><a href=\"https:\/\/www.radiopiu.net\/wordpress\/wp-content\/uploads\/2023\/03\/RASSEGNA-GIANNI.mp3\">https:\/\/www.radiopiu.net\/wordpress\/wp-content\/uploads\/2023\/03\/RASSEGNA-GIANNI.mp3<\/a><\/audio>\n<p>&nbsp;<\/p>\n<hr \/>\n<p>&nbsp;<\/p>\n<div class=\"column\">\n<p><img loading=\"lazy\" decoding=\"async\" class=\"aligncenter wp-image-61954 size-full\" src=\"https:\/\/www.radiopiu.net\/wordpress\/wp-content\/uploads\/2018\/09\/viabilita.jpeg\" sizes=\"auto, (max-width: 800px) 100vw, 800px\" srcset=\"https:\/\/www.radiopiu.net\/wordpress\/wp-content\/uploads\/2018\/09\/viabilita.jpeg 800w, https:\/\/www.radiopiu.net\/wordpress\/wp-content\/uploads\/2018\/09\/viabilita-300x38.jpeg 300w, https:\/\/www.radiopiu.net\/wordpress\/wp-content\/uploads\/2018\/09\/viabilita-768x96.jpeg 768w\" alt=\"\" width=\"800\" height=\"100\" \/><\/p>\n<p>&nbsp;<\/p>\n<blockquote>\n<h3>SENSO UNICO ALTERNATO IN GALLERIA DEI CASTEI<\/h3>\n<\/blockquote>\n<p><strong>SR 203 AGORDINA<\/strong> nelle giornate del <span style=\"color: #ff0000;\">13 e 14 marzo<\/span> dalle 20 alle 6 del giorno successivo senso unico alternato regolato da movieri o semaforo in Galleria dei Castei in comune di La Valle Agordina<\/p>\n<p>&nbsp;<\/p>\n<blockquote class=\"wp-embedded-content\" data-secret=\"rX2uPhyj7y\"><p><a href=\"https:\/\/www.radiopiu.net\/wordpress\/viabilita\/\">viabilita<\/a><\/p><\/blockquote>\n<p><iframe loading=\"lazy\" class=\"wp-embedded-content\" sandbox=\"allow-scripts\" security=\"restricted\" style=\"position: absolute; clip: rect(1px, 1px, 1px, 1px);\" title=\"&#8220;viabilita&#8221; &#8212; Radio Pi\u00f9\" src=\"https:\/\/www.radiopiu.net\/wordpress\/viabilita\/embed\/#?secret=1MgXrh4lDO#?secret=rX2uPhyj7y\" data-secret=\"rX2uPhyj7y\" width=\"600\" height=\"338\" frameborder=\"0\" marginwidth=\"0\" marginheight=\"0\" scrolling=\"no\"><\/iframe><\/p>\n<div>\n<div dir=\"ltr\">\n<div class=\"gmail_quote\">\n<div dir=\"ltr\">\n<div class=\"gmail_quote\"><\/div>\n<\/div>\n<\/div>\n<\/div>\n<\/div>\n<p>&nbsp;<\/p>\n<hr \/>\n<p>&nbsp;<\/p>\n<p><a class=\"dt-pswp-item\" href=\"https:\/\/www.radiopiu.net\/wordpress\/wp-content\/uploads\/2018\/09\/WhatsApp-Image-2018-09-20-at-16.04.06.jpeg\" data-dt-img-description=\"\" data-large_image_width=\"800\" data-large_image_height=\"100\"><img loading=\"lazy\" decoding=\"async\" class=\"wp-image-61378 size-full aligncenter\" src=\"https:\/\/www.radiopiu.net\/wordpress\/wp-content\/uploads\/2018\/09\/WhatsApp-Image-2018-09-20-at-16.04.06.jpeg\" alt=\"\" width=\"800\" height=\"100\" srcset=\"https:\/\/www.radiopiu.net\/wordpress\/wp-content\/uploads\/2018\/09\/WhatsApp-Image-2018-09-20-at-16.04.06.jpeg 800w, https:\/\/www.radiopiu.net\/wordpress\/wp-content\/uploads\/2018\/09\/WhatsApp-Image-2018-09-20-at-16.04.06-300x38.jpeg 300w, https:\/\/www.radiopiu.net\/wordpress\/wp-content\/uploads\/2018\/09\/WhatsApp-Image-2018-09-20-at-16.04.06-768x96.jpeg 768w\" sizes=\"auto, (max-width: 800px) 100vw, 800px\" \/><\/a><\/p>\n<p>&nbsp;<\/p>\n<\/div>\n<p><center><b>OGGI<\/b><\/center>Al mattino cielo molto nuvoloso\/coperto per estesa copertura stratiforme associata a qualche debole precipitazione sparsa. Dalle ore centrali in poi riduzione della nuvolosit\u00e0 che diventer\u00e0 irregolare con ritorno di schiarite su tutti i settori.<br \/>\n<b>Precipitazioni: <\/b>Al mattino probabilit\u00e0 medio-alta (50-70%) di deboli fenomeni sparsi (1-2 mm, loc. 5 mm), nevosi sopra i 1400-1500 m sulle Dolomiti e 1700-1800 m sulle Prealpi. Dalle ore centrali in poi precipitazioni pressoch\u00e9 assenti, salvo residui e sporadici piovaschi (10%) e fiocchi di neve sulle cime.<br \/>\n<b>Temperature: <\/b>Minime in leggero aumento e massime in generale lieve flessione, ma comunque superiori alla media del periodo.<\/p>\n<hr \/>\n<p><center><b>DOMANI<\/b><\/center>Su Dolomiti generalmente soleggiato, nonostante qualche temporaneo annuvolamento da nord sui settori pi\u00f9 settentrionali. Sulle Prealpi ben soleggiato con cielo generalmente sereno tutto il giorno.<br \/>\n<b>Precipitazioni: <\/b>Assenti (0%).<br \/>\n<b>Temperature: <\/b>In generale diminuzione, salvo improvvisi rialzi nelle valli interessate dagli episodi di Foehn. In quota le minime saranno osservate alla sera.<\/p>\n<hr \/>\n<p><center><b>DOMENICA<\/b><\/center>Tempo maggiormente soleggiato, specie sulle Prealpi, mentre qualche annuvolamento interesser\u00e0 temporaneamente il settore dolomitico, specie a inizio giornata. Temperature in generale calo, pi\u00f9 marcato in quota.<\/p>\n<hr \/>\n<p><center><b>LUNEDI<\/b><\/center>Parzialmente soleggiato per la presenza di nubi alte in grado di velare il cielo per gran parte della giornata. Alla sera intensificazione delle nubi alte. Temperature in generale aumento con valori diurni decisamente sopra la media del periodo a tutte le quote<\/p>\n<p>&nbsp;<\/p>\n<hr \/>\n<p>&nbsp;<\/p>\n<p><a class=\"dt-pswp-item\" href=\"https:\/\/www.radiopiu.net\/wordpress\/wp-content\/uploads\/2018\/09\/sport.jpg\" data-dt-img-description=\"\" data-large_image_width=\"800\" data-large_image_height=\"100\"><img loading=\"lazy\" decoding=\"async\" class=\"aligncenter wp-image-60761 size-full\" src=\"https:\/\/www.radiopiu.net\/wordpress\/wp-content\/uploads\/2018\/09\/sport.jpg\" alt=\"\" width=\"800\" height=\"100\" srcset=\"https:\/\/www.radiopiu.net\/wordpress\/wp-content\/uploads\/2018\/09\/sport.jpg 800w, https:\/\/www.radiopiu.net\/wordpress\/wp-content\/uploads\/2018\/09\/sport-300x38.jpg 300w, https:\/\/www.radiopiu.net\/wordpress\/wp-content\/uploads\/2018\/09\/sport-768x96.jpg 768w\" sizes=\"auto, (max-width: 800px) 100vw, 800px\" \/><\/a><\/p>\n<p><span style=\"color: #0000ff;\"><strong>\u00a0<\/strong><\/span><\/p>\n<p><span style=\"color: #0000ff;\"><strong>HOCKEY SU GHIACCIO<\/strong><\/span><\/p>\n<blockquote>\n<h3>PER L&#8217;ALLENATORE DELL&#8217;ALLEGHE HOCKEY ALESSANDRO FONTANA E&#8217; ANCORA PRESTO PER TIRARE LE SOMME DELLA STAGIONE APPENA CONCLUSA<\/h3>\n<\/blockquote>\n<p><strong><a class=\"dt-pswp-item\" href=\"https:\/\/www.radiopiu.net\/wordpress\/wp-content\/uploads\/2021\/09\/ALLEGHE-PANCHINA.jpg\" data-dt-img-description=\"\" data-large_image_width=\"1000\" data-large_image_height=\"665\"><img loading=\"lazy\" decoding=\"async\" class=\" wp-image-233998 alignleft\" src=\"https:\/\/www.radiopiu.net\/wordpress\/wp-content\/uploads\/2021\/09\/ALLEGHE-PANCHINA-300x200.jpg\" alt=\"\" width=\"185\" height=\"123\" srcset=\"https:\/\/www.radiopiu.net\/wordpress\/wp-content\/uploads\/2021\/09\/ALLEGHE-PANCHINA-300x200.jpg 300w, https:\/\/www.radiopiu.net\/wordpress\/wp-content\/uploads\/2021\/09\/ALLEGHE-PANCHINA-768x511.jpg 768w, https:\/\/www.radiopiu.net\/wordpress\/wp-content\/uploads\/2021\/09\/ALLEGHE-PANCHINA.jpg 1000w\" sizes=\"auto, (max-width: 185px) 100vw, 185px\" \/><\/a>di Marco Gaz<\/strong><\/p>\n<p><strong>REDAZIONE\u00a0<\/strong>Sono passati quasi 15 giorni dall&#8217;ultima partita stagionale dell&#8217;Alleghe Hockey nel campionato IHL. Le civette hanno chiuso la stagione all&#8217;ultimo posto in classifica. Tante sconfitte, lo stadio chiuso per tanto tempo, gli infortuni. Queste alcune delle motivazioni che hanno reso il campionato degli alleghesi un campionato da dimenticare in fretta.<\/p>\n<p><strong>L&#8217;INTERVISTA ALL&#8217;ALLENATORE DELL&#8217;ALLEGHE HOCKEY ALESSANDRO FONTANA<\/strong><\/p>\n<audio class=\"wp-audio-shortcode\" id=\"audio-325711-22\" preload=\"none\" style=\"width: 100%;\" controls=\"controls\"><source type=\"audio\/mpeg\" src=\"https:\/\/www.radiopiu.net\/wordpress\/wp-content\/uploads\/2023\/03\/HOCKEY-ALESSANDRO-FONTANA.mp3?_=22\" \/><a href=\"https:\/\/www.radiopiu.net\/wordpress\/wp-content\/uploads\/2023\/03\/HOCKEY-ALESSANDRO-FONTANA.mp3\">https:\/\/www.radiopiu.net\/wordpress\/wp-content\/uploads\/2023\/03\/HOCKEY-ALESSANDRO-FONTANA.mp3<\/a><\/audio>\n<p>&nbsp;<\/p>\n<hr \/>\n<p>&nbsp;<\/p>\n<p><span style=\"color: #0000ff;\"><strong>SCI DI FONDO<\/strong><\/span><\/p>\n<blockquote>\n<h3>COPPA ITALIA A FALCADE: CI SIAMO, ATTESISSIMO ELIA BARP!<\/h3>\n<\/blockquote>\n<p><strong><a class=\"dt-pswp-item\" href=\"https:\/\/www.radiopiu.net\/wordpress\/wp-content\/uploads\/2023\/02\/\u00a9Ticomunicazione-Campionati-italiani-sci-di-fondo-Falcade-10.jpg\" data-dt-img-description=\"\" data-large_image_width=\"2000\" data-large_image_height=\"1333\"><img loading=\"lazy\" decoding=\"async\" class=\" wp-image-323571 alignleft\" src=\"https:\/\/www.radiopiu.net\/wordpress\/wp-content\/uploads\/2023\/02\/\u00a9Ticomunicazione-Campionati-italiani-sci-di-fondo-Falcade-10-300x200.jpg\" alt=\"\" width=\"189\" height=\"126\" srcset=\"https:\/\/www.radiopiu.net\/wordpress\/wp-content\/uploads\/2023\/02\/\u00a9Ticomunicazione-Campionati-italiani-sci-di-fondo-Falcade-10-300x200.jpg 300w, https:\/\/www.radiopiu.net\/wordpress\/wp-content\/uploads\/2023\/02\/\u00a9Ticomunicazione-Campionati-italiani-sci-di-fondo-Falcade-10-1024x682.jpg 1024w, https:\/\/www.radiopiu.net\/wordpress\/wp-content\/uploads\/2023\/02\/\u00a9Ticomunicazione-Campionati-italiani-sci-di-fondo-Falcade-10-768x512.jpg 768w, https:\/\/www.radiopiu.net\/wordpress\/wp-content\/uploads\/2023\/02\/\u00a9Ticomunicazione-Campionati-italiani-sci-di-fondo-Falcade-10-1536x1024.jpg 1536w, https:\/\/www.radiopiu.net\/wordpress\/wp-content\/uploads\/2023\/02\/\u00a9Ticomunicazione-Campionati-italiani-sci-di-fondo-Falcade-10.jpg 2000w\" sizes=\"auto, (max-width: 189px) 100vw, 189px\" \/><\/a>FALCADE\u00a0<\/strong>Si stanno definendo gli ultimi dettagli a Falcade\u00a0in vista della Coppa Italia di sci di fondo, in programma sabato 11 e domenica 12 marzo. Il circuito ritorna in Valle del Biois a distanza di poco pi\u00f9 di tre anni dal febbraio del 2020 quando la due giorni di Coppa fu \u201cstoppata\u201d a met\u00e0 dello svolgimento a causa dell\u2019emergenza sanitaria legata al Covid. Nell\u2019imminente week-end si \u201criparte\u201d con una due giorni che riporta in valle il grande sci di fondo, una disciplina che in Valle del Biois ha sempre trovato terreno fertile, con tanti campioni che hanno vestito la tuta azzurra: da Gioacchino Busin a Angelo Genuin e Franco Manfroi, da Magda Genuin a Fulvio Scola per arrivare a Elia Barp, l\u2019atleta classe 2002 che costituisce una delle speranze pi\u00f9 concrete del fondismo italiano. Proprio Barp \u00e8 uno dei protagonisti pi\u00f9 attesi del settore Senior che vedr\u00e0 al via altri atleti italiani reduci dai Campionati del mondo come Davide Graz e Simone Mocellini, in questa stagione sul podio di Coppa del mondo nella sprint. Accanto agli atleti italiani ci saranno anche degli stranieri: la due giorni, infatti, oltre che essere sotto l\u2019egida Fisi (federazione italiana sport invernali) \u00e8 anche sotto l\u2019egida della Fis (federazione internazionale sci): iscritti fondisti di Irlanda, Svizzera e Stati Uniti. Accanto ai Senior, spazio anche alle gare giovanili: in pista Under 16 (Allievi), Under 18 (Aspiranti) e Under 20 (Juniores). In palio il secondo memorial Ernesto Fenti (a ricordo di uno dei fondatori e poi a lungo presidente dello Sci club Val Biois) che andr\u00e0 alla societ\u00e0 che al termine della due giorni avr\u00e0 totalizzato il maggior punteggio. Alle prime tre societ\u00e0 classificate andranno i trofei realizzati in legno dall\u2019artista Marco Valt, detto \u201cFoia\u201d. Premio speciale dedicato a Giovanni Viel, il giornalista e speaker bellunese specializzato nello sci di fondo, scomparso un mese fa, che tante volte ha commentato lo sci di fondo a Falcade, in eventi piccoli e grandi. Il premio speciale andr\u00e0 al ragazzo e alla ragazza Under 18 che avranno realizzato il miglior tempo nella giornata di domenica. Il programma prevede per entrambe le giornate l\u2019inizio gara alle 9.30. Sabato le premiazioni si svolgeranno alle 18.30 in piazza a Falcade (fronte municipio) mentre domenica al campo gara.<\/p>\n<p><strong>L&#8217;INTERVISTA A MATTEO CAGNATI, DI MIRKO MEZZACASA DAL GIORNALE RADIO DEL POMERIGGIO<\/strong><\/p>\n<audio class=\"wp-audio-shortcode\" id=\"audio-325711-23\" preload=\"none\" style=\"width: 100%;\" controls=\"controls\"><source type=\"audio\/mpeg\" src=\"https:\/\/www.radiopiu.net\/wordpress\/wp-content\/uploads\/2023\/02\/GR-1630-1.mp3?_=23\" \/><a href=\"https:\/\/www.radiopiu.net\/wordpress\/wp-content\/uploads\/2023\/02\/GR-1630-1.mp3\">https:\/\/www.radiopiu.net\/wordpress\/wp-content\/uploads\/2023\/02\/GR-1630-1.mp3<\/a><\/audio>\n<p>&nbsp;<\/p>\n<hr \/>\n<p>&nbsp;<\/p>\n<p><span style=\"color: #0000ff;\"><strong>SCI ALPINO<\/strong><\/span><\/p>\n<blockquote>\n<h3>SKI CROSS E GIGANTE NELLA TERZA GIORNATA DEL NET INSURANCE<\/h3>\n<\/blockquote>\n<p><strong>PASSO SAN PELLEGRINO <\/strong>Terza giornata delle finali regionali del Grand Prix Ragazzi \u2013 Allievi Net Insurance. In programma lo skicross per le categorie Ragazzi e il gigante per le categorie Allievi. Per quanto riguarda il gigante, vittoria ex aequo tra le Allieve di Giulia Alver\u00e0 (Cortina) e Giorgia Oprandi (Ski College Veneto Falcade), con Lucia Sartorelli (Drusci\u00e9) sul terzo gradino del podio. Nel gigante Allievi si \u00e8 imposto Luca De Conti (Drusci\u00e9) su Philip Ploner (Ski College Veneto Falcade) e Piero Molin (Trichiana). Classifiche complete su fisiveneto.com<\/p>\n\n\t\t\t<style type='text\/css'>\n\t\t\t\t#gallery-3 {\n\t\t\t\t\tmargin: auto;\n\t\t\t\t}\n\t\t\t\t#gallery-3 .gallery-item {\n\t\t\t\t\tfloat: left;\n\t\t\t\t\tmargin-top: 10px;\n\t\t\t\t\ttext-align: center;\n\t\t\t\t\twidth: 25%;\n\t\t\t\t}\n\t\t\t\t#gallery-3 img {\n\t\t\t\t\tborder: 2px solid #cfcfcf;\n\t\t\t\t}\n\t\t\t\t#gallery-3 .gallery-caption {\n\t\t\t\t\tmargin-left: 0;\n\t\t\t\t}\n\t\t\t\t\/* see gallery_shortcode() in wp-includes\/media.php *\/\n\t\t\t<\/style>\n\t\t<div id='gallery-3' class='dt-gallery-container gallery galleryid-325711 gallery-columns-4 gallery-size-medium'><dl class='gallery-item'>\n\t\t\t\t<dt class='gallery-icon landscape'>\n\t\t\t\t\t<a class=\"rollover rollover-zoom dt-pswp-item\" title=\"net insurance gigante allieve 09.03.2023\" data-dt-img-description=\"\" data-large_image_width=\"1600\" data-large_image_height=\"1067\"href='https:\/\/www.radiopiu.net\/wordpress\/wp-content\/uploads\/2023\/03\/net-insurance-gigante-allieve-09.03.2023.jpeg'><img loading=\"lazy\" decoding=\"async\" width=\"300\" height=\"200\" src=\"https:\/\/www.radiopiu.net\/wordpress\/wp-content\/uploads\/2023\/03\/net-insurance-gigante-allieve-09.03.2023-300x200.jpeg\" class=\"attachment-medium size-medium\" alt=\"\" srcset=\"https:\/\/www.radiopiu.net\/wordpress\/wp-content\/uploads\/2023\/03\/net-insurance-gigante-allieve-09.03.2023-300x200.jpeg 300w, https:\/\/www.radiopiu.net\/wordpress\/wp-content\/uploads\/2023\/03\/net-insurance-gigante-allieve-09.03.2023-1024x683.jpeg 1024w, https:\/\/www.radiopiu.net\/wordpress\/wp-content\/uploads\/2023\/03\/net-insurance-gigante-allieve-09.03.2023-768x512.jpeg 768w, https:\/\/www.radiopiu.net\/wordpress\/wp-content\/uploads\/2023\/03\/net-insurance-gigante-allieve-09.03.2023-1536x1024.jpeg 1536w, https:\/\/www.radiopiu.net\/wordpress\/wp-content\/uploads\/2023\/03\/net-insurance-gigante-allieve-09.03.2023.jpeg 1600w\" sizes=\"auto, (max-width: 300px) 100vw, 300px\" \/><\/a>\n\t\t\t\t<\/dt><\/dl><dl class='gallery-item'>\n\t\t\t\t<dt class='gallery-icon landscape'>\n\t\t\t\t\t<a class=\"rollover rollover-zoom dt-pswp-item\" title=\"net insurance gigante allievi 09.03.2023\" data-dt-img-description=\"\" data-large_image_width=\"1600\" data-large_image_height=\"1067\"href='https:\/\/www.radiopiu.net\/wordpress\/wp-content\/uploads\/2023\/03\/net-insurance-gigante-allievi-09.03.2023.jpeg'><img loading=\"lazy\" decoding=\"async\" width=\"300\" height=\"200\" src=\"https:\/\/www.radiopiu.net\/wordpress\/wp-content\/uploads\/2023\/03\/net-insurance-gigante-allievi-09.03.2023-300x200.jpeg\" class=\"attachment-medium size-medium\" alt=\"\" srcset=\"https:\/\/www.radiopiu.net\/wordpress\/wp-content\/uploads\/2023\/03\/net-insurance-gigante-allievi-09.03.2023-300x200.jpeg 300w, https:\/\/www.radiopiu.net\/wordpress\/wp-content\/uploads\/2023\/03\/net-insurance-gigante-allievi-09.03.2023-1024x683.jpeg 1024w, https:\/\/www.radiopiu.net\/wordpress\/wp-content\/uploads\/2023\/03\/net-insurance-gigante-allievi-09.03.2023-768x512.jpeg 768w, https:\/\/www.radiopiu.net\/wordpress\/wp-content\/uploads\/2023\/03\/net-insurance-gigante-allievi-09.03.2023-1536x1024.jpeg 1536w, https:\/\/www.radiopiu.net\/wordpress\/wp-content\/uploads\/2023\/03\/net-insurance-gigante-allievi-09.03.2023.jpeg 1600w\" sizes=\"auto, (max-width: 300px) 100vw, 300px\" \/><\/a>\n\t\t\t\t<\/dt><\/dl><dl class='gallery-item'>\n\t\t\t\t<dt class='gallery-icon landscape'>\n\t\t\t\t\t<a class=\"rollover rollover-zoom dt-pswp-item\" title=\"net insurance skicross ragazzi 09.03.2023\" data-dt-img-description=\"\" data-large_image_width=\"1600\" data-large_image_height=\"1067\"href='https:\/\/www.radiopiu.net\/wordpress\/wp-content\/uploads\/2023\/03\/net-insurance-skicross-ragazzi-09.03.2023.jpeg'><img loading=\"lazy\" decoding=\"async\" width=\"300\" height=\"200\" src=\"https:\/\/www.radiopiu.net\/wordpress\/wp-content\/uploads\/2023\/03\/net-insurance-skicross-ragazzi-09.03.2023-300x200.jpeg\" class=\"attachment-medium size-medium\" alt=\"\" srcset=\"https:\/\/www.radiopiu.net\/wordpress\/wp-content\/uploads\/2023\/03\/net-insurance-skicross-ragazzi-09.03.2023-300x200.jpeg 300w, https:\/\/www.radiopiu.net\/wordpress\/wp-content\/uploads\/2023\/03\/net-insurance-skicross-ragazzi-09.03.2023-1024x683.jpeg 1024w, https:\/\/www.radiopiu.net\/wordpress\/wp-content\/uploads\/2023\/03\/net-insurance-skicross-ragazzi-09.03.2023-768x512.jpeg 768w, https:\/\/www.radiopiu.net\/wordpress\/wp-content\/uploads\/2023\/03\/net-insurance-skicross-ragazzi-09.03.2023-1536x1024.jpeg 1536w, https:\/\/www.radiopiu.net\/wordpress\/wp-content\/uploads\/2023\/03\/net-insurance-skicross-ragazzi-09.03.2023.jpeg 1600w\" sizes=\"auto, (max-width: 300px) 100vw, 300px\" \/><\/a>\n\t\t\t\t<\/dt><\/dl><dl class='gallery-item'>\n\t\t\t\t<dt class='gallery-icon landscape'>\n\t\t\t\t\t<a class=\"rollover rollover-zoom dt-pswp-item\" title=\"net insurance skicross ragazze 09.03.2023\" data-dt-img-description=\"\" data-large_image_width=\"1536\" data-large_image_height=\"1024\"href='https:\/\/www.radiopiu.net\/wordpress\/wp-content\/uploads\/2023\/03\/net-insurance-skicross-ragazze-09.03.2023.jpeg'><img loading=\"lazy\" decoding=\"async\" width=\"300\" height=\"200\" src=\"https:\/\/www.radiopiu.net\/wordpress\/wp-content\/uploads\/2023\/03\/net-insurance-skicross-ragazze-09.03.2023-300x200.jpeg\" class=\"attachment-medium size-medium\" alt=\"\" srcset=\"https:\/\/www.radiopiu.net\/wordpress\/wp-content\/uploads\/2023\/03\/net-insurance-skicross-ragazze-09.03.2023-300x200.jpeg 300w, https:\/\/www.radiopiu.net\/wordpress\/wp-content\/uploads\/2023\/03\/net-insurance-skicross-ragazze-09.03.2023-1024x683.jpeg 1024w, https:\/\/www.radiopiu.net\/wordpress\/wp-content\/uploads\/2023\/03\/net-insurance-skicross-ragazze-09.03.2023-768x512.jpeg 768w, https:\/\/www.radiopiu.net\/wordpress\/wp-content\/uploads\/2023\/03\/net-insurance-skicross-ragazze-09.03.2023.jpeg 1536w\" sizes=\"auto, (max-width: 300px) 100vw, 300px\" \/><\/a>\n\t\t\t\t<\/dt><\/dl><br style=\"clear: both\" \/>\n\t\t\t<\/div>\n\n","protected":false},"excerpt":{"rendered":"<p>RADIO PIU INFORMAZIONE il canale su TELEGRAM informazione di prima\u00a0 mano e in tempo reale. iscriviti ed aiutaci a farlo conoscere\u00a0 \u00a0 \u00a0 &nbsp; LA VIGNETTA&#8230; DI PIERALDO VIGNAZIA, &#8220;VIP&#8221; &nbsp; &nbsp; ISCRIVITI AL NOSTRO CANALE YOUTUBE PER SEGUIRE IN DIRETTA I PRINCIPALI PROGRAMMI DI RADIO PIU&#8217; E LE FUTURE DIRETTE IN ESTERNA. PER ISCRIVERTI&hellip;<\/p>\n","protected":false},"author":4,"featured_media":325797,"comment_status":"closed","ping_status":"closed","sticky":false,"template":"","format":"standard","meta":{"_monsterinsights_skip_tracking":false,"_monsterinsights_sitenote_active":false,"_monsterinsights_sitenote_note":"","_monsterinsights_sitenote_category":0,"footnotes":""},"categories":[104,86,49],"tags":[],"class_list":["post-325711","post","type-post","status-publish","format-standard","has-post-thumbnail","hentry","category-evidenza_3","category-gr","category-news-18","category-104","category-86","category-49","description-off"],"img_url":"https:\/\/www.radiopiu.net\/wordpress\/wp-content\/uploads\/2023\/03\/Foto-1.jpg","_links":{"self":[{"href":"https:\/\/www.radiopiu.net\/wordpress\/wp-json\/wp\/v2\/posts\/325711","targetHints":{"allow":["GET"]}}],"collection":[{"href":"https:\/\/www.radiopiu.net\/wordpress\/wp-json\/wp\/v2\/posts"}],"about":[{"href":"https:\/\/www.radiopiu.net\/wordpress\/wp-json\/wp\/v2\/types\/post"}],"author":[{"embeddable":true,"href":"https:\/\/www.radiopiu.net\/wordpress\/wp-json\/wp\/v2\/users\/4"}],"replies":[{"embeddable":true,"href":"https:\/\/www.radiopiu.net\/wordpress\/wp-json\/wp\/v2\/comments?post=325711"}],"version-history":[{"count":0,"href":"https:\/\/www.radiopiu.net\/wordpress\/wp-json\/wp\/v2\/posts\/325711\/revisions"}],"wp:featuredmedia":[{"embeddable":true,"href":"https:\/\/www.radiopiu.net\/wordpress\/wp-json\/wp\/v2\/media\/325797"}],"wp:attachment":[{"href":"https:\/\/www.radiopiu.net\/wordpress\/wp-json\/wp\/v2\/media?parent=325711"}],"wp:term":[{"taxonomy":"category","embeddable":true,"href":"https:\/\/www.radiopiu.net\/wordpress\/wp-json\/wp\/v2\/categories?post=325711"},{"taxonomy":"post_tag","embeddable":true,"href":"https:\/\/www.radiopiu.net\/wordpress\/wp-json\/wp\/v2\/tags?post=325711"}],"curies":[{"name":"wp","href":"https:\/\/api.w.org\/{rel}","templated":true}]}}