{"id":325717,"date":"2023-03-09T05:25:33","date_gmt":"2023-03-09T04:25:33","guid":{"rendered":"https:\/\/www.radiopiu.net\/wordpress\/?p=325717"},"modified":"2023-03-09T05:28:32","modified_gmt":"2023-03-09T04:28:32","slug":"birra-marijuana-e-maltrattamenti-al-figliastro","status":"publish","type":"post","link":"https:\/\/www.radiopiu.net\/wordpress\/birra-marijuana-e-maltrattamenti-al-figliastro\/","title":{"rendered":"BIRRA, MARIJUANA E MALTRATTAMENTI AL FIGLIASTRO"},"content":{"rendered":"<p>OGGI SUL CORRIERE DELLE ALPI<\/p>\n<p>DI GIGI SOSSO<\/p>\n<p><strong><a class=\"dt-pswp-item\" href=\"https:\/\/www.radiopiu.net\/wordpress\/wp-content\/uploads\/2023\/03\/th-9.jpg\" data-dt-img-description=\"\" data-large_image_width=\"474\" data-large_image_height=\"341\"><img loading=\"lazy\" decoding=\"async\" class=\" wp-image-325718 alignleft\" src=\"https:\/\/www.radiopiu.net\/wordpress\/wp-content\/uploads\/2023\/03\/th-9-300x216.jpg\" alt=\"\" width=\"194\" height=\"140\" srcset=\"https:\/\/www.radiopiu.net\/wordpress\/wp-content\/uploads\/2023\/03\/th-9-300x216.jpg 300w, https:\/\/www.radiopiu.net\/wordpress\/wp-content\/uploads\/2023\/03\/th-9.jpg 474w\" sizes=\"auto, (max-width: 194px) 100vw, 194px\" \/><\/a>LAMON<\/strong> Beveva troppa birra e fumava troppa marijuana. La relazione con la convivente non funzionava pi\u00f9, in quella casa di Lamon e le conseguenze ricadevano tutte sul figliastro minorenne. Il pi\u00f9 grande dei due. Pugni, calci, ginocchiate e tirate di capelli, oltre che insulti continui. A.T. \u00e8 finito in tribunale per maltrattamenti aggravati e il ragazzo, che nel frattempo ha raggiunto la maggiore et\u00e0 gli chieder\u00e0 un risarcimento danni.<\/p>\n<p><em>\u00abEro uscito di casa per ascoltare musica e fumarmi una sigaretta e lui \u00e8 arrivato in auto con mio fratello pi\u00f9 piccolo, che era stato a giocare a calcio. Ho buttato la cicca per terra e siamo entrati insieme in casa. Sono andato in camera mia e prima mi ha preso a pugni, poi mi ha fatto lo sgambetto facendomi cadere per le scale e battere con la testa contro il muro, infine mi ha preso per i capelli, staccandomene con forza una ciocca. Ero ancora piccolo e non sono riuscito a difendermi, intanto mio fratello piangeva. Non potevamo fare altro\u00bb<\/em>.<\/p>\n<p>L&#8217;imputato \u00e8 difeso di fiducia dagli avvocati Fausta Bonan ed Enrico Tiziani , mentre il figliastro si \u00e8 costituito parte civile con Edoardo Montin del foro di Venezia. Nei prossimi mesi, saranno ascoltati i testimoni della difesa<\/p>\n<p>&nbsp;<\/p>\n<blockquote>\n<h3>DETENUTO PICCHIA LA CONVIVENTE<\/h3>\n<p><em>A processo\u00a0 il 15 novembre con altri testimoni.<\/em><\/p><\/blockquote>\n<p><strong>BELLUNO<\/strong> Detenuto a Baldenich in semilibert\u00e0, secondo l&#8217;accusa,\u00a0 sottoponeva la fidanzata a violenze psicologiche, denigrandola con insulti a sfondo sessuale. Tre gli episodi contestati di violenze fisiche.\u00a0 La donna gestiva una pizzeri. L&#8217;imputato collaborava nell&#8217;attivit\u00e0, essendo un esperto di cucina e lavorava nello stesso settore in carcere, contribuendo al sostentamento economico del figlio nato nel 2019 e affidato per un certo periodo di tempo ai servizi sociali, prima di tornare con la madre. Il piccolo avrebbe assistito almeno ad alcuni degli episodi contestati dalla Procura e questa \u00e8 l&#8217;aggravante.<\/p>\n<p>&nbsp;<\/p>\n<p>&nbsp;<\/p>\n<hr \/>\n<p>&nbsp;<\/p>\n","protected":false},"excerpt":{"rendered":"<p>OGGI SUL CORRIERE DELLE ALPI DI GIGI SOSSO LAMON Beveva troppa birra e fumava troppa marijuana. La relazione con la convivente non funzionava pi\u00f9, in quella casa di Lamon e le conseguenze ricadevano tutte sul figliastro minorenne. Il pi\u00f9 grande dei due. Pugni, calci, ginocchiate e tirate di capelli, oltre che insulti continui. A.T. \u00e8&hellip;<\/p>\n","protected":false},"author":4,"featured_media":325718,"comment_status":"closed","ping_status":"closed","sticky":false,"template":"","format":"standard","meta":{"_monsterinsights_skip_tracking":false,"_monsterinsights_sitenote_active":false,"_monsterinsights_sitenote_note":"","_monsterinsights_sitenote_category":0,"footnotes":""},"categories":[51,49],"tags":[],"class_list":["post-325717","post","type-post","status-publish","format-standard","has-post-thumbnail","hentry","category-evidenza-top","category-news-18","category-51","category-49","description-off"],"img_url":"https:\/\/www.radiopiu.net\/wordpress\/wp-content\/uploads\/2023\/03\/th-9.jpg","_links":{"self":[{"href":"https:\/\/www.radiopiu.net\/wordpress\/wp-json\/wp\/v2\/posts\/325717","targetHints":{"allow":["GET"]}}],"collection":[{"href":"https:\/\/www.radiopiu.net\/wordpress\/wp-json\/wp\/v2\/posts"}],"about":[{"href":"https:\/\/www.radiopiu.net\/wordpress\/wp-json\/wp\/v2\/types\/post"}],"author":[{"embeddable":true,"href":"https:\/\/www.radiopiu.net\/wordpress\/wp-json\/wp\/v2\/users\/4"}],"replies":[{"embeddable":true,"href":"https:\/\/www.radiopiu.net\/wordpress\/wp-json\/wp\/v2\/comments?post=325717"}],"version-history":[{"count":0,"href":"https:\/\/www.radiopiu.net\/wordpress\/wp-json\/wp\/v2\/posts\/325717\/revisions"}],"wp:featuredmedia":[{"embeddable":true,"href":"https:\/\/www.radiopiu.net\/wordpress\/wp-json\/wp\/v2\/media\/325718"}],"wp:attachment":[{"href":"https:\/\/www.radiopiu.net\/wordpress\/wp-json\/wp\/v2\/media?parent=325717"}],"wp:term":[{"taxonomy":"category","embeddable":true,"href":"https:\/\/www.radiopiu.net\/wordpress\/wp-json\/wp\/v2\/categories?post=325717"},{"taxonomy":"post_tag","embeddable":true,"href":"https:\/\/www.radiopiu.net\/wordpress\/wp-json\/wp\/v2\/tags?post=325717"}],"curies":[{"name":"wp","href":"https:\/\/api.w.org\/{rel}","templated":true}]}}