{"id":325723,"date":"2023-03-09T07:55:38","date_gmt":"2023-03-09T06:55:38","guid":{"rendered":"https:\/\/www.radiopiu.net\/wordpress\/?p=325723"},"modified":"2023-03-09T08:01:37","modified_gmt":"2023-03-09T07:01:37","slug":"ascolta-la-rassegna-stampa-di-radiopiu-ogni-giorno-alle-otto-del-mattino","status":"publish","type":"post","link":"https:\/\/www.radiopiu.net\/wordpress\/ascolta-la-rassegna-stampa-di-radiopiu-ogni-giorno-alle-otto-del-mattino\/","title":{"rendered":"ASCOLTA LA RASSEGNA STAMPA DI RADIOPIU, OGNI GIORNO ALLE OTTO DEL MATTINO"},"content":{"rendered":"<p><strong>ROCCA PIETORE<\/strong> Una disputa tra province. Di nuovo i confini della Marmolada, sempre in bilico. Per De Bernardin sar\u00e0 strategico mantenere il presidio sulla Regina, attesa per la sentenza.<br \/>\n<strong>FESTA DELLA DONNA<\/strong> I lavoratori di Sest e Costan in piazza contro le molestie in fabbrica, stalking, mobbing e violenza sessuale.<br \/>\n<strong>SAN VITO<\/strong> Dopo le dimissioni a raffica il Prefetto interviene: commissariato il Comune, in Cadore salir\u00e0 Antonio Russo.<br \/>\n<strong>CORTINA<\/strong> Tutto in famiglia, la figlia dell&#8217;assessore nominata nel CDA di Valpe. La nomina segue l&#8217;ingresso del Comune nell&#8217;azionariato della societ\u00e0 di rifiuti.<br \/>\n<strong>BELLUNO<\/strong> Personale dimezzato in quattro anni all&#8217;Inps. I servizi sono a rischio, dal 2019 persi 45 dipendenti, sugli 11 lavoratori assegnati ci sono forti dubbi circa il loro arrivo.<br \/>\n<strong>BELLUNO<\/strong> Lunedi al comunale la presentazione del libro su Leonardo del Vecchio<br \/>\n<strong>BELLUNO<\/strong>\u00a0Il Giudice di Pace di Belluno, lo scorso 28 febbraio, ha per l\u2019ennesima volta dichiarato illegittimo l\u2019autovelox del Giau, poich\u00e8 privo della prevista omologazione. Con una lunga ed articolata sentenza, dettagliata di norme e leggi indiscutibili e difficilmente impugnabile secondo gli avvocati di Altvelox<br \/>\n<strong>LAMON<\/strong> Beveva troppa birra e fumava troppa marijuana. Pugni, calci, ginocchiate e tirate di capelli, oltre che insulti continui. A.T. \u00e8 finito in tribunale per maltrattamenti aggravati<br \/>\n<strong>BELLUNO<\/strong> Detenuto a Baldenich in semilibert\u00e0, secondo l&#8217;accusa,\u00a0 sottoponeva la fidanzata a violenze psicologiche, denigrandola con insulti a sfondo sessuale<br \/>\n<strong>FALCADE<\/strong> Dal consiglio comunale di Falcade, non aumentano le tasse, ma a breve ci sar\u00e0 la novit\u00e0 dei parcheggi a pagamento come ormai \u00e8 ovunque e non solo nelle localit\u00e0 turistiche.<br \/>\n<strong>BELLUNO<\/strong> In Ulss Dolomiti sono sempre di pi\u00f9 le donne che prestano servizio nelle varie aree dell\u2019Azienda: le donne, infatti, rappresentano il 75% dei dipendenti dell\u2019Azienda; ricoprono il 56% delle posizioni dirigenziali.<br \/>\n<strong>FALCADE<\/strong> Come sar\u00e0 il campo di calcio al termine dell&#8217;inverno? Per ora si ricorda la gialla erba autunnale. Il manto erboso sar\u00e0 l&#8217;ago della bilancia. Se soddisfer\u00e0 i &#8220;tecnici del prato&#8221; il Venezia Calcio\u00a0 salir\u00e0 a Falcade per il ritiro pre campionato.<br \/>\n<strong>BELLUNO<\/strong> Appello delle associazioni ecologiste alle istituzioni: serve maggior impegno e lavoro di squadra per contrastare l&#8217;abbandono dei rifiuti lungo le strade.<br \/>\n<strong>FALCADE<\/strong>\u00a0 Valle del Biois orgogliosamente nel circuito WEEK 4 KIDS, ovvero \u00a0la\u00a0settimana bianca che accontenta tutta la famiglia: grandi e piccini. Neve, sci e tantissimo divertimento per tutti<br \/>\n<strong>FALCADE<\/strong> Ritorna il grande sci di fondo a Falcade. La localit\u00e0 della Valle del Biois, nelle Dolomiti Bellunesi, una delle piccole grandi capitali degli sci stretti, ospiter\u00e0 a met\u00e0 marzo la Coppa Italia, evento che vedr\u00e0 al via le categorie assolute e quelle giovanili (Juniores e Aspiranti).<br \/>\n<span style=\"color: #ff0000;\">OGGI SUL SITO DI RADIOPIU,<\/span> LO SPECIALE DI RENATO BONA: DEVASTATI IL TRATTO DONT-PASSO DURAN DELLA 347 E LA PROVINCIALE 346 DEL PASSO DI SAN PELLEGRINO<br \/>\ndi Gianni Santomaso LAVORO, SPORT, CASA: SEI RAGAZZE ALLO SPECCHIO. &#8220;BASTA STEREOTIPI, IL PATRIARCATO DEVE FINIRE&#8221;<br \/>\ndi Roberto Bona A 78 ANNI DALLA LOTTA DI LIBERAZIONE, DOMENICA LE COMMEMORAZIONI AL BOSCO DELLE CASTAGNE E PIAZZA DEI MARTIRI<br \/>\n<strong>CORTINA<\/strong> Moreno Fish Pesce pronto per la salita a Forcella Staunies<br \/>\n<strong>FELTRE<\/strong> Oggi alle 20.30 alla libreria Quattro Sass a Rasai di Seren del Grappa avr\u00e0 luogo un incontro per la presentazione del libro \u201c100 ANNI di Alpini a Feltre 1922-2022\u201d.<\/p>\n<p><strong>HOCKEY SU GHIACCIO<\/strong> INIZIANO I QUARTI DI FINALE PER LE CIVETTE UNDER 17<br \/>\n<strong>CALCIO<\/strong> CAMPIONATO AGORDINO DI CALCIO: IN FORSE IL RIVAMONTE<br \/>\n<strong>SCI ALPINO<\/strong> LA SECONDA GIORNATA DEL NET INSURANCE SUL SAN PELLEGRINO<br \/>\nAL TROFEO COMBINATA DEL <strong>FORESTALE<\/strong>, QUINTO POSTO PER LA POLIZIA PROVINCIALE DI BELLUNO<\/p>\n<p>&nbsp;<\/p>\n<p>&nbsp;<\/p>\n<p><iframe loading=\"lazy\" title=\"RASSEGNA STAMPA LOCALE\" width=\"1200\" height=\"675\" src=\"https:\/\/www.youtube.com\/embed\/NVd4uUpVtWU?feature=oembed\" frameborder=\"0\" allow=\"accelerometer; autoplay; clipboard-write; encrypted-media; gyroscope; picture-in-picture; web-share\" allowfullscreen><\/iframe><\/p>\n<p>&nbsp;<\/p>\n<p>&nbsp;<\/p>\n<p>&nbsp;<\/p>\n<p>&nbsp;<\/p>\n<hr \/>\n<p>&nbsp;<\/p>\n<p>&nbsp;<\/p>\n","protected":false},"excerpt":{"rendered":"<p>ROCCA PIETORE Una disputa tra province. Di nuovo i confini della Marmolada, sempre in bilico. Per De Bernardin sar\u00e0 strategico mantenere il presidio sulla Regina, attesa per la sentenza. FESTA DELLA DONNA I lavoratori di Sest e Costan in piazza contro le molestie in fabbrica, stalking, mobbing e violenza sessuale. SAN VITO Dopo le dimissioni&hellip;<\/p>\n","protected":false},"author":4,"featured_media":325720,"comment_status":"closed","ping_status":"closed","sticky":false,"template":"","format":"standard","meta":{"_monsterinsights_skip_tracking":false,"_monsterinsights_sitenote_active":false,"_monsterinsights_sitenote_note":"","_monsterinsights_sitenote_category":0,"footnotes":""},"categories":[104,49,142],"tags":[],"class_list":["post-325723","post","type-post","status-publish","format-standard","has-post-thumbnail","hentry","category-evidenza_3","category-news-18","category-rassegna-stampa","category-104","category-49","category-142","description-off"],"img_url":"https:\/\/www.radiopiu.net\/wordpress\/wp-content\/uploads\/2023\/03\/Senza-nome-34.jpg","_links":{"self":[{"href":"https:\/\/www.radiopiu.net\/wordpress\/wp-json\/wp\/v2\/posts\/325723","targetHints":{"allow":["GET"]}}],"collection":[{"href":"https:\/\/www.radiopiu.net\/wordpress\/wp-json\/wp\/v2\/posts"}],"about":[{"href":"https:\/\/www.radiopiu.net\/wordpress\/wp-json\/wp\/v2\/types\/post"}],"author":[{"embeddable":true,"href":"https:\/\/www.radiopiu.net\/wordpress\/wp-json\/wp\/v2\/users\/4"}],"replies":[{"embeddable":true,"href":"https:\/\/www.radiopiu.net\/wordpress\/wp-json\/wp\/v2\/comments?post=325723"}],"version-history":[{"count":0,"href":"https:\/\/www.radiopiu.net\/wordpress\/wp-json\/wp\/v2\/posts\/325723\/revisions"}],"wp:featuredmedia":[{"embeddable":true,"href":"https:\/\/www.radiopiu.net\/wordpress\/wp-json\/wp\/v2\/media\/325720"}],"wp:attachment":[{"href":"https:\/\/www.radiopiu.net\/wordpress\/wp-json\/wp\/v2\/media?parent=325723"}],"wp:term":[{"taxonomy":"category","embeddable":true,"href":"https:\/\/www.radiopiu.net\/wordpress\/wp-json\/wp\/v2\/categories?post=325723"},{"taxonomy":"post_tag","embeddable":true,"href":"https:\/\/www.radiopiu.net\/wordpress\/wp-json\/wp\/v2\/tags?post=325723"}],"curies":[{"name":"wp","href":"https:\/\/api.w.org\/{rel}","templated":true}]}}