{"id":325751,"date":"2023-03-09T23:59:24","date_gmt":"2023-03-09T22:59:24","guid":{"rendered":"https:\/\/www.radiopiu.net\/wordpress\/?p=325751"},"modified":"2023-03-09T14:51:41","modified_gmt":"2023-03-09T13:51:41","slug":"coppa-italia-a-falcade-ci-siamo-attesissimo-elia-barp","status":"publish","type":"post","link":"https:\/\/www.radiopiu.net\/wordpress\/coppa-italia-a-falcade-ci-siamo-attesissimo-elia-barp\/","title":{"rendered":"COPPA ITALIA A FALCADE: CI SIAMO,  ATTESISSIMO ELIA BARP!"},"content":{"rendered":"<p><strong>FALCADE\u00a0<\/strong>Si stanno definendo gli ultimi dettagli a <strong>Falcade<\/strong> (Dolomiti Bellunesi) in vista della <strong>Coppa Italia di sci di fondo<\/strong>, in programma <strong>sabato 11 e domenica 12 marzo<\/strong>. Il circuito ritorna in Valle del Biois a distanza di poco pi\u00f9 di tre anni dal febbraio del 2020 quando la due giorni di Coppa fu \u201cstoppata\u201d a met\u00e0 dello svolgimento a causa dell\u2019emergenza sanitaria legata al Covid. Nell\u2019imminente week-end si \u201criparte\u201d con una due giorni che riporta in valle il grande sci di fondo, una disciplina che in Valle del Biois ha sempre trovato terreno fertile, con tanti campioni che hanno vestito la tuta azzurra: da Gioacchino Busin a Angelo Genuin e Franco Manfroi, da Magda Genuin a Fulvio Scola per arrivare a Elia Barp, l\u2019atleta classe 2002 che costituisce una delle speranze pi\u00f9 concrete del fondismo italiano. Proprio Barp \u00e8 uno dei protagonisti pi\u00f9 attesi del settore Senior che vedr\u00e0 al via altri atleti italiani reduci dai Campionati del mondo come Davide Graz e Simone Mocellini, in questa stagione sul podio di Coppa del mondo nella sprint. Accanto agli atleti italiani ci saranno anche degli stranieri: la due giorni, infatti, oltre che essere sotto l\u2019egida Fisi (federazione italiana sport invernali) \u00e8 anche sotto l\u2019egida della <strong>Fis<\/strong> (federazione internazionale sci): iscritti fondisti di Irlanda, Svizzera e Stati Uniti. Accanto ai Senior, spazio anche alle gare giovanili: in pista Under 16 (Allievi), Under 18 (Aspiranti) e Under 20 (Juniores). In palio il secondo <strong>memorial Ernesto Fenti<\/strong> (a ricordo di uno dei fondatori e poi a lungo presidente dello Sci club Val Biois) che andr\u00e0 alla societ\u00e0 che al termine della due giorni avr\u00e0 totalizzato il maggior punteggio. Alle prime tre societ\u00e0 classificate andranno i <strong>trofei realizzati in legno dall\u2019artista Marco Valt<\/strong>, detto \u201cFoia\u201d. P<strong>remio speciale dedicato a Giovanni Viel<\/strong>, il giornalista e speaker bellunese specializzato nello sci di fondo, scomparso un mese fa, che tante volte ha commentato lo sci di fondo a Falcade, in eventi piccoli e grandi. Il premio speciale andr\u00e0 al ragazzo e alla ragazza Under 18 che avranno realizzato il miglior tempo nella giornata di domenica. Il programma prevede per entrambe le giornate l\u2019inizio gara alle 9.30. Sabato le premiazioni si svolgeranno alle 18.30 in piazza a Falcade (fronte municipio) mentre domenica al campo gara.<\/p>\n<p>&nbsp;<\/p>\n<p><strong>L&#8217;INTERVISTA A MATTEO CAGNATI, DI MIRKO MEZZACASA DAL GIORNALE RADIO DEL POMERIGGIO<\/strong><\/p>\n<audio class=\"wp-audio-shortcode\" id=\"audio-325751-1\" preload=\"none\" style=\"width: 100%;\" controls=\"controls\"><source type=\"audio\/mpeg\" src=\"https:\/\/www.radiopiu.net\/wordpress\/wp-content\/uploads\/2023\/02\/GR-1630-1.mp3?_=1\" \/><a href=\"https:\/\/www.radiopiu.net\/wordpress\/wp-content\/uploads\/2023\/02\/GR-1630-1.mp3\">https:\/\/www.radiopiu.net\/wordpress\/wp-content\/uploads\/2023\/02\/GR-1630-1.mp3<\/a><\/audio>\n<p>&nbsp;<\/p>\n<hr \/>\n<p>&nbsp;<\/p>\n<p>&nbsp;<\/p>\n<p>&nbsp;<\/p>\n","protected":false},"excerpt":{"rendered":"<p>FALCADE\u00a0Si stanno definendo gli ultimi dettagli a Falcade (Dolomiti Bellunesi) in vista della Coppa Italia di sci di fondo, in programma sabato 11 e domenica 12 marzo. Il circuito ritorna in Valle del Biois a distanza di poco pi\u00f9 di tre anni dal febbraio del 2020 quando la due giorni di Coppa fu \u201cstoppata\u201d a&hellip;<\/p>\n","protected":false},"author":4,"featured_media":325752,"comment_status":"closed","ping_status":"closed","sticky":false,"template":"","format":"standard","meta":{"_monsterinsights_skip_tracking":false,"_monsterinsights_sitenote_active":false,"_monsterinsights_sitenote_note":"","_monsterinsights_sitenote_category":0,"footnotes":""},"categories":[104,49],"tags":[],"class_list":["post-325751","post","type-post","status-publish","format-standard","has-post-thumbnail","hentry","category-evidenza_3","category-news-18","category-104","category-49","description-off"],"img_url":"https:\/\/www.radiopiu.net\/wordpress\/wp-content\/uploads\/2023\/03\/coppa-italia-falcade-2020-scaled.jpg","_links":{"self":[{"href":"https:\/\/www.radiopiu.net\/wordpress\/wp-json\/wp\/v2\/posts\/325751","targetHints":{"allow":["GET"]}}],"collection":[{"href":"https:\/\/www.radiopiu.net\/wordpress\/wp-json\/wp\/v2\/posts"}],"about":[{"href":"https:\/\/www.radiopiu.net\/wordpress\/wp-json\/wp\/v2\/types\/post"}],"author":[{"embeddable":true,"href":"https:\/\/www.radiopiu.net\/wordpress\/wp-json\/wp\/v2\/users\/4"}],"replies":[{"embeddable":true,"href":"https:\/\/www.radiopiu.net\/wordpress\/wp-json\/wp\/v2\/comments?post=325751"}],"version-history":[{"count":0,"href":"https:\/\/www.radiopiu.net\/wordpress\/wp-json\/wp\/v2\/posts\/325751\/revisions"}],"wp:featuredmedia":[{"embeddable":true,"href":"https:\/\/www.radiopiu.net\/wordpress\/wp-json\/wp\/v2\/media\/325752"}],"wp:attachment":[{"href":"https:\/\/www.radiopiu.net\/wordpress\/wp-json\/wp\/v2\/media?parent=325751"}],"wp:term":[{"taxonomy":"category","embeddable":true,"href":"https:\/\/www.radiopiu.net\/wordpress\/wp-json\/wp\/v2\/categories?post=325751"},{"taxonomy":"post_tag","embeddable":true,"href":"https:\/\/www.radiopiu.net\/wordpress\/wp-json\/wp\/v2\/tags?post=325751"}],"curies":[{"name":"wp","href":"https:\/\/api.w.org\/{rel}","templated":true}]}}