{"id":325839,"date":"2023-03-11T05:51:38","date_gmt":"2023-03-11T04:51:38","guid":{"rendered":"https:\/\/www.radiopiu.net\/wordpress\/?p=325839"},"modified":"2023-03-11T07:03:28","modified_gmt":"2023-03-11T06:03:28","slug":"giornale-radiopiu-11-marzo-2023-direttore-mirko-mezzacasa-verso-i-40-anni-25-giugno-1983-25-giugno-2023","status":"publish","type":"post","link":"https:\/\/www.radiopiu.net\/wordpress\/giornale-radiopiu-11-marzo-2023-direttore-mirko-mezzacasa-verso-i-40-anni-25-giugno-1983-25-giugno-2023\/","title":{"rendered":"GIORNALE RADIOPIU 11 MARZO 2023 DIRETTORE MIRKO MEZZACASA&#8230;verso i 40 anni 25 giugno 1983-25 giugno 2023"},"content":{"rendered":"<h3 class=\"kvgmc6g5 cxmmr5t8 oygrvhab hcukyx3x c1et5uql\"><span style=\"color: #0000ff;\"><strong>RADIO PIU INFORMAZIONE il canale su TELEGRAM informazione di prima\u00a0 <\/strong><strong>mano e in tempo reale. iscriviti ed aiutaci a farlo conoscere\u00a0 \u00a0 <\/strong><\/span><\/h3>\n<h3 class=\"kvgmc6g5 cxmmr5t8 oygrvhab hcukyx3x c1et5uql\"><span style=\"color: #0000ff;\"><strong>\u00a0<\/strong><\/span><\/h3>\n<blockquote>\n<h3 class=\"kvgmc6g5 cxmmr5t8 oygrvhab hcukyx3x c1et5uql\"><span style=\"color: #000000;\"><strong> VITE IN PERICOLO LUNGO LA REGIONALE 203 AGORDINA, CONTROLLI ZERO.<\/strong><\/span><\/h3>\n<\/blockquote>\n<p><strong><img loading=\"lazy\" decoding=\"async\" class=\"alignleft\" src=\"https:\/\/www.radiopiu.net\/wordpress\/wp-content\/uploads\/2022\/03\/IMG_20220304_201116.jpg\" width=\"252\" height=\"142\" \/>BELLUNO<\/strong><\/p>\n<p><strong>DI ROBERTO BONA<\/strong><\/p>\n<audio class=\"wp-audio-shortcode\" id=\"audio-325839-1\" preload=\"none\" style=\"width: 100%;\" controls=\"controls\"><source type=\"audio\/mpeg\" src=\"https:\/\/www.radiopiu.net\/wordpress\/wp-content\/uploads\/2023\/03\/Indisciplinati203.mp3?_=1\" \/><a href=\"https:\/\/www.radiopiu.net\/wordpress\/wp-content\/uploads\/2023\/03\/Indisciplinati203.mp3\">https:\/\/www.radiopiu.net\/wordpress\/wp-content\/uploads\/2023\/03\/Indisciplinati203.mp3<\/a><\/audio>\n<p>&nbsp;<\/p>\n<h3 class=\"kvgmc6g5 cxmmr5t8 oygrvhab hcukyx3x c1et5uql\"><span style=\"color: #0000ff;\"><strong>\u00a0<\/strong><\/span><\/h3>\n<h2 style=\"text-align: left;\"><span style=\"color: #ff0000;\">ISCRIVITI AL NOSTRO CANALE YOUTUBE PER SEGUIRE IN DIRETTA I PRINCIPALI PROGRAMMI DI RADIO PIU&#8217; E LE FUTURE DIRETTE IN ESTERNA. PER ISCRIVERTI <a style=\"color: #ff0000;\" href=\"https:\/\/youtube.com\/@radiopiu1527\">CLICCA QUI<\/a> E PREMI IL TASTO &#8220;Iscriviti&#8221;\u00a0\u00a0<\/span><\/h2>\n<p>&nbsp;<\/p>\n<h3 class=\"kvgmc6g5 cxmmr5t8 oygrvhab hcukyx3x c1et5uql\"><span style=\"color: #0000ff;\"><strong><a class=\"dt-pswp-item\" href=\"https:\/\/www.radiopiu.net\/wordpress\/wp-content\/uploads\/2023\/03\/aaaaa.jpg\" data-dt-img-description=\"\" data-large_image_width=\"1520\" data-large_image_height=\"521\"><img loading=\"lazy\" decoding=\"async\" class=\"wp-image-325943 size-full aligncenter\" src=\"https:\/\/www.radiopiu.net\/wordpress\/wp-content\/uploads\/2023\/03\/aaaaa.jpg\" alt=\"\" width=\"1520\" height=\"521\" srcset=\"https:\/\/www.radiopiu.net\/wordpress\/wp-content\/uploads\/2023\/03\/aaaaa.jpg 1520w, https:\/\/www.radiopiu.net\/wordpress\/wp-content\/uploads\/2023\/03\/aaaaa-300x103.jpg 300w, https:\/\/www.radiopiu.net\/wordpress\/wp-content\/uploads\/2023\/03\/aaaaa-1024x351.jpg 1024w, https:\/\/www.radiopiu.net\/wordpress\/wp-content\/uploads\/2023\/03\/aaaaa-768x263.jpg 768w\" sizes=\"auto, (max-width: 1520px) 100vw, 1520px\" \/><\/a><\/strong><\/span><\/h3>\n<p>&nbsp;<\/p>\n<p>&nbsp;<\/p>\n<p>&nbsp;<\/p>\n<hr \/>\n<div class=\"page-title-head hgroup\">\n<blockquote>\n<h3 class=\"entry-title\">MARTEDI\u2019 I FUNERALI DI DAIANA LORENZINI<\/h3>\n<\/blockquote>\n<\/div>\n<div class=\"page-title-breadcrumbs\">\n<p><a class=\"dt-pswp-item\" href=\"https:\/\/www.radiopiu.net\/wordpress\/wp-content\/uploads\/2023\/03\/DAIANA.jpg\" data-dt-img-description=\"EPIGRAFI\" data-large_image_width=\"159\" data-large_image_height=\"222\"><img loading=\"lazy\" decoding=\"async\" class=\"wp-image-325979 alignleft\" src=\"https:\/\/www.radiopiu.net\/wordpress\/wp-content\/uploads\/2023\/03\/DAIANA.jpg\" alt=\"\" width=\"102\" height=\"142\" \/><\/a><\/p>\n<p><em><strong> Daiana Lorenzini viveva ormai da una decina di anni a Pordenone, dove lavorava come dipendente amministrativa del Gruppo Maggioli, che ha l&#8217;appalto per la gestione delle sanzioni del Comando della Polizia municipale<\/strong><\/em><\/p>\n<p><strong>SELVA DI CADORE<\/strong> Saranno celebrati marted\u00ec alle 14:30 nella chiesa parrocchiale di Santa Fosca a Selva di Cadore i funerali di Daiana Rosa Lorenzini. Ne danno addolorati il triste annuncio la mamma, il pap\u00e0, il fratello Marvin con Laura, gli zii, le zie, la nipote Greta, gli amici e parenti tutti. Luned\u00ec alle 19, sempre nella chiesa parrocchiale di Santa Fosca, il Santo Rosario.<\/p>\n<\/div>\n<p>Daiana Rosa Lorenzini ha donato gli organi, su disposizione del pap\u00e0 Giugno, della mamma Lia e del fratello Marvin \u00abUna perdita gravissima per tutti noi\u00bb, sottolinea don Renato Tasso\u00a0 \u00ab\u00e8 stata una persona splendida fino in fondo e anche dopo, considerato che ha donato gli organi, a cominciare dalle cornee. Qualcuno vedr\u00e0 o vivr\u00e0, grazie a lei\u00bb.<\/p>\n<p><strong>L&#8217;INCIDENTE<\/strong> L&#8217;ipotesi prevalente \u00e8 che Daiana Rosa,\u00a0 abbia avuto un malore, che l&#8217;ha fatta sbandare e fermarsi contro la parete. Non stava andando a forte velocit\u00e0, tanto \u00e8 vero che l&#8217;auto \u00e8 stata recuperata successivamente. I soccorsi sono stati tempestivi e Lorenzini \u00e8 stata ricoverata in codice rosso all&#8217;ospedale Ca&#8217; Foncello.<\/p>\n<p>&nbsp;<\/p>\n<hr \/>\n<p>&nbsp;<\/p>\n<div class=\"page-title-head hgroup\">\n<blockquote>\n<h3 class=\"entry-title\">SOCCORRITORI ALLA RICERCA DI UN 25ENNE, L\u2019ALLARME SCATTATO IERI SERA<\/h3>\n<\/blockquote>\n<\/div>\n<div class=\"page-title-breadcrumbs\"><strong><img loading=\"lazy\" decoding=\"async\" class=\"alignleft\" src=\"https:\/\/www.radiopiu.net\/wordpress\/wp-content\/uploads\/2022\/09\/VIGILI-DEL-FUOCO-7.jpg\" width=\"171\" height=\"128\" \/>BORGO VALBELLUNA<\/strong>\u00a0 Dalle 21 di ieri sera sono in molti, uomini e donne addetti ai soccorsi, alla ricerca\u00a0 di\u00a0 un ragazzo fra Trichiana e Mel. Impegnati anche i vigili del fuoco del comando di Belluno con unit\u00e0 cinofile. Presenti sul posto anche Soccorso alpino e carabinieri, informato e impegnato nell&#8217;emergenza anche il sindaco Cesa. Il ragazzo si \u00e8 allontanato da casa ieri mattina e i familiari, non vedendolo rientrare, hanno infine dato l&#8217;allarme. Il giovane ha 25 anni, \u00e8 alto 1.90, ha i capelli corti castani e la barba incolta. Indossava pantaloni grigi della tuta (marca Adidas) e una felpa nera con cappuccio. Ai piedi scarpe da ginnastica grigie Superga. Le ricerche sono proseguite in nottata.<\/div>\n<p>&nbsp;<\/p>\n<p>&nbsp;<\/p>\n<hr \/>\n<p>&nbsp;<\/p>\n<blockquote>\n<h3>\u00a0COME DUE ANNI FA: CHIUDE LA CASERMA DEI CARABINIERI?<\/h3>\n<\/blockquote>\n<p><strong>GOSALDO<\/strong> Due anni fa era scattato l&#8217;allarme e la preoccupazione di un paese di confine, tra Veneto e Trentino Alto Adige (Primiero). Si era interessato il compianto senatore Saviane, avevano affilato le armi i consiglieri comunali con un ordine del giorno era insorto un paese. Oggi come ieri torna la preoccupazione circa le voci che danno gi\u00e0 per chiusa &#8211; entro breve tempo &#8211; la caserma del paese ospitata in un immobile di propriet\u00e0 comunale, ad ottobre scade il contratto. Per ora nessuna comunicazione, piuttosto rassicurazioni dal\u00a0 maresciallo, infatti anche da\u00a0 Belluno arrivano le smentite all&#8217;indiscrezione. In Comune tutto \u00e8 pronto, i consiglieri non si faranno cogliere di sorpresa con pieno appoggio della popolazione<\/p>\n<p>&nbsp;<\/p>\n<blockquote>\n<p class=\"p1\"><span style=\"color: #ff0000;\"><strong>ARCHIVIO RADIO PIU, MARZO 2021<\/strong><\/span><\/p>\n<\/blockquote>\n<div class=\"\" data-block=\"true\" data-editor=\"n11n\" data-offset-key=\"egn93-0-0\">\n<div class=\"_1mf _1mj\" data-offset-key=\"egn93-0-0\"><strong>L&#8217;ORDINE DEL GIORNO SULLA CASERMA DEI CARABINIERI DI GOSALDO, UN CORO DI NO DAI CONSIGLIERI CONTRO LA CHIUSURA, SINDACO, VICE SINDACO E CONSIGLIERI<\/strong><\/div>\n<\/div>\n<p><iframe loading=\"lazy\" title=\"CONSIGLIO COMUNALE DI GOSALDO, DOVE CHIUDERANNO ANCHE LA CASERMA DEI CARABINIERI... POVERA MONTAGNA!\" width=\"1200\" height=\"675\" src=\"https:\/\/www.youtube.com\/embed\/jUABHPTqXA8?feature=oembed\" frameborder=\"0\" allow=\"accelerometer; autoplay; clipboard-write; encrypted-media; gyroscope; picture-in-picture; web-share\" allowfullscreen><\/iframe><\/p>\n<p>&nbsp;<\/p>\n<p><span style=\"color: #ff0000;\"><strong>ARCHIVIO RADIO PIU, MARZO 2021<\/strong><\/span><\/p>\n<p><strong><a href=\"https:\/\/www.radiopiu.net\/wordpress\/giornale-radiopiu-08-giugno-2021-direttore-mirko-mezzacasa\/whatsapp-image-2021-06-04-at-11-59-23\/\" rel=\"attachment wp-att-214497\"><img loading=\"lazy\" decoding=\"async\" class=\"size-medium wp-image-214497 alignleft\" src=\"https:\/\/www.radiopiu.net\/wordpress\/wp-content\/uploads\/2021\/06\/WhatsApp-Image-2021-06-04-at-11.59.23-300x224.jpeg\" alt=\"\" width=\"300\" height=\"224\" srcset=\"https:\/\/www.radiopiu.net\/wordpress\/wp-content\/uploads\/2021\/06\/WhatsApp-Image-2021-06-04-at-11.59.23-300x224.jpeg 300w, https:\/\/www.radiopiu.net\/wordpress\/wp-content\/uploads\/2021\/06\/WhatsApp-Image-2021-06-04-at-11.59.23-1024x766.jpeg 1024w, https:\/\/www.radiopiu.net\/wordpress\/wp-content\/uploads\/2021\/06\/WhatsApp-Image-2021-06-04-at-11.59.23-768x575.jpeg 768w, https:\/\/www.radiopiu.net\/wordpress\/wp-content\/uploads\/2021\/06\/WhatsApp-Image-2021-06-04-at-11.59.23-1536x1149.jpeg 1536w, https:\/\/www.radiopiu.net\/wordpress\/wp-content\/uploads\/2021\/06\/WhatsApp-Image-2021-06-04-at-11.59.23.jpeg 1600w\" sizes=\"auto, (max-width: 300px) 100vw, 300px\" \/><\/a>BELLUNO <\/strong>\u201cTogliere i servizi significa far morire la montagna, se lo Stato abbandona i territori per quale motivo le persone, invece, dovrebbero rimanerci?\u201d. A parlare \u00e8 il senatore bellunese della Lega Paolo Saviane, dopo l&#8217;incontro avuto con il prefetto venerd\u00ec scorso. Saviane ha accompagnato a Palazzo dei Rettori la delegazione di Gosaldo, formata dal sindaco Stefano Da Zanche, dalla vice sindaco Florinda Cialdella e dall&#8217;assessore ai lavori pubblici Gian Vittorio Marcon. Sul piatto c&#8217;era la richiesta accorata di non chiusura della caserma dei carabinieri di Gosaldo, di cui si parla da settimane. La caserma di Gosaldo ospita un comandante e tre carabinieri, se dovesse davvero chiudere l&#8217;unico presidio sul territorio resterebbe quello della polizia locale rappresentata, per\u00f2, da un solo agente al servizio di Gosaldo e dei comuni confinanti di Rivamonte e di Voltago. La popolazione \u00e8 allarmata e arrabbiata, ha organizzato una raccolta firme cartacea e online e sono arrivate in Comune mail a sostegno della battaglia anche da parte dei proprietari di seconde case. Quasi mille sottoscrizioni in tutto, a fronte di un paesino con circa 520 persone.<\/p>\n<p><strong>IL SENATORE PAOLO SAVIANE<\/strong><\/p>\n<audio class=\"wp-audio-shortcode\" id=\"audio-325839-2\" preload=\"none\" style=\"width: 100%;\" controls=\"controls\"><source type=\"audio\/mpeg\" src=\"https:\/\/www.radiopiu.net\/wordpress\/wp-content\/uploads\/2021\/06\/SAVIANE-CASERMA-GOSALDO.mp3?_=2\" \/><a href=\"https:\/\/www.radiopiu.net\/wordpress\/wp-content\/uploads\/2021\/06\/SAVIANE-CASERMA-GOSALDO.mp3\">https:\/\/www.radiopiu.net\/wordpress\/wp-content\/uploads\/2021\/06\/SAVIANE-CASERMA-GOSALDO.mp3<\/a><\/audio>\n<p>&nbsp;<\/p>\n<p><span style=\"color: #ff0000;\"><strong>ARCHIVIO RADIO PIU, MARZO 2021<\/strong><\/span><\/p>\n<p><strong><a href=\"https:\/\/www.radiopiu.net\/wordpress\/controlli-di-prevenzione-in-val-falcina\/controlli-valle-del-mis\/\" rel=\"attachment wp-att-96525\"><img loading=\"lazy\" decoding=\"async\" class=\"size-medium wp-image-96525 alignleft\" src=\"https:\/\/www.radiopiu.net\/wordpress\/wp-content\/uploads\/2019\/08\/controlli-valle-del-mis-300x169.jpg\" alt=\"\" width=\"300\" height=\"169\" srcset=\"https:\/\/www.radiopiu.net\/wordpress\/wp-content\/uploads\/2019\/08\/controlli-valle-del-mis-300x169.jpg 300w, https:\/\/www.radiopiu.net\/wordpress\/wp-content\/uploads\/2019\/08\/controlli-valle-del-mis-768x432.jpg 768w, https:\/\/www.radiopiu.net\/wordpress\/wp-content\/uploads\/2019\/08\/controlli-valle-del-mis-1024x576.jpg 1024w, https:\/\/www.radiopiu.net\/wordpress\/wp-content\/uploads\/2019\/08\/controlli-valle-del-mis.jpg 1280w\" sizes=\"auto, (max-width: 300px) 100vw, 300px\" \/><\/a>RADIO PIU&#8217;<\/strong> Riceviamo e pubblichiamo alcune considerazioni sulla caserma dei Carabinieri di Gosaldo di Rodolfo Pellegrinon<\/p>\n<blockquote>\n<p class=\"p1\"><em><span class=\"s1\">Una considerazione in merito alla ventilata soppressione della Stazione dei Carabinieri di Gosaldo. <\/span><span class=\"s1\">E\u2019 chiaro a tutti che la sicurezza dei cittadini e del territorio \u00e9 primaria e indispensabile. Per\u00f2 con il personale che attualmente \u00e9 a disposizione di ogni stazione dei Carabinieri\u00a0 penso sia proprio impossibile. A volte le Stazioni sono chiuse e, al citofono, si invita a chiamare Belluno. Nell\u2019Agordino, i militari si alternano nei vari comuni, notiamo i Carabinieri di Falcade in servizio a Cencenighe \u2013 Agordo e sicuramente anche Gosaldo e viceversa. Ogni Stazione dovrebbe essere autonoma con una aliquota di personale sufficiente a garantire sia i servizi interni che quelli esterni. E questo non credo che i vertici dell\u2019Arma lo possano garantire. <\/span><span class=\"s1\">Nel tempo sono state presentate innumerevoli proposte per una radicale riforma dell\u2019Arma ma, sempre respinte in particolare dai vertici. Ricordo una proposta elaborata e presentata circa 40 anni fa con la quale si volevano eliminare tutte le piccole stazioni ( che potevano andare bene nell\u2019800\u00a0 quando non c\u2019erano mezzi e le pattuglie si muovevano a piedi) In alternativa venivano istituiti Comandi unici che coprivano larghe fasce di territorio. Una riforma epocale e coraggiosa che avrebbe sicuramente avuto riscontri positivi sui cittadini e sul territorio. <\/span><span class=\"s1\">In particolare per l\u2019Agordino era prevista la soppressione di tutte le stazioni situate nei vari comuni e la creazione di\u00a0 un unico comando ad Agordo dotato di idoneo personale ( che proveniva dalle stazioni ) e dotato di mezzi idonei e veloci che, in caso di chiamate urgenti, avrebbero raggiunto anche i punti pi\u00f9 distanti in pochi minuti. <\/span><span class=\"s1\">Anche quel progetto venne bocciato, in particolare dai vertici dell\u2019Arma, e dall\u2019allora Comandante Generale. <\/span><span class=\"s1\">Ricordo che un giornalista scriveva: \u201c A quel Comandante evidentemente interessa poco l\u2019efficienza dell\u2019Arma per\u00f2 potr\u00e0 sempre dire con orgoglio, di comandare 8mila stazioni dei Carabinieri.<\/span><\/em><\/p>\n<p class=\"p1\"><em><span class=\"s1\">\u00a0Rodolfo Pellegrinon<\/span><\/em><\/p>\n<\/blockquote>\n<p>&nbsp;<\/p>\n<p>&nbsp;<\/p>\n<p><strong>ARCHIVIO RADIO PIU, 16 MARZO 2021<\/strong><\/p>\n<p><strong><a href=\"https:\/\/www.radiopiu.net\/wordpress\/controlli-di-prevenzione-in-val-falcina\/controlli-valle-del-mis\/\" rel=\"attachment wp-att-96525\"><img loading=\"lazy\" decoding=\"async\" class=\"size-medium wp-image-96525 alignleft\" src=\"https:\/\/www.radiopiu.net\/wordpress\/wp-content\/uploads\/2019\/08\/controlli-valle-del-mis-300x169.jpg\" alt=\"\" width=\"300\" height=\"169\" srcset=\"https:\/\/www.radiopiu.net\/wordpress\/wp-content\/uploads\/2019\/08\/controlli-valle-del-mis-300x169.jpg 300w, https:\/\/www.radiopiu.net\/wordpress\/wp-content\/uploads\/2019\/08\/controlli-valle-del-mis-768x432.jpg 768w, https:\/\/www.radiopiu.net\/wordpress\/wp-content\/uploads\/2019\/08\/controlli-valle-del-mis-1024x576.jpg 1024w, https:\/\/www.radiopiu.net\/wordpress\/wp-content\/uploads\/2019\/08\/controlli-valle-del-mis.jpg 1280w\" sizes=\"auto, (max-width: 300px) 100vw, 300px\" \/><\/a>RADIO PIU&#8217;<\/strong> Riceviamo e pubblichiamo alcune considerazioni sulla caserma dei Carabinieri di Gosaldo di Rodolfo Pellegrinon<\/p>\n<blockquote>\n<p class=\"p1\"><em><span class=\"s1\">Una considerazione in merito alla ventilata soppressione della Stazione dei Carabinieri di Gosaldo. <\/span><span class=\"s1\">E\u2019 chiaro a tutti che la sicurezza dei cittadini e del territorio \u00e9 primaria e indispensabile. Per\u00f2 con il personale che attualmente \u00e9 a disposizione di ogni stazione dei Carabinieri\u00a0 penso sia proprio impossibile. A volte le Stazioni sono chiuse e, al citofono, si invita a chiamare Belluno. Nell\u2019Agordino, i militari si alternano nei vari comuni, notiamo i Carabinieri di Falcade in servizio a Cencenighe \u2013 Agordo e sicuramente anche Gosaldo e viceversa. Ogni Stazione dovrebbe essere autonoma con una aliquota di personale sufficiente a garantire sia i servizi interni che quelli esterni. E questo non credo che i vertici dell\u2019Arma lo possano garantire. <\/span><span class=\"s1\">Nel tempo sono state presentate innumerevoli proposte per una radicale riforma dell\u2019Arma ma, sempre respinte in particolare dai vertici. Ricordo una proposta elaborata e presentata circa 40 anni fa con la quale si volevano eliminare tutte le piccole stazioni ( che potevano andare bene nell\u2019800\u00a0 quando non c\u2019erano mezzi e le pattuglie si muovevano a piedi) In alternativa venivano istituiti Comandi unici che coprivano larghe fasce di territorio. Una riforma epocale e coraggiosa che avrebbe sicuramente avuto riscontri positivi sui cittadini e sul territorio. <\/span><span class=\"s1\">In particolare per l\u2019Agordino era prevista la soppressione di tutte le stazioni situate nei vari comuni e la creazione di\u00a0 un unico comando ad Agordo dotato di idoneo personale ( che proveniva dalle stazioni ) e dotato di mezzi idonei e veloci che, in caso di chiamate urgenti, avrebbero raggiunto anche i punti pi\u00f9 distanti in pochi minuti. <\/span><span class=\"s1\">Anche quel progetto venne bocciato, in particolare dai vertici dell\u2019Arma, e dall\u2019allora Comandante Generale. <\/span><span class=\"s1\">Ricordo che un giornalista scriveva: \u201c A quel Comandante evidentemente interessa poco l\u2019efficienza dell\u2019Arma per\u00f2 potr\u00e0 sempre dire con orgoglio, di comandare 8mila stazioni dei Carabinieri.<\/span><\/em><\/p>\n<p class=\"p1\"><em><span class=\"s1\">Pellegrinon Rodolfo<\/span><\/em><\/p>\n<\/blockquote>\n<p>&nbsp;<\/p>\n<hr \/>\n<p>&nbsp;<\/p>\n<blockquote>\n<h3><a class=\"dt-pswp-item\" href=\"https:\/\/www.radiopiu.net\/wordpress\/wp-content\/uploads\/2021\/11\/IMG-20200918-WA0041.jpg\" data-dt-img-description=\"\" data-large_image_width=\"1024\" data-large_image_height=\"768\"><img loading=\"lazy\" decoding=\"async\" class=\"wp-image-243335 alignleft\" src=\"https:\/\/www.radiopiu.net\/wordpress\/wp-content\/uploads\/2021\/11\/IMG-20200918-WA0041-300x225.jpg\" alt=\"\" width=\"131\" height=\"98\" srcset=\"https:\/\/www.radiopiu.net\/wordpress\/wp-content\/uploads\/2021\/11\/IMG-20200918-WA0041-300x225.jpg 300w, https:\/\/www.radiopiu.net\/wordpress\/wp-content\/uploads\/2021\/11\/IMG-20200918-WA0041-768x576.jpg 768w, https:\/\/www.radiopiu.net\/wordpress\/wp-content\/uploads\/2021\/11\/IMG-20200918-WA0041.jpg 1024w\" sizes=\"auto, (max-width: 131px) 100vw, 131px\" \/><\/a>RIFIUTI NON SMALTITI CARABINIERI FORESTALI IN OFFICINA<\/h3>\n<\/blockquote>\n<p><strong>BELLUNO<\/strong> Alla Veneggia sigilli all&#8217;officina perch\u00e9 i proprietari non hanno smaltito correttamente i rifiuti. Sono\u00a0 intervenuti Carabinieri Forestali e Spisal per il controllo delle norme\u00a0 circa la\u00a0 sicurezza sul lavoro.\u00a0 Coinvolti anche Arpav e Ulss 1 Dolomiti.\u00a0 Trovata una notevole quantit\u00e0 di rifiuti stoccati nel piazzale: olii lubrificanti esausti\u00a0 e pneumatici in disuso,\u00a0 batterie al piombo, filtri, rottami ferrosi e pastiglie dei freni .\u00c8 scattato il sequestro dell&#8217;area con l&#8217;apposizione del cartello con la scritta &#8220;Area sottoposta a sequestro penale&#8221;. Le indagini sono in corso<\/p>\n<p>&nbsp;<\/p>\n<hr \/>\n<p>&nbsp;<\/p>\n<blockquote>\n<h3>MINORENNE PICCHIATO E DERUBATO DEL TELEFONO<\/h3>\n<\/blockquote>\n<p><em>Un giovane bellunese rischia una condanna da cinque a dieci anni di reclusione e da 927 a 2.500 euro di multa. Denunciato a piede libero, il minorenne vittima del bullo \u00e8 ricorso alle cure del Pronto Soccorso cittadino.<\/em><\/p>\n<p><strong>BELLUNO<\/strong> Un 25enne bellunese, volto noto tra le Forze dell&#8217;ordine \u00e8 stato denunciato con una grave ipotesi: rapina. Un&#8217;aggressione in piena regola,\u00a0gioved\u00ec pomeriggio nell&#8217;area\u00a0 del palasport De Mas. L&#8217;uomo avrebbe improvvisamente intimato ai ragazzi\u00a0 minorenni di consegnare i rispettivi cellulari e, al loro rifiuto, \u00e8 scoppiata una colluttazione, durante la quale sarebbe partito un pugno. L&#8217;indagato sarebbe riuscito a impossessarsi di un telefono e a darsi alla fuga.\u00a0 La polizia si \u00e8 messa sulle tracce del sospettato ed \u00e8 riuscita a rintracciarlo in breve tempo, recuperando anche il telefono<\/p>\n<p>&nbsp;<\/p>\n<p>&nbsp;<\/p>\n<hr \/>\n<p>&nbsp;<\/p>\n<blockquote>\n<h3>RISCHIO IDROGEOLOGICO. INTERVENTI SULLA STRADA PROVINCIALE 251 TRA LONGARONE E VAL DI ZOLDO<\/h3>\n<\/blockquote>\n<p><em>BOTTACIN: \u201cALTRI 3 MILIONI DI EURO PER IL TERRITORIO. LA REGIONE NON ABBASSA LA GUARDIA IN TERMINI DI PREVISIONE, PREVENZIONE E MITIGAZIONE DEL RISCHIO\u201d\u00a0<\/em><\/p>\n<p>&nbsp;<\/p>\n<p><strong><a class=\"dt-pswp-item\" href=\"https:\/\/www.radiopiu.net\/wordpress\/wp-content\/uploads\/2023\/03\/download.jpg\" data-dt-img-description=\"\" data-large_image_width=\"277\" data-large_image_height=\"182\"><img loading=\"lazy\" decoding=\"async\" class=\"size-full wp-image-325894 alignleft\" src=\"https:\/\/www.radiopiu.net\/wordpress\/wp-content\/uploads\/2023\/03\/download.jpg\" alt=\"\" width=\"277\" height=\"182\" \/><\/a>VENEZIA<\/strong> In arrivo dalla Regione 3 milioni di euro per la sistemazioni dei versanti della Strada Provinciale 251, nel tratto che collega i comuni di Longarone e Val di Zoldo, nell&#8217;ambito di una serie di interventi finalizzati alla riduzione del rischio idrogeologico. Il finanziamento e le opere interessate dipendono da una delibera, proposta dall\u2019assessore veneto Gianpaolo Bottacin, che \u00e8 il risultato di un accordo che la Regione del Veneto ha siglato con il Dipartimento nazionale della Protezione Civile<em>.<\/em> Lungo tutto il tratto stradale in esame infatti si sono verificati nel tempo, anche a causa di eventi meteorologici eccezionali, movimenti franosi, colate detritiche e distacchi localizzati di materiale roccioso di varia pezzatura con caduta di sassi dal versante a monte della sede stradale, e conseguente ostruzione o pericolo per la sottostante viabilit\u00e0. I dissesti che, nel caso specifico della Strada Provinciale 251, si sono registrati negli ultimi anni evidenziavano un considerevole aumento della frequenza dovuto a un forte ammaloramento delle opere esistenti, nonch\u00e9 a una progressiva e penalizzante evoluzione dei versanti che risultano sempre pi\u00f9 instabili e fragili.<em>io\u201d.<\/em><\/p>\n<p>FOTO www.dolomitireview.com<\/p>\n<p><strong>BOTTACIN&#8230; ALLA RADIO<\/strong><\/p>\n<div style=\"width: 352px;\" class=\"wp-video\"><video class=\"wp-video-shortcode\" id=\"video-325839-1\" width=\"352\" height=\"640\" preload=\"metadata\" controls=\"controls\"><source type=\"video\/mp4\" src=\"https:\/\/www.radiopiu.net\/wordpress\/wp-content\/uploads\/2023\/03\/WhatsApp-Video-2023-03-10-at-09.13.28.mp4?_=1\" \/><a href=\"https:\/\/www.radiopiu.net\/wordpress\/wp-content\/uploads\/2023\/03\/WhatsApp-Video-2023-03-10-at-09.13.28.mp4\">https:\/\/www.radiopiu.net\/wordpress\/wp-content\/uploads\/2023\/03\/WhatsApp-Video-2023-03-10-at-09.13.28.mp4<\/a><\/video><\/div>\n<p>&nbsp;<\/p>\n<p>&nbsp;<\/p>\n<hr \/>\n<p>&nbsp;<\/p>\n<blockquote>\n<h3>CERVO MORTO A BORDO STRADA, ABBANDONATA PER DUE GIORNI. I CHIARIMENTI DAL PARCO<\/h3>\n<\/blockquote>\n<p><strong>REDAZIONE<\/strong> Il triste spettacolo del cervo morto a bordo strada \u00e8 rimasto sotto agli occhi degli automobilisti in transito, valligiani e turisti, per due giorni, in piena zona Parco. Al terzo giorno un mezzo pesante con la gru ha sollevato l&#8217;animale per smaltirlo e non sono mancate le critiche degli ascoltatori per il modo e per quel camion fermo in carreggiata, senza movieri a dirigere il traffico, senza opportuna segnaletica. In ogni caso entrambe le segnalazioni vengono oggi riproposte. A queste si aggiunge un chiarimento dall&#8217;Ente Parco che per dovere di cronaca riportiamo<\/p>\n<p><strong>L&#8217;Ente Parco ha stipulato un contratto con una ditta specializzata che provvede al recupero e smaltimento, nel rispetto della normativa vigente, delle carcasse di animali investiti; \u00a0il contratto con la ditta prevede che la stessa intervenga entro al massimo 2 giorni dalla segnalazione dell&#8217;investimento, che viene effettuata dai Carabinieri Forestali; \u00a0i Carabinieri Forestali del Comando Stazione di Candaten hanno segnalato alla ditta la necessit\u00e0 di recuperare il cervo il giorno 1 marzo, data dell&#8217;investimento; \u00a0la ditta \u00e8 intervenuta per il recupero dell&#8217;animale nella mattinata del 3 marzo. Si chiede di voler cortesemente inoltrare, se possibile, tale informazione ai due ascoltatori che vi hanno contattato e dei quali non abbiamo i riferimenti.<\/strong><\/p>\n<p>&nbsp;<\/p>\n<p>&nbsp;<\/p>\n<p><strong>ARCHIVIO RADIOPIU<\/strong><\/p>\n<blockquote>\n<h3>IL CERVO MORTO A BORDO STRADA, LI&#8217; DA MERCOLEDI MATTINA<br \/>\n2 MARZO 2023<\/h3>\n<\/blockquote>\n<p><strong><a class=\"dt-pswp-item\" href=\"https:\/\/www.radiopiu.net\/wordpress\/wp-content\/uploads\/2023\/03\/Senza-nome.png\" data-dt-img-description=\"\" data-large_image_width=\"564\" data-large_image_height=\"327\"><img loading=\"lazy\" decoding=\"async\" class=\"size-medium wp-image-324748 alignleft\" src=\"https:\/\/www.radiopiu.net\/wordpress\/wp-content\/uploads\/2023\/03\/Senza-nome-300x174.png\" alt=\"\" width=\"300\" height=\"174\" srcset=\"https:\/\/www.radiopiu.net\/wordpress\/wp-content\/uploads\/2023\/03\/Senza-nome-300x174.png 300w, https:\/\/www.radiopiu.net\/wordpress\/wp-content\/uploads\/2023\/03\/Senza-nome.png 564w\" sizes=\"auto, (max-width: 300px) 100vw, 300px\" \/><\/a>REDAZIONE<\/strong> Due ascoltatori di RADIOPIU oggi hanno suonato alla nostra porta. Entrambi con una domanda per gli enti competenti:<em> &#8220;Ma come \u00e8 possibile che un animale investito ieri, oggi sia ancora a bordo strada lungo il rettilineo di Candaten, sotto un telo, a pochi metri dal bel cartello Parco Nazionale Dolomiti Bellunesi. Nessuno ha tempo di andare a prenderlo? Pi\u00f9 facile sanzionare e fare una polemica se uno si carica un animale morto indagangolo per furto&#8221; .<\/em><\/p>\n<p>Rimane il fatto che quasi due giorni dall&#8217;investimento l&#8217;animale \u00e8 ancora li&#8217;, lo vedono tutti sotto quel telo. Che brutta immagine, per tutti i portatori di interesse operanti in zona, e&#8217; probabile\u00a0 che all\u2019interno della area parco solo i Carabinieri Forestali possano procedere (ipotesi) e non\u00a0 la Polizia Provinciale. Come \u00e8 stato messo un telo per coprire la carcassa del cervo si poteva anche caricarlo a bordo di un furgone portarlo altrove\u00a0 in attesa del personale preposto allo smaltimento della bestia<\/p>\n<p>&nbsp;<\/p>\n<p>&nbsp;<\/p>\n<blockquote>\n<h3>DILLO A RADIO PIU&#8217;&#8230; LA LEGGE E&#8217; UGUALE PER TUTTI, OPPURE NO ?<br \/>\n4 MARZO 2023<\/h3>\n<\/blockquote>\n<blockquote><p><img loading=\"lazy\" decoding=\"async\" class=\"alignleft\" src=\"https:\/\/www.radiopiu.net\/wordpress\/wp-content\/uploads\/2023\/03\/IMG_20230303_104305-scaled.jpg\" width=\"176\" height=\"235\" \/><strong>REDAZIONE<\/strong> Finalmente, dopo 48 ore, la carcassa del cervo investito mercoledi mattina \u00e8 stata spostata, era un pessimo spettacolo in zona Parco rimarcato da pi\u00f9 voci per due giorni consecutivi. Stamane la rimozione e chi come un nostro lettore-ascoltatore si \u00e8 trovato a passare per di l\u00e0 ha prima rallentato e poi riflettuto sul fatto che la segnalazione dell&#8217;ostacolo (mezzo pesante con gru in azione) era effettivamente molto carente.<\/p>\n<div dir=\"auto\"><em>Quando ci si accinge a compiere dei lavori stradali bisognerebbe &#8211; anzi \u00e8 obbligo &#8211;\u00a0 prestare particolare attenzione alla segnaletica a vantaggio degli automobilisti in transito, sia per evitare pesanti sanzioni, soprattutto\u00a0 per\u00a0 l&#8217;incolumit\u00e0 degli utenti della strada. <\/em><em>E questo vale per tutti. E&#8217; per\u00f2 una teoria dopo quanto constatato stamane durante il recupero del cervo investito mercoledi a Candaten. Tralasciando il vergognoso ritardo nel recupero la cosa che mi ha colpito \u00e8 stato che, salendo da Belluno, nel bel mezzo del rettilineo, dove il limite \u00e8 di 90 km\/h, mi sono trovato sulla corsia di transito un camion: nessun cartello,\u00a0 assenza di segnalatori luminosi lampeggianti, non ho visto indossare la\u00a0 tuta ad alta visibilit\u00e0 e nemmneno un moviere per dirigere il traffico . Mi hanno sempre insegnato che al lavoro, sia per un privato che per un ente pubblico, \u00e8 d&#8217;obbligo oltre che di buona norma,\u00a0 la sicurezza, da mettere al primo posto. Posso solo concludere con un sospiro di sollievo, non ci sono stati incidenti n\u00e8 invasione di corsia&#8230;finch\u00e9 va bene&#8230;<\/em><\/div>\n<\/blockquote>\n<div dir=\"auto\"><\/div>\n<hr \/>\n<p>&nbsp;<\/p>\n<blockquote>\n<h3>LA FILT CGIL IN UNA CONFERENZA STAMPA PER PARLARE DI VENETO STRADE<\/h3>\n<\/blockquote>\n<p><strong><a class=\"dt-pswp-item\" href=\"https:\/\/www.radiopiu.net\/wordpress\/wp-content\/uploads\/2023\/03\/filt-cgil.png\" data-dt-img-description=\"\" data-large_image_width=\"182\" data-large_image_height=\"236\"><img loading=\"lazy\" decoding=\"async\" class=\" wp-image-326003 alignleft\" src=\"https:\/\/www.radiopiu.net\/wordpress\/wp-content\/uploads\/2023\/03\/filt-cgil.png\" alt=\"\" width=\"82\" height=\"106\" \/><\/a>BELLUNO<\/strong> La RSU Filt Cgil di Veneto strade, sede staccata di Belluno, congiuntamente alla Filt Cgil di Belluno e alla Filt Cgil del Veneto ha convocato una conferenza stampa per luned\u00ec alle 11:30 nella sede FILT CGIL di belluno in piazzale della stazione. La scoperta, dagli organi di informazione, dell\u2019avvenuta approvazione da parte del Consiglio Provinciale dello schema di convenzione per la gestione della rete viaria, ha portato tra i lavoratori un clima di preoccupazione ed incertezza per il proprio futuro occupazionale e per la tenuta complessiva della rete viaria provinciale. La Rsu ritiene quindi necessario e urgente restituire ai lavoratori la parola e portare il proprio contributo e punto di vista originale alla discussione.<\/p>\n<p>&nbsp;<\/p>\n<p>&nbsp;<\/p>\n<hr \/>\n<p>&nbsp;<\/p>\n<blockquote>\n<h3>FRANCO DE BON FUORI DAL CONSIGLIO PROVINCIALE<\/h3>\n<\/blockquote>\n<p><strong><a class=\"dt-pswp-item\" href=\"https:\/\/www.radiopiu.net\/wordpress\/wp-content\/uploads\/2022\/09\/Franco-De-Bon-Screenshot-13_edited-1024x537-1-e1678421878198.jpg\" data-dt-img-description=\"\" data-large_image_width=\"1024\" data-large_image_height=\"537\"><img loading=\"lazy\" decoding=\"async\" class=\" wp-image-298093 alignleft\" src=\"https:\/\/www.radiopiu.net\/wordpress\/wp-content\/uploads\/2022\/09\/Franco-De-Bon-Screenshot-13_edited-1024x537-1-e1678421878198-300x157.jpg\" alt=\"\" width=\"168\" height=\"88\" srcset=\"https:\/\/www.radiopiu.net\/wordpress\/wp-content\/uploads\/2022\/09\/Franco-De-Bon-Screenshot-13_edited-1024x537-1-e1678421878198-300x157.jpg 300w, https:\/\/www.radiopiu.net\/wordpress\/wp-content\/uploads\/2022\/09\/Franco-De-Bon-Screenshot-13_edited-1024x537-1-e1678421878198-768x403.jpg 768w, https:\/\/www.radiopiu.net\/wordpress\/wp-content\/uploads\/2022\/09\/Franco-De-Bon-Screenshot-13_edited-1024x537-1-e1678421878198.jpg 1024w\" sizes=\"auto, (max-width: 168px) 100vw, 168px\" \/><\/a>BELLUNO<\/strong> Fuori Franco De Bon, dentro Letizia Monestier: il commissariamento del Comune di San Vito di Cadore porta cambiamenti anche in consiglio provinciale. Prevista gi\u00e0 nella prossima seduta la surroga.<\/p>\n<p><strong>di Daniele Dalvit<\/strong><\/p>\n<audio class=\"wp-audio-shortcode\" id=\"audio-325839-3\" preload=\"none\" style=\"width: 100%;\" controls=\"controls\"><source type=\"audio\/mpeg\" src=\"https:\/\/www.radiopiu.net\/wordpress\/wp-content\/uploads\/2023\/03\/DALVIT-FRANCO-DE-BON.mp3?_=3\" \/><a href=\"https:\/\/www.radiopiu.net\/wordpress\/wp-content\/uploads\/2023\/03\/DALVIT-FRANCO-DE-BON.mp3\">https:\/\/www.radiopiu.net\/wordpress\/wp-content\/uploads\/2023\/03\/DALVIT-FRANCO-DE-BON.mp3<\/a><\/audio>\n<p>&nbsp;<\/p>\n<hr \/>\n<p>&nbsp;<\/p>\n<blockquote>\n<h2>UNA FINESTRA SUL VOLONTARIATO DEL COMITATO D&#8217;INTESA<\/h2>\n<\/blockquote>\n<h3>Il\u00a0 programma radiofonico sul volontariato bellunese<\/h3>\n<p>il <strong>Comitato d\u2019Intesa<\/strong>\u00a0si lancia in un nuovo progetto.\u00a0<strong>\u201cUna Finestra sul Volontariato\u201d<\/strong> \u00e8 il programma radiofonico\u00a0 che ha l\u2019obiettivo di raccontare il mondo del volontariato nella provincia di Belluno, con le sue sfaccettature e la sua ricchezza. L\u2019iniziativa \u00e8 rivolta alla cittadinanza interessata a conoscere qualcosa di pi\u00f9 sul Terzo Settore, e alle associazioni che vogliono restare aggiornate e scoprire nuove opportunit\u00e0. Potete ascoltarci ogni <strong>secondo venerd\u00ec del mese<\/strong>\u00a0alle\u00a0<strong>ore 10.30<\/strong>\u00a0e alle\u00a0<strong>ore 19.00<\/strong> sulle frequenze di Radio Pi\u00f9<\/p>\n<h2><span style=\"color: #339966;\"><a class=\"dt-pswp-item\" href=\"https:\/\/www.radiopiu.net\/wordpress\/wp-content\/uploads\/2021\/12\/ambulanze-4.jpeg\" data-dt-img-description=\"\" data-large_image_width=\"1600\" data-large_image_height=\"1200\"><img loading=\"lazy\" decoding=\"async\" class=\"wp-image-250919 alignleft\" src=\"https:\/\/www.radiopiu.net\/wordpress\/wp-content\/uploads\/2021\/12\/ambulanze-4-300x225.jpeg\" alt=\"\" width=\"201\" height=\"151\" srcset=\"https:\/\/www.radiopiu.net\/wordpress\/wp-content\/uploads\/2021\/12\/ambulanze-4-300x225.jpeg 300w, https:\/\/www.radiopiu.net\/wordpress\/wp-content\/uploads\/2021\/12\/ambulanze-4-1024x768.jpeg 1024w, https:\/\/www.radiopiu.net\/wordpress\/wp-content\/uploads\/2021\/12\/ambulanze-4-768x576.jpeg 768w, https:\/\/www.radiopiu.net\/wordpress\/wp-content\/uploads\/2021\/12\/ambulanze-4-1536x1152.jpeg 1536w, https:\/\/www.radiopiu.net\/wordpress\/wp-content\/uploads\/2021\/12\/ambulanze-4.jpeg 1600w\" sizes=\"auto, (max-width: 201px) 100vw, 201px\" \/><\/a><\/span><\/h2>\n<h2><span style=\"color: #339966;\">PUNTATA DEL 10 MARZO 2023\u00a0<\/span><\/h2>\n<p>Ospiti Felice Gaiardo, volontari ambulanze Agordino-Zoldano e Carlo Scussel, associazione volontari agordino San Martino<\/p>\n<audio class=\"wp-audio-shortcode\" id=\"audio-325839-4\" preload=\"none\" style=\"width: 100%;\" controls=\"controls\"><source type=\"audio\/mpeg\" src=\"https:\/\/www.radiopiu.net\/wordpress\/wp-content\/uploads\/2022\/02\/UNA-FINESTRA-VENERDI-MARZO.mp3?_=4\" \/><a href=\"https:\/\/www.radiopiu.net\/wordpress\/wp-content\/uploads\/2022\/02\/UNA-FINESTRA-VENERDI-MARZO.mp3\">https:\/\/www.radiopiu.net\/wordpress\/wp-content\/uploads\/2022\/02\/UNA-FINESTRA-VENERDI-MARZO.mp3<\/a><\/audio>\n<p>&nbsp;<\/p>\n<p><strong>LA RACCOLTA COMPLETA<\/strong><\/p>\n<blockquote class=\"wp-embedded-content\" data-secret=\"GxNCyl1uZK\"><p><a href=\"https:\/\/www.radiopiu.net\/wordpress\/una-finestra-sul-volontariato-del-comitato-dintesa\/\">UNA FINESTRA SUL VOLONTARIATO DEL COMITATO D&#8217;INTESA<\/a><\/p><\/blockquote>\n<p><iframe loading=\"lazy\" class=\"wp-embedded-content\" sandbox=\"allow-scripts\" security=\"restricted\" style=\"position: absolute; clip: rect(1px, 1px, 1px, 1px);\" title=\"&#8220;UNA FINESTRA SUL VOLONTARIATO DEL COMITATO D&#8217;INTESA&#8221; &#8212; Radio Pi\u00f9\" src=\"https:\/\/www.radiopiu.net\/wordpress\/una-finestra-sul-volontariato-del-comitato-dintesa\/embed\/#?secret=vHYEQEksI7#?secret=GxNCyl1uZK\" data-secret=\"GxNCyl1uZK\" width=\"600\" height=\"338\" frameborder=\"0\" marginwidth=\"0\" marginheight=\"0\" scrolling=\"no\"><\/iframe><\/p>\n<p>&nbsp;<\/p>\n<p>&nbsp;<\/p>\n<hr \/>\n<p>&nbsp;<\/p>\n<blockquote>\n<h3>TURISMO, LUCIA FARENZENA &#8220;80 APPARTAMENTI IN GESTIONE&#8221;<\/h3>\n<\/blockquote>\n<p><img loading=\"lazy\" decoding=\"async\" class=\"alignleft\" src=\"https:\/\/www.radiopiu.net\/wordpress\/wp-content\/uploads\/2022\/02\/92068b92-5aa1-4530-8833-b34e9d98663d.jpg\" width=\"263\" height=\"148\" \/>L&#8217;INTERVISTA<\/p>\n<p>DI MIRKO MEZZACASA<\/p>\n<audio class=\"wp-audio-shortcode\" id=\"audio-325839-5\" preload=\"none\" style=\"width: 100%;\" controls=\"controls\"><source type=\"audio\/mpeg\" src=\"https:\/\/www.radiopiu.net\/wordpress\/wp-content\/uploads\/2023\/03\/LUCIA-FARENZENA.mp3?_=5\" \/><a href=\"https:\/\/www.radiopiu.net\/wordpress\/wp-content\/uploads\/2023\/03\/LUCIA-FARENZENA.mp3\">https:\/\/www.radiopiu.net\/wordpress\/wp-content\/uploads\/2023\/03\/LUCIA-FARENZENA.mp3<\/a><\/audio>\n<p>&nbsp;<\/p>\n<hr \/>\n<p>&nbsp;<\/p>\n<blockquote>\n<h3>PER IL SINDACO DI BORCA DI CADORE L&#8217;EX VILLAGGIO ENI SAREBBE IL LUOGO IDEALE PER IL VILLAGGIO OLIMPICO DI MILANO CORTINA 2026<\/h3>\n<\/blockquote>\n<p><strong><a class=\"dt-pswp-item\" href=\"https:\/\/www.radiopiu.net\/wordpress\/wp-content\/uploads\/2023\/03\/SCR-20230310-qoj.jpeg\" data-dt-img-description=\"\" data-large_image_width=\"2536\" data-large_image_height=\"1424\"><img loading=\"lazy\" decoding=\"async\" class=\" wp-image-325998 alignleft\" src=\"https:\/\/www.radiopiu.net\/wordpress\/wp-content\/uploads\/2023\/03\/SCR-20230310-qoj-300x168.jpeg\" alt=\"\" width=\"212\" height=\"119\" srcset=\"https:\/\/www.radiopiu.net\/wordpress\/wp-content\/uploads\/2023\/03\/SCR-20230310-qoj-300x168.jpeg 300w, https:\/\/www.radiopiu.net\/wordpress\/wp-content\/uploads\/2023\/03\/SCR-20230310-qoj-1024x575.jpeg 1024w, https:\/\/www.radiopiu.net\/wordpress\/wp-content\/uploads\/2023\/03\/SCR-20230310-qoj-768x431.jpeg 768w, https:\/\/www.radiopiu.net\/wordpress\/wp-content\/uploads\/2023\/03\/SCR-20230310-qoj-1536x862.jpeg 1536w, https:\/\/www.radiopiu.net\/wordpress\/wp-content\/uploads\/2023\/03\/SCR-20230310-qoj-2048x1150.jpeg 2048w\" sizes=\"auto, (max-width: 212px) 100vw, 212px\" \/><\/a>BORCA DI CADORE<\/strong><\/p>\n<p>di Moreno Gioli<\/p>\n<audio class=\"wp-audio-shortcode\" id=\"audio-325839-6\" preload=\"none\" style=\"width: 100%;\" controls=\"controls\"><source type=\"audio\/mpeg\" src=\"https:\/\/www.radiopiu.net\/wordpress\/wp-content\/uploads\/2023\/03\/GIOLI-VILLAGGIO-OLIMPICO-BORCA.mp3?_=6\" \/><a href=\"https:\/\/www.radiopiu.net\/wordpress\/wp-content\/uploads\/2023\/03\/GIOLI-VILLAGGIO-OLIMPICO-BORCA.mp3\">https:\/\/www.radiopiu.net\/wordpress\/wp-content\/uploads\/2023\/03\/GIOLI-VILLAGGIO-OLIMPICO-BORCA.mp3<\/a><\/audio>\n<p>&nbsp;<\/p>\n<hr \/>\n<p>&nbsp;<\/p>\n<blockquote>\n<h3>RISANATO IL TRATTO FOGNARIO DI ALLEGHE<\/h3>\n<\/blockquote>\n<p><strong>GIANNI SANTOMASO<\/strong><\/p>\n<audio class=\"wp-audio-shortcode\" id=\"audio-325839-7\" preload=\"none\" style=\"width: 100%;\" controls=\"controls\"><source type=\"audio\/mpeg\" src=\"https:\/\/www.radiopiu.net\/wordpress\/wp-content\/uploads\/2023\/03\/GIANNI-LAVORI-RISANAMENTO-ALLEGHE.mp3?_=7\" \/><a href=\"https:\/\/www.radiopiu.net\/wordpress\/wp-content\/uploads\/2023\/03\/GIANNI-LAVORI-RISANAMENTO-ALLEGHE.mp3\">https:\/\/www.radiopiu.net\/wordpress\/wp-content\/uploads\/2023\/03\/GIANNI-LAVORI-RISANAMENTO-ALLEGHE.mp3<\/a><\/audio>\n<p>&nbsp;<\/p>\n<p align=\"justify\"><span style=\"color: #000000;\"><span style=\"font-family: Arial, serif;\"><strong>ALLEGHE<\/strong> Sono in dirittura d\u2019arrivo in questi giorni i lavori di risanamento integrale di un tratto di circa 400 metri di rete fognaria in via Lungolago ad Alleghe. Bim Gsp, con un investimento di 200mila euro, ha infatti provveduto a ristrutturare 126 punti di raccordo esistenti tra le diverse porzioni di tubazione di cui si compone la rete fognaria locale a servizio del centro cittadino. Raccordi ormai datati, che in pi\u00f9 punti consentivano l\u2019ingresso in rete delle acque del lago, causando malfunzionamenti al sistema fognario e un maggior consumo energetico degli impianti di sollevamento presenti in loco. <\/span><\/span><span style=\"color: #000000;\"><span style=\"font-family: Calibri, serif;\"><span style=\"font-size: medium;\"><span style=\"font-family: Arial, serif;\">La ricostruzione dei giunti \u00e8 avvenuta con tecnologia no-dig, quindi senza scavo. Le lavorazioni hanno previsto l\u2019inserimento, all\u2019interno della condotta, di tronchetti in fibra di vetro; gli stessi, successivamente, sono stati allargati con appositi palloni e impregnati di una speciale resina che ha permesso ai materiali di consolidarsi e di saldarsi perfettamente alle pareti della tubazione, garantendone la piena integrit\u00e0 e impermeabilit\u00e0.\u00a0<\/span><\/span><\/span><\/span><\/p>\n<p><strong>DI<\/strong><\/p>\n\n\t\t\t<style type='text\/css'>\n\t\t\t\t#gallery-1 {\n\t\t\t\t\tmargin: auto;\n\t\t\t\t}\n\t\t\t\t#gallery-1 .gallery-item {\n\t\t\t\t\tfloat: left;\n\t\t\t\t\tmargin-top: 10px;\n\t\t\t\t\ttext-align: center;\n\t\t\t\t\twidth: 16%;\n\t\t\t\t}\n\t\t\t\t#gallery-1 img {\n\t\t\t\t\tborder: 2px solid #cfcfcf;\n\t\t\t\t}\n\t\t\t\t#gallery-1 .gallery-caption {\n\t\t\t\t\tmargin-left: 0;\n\t\t\t\t}\n\t\t\t\t\/* see gallery_shortcode() in wp-includes\/media.php *\/\n\t\t\t<\/style>\n\t\t<div id='gallery-1' class='dt-gallery-container gallery galleryid-325839 gallery-columns-6 gallery-size-thumbnail'><dl class='gallery-item'>\n\t\t\t\t<dt class='gallery-icon landscape'>\n\t\t\t\t\t<a class=\"rollover rollover-zoom dt-pswp-item\" title=\"1_Preparazione_tronchetto\" data-dt-img-description=\"\" data-large_image_width=\"1134\" data-large_image_height=\"638\"href='https:\/\/www.radiopiu.net\/wordpress\/wp-content\/uploads\/2023\/03\/1_Preparazione_tronchetto.jpg'><img loading=\"lazy\" decoding=\"async\" width=\"150\" height=\"150\" src=\"https:\/\/www.radiopiu.net\/wordpress\/wp-content\/uploads\/2023\/03\/1_Preparazione_tronchetto-150x150.jpg\" class=\"attachment-thumbnail size-thumbnail\" alt=\"\" \/><\/a>\n\t\t\t\t<\/dt><\/dl><dl class='gallery-item'>\n\t\t\t\t<dt class='gallery-icon landscape'>\n\t\t\t\t\t<a class=\"rollover rollover-zoom dt-pswp-item\" title=\"2_Tronchetto con pallone dilatatore\" data-dt-img-description=\"\" data-large_image_width=\"1134\" data-large_image_height=\"638\"href='https:\/\/www.radiopiu.net\/wordpress\/wp-content\/uploads\/2023\/03\/2_Tronchetto-con-pallone-dilatatore.jpg'><img loading=\"lazy\" decoding=\"async\" width=\"150\" height=\"150\" src=\"https:\/\/www.radiopiu.net\/wordpress\/wp-content\/uploads\/2023\/03\/2_Tronchetto-con-pallone-dilatatore-150x150.jpg\" class=\"attachment-thumbnail size-thumbnail\" alt=\"\" \/><\/a>\n\t\t\t\t<\/dt><\/dl><dl class='gallery-item'>\n\t\t\t\t<dt class='gallery-icon landscape'>\n\t\t\t\t\t<a class=\"rollover rollover-zoom dt-pswp-item\" title=\"3_1_inserimento tronchetto\" data-dt-img-description=\"\" data-large_image_width=\"1134\" data-large_image_height=\"638\"href='https:\/\/www.radiopiu.net\/wordpress\/wp-content\/uploads\/2023\/03\/3_1_inserimento-tronchetto.png'><img loading=\"lazy\" decoding=\"async\" width=\"150\" height=\"150\" src=\"https:\/\/www.radiopiu.net\/wordpress\/wp-content\/uploads\/2023\/03\/3_1_inserimento-tronchetto-150x150.png\" class=\"attachment-thumbnail size-thumbnail\" alt=\"\" \/><\/a>\n\t\t\t\t<\/dt><\/dl><dl class='gallery-item'>\n\t\t\t\t<dt class='gallery-icon landscape'>\n\t\t\t\t\t<a class=\"rollover rollover-zoom dt-pswp-item\" title=\"4_Telecamera per videoispezione\" data-dt-img-description=\"\" data-large_image_width=\"1134\" data-large_image_height=\"638\"href='https:\/\/www.radiopiu.net\/wordpress\/wp-content\/uploads\/2023\/03\/4_Telecamera-per-videoispezione.jpg'><img loading=\"lazy\" decoding=\"async\" width=\"150\" height=\"150\" src=\"https:\/\/www.radiopiu.net\/wordpress\/wp-content\/uploads\/2023\/03\/4_Telecamera-per-videoispezione-150x150.jpg\" class=\"attachment-thumbnail size-thumbnail\" alt=\"\" \/><\/a>\n\t\t\t\t<\/dt><\/dl><dl class='gallery-item'>\n\t\t\t\t<dt class='gallery-icon landscape'>\n\t\t\t\t\t<a class=\"rollover rollover-zoom dt-pswp-item\" title=\"5_Videoispezione prima e dopo i lavori\" data-dt-img-description=\"\" data-large_image_width=\"1134\" data-large_image_height=\"638\"href='https:\/\/www.radiopiu.net\/wordpress\/wp-content\/uploads\/2023\/03\/5_Videoispezione-prima-e-dopo-i-lavori.jpg'><img loading=\"lazy\" decoding=\"async\" width=\"150\" height=\"150\" src=\"https:\/\/www.radiopiu.net\/wordpress\/wp-content\/uploads\/2023\/03\/5_Videoispezione-prima-e-dopo-i-lavori-150x150.jpg\" class=\"attachment-thumbnail size-thumbnail\" alt=\"\" \/><\/a>\n\t\t\t\t<\/dt><\/dl><dl class='gallery-item'>\n\t\t\t\t<dt class='gallery-icon landscape'>\n\t\t\t\t\t<a class=\"rollover rollover-zoom dt-pswp-item\" title=\"6_Intervento_su_pozzetti\" data-dt-img-description=\"\" data-large_image_width=\"1134\" data-large_image_height=\"638\"href='https:\/\/www.radiopiu.net\/wordpress\/wp-content\/uploads\/2023\/03\/6_Intervento_su_pozzetti.jpg'><img loading=\"lazy\" decoding=\"async\" width=\"150\" height=\"150\" src=\"https:\/\/www.radiopiu.net\/wordpress\/wp-content\/uploads\/2023\/03\/6_Intervento_su_pozzetti-150x150.jpg\" class=\"attachment-thumbnail size-thumbnail\" alt=\"\" \/><\/a>\n\t\t\t\t<\/dt><\/dl><br style=\"clear: both\" \/>\n\t\t\t<\/div>\n\n<p>&nbsp;<\/p>\n<hr \/>\n<p>&nbsp;<\/p>\n<blockquote>\n<h3>COME COMPERTARSI IN CASO DI CALAMITA&#8217; NATURALI. LA BROCHURE DEL COMUNE DI AGORDO ED ALPINI<\/h3>\n<\/blockquote>\n<p><strong>AGORDO<\/strong> Il comune di Agordo in sinergia con il Gruppo Protezione Civile Alpini hanno pensato ad una brochure per la popolazione per illustrare le regole e i comportamenti da adottare in presenza di eventi emergenziali come terremoti, incendi alluvioni, frane, vento forte e dissesto idrogeologico. Un documento che verr\u00e0 distribuito in tutte le case degli abitanti di Agordo e che riporta in sintesi le azioni da intraprendere previste dal piano di Protezione Civile del comune di Agordo approvato nel 2020 ed aggiornato recentemente. Un piccolo vademecum che l&#8217;amministrazione ha ritenuto importante portare nelle case dei cittadini. La distribuzione inizier\u00e0 nei prossimi giorni con un porta a porta degli Alpini.<\/p>\n<p><strong>LA BROCHURE CHE VERRA&#8217; DISTRIBUITA NELLE CASE<\/strong><\/p>\n<p><a class=\"dt-pswp-item\" href=\"https:\/\/www.radiopiu.net\/wordpress\/wp-content\/uploads\/2023\/03\/prot-civ-agordo-ok.jpg\" data-dt-img-description=\"\" data-large_image_width=\"909\" data-large_image_height=\"655\"><img loading=\"lazy\" decoding=\"async\" class=\"alignnone wp-image-325952 size-full\" src=\"https:\/\/www.radiopiu.net\/wordpress\/wp-content\/uploads\/2023\/03\/prot-civ-agordo-ok.jpg\" alt=\"\" width=\"909\" height=\"655\" srcset=\"https:\/\/www.radiopiu.net\/wordpress\/wp-content\/uploads\/2023\/03\/prot-civ-agordo-ok.jpg 909w, https:\/\/www.radiopiu.net\/wordpress\/wp-content\/uploads\/2023\/03\/prot-civ-agordo-ok-300x216.jpg 300w, https:\/\/www.radiopiu.net\/wordpress\/wp-content\/uploads\/2023\/03\/prot-civ-agordo-ok-768x553.jpg 768w\" sizes=\"auto, (max-width: 909px) 100vw, 909px\" \/><\/a><\/p>\n<p>&nbsp;<\/p>\n<hr \/>\n<p>&nbsp;<\/p>\n<blockquote>\n<h3>LA SAGRA DI SAN BIAGIO AD ALLEGHE CON GLI ALPINI E LE ASSOCIAZIONI LOCALI<\/h3>\n<\/blockquote>\n<p><strong>ALLEGHE<\/strong> II 3 febbraio si celebra la festa di San Biagio, Santo invocato in particolare per la sua prerogativa di taumaturgo contro le malattie della gola,\u00a0 San Biagio \u00e8 anche Patrono di Alleghe e gli alleghesi gli sono particolarmente devoti. Negli anni scorsi (fino al 2020) dopo la solenne Messa Parrocchiale si festeggiava sul Sagrato della Chiesa e nella adiacente piazza con giochi vari per i bambini organizzati dagli Alpini, con l&#8217;offerta di bevande calde e prelibatezze locali per turisti e valligiani. Fino a qualche anno fa la Sagra era vivacizzata anche da una Pesca organizzata a scopo benefico. Dopo lo stop forzato negli anni 2021 e 2022, dovuto alla ben nota pandemia, quest&#8217;anno si \u00e8 pensato di ripartire usufruendo di uno spazio maggiore e consono come \u00a0il piazzale dello Stadio del Ghiaccio e l&#8217;atrio dello Stadio stesso e coinvolgendo tutte le forze del paese a dimostrazione del fatto che l&#8217;unione fa la forza e ha anche il potere di coinvolgere pi\u00f9 persone e promuovere solidariet\u00e0 e sinergia. Per cui, con il preciso intento di mantenere viva la tradizione della Festa del Patrono di Alleghe e nel contempo offrire una giornata di giochi ai pi\u00f9 piccoli e di socialit\u00e0 a paesani e turisti, si sono riunite, dividendosi i compiti, le varie associazioni culturali e sportive operanti nel Comune. Agli Alpini l&#8217;impegno culinario assolto offrendo Casonziei, polenta e pastin, e piatti di trippa (grazie al Ristorante La Cambra che le ha preparate e offerte); mentre, alle varie altre Associazioni il compito di offrire bevande calde, giochi, intrattenimento e notizie sulle loro attivit\u00e0. Il ricavato della Festa, in accordo con tutte le Associazioni partecipanti, sar\u00e0 devoluto alle Scuole del Comune di Alleghe diviso in parti uguali fra asilo, scuole elementari e scuole medie.<\/p>\n\n\t\t\t<style type='text\/css'>\n\t\t\t\t#gallery-2 {\n\t\t\t\t\tmargin: auto;\n\t\t\t\t}\n\t\t\t\t#gallery-2 .gallery-item {\n\t\t\t\t\tfloat: left;\n\t\t\t\t\tmargin-top: 10px;\n\t\t\t\t\ttext-align: center;\n\t\t\t\t\twidth: 50%;\n\t\t\t\t}\n\t\t\t\t#gallery-2 img {\n\t\t\t\t\tborder: 2px solid #cfcfcf;\n\t\t\t\t}\n\t\t\t\t#gallery-2 .gallery-caption {\n\t\t\t\t\tmargin-left: 0;\n\t\t\t\t}\n\t\t\t\t\/* see gallery_shortcode() in wp-includes\/media.php *\/\n\t\t\t<\/style>\n\t\t<div id='gallery-2' class='dt-gallery-container gallery galleryid-325839 gallery-columns-2 gallery-size-medium'><dl class='gallery-item'>\n\t\t\t\t<dt class='gallery-icon landscape'>\n\t\t\t\t\t<a class=\"rollover rollover-zoom dt-pswp-item\" title=\"1\" data-dt-img-description=\"\" data-large_image_width=\"603\" data-large_image_height=\"384\"href='https:\/\/www.radiopiu.net\/wordpress\/wp-content\/uploads\/2023\/03\/1.png'><img loading=\"lazy\" decoding=\"async\" width=\"300\" height=\"191\" src=\"https:\/\/www.radiopiu.net\/wordpress\/wp-content\/uploads\/2023\/03\/1-300x191.png\" class=\"attachment-medium size-medium\" alt=\"\" srcset=\"https:\/\/www.radiopiu.net\/wordpress\/wp-content\/uploads\/2023\/03\/1-300x191.png 300w, https:\/\/www.radiopiu.net\/wordpress\/wp-content\/uploads\/2023\/03\/1.png 603w\" sizes=\"auto, (max-width: 300px) 100vw, 300px\" \/><\/a>\n\t\t\t\t<\/dt><\/dl><dl class='gallery-item'>\n\t\t\t\t<dt class='gallery-icon landscape'>\n\t\t\t\t\t<a class=\"rollover rollover-zoom dt-pswp-item\" title=\"2\" data-dt-img-description=\"\" data-large_image_width=\"610\" data-large_image_height=\"442\"href='https:\/\/www.radiopiu.net\/wordpress\/wp-content\/uploads\/2023\/03\/2.png'><img loading=\"lazy\" decoding=\"async\" width=\"300\" height=\"217\" src=\"https:\/\/www.radiopiu.net\/wordpress\/wp-content\/uploads\/2023\/03\/2-300x217.png\" class=\"attachment-medium size-medium\" alt=\"\" srcset=\"https:\/\/www.radiopiu.net\/wordpress\/wp-content\/uploads\/2023\/03\/2-300x217.png 300w, https:\/\/www.radiopiu.net\/wordpress\/wp-content\/uploads\/2023\/03\/2.png 610w\" sizes=\"auto, (max-width: 300px) 100vw, 300px\" \/><\/a>\n\t\t\t\t<\/dt><\/dl><br style=\"clear: both\" \/>\n\t\t\t<\/div>\n\n<p>&nbsp;<\/p>\n<hr \/>\n<p>&nbsp;<\/p>\n<p><strong>DI TIZIANO DE COL\u00a0<\/strong><\/p>\n\n\t\t\t<style type='text\/css'>\n\t\t\t\t#gallery-3 {\n\t\t\t\t\tmargin: auto;\n\t\t\t\t}\n\t\t\t\t#gallery-3 .gallery-item {\n\t\t\t\t\tfloat: left;\n\t\t\t\t\tmargin-top: 10px;\n\t\t\t\t\ttext-align: center;\n\t\t\t\t\twidth: 20%;\n\t\t\t\t}\n\t\t\t\t#gallery-3 img {\n\t\t\t\t\tborder: 2px solid #cfcfcf;\n\t\t\t\t}\n\t\t\t\t#gallery-3 .gallery-caption {\n\t\t\t\t\tmargin-left: 0;\n\t\t\t\t}\n\t\t\t\t\/* see gallery_shortcode() in wp-includes\/media.php *\/\n\t\t\t<\/style>\n\t\t<div id='gallery-3' class='dt-gallery-container gallery galleryid-325839 gallery-columns-5 gallery-size-thumbnail'><dl class='gallery-item'>\n\t\t\t\t<dt class='gallery-icon landscape'>\n\t\t\t\t\t<a class=\"rollover rollover-zoom dt-pswp-item\" title=\"144bed0d-ae4e-4033-aa86-3cf3fdb4e3c5\" data-dt-img-description=\"\" data-large_image_width=\"608\" data-large_image_height=\"349\"href='https:\/\/www.radiopiu.net\/wordpress\/wp-content\/uploads\/2023\/03\/144bed0d-ae4e-4033-aa86-3cf3fdb4e3c5.jpg'><img loading=\"lazy\" decoding=\"async\" width=\"150\" height=\"150\" src=\"https:\/\/www.radiopiu.net\/wordpress\/wp-content\/uploads\/2023\/03\/144bed0d-ae4e-4033-aa86-3cf3fdb4e3c5-150x150.jpg\" class=\"attachment-thumbnail size-thumbnail\" alt=\"\" \/><\/a>\n\t\t\t\t<\/dt><\/dl><dl class='gallery-item'>\n\t\t\t\t<dt class='gallery-icon landscape'>\n\t\t\t\t\t<a class=\"rollover rollover-zoom dt-pswp-item\" title=\"e711bb69-b58e-4464-be39-13a04557edb6\" data-dt-img-description=\"\" data-large_image_width=\"600\" data-large_image_height=\"350\"href='https:\/\/www.radiopiu.net\/wordpress\/wp-content\/uploads\/2023\/03\/e711bb69-b58e-4464-be39-13a04557edb6.jpg'><img loading=\"lazy\" decoding=\"async\" width=\"150\" height=\"150\" src=\"https:\/\/www.radiopiu.net\/wordpress\/wp-content\/uploads\/2023\/03\/e711bb69-b58e-4464-be39-13a04557edb6-150x150.jpg\" class=\"attachment-thumbnail size-thumbnail\" alt=\"\" \/><\/a>\n\t\t\t\t<\/dt><\/dl><dl class='gallery-item'>\n\t\t\t\t<dt class='gallery-icon landscape'>\n\t\t\t\t\t<a class=\"rollover rollover-zoom dt-pswp-item\" title=\"e798db25-03ce-41ec-88a9-2c874ea7b90d\" data-dt-img-description=\"\" data-large_image_width=\"586\" data-large_image_height=\"360\"href='https:\/\/www.radiopiu.net\/wordpress\/wp-content\/uploads\/2023\/03\/e798db25-03ce-41ec-88a9-2c874ea7b90d.jpg'><img loading=\"lazy\" decoding=\"async\" width=\"150\" height=\"150\" src=\"https:\/\/www.radiopiu.net\/wordpress\/wp-content\/uploads\/2023\/03\/e798db25-03ce-41ec-88a9-2c874ea7b90d-150x150.jpg\" class=\"attachment-thumbnail size-thumbnail\" alt=\"\" \/><\/a>\n\t\t\t\t<\/dt><\/dl><dl class='gallery-item'>\n\t\t\t\t<dt class='gallery-icon landscape'>\n\t\t\t\t\t<a class=\"rollover rollover-zoom dt-pswp-item\" title=\"031a23ff-0845-4c8d-b959-9883f70a1a01\" data-dt-img-description=\"\" data-large_image_width=\"616\" data-large_image_height=\"354\"href='https:\/\/www.radiopiu.net\/wordpress\/wp-content\/uploads\/2023\/03\/031a23ff-0845-4c8d-b959-9883f70a1a01.jpg'><img loading=\"lazy\" decoding=\"async\" width=\"150\" height=\"150\" src=\"https:\/\/www.radiopiu.net\/wordpress\/wp-content\/uploads\/2023\/03\/031a23ff-0845-4c8d-b959-9883f70a1a01-150x150.jpg\" class=\"attachment-thumbnail size-thumbnail\" alt=\"\" \/><\/a>\n\t\t\t\t<\/dt><\/dl><dl class='gallery-item'>\n\t\t\t\t<dt class='gallery-icon landscape'>\n\t\t\t\t\t<a class=\"rollover rollover-zoom dt-pswp-item\" title=\"ae03a9d8-22f5-49a3-a1bf-ad6345991df7\" data-dt-img-description=\"\" data-large_image_width=\"592\" data-large_image_height=\"351\"href='https:\/\/www.radiopiu.net\/wordpress\/wp-content\/uploads\/2023\/03\/ae03a9d8-22f5-49a3-a1bf-ad6345991df7.jpg'><img loading=\"lazy\" decoding=\"async\" width=\"150\" height=\"150\" src=\"https:\/\/www.radiopiu.net\/wordpress\/wp-content\/uploads\/2023\/03\/ae03a9d8-22f5-49a3-a1bf-ad6345991df7-150x150.jpg\" class=\"attachment-thumbnail size-thumbnail\" alt=\"\" \/><\/a>\n\t\t\t\t<\/dt><\/dl><br style=\"clear: both\" \/>\n\t\t\t<\/div>\n\n<p>&nbsp;<\/p>\n<hr \/>\n<p>&nbsp;<\/p>\n<blockquote>\n<h2>&#8230; A GIORGIO, IL RICORDO DI JOHN FRANCIS DELLA PIETRA<\/h2>\n<\/blockquote>\n<blockquote><p><em><a class=\"dt-pswp-item\" href=\"https:\/\/www.radiopiu.net\/wordpress\/wp-content\/uploads\/2023\/03\/Senza-nome-40.jpg\" data-dt-img-description=\"\" data-large_image_width=\"132\" data-large_image_height=\"165\"><img loading=\"lazy\" decoding=\"async\" class=\"wp-image-326032 alignleft\" src=\"https:\/\/www.radiopiu.net\/wordpress\/wp-content\/uploads\/2023\/03\/Senza-nome-40.jpg\" alt=\"\" width=\"77\" height=\"96\" \/><\/a>Giorgio Busin per gli amici cicheta. Noto pompiere permanente. Indomito cacciatore.Valente boscaiolo. Padre di famiglia<\/em><\/p><\/blockquote>\n<p><strong>FALCADE<\/strong> Lunedi alle 14.30 a Caviola si terranno i funerali di Giorgio Busin &#8220;cicheta&#8221;, mancato a 78 anni dopo una breve malattia. Ne hanno dato la triste notizia la moglie e le figlie ringraziando i medici e paramedici dell&#8217;ospedale di Belluno e invitando gli amici a devolvere eventuali offerte alla Croce Verde Val Biois.<\/p>\n<p>&nbsp;<\/p>\n<p><strong>IL RICORDO I JOHN FRANCIS DELLA PIETRA\u00a0<\/strong><\/p>\n<p><a class=\"dt-pswp-item\" href=\"https:\/\/www.radiopiu.net\/wordpress\/wp-content\/uploads\/2023\/03\/34cf21ee-5fcc-41f2-a6b9-0db2fcf8b83a.jpg\" data-dt-img-description=\"\" data-large_image_width=\"1500\" data-large_image_height=\"2000\"><img loading=\"lazy\" decoding=\"async\" class=\" wp-image-326033 alignleft\" src=\"https:\/\/www.radiopiu.net\/wordpress\/wp-content\/uploads\/2023\/03\/34cf21ee-5fcc-41f2-a6b9-0db2fcf8b83a-225x300.jpg\" alt=\"\" width=\"118\" height=\"157\" srcset=\"https:\/\/www.radiopiu.net\/wordpress\/wp-content\/uploads\/2023\/03\/34cf21ee-5fcc-41f2-a6b9-0db2fcf8b83a-225x300.jpg 225w, https:\/\/www.radiopiu.net\/wordpress\/wp-content\/uploads\/2023\/03\/34cf21ee-5fcc-41f2-a6b9-0db2fcf8b83a-768x1024.jpg 768w, https:\/\/www.radiopiu.net\/wordpress\/wp-content\/uploads\/2023\/03\/34cf21ee-5fcc-41f2-a6b9-0db2fcf8b83a-1152x1536.jpg 1152w, https:\/\/www.radiopiu.net\/wordpress\/wp-content\/uploads\/2023\/03\/34cf21ee-5fcc-41f2-a6b9-0db2fcf8b83a.jpg 1500w\" sizes=\"auto, (max-width: 118px) 100vw, 118px\" \/><\/a>&#8230;a Giorgio<\/p>\n<p>Un primo raggio di sole<br \/>\nIllumina tenacemente ma con decisione<br \/>\nLe nostre amate vette<br \/>\nLass\u00f9 su un ardita forcella<br \/>\nQuasi sulla cima<br \/>\nPunta il suo fascio di luce<br \/>\nChe lo sguardo ne viene attratto<br \/>\nE subitaneamente dentro il cuore<br \/>\nNe nasce un ricordo<br \/>\nDi quell uomo<br \/>\nVissuto nelle montagne<br \/>\nCon intensit\u00e0 e passione<br \/>\nFra rocce e boschi<br \/>\nSpesso nei perigli<br \/>\nOra l unanime grazie<br \/>\nDel territorio delle genti<br \/>\nE della sua famiglia<br \/>\nLo accompagni<br \/>\nL\u00e0 nell azzurro e libero cielo<br \/>\nChe tante volte<br \/>\nLo ha guidato e protetto<br \/>\nCiao Giorgio<br \/>\nLa tua immagine<br \/>\nIl tuo spirito<br \/>\nSempre con noi<\/p>\n<p>&nbsp;<\/p>\n<p>&nbsp;<\/p>\n<p>&nbsp;<\/p>\n<hr \/>\n<blockquote>\n<h3><a class=\"dt-pswp-item\" href=\"https:\/\/www.radiopiu.net\/wordpress\/wp-content\/uploads\/2023\/03\/IMG_20230310_103520-1-scaled.jpg\" data-dt-img-description=\"\" data-large_image_width=\"2560\" data-large_image_height=\"1922\"><img loading=\"lazy\" decoding=\"async\" class=\" wp-image-325930 alignleft\" src=\"https:\/\/www.radiopiu.net\/wordpress\/wp-content\/uploads\/2023\/03\/IMG_20230310_103520-1-300x225.jpg\" alt=\"\" width=\"223\" height=\"167\" srcset=\"https:\/\/www.radiopiu.net\/wordpress\/wp-content\/uploads\/2023\/03\/IMG_20230310_103520-1-300x225.jpg 300w, https:\/\/www.radiopiu.net\/wordpress\/wp-content\/uploads\/2023\/03\/IMG_20230310_103520-1-1024x769.jpg 1024w, https:\/\/www.radiopiu.net\/wordpress\/wp-content\/uploads\/2023\/03\/IMG_20230310_103520-1-768x577.jpg 768w, https:\/\/www.radiopiu.net\/wordpress\/wp-content\/uploads\/2023\/03\/IMG_20230310_103520-1-1536x1153.jpg 1536w, https:\/\/www.radiopiu.net\/wordpress\/wp-content\/uploads\/2023\/03\/IMG_20230310_103520-1-2048x1538.jpg 2048w\" sizes=\"auto, (max-width: 223px) 100vw, 223px\" \/><\/a>IL PALIO IN PEDIATRIA<\/h3>\n<\/blockquote>\n<p><strong>FELTRE<\/strong>\u00a0 I bambini della Pediatria hanno ricevuto un regalo speciale da parte dell\u2019Associazione Palio Citt\u00e0 di Feltre: il fumetto il \u201cPalio. Un sogno nella Storia\u201d e il righello col logo della manifestazione. Un modo carino per coinvolgere anche i piccoli degenti all\u2019evento clou della Citt\u00e0 di Feltre e sviluppare, attraverso strumenti e linguaggi adatti all\u2019et\u00e0, il radicamento della manifestazione tra le giovani generazioni, senza scordare chi vive un momento di fragilit\u00e0. Il fumetto illustra la storia della creazione del Palio ad opera della prof.ssa Anna Paola Zugni Tauro.<\/p>\n<p>&nbsp;<\/p>\n<p>&nbsp;<\/p>\n<hr \/>\n<p>&nbsp;<\/p>\n<blockquote>\n<h3><a class=\"dt-pswp-item\" href=\"https:\/\/www.radiopiu.net\/wordpress\/wp-content\/uploads\/2023\/01\/OCCHIO.jpg\" data-dt-img-description=\"\" data-large_image_width=\"1280\" data-large_image_height=\"720\"><img loading=\"lazy\" decoding=\"async\" class=\" wp-image-316407 alignleft\" src=\"https:\/\/www.radiopiu.net\/wordpress\/wp-content\/uploads\/2023\/01\/OCCHIO-300x169.jpg\" alt=\"\" width=\"188\" height=\"106\" srcset=\"https:\/\/www.radiopiu.net\/wordpress\/wp-content\/uploads\/2023\/01\/OCCHIO-300x169.jpg 300w, https:\/\/www.radiopiu.net\/wordpress\/wp-content\/uploads\/2023\/01\/OCCHIO-1024x576.jpg 1024w, https:\/\/www.radiopiu.net\/wordpress\/wp-content\/uploads\/2023\/01\/OCCHIO-768x432.jpg 768w, https:\/\/www.radiopiu.net\/wordpress\/wp-content\/uploads\/2023\/01\/OCCHIO.jpg 1280w\" sizes=\"auto, (max-width: 188px) 100vw, 188px\" \/><\/a>PARLIAMO DI GLAUCOMA: INCONTRO CON I CITTADINI<\/h3>\n<\/blockquote>\n<p><strong>BELLUNO <\/strong>In occasione della Settimana mondiale del Glaucoma, nell\u2019ambito della campagna di prevenzione organizzata dall\u2019Agenzia Internazionale Prevenzione della Cecit\u00e0 e in collaborazione con l\u2019Unione Italiana dei Ciechi e Ipovedenti di Belluno (UICI), l\u2019Ulss Dolomiti promuove un incontro di informazione e sensibilizzazione rivolto alla cittadinanza dedicato a questa patologia. L\u2019incontro si terr\u00e0 sabato 18 marzo 2023 dalle 9.30 alle 12.30 nella Sala Riunioni dell\u2019Ospedale San Martino di Belluno. La partecipazione \u00e8 gratuita e ad accesso libero.<\/p>\n<p>&nbsp;<\/p>\n<p>&nbsp;<\/p>\n<hr \/>\n<p>&nbsp;<\/p>\n<blockquote>\n<h3>GRUPPO DI SOSTEGNO PER IL LUTTO PERINATALE<\/h3>\n<\/blockquote>\n<p><strong><a class=\"dt-pswp-item\" href=\"https:\/\/www.radiopiu.net\/wordpress\/wp-content\/uploads\/2021\/03\/ULSS-1.jpg\" data-dt-img-description=\"\" data-large_image_width=\"776\" data-large_image_height=\"408\"><img loading=\"lazy\" decoding=\"async\" class=\" wp-image-198838 alignleft\" src=\"https:\/\/www.radiopiu.net\/wordpress\/wp-content\/uploads\/2021\/03\/ULSS-1-300x158.jpg\" alt=\"\" width=\"190\" height=\"100\" srcset=\"https:\/\/www.radiopiu.net\/wordpress\/wp-content\/uploads\/2021\/03\/ULSS-1-300x158.jpg 300w, https:\/\/www.radiopiu.net\/wordpress\/wp-content\/uploads\/2021\/03\/ULSS-1-768x404.jpg 768w, https:\/\/www.radiopiu.net\/wordpress\/wp-content\/uploads\/2021\/03\/ULSS-1.jpg 776w\" sizes=\"auto, (max-width: 190px) 100vw, 190px\" \/><\/a>BELLUNO <\/strong>La Ostetricia e Ginecologia di Belluno, in collaborazione con la psicologia ospedaliera, ha organizzato un gruppo di sostegno per il lutto perinatale. \u00c8 un percorso di gruppo rivolto ai genitori, sia in coppia che singolarmente, che abbiano perso un bambino durante la gravidanza (in qualsiasi settimana gestazionale e per qualsiasi causa, compresa l\u2019interruzione di gravidanza per patologia) e nel primo anno di vita. Il gruppo avr\u00e0 una cadenza mensile e la durata complessiva di un anno e sar\u00e0 condotto da una psicologa psicoterapeuta formata sul luto perinatale. Verr\u00e0 attivato con un minimo di 6 partecipanti fino ad un massimo di 12. L\u2019obiettivo \u00e8 quello di facilitare il percorso di elaborazione del luto nella coppia grazie allo strumento del gruppo condotto da un esperto. Il gruppo permette alla persona di vivere un\u2019esperienza di contenimento delle proprie emozioni, di ascolto rispettoso, di condivisione dei propri vissuto e di rispecchiamento nell\u2019altro che sta vivendo un\u2019esperienza simile alla propria con l\u2019aiuto del conduttore. Ogni persona sar\u00e0 libera di condividere ci\u00f2 che sente di poter e voler condividere in un ambiente tutelato e protetto. Per partecipare basta scrivere a ginecologia.bl.rep@aulss1.teneto.it lasciando nome , cognome e contato telefonico<\/p>\n<p>&nbsp;<\/p>\n<p>&nbsp;<\/p>\n<hr \/>\n<p>&nbsp;<\/p>\n<blockquote>\n<h3>INCONTRIAMOCI IN CAMPER A BELLUNO<\/h3>\n<\/blockquote>\n<p><strong>BELLUNO <\/strong>Arriva a Belluno il camper dedicato alla campagna di sensibilizzazione e informazione \u201cINCONTriamoci\u201d sull\u2019incontinenza e stomia, organizzato dall\u2019Ulss Dolomiti, A.I.S.VE (Associazione Incontinenti e Stomizzati del Veneto) e A.I.S. Belluno. Il camper sar\u00e0 in Piazza dei Martiri a Belluno (di fronte alla chiesa di San Rocco) nella giornata di sabato 18 marzo 2023 dalle 9.00 alle 13.00: un team specialistico dell\u2019UOC di Urologia di Belluno, diretta da Marcello Repele, sar\u00e0 a disposizione per rispondere alle domande dei cittadini sull\u2019argomento, anche con colloqui riservati.<\/p>\n<p>&nbsp;<\/p>\n<p>&nbsp;<\/p>\n<hr \/>\n<p>&nbsp;<\/p>\n<blockquote>\n<h3>A SCUOLA DI MIGRAZIONE. SARANNO 270 GLI STUDENTI INTERESSATI<\/h3>\n<\/blockquote>\n<p><strong><a class=\"dt-pswp-item\" href=\"https:\/\/www.radiopiu.net\/wordpress\/wp-content\/uploads\/2023\/03\/a5f49f6e-bffe-4c7a-9b45-c671ac01cc77.jpg\" data-dt-img-description=\"\" data-large_image_width=\"1024\" data-large_image_height=\"768\"><img loading=\"lazy\" decoding=\"async\" class=\" wp-image-325964 alignleft\" src=\"https:\/\/www.radiopiu.net\/wordpress\/wp-content\/uploads\/2023\/03\/a5f49f6e-bffe-4c7a-9b45-c671ac01cc77-300x225.jpg\" alt=\"\" width=\"209\" height=\"157\" srcset=\"https:\/\/www.radiopiu.net\/wordpress\/wp-content\/uploads\/2023\/03\/a5f49f6e-bffe-4c7a-9b45-c671ac01cc77-300x225.jpg 300w, https:\/\/www.radiopiu.net\/wordpress\/wp-content\/uploads\/2023\/03\/a5f49f6e-bffe-4c7a-9b45-c671ac01cc77-768x576.jpg 768w, https:\/\/www.radiopiu.net\/wordpress\/wp-content\/uploads\/2023\/03\/a5f49f6e-bffe-4c7a-9b45-c671ac01cc77.jpg 1024w\" sizes=\"auto, (max-width: 209px) 100vw, 209px\" \/><\/a>BELLUNO<\/strong> A scuola di migrazione bellunese: Centro Consorzi di Sedico e Associazione Bellunesi nel Mondo daranno vita a un corso che nei prossimi due mesi interesser\u00e0 270 ragazzi delle scuole secondarie di primo grado della Valbelluna.<\/p>\n<p><strong>di Daniele Dalvit<\/strong><\/p>\n<audio class=\"wp-audio-shortcode\" id=\"audio-325839-8\" preload=\"none\" style=\"width: 100%;\" controls=\"controls\"><source type=\"audio\/mpeg\" src=\"https:\/\/www.radiopiu.net\/wordpress\/wp-content\/uploads\/2023\/03\/DALVIT-STORIA-EMIGRAZIONE.mp3?_=8\" \/><a href=\"https:\/\/www.radiopiu.net\/wordpress\/wp-content\/uploads\/2023\/03\/DALVIT-STORIA-EMIGRAZIONE.mp3\">https:\/\/www.radiopiu.net\/wordpress\/wp-content\/uploads\/2023\/03\/DALVIT-STORIA-EMIGRAZIONE.mp3<\/a><\/audio>\n<p>&nbsp;<\/p>\n<hr \/>\n<p>&nbsp;<\/p>\n<blockquote>\n<h3>PROROGATO AL 22 MARZO IL TERMINE PER PARTECIAPERE AL CONCORSO DELL&#8217;ASSOCIAZIONE VESES<\/h3>\n<\/blockquote>\n<p><strong><a class=\"dt-pswp-item\" href=\"https:\/\/www.radiopiu.net\/wordpress\/wp-content\/uploads\/2023\/03\/Cerimonia-2.jpg\" data-dt-img-description=\"\" data-large_image_width=\"1400\" data-large_image_height=\"844\"><img loading=\"lazy\" decoding=\"async\" class=\" wp-image-325958 alignleft\" src=\"https:\/\/www.radiopiu.net\/wordpress\/wp-content\/uploads\/2023\/03\/Cerimonia-2-300x181.jpg\" alt=\"\" width=\"181\" height=\"109\" srcset=\"https:\/\/www.radiopiu.net\/wordpress\/wp-content\/uploads\/2023\/03\/Cerimonia-2-300x181.jpg 300w, https:\/\/www.radiopiu.net\/wordpress\/wp-content\/uploads\/2023\/03\/Cerimonia-2-1024x617.jpg 1024w, https:\/\/www.radiopiu.net\/wordpress\/wp-content\/uploads\/2023\/03\/Cerimonia-2-768x463.jpg 768w, https:\/\/www.radiopiu.net\/wordpress\/wp-content\/uploads\/2023\/03\/Cerimonia-2.jpg 1400w\" sizes=\"auto, (max-width: 181px) 100vw, 181px\" \/><\/a>BORGO VALBELLUNA <\/strong>Prorogato a mercoled\u00ec 22 marzo il termine per aderire al concorso di scrittura \u201cParole che parlano di noi\u201d proposto dall\u2019associazione culturale \u201cVeses\u201d (inizialmente fissato al 15 marzo). \u201cConfini e limiti: il coraggio dell\u2019incontro\u201d \u00e8 la tematica di quest\u2019anno.Il concorso si rivolge ai residenti in provincia di Belluno e la partecipazione \u00e8 gratuita. Ogni concorrente pu\u00f2 partecipare con un testo inedito della lunghezza massima di 600 battute spazi inclusi. Sono previste 2 sezioni: 1 \u2013 Sezione Scuole, riservata alle classi seconde e terze della scuola secondaria di primo grado; 2 \u2013 Sezione Aperta (dai 14 anni in su). Le opere dovranno pervenire via e-mail seguendo le indicazioni del bando leggibile a questo link: <a href=\"https:\/\/ilveses.com\/confini-e-limiti-il-coraggio-dellincontro\/\">https:\/\/ilveses.com\/confini-e-limiti-il-coraggio-dellincontro\/ <\/a>La cerimonia di premiazione si terr\u00e0 nell\u2019Auditorium ex chiesa di San Pietro a Mel di Borgo Valbelluna il 28 maggio. Per info scrivere a <a href=\"mailto:concorso@ilveses.com\">concorso@ilveses.com<\/a><\/p>\n<p>&nbsp;<\/p>\n<p>&nbsp;<\/p>\n<hr \/>\n<p>&nbsp;<\/p>\n<blockquote>\n<h3>A COLLE SANTA LUCIA IL CONSIGLIO COMUNALE<\/h3>\n<\/blockquote>\n<p><strong>COLLE SANTA LUCIA<\/strong> \u00c8 in programma oggi alle 7 il consiglio comunale di Colle Santa Lucia. Il sindaco Paolo Frena ha chiamato a rapporto i consiglieri comunali per trattare 13 punti tra cui la relazione dell&#8217;Istitut Cultural Ladin Cesa de Jan, Euregio, Associazione Turistica e Gruppo Miniere. La convenzione con l&#8217;Unione Montana Agordina per il comitato delle pari opportunit\u00e0, una variazione a bilancio, approvazione e bilancio di ASCA, il regolamento comunale di polizia mortuaria e cimiteriale e il recesso da socio della casa di riposo di Taibon del comune di Colle Santa Lucia<\/p>\n<p>&nbsp;<\/p>\n<p>&nbsp;<\/p>\n<hr \/>\n<p>&nbsp;<\/p>\n<blockquote>\n<h3>CONVOCATO IL CONSIGLIO COMUNALE DI ALLEGHE<\/h3>\n<\/blockquote>\n<p><strong>ALLEGHE<\/strong> Il sindaco di Alleghe Danilo De Toni ha convocato i consiglieri comunali per luned\u00ec alle 20 nella sala consigliere del Municipio per trattare otto punti all&#8217;ordine del giorno. Si parler\u00e0 del bilancio di ASCA, l&#8217;approvazione del regolamento comunale per le attivit\u00e0 di acconciatore &#8211; estetista, tatuaggi e piercing, della convenzione per l&#8217;affidamento del servizio di distribuzione del gas naturale, della realizzazione di un bacino idrico artificiale a Col dei Baldi per l&#8217;innevamento, della convenzione con l&#8217;Unione Montana Agordina per il comitato delle pari opportunit\u00e0 e di un intervento di demolizione e ricostruzione di un fabbricato a Masar\u00e8. Infine il recesso da socio della casa di riposo di Taibon<\/p>\n<p>&nbsp;<\/p>\n<p>&nbsp;<\/p>\n<hr \/>\n<p>&nbsp;<\/p>\n<blockquote>\n<h3>&#8220;CHECK-IN&#8221; IL NUOVO SINGOLO DI MATTIA ANDRICH<\/h3>\n<\/blockquote>\n<p><strong><a class=\"dt-pswp-item\" href=\"https:\/\/www.radiopiu.net\/wordpress\/wp-content\/uploads\/2023\/03\/05a9d7a6-589b-4554-93cc-009d1edceee0.jpg\" data-dt-img-description=\"\" data-large_image_width=\"1024\" data-large_image_height=\"1014\"><img loading=\"lazy\" decoding=\"async\" class=\" wp-image-325829 alignleft\" src=\"https:\/\/www.radiopiu.net\/wordpress\/wp-content\/uploads\/2023\/03\/05a9d7a6-589b-4554-93cc-009d1edceee0-300x297.jpg\" alt=\"\" width=\"175\" height=\"173\" srcset=\"https:\/\/www.radiopiu.net\/wordpress\/wp-content\/uploads\/2023\/03\/05a9d7a6-589b-4554-93cc-009d1edceee0-300x297.jpg 300w, https:\/\/www.radiopiu.net\/wordpress\/wp-content\/uploads\/2023\/03\/05a9d7a6-589b-4554-93cc-009d1edceee0-768x761.jpg 768w, https:\/\/www.radiopiu.net\/wordpress\/wp-content\/uploads\/2023\/03\/05a9d7a6-589b-4554-93cc-009d1edceee0.jpg 1024w\" sizes=\"auto, (max-width: 175px) 100vw, 175px\" \/><\/a>di Marco Gaz<\/strong><\/p>\n<p><strong>REDAZIONE<\/strong> Dopo &#8220;Amaca&#8221; e &#8220;Tempo Perso&#8221;, Mattia Andrich torna negli studi di Radio Pi\u00f9 per presentare il nuovo singolo dal titolo &#8220;Check-In&#8221;. &#8220;Check-in \u00e8 una canzone nata per chiedere scusa a tutte quelle persone a cui non dedichiamo le giuste attenzioni, persi nei nostri pensieri, nei nostri problemi o nei nostri sogni a occhi aperti. Ma \u00e8 anche una canzone che ho scritto per spiegare come mi sento spesso, immobile a guardare la mia vita che corre, mentre io tiro il freno a mano. Come in un aeroporto, senza nessun biglietto, aspettando il mio decollo, ma stando fermo fuori dal check-in. Il barno si pu\u00f2 ascoltare su tutte le principali piattaforme digitali di streaming musicale.<\/p>\n<p><strong>L&#8217;INTERVISTA A MATTIA ANDRICH<\/strong><\/p>\n<audio class=\"wp-audio-shortcode\" id=\"audio-325839-9\" preload=\"none\" style=\"width: 100%;\" controls=\"controls\"><source type=\"audio\/mpeg\" src=\"https:\/\/www.radiopiu.net\/wordpress\/wp-content\/uploads\/2023\/03\/MATTIA-ANDRICH-NUOVO-SINGOLO.mp3?_=9\" \/><a href=\"https:\/\/www.radiopiu.net\/wordpress\/wp-content\/uploads\/2023\/03\/MATTIA-ANDRICH-NUOVO-SINGOLO.mp3\">https:\/\/www.radiopiu.net\/wordpress\/wp-content\/uploads\/2023\/03\/MATTIA-ANDRICH-NUOVO-SINGOLO.mp3<\/a><\/audio>\n<p>&nbsp;<\/p>\n<p><iframe loading=\"lazy\" title=\"Mattia Andrich - Check-in\" width=\"1200\" height=\"675\" src=\"https:\/\/www.youtube.com\/embed\/1ukNpfgjHjQ?feature=oembed\" frameborder=\"0\" allow=\"accelerometer; autoplay; clipboard-write; encrypted-media; gyroscope; picture-in-picture; web-share\" allowfullscreen><\/iframe><\/p>\n<p>&nbsp;<\/p>\n<p>&nbsp;<\/p>\n<hr \/>\n<p>&nbsp;<\/p>\n<blockquote>\n<h3>UN CONCORSO PUBBLICO PER ASSUMERE 140 COMISSARI DELLA CARRIERA DEI FUNZIONARI DELLA POLIZIA DI STATO<\/h3>\n<\/blockquote>\n<p><strong><a class=\"dt-pswp-item\" href=\"https:\/\/www.radiopiu.net\/wordpress\/wp-content\/uploads\/2022\/05\/POLIZIA-2.jpg\" data-dt-img-description=\"\" data-large_image_width=\"1920\" data-large_image_height=\"1080\"><img loading=\"lazy\" decoding=\"async\" class=\" wp-image-278033 alignleft\" src=\"https:\/\/www.radiopiu.net\/wordpress\/wp-content\/uploads\/2022\/05\/POLIZIA-2-300x169.jpg\" alt=\"\" width=\"170\" height=\"96\" srcset=\"https:\/\/www.radiopiu.net\/wordpress\/wp-content\/uploads\/2022\/05\/POLIZIA-2-300x169.jpg 300w, https:\/\/www.radiopiu.net\/wordpress\/wp-content\/uploads\/2022\/05\/POLIZIA-2-1024x576.jpg 1024w, https:\/\/www.radiopiu.net\/wordpress\/wp-content\/uploads\/2022\/05\/POLIZIA-2-768x432.jpg 768w, https:\/\/www.radiopiu.net\/wordpress\/wp-content\/uploads\/2022\/05\/POLIZIA-2-1536x864.jpg 1536w, https:\/\/www.radiopiu.net\/wordpress\/wp-content\/uploads\/2022\/05\/POLIZIA-2.jpg 1920w\" sizes=\"auto, (max-width: 170px) 100vw, 170px\" \/><\/a>BELLUNO <\/strong>Sul Portale Unico del reclutamento, disponibile all\u2019indirizzo <a href=\"http:\/\/www.inpa.gov.it\">www.inpa.gov.it<\/a> nonch\u00e9 sul sito <a href=\"http:\/\/www.poliziadistato.it\">www.poliziadistato.it<\/a>, \u00e8 stato pubblicato il bando di concorso pubblico, per titoli ed esami, per l\u2019assunzione di 140 commissari della carriera dei funzionari della Polizia di Stato, indetto con decreto del 16 febbraio 2023. La domanda di partecipazione al concorso potr\u00e0 essere presentata, \u00a0dalle \u00a0ore \u00a000.00 del 18 febbraio 2023 alle ore 23.59 del 20 marzo 2023, sia tramite il Portale unico di reclutamento che mediante la procedura informatica disponibile all\u2019indirizzo <a href=\"https:\/\/concorsionline.poliziadistato.it\">https:\/\/concorsionline.poliziadistato.it<\/a> (cliccando sull\u2019icona \u201cConcorso pubblico\u201d).<\/p>\n<p>&nbsp;<\/p>\n<p>&nbsp;<\/p>\n<hr \/>\n<p>&nbsp;<\/p>\n<blockquote>\n<h3>PULIAMO FELTRE, CON GLI ECOVOLONTARI DELLA COMUNITA&#8217; MONTANA FELTRINA<\/h3>\n<\/blockquote>\n<p><strong><a class=\"dt-pswp-item\" href=\"https:\/\/www.radiopiu.net\/wordpress\/wp-content\/uploads\/2022\/10\/2_depuratore-di-Feltre.jpg\" data-dt-img-description=\"\" data-large_image_width=\"1536\" data-large_image_height=\"2048\"><img loading=\"lazy\" decoding=\"async\" class=\" wp-image-302148 alignleft\" src=\"https:\/\/www.radiopiu.net\/wordpress\/wp-content\/uploads\/2022\/10\/2_depuratore-di-Feltre-225x300.jpg\" alt=\"\" width=\"154\" height=\"205\" srcset=\"https:\/\/www.radiopiu.net\/wordpress\/wp-content\/uploads\/2022\/10\/2_depuratore-di-Feltre-225x300.jpg 225w, https:\/\/www.radiopiu.net\/wordpress\/wp-content\/uploads\/2022\/10\/2_depuratore-di-Feltre-768x1024.jpg 768w, https:\/\/www.radiopiu.net\/wordpress\/wp-content\/uploads\/2022\/10\/2_depuratore-di-Feltre-1152x1536.jpg 1152w, https:\/\/www.radiopiu.net\/wordpress\/wp-content\/uploads\/2022\/10\/2_depuratore-di-Feltre.jpg 1536w\" sizes=\"auto, (max-width: 154px) 100vw, 154px\" \/><\/a>FELTRE <\/strong>La mattina di domenica 19 marzo sar\u00e0 dedicata a questa importante iniziativa, che vedr\u00e0 i volontari del Palio, ma anche tutti i cittadini che vorranno aderire, impegnati nella pulizia della citt\u00e0 di Feltre, con particolare riferimento a luoghi o frazioni particolarmente significativi per i Quartieri. Il ritrovo \u00e8 previsto alle ore 8.30 a Pra\u2019 del Moro.\u00a0 La giornata, coordinata da alcuni volontari degli Ecovolontari, si concluder\u00e0 alle 13.00.Per l\u2019iscrizione si potr\u00e0 inviare una mail con i propri dati (cognome e nome, luogo e data di nascita, codice fiscale e indirizzo) alla mail ecovolontari.umfeltre@gmail.com o come messaggio privato alla pagina facebook <strong>@ecovolontari.umfeltre<\/strong>: questo consentir\u00e0 di attivare l\u2019assicurazione necessaria per partecipare alle attivit\u00e0.<\/p>\n<p>&nbsp;<\/p>\n<p>&nbsp;<\/p>\n<p>&nbsp;<\/p>\n<p>&nbsp;<\/p>\n<hr \/>\n<p>&nbsp;<\/p>\n<blockquote>\n<h3>CONCERTO PREMIO EDIZIONE 2022<\/h3>\n<\/blockquote>\n<p><strong>BELLUNO<\/strong> Per il secondo anno consecutivo il Centro Culturale di Longarone ospita il concerto-premio dell&#8217;edizione 2022 del Concorso Musicale Citt\u00e0 di Belluno (sezione Canto Moderno), oggi alle\u00a0 20:45. Quest&#8217;anno ci saranno due importanti novit\u00e0: l&#8217;allestimento floreale del palco da parte dei volontari dell&#8217;infiorata di Igne e la presenza di due ospiti d&#8217;onore: il Cantautore bellunese Alvise Bortolini e la meravigliosa voce di Jessica Lena. <em>&#8220;La volont\u00e0 \u00e8 sempre quella di promuovere i giovani talenti, di far conoscere lo splendido e prezioso lavoro dei nostri volontari&#8221; &#8211; dichiara il Consigliere delegato alla Cultura Anna Olivier &#8211; &#8220;e di creare situazioni di socialit\u00e0, all&#8217;insegna della Bellezza, in questo caso della buona musica&#8221;.\u00a0<\/em><\/p>\n<p>&nbsp;<\/p>\n<p>&nbsp;<\/p>\n<hr \/>\n<p>&nbsp;<\/p>\n<blockquote>\n<h3>GIORGIO PERLASCA A CANALE D&#8217;AGORDO<\/h3>\n<\/blockquote>\n<p><strong><a class=\"dt-pswp-item\" href=\"https:\/\/www.radiopiu.net\/wordpress\/wp-content\/uploads\/2023\/03\/Senza-nome-24.jpg\" data-dt-img-description=\"\" data-large_image_width=\"618\" data-large_image_height=\"463\"><img loading=\"lazy\" decoding=\"async\" class=\" wp-image-325246 alignleft\" src=\"https:\/\/www.radiopiu.net\/wordpress\/wp-content\/uploads\/2023\/03\/Senza-nome-24-300x225.jpg\" alt=\"\" width=\"203\" height=\"152\" srcset=\"https:\/\/www.radiopiu.net\/wordpress\/wp-content\/uploads\/2023\/03\/Senza-nome-24-300x225.jpg 300w, https:\/\/www.radiopiu.net\/wordpress\/wp-content\/uploads\/2023\/03\/Senza-nome-24.jpg 618w\" sizes=\"auto, (max-width: 203px) 100vw, 203px\" \/><\/a><\/strong><\/p>\n<p><strong>CANALE D&#8217;AGORDO <\/strong>Con il patrocinio del comune di Canale d\u2019Agordo e dell\u2019Associazione Libera Agordino, contributo di Cassa Rurale Dolomiti e Birreria Costa.<\/p>\n<p><strong>GIANNI SANTOMASO<\/strong><\/p>\n<audio class=\"wp-audio-shortcode\" id=\"audio-325839-10\" preload=\"none\" style=\"width: 100%;\" controls=\"controls\"><source type=\"audio\/mpeg\" src=\"https:\/\/www.radiopiu.net\/wordpress\/wp-content\/uploads\/2023\/03\/GIANNI-GIORGIO-PERLASCA.mp3?_=10\" \/><a href=\"https:\/\/www.radiopiu.net\/wordpress\/wp-content\/uploads\/2023\/03\/GIANNI-GIORGIO-PERLASCA.mp3\">https:\/\/www.radiopiu.net\/wordpress\/wp-content\/uploads\/2023\/03\/GIANNI-GIORGIO-PERLASCA.mp3<\/a><\/audio>\n<p>&nbsp;<\/p>\n<p>&nbsp;<\/p>\n<p>&nbsp;<\/p>\n<hr \/>\n<p>&nbsp;<\/p>\n<p><strong>ATOMIC PARTY CON I FUTURI PERITI CHIMICI, DUE SERATA DI FESTA, LISCIO E DISCOTECA CON DJ BISSO, 17-18 MARZO AL PALFALCADE. APERITIVI, GIOCHI, BALLI&#8230; DIVERTIMENTO\u00a0<\/strong><\/p>\n<p><a class=\"dt-pswp-item\" href=\"https:\/\/www.radiopiu.net\/wordpress\/wp-content\/uploads\/2023\/03\/Donazione-CDL-Ecografo-Ospedale-Borgo-Trento-1-300x225-1.jpeg\" data-dt-img-description=\"\" data-large_image_width=\"1122\" data-large_image_height=\"374\"><img loading=\"lazy\" decoding=\"async\" class=\"size-medium wp-image-324677 aligncenter\" src=\"https:\/\/www.radiopiu.net\/wordpress\/wp-content\/uploads\/2023\/03\/Donazione-CDL-Ecografo-Ospedale-Borgo-Trento-1-300x225-1-300x100.jpeg\" alt=\"\" width=\"300\" height=\"100\" srcset=\"https:\/\/www.radiopiu.net\/wordpress\/wp-content\/uploads\/2023\/03\/Donazione-CDL-Ecografo-Ospedale-Borgo-Trento-1-300x225-1-300x100.jpeg 300w, https:\/\/www.radiopiu.net\/wordpress\/wp-content\/uploads\/2023\/03\/Donazione-CDL-Ecografo-Ospedale-Borgo-Trento-1-300x225-1-1024x341.jpeg 1024w, https:\/\/www.radiopiu.net\/wordpress\/wp-content\/uploads\/2023\/03\/Donazione-CDL-Ecografo-Ospedale-Borgo-Trento-1-300x225-1-768x256.jpeg 768w, https:\/\/www.radiopiu.net\/wordpress\/wp-content\/uploads\/2023\/03\/Donazione-CDL-Ecografo-Ospedale-Borgo-Trento-1-300x225-1.jpeg 1122w\" sizes=\"auto, (max-width: 300px) 100vw, 300px\" \/><\/a><a class=\"dt-pswp-item\" href=\"https:\/\/www.radiopiu.net\/wordpress\/wp-content\/uploads\/2023\/03\/Atomic-Party-2023-1.jpg\" data-dt-img-description=\"\" data-large_image_width=\"1032\" data-large_image_height=\"1141\"><img loading=\"lazy\" decoding=\"async\" class=\"size-medium wp-image-324664 aligncenter\" src=\"https:\/\/www.radiopiu.net\/wordpress\/wp-content\/uploads\/2023\/03\/Atomic-Party-2023-1-271x300.jpg\" alt=\"\" width=\"271\" height=\"300\" srcset=\"https:\/\/www.radiopiu.net\/wordpress\/wp-content\/uploads\/2023\/03\/Atomic-Party-2023-1-271x300.jpg 271w, https:\/\/www.radiopiu.net\/wordpress\/wp-content\/uploads\/2023\/03\/Atomic-Party-2023-1-926x1024.jpg 926w, https:\/\/www.radiopiu.net\/wordpress\/wp-content\/uploads\/2023\/03\/Atomic-Party-2023-1-768x849.jpg 768w, https:\/\/www.radiopiu.net\/wordpress\/wp-content\/uploads\/2023\/03\/Atomic-Party-2023-1.jpg 1032w\" sizes=\"auto, (max-width: 271px) 100vw, 271px\" \/><\/a><\/p>\n<p>&nbsp;<\/p>\n<p>&nbsp;<\/p>\n<hr \/>\n<blockquote>\n<h3><\/h3>\n<h3>IL 19 MARZO TORNA SUL BROI LA VECIA POPA<\/h3>\n<\/blockquote>\n<p><strong>AGORDO<\/strong>\u00a0La Vecia Popa \u00e8 pronta per tonare sul Broi di Agordo . L\u2019Appuntamento \u00e8 per domenica 19 marzo con la festa e l\u2019atteso testamento.<\/p>\n<div id=\"gallery-5\" class=\"dt-gallery-container gallery galleryid-323239 gallery-columns-2 gallery-size-medium\">\n<dl class=\"gallery-item\">\n<dt class=\"gallery-icon landscape\"><a class=\"rollover rollover-zoom dt-pswp-item pspw-wrap-ready this-ready\" title=\"dee7dc2b-e175-4363-a25e-dfe83fa36671\" href=\"https:\/\/www.radiopiu.net\/wordpress\/wp-content\/uploads\/2023\/02\/dee7dc2b-e175-4363-a25e-dfe83fa36671.jpg\" data-dt-img-description=\"\" data-large_image_width=\"813\" data-large_image_height=\"540\"><img loading=\"lazy\" decoding=\"async\" class=\"attachment-medium size-medium\" src=\"https:\/\/www.radiopiu.net\/wordpress\/wp-content\/uploads\/2023\/02\/dee7dc2b-e175-4363-a25e-dfe83fa36671-300x199.jpg\" sizes=\"auto, (max-width: 300px) 100vw, 300px\" srcset=\"https:\/\/www.radiopiu.net\/wordpress\/wp-content\/uploads\/2023\/02\/dee7dc2b-e175-4363-a25e-dfe83fa36671-300x199.jpg 300w, https:\/\/www.radiopiu.net\/wordpress\/wp-content\/uploads\/2023\/02\/dee7dc2b-e175-4363-a25e-dfe83fa36671-768x510.jpg 768w, https:\/\/www.radiopiu.net\/wordpress\/wp-content\/uploads\/2023\/02\/dee7dc2b-e175-4363-a25e-dfe83fa36671.jpg 813w\" alt=\"\" width=\"300\" height=\"199\" \/><i><\/i><\/a><\/dt>\n<\/dl>\n<dl class=\"gallery-item\">\n<dt class=\"gallery-icon landscape\"><a class=\"rollover rollover-zoom dt-pswp-item pspw-wrap-ready this-ready\" title=\"ddc0aeda-a4e9-4a5b-b809-227e841efa46\" href=\"https:\/\/www.radiopiu.net\/wordpress\/wp-content\/uploads\/2023\/02\/ddc0aeda-a4e9-4a5b-b809-227e841efa46.jpg\" data-dt-img-description=\"\" data-large_image_width=\"300\" data-large_image_height=\"199\"><img loading=\"lazy\" decoding=\"async\" class=\"attachment-medium size-medium\" src=\"https:\/\/www.radiopiu.net\/wordpress\/wp-content\/uploads\/2023\/02\/ddc0aeda-a4e9-4a5b-b809-227e841efa46.jpg\" alt=\"\" width=\"300\" height=\"199\" \/><\/a><\/dt>\n<\/dl>\n<\/div>\n<p>&nbsp;<\/p>\n<hr \/>\n<p>&nbsp;<\/p>\n<p>&nbsp;<\/p>\n<blockquote>\n<h2>SAGRA DE PASCA 2023<\/h2>\n<\/blockquote>\n<h3>APRILE&#8230;. 6 &#8211; 7 &#8211; 8 &#8211; 9 LA SAGRA DE PASCA Scusate il ritardo&#8230;. Si riparte ancora pi\u00f9 forte GRUPPO SPORTIVO, DONATORI DEL SANGUE E PROLOCO DI TAIBON AGORDINO &#8230;..<\/h3>\n<h3>ALLA RADIO&#8230;.<\/h3>\n<audio class=\"wp-audio-shortcode\" id=\"audio-325839-11\" preload=\"none\" style=\"width: 100%;\" controls=\"controls\"><source type=\"audio\/mpeg\" src=\"https:\/\/www.radiopiu.net\/wordpress\/wp-content\/uploads\/2023\/03\/SAGRADEPASCA_02_BA_0903.mp3?_=11\" \/><a href=\"https:\/\/www.radiopiu.net\/wordpress\/wp-content\/uploads\/2023\/03\/SAGRADEPASCA_02_BA_0903.mp3\">https:\/\/www.radiopiu.net\/wordpress\/wp-content\/uploads\/2023\/03\/SAGRADEPASCA_02_BA_0903.mp3<\/a><\/audio>\n<audio class=\"wp-audio-shortcode\" id=\"audio-325839-12\" preload=\"none\" style=\"width: 100%;\" controls=\"controls\"><source type=\"audio\/mpeg\" src=\"https:\/\/www.radiopiu.net\/wordpress\/wp-content\/uploads\/2023\/03\/SAGRADEPASCA_03_BA_0903.mp3?_=12\" \/><a href=\"https:\/\/www.radiopiu.net\/wordpress\/wp-content\/uploads\/2023\/03\/SAGRADEPASCA_03_BA_0903.mp3\">https:\/\/www.radiopiu.net\/wordpress\/wp-content\/uploads\/2023\/03\/SAGRADEPASCA_03_BA_0903.mp3<\/a><\/audio>\n<audio class=\"wp-audio-shortcode\" id=\"audio-325839-13\" preload=\"none\" style=\"width: 100%;\" controls=\"controls\"><source type=\"audio\/mpeg\" src=\"https:\/\/www.radiopiu.net\/wordpress\/wp-content\/uploads\/2023\/03\/SAGRADEPASCA_01_BA_0903.mp3?_=13\" \/><a href=\"https:\/\/www.radiopiu.net\/wordpress\/wp-content\/uploads\/2023\/03\/SAGRADEPASCA_01_BA_0903.mp3\">https:\/\/www.radiopiu.net\/wordpress\/wp-content\/uploads\/2023\/03\/SAGRADEPASCA_01_BA_0903.mp3<\/a><\/audio>\n<h3><\/h3>\n<a href=\"https:\/\/www.radiopiu.net\/wordpress\/wp-content\/uploads\/2023\/03\/manifesto-2023-2.pdf\" class=\"pdfemb-viewer\" style=\"\" data-width=\"max\" data-height=\"max\" data-toolbar=\"top\" data-toolbar-fixed=\"on\">manifesto-2023-2<\/a>\n<p>&nbsp;<\/p>\n<p>&nbsp;<\/p>\n<p>&nbsp;<\/p>\n<p>&nbsp;<\/p>\n<hr \/>\n<p>&nbsp;<\/p>\n<h3><span style=\"color: #ff0000;\"><strong>BIRRERIA IN PEDAVENA, LA VALLE AGORDINA\u00a0<\/strong><\/span><\/h3>\n<p><strong>alla radio<\/strong><\/p>\n<audio class=\"wp-audio-shortcode\" id=\"audio-325839-14\" preload=\"none\" style=\"width: 100%;\" controls=\"controls\"><source type=\"audio\/mpeg\" src=\"https:\/\/www.radiopiu.net\/wordpress\/wp-content\/uploads\/2023\/03\/re-union-c.mp3?_=14\" \/><a href=\"https:\/\/www.radiopiu.net\/wordpress\/wp-content\/uploads\/2023\/03\/re-union-c.mp3\">https:\/\/www.radiopiu.net\/wordpress\/wp-content\/uploads\/2023\/03\/re-union-c.mp3<\/a><\/audio>\n<p>&nbsp;<\/p>\n<p><a class=\"dt-pswp-item\" href=\"https:\/\/www.radiopiu.net\/wordpress\/wp-content\/uploads\/2023\/03\/b792042d-80e5-4ca6-b404-baac8e9b3b6c.jpg\" data-dt-img-description=\"\" data-large_image_width=\"953\" data-large_image_height=\"953\"><img loading=\"lazy\" decoding=\"async\" class=\"size-medium wp-image-325414 aligncenter\" src=\"https:\/\/www.radiopiu.net\/wordpress\/wp-content\/uploads\/2023\/03\/b792042d-80e5-4ca6-b404-baac8e9b3b6c-300x300.jpg\" alt=\"\" width=\"300\" height=\"300\" srcset=\"https:\/\/www.radiopiu.net\/wordpress\/wp-content\/uploads\/2023\/03\/b792042d-80e5-4ca6-b404-baac8e9b3b6c-300x300.jpg 300w, https:\/\/www.radiopiu.net\/wordpress\/wp-content\/uploads\/2023\/03\/b792042d-80e5-4ca6-b404-baac8e9b3b6c-150x150.jpg 150w, https:\/\/www.radiopiu.net\/wordpress\/wp-content\/uploads\/2023\/03\/b792042d-80e5-4ca6-b404-baac8e9b3b6c-768x768.jpg 768w, https:\/\/www.radiopiu.net\/wordpress\/wp-content\/uploads\/2023\/03\/b792042d-80e5-4ca6-b404-baac8e9b3b6c.jpg 953w\" sizes=\"auto, (max-width: 300px) 100vw, 300px\" \/><\/a><\/p>\n<p>&nbsp;<\/p>\n<p>&nbsp;<\/p>\n<p>&nbsp;<\/p>\n<p>&nbsp;<\/p>\n<hr \/>\n<p>&nbsp;<\/p>\n<blockquote>\n<h3>MIRCO DE BONA, IL CENTRO ASSISTENZA E RIPARAZIONI A BELLUNO<\/h3>\n<\/blockquote>\n<p><strong>BELLUNO<\/strong> Siamo andati a fare visita a Mirco De Bona nel suo laboratorio dove ripara i televisori ma non solo.<\/p>\n<p><strong>LA DIRETTA RADIO PIU&#8217;<\/strong><\/p>\n<p><iframe loading=\"lazy\" title=\"MIRCO DE BONA CENTRO RIPARAZIONI A BELLUNO\" width=\"1200\" height=\"675\" src=\"https:\/\/www.youtube.com\/embed\/oHYfZ8-Zbnw?feature=oembed\" frameborder=\"0\" allow=\"accelerometer; autoplay; clipboard-write; encrypted-media; gyroscope; picture-in-picture; web-share\" allowfullscreen><\/iframe><\/p>\n<p>&nbsp;<\/p>\n<hr \/>\n<p>&nbsp;<\/p>\n<div>\n<div class=\"b654a4as d2edcug0\">\n<div class=\"rq0escxv hkbzh7o3 jwdofwj8 n8tt0mok r8blr3vg hyh9befq\">\n<p><a class=\"dt-pswp-item\" href=\"https:\/\/www.radiopiu.net\/wordpress\/wp-content\/uploads\/2020\/10\/pp.jpg\" data-dt-img-description=\"\" data-large_image_width=\"640\" data-large_image_height=\"640\"><img loading=\"lazy\" decoding=\"async\" class=\"wp-image-163678 alignleft\" src=\"https:\/\/www.radiopiu.net\/wordpress\/wp-content\/uploads\/2020\/10\/pp-300x300.jpg\" alt=\"\" width=\"106\" height=\"106\" srcset=\"https:\/\/www.radiopiu.net\/wordpress\/wp-content\/uploads\/2020\/10\/pp-300x300.jpg 300w, https:\/\/www.radiopiu.net\/wordpress\/wp-content\/uploads\/2020\/10\/pp-150x150.jpg 150w, https:\/\/www.radiopiu.net\/wordpress\/wp-content\/uploads\/2020\/10\/pp-125x125.jpg 125w, https:\/\/www.radiopiu.net\/wordpress\/wp-content\/uploads\/2020\/10\/pp-200x200.jpg 200w, https:\/\/www.radiopiu.net\/wordpress\/wp-content\/uploads\/2020\/10\/pp-80x80.jpg 80w, https:\/\/www.radiopiu.net\/wordpress\/wp-content\/uploads\/2020\/10\/pp-480x480.jpg 480w, https:\/\/www.radiopiu.net\/wordpress\/wp-content\/uploads\/2020\/10\/pp.jpg 640w\" sizes=\"auto, (max-width: 106px) 100vw, 106px\" \/><\/a><\/p>\n<\/div>\n<\/div>\n<\/div>\n<div>\n<div class=\"page-title-head hgroup\">\n<div class=\"page-title-head hgroup\">\n<div class=\"b654a4as d2edcug0\">\n<div class=\"j83agx80 btwxx1t3 lhclo0ds hop8lmos nkwizq5d scwd0bx6 roh60bw9\">\n<div class=\"rq0escxv hkbzh7o3 jwdofwj8 n8tt0mok r8blr3vg hyh9befq\">\n<div class=\"do00u71z l9j0dhe7 k4urcfbm\" style=\"text-align: left;\">\n<h2><span style=\"color: #000080;\">DON CESARE, IL PENSIERO DEL GIORNO. ALLA RADIO ALLE 7 DEL MATTINO E ALLE 19.30 DELLA SERA\u00a0<\/span><\/h2>\n<audio class=\"wp-audio-shortcode\" id=\"audio-325839-15\" preload=\"none\" style=\"width: 100%;\" controls=\"controls\"><source type=\"audio\/ogg\" src=\"https:\/\/www.radiopiu.net\/wordpress\/wp-content\/uploads\/2023\/03\/CESARE.ogg?_=15\" \/><a href=\"https:\/\/www.radiopiu.net\/wordpress\/wp-content\/uploads\/2023\/03\/CESARE.ogg\">https:\/\/www.radiopiu.net\/wordpress\/wp-content\/uploads\/2023\/03\/CESARE.ogg<\/a><\/audio>\n<\/div>\n<\/div>\n<\/div>\n<\/div>\n<\/div>\n<\/div>\n<\/div>\n<p>&nbsp;<\/p>\n<hr \/>\n<p>&nbsp;<\/p>\n<h2><span style=\"color: #ff00ff;\">IN VIVO VERSO\u00a0 \u00a0\u00a0<\/span><\/h2>\n<blockquote>\n<h3>QUANDO NON CI SONO, MARTINA RAVAGNI LEGGE ALFONSO BREZMES<\/h3>\n<\/blockquote>\n<p><strong>AUDIO<\/strong><\/p>\n<audio class=\"wp-audio-shortcode\" id=\"audio-325839-16\" preload=\"none\" style=\"width: 100%;\" controls=\"controls\"><source type=\"audio\/mpeg\" src=\"https:\/\/www.radiopiu.net\/wordpress\/wp-content\/uploads\/2023\/03\/05-MARTINA-RAVAGNI-PRESENTAZIONE.mp3?_=16\" \/><a href=\"https:\/\/www.radiopiu.net\/wordpress\/wp-content\/uploads\/2023\/03\/05-MARTINA-RAVAGNI-PRESENTAZIONE.mp3\">https:\/\/www.radiopiu.net\/wordpress\/wp-content\/uploads\/2023\/03\/05-MARTINA-RAVAGNI-PRESENTAZIONE.mp3<\/a><\/audio>\n<p>&nbsp;<\/p>\n<p><img loading=\"lazy\" decoding=\"async\" class=\"alignleft\" src=\"https:\/\/www.radiopiu.net\/wordpress\/wp-content\/uploads\/2023\/03\/MARTINA-RAVAGNI8441ee74-f365-40b8-b223-465337cb592a.jpg\" width=\"143\" height=\"192\" \/>Martina Ravagni legge: Alfonso Brezmes<br \/>\nQUANDO NON CI SONO<\/p>\n<p>Vogliamo imparare in due giorni<br \/>\nuna lingua millenaria<br \/>\nche solo gli alberi conoscono:<br \/>\nlasciarsi cullare dall&#8217;aria,<br \/>\nmentre le foglie dicono<br \/>\nme ne vado,<br \/>\ne le radici resto qui.<\/p>\n<div dir=\"auto\">\n<div dir=\"auto\">\n<div dir=\"auto\">\n<div dir=\"auto\">\n<div dir=\"auto\">\n<div dir=\"auto\">\n<p><strong>LA RACCOLTA COMPLETA<\/strong><\/p>\n<blockquote class=\"wp-embedded-content\" data-secret=\"LjEFpEA66c\"><p><a href=\"https:\/\/www.radiopiu.net\/wordpress\/in-vivo-verso\/\">In Vivo Verso<\/a><\/p><\/blockquote>\n<p><iframe loading=\"lazy\" class=\"wp-embedded-content\" sandbox=\"allow-scripts\" security=\"restricted\" style=\"position: absolute; clip: rect(1px, 1px, 1px, 1px);\" title=\"&#8220;In Vivo Verso&#8221; &#8212; Radio Pi\u00f9\" src=\"https:\/\/www.radiopiu.net\/wordpress\/in-vivo-verso\/embed\/#?secret=8zZXbktSfL#?secret=LjEFpEA66c\" data-secret=\"LjEFpEA66c\" width=\"600\" height=\"338\" frameborder=\"0\" marginwidth=\"0\" marginheight=\"0\" scrolling=\"no\"><\/iframe><\/p>\n<p><strong>\u00a0<\/strong><\/p>\n<\/div>\n<\/div>\n<\/div>\n<hr \/>\n<\/div>\n<\/div>\n<\/div>\n<p>&nbsp;<\/p>\n<p>&nbsp;<\/p>\n<h2><span style=\"color: #008080;\">GOCCE DI FILOSOFIA<\/span><\/h2>\n<h3 class=\"entry-title\">GOCCE DI FILOSOFIA \u2013 PUNTATA 265\u2013 LISA DE LUCA<\/h3>\n<audio class=\"wp-audio-shortcode\" id=\"audio-325839-17\" preload=\"none\" style=\"width: 100%;\" controls=\"controls\"><source type=\"audio\/mpeg\" src=\"https:\/\/www.radiopiu.net\/wordpress\/wp-content\/uploads\/2023\/03\/FI4.mp3?_=17\" \/><a href=\"https:\/\/www.radiopiu.net\/wordpress\/wp-content\/uploads\/2023\/03\/FI4.mp3\">https:\/\/www.radiopiu.net\/wordpress\/wp-content\/uploads\/2023\/03\/FI4.mp3<\/a><\/audio>\n<p>&nbsp;<\/p>\n<p>LA RACCOLTA COMPLETA<\/p>\n<blockquote class=\"wp-embedded-content\" data-secret=\"Ip3ag18Jrg\"><p><a href=\"https:\/\/www.radiopiu.net\/wordpress\/gocce-filosofia\/\">Gocce di filosofia,  LA TERZA STAGIONE&#8230; 2023<\/a><\/p><\/blockquote>\n<p><iframe loading=\"lazy\" class=\"wp-embedded-content\" sandbox=\"allow-scripts\" security=\"restricted\" style=\"position: absolute; clip: rect(1px, 1px, 1px, 1px);\" title=\"&#8220;Gocce di filosofia,  LA TERZA STAGIONE&#8230; 2023&#8221; &#8212; Radio Pi\u00f9\" src=\"https:\/\/www.radiopiu.net\/wordpress\/gocce-filosofia\/embed\/#?secret=YyyoxvNBLC#?secret=Ip3ag18Jrg\" data-secret=\"Ip3ag18Jrg\" width=\"600\" height=\"338\" frameborder=\"0\" marginwidth=\"0\" marginheight=\"0\" scrolling=\"no\"><\/iframe><\/p>\n<p>&nbsp;<\/p>\n<p>&nbsp;<\/p>\n<hr \/>\n<p>&nbsp;<\/p>\n<div class=\"column\">\n<p><img loading=\"lazy\" decoding=\"async\" class=\"aligncenter wp-image-61954 size-full\" src=\"https:\/\/www.radiopiu.net\/wordpress\/wp-content\/uploads\/2018\/09\/viabilita.jpeg\" sizes=\"auto, (max-width: 800px) 100vw, 800px\" srcset=\"https:\/\/www.radiopiu.net\/wordpress\/wp-content\/uploads\/2018\/09\/viabilita.jpeg 800w, https:\/\/www.radiopiu.net\/wordpress\/wp-content\/uploads\/2018\/09\/viabilita-300x38.jpeg 300w, https:\/\/www.radiopiu.net\/wordpress\/wp-content\/uploads\/2018\/09\/viabilita-768x96.jpeg 768w\" alt=\"\" width=\"800\" height=\"100\" \/><\/p>\n<p>&nbsp;<\/p>\n<blockquote>\n<h3>SENSO UNICO ALTERNATO IN GALLERIA DEI CASTEI<\/h3>\n<\/blockquote>\n<p><strong>SR 203 AGORDINA<\/strong> nelle giornate del <span style=\"color: #ff0000;\">13 e 14 marzo<\/span> dalle 20 alle 6 del giorno successivo senso unico alternato regolato da movieri o semaforo in Galleria dei Castei in comune di La Valle Agordina<\/p>\n<p>&nbsp;<\/p>\n<blockquote class=\"wp-embedded-content\" data-secret=\"z5hLLdsySJ\"><p><a href=\"https:\/\/www.radiopiu.net\/wordpress\/viabilita\/\">viabilita<\/a><\/p><\/blockquote>\n<p><iframe loading=\"lazy\" class=\"wp-embedded-content\" sandbox=\"allow-scripts\" security=\"restricted\" style=\"position: absolute; clip: rect(1px, 1px, 1px, 1px);\" title=\"&#8220;viabilita&#8221; &#8212; Radio Pi\u00f9\" src=\"https:\/\/www.radiopiu.net\/wordpress\/viabilita\/embed\/#?secret=OiyoUDytQc#?secret=z5hLLdsySJ\" data-secret=\"z5hLLdsySJ\" width=\"600\" height=\"338\" frameborder=\"0\" marginwidth=\"0\" marginheight=\"0\" scrolling=\"no\"><\/iframe><\/p>\n<div>\n<div dir=\"ltr\">\n<div class=\"gmail_quote\">\n<div dir=\"ltr\">\n<div class=\"gmail_quote\"><\/div>\n<\/div>\n<\/div>\n<\/div>\n<\/div>\n<p>&nbsp;<\/p>\n<hr \/>\n<p>&nbsp;<\/p>\n<p><a class=\"dt-pswp-item\" href=\"https:\/\/www.radiopiu.net\/wordpress\/wp-content\/uploads\/2018\/09\/WhatsApp-Image-2018-09-20-at-16.04.06.jpeg\" data-dt-img-description=\"\" data-large_image_width=\"800\" data-large_image_height=\"100\"><img loading=\"lazy\" decoding=\"async\" class=\"wp-image-61378 size-full aligncenter\" src=\"https:\/\/www.radiopiu.net\/wordpress\/wp-content\/uploads\/2018\/09\/WhatsApp-Image-2018-09-20-at-16.04.06.jpeg\" alt=\"\" width=\"800\" height=\"100\" srcset=\"https:\/\/www.radiopiu.net\/wordpress\/wp-content\/uploads\/2018\/09\/WhatsApp-Image-2018-09-20-at-16.04.06.jpeg 800w, https:\/\/www.radiopiu.net\/wordpress\/wp-content\/uploads\/2018\/09\/WhatsApp-Image-2018-09-20-at-16.04.06-300x38.jpeg 300w, https:\/\/www.radiopiu.net\/wordpress\/wp-content\/uploads\/2018\/09\/WhatsApp-Image-2018-09-20-at-16.04.06-768x96.jpeg 768w\" sizes=\"auto, (max-width: 800px) 100vw, 800px\" \/><\/a><\/p>\n<p>&nbsp;<\/p>\n<\/div>\n<p><strong>OGGI<\/strong> Su Dolomiti al mattino soleggiato, nonostante qualche residuo annuvolamento mattutini da nord sui settori pi\u00f9 settentrionali; al pomeriggio riduzione del soleggiamento per arrivo di nubi medie. Sulle Prealpi ben soleggiato con cielo generalmente sereno al mattino, poi probabile contenuta attivit\u00e0 cumuliforme al pomeriggio. Far\u00e0 pi\u00f9 freddo in quota, inizialmente anche assai ventilato (contenuto effetto wind chill sopra i 2000 m), mentre il favonio tender\u00e0 a diffondersi in molte valli con consueti sbalzi termici. Precipitazioni: Assenti<\/p>\n<p><strong>DOMANI<\/strong> \u00a0Tempo ben soleggiato e cielo sereno sulle Prealpi, salvo locali iniziali banchi di nubi basse, in rapido diradamento. Sulle Dolomiti perlopi\u00f9 soleggiato, per\u00f2 con transito di qualche temporaneo annuvolamento medio al mattino, prima che le condizioni migliorino. Contesto termico pi\u00f9 fresco nelle valli al mattino, mentre nelle ore pomeridiane e serale l&#8217;avvezione di aria pi\u00f9 mite tender\u00e0 a farsi strada in quota. Precipitazioni: Assenti.<\/p>\n<p><strong>LUNEDI<\/strong>\u00a0 Parzialmente soleggiato per la presenza di nubi alte in grado di velare il cielo per gran parte della giornata. Alla sera intensificazione della nuvolosit\u00e0. Temperature in generale aumento con valori diurni decisamente sopra la media del periodo a tutte le quote. Venti deboli nelle valli, a tratti e localmente moderati per brezze; in quota moderati da sud-ovest, in rinforzo fino a tesi sulle cime pi\u00f9 alte al pomeriggio, anche forti alla sera.<\/p>\n<p><strong>MARTEDI<\/strong>\u00a0 Peggioramento notturno con fase di moderato maltempo sulle Prealpi, pi\u00f9 debole sulle Dolomiti al mattino. Nel corso del pomeriggio esaurimento dei fenomeni e attenuazione della nuvolosit\u00e0 con schiarite. Limite neve iniziale a 1600-1700 m, poi in abbassamento fino sui 1100-1300 m, specie sulle Dolomiti, localmente pi\u00f9 in basso nelle valli dolomitiche pi\u00f9 chiuse<\/p>\n<p>&nbsp;<\/p>\n<hr \/>\n<p>&nbsp;<\/p>\n<p><a class=\"dt-pswp-item\" href=\"https:\/\/www.radiopiu.net\/wordpress\/wp-content\/uploads\/2018\/09\/sport.jpg\" data-dt-img-description=\"\" data-large_image_width=\"800\" data-large_image_height=\"100\"><img loading=\"lazy\" decoding=\"async\" class=\"aligncenter wp-image-60761 size-full\" src=\"https:\/\/www.radiopiu.net\/wordpress\/wp-content\/uploads\/2018\/09\/sport.jpg\" alt=\"\" width=\"800\" height=\"100\" srcset=\"https:\/\/www.radiopiu.net\/wordpress\/wp-content\/uploads\/2018\/09\/sport.jpg 800w, https:\/\/www.radiopiu.net\/wordpress\/wp-content\/uploads\/2018\/09\/sport-300x38.jpg 300w, https:\/\/www.radiopiu.net\/wordpress\/wp-content\/uploads\/2018\/09\/sport-768x96.jpg 768w\" sizes=\"auto, (max-width: 800px) 100vw, 800px\" \/><\/a><\/p>\n<p><span style=\"color: #0000ff;\"><strong>\u00a0<\/strong><\/span><\/p>\n<p><span style=\"color: #0000ff;\"><strong>SCI DI FONDO<\/strong><\/span><\/p>\n<blockquote>\n<h3>COPPA ITALIA A FALCADE: CI SIAMO, ATTESISSIMO ELIA BARP!<\/h3>\n<\/blockquote>\n<p><strong><a class=\"dt-pswp-item\" href=\"https:\/\/www.radiopiu.net\/wordpress\/wp-content\/uploads\/2023\/02\/\u00a9Ticomunicazione-Campionati-italiani-sci-di-fondo-Falcade-10.jpg\" data-dt-img-description=\"\" data-large_image_width=\"2000\" data-large_image_height=\"1333\"><img loading=\"lazy\" decoding=\"async\" class=\" wp-image-323571 alignleft\" src=\"https:\/\/www.radiopiu.net\/wordpress\/wp-content\/uploads\/2023\/02\/\u00a9Ticomunicazione-Campionati-italiani-sci-di-fondo-Falcade-10-300x200.jpg\" alt=\"\" width=\"189\" height=\"126\" srcset=\"https:\/\/www.radiopiu.net\/wordpress\/wp-content\/uploads\/2023\/02\/\u00a9Ticomunicazione-Campionati-italiani-sci-di-fondo-Falcade-10-300x200.jpg 300w, https:\/\/www.radiopiu.net\/wordpress\/wp-content\/uploads\/2023\/02\/\u00a9Ticomunicazione-Campionati-italiani-sci-di-fondo-Falcade-10-1024x682.jpg 1024w, https:\/\/www.radiopiu.net\/wordpress\/wp-content\/uploads\/2023\/02\/\u00a9Ticomunicazione-Campionati-italiani-sci-di-fondo-Falcade-10-768x512.jpg 768w, https:\/\/www.radiopiu.net\/wordpress\/wp-content\/uploads\/2023\/02\/\u00a9Ticomunicazione-Campionati-italiani-sci-di-fondo-Falcade-10-1536x1024.jpg 1536w, https:\/\/www.radiopiu.net\/wordpress\/wp-content\/uploads\/2023\/02\/\u00a9Ticomunicazione-Campionati-italiani-sci-di-fondo-Falcade-10.jpg 2000w\" sizes=\"auto, (max-width: 189px) 100vw, 189px\" \/><\/a>FALCADE\u00a0<\/strong>Si stanno definendo gli ultimi dettagli a Falcade in vista della Coppa Italia di sci di fondo, in programma OGGI E DOMANI<\/p>\n<p>Il circuito ritorna in Valle del Biois a distanza di poco pi\u00f9 di tre anni dal febbraio del 2020 quando la due giorni di Coppa fu \u201cstoppata\u201d a met\u00e0 dello svolgimento a causa dell\u2019emergenza sanitaria legata al Covid. Nell\u2019imminente week-end si \u201criparte\u201d con una due giorni che riporta in valle il grande sci di fondo, una disciplina che in Valle del Biois ha sempre trovato terreno fertile, con tanti campioni che hanno vestito la tuta azzurra: da Gioacchino Busin a Angelo Genuin e Franco Manfroi, da Magda Genuin a Fulvio Scola per arrivare a Elia Barp, l\u2019atleta classe 2002 che costituisce una delle speranze pi\u00f9 concrete del fondismo italiano. Proprio Barp \u00e8 uno dei protagonisti pi\u00f9 attesi del settore Senior che vedr\u00e0 al via altri atleti italiani reduci dai Campionati del mondo come Davide Graz e Simone Mocellini, in questa stagione sul podio di Coppa del mondo nella sprint. Accanto agli atleti italiani ci saranno anche degli stranieri: la due giorni, infatti, oltre che essere sotto l\u2019egida Fisi (federazione italiana sport invernali) \u00e8 anche sotto l\u2019egida della Fis (federazione internazionale sci): iscritti fondisti di Irlanda, Svizzera e Stati Uniti. Accanto ai Senior, spazio anche alle gare giovanili: in pista Under 16 (Allievi), Under 18 (Aspiranti) e Under 20 (Juniores). In palio il secondo memorial Ernesto Fenti (a ricordo di uno dei fondatori e poi a lungo presidente dello Sci club Val Biois) che andr\u00e0 alla societ\u00e0 che al termine della due giorni avr\u00e0 totalizzato il maggior punteggio. Alle prime tre societ\u00e0 classificate andranno i trofei realizzati in legno dall\u2019artista Marco Valt, detto \u201cFoia\u201d. Premio speciale dedicato a Giovanni Viel, il giornalista e speaker bellunese specializzato nello sci di fondo, scomparso un mese fa, che tante volte ha commentato lo sci di fondo a Falcade, in eventi piccoli e grandi. Il premio speciale andr\u00e0 al ragazzo e alla ragazza Under 18 che avranno realizzato il miglior tempo nella giornata di domenica. Il programma prevede per entrambe le giornate l\u2019inizio gara alle 9.30. Oggi le premiazioni si svolgeranno alle 18.30 in piazza a Falcade (fronte municipio) mentre\u00a0 domani al campo gara.<\/p>\n<p><strong>L&#8217;INTERVISTA A MATTEO CAGNATI, DI MIRKO MEZZACASA DAL GIORNALE RADIO DEL POMERIGGIO<\/strong><\/p>\n<audio class=\"wp-audio-shortcode\" id=\"audio-325839-18\" preload=\"none\" style=\"width: 100%;\" controls=\"controls\"><source type=\"audio\/mpeg\" src=\"https:\/\/www.radiopiu.net\/wordpress\/wp-content\/uploads\/2023\/02\/GR-1630-1.mp3?_=18\" \/><a href=\"https:\/\/www.radiopiu.net\/wordpress\/wp-content\/uploads\/2023\/02\/GR-1630-1.mp3\">https:\/\/www.radiopiu.net\/wordpress\/wp-content\/uploads\/2023\/02\/GR-1630-1.mp3<\/a><\/audio>\n<p>&nbsp;<\/p>\n<p><span style=\"color: #0000ff;\"><strong>CALCIO<\/strong><\/span><\/p>\n<blockquote>\n<h3>AGORDINA IN CAMPO CON TUTTE E QUATTRO LE SQUADRE<\/h3>\n<\/blockquote>\n<p><strong><a class=\"dt-pswp-item\" href=\"https:\/\/www.radiopiu.net\/wordpress\/wp-content\/uploads\/2022\/04\/CALCIO.jpg\" data-dt-img-description=\"\" data-large_image_width=\"1920\" data-large_image_height=\"1280\"><img loading=\"lazy\" decoding=\"async\" class=\" wp-image-270520 alignleft\" src=\"https:\/\/www.radiopiu.net\/wordpress\/wp-content\/uploads\/2022\/04\/CALCIO-300x200.jpg\" alt=\"\" width=\"206\" height=\"137\" srcset=\"https:\/\/www.radiopiu.net\/wordpress\/wp-content\/uploads\/2022\/04\/CALCIO-300x200.jpg 300w, https:\/\/www.radiopiu.net\/wordpress\/wp-content\/uploads\/2022\/04\/CALCIO-1024x683.jpg 1024w, https:\/\/www.radiopiu.net\/wordpress\/wp-content\/uploads\/2022\/04\/CALCIO-768x512.jpg 768w, https:\/\/www.radiopiu.net\/wordpress\/wp-content\/uploads\/2022\/04\/CALCIO-1536x1024.jpg 1536w, https:\/\/www.radiopiu.net\/wordpress\/wp-content\/uploads\/2022\/04\/CALCIO.jpg 1920w\" sizes=\"auto, (max-width: 206px) 100vw, 206px\" \/><\/a>di Marco Gaz<\/strong><\/p>\n<p><strong>REDAZIONE\u00a0<\/strong>Continuano i campionati provinciali e regionali dove l&#8217;Agordina Calcio \u00e8 iscritta con le sue quattro formazioni. Tra oggi e domani sono quattro le partite in programma tra settore giovanile e prima squadra. Ad inaugurare il fine settimana sar\u00e0 la Juniores Provinciale di De Zaiacomo che all&#8217;Ivano Dorigo di Agordo giocher\u00e0 oggi alle 15:30 contro la Dynamo. Domani mattina due partite in programma alle 10:30. I giovanissimi provinciali allenati da De Bastiani saranno in trasferta per affrontare il Cavarzano. Gli Allievi regionali di Orzetti proveranno a racimolare qualche punto nella sfida che verr\u00e0 giocata in casa contro l&#8217;Alpago. Sempre domani, ma alle 14:30, sar\u00e0 il turno della prima squadra allenata da Lorenzi. Trasferta a Gron di Sospirolo per i ragazzi di Agordo dove se la vedranno con la Sospirolese. Un avversario ostico che, come l&#8217;Agordina, ha bisogno di punti per la salvezza matematica. Una partita interessante valida per il Campionato di Seconda Categoria girone T del Veneto che Radio pi\u00f9 seguir\u00e0 in diretta dalle 14:30 in &#8220;Domenica Pi\u00f9 Sport&#8221;.<\/p>\n<p>&nbsp;<\/p>\n<p>&nbsp;<\/p>\n<hr \/>\n<p>&nbsp;<\/p>\n<p><span style=\"color: #0000ff;\"><strong>HOCKEY SU GHIACCIO<\/strong><\/span><\/p>\n<blockquote>\n<h3>STASERA GARA 1 DEI QUARTI DI FINALE UNDER 17 AD ALLEGHE<\/h3>\n<\/blockquote>\n<p><strong>REDAZIONE<\/strong> Si gioca oggi alle 17:30 la partita valida per gara 1 dei quarti di finale del campionato Under 17 che vede di fronte l&#8217;Alleghe\/Cortina e il JuniorTeam di Ora\/Egna. Gara in programma all&#8217;Alvise De Toni di Alleghe. Passer\u00e0 il turno la squadra che segner\u00e0 pi\u00f9 reti nelle due gare in programma. Match che si preannuncia combattuto con la squadra allenata da De Biasio che esce da una splendida prestazione dagli ottavi di finale contro il Fiemme\/Fassa.<\/p>\n<p>&nbsp;<\/p>\n<blockquote>\n<h3><strong><a class=\"dt-pswp-item\" href=\"https:\/\/www.radiopiu.net\/wordpress\/wp-content\/uploads\/2023\/03\/reun.jpg\" data-dt-img-description=\"\" data-large_image_width=\"500\" data-large_image_height=\"333\"><img loading=\"lazy\" decoding=\"async\" class=\"wp-image-325910 alignleft\" src=\"https:\/\/www.radiopiu.net\/wordpress\/wp-content\/uploads\/2023\/03\/reun-300x200.jpg\" alt=\"\" width=\"153\" height=\"102\" srcset=\"https:\/\/www.radiopiu.net\/wordpress\/wp-content\/uploads\/2023\/03\/reun-300x200.jpg 300w, https:\/\/www.radiopiu.net\/wordpress\/wp-content\/uploads\/2023\/03\/reun.jpg 500w\" sizes=\"auto, (max-width: 153px) 100vw, 153px\" \/><\/a>HC FELTRE VS. HC GHERDEINA<\/strong><\/h3>\n<\/blockquote>\n<p><strong>FELTRE<\/strong> Comincia la semifinale per l\u2019Hockey Feltre, capolista nel Master Round IHL Division , questa sera \u00a0contro l\u2019Hockey Club Gherd\u00ebina alle 19.30 al PalaFeltre \u201cDrio le Rive\u201d.<\/p>\n<p>&nbsp;<\/p>\n<p>&nbsp;<\/p>\n<p>&nbsp;<\/p>\n<hr \/>\n<p>&nbsp;<\/p>\n<p><strong><span style=\"color: #0000ff;\">PALLAVOLO<\/span><\/strong><\/p>\n<blockquote>\n<h3><a class=\"dt-pswp-item\" href=\"https:\/\/www.radiopiu.net\/wordpress\/wp-content\/uploads\/2023\/03\/Il_sorriso_di_Fantinel.jpg\" data-dt-img-description=\"\" data-large_image_width=\"2139\" data-large_image_height=\"2341\"><img loading=\"lazy\" decoding=\"async\" class=\"wp-image-325911 alignleft\" src=\"https:\/\/www.radiopiu.net\/wordpress\/wp-content\/uploads\/2023\/03\/Il_sorriso_di_Fantinel-274x300.jpg\" alt=\"\" width=\"143\" height=\"157\" srcset=\"https:\/\/www.radiopiu.net\/wordpress\/wp-content\/uploads\/2023\/03\/Il_sorriso_di_Fantinel-274x300.jpg 274w, https:\/\/www.radiopiu.net\/wordpress\/wp-content\/uploads\/2023\/03\/Il_sorriso_di_Fantinel-936x1024.jpg 936w, https:\/\/www.radiopiu.net\/wordpress\/wp-content\/uploads\/2023\/03\/Il_sorriso_di_Fantinel-768x841.jpg 768w, https:\/\/www.radiopiu.net\/wordpress\/wp-content\/uploads\/2023\/03\/Il_sorriso_di_Fantinel-1403x1536.jpg 1403w, https:\/\/www.radiopiu.net\/wordpress\/wp-content\/uploads\/2023\/03\/Il_sorriso_di_Fantinel-1871x2048.jpg 1871w\" sizes=\"auto, (max-width: 143px) 100vw, 143px\" \/><\/a>PALLAVOLO BELLUNO FEMMINILE A ROSSANO<\/h3>\n<\/blockquote>\n<p><strong>BELLUNO<\/strong> Ha vinto 14 partite su 15 e incamerato 40 dei 45 punti disponibili. Sono i numeri della squadra che sta giganteggiando nel girone B della serie C femminile: \u2019<b>Imarc Rossano<\/b>. Una compagine che le bellunesi \u00a0affronteranno, in terra vicentina, questa sera alle 21.<span class=\"gmail-Apple-converted-space\">\u00a0<\/span><\/p>\n<p><strong>\u00a0Il capitano Marina Fantinel<\/strong> \u00abSar\u00e0 fondamentale continuare a lavorare in una certa maniera. Ed evitare ogni generale di superficialit\u00e0 per non vanificare quanto fatto nell&#8217;ultimo periodo<\/p>\n<p>&nbsp;<\/p>\n<p>&nbsp;<\/p>\n<p>&nbsp;<\/p>\n<hr \/>\n<p>&nbsp;<\/p>\n<p><span style=\"color: #0000ff;\"><strong>CORSA CAMPESTRE<\/strong><\/span><\/p>\n<blockquote>\n<h3>UNDICI ATLETI DEL GS LA PIAVE 2000 AI CAMPIONATI ITALIANI DI GUBBIO<\/h3>\n<\/blockquote>\n<p><strong><a class=\"dt-pswp-item\" href=\"https:\/\/www.radiopiu.net\/wordpress\/wp-content\/uploads\/2023\/03\/Da-Via_Francesco_credito-Atleticamente-Fidal-Veneto.jpg\" data-dt-img-description=\"\" data-large_image_width=\"1280\" data-large_image_height=\"815\"><img loading=\"lazy\" decoding=\"async\" class=\" wp-image-325956 alignleft\" src=\"https:\/\/www.radiopiu.net\/wordpress\/wp-content\/uploads\/2023\/03\/Da-Via_Francesco_credito-Atleticamente-Fidal-Veneto-300x191.jpg\" alt=\"\" width=\"181\" height=\"115\" srcset=\"https:\/\/www.radiopiu.net\/wordpress\/wp-content\/uploads\/2023\/03\/Da-Via_Francesco_credito-Atleticamente-Fidal-Veneto-300x191.jpg 300w, https:\/\/www.radiopiu.net\/wordpress\/wp-content\/uploads\/2023\/03\/Da-Via_Francesco_credito-Atleticamente-Fidal-Veneto-1024x652.jpg 1024w, https:\/\/www.radiopiu.net\/wordpress\/wp-content\/uploads\/2023\/03\/Da-Via_Francesco_credito-Atleticamente-Fidal-Veneto-768x489.jpg 768w, https:\/\/www.radiopiu.net\/wordpress\/wp-content\/uploads\/2023\/03\/Da-Via_Francesco_credito-Atleticamente-Fidal-Veneto.jpg 1280w\" sizes=\"auto, (max-width: 181px) 100vw, 181px\" \/><\/a>BORGO VALBELLUNA <\/strong>Spedizione da record per il Gs La Piave 2000 ai campionati italiani di corsa campestre: saranno ben 11 gli atleti del club bellunese in gara domenica 12 marzo sui prati del parco del Teatro Romano di Gubbio (Perugia), dove 2500 concorrenti di circa 300 club andranno a caccia dei titoli tricolori Fidal, sia individuali che di societ\u00e0. Il Gs La Piave 2000 presenter\u00e0 due team femminili che lo scorso 26 febbraio, a Borgo Valbelluna, hanno contribuito alla storica affermazione del club bellunese nel campionato regionale assoluto femminile di societ\u00e0. La squadra seniores\/promesse (8 km) schierer\u00e0 Francesca Comiotto, Giada Dalla Sasse, Nicole De Salvador, Marta Lorenzet e Andreina Piscitelli. Quella allieve (4 km), a Borgo Valbelluna vincitrice del titolo regionale di categoria, sar\u00e0 composta da Angelica Balest, Silvia Buogo e Sofia Calabretto. Francesco Da Vi\u00e0, grande sorpresa della stagione sui prati (primo nei cross regionali di Vittorio Veneto e Borgo Valbelluna), cercher\u00e0 gloria sui 10 km della gara assoluta, puntando ad un piazzamento di prestigio tra gli under 23. Il figlio d\u2019arte Hisham Boudalia, con il tifo di pap\u00e0 Said, \u00e8 pronto a fare esperienza nella gara juniores (8 km), cos\u00ec come la giovane Anna Bertagno, 15 anni ancora da compiere, in lizza a titolo individuale nel campionato italiano cadette.<\/p>\n<p>&nbsp;<\/p>\n<p>&nbsp;<\/p>\n<hr \/>\n<p>&nbsp;<\/p>\n<p><span style=\"color: #0000ff;\"><strong>SCI ALPINISMO<\/strong><\/span><\/p>\n<blockquote>\n<h3>OGGI IL MEMORIAL MIRCO DANIELE TIZIANO<\/h3>\n<\/blockquote>\n<p><b><a class=\"dt-pswp-item\" href=\"https:\/\/www.radiopiu.net\/wordpress\/wp-content\/uploads\/2023\/03\/IMG-20230310-WA0001.jpg\" data-dt-img-description=\"\" data-large_image_width=\"1600\" data-large_image_height=\"1066\"><img loading=\"lazy\" decoding=\"async\" class=\" wp-image-325955 alignleft\" src=\"https:\/\/www.radiopiu.net\/wordpress\/wp-content\/uploads\/2023\/03\/IMG-20230310-WA0001-300x200.jpg\" alt=\"\" width=\"168\" height=\"112\" srcset=\"https:\/\/www.radiopiu.net\/wordpress\/wp-content\/uploads\/2023\/03\/IMG-20230310-WA0001-300x200.jpg 300w, https:\/\/www.radiopiu.net\/wordpress\/wp-content\/uploads\/2023\/03\/IMG-20230310-WA0001-1024x682.jpg 1024w, https:\/\/www.radiopiu.net\/wordpress\/wp-content\/uploads\/2023\/03\/IMG-20230310-WA0001-768x512.jpg 768w, https:\/\/www.radiopiu.net\/wordpress\/wp-content\/uploads\/2023\/03\/IMG-20230310-WA0001-1536x1023.jpg 1536w, https:\/\/www.radiopiu.net\/wordpress\/wp-content\/uploads\/2023\/03\/IMG-20230310-WA0001.jpg 1600w\" sizes=\"auto, (max-width: 168px) 100vw, 168px\" \/><\/a>SAN VITO DI CADORE <\/b>Torna oggi l&#8217;appuntamento con il &#8216;Memorial Mirco Daniele Tiziano. Trofeo Alessandro Marengon&#8217; la gara non competitiva di scialpinismo, organizzata dal Soccorso alpino del Centro Cadore, per creare un momento di ritrovo e per onorare la memoria di tanti amici che non sono pi\u00f9 con noi. Come sempre l&#8217;appuntamento \u00e8 a Casera Razzo, dove sono attesi un centinaio di partecipanti e tantissimi sostenitori, con partenza alle 16. Il via sar\u00e0 a quota 1.444 da Casera Campo, mentre l&#8217;arrivo \u00e8 fissato agli Impianti di Razzo (Ciampigotto). Il percorso prevede la salita a Casera Razzo lungo strada forestale e traccia nel bosco, con breve discesa a Forcella Ciampigotto. Un dislivello di 550 metri, un cambio pelli da salita a discesa. Sar\u00e0 possibile iscriversi sul posto fino alle 15.30. Casco e frontale sono obbligatori. &#8220;Il vostro sorriso in montagna lo porteremo noi&#8221; \u00e8 il pensiero dedicato a chi ci ha lasciati, lasciando un vuoto difficile da colmare e un ricordo indelebile, che ci sprona ad andare avanti e a ritrovarci nel loro nome:\u00a0 Mirco De Col, Daniele Costan Zovi, Alessandro Marengon, Ferraccio Svaluto Moreolo, Enrico Frescura, Tiziano Favero.<\/p>\n<p>&nbsp;<\/p>\n<p>&nbsp;<\/p>\n<hr \/>\n<p>&nbsp;<\/p>\n<p><span style=\"color: #0000ff;\"><strong>SCI ALPINO<\/strong><\/span><\/p>\n<blockquote>\n<h3>LO SCI CLUB DRUSCIE&#8217; SI AGGIUDICA IL NET INSURANCE<\/h3>\n<\/blockquote>\n<p><strong>PASSO SAN PELLEGRINO <\/strong>Si sono conclusi con la disputa del superG Ragazzi e dello slalom Allievi, i Campionati regionali Children \u2013 Grand Prix Net Insurance. Nello slalom Allieve, vittoria di Giulia Alver\u00e0 (Cortina) sul tandem dello Ski College Veneto Falcade Giorgia Oprandi \u2013 Agnese Gallina, mentre in quello Allievi Philip Ploner (Ski College Veneto Falcade) ha avuto la meglio su Zaccaria Trevisan (Drusci\u00e9) e Federico Silvestrin (Orsago). Per quanto riguarda il superG, la gara Ragazze \u00e8 stata vinta da Sofia Michelon (Gallio), con Caterina Tiengo (Drusci\u00e9) e Angelica Mazzucco (Auronzo) sul secondo e terzo gradino del podio. Il pi\u00f9 veloce dei Ragazzi \u00e8 stato Mattia Rizzo (Agonistica Sportmarket). In seconda e terza posizione Leonardo D\u2019Inc\u00e0 (Trichiana) e Nicol\u00f2 Gios (Gallio). La classifica finale per societ\u00e0 ha visto imporsi lo Sci club Drusci\u00e9 con 2.489 punti. Sul podio anche Sci club Cortina (1.318) e Sci club 18 (1.172).<\/p>\n<p><strong>PER LE CLASSIFICHE <a href=\"https:\/\/www.fisiveneto.com\/2023\/03\/10\/grand-prixnet-insurance-vittoria-finale-allo-sci-club-druscie\/\">CLICCA QUI<\/a><\/strong><\/p>\n\n\t\t\t<style type='text\/css'>\n\t\t\t\t#gallery-4 {\n\t\t\t\t\tmargin: auto;\n\t\t\t\t}\n\t\t\t\t#gallery-4 .gallery-item {\n\t\t\t\t\tfloat: left;\n\t\t\t\t\tmargin-top: 10px;\n\t\t\t\t\ttext-align: center;\n\t\t\t\t\twidth: 20%;\n\t\t\t\t}\n\t\t\t\t#gallery-4 img {\n\t\t\t\t\tborder: 2px solid #cfcfcf;\n\t\t\t\t}\n\t\t\t\t#gallery-4 .gallery-caption {\n\t\t\t\t\tmargin-left: 0;\n\t\t\t\t}\n\t\t\t\t\/* see gallery_shortcode() in wp-includes\/media.php *\/\n\t\t\t<\/style>\n\t\t<div id='gallery-4' class='dt-gallery-container gallery galleryid-325839 gallery-columns-5 gallery-size-medium'><dl class='gallery-item'>\n\t\t\t\t<dt class='gallery-icon landscape'>\n\t\t\t\t\t<a class=\"rollover rollover-zoom dt-pswp-item\" title=\"podio SG RAGAZZE\" data-dt-img-description=\"\" data-large_image_width=\"1600\" data-large_image_height=\"1200\"href='https:\/\/www.radiopiu.net\/wordpress\/wp-content\/uploads\/2023\/03\/podio-SG-RAGAZZE.jpeg'><img loading=\"lazy\" decoding=\"async\" width=\"300\" height=\"225\" src=\"https:\/\/www.radiopiu.net\/wordpress\/wp-content\/uploads\/2023\/03\/podio-SG-RAGAZZE-300x225.jpeg\" class=\"attachment-medium size-medium\" alt=\"\" srcset=\"https:\/\/www.radiopiu.net\/wordpress\/wp-content\/uploads\/2023\/03\/podio-SG-RAGAZZE-300x225.jpeg 300w, https:\/\/www.radiopiu.net\/wordpress\/wp-content\/uploads\/2023\/03\/podio-SG-RAGAZZE-1024x768.jpeg 1024w, https:\/\/www.radiopiu.net\/wordpress\/wp-content\/uploads\/2023\/03\/podio-SG-RAGAZZE-768x576.jpeg 768w, https:\/\/www.radiopiu.net\/wordpress\/wp-content\/uploads\/2023\/03\/podio-SG-RAGAZZE-1536x1152.jpeg 1536w, https:\/\/www.radiopiu.net\/wordpress\/wp-content\/uploads\/2023\/03\/podio-SG-RAGAZZE.jpeg 1600w\" sizes=\"auto, (max-width: 300px) 100vw, 300px\" \/><\/a>\n\t\t\t\t<\/dt><\/dl><dl class='gallery-item'>\n\t\t\t\t<dt class='gallery-icon landscape'>\n\t\t\t\t\t<a class=\"rollover rollover-zoom dt-pswp-item\" title=\"podio SG RAGAZZI\" data-dt-img-description=\"\" data-large_image_width=\"1600\" data-large_image_height=\"1200\"href='https:\/\/www.radiopiu.net\/wordpress\/wp-content\/uploads\/2023\/03\/podio-SG-RAGAZZI.jpeg'><img loading=\"lazy\" decoding=\"async\" width=\"300\" height=\"225\" src=\"https:\/\/www.radiopiu.net\/wordpress\/wp-content\/uploads\/2023\/03\/podio-SG-RAGAZZI-300x225.jpeg\" class=\"attachment-medium size-medium\" alt=\"\" srcset=\"https:\/\/www.radiopiu.net\/wordpress\/wp-content\/uploads\/2023\/03\/podio-SG-RAGAZZI-300x225.jpeg 300w, https:\/\/www.radiopiu.net\/wordpress\/wp-content\/uploads\/2023\/03\/podio-SG-RAGAZZI-1024x768.jpeg 1024w, https:\/\/www.radiopiu.net\/wordpress\/wp-content\/uploads\/2023\/03\/podio-SG-RAGAZZI-768x576.jpeg 768w, https:\/\/www.radiopiu.net\/wordpress\/wp-content\/uploads\/2023\/03\/podio-SG-RAGAZZI-1536x1152.jpeg 1536w, https:\/\/www.radiopiu.net\/wordpress\/wp-content\/uploads\/2023\/03\/podio-SG-RAGAZZI.jpeg 1600w\" sizes=\"auto, (max-width: 300px) 100vw, 300px\" \/><\/a>\n\t\t\t\t<\/dt><\/dl><dl class='gallery-item'>\n\t\t\t\t<dt class='gallery-icon landscape'>\n\t\t\t\t\t<a class=\"rollover rollover-zoom dt-pswp-item\" title=\"podio SL ALLIEVI\" data-dt-img-description=\"\" data-large_image_width=\"1600\" data-large_image_height=\"1200\"href='https:\/\/www.radiopiu.net\/wordpress\/wp-content\/uploads\/2023\/03\/podio-SL-ALLIEVI.jpeg'><img loading=\"lazy\" decoding=\"async\" width=\"300\" height=\"225\" src=\"https:\/\/www.radiopiu.net\/wordpress\/wp-content\/uploads\/2023\/03\/podio-SL-ALLIEVI-300x225.jpeg\" class=\"attachment-medium size-medium\" alt=\"\" srcset=\"https:\/\/www.radiopiu.net\/wordpress\/wp-content\/uploads\/2023\/03\/podio-SL-ALLIEVI-300x225.jpeg 300w, https:\/\/www.radiopiu.net\/wordpress\/wp-content\/uploads\/2023\/03\/podio-SL-ALLIEVI-1024x768.jpeg 1024w, https:\/\/www.radiopiu.net\/wordpress\/wp-content\/uploads\/2023\/03\/podio-SL-ALLIEVI-768x576.jpeg 768w, https:\/\/www.radiopiu.net\/wordpress\/wp-content\/uploads\/2023\/03\/podio-SL-ALLIEVI-1536x1152.jpeg 1536w, https:\/\/www.radiopiu.net\/wordpress\/wp-content\/uploads\/2023\/03\/podio-SL-ALLIEVI.jpeg 1600w\" sizes=\"auto, (max-width: 300px) 100vw, 300px\" \/><\/a>\n\t\t\t\t<\/dt><\/dl><dl class='gallery-item'>\n\t\t\t\t<dt class='gallery-icon landscape'>\n\t\t\t\t\t<a class=\"rollover rollover-zoom dt-pswp-item\" title=\"podio SL ALLIEVE\" data-dt-img-description=\"\" data-large_image_width=\"1600\" data-large_image_height=\"1200\"href='https:\/\/www.radiopiu.net\/wordpress\/wp-content\/uploads\/2023\/03\/podio-SL-ALLIEVE.jpeg'><img loading=\"lazy\" decoding=\"async\" width=\"300\" height=\"225\" src=\"https:\/\/www.radiopiu.net\/wordpress\/wp-content\/uploads\/2023\/03\/podio-SL-ALLIEVE-300x225.jpeg\" class=\"attachment-medium size-medium\" alt=\"\" srcset=\"https:\/\/www.radiopiu.net\/wordpress\/wp-content\/uploads\/2023\/03\/podio-SL-ALLIEVE-300x225.jpeg 300w, https:\/\/www.radiopiu.net\/wordpress\/wp-content\/uploads\/2023\/03\/podio-SL-ALLIEVE-1024x768.jpeg 1024w, https:\/\/www.radiopiu.net\/wordpress\/wp-content\/uploads\/2023\/03\/podio-SL-ALLIEVE-768x576.jpeg 768w, https:\/\/www.radiopiu.net\/wordpress\/wp-content\/uploads\/2023\/03\/podio-SL-ALLIEVE-1536x1152.jpeg 1536w, https:\/\/www.radiopiu.net\/wordpress\/wp-content\/uploads\/2023\/03\/podio-SL-ALLIEVE.jpeg 1600w\" sizes=\"auto, (max-width: 300px) 100vw, 300px\" \/><\/a>\n\t\t\t\t<\/dt><\/dl><dl class='gallery-item'>\n\t\t\t\t<dt class='gallery-icon landscape'>\n\t\t\t\t\t<a class=\"rollover rollover-zoom dt-pswp-item\" title=\"podio SOCIETA finale net insurance 2023 10 marzo\" data-dt-img-description=\"\" data-large_image_width=\"1600\" data-large_image_height=\"1067\"href='https:\/\/www.radiopiu.net\/wordpress\/wp-content\/uploads\/2023\/03\/podio-SOCIETA-finale-net-insurance-2023-10-marzo.jpeg'><img loading=\"lazy\" decoding=\"async\" width=\"300\" height=\"200\" src=\"https:\/\/www.radiopiu.net\/wordpress\/wp-content\/uploads\/2023\/03\/podio-SOCIETA-finale-net-insurance-2023-10-marzo-300x200.jpeg\" class=\"attachment-medium size-medium\" alt=\"\" srcset=\"https:\/\/www.radiopiu.net\/wordpress\/wp-content\/uploads\/2023\/03\/podio-SOCIETA-finale-net-insurance-2023-10-marzo-300x200.jpeg 300w, https:\/\/www.radiopiu.net\/wordpress\/wp-content\/uploads\/2023\/03\/podio-SOCIETA-finale-net-insurance-2023-10-marzo-1024x683.jpeg 1024w, https:\/\/www.radiopiu.net\/wordpress\/wp-content\/uploads\/2023\/03\/podio-SOCIETA-finale-net-insurance-2023-10-marzo-768x512.jpeg 768w, https:\/\/www.radiopiu.net\/wordpress\/wp-content\/uploads\/2023\/03\/podio-SOCIETA-finale-net-insurance-2023-10-marzo-1536x1024.jpeg 1536w, https:\/\/www.radiopiu.net\/wordpress\/wp-content\/uploads\/2023\/03\/podio-SOCIETA-finale-net-insurance-2023-10-marzo.jpeg 1600w\" sizes=\"auto, (max-width: 300px) 100vw, 300px\" \/><\/a>\n\t\t\t\t<\/dt><\/dl><br style=\"clear: both\" \/>\n\t\t\t<\/div>\n\n<p>&nbsp;<\/p>\n<p>&nbsp;<\/p>\n<hr \/>\n<p>&nbsp;<\/p>\n<h2><span style=\"color: #ff6600;\">DEDICHE E RICHIESTE<\/span><\/h2>\n<blockquote>\n<h3>NEL MERCOLEDI SERA DI RADIO PIU&#8217; DON CESARE<\/h3>\n<\/blockquote>\n<p><strong><img loading=\"lazy\" decoding=\"async\" class=\"alignleft\" src=\"https:\/\/www.radiopiu.net\/wordpress\/wp-content\/uploads\/2022\/05\/DON-CESARE.png\" width=\"170\" height=\"115\" \/>REDAZIONE<\/strong> Dal programma, i mercoledi di sera come 40 anni fa, quattro amici attorno al mixer: Simonetta, Moreno, Marco e Mirko. Dediche, richieste, ospiti a sorpresa. Nell&#8217;ultima puntata anche Don Cesare Larese.<\/p>\n<p><strong>AUDIO<\/strong><\/p>\n<audio class=\"wp-audio-shortcode\" id=\"audio-325839-19\" preload=\"none\" style=\"width: 100%;\" controls=\"controls\"><source type=\"audio\/mpeg\" src=\"https:\/\/www.radiopiu.net\/wordpress\/wp-content\/uploads\/2023\/03\/DON-CESARE-DEDICHE-E-RICHIESTE.mp3?_=19\" \/><a href=\"https:\/\/www.radiopiu.net\/wordpress\/wp-content\/uploads\/2023\/03\/DON-CESARE-DEDICHE-E-RICHIESTE.mp3\">https:\/\/www.radiopiu.net\/wordpress\/wp-content\/uploads\/2023\/03\/DON-CESARE-DEDICHE-E-RICHIESTE.mp3<\/a><\/audio>\n<p>&nbsp;<\/p>\n<blockquote>\n<h3>NEL MERCOLEDI SERA ALLA RADIO&#8230; ANDREA DEI LOS MASSADORES<\/h3>\n<\/blockquote>\n<h3><strong style=\"font-size: 14px;\">REDAZIONE<\/strong><span style=\"font-size: 14px; font-weight: normal;\"> Andrea dei Los Massadores svela i segreti di &#8220;Angelo&#8221;, la canzone a suo tempo pi\u00f9 richiesta sulle frequenze di RADIOPIU. L&#8217;occasione. l&#8217;appuntamento di domenica nel comprensorio del Civetta al Rifugio Fertazza della famiglia Torre.<\/span><\/h3>\n<p><strong>AUDIO<\/strong><\/p>\n<audio class=\"wp-audio-shortcode\" id=\"audio-325839-20\" preload=\"none\" style=\"width: 100%;\" controls=\"controls\"><source type=\"audio\/mpeg\" src=\"https:\/\/www.radiopiu.net\/wordpress\/wp-content\/uploads\/2023\/03\/ANDREA-PICCOLO-LOS-MASSADORES-DEDICHE-E-RICHIESTE.mp3?_=20\" \/><a href=\"https:\/\/www.radiopiu.net\/wordpress\/wp-content\/uploads\/2023\/03\/ANDREA-PICCOLO-LOS-MASSADORES-DEDICHE-E-RICHIESTE.mp3\">https:\/\/www.radiopiu.net\/wordpress\/wp-content\/uploads\/2023\/03\/ANDREA-PICCOLO-LOS-MASSADORES-DEDICHE-E-RICHIESTE.mp3<\/a><\/audio>\n<p>&nbsp;<\/p>\n<p><strong><a class=\"dt-pswp-item\" href=\"https:\/\/www.radiopiu.net\/wordpress\/wp-content\/uploads\/2023\/03\/file.jpg\" data-dt-img-description=\"\" data-large_image_width=\"640\" data-large_image_height=\"640\"><img loading=\"lazy\" decoding=\"async\" class=\"wp-image-325527 alignleft\" src=\"https:\/\/www.radiopiu.net\/wordpress\/wp-content\/uploads\/2023\/03\/file-300x300.jpg\" alt=\"\" width=\"103\" height=\"103\" srcset=\"https:\/\/www.radiopiu.net\/wordpress\/wp-content\/uploads\/2023\/03\/file-300x300.jpg 300w, https:\/\/www.radiopiu.net\/wordpress\/wp-content\/uploads\/2023\/03\/file-150x150.jpg 150w, https:\/\/www.radiopiu.net\/wordpress\/wp-content\/uploads\/2023\/03\/file.jpg 640w\" sizes=\"auto, (max-width: 103px) 100vw, 103px\" \/><\/a>SELVA DI CADORE<\/strong>\u00a0 Concerto a 2081 metri e che concerto, ritornano al ristoro belvere, cima fertazza, ski civetta i grandissimi LOS MASSADORES DOMENICA 12 MARZO DALLE 13.30\u00a0 PER CANTARE, BALLARE, FARE FESTA TUTTI INSIEME CON LA CREATIVIT\u00e0, FANTASIA E GRANDE MUSICA, INGRESSO LIBERO. SI ARRIVA IN SEGGIOVIA DA PESCUL-SELVA DI CADORE, DALLE 8.30 LOS MASSADORES IN CONCERTO DOMENICA 12 MARZO DALLE 13.30, \u00a0 AL RISTORO BELVEDERE\u00a0 info e prenotazioni tavoli 3283616725 <a class=\"moz-txt-link-abbreviated\" href=\"http:\/\/WWW.RISTOROBELVEDERE.IT\">WWW.RISTOROBELVEDERE.IT<\/a>\u00a0 O SOCIAL<\/p>\n<p>&nbsp;<\/p>\n<blockquote>\n<h3>NEL MERCOLEDI SERA, MASSIMO MANFROI E LA FESTA DI FINE STAGIONE AL LARESEI<\/h3>\n<\/blockquote>\n<p><strong><a class=\"dt-pswp-item\" href=\"https:\/\/www.radiopiu.net\/wordpress\/wp-content\/uploads\/2023\/03\/Senza-nome-35.jpg\" data-dt-img-description=\"\" data-large_image_width=\"177\" data-large_image_height=\"154\"><img loading=\"lazy\" decoding=\"async\" class=\"size-full wp-image-325740 alignleft\" src=\"https:\/\/www.radiopiu.net\/wordpress\/wp-content\/uploads\/2023\/03\/Senza-nome-35.jpg\" alt=\"\" width=\"177\" height=\"154\" \/><\/a>REDAZIONE<\/strong> 2 aprile: festone. A breve sar\u00e0 presentato anche l&#8217;ospite, nome molto noto nel mondo radiofonico e dei Dj. Una domenica di festa in alta quota. Ne abbiamo parlato con Massimo Manfroi<\/p>\n<p>&nbsp;<\/p>\n<p>audio<\/p>\n<audio class=\"wp-audio-shortcode\" id=\"audio-325839-21\" preload=\"none\" style=\"width: 100%;\" controls=\"controls\"><source type=\"audio\/mpeg\" src=\"https:\/\/www.radiopiu.net\/wordpress\/wp-content\/uploads\/2023\/03\/MASSIMO-LARESEI-DEDICHE-E-RICHIESTE.mp3?_=21\" \/><a href=\"https:\/\/www.radiopiu.net\/wordpress\/wp-content\/uploads\/2023\/03\/MASSIMO-LARESEI-DEDICHE-E-RICHIESTE.mp3\">https:\/\/www.radiopiu.net\/wordpress\/wp-content\/uploads\/2023\/03\/MASSIMO-LARESEI-DEDICHE-E-RICHIESTE.mp3<\/a><\/audio>\n<p>&nbsp;<\/p>\n<p>&nbsp;<\/p>\n","protected":false},"excerpt":{"rendered":"<p>RADIO PIU INFORMAZIONE il canale su TELEGRAM informazione di prima\u00a0 mano e in tempo reale. iscriviti ed aiutaci a farlo conoscere\u00a0 \u00a0 \u00a0 VITE IN PERICOLO LUNGO LA REGIONALE 203 AGORDINA, CONTROLLI ZERO. BELLUNO DI ROBERTO BONA &nbsp; \u00a0 ISCRIVITI AL NOSTRO CANALE YOUTUBE PER SEGUIRE IN DIRETTA I PRINCIPALI PROGRAMMI DI RADIO PIU&#8217; E&hellip;<\/p>\n","protected":false},"author":4,"featured_media":325930,"comment_status":"closed","ping_status":"closed","sticky":false,"template":"","format":"standard","meta":{"_monsterinsights_skip_tracking":false,"_monsterinsights_sitenote_active":false,"_monsterinsights_sitenote_note":"","_monsterinsights_sitenote_category":0,"footnotes":""},"categories":[51,86,49],"tags":[],"class_list":["post-325839","post","type-post","status-publish","format-standard","has-post-thumbnail","hentry","category-evidenza-top","category-gr","category-news-18","category-51","category-86","category-49","description-off"],"img_url":"https:\/\/www.radiopiu.net\/wordpress\/wp-content\/uploads\/2023\/03\/IMG_20230310_103520-1-scaled.jpg","_links":{"self":[{"href":"https:\/\/www.radiopiu.net\/wordpress\/wp-json\/wp\/v2\/posts\/325839","targetHints":{"allow":["GET"]}}],"collection":[{"href":"https:\/\/www.radiopiu.net\/wordpress\/wp-json\/wp\/v2\/posts"}],"about":[{"href":"https:\/\/www.radiopiu.net\/wordpress\/wp-json\/wp\/v2\/types\/post"}],"author":[{"embeddable":true,"href":"https:\/\/www.radiopiu.net\/wordpress\/wp-json\/wp\/v2\/users\/4"}],"replies":[{"embeddable":true,"href":"https:\/\/www.radiopiu.net\/wordpress\/wp-json\/wp\/v2\/comments?post=325839"}],"version-history":[{"count":0,"href":"https:\/\/www.radiopiu.net\/wordpress\/wp-json\/wp\/v2\/posts\/325839\/revisions"}],"wp:featuredmedia":[{"embeddable":true,"href":"https:\/\/www.radiopiu.net\/wordpress\/wp-json\/wp\/v2\/media\/325930"}],"wp:attachment":[{"href":"https:\/\/www.radiopiu.net\/wordpress\/wp-json\/wp\/v2\/media?parent=325839"}],"wp:term":[{"taxonomy":"category","embeddable":true,"href":"https:\/\/www.radiopiu.net\/wordpress\/wp-json\/wp\/v2\/categories?post=325839"},{"taxonomy":"post_tag","embeddable":true,"href":"https:\/\/www.radiopiu.net\/wordpress\/wp-json\/wp\/v2\/tags?post=325839"}],"curies":[{"name":"wp","href":"https:\/\/api.w.org\/{rel}","templated":true}]}}