{"id":325858,"date":"2023-03-10T03:20:20","date_gmt":"2023-03-10T02:20:20","guid":{"rendered":"https:\/\/www.radiopiu.net\/wordpress\/?p=325858"},"modified":"2023-03-10T05:39:14","modified_gmt":"2023-03-10T04:39:14","slug":"malmeno-un-anziano-condannato-a-tre-anni-di-carcere","status":"publish","type":"post","link":"https:\/\/www.radiopiu.net\/wordpress\/malmeno-un-anziano-condannato-a-tre-anni-di-carcere\/","title":{"rendered":"MALMENO&#8217; UN ANZIANO: CONDANNATO A TRE ANNI DI CARCERE"},"content":{"rendered":"<p><strong>OGGI SUL CORRIERE DELLE ALPI\u00a0<\/strong><\/p>\n<p><strong>DI GIGI SOSSO<\/strong><\/p>\n<p><strong><img loading=\"lazy\" decoding=\"async\" class=\"alignleft\" src=\"https:\/\/www.radiopiu.net\/wordpress\/wp-content\/uploads\/2021\/09\/tribunale-belluno.jpg\" width=\"239\" height=\"159\" \/>BELLUNO<\/strong> Anche oggi il Corriere delle Alpi segue le cronache giudiziarie. Dal Palazzo del Tribunale le sentenze di ieri.<\/p>\n<p><strong>ALTO AGORDINO\u00a0 <\/strong>Non poteva nemmeno pi\u00f9 andare a messa. Perch\u00e9 il rischio era quello di ritrovarsi l&#8217;ex fidanzato sul banco appena dietro.\u00a0 Quando non ce l&#8217;ha pi\u00f9 fatta \u00e8 andata a querelarlo, provocandone il rinvio a giudizio e si \u00e8 anche costituita parte civile con l&#8217;avvocato Alvise Antinucci, per chiedergli un risarcimento dei danni per i reati di stalking e violenza privata\u00a0 e l&#8217;uomo le ha versato una somma importante propiziando il ritiro della querela. Il caso \u00e8 chiuso.<\/p>\n<p><strong>Ivano Lise<\/strong> \u00e8 stato condannato a tre anni di reclusione. Secondo la ricostruzione della Procura della Repubblica, in quel giorno di primavera Lise e altri stavano danneggiano delle sedie di un&#8217;osteria, quando il lentiaiese classe 1935 li avrebbe invitati a smetterla subito. A quel punto, Lise ha rassicurato gli amici con un \u00abtranquilli, penso io a questo, non badatelo\u00bb, prima di afferrarlo per una spalla e spingerlo con veemenza a terra, facendogli anche battere la testa,\u00a0 prognosi di oltre tre mesi<\/p>\n<p><strong>Stefano Dal Farra<\/strong> \u00e8 stato condannato a un anno e due mesi di reclusione dal giudice Paolo Velo. Il giovane bellunese doveva rispondere dei reati di resistenza a pubblico ufficiale, minaccia e lesioni. I militari\u00a0 avevano cercato di riportare l&#8217;indagato alla ragione, ricevendo per tutta risposta una serie di minacce di morte, per di pi\u00f9 senza mascherina protettiva, in tempi di Covid-19.\u00a0 Era scattata la denuncia per una serie di ipotesi di reato, che ha innescato il processo terminato ieri mattina.<\/p>\n<p>&nbsp;<\/p>\n","protected":false},"excerpt":{"rendered":"<p>OGGI SUL CORRIERE DELLE ALPI\u00a0 DI GIGI SOSSO BELLUNO Anche oggi il Corriere delle Alpi segue le cronache giudiziarie. Dal Palazzo del Tribunale le sentenze di ieri. ALTO AGORDINO\u00a0 Non poteva nemmeno pi\u00f9 andare a messa. Perch\u00e9 il rischio era quello di ritrovarsi l&#8217;ex fidanzato sul banco appena dietro.\u00a0 Quando non ce l&#8217;ha pi\u00f9 fatta&hellip;<\/p>\n","protected":false},"author":4,"featured_media":232453,"comment_status":"closed","ping_status":"closed","sticky":false,"template":"","format":"standard","meta":{"_monsterinsights_skip_tracking":false,"_monsterinsights_sitenote_active":false,"_monsterinsights_sitenote_note":"","_monsterinsights_sitenote_category":0,"footnotes":""},"categories":[51,49],"tags":[],"class_list":["post-325858","post","type-post","status-publish","format-standard","has-post-thumbnail","hentry","category-evidenza-top","category-news-18","category-51","category-49","description-off"],"img_url":"https:\/\/www.radiopiu.net\/wordpress\/wp-content\/uploads\/2021\/09\/tribunale-belluno.jpg","_links":{"self":[{"href":"https:\/\/www.radiopiu.net\/wordpress\/wp-json\/wp\/v2\/posts\/325858","targetHints":{"allow":["GET"]}}],"collection":[{"href":"https:\/\/www.radiopiu.net\/wordpress\/wp-json\/wp\/v2\/posts"}],"about":[{"href":"https:\/\/www.radiopiu.net\/wordpress\/wp-json\/wp\/v2\/types\/post"}],"author":[{"embeddable":true,"href":"https:\/\/www.radiopiu.net\/wordpress\/wp-json\/wp\/v2\/users\/4"}],"replies":[{"embeddable":true,"href":"https:\/\/www.radiopiu.net\/wordpress\/wp-json\/wp\/v2\/comments?post=325858"}],"version-history":[{"count":0,"href":"https:\/\/www.radiopiu.net\/wordpress\/wp-json\/wp\/v2\/posts\/325858\/revisions"}],"wp:featuredmedia":[{"embeddable":true,"href":"https:\/\/www.radiopiu.net\/wordpress\/wp-json\/wp\/v2\/media\/232453"}],"wp:attachment":[{"href":"https:\/\/www.radiopiu.net\/wordpress\/wp-json\/wp\/v2\/media?parent=325858"}],"wp:term":[{"taxonomy":"category","embeddable":true,"href":"https:\/\/www.radiopiu.net\/wordpress\/wp-json\/wp\/v2\/categories?post=325858"},{"taxonomy":"post_tag","embeddable":true,"href":"https:\/\/www.radiopiu.net\/wordpress\/wp-json\/wp\/v2\/tags?post=325858"}],"curies":[{"name":"wp","href":"https:\/\/api.w.org\/{rel}","templated":true}]}}