{"id":325862,"date":"2023-03-10T04:32:43","date_gmt":"2023-03-10T03:32:43","guid":{"rendered":"https:\/\/www.radiopiu.net\/wordpress\/?p=325862"},"modified":"2023-03-10T06:22:30","modified_gmt":"2023-03-10T05:22:30","slug":"rissa-al-condominio-la-corte-saprono-le-porte-del-tribunale","status":"publish","type":"post","link":"https:\/\/www.radiopiu.net\/wordpress\/rissa-al-condominio-la-corte-saprono-le-porte-del-tribunale\/","title":{"rendered":"RISSA AL CONDOMINIO LA CORTE, S&#8217;APRONO LE PORTE DEL TRIBUNALE"},"content":{"rendered":"<p>&nbsp;<\/p>\n<blockquote><p><em>Si e&#8217; parlato per settimane di quel caso, del pestaggio della donna incinta in via Insurrezione, dove ha sede la stazione delle corriere della Dolomitibus. Qualcuno la chiama la zona &#8220;Bronx&#8221; della citt\u00e0. Da allora \u00e8 successo ancora, ci sono stati altri episodi di violenza (e non solo verbale) ma ogni volta bocche cucite, soprattutto da parte di chi ha attivit\u00e0 in zona e preferisce mettere tutto a tacere per non rischiare di perdere clienti\u00a0<\/em><\/p><\/blockquote>\n<p><strong><a class=\"dt-pswp-item\" href=\"https:\/\/www.radiopiu.net\/wordpress\/wp-content\/uploads\/2023\/03\/Senza-nome-38.jpg\" data-dt-img-description=\"\" data-large_image_width=\"146\" data-large_image_height=\"117\"><img loading=\"lazy\" decoding=\"async\" class=\"size-full wp-image-325860 alignleft\" src=\"https:\/\/www.radiopiu.net\/wordpress\/wp-content\/uploads\/2023\/03\/Senza-nome-38.jpg\" alt=\"\" width=\"146\" height=\"117\" \/><\/a>AGORDO <\/strong>Rissa nell&#8217;ottobre del 2020 in via Insurrezione. In rete ha girato pure\u00a0 un video\u00a0 del telefonino di un passante, che l&#8217;ha documentata in diretta. M.R., G.B.e A. L. sono stati portati in tribunale. La zuffa \u00e8 scoppiata all&#8217;esterno del centro commerciale &#8220;La Corte agordina&#8221;. Nel filmato, si vede una donna in gravidanza colpire con una bottigliata in testa. Non ci sono costituzioni di parte civile per il risarcimento danni e, nelle prossime settimane, saranno sentiti tutti i testimoni<\/p>\n<p><strong><span style=\"color: #ff0000;\">archivio radiopiu<\/span> LA DICHIARAZIONE DI ALLORA DEL SINDACO DI AGORDO, ROBERTO CHISSALE&#8217;<\/strong><\/p>\n<p><strong><a class=\"dt-pswp-item\" href=\"https:\/\/www.radiopiu.net\/wordpress\/wp-content\/uploads\/2020\/10\/b2923513-18ed-4ba0-af67-d80b03f1bd96.jpg\" data-dt-img-description=\"\" data-large_image_width=\"720\" data-large_image_height=\"1440\"><img loading=\"lazy\" decoding=\"async\" class=\" wp-image-164943 alignleft\" src=\"https:\/\/www.radiopiu.net\/wordpress\/wp-content\/uploads\/2020\/10\/b2923513-18ed-4ba0-af67-d80b03f1bd96-150x300.jpg\" alt=\"\" width=\"120\" height=\"240\" srcset=\"https:\/\/www.radiopiu.net\/wordpress\/wp-content\/uploads\/2020\/10\/b2923513-18ed-4ba0-af67-d80b03f1bd96-150x300.jpg 150w, https:\/\/www.radiopiu.net\/wordpress\/wp-content\/uploads\/2020\/10\/b2923513-18ed-4ba0-af67-d80b03f1bd96-512x1024.jpg 512w, https:\/\/www.radiopiu.net\/wordpress\/wp-content\/uploads\/2020\/10\/b2923513-18ed-4ba0-af67-d80b03f1bd96.jpg 720w\" sizes=\"auto, (max-width: 120px) 100vw, 120px\" \/><\/a>AGORDO<\/strong> Un video \u00e8 ormai diventato virale, una rissa in pieno giorno in via Insurrezione nei pressi del condominio La Corte, difronte alla fermata della Dolomitibus. Purtroppo non \u00e8 una novit\u00e0, quella zona \u00e8 pi\u00f9 volte stata segnalata per il ritrovo dei giovani balzati spesso sugli spalti delle cronache, come ieri\u00a0 pomeriggio quando sono volate pedate, ceffoni, urla e anche bottigliate in testa. Una rissa immortalata da un video sul quale indagano i Carabinieri. Ne \u00e8 a conoscenza anche il sindaco di Agordo Roberto Chissal\u00e8<em> &#8220;Stiamo facendo tutto perch\u00e9 ci\u00f2 non accada pi\u00f9 &#8211; dice il primo cittadino &#8211; gli episodi sono noti, anche alle forze dell&#8217;ordine&#8221;<\/em>. Il video mette in evidenza tanta violenza, dalle urla &#8220;ammazzalo, ammazzalo&#8221; gli strattoni, i pugni ma anche la presenza di una cane pitbull privo di museruola. Agordo tra l&#8217;altro non ha dimenticato l&#8217;uccisione di un cane &#8220;Kaos&#8221; nell&#8217;aprile del 2019 con un giovane finito all&#8217;ospedale e altri chiamati a rispondere in Tribunale dopo la denuncia.<\/p>\n<p><strong>IL SINDACO ROBERTO CHISSALE&#8217;<\/strong><\/p>\n<audio class=\"wp-audio-shortcode\" id=\"audio-325862-1\" preload=\"none\" style=\"width: 100%;\" controls=\"controls\"><source type=\"audio\/mpeg\" src=\"https:\/\/www.radiopiu.net\/wordpress\/wp-content\/uploads\/2020\/10\/CHISSA.mp3?_=1\" \/><a href=\"https:\/\/www.radiopiu.net\/wordpress\/wp-content\/uploads\/2020\/10\/CHISSA.mp3\">https:\/\/www.radiopiu.net\/wordpress\/wp-content\/uploads\/2020\/10\/CHISSA.mp3<\/a><\/audio>\n<p>&nbsp;<\/p>\n<p>&nbsp;<\/p>\n<p>&gt;_&#8211;<\/p>\n","protected":false},"excerpt":{"rendered":"<p>&nbsp; Si e&#8217; parlato per settimane di quel caso, del pestaggio della donna incinta in via Insurrezione, dove ha sede la stazione delle corriere della Dolomitibus. Qualcuno la chiama la zona &#8220;Bronx&#8221; della citt\u00e0. Da allora \u00e8 successo ancora, ci sono stati altri episodi di violenza (e non solo verbale) ma ogni volta bocche cucite,&hellip;<\/p>\n","protected":false},"author":4,"featured_media":325859,"comment_status":"closed","ping_status":"closed","sticky":false,"template":"","format":"standard","meta":{"_monsterinsights_skip_tracking":false,"_monsterinsights_sitenote_active":false,"_monsterinsights_sitenote_note":"","_monsterinsights_sitenote_category":0,"footnotes":""},"categories":[51,49],"tags":[],"class_list":["post-325862","post","type-post","status-publish","format-standard","has-post-thumbnail","hentry","category-evidenza-top","category-news-18","category-51","category-49","description-off"],"img_url":"https:\/\/www.radiopiu.net\/wordpress\/wp-content\/uploads\/2023\/03\/b2923513-18ed-4ba0-af67-d80b03f1bd96-150x300-1.jpg","_links":{"self":[{"href":"https:\/\/www.radiopiu.net\/wordpress\/wp-json\/wp\/v2\/posts\/325862","targetHints":{"allow":["GET"]}}],"collection":[{"href":"https:\/\/www.radiopiu.net\/wordpress\/wp-json\/wp\/v2\/posts"}],"about":[{"href":"https:\/\/www.radiopiu.net\/wordpress\/wp-json\/wp\/v2\/types\/post"}],"author":[{"embeddable":true,"href":"https:\/\/www.radiopiu.net\/wordpress\/wp-json\/wp\/v2\/users\/4"}],"replies":[{"embeddable":true,"href":"https:\/\/www.radiopiu.net\/wordpress\/wp-json\/wp\/v2\/comments?post=325862"}],"version-history":[{"count":0,"href":"https:\/\/www.radiopiu.net\/wordpress\/wp-json\/wp\/v2\/posts\/325862\/revisions"}],"wp:featuredmedia":[{"embeddable":true,"href":"https:\/\/www.radiopiu.net\/wordpress\/wp-json\/wp\/v2\/media\/325859"}],"wp:attachment":[{"href":"https:\/\/www.radiopiu.net\/wordpress\/wp-json\/wp\/v2\/media?parent=325862"}],"wp:term":[{"taxonomy":"category","embeddable":true,"href":"https:\/\/www.radiopiu.net\/wordpress\/wp-json\/wp\/v2\/categories?post=325862"},{"taxonomy":"post_tag","embeddable":true,"href":"https:\/\/www.radiopiu.net\/wordpress\/wp-json\/wp\/v2\/tags?post=325862"}],"curies":[{"name":"wp","href":"https:\/\/api.w.org\/{rel}","templated":true}]}}