{"id":325966,"date":"2023-03-10T23:59:29","date_gmt":"2023-03-10T22:59:29","guid":{"rendered":"https:\/\/www.radiopiu.net\/wordpress\/?p=325966"},"modified":"2023-03-10T16:42:17","modified_gmt":"2023-03-10T15:42:17","slug":"agordina-in-campo-con-tutte-e-quattro-le-squadre","status":"publish","type":"post","link":"https:\/\/www.radiopiu.net\/wordpress\/agordina-in-campo-con-tutte-e-quattro-le-squadre\/","title":{"rendered":"AGORDINA IN CAMPO CON TUTTE E QUATTRO LE SQUADRE"},"content":{"rendered":"<p><strong><a class=\"dt-pswp-item\" href=\"https:\/\/www.radiopiu.net\/wordpress\/wp-content\/uploads\/2022\/04\/CALCIO.jpg\" data-dt-img-description=\"\" data-large_image_width=\"1920\" data-large_image_height=\"1280\"><img loading=\"lazy\" decoding=\"async\" class=\" wp-image-270520 alignleft\" src=\"https:\/\/www.radiopiu.net\/wordpress\/wp-content\/uploads\/2022\/04\/CALCIO-300x200.jpg\" alt=\"\" width=\"206\" height=\"137\" srcset=\"https:\/\/www.radiopiu.net\/wordpress\/wp-content\/uploads\/2022\/04\/CALCIO-300x200.jpg 300w, https:\/\/www.radiopiu.net\/wordpress\/wp-content\/uploads\/2022\/04\/CALCIO-1024x683.jpg 1024w, https:\/\/www.radiopiu.net\/wordpress\/wp-content\/uploads\/2022\/04\/CALCIO-768x512.jpg 768w, https:\/\/www.radiopiu.net\/wordpress\/wp-content\/uploads\/2022\/04\/CALCIO-1536x1024.jpg 1536w, https:\/\/www.radiopiu.net\/wordpress\/wp-content\/uploads\/2022\/04\/CALCIO.jpg 1920w\" sizes=\"auto, (max-width: 206px) 100vw, 206px\" \/><\/a>di Marco Gaz<\/strong><\/p>\n<p><strong>REDAZIONE\u00a0<\/strong>Continuano i campionati provinciali e regionali dove l&#8217;Agordina Calcio \u00e8 iscritta con le sue quattro formazioni. Tra oggi e domani sono quattro le partite in programma tra settore giovanile e prima squadra. Ad inaugurare il fine settimana sar\u00e0 la Juniores Provinciale di De Zaiacomo che all&#8217;Ivano Dorigo di Agordo giocher\u00e0 oggi alle 15:30 contro la Dynamo. Domani mattina due partite in programma alle 10:30. I giovanissimi provinciali allenati da De Bastiani saranno in trasferta per affrontare il Cavarzano. Gli Allievi regionali di Orzetti proveranno a racimolare qualche punto nella sfida che verr\u00e0 giocata in casa contro l&#8217;Alpago. Sempre domani, ma alle 14:30, sar\u00e0 il turno della prima squadra allenata da Lorenzi. Trasferta a Gron di Sospirolo per i ragazzi di Agordo dove se la vedranno con la Sospirolese. Un avversario ostico che, come l&#8217;Agordina, ha bisogno di punti per la salvezza matematica. Una partita interessante valida per il Campionato di Seconda Categoria girone T del Veneto che Radio pi\u00f9 seguir\u00e0 in diretta dalle 14:30 in &#8220;Domenica Pi\u00f9 Sport&#8221;.<\/p>\n<p>&nbsp;<\/p>\n<p>&nbsp;<\/p>\n<p>******<\/p>\n","protected":false},"excerpt":{"rendered":"<p>di Marco Gaz REDAZIONE\u00a0Continuano i campionati provinciali e regionali dove l&#8217;Agordina Calcio \u00e8 iscritta con le sue quattro formazioni. Tra oggi e domani sono quattro le partite in programma tra settore giovanile e prima squadra. Ad inaugurare il fine settimana sar\u00e0 la Juniores Provinciale di De Zaiacomo che all&#8217;Ivano Dorigo di Agordo giocher\u00e0 oggi alle&hellip;<\/p>\n","protected":false},"author":4,"featured_media":270520,"comment_status":"closed","ping_status":"closed","sticky":false,"template":"","format":"standard","meta":{"_monsterinsights_skip_tracking":false,"_monsterinsights_sitenote_active":false,"_monsterinsights_sitenote_note":"","_monsterinsights_sitenote_category":0,"footnotes":""},"categories":[49],"tags":[],"class_list":["post-325966","post","type-post","status-publish","format-standard","has-post-thumbnail","hentry","category-news-18","category-49","description-off"],"img_url":"https:\/\/www.radiopiu.net\/wordpress\/wp-content\/uploads\/2022\/04\/CALCIO.jpg","_links":{"self":[{"href":"https:\/\/www.radiopiu.net\/wordpress\/wp-json\/wp\/v2\/posts\/325966","targetHints":{"allow":["GET"]}}],"collection":[{"href":"https:\/\/www.radiopiu.net\/wordpress\/wp-json\/wp\/v2\/posts"}],"about":[{"href":"https:\/\/www.radiopiu.net\/wordpress\/wp-json\/wp\/v2\/types\/post"}],"author":[{"embeddable":true,"href":"https:\/\/www.radiopiu.net\/wordpress\/wp-json\/wp\/v2\/users\/4"}],"replies":[{"embeddable":true,"href":"https:\/\/www.radiopiu.net\/wordpress\/wp-json\/wp\/v2\/comments?post=325966"}],"version-history":[{"count":0,"href":"https:\/\/www.radiopiu.net\/wordpress\/wp-json\/wp\/v2\/posts\/325966\/revisions"}],"wp:featuredmedia":[{"embeddable":true,"href":"https:\/\/www.radiopiu.net\/wordpress\/wp-json\/wp\/v2\/media\/270520"}],"wp:attachment":[{"href":"https:\/\/www.radiopiu.net\/wordpress\/wp-json\/wp\/v2\/media?parent=325966"}],"wp:term":[{"taxonomy":"category","embeddable":true,"href":"https:\/\/www.radiopiu.net\/wordpress\/wp-json\/wp\/v2\/categories?post=325966"},{"taxonomy":"post_tag","embeddable":true,"href":"https:\/\/www.radiopiu.net\/wordpress\/wp-json\/wp\/v2\/tags?post=325966"}],"curies":[{"name":"wp","href":"https:\/\/api.w.org\/{rel}","templated":true}]}}