{"id":325977,"date":"2023-03-11T05:50:43","date_gmt":"2023-03-11T04:50:43","guid":{"rendered":"https:\/\/www.radiopiu.net\/wordpress\/?p=325977"},"modified":"2023-03-11T06:02:20","modified_gmt":"2023-03-11T05:02:20","slug":"martedi-i-funerali-di-daiana-lorenzini","status":"publish","type":"post","link":"https:\/\/www.radiopiu.net\/wordpress\/martedi-i-funerali-di-daiana-lorenzini\/","title":{"rendered":"MARTEDI&#8217; I FUNERALI DI DAIANA LORENZINI"},"content":{"rendered":"<div class=\"page-title-breadcrumbs\">\n<p><a class=\"dt-pswp-item\" href=\"https:\/\/www.radiopiu.net\/wordpress\/wp-content\/uploads\/2023\/03\/DAIANA.jpg\" data-dt-img-description=\"EPIGRAFI\" data-large_image_width=\"159\" data-large_image_height=\"222\"><img loading=\"lazy\" decoding=\"async\" class=\"wp-image-325979 alignleft\" src=\"https:\/\/www.radiopiu.net\/wordpress\/wp-content\/uploads\/2023\/03\/DAIANA.jpg\" alt=\"\" width=\"102\" height=\"142\" \/><\/a><\/p>\n<p><em><strong> Daiana Lorenzini viveva ormai da una decina di anni a Pordenone, dove lavorava come dipendente amministrativa del Gruppo Maggioli, che ha l&#8217;appalto per la gestione delle sanzioni del Comando della Polizia municipale<\/strong><\/em><\/p>\n<p><strong>SELVA DI CADORE<\/strong> Saranno celebrati marted\u00ec alle 14:30 nella chiesa parrocchiale di Santa Fosca a Selva di Cadore i funerali di Daiana Rosa Lorenzini. Ne danno addolorati il triste annuncio la mamma, il pap\u00e0, il fratello Marvin con Laura, gli zii, le zie, la nipote Greta, gli amici e parenti tutti. Luned\u00ec alle 19, sempre nella chiesa parrocchiale di Santa Fosca, il Santo Rosario.<\/p>\n<\/div>\n<p>Daiana Rosa Lorenzini ha donato gli organi, su disposizione del pap\u00e0 Giugno, della mamma Lia e del fratello Marvin \u00abUna perdita gravissima per tutti noi\u00bb, sottolinea don Renato Tasso\u00a0 \u00ab\u00e8 stata una persona splendida fino in fondo e anche dopo, considerato che ha donato gli organi, a cominciare dalle cornee. Qualcuno vedr\u00e0 o vivr\u00e0, grazie a lei\u00bb.<\/p>\n<p><strong>L&#8217;INCIDENTE<\/strong> L&#8217;ipotesi prevalente \u00e8 che Daiana Rosa,\u00a0 abbia avuto un malore, che l&#8217;ha fatta sbandare e fermarsi contro la parete. Non stava andando a forte velocit\u00e0, tanto \u00e8 vero che l&#8217;auto \u00e8 stata recuperata successivamente. I soccorsi sono stati tempestivi e Lorenzini \u00e8 stata ricoverata in codice rosso all&#8217;ospedale Ca&#8217; Foncello.<\/p>\n<p>&nbsp;<\/p>\n<p>&nbsp;<\/p>\n<p>&nbsp;<\/p>\n<p>&nbsp;<\/p>\n<p>&nbsp;<\/p>\n<p>*******<\/p>\n","protected":false},"excerpt":{"rendered":"<p>Daiana Lorenzini viveva ormai da una decina di anni a Pordenone, dove lavorava come dipendente amministrativa del Gruppo Maggioli, che ha l&#8217;appalto per la gestione delle sanzioni del Comando della Polizia municipale SELVA DI CADORE Saranno celebrati marted\u00ec alle 14:30 nella chiesa parrocchiale di Santa Fosca a Selva di Cadore i funerali di Daiana Rosa&hellip;<\/p>\n","protected":false},"author":4,"featured_media":325991,"comment_status":"closed","ping_status":"closed","sticky":false,"template":"","format":"standard","meta":{"_monsterinsights_skip_tracking":false,"_monsterinsights_sitenote_active":false,"_monsterinsights_sitenote_note":"","_monsterinsights_sitenote_category":0,"footnotes":""},"categories":[51,49],"tags":[],"class_list":["post-325977","post","type-post","status-publish","format-standard","has-post-thumbnail","hentry","category-evidenza-top","category-news-18","category-51","category-49","description-off"],"img_url":"https:\/\/www.radiopiu.net\/wordpress\/wp-content\/uploads\/2023\/03\/SCR-20230310-pl7.png","_links":{"self":[{"href":"https:\/\/www.radiopiu.net\/wordpress\/wp-json\/wp\/v2\/posts\/325977","targetHints":{"allow":["GET"]}}],"collection":[{"href":"https:\/\/www.radiopiu.net\/wordpress\/wp-json\/wp\/v2\/posts"}],"about":[{"href":"https:\/\/www.radiopiu.net\/wordpress\/wp-json\/wp\/v2\/types\/post"}],"author":[{"embeddable":true,"href":"https:\/\/www.radiopiu.net\/wordpress\/wp-json\/wp\/v2\/users\/4"}],"replies":[{"embeddable":true,"href":"https:\/\/www.radiopiu.net\/wordpress\/wp-json\/wp\/v2\/comments?post=325977"}],"version-history":[{"count":0,"href":"https:\/\/www.radiopiu.net\/wordpress\/wp-json\/wp\/v2\/posts\/325977\/revisions"}],"wp:featuredmedia":[{"embeddable":true,"href":"https:\/\/www.radiopiu.net\/wordpress\/wp-json\/wp\/v2\/media\/325991"}],"wp:attachment":[{"href":"https:\/\/www.radiopiu.net\/wordpress\/wp-json\/wp\/v2\/media?parent=325977"}],"wp:term":[{"taxonomy":"category","embeddable":true,"href":"https:\/\/www.radiopiu.net\/wordpress\/wp-json\/wp\/v2\/categories?post=325977"},{"taxonomy":"post_tag","embeddable":true,"href":"https:\/\/www.radiopiu.net\/wordpress\/wp-json\/wp\/v2\/tags?post=325977"}],"curies":[{"name":"wp","href":"https:\/\/api.w.org\/{rel}","templated":true}]}}