{"id":326001,"date":"2023-03-13T05:09:51","date_gmt":"2023-03-13T04:09:51","guid":{"rendered":"https:\/\/www.radiopiu.net\/wordpress\/?p=326001"},"modified":"2023-03-13T09:25:04","modified_gmt":"2023-03-13T08:25:04","slug":"giornale-radiopiu-13-marzo-2023-direttore-mirko-mezzacasa-verso-i-40-anni-25-giugno-1983-25-giugno-2023","status":"publish","type":"post","link":"https:\/\/www.radiopiu.net\/wordpress\/giornale-radiopiu-13-marzo-2023-direttore-mirko-mezzacasa-verso-i-40-anni-25-giugno-1983-25-giugno-2023\/","title":{"rendered":"GIORNALE RADIOPIU 13 MARZO 2023 DIRETTORE MIRKO MEZZACASA&#8230;verso i 40 anni 25 giugno 1983-25 giugno 2023"},"content":{"rendered":"<h3 class=\"kvgmc6g5 cxmmr5t8 oygrvhab hcukyx3x c1et5uql\"><span style=\"color: #0000ff;\"><strong>RADIO PIU INFORMAZIONE il canale su TELEGRAM informazione di prima\u00a0 <\/strong><strong>mano e in tempo reale. iscriviti ed aiutaci a farlo conoscere\u00a0 \u00a0 <\/strong><\/span><\/h3>\n<h2 style=\"text-align: left;\"><span style=\"color: #ff0000;\">ISCRIVITI AL NOSTRO CANALE YOUTUBE PER SEGUIRE IN DIRETTA I PRINCIPALI PROGRAMMI DI RADIO PIU&#8217; E LE FUTURE DIRETTE IN ESTERNA. PER ISCRIVERTI <a style=\"color: #ff0000;\" href=\"https:\/\/youtube.com\/@radiopiu1527\">CLICCA QUI<\/a> E PREMI IL TASTO &#8220;Iscriviti&#8221;\u00a0\u00a0<\/span><\/h2>\n<p>&nbsp;<\/p>\n<hr \/>\n<p>&nbsp;<\/p>\n<h2>INTERRUZIONI PROGRAMMATE BIM GSP<\/h2>\n<h2><span style=\"color: #0000ff;\">CANALE D&#8217;AGORDO<\/span> Mercoledi dalle 8:30 alle 17 verr\u00e0 sospesa l\u2019erogazione dell\u2019acqua\u00a0 in FRAZIONE FREGONA. Il personale addetto operer\u00e0 per limitare il pi\u00f9 possibile i disagi alla popolazione.<\/h2>\n<p>&nbsp;<\/p>\n<hr \/>\n<p>&nbsp;<\/p>\n<blockquote>\n<h3 class=\"entry-title\">RECUPERATO RUNNER IN DIFFICOLTA\u2019<\/h3>\n<\/blockquote>\n<p><b>LA VALLE AGORDINA\u00a0<\/b>Poco prima delle 16 di sabato l\u2019elicottero del Suem di Pieve di Cadore \u00e8 decollato in direzione del Gruppo del Talvena, per un runner in difficolt\u00e0 all\u2019altezza di Forcella Scalabras. Il 53enne di Limana (BL), che aveva trovato parecchia neve in quota, non era pi\u00f9 in grado di procedere o rientrare sui suoi passi e lamentava dolori al torace. Recuperato con un verricello dal tecnico di elisoccorso, il corridore \u00e8 stato poi accompagnato all\u2019ospedale di Agordo per i dovuti accertamenti<\/p>\n<p>&nbsp;<\/p>\n<p>&nbsp;<\/p>\n<hr \/>\n<p>&nbsp;<\/p>\n<blockquote>\n<h3>COPPIA IN DIFFICOLTA&#8217; SUL COL DE VARDA<\/h3>\n<\/blockquote>\n<p><strong><a class=\"dt-pswp-item\" href=\"https:\/\/www.radiopiu.net\/wordpress\/wp-content\/uploads\/2022\/03\/salt_20220313_180734_826.jpg\" data-dt-img-description=\"\" data-large_image_width=\"2364\" data-large_image_height=\"1773\"><img loading=\"lazy\" decoding=\"async\" class=\" wp-image-264619 alignleft\" src=\"https:\/\/www.radiopiu.net\/wordpress\/wp-content\/uploads\/2022\/03\/salt_20220313_180734_826-300x225.jpg\" alt=\"\" width=\"155\" height=\"116\" srcset=\"https:\/\/www.radiopiu.net\/wordpress\/wp-content\/uploads\/2022\/03\/salt_20220313_180734_826-300x225.jpg 300w, https:\/\/www.radiopiu.net\/wordpress\/wp-content\/uploads\/2022\/03\/salt_20220313_180734_826-1024x768.jpg 1024w, https:\/\/www.radiopiu.net\/wordpress\/wp-content\/uploads\/2022\/03\/salt_20220313_180734_826-768x576.jpg 768w, https:\/\/www.radiopiu.net\/wordpress\/wp-content\/uploads\/2022\/03\/salt_20220313_180734_826-1536x1152.jpg 1536w, https:\/\/www.radiopiu.net\/wordpress\/wp-content\/uploads\/2022\/03\/salt_20220313_180734_826-2048x1536.jpg 2048w\" sizes=\"auto, (max-width: 155px) 100vw, 155px\" \/><\/a>AURONZO DI CADORE<\/strong> Attorno alle 16.20 di ieri una coppia di turisti ha contattato il 118, poich\u00e9 non era pi\u00f9 in grado di proseguire la discesa dal Col de Varda verso Misurina. I due, lui 34enne di San Severo (FG), lei 31enne di Torremaggiore (FG), erano saliti in seggiovia e nel rientrare a piedi lungo la strada che passa sotto la linea degli impianti, complice la stanchezza si erano trovati in difficolt\u00e0. Individuata la loro posizione e allertato il Soccorso alpino di Auronzo, un soccorritore li ha raggiunti con la motoslitta, messa gentilmente a disposizione dagli impianti, e li ha riaccompagnati a valle.<\/p>\n<p>&nbsp;<\/p>\n<hr \/>\n<p>&nbsp;<\/p>\n<blockquote>\n<h3>UN FERITO A CADOLA<\/h3>\n<\/blockquote>\n<p><strong>PONTE NELLE ALPI<\/strong> Ieri pomeriggio lungo la\u00a0 statale 51, all&#8217;altezza dello svincolo che conduce verso Paiane, due auto si sono scontrate e una \u00e8 rimasta in mezzo alla corsia, provocando qualche rallentamento al traffico. Un uomo \u00e8 rimasto ferito lievemente ed \u00e8 stato portato in ospedale per accertamenti.<\/p>\n<p>&nbsp;<\/p>\n<p>&nbsp;<\/p>\n<hr \/>\n<blockquote>\n<h3 class=\"entry-title\"><\/h3>\n<h3 class=\"entry-title\">E\u2019 MORTO SILVANO VERNIZZI, LUTTO A VENETO STRADE<\/h3>\n<\/blockquote>\n<blockquote>\n<h1 class=\"story__hero__title\"><em><img loading=\"lazy\" decoding=\"async\" class=\"alignleft\" src=\"https:\/\/www.radiopiu.net\/wordpress\/wp-content\/uploads\/2023\/03\/110800061-49222360-d4cf-4540-a9b6-3569712f92ed.webp\" width=\"315\" height=\"177\" \/>amministratore delegato di Veneto Strade<\/em><\/h1>\n<\/blockquote>\n<p class=\"story__hero__summary\">L\u2019ingegnere si \u00e8 spento a 69 anni. Dal 2001 era a capo della societ\u00e0 di viabilit\u00e0 regionale. Aveva seguito la realizzazione del Passante di Mestre e della Pedemontana. Il prossimo 13 dicembre avrebbe festeggiato i suoi 70 anni. Nato a Rovigo, Silvano Vernizzi si era laureato in Ingegneria civile nel 1979 e ha visto la sua vita professionale in gran parte spesa nelle pubbliche amministrazioni. La sua attivit\u00e0 si \u00e8 concentrata nel lavoro per la Regione Veneto. <b>Di<\/b>rettore del Centro operativo veneto della navigazione interna interregionale, ;dal 2001 ad oggi era anzitutto l\u2019uomo di Veneto Strade. Silvano Vernizzi inizia presto a dare il suo contributo alla Regione del Veneto. \u00c8 direttore del centro operativo veneto navigazione interna interregionale. Nel 1991 e per due anni \u00e8 Coordinatore del dipartimento per la viabilit\u00e0 e trasporti. Arriva a Palazzo Balbi nel \u201897 e per tre anni \u00e8 Dirigente regionale direzione viabilit\u00e0 e trasporti. Fino ad essere nominato nel 2000 Segretario regionale. Dal 2005 al 2013 \u00e8 Presidente della commissione regionale di VIA; dal 2006 al 2013 \u00e8 Presidente della Commissione regionale di valutazione ambientale strategica; dal 2005 al 2013 \u00e8 Vice presidente NUVV Regione Veneto; dal 2010 al 2013 \u00e8 Autorit\u00e0 ambientale per la VINCA della Regione Veneto; dal 2001 al 2023 \u00e8 Amministratore delegato e Direttore generale di Veneto Strade; dal 2004 al 2010 \u00e8 Consigliere delegato Veneto infrastrutture Servizi.<\/p>\n<p>&nbsp;<\/p>\n<p><strong>MORTO SILVANO VERNIZZI. IL CORDOGLIO DEL PRESIDENTE ZAIA: \u201cSE NE VA MISTER VIABILITA\u2019, L\u2019UOMO E IL PROFESSIONISTA CHE HA CONTRIBUITO A RENDERE MIGLIORI LE NOSTRE STRADE\u201d<\/strong><\/p>\n<p>&nbsp;<\/p>\n<p>\u201cSe ne va Silvano Vernizzi, che chiamavo &#8216;mister viabilit\u00e0&#8217;: l\u2019uomo delle strade, il professionista che con passione era su ogni cantiere. Se ne va lasciando in Veneto un grandissimo vuoto. Con Vernizzi ho condiviso gran parte del mio percorso amministrativo. L\u2019ho conosciuto dapprima quando ero amministratore della Provincia di Treviso e poi, operativamente, da vicino, da quando sono stato vicepresidente della Regione. L\u2019ho rincontrato, infine, nel 2010 e da l\u00ec il nostro percorso \u00e8 continuato; non si \u00e8 mai fermato. Nonostante gli acciacchi che lo tormentavano dal punto di vista della salute ha sempre voluto dar corso alla sua volont\u00e0 e disponibilit\u00e0 di continuare a lavorare. Penso davvero che il lavoro, portato avanti con grande competenza e passione, lui fosse tutto. Se ne va un grande riferimento per il nostro territorio: un professionista che trasudava di una passione unica nel lavoro e che ci mancher\u00e0 molto. Le mie pi\u00f9 sentite condoglianze alla famiglia, agli amici, ai colleghi\u201d.Con queste parole il Presidente della Regione del Veneto, Luca Zaia, esprime il suo cordoglio per la scomparsa dell&#8217;ingegnere Silvano Vernizzi, a lungo alla guida di Veneto Strade.\u00a0 \u201cLe infrastrutture del Veneto portano tutte, direttamente o indirettamente, il segno del suo lavoro. \u2013 ha aggiunto Zaia \u2013 Per tutti noi se ne va un caposaldo: prima come direttore delle infrastrutture a livello regionale e poi come amministratore delegato e direttore generale di Veneto Strade. E\u2019 l\u2019uomo, il manager, che si \u00e8 occupato della messa in sicurezza del Veneto: \u00e8 stato mio soggetto attuatore per Vaia e quindi per la viabilit\u00e0 della montagna. \u00c8 stato fautore e innovatore non solo per la viabilit\u00e0 ordinaria ma anche di grandi progetti come il Passante di Mestre e la Pedemontana che, nella prima fase, lo ha visto Commissario\u201d. \u201cPorto con me il ricordo di una persona perbene, &#8211; ha concluso il Presidente Zaia \u2013 di un lavoratore instancabile, di un professionista che sapeva cosa significasse fare squadra con la S maiuscola, per raggiungere l\u2019obiettivo. Vernizzi viaggiava come un treno carico di una visione lungimirante, tipica di un Veneto connesso col mondo e quindi portatore di un disegno personale rispetto al progetto della viabilit\u00e0 assolutamente di altissimo livello. Buon viaggio!\u201d<\/p>\n<p>&nbsp;<\/p>\n<p><strong>IL MESSAGGIO DI DELL&#8217;ASSESSORE REGIONALE GIANPAOLO BOTTACIN<\/strong><\/p>\n<p>&#8220;Ho appreso la notizia della scomparsa dell&#8217;ing. Silvano Vernizzi. Ho avuto modo di conoscere l&#8217;ing. Vernizzi quando ero consigliere di amministrazione di Venetostrade e poi da amministratore regionale. Una persona pragmatica e pratica, orientata alla soluzione dei problemi. Dopo Vaia ha avuto un ruolo fondamentale nella fase di ricostruzione. Sar\u00e0 una grave perdita per il Veneto. Alla famiglia e ai suoi cari le mie pi\u00f9 sentite condoglianze&#8221;<\/p>\n<p>&nbsp;<\/p>\n<p><strong>IL RICORDO DI ELISA DE BERTI, VICEPRESIDENTE DEL VENETO<\/strong><\/p>\n<p>&#8220;Con Silvano Vernizzi scompaiono trent&#8217;anni di storia e memoria di opere pubbliche del Veneto. \u00c8 stato pi\u00f9 di un ingegnere e di un valente progettista. \u00c8 stato uno degli uomini che ha contribuito a ridisegnare la rete dei trasporti e della logistica nel Nord-Est al servizio delle imprese e dei cittadini&#8221;.<br \/>\nCon queste parole il Vicepresidente della Regione Veneto, Elisa De Berti, partecipa al cordoglio per la scomparsa di Silvano Vernizzi, AD di Veneto Strade.<br \/>\n&#8220;L\u2019ing.Vernizzi ha partecipato da protagonista alle grandi e lungimiranti scelte infrastrutturali che la Regione ha effettuato nei decenni. Dalla costruzione e completamento del Passante, alla creazione della concessionaria Cav e di Veneto Strade, alla progettazione della Pedemontana, alle grandi e piccole, ma tutte essenziali, opere viarie realizzate nel nostro territorio, curandone con tempestivit\u00e0 e sapienza anche la manutenzione, evitando i problemi di vetust\u00e0 che stanno affliggendo il Paese. Vorrei esprimere il mio sentito cordoglio, ma rivolgergli anche un sentito ringraziamento per l&#8217;eredit\u00e0 che ci ha lasciato.<br \/>\n&#8220;Voglio ricordarlo &#8211; conclude la Vicepresidente De Berti &#8211; anche per la sua tempra e per il grande attaccamento alla vita e al lavoro. Fino all\u2019ultimo giorno ha risposto alle email dal letto dell\u2019ospedale. Con Vernizzi non \u00e8 mai mancato il confronto, a tratti anche acceso, ma sempre schietto e costruttivo. Buon viaggio, Silvano.\u201d<\/p>\n<p>&nbsp;<\/p>\n<p><strong>LA NOTA DI CORDOGLIO DEL PRESIDENTE DELLA PROVINCIA DI BELLUNO ROBERTO PADRIN<\/strong><\/p>\n<p>\u00abCi lascia un dirigente preparato, scrupoloso. Un uomo che ha saputo governare Veneto Strade in anni difficili, ponendosi sempre come obiettivo la salvaguardia di una societ\u00e0 che \u00e8 patrimonio di tutti i cittadini utenti della viabilit\u00e0\u00bb. Cos\u00ec il presidente della Provinci di Belluno Roberto Padrin in una nota di cordoglio per la scomparsa di Silvano Vernizzi, amministratore delegato e direttore di Veneto Strade spa. \u00abNegli anni, non sono mancate le discussioni tra Veneto Strade e la Provincia di Belluno, causate dalle sempre risicate risorse per la manutenzione delle strade, dopo il taglio dei trasferimenti statali in materia. Ma con Vernizzi, al di l\u00e0 di tutto, si poteva sempre dialogare &#8211; talvolta in maniera dura &#8211; grazie alla sua schiettezza e soprattutto alla visione che sapeva dare alle questioni anche pi\u00f9 intricate. Veneto Strade era per lui come un figlio, una creatura che aveva saputo traghettare dall\u2019entusiasmo della stagione delle grandi opere alla maturit\u00e0 arrivata con i cantieri di ricostruzione post-Vaia, fino a oggi. Ci mancher\u00e0 la sua capacit\u00e0, talvolta ruvida ma sempre efficace, di comporre le questioni con l\u2019obiettivo di salvaguardare la societ\u00e0 e quindi l\u2019attivit\u00e0 di manutenzione e cura delle strade. A nome dell\u2019intero consiglio provinciale, rivolgo un pensiero di affetto ai suoi famigliari e ai suoi amici\u00bb.<\/p>\n<p>&nbsp;<\/p>\n<p><strong>ANDREA DE BERNARDIN, SEGRETARIO PROVINCIALE DELLA LEGA E SINDACO DI ROCCA PIETORE<\/strong><\/p>\n<audio class=\"wp-audio-shortcode\" id=\"audio-326001-1\" preload=\"none\" style=\"width: 100%;\" controls=\"controls\"><source type=\"audio\/mpeg\" src=\"https:\/\/www.radiopiu.net\/wordpress\/wp-content\/uploads\/2023\/03\/De-Bernardin-1.mp3?_=1\" \/><a href=\"https:\/\/www.radiopiu.net\/wordpress\/wp-content\/uploads\/2023\/03\/De-Bernardin-1.mp3\">https:\/\/www.radiopiu.net\/wordpress\/wp-content\/uploads\/2023\/03\/De-Bernardin-1.mp3<\/a><\/audio>\n<p>&nbsp;<\/p>\n<p><strong>SILVIA CESTARO, CONSIGLIERE REGIONALE<\/strong><\/p>\n<audio class=\"wp-audio-shortcode\" id=\"audio-326001-2\" preload=\"none\" style=\"width: 100%;\" controls=\"controls\"><source type=\"audio\/mpeg\" src=\"https:\/\/www.radiopiu.net\/wordpress\/wp-content\/uploads\/2023\/03\/Cestaro.mp3?_=2\" \/><a href=\"https:\/\/www.radiopiu.net\/wordpress\/wp-content\/uploads\/2023\/03\/Cestaro.mp3\">https:\/\/www.radiopiu.net\/wordpress\/wp-content\/uploads\/2023\/03\/Cestaro.mp3<\/a><\/audio>\n<p>&nbsp;<\/p>\n<blockquote><p><em><strong>In segno di rispetto per la scomparsa del Direttore generale ing. Silvano Vernizzi, la RSU Filt Cgil Veneto Strade di Belluno ha deciso di rinviare la conferenza stampa convocata per questa mattina<\/strong><\/em><\/p><\/blockquote>\n<p>&nbsp;<\/p>\n<p>&nbsp;<\/p>\n<hr \/>\n<p>&nbsp;<\/p>\n<blockquote>\n<h3>DOMANI I FUNERALI DI DAIANA LORENZINI<\/h3>\n<\/blockquote>\n<p><a class=\"dt-pswp-item\" href=\"https:\/\/www.radiopiu.net\/wordpress\/wp-content\/uploads\/2023\/03\/DAIANA.jpg\" data-dt-img-description=\"EPIGRAFI\" data-large_image_width=\"159\" data-large_image_height=\"222\"><img loading=\"lazy\" decoding=\"async\" class=\"wp-image-325979 alignleft\" src=\"https:\/\/www.radiopiu.net\/wordpress\/wp-content\/uploads\/2023\/03\/DAIANA.jpg\" alt=\"\" width=\"102\" height=\"142\" \/><\/a><\/p>\n<p><strong>\u00a0<\/strong><\/p>\n<p><strong>SELVA DI CADORE<\/strong> Saranno celebrati domani alle 14:30 nella chiesa parrocchiale di Santa Fosca a Selva di Cadore i funerali di Daiana Rosa Lorenzini. Ne danno addolorati il triste annuncio la mamma, il pap\u00e0, il fratello Marvin con Laura, gli zii, le zie, la nipote Greta, gli amici e parenti tutti. Oggi alle 19, sempre nella chiesa parrocchiale di Santa Fosca, il Santo Rosario.<\/p>\n<p>&nbsp;<\/p>\n<p>&nbsp;<\/p>\n<p>&nbsp;<\/p>\n<hr \/>\n<p>&nbsp;<\/p>\n<blockquote>\n<h3>IL COMUNE DI COLLE SANTA LUCIA VOTA IL RECESSO DA SOCIO VOLONTARIO DALL&#8217;ASSOCIAZIONE CASA DI SOGGIORNO DI TAIBON<\/h3>\n<\/blockquote>\n<p><strong>di Gianni Santomaso<\/strong><\/p>\n<audio class=\"wp-audio-shortcode\" id=\"audio-326001-3\" preload=\"none\" style=\"width: 100%;\" controls=\"controls\"><source type=\"audio\/mpeg\" src=\"https:\/\/www.radiopiu.net\/wordpress\/wp-content\/uploads\/2023\/03\/GIANNI-CASA-SOGGIORNO-TAIBON-COLLE-SANTA-LUCIA.mp3?_=3\" \/><a href=\"https:\/\/www.radiopiu.net\/wordpress\/wp-content\/uploads\/2023\/03\/GIANNI-CASA-SOGGIORNO-TAIBON-COLLE-SANTA-LUCIA.mp3\">https:\/\/www.radiopiu.net\/wordpress\/wp-content\/uploads\/2023\/03\/GIANNI-CASA-SOGGIORNO-TAIBON-COLLE-SANTA-LUCIA.mp3<\/a><\/audio>\n<p>&nbsp;<\/p>\n<p><a class=\"dt-pswp-item\" href=\"https:\/\/www.radiopiu.net\/wordpress\/wp-content\/uploads\/2021\/02\/CASA-SOGGIORNO-TAIBON.jpg\" data-dt-img-description=\"SAMSUNG CAMERA PICTURES\" data-large_image_width=\"512\" data-large_image_height=\"324\"><img loading=\"lazy\" decoding=\"async\" class=\"wp-image-190126 alignleft\" src=\"https:\/\/www.radiopiu.net\/wordpress\/wp-content\/uploads\/2021\/02\/CASA-SOGGIORNO-TAIBON-300x190.jpg\" alt=\"\" width=\"205\" height=\"130\" srcset=\"https:\/\/www.radiopiu.net\/wordpress\/wp-content\/uploads\/2021\/02\/CASA-SOGGIORNO-TAIBON-300x190.jpg 300w, https:\/\/www.radiopiu.net\/wordpress\/wp-content\/uploads\/2021\/02\/CASA-SOGGIORNO-TAIBON.jpg 512w\" sizes=\"auto, (max-width: 205px) 100vw, 205px\" \/><\/a><strong>COLLE SANTA LUCIA <\/strong>Nella mattinata di oggi, durante il consiglio comunale di Colle Santa Lucia, \u00e8 stata votata la recessione da socio volontario da parte del comune dall&#8217;associazione Casa di Riposo di Taibon Agordino. Il sindaco di Colle Santa Lucia Paolo Frena, e Presidente dell&#8217;Unione Montana Agordina, lo comunica cos\u00ec:<\/p>\n<blockquote><p><em>Dopo attenta analisi e alla luce degli stravolgimenti che stanno interessando il settore sociale, in particolare quello dell\u2019assistenza all\u2019anziano, si \u00e8 giunti, in territorio Agordino, a maturare una visione politica che impone una serie di decisioni presenti e future. <\/em><em>L\u2019Agordino, come il resto della Provincia, \u00e8 purtroppo soggetto ad un continuo e progressivo spopolamento caratterizzato dalla diminuzione della popolazione e da una contestuale crescita della popolazione anziana, con la certa prospettiva che aumenteranno le persone non autonome e molte, ritrovandosi sole, necessiteranno di sostegno e protezione, anche temporanea, oltre che di interventi sempre pi\u00f9 corposi a domicilio. <\/em><em>Per rispondere ai molteplici bisogni e mantenere in equilibrio il sistema, il nostro territorio deve, in primis, conservare l\u2019offerta di posti letto per la non autosufficienza, ridistribuendoli in base alle caratteristiche strutturali degli edifici a disposizione, creare per la stessa tipologia di utenza anche servizi aperti come un centro diurno, contare sulla presenza di posti letto per rispondere ai bisogni di anziani, pur autonomi, ma che vivono soli e richiedono protezione e vita comunitaria, offrire risposte capillari sul territorio attraverso l\u2019assistenza domiciliare potenziata, i centri sollievo, la gestione della porta di accesso ai servizi e\u00a0 di tutte le opportunit\u00e0 che la normativa vigente offre. <\/em><em>Nel panorama dell\u2019offerta descritto, riveste una particolare importanza la residenza di Taibon che potr\u00e0 ospitare, nel nucleo finanziato da Luxottica, 20 anziani non autosufficienti e, messa a norma e ristrutturata, continuare ad offrire negli altri spazi un sostegno quotidiano alle persone autonome, o solo parzialmente dipendenti, che richiedono protezione. <\/em><em>Dunque, diventa sempre pi\u00f9 imprescindibile, nell\u2019ambito dei servizi alla persona, mantenere in equilibrio i bilanci e continuare ad offrire servizi qualitativamente competitivi; pi\u00f9 nello specifico diventa ormai indispensabile muoversi in una logica di sistema, mettendo insieme le risorse disponibili, a partire dalla ricerca delle risorse umane, condividere servizi amministrativi, alberghieri, manutentivi, specialistici, anche con altre realt\u00e0 del territorio e, laddove necessario, prefigurare azioni mirate alla creazione di un unico centro gestionale in un quadro di riferimento socio-politico molto diverso dal contesto in cui- nei decenni scorsi-era maturata la iniziale adesione dei Comuni. <\/em><em>Nel 2017 tutti i 16 comuni agordini hanno dato vita ad ASCA con il chiaro intento di dotarsi di un contenitore in grado di accogliere, al tempo, la gestione del Centro Servizi di Agordo e, in seguito, anche di molteplici altri servizi. <\/em><em>L\u2019Associazione Casa di Soggiorno Onlus che ha gestito finora la Casa di Soggiorno di Taibon Agordino conta, fra i soci volontari, anche alcuni comuni agordini, nonch\u00e9 l\u2019Unione Montana Agordina; da qui l\u2019esigenza, alla luce di tutte le considerazioni fatte, di ritirare la presenza dei Comuni dal sodalizio privato per evitare sovrapposizioni di ruoli e consentire ai processi decisionali ed operativi di svolgersi in tutta serenit\u00e0 e trasparenza, soprattutto al fine di accompagnare, con opportune condizioni di terziet\u00e0, le scelte amministrative che verranno in futuro assunte.\u00a0\u00a0 \u00a0<\/em><\/p><\/blockquote>\n<p>&nbsp;<\/p>\n<hr \/>\n<p>&nbsp;<\/p>\n<blockquote>\n<h3>NESSUN NUOVO IMPIANTO TRA SELLA DEL SIEF E MONTE DEL CASTELLO<\/h3>\n<\/blockquote>\n<p><strong><a class=\"dt-pswp-item\" href=\"https:\/\/www.radiopiu.net\/wordpress\/wp-content\/uploads\/2022\/03\/Pordoi-sfondo-Sella-credits-Arabba-Fodom-Turismo.jpg\" data-dt-img-description=\"\" data-large_image_width=\"2000\" data-large_image_height=\"1333\"><img loading=\"lazy\" decoding=\"async\" class=\" wp-image-263994 alignleft\" src=\"https:\/\/www.radiopiu.net\/wordpress\/wp-content\/uploads\/2022\/03\/Pordoi-sfondo-Sella-credits-Arabba-Fodom-Turismo-300x200.jpg\" alt=\"\" width=\"177\" height=\"118\" srcset=\"https:\/\/www.radiopiu.net\/wordpress\/wp-content\/uploads\/2022\/03\/Pordoi-sfondo-Sella-credits-Arabba-Fodom-Turismo-300x200.jpg 300w, https:\/\/www.radiopiu.net\/wordpress\/wp-content\/uploads\/2022\/03\/Pordoi-sfondo-Sella-credits-Arabba-Fodom-Turismo-1024x682.jpg 1024w, https:\/\/www.radiopiu.net\/wordpress\/wp-content\/uploads\/2022\/03\/Pordoi-sfondo-Sella-credits-Arabba-Fodom-Turismo-768x512.jpg 768w, https:\/\/www.radiopiu.net\/wordpress\/wp-content\/uploads\/2022\/03\/Pordoi-sfondo-Sella-credits-Arabba-Fodom-Turismo-1536x1024.jpg 1536w, https:\/\/www.radiopiu.net\/wordpress\/wp-content\/uploads\/2022\/03\/Pordoi-sfondo-Sella-credits-Arabba-Fodom-Turismo.jpg 2000w\" sizes=\"auto, (max-width: 177px) 100vw, 177px\" \/><\/a>LIVINALLONGO<\/strong><\/p>\n<p>di Lorenzo Soratroi<\/p>\n<audio class=\"wp-audio-shortcode\" id=\"audio-326001-4\" preload=\"none\" style=\"width: 100%;\" controls=\"controls\"><source type=\"audio\/mpeg\" src=\"https:\/\/www.radiopiu.net\/wordpress\/wp-content\/uploads\/2023\/03\/SORATROI-NESSUN-NUOVO-IMPIANTO.mp3?_=4\" \/><a href=\"https:\/\/www.radiopiu.net\/wordpress\/wp-content\/uploads\/2023\/03\/SORATROI-NESSUN-NUOVO-IMPIANTO.mp3\">https:\/\/www.radiopiu.net\/wordpress\/wp-content\/uploads\/2023\/03\/SORATROI-NESSUN-NUOVO-IMPIANTO.mp3<\/a><\/audio>\n<p>&nbsp;<\/p>\n<hr \/>\n<p>&nbsp;<\/p>\n<blockquote>\n<h3><a class=\"dt-pswp-item\" href=\"https:\/\/www.radiopiu.net\/wordpress\/wp-content\/uploads\/2023\/03\/22222222222222.jpg\" data-dt-img-description=\"\" data-large_image_width=\"354\" data-large_image_height=\"189\"><img loading=\"lazy\" decoding=\"async\" class=\" wp-image-326316 alignleft\" src=\"https:\/\/www.radiopiu.net\/wordpress\/wp-content\/uploads\/2023\/03\/22222222222222-300x160.jpg\" alt=\"\" width=\"244\" height=\"130\" srcset=\"https:\/\/www.radiopiu.net\/wordpress\/wp-content\/uploads\/2023\/03\/22222222222222-300x160.jpg 300w, https:\/\/www.radiopiu.net\/wordpress\/wp-content\/uploads\/2023\/03\/22222222222222.jpg 354w\" sizes=\"auto, (max-width: 244px) 100vw, 244px\" \/><\/a>LA MANIFESTAZIONE CONTRO I NUOVI IMPIANTI DI RISALITA A LIVINALLONGO<\/h3>\n<\/blockquote>\n<p><strong>LIVINALLONGO<\/strong> Si \u00e8 svolta la manifestazione contro i nuovi impianti di risalita organizzata dalle organizzazioni ambientaliste ma non solo. L&#8217;appuntamento al Castello di Andraz per poi salire a piedi fino alla cima dove sono previsti i nuovi impianti per per il collegamento Cortina &#8211; Arabba.<\/p>\n<p><strong>IL VIDEO-RACCONTO DI SILVANO SAVIO<\/strong><\/p>\n<p><iframe loading=\"lazy\" title=\"MANIFESTAZIONE LIVINALLONGO\" width=\"1200\" height=\"675\" src=\"https:\/\/www.youtube.com\/embed\/XKuLBpEIL-o?feature=oembed\" frameborder=\"0\" allow=\"accelerometer; autoplay; clipboard-write; encrypted-media; gyroscope; picture-in-picture; web-share\" allowfullscreen><\/iframe><\/p>\n<p>&nbsp;<\/p>\n<hr \/>\n<p>&nbsp;<\/p>\n<blockquote>\n<h3>DOPO L&#8217;AUMENTO DELLE TARIFFE DELLA TASSA DI SOGGIORNO, LA MINORANZA DI ROCCA PIETORE SCRIVE AL SINDACO<\/h3>\n<\/blockquote>\n<p><strong><a class=\"dt-pswp-item\" href=\"https:\/\/www.radiopiu.net\/wordpress\/wp-content\/uploads\/2020\/04\/ROCCA-PIETORE.png\" data-dt-img-description=\"\" data-large_image_width=\"712\" data-large_image_height=\"410\"><img loading=\"lazy\" decoding=\"async\" class=\" wp-image-127376 alignleft\" src=\"https:\/\/www.radiopiu.net\/wordpress\/wp-content\/uploads\/2020\/04\/ROCCA-PIETORE-300x173.png\" alt=\"\" width=\"173\" height=\"100\" srcset=\"https:\/\/www.radiopiu.net\/wordpress\/wp-content\/uploads\/2020\/04\/ROCCA-PIETORE-300x173.png 300w, https:\/\/www.radiopiu.net\/wordpress\/wp-content\/uploads\/2020\/04\/ROCCA-PIETORE.png 712w\" sizes=\"auto, (max-width: 173px) 100vw, 173px\" \/><\/a>ROCCA PIETORE<\/strong> Nella seduta di giunta del 3 gennaio scorso, \u00e8 stato deciso l&#8217;aumento delle tariffe della tassa di soggiorno. La minoranza di Rocca Pietore \u00e8 preoccupata per la decisione ed ha deciso di scrivere al sindaco Andrea De Bernardin per esprimere la propria contrariet\u00e0.<\/p>\n<blockquote><p><em>Gli aumenti sono considerevoli: 1 euro in pi\u00f9 al giorno per gli alberghi da 3 stelle in su, mentre per le altre strutture ricettive si parla di un aumento del doppio, ora il costo sar\u00e0 di 1 euro al giorno a fronte dei vecchi 50 centesimi. Sono gli operatori turistici per\u00f2 a dover mettere la faccia davanti ai turisti e a dover loro imporre queste tariffe. Tariffe alte in confronto a ci\u00f2 che il territorio offre, parliamo di un territorio bellissimo ma in cui mancano troppi servizi per poter giustificare questo aumento della tassa di soggiorno. Il territorio dopo Vaia \u00e8 distrutto, ma siamo bene lontani dal ripristino: le aree picnic mancano o sono decadenti, i sentieri non sono segnalati e sono lasciati all&#8217;incuria, i marciapiedi sono distrutti da anni, le strade piene di buche e i Serrai, che hanno sempre attirato tanti visitatori, sono ancora chiusi con grande imbarazzo degli operatori turistici che si sentono chiedere quotidianamente quale sia la data di apertura. I turisti notano queste carenze, si chiedono perch\u00e9 pagare per non ricevere niente in cambio e si domandano dove vadano a finire i soldi della tassa di soggiorno. I costi sempre pi\u00f9 alti di quest&#8217;ultima non li invoglieranno sicuramente a tornare da noi. Ci chiediamo se per la Giunta i turisti siano un salvadanaio da spremere o se sanno che il turismo \u00e8 la fonte principale di lavoro per gli abitanti del nostro comune. Non dobbiamo stupirci se in futuro le presenze turistiche nel nostro comune diminuiranno.\u00a0<\/em><\/p>\n<p><em>I consiglieri di minoranza Omar Bassot, Maurizio De Cassan, Erica Delgrosso<\/em><\/p><\/blockquote>\n<p>&nbsp;<\/p>\n<p>&nbsp;<\/p>\n<hr \/>\n<p>&nbsp;<\/p>\n<blockquote>\n<h3 class=\"entry-title\">BOSTRICO: LA REGIONE DEL VENETO ORGANIZZA UNA SERIE DI INCONTRI DI INFORMAZIONE. GIOVEDI\u2019 AD AGORDO<\/h3>\n<\/blockquote>\n<p><strong class=\"photoswipe-wrapper\"><a class=\"dt-pswp-item pspw-wrap-ready\" href=\"https:\/\/www.radiopiu.net\/wordpress\/wp-content\/uploads\/2021\/10\/BOSTRICO.jpg\" data-dt-img-description=\"\" data-large_image_width=\"2048\" data-large_image_height=\"1536\"><img loading=\"lazy\" decoding=\"async\" class=\" wp-image-239763 alignleft\" src=\"https:\/\/www.radiopiu.net\/wordpress\/wp-content\/uploads\/2021\/10\/BOSTRICO-300x225.jpg\" sizes=\"auto, (max-width: 160px) 100vw, 160px\" srcset=\"https:\/\/www.radiopiu.net\/wordpress\/wp-content\/uploads\/2021\/10\/BOSTRICO-300x225.jpg 300w, https:\/\/www.radiopiu.net\/wordpress\/wp-content\/uploads\/2021\/10\/BOSTRICO-1024x768.jpg 1024w, https:\/\/www.radiopiu.net\/wordpress\/wp-content\/uploads\/2021\/10\/BOSTRICO-768x576.jpg 768w, https:\/\/www.radiopiu.net\/wordpress\/wp-content\/uploads\/2021\/10\/BOSTRICO-1536x1152.jpg 1536w, https:\/\/www.radiopiu.net\/wordpress\/wp-content\/uploads\/2021\/10\/BOSTRICO.jpg 2048w\" alt=\"\" width=\"160\" height=\"120\" \/><\/a>VENEZIA\u00a0\u00a0<\/strong>Gli schianti causati dalla tempesta Vaia hanno determinato le condizioni ideali per lo sviluppo e la diffusione del bostrico tipografo, un coleottero che si sviluppa scavando articolate gallerie sotto la corteccia di abeti rossi indeboliti, portando gli alberi al completo disseccamento. Nonostante gli interventi attivati, questa infestazione si sta espandendo in modo allarmante nelle vallate alpine, comprese quelle della montagna veneta. La Regione del Veneto, in collaborazione con l\u2019Universit\u00e0 di Padova e Veneto Agricoltura, organizza una serie di incontri di informazione e confronto con le Amministrazioni locali, i portatori di interesse, i tecnici e i cittadini rispetto ad un fenomeno che interessa da vicino le comunit\u00e0 locali.\u00a0<strong>Gioved\u00ec 16 marzo:<\/strong>\u00a0incontro presso l\u2019UM Agordina Agordo, sala convegni Don Tamis, Via 27 Aprile, 10 \u2013 ore 16:00\u00a0<strong>Marted\u00ec 21 marzo:<\/strong>\u00a0incontro presso l\u2019UM Comelico Santo Stefano di Cadore, sala convegni Unione Montana Comelico, Via Udine, \u2013 ore 16:00.\u00a0<strong>Marted\u00ec 28 marzo:<\/strong>\u00a0UM Spettabile Reggenza dei Sette Comuni Asiago, sala della Reggenza, Piazza Stazione, 1 \u2013 ore 16:00. A conclusione degli incontri \u00e8 inoltre previsto, un convegno regionale sul bostrico tipografo, con data in corso di definizione.<\/p>\n<p>&nbsp;<\/p>\n<p>&nbsp;<\/p>\n<hr \/>\n<p>&nbsp;<\/p>\n<blockquote>\n<h3>BANDO NEVEGAL DESERTO, IL RAMMARICO DI &#8220;BELLUNO AL CENTRO&#8221;<\/h3>\n<\/blockquote>\n<p><strong>BELLUNO <\/strong>Il Gruppo consigliare Belluno al Centro esprime rammarico per l\u2019esito della procedura di gara per l\u2019affidamento in concessione del servizio di gestione degli impianti di risalita e dei beni ad essi funzionali del comprensorio sciistico e sportivo del Nevegal. Nel contempo respinge al mittente le dichiarazioni\u00a0 della precedente amministrazione in particolare quelle dell\u2019ex sindaco Jacopo Massaro e dell\u2019 ex vice sindaco Olivotto.<\/p>\n<p><strong>IL CONSIGLIERE COMUNALE SIMONE SOCCAL<\/strong><\/p>\n<audio class=\"wp-audio-shortcode\" id=\"audio-326001-5\" preload=\"none\" style=\"width: 100%;\" controls=\"controls\"><source type=\"audio\/mpeg\" src=\"https:\/\/www.radiopiu.net\/wordpress\/wp-content\/uploads\/2023\/03\/Consigliere-Simone-Soccal.mp3?_=5\" \/><a href=\"https:\/\/www.radiopiu.net\/wordpress\/wp-content\/uploads\/2023\/03\/Consigliere-Simone-Soccal.mp3\">https:\/\/www.radiopiu.net\/wordpress\/wp-content\/uploads\/2023\/03\/Consigliere-Simone-Soccal.mp3<\/a><\/audio>\n<p>&nbsp;<\/p>\n<hr \/>\n<p>&nbsp;<\/p>\n<blockquote>\n<h3>STANNO PER TERMINARE I LAVORI TRA I FIUMI ARDO E PIAVE A BELLUNO<\/h3>\n<\/blockquote>\n<p><strong>BELLUNO<\/strong><\/p>\n<p>di Roberto Bona<\/p>\n<audio class=\"wp-audio-shortcode\" id=\"audio-326001-6\" preload=\"none\" style=\"width: 100%;\" controls=\"controls\"><source type=\"audio\/mpeg\" src=\"https:\/\/www.radiopiu.net\/wordpress\/wp-content\/uploads\/2023\/03\/BONA-LAVORI-ARDO-E-PIAVE.mp3?_=6\" \/><a href=\"https:\/\/www.radiopiu.net\/wordpress\/wp-content\/uploads\/2023\/03\/BONA-LAVORI-ARDO-E-PIAVE.mp3\">https:\/\/www.radiopiu.net\/wordpress\/wp-content\/uploads\/2023\/03\/BONA-LAVORI-ARDO-E-PIAVE.mp3<\/a><\/audio>\n<p>&nbsp;<\/p>\n\n\t\t\t<style type='text\/css'>\n\t\t\t\t#gallery-1 {\n\t\t\t\t\tmargin: auto;\n\t\t\t\t}\n\t\t\t\t#gallery-1 .gallery-item {\n\t\t\t\t\tfloat: left;\n\t\t\t\t\tmargin-top: 10px;\n\t\t\t\t\ttext-align: center;\n\t\t\t\t\twidth: 25%;\n\t\t\t\t}\n\t\t\t\t#gallery-1 img {\n\t\t\t\t\tborder: 2px solid #cfcfcf;\n\t\t\t\t}\n\t\t\t\t#gallery-1 .gallery-caption {\n\t\t\t\t\tmargin-left: 0;\n\t\t\t\t}\n\t\t\t\t\/* see gallery_shortcode() in wp-includes\/media.php *\/\n\t\t\t<\/style>\n\t\t<div id='gallery-1' class='dt-gallery-container gallery galleryid-326001 gallery-columns-4 gallery-size-thumbnail'><dl class='gallery-item'>\n\t\t\t\t<dt class='gallery-icon landscape'>\n\t\t\t\t\t<a class=\"rollover rollover-zoom dt-pswp-item\" title=\"dad38616-b898-4fda-9274-2b7fe76bfd72\" data-dt-img-description=\"\" data-large_image_width=\"1600\" data-large_image_height=\"476\"href='https:\/\/www.radiopiu.net\/wordpress\/wp-content\/uploads\/2023\/03\/dad38616-b898-4fda-9274-2b7fe76bfd72.jpg'><img loading=\"lazy\" decoding=\"async\" width=\"150\" height=\"150\" src=\"https:\/\/www.radiopiu.net\/wordpress\/wp-content\/uploads\/2023\/03\/dad38616-b898-4fda-9274-2b7fe76bfd72-150x150.jpg\" class=\"attachment-thumbnail size-thumbnail\" alt=\"\" \/><\/a>\n\t\t\t\t<\/dt><\/dl><dl class='gallery-item'>\n\t\t\t\t<dt class='gallery-icon landscape'>\n\t\t\t\t\t<a class=\"rollover rollover-zoom dt-pswp-item\" title=\"fa71602d-977f-46d9-addf-1f496063cc1c\" data-dt-img-description=\"\" data-large_image_width=\"1600\" data-large_image_height=\"531\"href='https:\/\/www.radiopiu.net\/wordpress\/wp-content\/uploads\/2023\/03\/fa71602d-977f-46d9-addf-1f496063cc1c.jpg'><img loading=\"lazy\" decoding=\"async\" width=\"150\" height=\"150\" src=\"https:\/\/www.radiopiu.net\/wordpress\/wp-content\/uploads\/2023\/03\/fa71602d-977f-46d9-addf-1f496063cc1c-150x150.jpg\" class=\"attachment-thumbnail size-thumbnail\" alt=\"\" \/><\/a>\n\t\t\t\t<\/dt><\/dl><dl class='gallery-item'>\n\t\t\t\t<dt class='gallery-icon landscape'>\n\t\t\t\t\t<a class=\"rollover rollover-zoom dt-pswp-item\" title=\"b7529f6a-7733-4dc9-a4c4-b03dcabbf614\" data-dt-img-description=\"\" data-large_image_width=\"1600\" data-large_image_height=\"1199\"href='https:\/\/www.radiopiu.net\/wordpress\/wp-content\/uploads\/2023\/03\/b7529f6a-7733-4dc9-a4c4-b03dcabbf614.jpg'><img loading=\"lazy\" decoding=\"async\" width=\"150\" height=\"150\" src=\"https:\/\/www.radiopiu.net\/wordpress\/wp-content\/uploads\/2023\/03\/b7529f6a-7733-4dc9-a4c4-b03dcabbf614-150x150.jpg\" class=\"attachment-thumbnail size-thumbnail\" alt=\"\" \/><\/a>\n\t\t\t\t<\/dt><\/dl><dl class='gallery-item'>\n\t\t\t\t<dt class='gallery-icon portrait'>\n\t\t\t\t\t<a class=\"rollover rollover-zoom dt-pswp-item\" title=\"794a8d93-e92e-411a-80e9-a9e48db6ba8a\" data-dt-img-description=\"\" data-large_image_width=\"1199\" data-large_image_height=\"1600\"href='https:\/\/www.radiopiu.net\/wordpress\/wp-content\/uploads\/2023\/03\/794a8d93-e92e-411a-80e9-a9e48db6ba8a.jpg'><img loading=\"lazy\" decoding=\"async\" width=\"150\" height=\"150\" src=\"https:\/\/www.radiopiu.net\/wordpress\/wp-content\/uploads\/2023\/03\/794a8d93-e92e-411a-80e9-a9e48db6ba8a-150x150.jpg\" class=\"attachment-thumbnail size-thumbnail\" alt=\"\" \/><\/a>\n\t\t\t\t<\/dt><\/dl><br style=\"clear: both\" \/>\n\t\t\t<\/div>\n\n<p>&nbsp;<\/p>\n<hr \/>\n<p>&nbsp;<\/p>\n<blockquote>\n<h3>SALVATAGGIO DEGLI ANFIBI E SICUREZZA STRADALE<\/h3>\n<\/blockquote>\n<p><strong><a class=\"dt-pswp-item\" href=\"https:\/\/www.radiopiu.net\/wordpress\/wp-content\/uploads\/2023\/03\/Anfibi-1.jpg\" data-dt-img-description=\"\" data-large_image_width=\"469\" data-large_image_height=\"347\"><img loading=\"lazy\" decoding=\"async\" class=\" wp-image-326115 alignleft\" src=\"https:\/\/www.radiopiu.net\/wordpress\/wp-content\/uploads\/2023\/03\/Anfibi-1-300x222.jpg\" alt=\"\" width=\"178\" height=\"132\" srcset=\"https:\/\/www.radiopiu.net\/wordpress\/wp-content\/uploads\/2023\/03\/Anfibi-1-300x222.jpg 300w, https:\/\/www.radiopiu.net\/wordpress\/wp-content\/uploads\/2023\/03\/Anfibi-1.jpg 469w\" sizes=\"auto, (max-width: 178px) 100vw, 178px\" \/><\/a>PONTE NELLE ALPI <\/strong>L\u2019amministrazione comunale di Ponte nelle Alpi appoggia il Gruppo Salvataggio Anfibi di Belluno.<span class=\"gmail-Apple-converted-space\"> \u00a0<\/span>La collaborazione \u00e8 nata in seguito a un sopralluogo &#8211; eseguito nel marzo 2022, insieme a un esperto come Michela Zatta, ai rappresentanti Anas e ad altri volontari del gruppo &#8211; con lo scopo di trovare una misura efficace per la tutela degli animali, regolarmente investiti sulla statale.<span class=\"gmail-Apple-converted-space\"> \u00a0<\/span>Pensando a una soluzione definitiva, l\u2019amministrazione e gli uffici si sono resi disponibili ad affiancare il gruppo e a fornire il materiale necessario. Anche perch\u00e9 questa \u00e8 la stagione in cui gli anfibi depongono le uova in una zona peculiare del lago di Santa Croce, nel territorio pontalpino: nello specifico, si tratta di rane temporarie e rospi, caratteristici dell\u2019habitat locale. In questo senso, la criticit\u00e0 \u00e8 rappresentata dall\u2019attraversamento della strada, in localit\u00e0 Lizzona-La Secca, dove negli anni c\u2019\u00e8 stata una moria dei piccoli anfibi, schiacciati dalle auto. E le carcasse di rane e rospi, sul sedime stradale, rappresentano un pericolo per i veicoli a due e quattro ruote, visto che rendono l\u2019asfalto scivoloso.<span class=\"gmail-Apple-converted-space\">\u00a0<\/span><\/p>\n<p>&nbsp;<\/p>\n<p>&nbsp;<\/p>\n<hr \/>\n<p>&nbsp;<\/p>\n<blockquote>\n<h3>SEGNALALO A RADIO PIU&#8217;&#8230; DI BARBARA OLIVOTTO<\/h3>\n<\/blockquote>\n<p><strong>REDAZIONE <\/strong>Barbara ci scrive:\u00a0 buongiorno e buona domenica, non so se altre persone come me , percorrendo il sentiero che porta al rifugio Vazzoler portano lo sguardo sui cantoni del Pelsa &#8230;si presenta una sagoma che sembra quasi scolpita nella roccia quasi somigliante a un Budda&#8230;.<\/p>\n<p><strong>di Claudio Pra<\/strong><\/p>\n<p>I Cantoni del Pelsa sono ricchi di figure rocciose curiose. Quella notata dalla Olivotto \u00e8 la Cima del Vescovo, che nel libro di Luca Visentini &#8220;Gruppo della Civetta&#8221; viene accostata a un uomo seduto. Appena pi\u00f9 all&#8217;interno \u00e8 situato l&#8217;Arco dei Cantoni, un meraviglioso grande foro tra la roccia.<\/p>\n<p>&nbsp;<\/p>\n\n\t\t\t<style type='text\/css'>\n\t\t\t\t#gallery-2 {\n\t\t\t\t\tmargin: auto;\n\t\t\t\t}\n\t\t\t\t#gallery-2 .gallery-item {\n\t\t\t\t\tfloat: left;\n\t\t\t\t\tmargin-top: 10px;\n\t\t\t\t\ttext-align: center;\n\t\t\t\t\twidth: 100%;\n\t\t\t\t}\n\t\t\t\t#gallery-2 img {\n\t\t\t\t\tborder: 2px solid #cfcfcf;\n\t\t\t\t}\n\t\t\t\t#gallery-2 .gallery-caption {\n\t\t\t\t\tmargin-left: 0;\n\t\t\t\t}\n\t\t\t\t\/* see gallery_shortcode() in wp-includes\/media.php *\/\n\t\t\t<\/style>\n\t\t<div id='gallery-2' class='dt-gallery-container gallery galleryid-326001 gallery-columns-1 gallery-size-full'><dl class='gallery-item'>\n\t\t\t\t<dt class='gallery-icon landscape'>\n\t\t\t\t\t<a class=\"rollover rollover-zoom dt-pswp-item\" title=\"336059419_736076224903222_9104713583771477687_n\" data-dt-img-description=\"\" data-large_image_width=\"434\" data-large_image_height=\"206\"href='https:\/\/www.radiopiu.net\/wordpress\/wp-content\/uploads\/2023\/03\/336059419_736076224903222_9104713583771477687_n.jpg'><img loading=\"lazy\" decoding=\"async\" width=\"434\" height=\"206\" src=\"https:\/\/www.radiopiu.net\/wordpress\/wp-content\/uploads\/2023\/03\/336059419_736076224903222_9104713583771477687_n.jpg\" class=\"attachment-full size-full\" alt=\"\" srcset=\"https:\/\/www.radiopiu.net\/wordpress\/wp-content\/uploads\/2023\/03\/336059419_736076224903222_9104713583771477687_n.jpg 434w, https:\/\/www.radiopiu.net\/wordpress\/wp-content\/uploads\/2023\/03\/336059419_736076224903222_9104713583771477687_n-300x142.jpg 300w\" sizes=\"auto, (max-width: 434px) 100vw, 434px\" \/><\/a>\n\t\t\t\t<\/dt><\/dl><br style=\"clear: both\" \/><dl class='gallery-item'>\n\t\t\t\t<dt class='gallery-icon landscape'>\n\t\t\t\t\t<a class=\"rollover rollover-zoom dt-pswp-item\" title=\"335280974_2626391297538753_3423930693394367133_n\" data-dt-img-description=\"\" data-large_image_width=\"434\" data-large_image_height=\"206\"href='https:\/\/www.radiopiu.net\/wordpress\/wp-content\/uploads\/2023\/03\/335280974_2626391297538753_3423930693394367133_n.jpg'><img loading=\"lazy\" decoding=\"async\" width=\"434\" height=\"206\" src=\"https:\/\/www.radiopiu.net\/wordpress\/wp-content\/uploads\/2023\/03\/335280974_2626391297538753_3423930693394367133_n.jpg\" class=\"attachment-full size-full\" alt=\"\" srcset=\"https:\/\/www.radiopiu.net\/wordpress\/wp-content\/uploads\/2023\/03\/335280974_2626391297538753_3423930693394367133_n.jpg 434w, https:\/\/www.radiopiu.net\/wordpress\/wp-content\/uploads\/2023\/03\/335280974_2626391297538753_3423930693394367133_n-300x142.jpg 300w\" sizes=\"auto, (max-width: 434px) 100vw, 434px\" \/><\/a>\n\t\t\t\t<\/dt><\/dl><br style=\"clear: both\" \/>\n\t\t\t<\/div>\n\n<p>&nbsp;<\/p>\n<hr \/>\n<p>&nbsp;<\/p>\n<blockquote>\n<h3>I CANALI MEDIASET A CAVIOLA NON SI RICEVONO<\/h3>\n<\/blockquote>\n<p><strong><a class=\"dt-pswp-item\" href=\"https:\/\/www.radiopiu.net\/wordpress\/wp-content\/uploads\/2022\/02\/TELEVISIONE-TV.jpg\" data-dt-img-description=\"\" data-large_image_width=\"1920\" data-large_image_height=\"1280\"><img loading=\"lazy\" decoding=\"async\" class=\" wp-image-260071 alignleft\" src=\"https:\/\/www.radiopiu.net\/wordpress\/wp-content\/uploads\/2022\/02\/TELEVISIONE-TV-300x200.jpg\" alt=\"\" width=\"153\" height=\"102\" srcset=\"https:\/\/www.radiopiu.net\/wordpress\/wp-content\/uploads\/2022\/02\/TELEVISIONE-TV-300x200.jpg 300w, https:\/\/www.radiopiu.net\/wordpress\/wp-content\/uploads\/2022\/02\/TELEVISIONE-TV-1024x683.jpg 1024w, https:\/\/www.radiopiu.net\/wordpress\/wp-content\/uploads\/2022\/02\/TELEVISIONE-TV-768x512.jpg 768w, https:\/\/www.radiopiu.net\/wordpress\/wp-content\/uploads\/2022\/02\/TELEVISIONE-TV-1536x1024.jpg 1536w, https:\/\/www.radiopiu.net\/wordpress\/wp-content\/uploads\/2022\/02\/TELEVISIONE-TV.jpg 1920w\" sizes=\"auto, (max-width: 153px) 100vw, 153px\" \/><\/a>FALCADE<\/strong> Da alcuni mesi i cittadini di Caviola e di alcune frazioni di Canale D&#8217;Agordo lamentano che i canali Mediaset non sono pi\u00f9 ricevibili. Nello scorso 2022 il sistema televisivo \u00e8 passato all\u2019alta definizione. Da allora Mediaset non ha pi\u00f9 attivato le frequenze creando un danno non indifferente sia ai residenti che alla clientela turistica.\u00a0 La popolazione tutta ha chiesto al Presidente dell\u2019Unione Agordina Paolo Frena e al Sindaco di Falcade Mauro Salvaterra un loro autorevole intervento affinch\u00e9 venga ripristinato il ripetitore situato sul traliccio di Pisoliva.<\/p>\n<p>&nbsp;<\/p>\n<p>&nbsp;<\/p>\n<hr \/>\n<h2><strong><a class=\"dt-pswp-item\" href=\"https:\/\/www.radiopiu.net\/wordpress\/wp-content\/uploads\/2023\/03\/ennio-vigne.jpg\" data-dt-img-description=\"\" data-large_image_width=\"768\" data-large_image_height=\"413\"><img loading=\"lazy\" decoding=\"async\" class=\" wp-image-326012 alignleft\" src=\"https:\/\/www.radiopiu.net\/wordpress\/wp-content\/uploads\/2023\/03\/ennio-vigne-300x161.jpg\" alt=\"\" width=\"199\" height=\"107\" srcset=\"https:\/\/www.radiopiu.net\/wordpress\/wp-content\/uploads\/2023\/03\/ennio-vigne-300x161.jpg 300w, https:\/\/www.radiopiu.net\/wordpress\/wp-content\/uploads\/2023\/03\/ennio-vigne.jpg 768w\" sizes=\"auto, (max-width: 199px) 100vw, 199px\" \/><\/a><span style=\"color: #339966;\">LA RASSEGNA STAMPA DA L&#8217;AMICO DEL POPOLO<\/span><\/strong><\/h2>\n<p><strong>di Gianni Santomaso<\/strong><\/p>\n<p>OSPITE: Ennio Vigne<\/p>\n<p>(foto: Amico Del Popolo)<\/p>\n<audio class=\"wp-audio-shortcode\" id=\"audio-326001-7\" preload=\"none\" style=\"width: 100%;\" controls=\"controls\"><source type=\"audio\/mpeg\" src=\"https:\/\/www.radiopiu.net\/wordpress\/wp-content\/uploads\/2023\/03\/RASSEGNA-GIANNI-1.mp3?_=7\" \/><a href=\"https:\/\/www.radiopiu.net\/wordpress\/wp-content\/uploads\/2023\/03\/RASSEGNA-GIANNI-1.mp3\">https:\/\/www.radiopiu.net\/wordpress\/wp-content\/uploads\/2023\/03\/RASSEGNA-GIANNI-1.mp3<\/a><\/audio>\n<p>&nbsp;<\/p>\n<p>&nbsp;<\/p>\n<p>&nbsp;<\/p>\n<hr \/>\n<p>&nbsp;<\/p>\n<p><strong>DI TIZIANO DE COL<\/strong><\/p>\n\n\t\t\t<style type='text\/css'>\n\t\t\t\t#gallery-3 {\n\t\t\t\t\tmargin: auto;\n\t\t\t\t}\n\t\t\t\t#gallery-3 .gallery-item {\n\t\t\t\t\tfloat: left;\n\t\t\t\t\tmargin-top: 10px;\n\t\t\t\t\ttext-align: center;\n\t\t\t\t\twidth: 20%;\n\t\t\t\t}\n\t\t\t\t#gallery-3 img {\n\t\t\t\t\tborder: 2px solid #cfcfcf;\n\t\t\t\t}\n\t\t\t\t#gallery-3 .gallery-caption {\n\t\t\t\t\tmargin-left: 0;\n\t\t\t\t}\n\t\t\t\t\/* see gallery_shortcode() in wp-includes\/media.php *\/\n\t\t\t<\/style>\n\t\t<div id='gallery-3' class='dt-gallery-container gallery galleryid-326001 gallery-columns-5 gallery-size-medium'><dl class='gallery-item'>\n\t\t\t\t<dt class='gallery-icon landscape'>\n\t\t\t\t\t<a class=\"rollover rollover-zoom dt-pswp-item\" title=\"8c3dd98f-402b-40b6-b03b-3ec3c473f817\" data-dt-img-description=\"\" data-large_image_width=\"593\" data-large_image_height=\"375\"href='https:\/\/www.radiopiu.net\/wordpress\/wp-content\/uploads\/2023\/03\/8c3dd98f-402b-40b6-b03b-3ec3c473f817.jpg'><img loading=\"lazy\" decoding=\"async\" width=\"300\" height=\"190\" src=\"https:\/\/www.radiopiu.net\/wordpress\/wp-content\/uploads\/2023\/03\/8c3dd98f-402b-40b6-b03b-3ec3c473f817-300x190.jpg\" class=\"attachment-medium size-medium\" alt=\"\" srcset=\"https:\/\/www.radiopiu.net\/wordpress\/wp-content\/uploads\/2023\/03\/8c3dd98f-402b-40b6-b03b-3ec3c473f817-300x190.jpg 300w, https:\/\/www.radiopiu.net\/wordpress\/wp-content\/uploads\/2023\/03\/8c3dd98f-402b-40b6-b03b-3ec3c473f817.jpg 593w\" sizes=\"auto, (max-width: 300px) 100vw, 300px\" \/><\/a>\n\t\t\t\t<\/dt><\/dl><dl class='gallery-item'>\n\t\t\t\t<dt class='gallery-icon landscape'>\n\t\t\t\t\t<a class=\"rollover rollover-zoom dt-pswp-item\" title=\"e9f91d54-3713-4556-be0b-53217c81eb04\" data-dt-img-description=\"\" data-large_image_width=\"606\" data-large_image_height=\"363\"href='https:\/\/www.radiopiu.net\/wordpress\/wp-content\/uploads\/2023\/03\/e9f91d54-3713-4556-be0b-53217c81eb04.jpg'><img loading=\"lazy\" decoding=\"async\" width=\"300\" height=\"180\" src=\"https:\/\/www.radiopiu.net\/wordpress\/wp-content\/uploads\/2023\/03\/e9f91d54-3713-4556-be0b-53217c81eb04-300x180.jpg\" class=\"attachment-medium size-medium\" alt=\"\" srcset=\"https:\/\/www.radiopiu.net\/wordpress\/wp-content\/uploads\/2023\/03\/e9f91d54-3713-4556-be0b-53217c81eb04-300x180.jpg 300w, https:\/\/www.radiopiu.net\/wordpress\/wp-content\/uploads\/2023\/03\/e9f91d54-3713-4556-be0b-53217c81eb04.jpg 606w\" sizes=\"auto, (max-width: 300px) 100vw, 300px\" \/><\/a>\n\t\t\t\t<\/dt><\/dl><dl class='gallery-item'>\n\t\t\t\t<dt class='gallery-icon landscape'>\n\t\t\t\t\t<a class=\"rollover rollover-zoom dt-pswp-item\" title=\"4d4add09-98a6-4a6b-84e1-a677fe141869\" data-dt-img-description=\"\" data-large_image_width=\"602\" data-large_image_height=\"358\"href='https:\/\/www.radiopiu.net\/wordpress\/wp-content\/uploads\/2023\/03\/4d4add09-98a6-4a6b-84e1-a677fe141869.jpg'><img loading=\"lazy\" decoding=\"async\" width=\"300\" height=\"178\" src=\"https:\/\/www.radiopiu.net\/wordpress\/wp-content\/uploads\/2023\/03\/4d4add09-98a6-4a6b-84e1-a677fe141869-300x178.jpg\" class=\"attachment-medium size-medium\" alt=\"\" srcset=\"https:\/\/www.radiopiu.net\/wordpress\/wp-content\/uploads\/2023\/03\/4d4add09-98a6-4a6b-84e1-a677fe141869-300x178.jpg 300w, https:\/\/www.radiopiu.net\/wordpress\/wp-content\/uploads\/2023\/03\/4d4add09-98a6-4a6b-84e1-a677fe141869.jpg 602w\" sizes=\"auto, (max-width: 300px) 100vw, 300px\" \/><\/a>\n\t\t\t\t<\/dt><\/dl><dl class='gallery-item'>\n\t\t\t\t<dt class='gallery-icon landscape'>\n\t\t\t\t\t<a class=\"rollover rollover-zoom dt-pswp-item\" title=\"d5f9db0d-6e57-477c-93c0-fa9a56d9761d\" data-dt-img-description=\"\" data-large_image_width=\"602\" data-large_image_height=\"357\"href='https:\/\/www.radiopiu.net\/wordpress\/wp-content\/uploads\/2023\/03\/d5f9db0d-6e57-477c-93c0-fa9a56d9761d.jpg'><img loading=\"lazy\" decoding=\"async\" width=\"300\" height=\"178\" src=\"https:\/\/www.radiopiu.net\/wordpress\/wp-content\/uploads\/2023\/03\/d5f9db0d-6e57-477c-93c0-fa9a56d9761d-300x178.jpg\" class=\"attachment-medium size-medium\" alt=\"\" srcset=\"https:\/\/www.radiopiu.net\/wordpress\/wp-content\/uploads\/2023\/03\/d5f9db0d-6e57-477c-93c0-fa9a56d9761d-300x178.jpg 300w, https:\/\/www.radiopiu.net\/wordpress\/wp-content\/uploads\/2023\/03\/d5f9db0d-6e57-477c-93c0-fa9a56d9761d.jpg 602w\" sizes=\"auto, (max-width: 300px) 100vw, 300px\" \/><\/a>\n\t\t\t\t<\/dt><\/dl><dl class='gallery-item'>\n\t\t\t\t<dt class='gallery-icon landscape'>\n\t\t\t\t\t<a class=\"rollover rollover-zoom dt-pswp-item\" title=\"7c7de6d0-1ca3-44da-9783-dae81b5b7165\" data-dt-img-description=\"\" data-large_image_width=\"600\" data-large_image_height=\"370\"href='https:\/\/www.radiopiu.net\/wordpress\/wp-content\/uploads\/2023\/03\/7c7de6d0-1ca3-44da-9783-dae81b5b7165.jpg'><img loading=\"lazy\" decoding=\"async\" width=\"300\" height=\"185\" src=\"https:\/\/www.radiopiu.net\/wordpress\/wp-content\/uploads\/2023\/03\/7c7de6d0-1ca3-44da-9783-dae81b5b7165-300x185.jpg\" class=\"attachment-medium size-medium\" alt=\"\" srcset=\"https:\/\/www.radiopiu.net\/wordpress\/wp-content\/uploads\/2023\/03\/7c7de6d0-1ca3-44da-9783-dae81b5b7165-300x185.jpg 300w, https:\/\/www.radiopiu.net\/wordpress\/wp-content\/uploads\/2023\/03\/7c7de6d0-1ca3-44da-9783-dae81b5b7165.jpg 600w\" sizes=\"auto, (max-width: 300px) 100vw, 300px\" \/><\/a>\n\t\t\t\t<\/dt><\/dl><br style=\"clear: both\" \/>\n\t\t\t<\/div>\n\n<p>&nbsp;<\/p>\n<hr \/>\n<p>&nbsp;<\/p>\n<blockquote>\n<h3>ZONE DISAGIATISSIME: 7 MILA EURO IN PIU&#8217; AI MEDICI DI ASSISTENZA PRIMARIA CHE OPERANO IN QUEI COMUNI<\/h3>\n<\/blockquote>\n<p><strong><a class=\"dt-pswp-item\" href=\"https:\/\/www.radiopiu.net\/wordpress\/wp-content\/uploads\/2020\/10\/Medicina_generale.jpg\" data-dt-img-description=\"\" data-large_image_width=\"1284\" data-large_image_height=\"851\"><img loading=\"lazy\" decoding=\"async\" class=\" wp-image-168272 alignleft\" src=\"https:\/\/www.radiopiu.net\/wordpress\/wp-content\/uploads\/2020\/10\/Medicina_generale-300x199.jpg\" alt=\"\" width=\"194\" height=\"129\" srcset=\"https:\/\/www.radiopiu.net\/wordpress\/wp-content\/uploads\/2020\/10\/Medicina_generale-300x199.jpg 300w, https:\/\/www.radiopiu.net\/wordpress\/wp-content\/uploads\/2020\/10\/Medicina_generale-1024x679.jpg 1024w, https:\/\/www.radiopiu.net\/wordpress\/wp-content\/uploads\/2020\/10\/Medicina_generale-768x509.jpg 768w, https:\/\/www.radiopiu.net\/wordpress\/wp-content\/uploads\/2020\/10\/Medicina_generale.jpg 1284w\" sizes=\"auto, (max-width: 194px) 100vw, 194px\" \/><\/a>BELLUNO <\/strong>E\u2019 stato approvato l\u2019elenco delle zone considerate \u201cdisagiatissime\u201d: ai Medici di assistenza primaria che operano in quei Comuni riceveranno una quota forfettaria di 7.746 euro annui. L\u2019Accordo Collettivo Nazionale e l\u2019Accordo Collettivo Regionale per i medici di medicina generale prevedono che le Ulss, sentito il comitato aziendale, possa individuare, sulla base di una valutazione complessiva basata su pi\u00f9 criteri, delle zone disagiate o disagiatissime. I criteri utilizzati sono: \u00a0elevato rapporto fra superficie del territorio e popolazione (popolazione sparsa, spopolamento, invecchiamento), \u00a0condizioni di viabilit\u00e0 e percorribilit\u00e0 delle strade e presenza di strutture ospedaliere, condizioni oro-geografiche e ambientali. Per lo svolgimento di attivit\u00e0 nelle zone individuate come disagiate o disagiatissime a popolazione sparsa, ai Medici di Assistenza Primaria va corrisposto un compenso aggiuntivo forfetario annuo cos\u00ec declinato: zone dichiarate disagiate: compenso aggiuntivo annuo divisibile in dodicesimi pari a \u20ac 6,20 per assistito in carico, residente o domiciliato nella zona stessa; zone dichiarate disagiatissime: al compenso come sopra determinato viene aggiunta una quota forfetaria annua di euro \u20ac 7.746,85. Nel 2018 erano sono stati individuati come zone disagiate 24 Comuni. Con il nuovo atto sono state individuate le \u201czone disagiatissime\u201d del territorio aziendale considerate sia come strumento di fidelizzazione dei medici gi\u00e0 operanti nelle zone stesse sia come leva per attrarre nuove professionalit\u00e0 alla luce della nota situazione orografica della Provincia e l\u2019ormai conclamata carenza di disponibilit\u00e0 ad operare nel territorio. Le zone disagiatissime sono state individuate sulla base dei criteri previsti dalla normativa. La graduazione dei Comuni \u00e8 stata calcolata secondo i seguenti parametri: densit\u00e0, invecchiamento, distanza dall\u2019Ospedale e altitudine. Questo l\u2019elenco che ne \u00e8 risultato: Zopp\u00e9 di Cadore, Danta di Cadore, Gosaldo, Val di Zoldo, Comelico Superiore, Livinallongo del Col di Lana, Selva di Cadore, Colle Santa Lucia, San Pietro di Cadore, Cibiana di Cadore, Rocca Pietore, Tambre, Santo Stefano di Cadore, Vigo di Cadore, Falcade, Sovramonte, San Nicol\u00f2 Comelico, Lorenzago di Cadore, San Tomaso Agordino, Chies d\u2019Alpago, Alleghe, Vallada Agordina, Canale d\u2019Agordo, Lamon, Rivamonte Agordino, Vodo di Cadore.<\/p>\n<p>&nbsp;<\/p>\n<p>&nbsp;<\/p>\n<hr \/>\n<p>&nbsp;<\/p>\n<blockquote>\n<h3 class=\"entry-title\">GIORNATA NAZIONALE DI EDUCAZIONE E PREVENZIONE CONTRO LA VIOLENZA NEI CONFRONTI DEGLI OPERATORI SANITARI E SOCIO-SANITARI<\/h3>\n<\/blockquote>\n<p><strong class=\"photoswipe-wrapper\"><a class=\"dt-pswp-item pspw-wrap-ready\" href=\"https:\/\/www.radiopiu.net\/wordpress\/wp-content\/uploads\/2021\/11\/INFERMIERE-OSS.png\" data-dt-img-description=\"\" data-large_image_width=\"1784\" data-large_image_height=\"1068\"><img loading=\"lazy\" decoding=\"async\" class=\" wp-image-242263 alignleft\" src=\"https:\/\/www.radiopiu.net\/wordpress\/wp-content\/uploads\/2021\/11\/INFERMIERE-OSS-300x180.png\" sizes=\"auto, (max-width: 200px) 100vw, 200px\" srcset=\"https:\/\/www.radiopiu.net\/wordpress\/wp-content\/uploads\/2021\/11\/INFERMIERE-OSS-300x180.png 300w, https:\/\/www.radiopiu.net\/wordpress\/wp-content\/uploads\/2021\/11\/INFERMIERE-OSS-1024x613.png 1024w, https:\/\/www.radiopiu.net\/wordpress\/wp-content\/uploads\/2021\/11\/INFERMIERE-OSS-768x460.png 768w, https:\/\/www.radiopiu.net\/wordpress\/wp-content\/uploads\/2021\/11\/INFERMIERE-OSS-1536x920.png 1536w, https:\/\/www.radiopiu.net\/wordpress\/wp-content\/uploads\/2021\/11\/INFERMIERE-OSS.png 1784w\" alt=\"\" width=\"200\" height=\"120\" \/><\/a>BELLUNO\u00a0<\/strong>Istituita dalla Legge n. 113 del 14 agosto 2020, ricorre il 12 marzo, la giornata nazionale di educazione e prevenzione contro la violenza nei confronti degli operatori sanitari e socio-sanitari. Questa giornata nasce per diffondere una cultura che condanni ogni forma di violenza, sia verbale che fisica, nei confronti degli operatori della sanit\u00e0, un fenomeno ad oggi critico e in costante aumento. La violenza nei luoghi di lavoro in sanit\u00e0 \u00e8 un fenomeno critico ed in costante aumento, sul quale vi \u00e8 una crescente consapevolezza da parte degli operatori. Gli atti di violenza consistono nella maggior parte dei casi in aggressioni o tentativi di aggressione, fisica o verbale, quali quelle realizzate mediante uso di linguaggio offensivo. Sono considerati atti di violenza a danno degli operatori sanitari gli insulti, le minacce e qualsiasi forma di aggressione fisica o psicologica praticate sul lavoro da parte di soggetti esterni all\u2019organizzazione, compresi i pazienti, tali da mettere a repentaglio la salute, la sicurezza o il benessere di un individuo. Nell\u2019Azienda Ulss Dolomiti, mediamente ogni anno, si registrano circa 10 aggressioni che determinano anche assenza dal lavoro e che sono registrati come infortuni indennizzabili dall\u2019INAIL. Alle aggressioni fisiche si aggiungono, inoltre, gli atti di violenza a danno degli operatori sanitari, determinate da comportamenti minacciosi o abusi verbali. Il primo passo per una gestione efficace della violenza nei luoghi di lavoro a danno degli operatori consiste nel riconoscere che la violenza sul luogo di lavoro rappresenta un rischio per la sicurezza e per la salute dei lavoratori stessi. In Ulss Dolomiti sono attive diverse iniziative in questo ambito che vedono la collaborazione di pi\u00f9 servizi dell\u2019azienda: Servizio di Prevenzione e Protezione, medico competente, rischio clinico, Psicologia Ospedaliera e SPISAL.<\/p>\n<p>&nbsp;<\/p>\n<p>&nbsp;<\/p>\n<hr \/>\n<p>&nbsp;<\/p>\n<blockquote>\n<h3>NUOVA GAMMA CAMERA CON TAC A BELLUNO<\/h3>\n<\/blockquote>\n<p><strong>BELLUNO <\/strong>\u00c8 stato approvato il progetto esecutivo dei lavori di ristrutturazione e adeguamento normativo del locale attuale a servizio della gamma camera del reparto di Medicina nucleare dell&#8217;Ospedale &#8220;San Martino&#8221; di Belluno per l&#8217;installazione di una nuova gamma camera con TAC acquisita con fondi PNRR. L\u2019intervento ammonta a complessivi\u00a0 189 mila euro.<\/p>\n<p>&nbsp;<\/p>\n<p>&nbsp;<\/p>\n<hr \/>\n<p>&nbsp;<\/p>\n<blockquote>\n<h3>EX COLONIA N. 8 DI PULLIR: RICHIESTA L\u2019AUTORIZZAZIONE PER LA VENDITA A FAVORE DEL COMUNE DI CESIO<\/h3>\n<\/blockquote>\n<p><strong>BELLLUNO <\/strong>Avviate le procedure per l\u2019alienazione dell\u2019ex colonia n.8 di Pullir : \u00e8 stata richiesta l\u2019autorizzazione alla Regione del Veneto alla vendita del fabbricato mediante trattativa privata diretta a favore del Comune di Cesiomaggiore (BL), al prezzo di perizia di stima di circa 90 mila euro. Il Comune di Cesiomaggiore, infatti, a febbraio aveva ufficialmente presentato una manifestazione d\u2019interesse per l&#8217;immobile di propriet\u00e0 dell\u2019Ulss al fine di avviare una progettualit\u00e0 di rilevanza sociale da collocare nello stabile dopo la ristrutturazione. Verificato che l\u2019ex Colonia \u00e8 nel piano delle alienazioni degli immobili Ulss non utilizzabili a fini istituzionali, \u00e8 stata fatta una perizia che attribuisce al fabbricato il valore di mercato di circa 90 mila euro.<\/p>\n<p>&nbsp;<\/p>\n<p>&nbsp;<\/p>\n<hr \/>\n<p>&nbsp;<\/p>\n<blockquote>\n<h3>LAMON: AVVIATA LA PROCEDURA PER LA PROGETTAZIONE DELLA RIQUALIFICAZIONE DEL PARCHEGGIO E DELL\u2019AREA DI COLLE SAN PIETRO<\/h3>\n<\/blockquote>\n<p><strong>BELLUNO <\/strong>L\u2019Ulss Dolomiti ha avviato la procedura per l\u2019affidamento della progettazione dei lavori di riqualificazione del parcheggio dell\u2019ospedale di Lamon e per la valorizzazione di Colle San Pietro ad uso riabilitativo. L\u2019intervento, finanziato dai Fondi Comune di Confine per 1,9 milioni di euro e da 500 mila euro autorizzati dalla CRITE regionale, completer\u00e0 il rinnovamento complessivo in corso del Centro di riabilitazione di Lamon.<\/p>\n<p>&nbsp;<\/p>\n<p>&nbsp;<\/p>\n<hr \/>\n<p>&nbsp;<\/p>\n<blockquote>\n<h3>ANDREA DE BERNARDIN (LEGA) INCONTRA IL SEGRETARIO PROVINCIALE DEL PD ALESSANDRO DEL BIANCO<\/h3>\n<\/blockquote>\n<p><strong><a class=\"dt-pswp-item\" href=\"https:\/\/www.radiopiu.net\/wordpress\/wp-content\/uploads\/2023\/03\/Incontro-PD.jpeg\" data-dt-img-description=\"\" data-large_image_width=\"1600\" data-large_image_height=\"1200\"><img loading=\"lazy\" decoding=\"async\" class=\" wp-image-326110 alignleft\" src=\"https:\/\/www.radiopiu.net\/wordpress\/wp-content\/uploads\/2023\/03\/Incontro-PD-300x225.jpeg\" alt=\"\" width=\"136\" height=\"102\" srcset=\"https:\/\/www.radiopiu.net\/wordpress\/wp-content\/uploads\/2023\/03\/Incontro-PD-300x225.jpeg 300w, https:\/\/www.radiopiu.net\/wordpress\/wp-content\/uploads\/2023\/03\/Incontro-PD-1024x768.jpeg 1024w, https:\/\/www.radiopiu.net\/wordpress\/wp-content\/uploads\/2023\/03\/Incontro-PD-768x576.jpeg 768w, https:\/\/www.radiopiu.net\/wordpress\/wp-content\/uploads\/2023\/03\/Incontro-PD-1536x1152.jpeg 1536w, https:\/\/www.radiopiu.net\/wordpress\/wp-content\/uploads\/2023\/03\/Incontro-PD.jpeg 1600w\" sizes=\"auto, (max-width: 136px) 100vw, 136px\" \/><\/a>BELLUNO<\/strong> Proseguono gli incontri del segretario provinciale della Lega, Andrea De Bernardin, con i referenti dei partiti e dei gruppi politici sul territorio. Dopo il vis a vis con il senatore di Fratelli d\u2019Italia Luca De Carlo, venerd\u00ec pomeriggio il segretario si \u00e8 seduto al tavolo con il nuovo segretario provinciale del Partito Democratico, Alessandro Del Bianco. Una chiacchierata positiva, conclusasi con la certezza di voler trovare punti di contatto sui grandi temi.<\/p>\n<p><strong>ANDREA DE BERNARDIN, SEGRETARIO PROVINCIALE DELLA LEGA<\/strong><\/p>\n<audio class=\"wp-audio-shortcode\" id=\"audio-326001-8\" preload=\"none\" style=\"width: 100%;\" controls=\"controls\"><source type=\"audio\/mpeg\" src=\"https:\/\/www.radiopiu.net\/wordpress\/wp-content\/uploads\/2023\/03\/De-Bernardin.mp3?_=8\" \/><a href=\"https:\/\/www.radiopiu.net\/wordpress\/wp-content\/uploads\/2023\/03\/De-Bernardin.mp3\">https:\/\/www.radiopiu.net\/wordpress\/wp-content\/uploads\/2023\/03\/De-Bernardin.mp3<\/a><\/audio>\n<p>&nbsp;<\/p>\n<p><strong>ALESSANDRO DEL BIANCO, SEGRETARIO PROVINCIALE PD<\/strong><\/p>\n<audio class=\"wp-audio-shortcode\" id=\"audio-326001-9\" preload=\"none\" style=\"width: 100%;\" controls=\"controls\"><source type=\"audio\/mpeg\" src=\"https:\/\/www.radiopiu.net\/wordpress\/wp-content\/uploads\/2023\/03\/Del-Bianco.mp3?_=9\" \/><a href=\"https:\/\/www.radiopiu.net\/wordpress\/wp-content\/uploads\/2023\/03\/Del-Bianco.mp3\">https:\/\/www.radiopiu.net\/wordpress\/wp-content\/uploads\/2023\/03\/Del-Bianco.mp3<\/a><\/audio>\n<p>&nbsp;<\/p>\n<hr \/>\n<p>&nbsp;<\/p>\n<blockquote>\n<h3>LE PENNE NERE AGORDINE &#8220;ZOCCOLO DURO&#8221; DELLA SEZIONE<\/h3>\n<\/blockquote>\n<p><strong><a class=\"dt-pswp-item\" href=\"https:\/\/www.radiopiu.net\/wordpress\/wp-content\/uploads\/2022\/05\/alpini-647542_960_720.jpg\" data-dt-img-description=\"\" data-large_image_width=\"960\" data-large_image_height=\"640\"><img loading=\"lazy\" decoding=\"async\" class=\"size-medium wp-image-275532 alignleft\" src=\"https:\/\/www.radiopiu.net\/wordpress\/wp-content\/uploads\/2022\/05\/alpini-647542_960_720-300x200.jpg\" alt=\"\" width=\"300\" height=\"200\" srcset=\"https:\/\/www.radiopiu.net\/wordpress\/wp-content\/uploads\/2022\/05\/alpini-647542_960_720-300x200.jpg 300w, https:\/\/www.radiopiu.net\/wordpress\/wp-content\/uploads\/2022\/05\/alpini-647542_960_720-768x512.jpg 768w, https:\/\/www.radiopiu.net\/wordpress\/wp-content\/uploads\/2022\/05\/alpini-647542_960_720.jpg 960w\" sizes=\"auto, (max-width: 300px) 100vw, 300px\" \/><\/a>di Dino Bridda <\/strong><\/p>\n<p>La Sezione Alpini di Belluno, con l\u2019assemblea dei delegati di domenica scorsa, ha archiviato un altro dei suoi ultracentenari anni di attivita\u0300 rinnovando, nel contempo, gli organi sociali. Ancora una volta la presenza delle penne nere agordine si e\u0300 dimostrata l\u2019autentico \u201czoccolo duro\u201d della Sezione. Infatti la presenza dell\u2019A.N.A. in vallata copre tutti i sedici Comuni dell\u2019Unione Montana Agordina attraverso l\u2019operativita\u0300 di diciotto Gruppi su un totale di 44. Complessivamente gli associati di tali Gruppi al 31 dicembre 2022 ammontavano a 1.763 unita\u0300 su un totale di 6.156, pari a quasi il 29%. Si tratta della Zona con piu\u0300 iscritti della Sezione di Belluno. Il Gruppo piu\u0300 numeroso e\u0300 quello di Agordo-Taibon-Rivamonte, capeggiato da Giovanni Da Pra, mentre quello meno numeroso opera nel Comune di Colle S. Lucia ed e\u0300 capeggiato da Vittorio Pallabazzer. Un\u2019occhiata alle tabelle statistiche ci dice che sono sei i Gruppi che superano i cento associati, mentre al di sotto di cinquanta unita\u0300 si attestano solo tre Gruppi. In definitiva si tratta di una distribuzione capillare su tutto il territorio di competenza della Sezione di Belluno che, per il momento, assicura piena operativita\u0300 ed un servizio assai apprezzato alle comunita\u0300 locali. In virtu\u0300 del primato sopra accennato nel nuovo Consiglio direttivo entrano sette consiglieri che sono espressione della Zona Agordino: Angelo Mezzacasa, Giovanni Da Pra, Angelo Magro, Ilario De Vallier, Guerrino Bellenzier, Leandro Lorenzini, Thomas Valt. Da questa \u201crosa\u201d il confermato presidente Lino De Pra scegliera\u0300 uno dei quattro vice presidenti previsti dallo Statuto. A rappresentare l\u2019Agordino, nell\u2019Ufficio di presidenza uscente, c\u2019era Siro De Biasio, gia\u0300 sindaco di Alleghe. Per concludere va anche ricordato che consistente ed apprezzata e\u0300 anche la presenza di penne nere agordine nelle varie squadre specialistiche della Protezione Civile. Medesima osservazione vale anche per le squadre agonistiche delle Attivita\u0300 Sportive che, guidate, fra gli altri, dagli agordini Pieremilio Parissenti, Luigino Da Roit e Angelo Magro, contano spesso propri atleti sul podio dei Campionati nazionali di sport invernali ed estivi.<\/p>\n<p>&nbsp;<\/p>\n<p>&nbsp;<\/p>\n<hr \/>\n<p>&nbsp;<\/p>\n<blockquote>\n<h3 class=\"entry-title\">I TESTI DI ALCUNE AUTRICI LOCALI PROTAGONISTI DELL\u2019INIZIATIVA IN OCCASIONE DELLA FESTA DELLA DONNA AL POLO BIBLIOTECARIO DI FELTRE<\/h3>\n<\/blockquote>\n<p><strong>FELTRE <\/strong>Il Polo Bibliotecario di Feltre ha ospitato \u201cL\u20198 marzo tutti i giorni\u2026anche l\u201911\u201d, l\u2019iniziativa promossa dalla Commissione Pari Opportunit\u00e0 con il patrocinio del Comune di Feltre e della Consigliera Provinciale di Parit\u00e0 in occasione della Festa della Donna. Dopo i saluti del sindaco Viviana Fusaro e della presidente della Commissione Pari Opportunit\u00e0 Velleda Bronzato, Tessa Gubert &#8211; accompagnata dalla chitarra di Raffaele De Boni &#8211; ha letto e interpretato per i presenti in sala alcuni brani tratti dagli scritti delle autrici locali Paola Scapin, Giovanna Toniolo e Gisella Canzian, presenti accanto a lei. Ne \u00e8 uscito un piccolo viaggio nell\u2019universo femminile, raccontato con un caleidoscopio di parole fatte di emozioni, gioie e paure. Per l\u2019occasione \u00e8 stato posizionato all\u2019ingresso della biblioteca un contenitore nel quale i partecipanti all\u2019incontro potranno depositare un foglio con un pensiero, una piccola poesia o un disegno dedicato al tema della donna nelle sue molteplici sfaccettature per tutto il mese di marzo. Chi non pu\u00f2 raggiungere il polo bibliotecario potr\u00e0 comunque inviare il proprio scritto alla mail: <a href=\"mailto:pariopportunita@comune.feltre.bl.it\">pariopportunita@comune.feltre.bl.it<\/a>. Al termine della raccolta, gli elaborati pervenuti saranno presentati nel corso di un incontro a tema o pubblicati. All\u2019incontro \u00e8 intervenuta, portando il proprio saluto anche la Consigliera Provinciale di Parit\u00e0 Flavia Monego, che si \u00e8 congratulata per l\u2019iniziativa.<\/p>\n\n\t\t\t<style type='text\/css'>\n\t\t\t\t#gallery-4 {\n\t\t\t\t\tmargin: auto;\n\t\t\t\t}\n\t\t\t\t#gallery-4 .gallery-item {\n\t\t\t\t\tfloat: left;\n\t\t\t\t\tmargin-top: 10px;\n\t\t\t\t\ttext-align: center;\n\t\t\t\t\twidth: 50%;\n\t\t\t\t}\n\t\t\t\t#gallery-4 img {\n\t\t\t\t\tborder: 2px solid #cfcfcf;\n\t\t\t\t}\n\t\t\t\t#gallery-4 .gallery-caption {\n\t\t\t\t\tmargin-left: 0;\n\t\t\t\t}\n\t\t\t\t\/* see gallery_shortcode() in wp-includes\/media.php *\/\n\t\t\t<\/style>\n\t\t<div id='gallery-4' class='dt-gallery-container gallery galleryid-326001 gallery-columns-2 gallery-size-medium'><dl class='gallery-item'>\n\t\t\t\t<dt class='gallery-icon landscape'>\n\t\t\t\t\t<a class=\"rollover rollover-zoom dt-pswp-item\" title=\"11 marzo Feltre\" data-dt-img-description=\"\" data-large_image_width=\"2560\" data-large_image_height=\"1440\"href='https:\/\/www.radiopiu.net\/wordpress\/wp-content\/uploads\/2023\/03\/11-marzo-Feltre-scaled.jpg'><img loading=\"lazy\" decoding=\"async\" width=\"300\" height=\"169\" src=\"https:\/\/www.radiopiu.net\/wordpress\/wp-content\/uploads\/2023\/03\/11-marzo-Feltre-300x169.jpg\" class=\"attachment-medium size-medium\" alt=\"\" srcset=\"https:\/\/www.radiopiu.net\/wordpress\/wp-content\/uploads\/2023\/03\/11-marzo-Feltre-300x169.jpg 300w, https:\/\/www.radiopiu.net\/wordpress\/wp-content\/uploads\/2023\/03\/11-marzo-Feltre-1024x576.jpg 1024w, https:\/\/www.radiopiu.net\/wordpress\/wp-content\/uploads\/2023\/03\/11-marzo-Feltre-768x432.jpg 768w, https:\/\/www.radiopiu.net\/wordpress\/wp-content\/uploads\/2023\/03\/11-marzo-Feltre-1536x864.jpg 1536w, https:\/\/www.radiopiu.net\/wordpress\/wp-content\/uploads\/2023\/03\/11-marzo-Feltre-2048x1152.jpg 2048w\" sizes=\"auto, (max-width: 300px) 100vw, 300px\" \/><\/a>\n\t\t\t\t<\/dt><\/dl><dl class='gallery-item'>\n\t\t\t\t<dt class='gallery-icon landscape'>\n\t\t\t\t\t<a class=\"rollover rollover-zoom dt-pswp-item\" title=\"11 marzo Feltre 2\" data-dt-img-description=\"\" data-large_image_width=\"2560\" data-large_image_height=\"1440\"href='https:\/\/www.radiopiu.net\/wordpress\/wp-content\/uploads\/2023\/03\/11-marzo-Feltre-2-scaled.jpg'><img loading=\"lazy\" decoding=\"async\" width=\"300\" height=\"169\" src=\"https:\/\/www.radiopiu.net\/wordpress\/wp-content\/uploads\/2023\/03\/11-marzo-Feltre-2-300x169.jpg\" class=\"attachment-medium size-medium\" alt=\"\" srcset=\"https:\/\/www.radiopiu.net\/wordpress\/wp-content\/uploads\/2023\/03\/11-marzo-Feltre-2-300x169.jpg 300w, https:\/\/www.radiopiu.net\/wordpress\/wp-content\/uploads\/2023\/03\/11-marzo-Feltre-2-1024x576.jpg 1024w, https:\/\/www.radiopiu.net\/wordpress\/wp-content\/uploads\/2023\/03\/11-marzo-Feltre-2-768x432.jpg 768w, https:\/\/www.radiopiu.net\/wordpress\/wp-content\/uploads\/2023\/03\/11-marzo-Feltre-2-1536x864.jpg 1536w, https:\/\/www.radiopiu.net\/wordpress\/wp-content\/uploads\/2023\/03\/11-marzo-Feltre-2-2048x1152.jpg 2048w\" sizes=\"auto, (max-width: 300px) 100vw, 300px\" \/><\/a>\n\t\t\t\t<\/dt><\/dl><br style=\"clear: both\" \/>\n\t\t\t<\/div>\n\n<p>&nbsp;<\/p>\n<hr \/>\n<p>&nbsp;<\/p>\n<blockquote>\n<h3><a class=\"dt-pswp-item\" href=\"https:\/\/www.radiopiu.net\/wordpress\/wp-content\/uploads\/2023\/01\/OCCHIO.jpg\" data-dt-img-description=\"\" data-large_image_width=\"1280\" data-large_image_height=\"720\"><img loading=\"lazy\" decoding=\"async\" class=\" wp-image-316407 alignleft\" src=\"https:\/\/www.radiopiu.net\/wordpress\/wp-content\/uploads\/2023\/01\/OCCHIO-300x169.jpg\" alt=\"\" width=\"188\" height=\"106\" srcset=\"https:\/\/www.radiopiu.net\/wordpress\/wp-content\/uploads\/2023\/01\/OCCHIO-300x169.jpg 300w, https:\/\/www.radiopiu.net\/wordpress\/wp-content\/uploads\/2023\/01\/OCCHIO-1024x576.jpg 1024w, https:\/\/www.radiopiu.net\/wordpress\/wp-content\/uploads\/2023\/01\/OCCHIO-768x432.jpg 768w, https:\/\/www.radiopiu.net\/wordpress\/wp-content\/uploads\/2023\/01\/OCCHIO.jpg 1280w\" sizes=\"auto, (max-width: 188px) 100vw, 188px\" \/><\/a>PARLIAMO DI GLAUCOMA: INCONTRO CON I CITTADINI<\/h3>\n<\/blockquote>\n<p><strong>BELLUNO <\/strong>In occasione della Settimana mondiale del Glaucoma, nell\u2019ambito della campagna di prevenzione organizzata dall\u2019Agenzia Internazionale Prevenzione della Cecit\u00e0 e in collaborazione con l\u2019Unione Italiana dei Ciechi e Ipovedenti di Belluno (UICI), l\u2019Ulss Dolomiti promuove un incontro di informazione e sensibilizzazione rivolto alla cittadinanza dedicato a questa patologia. L\u2019incontro si terr\u00e0 sabato 18 marzo 2023 dalle 9.30 alle 12.30 nella Sala Riunioni dell\u2019Ospedale San Martino di Belluno. La partecipazione \u00e8 gratuita e ad accesso libero.<\/p>\n<p>&nbsp;<\/p>\n<p>&nbsp;<\/p>\n<hr \/>\n<p>&nbsp;<\/p>\n<blockquote>\n<h3>INCONTRIAMOCI IN CAMPER A BELLUNO<\/h3>\n<\/blockquote>\n<p><strong>BELLUNO <\/strong>Arriva a Belluno il camper dedicato alla campagna di sensibilizzazione e informazione \u201cINCONTriamoci\u201d sull\u2019incontinenza e stomia, organizzato dall\u2019Ulss Dolomiti, A.I.S.VE (Associazione Incontinenti e Stomizzati del Veneto) e A.I.S. Belluno. Il camper sar\u00e0 in Piazza dei Martiri a Belluno (di fronte alla chiesa di San Rocco) nella giornata di sabato 18 marzo 2023 dalle 9.00 alle 13.00: un team specialistico dell\u2019UOC di Urologia di Belluno, diretta da Marcello Repele, sar\u00e0 a disposizione per rispondere alle domande dei cittadini sull\u2019argomento, anche con colloqui riservati.<\/p>\n<p>&nbsp;<\/p>\n<p>&nbsp;<\/p>\n<hr \/>\n<p>&nbsp;<\/p>\n<blockquote>\n<h3>CONVOCATO IL CONSIGLIO COMUNALE DI ALLEGHE<\/h3>\n<\/blockquote>\n<p><strong>ALLEGHE<\/strong> Il sindaco di Alleghe Danilo De Toni ha convocato i consiglieri comunali per oggi alle 20 nella sala consigliere del Municipio per trattare otto punti all&#8217;ordine del giorno. Si parler\u00e0 del bilancio di ASCA, l&#8217;approvazione del regolamento comunale per le attivit\u00e0 di acconciatore &#8211; estetista, tatuaggi e piercing, della convenzione per l&#8217;affidamento del servizio di distribuzione del gas naturale, della realizzazione di un bacino idrico artificiale a Col dei Baldi per l&#8217;innevamento, della convenzione con l&#8217;Unione Montana Agordina per il comitato delle pari opportunit\u00e0 e di un intervento di demolizione e ricostruzione di un fabbricato a Masar\u00e8. Infine il recesso da socio della casa di riposo di Taibon<\/p>\n<p>&nbsp;<\/p>\n<p>&nbsp;<\/p>\n<hr \/>\n<p>&nbsp;<\/p>\n<blockquote>\n<h3>UN CONCORSO PUBBLICO PER ASSUMERE 140 COMISSARI DELLA CARRIERA DEI FUNZIONARI DELLA POLIZIA DI STATO<\/h3>\n<\/blockquote>\n<p><strong><a class=\"dt-pswp-item\" href=\"https:\/\/www.radiopiu.net\/wordpress\/wp-content\/uploads\/2022\/05\/POLIZIA-2.jpg\" data-dt-img-description=\"\" data-large_image_width=\"1920\" data-large_image_height=\"1080\"><img loading=\"lazy\" decoding=\"async\" class=\" wp-image-278033 alignleft\" src=\"https:\/\/www.radiopiu.net\/wordpress\/wp-content\/uploads\/2022\/05\/POLIZIA-2-300x169.jpg\" alt=\"\" width=\"170\" height=\"96\" srcset=\"https:\/\/www.radiopiu.net\/wordpress\/wp-content\/uploads\/2022\/05\/POLIZIA-2-300x169.jpg 300w, https:\/\/www.radiopiu.net\/wordpress\/wp-content\/uploads\/2022\/05\/POLIZIA-2-1024x576.jpg 1024w, https:\/\/www.radiopiu.net\/wordpress\/wp-content\/uploads\/2022\/05\/POLIZIA-2-768x432.jpg 768w, https:\/\/www.radiopiu.net\/wordpress\/wp-content\/uploads\/2022\/05\/POLIZIA-2-1536x864.jpg 1536w, https:\/\/www.radiopiu.net\/wordpress\/wp-content\/uploads\/2022\/05\/POLIZIA-2.jpg 1920w\" sizes=\"auto, (max-width: 170px) 100vw, 170px\" \/><\/a>BELLUNO <\/strong>Sul Portale Unico del reclutamento, disponibile all\u2019indirizzo <a href=\"http:\/\/www.inpa.gov.it\">www.inpa.gov.it<\/a> nonch\u00e9 sul sito <a href=\"http:\/\/www.poliziadistato.it\">www.poliziadistato.it<\/a>, \u00e8 stato pubblicato il bando di concorso pubblico, per titoli ed esami, per l\u2019assunzione di 140 commissari della carriera dei funzionari della Polizia di Stato, indetto con decreto del 16 febbraio 2023. La domanda di partecipazione al concorso potr\u00e0 essere presentata, \u00a0dalle \u00a0ore \u00a000.00 del 18 febbraio 2023 alle ore 23.59 del 20 marzo 2023, sia tramite il Portale unico di reclutamento che mediante la procedura informatica disponibile all\u2019indirizzo <a href=\"https:\/\/concorsionline.poliziadistato.it\">https:\/\/concorsionline.poliziadistato.it<\/a> (cliccando sull\u2019icona \u201cConcorso pubblico\u201d).<\/p>\n<p>&nbsp;<\/p>\n<p>&nbsp;<\/p>\n<hr \/>\n<p>&nbsp;<\/p>\n<blockquote>\n<h3 class=\"entry-title\">FONDI EUROPEI: IL VENETO DEVE SPENDERE 71 MILIONI, ALTRIMENTI LI PERDIAMO ENTRO IL 31 DICEMBRE<\/h3>\n<\/blockquote>\n<p class=\"photoswipe-wrapper\"><a class=\"dt-pswp-item pspw-wrap-ready\" href=\"https:\/\/www.radiopiu.net\/wordpress\/wp-content\/uploads\/2023\/03\/Schermata-2023-03-11-alle-09.18.05.png\" data-dt-img-description=\"\" data-large_image_width=\"1186\" data-large_image_height=\"1620\"><img loading=\"lazy\" decoding=\"async\" class=\"alignleft size-medium wp-image-326050\" src=\"https:\/\/www.radiopiu.net\/wordpress\/wp-content\/uploads\/2023\/03\/Schermata-2023-03-11-alle-09.18.05-220x300.png\" sizes=\"auto, (max-width: 220px) 100vw, 220px\" srcset=\"https:\/\/www.radiopiu.net\/wordpress\/wp-content\/uploads\/2023\/03\/Schermata-2023-03-11-alle-09.18.05-220x300.png 220w, https:\/\/www.radiopiu.net\/wordpress\/wp-content\/uploads\/2023\/03\/Schermata-2023-03-11-alle-09.18.05-750x1024.png 750w, https:\/\/www.radiopiu.net\/wordpress\/wp-content\/uploads\/2023\/03\/Schermata-2023-03-11-alle-09.18.05-768x1049.png 768w, https:\/\/www.radiopiu.net\/wordpress\/wp-content\/uploads\/2023\/03\/Schermata-2023-03-11-alle-09.18.05-1125x1536.png 1125w, https:\/\/www.radiopiu.net\/wordpress\/wp-content\/uploads\/2023\/03\/Schermata-2023-03-11-alle-09.18.05.png 1186w\" alt=\"\" width=\"220\" height=\"300\" \/><\/a>Entro la fine di quest\u2019anno il Veneto deve ancora spendere 71 milioni di euro di Fondi di coesione europea, altrimenti corriamo il rischio di perderli. Insomma, dei 682 milioni messi a disposizione in questi 7 anni di programmazione, fino ad ora ne abbiamo \u201cmessi a terra\u201d 611. In altre parole, per il settennio 2014-2020, abbiamo speso l\u201989,6 per cento delle risorse messe a nostra disposizione da Bruxelles e, salvo, imprevisti, non dovremmo avere alcun problema a investirli tutti. A dirlo \u00e8 l\u2019Ufficio studi della CGIA.<\/p>\n<p>Molto diversa, invece, \u00e8 la situazione nel resto del Paese. Dei 64,8 miliardi di euro di fondi europei di coesione messi a disposizione dell\u2019Italia sempre nel ciclo 2014-2020, di cui 17 di cofinanziamento nazionale, la spesa complessiva certificata da Bruxelles al 31 dicembre scorso \u00e8 stata di 35 miliardi, pari al 54 per cento dell\u2019ammontare totale che include anche la quota che noi italiani abbiamo dovuto sostenere.<\/p>\n<p><strong>Pertanto, entro il 31 dicembre 2023, data di scadenza di attuazione di questo settennato, dobbiamo spendere i restanti 29,8 miliardi (pari al 46 per cento della quota totale), di cui 10 sono di cofinanziamento nazionale. Se non riusciremo a centrare questo obbiettivo, la quota di fondi UE non utilizzatati andr\u00e0 persa.<\/strong><\/p>\n<p><strong>Insomma, \u00e8 a rischio una buona parte dei 19,8 miliardi che Bruxelles ci ha messo a disposizione da almeno nove anni.<\/strong><\/p>\n<p>Le ragioni di questa difficolt\u00e0 nell\u2019 utilizzare i soldi europei \u00e8 nota da tempo.<strong>\u00a0Scontiamo, innanzitutto, una grossa difficolt\u00e0 di adattamento della nostra Pubblica amministrazione alle procedure imposte dall\u2019UE.<\/strong>\u00a0Dopodich\u00e8, la nostra macchina pubblica presenta livelli di qualit\u00e0 dei servizi resi ai cittadini e alle imprese molto modesti e una efficienza che pu\u00f2 contare ancora su ampi margini di miglioramento. Il personale, soprattutto dell\u2019area tecnica, ha retribuzioni basse e, spesso, risulta, anche per questa ragione, poco motivato. Specificit\u00e0 che caratterizzano, in particolar modo, i dipendenti pubblici delle regioni e degli enti locali del Mezzogiorno.<\/p>\n<p>Va comunque segnalato che dei 19,9 miliardi di euro di risorse europee che dobbiamo \u201cmettere a terra\u201d entro la fine di quest\u2019anno, 15,3 sono in capo allo Stato centrale (Progetti PON, FESR e FSE) e 4,6 alle regioni. Insomma, sarebbe sbagliato \u201cprendersela\u201d solo con le amministrazioni periferiche; la necessit\u00e0 di investire nel personale pubblico riguarda, purtroppo, tutti i livelli.<\/p>\n<p>Come era prevedibile sono a rischio anche i fondi del PNRR. In attesa della presentazione del nuovo stato di avanzamento da parte di Italia Domani, secondo la Nota di aggiornamento al DEF (Nadef), presentata il 27 settembre scorso, entro il 31 dicembre 2022 dovremmo aver speso 20,5 miliardi di euro, praticamente la met\u00e0 dei 41,4 miliardi previsti inizialmente dal DEF. In questo caso, l\u2019aumento del costo dei materiali avvenuto nell\u2019ultimo anno ha frenato enormemente la realizzazione di molte opere pubbliche, facendo \u201csaltare\u201d molti obbiettivi previsti dal PNRR.<\/p>\n<p>Tornando ai dati relativi ai Fondi di coesione, al 31 dicembre scorso, dei 21,2 miliardi finanziati dall\u2019UE e gestiti dalle nostre regioni nel settennio 2014-2020, 16,6 sono stati spesi e gli altri 4,6 dovranno esserlo entro quest\u2019anno. Le amministrazioni regionali pi\u00f9 in difficolt\u00e0 sono quelle del Mezzogiorno. Entro la fine del 2023, pena la perdita delle risorse, la Puglia deve spendere altri 335 milioni di euro, la Calabria 616 milioni, la Campania 1,27 miliardi e la Sicilia addirittura 1,45 miliardi. In buona sostanza, al 31 dicembre scorso, la percentuale di spesa realizzata sul totale da ricevere era solo del 65,5 per cento in Calabria, del 65,7 per cento in Campania e del 64 per cento in Sicilia.<\/p>\n<p>&nbsp;<\/p>\n<p>&nbsp;<\/p>\n<hr \/>\n<p>&nbsp;<\/p>\n<blockquote>\n<h3>LOS MASSADORES AL RIFUGIO BELVEDERE CIMA FERTAZZA<\/h3>\n<\/blockquote>\n<p><strong>SELVA DI CADORE<\/strong> Concerto a 2081 metri e che concerto, ritornano al Ristoro Belvedere, Cima Fertazza, Ski Civetta i grandissimi LOS MASSADORES PER CANTARE, BALLARE, FARE FESTA TUTTI INSIEME CON LA CREATIVITA&#8217;, FANTASIA E GRANDE MUSICA.<\/p>\n<p><strong>LA DIRETTA RADIO PIU&#8217;<\/strong><\/p>\n<p>https:\/\/www.facebook.com\/marco.baghy.1\/videos\/1395360504599060<\/p>\n<p>&nbsp;<\/p>\n<hr \/>\n<p>&nbsp;<\/p>\n<blockquote>\n<h3>FORCELLA DE NA OLTA&#8230;SUGLI SCI VESTITI COME UNA VOLTA<\/h3>\n<\/blockquote>\n<p><strong><a class=\"dt-pswp-item\" href=\"https:\/\/www.radiopiu.net\/wordpress\/wp-content\/uploads\/2023\/03\/SCR-20230312-i1i.jpeg\" data-dt-img-description=\"\" data-large_image_width=\"1164\" data-large_image_height=\"834\"><img loading=\"lazy\" decoding=\"async\" class=\" wp-image-326243 alignleft\" src=\"https:\/\/www.radiopiu.net\/wordpress\/wp-content\/uploads\/2023\/03\/SCR-20230312-i1i-300x215.jpeg\" alt=\"\" width=\"133\" height=\"95\" srcset=\"https:\/\/www.radiopiu.net\/wordpress\/wp-content\/uploads\/2023\/03\/SCR-20230312-i1i-300x215.jpeg 300w, https:\/\/www.radiopiu.net\/wordpress\/wp-content\/uploads\/2023\/03\/SCR-20230312-i1i-1024x734.jpeg 1024w, https:\/\/www.radiopiu.net\/wordpress\/wp-content\/uploads\/2023\/03\/SCR-20230312-i1i-768x550.jpeg 768w, https:\/\/www.radiopiu.net\/wordpress\/wp-content\/uploads\/2023\/03\/SCR-20230312-i1i.jpeg 1164w\" sizes=\"auto, (max-width: 133px) 100vw, 133px\" \/><\/a>GOSALDO<\/strong> Chiusura di stagione per gli impianti di risalita di Forcella Aurine dove gli amanti degli sci si sono ritrovati con attrezzatura e vestiti di una volta per trascorrere una giornata di festa. Una giornata in allegria per chiudere la stagione invernale&#8230;ma il Risto Bar Ghegi rimane comunque aperto anche nei prossimi giorni.<\/p>\n<p><strong>LE FOTO<\/strong><\/p>\n\n\t\t\t<style type='text\/css'>\n\t\t\t\t#gallery-5 {\n\t\t\t\t\tmargin: auto;\n\t\t\t\t}\n\t\t\t\t#gallery-5 .gallery-item {\n\t\t\t\t\tfloat: left;\n\t\t\t\t\tmargin-top: 10px;\n\t\t\t\t\ttext-align: center;\n\t\t\t\t\twidth: 16%;\n\t\t\t\t}\n\t\t\t\t#gallery-5 img {\n\t\t\t\t\tborder: 2px solid #cfcfcf;\n\t\t\t\t}\n\t\t\t\t#gallery-5 .gallery-caption {\n\t\t\t\t\tmargin-left: 0;\n\t\t\t\t}\n\t\t\t\t\/* see gallery_shortcode() in wp-includes\/media.php *\/\n\t\t\t<\/style>\n\t\t<div id='gallery-5' class='dt-gallery-container gallery galleryid-326001 gallery-columns-6 gallery-size-thumbnail'><dl class='gallery-item'>\n\t\t\t\t<dt class='gallery-icon portrait'>\n\t\t\t\t\t<a class=\"rollover rollover-zoom dt-pswp-item\" title=\"b3ed4416-c827-4231-aad5-bcf1ce279921\" data-dt-img-description=\"\" data-large_image_width=\"1536\" data-large_image_height=\"2048\"href='https:\/\/www.radiopiu.net\/wordpress\/wp-content\/uploads\/2023\/03\/b3ed4416-c827-4231-aad5-bcf1ce279921.jpg'><img loading=\"lazy\" decoding=\"async\" width=\"150\" height=\"150\" src=\"https:\/\/www.radiopiu.net\/wordpress\/wp-content\/uploads\/2023\/03\/b3ed4416-c827-4231-aad5-bcf1ce279921-150x150.jpg\" class=\"attachment-thumbnail size-thumbnail\" alt=\"\" \/><\/a>\n\t\t\t\t<\/dt><\/dl><dl class='gallery-item'>\n\t\t\t\t<dt class='gallery-icon portrait'>\n\t\t\t\t\t<a class=\"rollover rollover-zoom dt-pswp-item\" title=\"91f3af16-5b0c-4c33-b0c1-91e082710bde\" data-dt-img-description=\"\" data-large_image_width=\"1536\" data-large_image_height=\"2048\"href='https:\/\/www.radiopiu.net\/wordpress\/wp-content\/uploads\/2023\/03\/91f3af16-5b0c-4c33-b0c1-91e082710bde.jpg'><img loading=\"lazy\" decoding=\"async\" width=\"150\" height=\"150\" src=\"https:\/\/www.radiopiu.net\/wordpress\/wp-content\/uploads\/2023\/03\/91f3af16-5b0c-4c33-b0c1-91e082710bde-150x150.jpg\" class=\"attachment-thumbnail size-thumbnail\" alt=\"\" \/><\/a>\n\t\t\t\t<\/dt><\/dl><dl class='gallery-item'>\n\t\t\t\t<dt class='gallery-icon portrait'>\n\t\t\t\t\t<a class=\"rollover rollover-zoom dt-pswp-item\" title=\"d93732d8-3943-47d4-9036-525540311c0b\" data-dt-img-description=\"\" data-large_image_width=\"1536\" data-large_image_height=\"2048\"href='https:\/\/www.radiopiu.net\/wordpress\/wp-content\/uploads\/2023\/03\/d93732d8-3943-47d4-9036-525540311c0b.jpg'><img loading=\"lazy\" decoding=\"async\" width=\"150\" height=\"150\" src=\"https:\/\/www.radiopiu.net\/wordpress\/wp-content\/uploads\/2023\/03\/d93732d8-3943-47d4-9036-525540311c0b-150x150.jpg\" class=\"attachment-thumbnail size-thumbnail\" alt=\"\" \/><\/a>\n\t\t\t\t<\/dt><\/dl><dl class='gallery-item'>\n\t\t\t\t<dt class='gallery-icon portrait'>\n\t\t\t\t\t<a class=\"rollover rollover-zoom dt-pswp-item\" title=\"300e7327-f083-4ecd-bff5-49f4676699e7\" data-dt-img-description=\"\" data-large_image_width=\"1536\" data-large_image_height=\"2048\"href='https:\/\/www.radiopiu.net\/wordpress\/wp-content\/uploads\/2023\/03\/300e7327-f083-4ecd-bff5-49f4676699e7.jpg'><img loading=\"lazy\" decoding=\"async\" width=\"150\" height=\"150\" src=\"https:\/\/www.radiopiu.net\/wordpress\/wp-content\/uploads\/2023\/03\/300e7327-f083-4ecd-bff5-49f4676699e7-150x150.jpg\" class=\"attachment-thumbnail size-thumbnail\" alt=\"\" \/><\/a>\n\t\t\t\t<\/dt><\/dl><dl class='gallery-item'>\n\t\t\t\t<dt class='gallery-icon portrait'>\n\t\t\t\t\t<a class=\"rollover rollover-zoom dt-pswp-item\" title=\"ec04c697-86d6-4fcc-8dd0-ac413c9b8fb9\" data-dt-img-description=\"\" data-large_image_width=\"1536\" data-large_image_height=\"2048\"href='https:\/\/www.radiopiu.net\/wordpress\/wp-content\/uploads\/2023\/03\/ec04c697-86d6-4fcc-8dd0-ac413c9b8fb9.jpg'><img loading=\"lazy\" decoding=\"async\" width=\"150\" height=\"150\" src=\"https:\/\/www.radiopiu.net\/wordpress\/wp-content\/uploads\/2023\/03\/ec04c697-86d6-4fcc-8dd0-ac413c9b8fb9-150x150.jpg\" class=\"attachment-thumbnail size-thumbnail\" alt=\"\" \/><\/a>\n\t\t\t\t<\/dt><\/dl><dl class='gallery-item'>\n\t\t\t\t<dt class='gallery-icon portrait'>\n\t\t\t\t\t<a class=\"rollover rollover-zoom dt-pswp-item\" title=\"1646b543-48d7-4c52-b301-21c5b5435d14\" data-dt-img-description=\"\" data-large_image_width=\"1536\" data-large_image_height=\"2048\"href='https:\/\/www.radiopiu.net\/wordpress\/wp-content\/uploads\/2023\/03\/1646b543-48d7-4c52-b301-21c5b5435d14.jpg'><img loading=\"lazy\" decoding=\"async\" width=\"150\" height=\"150\" src=\"https:\/\/www.radiopiu.net\/wordpress\/wp-content\/uploads\/2023\/03\/1646b543-48d7-4c52-b301-21c5b5435d14-150x150.jpg\" class=\"attachment-thumbnail size-thumbnail\" alt=\"\" \/><\/a>\n\t\t\t\t<\/dt><\/dl><br style=\"clear: both\" \/><dl class='gallery-item'>\n\t\t\t\t<dt class='gallery-icon portrait'>\n\t\t\t\t\t<a class=\"rollover rollover-zoom dt-pswp-item\" title=\"3d254ed3-0134-4ac4-9d8a-487fff430135\" data-dt-img-description=\"\" data-large_image_width=\"1536\" data-large_image_height=\"2048\"href='https:\/\/www.radiopiu.net\/wordpress\/wp-content\/uploads\/2023\/03\/3d254ed3-0134-4ac4-9d8a-487fff430135.jpg'><img loading=\"lazy\" decoding=\"async\" width=\"150\" height=\"150\" src=\"https:\/\/www.radiopiu.net\/wordpress\/wp-content\/uploads\/2023\/03\/3d254ed3-0134-4ac4-9d8a-487fff430135-150x150.jpg\" class=\"attachment-thumbnail size-thumbnail\" alt=\"\" \/><\/a>\n\t\t\t\t<\/dt><\/dl><dl class='gallery-item'>\n\t\t\t\t<dt class='gallery-icon portrait'>\n\t\t\t\t\t<a class=\"rollover rollover-zoom dt-pswp-item\" title=\"e6f9e3de-b706-441d-8fc5-06df4de3badb\" data-dt-img-description=\"\" data-large_image_width=\"1536\" data-large_image_height=\"2048\"href='https:\/\/www.radiopiu.net\/wordpress\/wp-content\/uploads\/2023\/03\/e6f9e3de-b706-441d-8fc5-06df4de3badb.jpg'><img loading=\"lazy\" decoding=\"async\" width=\"150\" height=\"150\" src=\"https:\/\/www.radiopiu.net\/wordpress\/wp-content\/uploads\/2023\/03\/e6f9e3de-b706-441d-8fc5-06df4de3badb-150x150.jpg\" class=\"attachment-thumbnail size-thumbnail\" alt=\"\" \/><\/a>\n\t\t\t\t<\/dt><\/dl><dl class='gallery-item'>\n\t\t\t\t<dt class='gallery-icon portrait'>\n\t\t\t\t\t<a class=\"rollover rollover-zoom dt-pswp-item\" title=\"99ac41ea-cf65-4342-816c-c198722c9e66\" data-dt-img-description=\"\" data-large_image_width=\"1536\" data-large_image_height=\"2048\"href='https:\/\/www.radiopiu.net\/wordpress\/wp-content\/uploads\/2023\/03\/99ac41ea-cf65-4342-816c-c198722c9e66.jpg'><img loading=\"lazy\" decoding=\"async\" width=\"150\" height=\"150\" src=\"https:\/\/www.radiopiu.net\/wordpress\/wp-content\/uploads\/2023\/03\/99ac41ea-cf65-4342-816c-c198722c9e66-150x150.jpg\" class=\"attachment-thumbnail size-thumbnail\" alt=\"\" \/><\/a>\n\t\t\t\t<\/dt><\/dl><dl class='gallery-item'>\n\t\t\t\t<dt class='gallery-icon portrait'>\n\t\t\t\t\t<a class=\"rollover rollover-zoom dt-pswp-item\" title=\"d836c961-3587-40d5-b762-79f1e141dd01\" data-dt-img-description=\"\" data-large_image_width=\"1536\" data-large_image_height=\"2048\"href='https:\/\/www.radiopiu.net\/wordpress\/wp-content\/uploads\/2023\/03\/d836c961-3587-40d5-b762-79f1e141dd01.jpg'><img loading=\"lazy\" decoding=\"async\" width=\"150\" height=\"150\" src=\"https:\/\/www.radiopiu.net\/wordpress\/wp-content\/uploads\/2023\/03\/d836c961-3587-40d5-b762-79f1e141dd01-150x150.jpg\" class=\"attachment-thumbnail size-thumbnail\" alt=\"\" \/><\/a>\n\t\t\t\t<\/dt><\/dl><dl class='gallery-item'>\n\t\t\t\t<dt class='gallery-icon portrait'>\n\t\t\t\t\t<a class=\"rollover rollover-zoom dt-pswp-item\" title=\"bbf58a1b-34af-4ff4-b923-f079abff8e8d\" data-dt-img-description=\"\" data-large_image_width=\"1536\" data-large_image_height=\"2048\"href='https:\/\/www.radiopiu.net\/wordpress\/wp-content\/uploads\/2023\/03\/bbf58a1b-34af-4ff4-b923-f079abff8e8d.jpg'><img loading=\"lazy\" decoding=\"async\" width=\"150\" height=\"150\" src=\"https:\/\/www.radiopiu.net\/wordpress\/wp-content\/uploads\/2023\/03\/bbf58a1b-34af-4ff4-b923-f079abff8e8d-150x150.jpg\" class=\"attachment-thumbnail size-thumbnail\" alt=\"\" \/><\/a>\n\t\t\t\t<\/dt><\/dl><dl class='gallery-item'>\n\t\t\t\t<dt class='gallery-icon landscape'>\n\t\t\t\t\t<a class=\"rollover rollover-zoom dt-pswp-item\" title=\"87eced60-8de3-4600-a264-90141afb12d4\" data-dt-img-description=\"\" data-large_image_width=\"2048\" data-large_image_height=\"1536\"href='https:\/\/www.radiopiu.net\/wordpress\/wp-content\/uploads\/2023\/03\/87eced60-8de3-4600-a264-90141afb12d4.jpg'><img loading=\"lazy\" decoding=\"async\" width=\"150\" height=\"150\" src=\"https:\/\/www.radiopiu.net\/wordpress\/wp-content\/uploads\/2023\/03\/87eced60-8de3-4600-a264-90141afb12d4-150x150.jpg\" class=\"attachment-thumbnail size-thumbnail\" alt=\"\" \/><\/a>\n\t\t\t\t<\/dt><\/dl><br style=\"clear: both\" \/>\n\t\t\t<\/div>\n\n<p>&nbsp;<\/p>\n<p><strong>LA DISCESA<\/strong><\/p>\n\n\t\t\t<style type='text\/css'>\n\t\t\t\t#gallery-6 {\n\t\t\t\t\tmargin: auto;\n\t\t\t\t}\n\t\t\t\t#gallery-6 .gallery-item {\n\t\t\t\t\tfloat: left;\n\t\t\t\t\tmargin-top: 10px;\n\t\t\t\t\ttext-align: center;\n\t\t\t\t\twidth: 14%;\n\t\t\t\t}\n\t\t\t\t#gallery-6 img {\n\t\t\t\t\tborder: 2px solid #cfcfcf;\n\t\t\t\t}\n\t\t\t\t#gallery-6 .gallery-caption {\n\t\t\t\t\tmargin-left: 0;\n\t\t\t\t}\n\t\t\t\t\/* see gallery_shortcode() in wp-includes\/media.php *\/\n\t\t\t<\/style>\n\t\t<div id='gallery-6' class='dt-gallery-container gallery galleryid-326001 gallery-columns-7 gallery-size-thumbnail'><dl class='gallery-item'>\n\t\t\t\t<dt class='gallery-icon portrait'>\n\t\t\t\t\t<a class=\"rollover\" href='https:\/\/www.radiopiu.net\/wordpress\/forcella-de-na-olta-sugli-sci-vestiti-come-una-volta\/723fae9b-bf54-47f4-bcc4-1d8e11659670\/'><img loading=\"lazy\" decoding=\"async\" width=\"150\" height=\"150\" src=\"https:\/\/www.radiopiu.net\/wordpress\/wp-content\/uploads\/2023\/03\/723fae9b-bf54-47f4-bcc4-1d8e11659670-150x150.jpg\" class=\"attachment-thumbnail size-thumbnail\" alt=\"\" \/><\/a>\n\t\t\t\t<\/dt><\/dl><dl class='gallery-item'>\n\t\t\t\t<dt class='gallery-icon portrait'>\n\t\t\t\t\t<a class=\"rollover\" href='https:\/\/www.radiopiu.net\/wordpress\/forcella-de-na-olta-sugli-sci-vestiti-come-una-volta\/6533cad8-be70-433a-9c0f-8bf9f492dab7\/'><img loading=\"lazy\" decoding=\"async\" width=\"150\" height=\"150\" src=\"https:\/\/www.radiopiu.net\/wordpress\/wp-content\/uploads\/2023\/03\/6533cad8-be70-433a-9c0f-8bf9f492dab7-150x150.jpg\" class=\"attachment-thumbnail size-thumbnail\" alt=\"\" \/><\/a>\n\t\t\t\t<\/dt><\/dl><dl class='gallery-item'>\n\t\t\t\t<dt class='gallery-icon landscape'>\n\t\t\t\t\t<a class=\"rollover\" href='https:\/\/www.radiopiu.net\/wordpress\/forcella-de-na-olta-sugli-sci-vestiti-come-una-volta\/59270a4e-cc6c-4a13-9aae-21e71ab61f5c\/'><img loading=\"lazy\" decoding=\"async\" width=\"150\" height=\"150\" src=\"https:\/\/www.radiopiu.net\/wordpress\/wp-content\/uploads\/2023\/03\/59270a4e-cc6c-4a13-9aae-21e71ab61f5c-150x150.jpg\" class=\"attachment-thumbnail size-thumbnail\" alt=\"\" \/><\/a>\n\t\t\t\t<\/dt><\/dl><dl class='gallery-item'>\n\t\t\t\t<dt class='gallery-icon portrait'>\n\t\t\t\t\t<a class=\"rollover\" href='https:\/\/www.radiopiu.net\/wordpress\/forcella-de-na-olta-sugli-sci-vestiti-come-una-volta\/a5e43a7a-dcef-42ec-8f85-c62238d05eb5\/'><img loading=\"lazy\" decoding=\"async\" width=\"150\" height=\"150\" src=\"https:\/\/www.radiopiu.net\/wordpress\/wp-content\/uploads\/2023\/03\/a5e43a7a-dcef-42ec-8f85-c62238d05eb5-150x150.jpg\" class=\"attachment-thumbnail size-thumbnail\" alt=\"\" \/><\/a>\n\t\t\t\t<\/dt><\/dl><dl class='gallery-item'>\n\t\t\t\t<dt class='gallery-icon landscape'>\n\t\t\t\t\t<a class=\"rollover\" href='https:\/\/www.radiopiu.net\/wordpress\/forcella-de-na-olta-sugli-sci-vestiti-come-una-volta\/70bbbb3f-9e09-43f1-abb3-2c462561de8a\/'><img loading=\"lazy\" decoding=\"async\" width=\"150\" height=\"150\" src=\"https:\/\/www.radiopiu.net\/wordpress\/wp-content\/uploads\/2023\/03\/70bbbb3f-9e09-43f1-abb3-2c462561de8a-150x150.jpg\" class=\"attachment-thumbnail size-thumbnail\" alt=\"\" \/><\/a>\n\t\t\t\t<\/dt><\/dl><dl class='gallery-item'>\n\t\t\t\t<dt class='gallery-icon portrait'>\n\t\t\t\t\t<a class=\"rollover\" href='https:\/\/www.radiopiu.net\/wordpress\/forcella-de-na-olta-sugli-sci-vestiti-come-una-volta\/aa780be1-8178-40e3-a368-3e6e230ee9b3\/'><img loading=\"lazy\" decoding=\"async\" width=\"150\" height=\"150\" src=\"https:\/\/www.radiopiu.net\/wordpress\/wp-content\/uploads\/2023\/03\/aa780be1-8178-40e3-a368-3e6e230ee9b3-150x150.jpg\" class=\"attachment-thumbnail size-thumbnail\" alt=\"\" \/><\/a>\n\t\t\t\t<\/dt><\/dl><dl class='gallery-item'>\n\t\t\t\t<dt class='gallery-icon portrait'>\n\t\t\t\t\t<a class=\"rollover\" href='https:\/\/www.radiopiu.net\/wordpress\/forcella-de-na-olta-sugli-sci-vestiti-come-una-volta\/1d3d34f0-aed9-4197-9862-4b9a5da34b36\/'><img loading=\"lazy\" decoding=\"async\" width=\"150\" height=\"150\" src=\"https:\/\/www.radiopiu.net\/wordpress\/wp-content\/uploads\/2023\/03\/1d3d34f0-aed9-4197-9862-4b9a5da34b36-150x150.jpg\" class=\"attachment-thumbnail size-thumbnail\" alt=\"\" \/><\/a>\n\t\t\t\t<\/dt><\/dl><br style=\"clear: both\" \/><dl class='gallery-item'>\n\t\t\t\t<dt class='gallery-icon portrait'>\n\t\t\t\t\t<a class=\"rollover\" href='https:\/\/www.radiopiu.net\/wordpress\/forcella-de-na-olta-sugli-sci-vestiti-come-una-volta\/2a9c1cef-954c-4e9e-b047-dc69b0d35591\/'><img loading=\"lazy\" decoding=\"async\" width=\"150\" height=\"150\" src=\"https:\/\/www.radiopiu.net\/wordpress\/wp-content\/uploads\/2023\/03\/2a9c1cef-954c-4e9e-b047-dc69b0d35591-150x150.jpg\" class=\"attachment-thumbnail size-thumbnail\" alt=\"\" \/><\/a>\n\t\t\t\t<\/dt><\/dl><dl class='gallery-item'>\n\t\t\t\t<dt class='gallery-icon portrait'>\n\t\t\t\t\t<a class=\"rollover\" href='https:\/\/www.radiopiu.net\/wordpress\/forcella-de-na-olta-sugli-sci-vestiti-come-una-volta\/f26a78ad-6f72-44f9-ab53-7173e60ba8a2\/'><img loading=\"lazy\" decoding=\"async\" width=\"150\" height=\"150\" src=\"https:\/\/www.radiopiu.net\/wordpress\/wp-content\/uploads\/2023\/03\/f26a78ad-6f72-44f9-ab53-7173e60ba8a2-150x150.jpg\" class=\"attachment-thumbnail size-thumbnail\" alt=\"\" \/><\/a>\n\t\t\t\t<\/dt><\/dl><dl class='gallery-item'>\n\t\t\t\t<dt class='gallery-icon portrait'>\n\t\t\t\t\t<a class=\"rollover\" href='https:\/\/www.radiopiu.net\/wordpress\/forcella-de-na-olta-sugli-sci-vestiti-come-una-volta\/6858f93b-acb8-49f1-be83-c5a240738d74\/'><img loading=\"lazy\" decoding=\"async\" width=\"150\" height=\"150\" src=\"https:\/\/www.radiopiu.net\/wordpress\/wp-content\/uploads\/2023\/03\/6858f93b-acb8-49f1-be83-c5a240738d74-150x150.jpg\" class=\"attachment-thumbnail size-thumbnail\" alt=\"\" \/><\/a>\n\t\t\t\t<\/dt><\/dl><dl class='gallery-item'>\n\t\t\t\t<dt class='gallery-icon portrait'>\n\t\t\t\t\t<a class=\"rollover\" href='https:\/\/www.radiopiu.net\/wordpress\/forcella-de-na-olta-sugli-sci-vestiti-come-una-volta\/1b46cce4-3b65-40f7-a0bf-3a9eddfbbcde\/'><img loading=\"lazy\" decoding=\"async\" width=\"150\" height=\"150\" src=\"https:\/\/www.radiopiu.net\/wordpress\/wp-content\/uploads\/2023\/03\/1b46cce4-3b65-40f7-a0bf-3a9eddfbbcde-150x150.jpg\" class=\"attachment-thumbnail size-thumbnail\" alt=\"\" \/><\/a>\n\t\t\t\t<\/dt><\/dl><dl class='gallery-item'>\n\t\t\t\t<dt class='gallery-icon portrait'>\n\t\t\t\t\t<a class=\"rollover\" href='https:\/\/www.radiopiu.net\/wordpress\/forcella-de-na-olta-sugli-sci-vestiti-come-una-volta\/05922170-ed73-4322-b507-922e0028453f\/'><img loading=\"lazy\" decoding=\"async\" width=\"150\" height=\"150\" src=\"https:\/\/www.radiopiu.net\/wordpress\/wp-content\/uploads\/2023\/03\/05922170-ed73-4322-b507-922e0028453f-150x150.jpg\" class=\"attachment-thumbnail size-thumbnail\" alt=\"\" \/><\/a>\n\t\t\t\t<\/dt><\/dl><dl class='gallery-item'>\n\t\t\t\t<dt class='gallery-icon portrait'>\n\t\t\t\t\t<a class=\"rollover\" href='https:\/\/www.radiopiu.net\/wordpress\/forcella-de-na-olta-sugli-sci-vestiti-come-una-volta\/239a664a-33a9-4c7d-b1d0-bf0e080e4d63\/'><img loading=\"lazy\" decoding=\"async\" width=\"150\" height=\"150\" src=\"https:\/\/www.radiopiu.net\/wordpress\/wp-content\/uploads\/2023\/03\/239a664a-33a9-4c7d-b1d0-bf0e080e4d63-150x150.jpg\" class=\"attachment-thumbnail size-thumbnail\" alt=\"\" \/><\/a>\n\t\t\t\t<\/dt><\/dl><dl class='gallery-item'>\n\t\t\t\t<dt class='gallery-icon portrait'>\n\t\t\t\t\t<a class=\"rollover\" href='https:\/\/www.radiopiu.net\/wordpress\/forcella-de-na-olta-sugli-sci-vestiti-come-una-volta\/6b32ed37-fdd5-43e0-a322-3dbecd008bbe\/'><img loading=\"lazy\" decoding=\"async\" width=\"150\" height=\"150\" src=\"https:\/\/www.radiopiu.net\/wordpress\/wp-content\/uploads\/2023\/03\/6b32ed37-fdd5-43e0-a322-3dbecd008bbe-150x150.jpg\" class=\"attachment-thumbnail size-thumbnail\" alt=\"\" \/><\/a>\n\t\t\t\t<\/dt><\/dl><br style=\"clear: both\" \/>\n\t\t\t<\/div>\n\n<p><strong>IL VIDEO RACCONTO DI SERENA SOPPERA<\/strong><\/p>\n<p><iframe loading=\"lazy\" title=\"FORCELLA DE NA OLTA! Una giornata Vintage sugli sci\" width=\"1200\" height=\"675\" src=\"https:\/\/www.youtube.com\/embed\/DP7KJ-UY2V8?feature=oembed\" frameborder=\"0\" allow=\"accelerometer; autoplay; clipboard-write; encrypted-media; gyroscope; picture-in-picture; web-share\" allowfullscreen><\/iframe><\/p>\n<p>&nbsp;<\/p>\n<p>&nbsp;<\/p>\n<hr \/>\n<p>&nbsp;<\/p>\n<blockquote>\n<h3>PULIAMO FELTRE, CON GLI ECOVOLONTARI DELLA COMUNITA&#8217; MONTANA FELTRINA<\/h3>\n<\/blockquote>\n<p><strong><a class=\"dt-pswp-item\" href=\"https:\/\/www.radiopiu.net\/wordpress\/wp-content\/uploads\/2022\/10\/2_depuratore-di-Feltre.jpg\" data-dt-img-description=\"\" data-large_image_width=\"1536\" data-large_image_height=\"2048\"><img loading=\"lazy\" decoding=\"async\" class=\" wp-image-302148 alignleft\" src=\"https:\/\/www.radiopiu.net\/wordpress\/wp-content\/uploads\/2022\/10\/2_depuratore-di-Feltre-225x300.jpg\" alt=\"\" width=\"154\" height=\"205\" srcset=\"https:\/\/www.radiopiu.net\/wordpress\/wp-content\/uploads\/2022\/10\/2_depuratore-di-Feltre-225x300.jpg 225w, https:\/\/www.radiopiu.net\/wordpress\/wp-content\/uploads\/2022\/10\/2_depuratore-di-Feltre-768x1024.jpg 768w, https:\/\/www.radiopiu.net\/wordpress\/wp-content\/uploads\/2022\/10\/2_depuratore-di-Feltre-1152x1536.jpg 1152w, https:\/\/www.radiopiu.net\/wordpress\/wp-content\/uploads\/2022\/10\/2_depuratore-di-Feltre.jpg 1536w\" sizes=\"auto, (max-width: 154px) 100vw, 154px\" \/><\/a>FELTRE <\/strong>La mattina di domenica 19 marzo sar\u00e0 dedicata a questa importante iniziativa, che vedr\u00e0 i volontari del Palio, ma anche tutti i cittadini che vorranno aderire, impegnati nella pulizia della citt\u00e0 di Feltre, con particolare riferimento a luoghi o frazioni particolarmente significativi per i Quartieri. Il ritrovo \u00e8 previsto alle ore 8.30 a Pra\u2019 del Moro.\u00a0 La giornata, coordinata da alcuni volontari degli Ecovolontari, si concluder\u00e0 alle 13.00.Per l\u2019iscrizione si potr\u00e0 inviare una mail con i propri dati (cognome e nome, luogo e data di nascita, codice fiscale e indirizzo) alla mail ecovolontari.umfeltre@gmail.com o come messaggio privato alla pagina facebook <strong>@ecovolontari.umfeltre<\/strong>: questo consentir\u00e0 di attivare l\u2019assicurazione necessaria per partecipare alle attivit\u00e0.<\/p>\n<p>&nbsp;<\/p>\n<p>&nbsp;<\/p>\n<p>&nbsp;<\/p>\n<p>&nbsp;<\/p>\n<hr \/>\n<p>&nbsp;<\/p>\n<blockquote>\n<h3>GIORGIO PERLASCA A CANALE D&#8217;AGORDO<\/h3>\n<\/blockquote>\n<p><strong><a class=\"dt-pswp-item\" href=\"https:\/\/www.radiopiu.net\/wordpress\/wp-content\/uploads\/2023\/03\/Senza-nome-24.jpg\" data-dt-img-description=\"\" data-large_image_width=\"618\" data-large_image_height=\"463\"><img loading=\"lazy\" decoding=\"async\" class=\" wp-image-325246 alignleft\" src=\"https:\/\/www.radiopiu.net\/wordpress\/wp-content\/uploads\/2023\/03\/Senza-nome-24-300x225.jpg\" alt=\"\" width=\"203\" height=\"152\" srcset=\"https:\/\/www.radiopiu.net\/wordpress\/wp-content\/uploads\/2023\/03\/Senza-nome-24-300x225.jpg 300w, https:\/\/www.radiopiu.net\/wordpress\/wp-content\/uploads\/2023\/03\/Senza-nome-24.jpg 618w\" sizes=\"auto, (max-width: 203px) 100vw, 203px\" \/><\/a><\/strong><\/p>\n<p><strong>CANALE D&#8217;AGORDO <\/strong>Con il patrocinio del comune di Canale d\u2019Agordo e dell\u2019Associazione Libera Agordino, contributo di Cassa Rurale Dolomiti e Birreria Costa.<\/p>\n<p><strong>GIANNI SANTOMASO<\/strong><\/p>\n<audio class=\"wp-audio-shortcode\" id=\"audio-326001-10\" preload=\"none\" style=\"width: 100%;\" controls=\"controls\"><source type=\"audio\/mpeg\" src=\"https:\/\/www.radiopiu.net\/wordpress\/wp-content\/uploads\/2023\/03\/GIANNI-GIORGIO-PERLASCA.mp3?_=10\" \/><a href=\"https:\/\/www.radiopiu.net\/wordpress\/wp-content\/uploads\/2023\/03\/GIANNI-GIORGIO-PERLASCA.mp3\">https:\/\/www.radiopiu.net\/wordpress\/wp-content\/uploads\/2023\/03\/GIANNI-GIORGIO-PERLASCA.mp3<\/a><\/audio>\n<p>&nbsp;<\/p>\n<p>&nbsp;<\/p>\n<p>&nbsp;<\/p>\n<hr \/>\n<p>&nbsp;<\/p>\n<p><strong>ATOMIC PARTY CON I FUTURI PERITI CHIMICI, DUE SERATA DI FESTA, LISCIO E DISCOTECA CON DJ BISSO, 17-18 MARZO AL PALFALCADE. APERITIVI, GIOCHI, BALLI&#8230; DIVERTIMENTO\u00a0<\/strong><\/p>\n<p><a class=\"dt-pswp-item\" href=\"https:\/\/www.radiopiu.net\/wordpress\/wp-content\/uploads\/2023\/03\/Donazione-CDL-Ecografo-Ospedale-Borgo-Trento-1-300x225-1.jpeg\" data-dt-img-description=\"\" data-large_image_width=\"1122\" data-large_image_height=\"374\"><img loading=\"lazy\" decoding=\"async\" class=\"size-medium wp-image-324677 aligncenter\" src=\"https:\/\/www.radiopiu.net\/wordpress\/wp-content\/uploads\/2023\/03\/Donazione-CDL-Ecografo-Ospedale-Borgo-Trento-1-300x225-1-300x100.jpeg\" alt=\"\" width=\"300\" height=\"100\" srcset=\"https:\/\/www.radiopiu.net\/wordpress\/wp-content\/uploads\/2023\/03\/Donazione-CDL-Ecografo-Ospedale-Borgo-Trento-1-300x225-1-300x100.jpeg 300w, https:\/\/www.radiopiu.net\/wordpress\/wp-content\/uploads\/2023\/03\/Donazione-CDL-Ecografo-Ospedale-Borgo-Trento-1-300x225-1-1024x341.jpeg 1024w, https:\/\/www.radiopiu.net\/wordpress\/wp-content\/uploads\/2023\/03\/Donazione-CDL-Ecografo-Ospedale-Borgo-Trento-1-300x225-1-768x256.jpeg 768w, https:\/\/www.radiopiu.net\/wordpress\/wp-content\/uploads\/2023\/03\/Donazione-CDL-Ecografo-Ospedale-Borgo-Trento-1-300x225-1.jpeg 1122w\" sizes=\"auto, (max-width: 300px) 100vw, 300px\" \/><\/a><a class=\"dt-pswp-item\" href=\"https:\/\/www.radiopiu.net\/wordpress\/wp-content\/uploads\/2023\/03\/Atomic-Party-2023-1.jpg\" data-dt-img-description=\"\" data-large_image_width=\"1032\" data-large_image_height=\"1141\"><img loading=\"lazy\" decoding=\"async\" class=\"size-medium wp-image-324664 aligncenter\" src=\"https:\/\/www.radiopiu.net\/wordpress\/wp-content\/uploads\/2023\/03\/Atomic-Party-2023-1-271x300.jpg\" alt=\"\" width=\"271\" height=\"300\" srcset=\"https:\/\/www.radiopiu.net\/wordpress\/wp-content\/uploads\/2023\/03\/Atomic-Party-2023-1-271x300.jpg 271w, https:\/\/www.radiopiu.net\/wordpress\/wp-content\/uploads\/2023\/03\/Atomic-Party-2023-1-926x1024.jpg 926w, https:\/\/www.radiopiu.net\/wordpress\/wp-content\/uploads\/2023\/03\/Atomic-Party-2023-1-768x849.jpg 768w, https:\/\/www.radiopiu.net\/wordpress\/wp-content\/uploads\/2023\/03\/Atomic-Party-2023-1.jpg 1032w\" sizes=\"auto, (max-width: 271px) 100vw, 271px\" \/><\/a><\/p>\n<p>&nbsp;<\/p>\n<p>&nbsp;<\/p>\n<hr \/>\n<blockquote>\n<h3><\/h3>\n<h3>IL 19 MARZO TORNA SUL BROI LA VECIA POPA<\/h3>\n<\/blockquote>\n<p><strong>AGORDO<\/strong>\u00a0La Vecia Popa \u00e8 pronta per tonare sul Broi di Agordo . L\u2019Appuntamento \u00e8 per domenica 19 marzo con la festa e l\u2019atteso testamento.<\/p>\n<div id=\"gallery-5\" class=\"dt-gallery-container gallery galleryid-323239 gallery-columns-2 gallery-size-medium\">\n<dl class=\"gallery-item\">\n<dt class=\"gallery-icon landscape\"><a class=\"rollover rollover-zoom dt-pswp-item pspw-wrap-ready this-ready\" title=\"dee7dc2b-e175-4363-a25e-dfe83fa36671\" href=\"https:\/\/www.radiopiu.net\/wordpress\/wp-content\/uploads\/2023\/02\/dee7dc2b-e175-4363-a25e-dfe83fa36671.jpg\" data-dt-img-description=\"\" data-large_image_width=\"813\" data-large_image_height=\"540\"><img loading=\"lazy\" decoding=\"async\" class=\"attachment-medium size-medium\" src=\"https:\/\/www.radiopiu.net\/wordpress\/wp-content\/uploads\/2023\/02\/dee7dc2b-e175-4363-a25e-dfe83fa36671-300x199.jpg\" sizes=\"auto, (max-width: 300px) 100vw, 300px\" srcset=\"https:\/\/www.radiopiu.net\/wordpress\/wp-content\/uploads\/2023\/02\/dee7dc2b-e175-4363-a25e-dfe83fa36671-300x199.jpg 300w, https:\/\/www.radiopiu.net\/wordpress\/wp-content\/uploads\/2023\/02\/dee7dc2b-e175-4363-a25e-dfe83fa36671-768x510.jpg 768w, https:\/\/www.radiopiu.net\/wordpress\/wp-content\/uploads\/2023\/02\/dee7dc2b-e175-4363-a25e-dfe83fa36671.jpg 813w\" alt=\"\" width=\"300\" height=\"199\" \/><i><\/i><\/a><\/dt>\n<\/dl>\n<dl class=\"gallery-item\">\n<dt class=\"gallery-icon landscape\"><a class=\"rollover rollover-zoom dt-pswp-item pspw-wrap-ready this-ready\" title=\"ddc0aeda-a4e9-4a5b-b809-227e841efa46\" href=\"https:\/\/www.radiopiu.net\/wordpress\/wp-content\/uploads\/2023\/02\/ddc0aeda-a4e9-4a5b-b809-227e841efa46.jpg\" data-dt-img-description=\"\" data-large_image_width=\"300\" data-large_image_height=\"199\"><img loading=\"lazy\" decoding=\"async\" class=\"attachment-medium size-medium\" src=\"https:\/\/www.radiopiu.net\/wordpress\/wp-content\/uploads\/2023\/02\/ddc0aeda-a4e9-4a5b-b809-227e841efa46.jpg\" alt=\"\" width=\"300\" height=\"199\" \/><\/a><\/dt>\n<\/dl>\n<\/div>\n<p>&nbsp;<\/p>\n<hr \/>\n<p>&nbsp;<\/p>\n<p>&nbsp;<\/p>\n<blockquote>\n<h2>SAGRA DE PASCA 2023<\/h2>\n<\/blockquote>\n<h3>APRILE&#8230;. 6 &#8211; 7 &#8211; 8 &#8211; 9 LA SAGRA DE PASCA Scusate il ritardo&#8230;. Si riparte ancora pi\u00f9 forte GRUPPO SPORTIVO, DONATORI DEL SANGUE E PROLOCO DI TAIBON AGORDINO &#8230;..<\/h3>\n<h3>ALLA RADIO&#8230;.<\/h3>\n<audio class=\"wp-audio-shortcode\" id=\"audio-326001-11\" preload=\"none\" style=\"width: 100%;\" controls=\"controls\"><source type=\"audio\/mpeg\" src=\"https:\/\/www.radiopiu.net\/wordpress\/wp-content\/uploads\/2023\/03\/SAGRADEPASCA_02_BA_0903.mp3?_=11\" \/><a href=\"https:\/\/www.radiopiu.net\/wordpress\/wp-content\/uploads\/2023\/03\/SAGRADEPASCA_02_BA_0903.mp3\">https:\/\/www.radiopiu.net\/wordpress\/wp-content\/uploads\/2023\/03\/SAGRADEPASCA_02_BA_0903.mp3<\/a><\/audio>\n<audio class=\"wp-audio-shortcode\" id=\"audio-326001-12\" preload=\"none\" style=\"width: 100%;\" controls=\"controls\"><source type=\"audio\/mpeg\" src=\"https:\/\/www.radiopiu.net\/wordpress\/wp-content\/uploads\/2023\/03\/SAGRADEPASCA_03_BA_0903.mp3?_=12\" \/><a href=\"https:\/\/www.radiopiu.net\/wordpress\/wp-content\/uploads\/2023\/03\/SAGRADEPASCA_03_BA_0903.mp3\">https:\/\/www.radiopiu.net\/wordpress\/wp-content\/uploads\/2023\/03\/SAGRADEPASCA_03_BA_0903.mp3<\/a><\/audio>\n<audio class=\"wp-audio-shortcode\" id=\"audio-326001-13\" preload=\"none\" style=\"width: 100%;\" controls=\"controls\"><source type=\"audio\/mpeg\" src=\"https:\/\/www.radiopiu.net\/wordpress\/wp-content\/uploads\/2023\/03\/SAGRADEPASCA_01_BA_0903.mp3?_=13\" \/><a href=\"https:\/\/www.radiopiu.net\/wordpress\/wp-content\/uploads\/2023\/03\/SAGRADEPASCA_01_BA_0903.mp3\">https:\/\/www.radiopiu.net\/wordpress\/wp-content\/uploads\/2023\/03\/SAGRADEPASCA_01_BA_0903.mp3<\/a><\/audio>\n<h3><\/h3>\n<a href=\"https:\/\/www.radiopiu.net\/wordpress\/wp-content\/uploads\/2023\/03\/manifesto-2023-2.pdf\" class=\"pdfemb-viewer\" style=\"\" data-width=\"max\" data-height=\"max\" data-toolbar=\"top\" data-toolbar-fixed=\"on\">manifesto-2023-2<\/a>\n<p>&nbsp;<\/p>\n<p>&nbsp;<\/p>\n<p>&nbsp;<\/p>\n<p>&nbsp;<\/p>\n<hr \/>\n<p>&nbsp;<\/p>\n<h3><span style=\"color: #ff0000;\"><strong>BIRRERIA IN PEDAVENA, LA VALLE AGORDINA\u00a0<\/strong><\/span><\/h3>\n<p><strong>alla radio<\/strong><\/p>\n<audio class=\"wp-audio-shortcode\" id=\"audio-326001-14\" preload=\"none\" style=\"width: 100%;\" controls=\"controls\"><source type=\"audio\/mpeg\" src=\"https:\/\/www.radiopiu.net\/wordpress\/wp-content\/uploads\/2023\/03\/re-union-c.mp3?_=14\" \/><a href=\"https:\/\/www.radiopiu.net\/wordpress\/wp-content\/uploads\/2023\/03\/re-union-c.mp3\">https:\/\/www.radiopiu.net\/wordpress\/wp-content\/uploads\/2023\/03\/re-union-c.mp3<\/a><\/audio>\n<p>&nbsp;<\/p>\n<p><a class=\"dt-pswp-item\" href=\"https:\/\/www.radiopiu.net\/wordpress\/wp-content\/uploads\/2023\/03\/b792042d-80e5-4ca6-b404-baac8e9b3b6c.jpg\" data-dt-img-description=\"\" data-large_image_width=\"953\" data-large_image_height=\"953\"><img loading=\"lazy\" decoding=\"async\" class=\"size-medium wp-image-325414 aligncenter\" src=\"https:\/\/www.radiopiu.net\/wordpress\/wp-content\/uploads\/2023\/03\/b792042d-80e5-4ca6-b404-baac8e9b3b6c-300x300.jpg\" alt=\"\" width=\"300\" height=\"300\" srcset=\"https:\/\/www.radiopiu.net\/wordpress\/wp-content\/uploads\/2023\/03\/b792042d-80e5-4ca6-b404-baac8e9b3b6c-300x300.jpg 300w, https:\/\/www.radiopiu.net\/wordpress\/wp-content\/uploads\/2023\/03\/b792042d-80e5-4ca6-b404-baac8e9b3b6c-150x150.jpg 150w, https:\/\/www.radiopiu.net\/wordpress\/wp-content\/uploads\/2023\/03\/b792042d-80e5-4ca6-b404-baac8e9b3b6c-768x768.jpg 768w, https:\/\/www.radiopiu.net\/wordpress\/wp-content\/uploads\/2023\/03\/b792042d-80e5-4ca6-b404-baac8e9b3b6c.jpg 953w\" sizes=\"auto, (max-width: 300px) 100vw, 300px\" \/><\/a><\/p>\n<p>&nbsp;<\/p>\n<p>&nbsp;<\/p>\n<hr \/>\n<p>&nbsp;<\/p>\n<blockquote>\n<h3>&#8220;CHECK-IN&#8221; IL NUOVO SINGOLO DI MATTIA ANDRICH<\/h3>\n<\/blockquote>\n<p><strong><a class=\"dt-pswp-item\" href=\"https:\/\/www.radiopiu.net\/wordpress\/wp-content\/uploads\/2023\/03\/05a9d7a6-589b-4554-93cc-009d1edceee0.jpg\" data-dt-img-description=\"\" data-large_image_width=\"1024\" data-large_image_height=\"1014\"><img loading=\"lazy\" decoding=\"async\" class=\" wp-image-325829 alignleft\" src=\"https:\/\/www.radiopiu.net\/wordpress\/wp-content\/uploads\/2023\/03\/05a9d7a6-589b-4554-93cc-009d1edceee0-300x297.jpg\" alt=\"\" width=\"175\" height=\"173\" srcset=\"https:\/\/www.radiopiu.net\/wordpress\/wp-content\/uploads\/2023\/03\/05a9d7a6-589b-4554-93cc-009d1edceee0-300x297.jpg 300w, https:\/\/www.radiopiu.net\/wordpress\/wp-content\/uploads\/2023\/03\/05a9d7a6-589b-4554-93cc-009d1edceee0-768x761.jpg 768w, https:\/\/www.radiopiu.net\/wordpress\/wp-content\/uploads\/2023\/03\/05a9d7a6-589b-4554-93cc-009d1edceee0.jpg 1024w\" sizes=\"auto, (max-width: 175px) 100vw, 175px\" \/><\/a>di Marco Gaz<\/strong><\/p>\n<p><strong>REDAZIONE<\/strong> Dopo &#8220;Amaca&#8221; e &#8220;Tempo Perso&#8221;, Mattia Andrich torna negli studi di Radio Pi\u00f9 per presentare il nuovo singolo dal titolo &#8220;Check-In&#8221;. &#8220;Check-in \u00e8 una canzone nata per chiedere scusa a tutte quelle persone a cui non dedichiamo le giuste attenzioni, persi nei nostri pensieri, nei nostri problemi o nei nostri sogni a occhi aperti. Ma \u00e8 anche una canzone che ho scritto per spiegare come mi sento spesso, immobile a guardare la mia vita che corre, mentre io tiro il freno a mano. Come in un aeroporto, senza nessun biglietto, aspettando il mio decollo, ma stando fermo fuori dal check-in. Il barno si pu\u00f2 ascoltare su tutte le principali piattaforme digitali di streaming musicale.<\/p>\n<p><strong>L&#8217;INTERVISTA A MATTIA ANDRICH<\/strong><\/p>\n<audio class=\"wp-audio-shortcode\" id=\"audio-326001-15\" preload=\"none\" style=\"width: 100%;\" controls=\"controls\"><source type=\"audio\/mpeg\" src=\"https:\/\/www.radiopiu.net\/wordpress\/wp-content\/uploads\/2023\/03\/MATTIA-ANDRICH-NUOVO-SINGOLO.mp3?_=15\" \/><a href=\"https:\/\/www.radiopiu.net\/wordpress\/wp-content\/uploads\/2023\/03\/MATTIA-ANDRICH-NUOVO-SINGOLO.mp3\">https:\/\/www.radiopiu.net\/wordpress\/wp-content\/uploads\/2023\/03\/MATTIA-ANDRICH-NUOVO-SINGOLO.mp3<\/a><\/audio>\n<p>&nbsp;<\/p>\n<p><iframe loading=\"lazy\" title=\"Mattia Andrich - Check-in\" width=\"1200\" height=\"675\" src=\"https:\/\/www.youtube.com\/embed\/1ukNpfgjHjQ?feature=oembed\" frameborder=\"0\" allow=\"accelerometer; autoplay; clipboard-write; encrypted-media; gyroscope; picture-in-picture; web-share\" allowfullscreen><\/iframe><\/p>\n<p>&nbsp;<\/p>\n<hr \/>\n<p>&nbsp;<\/p>\n<blockquote>\n<h3>IL MATRIMONIO DEI NOSTRI AMICI<\/h3>\n<\/blockquote>\n<p><strong>REDAZIONE <\/strong>Sabato si sono detti si Pierantonio Zanchetta, gi\u00e0 nota voce radiofonica, e Paola Vedana. Li inanella il Presidente della Provincia Roberto Padrin. Li immortala il grande fotografo bellunese Luca Zanfron. Alla bellissima coppia tanti aguri da tutta la Radio Pi\u00f9!!!<\/p>\n\n\t\t\t<style type='text\/css'>\n\t\t\t\t#gallery-7 {\n\t\t\t\t\tmargin: auto;\n\t\t\t\t}\n\t\t\t\t#gallery-7 .gallery-item {\n\t\t\t\t\tfloat: left;\n\t\t\t\t\tmargin-top: 10px;\n\t\t\t\t\ttext-align: center;\n\t\t\t\t\twidth: 33%;\n\t\t\t\t}\n\t\t\t\t#gallery-7 img {\n\t\t\t\t\tborder: 2px solid #cfcfcf;\n\t\t\t\t}\n\t\t\t\t#gallery-7 .gallery-caption {\n\t\t\t\t\tmargin-left: 0;\n\t\t\t\t}\n\t\t\t\t\/* see gallery_shortcode() in wp-includes\/media.php *\/\n\t\t\t<\/style>\n\t\t<div id='gallery-7' class='dt-gallery-container gallery galleryid-326001 gallery-columns-3 gallery-size-thumbnail'><dl class='gallery-item'>\n\t\t\t\t<dt class='gallery-icon portrait'>\n\t\t\t\t\t<a class=\"rollover rollover-zoom dt-pswp-item\" title=\"e39419a0-1e53-4359-80e0-ba8b6e1127d5\" data-dt-img-description=\"\" data-large_image_width=\"1066\" data-large_image_height=\"1600\"href='https:\/\/www.radiopiu.net\/wordpress\/wp-content\/uploads\/2023\/03\/e39419a0-1e53-4359-80e0-ba8b6e1127d5.jpg'><img loading=\"lazy\" decoding=\"async\" width=\"150\" height=\"150\" src=\"https:\/\/www.radiopiu.net\/wordpress\/wp-content\/uploads\/2023\/03\/e39419a0-1e53-4359-80e0-ba8b6e1127d5-150x150.jpg\" class=\"attachment-thumbnail size-thumbnail\" alt=\"\" \/><\/a>\n\t\t\t\t<\/dt><\/dl><dl class='gallery-item'>\n\t\t\t\t<dt class='gallery-icon landscape'>\n\t\t\t\t\t<a class=\"rollover rollover-zoom dt-pswp-item\" title=\"0b2eb9fe-db5e-4dbe-bd5e-d60145631530\" data-dt-img-description=\"\" data-large_image_width=\"1600\" data-large_image_height=\"1066\"href='https:\/\/www.radiopiu.net\/wordpress\/wp-content\/uploads\/2023\/03\/0b2eb9fe-db5e-4dbe-bd5e-d60145631530.jpg'><img loading=\"lazy\" decoding=\"async\" width=\"150\" height=\"150\" src=\"https:\/\/www.radiopiu.net\/wordpress\/wp-content\/uploads\/2023\/03\/0b2eb9fe-db5e-4dbe-bd5e-d60145631530-150x150.jpg\" class=\"attachment-thumbnail size-thumbnail\" alt=\"\" \/><\/a>\n\t\t\t\t<\/dt><\/dl><dl class='gallery-item'>\n\t\t\t\t<dt class='gallery-icon landscape'>\n\t\t\t\t\t<a class=\"rollover rollover-zoom dt-pswp-item\" title=\"b947e77c-4eca-4678-bc3f-b56676c7902e\" data-dt-img-description=\"\" data-large_image_width=\"1600\" data-large_image_height=\"1066\"href='https:\/\/www.radiopiu.net\/wordpress\/wp-content\/uploads\/2023\/03\/b947e77c-4eca-4678-bc3f-b56676c7902e.jpg'><img loading=\"lazy\" decoding=\"async\" width=\"150\" height=\"150\" src=\"https:\/\/www.radiopiu.net\/wordpress\/wp-content\/uploads\/2023\/03\/b947e77c-4eca-4678-bc3f-b56676c7902e-150x150.jpg\" class=\"attachment-thumbnail size-thumbnail\" alt=\"\" \/><\/a>\n\t\t\t\t<\/dt><\/dl><br style=\"clear: both\" \/><dl class='gallery-item'>\n\t\t\t\t<dt class='gallery-icon landscape'>\n\t\t\t\t\t<a class=\"rollover rollover-zoom dt-pswp-item\" title=\"abb030ab-d35c-43c4-a90e-f1a92bff53bb\" data-dt-img-description=\"\" data-large_image_width=\"1600\" data-large_image_height=\"1066\"href='https:\/\/www.radiopiu.net\/wordpress\/wp-content\/uploads\/2023\/03\/abb030ab-d35c-43c4-a90e-f1a92bff53bb.jpg'><img loading=\"lazy\" decoding=\"async\" width=\"150\" height=\"150\" src=\"https:\/\/www.radiopiu.net\/wordpress\/wp-content\/uploads\/2023\/03\/abb030ab-d35c-43c4-a90e-f1a92bff53bb-150x150.jpg\" class=\"attachment-thumbnail size-thumbnail\" alt=\"\" \/><\/a>\n\t\t\t\t<\/dt><\/dl><dl class='gallery-item'>\n\t\t\t\t<dt class='gallery-icon landscape'>\n\t\t\t\t\t<a class=\"rollover rollover-zoom dt-pswp-item\" title=\"af0dc67e-0413-47e4-af43-afe648351093\" data-dt-img-description=\"\" data-large_image_width=\"1600\" data-large_image_height=\"1066\"href='https:\/\/www.radiopiu.net\/wordpress\/wp-content\/uploads\/2023\/03\/af0dc67e-0413-47e4-af43-afe648351093.jpg'><img loading=\"lazy\" decoding=\"async\" width=\"150\" height=\"150\" src=\"https:\/\/www.radiopiu.net\/wordpress\/wp-content\/uploads\/2023\/03\/af0dc67e-0413-47e4-af43-afe648351093-150x150.jpg\" class=\"attachment-thumbnail size-thumbnail\" alt=\"\" \/><\/a>\n\t\t\t\t<\/dt><\/dl><dl class='gallery-item'>\n\t\t\t\t<dt class='gallery-icon landscape'>\n\t\t\t\t\t<a class=\"rollover rollover-zoom dt-pswp-item\" title=\"b8d98b9e-254d-47da-8a1d-cc439d1bbc14\" data-dt-img-description=\"\" data-large_image_width=\"1600\" data-large_image_height=\"1066\"href='https:\/\/www.radiopiu.net\/wordpress\/wp-content\/uploads\/2023\/03\/b8d98b9e-254d-47da-8a1d-cc439d1bbc14.jpg'><img loading=\"lazy\" decoding=\"async\" width=\"150\" height=\"150\" src=\"https:\/\/www.radiopiu.net\/wordpress\/wp-content\/uploads\/2023\/03\/b8d98b9e-254d-47da-8a1d-cc439d1bbc14-150x150.jpg\" class=\"attachment-thumbnail size-thumbnail\" alt=\"\" \/><\/a>\n\t\t\t\t<\/dt><\/dl><br style=\"clear: both\" \/>\n\t\t\t<\/div>\n\n<p>&nbsp;<\/p>\n<hr \/>\n<p>&nbsp;<\/p>\n<blockquote>\n<h3>BELLUNO. LIBRETTO EDITO NEL 1978 PER ILLUSTRARE L\u2019ATTIVIT\u00c0 DEL GRUPPO GROTTE \u201cQUEI DE LA CLAVA\u201d<\/h3>\n<\/blockquote>\n<p><strong>di Renato Bona<\/strong><\/p>\n<p>\u201cSotto terra nessuno ci vede: ognuno sia responsabile delle proprie azioni\u201d, \u201cLo stato delle grotte testimonia il grado di civismo dei propri frequentatori\u201d e; \u201cMeglio il peso di un sacchetto di rifiuti, che un peso sulla coscienza\u201d. Sono i tre slogan in coda al servizio intitolato \u201cQuando l\u2019andar per grotte era abilit\u00e0 e professione\u201d, parte importante del libretto realizzato nel 1978 (tipografia Sandri di Mel, nella copertina, foto Renato, il \u201cBus de le Gneleze\u201d, localit\u00e0 Col Indes) dal Gruppo Grotte Belluno dell\u2019Unione servizi pronto intervento, in sigla Uspi. E proprio l\u2019Uspi bellunese, col gruppo denominato \u201cQuei de la clava\u201d, ha promosso la pubblicazione proponendo in apertura lo statuto del sodalizio in cui si ricorda che scopi istituzionali sono: conoscenza, studio e protezione dei fenomeni ipogei; organizzazione di servizi volontari di pronto intervento in caso di gravi calamit\u00e0; promuovere iniziative e perfezionare leggi e regolamenti che disciplinano lo studio e la protezione dei fenomeni ipogei nonch\u00e8 le operazioni di soccorso, di sicurezza civile e simili; indire congressi di studio sui problemi e gli scopi dell\u2019Associazione e promuovere attivit\u00e0 culturali e sportive. Damiano de Manzoni (purtroppo scomparso) che era a capo del sodalizio, esordiva nella sua relazione su un anno di attivit\u00e0 svolta proprio nel 1978, ricordando che \u201cda fare ce n\u2019\u00e8 per tutti\u201d se \u00e8 vero che sono molteplici i problemi da affrontare ad ogni uscita: trasporto del materiale (ne serve molto) fino all\u2019imboccatura della grotta; rilevamento topografico esterno, esplorazione; fotografie; rilievi; collegamenti, presenza all\u2019esterno di persone indispensabili per la necessaria assistenza e sicurezza. Spiegava quindi perch\u00e9 \u201cnel corso dell\u2019anno ci siamo recati pi\u00f9 volte al \u2018Bus de Praderadego\u2019: la curiosit\u00e0 di vedere dove si sbocca infilandosi in un angusto cunicolo parzialmente allagato, oppure se sotto il materiale incastratosi in uno strettissimo scivolo si apre un pozzo di maggiori dimensioni. Concludeva affermando che: \u201cIl fatto che nella nostra provincia i fenomeni carsici siano di profondit\u00e0 ed estensione piuttosto limitate\u2026 non deve diminuire il valore della conoscenza e quindi della segnalazione e del rilevamento delle cavit\u00e0 stesse che possono ugualmente essere interessanti fenomeni oggetto di studio, ad esempio della fauna ipogea o per la presenza di riserve d\u2019acqua, in tante zone affannosamente cercate\u201d. Il libretto propone quindi l\u2019interessante capitolo \u201cQuando l\u2019andar per grotte era abilit\u00e0 e professione\u201d che vedeva \u201cpersonaggi ed interpreti\u201d: \u201cal Ceo\u201d, Damiano de Manzoni; \u201cl\u2019Orso\u201d, Sergio Bogo; \u201cGigia\u201d, Luigina Mellere; il relatore: Paolo Ciotti; altri: Annalisa Ciotti e Tiziano Savi. Dettagliata la relazione di Paolo Ciotti che inizia precisando: \u201cOggi, 11 settembre, sono entrato per l\u2019ennesima volta nel Bus del Medod\u00ec\u2026\u201d. E si conclude riferendo che: \u201cAppena fuori\u2026 sorpresa delle sorprese!!! Tutte le tre ragazze del seguito che avrebbero dovuto dovuto darci conforto e assistenza, alla fine della nostra impresa, se ne stanno bellamente distese sul plaid gustandosi come lucertole quel bel sole che le migliori giornate di settembre sanno dare. Risata generale alle nostre esclamazioni, poi tutti insieme a degustare le prelibate primizie offerte dalla Cirio e dalla De Rica\u2026\u201d. Ancora de Manzoni a riferire che durante una riunione a Vittorio Veneto il caposquadra della \u201cVicenza\u201d, Leonardo Busellato, ha prospettato la possibilit\u00e0 di formare la Squadra Belluno fra i Gruppi Grotte Cai di Vittorio Veneto, Oderzo, Belluno e l\u2019Uspi; ha fatto seguito una esercitazione per approfondire in particolare la tecnica di discesa e risalita su sola corda. Conclusione con il resoconto di \u201cVenti ore di carburo, argilla a volont\u00e0\u201d relativo ad una discesa nel \u201cBus de la Genziana\u201d che Damiano ha effettuato con gli amici speleologi del Cai di Vittorio Veneto. Ma prima c\u2019\u00e8 l\u2019illustrazione del \u201cBus de Praderadego\u201d in Comune di Mel, a quota 1068 cui fanno seguito l\u2019elenco dei 44 abissi pi\u00f9 profondi in Italia, aperto dall\u2019Antro del Corchia, 950 metri, in Toscana e con il Bus de la Genziana\u201d, 582 metri, al diciottesimo posto. La serie degli incidenti registrati nel 1977 quando se ne contarono 23; e quello delle Grotte pi\u00f9 estese d\u2019Italia: 45, con il Complesso Piaggia Bella in Piemonte ,15,800 metri, al primo posto e il \u201cBuso de la rana\u201d, 14,500 metri in Veneto al terzo posto (si tratta, come spiega il sito biosphaera, di una grandiosa cavit\u00e0 naturale, un incredibile labirinto di quasi 40 chilometri di sviluppo totale, situato a Monte di Malo, in provincia di Vicenza. Formatasi nel corso di alcuni milioni di anni ad opera dell&#8217;azione lenta ma inarrestabile dell\u2019acqua, rappresenta oggi uno dei pi\u00f9 importanti sistemi carsici d&#8217;Italia, Sito di Importanza Comunitaria della Rete Europea Natura 2000.<\/p>\n\n\t\t\t<style type='text\/css'>\n\t\t\t\t#gallery-8 {\n\t\t\t\t\tmargin: auto;\n\t\t\t\t}\n\t\t\t\t#gallery-8 .gallery-item {\n\t\t\t\t\tfloat: left;\n\t\t\t\t\tmargin-top: 10px;\n\t\t\t\t\ttext-align: center;\n\t\t\t\t\twidth: 14%;\n\t\t\t\t}\n\t\t\t\t#gallery-8 img {\n\t\t\t\t\tborder: 2px solid #cfcfcf;\n\t\t\t\t}\n\t\t\t\t#gallery-8 .gallery-caption {\n\t\t\t\t\tmargin-left: 0;\n\t\t\t\t}\n\t\t\t\t\/* see gallery_shortcode() in wp-includes\/media.php *\/\n\t\t\t<\/style>\n\t\t<div id='gallery-8' class='dt-gallery-container gallery galleryid-326001 gallery-columns-7 gallery-size-thumbnail'><dl class='gallery-item'>\n\t\t\t\t<dt class='gallery-icon portrait'>\n\t\t\t\t\t<a class=\"rollover rollover-zoom dt-pswp-item\" title=\"333500600_185055594258837_1599178588546161811_n\" data-dt-img-description=\"\" data-large_image_width=\"320\" data-large_image_height=\"399\"href='https:\/\/www.radiopiu.net\/wordpress\/wp-content\/uploads\/2023\/03\/333500600_185055594258837_1599178588546161811_n.jpg'><img loading=\"lazy\" decoding=\"async\" width=\"150\" height=\"150\" src=\"https:\/\/www.radiopiu.net\/wordpress\/wp-content\/uploads\/2023\/03\/333500600_185055594258837_1599178588546161811_n-150x150.jpg\" class=\"attachment-thumbnail size-thumbnail\" alt=\"\" \/><\/a>\n\t\t\t\t<\/dt><\/dl><dl class='gallery-item'>\n\t\t\t\t<dt class='gallery-icon portrait'>\n\t\t\t\t\t<a class=\"rollover rollover-zoom dt-pswp-item\" title=\"333167887_1280295549221925_4552556417651754371_n\" data-dt-img-description=\"\" data-large_image_width=\"320\" data-large_image_height=\"459\"href='https:\/\/www.radiopiu.net\/wordpress\/wp-content\/uploads\/2023\/03\/333167887_1280295549221925_4552556417651754371_n.jpg'><img loading=\"lazy\" decoding=\"async\" width=\"150\" height=\"150\" src=\"https:\/\/www.radiopiu.net\/wordpress\/wp-content\/uploads\/2023\/03\/333167887_1280295549221925_4552556417651754371_n-150x150.jpg\" class=\"attachment-thumbnail size-thumbnail\" alt=\"\" \/><\/a>\n\t\t\t\t<\/dt><\/dl><dl class='gallery-item'>\n\t\t\t\t<dt class='gallery-icon portrait'>\n\t\t\t\t\t<a class=\"rollover rollover-zoom dt-pswp-item\" title=\"333087643_173125635480912_1691132894508253228_n\" data-dt-img-description=\"\" data-large_image_width=\"320\" data-large_image_height=\"467\"href='https:\/\/www.radiopiu.net\/wordpress\/wp-content\/uploads\/2023\/03\/333087643_173125635480912_1691132894508253228_n.jpg'><img loading=\"lazy\" decoding=\"async\" width=\"150\" height=\"150\" src=\"https:\/\/www.radiopiu.net\/wordpress\/wp-content\/uploads\/2023\/03\/333087643_173125635480912_1691132894508253228_n-150x150.jpg\" class=\"attachment-thumbnail size-thumbnail\" alt=\"\" \/><\/a>\n\t\t\t\t<\/dt><\/dl><dl class='gallery-item'>\n\t\t\t\t<dt class='gallery-icon landscape'>\n\t\t\t\t\t<a class=\"rollover rollover-zoom dt-pswp-item\" title=\"334294529_576140341243658_1495196545068124707_n\" data-dt-img-description=\"\" data-large_image_width=\"575\" data-large_image_height=\"403\"href='https:\/\/www.radiopiu.net\/wordpress\/wp-content\/uploads\/2023\/03\/334294529_576140341243658_1495196545068124707_n.jpg'><img loading=\"lazy\" decoding=\"async\" width=\"150\" height=\"150\" src=\"https:\/\/www.radiopiu.net\/wordpress\/wp-content\/uploads\/2023\/03\/334294529_576140341243658_1495196545068124707_n-150x150.jpg\" class=\"attachment-thumbnail size-thumbnail\" alt=\"\" \/><\/a>\n\t\t\t\t<\/dt><\/dl><dl class='gallery-item'>\n\t\t\t\t<dt class='gallery-icon landscape'>\n\t\t\t\t\t<a class=\"rollover rollover-zoom dt-pswp-item\" title=\"333456358_744081127306969_4274404338924219821_n\" data-dt-img-description=\"\" data-large_image_width=\"519\" data-large_image_height=\"403\"href='https:\/\/www.radiopiu.net\/wordpress\/wp-content\/uploads\/2023\/03\/333456358_744081127306969_4274404338924219821_n.jpg'><img loading=\"lazy\" decoding=\"async\" width=\"150\" height=\"150\" src=\"https:\/\/www.radiopiu.net\/wordpress\/wp-content\/uploads\/2023\/03\/333456358_744081127306969_4274404338924219821_n-150x150.jpg\" class=\"attachment-thumbnail size-thumbnail\" alt=\"\" \/><\/a>\n\t\t\t\t<\/dt><\/dl><dl class='gallery-item'>\n\t\t\t\t<dt class='gallery-icon landscape'>\n\t\t\t\t\t<a class=\"rollover rollover-zoom dt-pswp-item\" title=\"333750665_1536977163460381_4467553145576452947_n\" data-dt-img-description=\"\" data-large_image_width=\"576\" data-large_image_height=\"403\"href='https:\/\/www.radiopiu.net\/wordpress\/wp-content\/uploads\/2023\/03\/333750665_1536977163460381_4467553145576452947_n.jpg'><img loading=\"lazy\" decoding=\"async\" width=\"150\" height=\"150\" src=\"https:\/\/www.radiopiu.net\/wordpress\/wp-content\/uploads\/2023\/03\/333750665_1536977163460381_4467553145576452947_n-150x150.jpg\" class=\"attachment-thumbnail size-thumbnail\" alt=\"\" \/><\/a>\n\t\t\t\t<\/dt><\/dl><dl class='gallery-item'>\n\t\t\t\t<dt class='gallery-icon landscape'>\n\t\t\t\t\t<a class=\"rollover rollover-zoom dt-pswp-item\" title=\"333110106_198908306167853_3522529329820298599_n\" data-dt-img-description=\"\" data-large_image_width=\"558\" data-large_image_height=\"403\"href='https:\/\/www.radiopiu.net\/wordpress\/wp-content\/uploads\/2023\/03\/333110106_198908306167853_3522529329820298599_n.jpg'><img loading=\"lazy\" decoding=\"async\" width=\"150\" height=\"150\" src=\"https:\/\/www.radiopiu.net\/wordpress\/wp-content\/uploads\/2023\/03\/333110106_198908306167853_3522529329820298599_n-150x150.jpg\" class=\"attachment-thumbnail size-thumbnail\" alt=\"\" \/><\/a>\n\t\t\t\t<\/dt><\/dl><br style=\"clear: both\" \/>\n\t\t\t<\/div>\n\n<p>NELLE FOTO (riproduzioni dal libretto del 1978 \u201cUnione servizi pronto intervento Gruppo Grotte Belluno\u201d): la copertina della pubblicazione; Bus del Medod\u00ec, fessura con colate concrezionali; \u201cBus dei Castei\u201d sotto terra: esercitazione di soccorso (Montello); \u201cBus de la Genziana\u201d (Cansiglio): esercitazione di soccorso; \u201cBus de Praderadego\u201d discesa del pozzo iniziale; ancora la grotta in Comune di Mel: colate concrezionali nel ramo principale; \u201cBus de la Genziana\u201d, tappa di ristoro.<\/p>\n<p>&nbsp;<\/p>\n<p>&nbsp;<\/p>\n<hr \/>\n<p>&nbsp;<\/p>\n<h2><strong><a class=\"dt-pswp-item\" href=\"https:\/\/www.radiopiu.net\/wordpress\/wp-content\/uploads\/2020\/12\/DON-GIORGIO-LISE.jpg\" data-dt-img-description=\"\" data-large_image_width=\"1600\" data-large_image_height=\"901\"><img loading=\"lazy\" decoding=\"async\" class=\" wp-image-177420 alignleft\" src=\"https:\/\/www.radiopiu.net\/wordpress\/wp-content\/uploads\/2020\/12\/DON-GIORGIO-LISE-300x169.jpg\" alt=\"\" width=\"243\" height=\"137\" srcset=\"https:\/\/www.radiopiu.net\/wordpress\/wp-content\/uploads\/2020\/12\/DON-GIORGIO-LISE-300x169.jpg 300w, https:\/\/www.radiopiu.net\/wordpress\/wp-content\/uploads\/2020\/12\/DON-GIORGIO-LISE-1024x577.jpg 1024w, https:\/\/www.radiopiu.net\/wordpress\/wp-content\/uploads\/2020\/12\/DON-GIORGIO-LISE-768x432.jpg 768w, https:\/\/www.radiopiu.net\/wordpress\/wp-content\/uploads\/2020\/12\/DON-GIORGIO-LISE-1536x865.jpg 1536w, https:\/\/www.radiopiu.net\/wordpress\/wp-content\/uploads\/2020\/12\/DON-GIORGIO-LISE.jpg 1600w\" sizes=\"auto, (max-width: 243px) 100vw, 243px\" \/><\/a><span style=\"color: #99cc00;\">DUE MINUTI PER TE<\/span><\/strong><\/h2>\n<p><strong>APPUNTAMENTO DELLA DOMENICA CON IL PENSIERO DI MONSIGNOR GIORGIO LISE<\/strong><\/p>\n<audio class=\"wp-audio-shortcode\" id=\"audio-326001-16\" preload=\"none\" style=\"width: 100%;\" controls=\"controls\"><source type=\"audio\/mpeg\" src=\"https:\/\/www.radiopiu.net\/wordpress\/wp-content\/uploads\/2023\/03\/DON-GIORGIO-1.mp3?_=16\" \/><a href=\"https:\/\/www.radiopiu.net\/wordpress\/wp-content\/uploads\/2023\/03\/DON-GIORGIO-1.mp3\">https:\/\/www.radiopiu.net\/wordpress\/wp-content\/uploads\/2023\/03\/DON-GIORGIO-1.mp3<\/a><\/audio>\n<p>&nbsp;<\/p>\n<hr \/>\n<p>&nbsp;<\/p>\n<div>\n<div class=\"b654a4as d2edcug0\">\n<div class=\"rq0escxv hkbzh7o3 jwdofwj8 n8tt0mok r8blr3vg hyh9befq\">\n<p><a class=\"dt-pswp-item\" href=\"https:\/\/www.radiopiu.net\/wordpress\/wp-content\/uploads\/2020\/10\/pp.jpg\" data-dt-img-description=\"\" data-large_image_width=\"640\" data-large_image_height=\"640\"><img loading=\"lazy\" decoding=\"async\" class=\"wp-image-163678 alignleft\" src=\"https:\/\/www.radiopiu.net\/wordpress\/wp-content\/uploads\/2020\/10\/pp-300x300.jpg\" alt=\"\" width=\"106\" height=\"106\" srcset=\"https:\/\/www.radiopiu.net\/wordpress\/wp-content\/uploads\/2020\/10\/pp-300x300.jpg 300w, https:\/\/www.radiopiu.net\/wordpress\/wp-content\/uploads\/2020\/10\/pp-150x150.jpg 150w, https:\/\/www.radiopiu.net\/wordpress\/wp-content\/uploads\/2020\/10\/pp-125x125.jpg 125w, https:\/\/www.radiopiu.net\/wordpress\/wp-content\/uploads\/2020\/10\/pp-200x200.jpg 200w, https:\/\/www.radiopiu.net\/wordpress\/wp-content\/uploads\/2020\/10\/pp-80x80.jpg 80w, https:\/\/www.radiopiu.net\/wordpress\/wp-content\/uploads\/2020\/10\/pp-480x480.jpg 480w, https:\/\/www.radiopiu.net\/wordpress\/wp-content\/uploads\/2020\/10\/pp.jpg 640w\" sizes=\"auto, (max-width: 106px) 100vw, 106px\" \/><\/a><\/p>\n<\/div>\n<\/div>\n<\/div>\n<div>\n<div class=\"page-title-head hgroup\">\n<div class=\"page-title-head hgroup\">\n<div class=\"b654a4as d2edcug0\">\n<div class=\"j83agx80 btwxx1t3 lhclo0ds hop8lmos nkwizq5d scwd0bx6 roh60bw9\">\n<div class=\"rq0escxv hkbzh7o3 jwdofwj8 n8tt0mok r8blr3vg hyh9befq\">\n<div class=\"do00u71z l9j0dhe7 k4urcfbm\" style=\"text-align: left;\">\n<h2><span style=\"color: #000080;\">DON CESARE, IL PENSIERO DEL GIORNO. ALLA RADIO ALLE 7 DEL MATTINO E ALLE 19.30 DELLA SERA\u00a0<\/span><\/h2>\n<audio class=\"wp-audio-shortcode\" id=\"audio-326001-17\" preload=\"none\" style=\"width: 100%;\" controls=\"controls\"><source type=\"audio\/mpeg\" src=\"https:\/\/www.radiopiu.net\/wordpress\/wp-content\/uploads\/2023\/03\/CESARE-9.mp3?_=17\" \/><a href=\"https:\/\/www.radiopiu.net\/wordpress\/wp-content\/uploads\/2023\/03\/CESARE-9.mp3\">https:\/\/www.radiopiu.net\/wordpress\/wp-content\/uploads\/2023\/03\/CESARE-9.mp3<\/a><\/audio>\n<\/div>\n<\/div>\n<\/div>\n<\/div>\n<\/div>\n<\/div>\n<\/div>\n<p>&nbsp;<\/p>\n<hr \/>\n<p>&nbsp;<\/p>\n<h2><span style=\"color: #ff00ff;\">IN VIVO VERSO\u00a0 \u00a0\u00a0<\/span><\/h2>\n<div dir=\"auto\">\n<div dir=\"auto\">\n<div dir=\"auto\">\n<div dir=\"auto\">\n<div dir=\"auto\">\n<div dir=\"auto\">\n<p><strong>LA RACCOLTA COMPLETA<\/strong><\/p>\n<blockquote class=\"wp-embedded-content\" data-secret=\"k6y602h3mT\"><p><a href=\"https:\/\/www.radiopiu.net\/wordpress\/in-vivo-verso\/\">In Vivo Verso<\/a><\/p><\/blockquote>\n<p><iframe loading=\"lazy\" class=\"wp-embedded-content\" sandbox=\"allow-scripts\" security=\"restricted\" style=\"position: absolute; clip: rect(1px, 1px, 1px, 1px);\" title=\"&#8220;In Vivo Verso&#8221; &#8212; Radio Pi\u00f9\" src=\"https:\/\/www.radiopiu.net\/wordpress\/in-vivo-verso\/embed\/#?secret=rD9xbIwhZr#?secret=k6y602h3mT\" data-secret=\"k6y602h3mT\" width=\"600\" height=\"338\" frameborder=\"0\" marginwidth=\"0\" marginheight=\"0\" scrolling=\"no\"><\/iframe><\/p>\n<p><strong>\u00a0<\/strong><\/p>\n<\/div>\n<\/div>\n<\/div>\n<hr \/>\n<\/div>\n<\/div>\n<\/div>\n<p>&nbsp;<\/p>\n<p>&nbsp;<\/p>\n<h2><span style=\"color: #008080;\">GOCCE DI FILOSOFIA<\/span><\/h2>\n<p>LA RACCOLTA COMPLETA<\/p>\n<blockquote class=\"wp-embedded-content\" data-secret=\"hsIFNot8iK\"><p><a href=\"https:\/\/www.radiopiu.net\/wordpress\/gocce-filosofia\/\">Gocce di filosofia,  LA TERZA STAGIONE&#8230; 2023<\/a><\/p><\/blockquote>\n<p><iframe loading=\"lazy\" class=\"wp-embedded-content\" sandbox=\"allow-scripts\" security=\"restricted\" style=\"position: absolute; clip: rect(1px, 1px, 1px, 1px);\" title=\"&#8220;Gocce di filosofia,  LA TERZA STAGIONE&#8230; 2023&#8221; &#8212; Radio Pi\u00f9\" src=\"https:\/\/www.radiopiu.net\/wordpress\/gocce-filosofia\/embed\/#?secret=oFP2iIamQm#?secret=hsIFNot8iK\" data-secret=\"hsIFNot8iK\" width=\"600\" height=\"338\" frameborder=\"0\" marginwidth=\"0\" marginheight=\"0\" scrolling=\"no\"><\/iframe><\/p>\n<p>&nbsp;<\/p>\n<p>&nbsp;<\/p>\n<hr \/>\n<p>&nbsp;<\/p>\n<div class=\"column\">\n<p><img loading=\"lazy\" decoding=\"async\" class=\"aligncenter wp-image-61954 size-full\" src=\"https:\/\/www.radiopiu.net\/wordpress\/wp-content\/uploads\/2018\/09\/viabilita.jpeg\" sizes=\"auto, (max-width: 800px) 100vw, 800px\" srcset=\"https:\/\/www.radiopiu.net\/wordpress\/wp-content\/uploads\/2018\/09\/viabilita.jpeg 800w, https:\/\/www.radiopiu.net\/wordpress\/wp-content\/uploads\/2018\/09\/viabilita-300x38.jpeg 300w, https:\/\/www.radiopiu.net\/wordpress\/wp-content\/uploads\/2018\/09\/viabilita-768x96.jpeg 768w\" alt=\"\" width=\"800\" height=\"100\" \/><\/p>\n<p>&nbsp;<\/p>\n<blockquote>\n<h3>SENSO UNICO ALTERNATO IN GALLERIA DEI CASTEI<\/h3>\n<\/blockquote>\n<p><strong>SR 203 AGORDINA<\/strong> nelle giornate del <span style=\"color: #ff0000;\">13 e 14 marzo<\/span> dalle 20 alle 6 del giorno successivo senso unico alternato regolato da movieri o semaforo in Galleria dei Castei in comune di La Valle Agordina<\/p>\n<p>&nbsp;<\/p>\n<blockquote class=\"wp-embedded-content\" data-secret=\"BxB4ntnNf0\"><p><a href=\"https:\/\/www.radiopiu.net\/wordpress\/viabilita\/\">viabilita<\/a><\/p><\/blockquote>\n<p><iframe loading=\"lazy\" class=\"wp-embedded-content\" sandbox=\"allow-scripts\" security=\"restricted\" style=\"position: absolute; clip: rect(1px, 1px, 1px, 1px);\" title=\"&#8220;viabilita&#8221; &#8212; Radio Pi\u00f9\" src=\"https:\/\/www.radiopiu.net\/wordpress\/viabilita\/embed\/#?secret=fwpcE9lOlJ#?secret=BxB4ntnNf0\" data-secret=\"BxB4ntnNf0\" width=\"600\" height=\"338\" frameborder=\"0\" marginwidth=\"0\" marginheight=\"0\" scrolling=\"no\"><\/iframe><\/p>\n<div>\n<div dir=\"ltr\">\n<div class=\"gmail_quote\">\n<div dir=\"ltr\">\n<div class=\"gmail_quote\"><\/div>\n<\/div>\n<\/div>\n<\/div>\n<\/div>\n<p>&nbsp;<\/p>\n<hr \/>\n<p>&nbsp;<\/p>\n<p><a class=\"dt-pswp-item\" href=\"https:\/\/www.radiopiu.net\/wordpress\/wp-content\/uploads\/2018\/09\/WhatsApp-Image-2018-09-20-at-16.04.06.jpeg\" data-dt-img-description=\"\" data-large_image_width=\"800\" data-large_image_height=\"100\"><img loading=\"lazy\" decoding=\"async\" class=\"wp-image-61378 size-full aligncenter\" src=\"https:\/\/www.radiopiu.net\/wordpress\/wp-content\/uploads\/2018\/09\/WhatsApp-Image-2018-09-20-at-16.04.06.jpeg\" alt=\"\" width=\"800\" height=\"100\" srcset=\"https:\/\/www.radiopiu.net\/wordpress\/wp-content\/uploads\/2018\/09\/WhatsApp-Image-2018-09-20-at-16.04.06.jpeg 800w, https:\/\/www.radiopiu.net\/wordpress\/wp-content\/uploads\/2018\/09\/WhatsApp-Image-2018-09-20-at-16.04.06-300x38.jpeg 300w, https:\/\/www.radiopiu.net\/wordpress\/wp-content\/uploads\/2018\/09\/WhatsApp-Image-2018-09-20-at-16.04.06-768x96.jpeg 768w\" sizes=\"auto, (max-width: 800px) 100vw, 800px\" \/><\/a><\/p>\n<p>&nbsp;<\/p>\n<\/div>\n<p><center><b>OGGI<\/b><\/center><b>Tempo atteso: <\/b>Tempo solo in parte soleggiato, per la presenza di nubi alte e medio-alte in grado di velare il cielo per gran parte della giornata. Alla sera intensificazione della nuvolosit\u00e0 fino a cielo coperto nella notte, quando potranno verificarsi i primi fenomeni sulle Prealpi occidentali.<br \/>\n<b>Precipitazioni: <\/b>Assenti (0%) fino alla sera; in serata\/notte non escluse deboli precipitazioni sulle Prealpi veronesi e in parte vicentine (20\/40%), con eventuale limite delle nevicate sopra i 2000 m, in calo.<br \/>\n<b>Temperature: <\/b>In generale aumento, seppure temporaneo, anche marcato in quota; potranno rimanere stazionarie, o risultare localmente in lieve calo, le minime nelle valli.<\/p>\n<hr \/>\n<p><center><b>DOMANI<\/b><\/center><b>Tempo atteso: <\/b>Moderatamente perturbato nella notte e al mattino, con cielo molto nuvoloso o coperto e associati fenomeni diffusi. Al pomeriggio ed in serata attenuazione della nuvolosit\u00e0 ma in un contesto ancora instabile. Contesto termico diurno pi\u00f9 freddo, sia per ingresso di aria pi\u00f9 fredda in quota che per lo scarso soleggiamento.<br \/>\n<b>Precipitazioni: <\/b>Nella notte e al mattino precipitazioni diffuse a tratti moderate, soprattutto su Prealpi e Dolomiti meridionali. Al pomeriggio attenuazione della nuvolosit\u00e0 e dei fenomeni, che tenderanno a divenire pi\u00f9 sporadici, un po&#8217; pi\u00f9 insistenti sulla provincia di Belluno.<br \/>\n<b>Temperature: <\/b>Minime in calo in quota alla sera, in aumento nelle valli; massime in calo ovunque.<\/p>\n<hr \/>\n<p><center><b>MERCOLEDI<\/b><\/center>Tempo in netto miglioramento, anche se non si potr\u00e0 escludere qualche residuo fenomeno notturno, con cielo perlopi\u00f9 poco nuvoloso in giornata. Temperature minime in calo, massime stazionarie in quota e in aumento nelle valli per il prolungato soleggiamento e anche per possibili condizioni di Foehn.<\/p>\n<hr \/>\n<p><center><b>GIOVEDI<\/b><\/center>Tempo piuttosto soleggiato e stabile, con nubi alte in giornata e possibile formazione di nubi basse in serata sulle Prealpi. Temperature minime in lieve calo e massime stazionarie<\/p>\n<p>&nbsp;<\/p>\n<hr \/>\n<p>&nbsp;<\/p>\n<p><a class=\"dt-pswp-item\" href=\"https:\/\/www.radiopiu.net\/wordpress\/wp-content\/uploads\/2018\/09\/sport.jpg\" data-dt-img-description=\"\" data-large_image_width=\"800\" data-large_image_height=\"100\"><img loading=\"lazy\" decoding=\"async\" class=\"aligncenter wp-image-60761 size-full\" src=\"https:\/\/www.radiopiu.net\/wordpress\/wp-content\/uploads\/2018\/09\/sport.jpg\" alt=\"\" width=\"800\" height=\"100\" srcset=\"https:\/\/www.radiopiu.net\/wordpress\/wp-content\/uploads\/2018\/09\/sport.jpg 800w, https:\/\/www.radiopiu.net\/wordpress\/wp-content\/uploads\/2018\/09\/sport-300x38.jpg 300w, https:\/\/www.radiopiu.net\/wordpress\/wp-content\/uploads\/2018\/09\/sport-768x96.jpg 768w\" sizes=\"auto, (max-width: 800px) 100vw, 800px\" \/><\/a><\/p>\n<p><span style=\"color: #0000ff;\"><strong>\u00a0\u00a0<\/strong><\/span><\/p>\n<p><span style=\"color: #0000ff;\"><strong>CALCIO<\/strong><\/span><\/p>\n<blockquote>\n<h3>LA SOSPIROLESE CALA IL POKER CON L&#8217;AGORDINA<\/h3>\n<\/blockquote>\n<p><strong><a class=\"dt-pswp-item\" href=\"https:\/\/www.radiopiu.net\/wordpress\/wp-content\/uploads\/2018\/12\/CALCIO-VINTAGE.jpg\" data-dt-img-description=\"\" data-large_image_width=\"800\" data-large_image_height=\"500\"><img loading=\"lazy\" decoding=\"async\" class=\" wp-image-69635 alignleft\" src=\"https:\/\/www.radiopiu.net\/wordpress\/wp-content\/uploads\/2018\/12\/CALCIO-VINTAGE-300x188.jpg\" alt=\"\" width=\"212\" height=\"133\" srcset=\"https:\/\/www.radiopiu.net\/wordpress\/wp-content\/uploads\/2018\/12\/CALCIO-VINTAGE-300x188.jpg 300w, https:\/\/www.radiopiu.net\/wordpress\/wp-content\/uploads\/2018\/12\/CALCIO-VINTAGE-768x480.jpg 768w, https:\/\/www.radiopiu.net\/wordpress\/wp-content\/uploads\/2018\/12\/CALCIO-VINTAGE.jpg 800w\" sizes=\"auto, (max-width: 212px) 100vw, 212px\" \/><\/a>di Marco Gaz<\/strong><\/p>\n<p><strong>SECONDA CATEGORIA GIR. T \/ SOSPIROLESE \u2013 AGORDINA 4-0<\/strong><\/p>\n<p>La Sospirolese fa la voce grossa contro l\u2019Agordina calando il poker nel match di Gron di Sospirolo. Niente da fare per gli uomini di Lorenzi che tornano dalla trasferta con le tasche vuote. Nonostante il punteggio l\u2019Agordina ci ha messo del suo rendendosi pericolosa nella ripresa ma la mira non ha premiato la compagine di Agordo. Ora ancora quattro partite prima della fine del campionato con obbligo di vittoria per gli agordini altrimenti l\u2019obbiettivo salvezza vanificher\u00e0. Poche emozioni nei primi minuti di gara con le due formazioni che si studiano a lungo e il gioco si sviluppa a centrocampo. Match che non vuole sbloccarsi. \u00c8 l\u2019Agordina che prova la prima conclusione in porta ma la mira non \u00e8 delle migliori. Al primo vero affondo della squadra di Sospirolo arriva il gol per i padroni di casa. Tutto nasce da un calcio di punizione con il pallone che viene buttato in area e deviato da un attaccante della Sospirolese. Prima della pausa la squadra di casa raddoppia mettendo al sicuro il risultato. Al rientro dagli spogliatoi la squadra di Lorenzi sembra essere entrata pi\u00f9 agguerrita e si avvicina al gol con De Lazzer. La Sospirolese si difende bene e prova a colpire in contropiede. Continua a spingere l\u2019Agordina ma non riesce ad accorciare le distanze. Inizia la girandola di cambi ma alla prima disattenzione difensiva della formazione di Agordo, i padroni di casa trovano la terza marcatura della giornata. Agordini che tirano i remi in barca e concedono il poker agli avversari prima del triplice fischio finale.<\/p>\n<p>&nbsp;<\/p>\n<p><strong>GIOVANISSIMI PROVINCIALI \/ CAVARZANO \u2013 AGORDINA 1-1<\/strong><\/p>\n<p>Ne vinti ne vincitori nel posticipo dell\u2019undicesima giornata del campionato Giovanissimi Provinciali che ha visto di fronte Cavarzano ed Agordina. Una partita in cui le difese sono state protagoniste e che \u00e8 terminata con un gol per parte. Le occasioni ci sono state da entrambi i lati ma la poca precisione sotto porta non ha fatto si che dal match esca un vincitore. Per l\u2019agordina a segno Decima<\/p>\n<p>&nbsp;<\/p>\n<p><strong>ALLIEVI REGIONALI \/ AGORDINA \u2013 ALPAGO 0-8<\/strong><\/p>\n<p>L\u2019Alpago fa cappotto all\u2019vano Dorigo di Agordo. Un match senza storia quello valido per il campionato regionale Allievi con l\u2019Agordina che non \u00e8 mai entrata in partita. Poco da dire di una sfida che ha visto gli alpagotti dominare il campo e rifilare otto marcature agli agordini.<\/p>\n<p>&nbsp;<\/p>\n<p><strong>JUNIORES PROVINCIALI \/ AGORDINA \u2013 DYNAMO 1-1<\/strong><\/p>\n<p>Secondo pareggio consecutivo per la formazione allenata da De Zaiacomo che non va oltre l\u20191 a 1 contro la Dynamo. Una partita giocata alla pari dalle due formazioni e sbloccata dalla compagine di Agordo grazie ad un gol di Carlin. Feltrini che rispondono e trovano il pareggio. Agordina stabile al secondo posto della graduatoria del campionato provinciale Juniores.<\/p>\n<p>&nbsp;<\/p>\n<p><strong>JUNIORES REGIONALI \/ FIORI BARP \u2013 ALPAGO 0-2 <\/strong><\/p>\n<p>Dopo la bella vittoria della scorsa settimana, il Fiori Barp Juniores di De Lazzer cade in casa nel derby bellunese contro l\u2019Alpago. Niente da fare per i giovani sedicensi che non riescono a gonfiare la rete. Gli alpagotti invece conquistano i 3 punti in palio rifilando due reti agli avversari. Nonostante il risultato, la squadra di Sedico ha giocato una buona partita. Fiori Barp ad un solo punto dalla zona Playout del campionato regionale.<\/p>\n<p>&nbsp;<\/p>\n<p>&nbsp;<\/p>\n<hr \/>\n<p>&nbsp;<\/p>\n<p><span style=\"color: #0000ff;\"><strong>HOCKEY SU GHIACCIO<\/strong><\/span><\/p>\n<blockquote>\n<h3>IL JUNIORTEAM ESPUGNA IL DE TONI IN GARA 1 DEI QUARTI DI FINALE DEL CAMPIONATO UNDER 17<\/h3>\n<\/blockquote>\n<p><strong><a class=\"dt-pswp-item\" href=\"https:\/\/www.radiopiu.net\/wordpress\/wp-content\/uploads\/2023\/03\/ALLEGHE-UNDER-17-2023.jpg\" data-dt-img-description=\"\" data-large_image_width=\"1024\" data-large_image_height=\"768\"><img loading=\"lazy\" decoding=\"async\" class=\" wp-image-324998 alignleft\" src=\"https:\/\/www.radiopiu.net\/wordpress\/wp-content\/uploads\/2023\/03\/ALLEGHE-UNDER-17-2023-300x225.jpg\" alt=\"\" width=\"189\" height=\"142\" srcset=\"https:\/\/www.radiopiu.net\/wordpress\/wp-content\/uploads\/2023\/03\/ALLEGHE-UNDER-17-2023-300x225.jpg 300w, https:\/\/www.radiopiu.net\/wordpress\/wp-content\/uploads\/2023\/03\/ALLEGHE-UNDER-17-2023-768x576.jpg 768w, https:\/\/www.radiopiu.net\/wordpress\/wp-content\/uploads\/2023\/03\/ALLEGHE-UNDER-17-2023.jpg 1024w\" sizes=\"auto, (max-width: 189px) 100vw, 189px\" \/><\/a>di Marco Gaz<\/strong><\/p>\n<p><span style=\"color: #ff0000;\"><strong>CAMPIONATO UNDER 17 HOCKEY SU GHIACCIO &#8211; QUARTI DI FINALE GARA 1<\/strong><\/span><\/p>\n<p><strong>ALLEGHE\/CORTINA &#8211; JUNIORTEAM 3-6<\/strong><\/p>\n<p>GOL ALLEGHE\/CORTINA: Zandegiacomo, Tolomelli, Rimoldi<\/p>\n<p>Gli altoatesini del Juniorteam si aggiudicano gara 1 dei quarti di finale del campionato Under 17 di hockey su ghiaccio. Niente da fare per le civette allenate da De Biasio che pagano caro alcune disattenzioni in fase difensiva. Tre i gol di scarto nella prima delle due sfide valide per i playoff di campionato. Alleghe\/Cortina che inizia bene la gara portandosi in vantaggio dopo 3&#8242; con Zandegiacomo. La squadra di Ora\/Egna risponde a met\u00e0 primo tempo con due gol in rapida successione. A 3&#8242; dalla prima sirena gli ospiti vanno a segno di nuovo. Nel secondo drittel le civette reagiscono pareggiando i conti nel giro di 90&#8243; grazie alle reti di Tolomelli e Rimondi. Un pareggio che dura poco perch\u00e9 gli altoatesini rispondono subito dopo con altre due marcature. Squadra mista agordina\/ampezzana che gioca bene nella terza frazione ma la poca precisione sotto porta non consente alla formazione di De Biasio di accorciare le distanze. Nel finale di gara arriva la sesta rete del Juniorteam che chiude definitivamente la partita. Ora pochi giorni per riordinare le idee, marted\u00ec \u00e8 in programma gara 2 alla Wh\u00fcrt Arena di Egna. L&#8217;Alleghe\/Cortina per passare il turno dovr\u00e0 vincere nei tempi regolamentari e poi sperare di segnare un gol nel supplementare o, in caso di reti inviolate, vincere la lotteria dei rigori. Una vera e propria impresa.<\/p>\n<p>&nbsp;<\/p>\n<p>&nbsp;<\/p>\n<hr \/>\n<p>&nbsp;<\/p>\n<p><span style=\"color: #0000ff;\"><strong>CALCIO A 5<\/strong><\/span><\/p>\n<blockquote>\n<h3>VITTORIA DI MISURA PER LA CANOTTIERI BELLUNO CON UN GOL ALLO SCADERE DI DEL PRETE<\/h3>\n<\/blockquote>\n<p><span style=\"color: #ff0000;\"><strong><a class=\"dt-pswp-item\" href=\"https:\/\/www.radiopiu.net\/wordpress\/wp-content\/uploads\/2023\/03\/335067410_1392992971475785_8441911872860442462_n.jpg\" data-dt-img-description=\"\" data-large_image_width=\"2048\" data-large_image_height=\"1093\"><img loading=\"lazy\" decoding=\"async\" class=\" wp-image-326185 alignleft\" src=\"https:\/\/www.radiopiu.net\/wordpress\/wp-content\/uploads\/2023\/03\/335067410_1392992971475785_8441911872860442462_n-300x160.jpg\" alt=\"\" width=\"231\" height=\"123\" srcset=\"https:\/\/www.radiopiu.net\/wordpress\/wp-content\/uploads\/2023\/03\/335067410_1392992971475785_8441911872860442462_n-300x160.jpg 300w, https:\/\/www.radiopiu.net\/wordpress\/wp-content\/uploads\/2023\/03\/335067410_1392992971475785_8441911872860442462_n-1024x547.jpg 1024w, https:\/\/www.radiopiu.net\/wordpress\/wp-content\/uploads\/2023\/03\/335067410_1392992971475785_8441911872860442462_n-768x410.jpg 768w, https:\/\/www.radiopiu.net\/wordpress\/wp-content\/uploads\/2023\/03\/335067410_1392992971475785_8441911872860442462_n-1536x820.jpg 1536w, https:\/\/www.radiopiu.net\/wordpress\/wp-content\/uploads\/2023\/03\/335067410_1392992971475785_8441911872860442462_n.jpg 2048w\" sizes=\"auto, (max-width: 231px) 100vw, 231px\" \/><\/a>SERIE B GIRONE B<\/strong><\/span><\/p>\n<p><strong>LUPARENSE &#8211; CANOTTIERI BELLUNO 5-6<\/strong><\/p>\n<p>Nella tana dei lupi, l&#8217;ululato \u00e8 biancobl\u00f9: doppio Dall&#8217;\u00d2, Ghenogol, Savi, Bortolini e Del Prete. Ma forti tutti: Canottieri batte Luparense 6 a 5.<\/p>\n<p><strong>IL SERVIZIO DI ANTONIO FIABANE, PORTAVOCE DELLA CANOTTIERI BELLUNO<\/strong><\/p>\n<audio class=\"wp-audio-shortcode\" id=\"audio-326001-18\" preload=\"none\" style=\"width: 100%;\" controls=\"controls\"><source type=\"audio\/mpeg\" src=\"https:\/\/www.radiopiu.net\/wordpress\/wp-content\/uploads\/2023\/03\/CANOTTIERI-SITO-1.mp3?_=18\" \/><a href=\"https:\/\/www.radiopiu.net\/wordpress\/wp-content\/uploads\/2023\/03\/CANOTTIERI-SITO-1.mp3\">https:\/\/www.radiopiu.net\/wordpress\/wp-content\/uploads\/2023\/03\/CANOTTIERI-SITO-1.mp3<\/a><\/audio>\n<p>&nbsp;<\/p>\n<p>&nbsp;<\/p>\n<hr \/>\n<p>&nbsp;<\/p>\n<p><span style=\"color: #0000ff;\"><strong>PALLAVOLO<\/strong><\/span><\/p>\n<blockquote>\n<h3>IL MARENO BATTE IL VOLLEY CLUB AGORDINO CON UN SECCO 3 A 0<\/h3>\n<\/blockquote>\n<p><strong><a class=\"dt-pswp-item\" href=\"https:\/\/www.radiopiu.net\/wordpress\/wp-content\/uploads\/2021\/05\/volley-2021.jpg\" data-dt-img-description=\"\" data-large_image_width=\"770\" data-large_image_height=\"450\"><img loading=\"lazy\" decoding=\"async\" class=\" wp-image-207180 alignleft\" src=\"https:\/\/www.radiopiu.net\/wordpress\/wp-content\/uploads\/2021\/05\/volley-2021-300x175.jpg\" alt=\"\" width=\"175\" height=\"102\" srcset=\"https:\/\/www.radiopiu.net\/wordpress\/wp-content\/uploads\/2021\/05\/volley-2021-300x175.jpg 300w, https:\/\/www.radiopiu.net\/wordpress\/wp-content\/uploads\/2021\/05\/volley-2021-768x449.jpg 768w, https:\/\/www.radiopiu.net\/wordpress\/wp-content\/uploads\/2021\/05\/volley-2021.jpg 770w\" sizes=\"auto, (max-width: 175px) 100vw, 175px\" \/><\/a>di Marco Gaz<\/strong><\/p>\n<p><span style=\"color: #ff0000;\"><strong>PRIMA DIVISIONE FEMMINILE<\/strong><\/span><\/p>\n<p><strong>VOLLEY CLUB AGORDINO &#8211; MARENO 0-3 (13-25, 9-25, 22-25)<\/strong><\/p>\n<p>Il Volley Club Agordino si arrende alla seconda forza del campionato e perde in casa con il Mareno. La squadra allenata da De Nardin non \u00e8 riuscita a tenere il passo delle trevigiane che in 3 set chiudono la pratica al PalaRova di Agordo. Primo set con le agordine che mettono a segno 13 punti, secondo parziale da dimenticare per le ragazze di Agordo. Nell&#8217;ultima frazione il Volley Club Agordino prova a rialzare la testa, si gioca punto a punto ma ad avere la meglio \u00e8 ancora una volta il Mareno. Terza sconfitta consecutiva per la formazione allenata da De Nardin che con i suoi 22 punti in classifica resiste in zona salvezza. Ma da ora in poi le ragazze di Agordo non devono pi\u00f9 sbagliare per evitare di giocare i playout di campionato.<\/p>\n<p>&nbsp;<\/p>\n<blockquote>\n<h3>LE LUPE CADONO A ROSSANO<\/h3>\n<\/blockquote>\n<p><span style=\"color: #ff0000;\"><strong><a class=\"dt-pswp-item\" href=\"https:\/\/www.radiopiu.net\/wordpress\/wp-content\/uploads\/2023\/03\/Fioretti_in_bagher.jpg\" data-dt-img-description=\"\" data-large_image_width=\"800\" data-large_image_height=\"400\"><img loading=\"lazy\" decoding=\"async\" class=\" wp-image-326181 alignleft\" src=\"https:\/\/www.radiopiu.net\/wordpress\/wp-content\/uploads\/2023\/03\/Fioretti_in_bagher-300x150.jpg\" alt=\"\" width=\"184\" height=\"92\" srcset=\"https:\/\/www.radiopiu.net\/wordpress\/wp-content\/uploads\/2023\/03\/Fioretti_in_bagher-300x150.jpg 300w, https:\/\/www.radiopiu.net\/wordpress\/wp-content\/uploads\/2023\/03\/Fioretti_in_bagher-768x384.jpg 768w, https:\/\/www.radiopiu.net\/wordpress\/wp-content\/uploads\/2023\/03\/Fioretti_in_bagher.jpg 800w\" sizes=\"auto, (max-width: 184px) 100vw, 184px\" \/><\/a>SERIE C FEMMINILE<\/strong><\/span><\/p>\n<p><b>IMARC ROSSANO-HL IMMOBILIARE BELLUNO 3-0 (<\/b><strong>25-20, 25-12, 25-13)<\/strong><\/p>\n<p>La capolista Imarc non \u00e8 in vena di sconti. E la Pallavolo Femminile Belluno \u00e8 costretta ad arrendersi in tre set. In ogni caso, non era di certo questa la gara su cui costruire il tratto finale del cammino salvezza. A indirizzare la stagione delle lupe saranno le prossime quattro sfide: le ultime, prima del traguardo.<span class=\"gmail-Apple-converted-space\"> \u00a0<\/span>Tuttavia, a Rossano Veneto era lecito attendersi qualcosina in pi\u00f9, secondo l\u2019analisi di coach Lorenzo Nesello: \u00abNon avevamo nulla da perdere. Eppure, le nostre avversarie sono andate su ogni pallone, noi meno. \u00c8 come se fosse mancata la ferma volont\u00e0 di portare a casa il risultato: non abbiamo avuto l\u2019atteggiamento giusto. In trasferta, davanti alle difficolt\u00e0, tendiamo a scioglierci\u00bb.<span class=\"gmail-Apple-converted-space\">\u00a0<\/span>Archiviata la trasferta vicentina, \u00e8 tempo di guardare oltre: sabato prossimo, le bellunesi non scenderanno in campo (il match con Silea \u00e8 stato posticipato a mercoled\u00ec 29). E si ritufferanno nel campionato a partire da sabato 25, quando se la vedranno con l\u2019Imoco, a San Don\u00e0.<span class=\"gmail-Apple-converted-space\">\u00a0<\/span><\/p>\n<p>&nbsp;<\/p>\n<hr \/>\n<p><span style=\"color: #0000ff;\">\u00a0<\/span><\/p>\n<p><span style=\"color: #0000ff;\"><strong>SCI DI FONDO<\/strong><\/span><\/p>\n<blockquote>\n<h3>DOPPIETTA DI DAVIDE GRAZ NELLA DUE GIORNI DI COPPA ITALIA DI FONDO A FALCADE<\/h3>\n<\/blockquote>\n<p><strong>FALCADE <\/strong>Due giorni ad altissima intensit\u00e0 a Falcade (Dolomiti Bellunesi) dove sabato 11 e domenica 12 marzo si sono svolte le due giornate dedicate alla Coppa Italia Rode di sci di fondo, manifestazione organizzata dallo Sci club Val Biois (in sinergia con lo Ski College Veneto), valida anche quale secondo memorial Ernesto Fenti, a ricordo di uno dei fondatori (e per diversi anni presidenti) dello sci club, nonch\u00e9 protagonista della vita associativa e amministrativa di Falcade. 230 i concorrenti al via, alcuni provenienti anche dall\u2019estero, per un fine settimana che, dunque, \u00e8 stato anche sotto l\u2019egida della Fis (federazione internazionale sci). Nella prima giornata, dedicata alla tecnica classica, a mettere d\u2019accordo tutti nella gara assoluta uomini (disputata sui 10 chilometri, con partenza a cronometro) \u00e8 stato l\u2019azzurro di Sappada Davide Graz (Fiamme Gialle), che ha preceduto Giovanni Ticc\u00f2 (trentino delle Fiamme Oro) di 26\u201d4 e il friulano del Centro sportivo Esercito Giuseppe Montello di 36\u201d. Tra le donne, successo della trentina delle Fiamme Oro Caterina Ganz che ha sopravanzato la statunitense Margie Freed di 50\u201d7 e un\u2019altra ragazza statunitense, Alexandra Lawson, di 1\u201908\u201d3. Nella seconda giornata, dedicata alle gare in tecnica libera ad inseguimento, Davide Graz ha concesso il bis, precedendo il friulano dell\u2019Esercito Martin Coradazzi di 34\u201d e il bellunese Elia Barp (che proprio sulle nevi di Falcade \u00e8 cresciuto agonisticamente e vive) di 34\u201d6. Bellissima gara quella vinta da Graz, con il sappadino partito fortissimo e capace di incrementare il bottino iniziale e dietro una battaglia senza esclusione di colpi, con Barp, deluso dopo il nono posto della prima giornata, molto bravo a salire sul podio. Tra le donne, la 15 chilometri Senior ha visto la vittoria della statunitense Margie Freed che si \u00e8 imposta con 10\u201d1 sulla lombarda Laura Colombo e 12\u201d4 sulla connazionale Alexandra Lawson. Al termine della due giorni \u00e8 stato assegnato il Memorial Ernesto Fenti al comitato che ha totalizzato il maggior punteggio. A vincere \u00e8 stato il comitato Fisi Alpi Centrali, davanti al Trentino e al Veneto. A consegnare i trofei, realizzati dall\u2019artista del legno Marco Valt, la figlia di Ernesto, Lucia, e il nipote Simone. Lo Sci club Val Biois, in collaborazione con Sportful, ha inoltre proposto, per il migliore Under 18 e la migliore Under 18 di giornata, il premio speciale dedicato alla memoria di Giovanni Viel, giornalista e speaker specializzato nello sci di fondo, scomparso un mese fa. Il premio, che \u00e8 stato consegnato dalla moglie Donatella e dalla figlia Cecilia, \u00e8 andato ai piemontesi Gabriele Matli e Beatrice Laurent.<\/p>\n\n\t\t\t<style type='text\/css'>\n\t\t\t\t#gallery-9 {\n\t\t\t\t\tmargin: auto;\n\t\t\t\t}\n\t\t\t\t#gallery-9 .gallery-item {\n\t\t\t\t\tfloat: left;\n\t\t\t\t\tmargin-top: 10px;\n\t\t\t\t\ttext-align: center;\n\t\t\t\t\twidth: 25%;\n\t\t\t\t}\n\t\t\t\t#gallery-9 img {\n\t\t\t\t\tborder: 2px solid #cfcfcf;\n\t\t\t\t}\n\t\t\t\t#gallery-9 .gallery-caption {\n\t\t\t\t\tmargin-left: 0;\n\t\t\t\t}\n\t\t\t\t\/* see gallery_shortcode() in wp-includes\/media.php *\/\n\t\t\t<\/style>\n\t\t<div id='gallery-9' class='dt-gallery-container gallery galleryid-326001 gallery-columns-4 gallery-size-medium'><dl class='gallery-item'>\n\t\t\t\t<dt class='gallery-icon landscape'>\n\t\t\t\t\t<a class=\"rollover rollover-zoom dt-pswp-item\" title=\"\u00a9EchiAlessandroSogne-150\" data-dt-img-description=\"\" data-large_image_width=\"1980\" data-large_image_height=\"1320\"href='https:\/\/www.radiopiu.net\/wordpress\/wp-content\/uploads\/2023\/03\/\u00a9EchiAlessandroSogne-150.jpg'><img loading=\"lazy\" decoding=\"async\" width=\"300\" height=\"200\" src=\"https:\/\/www.radiopiu.net\/wordpress\/wp-content\/uploads\/2023\/03\/\u00a9EchiAlessandroSogne-150-300x200.jpg\" class=\"attachment-medium size-medium\" alt=\"\" srcset=\"https:\/\/www.radiopiu.net\/wordpress\/wp-content\/uploads\/2023\/03\/\u00a9EchiAlessandroSogne-150-300x200.jpg 300w, https:\/\/www.radiopiu.net\/wordpress\/wp-content\/uploads\/2023\/03\/\u00a9EchiAlessandroSogne-150-1024x683.jpg 1024w, https:\/\/www.radiopiu.net\/wordpress\/wp-content\/uploads\/2023\/03\/\u00a9EchiAlessandroSogne-150-768x512.jpg 768w, https:\/\/www.radiopiu.net\/wordpress\/wp-content\/uploads\/2023\/03\/\u00a9EchiAlessandroSogne-150-1536x1024.jpg 1536w, https:\/\/www.radiopiu.net\/wordpress\/wp-content\/uploads\/2023\/03\/\u00a9EchiAlessandroSogne-150.jpg 1980w\" sizes=\"auto, (max-width: 300px) 100vw, 300px\" \/><\/a>\n\t\t\t\t<\/dt><\/dl><dl class='gallery-item'>\n\t\t\t\t<dt class='gallery-icon landscape'>\n\t\t\t\t\t<a class=\"rollover rollover-zoom dt-pswp-item\" title=\"\u00a9EchiAlessandroSogne-16 PODIO ASSOLUTO UOMINI\" data-dt-img-description=\"\" data-large_image_width=\"1980\" data-large_image_height=\"1320\"href='https:\/\/www.radiopiu.net\/wordpress\/wp-content\/uploads\/2023\/03\/\u00a9EchiAlessandroSogne-16-PODIO-ASSOLUTO-UOMINI.jpg'><img loading=\"lazy\" decoding=\"async\" width=\"300\" height=\"200\" src=\"https:\/\/www.radiopiu.net\/wordpress\/wp-content\/uploads\/2023\/03\/\u00a9EchiAlessandroSogne-16-PODIO-ASSOLUTO-UOMINI-300x200.jpg\" class=\"attachment-medium size-medium\" alt=\"\" srcset=\"https:\/\/www.radiopiu.net\/wordpress\/wp-content\/uploads\/2023\/03\/\u00a9EchiAlessandroSogne-16-PODIO-ASSOLUTO-UOMINI-300x200.jpg 300w, https:\/\/www.radiopiu.net\/wordpress\/wp-content\/uploads\/2023\/03\/\u00a9EchiAlessandroSogne-16-PODIO-ASSOLUTO-UOMINI-1024x683.jpg 1024w, https:\/\/www.radiopiu.net\/wordpress\/wp-content\/uploads\/2023\/03\/\u00a9EchiAlessandroSogne-16-PODIO-ASSOLUTO-UOMINI-768x512.jpg 768w, https:\/\/www.radiopiu.net\/wordpress\/wp-content\/uploads\/2023\/03\/\u00a9EchiAlessandroSogne-16-PODIO-ASSOLUTO-UOMINI-1536x1024.jpg 1536w, https:\/\/www.radiopiu.net\/wordpress\/wp-content\/uploads\/2023\/03\/\u00a9EchiAlessandroSogne-16-PODIO-ASSOLUTO-UOMINI.jpg 1980w\" sizes=\"auto, (max-width: 300px) 100vw, 300px\" \/><\/a>\n\t\t\t\t<\/dt><\/dl><dl class='gallery-item'>\n\t\t\t\t<dt class='gallery-icon landscape'>\n\t\t\t\t\t<a class=\"rollover rollover-zoom dt-pswp-item\" title=\"\u00a9EchiAlessandroSogne-23 GIUSEPPE MONTELLO\" data-dt-img-description=\"\" data-large_image_width=\"1980\" data-large_image_height=\"1320\"href='https:\/\/www.radiopiu.net\/wordpress\/wp-content\/uploads\/2023\/03\/\u00a9EchiAlessandroSogne-23-GIUSEPPE-MONTELLO.jpg'><img loading=\"lazy\" decoding=\"async\" width=\"300\" height=\"200\" src=\"https:\/\/www.radiopiu.net\/wordpress\/wp-content\/uploads\/2023\/03\/\u00a9EchiAlessandroSogne-23-GIUSEPPE-MONTELLO-300x200.jpg\" class=\"attachment-medium size-medium\" alt=\"\" srcset=\"https:\/\/www.radiopiu.net\/wordpress\/wp-content\/uploads\/2023\/03\/\u00a9EchiAlessandroSogne-23-GIUSEPPE-MONTELLO-300x200.jpg 300w, https:\/\/www.radiopiu.net\/wordpress\/wp-content\/uploads\/2023\/03\/\u00a9EchiAlessandroSogne-23-GIUSEPPE-MONTELLO-1024x683.jpg 1024w, https:\/\/www.radiopiu.net\/wordpress\/wp-content\/uploads\/2023\/03\/\u00a9EchiAlessandroSogne-23-GIUSEPPE-MONTELLO-768x512.jpg 768w, https:\/\/www.radiopiu.net\/wordpress\/wp-content\/uploads\/2023\/03\/\u00a9EchiAlessandroSogne-23-GIUSEPPE-MONTELLO-1536x1024.jpg 1536w, https:\/\/www.radiopiu.net\/wordpress\/wp-content\/uploads\/2023\/03\/\u00a9EchiAlessandroSogne-23-GIUSEPPE-MONTELLO.jpg 1980w\" sizes=\"auto, (max-width: 300px) 100vw, 300px\" \/><\/a>\n\t\t\t\t<\/dt><\/dl><dl class='gallery-item'>\n\t\t\t\t<dt class='gallery-icon landscape'>\n\t\t\t\t\t<a class=\"rollover rollover-zoom dt-pswp-item\" title=\"\u00a9EchiAlessandroSogne-25 PODIO ASSOLUTO DONNE\" data-dt-img-description=\"\" data-large_image_width=\"1980\" data-large_image_height=\"1320\"href='https:\/\/www.radiopiu.net\/wordpress\/wp-content\/uploads\/2023\/03\/\u00a9EchiAlessandroSogne-25-PODIO-ASSOLUTO-DONNE.jpg'><img loading=\"lazy\" decoding=\"async\" width=\"300\" height=\"200\" src=\"https:\/\/www.radiopiu.net\/wordpress\/wp-content\/uploads\/2023\/03\/\u00a9EchiAlessandroSogne-25-PODIO-ASSOLUTO-DONNE-300x200.jpg\" class=\"attachment-medium size-medium\" alt=\"\" srcset=\"https:\/\/www.radiopiu.net\/wordpress\/wp-content\/uploads\/2023\/03\/\u00a9EchiAlessandroSogne-25-PODIO-ASSOLUTO-DONNE-300x200.jpg 300w, https:\/\/www.radiopiu.net\/wordpress\/wp-content\/uploads\/2023\/03\/\u00a9EchiAlessandroSogne-25-PODIO-ASSOLUTO-DONNE-1024x683.jpg 1024w, https:\/\/www.radiopiu.net\/wordpress\/wp-content\/uploads\/2023\/03\/\u00a9EchiAlessandroSogne-25-PODIO-ASSOLUTO-DONNE-768x512.jpg 768w, https:\/\/www.radiopiu.net\/wordpress\/wp-content\/uploads\/2023\/03\/\u00a9EchiAlessandroSogne-25-PODIO-ASSOLUTO-DONNE-1536x1024.jpg 1536w, https:\/\/www.radiopiu.net\/wordpress\/wp-content\/uploads\/2023\/03\/\u00a9EchiAlessandroSogne-25-PODIO-ASSOLUTO-DONNE.jpg 1980w\" sizes=\"auto, (max-width: 300px) 100vw, 300px\" \/><\/a>\n\t\t\t\t<\/dt><\/dl><br style=\"clear: both\" \/><dl class='gallery-item'>\n\t\t\t\t<dt class='gallery-icon landscape'>\n\t\t\t\t\t<a class=\"rollover rollover-zoom dt-pswp-item\" title=\"\u00a9EchiAlessandroSogne-39 PREMIO SPECIALE GIOVANNI VIEL\" data-dt-img-description=\"\" data-large_image_width=\"1980\" data-large_image_height=\"1320\"href='https:\/\/www.radiopiu.net\/wordpress\/wp-content\/uploads\/2023\/03\/\u00a9EchiAlessandroSogne-39-PREMIO-SPECIALE-GIOVANNI-VIEL.jpg'><img loading=\"lazy\" decoding=\"async\" width=\"300\" height=\"200\" src=\"https:\/\/www.radiopiu.net\/wordpress\/wp-content\/uploads\/2023\/03\/\u00a9EchiAlessandroSogne-39-PREMIO-SPECIALE-GIOVANNI-VIEL-300x200.jpg\" class=\"attachment-medium size-medium\" alt=\"\" srcset=\"https:\/\/www.radiopiu.net\/wordpress\/wp-content\/uploads\/2023\/03\/\u00a9EchiAlessandroSogne-39-PREMIO-SPECIALE-GIOVANNI-VIEL-300x200.jpg 300w, https:\/\/www.radiopiu.net\/wordpress\/wp-content\/uploads\/2023\/03\/\u00a9EchiAlessandroSogne-39-PREMIO-SPECIALE-GIOVANNI-VIEL-1024x683.jpg 1024w, https:\/\/www.radiopiu.net\/wordpress\/wp-content\/uploads\/2023\/03\/\u00a9EchiAlessandroSogne-39-PREMIO-SPECIALE-GIOVANNI-VIEL-768x512.jpg 768w, https:\/\/www.radiopiu.net\/wordpress\/wp-content\/uploads\/2023\/03\/\u00a9EchiAlessandroSogne-39-PREMIO-SPECIALE-GIOVANNI-VIEL-1536x1024.jpg 1536w, https:\/\/www.radiopiu.net\/wordpress\/wp-content\/uploads\/2023\/03\/\u00a9EchiAlessandroSogne-39-PREMIO-SPECIALE-GIOVANNI-VIEL.jpg 1980w\" sizes=\"auto, (max-width: 300px) 100vw, 300px\" \/><\/a>\n\t\t\t\t<\/dt><\/dl><dl class='gallery-item'>\n\t\t\t\t<dt class='gallery-icon landscape'>\n\t\t\t\t\t<a class=\"rollover rollover-zoom dt-pswp-item\" title=\"\u00a9EchiAlessandroSogne-47 MEMORIAL ERNESTO FENTI\" data-dt-img-description=\"\" data-large_image_width=\"1980\" data-large_image_height=\"1320\"href='https:\/\/www.radiopiu.net\/wordpress\/wp-content\/uploads\/2023\/03\/\u00a9EchiAlessandroSogne-47-MEMORIAL-ERNESTO-FENTI.jpg'><img loading=\"lazy\" decoding=\"async\" width=\"300\" height=\"200\" src=\"https:\/\/www.radiopiu.net\/wordpress\/wp-content\/uploads\/2023\/03\/\u00a9EchiAlessandroSogne-47-MEMORIAL-ERNESTO-FENTI-300x200.jpg\" class=\"attachment-medium size-medium\" alt=\"\" srcset=\"https:\/\/www.radiopiu.net\/wordpress\/wp-content\/uploads\/2023\/03\/\u00a9EchiAlessandroSogne-47-MEMORIAL-ERNESTO-FENTI-300x200.jpg 300w, https:\/\/www.radiopiu.net\/wordpress\/wp-content\/uploads\/2023\/03\/\u00a9EchiAlessandroSogne-47-MEMORIAL-ERNESTO-FENTI-1024x683.jpg 1024w, https:\/\/www.radiopiu.net\/wordpress\/wp-content\/uploads\/2023\/03\/\u00a9EchiAlessandroSogne-47-MEMORIAL-ERNESTO-FENTI-768x512.jpg 768w, https:\/\/www.radiopiu.net\/wordpress\/wp-content\/uploads\/2023\/03\/\u00a9EchiAlessandroSogne-47-MEMORIAL-ERNESTO-FENTI-1536x1024.jpg 1536w, https:\/\/www.radiopiu.net\/wordpress\/wp-content\/uploads\/2023\/03\/\u00a9EchiAlessandroSogne-47-MEMORIAL-ERNESTO-FENTI.jpg 1980w\" sizes=\"auto, (max-width: 300px) 100vw, 300px\" \/><\/a>\n\t\t\t\t<\/dt><\/dl><dl class='gallery-item'>\n\t\t\t\t<dt class='gallery-icon landscape'>\n\t\t\t\t\t<a class=\"rollover rollover-zoom dt-pswp-item\" title=\"EchiAlessandroSogne-102 ELIA BARP\" data-dt-img-description=\"\" data-large_image_width=\"1980\" data-large_image_height=\"1320\"href='https:\/\/www.radiopiu.net\/wordpress\/wp-content\/uploads\/2023\/03\/\u00a9EchiAlessandroSogne-102-ELIA-BARP.jpg'><img loading=\"lazy\" decoding=\"async\" width=\"300\" height=\"200\" src=\"https:\/\/www.radiopiu.net\/wordpress\/wp-content\/uploads\/2023\/03\/\u00a9EchiAlessandroSogne-102-ELIA-BARP-300x200.jpg\" class=\"attachment-medium size-medium\" alt=\"\" srcset=\"https:\/\/www.radiopiu.net\/wordpress\/wp-content\/uploads\/2023\/03\/\u00a9EchiAlessandroSogne-102-ELIA-BARP-300x200.jpg 300w, https:\/\/www.radiopiu.net\/wordpress\/wp-content\/uploads\/2023\/03\/\u00a9EchiAlessandroSogne-102-ELIA-BARP-1024x683.jpg 1024w, https:\/\/www.radiopiu.net\/wordpress\/wp-content\/uploads\/2023\/03\/\u00a9EchiAlessandroSogne-102-ELIA-BARP-768x512.jpg 768w, https:\/\/www.radiopiu.net\/wordpress\/wp-content\/uploads\/2023\/03\/\u00a9EchiAlessandroSogne-102-ELIA-BARP-1536x1024.jpg 1536w, https:\/\/www.radiopiu.net\/wordpress\/wp-content\/uploads\/2023\/03\/\u00a9EchiAlessandroSogne-102-ELIA-BARP.jpg 1980w\" sizes=\"auto, (max-width: 300px) 100vw, 300px\" \/><\/a>\n\t\t\t\t<\/dt><\/dl><dl class='gallery-item'>\n\t\t\t\t<dt class='gallery-icon landscape'>\n\t\t\t\t\t<a class=\"rollover rollover-zoom dt-pswp-item\" title=\"\u00a9EchiAlessandroSogne-119 DA SX ELIA BARP E MARTIN CORADAZZI\" data-dt-img-description=\"\" data-large_image_width=\"1980\" data-large_image_height=\"1320\"href='https:\/\/www.radiopiu.net\/wordpress\/wp-content\/uploads\/2023\/03\/\u00a9EchiAlessandroSogne-119-DA-SX-ELIA-BARP-E-MARTIN-CORADAZZI.jpg'><img loading=\"lazy\" decoding=\"async\" width=\"300\" height=\"200\" src=\"https:\/\/www.radiopiu.net\/wordpress\/wp-content\/uploads\/2023\/03\/\u00a9EchiAlessandroSogne-119-DA-SX-ELIA-BARP-E-MARTIN-CORADAZZI-300x200.jpg\" class=\"attachment-medium size-medium\" alt=\"\" srcset=\"https:\/\/www.radiopiu.net\/wordpress\/wp-content\/uploads\/2023\/03\/\u00a9EchiAlessandroSogne-119-DA-SX-ELIA-BARP-E-MARTIN-CORADAZZI-300x200.jpg 300w, https:\/\/www.radiopiu.net\/wordpress\/wp-content\/uploads\/2023\/03\/\u00a9EchiAlessandroSogne-119-DA-SX-ELIA-BARP-E-MARTIN-CORADAZZI-1024x683.jpg 1024w, https:\/\/www.radiopiu.net\/wordpress\/wp-content\/uploads\/2023\/03\/\u00a9EchiAlessandroSogne-119-DA-SX-ELIA-BARP-E-MARTIN-CORADAZZI-768x512.jpg 768w, https:\/\/www.radiopiu.net\/wordpress\/wp-content\/uploads\/2023\/03\/\u00a9EchiAlessandroSogne-119-DA-SX-ELIA-BARP-E-MARTIN-CORADAZZI-1536x1024.jpg 1536w, https:\/\/www.radiopiu.net\/wordpress\/wp-content\/uploads\/2023\/03\/\u00a9EchiAlessandroSogne-119-DA-SX-ELIA-BARP-E-MARTIN-CORADAZZI.jpg 1980w\" sizes=\"auto, (max-width: 300px) 100vw, 300px\" \/><\/a>\n\t\t\t\t<\/dt><\/dl><br style=\"clear: both\" \/>\n\t\t\t<\/div>\n\n<p><span style=\"color: #0000ff;\">CORSA IN MONTAGNA\u00a0\u00a0<\/span><\/p>\n<blockquote>\n<h2><b>GS LA PIAVE 2000, DA VI\u00e0 AD UN SOFFIO DAL PODIO TRICOLORE\u00a0\u00a0\u00a0<\/b><\/h2>\n<p><a class=\"dt-pswp-item\" href=\"https:\/\/www.radiopiu.net\/wordpress\/wp-content\/uploads\/2023\/03\/Gs-La-Piave-2000_Il-quartetto-assoluto.jpg\" data-dt-img-description=\"\" data-large_image_width=\"868\" data-large_image_height=\"1178\"><img loading=\"lazy\" decoding=\"async\" class=\"size-medium wp-image-326311 alignleft\" src=\"https:\/\/www.radiopiu.net\/wordpress\/wp-content\/uploads\/2023\/03\/Gs-La-Piave-2000_Il-quartetto-assoluto-221x300.jpg\" alt=\"\" width=\"221\" height=\"300\" srcset=\"https:\/\/www.radiopiu.net\/wordpress\/wp-content\/uploads\/2023\/03\/Gs-La-Piave-2000_Il-quartetto-assoluto-221x300.jpg 221w, https:\/\/www.radiopiu.net\/wordpress\/wp-content\/uploads\/2023\/03\/Gs-La-Piave-2000_Il-quartetto-assoluto-755x1024.jpg 755w, https:\/\/www.radiopiu.net\/wordpress\/wp-content\/uploads\/2023\/03\/Gs-La-Piave-2000_Il-quartetto-assoluto-768x1042.jpg 768w, https:\/\/www.radiopiu.net\/wordpress\/wp-content\/uploads\/2023\/03\/Gs-La-Piave-2000_Il-quartetto-assoluto.jpg 868w\" sizes=\"auto, (max-width: 221px) 100vw, 221px\" \/><\/a>Domenica a tutto cross per il Gs La Piave 2000: i campionati italiani Fidal di Gubbio (Perugia) hanno ribadito la crescita del giovane <strong>Francesco Da Vi\u00e0<\/strong>, giunto quarto nella gara under 23. Nei 10 km dello spettacolare tracciato ricavato nel parco del Teatro Romano, Da Vi\u00e0 non ha tradito le attese, ritagliandosi un posto tra i migliori giovani talenti del cross nazionale. Una conferma, dopo gli splendidi successi ottenuti, tra gennaio e febbraio, nei cross regionali di Vittorio Veneto e Borgo Valbelluna. Da Vi\u00e0 ha completato la gara in 32\u201926\u201d, arrivando a 22\u201d dal bronzo, andato al trevigiano Nicol\u00f2 Bedini. \u201cE\u2019 stata una gara di alto livello, come un po\u2019 tutta la manifestazione (2500 gli iscritti, ndr). Eravamo partiti con l\u2019obiettivo di centrare un piazzamento tra i primi dieci: abbiamo fatto meglio. Per Francesco \u00e8 stato un inverno di crescita ed esperienze importanti: ora cominceremo a pensare alla pista\u201d, commenta il direttore tecnico del Gs La Piave 2000, <strong>Johnny Schievenin<\/strong>. Il club bellunese ha visto pure una sua atleta salire sul podio tricolore, anche se per rappresentative: <strong>Anna Bertagno<\/strong>, 15 anni ancora da compiere, \u00e8 giunta 71^ nella gara cadette ed \u00e8 stata coinvolta nei festeggiamenti della rappresentativa veneta per la storica vittoria (oro nella combinata e nella classifica femminile) nel campionato italiano per regioni.\u00a0 \u00a0 \u00a0 \u00a0Il figlio d\u2019arte <strong>Hisham Boudalia<\/strong> \u00e8 giunto 71\u00b0\u00a0 nella gara juniores. <strong>Silvia Buogo<\/strong> e <strong>Sofia Calabretto<\/strong> si sono piazzate rispettivamente 70^ e 170^ nella prova allieve. Trentaseiesima, infine, la squadra femminile assoluta che ha presentato al via <strong>Marta Lorenzet<\/strong> (133^), la capitana <strong>Francesca Comiotto<\/strong> (139^), <strong>Andreina Piscitelli<\/strong> (147^) e <strong>Giada Dalle Sasse<\/strong> (185^).<\/p><\/blockquote>\n<p>&nbsp;<\/p>\n<hr \/>\n<p>&nbsp;<\/p>\n","protected":false},"excerpt":{"rendered":"<p>RADIO PIU INFORMAZIONE il canale su TELEGRAM informazione di prima\u00a0 mano e in tempo reale. iscriviti ed aiutaci a farlo conoscere\u00a0 \u00a0 ISCRIVITI AL NOSTRO CANALE YOUTUBE PER SEGUIRE IN DIRETTA I PRINCIPALI PROGRAMMI DI RADIO PIU&#8217; E LE FUTURE DIRETTE IN ESTERNA. PER ISCRIVERTI CLICCA QUI E PREMI IL TASTO &#8220;Iscriviti&#8221;\u00a0\u00a0 &nbsp; &nbsp; INTERRUZIONI&hellip;<\/p>\n","protected":false},"author":4,"featured_media":326315,"comment_status":"closed","ping_status":"closed","sticky":false,"template":"","format":"standard","meta":{"_monsterinsights_skip_tracking":false,"_monsterinsights_sitenote_active":false,"_monsterinsights_sitenote_note":"","_monsterinsights_sitenote_category":0,"footnotes":""},"categories":[51,86,49],"tags":[],"class_list":["post-326001","post","type-post","status-publish","format-standard","has-post-thumbnail","hentry","category-evidenza-top","category-gr","category-news-18","category-51","category-86","category-49","description-off"],"img_url":"https:\/\/www.radiopiu.net\/wordpress\/wp-content\/uploads\/2023\/03\/aaaaaaaaaaaaaa.jpg","_links":{"self":[{"href":"https:\/\/www.radiopiu.net\/wordpress\/wp-json\/wp\/v2\/posts\/326001","targetHints":{"allow":["GET"]}}],"collection":[{"href":"https:\/\/www.radiopiu.net\/wordpress\/wp-json\/wp\/v2\/posts"}],"about":[{"href":"https:\/\/www.radiopiu.net\/wordpress\/wp-json\/wp\/v2\/types\/post"}],"author":[{"embeddable":true,"href":"https:\/\/www.radiopiu.net\/wordpress\/wp-json\/wp\/v2\/users\/4"}],"replies":[{"embeddable":true,"href":"https:\/\/www.radiopiu.net\/wordpress\/wp-json\/wp\/v2\/comments?post=326001"}],"version-history":[{"count":0,"href":"https:\/\/www.radiopiu.net\/wordpress\/wp-json\/wp\/v2\/posts\/326001\/revisions"}],"wp:featuredmedia":[{"embeddable":true,"href":"https:\/\/www.radiopiu.net\/wordpress\/wp-json\/wp\/v2\/media\/326315"}],"wp:attachment":[{"href":"https:\/\/www.radiopiu.net\/wordpress\/wp-json\/wp\/v2\/media?parent=326001"}],"wp:term":[{"taxonomy":"category","embeddable":true,"href":"https:\/\/www.radiopiu.net\/wordpress\/wp-json\/wp\/v2\/categories?post=326001"},{"taxonomy":"post_tag","embeddable":true,"href":"https:\/\/www.radiopiu.net\/wordpress\/wp-json\/wp\/v2\/tags?post=326001"}],"curies":[{"name":"wp","href":"https:\/\/api.w.org\/{rel}","templated":true}]}}