{"id":326072,"date":"2023-03-11T12:08:51","date_gmt":"2023-03-11T11:08:51","guid":{"rendered":"https:\/\/www.radiopiu.net\/wordpress\/?p=326072"},"modified":"2023-03-11T18:03:22","modified_gmt":"2023-03-11T17:03:22","slug":"e-morto-silvano-vernizzi-lutto-a-veneto-strade","status":"publish","type":"post","link":"https:\/\/www.radiopiu.net\/wordpress\/e-morto-silvano-vernizzi-lutto-a-veneto-strade\/","title":{"rendered":"E&#8217; MORTO SILVANO VERNIZZI, LUTTO A VENETO STRADE"},"content":{"rendered":"<blockquote>\n<h1 class=\"story__hero__title\"><em><img loading=\"lazy\" decoding=\"async\" class=\"alignleft\" src=\"https:\/\/www.radiopiu.net\/wordpress\/wp-content\/uploads\/2023\/03\/110800061-49222360-d4cf-4540-a9b6-3569712f92ed.webp\" width=\"315\" height=\"177\" \/>amministratore delegato di Veneto Strade<\/em><\/h1>\n<\/blockquote>\n<p class=\"story__hero__summary\">L\u2019ingegnere si \u00e8 spento a 69 anni. Dal 2001 era a capo della societ\u00e0 di viabilit\u00e0 regionale. Aveva seguito la realizzazione del Passante di Mestre e della Pedemontana. Il prossimo 13 dicembre avrebbe festeggiato i suoi 70 anni. Nato a Rovigo, Silvano Vernizzi si era laureato in Ingegneria civile nel 1979 e ha visto la sua vita professionale in gran parte spesa nelle pubbliche amministrazioni. La sua attivit\u00e0 si \u00e8 concentrata nel lavoro per la Regione Veneto. <b>Di<\/b>rettore del Centro operativo veneto della navigazione interna interregionale, ;dal 2001 ad oggi era anzitutto l\u2019uomo di Veneto Strade. Silvano Vernizzi inizia presto a dare il suo contributo alla Regione del Veneto. \u00c8 direttore del centro operativo veneto navigazione interna interregionale. Nel 1991 e per due anni \u00e8 Coordinatore del dipartimento per la viabilit\u00e0 e trasporti. Arriva a Palazzo Balbi nel \u201897 e per tre anni \u00e8 Dirigente regionale direzione viabilit\u00e0 e trasporti. Fino ad essere nominato nel 2000 Segretario regionale. Dal 2005 al 2013 \u00e8 Presidente della commissione regionale di VIA; dal 2006 al 2013 \u00e8 Presidente della Commissione regionale di valutazione ambientale strategica; dal 2005 al 2013 \u00e8 Vice presidente NUVV Regione Veneto; dal 2010 al 2013 \u00e8 Autorit\u00e0 ambientale per la VINCA della Regione Veneto; dal 2001 al 2023 \u00e8 Amministratore delegato e Direttore generale di Veneto Strade; dal 2004 al 2010 \u00e8 Consigliere delegato Veneto infrastrutture Servizi.<\/p>\n<p>&nbsp;<\/p>\n<p><strong>MORTO SILVANO VERNIZZI. IL CORDOGLIO DEL PRESIDENTE ZAIA: \u201cSE NE VA MISTER VIABILITA\u2019, L\u2019UOMO E IL PROFESSIONISTA CHE HA CONTRIBUITO A RENDERE MIGLIORI LE NOSTRE STRADE\u201d<\/strong><\/p>\n<p>&nbsp;<\/p>\n<p>\u201cSe ne va Silvano Vernizzi, che chiamavo &#8216;mister viabilit\u00e0&#8217;: l\u2019uomo delle strade, il professionista che con passione era su ogni cantiere. Se ne va lasciando in Veneto un grandissimo vuoto. Con Vernizzi ho condiviso gran parte del mio percorso amministrativo. L\u2019ho conosciuto dapprima quando ero amministratore della Provincia di Treviso e poi, operativamente, da vicino, da quando sono stato vicepresidente della Regione. L\u2019ho rincontrato, infine, nel 2010 e da l\u00ec il nostro percorso \u00e8 continuato; non si \u00e8 mai fermato. Nonostante gli acciacchi che lo tormentavano dal punto di vista della salute ha sempre voluto dar corso alla sua volont\u00e0 e disponibilit\u00e0 di continuare a lavorare. Penso davvero che il lavoro, portato avanti con grande competenza e passione, lui fosse tutto. Se ne va un grande riferimento per il nostro territorio: un professionista che trasudava di una passione unica nel lavoro e che ci mancher\u00e0 molto. Le mie pi\u00f9 sentite condoglianze alla famiglia, agli amici, ai colleghi\u201d.Con queste parole il Presidente della Regione del Veneto, Luca Zaia, esprime il suo cordoglio per la scomparsa dell&#8217;ingegnere Silvano Vernizzi, a lungo alla guida di Veneto Strade.\u00a0 \u201cLe infrastrutture del Veneto portano tutte, direttamente o indirettamente, il segno del suo lavoro. \u2013 ha aggiunto Zaia \u2013 Per tutti noi se ne va un caposaldo: prima come direttore delle infrastrutture a livello regionale e poi come amministratore delegato e direttore generale di Veneto Strade. E\u2019 l\u2019uomo, il manager, che si \u00e8 occupato della messa in sicurezza del Veneto: \u00e8 stato mio soggetto attuatore per Vaia e quindi per la viabilit\u00e0 della montagna. \u00c8 stato fautore e innovatore non solo per la viabilit\u00e0 ordinaria ma anche di grandi progetti come il Passante di Mestre e la Pedemontana che, nella prima fase, lo ha visto Commissario\u201d. \u201cPorto con me il ricordo di una persona perbene, &#8211; ha concluso il Presidente Zaia \u2013 di un lavoratore instancabile, di un professionista che sapeva cosa significasse fare squadra con la S maiuscola, per raggiungere l\u2019obiettivo. Vernizzi viaggiava come un treno carico di una visione lungimirante, tipica di un Veneto connesso col mondo e quindi portatore di un disegno personale rispetto al progetto della viabilit\u00e0 assolutamente di altissimo livello. Buon viaggio!\u201d<\/p>\n<p>&nbsp;<\/p>\n<p><strong>IL MESSAGGIO DI DELL&#8217;ASSESSORE REGIONALE GIANPAOLO BOTTACIN<\/strong><\/p>\n<p>&#8220;Ho appreso la notizia della scomparsa dell&#8217;ing. Silvano Vernizzi. Ho avuto modo di conoscere l&#8217;ing. Vernizzi quando ero consigliere di amministrazione di Venetostrade e poi da amministratore regionale. Una persona pragmatica e pratica, orientata alla soluzione dei problemi. Dopo Vaia ha avuto un ruolo fondamentale nella fase di ricostruzione. Sar\u00e0 una grave perdita per il Veneto. Alla famiglia e ai suoi cari le mie pi\u00f9 sentite condoglianze&#8221;<\/p>\n<p>&nbsp;<\/p>\n<p><strong>IL RICORDO DI ELISA DE BERTI, VICEPRESIDENTE DEL VENETO<\/strong><\/p>\n<p>&#8220;Con Silvano Vernizzi scompaiono trent&#8217;anni di storia e memoria di opere pubbliche del Veneto. \u00c8 stato pi\u00f9 di un ingegnere e di un valente progettista. \u00c8 stato uno degli uomini che ha contribuito a ridisegnare la rete dei trasporti e della logistica nel Nord-Est al servizio delle imprese e dei cittadini&#8221;.<br \/>\nCon queste parole il Vicepresidente della Regione Veneto, Elisa De Berti, partecipa al cordoglio per la scomparsa di Silvano Vernizzi, AD di Veneto Strade.<br \/>\n&#8220;L\u2019ing.Vernizzi ha partecipato da protagonista alle grandi e lungimiranti scelte infrastrutturali che la Regione ha effettuato nei decenni. Dalla costruzione e completamento del Passante, alla creazione della concessionaria Cav e di Veneto Strade, alla progettazione della Pedemontana, alle grandi e piccole, ma tutte essenziali, opere viarie realizzate nel nostro territorio, curandone con tempestivit\u00e0 e sapienza anche la manutenzione, evitando i problemi di vetust\u00e0 che stanno affliggendo il Paese. Vorrei esprimere il mio sentito cordoglio, ma rivolgergli anche un sentito ringraziamento per l&#8217;eredit\u00e0 che ci ha lasciato.<br \/>\n&#8220;Voglio ricordarlo &#8211; conclude la Vicepresidente De Berti &#8211; anche per la sua tempra e per il grande attaccamento alla vita e al lavoro. Fino all\u2019ultimo giorno ha risposto alle email dal letto dell\u2019ospedale. Con Vernizzi non \u00e8 mai mancato il confronto, a tratti anche acceso, ma sempre schietto e costruttivo. Buon viaggio, Silvano.\u201d<\/p>\n<p>&nbsp;<\/p>\n<p><strong>LA NOTA DI CORDOGLIO DEL PRESIDENTE DELLA PROVINCIA DI BELLUNO ROBERTO PADRIN<\/strong><\/p>\n<p>\u00abCi lascia un dirigente preparato, scrupoloso. Un uomo che ha saputo governare Veneto Strade in anni difficili, ponendosi sempre come obiettivo la salvaguardia di una societ\u00e0 che \u00e8 patrimonio di tutti i cittadini utenti della viabilit\u00e0\u00bb. Cos\u00ec il presidente della Provinci di Belluno Roberto Padrin in una nota di cordoglio per la scomparsa di Silvano Vernizzi, amministratore delegato e direttore di Veneto Strade spa. \u00abNegli anni, non sono mancate le discussioni tra Veneto Strade e la Provincia di Belluno, causate dalle sempre risicate risorse per la manutenzione delle strade, dopo il taglio dei trasferimenti statali in materia. Ma con Vernizzi, al di l\u00e0 di tutto, si poteva sempre dialogare &#8211; talvolta in maniera dura &#8211; grazie alla sua schiettezza e soprattutto alla visione che sapeva dare alle questioni anche pi\u00f9 intricate. Veneto Strade era per lui come un figlio, una creatura che aveva saputo traghettare dall\u2019entusiasmo della stagione delle grandi opere alla maturit\u00e0 arrivata con i cantieri di ricostruzione post-Vaia, fino a oggi. Ci mancher\u00e0 la sua capacit\u00e0, talvolta ruvida ma sempre efficace, di comporre le questioni con l\u2019obiettivo di salvaguardare la societ\u00e0 e quindi l\u2019attivit\u00e0 di manutenzione e cura delle strade. A nome dell\u2019intero consiglio provinciale, rivolgo un pensiero di affetto ai suoi famigliari e ai suoi amici\u00bb.<\/p>\n<p>&nbsp;<\/p>\n<p><strong>ANDREA DE BERNARDIN, SEGRETARIO PROVINCIALE DELLA LEGA E SINDACO DI ROCCA PIETORE<\/strong><\/p>\n<audio class=\"wp-audio-shortcode\" id=\"audio-326072-1\" preload=\"none\" style=\"width: 100%;\" controls=\"controls\"><source type=\"audio\/mpeg\" src=\"https:\/\/www.radiopiu.net\/wordpress\/wp-content\/uploads\/2023\/03\/De-Bernardin-1.mp3?_=1\" \/><a href=\"https:\/\/www.radiopiu.net\/wordpress\/wp-content\/uploads\/2023\/03\/De-Bernardin-1.mp3\">https:\/\/www.radiopiu.net\/wordpress\/wp-content\/uploads\/2023\/03\/De-Bernardin-1.mp3<\/a><\/audio>\n<p>&nbsp;<\/p>\n<p><strong>SILVIA CESTARO, CONSIGLIERE REGIONALE<\/strong><\/p>\n<audio class=\"wp-audio-shortcode\" id=\"audio-326072-2\" preload=\"none\" style=\"width: 100%;\" controls=\"controls\"><source type=\"audio\/mpeg\" src=\"https:\/\/www.radiopiu.net\/wordpress\/wp-content\/uploads\/2023\/03\/Cestaro.mp3?_=2\" \/><a href=\"https:\/\/www.radiopiu.net\/wordpress\/wp-content\/uploads\/2023\/03\/Cestaro.mp3\">https:\/\/www.radiopiu.net\/wordpress\/wp-content\/uploads\/2023\/03\/Cestaro.mp3<\/a><\/audio>\n<p>&nbsp;<\/p>\n<p>&nbsp;<\/p>\n<p>&nbsp;<\/p>\n<hr \/>\n<p>&nbsp;<\/p>\n","protected":false},"excerpt":{"rendered":"<p>amministratore delegato di Veneto Strade L\u2019ingegnere si \u00e8 spento a 69 anni. Dal 2001 era a capo della societ\u00e0 di viabilit\u00e0 regionale. Aveva seguito la realizzazione del Passante di Mestre e della Pedemontana. Il prossimo 13 dicembre avrebbe festeggiato i suoi 70 anni. Nato a Rovigo, Silvano Vernizzi si era laureato in Ingegneria civile nel&hellip;<\/p>\n","protected":false},"author":4,"featured_media":326074,"comment_status":"closed","ping_status":"closed","sticky":false,"template":"","format":"standard","meta":{"_monsterinsights_skip_tracking":false,"_monsterinsights_sitenote_active":false,"_monsterinsights_sitenote_note":"","_monsterinsights_sitenote_category":0,"footnotes":""},"categories":[51,49],"tags":[],"class_list":["post-326072","post","type-post","status-publish","format-standard","has-post-thumbnail","hentry","category-evidenza-top","category-news-18","category-51","category-49","description-off"],"img_url":"https:\/\/www.radiopiu.net\/wordpress\/wp-content\/uploads\/2023\/03\/110800061-49222360-d4cf-4540-a9b6-3569712f92ed.webp","_links":{"self":[{"href":"https:\/\/www.radiopiu.net\/wordpress\/wp-json\/wp\/v2\/posts\/326072","targetHints":{"allow":["GET"]}}],"collection":[{"href":"https:\/\/www.radiopiu.net\/wordpress\/wp-json\/wp\/v2\/posts"}],"about":[{"href":"https:\/\/www.radiopiu.net\/wordpress\/wp-json\/wp\/v2\/types\/post"}],"author":[{"embeddable":true,"href":"https:\/\/www.radiopiu.net\/wordpress\/wp-json\/wp\/v2\/users\/4"}],"replies":[{"embeddable":true,"href":"https:\/\/www.radiopiu.net\/wordpress\/wp-json\/wp\/v2\/comments?post=326072"}],"version-history":[{"count":0,"href":"https:\/\/www.radiopiu.net\/wordpress\/wp-json\/wp\/v2\/posts\/326072\/revisions"}],"wp:featuredmedia":[{"embeddable":true,"href":"https:\/\/www.radiopiu.net\/wordpress\/wp-json\/wp\/v2\/media\/326074"}],"wp:attachment":[{"href":"https:\/\/www.radiopiu.net\/wordpress\/wp-json\/wp\/v2\/media?parent=326072"}],"wp:term":[{"taxonomy":"category","embeddable":true,"href":"https:\/\/www.radiopiu.net\/wordpress\/wp-json\/wp\/v2\/categories?post=326072"},{"taxonomy":"post_tag","embeddable":true,"href":"https:\/\/www.radiopiu.net\/wordpress\/wp-json\/wp\/v2\/tags?post=326072"}],"curies":[{"name":"wp","href":"https:\/\/api.w.org\/{rel}","templated":true}]}}