{"id":326081,"date":"2023-03-11T13:29:16","date_gmt":"2023-03-11T12:29:16","guid":{"rendered":"https:\/\/www.radiopiu.net\/wordpress\/?p=326081"},"modified":"2023-03-11T13:29:16","modified_gmt":"2023-03-11T12:29:16","slug":"i-testi-di-alcune-autrici-locali-protagonisti-stamane-delliniziativa-in-occasione-della-festa-della-donna-al-polo-bibliotecario-di-feltre","status":"publish","type":"post","link":"https:\/\/www.radiopiu.net\/wordpress\/i-testi-di-alcune-autrici-locali-protagonisti-stamane-delliniziativa-in-occasione-della-festa-della-donna-al-polo-bibliotecario-di-feltre\/","title":{"rendered":"I TESTI DI ALCUNE AUTRICI LOCALI PROTAGONISTI STAMANE DELL\u2019INIZIATIVA IN OCCASIONE DELLA FESTA DELLA DONNA AL POLO BIBLIOTECARIO DI FELTRE"},"content":{"rendered":"<p><strong>FELTRE <\/strong>Il Polo Bibliotecario di Feltre ha ospitato stamane \u201cL\u20198 marzo tutti i giorni\u2026anche l\u201911\u201d, l\u2019iniziativa promossa dalla Commissione Pari Opportunit\u00e0 con il patrocinio del Comune di Feltre e della Consigliera Provinciale di Parit\u00e0 in occasione della Festa della Donna. Dopo i saluti del sindaco Viviana Fusaro e della presidente della Commissione Pari Opportunit\u00e0 Velleda Bronzato, Tessa Gubert &#8211; accompagnata dalla chitarra di Raffaele De Boni &#8211; ha letto e interpretato per i presenti in sala alcuni brani tratti dagli scritti delle autrici locali Paola Scapin, Giovanna Toniolo e Gisella Canzian, presenti accanto a lei. Ne \u00e8 uscito un piccolo viaggio nell\u2019universo femminile, raccontato con un caleidoscopio di parole fatte di emozioni, gioie e paure. Per l\u2019occasione \u00e8 stato posizionato all\u2019ingresso della biblioteca un contenitore nel quale i partecipanti all\u2019incontro potranno depositare un foglio con un pensiero, una piccola poesia o un disegno dedicato al tema della donna nelle sue molteplici sfaccettature per tutto il mese di marzo. Chi non pu\u00f2 raggiungere il polo bibliotecario potr\u00e0 comunque inviare il proprio scritto alla mail: <a href=\"mailto:pariopportunita@comune.feltre.bl.it\">pariopportunita@comune.feltre.bl.it<\/a>. Al termine della raccolta, gli elaborati pervenuti saranno presentati nel corso di un incontro a tema o pubblicati. \u201cE\u2019 stato un incontro veramente riuscito, carico di contenuti e di emozioni\u201d, commenta la presidente della Commissione Pari Opportunit\u00e0 Velleda Bronzato, che aggiunge: \u201cLa scelta di spostare l\u2019appuntamento alla giornata di sabato ha favorito una buona partecipazione: invito tutte e tutti a farci pervenire nei prossimi giorni i loro pensieri nelle modalit\u00e0 indicate. Permettetemi inoltre un ringraziamento a tutti coloro che hanno collaborato a vario titolo alla riuscita dell\u2019incontro e ai ragazzi del centro diurno \u201cLe Casette\u201d che hanno realizzato i bellissimi contenitori per la raccolta dei messaggi\u201d. All\u2019incontro \u00e8 intervenuta, portando il proprio saluto anche la Consigliera Provinciale di Parit\u00e0 Flavia Monego, che si \u00e8 congratulata per l\u2019iniziativa.<\/p>\n\n\t\t\t<style type='text\/css'>\n\t\t\t\t#gallery-1 {\n\t\t\t\t\tmargin: auto;\n\t\t\t\t}\n\t\t\t\t#gallery-1 .gallery-item {\n\t\t\t\t\tfloat: left;\n\t\t\t\t\tmargin-top: 10px;\n\t\t\t\t\ttext-align: center;\n\t\t\t\t\twidth: 50%;\n\t\t\t\t}\n\t\t\t\t#gallery-1 img {\n\t\t\t\t\tborder: 2px solid #cfcfcf;\n\t\t\t\t}\n\t\t\t\t#gallery-1 .gallery-caption {\n\t\t\t\t\tmargin-left: 0;\n\t\t\t\t}\n\t\t\t\t\/* see gallery_shortcode() in wp-includes\/media.php *\/\n\t\t\t<\/style>\n\t\t<div id='gallery-1' class='dt-gallery-container gallery galleryid-326081 gallery-columns-2 gallery-size-medium'><dl class='gallery-item'>\n\t\t\t\t<dt class='gallery-icon landscape'>\n\t\t\t\t\t<a class=\"rollover rollover-zoom dt-pswp-item\" title=\"11 marzo Feltre\" data-dt-img-description=\"\" data-large_image_width=\"2560\" data-large_image_height=\"1440\"href='https:\/\/www.radiopiu.net\/wordpress\/wp-content\/uploads\/2023\/03\/11-marzo-Feltre-scaled.jpg'><img loading=\"lazy\" decoding=\"async\" width=\"300\" height=\"169\" src=\"https:\/\/www.radiopiu.net\/wordpress\/wp-content\/uploads\/2023\/03\/11-marzo-Feltre-300x169.jpg\" class=\"attachment-medium size-medium\" alt=\"\" srcset=\"https:\/\/www.radiopiu.net\/wordpress\/wp-content\/uploads\/2023\/03\/11-marzo-Feltre-300x169.jpg 300w, https:\/\/www.radiopiu.net\/wordpress\/wp-content\/uploads\/2023\/03\/11-marzo-Feltre-1024x576.jpg 1024w, https:\/\/www.radiopiu.net\/wordpress\/wp-content\/uploads\/2023\/03\/11-marzo-Feltre-768x432.jpg 768w, https:\/\/www.radiopiu.net\/wordpress\/wp-content\/uploads\/2023\/03\/11-marzo-Feltre-1536x864.jpg 1536w, https:\/\/www.radiopiu.net\/wordpress\/wp-content\/uploads\/2023\/03\/11-marzo-Feltre-2048x1152.jpg 2048w\" sizes=\"auto, (max-width: 300px) 100vw, 300px\" \/><\/a>\n\t\t\t\t<\/dt><\/dl><dl class='gallery-item'>\n\t\t\t\t<dt class='gallery-icon landscape'>\n\t\t\t\t\t<a class=\"rollover rollover-zoom dt-pswp-item\" title=\"11 marzo Feltre 2\" data-dt-img-description=\"\" data-large_image_width=\"2560\" data-large_image_height=\"1440\"href='https:\/\/www.radiopiu.net\/wordpress\/wp-content\/uploads\/2023\/03\/11-marzo-Feltre-2-scaled.jpg'><img loading=\"lazy\" decoding=\"async\" width=\"300\" height=\"169\" src=\"https:\/\/www.radiopiu.net\/wordpress\/wp-content\/uploads\/2023\/03\/11-marzo-Feltre-2-300x169.jpg\" class=\"attachment-medium size-medium\" alt=\"\" srcset=\"https:\/\/www.radiopiu.net\/wordpress\/wp-content\/uploads\/2023\/03\/11-marzo-Feltre-2-300x169.jpg 300w, https:\/\/www.radiopiu.net\/wordpress\/wp-content\/uploads\/2023\/03\/11-marzo-Feltre-2-1024x576.jpg 1024w, https:\/\/www.radiopiu.net\/wordpress\/wp-content\/uploads\/2023\/03\/11-marzo-Feltre-2-768x432.jpg 768w, https:\/\/www.radiopiu.net\/wordpress\/wp-content\/uploads\/2023\/03\/11-marzo-Feltre-2-1536x864.jpg 1536w, https:\/\/www.radiopiu.net\/wordpress\/wp-content\/uploads\/2023\/03\/11-marzo-Feltre-2-2048x1152.jpg 2048w\" sizes=\"auto, (max-width: 300px) 100vw, 300px\" \/><\/a>\n\t\t\t\t<\/dt><\/dl><br style=\"clear: both\" \/>\n\t\t\t<\/div>\n\n<p>&nbsp;<\/p>\n<p>&nbsp;<\/p>\n<p>*******<\/p>\n","protected":false},"excerpt":{"rendered":"<p>FELTRE Il Polo Bibliotecario di Feltre ha ospitato stamane \u201cL\u20198 marzo tutti i giorni\u2026anche l\u201911\u201d, l\u2019iniziativa promossa dalla Commissione Pari Opportunit\u00e0 con il patrocinio del Comune di Feltre e della Consigliera Provinciale di Parit\u00e0 in occasione della Festa della Donna. Dopo i saluti del sindaco Viviana Fusaro e della presidente della Commissione Pari Opportunit\u00e0 Velleda&hellip;<\/p>\n","protected":false},"author":4,"featured_media":326082,"comment_status":"closed","ping_status":"closed","sticky":false,"template":"","format":"standard","meta":{"_monsterinsights_skip_tracking":false,"_monsterinsights_sitenote_active":false,"_monsterinsights_sitenote_note":"","_monsterinsights_sitenote_category":0,"footnotes":""},"categories":[49],"tags":[],"class_list":["post-326081","post","type-post","status-publish","format-standard","has-post-thumbnail","hentry","category-news-18","category-49","description-off"],"img_url":"https:\/\/www.radiopiu.net\/wordpress\/wp-content\/uploads\/2023\/03\/11-marzo-Feltre-scaled.jpg","_links":{"self":[{"href":"https:\/\/www.radiopiu.net\/wordpress\/wp-json\/wp\/v2\/posts\/326081","targetHints":{"allow":["GET"]}}],"collection":[{"href":"https:\/\/www.radiopiu.net\/wordpress\/wp-json\/wp\/v2\/posts"}],"about":[{"href":"https:\/\/www.radiopiu.net\/wordpress\/wp-json\/wp\/v2\/types\/post"}],"author":[{"embeddable":true,"href":"https:\/\/www.radiopiu.net\/wordpress\/wp-json\/wp\/v2\/users\/4"}],"replies":[{"embeddable":true,"href":"https:\/\/www.radiopiu.net\/wordpress\/wp-json\/wp\/v2\/comments?post=326081"}],"version-history":[{"count":0,"href":"https:\/\/www.radiopiu.net\/wordpress\/wp-json\/wp\/v2\/posts\/326081\/revisions"}],"wp:featuredmedia":[{"embeddable":true,"href":"https:\/\/www.radiopiu.net\/wordpress\/wp-json\/wp\/v2\/media\/326082"}],"wp:attachment":[{"href":"https:\/\/www.radiopiu.net\/wordpress\/wp-json\/wp\/v2\/media?parent=326081"}],"wp:term":[{"taxonomy":"category","embeddable":true,"href":"https:\/\/www.radiopiu.net\/wordpress\/wp-json\/wp\/v2\/categories?post=326081"},{"taxonomy":"post_tag","embeddable":true,"href":"https:\/\/www.radiopiu.net\/wordpress\/wp-json\/wp\/v2\/tags?post=326081"}],"curies":[{"name":"wp","href":"https:\/\/api.w.org\/{rel}","templated":true}]}}