{"id":326085,"date":"2023-03-11T13:36:50","date_gmt":"2023-03-11T12:36:50","guid":{"rendered":"https:\/\/www.radiopiu.net\/wordpress\/?p=326085"},"modified":"2023-03-11T13:36:50","modified_gmt":"2023-03-11T12:36:50","slug":"giornata-nazionale-di-educazione-e-prevenzione-contro-la-violenza-nei-confronti-degli-operatori-sanitari-e-socio-sanitari-2","status":"publish","type":"post","link":"https:\/\/www.radiopiu.net\/wordpress\/giornata-nazionale-di-educazione-e-prevenzione-contro-la-violenza-nei-confronti-degli-operatori-sanitari-e-socio-sanitari-2\/","title":{"rendered":"GIORNATA NAZIONALE DI EDUCAZIONE E PREVENZIONE CONTRO  LA VIOLENZA NEI CONFRONTI DEGLI OPERATORI SANITARI E SOCIO-SANITARI"},"content":{"rendered":"<p><strong><a class=\"dt-pswp-item\" href=\"https:\/\/www.radiopiu.net\/wordpress\/wp-content\/uploads\/2021\/11\/INFERMIERE-OSS.png\" data-dt-img-description=\"\" data-large_image_width=\"1784\" data-large_image_height=\"1068\"><img loading=\"lazy\" decoding=\"async\" class=\" wp-image-242263 alignleft\" src=\"https:\/\/www.radiopiu.net\/wordpress\/wp-content\/uploads\/2021\/11\/INFERMIERE-OSS-300x180.png\" alt=\"\" width=\"200\" height=\"120\" srcset=\"https:\/\/www.radiopiu.net\/wordpress\/wp-content\/uploads\/2021\/11\/INFERMIERE-OSS-300x180.png 300w, https:\/\/www.radiopiu.net\/wordpress\/wp-content\/uploads\/2021\/11\/INFERMIERE-OSS-1024x613.png 1024w, https:\/\/www.radiopiu.net\/wordpress\/wp-content\/uploads\/2021\/11\/INFERMIERE-OSS-768x460.png 768w, https:\/\/www.radiopiu.net\/wordpress\/wp-content\/uploads\/2021\/11\/INFERMIERE-OSS-1536x920.png 1536w, https:\/\/www.radiopiu.net\/wordpress\/wp-content\/uploads\/2021\/11\/INFERMIERE-OSS.png 1784w\" sizes=\"auto, (max-width: 200px) 100vw, 200px\" \/><\/a>BELLUNO <\/strong>Istituita dalla Legge n. 113 del 14 agosto 2020, ricorre il 12 marzo, la giornata nazionale di educazione e prevenzione contro la violenza nei confronti degli operatori sanitari e socio-sanitari. Questa giornata nasce per diffondere una cultura che condanni ogni forma di violenza, sia verbale che fisica, nei confronti degli operatori della sanit\u00e0, un fenomeno ad oggi critico e in costante aumento. La violenza nei luoghi di lavoro in sanit\u00e0 \u00e8 un fenomeno critico ed in costante aumento, sul quale vi \u00e8 una crescente consapevolezza da parte degli operatori. Gli atti di violenza consistono nella maggior parte dei casi in aggressioni o tentativi di aggressione, fisica o verbale, quali quelle realizzate mediante uso di linguaggio offensivo. Sono considerati atti di violenza a danno degli operatori sanitari gli insulti, le minacce e qualsiasi forma di aggressione fisica o psicologica praticate sul lavoro da parte di soggetti esterni all\u2019organizzazione, compresi i pazienti, tali da mettere a repentaglio la salute, la sicurezza o il benessere di un individuo. Nell\u2019Azienda Ulss Dolomiti, mediamente ogni anno, si registrano circa 10 aggressioni che determinano anche assenza dal lavoro e che sono registrati come infortuni indennizzabili dall&#8217;INAIL. Alle aggressioni fisiche si aggiungono, inoltre, gli atti di violenza a danno degli operatori sanitari, determinate da comportamenti minacciosi o abusi verbali. Il primo passo per una gestione efficace della violenza nei luoghi di lavoro a danno degli operatori consiste nel riconoscere che la violenza sul luogo di lavoro rappresenta un rischio per la sicurezza e per la salute dei lavoratori stessi. In Ulss Dolomiti sono attive diverse iniziative in questo ambito che vedono la collaborazione di pi\u00f9 servizi dell\u2019azienda: Servizio di Prevenzione e Protezione, medico competente, rischio clinico, Psicologia Ospedaliera e SPISAL.<\/p>\n<p>&nbsp;<\/p>\n<p>&nbsp;<\/p>\n<p>*****<\/p>\n","protected":false},"excerpt":{"rendered":"<p>BELLUNO Istituita dalla Legge n. 113 del 14 agosto 2020, ricorre il 12 marzo, la giornata nazionale di educazione e prevenzione contro la violenza nei confronti degli operatori sanitari e socio-sanitari. Questa giornata nasce per diffondere una cultura che condanni ogni forma di violenza, sia verbale che fisica, nei confronti degli operatori della sanit\u00e0, un&hellip;<\/p>\n","protected":false},"author":4,"featured_media":242263,"comment_status":"closed","ping_status":"closed","sticky":false,"template":"","format":"standard","meta":{"_monsterinsights_skip_tracking":false,"_monsterinsights_sitenote_active":false,"_monsterinsights_sitenote_note":"","_monsterinsights_sitenote_category":0,"footnotes":""},"categories":[49],"tags":[],"class_list":["post-326085","post","type-post","status-publish","format-standard","has-post-thumbnail","hentry","category-news-18","category-49","description-off"],"img_url":"https:\/\/www.radiopiu.net\/wordpress\/wp-content\/uploads\/2021\/11\/INFERMIERE-OSS.png","_links":{"self":[{"href":"https:\/\/www.radiopiu.net\/wordpress\/wp-json\/wp\/v2\/posts\/326085","targetHints":{"allow":["GET"]}}],"collection":[{"href":"https:\/\/www.radiopiu.net\/wordpress\/wp-json\/wp\/v2\/posts"}],"about":[{"href":"https:\/\/www.radiopiu.net\/wordpress\/wp-json\/wp\/v2\/types\/post"}],"author":[{"embeddable":true,"href":"https:\/\/www.radiopiu.net\/wordpress\/wp-json\/wp\/v2\/users\/4"}],"replies":[{"embeddable":true,"href":"https:\/\/www.radiopiu.net\/wordpress\/wp-json\/wp\/v2\/comments?post=326085"}],"version-history":[{"count":0,"href":"https:\/\/www.radiopiu.net\/wordpress\/wp-json\/wp\/v2\/posts\/326085\/revisions"}],"wp:featuredmedia":[{"embeddable":true,"href":"https:\/\/www.radiopiu.net\/wordpress\/wp-json\/wp\/v2\/media\/242263"}],"wp:attachment":[{"href":"https:\/\/www.radiopiu.net\/wordpress\/wp-json\/wp\/v2\/media?parent=326085"}],"wp:term":[{"taxonomy":"category","embeddable":true,"href":"https:\/\/www.radiopiu.net\/wordpress\/wp-json\/wp\/v2\/categories?post=326085"},{"taxonomy":"post_tag","embeddable":true,"href":"https:\/\/www.radiopiu.net\/wordpress\/wp-json\/wp\/v2\/tags?post=326085"}],"curies":[{"name":"wp","href":"https:\/\/api.w.org\/{rel}","templated":true}]}}