{"id":326331,"date":"2023-03-14T05:39:13","date_gmt":"2023-03-14T04:39:13","guid":{"rendered":"https:\/\/www.radiopiu.net\/wordpress\/?p=326331"},"modified":"2023-03-14T09:26:28","modified_gmt":"2023-03-14T08:26:28","slug":"giornale-radiopiu-14-marzo-2023-direttore-mirko-mezzacasa-verso-i-40-anni-25-giugno-1983-25-giugno-2023a","status":"publish","type":"post","link":"https:\/\/www.radiopiu.net\/wordpress\/giornale-radiopiu-14-marzo-2023-direttore-mirko-mezzacasa-verso-i-40-anni-25-giugno-1983-25-giugno-2023a\/","title":{"rendered":"GIORNALE RADIOPIU 14 MARZO 2023 DIRETTORE MIRKO MEZZACASA&#8230;verso i 40 anni 25 giugno 1983-25 giugno 2023"},"content":{"rendered":"<h3 class=\"kvgmc6g5 cxmmr5t8 oygrvhab hcukyx3x c1et5uql\"><span style=\"color: #0000ff;\"><strong>RADIO PIU INFORMAZIONE il canale su TELEGRAM informazione di prima\u00a0 <\/strong><strong>mano e in tempo reale. iscriviti ed aiutaci a farlo conoscere\u00a0 \u00a0\u00a0<\/strong><\/span><\/h3>\n<p><strong>di\u00a0 FEDERICA ZANDEGIACOMO (VIABILITA&#8217; PROVINCIA DI BELLUNO- TELEGRAM) ORE 7 PASSO CAMPOLONGO<\/strong><\/p>\n\n\t\t\t<style type='text\/css'>\n\t\t\t\t#gallery-1 {\n\t\t\t\t\tmargin: auto;\n\t\t\t\t}\n\t\t\t\t#gallery-1 .gallery-item {\n\t\t\t\t\tfloat: left;\n\t\t\t\t\tmargin-top: 10px;\n\t\t\t\t\ttext-align: center;\n\t\t\t\t\twidth: 100%;\n\t\t\t\t}\n\t\t\t\t#gallery-1 img {\n\t\t\t\t\tborder: 2px solid #cfcfcf;\n\t\t\t\t}\n\t\t\t\t#gallery-1 .gallery-caption {\n\t\t\t\t\tmargin-left: 0;\n\t\t\t\t}\n\t\t\t\t\/* see gallery_shortcode() in wp-includes\/media.php *\/\n\t\t\t<\/style>\n\t\t<div id='gallery-1' class='dt-gallery-container gallery galleryid-326331 gallery-columns-1 gallery-size-medium'><dl class='gallery-item'>\n\t\t\t\t<dt class='gallery-icon landscape'>\n\t\t\t\t\t<a class=\"rollover rollover-zoom dt-pswp-item\" title=\"Senza nome\" data-dt-img-description=\"\" data-large_image_width=\"514\" data-large_image_height=\"364\"href='https:\/\/www.radiopiu.net\/wordpress\/wp-content\/uploads\/2023\/03\/Senza-nome-44.jpg'><img loading=\"lazy\" decoding=\"async\" width=\"300\" height=\"212\" src=\"https:\/\/www.radiopiu.net\/wordpress\/wp-content\/uploads\/2023\/03\/Senza-nome-44-300x212.jpg\" class=\"attachment-medium size-medium\" alt=\"\" srcset=\"https:\/\/www.radiopiu.net\/wordpress\/wp-content\/uploads\/2023\/03\/Senza-nome-44-300x212.jpg 300w, https:\/\/www.radiopiu.net\/wordpress\/wp-content\/uploads\/2023\/03\/Senza-nome-44.jpg 514w\" sizes=\"auto, (max-width: 300px) 100vw, 300px\" \/><\/a>\n\t\t\t\t<\/dt><\/dl><br style=\"clear: both\" \/>\n\t\t\t<\/div>\n\n<p><strong>di\u00a0 \u00a0ANDY (VIABILITA&#8217; PROVINCIA DI BELLUNO- TELEGRAM) ORE 8 PASSO FALZAREGO<\/strong><\/p>\n<h2 style=\"text-align: left;\"><\/h2>\n\n\t\t\t<style type='text\/css'>\n\t\t\t\t#gallery-2 {\n\t\t\t\t\tmargin: auto;\n\t\t\t\t}\n\t\t\t\t#gallery-2 .gallery-item {\n\t\t\t\t\tfloat: left;\n\t\t\t\t\tmargin-top: 10px;\n\t\t\t\t\ttext-align: center;\n\t\t\t\t\twidth: 100%;\n\t\t\t\t}\n\t\t\t\t#gallery-2 img {\n\t\t\t\t\tborder: 2px solid #cfcfcf;\n\t\t\t\t}\n\t\t\t\t#gallery-2 .gallery-caption {\n\t\t\t\t\tmargin-left: 0;\n\t\t\t\t}\n\t\t\t\t\/* see gallery_shortcode() in wp-includes\/media.php *\/\n\t\t\t<\/style>\n\t\t<div id='gallery-2' class='dt-gallery-container gallery galleryid-326331 gallery-columns-1 gallery-size-medium'><dl class='gallery-item'>\n\t\t\t\t<dt class='gallery-icon landscape'>\n\t\t\t\t\t<a class=\"rollover rollover-zoom dt-pswp-item\" title=\"Senza nome\" data-dt-img-description=\"\" data-large_image_width=\"670\" data-large_image_height=\"359\"href='https:\/\/www.radiopiu.net\/wordpress\/wp-content\/uploads\/2023\/03\/Senza-nome-45.jpg'><img loading=\"lazy\" decoding=\"async\" width=\"300\" height=\"161\" src=\"https:\/\/www.radiopiu.net\/wordpress\/wp-content\/uploads\/2023\/03\/Senza-nome-45-300x161.jpg\" class=\"attachment-medium size-medium\" alt=\"\" srcset=\"https:\/\/www.radiopiu.net\/wordpress\/wp-content\/uploads\/2023\/03\/Senza-nome-45-300x161.jpg 300w, https:\/\/www.radiopiu.net\/wordpress\/wp-content\/uploads\/2023\/03\/Senza-nome-45.jpg 670w\" sizes=\"auto, (max-width: 300px) 100vw, 300px\" \/><\/a>\n\t\t\t\t<\/dt><\/dl><br style=\"clear: both\" \/>\n\t\t\t<\/div>\n\n<h2 style=\"text-align: left;\"><span style=\"color: #ff0000;\">ISCRIVITI AL NOSTRO CANALE YOUTUBE PER SEGUIRE IN DIRETTA I PRINCIPALI PROGRAMMI DI RADIO PIU&#8217; E LE FUTURE DIRETTE IN ESTERNA. PER ISCRIVERTI <a style=\"color: #ff0000;\" href=\"https:\/\/youtube.com\/@radiopiu1527\">CLICCA QUI<\/a> E PREMI IL TASTO &#8220;Iscriviti&#8221;\u00a0\u00a0<\/span><\/h2>\n<p>&nbsp;<\/p>\n<hr \/>\n<p>&nbsp;<\/p>\n<h2>INTERRUZIONI PROGRAMMATE BIM GSP<\/h2>\n<h2><span style=\"color: #0000ff;\">CANALE D&#8217;AGORDO<\/span> Domani dalle 8:30 alle 17 verr\u00e0 sospesa l\u2019erogazione dell\u2019acqua\u00a0 in FRAZIONE FREGONA. Il personale addetto operer\u00e0 per limitare il pi\u00f9 possibile i disagi alla popolazione.<\/h2>\n<p>&nbsp;<\/p>\n<p>&nbsp;<\/p>\n<hr \/>\n<p>&nbsp;<\/p>\n<blockquote>\n<h3>OGGI I FUNERALI DI DAIANA LORENZINI<\/h3>\n<\/blockquote>\n<p><a class=\"dt-pswp-item\" href=\"https:\/\/www.radiopiu.net\/wordpress\/wp-content\/uploads\/2023\/03\/DAIANA.jpg\" data-dt-img-description=\"EPIGRAFI\" data-large_image_width=\"159\" data-large_image_height=\"222\"><img loading=\"lazy\" decoding=\"async\" class=\"wp-image-325979 alignleft\" src=\"https:\/\/www.radiopiu.net\/wordpress\/wp-content\/uploads\/2023\/03\/DAIANA.jpg\" alt=\"\" width=\"102\" height=\"142\" \/><\/a><\/p>\n<p><strong>\u00a0<\/strong><\/p>\n<p><strong>SELVA DI CADORE<\/strong> Saranno celebrati oggi alle 14:30 nella chiesa parrocchiale di Santa Fosca a Selva di Cadore i funerali di Daiana Rosa Lorenzini. Ne danno addolorati il triste annuncio la mamma, il pap\u00e0, il fratello Marvin con Laura, gli zii, le zie, la nipote Greta, gli amici e parenti tutti<\/p>\n<p>&nbsp;<\/p>\n<p>&nbsp;<\/p>\n<p>&nbsp;<\/p>\n<hr \/>\n<p>&nbsp;<\/p>\n<blockquote>\n<h3>RECUPERATE TURISTE BELGHE SUL SENTIERO INNEVATO<\/h3>\n<\/blockquote>\n<p><strong><img loading=\"lazy\" decoding=\"async\" class=\"alignleft\" src=\"https:\/\/www.radiopiu.net\/wordpress\/wp-content\/uploads\/2023\/01\/Senza-nome-38.jpg\" width=\"253\" height=\"121\" \/>CORTINA\u00a0<\/strong> Verso le 14 di ieri l&#8217;elicottero del Suem di Pieve di Cadore \u00e8 intervenuto sul sentiero numero 215 che sale al Rifugio Vandelli, per due turiste del Belgio, incapaci di proseguire o ritornare sui propri passi a causa della neve. Le due trentenni, che indossavano abbigliamento e calzature non appropriati, si erano fermate in corrispondenza del tratto attrezzato, a circa 1.800 metri di quota. Dopo averle individuate, con un verricello sono stati sbarcati medico e tecnico di elisoccorso, che hanno verificato le loro condizioni per poi prepararle al recupero, avvenuto con la stessa modalit\u00e0. L&#8217;eliambulanza le ha poi lasciate al Passo Tre Croci. Pronta a intervenire una squadra del Soccorso alpino della Guardia di finanza.<\/p>\n<p>&nbsp;<\/p>\n<hr \/>\n<p>&nbsp;<\/p>\n<blockquote>\n<h3>IL BOTTO A VOLTAGO, BLACK OUT MATTUTINO<\/h3>\n<\/blockquote>\n<p><strong><a class=\"dt-pswp-item\" href=\"https:\/\/www.radiopiu.net\/wordpress\/wp-content\/uploads\/2023\/03\/Senza-nome-42.jpg\" data-dt-img-description=\"\" data-large_image_width=\"596\" data-large_image_height=\"411\"><img loading=\"lazy\" decoding=\"async\" class=\"wp-image-326358 alignleft\" src=\"https:\/\/www.radiopiu.net\/wordpress\/wp-content\/uploads\/2023\/03\/Senza-nome-42-300x207.jpg\" alt=\"\" width=\"225\" height=\"155\" srcset=\"https:\/\/www.radiopiu.net\/wordpress\/wp-content\/uploads\/2023\/03\/Senza-nome-42-300x207.jpg 300w, https:\/\/www.radiopiu.net\/wordpress\/wp-content\/uploads\/2023\/03\/Senza-nome-42.jpg 596w\" sizes=\"auto, (max-width: 225px) 100vw, 225px\" \/><\/a>VOLTAGO<\/strong> Guasto nella cabina dell&#8217;Enel, il colpo secco, la fumata ma fortunatamente nessun altro danno. \u00c8 accaduto ieri mattina intorno alle 10.30 a La Gioia per uno sbalzo di corrente che a catena ha interessato anche\u00a0 un&#8217;altra cabina ad Agordo. Nulla di grave per persone o cose nei dintorni, solo un black out che ha interessato per alcune ore le aree servite compresa la postazione\u00a0 radio &#8211; televisiva di Monte Arion. Il pronto intervento dei tecnici\u00a0 ha permesso di alimentare diversamente la linea e quindi di ridurre i disagi.<\/p>\n<p>&nbsp;<\/p>\n<hr \/>\n<p>&nbsp;<\/p>\n<blockquote>\n<h3>IL TELEFONO INDONESIANO, TRUFFA AD AGORDO<\/h3>\n<\/blockquote>\n<p><strong>OGGI SUL CORRIERE DELLE ALPI<\/strong><\/p>\n<p><strong>DI GIGI SOSSO<\/strong><\/p>\n<p><strong><img loading=\"lazy\" decoding=\"async\" class=\"alignleft\" src=\"https:\/\/www.radiopiu.net\/wordpress\/wp-content\/uploads\/2023\/03\/th-12.jpg\" width=\"225\" height=\"148\" \/>AGORDO <\/strong>Truffa con il telefono di un indonesiano sconosciuto in Italia. Presunto colpevole\u00a0un cittadino romeno\u00a0 attualmente detenuto in carcere. Victor Alin Tecu risulta avere dei precedenti specifici e il 10 gennaio 2018 aveva messo in vendita un mixer Traktor Kontrol Z2 su un sito specializzato al prezzo di 300 euro. Non ha faticato a trovare un cliente, disposto a versare una caparra di 150 euro, pur di assicurarselo. Operazione che \u00e8 avvenuta su una carta Postepay ricaricabile, dopo un contatto telefonico su un&#8217;utente che si scoprir\u00e0 intestata a un asiatico. Il mixer, che avrebbe dovuto arrivare da Agordo, non si \u00e8 mai visto. Ricevuta la querela, la Polizi<\/p>\n<p>&nbsp;<\/p>\n<hr \/>\n<p>&nbsp;<\/p>\n<blockquote>\n<h3>ADDIO A OSVALDO\u00a0 MAJONI, L&#8217;UOMO DELLA BANDA<\/h3>\n<\/blockquote>\n<p><strong><a class=\"dt-pswp-item\" href=\"https:\/\/www.radiopiu.net\/wordpress\/wp-content\/uploads\/2023\/03\/Senza-nome-43.jpg\" data-dt-img-description=\"\" data-large_image_width=\"444\" data-large_image_height=\"337\"><img loading=\"lazy\" decoding=\"async\" class=\" wp-image-326445 alignleft\" src=\"https:\/\/www.radiopiu.net\/wordpress\/wp-content\/uploads\/2023\/03\/Senza-nome-43-300x228.jpg\" alt=\"\" width=\"171\" height=\"130\" srcset=\"https:\/\/www.radiopiu.net\/wordpress\/wp-content\/uploads\/2023\/03\/Senza-nome-43-300x228.jpg 300w, https:\/\/www.radiopiu.net\/wordpress\/wp-content\/uploads\/2023\/03\/Senza-nome-43.jpg 444w\" sizes=\"auto, (max-width: 171px) 100vw, 171px\" \/><\/a>CORTINA\u00a0<\/strong> E&#8217; mancato ieri mattina, dopo tre mesi di malattia Osvaldo Majoni Boto 79 anni, titolare della ditta Majoni Elettrotecnica,\u00a0 conosciuto per il suo grande impegno nel sociale, in particolare per essere stato per trentadue anni presidente del Corpo musicale, uno dei pi\u00f9 importanti e antichi sodalizi di Cortina.\u00a0 L&#8217;attuale presidente del Corpo musicale, Massimiliano Fontana, ricorda con commozione e dispiacere Osvaldo Majoni. <em>&#8220;Una grossa perdita per la banda, ma anche per Cortina in generale&#8221;. <\/em>I funerali di Osvaldo Majoni Boto saranno celebrati oggi alle 15 in Basilica<\/p>\n<p>&nbsp;<\/p>\n<hr \/>\n<blockquote>\n<h3><\/h3>\n<h3>PIANO STRATEGICO DEL NEVEGAL AL TAVOLO DELLA REGIONE<\/h3>\n<\/blockquote>\n<p><strong><img loading=\"lazy\" decoding=\"async\" class=\"alignleft\" src=\"https:\/\/www.radiopiu.net\/wordpress\/wp-content\/uploads\/2022\/08\/4fa31164-5907-45ee-af18-66bb0150eb28.jpg\" width=\"202\" height=\"93\" \/>BELLUNO<\/strong> Incontro a Venezia tra il sindaco di Belluno Oscar De Pellegrin, il vice sindaco Paolo Gamba, l\u2019assessore al Nevegal Franco Roccon e gli assessori regionali Federico Caner e Cristiano Corazzari accompagnati dai loro uffici tecnici. A Venezia l\u2019amministrazione comunale ha portato il progetto di rilancio, potenziamento e miglioramento del Colle finalizzato ad arricchirne l\u2019offerta sia per la stagione invernale che per quella estiva. Un piano articolato, strutturato in pi\u00f9 azioni e di cui il rifacimento del piazzale e la realizzazione del lago artificiale con i fondi del Pnrr sono solo una parte.<\/p>\n<p><strong>il sindaco Oscar De Pellegrin<\/strong><\/p>\n<audio class=\"wp-audio-shortcode\" id=\"audio-326331-1\" preload=\"none\" style=\"width: 100%;\" controls=\"controls\"><source type=\"audio\/mpeg\" src=\"https:\/\/www.radiopiu.net\/wordpress\/wp-content\/uploads\/2023\/03\/oscar-de-pellegrin.mp3?_=1\" \/><a href=\"https:\/\/www.radiopiu.net\/wordpress\/wp-content\/uploads\/2023\/03\/oscar-de-pellegrin.mp3\">https:\/\/www.radiopiu.net\/wordpress\/wp-content\/uploads\/2023\/03\/oscar-de-pellegrin.mp3<\/a><\/audio>\n<p>&nbsp;<\/p>\n<hr \/>\n<p>&nbsp;<\/p>\n<p>&nbsp;<\/p>\n<blockquote>\n<h3><a class=\"dt-pswp-item\" href=\"https:\/\/www.radiopiu.net\/wordpress\/wp-content\/uploads\/2023\/03\/th-11.jpg\" data-dt-img-description=\"\" data-large_image_width=\"474\" data-large_image_height=\"355\"><img loading=\"lazy\" decoding=\"async\" class=\" wp-image-326427 alignleft\" src=\"https:\/\/www.radiopiu.net\/wordpress\/wp-content\/uploads\/2023\/03\/th-11-300x225.jpg\" alt=\"\" width=\"169\" height=\"127\" srcset=\"https:\/\/www.radiopiu.net\/wordpress\/wp-content\/uploads\/2023\/03\/th-11-300x225.jpg 300w, https:\/\/www.radiopiu.net\/wordpress\/wp-content\/uploads\/2023\/03\/th-11.jpg 474w\" sizes=\"auto, (max-width: 169px) 100vw, 169px\" \/><\/a>OLIMPIADI 2026 E IL RECUPERO DEL VILLAGGIO DI BORCA DI CADORE<\/h3>\n<\/blockquote>\n<p>&nbsp;<\/p>\n<p>&nbsp;<\/p>\n<p>DALLA REDAZIONE DI RADIOCLUB103, BARBARA PAOLAZZI<\/p>\n<audio class=\"wp-audio-shortcode\" id=\"audio-326331-2\" preload=\"none\" style=\"width: 100%;\" controls=\"controls\"><source type=\"audio\/mpeg\" src=\"https:\/\/www.radiopiu.net\/wordpress\/wp-content\/uploads\/2023\/03\/BARBARA-SERVIZIO-LUNGO.mp3?_=2\" \/><a href=\"https:\/\/www.radiopiu.net\/wordpress\/wp-content\/uploads\/2023\/03\/BARBARA-SERVIZIO-LUNGO.mp3\">https:\/\/www.radiopiu.net\/wordpress\/wp-content\/uploads\/2023\/03\/BARBARA-SERVIZIO-LUNGO.mp3<\/a><\/audio>\n<p>&nbsp;<\/p>\n<p>CON IL GOVERNATORE LUCA ZAIA<\/p>\n<audio class=\"wp-audio-shortcode\" id=\"audio-326331-3\" preload=\"none\" style=\"width: 100%;\" controls=\"controls\"><source type=\"audio\/mpeg\" src=\"https:\/\/www.radiopiu.net\/wordpress\/wp-content\/uploads\/2023\/03\/BORCA-ZAIA-BARBARA.mp3?_=3\" \/><a href=\"https:\/\/www.radiopiu.net\/wordpress\/wp-content\/uploads\/2023\/03\/BORCA-ZAIA-BARBARA.mp3\">https:\/\/www.radiopiu.net\/wordpress\/wp-content\/uploads\/2023\/03\/BORCA-ZAIA-BARBARA.mp3<\/a><\/audio>\n<p>&nbsp;<\/p>\n<hr \/>\n<p>&nbsp;<\/p>\n<blockquote>\n<h3>SUPERBONUS DALL&#8217;OSSERVATORIO DEL TERZO POLO BELLUNESE<\/h3>\n<\/blockquote>\n<p><strong><img loading=\"lazy\" decoding=\"async\" class=\"alignleft\" src=\"https:\/\/www.radiopiu.net\/wordpress\/wp-content\/uploads\/2023\/03\/Andrea-De-Bortoli-AIS.jpg\" width=\"135\" height=\"157\" \/>BELLUNO<\/strong> Continua a far discutere la questione superbonus: \u201cBasta con le politiche dei bonus, ma diamo risposte a imprese e aziende\u201d \u00e8 la richiesta del Terzo Polo bellunese.<\/p>\n<p><strong>DI\u00a0 daniele dalvit<\/strong><\/p>\n<audio class=\"wp-audio-shortcode\" id=\"audio-326331-4\" preload=\"none\" style=\"width: 100%;\" controls=\"controls\"><source type=\"audio\/mpeg\" src=\"https:\/\/www.radiopiu.net\/wordpress\/wp-content\/uploads\/2023\/03\/daniele-andrea.mp3?_=4\" \/><a href=\"https:\/\/www.radiopiu.net\/wordpress\/wp-content\/uploads\/2023\/03\/daniele-andrea.mp3\">https:\/\/www.radiopiu.net\/wordpress\/wp-content\/uploads\/2023\/03\/daniele-andrea.mp3<\/a><\/audio>\n<p>&nbsp;<\/p>\n<hr \/>\n<p>&nbsp;<\/p>\n<blockquote>\n<h3>RAZIONAMENTO ACQUA, BISOGNA AGIRE SUBITO PER EVITARE SPRECHI<\/h3>\n<\/blockquote>\n<p><strong><a class=\"dt-pswp-item\" href=\"https:\/\/www.radiopiu.net\/wordpress\/wp-content\/uploads\/2023\/03\/presidente-Lodovico-Giustiniani-scaled.jpg\" data-dt-img-description=\"\" data-large_image_width=\"1818\" data-large_image_height=\"2560\"><img loading=\"lazy\" decoding=\"async\" class=\" wp-image-326376 alignleft\" src=\"https:\/\/www.radiopiu.net\/wordpress\/wp-content\/uploads\/2023\/03\/presidente-Lodovico-Giustiniani-213x300.jpg\" alt=\"\" width=\"186\" height=\"262\" srcset=\"https:\/\/www.radiopiu.net\/wordpress\/wp-content\/uploads\/2023\/03\/presidente-Lodovico-Giustiniani-213x300.jpg 213w, https:\/\/www.radiopiu.net\/wordpress\/wp-content\/uploads\/2023\/03\/presidente-Lodovico-Giustiniani-727x1024.jpg 727w, https:\/\/www.radiopiu.net\/wordpress\/wp-content\/uploads\/2023\/03\/presidente-Lodovico-Giustiniani-768x1082.jpg 768w, https:\/\/www.radiopiu.net\/wordpress\/wp-content\/uploads\/2023\/03\/presidente-Lodovico-Giustiniani-1091x1536.jpg 1091w, https:\/\/www.radiopiu.net\/wordpress\/wp-content\/uploads\/2023\/03\/presidente-Lodovico-Giustiniani-1454x2048.jpg 1454w, https:\/\/www.radiopiu.net\/wordpress\/wp-content\/uploads\/2023\/03\/presidente-Lodovico-Giustiniani-scaled.jpg 1818w\" sizes=\"auto, (max-width: 186px) 100vw, 186px\" \/><\/a>VENEZIA\u00a0<\/strong> <em>\u201cNon sta piovendo e si prospetta una stagione difficile per la nostra agricoltura. Non si pu\u00f2 pi\u00f9 perdere tempo: bisogna accelerare sui progetti di razionalizzazione e risparmio idrico e soprattutto sui bacini d\u2019acqua\u201d. <\/em>Cos\u00ec Lodovico Giustiniani, presidente di Confagricoltura Veneto, si esprime sulle dichiarazioni del governatore Luca Zaia in merito alla necessit\u00e0 di un razionamento dell\u2019acqua a fronte di una siccit\u00e0 perdurante.<em> \u201cIl quadro \u00e8 peggiore rispetto a quello dell\u2019anno scorso ed \u00e8 chiaro, quindi, che bisogna agire tempestivamente. In primo luogo, deve esserci uno sforzo collettivo per evitare gli sprechi, e questo significa anche mettere in cantiere opere, come quelle recente che hanno riguardato il Leb, per efficientare le canalizzazioni d\u2019acqua, che oggi palesano importanti dispersioni idriche. In secondo luogo, vanno realizzati gli invasi di cui si parla da tempo, cio\u00e8 bacini di stoccaggio con cui trattenere l\u2019acqua nei periodi di pioggia. Ben vengano anche gli impianti di desalinizzazione dell\u2019acqua del mare, che ci pu\u00f2 consentire di avere a disposizione risorse idriche importanti. Per quanto riguarda l\u2019agricoltura, noi stiamo facendo la nostra parte puntando sull\u2019innovazione e su un\u2019oculata programmazione, con l\u2019adozione di colture a ridotta richiesta idrica e con impianti di irrigazione a goccia e a bassa pressione\u201d.<\/em><\/p>\n<p>&nbsp;<\/p>\n<p>&nbsp;<\/p>\n<hr \/>\n<p>&nbsp;<\/p>\n<blockquote>\n<h3>ANCHE IN PROVINCIA LA GIORNATA MONDIALE AIPD<\/h3>\n<\/blockquote>\n<p><strong><a class=\"dt-pswp-item\" href=\"https:\/\/www.radiopiu.net\/wordpress\/wp-content\/uploads\/2023\/03\/96fc40f4-333f-4d94-a345-5b8778ec18fc.jpg\" data-dt-img-description=\"\" data-large_image_width=\"1024\" data-large_image_height=\"768\"><img loading=\"lazy\" decoding=\"async\" class=\" wp-image-326402 alignleft\" src=\"https:\/\/www.radiopiu.net\/wordpress\/wp-content\/uploads\/2023\/03\/96fc40f4-333f-4d94-a345-5b8778ec18fc-300x225.jpg\" alt=\"\" width=\"228\" height=\"171\" srcset=\"https:\/\/www.radiopiu.net\/wordpress\/wp-content\/uploads\/2023\/03\/96fc40f4-333f-4d94-a345-5b8778ec18fc-300x225.jpg 300w, https:\/\/www.radiopiu.net\/wordpress\/wp-content\/uploads\/2023\/03\/96fc40f4-333f-4d94-a345-5b8778ec18fc-768x576.jpg 768w, https:\/\/www.radiopiu.net\/wordpress\/wp-content\/uploads\/2023\/03\/96fc40f4-333f-4d94-a345-5b8778ec18fc.jpg 1024w\" sizes=\"auto, (max-width: 228px) 100vw, 228px\" \/><\/a>BELLUNO<\/strong> Un convegno a Feltre, un flashmob a Belluno, un concerto a Quero Vas, un gazebo a Santa Giustina: queste le iniziative organizzate dall&#8217;Associazione Italiana Persone Down di Belluno per i prossimi due weekend in occasione della Giornata mondiale della sindrome di Down.<\/p>\n<p><strong>DI DANIELE DALVIT<\/strong><\/p>\n<audio class=\"wp-audio-shortcode\" id=\"audio-326331-5\" preload=\"none\" style=\"width: 100%;\" controls=\"controls\"><source type=\"audio\/mpeg\" src=\"https:\/\/www.radiopiu.net\/wordpress\/wp-content\/uploads\/2023\/03\/DALVIT-AIPD.mp3?_=5\" \/><a href=\"https:\/\/www.radiopiu.net\/wordpress\/wp-content\/uploads\/2023\/03\/DALVIT-AIPD.mp3\">https:\/\/www.radiopiu.net\/wordpress\/wp-content\/uploads\/2023\/03\/DALVIT-AIPD.mp3<\/a><\/audio>\n<p>&nbsp;<\/p>\n<p>&nbsp;<\/p>\n<p>&nbsp;<\/p>\n<hr \/>\n<p>&nbsp;<\/p>\n<h3 style=\"text-align: center;\">PUNTO COVID SETTIMANALE,\u00a0 UN DECESSO<\/h3>\n<p><strong>BELLUNO<\/strong> L\u2019incidenza settimanale rimane stabile intorno alla soglia epidemica di 50 casi su 100 mila abitanti. Nella mappa per Comuni sono sempre pi\u00f9 i territori &#8220;bianchi&#8221; ovvero privi di contagi nell&#8217;ultima settimana. In ospedale: 21 ricoverati in area non critica, 10 negli ospedali di comunit\u00e0. Negli ultimi sette giorni un decesso: \u00a0\u00e8 deceduto un uomo di anni 64 anni.<\/p>\n\n\t\t\t<style type='text\/css'>\n\t\t\t\t#gallery-3 {\n\t\t\t\t\tmargin: auto;\n\t\t\t\t}\n\t\t\t\t#gallery-3 .gallery-item {\n\t\t\t\t\tfloat: left;\n\t\t\t\t\tmargin-top: 10px;\n\t\t\t\t\ttext-align: center;\n\t\t\t\t\twidth: 50%;\n\t\t\t\t}\n\t\t\t\t#gallery-3 img {\n\t\t\t\t\tborder: 2px solid #cfcfcf;\n\t\t\t\t}\n\t\t\t\t#gallery-3 .gallery-caption {\n\t\t\t\t\tmargin-left: 0;\n\t\t\t\t}\n\t\t\t\t\/* see gallery_shortcode() in wp-includes\/media.php *\/\n\t\t\t<\/style>\n\t\t<div id='gallery-3' class='dt-gallery-container gallery galleryid-326331 gallery-columns-2 gallery-size-medium'><dl class='gallery-item'>\n\t\t\t\t<dt class='gallery-icon landscape'>\n\t\t\t\t\t<a class=\"rollover rollover-zoom dt-pswp-item\" title=\"84731217-4415-4958-9f90-e860844633a8\" data-dt-img-description=\"\" data-large_image_width=\"1674\" data-large_image_height=\"900\"href='https:\/\/www.radiopiu.net\/wordpress\/wp-content\/uploads\/2023\/03\/84731217-4415-4958-9f90-e860844633a8.jpg'><img loading=\"lazy\" decoding=\"async\" width=\"300\" height=\"161\" src=\"https:\/\/www.radiopiu.net\/wordpress\/wp-content\/uploads\/2023\/03\/84731217-4415-4958-9f90-e860844633a8-300x161.jpg\" class=\"attachment-medium size-medium\" alt=\"\" srcset=\"https:\/\/www.radiopiu.net\/wordpress\/wp-content\/uploads\/2023\/03\/84731217-4415-4958-9f90-e860844633a8-300x161.jpg 300w, https:\/\/www.radiopiu.net\/wordpress\/wp-content\/uploads\/2023\/03\/84731217-4415-4958-9f90-e860844633a8-1024x551.jpg 1024w, https:\/\/www.radiopiu.net\/wordpress\/wp-content\/uploads\/2023\/03\/84731217-4415-4958-9f90-e860844633a8-768x413.jpg 768w, https:\/\/www.radiopiu.net\/wordpress\/wp-content\/uploads\/2023\/03\/84731217-4415-4958-9f90-e860844633a8-1536x826.jpg 1536w, https:\/\/www.radiopiu.net\/wordpress\/wp-content\/uploads\/2023\/03\/84731217-4415-4958-9f90-e860844633a8.jpg 1674w\" sizes=\"auto, (max-width: 300px) 100vw, 300px\" \/><\/a>\n\t\t\t\t<\/dt><\/dl><dl class='gallery-item'>\n\t\t\t\t<dt class='gallery-icon portrait'>\n\t\t\t\t\t<a class=\"rollover rollover-zoom dt-pswp-item\" title=\"1b089692-caf3-437f-af52-5f0f074f7ee8\" data-dt-img-description=\"\" data-large_image_width=\"945\" data-large_image_height=\"1056\"href='https:\/\/www.radiopiu.net\/wordpress\/wp-content\/uploads\/2023\/03\/1b089692-caf3-437f-af52-5f0f074f7ee8.jpg'><img loading=\"lazy\" decoding=\"async\" width=\"268\" height=\"300\" src=\"https:\/\/www.radiopiu.net\/wordpress\/wp-content\/uploads\/2023\/03\/1b089692-caf3-437f-af52-5f0f074f7ee8-268x300.jpg\" class=\"attachment-medium size-medium\" alt=\"\" srcset=\"https:\/\/www.radiopiu.net\/wordpress\/wp-content\/uploads\/2023\/03\/1b089692-caf3-437f-af52-5f0f074f7ee8-268x300.jpg 268w, https:\/\/www.radiopiu.net\/wordpress\/wp-content\/uploads\/2023\/03\/1b089692-caf3-437f-af52-5f0f074f7ee8-916x1024.jpg 916w, https:\/\/www.radiopiu.net\/wordpress\/wp-content\/uploads\/2023\/03\/1b089692-caf3-437f-af52-5f0f074f7ee8-768x858.jpg 768w, https:\/\/www.radiopiu.net\/wordpress\/wp-content\/uploads\/2023\/03\/1b089692-caf3-437f-af52-5f0f074f7ee8.jpg 945w\" sizes=\"auto, (max-width: 268px) 100vw, 268px\" \/><\/a>\n\t\t\t\t<\/dt><\/dl><br style=\"clear: both\" \/>\n\t\t\t<\/div>\n\n<p>&nbsp;<\/p>\n<p>&nbsp;<\/p>\n<hr \/>\n<p>&nbsp;<\/p>\n<p><span style=\"color: #ff0000;\"><strong>di Tiziano De Col<\/strong><\/span><\/p>\n\n\t\t\t<style type='text\/css'>\n\t\t\t\t#gallery-4 {\n\t\t\t\t\tmargin: auto;\n\t\t\t\t}\n\t\t\t\t#gallery-4 .gallery-item {\n\t\t\t\t\tfloat: left;\n\t\t\t\t\tmargin-top: 10px;\n\t\t\t\t\ttext-align: center;\n\t\t\t\t\twidth: 20%;\n\t\t\t\t}\n\t\t\t\t#gallery-4 img {\n\t\t\t\t\tborder: 2px solid #cfcfcf;\n\t\t\t\t}\n\t\t\t\t#gallery-4 .gallery-caption {\n\t\t\t\t\tmargin-left: 0;\n\t\t\t\t}\n\t\t\t\t\/* see gallery_shortcode() in wp-includes\/media.php *\/\n\t\t\t<\/style>\n\t\t<div id='gallery-4' class='dt-gallery-container gallery galleryid-326331 gallery-columns-5 gallery-size-thumbnail'><dl class='gallery-item'>\n\t\t\t\t<dt class='gallery-icon landscape'>\n\t\t\t\t\t<a class=\"rollover\" href='https:\/\/www.radiopiu.net\/wordpress\/giornale-radiopiu-14-marzo-2023-direttore-mirko-mezzacasa-verso-i-40-anni-25-giugno-1983-25-giugno-2023a\/4913ae32-2334-4360-8c60-6b6322b91c33\/'><img loading=\"lazy\" decoding=\"async\" width=\"150\" height=\"150\" src=\"https:\/\/www.radiopiu.net\/wordpress\/wp-content\/uploads\/2023\/03\/4913ae32-2334-4360-8c60-6b6322b91c33-150x150.jpg\" class=\"attachment-thumbnail size-thumbnail\" alt=\"\" \/><\/a>\n\t\t\t\t<\/dt><\/dl><dl class='gallery-item'>\n\t\t\t\t<dt class='gallery-icon landscape'>\n\t\t\t\t\t<a class=\"rollover\" href='https:\/\/www.radiopiu.net\/wordpress\/giornale-radiopiu-14-marzo-2023-direttore-mirko-mezzacasa-verso-i-40-anni-25-giugno-1983-25-giugno-2023a\/b160eef6-6d9a-48f8-bba6-2a144b1ac208\/'><img loading=\"lazy\" decoding=\"async\" width=\"150\" height=\"150\" src=\"https:\/\/www.radiopiu.net\/wordpress\/wp-content\/uploads\/2023\/03\/b160eef6-6d9a-48f8-bba6-2a144b1ac208-150x150.jpg\" class=\"attachment-thumbnail size-thumbnail\" alt=\"\" \/><\/a>\n\t\t\t\t<\/dt><\/dl><dl class='gallery-item'>\n\t\t\t\t<dt class='gallery-icon landscape'>\n\t\t\t\t\t<a class=\"rollover\" href='https:\/\/www.radiopiu.net\/wordpress\/giornale-radiopiu-14-marzo-2023-direttore-mirko-mezzacasa-verso-i-40-anni-25-giugno-1983-25-giugno-2023a\/f0775570-e2ca-46e6-ab27-1f6d93749925\/'><img loading=\"lazy\" decoding=\"async\" width=\"150\" height=\"150\" src=\"https:\/\/www.radiopiu.net\/wordpress\/wp-content\/uploads\/2023\/03\/f0775570-e2ca-46e6-ab27-1f6d93749925-150x150.jpg\" class=\"attachment-thumbnail size-thumbnail\" alt=\"\" \/><\/a>\n\t\t\t\t<\/dt><\/dl><dl class='gallery-item'>\n\t\t\t\t<dt class='gallery-icon landscape'>\n\t\t\t\t\t<a class=\"rollover\" href='https:\/\/www.radiopiu.net\/wordpress\/giornale-radiopiu-14-marzo-2023-direttore-mirko-mezzacasa-verso-i-40-anni-25-giugno-1983-25-giugno-2023a\/4aaf3bd3-fe28-4ad7-ac82-1d23b7607079\/'><img loading=\"lazy\" decoding=\"async\" width=\"150\" height=\"150\" src=\"https:\/\/www.radiopiu.net\/wordpress\/wp-content\/uploads\/2023\/03\/4aaf3bd3-fe28-4ad7-ac82-1d23b7607079-150x150.jpg\" class=\"attachment-thumbnail size-thumbnail\" alt=\"\" \/><\/a>\n\t\t\t\t<\/dt><\/dl><dl class='gallery-item'>\n\t\t\t\t<dt class='gallery-icon landscape'>\n\t\t\t\t\t<a class=\"rollover\" href='https:\/\/www.radiopiu.net\/wordpress\/giornale-radiopiu-14-marzo-2023-direttore-mirko-mezzacasa-verso-i-40-anni-25-giugno-1983-25-giugno-2023a\/e0542bf0-6085-4387-99cb-5a9df7a2f2ef\/'><img loading=\"lazy\" decoding=\"async\" width=\"150\" height=\"150\" src=\"https:\/\/www.radiopiu.net\/wordpress\/wp-content\/uploads\/2023\/03\/e0542bf0-6085-4387-99cb-5a9df7a2f2ef-150x150.jpg\" class=\"attachment-thumbnail size-thumbnail\" alt=\"\" \/><\/a>\n\t\t\t\t<\/dt><\/dl><br style=\"clear: both\" \/>\n\t\t\t<\/div>\n\n<p>&nbsp;<\/p>\n<hr \/>\n<p>&nbsp;<\/p>\n<blockquote>\n<h3><a class=\"dt-pswp-item\" href=\"https:\/\/www.radiopiu.net\/wordpress\/wp-content\/uploads\/2023\/01\/OCCHIO.jpg\" data-dt-img-description=\"\" data-large_image_width=\"1280\" data-large_image_height=\"720\"><img loading=\"lazy\" decoding=\"async\" class=\" wp-image-316407 alignleft\" src=\"https:\/\/www.radiopiu.net\/wordpress\/wp-content\/uploads\/2023\/01\/OCCHIO-300x169.jpg\" alt=\"\" width=\"188\" height=\"106\" srcset=\"https:\/\/www.radiopiu.net\/wordpress\/wp-content\/uploads\/2023\/01\/OCCHIO-300x169.jpg 300w, https:\/\/www.radiopiu.net\/wordpress\/wp-content\/uploads\/2023\/01\/OCCHIO-1024x576.jpg 1024w, https:\/\/www.radiopiu.net\/wordpress\/wp-content\/uploads\/2023\/01\/OCCHIO-768x432.jpg 768w, https:\/\/www.radiopiu.net\/wordpress\/wp-content\/uploads\/2023\/01\/OCCHIO.jpg 1280w\" sizes=\"auto, (max-width: 188px) 100vw, 188px\" \/><\/a>PARLIAMO DI GLAUCOMA: INCONTRO CON I CITTADINI<\/h3>\n<\/blockquote>\n<p><strong>BELLUNO <\/strong>In occasione della Settimana mondiale del Glaucoma, nell\u2019ambito della campagna di prevenzione organizzata dall\u2019Agenzia Internazionale Prevenzione della Cecit\u00e0 e in collaborazione con l\u2019Unione Italiana dei Ciechi e Ipovedenti di Belluno (UICI), l\u2019Ulss Dolomiti promuove un incontro di informazione e sensibilizzazione rivolto alla cittadinanza dedicato a <a class=\"dt-pswp-item\" href=\"https:\/\/www.radiopiu.net\/wordpress\/wp-content\/uploads\/2023\/03\/post-social-1200x1200-1.jpg\" data-dt-img-description=\"\" data-large_image_width=\"2500\" data-large_image_height=\"2500\"><img loading=\"lazy\" decoding=\"async\" class=\" wp-image-326388 alignright\" src=\"https:\/\/www.radiopiu.net\/wordpress\/wp-content\/uploads\/2023\/03\/post-social-1200x1200-1-300x300.jpg\" alt=\"\" width=\"184\" height=\"184\" srcset=\"https:\/\/www.radiopiu.net\/wordpress\/wp-content\/uploads\/2023\/03\/post-social-1200x1200-1-300x300.jpg 300w, https:\/\/www.radiopiu.net\/wordpress\/wp-content\/uploads\/2023\/03\/post-social-1200x1200-1-1024x1024.jpg 1024w, https:\/\/www.radiopiu.net\/wordpress\/wp-content\/uploads\/2023\/03\/post-social-1200x1200-1-150x150.jpg 150w, https:\/\/www.radiopiu.net\/wordpress\/wp-content\/uploads\/2023\/03\/post-social-1200x1200-1-768x768.jpg 768w, https:\/\/www.radiopiu.net\/wordpress\/wp-content\/uploads\/2023\/03\/post-social-1200x1200-1-1536x1536.jpg 1536w, https:\/\/www.radiopiu.net\/wordpress\/wp-content\/uploads\/2023\/03\/post-social-1200x1200-1-2048x2048.jpg 2048w\" sizes=\"auto, (max-width: 184px) 100vw, 184px\" \/><\/a>questa patologia. L\u2019incontro si terr\u00e0 sabato 18 marzo 2023 dalle 9.30 alle 12.30 nella Sala Riunioni dell\u2019Ospedale e sar\u00e0 tenuto dall\u2019equipe medica della Struttura Complessa di Oculistica dell\u2019ospedale San Martino. La partecipazione \u00e8 gratuita e ad accesso libero.<\/p>\n<p>Dal 12 al 18 marzo si celebra la \u201cSettimana mondiale del glaucoma\u201d, una patologia cronico-degenerativa che colpisce nel mondo milioni di persone e nei confronti della quale la prevenzione e la diagnosi precoce sono strumenti fondamentali per evitare di scoprirla quando ha gi\u00e0 prodotto danni alla visione. Nel mondo, secondo il \u201cWorld Report on Vision\u201d 2019 dell\u2019Organizzazione Mondiale della Sanit\u00e0 sono circa 64 milioni le persone nel mondo affette da glaucoma. Tra queste, 7 milioni hanno manifestato perdita della vista o cecit\u00e0.\u00a0 Nel corso della mattinata i giovani soci della sezione UICI di Belluno saranno presenti con una postazione in Piazza dei Martiri a Belluno per la distribuzione di materiale informativo.<\/p>\n<p>&nbsp;<\/p>\n<blockquote>\n<h3><em>\u00a0&#8230;E SABATO LA CENA AL BIO\u00a0<\/em><\/h3>\n<\/blockquote>\n<p><strong>BELLUNO<\/strong> L&#8217;Unione Italiana dei Ciechi e degli Ipovedenti di Belluno organizza per sabato 25 marzo alle 20 a Faller di Sovramonte la &#8220;cena al buio&#8221;,\u00a0 quando l&#8217;essenziale \u00e8 invisibile agli occhi, ma si puo&#8217; gustare ben pi\u00f9 di ci\u00f2 che si vede.\u00a0 Il costo dell&#8217;evento \u00e8 di\u00a0 45 euro a persona. Parte del ricavato verr\u00e0 impiegata per finanziare l&#8217;acquisto di un nuovo pulmino per il trasporto delle persone con disabilit\u00e0 visiva della provincia di Belluno a opera dei volontari U.N.I.Vo.C. Le iscrizioni sono aperte fino al 20 marzo Per iscrizioni0437 943413<\/p>\n<p>&nbsp;<\/p>\n<p>&nbsp;<\/p>\n<p>&nbsp;<\/p>\n<hr \/>\n<p>&nbsp;<\/p>\n<p>&nbsp;<\/p>\n<blockquote>\n<h3>DISTURBI DEL COMPORTAMENTO ALIMENTARE, L&#8217;OPEN DAY<\/h3>\n<\/blockquote>\n<p><em> Obiettivo dell\u2019iniziativa \u00e8 offrire un\u2019occasione di confronto con gli esperti sulle caratteristiche e sulle conseguenze che i disturbi della nutrizione e dell\u2019alimentazione possono avere per la salute fisica e <a class=\"dt-pswp-item\" href=\"https:\/\/www.radiopiu.net\/wordpress\/wp-content\/uploads\/2023\/03\/th-10.jpg\" data-dt-img-description=\"\" data-large_image_width=\"474\" data-large_image_height=\"174\"><img loading=\"lazy\" decoding=\"async\" class=\" wp-image-326389 alignleft\" src=\"https:\/\/www.radiopiu.net\/wordpress\/wp-content\/uploads\/2023\/03\/th-10-300x110.jpg\" alt=\"\" width=\"281\" height=\"103\" srcset=\"https:\/\/www.radiopiu.net\/wordpress\/wp-content\/uploads\/2023\/03\/th-10-300x110.jpg 300w, https:\/\/www.radiopiu.net\/wordpress\/wp-content\/uploads\/2023\/03\/th-10.jpg 474w\" sizes=\"auto, (max-width: 281px) 100vw, 281px\" \/><\/a>psicologica di chi ne soffre, sui primi segnali di allarme, su come affrontare la malattia e su come supportare la famiglia.<\/em><\/p>\n<p><strong>BELLUNO<\/strong>\u00a0 Sabato dalle 9 alle 12 L\u2019Ulss Dolomiti\u00a0 e l&#8217;associazione Margherita Fenice organizzano un Open Day dedicato ai Disturbi del Comportamento Alimentare negli ospedali di Feltre e Belluno.\u00a0Le \u00e9quipe multidisciplinari \u00a0e i volontari sono a disposizione dei cittadini per fornire informazioni e rispondere a dubbi sul tema.\u00a0 Per coloro che hanno difficolt\u00e0 a raggiungere le sedi, le \u00e9quipe e i volontari sono disponibili ad attivare un collegamento via Gmeet con la sede di Belluno o di Feltre con il singolo utente. Per richiedere il collegamento \u00e8 possibile scrivere una mail a comunicazione@aulss1.veneto.it.<\/p>\n<p>&nbsp;<\/p>\n<p>&nbsp;<\/p>\n<p>&nbsp;<\/p>\n<hr \/>\n<p>&nbsp;<\/p>\n<p>&nbsp;<\/p>\n<blockquote>\n<h3>UN COLLAGE TRA GIRANDOLE DELL&#8217;INCLUSIONE<\/h3>\n<p><a class=\"dt-pswp-item\" href=\"https:\/\/www.radiopiu.net\/wordpress\/wp-content\/uploads\/2023\/03\/giornata-internazionale-della-sindrome-di-down.png\" data-dt-img-description=\"\" data-large_image_width=\"1587\" data-large_image_height=\"2245\"><img loading=\"lazy\" decoding=\"async\" class=\"size-medium wp-image-326395 alignleft\" src=\"https:\/\/www.radiopiu.net\/wordpress\/wp-content\/uploads\/2023\/03\/giornata-internazionale-della-sindrome-di-down-212x300.png\" alt=\"\" width=\"212\" height=\"300\" srcset=\"https:\/\/www.radiopiu.net\/wordpress\/wp-content\/uploads\/2023\/03\/giornata-internazionale-della-sindrome-di-down-212x300.png 212w, https:\/\/www.radiopiu.net\/wordpress\/wp-content\/uploads\/2023\/03\/giornata-internazionale-della-sindrome-di-down-724x1024.png 724w, https:\/\/www.radiopiu.net\/wordpress\/wp-content\/uploads\/2023\/03\/giornata-internazionale-della-sindrome-di-down-768x1086.png 768w, https:\/\/www.radiopiu.net\/wordpress\/wp-content\/uploads\/2023\/03\/giornata-internazionale-della-sindrome-di-down-1086x1536.png 1086w, https:\/\/www.radiopiu.net\/wordpress\/wp-content\/uploads\/2023\/03\/giornata-internazionale-della-sindrome-di-down-1448x2048.png 1448w, https:\/\/www.radiopiu.net\/wordpress\/wp-content\/uploads\/2023\/03\/giornata-internazionale-della-sindrome-di-down.png 1587w\" sizes=\"auto, (max-width: 212px) 100vw, 212px\" \/><\/a><\/p><\/blockquote>\n<p><strong>BELLUNO<\/strong> In occasione della Giornata Internazionale della Sindrome di Down, che ricorre il prossimo 21 marzo 2023, l\u2019Ulss Dolomiti, con i centri diurni di Pieve di Cadore, lancia l\u2019iniziativa \u201cFai girare l\u2019inclusione\u201d. Come partecipare? Crea una girandola, piccola o grande, colorata o in bianco e nero, con cartoncino, con il feltro, con materiali di recupero o con qualsiasi materiale; Esponila in giardino o al balcone; Scatta una foto, postala sui tuoi social con l\u2019#faigirarelinclusione e\/o inviala alla mail comunicazione@aulss1.veneto.it entro il 20 marzo 2023.\u00a0 Sar\u00e0 realizzato \u00a0un collage con le girandole dell\u2019inclusione che sar\u00e0 condiviso sui\u00a0 social.<\/p>\n<p>&nbsp;<\/p>\n<p>&nbsp;<\/p>\n<p>&nbsp;<\/p>\n<p>&nbsp;<\/p>\n<p>&nbsp;<\/p>\n<p>&nbsp;<\/p>\n<p>&nbsp;<\/p>\n<hr \/>\n<p>&nbsp;<\/p>\n<blockquote>\n<h3>INCONTRIAMOCI IN CAMPER A BELLUNO<\/h3>\n<\/blockquote>\n<p><strong>BELLUNO <\/strong>Arriva a Belluno il camper dedicato alla campagna di sensibilizzazione e informazione \u201cINCONTriamoci\u201d sull\u2019incontinenza e stomia, organizzato dall\u2019Ulss Dolomiti, A.I.S.VE (Associazione Incontinenti e Stomizzati del Veneto) e A.I.S. Belluno. Il camper sar\u00e0 in Piazza dei Martiri a Belluno (di fronte alla chiesa di San Rocco) nella giornata di sabato 18 marzo 2023 dalle 9.00 alle 13.00: un team specialistico dell\u2019UOC di Urologia di Belluno, diretta da Marcello Repele, sar\u00e0 a disposizione per rispondere alle domande dei cittadini sull\u2019argomento, anche con colloqui riservati.<\/p>\n<p>&nbsp;<\/p>\n<hr \/>\n<p>&nbsp;<\/p>\n<blockquote>\n<h3>GIOVANNI CREMA RICONFERMATO COORDINATORE REGIONALE EX PARLAMENTARI<\/h3>\n<\/blockquote>\n<p><strong><img loading=\"lazy\" decoding=\"async\" class=\"alignleft\" src=\"https:\/\/www.radiopiu.net\/wordpress\/wp-content\/uploads\/2023\/03\/6cbceb18-6d37-444d-b427-76dd17ca00f2.jpg\" width=\"160\" height=\"120\" \/>BELLUNO<\/strong><\/p>\n<p><strong>DI ROBERTO BONA<\/strong><\/p>\n<audio class=\"wp-audio-shortcode\" id=\"audio-326331-6\" preload=\"none\" style=\"width: 100%;\" controls=\"controls\"><source type=\"audio\/mpeg\" src=\"https:\/\/www.radiopiu.net\/wordpress\/wp-content\/uploads\/2023\/03\/aSSOCIAZIONEeXpARLAMENTARI-1.mp3?_=6\" \/><a href=\"https:\/\/www.radiopiu.net\/wordpress\/wp-content\/uploads\/2023\/03\/aSSOCIAZIONEeXpARLAMENTARI-1.mp3\">https:\/\/www.radiopiu.net\/wordpress\/wp-content\/uploads\/2023\/03\/aSSOCIAZIONEeXpARLAMENTARI-1.mp3<\/a><\/audio>\n<p>&nbsp;<\/p>\n<p>&nbsp;<\/p>\n<hr \/>\n<p>&nbsp;<\/p>\n<blockquote>\n<h3>GLI STUDENTI DELLA CITT\u00c0 UNGHERESE GEMELLATA DI KISKUNF\u00c9LEGYH\u00c1ZA RICEVUTI IN MUNICIPIO<\/h3>\n<\/blockquote>\n<p><strong>FELTRE<\/strong> Il sindaco di Feltre Viviana Fusaro e il vicesindaco con delega all&#8217;Istruzione Claudio Dalla Palma hanno accolto e salutato questa mattina nella Sala degli Stemmi del Municipio i 40 ragazzi provenienti dal liceo di Kiskunf\u00e9legyh\u00e1za, citt\u00e0 ungherese con cui \u00e8 attivo un gemellaggio dal 2005. Agli allievi, che nel loro corso di studi approfondiscono anche la conoscenza della lingua italiana, \u00e8 stato fatto dono di un volume sulla storia della nostra citt\u00e0. Gli studenti sono ospitati presso alcune famiglie dei loro &#8220;colleghi&#8221; del Liceo \u201cDal Piaz\u201d, con cui \u00e8 attivo da tempo un proficuo rapporto di scambi culturali,\u00a0 e si tratterranno alcuni giorni per visitare alcune citt\u00e0 e territori del Veneto.<\/p>\n\n\t\t\t<style type='text\/css'>\n\t\t\t\t#gallery-5 {\n\t\t\t\t\tmargin: auto;\n\t\t\t\t}\n\t\t\t\t#gallery-5 .gallery-item {\n\t\t\t\t\tfloat: left;\n\t\t\t\t\tmargin-top: 10px;\n\t\t\t\t\ttext-align: center;\n\t\t\t\t\twidth: 33%;\n\t\t\t\t}\n\t\t\t\t#gallery-5 img {\n\t\t\t\t\tborder: 2px solid #cfcfcf;\n\t\t\t\t}\n\t\t\t\t#gallery-5 .gallery-caption {\n\t\t\t\t\tmargin-left: 0;\n\t\t\t\t}\n\t\t\t\t\/* see gallery_shortcode() in wp-includes\/media.php *\/\n\t\t\t<\/style>\n\t\t<div id='gallery-5' class='dt-gallery-container gallery galleryid-326331 gallery-columns-3 gallery-size-thumbnail'><dl class='gallery-item'>\n\t\t\t\t<dt class='gallery-icon landscape'>\n\t\t\t\t\t<a class=\"rollover rollover-zoom dt-pswp-item\" title=\"Gemellaggi Feltre\" data-dt-img-description=\"\" data-large_image_width=\"1995\" data-large_image_height=\"1375\"href='https:\/\/www.radiopiu.net\/wordpress\/wp-content\/uploads\/2023\/03\/Gemellaggi-Feltre.jpg'><img loading=\"lazy\" decoding=\"async\" width=\"150\" height=\"150\" src=\"https:\/\/www.radiopiu.net\/wordpress\/wp-content\/uploads\/2023\/03\/Gemellaggi-Feltre-150x150.jpg\" class=\"attachment-thumbnail size-thumbnail\" alt=\"\" \/><\/a>\n\t\t\t\t<\/dt><\/dl><dl class='gallery-item'>\n\t\t\t\t<dt class='gallery-icon landscape'>\n\t\t\t\t\t<a class=\"rollover rollover-zoom dt-pswp-item\" title=\"Gemellaggi Feltre 2\" data-dt-img-description=\"\" data-large_image_width=\"2560\" data-large_image_height=\"1440\"href='https:\/\/www.radiopiu.net\/wordpress\/wp-content\/uploads\/2023\/03\/Gemellaggi-Feltre-2-scaled.jpg'><img loading=\"lazy\" decoding=\"async\" width=\"150\" height=\"150\" src=\"https:\/\/www.radiopiu.net\/wordpress\/wp-content\/uploads\/2023\/03\/Gemellaggi-Feltre-2-150x150.jpg\" class=\"attachment-thumbnail size-thumbnail\" alt=\"\" \/><\/a>\n\t\t\t\t<\/dt><\/dl><dl class='gallery-item'>\n\t\t\t\t<dt class='gallery-icon landscape'>\n\t\t\t\t\t<a class=\"rollover rollover-zoom dt-pswp-item\" title=\"Gemellaggi Feltre 3\" data-dt-img-description=\"\" data-large_image_width=\"2560\" data-large_image_height=\"1440\"href='https:\/\/www.radiopiu.net\/wordpress\/wp-content\/uploads\/2023\/03\/Gemellaggi-Feltre-3-scaled.jpg'><img loading=\"lazy\" decoding=\"async\" width=\"150\" height=\"150\" src=\"https:\/\/www.radiopiu.net\/wordpress\/wp-content\/uploads\/2023\/03\/Gemellaggi-Feltre-3-150x150.jpg\" class=\"attachment-thumbnail size-thumbnail\" alt=\"\" \/><\/a>\n\t\t\t\t<\/dt><\/dl><br style=\"clear: both\" \/>\n\t\t\t<\/div>\n\n<p>&nbsp;<\/p>\n<hr \/>\n<p>&nbsp;<\/p>\n<blockquote>\n<h3>ADOTTA UNA MOSTRA<\/h3>\n<\/blockquote>\n<p><em>l\u2019Istituto Comprensivo di Mel apre gli spazi dell\u00ec\u2019edificio scolastico di Lentiai per mostre da condividere.<\/em><\/p>\n<p><strong><a class=\"dt-pswp-item\" href=\"https:\/\/www.radiopiu.net\/wordpress\/wp-content\/uploads\/2023\/03\/cartellone-unesco.jpg\" data-dt-img-description=\"\" data-large_image_width=\"1254\" data-large_image_height=\"2048\"><img loading=\"lazy\" decoding=\"async\" class=\"size-medium wp-image-326432 alignleft\" src=\"https:\/\/www.radiopiu.net\/wordpress\/wp-content\/uploads\/2023\/03\/cartellone-unesco-184x300.jpg\" alt=\"\" width=\"184\" height=\"300\" srcset=\"https:\/\/www.radiopiu.net\/wordpress\/wp-content\/uploads\/2023\/03\/cartellone-unesco-184x300.jpg 184w, https:\/\/www.radiopiu.net\/wordpress\/wp-content\/uploads\/2023\/03\/cartellone-unesco-627x1024.jpg 627w, https:\/\/www.radiopiu.net\/wordpress\/wp-content\/uploads\/2023\/03\/cartellone-unesco-768x1254.jpg 768w, https:\/\/www.radiopiu.net\/wordpress\/wp-content\/uploads\/2023\/03\/cartellone-unesco-941x1536.jpg 941w, https:\/\/www.radiopiu.net\/wordpress\/wp-content\/uploads\/2023\/03\/cartellone-unesco.jpg 1254w\" sizes=\"auto, (max-width: 184px) 100vw, 184px\" \/><\/a>BORGO VALBELLUNA<\/strong> Uno spazio da condividere, delle mostre di cui godere e che diventano supporto ad un percorso didattico che permette ai ragazzi di affrontare trasversalmente argomenti importanti. In sintesi ci\u00f2 \u00e8 \u201cAdotta una mostra\u201d il progetto dell\u2019Istituto Comprensivo di Mel e Lentiai, che prevede di utilizzare l\u2019atrio \u201clecorbuseriano\u201d dell\u2019edificio che accoglie a Lentiai primaria e secondaria, perch\u00e9 diventi, come spiega il dirigente Umberto De Col, \u00abuno spazio laboratorio per le competenze di cittadinanza che hanno valore sociale\u00bb. In questi giorni, sino al 3 aprile, compatibilmente con gli orari e le esigenze scolastiche, genitori e curiosi potranno visitare la mostra realizzata dalla Fondazione Unesco e coordinata nell\u2019allestimento di Lentiai dagli insegnati di matematica e scienze, Davide Cassol, Michele Milano e Giorgio Venuto, tutti e tre geologi, che hanno proposto ai ragazzi un percorso di geologia alla scoperta dell\u2019importanza del territorio in cui vivono.<\/p>\n<p>&nbsp;<\/p>\n<p>&nbsp;<\/p>\n<p>&nbsp;<\/p>\n<p>&nbsp;<\/p>\n<hr \/>\n<p>&nbsp;<\/p>\n<p>&nbsp;<\/p>\n<blockquote>\n<h3><strong>Giornata europea del Gelato artigianale, Longarone Fiere e Mig in prima linea<\/strong><\/h3>\n<h3><strong><em>Le anticipazioni della Giornata alla fiera di San Gregorio a Valdobbiadene con il gelato al Prosecco<\/em><\/strong><\/h3>\n<\/blockquote>\n<p><strong>LONGARONE<\/strong> Il gelato artigianale diventa frizzante e fa scattare la festa. Ieri (domenica 12 marzo) a Valdobbiadene, in occasione dell\u2019antica fiera di San Gregorio, \u00e8 stato presentato il gusto Prosecco, in onore delle Colline patrimonio dell\u2019Unesco. Si tratta di un gustoso anteprima &#8211; \u00e8 proprio il caso di dirlo &#8211; della Giornata europea del Gelato artigianale, che si celebrer\u00e0 venerd\u00ec 24 marzo.<\/p>\n<p>&nbsp;<\/p>\n<p>&nbsp;<\/p>\n<hr \/>\n<h2><span style=\"color: #ff0000;\">IERI ALLA RADIO<\/span><\/h2>\n<h2 class=\"entry-title\"><span style=\"color: #3366ff;\">AMA DOLOMITI<\/span><\/h2>\n<p><strong class=\"photoswipe-wrapper\"><a class=\"dt-pswp-item pspw-wrap-ready\" href=\"https:\/\/www.radiopiu.net\/wordpress\/wp-content\/uploads\/2023\/02\/1239767_1376151945949547_1371470440_n.jpg\" data-dt-img-description=\"\" data-large_image_width=\"744\" data-large_image_height=\"498\"><img loading=\"lazy\" decoding=\"async\" class=\" wp-image-321803 alignleft\" src=\"https:\/\/www.radiopiu.net\/wordpress\/wp-content\/uploads\/2023\/02\/1239767_1376151945949547_1371470440_n-300x201.jpg\" sizes=\"auto, (max-width: 172px) 100vw, 172px\" srcset=\"https:\/\/www.radiopiu.net\/wordpress\/wp-content\/uploads\/2023\/02\/1239767_1376151945949547_1371470440_n-300x201.jpg 300w, https:\/\/www.radiopiu.net\/wordpress\/wp-content\/uploads\/2023\/02\/1239767_1376151945949547_1371470440_n.jpg 744w\" alt=\"\" width=\"172\" height=\"115\" \/><\/a>Nuovo appuntamento sulle frequenze di Radio Pi\u00f9. A partire dal 13 febbraio un nuovo programma a cura di AMA Dolomiti.<\/strong><\/p>\n<p align=\"JUSTIFY\">L\u2019Associazione Ama Dolomiti \u00e8 nata nell\u2019aprile 2010 da un gruppo di persone desiderose di mettere in rete i diversi gruppi di auto mutuo aiuto presenti nella provincia di Belluno, per dare ai medesimi sostegno nella loro attivit\u00e0, visibilit\u00e0 nel territorio e favorire la creazione di nuovi gruppi.<\/p>\n<p>&nbsp;<\/p>\n<p><strong>PUNTATA 05 13 MARZO 2023\u00a0<\/strong><\/p>\n<p><strong> &#8220;LIDAP LEGA ITALIANA CONTRO I DISTURBI DI ATTACCHI DI PANICO&#8221;<\/strong><\/p>\n<audio class=\"wp-audio-shortcode\" id=\"audio-326331-7\" preload=\"none\" style=\"width: 100%;\" controls=\"controls\"><source type=\"audio\/mpeg\" src=\"https:\/\/www.radiopiu.net\/wordpress\/wp-content\/uploads\/2023\/03\/GRUPPO-AMA-5.mp3?_=7\" \/><a href=\"https:\/\/www.radiopiu.net\/wordpress\/wp-content\/uploads\/2023\/03\/GRUPPO-AMA-5.mp3\">https:\/\/www.radiopiu.net\/wordpress\/wp-content\/uploads\/2023\/03\/GRUPPO-AMA-5.mp3<\/a><\/audio>\n<p>&nbsp;<\/p>\n<h2><span style=\"color: #0000ff;\">SALUTE E SOCIETA&#8217;<\/span><\/h2>\n<p><strong><a class=\"dt-pswp-item\" href=\"https:\/\/www.radiopiu.net\/wordpress\/wp-content\/uploads\/2023\/03\/58726830-cb64-5f0c-26fc-56af2968931b.png\" data-dt-img-description=\"\" data-large_image_width=\"1200\" data-large_image_height=\"801\"><img loading=\"lazy\" decoding=\"async\" class=\" wp-image-326341 alignleft\" src=\"https:\/\/www.radiopiu.net\/wordpress\/wp-content\/uploads\/2023\/03\/58726830-cb64-5f0c-26fc-56af2968931b-300x200.png\" alt=\"\" width=\"222\" height=\"148\" srcset=\"https:\/\/www.radiopiu.net\/wordpress\/wp-content\/uploads\/2023\/03\/58726830-cb64-5f0c-26fc-56af2968931b-300x200.png 300w, https:\/\/www.radiopiu.net\/wordpress\/wp-content\/uploads\/2023\/03\/58726830-cb64-5f0c-26fc-56af2968931b-1024x684.png 1024w, https:\/\/www.radiopiu.net\/wordpress\/wp-content\/uploads\/2023\/03\/58726830-cb64-5f0c-26fc-56af2968931b-768x513.png 768w, https:\/\/www.radiopiu.net\/wordpress\/wp-content\/uploads\/2023\/03\/58726830-cb64-5f0c-26fc-56af2968931b.png 1200w\" sizes=\"auto, (max-width: 222px) 100vw, 222px\" \/><\/a>PUNTATA DEL 13 MARZO 2023<\/strong><\/p>\n<p><strong>Alzheimer <\/strong>Il Paese Ritrovato, un vero e proprio borgo con vie, piazze, giardinetti e negozi. Un progetto innovativo che rivoluziona il modo di intendere la cura e l\u2019assistenza alle persone con Alzheimer e demenza. <strong>Amiloidosi <\/strong>Ascoltare il cuore per imparare a riconoscere i segnali di qualcosa che non va e individuare per tempo i sintomi dell&#8217;amiloidosi cardiaca, una malattia rara per la quale esistono terapie in grado di rallentarne il decorso. <strong>Psoriasi <\/strong>Ucb Pharma presenta una nuova campagna di sensibilizzazione sulla patologia chiamata \u2018Metti la psoriasi fuori gioco\u2019.<\/p>\n<audio class=\"wp-audio-shortcode\" id=\"audio-326331-8\" preload=\"none\" style=\"width: 100%;\" controls=\"controls\"><source type=\"audio\/mpeg\" src=\"https:\/\/www.radiopiu.net\/wordpress\/wp-content\/uploads\/2023\/03\/SALUTE-1.mp3?_=8\" \/><a href=\"https:\/\/www.radiopiu.net\/wordpress\/wp-content\/uploads\/2023\/03\/SALUTE-1.mp3\">https:\/\/www.radiopiu.net\/wordpress\/wp-content\/uploads\/2023\/03\/SALUTE-1.mp3<\/a><\/audio>\n<p>&nbsp;<\/p>\n<hr \/>\n<p>&nbsp;<\/p>\n<blockquote>\n<h3>L&#8217;ASSEMBLEA DEL GAV<\/h3>\n<\/blockquote>\n<p><strong>AGORDO<\/strong> I soci del GAV, Gruppo Assistenza Volontaria, hanno indetto l&#8217;assemblea ordinaria 2023 per domenica 26 marzo alle 11 nella sala del Centro Parrocchiale Monsignor Vincenzo Savio. In programma l&#8217;elezione del consiglio direttivo, l&#8217;approvazione del bilancio 2022 e la presentazione di bilancio e attivit\u00e0 2023.<\/p>\n<p>&nbsp;<\/p>\n<p>&nbsp;<\/p>\n<hr \/>\n<p>&nbsp;<\/p>\n<blockquote>\n<h3>PULIAMO FELTRE, CON GLI ECOVOLONTARI DELLA COMUNITA&#8217; MONTANA FELTRINA<\/h3>\n<\/blockquote>\n<p><strong><a class=\"dt-pswp-item\" href=\"https:\/\/www.radiopiu.net\/wordpress\/wp-content\/uploads\/2022\/10\/2_depuratore-di-Feltre.jpg\" data-dt-img-description=\"\" data-large_image_width=\"1536\" data-large_image_height=\"2048\"><img loading=\"lazy\" decoding=\"async\" class=\" wp-image-302148 alignleft\" src=\"https:\/\/www.radiopiu.net\/wordpress\/wp-content\/uploads\/2022\/10\/2_depuratore-di-Feltre-225x300.jpg\" alt=\"\" width=\"154\" height=\"205\" srcset=\"https:\/\/www.radiopiu.net\/wordpress\/wp-content\/uploads\/2022\/10\/2_depuratore-di-Feltre-225x300.jpg 225w, https:\/\/www.radiopiu.net\/wordpress\/wp-content\/uploads\/2022\/10\/2_depuratore-di-Feltre-768x1024.jpg 768w, https:\/\/www.radiopiu.net\/wordpress\/wp-content\/uploads\/2022\/10\/2_depuratore-di-Feltre-1152x1536.jpg 1152w, https:\/\/www.radiopiu.net\/wordpress\/wp-content\/uploads\/2022\/10\/2_depuratore-di-Feltre.jpg 1536w\" sizes=\"auto, (max-width: 154px) 100vw, 154px\" \/><\/a>FELTRE <\/strong>La mattina di domenica 19 marzo sar\u00e0 dedicata a questa importante iniziativa, che vedr\u00e0 i volontari del Palio, ma anche tutti i cittadini che vorranno aderire, impegnati nella pulizia della citt\u00e0 di Feltre, con particolare riferimento a luoghi o frazioni particolarmente significativi per i Quartieri. Il ritrovo \u00e8 previsto alle ore 8.30 a Pra\u2019 del Moro.\u00a0 La giornata, coordinata da alcuni volontari degli Ecovolontari, si concluder\u00e0 alle 13.00.Per l\u2019iscrizione si potr\u00e0 inviare una mail con i propri dati (cognome e nome, luogo e data di nascita, codice fiscale e indirizzo) alla mail ecovolontari.umfeltre@gmail.com o come messaggio privato alla pagina facebook <strong>@ecovolontari.umfeltre<\/strong>: questo consentir\u00e0 di attivare l\u2019assicurazione necessaria per partecipare alle attivit\u00e0.<\/p>\n<p>&nbsp;<\/p>\n<p>&nbsp;<\/p>\n<p>&nbsp;<\/p>\n<hr \/>\n<p>&nbsp;<\/p>\n<blockquote>\n<h3>GIORGIO PERLASCA A CANALE D&#8217;AGORDO<\/h3>\n<\/blockquote>\n<p><strong><a class=\"dt-pswp-item\" href=\"https:\/\/www.radiopiu.net\/wordpress\/wp-content\/uploads\/2023\/03\/Senza-nome-24.jpg\" data-dt-img-description=\"\" data-large_image_width=\"618\" data-large_image_height=\"463\"><img loading=\"lazy\" decoding=\"async\" class=\" wp-image-325246 alignleft\" src=\"https:\/\/www.radiopiu.net\/wordpress\/wp-content\/uploads\/2023\/03\/Senza-nome-24-300x225.jpg\" alt=\"\" width=\"203\" height=\"152\" srcset=\"https:\/\/www.radiopiu.net\/wordpress\/wp-content\/uploads\/2023\/03\/Senza-nome-24-300x225.jpg 300w, https:\/\/www.radiopiu.net\/wordpress\/wp-content\/uploads\/2023\/03\/Senza-nome-24.jpg 618w\" sizes=\"auto, (max-width: 203px) 100vw, 203px\" \/><\/a><\/strong><\/p>\n<p><strong>CANALE D&#8217;AGORDO <\/strong>Con il patrocinio del comune di Canale d\u2019Agordo e dell\u2019Associazione Libera Agordino, contributo di Cassa Rurale Dolomiti e Birreria Costa.<\/p>\n<p><strong>GIANNI SANTOMASO<\/strong><\/p>\n<audio class=\"wp-audio-shortcode\" id=\"audio-326331-9\" preload=\"none\" style=\"width: 100%;\" controls=\"controls\"><source type=\"audio\/mpeg\" src=\"https:\/\/www.radiopiu.net\/wordpress\/wp-content\/uploads\/2023\/03\/GIANNI-GIORGIO-PERLASCA.mp3?_=9\" \/><a href=\"https:\/\/www.radiopiu.net\/wordpress\/wp-content\/uploads\/2023\/03\/GIANNI-GIORGIO-PERLASCA.mp3\">https:\/\/www.radiopiu.net\/wordpress\/wp-content\/uploads\/2023\/03\/GIANNI-GIORGIO-PERLASCA.mp3<\/a><\/audio>\n<p>&nbsp;<\/p>\n<p>&nbsp;<\/p>\n<hr \/>\n<p>&nbsp;<\/p>\n<blockquote>\n<h3>INAUGURAZIONE SOLENNE (21 GENNAIO DEL 1921) DELLE NUOVE CAMPANE DEL DUOMO DI BELLUNO<\/h3>\n<\/blockquote>\n<p>DI RENATO BONA<\/p>\n<p>Qualcosa come centodue anni fa, il 23 gennaio del 1921, a ricordo dell\u2019inaugurazione solenne, veniva fra l\u2019altro realizzato il libretto (trenta pagine in tutto) intitolato \u201cLe nuove campane del Duomo di Belluno\u201d. Edito coi tipi delle Industrie grafiche italiane per cura del parroco don Emilio Palatini, e \u201cposto in vendita al prezzo di L. 3 per le spese incontrate dal Comitato Pro Campane\u201d. Anche questa, come altre preziose pubblicazioni di storia locale, era in vendita nel mercatino dell\u2019usato allestito nella bellunese Piazza delle Erbe dalla dinamica Elisa Dalla Rossa, da tempo impegnata, onore al merito, nella raccolta di fondi da devolvere alla associazione Yolandre della quale fa parte e che opera a favore dei bambini bisognosi del Madagascar. In apertura, il Comitato \u201cpro campane\u201d ricorda che: \u201cIl giorno 17 gennaio dell\u2019anno 1920 la Fabbriceria della Cattedrale stipulava colla Ditta Fratelli De Poli di Vittorio Veneto il contratto per la fusione delle campane asportate dall\u2019invasore. L\u2019impossibilit\u00e0 in cui venne a trovarsi la ditta, sovraccarica di lavoro, di consegnare le campane entro un periodo di tempo non troppo lungo, costrinse la Fabbriceria a rivolgersi alla Ditta Daciano Colbacchini di Padova, colla quale venne firmato il nuovo contratto in data 15 settembre 1920. Le campane, messe subito in lavoro, erano fuse il giorno 30 ottobre successivo\u201d. Ancora: \u201cSi sperava di poterle inaugurare nella Vigilia del Natale o nell\u2019ultimo giorno dell\u2019anno 1920, ma circostanze di forza maggiore costrinsero a ritardare la tanto attesa cerimonia\u201d. Poich\u00e9 un avvenimento cos\u00ec fausto meritava di essere degnamente festeggiato, la Fabbriceria promosse la costituzione di un Comitato cittadino per assumere l\u2019iniziativa cui risposero \u201cquasi unanimi le autorit\u00e0 e le rappresentanze delle associazioni e degli istituti cittadini\u201d. Della commissione esecutiva &#8211; si legge &#8211; facevano parte: De Col Tana cav. Bortolo, Palatini sac. Emilio, Piperno cav. Maurizio, Montecchi Enzo, Bassani Giuseppe, i maestri Favaro Giovanni, Secci Giovanni, Tomaselli Riccardo, Da Pra Luigi, Barcelloni nob sig.na Tina, Mori signorina Maria, Nardi sig.na Giannina, De Col Tana Antonio, scrittore Gino, Tessari Nino, Dalla Bernardina Gino; cos\u00ec la presidenza d\u2019onore: Sua Ecc. Mons. Giosu\u00e8 Cattarossi, Vescovo e Conte, Caveri comm. dott. Renato, Prefetto-Conte Avogadro di Colloviano, Comandante del Presidio, Bonuzzi Avv. Cav. Pietro, presidente del Tribunale, Dardanella Cav. Carlo Amedeo Provveditore agli Studi. Il Comitato d\u2019onore era composto da una settantina di nomi. Segue il saluto-invocazione \u201cSuonate, campane!\u201d del parroco Palatini e quindi una pagina ospita l\u2019inno \u201cIl ritorno delle campane\u201d di A. De Luca. Largo spazio a pagine di vita vissuta relativamente a \u201cIl sacrilegio\u201d con la rapina delle campane per farne cannoni da parte dell\u2019invasore austriaco. Ed eccoci a \u201cLe nuove campane\u201d, servizio corredato da tre foto d\u2019epoca per ricordare la Campana maggiore, la Campana di mezzogiorno, la Campana dell\u2019Agonia, la Quarta campana e concludere con la Campana della messa. Spazio quindi a \u201cL\u2019Angelo del campanil del Domo\u201d a cura di Plinia Friggeri De Poloni, e alla \u201cPoesia di campane\u201d firmata dal sacerdote Emilio Palatini prima del contributo del sacerdote dott. Mario Zannin docente del Seminario Gregoriano \u201cL\u2019anima religiosa delle campane\u201d, a \u201cCampane d\u2019Italia\u201d di Giosu\u00e8 Fagherazzi, studente di seconda liceo dello stesso Seminario bellunese, alla lirica \u201cNadal de Profughi 1917\u201d di I. Scrittore, poi alle note storiche e liturgiche a corredo del servizio \u201cLa benedizione delle campane\u201d, a \u201cL\u2019inno\u201d, \u201cLe illustrazioni\u201d, alla novella \u201cCampane d\u2019Esiglio\u201d scritta da D. Giuseppe Chiot Verona. Non poteva certo mancare la serie di note storiche su \u201cIl campanile\u201d a cura dell\u2019avv, Alessandro Da Borso; spazio pure per l\u2019ing. Adriano Barcelloni Corte, autore del servizio intitolato \u201cL\u2019architetto\u201d. Prima de \u201cLa pergamena commemorativa\u201d, \u201cLapide\u201d e \u201cCantico della pace\u201d un richiamo a \u201cIl panorama di Belluo\u201d e a \u201cIl regalo delle Madrine\u201d.<\/p>\n\n\t\t\t<style type='text\/css'>\n\t\t\t\t#gallery-6 {\n\t\t\t\t\tmargin: auto;\n\t\t\t\t}\n\t\t\t\t#gallery-6 .gallery-item {\n\t\t\t\t\tfloat: left;\n\t\t\t\t\tmargin-top: 10px;\n\t\t\t\t\ttext-align: center;\n\t\t\t\t\twidth: 25%;\n\t\t\t\t}\n\t\t\t\t#gallery-6 img {\n\t\t\t\t\tborder: 2px solid #cfcfcf;\n\t\t\t\t}\n\t\t\t\t#gallery-6 .gallery-caption {\n\t\t\t\t\tmargin-left: 0;\n\t\t\t\t}\n\t\t\t\t\/* see gallery_shortcode() in wp-includes\/media.php *\/\n\t\t\t<\/style>\n\t\t<div id='gallery-6' class='dt-gallery-container gallery galleryid-326331 gallery-columns-4 gallery-size-thumbnail'><dl class='gallery-item'>\n\t\t\t\t<dt class='gallery-icon portrait'>\n\t\t\t\t\t<a class=\"rollover\" href='https:\/\/www.radiopiu.net\/wordpress\/inaugurazione-solenne-21-gennaio-del-1921-delle-nuove-campane-del-duomo-di-belluno\/1-9\/'><img loading=\"lazy\" decoding=\"async\" width=\"150\" height=\"150\" src=\"https:\/\/www.radiopiu.net\/wordpress\/wp-content\/uploads\/2023\/03\/1-150x150.jpg\" class=\"attachment-thumbnail size-thumbnail\" alt=\"\" \/><\/a>\n\t\t\t\t<\/dt><\/dl><dl class='gallery-item'>\n\t\t\t\t<dt class='gallery-icon portrait'>\n\t\t\t\t\t<a class=\"rollover\" href='https:\/\/www.radiopiu.net\/wordpress\/inaugurazione-solenne-21-gennaio-del-1921-delle-nuove-campane-del-duomo-di-belluno\/2-12\/'><img loading=\"lazy\" decoding=\"async\" width=\"150\" height=\"150\" src=\"https:\/\/www.radiopiu.net\/wordpress\/wp-content\/uploads\/2023\/03\/2-150x150.jpg\" class=\"attachment-thumbnail size-thumbnail\" alt=\"\" \/><\/a>\n\t\t\t\t<\/dt><\/dl><dl class='gallery-item'>\n\t\t\t\t<dt class='gallery-icon landscape'>\n\t\t\t\t\t<a class=\"rollover\" href='https:\/\/www.radiopiu.net\/wordpress\/inaugurazione-solenne-21-gennaio-del-1921-delle-nuove-campane-del-duomo-di-belluno\/3-6\/'><img loading=\"lazy\" decoding=\"async\" width=\"150\" height=\"150\" src=\"https:\/\/www.radiopiu.net\/wordpress\/wp-content\/uploads\/2023\/03\/3-150x150.jpg\" class=\"attachment-thumbnail size-thumbnail\" alt=\"\" \/><\/a>\n\t\t\t\t<\/dt><\/dl><dl class='gallery-item'>\n\t\t\t\t<dt class='gallery-icon portrait'>\n\t\t\t\t\t<a class=\"rollover\" href='https:\/\/www.radiopiu.net\/wordpress\/inaugurazione-solenne-21-gennaio-del-1921-delle-nuove-campane-del-duomo-di-belluno\/4-5\/'><img loading=\"lazy\" decoding=\"async\" width=\"150\" height=\"150\" src=\"https:\/\/www.radiopiu.net\/wordpress\/wp-content\/uploads\/2023\/03\/4-150x150.jpg\" class=\"attachment-thumbnail size-thumbnail\" alt=\"\" \/><\/a>\n\t\t\t\t<\/dt><\/dl><br style=\"clear: both\" \/><dl class='gallery-item'>\n\t\t\t\t<dt class='gallery-icon portrait'>\n\t\t\t\t\t<a class=\"rollover\" href='https:\/\/www.radiopiu.net\/wordpress\/inaugurazione-solenne-21-gennaio-del-1921-delle-nuove-campane-del-duomo-di-belluno\/5-4\/'><img loading=\"lazy\" decoding=\"async\" width=\"150\" height=\"150\" src=\"https:\/\/www.radiopiu.net\/wordpress\/wp-content\/uploads\/2023\/03\/5-150x150.jpg\" class=\"attachment-thumbnail size-thumbnail\" alt=\"\" \/><\/a>\n\t\t\t\t<\/dt><\/dl><dl class='gallery-item'>\n\t\t\t\t<dt class='gallery-icon portrait'>\n\t\t\t\t\t<a class=\"rollover\" href='https:\/\/www.radiopiu.net\/wordpress\/inaugurazione-solenne-21-gennaio-del-1921-delle-nuove-campane-del-duomo-di-belluno\/6-5\/'><img loading=\"lazy\" decoding=\"async\" width=\"150\" height=\"150\" src=\"https:\/\/www.radiopiu.net\/wordpress\/wp-content\/uploads\/2023\/03\/6-150x150.jpg\" class=\"attachment-thumbnail size-thumbnail\" alt=\"\" \/><\/a>\n\t\t\t\t<\/dt><\/dl><dl class='gallery-item'>\n\t\t\t\t<dt class='gallery-icon portrait'>\n\t\t\t\t\t<a class=\"rollover\" href='https:\/\/www.radiopiu.net\/wordpress\/inaugurazione-solenne-21-gennaio-del-1921-delle-nuove-campane-del-duomo-di-belluno\/7-28\/'><img loading=\"lazy\" decoding=\"async\" width=\"150\" height=\"150\" src=\"https:\/\/www.radiopiu.net\/wordpress\/wp-content\/uploads\/2023\/03\/7-150x150.jpg\" class=\"attachment-thumbnail size-thumbnail\" alt=\"\" \/><\/a>\n\t\t\t\t<\/dt><\/dl><dl class='gallery-item'>\n\t\t\t\t<dt class='gallery-icon landscape'>\n\t\t\t\t\t<a class=\"rollover\" href='https:\/\/www.radiopiu.net\/wordpress\/inaugurazione-solenne-21-gennaio-del-1921-delle-nuove-campane-del-duomo-di-belluno\/8-21\/'><img loading=\"lazy\" decoding=\"async\" width=\"150\" height=\"150\" src=\"https:\/\/www.radiopiu.net\/wordpress\/wp-content\/uploads\/2023\/03\/8-150x150.jpg\" class=\"attachment-thumbnail size-thumbnail\" alt=\"\" \/><\/a>\n\t\t\t\t<\/dt><\/dl><br style=\"clear: both\" \/>\n\t\t\t<\/div>\n\n<p>NELLE FOTO (riproduzione dal libretto \u201cLe nuove campane del Duomo di Belluno\u201d): la copertina della pubblicazione; una panoramica di Belluno in cui svetta il Campanile del Duomo; invasori austriaci con le campane trafugate; la Campana maggiore; la Campana del Mezzogiorno e della Messa; la<\/p>\n<p>&nbsp;<\/p>\n<p>&nbsp;<\/p>\n<hr \/>\n<p>&nbsp;<\/p>\n<p><strong>ATOMIC PARTY CON I FUTURI PERITI CHIMICI, DUE SERATA DI FESTA, LISCIO E DISCOTECA CON DJ BISSO, 17-18 MARZO AL PALFALCADE. APERITIVI, GIOCHI, BALLI&#8230; DIVERTIMENTO\u00a0<\/strong><\/p>\n<p><a class=\"dt-pswp-item\" href=\"https:\/\/www.radiopiu.net\/wordpress\/wp-content\/uploads\/2023\/03\/Donazione-CDL-Ecografo-Ospedale-Borgo-Trento-1-300x225-1.jpeg\" data-dt-img-description=\"\" data-large_image_width=\"1122\" data-large_image_height=\"374\"><img loading=\"lazy\" decoding=\"async\" class=\"size-medium wp-image-324677 aligncenter\" src=\"https:\/\/www.radiopiu.net\/wordpress\/wp-content\/uploads\/2023\/03\/Donazione-CDL-Ecografo-Ospedale-Borgo-Trento-1-300x225-1-300x100.jpeg\" alt=\"\" width=\"300\" height=\"100\" srcset=\"https:\/\/www.radiopiu.net\/wordpress\/wp-content\/uploads\/2023\/03\/Donazione-CDL-Ecografo-Ospedale-Borgo-Trento-1-300x225-1-300x100.jpeg 300w, https:\/\/www.radiopiu.net\/wordpress\/wp-content\/uploads\/2023\/03\/Donazione-CDL-Ecografo-Ospedale-Borgo-Trento-1-300x225-1-1024x341.jpeg 1024w, https:\/\/www.radiopiu.net\/wordpress\/wp-content\/uploads\/2023\/03\/Donazione-CDL-Ecografo-Ospedale-Borgo-Trento-1-300x225-1-768x256.jpeg 768w, https:\/\/www.radiopiu.net\/wordpress\/wp-content\/uploads\/2023\/03\/Donazione-CDL-Ecografo-Ospedale-Borgo-Trento-1-300x225-1.jpeg 1122w\" sizes=\"auto, (max-width: 300px) 100vw, 300px\" \/><\/a><a class=\"dt-pswp-item\" href=\"https:\/\/www.radiopiu.net\/wordpress\/wp-content\/uploads\/2023\/03\/Atomic-Party-2023-1.jpg\" data-dt-img-description=\"\" data-large_image_width=\"1032\" data-large_image_height=\"1141\"><img loading=\"lazy\" decoding=\"async\" class=\"size-medium wp-image-324664 aligncenter\" src=\"https:\/\/www.radiopiu.net\/wordpress\/wp-content\/uploads\/2023\/03\/Atomic-Party-2023-1-271x300.jpg\" alt=\"\" width=\"271\" height=\"300\" srcset=\"https:\/\/www.radiopiu.net\/wordpress\/wp-content\/uploads\/2023\/03\/Atomic-Party-2023-1-271x300.jpg 271w, https:\/\/www.radiopiu.net\/wordpress\/wp-content\/uploads\/2023\/03\/Atomic-Party-2023-1-926x1024.jpg 926w, https:\/\/www.radiopiu.net\/wordpress\/wp-content\/uploads\/2023\/03\/Atomic-Party-2023-1-768x849.jpg 768w, https:\/\/www.radiopiu.net\/wordpress\/wp-content\/uploads\/2023\/03\/Atomic-Party-2023-1.jpg 1032w\" sizes=\"auto, (max-width: 271px) 100vw, 271px\" \/><\/a><\/p>\n<p>&nbsp;<\/p>\n<p>&nbsp;<\/p>\n<hr \/>\n<blockquote>\n<h3><\/h3>\n<h3>IL 19 MARZO TORNA SUL BROI LA VECIA POPA<\/h3>\n<\/blockquote>\n<p><strong>AGORDO<\/strong>\u00a0La Vecia Popa \u00e8 pronta per tonare sul Broi di Agordo . L\u2019Appuntamento \u00e8 per domenica 19 marzo con la festa e l\u2019atteso testamento.<\/p>\n<div id=\"gallery-5\" class=\"dt-gallery-container gallery galleryid-323239 gallery-columns-2 gallery-size-medium\">\n<dl class=\"gallery-item\">\n<dt class=\"gallery-icon landscape\"><a class=\"rollover rollover-zoom dt-pswp-item pspw-wrap-ready this-ready\" title=\"dee7dc2b-e175-4363-a25e-dfe83fa36671\" href=\"https:\/\/www.radiopiu.net\/wordpress\/wp-content\/uploads\/2023\/02\/dee7dc2b-e175-4363-a25e-dfe83fa36671.jpg\" data-dt-img-description=\"\" data-large_image_width=\"813\" data-large_image_height=\"540\"><img loading=\"lazy\" decoding=\"async\" class=\"attachment-medium size-medium\" src=\"https:\/\/www.radiopiu.net\/wordpress\/wp-content\/uploads\/2023\/02\/dee7dc2b-e175-4363-a25e-dfe83fa36671-300x199.jpg\" sizes=\"auto, (max-width: 300px) 100vw, 300px\" srcset=\"https:\/\/www.radiopiu.net\/wordpress\/wp-content\/uploads\/2023\/02\/dee7dc2b-e175-4363-a25e-dfe83fa36671-300x199.jpg 300w, https:\/\/www.radiopiu.net\/wordpress\/wp-content\/uploads\/2023\/02\/dee7dc2b-e175-4363-a25e-dfe83fa36671-768x510.jpg 768w, https:\/\/www.radiopiu.net\/wordpress\/wp-content\/uploads\/2023\/02\/dee7dc2b-e175-4363-a25e-dfe83fa36671.jpg 813w\" alt=\"\" width=\"300\" height=\"199\" \/><i><\/i><\/a><\/dt>\n<\/dl>\n<dl class=\"gallery-item\">\n<dt class=\"gallery-icon landscape\"><a class=\"rollover rollover-zoom dt-pswp-item pspw-wrap-ready this-ready\" title=\"ddc0aeda-a4e9-4a5b-b809-227e841efa46\" href=\"https:\/\/www.radiopiu.net\/wordpress\/wp-content\/uploads\/2023\/02\/ddc0aeda-a4e9-4a5b-b809-227e841efa46.jpg\" data-dt-img-description=\"\" data-large_image_width=\"300\" data-large_image_height=\"199\"><img loading=\"lazy\" decoding=\"async\" class=\"attachment-medium size-medium\" src=\"https:\/\/www.radiopiu.net\/wordpress\/wp-content\/uploads\/2023\/02\/ddc0aeda-a4e9-4a5b-b809-227e841efa46.jpg\" alt=\"\" width=\"300\" height=\"199\" \/><\/a><\/dt>\n<\/dl>\n<\/div>\n<p>&nbsp;<\/p>\n<hr \/>\n<p>&nbsp;<\/p>\n<p>&nbsp;<\/p>\n<blockquote>\n<h2>SAGRA DE PASCA 2023<\/h2>\n<\/blockquote>\n<h3>APRILE&#8230;. 6 &#8211; 7 &#8211; 8 &#8211; 9 LA SAGRA DE PASCA Scusate il ritardo&#8230;. Si riparte ancora pi\u00f9 forte GRUPPO SPORTIVO, DONATORI DEL SANGUE E PROLOCO DI TAIBON AGORDINO &#8230;..<\/h3>\n<h3>ALLA RADIO&#8230;.<\/h3>\n<audio class=\"wp-audio-shortcode\" id=\"audio-326331-10\" preload=\"none\" style=\"width: 100%;\" controls=\"controls\"><source type=\"audio\/mpeg\" src=\"https:\/\/www.radiopiu.net\/wordpress\/wp-content\/uploads\/2023\/03\/SAGRADEPASCA_02_BA_0903.mp3?_=10\" \/><a href=\"https:\/\/www.radiopiu.net\/wordpress\/wp-content\/uploads\/2023\/03\/SAGRADEPASCA_02_BA_0903.mp3\">https:\/\/www.radiopiu.net\/wordpress\/wp-content\/uploads\/2023\/03\/SAGRADEPASCA_02_BA_0903.mp3<\/a><\/audio>\n<audio class=\"wp-audio-shortcode\" id=\"audio-326331-11\" preload=\"none\" style=\"width: 100%;\" controls=\"controls\"><source type=\"audio\/mpeg\" src=\"https:\/\/www.radiopiu.net\/wordpress\/wp-content\/uploads\/2023\/03\/SAGRADEPASCA_03_BA_0903.mp3?_=11\" \/><a href=\"https:\/\/www.radiopiu.net\/wordpress\/wp-content\/uploads\/2023\/03\/SAGRADEPASCA_03_BA_0903.mp3\">https:\/\/www.radiopiu.net\/wordpress\/wp-content\/uploads\/2023\/03\/SAGRADEPASCA_03_BA_0903.mp3<\/a><\/audio>\n<audio class=\"wp-audio-shortcode\" id=\"audio-326331-12\" preload=\"none\" style=\"width: 100%;\" controls=\"controls\"><source type=\"audio\/mpeg\" src=\"https:\/\/www.radiopiu.net\/wordpress\/wp-content\/uploads\/2023\/03\/SAGRADEPASCA_01_BA_0903.mp3?_=12\" \/><a href=\"https:\/\/www.radiopiu.net\/wordpress\/wp-content\/uploads\/2023\/03\/SAGRADEPASCA_01_BA_0903.mp3\">https:\/\/www.radiopiu.net\/wordpress\/wp-content\/uploads\/2023\/03\/SAGRADEPASCA_01_BA_0903.mp3<\/a><\/audio>\n<h3><\/h3>\n<a href=\"https:\/\/www.radiopiu.net\/wordpress\/wp-content\/uploads\/2023\/03\/manifesto-2023-2.pdf\" class=\"pdfemb-viewer\" style=\"\" data-width=\"max\" data-height=\"max\" data-toolbar=\"top\" data-toolbar-fixed=\"on\">manifesto-2023-2<\/a>\n<p>&nbsp;<\/p>\n<p>&nbsp;<\/p>\n<p>&nbsp;<\/p>\n<p>&nbsp;<\/p>\n<hr \/>\n<p>&nbsp;<\/p>\n<h3><span style=\"color: #ff0000;\"><strong>BIRRERIA IN PEDAVENA, LA VALLE AGORDINA\u00a0<\/strong><\/span><\/h3>\n<p><strong>alla radio<\/strong><\/p>\n<audio class=\"wp-audio-shortcode\" id=\"audio-326331-13\" preload=\"none\" style=\"width: 100%;\" controls=\"controls\"><source type=\"audio\/mpeg\" src=\"https:\/\/www.radiopiu.net\/wordpress\/wp-content\/uploads\/2023\/03\/re-union-c.mp3?_=13\" \/><a href=\"https:\/\/www.radiopiu.net\/wordpress\/wp-content\/uploads\/2023\/03\/re-union-c.mp3\">https:\/\/www.radiopiu.net\/wordpress\/wp-content\/uploads\/2023\/03\/re-union-c.mp3<\/a><\/audio>\n<p>&nbsp;<\/p>\n<p><a class=\"dt-pswp-item\" href=\"https:\/\/www.radiopiu.net\/wordpress\/wp-content\/uploads\/2023\/03\/b792042d-80e5-4ca6-b404-baac8e9b3b6c.jpg\" data-dt-img-description=\"\" data-large_image_width=\"953\" data-large_image_height=\"953\"><img loading=\"lazy\" decoding=\"async\" class=\"size-medium wp-image-325414 aligncenter\" src=\"https:\/\/www.radiopiu.net\/wordpress\/wp-content\/uploads\/2023\/03\/b792042d-80e5-4ca6-b404-baac8e9b3b6c-300x300.jpg\" alt=\"\" width=\"300\" height=\"300\" srcset=\"https:\/\/www.radiopiu.net\/wordpress\/wp-content\/uploads\/2023\/03\/b792042d-80e5-4ca6-b404-baac8e9b3b6c-300x300.jpg 300w, https:\/\/www.radiopiu.net\/wordpress\/wp-content\/uploads\/2023\/03\/b792042d-80e5-4ca6-b404-baac8e9b3b6c-150x150.jpg 150w, https:\/\/www.radiopiu.net\/wordpress\/wp-content\/uploads\/2023\/03\/b792042d-80e5-4ca6-b404-baac8e9b3b6c-768x768.jpg 768w, https:\/\/www.radiopiu.net\/wordpress\/wp-content\/uploads\/2023\/03\/b792042d-80e5-4ca6-b404-baac8e9b3b6c.jpg 953w\" sizes=\"auto, (max-width: 300px) 100vw, 300px\" \/><\/a><\/p>\n<p>&nbsp;<\/p>\n<p>&nbsp;<\/p>\n<hr \/>\n<p>&nbsp;<\/p>\n<blockquote>\n<h3>CON LE SCUOLE IN RETE ALL\u2019ISTITUTO CANOSSIANO DI FELTRE DUE SPETTACOLI SU GUERRA E CARCERE PER GLI STUDENTI<\/h3>\n<\/blockquote>\n<p><strong>FELTRE <\/strong>L\u2019Auditorium dell\u2019Istituto Canossiano di Feltre ospiter\u00e0 questa settimana due importanti incontri per far conoscere agli studenti argomenti di primaria importanza per ogni societ\u00e0 civile: il carcere e la guerra. Domani, le Scuole in Rete e gli Amici delle Scuole in Rete hanno organizzato dalle 11 alle 12.50 la rappresentazione dello spettacolo \u201cLa scelta\u201d di Marco Cortesi e Mara Moschini. Gioved\u00ec alle 10.30, invece, grazie ad AICS e Amici delle Scuole in Rete sar\u00e0 la \u201cCompagnia stabile Assai\u201d a portare in scena lo spettacolo \u201cParole in catene\u201d<\/p>\n<p>&nbsp;<\/p>\n<p>&nbsp;<\/p>\n<hr \/>\n<p>&nbsp;<\/p>\n<blockquote>\n<h3>VISITE ALLA CRIPTA DEL DUOMO PER LA FESTA DELL\u2019ADDOLORATA<\/h3>\n<\/blockquote>\n<p><strong>BELLUNO<\/strong> In occasione dei festeggiamenti per la Festa della Madonna Addolorata l\u2019Associazione Campedel propone domenica 26 marzo delle visite guidate gratuite alla cripta del Duomo di Belluno e al polittico di San Martino. I soci Campedel accoglieranno i visitatori alle 15.00 e alle 16.00. Le visite sono organizzate in collaborazione con la parrocchia Duomo-Loreto e non \u00e8 necessaria la prenotazione. Info asscampedel@yahoo.it<\/p>\n<p>&nbsp;<\/p>\n<p>&nbsp;<\/p>\n<hr \/>\n<p>&nbsp;<\/p>\n<div>\n<div class=\"b654a4as d2edcug0\">\n<div class=\"rq0escxv hkbzh7o3 jwdofwj8 n8tt0mok r8blr3vg hyh9befq\">\n<p><a class=\"dt-pswp-item\" href=\"https:\/\/www.radiopiu.net\/wordpress\/wp-content\/uploads\/2020\/10\/pp.jpg\" data-dt-img-description=\"\" data-large_image_width=\"640\" data-large_image_height=\"640\"><img loading=\"lazy\" decoding=\"async\" class=\"wp-image-163678 alignleft\" src=\"https:\/\/www.radiopiu.net\/wordpress\/wp-content\/uploads\/2020\/10\/pp-300x300.jpg\" alt=\"\" width=\"106\" height=\"106\" srcset=\"https:\/\/www.radiopiu.net\/wordpress\/wp-content\/uploads\/2020\/10\/pp-300x300.jpg 300w, https:\/\/www.radiopiu.net\/wordpress\/wp-content\/uploads\/2020\/10\/pp-150x150.jpg 150w, https:\/\/www.radiopiu.net\/wordpress\/wp-content\/uploads\/2020\/10\/pp-125x125.jpg 125w, https:\/\/www.radiopiu.net\/wordpress\/wp-content\/uploads\/2020\/10\/pp-200x200.jpg 200w, https:\/\/www.radiopiu.net\/wordpress\/wp-content\/uploads\/2020\/10\/pp-80x80.jpg 80w, https:\/\/www.radiopiu.net\/wordpress\/wp-content\/uploads\/2020\/10\/pp-480x480.jpg 480w, https:\/\/www.radiopiu.net\/wordpress\/wp-content\/uploads\/2020\/10\/pp.jpg 640w\" sizes=\"auto, (max-width: 106px) 100vw, 106px\" \/><\/a><\/p>\n<\/div>\n<\/div>\n<\/div>\n<div>\n<div class=\"page-title-head hgroup\">\n<div class=\"page-title-head hgroup\">\n<div class=\"b654a4as d2edcug0\">\n<div class=\"j83agx80 btwxx1t3 lhclo0ds hop8lmos nkwizq5d scwd0bx6 roh60bw9\">\n<div class=\"rq0escxv hkbzh7o3 jwdofwj8 n8tt0mok r8blr3vg hyh9befq\">\n<div class=\"do00u71z l9j0dhe7 k4urcfbm\" style=\"text-align: left;\">\n<h2><span style=\"color: #000080;\">DON CESARE, IL PENSIERO DEL GIORNO. ALLA RADIO ALLE 7 DEL MATTINO E ALLE 19.30 DELLA SERA\u00a0<\/span><\/h2>\n<\/div>\n<\/div>\n<\/div>\n<\/div>\n<\/div>\n<\/div>\n<\/div>\n<p>&nbsp;<\/p>\n<audio class=\"wp-audio-shortcode\" id=\"audio-326331-14\" preload=\"none\" style=\"width: 100%;\" controls=\"controls\"><source type=\"audio\/mpeg\" src=\"https:\/\/www.radiopiu.net\/wordpress\/wp-content\/uploads\/2023\/03\/CESARE-10.mp3?_=14\" \/><a href=\"https:\/\/www.radiopiu.net\/wordpress\/wp-content\/uploads\/2023\/03\/CESARE-10.mp3\">https:\/\/www.radiopiu.net\/wordpress\/wp-content\/uploads\/2023\/03\/CESARE-10.mp3<\/a><\/audio>\n<p>&nbsp;<\/p>\n<p>&nbsp;<\/p>\n<hr \/>\n<p>&nbsp;<\/p>\n<h2><span style=\"color: #ff00ff;\">IN VIVO VERSO\u00a0 \u00a0\u00a0<\/span><\/h2>\n<blockquote>\n<h3>L&#8217;ACQUA NON HA FORMA di BIANCA SOLIGO<\/h3>\n<\/blockquote>\n<p><strong>AUDIO<\/strong><\/p>\n<audio class=\"wp-audio-shortcode\" id=\"audio-326331-15\" preload=\"none\" style=\"width: 100%;\" controls=\"controls\"><source type=\"audio\/mpeg\" src=\"https:\/\/www.radiopiu.net\/wordpress\/wp-content\/uploads\/2023\/03\/01-BIANCA-SOLIGO-LACQUA-NON-HA-FORMA.mp3?_=15\" \/><a href=\"https:\/\/www.radiopiu.net\/wordpress\/wp-content\/uploads\/2023\/03\/01-BIANCA-SOLIGO-LACQUA-NON-HA-FORMA.mp3\">https:\/\/www.radiopiu.net\/wordpress\/wp-content\/uploads\/2023\/03\/01-BIANCA-SOLIGO-LACQUA-NON-HA-FORMA.mp3<\/a><\/audio>\n<p>&nbsp;<\/p>\n<p>&nbsp;<\/p>\n<p><img loading=\"lazy\" decoding=\"async\" class=\"alignleft\" src=\"https:\/\/www.radiopiu.net\/wordpress\/wp-content\/uploads\/2023\/03\/1-SOLIGO-BIANCA.jpg\" width=\"129\" height=\"84\" \/>Bianca Soligo<br \/>\nL&#8217;ACQUA NON HA FORMA<\/p>\n<p>Altro non fu<br \/>\nche esistenza<br \/>\nsenza forma<br \/>\ncome l&#8217;acqua.<\/p>\n<p>Mani liquide<br \/>\nsul guscio<br \/>\nche mi ricopre.<\/p>\n<p>Poich\u00e8 il giorno<br \/>\n\u00e8 gi\u00e0 al tramonto,<br \/>\nnel mio smarrimento,<\/p>\n<p>ora so ci\u00f2 che vorrei,<br \/>\ne ci\u00f2 che non sono.<\/p>\n<div dir=\"auto\">\n<div dir=\"auto\">\n<div dir=\"auto\">\n<div dir=\"auto\">\n<div dir=\"auto\">\n<div dir=\"auto\">\n<p><strong>LA RACCOLTA COMPLETA<\/strong><\/p>\n<blockquote class=\"wp-embedded-content\" data-secret=\"Sqc2wkL4mS\"><p><a href=\"https:\/\/www.radiopiu.net\/wordpress\/in-vivo-verso\/\">In Vivo Verso<\/a><\/p><\/blockquote>\n<p><iframe loading=\"lazy\" class=\"wp-embedded-content\" sandbox=\"allow-scripts\" security=\"restricted\" style=\"position: absolute; clip: rect(1px, 1px, 1px, 1px);\" title=\"&#8220;In Vivo Verso&#8221; &#8212; Radio Pi\u00f9\" src=\"https:\/\/www.radiopiu.net\/wordpress\/in-vivo-verso\/embed\/#?secret=LH10nkSdIT#?secret=Sqc2wkL4mS\" data-secret=\"Sqc2wkL4mS\" width=\"600\" height=\"338\" frameborder=\"0\" marginwidth=\"0\" marginheight=\"0\" scrolling=\"no\"><\/iframe><\/p>\n<p><strong>\u00a0<\/strong><\/p>\n<\/div>\n<\/div>\n<\/div>\n<hr \/>\n<\/div>\n<\/div>\n<\/div>\n<p>&nbsp;<\/p>\n<h2><strong><a class=\"dt-pswp-item\" href=\"https:\/\/www.radiopiu.net\/wordpress\/wp-content\/uploads\/2023\/03\/ennio-vigne.jpg\" data-dt-img-description=\"\" data-large_image_width=\"768\" data-large_image_height=\"413\"><img loading=\"lazy\" decoding=\"async\" class=\" wp-image-326012 alignleft\" src=\"https:\/\/www.radiopiu.net\/wordpress\/wp-content\/uploads\/2023\/03\/ennio-vigne-300x161.jpg\" alt=\"\" width=\"199\" height=\"107\" srcset=\"https:\/\/www.radiopiu.net\/wordpress\/wp-content\/uploads\/2023\/03\/ennio-vigne-300x161.jpg 300w, https:\/\/www.radiopiu.net\/wordpress\/wp-content\/uploads\/2023\/03\/ennio-vigne.jpg 768w\" sizes=\"auto, (max-width: 199px) 100vw, 199px\" \/><\/a><span style=\"color: #339966;\">LA RASSEGNA STAMPA DA L&#8217;AMICO DEL POPOLO<\/span><\/strong><\/h2>\n<p><strong>di Gianni Santomaso<\/strong><\/p>\n<p>OSPITE: Ennio Vigne<\/p>\n<p>(foto: Amico Del Popolo)<\/p>\n<audio class=\"wp-audio-shortcode\" id=\"audio-326331-16\" preload=\"none\" style=\"width: 100%;\" controls=\"controls\"><source type=\"audio\/mpeg\" src=\"https:\/\/www.radiopiu.net\/wordpress\/wp-content\/uploads\/2023\/03\/RASSEGNA-GIANNI-1.mp3?_=16\" \/><a href=\"https:\/\/www.radiopiu.net\/wordpress\/wp-content\/uploads\/2023\/03\/RASSEGNA-GIANNI-1.mp3\">https:\/\/www.radiopiu.net\/wordpress\/wp-content\/uploads\/2023\/03\/RASSEGNA-GIANNI-1.mp3<\/a><\/audio>\n<p>&nbsp;<\/p>\n<hr \/>\n<p>&nbsp;<\/p>\n<h2><span style=\"color: #008080;\">GOCCE DI FILOSOFIA\u00a0<\/span><\/h2>\n<blockquote>\n<h3>GOCCE DI FILOSOFIA \u2013 PUNTATA 266\u2013 CHIARA CAU<\/h3>\n<\/blockquote>\n<audio class=\"wp-audio-shortcode\" id=\"audio-326331-17\" preload=\"none\" style=\"width: 100%;\" controls=\"controls\"><source type=\"audio\/mpeg\" src=\"https:\/\/www.radiopiu.net\/wordpress\/wp-content\/uploads\/2023\/03\/FI1-1.mp3?_=17\" \/><a href=\"https:\/\/www.radiopiu.net\/wordpress\/wp-content\/uploads\/2023\/03\/FI1-1.mp3\">https:\/\/www.radiopiu.net\/wordpress\/wp-content\/uploads\/2023\/03\/FI1-1.mp3<\/a><\/audio>\n<p>&nbsp;<\/p>\n<p>LA RACCOLTA COMPLETA<\/p>\n<blockquote class=\"wp-embedded-content\" data-secret=\"Br53r1estx\"><p><a href=\"https:\/\/www.radiopiu.net\/wordpress\/gocce-filosofia\/\">Gocce di filosofia,  LA TERZA STAGIONE&#8230; 2023<\/a><\/p><\/blockquote>\n<p><iframe loading=\"lazy\" class=\"wp-embedded-content\" sandbox=\"allow-scripts\" security=\"restricted\" style=\"position: absolute; clip: rect(1px, 1px, 1px, 1px);\" title=\"&#8220;Gocce di filosofia,  LA TERZA STAGIONE&#8230; 2023&#8221; &#8212; Radio Pi\u00f9\" src=\"https:\/\/www.radiopiu.net\/wordpress\/gocce-filosofia\/embed\/#?secret=MbD8Y6aUQs#?secret=Br53r1estx\" data-secret=\"Br53r1estx\" width=\"600\" height=\"338\" frameborder=\"0\" marginwidth=\"0\" marginheight=\"0\" scrolling=\"no\"><\/iframe><\/p>\n<p>&nbsp;<\/p>\n<p>&nbsp;<\/p>\n<hr \/>\n<p>&nbsp;<\/p>\n<h2><span style=\"color: #993366;\">I RACCONTI DI PAOLO SOPPELSA<\/span><\/h2>\n<p><strong>MARZO 2019<\/strong><\/p>\n<p><strong>AUDIO<\/strong><\/p>\n<audio class=\"wp-audio-shortcode\" id=\"audio-326331-18\" preload=\"none\" style=\"width: 100%;\" controls=\"controls\"><source type=\"audio\/mpeg\" src=\"https:\/\/www.radiopiu.net\/wordpress\/wp-content\/uploads\/2023\/03\/PAOLO-SOPPELSA-MARZO-2019.mp3?_=18\" \/><a href=\"https:\/\/www.radiopiu.net\/wordpress\/wp-content\/uploads\/2023\/03\/PAOLO-SOPPELSA-MARZO-2019.mp3\">https:\/\/www.radiopiu.net\/wordpress\/wp-content\/uploads\/2023\/03\/PAOLO-SOPPELSA-MARZO-2019.mp3<\/a><\/audio>\n<p>&nbsp;<\/p>\n<p><a class=\"dt-pswp-item\" href=\"https:\/\/www.radiopiu.net\/wordpress\/wp-content\/uploads\/2023\/03\/f3b7b616-32c3-49d1-8294-de7bbee5d1b5.jpg\" data-dt-img-description=\"\" data-large_image_width=\"1080\" data-large_image_height=\"810\"><img loading=\"lazy\" decoding=\"async\" class=\" wp-image-326298 alignleft\" src=\"https:\/\/www.radiopiu.net\/wordpress\/wp-content\/uploads\/2023\/03\/f3b7b616-32c3-49d1-8294-de7bbee5d1b5-300x225.jpg\" alt=\"\" width=\"188\" height=\"141\" srcset=\"https:\/\/www.radiopiu.net\/wordpress\/wp-content\/uploads\/2023\/03\/f3b7b616-32c3-49d1-8294-de7bbee5d1b5-300x225.jpg 300w, https:\/\/www.radiopiu.net\/wordpress\/wp-content\/uploads\/2023\/03\/f3b7b616-32c3-49d1-8294-de7bbee5d1b5-1024x768.jpg 1024w, https:\/\/www.radiopiu.net\/wordpress\/wp-content\/uploads\/2023\/03\/f3b7b616-32c3-49d1-8294-de7bbee5d1b5-768x576.jpg 768w, https:\/\/www.radiopiu.net\/wordpress\/wp-content\/uploads\/2023\/03\/f3b7b616-32c3-49d1-8294-de7bbee5d1b5.jpg 1080w\" sizes=\"auto, (max-width: 188px) 100vw, 188px\" \/><\/a>Erano trascorsi poco pi\u00f9 di quattro mesi dalla grande tempesta, il tempo di un inverno di montagna. Novembre era stato mese difficile e grande era stato l&#8217;impegno necessario per rimediare ai danni in vista dell&#8217;imminente stagione fredda; i torrenti da mettere in sicurezza, le strade e le linee elettriche da riparare, e poi gli acquedotti e gli impianti sciistici da rimettere in perfetta efficienza. Circa un mese di lavori terminati a tempo di record e poi l&#8217;inverno con i suoi freddi silenzi a curare le valli ferite. A gennaio era arrivata la neve a coprire gli alberi schiantati e gli alvei ancora sconnessi dei torrenti ed io, nel frattempo, un po&#8217; perch\u00e9 non ne avevo avuto l&#8217;occasione e soprattutto perch\u00e9 non avevo voluto, non avevo ancora visitato la Val Cordevole. Mi ero spinto qualche volta fino ad Alleghe per seguire le partite di hockey, ma era stato sempre di sera, e il buio di quelle serate d&#8217;inverno aveva custodito per bene il disastro; sapevo dai filmati di quello che era accaduto pi\u00f9 a nord, ma in quei mesi freddi desideravo tenermi stretto il ricordo di come erano quei luoghi prima di quel triste ventinove ottobre. L&#8217;ultimo passaggio era datato met\u00e0 settembre, ed era stato uno splendido pomeriggio di fine estate passato a vagabondare fra Santa Fosca e i passi Giau e Valparola. Poi arriv\u00f2 marzo con i suoi primi accenni di primavera, e una domenica pomeriggio decisi di ritornare in Val Cordevole per rendermi conto di persona di cos&#8217;era accaduto in quella drammatica serata di met\u00e0 autunno. Non c&#8217;era nessuno per strada e guidavo piano lungo i rettilinei che portano a Caprile; mi sentivo come se stessi varcando la porta dell&#8217;ospedale e mi stessi recando a visitare una persona cara. Osservavo il greto del Cordevole che mostrava i segni della piena e gli abeti divelti sui pendii che sovrastano Santa Maria delle Grazie; una visione desolante, ed ero conscio che il peggio doveva ancora arrivare. All&#8217;entrata di Caprile fermai la macchina a bordo strada; rimasi letteralmente senza fiato mentre guardavo il versante lungo il quale si inerpica la 203. A met\u00e0 settembre la strada era nascosta da un fitto bosco di &#8220;pez&#8221;, sei mesi pi\u00f9 tardi, invece, la Strada Madre saliva lungo un pendio devastato e irriconoscibile. Qualche minuto pi\u00f9 tardi ripartii prendendo proprio la 203 Agordina. Salivo lentamente lungo i primi tornanti, e panorami nuovi mi si aprivano davanti; superata la casa cantoniera, lo sguardo poteva spingersi lungo l&#8217;intera stretta di Digonera, lass\u00f9 c&#8217;era Livinallongo e appena fuori della carreggiata un delirio di tronchi aggrovigliati. A Rucav\u00e0 abbandonai la Strada Madre e raggiunsi il Belvedere; c&#8217;era un vento leggero di marzo e il cielo era d&#8217;un azzurro stinto di quasi primavera. E poi le cime a sfiorare quel cielo celeste chiaro; loro erano sempre al loro posto. Il Pelmo ad est, il Civetta di fronte e il Sasso Bianco erano sempre l\u00ec a fare da magnifico sfondo a queste valli. I boschi, invece, in parte non c&#8217;erano pi\u00f9. Osservando da lass\u00f9 gli alberi a terra sembravano i militi di un esercito sconfitto da un&#8217;arma terribile e sconosciuta. Poi arriv\u00f2 una ragazza; anche lei si era fermata come me a guardare. Ci trovammo a commentare sottovoce quanto vedevamo, proprio come si fa in cimitero nel giorno dei Morti. Poche frasi e poi un ciao, sempre sottovoce. Con grande rispetto verso quello che era diventato una sorta di &#8220;Sacrario degli Alberi Caduti. Poi il vento si fece pi\u00f9 forte e a tratti sembrava richiamare l&#8217;inverno; era tempo di partire e di lasciare i boschi feriti che, come gli uomini, attendevano una nuova primavera.<\/p>\n<p>&nbsp;<\/p>\n<p>&nbsp;<\/p>\n<hr \/>\n<p>&nbsp;<\/p>\n<div class=\"column\">\n<p><img loading=\"lazy\" decoding=\"async\" class=\"aligncenter wp-image-61954 size-full\" src=\"https:\/\/www.radiopiu.net\/wordpress\/wp-content\/uploads\/2018\/09\/viabilita.jpeg\" sizes=\"auto, (max-width: 800px) 100vw, 800px\" srcset=\"https:\/\/www.radiopiu.net\/wordpress\/wp-content\/uploads\/2018\/09\/viabilita.jpeg 800w, https:\/\/www.radiopiu.net\/wordpress\/wp-content\/uploads\/2018\/09\/viabilita-300x38.jpeg 300w, https:\/\/www.radiopiu.net\/wordpress\/wp-content\/uploads\/2018\/09\/viabilita-768x96.jpeg 768w\" alt=\"\" width=\"800\" height=\"100\" \/><\/p>\n<p>&nbsp;<\/p>\n<blockquote>\n<h3>SENSO UNICO ALTERNATO IN GALLERIA DEI CASTEI<\/h3>\n<\/blockquote>\n<p><strong>SR 203 AGORDINA<\/strong> nelle giornate del <span style=\"color: #ff0000;\">13 e 14 marzo<\/span> dalle 20 alle 6 del giorno successivo senso unico alternato regolato da movieri o semaforo in Galleria dei Castei in comune di La Valle Agordina<\/p>\n<p>&nbsp;<\/p>\n<blockquote class=\"wp-embedded-content\" data-secret=\"NWRaqtZsys\"><p><a href=\"https:\/\/www.radiopiu.net\/wordpress\/viabilita\/\">viabilita<\/a><\/p><\/blockquote>\n<p><iframe loading=\"lazy\" class=\"wp-embedded-content\" sandbox=\"allow-scripts\" security=\"restricted\" style=\"position: absolute; clip: rect(1px, 1px, 1px, 1px);\" title=\"&#8220;viabilita&#8221; &#8212; Radio Pi\u00f9\" src=\"https:\/\/www.radiopiu.net\/wordpress\/viabilita\/embed\/#?secret=3ekMAJdthE#?secret=NWRaqtZsys\" data-secret=\"NWRaqtZsys\" width=\"600\" height=\"338\" frameborder=\"0\" marginwidth=\"0\" marginheight=\"0\" scrolling=\"no\"><\/iframe><\/p>\n<div>\n<div dir=\"ltr\">\n<div class=\"gmail_quote\">\n<div dir=\"ltr\">\n<div class=\"gmail_quote\"><\/div>\n<\/div>\n<\/div>\n<\/div>\n<\/div>\n<p>&nbsp;<\/p>\n<hr \/>\n<p>&nbsp;<\/p>\n<p><a class=\"dt-pswp-item\" href=\"https:\/\/www.radiopiu.net\/wordpress\/wp-content\/uploads\/2018\/09\/WhatsApp-Image-2018-09-20-at-16.04.06.jpeg\" data-dt-img-description=\"\" data-large_image_width=\"800\" data-large_image_height=\"100\"><img loading=\"lazy\" decoding=\"async\" class=\"wp-image-61378 size-full aligncenter\" src=\"https:\/\/www.radiopiu.net\/wordpress\/wp-content\/uploads\/2018\/09\/WhatsApp-Image-2018-09-20-at-16.04.06.jpeg\" alt=\"\" width=\"800\" height=\"100\" srcset=\"https:\/\/www.radiopiu.net\/wordpress\/wp-content\/uploads\/2018\/09\/WhatsApp-Image-2018-09-20-at-16.04.06.jpeg 800w, https:\/\/www.radiopiu.net\/wordpress\/wp-content\/uploads\/2018\/09\/WhatsApp-Image-2018-09-20-at-16.04.06-300x38.jpeg 300w, https:\/\/www.radiopiu.net\/wordpress\/wp-content\/uploads\/2018\/09\/WhatsApp-Image-2018-09-20-at-16.04.06-768x96.jpeg 768w\" sizes=\"auto, (max-width: 800px) 100vw, 800px\" \/><\/a><\/p>\n<p>&nbsp;<\/p>\n<p><strong>OGGI<\/strong> Peggioramento notturno fino a tempo perturbato tra fine nottata e mattino, con cielo molto nuvoloso o coperto e fenomeni diffusi. Dal pomeriggio in poi attenuazione della nuvolosit\u00e0 ma in un<br \/>\ncontesto ancora assai instabile. Contesto termico diurno pi\u00f9 fresco nelle valli e pi\u00f9 freddo in alta quota, sia per l&#8217;ingresso di aria pi\u00f9 fredda dal pomeriggio in poi che per il forte deficit di soleggiamento<\/p>\n<p><strong>DOMANI<\/strong> Tempo in netto miglioramento con ritorno del sole e del cielo in prevalenza sereno, salvo qualche residuo annuvolamento al primo mattino. Il contesto termico sar\u00e0 molto pi\u00f9 freddo e ventilato in quota, mentre il ritorno del sole e gli episodi di Foehn potrebbero favorire locali aumenti nelle valli, in un contesto pi\u00f9 generalmente pi\u00f9 fresco.<\/p>\n<p><strong>GIOVEDI<\/strong> \u00a0Tempo ben soleggiato e stabile<\/p>\n<p><strong>VENERDI<\/strong> \u00a0Tempo ben soleggiato con cielo sereno, salvo temporanee velature per sottili nubi<br \/>\nalte al primo mattino.<\/p>\n<\/div>\n<p>&nbsp;<\/p>\n<p>&nbsp;<\/p>\n<hr \/>\n<p>&nbsp;<\/p>\n<p><a class=\"dt-pswp-item\" href=\"https:\/\/www.radiopiu.net\/wordpress\/wp-content\/uploads\/2018\/09\/sport.jpg\" data-dt-img-description=\"\" data-large_image_width=\"800\" data-large_image_height=\"100\"><img loading=\"lazy\" decoding=\"async\" class=\"aligncenter wp-image-60761 size-full\" src=\"https:\/\/www.radiopiu.net\/wordpress\/wp-content\/uploads\/2018\/09\/sport.jpg\" alt=\"\" width=\"800\" height=\"100\" srcset=\"https:\/\/www.radiopiu.net\/wordpress\/wp-content\/uploads\/2018\/09\/sport.jpg 800w, https:\/\/www.radiopiu.net\/wordpress\/wp-content\/uploads\/2018\/09\/sport-300x38.jpg 300w, https:\/\/www.radiopiu.net\/wordpress\/wp-content\/uploads\/2018\/09\/sport-768x96.jpg 768w\" sizes=\"auto, (max-width: 800px) 100vw, 800px\" \/><\/a><\/p>\n<p><span style=\"color: #0000ff;\"><strong>\u00a0<\/strong><\/span><\/p>\n<p><span style=\"color: #0000ff;\"><strong>RALLY\u00a0 \u00a0<\/strong><\/span><\/p>\n<blockquote>\n<h3>APPELLO PER IL RALLY BELLUNESE DEL 2 APRILE<\/h3>\n<\/blockquote>\n<p><strong><img loading=\"lazy\" decoding=\"async\" class=\"alignleft\" src=\"https:\/\/www.radiopiu.net\/wordpress\/wp-content\/uploads\/2023\/03\/bceea85f-3bb8-4bde-b009-bf0323a5e194.jpg\" width=\"170\" height=\"148\" \/>BELLUNO<\/strong><\/p>\n<p><strong>DI ROBERTO BONA<\/strong><\/p>\n<audio class=\"wp-audio-shortcode\" id=\"audio-326331-19\" preload=\"none\" style=\"width: 100%;\" controls=\"controls\"><source type=\"audio\/mpeg\" src=\"https:\/\/www.radiopiu.net\/wordpress\/wp-content\/uploads\/2023\/03\/ApperlloBellunese.mp3?_=19\" \/><a href=\"https:\/\/www.radiopiu.net\/wordpress\/wp-content\/uploads\/2023\/03\/ApperlloBellunese.mp3\">https:\/\/www.radiopiu.net\/wordpress\/wp-content\/uploads\/2023\/03\/ApperlloBellunese.mp3<\/a><\/audio>\n<p>&nbsp;<\/p>\n<p>&nbsp;<\/p>\n<p>&nbsp;<\/p>\n<p><span style=\"color: #0000ff;\"><strong>PALLAVOLO<\/strong><\/span><\/p>\n<blockquote>\n<h3>TERZO FINE SETTIMANA DA DIMENTICARE PER IL VOLLEY CLUB AGORDINO<\/h3>\n<\/blockquote>\n<p><strong><a class=\"dt-pswp-item\" href=\"https:\/\/www.radiopiu.net\/wordpress\/wp-content\/uploads\/2022\/04\/VOLLEY-CLUB-AGORDINO.jpg\" data-dt-img-description=\"\" data-large_image_width=\"500\" data-large_image_height=\"512\"><img loading=\"lazy\" decoding=\"async\" class=\" wp-image-268787 alignleft\" src=\"https:\/\/www.radiopiu.net\/wordpress\/wp-content\/uploads\/2022\/04\/VOLLEY-CLUB-AGORDINO-293x300.jpg\" alt=\"\" width=\"174\" height=\"178\" srcset=\"https:\/\/www.radiopiu.net\/wordpress\/wp-content\/uploads\/2022\/04\/VOLLEY-CLUB-AGORDINO-293x300.jpg 293w, https:\/\/www.radiopiu.net\/wordpress\/wp-content\/uploads\/2022\/04\/VOLLEY-CLUB-AGORDINO.jpg 500w\" sizes=\"auto, (max-width: 174px) 100vw, 174px\" \/><\/a>di Marco Gaz<\/strong><\/p>\n<p><strong>REDAZIONE<\/strong> Per il terzo fine settimana consecutivo il Volley Club Agordino non riesce a portare a casa punti con le tre squadre iscritte ai campionati FIPAV. Tre sconfitte su tre partite giocate dalla prima squadra e dal settore giovanile. L&#8217;Under 14 \u00e8 crollata a Conegliano. Un secco 3 a 0 per le trevigiane che non hanno lasciato giocare le agordine. Un&#8217;altra sconfitta anche per l&#8217;Under 16 che domenica al PalaRova di Agordo ha ospitato il Codogn\u00e8. Nonostante la bella prestazione delle giovani pallavoliste agordine, le trevigiane hanno vinto la battaglia in campo dopo tre set giocati punto a punto. Terza ed ultima sconfitta arrivata dalla prima squadra nel campionato di Prima Divisione. Sabato sera al Palarova di Agordo il Mareno ha fatto la voce grossa stendendo il gruppo allenato da De Nardin. Agordine che si sono svegliate tardi e la squadra della provincia di Treviso si \u00e8 imposta 3 a 0. Campionati di Prima Divisione e Under 16 che si fermeranno per 3 settimane, squadre del Volley Club che torneranno in campo nel fine settimana del 25-26 marzo.<\/p>\n<p><strong>ALEXANDRA PUGLIA, GIOCATRICE DEL VOLLEY CLUB AGORDINO DI PRIMA DIVISIONE<\/strong><\/p>\n<audio class=\"wp-audio-shortcode\" id=\"audio-326331-20\" preload=\"none\" style=\"width: 100%;\" controls=\"controls\"><source type=\"audio\/mpeg\" src=\"https:\/\/www.radiopiu.net\/wordpress\/wp-content\/uploads\/2023\/03\/ALE-PUGLIA.mp3?_=20\" \/><a href=\"https:\/\/www.radiopiu.net\/wordpress\/wp-content\/uploads\/2023\/03\/ALE-PUGLIA.mp3\">https:\/\/www.radiopiu.net\/wordpress\/wp-content\/uploads\/2023\/03\/ALE-PUGLIA.mp3<\/a><\/audio>\n<p>&nbsp;<\/p>\n<hr \/>\n<p>&nbsp;<\/p>\n<p><span style=\"color: #0000ff;\"><strong>PATTINAGGIO\u00a0<\/strong><\/span><\/p>\n<blockquote>\n<h3>IL FINE SETTIMANA DELLE GIOVANI PATTINATRICI AGORDINE<\/h3>\n<\/blockquote>\n<div class=\"__fb-light-mode x1n2onr6\" role=\"row\">\n<div class=\"\">\n<div class=\"x78zum5 xdt5ytf x1n2onr6\" tabindex=\"-1\" role=\"gridcell\" data-release-focus-from=\"CLICK\" data-scope=\"messages_table\">\n<div class=\"x78zum5\" role=\"none\">\n<div class=\"x78zum5 x1iyjqo2 xs83m0k xeuugli\" role=\"none\">\n<div class=\"x1h91t0o xkh2ocl x78zum5 xdt5ytf x13a6bvl xcrg951 x1r145dm\" role=\"none\">\n<div class=\"x78zum5 xh8yej3\" role=\"none\">\n<div class=\"x1cy8zhl x78zum5 xdt5ytf x193iq5w x1n2onr6\">\n<div class=\"x78zum5 xh8yej3\" role=\"none\">\n<div class=\"x1tlxs6b x1g8br2z x1gn5b1j x230xth x14ctfv x1okitfd x6ikm8r x10wlt62 x1mzt3pk x1y1aw1k xn6708d xwib8y2 x1ye3gou x1n2onr6 x13faqbe x1vjfegm\" role=\"none\">\n<div class=\"x9f619 x1n2onr6 x1ja2u2z __fb-light-mode\" role=\"none\">\n<div dir=\"auto\" role=\"none\">Ancora buoni risultati per la societ\u00e0 Agordino Ghiaccio e Sport ad Asiago. Alla terza prova della\u00a0 Ice Cup bronze veneto le ragazze dell&#8217; interpretativo B (foto) si sono fatte valere: 1^\u00a0 Gaia Serafini,\u00a0 1^ Paola Galligani,\u00a0 3^ Stephanie Tibolla. Al quatro Trofeo delle regioni, fascia Silver di Feltre nella categoria intermedia novice,\u00a0 10^ Martina Da Tos,\u00a0 17^ Veronia\u00a0 Bartoli (categoria Basic Novice)<\/div>\n<\/div>\n<\/div>\n<\/div>\n<\/div>\n<\/div>\n<\/div>\n<\/div>\n<\/div>\n<\/div>\n<\/div>\n<\/div>\n<div class=\"__fb-light-mode x1n2onr6\" role=\"row\">\n<div class=\"\">\n<div class=\"x78zum5 xdt5ytf x1n2onr6\" tabindex=\"-1\" role=\"gridcell\" data-release-focus-from=\"CLICK\" data-scope=\"messages_table\">\n<div class=\"x78zum5\" role=\"none\">\n<div class=\"x78zum5 x1iyjqo2 xs83m0k xeuugli\" role=\"none\">\n<div class=\"x1h91t0o xkh2ocl x78zum5 xdt5ytf x13a6bvl xcrg951 x1r145dm\" role=\"none\">\n<div class=\"x78zum5 xh8yej3\" role=\"none\">\n<div class=\"x1cy8zhl x78zum5 xdt5ytf x193iq5w x1n2onr6\">\n<div class=\"x1h91t0o xkh2ocl x78zum5 xdt5ytf x13a6bvl x193iq5w x1c4vz4f xcrg951\" role=\"none\">\n<div class=\"x193iq5w x1n2onr6 x1vjfegm\">\n<div class=\"x193iq5w\">\n<div class=\"x78zum5 xdt5ytf xdj266r x11i5rnm xat24cr x1mh8g0r x1n2onr6 x1gn5b1j x1g8br2z x1tlxs6b x10y3i5r\"><\/div>\n<\/div>\n<div class=\"xa1me7u x13z1dwb xpkj8wx x1g8y7dm x1gn5b1j x1g8br2z x1tlxs6b x1ey2m1c x9f619 xds687c x47corl x10l6tqk x17qophe x13vifvy x10y3i5r\"><a class=\"dt-pswp-item\" href=\"https:\/\/www.radiopiu.net\/wordpress\/wp-content\/uploads\/2023\/03\/335927697_605373248157207_2761781832282654237_n.jpg\" data-dt-img-description=\"\" data-large_image_width=\"1600\" data-large_image_height=\"1538\"><img loading=\"lazy\" decoding=\"async\" class=\"alignnone wp-image-326435 size-full\" src=\"https:\/\/www.radiopiu.net\/wordpress\/wp-content\/uploads\/2023\/03\/335927697_605373248157207_2761781832282654237_n.jpg\" alt=\"\" width=\"1600\" height=\"1538\" srcset=\"https:\/\/www.radiopiu.net\/wordpress\/wp-content\/uploads\/2023\/03\/335927697_605373248157207_2761781832282654237_n.jpg 1600w, https:\/\/www.radiopiu.net\/wordpress\/wp-content\/uploads\/2023\/03\/335927697_605373248157207_2761781832282654237_n-300x288.jpg 300w, https:\/\/www.radiopiu.net\/wordpress\/wp-content\/uploads\/2023\/03\/335927697_605373248157207_2761781832282654237_n-1024x984.jpg 1024w, https:\/\/www.radiopiu.net\/wordpress\/wp-content\/uploads\/2023\/03\/335927697_605373248157207_2761781832282654237_n-768x738.jpg 768w, https:\/\/www.radiopiu.net\/wordpress\/wp-content\/uploads\/2023\/03\/335927697_605373248157207_2761781832282654237_n-1536x1476.jpg 1536w\" sizes=\"auto, (max-width: 1600px) 100vw, 1600px\" \/><\/a><\/div>\n<div class=\"x1o1ewxj x3x9cwd x1e5q0jg x13rtm0m x1ey2m1c xds687c xg01cxk x47corl x10l6tqk x17qophe x13vifvy x1ebt8du x19991ni x1dhq9h x1wpzbip\" data-visualcompletion=\"ignore\"><\/div>\n<\/div>\n<\/div>\n<\/div>\n<div class=\"x1h91t0o xkh2ocl x78zum5 xdt5ytf x13a6bvl x193iq5w x1iyjqo2 xcrg951\" role=\"none\">\n<div class=\"x1r8uery x1iyjqo2\" role=\"none\"><\/div>\n<div role=\"none\">\n<hr \/>\n<\/div>\n<blockquote>\n<div role=\"none\">\n<p><span style=\"color: #0000ff;\"><strong>CAVALLO<\/strong><\/span><\/p>\n<p><span style=\"color: #000000;\">LA NUOVA STAGIONE DEL PR RANCH\u00a0<\/span><\/p>\n<\/div>\n<\/blockquote>\n<div role=\"none\">Domenica\u00a0 inizia la nuova stagione della Pr Dololomiti\u00a0 Ranch.\u00a0 Una nuova emozionante ed impegnativa avventura nel mondo Federale FISE del volteggio con la prima gara nazionale a Portogruaro.<\/div>\n<div role=\"none\"><\/div>\n<\/div>\n<\/div>\n<\/div>\n<\/div>\n<\/div>\n<\/div>\n<\/div>\n<\/div>\n<p>&nbsp;<\/p>\n<hr \/>\n<blockquote>\n<h3>TERZO POSTO PER TRE GIOVANI RINOCERONTI AL TROFEO DEI TERRITORI<\/h3>\n<\/blockquote>\n<p><strong><a class=\"dt-pswp-item\" href=\"https:\/\/www.radiopiu.net\/wordpress\/wp-content\/uploads\/2023\/03\/Poker_DRL_in_rappresentativa.jpg\" data-dt-img-description=\"\" data-large_image_width=\"1015\" data-large_image_height=\"1353\"><img loading=\"lazy\" decoding=\"async\" class=\" wp-image-326353 alignleft\" src=\"https:\/\/www.radiopiu.net\/wordpress\/wp-content\/uploads\/2023\/03\/Poker_DRL_in_rappresentativa-225x300.jpg\" alt=\"\" width=\"122\" height=\"163\" srcset=\"https:\/\/www.radiopiu.net\/wordpress\/wp-content\/uploads\/2023\/03\/Poker_DRL_in_rappresentativa-225x300.jpg 225w, https:\/\/www.radiopiu.net\/wordpress\/wp-content\/uploads\/2023\/03\/Poker_DRL_in_rappresentativa-768x1024.jpg 768w, https:\/\/www.radiopiu.net\/wordpress\/wp-content\/uploads\/2023\/03\/Poker_DRL_in_rappresentativa.jpg 1015w\" sizes=\"auto, (max-width: 122px) 100vw, 122px\" \/><\/a>BELLUNO <\/strong>La Pallavolo Maschile Belluno ha calato il poker al Trofeo dei Territori: la manifestazione, tornata dopo ben quattro anni e andata in scena a Rovigo, era aperta alle selezioni maschili Under 14. E, in questo contesto, la rappresentativa di Treviso-Belluno ha registrato la presenza di tre giocatori dolomitici: Leone Battistel, Gianbattista Costa e Pietro Dalla Corte. Insieme al terzetto di atleti, c\u2019era pure coach Simone Donadel, assistente dello staff tecnico guidato da Alessandro Del Faggio.<span class=\"gmail-Apple-converted-space\"> \u00a0<\/span>Il bilancio? Estremamente positivo, se \u00e8 vero che il gruppo \u201ctrevigian-bellunese\u201d si \u00e8 piazzato sul podio. Al terzo posto, in virt\u00f9 del successo nella finalina sulla selezione di Venezia: 2-0 il punteggio con i parziali di 25-20 e 27-25. Solo l&#8217;ottima compagine di Trento, che ha poi alzato il trofeo, ha sbarrato le porte della finalissima a coach Donadel e ai tre ragazzi della DRL, protagonisti comunque di una splendida cavalcata, partita gi\u00e0 sabato scorso col successo sui pari et\u00e0 di Verona (3-0) e il mezzo passo falso al cospetto di Padova (1-2).<span class=\"gmail-Apple-converted-space\"> \u00a0<\/span>Nessun dubbio: l\u2019esperienza di Rovigo sar\u00e0 fonte di arricchimento per Leone, Gianbattista e Pietro.<span class=\"gmail-Apple-converted-space\">\u00a0<\/span><\/p>\n<p>&nbsp;<\/p>\n<p>&nbsp;<\/p>\n<hr \/>\n<p><span style=\"color: #0000ff;\"><strong>\u00a0<\/strong><\/span><\/p>\n<p><span style=\"color: #0000ff;\"><strong>TELEMARK\u00a0<\/strong><\/span><\/p>\n<blockquote>\n<h3>LE FOTO DELLA SCUFONEDA A RICARICA NATURALE<\/h3>\n<\/blockquote>\n<p>XXVI edizione della Scufoneda, intenso weekend definito dal programma \u201ca ricarica naturale\u201d. E\u2019 stata un\u2019edizione dai grandi numeri, quasi quattrocento gli iscritti totali, provenienti da tutta Europa. La Scufoneda \u00e8 diventata l\u2019evento di riferimento del telemark italiano. Vi hanno infatti partecipato appassionati di tutta Italia, provenienti anche da altre regioni alpine.<\/p>\n\n\t\t\t<style type='text\/css'>\n\t\t\t\t#gallery-7 {\n\t\t\t\t\tmargin: auto;\n\t\t\t\t}\n\t\t\t\t#gallery-7 .gallery-item {\n\t\t\t\t\tfloat: left;\n\t\t\t\t\tmargin-top: 10px;\n\t\t\t\t\ttext-align: center;\n\t\t\t\t\twidth: 33%;\n\t\t\t\t}\n\t\t\t\t#gallery-7 img {\n\t\t\t\t\tborder: 2px solid #cfcfcf;\n\t\t\t\t}\n\t\t\t\t#gallery-7 .gallery-caption {\n\t\t\t\t\tmargin-left: 0;\n\t\t\t\t}\n\t\t\t\t\/* see gallery_shortcode() in wp-includes\/media.php *\/\n\t\t\t<\/style>\n\t\t<div id='gallery-7' class='dt-gallery-container gallery galleryid-326331 gallery-columns-3 gallery-size-thumbnail'><dl class='gallery-item'>\n\t\t\t\t<dt class='gallery-icon portrait'>\n\t\t\t\t\t<a class=\"rollover rollover-zoom dt-pswp-item\" title=\"IMG_6828\" data-dt-img-description=\"\" data-large_image_width=\"854\" data-large_image_height=\"1280\"href='https:\/\/www.radiopiu.net\/wordpress\/wp-content\/uploads\/2023\/03\/IMG_6828.jpeg'><img loading=\"lazy\" decoding=\"async\" width=\"150\" height=\"150\" src=\"https:\/\/www.radiopiu.net\/wordpress\/wp-content\/uploads\/2023\/03\/IMG_6828-150x150.jpeg\" class=\"attachment-thumbnail size-thumbnail\" alt=\"\" \/><\/a>\n\t\t\t\t<\/dt><\/dl><dl class='gallery-item'>\n\t\t\t\t<dt class='gallery-icon landscape'>\n\t\t\t\t\t<a class=\"rollover rollover-zoom dt-pswp-item\" title=\"IMG_6871\" data-dt-img-description=\"\" data-large_image_width=\"1280\" data-large_image_height=\"854\"href='https:\/\/www.radiopiu.net\/wordpress\/wp-content\/uploads\/2023\/03\/IMG_6871.jpeg'><img loading=\"lazy\" decoding=\"async\" width=\"150\" height=\"150\" src=\"https:\/\/www.radiopiu.net\/wordpress\/wp-content\/uploads\/2023\/03\/IMG_6871-150x150.jpeg\" class=\"attachment-thumbnail size-thumbnail\" alt=\"\" \/><\/a>\n\t\t\t\t<\/dt><\/dl><dl class='gallery-item'>\n\t\t\t\t<dt class='gallery-icon landscape'>\n\t\t\t\t\t<a class=\"rollover rollover-zoom dt-pswp-item\" title=\"IMG_6881\" data-dt-img-description=\"\" data-large_image_width=\"1280\" data-large_image_height=\"854\"href='https:\/\/www.radiopiu.net\/wordpress\/wp-content\/uploads\/2023\/03\/IMG_6881.jpeg'><img loading=\"lazy\" decoding=\"async\" width=\"150\" height=\"150\" src=\"https:\/\/www.radiopiu.net\/wordpress\/wp-content\/uploads\/2023\/03\/IMG_6881-150x150.jpeg\" class=\"attachment-thumbnail size-thumbnail\" alt=\"\" \/><\/a>\n\t\t\t\t<\/dt><\/dl><br style=\"clear: both\" \/>\n\t\t\t<\/div>\n\n<p>&nbsp;<\/p>\n<hr \/>\n<p>&nbsp;<\/p>\n<p>&nbsp;<\/p>\n<p>&nbsp;<\/p>\n<p>&nbsp;<\/p>\n","protected":false},"excerpt":{"rendered":"<p>RADIO PIU INFORMAZIONE il canale su TELEGRAM informazione di prima\u00a0 mano e in tempo reale. iscriviti ed aiutaci a farlo conoscere\u00a0 \u00a0\u00a0 di\u00a0 FEDERICA ZANDEGIACOMO (VIABILITA&#8217; PROVINCIA DI BELLUNO- TELEGRAM) ORE 7 PASSO CAMPOLONGO di\u00a0 \u00a0ANDY (VIABILITA&#8217; PROVINCIA DI BELLUNO- TELEGRAM) ORE 8 PASSO FALZAREGO ISCRIVITI AL NOSTRO CANALE YOUTUBE PER SEGUIRE IN DIRETTA I&hellip;<\/p>\n","protected":false},"author":4,"featured_media":326455,"comment_status":"closed","ping_status":"closed","sticky":false,"template":"","format":"standard","meta":{"_monsterinsights_skip_tracking":false,"_monsterinsights_sitenote_active":false,"_monsterinsights_sitenote_note":"","_monsterinsights_sitenote_category":0,"footnotes":""},"categories":[51,86,49],"tags":[],"class_list":["post-326331","post","type-post","status-publish","format-standard","has-post-thumbnail","hentry","category-evidenza-top","category-gr","category-news-18","category-51","category-86","category-49","description-off"],"img_url":"https:\/\/www.radiopiu.net\/wordpress\/wp-content\/uploads\/2023\/03\/Senza-nome-44.jpg","_links":{"self":[{"href":"https:\/\/www.radiopiu.net\/wordpress\/wp-json\/wp\/v2\/posts\/326331","targetHints":{"allow":["GET"]}}],"collection":[{"href":"https:\/\/www.radiopiu.net\/wordpress\/wp-json\/wp\/v2\/posts"}],"about":[{"href":"https:\/\/www.radiopiu.net\/wordpress\/wp-json\/wp\/v2\/types\/post"}],"author":[{"embeddable":true,"href":"https:\/\/www.radiopiu.net\/wordpress\/wp-json\/wp\/v2\/users\/4"}],"replies":[{"embeddable":true,"href":"https:\/\/www.radiopiu.net\/wordpress\/wp-json\/wp\/v2\/comments?post=326331"}],"version-history":[{"count":0,"href":"https:\/\/www.radiopiu.net\/wordpress\/wp-json\/wp\/v2\/posts\/326331\/revisions"}],"wp:featuredmedia":[{"embeddable":true,"href":"https:\/\/www.radiopiu.net\/wordpress\/wp-json\/wp\/v2\/media\/326455"}],"wp:attachment":[{"href":"https:\/\/www.radiopiu.net\/wordpress\/wp-json\/wp\/v2\/media?parent=326331"}],"wp:term":[{"taxonomy":"category","embeddable":true,"href":"https:\/\/www.radiopiu.net\/wordpress\/wp-json\/wp\/v2\/categories?post=326331"},{"taxonomy":"post_tag","embeddable":true,"href":"https:\/\/www.radiopiu.net\/wordpress\/wp-json\/wp\/v2\/tags?post=326331"}],"curies":[{"name":"wp","href":"https:\/\/api.w.org\/{rel}","templated":true}]}}