{"id":326467,"date":"2023-03-15T05:53:29","date_gmt":"2023-03-15T04:53:29","guid":{"rendered":"https:\/\/www.radiopiu.net\/wordpress\/?p=326467"},"modified":"2023-03-15T09:13:01","modified_gmt":"2023-03-15T08:13:01","slug":"giornale","status":"publish","type":"post","link":"https:\/\/www.radiopiu.net\/wordpress\/giornale\/","title":{"rendered":"GIORNALE RADIOPIU 15 MARZO 2023 DIRETTORE MIRKO MEZZACASA&#8230;verso i 40 anni 25 giugno 1983-25 giugno 2023"},"content":{"rendered":"<h3 class=\"kvgmc6g5 cxmmr5t8 oygrvhab hcukyx3x c1et5uql\"><span style=\"color: #0000ff;\"><strong><a class=\"dt-pswp-item\" href=\"https:\/\/www.radiopiu.net\/wordpress\/wp-content\/uploads\/2023\/03\/GIAU.jpg\" data-dt-img-description=\"\" data-large_image_width=\"1280\" data-large_image_height=\"1280\"><img loading=\"lazy\" decoding=\"async\" class=\"size-medium wp-image-326618 alignleft\" src=\"https:\/\/www.radiopiu.net\/wordpress\/wp-content\/uploads\/2023\/03\/GIAU-300x300.jpg\" alt=\"\" width=\"300\" height=\"300\" srcset=\"https:\/\/www.radiopiu.net\/wordpress\/wp-content\/uploads\/2023\/03\/GIAU-300x300.jpg 300w, https:\/\/www.radiopiu.net\/wordpress\/wp-content\/uploads\/2023\/03\/GIAU-1024x1024.jpg 1024w, https:\/\/www.radiopiu.net\/wordpress\/wp-content\/uploads\/2023\/03\/GIAU-150x150.jpg 150w, https:\/\/www.radiopiu.net\/wordpress\/wp-content\/uploads\/2023\/03\/GIAU-768x768.jpg 768w, https:\/\/www.radiopiu.net\/wordpress\/wp-content\/uploads\/2023\/03\/GIAU.jpg 1280w\" sizes=\"auto, (max-width: 300px) 100vw, 300px\" \/><\/a><\/strong><\/span><\/h3>\n<h3 class=\"kvgmc6g5 cxmmr5t8 oygrvhab hcukyx3x c1et5uql\"><span style=\"color: #0000ff;\"><strong>RADIO PIU INFORMAZIONE il canale su TELEGRAM informazione di prima\u00a0 <\/strong><strong>mano e in tempo reale. iscriviti ed aiutaci a farlo conoscere\u00a0 \u00a0 \u00a0<\/strong><\/span><\/h3>\n<p>&nbsp;<\/p>\n<p>&nbsp;<\/p>\n<p><strong>LA NEVICATA AL GIAU, TELEGRAM VIABILITA&#8217; PROVINCIA DI BELLUNO<\/strong><\/p>\n<p>&nbsp;<\/p>\n<p>&nbsp;<\/p>\n<p>&nbsp;<\/p>\n<h2 style=\"text-align: left;\"><span style=\"color: #ff0000;\">ISCRIVITI AL NOSTRO CANALE YOUTUBE PER SEGUIRE IN DIRETTA I PRINCIPALI PROGRAMMI DI RADIO PIU&#8217; E LE FUTURE DIRETTE IN ESTERNA. PER ISCRIVERTI <a style=\"color: #ff0000;\" href=\"https:\/\/youtube.com\/@radiopiu1527\">CLICCA QUI<\/a> E PREMI IL TASTO &#8220;Iscriviti&#8221;\u00a0\u00a0<\/span><\/h2>\n<p>&nbsp;<\/p>\n<hr \/>\n<p>&nbsp;<\/p>\n<h2>INTERRUZIONI PROGRAMMATE BIM GSP<\/h2>\n<h2><span style=\"color: #0000ff;\">CANALE D&#8217;AGORDO<\/span> Oggi dalle 8:30 alle 17 verr\u00e0 sospesa l\u2019erogazione dell\u2019acqua\u00a0 in FRAZIONE FREGONA. Il personale addetto operer\u00e0 per limitare il pi\u00f9 possibile i disagi alla popolazione.<\/h2>\n<p>&nbsp;<\/p>\n<hr \/>\n<p>&nbsp;<\/p>\n<blockquote>\n<h3>NELLA NOTTE VIGILI DEL FUOCO A PASSO DURAN<\/h3>\n<\/blockquote>\n<p><strong>LA VALLE<\/strong>\u00a0 Ieri sera alle\u00a0 22.54 intervento dei vigili del fuoco lungo la\u00a0 S.p.347\u00a0 di passo Duran per caduta sassi sulla sede stradale\u00a0 al\u00a0 Km 41+100.\u00a0 I pompieri\u00a0 di\u00a0 Agordo hanno rimosso il masso. Sul posto anche personale Veneto strade. Nessun danno o persona coinvolta.<\/p>\n<p>&nbsp;<\/p>\n<hr \/>\n<p>&nbsp;<\/p>\n<blockquote>\n<h3>PAURA A SCUOLA<\/h3>\n<\/blockquote>\n<p><strong>BELLUNO<\/strong> Emergenza ieri alle 13 in Quartier Cadore. Un bimbo di 10 anni si \u00e8 sentito improvvisamente male, immediato l&#8217;intervento del 118 che ha portato il piccolo al Pronto Soccorso dove si \u00e8 fortunatamente ripreso. Fortunatamente nulla di grave.<\/p>\n<p>&nbsp;<\/p>\n<hr \/>\n<p>&nbsp;<\/p>\n<blockquote>\n<h3>ASSOLTO IN PROVINCIA, A VENEZIA FINISCE DIETRO LE SBARRE per lo stesso reato&#8230;<\/h3>\n<\/blockquote>\n<p><strong>VENEZIA<\/strong> \u00a0Davide Barresi, 54 anni, operatore socio-sanitario di Catania,\u00a0 \u00e8 stato arrestato per lo stesso reato per cui venne processato a Belluno: violenza sessuale nei confronti di una ospite della casa di riposo di Agordo.\u00a0 Le telecamere lo hanno ripreso per tre giorni mentre abusava di altrettante pazienti ospiti della casa di riposo &#8220;Monumento ai caduti&#8221; di San Don\u00e0 di Piave. Barresi, condannato a 5 anni dal Tribunale di Belluno\u00a0 venne assolto in appello con \u00abil fatto non sussiste\u00bb.<\/p>\n<p>&nbsp;<\/p>\n<p><span style=\"color: #ff0000;\">ARCHIVIO RADIOPIU 26 MAGGIO 2022<\/span><\/p>\n<blockquote>\n<h3>OSS ASSOLTO IN APPELLO, NON HA VIOLENTATO LA DISABILE<\/h3>\n<\/blockquote>\n<blockquote><p>Troppe versioni, spesso diverse. Il\u00a0 pubblico ministero\u00a0 Simone Marcon aveva chiesto il minimo della pena, 6 anni (massimo 12), il Tribunale aveva condannato l&#8217;Oss a cinque anni.<\/p><\/blockquote>\n<p><strong><a class=\"dt-pswp-item\" href=\"https:\/\/www.radiopiu.net\/wordpress\/wp-content\/uploads\/2021\/07\/gallery_H05050102.png\" data-dt-img-description=\"\" data-large_image_width=\"600\" data-large_image_height=\"600\"><img loading=\"lazy\" decoding=\"async\" class=\"size-thumbnail wp-image-219312 alignleft\" src=\"https:\/\/www.radiopiu.net\/wordpress\/wp-content\/uploads\/2021\/07\/gallery_H05050102-150x150.png\" alt=\"\" width=\"150\" height=\"150\" srcset=\"https:\/\/www.radiopiu.net\/wordpress\/wp-content\/uploads\/2021\/07\/gallery_H05050102-150x150.png 150w, https:\/\/www.radiopiu.net\/wordpress\/wp-content\/uploads\/2021\/07\/gallery_H05050102-300x300.png 300w, https:\/\/www.radiopiu.net\/wordpress\/wp-content\/uploads\/2021\/07\/gallery_H05050102.png 600w\" sizes=\"auto, (max-width: 150px) 100vw, 150px\" \/><\/a>AGORDO<\/strong> Davide Barresi, 52 anni, operatore socio sanitario nato a Catania dove oggi \u00e8 ritornato dopo l&#8217;esperienza lavorativa tra le Dolomiti,\u00a0 \u00e8 stato assolto nel giudizio di secondo grado perch\u00e9 &#8220;il fatto non sussiste&#8221;. Lavorava nella Rsa di Agordo e in primo grado era stato condannato a cinque anni di reclusione, all&#8217;interdizione perpetua dai pubblici uffici e al risarcimento danni di 5 mila euro.\u00a0 A Venezia il difensore Valentina Mazzucco ha ottenuto quello il Tribunale di Belluno le aveva negato. Tra tre mesi la motivazione della sentenza.\u00a0 La 75enne ospite della residenza sanitaria, con invalidit\u00e0 civile al 100 per cento, era stata ascoltata durante le indagini preliminari, in incidente probatorio, e aveva raccontato quello che le sarebbe successo nel luglio 2018: apprezzamenti,\u00a0 palpeggiamenti nello scantinato. In un&#8217;altra occasione la donna aveva parlato anche dell&#8217;operatore denudatosi e dopo un mese ne avrebbe parlato con le assistenti sociali.<\/p>\n<p>&nbsp;<\/p>\n<hr \/>\n<p>&nbsp;<\/p>\n<blockquote>\n<h2>CIAO DAIANA,\u00a0 LE LACRIME DI DUE COMUNITA&#8217;, L&#8217;ABBRACCIO ALLA FAMIGLIA<\/h2>\n<\/blockquote>\n<blockquote>\n<h2><img decoding=\"async\" src=\"https:\/\/www.radiopiu.net\/wordpress\/wp-content\/uploads\/2023\/03\/Senza-nome-48.jpg\" \/><\/h2>\n<\/blockquote>\n<p><strong>SELVA DI CADORE<\/strong><\/p>\n<p><strong>DI GIANNI SANTOMASO\u00a0<\/strong><\/p>\n<audio class=\"wp-audio-shortcode\" id=\"audio-326467-1\" preload=\"none\" style=\"width: 100%;\" controls=\"controls\"><source type=\"audio\/mpeg\" src=\"https:\/\/www.radiopiu.net\/wordpress\/wp-content\/uploads\/2023\/03\/FUNERALI-DAIANA.mp3?_=1\" \/><a href=\"https:\/\/www.radiopiu.net\/wordpress\/wp-content\/uploads\/2023\/03\/FUNERALI-DAIANA.mp3\">https:\/\/www.radiopiu.net\/wordpress\/wp-content\/uploads\/2023\/03\/FUNERALI-DAIANA.mp3<\/a><\/audio>\n<p>&nbsp;<\/p>\n<hr \/>\n<blockquote>\n<h3>MARMOLADA NON CAMBIA NULLA, RESPINTI I RICORSI DELLA REGIONE VENETO E CANAZEI<\/h3>\n<\/blockquote>\n<p><strong><img loading=\"lazy\" decoding=\"async\" class=\"alignleft\" src=\"https:\/\/www.radiopiu.net\/wordpress\/wp-content\/uploads\/2022\/12\/Marmolada_sci-scaled.jpg\" width=\"293\" height=\"165\" \/>ROCCA PIETORE_ROMA<\/strong> E&#8217; corretta l&#8217;operazione di tracciamento del confine amminitrativo tra i comuni di Canazei (Trento) e Rocca Pietore\u00a0 in Marmolada. L&#8217;ha deciso il Tar del Lazio con una sentenza nella quale ha riunito le motivazioni sui ricorsi proposti dal comune di Canazei e dalla regione Veneto. La linea di confine tra i due comuni veneti \u00e8 stata al centro di una lunghissima vicenda giudiziale iniziata nel 1973, Canazei propose ricorso chiedendo la rettifica dei confini di modo da far ricomprendere l&#8217;intero ghiacciaio della Marmolada nel proprio territorio. Un decreto presidenziale del 1982, su parere conforme del Consiglio di Stato, riconobbe come il confine andasse rettificato, \u00a0fu impugnato davanti al Tar; il ricorso fu respinto, con una pronuncia poi confermata in appello.<\/p>\n<p><strong>IL SINDACO DI ROCCA PIETORE, ANDREA DE BERNARDIN<em> &#8220;Il confine in alto passa sopra le due stazioni di punta Rocca che\u00a0 rimangono in Veneto. Almeno questo&#8221;<\/em><\/strong><\/p>\n<audio class=\"wp-audio-shortcode\" id=\"audio-326467-2\" preload=\"none\" style=\"width: 100%;\" controls=\"controls\"><source type=\"audio\/mpeg\" src=\"https:\/\/www.radiopiu.net\/wordpress\/wp-content\/uploads\/2023\/03\/ROCCA-PIETORE-ANDREA-MARMOALDA.mp3?_=2\" \/><a href=\"https:\/\/www.radiopiu.net\/wordpress\/wp-content\/uploads\/2023\/03\/ROCCA-PIETORE-ANDREA-MARMOALDA.mp3\">https:\/\/www.radiopiu.net\/wordpress\/wp-content\/uploads\/2023\/03\/ROCCA-PIETORE-ANDREA-MARMOALDA.mp3<\/a><\/audio>\n<p>&nbsp;<\/p>\n<p>&nbsp;<\/p>\n<hr \/>\n<p>&nbsp;<\/p>\n<blockquote>\n<h3>DIMISSIONARIA LA FIGLIA DELL&#8217;ASSESSORE, TRAVOLTA DALLE CRITICHE<\/h3>\n<\/blockquote>\n<p><em>Le minoranze avevano presentato l&#8217;interrogazione al sindaco<\/em><\/p>\n<p><strong><a class=\"dt-pswp-item\" href=\"https:\/\/www.radiopiu.net\/wordpress\/wp-content\/uploads\/2023\/03\/Senza-nome-49.jpg\" data-dt-img-description=\"\" data-large_image_width=\"482\" data-large_image_height=\"309\"><img loading=\"lazy\" decoding=\"async\" class=\"size-medium wp-image-326610 alignleft\" src=\"https:\/\/www.radiopiu.net\/wordpress\/wp-content\/uploads\/2023\/03\/Senza-nome-49-300x192.jpg\" alt=\"\" width=\"300\" height=\"192\" srcset=\"https:\/\/www.radiopiu.net\/wordpress\/wp-content\/uploads\/2023\/03\/Senza-nome-49-300x192.jpg 300w, https:\/\/www.radiopiu.net\/wordpress\/wp-content\/uploads\/2023\/03\/Senza-nome-49.jpg 482w\" sizes=\"auto, (max-width: 300px) 100vw, 300px\" \/><\/a>CORTINA<\/strong> Helene Ghezze, figlia dell&#8217;assessore esterno del Comune di Cortina Stefano Ghezze, si \u00e8 dimessa dal consiglio di amministrazione di Valpe Ambiente. Lo ha reso noto ieri, puntualizzando che <em>\u00abnon \u00e8 certo per motivazioni legate ad una presunta illegittimit\u00e0 o inopportunit\u00e0 della mia nomina, che non sussistono minimamente, quanto piuttosto i fastidi subiti nelle ultime ore provenienti da pi\u00f9 parti, che poco hanno a che vedere con la politica e la componente amministrativa della comunit\u00e0 ampezzana\u00bb<\/em>.Il caso \u00e8 emerso dopo che sul sito internet della societ\u00e0 che si occuper\u00e0 a breve della raccolta dei rifiuti per Cortina d&#8217;Ampezzo, di cui il Comune \u00e8 socio, \u00e8 emerso che la figlia dell&#8217;assessore, era stata nominata nel nuovo consiglio di amministrazione di Valpe Ambiente Srl con un compenso di 8000 euro all&#8217;anno lordi<\/p>\n<p>&nbsp;<\/p>\n<p>&nbsp;<\/p>\n<hr \/>\n<p>&nbsp;<\/p>\n<blockquote>\n<h3>IMBARAZZI A TAIBON. FERMATI ALLO STOP! QUALE STOP?<\/h3>\n<\/blockquote>\n<p><strong>TAIBON<\/strong> Riceviamo e volentieri pubblichiamo la segnalazione da un utente delle strade. Siamo a Taibon, all&#8217;incrocio tra la strada che porta verso il\u00a0 centro e quella senza diritto di precedenza che porta in paese dalla zona industriale di Agordo (Ponte Brugnach-Valcozzena). Quindi difronte all&#8217;ex Municipio, per chi \u00e8 della zona semplicemente \u00a0&#8220;Col De La Mola&#8221;. Come si evince dalla foto manca la segnaletica sia orizzontale che verticale, una volta era ben segnalato. E&#8217; un punto pericoloso e stretto del centro di Taibon, sempre molto trafficato. Fino ad ora nessun incidente, altrimenti le contestazioni non sarebbero mancate. Immaginiamo anche l&#8217;imbarazzo dello studente di scuola guida sotto esame, una volta a Taibon non potr\u00e0 che chiedersi quale sia la strada principale&#8230;e incrociare le dita<\/p>\n\n\t\t\t<style type='text\/css'>\n\t\t\t\t#gallery-1 {\n\t\t\t\t\tmargin: auto;\n\t\t\t\t}\n\t\t\t\t#gallery-1 .gallery-item {\n\t\t\t\t\tfloat: left;\n\t\t\t\t\tmargin-top: 10px;\n\t\t\t\t\ttext-align: center;\n\t\t\t\t\twidth: 100%;\n\t\t\t\t}\n\t\t\t\t#gallery-1 img {\n\t\t\t\t\tborder: 2px solid #cfcfcf;\n\t\t\t\t}\n\t\t\t\t#gallery-1 .gallery-caption {\n\t\t\t\t\tmargin-left: 0;\n\t\t\t\t}\n\t\t\t\t\/* see gallery_shortcode() in wp-includes\/media.php *\/\n\t\t\t<\/style>\n\t\t<div id='gallery-1' class='dt-gallery-container gallery galleryid-326467 gallery-columns-1 gallery-size-medium'><dl class='gallery-item'>\n\t\t\t\t<dt class='gallery-icon landscape'>\n\t\t\t\t\t<a class=\"rollover rollover-zoom dt-pswp-item\" title=\"stop taibon\" data-dt-img-description=\"\" data-large_image_width=\"1499\" data-large_image_height=\"940\"href='https:\/\/www.radiopiu.net\/wordpress\/wp-content\/uploads\/2023\/03\/stop-taibon.jpg'><img loading=\"lazy\" decoding=\"async\" width=\"300\" height=\"188\" src=\"https:\/\/www.radiopiu.net\/wordpress\/wp-content\/uploads\/2023\/03\/stop-taibon-300x188.jpg\" class=\"attachment-medium size-medium\" alt=\"\" srcset=\"https:\/\/www.radiopiu.net\/wordpress\/wp-content\/uploads\/2023\/03\/stop-taibon-300x188.jpg 300w, https:\/\/www.radiopiu.net\/wordpress\/wp-content\/uploads\/2023\/03\/stop-taibon-1024x642.jpg 1024w, https:\/\/www.radiopiu.net\/wordpress\/wp-content\/uploads\/2023\/03\/stop-taibon-768x482.jpg 768w, https:\/\/www.radiopiu.net\/wordpress\/wp-content\/uploads\/2023\/03\/stop-taibon.jpg 1499w\" sizes=\"auto, (max-width: 300px) 100vw, 300px\" \/><\/a>\n\t\t\t\t<\/dt><\/dl><br style=\"clear: both\" \/>\n\t\t\t<\/div>\n\n<p>&nbsp;<\/p>\n<hr \/>\n<p>&nbsp;<\/p>\n<blockquote>\n<h3>TRAVOLSE UN CICLISTA IN SORPASSO: PROSCIOLTO, FU COLTO DA MALORE<\/h3>\n<\/blockquote>\n<p><strong>OGGI SUL CORRIERE DELLE ALPI<\/strong><\/p>\n<p><strong>DI GIGI SOSSO<\/strong><\/p>\n<p><strong><img loading=\"lazy\" decoding=\"async\" class=\"alignleft\" src=\"https:\/\/www.radiopiu.net\/wordpress\/wp-content\/uploads\/2020\/01\/La-Mora_CANALE-20190410-WA0007.jpeg\" width=\"134\" height=\"179\" \/>CANALE D&#8217;AGORDO<\/strong> Malore alla guida e investe un ciclista. Sentenza di non doversi procedere per lesioni stradali, perch\u00e9 l&#8217;automobilista A.D.M. soffre di una certa patologia e il ferito non aveva presentato la querela, che con la riforma Cartabia \u00e8 diventata indispensabile. Il pubblico ministero Rossi non ha potuto che chiedere il proscioglimento, effettivamente pronunciato dal giudice Berletti. Gli avvocati Mauro Gasperin e Monica Azzalini avevano presentato la documentazione necessaria certificare i problemi di salute del loro assistito. E l&#8217;assicurazione aveva provveduto al risarcimento danni per i 124 giorni di prognosi, salvo complicazioni: politrauma e fratture di clavicola e omero sinistri&#8230;. l&#8217;automobilista \u00e8 rimasto illeso, mentre il ciclista \u00e8 caduto rovinosamente, riportando traumi e due fratture.\u00a0 A.D.M. \u00e8 sembrato scosso e disorientato ai militari, ma era senz&#8217;altro sobrio, tanto \u00e8 vero che l&#8217;esame \u00e8 risultato negativo. Mentre il ferito ha ricevuto le prime cure dalla Croce Verde, prima del trasporto al vicino ospedale civile di Agordo.Il conducente ha spiegato di essere stato vittima di un malore, in quanto soffre di una certa malattia cronica, ma \u00e8 stato lo stesso portato in tribunale per lesioni stradali e mancata osservanza dell&#8217;articolo 148 del Codice della Strada, in quanto non si sarebbe accertato, in fase di sorpasso, della presenza di veicoli provenienti in senso contrario. Sentenza di non doversi procedere, anche perch\u00e9 agli atti non c&#8217;era la necessaria querela.<\/p>\n<p>&nbsp;<\/p>\n<hr \/>\n<p>&nbsp;<\/p>\n<div class=\"page-title-head hgroup\">\n<blockquote>\n<h3 class=\"entry-title\">TASSA SOGGIORNO, DE BERNARDIN \u201cSCELTE CONDIVISE CON I COMUNI CONTERMINI\u201d<\/h3>\n<\/blockquote>\n<\/div>\n<div class=\"page-title-breadcrumbs\">\n<blockquote><p><em>Minoranza\u00a0 solerte nell\u2019evidenziare l\u2019aumento destinato ai turisti ma non altrettanto nel ricordare che da\u00a0 14 anni Rocca ha le tasse pi\u00f9 basse in provincia<\/em><\/p><\/blockquote>\n<p>Riguardo la lettera inviata anche ai Media dai Consiglieri di Minoranza, Bassot, De Cassan e Del Grosso,rispondei il sindaco Andrea De Bernrdin .<\/p>\n<p><strong>IL SINDACO<\/strong><br \/>\n<img loading=\"lazy\" decoding=\"async\" class=\"alignleft\" src=\"https:\/\/www.radiopiu.net\/wordpress\/wp-content\/uploads\/2021\/06\/8554eb80-bb6e-4752-a6d3-57aff91a2903.jpg\" width=\"304\" height=\"405\" \/>La scelta di aumentare la tassa di soggiorno viene da ampie discussioni e valutazioni fatte con le Amministrazioni dei Comuni contermini (Livinallongo, Colle, Alleghe, Selva e Falcade) con le quali alla fine si sono scelte tariffe condivise, ritenendo che oramai, soprattutto all\u2019estero, \u00e8 prassi consolidata trovare la tassa di soggiorno pressoch\u00e9 ovunque e anche piuttosto cara. Ormai raramente i turisti la mettono in discussione al momento del pagamento del loro soggiorno. Sul fatto di essere stati colpiti pi\u00f9 degli altri cos\u00ec duramente dalla tempesta Vaia e di aver riportato ferite davvero notevoli che stiamo tentando di rimarginare, ritengo debba essere motivo ulteriore per ricordare al turista quanto questa piccola aggiunta giornaliera che va da 0,50 centesimi a 2,50 euro al giorno, a seconda di dove alloggiano, serve proprio anche ad aiutare il territorio a risollevarsi. Non \u00e8 corretto nemmeno dire che tutto \u00e8 distrutto perch\u00e9 affermarlo sarebbe ingiusto ,cattivo e non veritiero. Certo molto \u00e8 ancora da fare ma garantisco che molto ancora si far\u00e0. Ingenti contributi sono arrivati dalla Regione e devono essere gestiti con appalti e lavori spesso impantanati in una burocrazia che \u00e8 tipica del nostro Paese Italia e che tutti dovremmo ormai ben conoscere, soprattutto gli Amministratori. Per onest\u00e0 intellettuale bisognerebbe essere capaci di ricordare come eravamo ridotti a fine 2018 e riuscire ad essere sufficientemente obiettivi per confrontare (anche con fotografie alla mano) quanto \u00e8 stato sistemato e quanto, ripeto, si sta sistemando. Spiace vedere la Minoranza cos\u00ec solerte nell\u2019evidenziare l\u2019aumento destinato ai turisti e sottacere invece il fatto, ben pi\u00f9 importante a mio avviso,di come da ben 14 anni Rocca mantenga tassazioni fra le pi\u00f9 basse della Provincia. L\u2019Irpef ad esempio, Imposta sulle persone fisiche, in Comune a Rocca Pietore \u00e8 ancora allo 0,40 e, a parte un paio di Comuni, risulta la pi\u00f9 bassa in assoluto della nostra Provincia. Come hanno fatto recentissimamente altri Comuni, per riuscire a chiudere il bilancio, avremmo potuto anche noi raddoppiare l\u2019aliquota, con buona pace di tutti, colpendo i nostri residenti e incassando in un colpo solo quasi 70mila euro in pi\u00f9. Sottolineo che ad aiutarci a mantenere basse IMU e IRPEF negli anni, \u00e8 stata soprattutto la centralina comunale, fortemente voluta dalla prima mia amministrazione e altrettanto osteggiata dalla minoranza. Purtroppo negli ultimi tempi \u00e8 sotto gli occhi di tutti la carenza idrica che ci sta affliggendo e che ha ridotto all\u2019osso il rendimento dello stesso impianto comunale, rendendoci meno forti a livello di bilancio. Nonostante le evidenti difficolt\u00e0, siamo per\u00f2 riusciti persino ad aumentare il contributo ai nuovi nati e i contributi alle famiglie per il trasporto e l\u2019alloggio fuori casa degli studenti, ad offrire servizi importanti ai nostri bambini sia delle materne che delle primarie, non ultimi l\u2019insegnamento del tedesco e dell\u2019inglese, a tenere l\u2019Irpef e l\u2019Imu, lo ribadisco, fra le pi\u00f9 basse. Sarebbe bello che la gente evidenziasse le criticit\u00e0 ma anche quanto di buono viene fatto. Altrimenti restano cose da campagna elettorale, la quale peraltro per la minoranza \u00e8 gi\u00e0 evidentemente iniziata.<\/p>\n<p>&nbsp;<\/p>\n<p>&nbsp;<\/p>\n<blockquote>\n<h3>TASSA DI SOGGIORNO, FARENZENA &#8220;UNIFORMARSI AGLI ALTRI NON E&#8217; UNA GIUSTIFICAZIONE&#8221;<\/h3>\n<\/blockquote>\n<p><strong>ROCCA PIETORE<\/strong> Sull&#8217;aumento della tassa di soggiorno interviene anche la presidente del consorzio operatori turistici.<\/p>\n<p>&nbsp;<\/p>\n<p><strong>di Lucia Farenzena<\/strong><br \/>\n<strong>Presidente Consorzio Turistico Marmolada<\/strong><\/p>\n<p><img loading=\"lazy\" decoding=\"async\" class=\"alignleft\" src=\"https:\/\/www.radiopiu.net\/wordpress\/wp-content\/uploads\/2022\/06\/rocca5.webp\" width=\"295\" height=\"166\" \/>Il fatto di aver determinato un aumento dell\u2019imposta di soggiorno non \u00e8 stato ben recepito dagli Operatori, per le medesime motivazioni che il Gruppo guidato da De Cassan ha elencato, e, non \u00e8 una questione di campagna elettorale, \u00e8 una questione di obiettivit\u00e0 e di realismo. Avere un territorio curato, non \u00e8 solo un ottimo biglietto da visita per l\u2019Ospite, ma anche per chi ci vive. Il punto non \u00e8 l\u2019aumento, il punto \u00e8 l\u2019aumento senza una programmazione al seguito che lo giustifichi che non sia il solito elenco trito e ritrito che ormai sappiamo tutti a memoria. Chiedere un importo aumentato a fronte del poco ordine in cui versa in territorio, non lo troviamo corretto, semplicemente per il fatto che uniformarsi agli altri non \u00e8 una giustificazione. L\u2019imposta di soggiorno ha il fine di fornire i servizi al comparto turistico, e l\u2019ordine del territorio \u00e8 uno dei punti cardine per tutti. Siamo noi di fronte alle persone che riscuotiamo, e non si chiede molto se non aree verdi curate, marciapiedi curati, cose che ho gi\u00e0 detto e sono anche queste passate per campagna elettorale. Il tutto \u00e8 determinato dall\u2019assenza di dialogo e dal non ascolto delle proposte, che non sono critiche da campagna elettorale, ma suggerimenti per vivere tutti meglio, residenti e turisti.<\/p>\n<p>&nbsp;<\/p>\n<p>&nbsp;<\/p>\n<p>&nbsp;<\/p>\n<blockquote>\n<h3>L&#8217;ALTRO IERI ALLA RADIO<\/h3>\n<h3>DOPO L&#8217;AUMENTO DELLE TARIFFE DELLA TASSA DI SOGGIORNO, LA MINORANZA DI ROCCA PIETORE SCRIVE AL SINDACO<\/h3>\n<\/blockquote>\n<p><strong><a class=\"dt-pswp-item\" href=\"https:\/\/www.radiopiu.net\/wordpress\/wp-content\/uploads\/2020\/04\/ROCCA-PIETORE.png\" data-dt-img-description=\"\" data-large_image_width=\"712\" data-large_image_height=\"410\"><img loading=\"lazy\" decoding=\"async\" class=\" wp-image-127376 alignleft\" src=\"https:\/\/www.radiopiu.net\/wordpress\/wp-content\/uploads\/2020\/04\/ROCCA-PIETORE-300x173.png\" alt=\"\" width=\"173\" height=\"100\" srcset=\"https:\/\/www.radiopiu.net\/wordpress\/wp-content\/uploads\/2020\/04\/ROCCA-PIETORE-300x173.png 300w, https:\/\/www.radiopiu.net\/wordpress\/wp-content\/uploads\/2020\/04\/ROCCA-PIETORE.png 712w\" sizes=\"auto, (max-width: 173px) 100vw, 173px\" \/><\/a>ROCCA PIETORE<\/strong> Nella seduta di giunta del 3 gennaio scorso, \u00e8 stato deciso l&#8217;aumento delle tariffe della tassa di soggiorno. La minoranza di Rocca Pietore \u00e8 preoccupata per la decisione ed ha deciso di scrivere al sindaco Andrea De Bernardin per esprimere la propria contrariet\u00e0.<\/p>\n<blockquote><p><em>Gli aumenti sono considerevoli: 1 euro in pi\u00f9 al giorno per gli alberghi da 3 stelle in su, mentre per le altre strutture ricettive si parla di un aumento del doppio, ora il costo sar\u00e0 di 1 euro al giorno a fronte dei vecchi 50 centesimi. Sono gli operatori turistici per\u00f2 a dover mettere la faccia davanti ai turisti e a dover loro imporre queste tariffe. Tariffe alte in confronto a ci\u00f2 che il territorio offre, parliamo di un territorio bellissimo ma in cui mancano troppi servizi per poter giustificare questo aumento della tassa di soggiorno. Il territorio dopo Vaia \u00e8 distrutto, ma siamo bene lontani dal ripristino: le aree picnic mancano o sono decadenti, i sentieri non sono segnalati e sono lasciati all&#8217;incuria, i marciapiedi sono distrutti da anni, le strade piene di buche e i Serrai, che hanno sempre attirato tanti visitatori, sono ancora chiusi con grande imbarazzo degli operatori turistici che si sentono chiedere quotidianamente quale sia la data di apertura. I turisti notano queste carenze, si chiedono perch\u00e9 pagare per non ricevere niente in cambio e si domandano dove vadano a finire i soldi della tassa di soggiorno. I costi sempre pi\u00f9 alti di quest&#8217;ultima non li invoglieranno sicuramente a tornare da noi. Ci chiediamo se per la Giunta i turisti siano un salvadanaio da spremere o se sanno che il turismo \u00e8 la fonte principale di lavoro per gli abitanti del nostro comune. Non dobbiamo stupirci se in futuro le presenze turistiche nel nostro comune diminuiranno.\u00a0<\/em><\/p>\n<p><em>I consiglieri di minoranza Omar Bassot, Maurizio De Cassan, Erica Delgrosso<\/em><\/p><\/blockquote>\n<p>&nbsp;<\/p>\n<\/div>\n<p>&nbsp;<\/p>\n<p>&nbsp;<\/p>\n<hr \/>\n<p>&nbsp;<\/p>\n<blockquote>\n<h3>BOSTRICO. LA REGIONE DEL VENETO ORGANIZZA UNA SERIE DI INCONTRI DI INFORMAZIONE INSIEME ALL\u2019UNIVERSIT\u00c0 DI PADOVA E VENETO AGRICOLTURA. DOMANI AD AGORDO<\/h3>\n<\/blockquote>\n<p><strong><a class=\"dt-pswp-item\" href=\"https:\/\/www.radiopiu.net\/wordpress\/wp-content\/uploads\/2022\/07\/BOSTRICO-150x150-1.jpg\" data-dt-img-description=\"\" data-large_image_width=\"150\" data-large_image_height=\"150\"><img loading=\"lazy\" decoding=\"async\" class=\" wp-image-286975 alignleft\" src=\"https:\/\/www.radiopiu.net\/wordpress\/wp-content\/uploads\/2022\/07\/BOSTRICO-150x150-1.jpg\" alt=\"\" width=\"106\" height=\"106\" \/><\/a>VENEZIA <\/strong>Gli schianti causati dalla tempesta Vaia hanno determinato le condizioni ideali per lo sviluppo e la diffusione del bostrico tipografo, un coleottero che si sviluppa scavando articolate gallerie sotto la corteccia di abeti rossi indeboliti, portando gli alberi al completo disseccamento. Nonostante gli interventi attivati, questa infestazione si sta espandendo in modo allarmante nelle vallate alpine, comprese quelle della montagna veneta. La Regione del Veneto, in collaborazione con l\u2019Universit\u00e0 di Padova e Veneto Agricoltura, organizza una serie di incontri di informazione e confronto con le Amministrazioni locali, i portatori di interesse, i tecnici e i cittadini rispetto ad un fenomeno che interessa da vicino le comunit\u00e0 locali. Domani ad Agordo, sala convegni Don Tamis alle 16:00<\/p>\n<p>&nbsp;<\/p>\n<hr \/>\n<p>&nbsp;<\/p>\n<blockquote>\n<h3>ALTVELOX CONTRO LO SCOUTSPEED<\/h3>\n<\/blockquote>\n<p><b>FELTRE <\/b>Il comune di Feltre ha annunciato che entrer\u00e0 in servizio un nuovo autovelox per punire coloro che non rispettano il codice della strada. L&#8217;assessore alla Polizia Locale Alberto Curto ha precisato che non servir\u00e0 per non fare cassa ma per la sicurezza stradale. Non \u00e8 della stessa opinione l&#8217;associazione Altvelox. <em>&#8220;Infatti i trascorsi pregressi ma anche quelli recenti della Polizia Locale di Feltre, non ci offrono le speranze che questo possa realmente avvenire. Ricordiamo che l&#8217;Amministrazione di Feltre era stata condannata gi\u00e0 nel 2017 dal Tribunale di Belluno, per aver &#8220;nascosto&#8221; lo <u class=\"_3zM-5\">scout speed<\/u><u class=\"_3zM-5\"> (l&#8217;autovelox installato sulle auto di servizio)<\/u>. prassi vietata e dichiarata illegittima anche da una recente sentenza della Cassazione di cui ne avevevamo parlato lo scorso gennaio 2023&#8243;<\/em> dicono gli avvocati di Altvelox. Intanto sul sito altvelox.it, sono state pubblicate delle foto e un video che ritraggono gli agenti della Polizia Locale impegnati nei controlli sulle strade che secondo l&#8217;associazione non sono in regola. <em>&#8220;Nei prossimi giorni &#8211; dicono da Altvelox &#8211; depositeremo l&#8217;ennesimo esposto alla Procura della Repubblica di Belluno per porre all&#8217;attenzione del Procuratore anche questo episodio di mala gestione pubblica siamo curiosi alla luce delle pregresse condanne cosa ci potr\u00e0 dire&#8221;.<\/em><\/p>\n<p>&nbsp;<\/p>\n<hr \/>\n<p>&nbsp;<\/p>\n<blockquote>\n<h3>UN CAMPO SINTETICO A CAVARZANO, CONSEGNATO LO STUDIO PRELIMINARE<\/h3>\n<\/blockquote>\n<p>&nbsp;<\/p>\n<p><strong><img loading=\"lazy\" decoding=\"async\" class=\"alignleft\" src=\"https:\/\/www.radiopiu.net\/wordpress\/wp-content\/uploads\/2023\/03\/e09922b8-380e-43c2-a124-c323dd23eb45.jpg\" width=\"223\" height=\"167\" \/>BELLUNO\u00a0<\/strong>Un campo da calcio in erba sintetica a Cavarzano: questa l&#8217;idea del Cavarzano Oltrardo Limana che ha consegnato a Palazzo Rosso lo studio preliminare per l&#8217;intervento.<\/p>\n<p><strong>di DANIELE DALVIT<\/strong><\/p>\n<audio class=\"wp-audio-shortcode\" id=\"audio-326467-3\" preload=\"none\" style=\"width: 100%;\" controls=\"controls\"><source type=\"audio\/mpeg\" src=\"https:\/\/www.radiopiu.net\/wordpress\/wp-content\/uploads\/2023\/03\/daniele-cavarzano.mp3?_=3\" \/><a href=\"https:\/\/www.radiopiu.net\/wordpress\/wp-content\/uploads\/2023\/03\/daniele-cavarzano.mp3\">https:\/\/www.radiopiu.net\/wordpress\/wp-content\/uploads\/2023\/03\/daniele-cavarzano.mp3<\/a><\/audio>\n<p>&nbsp;<\/p>\n<p>&nbsp;<\/p>\n<hr \/>\n<p>&nbsp;<\/p>\n<blockquote>\n<h3>NEUROLOGIA FELTRINA A RISCHIO, ZANONI &#8220;VERSO LA CHIUSURA? INACCETTABILE&#8221;<\/h3>\n<\/blockquote>\n<p><strong>VENEZIA<\/strong> Feltre, reparto Neurologia verso chiusura. Bigon, Zanoni e Zottis (PD): \u201cIpotesi inaccettabile. Vanno messe in campo politiche di investimento, altro che medici a gettone\u201d. <em>\u201cSacrificare un reparto, mettendo a rischio sanitario tanti cittadini non \u00e8 accettabile. Con la prospettiva di chiusura del reparto di Neurologia dell\u2019ospedale di Feltre si va in direzione opposta a quella del potenziamento delle zone con maggiori problematiche di carattere logistico come ad esempio sono le province montane. Avanti di questo passo diventer\u00e0 inutile anche indire i concorsi, visto che ormai i livelli economici e le possibilit\u00e0 di carriere per i medici che lavorano nel pubblico sono praticamente azzerati. Il tutto a danno dei cittadini, in un corto circuito che porta alla chiusura di reparti e servizi sul territorio\u201d.<\/em><\/p>\n<p>&nbsp;<\/p>\n<hr \/>\n<p>&nbsp;<\/p>\n<p>&nbsp;<\/p>\n<blockquote>\n<h3><a class=\"dt-pswp-item\" href=\"https:\/\/www.radiopiu.net\/wordpress\/wp-content\/uploads\/2022\/03\/LIBERA-MAFIE.png\" data-dt-img-description=\"\" data-large_image_width=\"860\" data-large_image_height=\"756\"><img loading=\"lazy\" decoding=\"async\" class=\"wp-image-267115 alignleft\" src=\"https:\/\/www.radiopiu.net\/wordpress\/wp-content\/uploads\/2022\/03\/LIBERA-MAFIE-300x264.png\" alt=\"\" width=\"140\" height=\"123\" \/><\/a>LIBERA CHIAMA, 28^ GIORNATA DELLA MEMORIA E DELL&#8217;IMPEGNO. <strong>DA LUNEDI ALLA RADIO\u00a0<\/strong><\/h3>\n<p><strong>DI LIANA CAVALET<\/strong><\/p><\/blockquote>\n<audio class=\"wp-audio-shortcode\" id=\"audio-326467-4\" preload=\"none\" style=\"width: 100%;\" controls=\"controls\"><source type=\"audio\/mpeg\" src=\"https:\/\/www.radiopiu.net\/wordpress\/wp-content\/uploads\/2023\/03\/LIANA-CAVA.mp3?_=4\" \/><a href=\"https:\/\/www.radiopiu.net\/wordpress\/wp-content\/uploads\/2023\/03\/LIANA-CAVA.mp3\">https:\/\/www.radiopiu.net\/wordpress\/wp-content\/uploads\/2023\/03\/LIANA-CAVA.mp3<\/a><\/audio>\n<p>&nbsp;<\/p>\n<p>&nbsp;<\/p>\n<hr \/>\n<p>&nbsp;<\/p>\n<blockquote>\n<h3>UN CHILOMETRO AL GIORNO, PROMOZIONE ALLA SALUTE<\/h3>\n<\/blockquote>\n<p><img loading=\"lazy\" decoding=\"async\" class=\"alignleft\" src=\"https:\/\/www.radiopiu.net\/wordpress\/wp-content\/uploads\/2023\/03\/0b9a6dbf-75e2-4f8d-af1e-106c41cab355.jpg\" width=\"209\" height=\"139\" \/><strong>FELTRE<\/strong><\/p>\n<p><strong>DI MORENO GIOLI<\/strong><\/p>\n<p>&nbsp;<\/p>\n<audio class=\"wp-audio-shortcode\" id=\"audio-326467-5\" preload=\"none\" style=\"width: 100%;\" controls=\"controls\"><source type=\"audio\/mpeg\" src=\"https:\/\/www.radiopiu.net\/wordpress\/wp-content\/uploads\/2023\/03\/1-km-giorno-feltre.mp3?_=5\" \/><a href=\"https:\/\/www.radiopiu.net\/wordpress\/wp-content\/uploads\/2023\/03\/1-km-giorno-feltre.mp3\">https:\/\/www.radiopiu.net\/wordpress\/wp-content\/uploads\/2023\/03\/1-km-giorno-feltre.mp3<\/a><\/audio>\n<p>&nbsp;<\/p>\n<p>&nbsp;<\/p>\n<p>&nbsp;<\/p>\n<hr \/>\n<p>&nbsp;<\/p>\n<p><strong>di Tiziano De Col<\/strong><\/p>\n\n\t\t\t<style type='text\/css'>\n\t\t\t\t#gallery-2 {\n\t\t\t\t\tmargin: auto;\n\t\t\t\t}\n\t\t\t\t#gallery-2 .gallery-item {\n\t\t\t\t\tfloat: left;\n\t\t\t\t\tmargin-top: 10px;\n\t\t\t\t\ttext-align: center;\n\t\t\t\t\twidth: 20%;\n\t\t\t\t}\n\t\t\t\t#gallery-2 img {\n\t\t\t\t\tborder: 2px solid #cfcfcf;\n\t\t\t\t}\n\t\t\t\t#gallery-2 .gallery-caption {\n\t\t\t\t\tmargin-left: 0;\n\t\t\t\t}\n\t\t\t\t\/* see gallery_shortcode() in wp-includes\/media.php *\/\n\t\t\t<\/style>\n\t\t<div id='gallery-2' class='dt-gallery-container gallery galleryid-326467 gallery-columns-5 gallery-size-thumbnail'><dl class='gallery-item'>\n\t\t\t\t<dt class='gallery-icon landscape'>\n\t\t\t\t\t<a class=\"rollover rollover-zoom dt-pswp-item\" title=\"d9206549-f09b-466e-90d7-5d59d5a715c3\" data-dt-img-description=\"\" data-large_image_width=\"594\" data-large_image_height=\"348\"href='https:\/\/www.radiopiu.net\/wordpress\/wp-content\/uploads\/2023\/03\/d9206549-f09b-466e-90d7-5d59d5a715c3.jpg'><img loading=\"lazy\" decoding=\"async\" width=\"150\" height=\"150\" src=\"https:\/\/www.radiopiu.net\/wordpress\/wp-content\/uploads\/2023\/03\/d9206549-f09b-466e-90d7-5d59d5a715c3-150x150.jpg\" class=\"attachment-thumbnail size-thumbnail\" alt=\"\" \/><\/a>\n\t\t\t\t<\/dt><\/dl><dl class='gallery-item'>\n\t\t\t\t<dt class='gallery-icon landscape'>\n\t\t\t\t\t<a class=\"rollover rollover-zoom dt-pswp-item\" title=\"3529dc55-e728-4d2e-a46e-d656553e41ab\" data-dt-img-description=\"\" data-large_image_width=\"618\" data-large_image_height=\"363\"href='https:\/\/www.radiopiu.net\/wordpress\/wp-content\/uploads\/2023\/03\/3529dc55-e728-4d2e-a46e-d656553e41ab.jpg'><img loading=\"lazy\" decoding=\"async\" width=\"150\" height=\"150\" src=\"https:\/\/www.radiopiu.net\/wordpress\/wp-content\/uploads\/2023\/03\/3529dc55-e728-4d2e-a46e-d656553e41ab-150x150.jpg\" class=\"attachment-thumbnail size-thumbnail\" alt=\"\" \/><\/a>\n\t\t\t\t<\/dt><\/dl><dl class='gallery-item'>\n\t\t\t\t<dt class='gallery-icon landscape'>\n\t\t\t\t\t<a class=\"rollover rollover-zoom dt-pswp-item\" title=\"c219e496-9b06-4184-92bb-bd31f2fc613b\" data-dt-img-description=\"\" data-large_image_width=\"596\" data-large_image_height=\"346\"href='https:\/\/www.radiopiu.net\/wordpress\/wp-content\/uploads\/2023\/03\/c219e496-9b06-4184-92bb-bd31f2fc613b.jpg'><img loading=\"lazy\" decoding=\"async\" width=\"150\" height=\"150\" src=\"https:\/\/www.radiopiu.net\/wordpress\/wp-content\/uploads\/2023\/03\/c219e496-9b06-4184-92bb-bd31f2fc613b-150x150.jpg\" class=\"attachment-thumbnail size-thumbnail\" alt=\"\" \/><\/a>\n\t\t\t\t<\/dt><\/dl><dl class='gallery-item'>\n\t\t\t\t<dt class='gallery-icon landscape'>\n\t\t\t\t\t<a class=\"rollover rollover-zoom dt-pswp-item\" title=\"45532698-e5de-4177-aa88-7ac930531651\" data-dt-img-description=\"\" data-large_image_width=\"604\" data-large_image_height=\"357\"href='https:\/\/www.radiopiu.net\/wordpress\/wp-content\/uploads\/2023\/03\/45532698-e5de-4177-aa88-7ac930531651.jpg'><img loading=\"lazy\" decoding=\"async\" width=\"150\" height=\"150\" src=\"https:\/\/www.radiopiu.net\/wordpress\/wp-content\/uploads\/2023\/03\/45532698-e5de-4177-aa88-7ac930531651-150x150.jpg\" class=\"attachment-thumbnail size-thumbnail\" alt=\"\" \/><\/a>\n\t\t\t\t<\/dt><\/dl><dl class='gallery-item'>\n\t\t\t\t<dt class='gallery-icon landscape'>\n\t\t\t\t\t<a class=\"rollover rollover-zoom dt-pswp-item\" title=\"a0b4b127-f45e-46e7-bfd6-3f6a60b36a46\" data-dt-img-description=\"\" data-large_image_width=\"612\" data-large_image_height=\"355\"href='https:\/\/www.radiopiu.net\/wordpress\/wp-content\/uploads\/2023\/03\/a0b4b127-f45e-46e7-bfd6-3f6a60b36a46.jpg'><img loading=\"lazy\" decoding=\"async\" width=\"150\" height=\"150\" src=\"https:\/\/www.radiopiu.net\/wordpress\/wp-content\/uploads\/2023\/03\/a0b4b127-f45e-46e7-bfd6-3f6a60b36a46-150x150.jpg\" class=\"attachment-thumbnail size-thumbnail\" alt=\"\" \/><\/a>\n\t\t\t\t<\/dt><\/dl><br style=\"clear: both\" \/>\n\t\t\t<\/div>\n\n<p>&nbsp;<\/p>\n<hr \/>\n<p>&nbsp;<\/p>\n<blockquote>\n<h3><a class=\"dt-pswp-item\" href=\"https:\/\/www.radiopiu.net\/wordpress\/wp-content\/uploads\/2023\/01\/OCCHIO.jpg\" data-dt-img-description=\"\" data-large_image_width=\"1280\" data-large_image_height=\"720\"><img loading=\"lazy\" decoding=\"async\" class=\" wp-image-316407 alignleft\" src=\"https:\/\/www.radiopiu.net\/wordpress\/wp-content\/uploads\/2023\/01\/OCCHIO-300x169.jpg\" alt=\"\" width=\"188\" height=\"106\" srcset=\"https:\/\/www.radiopiu.net\/wordpress\/wp-content\/uploads\/2023\/01\/OCCHIO-300x169.jpg 300w, https:\/\/www.radiopiu.net\/wordpress\/wp-content\/uploads\/2023\/01\/OCCHIO-1024x576.jpg 1024w, https:\/\/www.radiopiu.net\/wordpress\/wp-content\/uploads\/2023\/01\/OCCHIO-768x432.jpg 768w, https:\/\/www.radiopiu.net\/wordpress\/wp-content\/uploads\/2023\/01\/OCCHIO.jpg 1280w\" sizes=\"auto, (max-width: 188px) 100vw, 188px\" \/><\/a>PARLIAMO DI GLAUCOMA: INCONTRO CON I CITTADINI<\/h3>\n<\/blockquote>\n<p><strong>BELLUNO <\/strong>In occasione della Settimana mondiale del Glaucoma, nell\u2019ambito della campagna di prevenzione organizzata dall\u2019Agenzia Internazionale Prevenzione della Cecit\u00e0 e in collaborazione con l\u2019Unione Italiana dei Ciechi e Ipovedenti di Belluno (UICI), l\u2019Ulss Dolomiti promuove un incontro di informazione e sensibilizzazione rivolto alla cittadinanza dedicato a <a class=\"dt-pswp-item\" href=\"https:\/\/www.radiopiu.net\/wordpress\/wp-content\/uploads\/2023\/03\/post-social-1200x1200-1.jpg\" data-dt-img-description=\"\" data-large_image_width=\"2500\" data-large_image_height=\"2500\"><img loading=\"lazy\" decoding=\"async\" class=\" wp-image-326388 alignright\" src=\"https:\/\/www.radiopiu.net\/wordpress\/wp-content\/uploads\/2023\/03\/post-social-1200x1200-1-300x300.jpg\" alt=\"\" width=\"184\" height=\"184\" srcset=\"https:\/\/www.radiopiu.net\/wordpress\/wp-content\/uploads\/2023\/03\/post-social-1200x1200-1-300x300.jpg 300w, https:\/\/www.radiopiu.net\/wordpress\/wp-content\/uploads\/2023\/03\/post-social-1200x1200-1-1024x1024.jpg 1024w, https:\/\/www.radiopiu.net\/wordpress\/wp-content\/uploads\/2023\/03\/post-social-1200x1200-1-150x150.jpg 150w, https:\/\/www.radiopiu.net\/wordpress\/wp-content\/uploads\/2023\/03\/post-social-1200x1200-1-768x768.jpg 768w, https:\/\/www.radiopiu.net\/wordpress\/wp-content\/uploads\/2023\/03\/post-social-1200x1200-1-1536x1536.jpg 1536w, https:\/\/www.radiopiu.net\/wordpress\/wp-content\/uploads\/2023\/03\/post-social-1200x1200-1-2048x2048.jpg 2048w\" sizes=\"auto, (max-width: 184px) 100vw, 184px\" \/><\/a>questa patologia. L\u2019incontro si terr\u00e0 sabato 18 marzo 2023 dalle 9.30 alle 12.30 nella Sala Riunioni dell\u2019Ospedale e sar\u00e0 tenuto dall\u2019equipe medica della Struttura Complessa di Oculistica dell\u2019ospedale San Martino. La partecipazione \u00e8 gratuita e ad accesso libero.<\/p>\n<p>Dal 12 al 18 marzo si celebra la \u201cSettimana mondiale del glaucoma\u201d, una patologia cronico-degenerativa che colpisce nel mondo milioni di persone e nei confronti della quale la prevenzione e la diagnosi precoce sono strumenti fondamentali per evitare di scoprirla quando ha gi\u00e0 prodotto danni alla visione. Nel mondo, secondo il \u201cWorld Report on Vision\u201d 2019 dell\u2019Organizzazione Mondiale della Sanit\u00e0 sono circa 64 milioni le persone nel mondo affette da glaucoma. Tra queste, 7 milioni hanno manifestato perdita della vista o cecit\u00e0.<\/p>\n<p>&nbsp;<\/p>\n<blockquote>\n<h3><em>\u00a0&#8230;E SABATO 25 LA CENA AL BUIO\u00a0<\/em><\/h3>\n<\/blockquote>\n<p><strong>BELLUNO<\/strong> L&#8217;Unione Italiana dei Ciechi e degli Ipovedenti di Belluno organizza per sabato 25 marzo alle 20 a Faller di Sovramonte la &#8220;cena al buio&#8221;,\u00a0 quando l&#8217;essenziale \u00e8 invisibile agli occhi, ma si puo&#8217; gustare ben pi\u00f9 di ci\u00f2 che si vede.\u00a0 Il costo dell&#8217;evento \u00e8 di\u00a0 45 euro a persona. Parte del ricavato verr\u00e0 impiegata per finanziare l&#8217;acquisto di un nuovo pulmino per il trasporto delle persone con disabilit\u00e0 visiva della provincia di Belluno a opera dei volontari U.N.I.Vo.C. Le iscrizioni sono aperte fino al 20 marzo Per iscrizioni0437 943413<\/p>\n<p>&nbsp;<\/p>\n<p>&nbsp;<\/p>\n<p>&nbsp;<\/p>\n<hr \/>\n<p>&nbsp;<\/p>\n<p>&nbsp;<\/p>\n<blockquote>\n<h3>DISTURBI DEL COMPORTAMENTO ALIMENTARE, L&#8217;OPEN DAY<\/h3>\n<\/blockquote>\n<p><em> <a class=\"dt-pswp-item\" href=\"https:\/\/www.radiopiu.net\/wordpress\/wp-content\/uploads\/2023\/03\/DEF_open-day-disturbi-comportamento-alimentare-3_page-0001-1.jpg\" data-dt-img-description=\"\" data-large_image_width=\"1241\" data-large_image_height=\"1755\"><img loading=\"lazy\" decoding=\"async\" class=\" wp-image-326560 alignleft\" src=\"https:\/\/www.radiopiu.net\/wordpress\/wp-content\/uploads\/2023\/03\/DEF_open-day-disturbi-comportamento-alimentare-3_page-0001-1-212x300.jpg\" alt=\"\" width=\"149\" height=\"211\" srcset=\"https:\/\/www.radiopiu.net\/wordpress\/wp-content\/uploads\/2023\/03\/DEF_open-day-disturbi-comportamento-alimentare-3_page-0001-1-212x300.jpg 212w, https:\/\/www.radiopiu.net\/wordpress\/wp-content\/uploads\/2023\/03\/DEF_open-day-disturbi-comportamento-alimentare-3_page-0001-1-724x1024.jpg 724w, https:\/\/www.radiopiu.net\/wordpress\/wp-content\/uploads\/2023\/03\/DEF_open-day-disturbi-comportamento-alimentare-3_page-0001-1-768x1086.jpg 768w, https:\/\/www.radiopiu.net\/wordpress\/wp-content\/uploads\/2023\/03\/DEF_open-day-disturbi-comportamento-alimentare-3_page-0001-1-1086x1536.jpg 1086w, https:\/\/www.radiopiu.net\/wordpress\/wp-content\/uploads\/2023\/03\/DEF_open-day-disturbi-comportamento-alimentare-3_page-0001-1.jpg 1241w\" sizes=\"auto, (max-width: 149px) 100vw, 149px\" \/><\/a>Obiettivo dell\u2019iniziativa \u00e8 offrire un\u2019occasione di confronto con gli esperti sulle caratteristiche e sulle conseguenze che i disturbi della nutrizione e dell\u2019alimentazione possono avere per la salute fisica e psicologica di chi ne soffre, sui primi segnali di allarme, su come affrontare la malattia e su come supportare la famiglia.<\/em><\/p>\n<p><strong>BELLUNO<\/strong>\u00a0 Sabato dalle 9 alle 12 L\u2019Ulss Dolomiti\u00a0 e l&#8217;associazione Margherita Fenice organizzano un Open Day dedicato ai Disturbi del Comportamento Alimentare negli ospedali di Feltre e Belluno.\u00a0Le \u00e9quipe multidisciplinari \u00a0e i volontari sono a disposizione dei cittadini per fornire informazioni e rispondere a dubbi sul tema.\u00a0 Per coloro che hanno difficolt\u00e0 a raggiungere le sedi, le \u00e9quipe e i volontari sono disponibili ad attivare un collegamento via Gmeet con la sede di Belluno o di Feltre con il singolo utente. Per richiedere il collegamento \u00e8 possibile scrivere una mail a comunicazione@aulss1.veneto.it.<\/p>\n<blockquote><p>Nel 2022 i due centri DCA di Belluno e Feltre hanno preso in carico in totale circa 221 pazienti, di cui 90 in et\u00e0 evolutiva (13-17 anni) e 131 in et\u00e0 adulta (18-60 anni, di cui 12 maschi e 99 femmine), con un aumento di circa il 20% rispetto al 2021.<\/p>\n<p>112 casi di anoressia nervosa, 31 casi di bulimia e 34 casi di binge-eating (disturbo da alimentazione incontrollata). Altri 44 casi riguardano, invece, altri tipi di disturbi dell\u2019alimentazione.<\/p>\n<p>A Belluno 7 persone hanno usufruito del pasto assistito per un totale di 373 pasti. Il ricovero ospedaliero si \u00e8 reso necessario per 4 utenti (2 nelle Pediatria e 2 nelle Medicine). I Percorsi di cura in strutture riabilitativa sono stati attivati per 4 persone.<\/p><\/blockquote>\n<p>&nbsp;<\/p>\n<p>&nbsp;<\/p>\n<hr \/>\n<p>&nbsp;<\/p>\n<p>&nbsp;<\/p>\n<blockquote>\n<h3>UN COLLAGE TRA GIRANDOLE DELL&#8217;INCLUSIONE<\/h3>\n<p><a class=\"dt-pswp-item\" href=\"https:\/\/www.radiopiu.net\/wordpress\/wp-content\/uploads\/2023\/03\/giornata-internazionale-della-sindrome-di-down.png\" data-dt-img-description=\"\" data-large_image_width=\"1587\" data-large_image_height=\"2245\"><img loading=\"lazy\" decoding=\"async\" class=\" wp-image-326395 alignleft\" src=\"https:\/\/www.radiopiu.net\/wordpress\/wp-content\/uploads\/2023\/03\/giornata-internazionale-della-sindrome-di-down-212x300.png\" alt=\"\" width=\"100\" height=\"142\" srcset=\"https:\/\/www.radiopiu.net\/wordpress\/wp-content\/uploads\/2023\/03\/giornata-internazionale-della-sindrome-di-down-212x300.png 212w, https:\/\/www.radiopiu.net\/wordpress\/wp-content\/uploads\/2023\/03\/giornata-internazionale-della-sindrome-di-down-724x1024.png 724w, https:\/\/www.radiopiu.net\/wordpress\/wp-content\/uploads\/2023\/03\/giornata-internazionale-della-sindrome-di-down-768x1086.png 768w, https:\/\/www.radiopiu.net\/wordpress\/wp-content\/uploads\/2023\/03\/giornata-internazionale-della-sindrome-di-down-1086x1536.png 1086w, https:\/\/www.radiopiu.net\/wordpress\/wp-content\/uploads\/2023\/03\/giornata-internazionale-della-sindrome-di-down-1448x2048.png 1448w, https:\/\/www.radiopiu.net\/wordpress\/wp-content\/uploads\/2023\/03\/giornata-internazionale-della-sindrome-di-down.png 1587w\" sizes=\"auto, (max-width: 100px) 100vw, 100px\" \/><\/a><\/p><\/blockquote>\n<p><strong>BELLUNO<\/strong> In occasione della Giornata Internazionale della Sindrome di Down, che ricorre il prossimo 21 marzo 2023, l\u2019Ulss Dolomiti, con i centri diurni di Pieve di Cadore, lancia l\u2019iniziativa \u201cFai girare l\u2019inclusione\u201d. Come partecipare? Crea una girandola, piccola o grande, colorata o in bianco e nero, con cartoncino, con il feltro, con materiali di recupero o con qualsiasi materiale; Esponila in giardino o al balcone; Scatta una foto, postala sui tuoi social con l\u2019#faigirarelinclusione e\/o inviala alla mail comunicazione@aulss1.veneto.it entro il 20 marzo 2023.\u00a0 Sar\u00e0 realizzato \u00a0un collage con le girandole dell\u2019inclusione che sar\u00e0 condiviso sui\u00a0 social.<\/p>\n<p>&nbsp;<\/p>\n<p>&nbsp;<\/p>\n<hr \/>\n<p>&nbsp;<\/p>\n<h3 style=\"text-align: center;\">ARRIVA A BELLUNO &#8220;CAMPERINCONTRIAMOCI&#8221;<\/h3>\n<p><strong>BELLUNO<\/strong><\/p>\n<p><strong>DI ROBERTO BONA<\/strong><\/p>\n<audio class=\"wp-audio-shortcode\" id=\"audio-326467-6\" preload=\"none\" style=\"width: 100%;\" controls=\"controls\"><source type=\"audio\/mpeg\" src=\"https:\/\/www.radiopiu.net\/wordpress\/wp-content\/uploads\/2023\/03\/CamperIncontriamoci.mp3?_=6\" \/><a href=\"https:\/\/www.radiopiu.net\/wordpress\/wp-content\/uploads\/2023\/03\/CamperIncontriamoci.mp3\">https:\/\/www.radiopiu.net\/wordpress\/wp-content\/uploads\/2023\/03\/CamperIncontriamoci.mp3<\/a><\/audio>\n<p>&nbsp;<\/p>\n<p><strong>Il Dottor Marcello Repele direttore urologia Belluno\u00a0 audio<\/strong><\/p>\n<audio class=\"wp-audio-shortcode\" id=\"audio-326467-7\" preload=\"none\" style=\"width: 100%;\" controls=\"controls\"><source type=\"audio\/mpeg\" src=\"https:\/\/www.radiopiu.net\/wordpress\/wp-content\/uploads\/2023\/03\/repelte.mp3?_=7\" \/><a href=\"https:\/\/www.radiopiu.net\/wordpress\/wp-content\/uploads\/2023\/03\/repelte.mp3\">https:\/\/www.radiopiu.net\/wordpress\/wp-content\/uploads\/2023\/03\/repelte.mp3<\/a><\/audio>\n<p>&nbsp;<\/p>\n<p><strong>Il Dottor Marcello Repele direttore urologia Belluno video<\/strong><\/p>\n<div style=\"width: 640px;\" class=\"wp-video\"><video class=\"wp-video-shortcode\" id=\"video-326467-1\" width=\"640\" height=\"352\" preload=\"metadata\" controls=\"controls\"><source type=\"video\/mp4\" src=\"https:\/\/www.radiopiu.net\/wordpress\/wp-content\/uploads\/2023\/03\/WhatsApp-Video-2023-03-14-at-16.43.00.mp4?_=1\" \/><a href=\"https:\/\/www.radiopiu.net\/wordpress\/wp-content\/uploads\/2023\/03\/WhatsApp-Video-2023-03-14-at-16.43.00.mp4\">https:\/\/www.radiopiu.net\/wordpress\/wp-content\/uploads\/2023\/03\/WhatsApp-Video-2023-03-14-at-16.43.00.mp4<\/a><\/video><\/div>\n<p>&nbsp;<\/p>\n<hr \/>\n<p>&nbsp;<\/p>\n<blockquote>\n<h3 class=\"entry-title\">LA PANCHINA DELLA POLEMICA. FUSARO \u201cSE QUALCUNO HA DA RIDIRE ANCHE SU QUESTO, NON SI SIEDA E TIRI DIRITTO\u201d.<\/h3>\n<\/blockquote>\n<p><strong><a class=\"dt-pswp-item\" href=\"https:\/\/www.radiopiu.net\/wordpress\/wp-content\/uploads\/2023\/03\/Panchina-via-Peschiera-scaled.jpg\" data-dt-img-description=\"\" data-large_image_width=\"2560\" data-large_image_height=\"1440\"><img loading=\"lazy\" decoding=\"async\" class=\"size-medium wp-image-326569 alignleft\" src=\"https:\/\/www.radiopiu.net\/wordpress\/wp-content\/uploads\/2023\/03\/Panchina-via-Peschiera-300x169.jpg\" alt=\"\" width=\"300\" height=\"169\" srcset=\"https:\/\/www.radiopiu.net\/wordpress\/wp-content\/uploads\/2023\/03\/Panchina-via-Peschiera-300x169.jpg 300w, https:\/\/www.radiopiu.net\/wordpress\/wp-content\/uploads\/2023\/03\/Panchina-via-Peschiera-1024x576.jpg 1024w, https:\/\/www.radiopiu.net\/wordpress\/wp-content\/uploads\/2023\/03\/Panchina-via-Peschiera-768x432.jpg 768w, https:\/\/www.radiopiu.net\/wordpress\/wp-content\/uploads\/2023\/03\/Panchina-via-Peschiera-1536x864.jpg 1536w, https:\/\/www.radiopiu.net\/wordpress\/wp-content\/uploads\/2023\/03\/Panchina-via-Peschiera-2048x1152.jpg 2048w\" sizes=\"auto, (max-width: 300px) 100vw, 300px\" \/><\/a>FELTRE<\/strong>\u00a0 Operai e tecnici del Servizio Manutenzioni del Comune di Feltre sono impegnati in questi giorni nel posizionamento di alcune nuove panchine rigenerate in altrettanti luoghi della citt\u00e0. Due di queste panchine ben sistemate, anche da chi era impegnato in lavori socialmente utili,\u00a0 sono state sistemate nell\u2019area della Torre del Campanon e del Castello di Alboino. Riguardo alla panchina posizionata in via Peschiera interviene anche il sindaco Viviana Fusaro: <em>\u201cSpiace constatare che qualcuno sia riuscito a strumentalizzare anche questa semplice iniziativa per fare delle polemiche sterili e totalmente fuori luogo. \u00a0Ho chiesto personalmente al Servizio Manutenzioni di posizionare quella panchina a seguito di numerose richieste pervenute da cittadini \u2013 soprattutto anziani -, residenti in zona e non solo, che utilizzano quella strada per spostarsi a piedi soprattutto in direzione del cimitero cittadino o del vicino supermercato e che necessitano di una sosta. Abbiamo cercato di farlo in tempi rapidi e a costo pressoch\u00e9 nullo. Se qualcuno trova da ridire anche su questo \u00e8 libero naturalmente di tirare dritto e non sedersi\u201d, conclude il sindaco Fusaro.<\/em><\/p>\n<p>&nbsp;<\/p>\n<p>&nbsp;<\/p>\n<hr \/>\n<p>&nbsp;<\/p>\n<blockquote>\n<h3>DIECI MILIONI A SOSTEGNO DELLA TRANSIZIONE ECOLOGICA<\/h3>\n<\/blockquote>\n<p><strong><a class=\"dt-pswp-item\" href=\"https:\/\/www.radiopiu.net\/wordpress\/wp-content\/uploads\/2023\/03\/foto4-scaled.jpg\" data-dt-img-description=\"\" data-large_image_width=\"2560\" data-large_image_height=\"1920\"><img loading=\"lazy\" decoding=\"async\" class=\" wp-image-326493 alignleft\" src=\"https:\/\/www.radiopiu.net\/wordpress\/wp-content\/uploads\/2023\/03\/foto4-300x225.jpg\" alt=\"\" width=\"183\" height=\"137\" srcset=\"https:\/\/www.radiopiu.net\/wordpress\/wp-content\/uploads\/2023\/03\/foto4-300x225.jpg 300w, https:\/\/www.radiopiu.net\/wordpress\/wp-content\/uploads\/2023\/03\/foto4-1024x768.jpg 1024w, https:\/\/www.radiopiu.net\/wordpress\/wp-content\/uploads\/2023\/03\/foto4-768x576.jpg 768w, https:\/\/www.radiopiu.net\/wordpress\/wp-content\/uploads\/2023\/03\/foto4-1536x1152.jpg 1536w, https:\/\/www.radiopiu.net\/wordpress\/wp-content\/uploads\/2023\/03\/foto4-2048x1536.jpg 2048w\" sizes=\"auto, (max-width: 183px) 100vw, 183px\" \/><\/a>MOENA <\/strong>Da Cassa Rurale Dolomiti nasce il progetto Green Way Dolomiti, un importante iniziativa per garantire un futuro sostenibile alle nuove generazioni. Un focus nato per promuovere e finanziare le attivit\u00e0 ed i progetti che mirano a ridurre l&#8217;impatto energetico sull\u2019ambiente e si concretizza con condizioni agevolate per finanziamenti destinati all\u2019acquisto di impianti fotovoltaici, termici, solari e geotermici, caldaie a condensazione, climatizzatori e quanto riguarda l\u2019isolamento termico come il cambio degli infissi e serramenti. I prodotti Dolomiti e-bike, Dolomiti Green Car e Dolomiti Recharge sono invece destinati all\u2019acquisto di e-bike, auto full eletric e per l\u2019installazione di colonnine per la ricarica. \u201cll progetto intende rafforzare un gi\u00e0 importante legame con il territorio; Cassa Rurale Dolomiti ha sempre avuto grande sensibilit\u00e0 per i suoi luoghi e conferma una tradizione che l&#8217;ha vista costantemente in prima fila negli aiuti ai territori. Coerenti alla natura di Banca di Credito Cooperativo, queste operazioni sostengono privati ed aziende, e vogliono rappresentare una leva strategica per garantire un futuro sostenibile alle nuove generazioni\u201d ha dichiarato il Presidente Carlo Vadagnini. &#8220;Vogliamo dare risposte veloci al territorio \u2013 conclude il Direttore Generale Ruggero Lucin &#8211; in considerazione della natura dell&#8217;intervento, Cassa Rurale Dolomiti ha voluto ridurre al minimo le formalit\u00e0 quale ulteriore agevolazione per un immediato accesso al credito e riserva ulteriori scontistiche ai suoi soci&#8221;.<\/p>\n<p>&nbsp;<\/p>\n<hr \/>\n<p>&nbsp;<\/p>\n<blockquote>\n<h3>ATTESTATI AGLI AGENTI DELLA POLIZIA LOCALE<\/h3>\n<\/blockquote>\n<p><a class=\"dt-pswp-item\" href=\"https:\/\/www.radiopiu.net\/wordpress\/wp-content\/uploads\/2023\/03\/Consegna-attestati-scaled.jpg\" data-dt-img-description=\"\" data-large_image_width=\"2560\" data-large_image_height=\"1920\"><img loading=\"lazy\" decoding=\"async\" class=\"alignnone wp-image-326508 size-full\" src=\"https:\/\/www.radiopiu.net\/wordpress\/wp-content\/uploads\/2023\/03\/Consegna-attestati-scaled.jpg\" alt=\"\" width=\"2560\" height=\"1920\" srcset=\"https:\/\/www.radiopiu.net\/wordpress\/wp-content\/uploads\/2023\/03\/Consegna-attestati-scaled.jpg 2560w, https:\/\/www.radiopiu.net\/wordpress\/wp-content\/uploads\/2023\/03\/Consegna-attestati-300x225.jpg 300w, https:\/\/www.radiopiu.net\/wordpress\/wp-content\/uploads\/2023\/03\/Consegna-attestati-1024x768.jpg 1024w, https:\/\/www.radiopiu.net\/wordpress\/wp-content\/uploads\/2023\/03\/Consegna-attestati-768x576.jpg 768w, https:\/\/www.radiopiu.net\/wordpress\/wp-content\/uploads\/2023\/03\/Consegna-attestati-1536x1152.jpg 1536w, https:\/\/www.radiopiu.net\/wordpress\/wp-content\/uploads\/2023\/03\/Consegna-attestati-2048x1536.jpg 2048w\" sizes=\"auto, (max-width: 2560px) 100vw, 2560px\" \/><\/a><\/p>\n<p><strong>BELLUNO<\/strong> Ieri cerimonia per la consegna degli attestati di encomio da parte del sindaco Oscar De Pellegrin,\u00a0 alla presenza del comandante della polizia locale Roberto Rossetti, Riconoscimento a 15 agenti del comando di Belluno che hanno maturato un lungo servizio e che, negli scorsi anni, si sono distinti nello svolgimento del proprio compito e nella lotta al Covid. <em>\u201cIstituiamo oggi questa cerimonia con l\u2019intenzione di renderla un appuntamento continuativo, una tradizione \u2013 commenta Rossetti -. Non sar\u00e0 un evento annuale, lo organizzeremo ogni volta ci saranno attestati da conferire e in occasione della Festa del corpo o del Santo patrono. Oggi abbiamo consegnato l\u2019attestato e il nastrino da apporre alla giacca a quegli agenti che gi\u00e0 si erano distinti in passato, quando la cerimonia ancora non era nata\u201d. <\/em>Sono 10 gli operatori che da oggi possono fregiarsi del nastrino per lungo servizio (1 persona con oltre 30 anni di servizio, 1 con oltre 25 anni e 8 con pi\u00f9 di 15 anni); 1 agente ha ricevuto un encomio, mentre il riconoscimento per la lotta al Covid, stabilito dalla Regione nei modi e nei termini, \u00e8 stato rilasciato, a 15 operatori.<\/p>\n<p>&nbsp;<\/p>\n<p>&nbsp;<\/p>\n<p>&nbsp;<\/p>\n<p>&nbsp;<\/p>\n<hr \/>\n<p>&nbsp;<\/p>\n<blockquote>\n<h3>APERTE LE ISCRIZIONI AL CAMPO SCUOLA DEGLI ALPINI DI FELTRE<\/h3>\n<\/blockquote>\n<p><strong><a class=\"dt-pswp-item\" href=\"https:\/\/www.radiopiu.net\/wordpress\/wp-content\/uploads\/2023\/03\/ALPINI.png\" data-dt-img-description=\"\" data-large_image_width=\"245\" data-large_image_height=\"208\"><img loading=\"lazy\" decoding=\"async\" class=\" wp-image-326487 alignleft\" src=\"https:\/\/www.radiopiu.net\/wordpress\/wp-content\/uploads\/2023\/03\/ALPINI.png\" alt=\"\" width=\"148\" height=\"126\" \/><\/a>FELTRE<\/strong> La Sezione di Feltre dell\u2019Associazione Nazionale Alpini nel 2023 organizza per il terzo anno consecutivo il Campo Scuola per ragazze e ragazzi dai 16 ai 25 anni. L\u2019iniziativa, della durata di 15 giorni, avr\u00e0 luogo dal 1\u00b0 al 16 luglio. <span style=\"color: #ff0000;\"><strong>PER INFO ED ISCRIZIONI <a style=\"color: #ff0000;\" href=\"https:\/\/www.ana.it\/2023\/02\/08\/campi-scuola-ana-2023-per-ragazze-e-ragazzi\/\">CLICCA QUI\u00a0<\/a><\/strong><\/span><\/p>\n<p>&nbsp;<\/p>\n<p>&nbsp;<\/p>\n<p>&nbsp;<\/p>\n<hr \/>\n<p>&nbsp;<\/p>\n<blockquote>\n<h3>OGGI IL CONSIGLIO COMUNALE DI VOLTAGO<\/h3>\n<\/blockquote>\n<p><strong>VOLTAGO<\/strong> Il sindaco di Voltago Giuseppe Schena ha convocato il consiglio comunale per stasera alle 18. Sono sette i punti in programma. Tra questi si parler\u00e0 della convenzione con l&#8217;Unione Montana Agordina per la gestione del comitato unico di garanzia delle pari opportunit\u00e0, delle aliquote IMU, dell&#8217;addizionale comunale dell&#8217;imposta al reddito, l&#8217;approvazione del DUP e la presa d&#8217;atto di due verbali di assemblea generale dei frazionisti di Frassen\u00e8.<\/p>\n<p>&nbsp;<\/p>\n<p>&nbsp;<\/p>\n<hr \/>\n<p>&nbsp;<\/p>\n<h2><span style=\"color: #ff0000;\">IERI ALLA RADIO<\/span><\/h2>\n<h2><span style=\"color: #008080;\">&#8220;DINTORN E FORA VIA&#8221;\u00a0<\/span><span style=\"color: #008080;\"> IL PROGRAMMA\u00a0 <\/span><span style=\"color: #008080;\">A CURA DEL MUSLA\u00a0\u00a0<\/span><\/h2>\n<h1 style=\"text-align: center;\"><strong><span style=\"color: #ff0000;\">SECONDO ANNO\u00a0<\/span><\/strong><\/h1>\n<p><strong>PUNTATA DEL 14 MARZO MAYRA DE MARCO<\/strong><\/p>\n<audio class=\"wp-audio-shortcode\" id=\"audio-326467-8\" preload=\"none\" style=\"width: 100%;\" controls=\"controls\"><source type=\"audio\/mpeg\" src=\"https:\/\/www.radiopiu.net\/wordpress\/wp-content\/uploads\/2023\/03\/NOTIZIARIO-MAYRA-14-03-2023.mp3?_=8\" \/><a href=\"https:\/\/www.radiopiu.net\/wordpress\/wp-content\/uploads\/2023\/03\/NOTIZIARIO-MAYRA-14-03-2023.mp3\">https:\/\/www.radiopiu.net\/wordpress\/wp-content\/uploads\/2023\/03\/NOTIZIARIO-MAYRA-14-03-2023.mp3<\/a><\/audio>\n<p>&nbsp;<\/p>\n<p>&nbsp;<\/p>\n<hr \/>\n<h2><span style=\"color: #800080;\">\u00a0<\/span><\/h2>\n<h2><span style=\"color: #800080;\">NEL FINE SETTIMANA L&#8217;ATOMIC PARTY AL PALAFALCADE<\/span><\/h2>\n<p><strong><a class=\"dt-pswp-item\" href=\"https:\/\/www.radiopiu.net\/wordpress\/wp-content\/uploads\/2023\/03\/e447a0b8-41ba-4f41-9f9e-37d901560ff8.jpg\" data-dt-img-description=\"\" data-large_image_width=\"1600\" data-large_image_height=\"900\"><img loading=\"lazy\" decoding=\"async\" class=\" wp-image-326483 alignleft\" src=\"https:\/\/www.radiopiu.net\/wordpress\/wp-content\/uploads\/2023\/03\/e447a0b8-41ba-4f41-9f9e-37d901560ff8-300x169.jpg\" alt=\"\" width=\"222\" height=\"125\" srcset=\"https:\/\/www.radiopiu.net\/wordpress\/wp-content\/uploads\/2023\/03\/e447a0b8-41ba-4f41-9f9e-37d901560ff8-300x169.jpg 300w, https:\/\/www.radiopiu.net\/wordpress\/wp-content\/uploads\/2023\/03\/e447a0b8-41ba-4f41-9f9e-37d901560ff8-1024x576.jpg 1024w, https:\/\/www.radiopiu.net\/wordpress\/wp-content\/uploads\/2023\/03\/e447a0b8-41ba-4f41-9f9e-37d901560ff8-768x432.jpg 768w, https:\/\/www.radiopiu.net\/wordpress\/wp-content\/uploads\/2023\/03\/e447a0b8-41ba-4f41-9f9e-37d901560ff8-1536x864.jpg 1536w, https:\/\/www.radiopiu.net\/wordpress\/wp-content\/uploads\/2023\/03\/e447a0b8-41ba-4f41-9f9e-37d901560ff8.jpg 1600w\" sizes=\"auto, (max-width: 222px) 100vw, 222px\" \/><\/a>ATOMIC PARTY CON I FUTURI PERITI CHIMICI, DUE SERATA DI FESTA, LISCIO E DISCOTECA CON DJ BISSO, 17-18 MARZO AL PALFALCADE. APERITIVI, GIOCHI, BALLI&#8230; DIVERTIMENTO<\/strong><\/p>\n<p><strong>di Mirko Mezzacasa<\/strong><\/p>\n<p>OSPITI: Lara Micheluzzi, Giulia Moretti, Daniele Don\u00e0<\/p>\n<audio class=\"wp-audio-shortcode\" id=\"audio-326467-9\" preload=\"none\" style=\"width: 100%;\" controls=\"controls\"><source type=\"audio\/mpeg\" src=\"https:\/\/www.radiopiu.net\/wordpress\/wp-content\/uploads\/2023\/03\/ATOMIC-PARTY.mp3?_=9\" \/><a href=\"https:\/\/www.radiopiu.net\/wordpress\/wp-content\/uploads\/2023\/03\/ATOMIC-PARTY.mp3\">https:\/\/www.radiopiu.net\/wordpress\/wp-content\/uploads\/2023\/03\/ATOMIC-PARTY.mp3<\/a><\/audio>\n<p>&nbsp;<\/p>\n<p>&nbsp;<\/p>\n<p>&nbsp;<\/p>\n<hr \/>\n<p>&nbsp;<\/p>\n<blockquote>\n<h3>L&#8217;ASSEMBLEA DEL GAV<\/h3>\n<\/blockquote>\n<p><strong>AGORDO<\/strong> I soci del GAV, Gruppo Assistenza Volontaria, hanno indetto l&#8217;assemblea ordinaria 2023 per domenica 26 marzo alle 11 nella sala del Centro Parrocchiale Monsignor Vincenzo Savio. In programma l&#8217;elezione del consiglio direttivo, l&#8217;approvazione del bilancio 2022 e la presentazione di bilancio e attivit\u00e0 2023.<\/p>\n<p>&nbsp;<\/p>\n<p>&nbsp;<\/p>\n<hr \/>\n<p>&nbsp;<\/p>\n<blockquote>\n<p align=\"center\"><span style=\"font-family: Arial, serif;\"><span style=\"font-size: medium;\"><b>GSP, Impianti Aperti domenica 19 marzo<\/b><\/span><\/span><\/p>\n<\/blockquote>\n<p><strong>BELLUNO<\/strong> Ritorna Impianti Aperti, la giornata che Bim Gsp dedica all\u2019apertura al pubblico degli impianti del servizio idrico integrato bellunese. Domenica 19 marzo, in occasione della Giornata Mondiale dell\u2019Acqua, al mattino sar\u00e0 possibile visitare la sorgente della Val Clusa: situata in Comune di La Valle Agordina, \u00e8 una delle quattro fonti di approvvigionamento del principale acquedotto della provincia di Belluno, che si snoda per oltre 130 km e alimenta ben 50mila abitanti.\u00a0 Il pomeriggio sar\u00e0 aperto al pubblico il depuratore di Oselete, a Longano di Sedico, impianto che tratta circa 750mila metri cubi di acque reflue provenienti di buona parte del territorio comunale. La partecipazione \u00e8 gratuita, info sul sito www.bimgsp.it.<\/p>\n\n\t\t\t<style type='text\/css'>\n\t\t\t\t#gallery-3 {\n\t\t\t\t\tmargin: auto;\n\t\t\t\t}\n\t\t\t\t#gallery-3 .gallery-item {\n\t\t\t\t\tfloat: left;\n\t\t\t\t\tmargin-top: 10px;\n\t\t\t\t\ttext-align: center;\n\t\t\t\t\twidth: 50%;\n\t\t\t\t}\n\t\t\t\t#gallery-3 img {\n\t\t\t\t\tborder: 2px solid #cfcfcf;\n\t\t\t\t}\n\t\t\t\t#gallery-3 .gallery-caption {\n\t\t\t\t\tmargin-left: 0;\n\t\t\t\t}\n\t\t\t\t\/* see gallery_shortcode() in wp-includes\/media.php *\/\n\t\t\t<\/style>\n\t\t<div id='gallery-3' class='dt-gallery-container gallery galleryid-326467 gallery-columns-2 gallery-size-medium'><dl class='gallery-item'>\n\t\t\t\t<dt class='gallery-icon landscape'>\n\t\t\t\t\t<a class=\"rollover rollover-zoom dt-pswp-item\" title=\"Sorgente_Val_Clusa_esterno\" data-dt-img-description=\"\" data-large_image_width=\"1134\" data-large_image_height=\"850\"href='https:\/\/www.radiopiu.net\/wordpress\/wp-content\/uploads\/2023\/03\/Sorgente_Val_Clusa_esterno.jpg'><img loading=\"lazy\" decoding=\"async\" width=\"300\" height=\"225\" src=\"https:\/\/www.radiopiu.net\/wordpress\/wp-content\/uploads\/2023\/03\/Sorgente_Val_Clusa_esterno-300x225.jpg\" class=\"attachment-medium size-medium\" alt=\"\" aria-describedby=\"gallery-3-326507\" srcset=\"https:\/\/www.radiopiu.net\/wordpress\/wp-content\/uploads\/2023\/03\/Sorgente_Val_Clusa_esterno-300x225.jpg 300w, https:\/\/www.radiopiu.net\/wordpress\/wp-content\/uploads\/2023\/03\/Sorgente_Val_Clusa_esterno-1024x768.jpg 1024w, https:\/\/www.radiopiu.net\/wordpress\/wp-content\/uploads\/2023\/03\/Sorgente_Val_Clusa_esterno-768x576.jpg 768w, https:\/\/www.radiopiu.net\/wordpress\/wp-content\/uploads\/2023\/03\/Sorgente_Val_Clusa_esterno.jpg 1134w\" sizes=\"auto, (max-width: 300px) 100vw, 300px\" \/><\/a>\n\t\t\t\t<\/dt>\n\t\t\t\t\t<dd class='wp-caption-text gallery-caption' id='gallery-3-326507'>\n\t\t\t\t\tSorgente_Val_Clusa_esterno\n\t\t\t\t\t<\/dd><\/dl><dl class='gallery-item'>\n\t\t\t\t<dt class='gallery-icon landscape'>\n\t\t\t\t\t<a class=\"rollover rollover-zoom dt-pswp-item\" title=\"depuratore_Oselete_Sedico\" data-dt-img-description=\"\" data-large_image_width=\"1134\" data-large_image_height=\"405\"href='https:\/\/www.radiopiu.net\/wordpress\/wp-content\/uploads\/2023\/03\/depuratore_Oselete_Sedico.jpg'><img loading=\"lazy\" decoding=\"async\" width=\"300\" height=\"107\" src=\"https:\/\/www.radiopiu.net\/wordpress\/wp-content\/uploads\/2023\/03\/depuratore_Oselete_Sedico-300x107.jpg\" class=\"attachment-medium size-medium\" alt=\"\" aria-describedby=\"gallery-3-326506\" srcset=\"https:\/\/www.radiopiu.net\/wordpress\/wp-content\/uploads\/2023\/03\/depuratore_Oselete_Sedico-300x107.jpg 300w, https:\/\/www.radiopiu.net\/wordpress\/wp-content\/uploads\/2023\/03\/depuratore_Oselete_Sedico-1024x366.jpg 1024w, https:\/\/www.radiopiu.net\/wordpress\/wp-content\/uploads\/2023\/03\/depuratore_Oselete_Sedico-768x274.jpg 768w, https:\/\/www.radiopiu.net\/wordpress\/wp-content\/uploads\/2023\/03\/depuratore_Oselete_Sedico.jpg 1134w\" sizes=\"auto, (max-width: 300px) 100vw, 300px\" \/><\/a>\n\t\t\t\t<\/dt>\n\t\t\t\t\t<dd class='wp-caption-text gallery-caption' id='gallery-3-326506'>\n\t\t\t\t\tdepuratore_Oselete_Sedico\n\t\t\t\t\t<\/dd><\/dl><br style=\"clear: both\" \/>\n\t\t\t<\/div>\n\n<p>&nbsp;<\/p>\n<hr \/>\n<p>&nbsp;<\/p>\n<blockquote>\n<h3>GIORGIO PERLASCA A CANALE D&#8217;AGORDO<\/h3>\n<\/blockquote>\n<p><strong><a class=\"dt-pswp-item\" href=\"https:\/\/www.radiopiu.net\/wordpress\/wp-content\/uploads\/2023\/03\/Senza-nome-24.jpg\" data-dt-img-description=\"\" data-large_image_width=\"618\" data-large_image_height=\"463\"><img loading=\"lazy\" decoding=\"async\" class=\" wp-image-325246 alignleft\" src=\"https:\/\/www.radiopiu.net\/wordpress\/wp-content\/uploads\/2023\/03\/Senza-nome-24-300x225.jpg\" alt=\"\" width=\"203\" height=\"152\" srcset=\"https:\/\/www.radiopiu.net\/wordpress\/wp-content\/uploads\/2023\/03\/Senza-nome-24-300x225.jpg 300w, https:\/\/www.radiopiu.net\/wordpress\/wp-content\/uploads\/2023\/03\/Senza-nome-24.jpg 618w\" sizes=\"auto, (max-width: 203px) 100vw, 203px\" \/><\/a><\/strong><\/p>\n<p><strong>CANALE D&#8217;AGORDO <\/strong>Con il patrocinio del comune di Canale d\u2019Agordo e dell\u2019Associazione Libera Agordino, contributo di Cassa Rurale Dolomiti e Birreria Costa.<\/p>\n<p><strong>GIANNI SANTOMASO<\/strong><\/p>\n<audio class=\"wp-audio-shortcode\" id=\"audio-326467-10\" preload=\"none\" style=\"width: 100%;\" controls=\"controls\"><source type=\"audio\/mpeg\" src=\"https:\/\/www.radiopiu.net\/wordpress\/wp-content\/uploads\/2023\/03\/GIANNI-GIORGIO-PERLASCA.mp3?_=10\" \/><a href=\"https:\/\/www.radiopiu.net\/wordpress\/wp-content\/uploads\/2023\/03\/GIANNI-GIORGIO-PERLASCA.mp3\">https:\/\/www.radiopiu.net\/wordpress\/wp-content\/uploads\/2023\/03\/GIANNI-GIORGIO-PERLASCA.mp3<\/a><\/audio>\n<p>&nbsp;<\/p>\n<p>&nbsp;<\/p>\n<p>&nbsp;<\/p>\n<hr \/>\n<blockquote>\n<h3><\/h3>\n<h3>IL 19 MARZO TORNA SUL BROI LA VECIA POPA<\/h3>\n<\/blockquote>\n<p><strong>AGORDO<\/strong>\u00a0La Vecia Popa \u00e8 pronta per tonare sul Broi di Agordo . L\u2019Appuntamento \u00e8 per domenica 19 marzo con la festa e l\u2019atteso testamento.<\/p>\n<div id=\"gallery-5\" class=\"dt-gallery-container gallery galleryid-323239 gallery-columns-2 gallery-size-medium\">\n<dl class=\"gallery-item\">\n<dt class=\"gallery-icon landscape\"><a class=\"rollover rollover-zoom dt-pswp-item pspw-wrap-ready this-ready\" title=\"dee7dc2b-e175-4363-a25e-dfe83fa36671\" href=\"https:\/\/www.radiopiu.net\/wordpress\/wp-content\/uploads\/2023\/02\/dee7dc2b-e175-4363-a25e-dfe83fa36671.jpg\" data-dt-img-description=\"\" data-large_image_width=\"813\" data-large_image_height=\"540\"><img loading=\"lazy\" decoding=\"async\" class=\"attachment-medium size-medium\" src=\"https:\/\/www.radiopiu.net\/wordpress\/wp-content\/uploads\/2023\/02\/dee7dc2b-e175-4363-a25e-dfe83fa36671-300x199.jpg\" sizes=\"auto, (max-width: 300px) 100vw, 300px\" srcset=\"https:\/\/www.radiopiu.net\/wordpress\/wp-content\/uploads\/2023\/02\/dee7dc2b-e175-4363-a25e-dfe83fa36671-300x199.jpg 300w, https:\/\/www.radiopiu.net\/wordpress\/wp-content\/uploads\/2023\/02\/dee7dc2b-e175-4363-a25e-dfe83fa36671-768x510.jpg 768w, https:\/\/www.radiopiu.net\/wordpress\/wp-content\/uploads\/2023\/02\/dee7dc2b-e175-4363-a25e-dfe83fa36671.jpg 813w\" alt=\"\" width=\"300\" height=\"199\" \/><i><\/i><\/a><\/dt>\n<\/dl>\n<dl class=\"gallery-item\">\n<dt class=\"gallery-icon landscape\"><a class=\"rollover rollover-zoom dt-pswp-item pspw-wrap-ready this-ready\" title=\"ddc0aeda-a4e9-4a5b-b809-227e841efa46\" href=\"https:\/\/www.radiopiu.net\/wordpress\/wp-content\/uploads\/2023\/02\/ddc0aeda-a4e9-4a5b-b809-227e841efa46.jpg\" data-dt-img-description=\"\" data-large_image_width=\"300\" data-large_image_height=\"199\"><img loading=\"lazy\" decoding=\"async\" class=\"attachment-medium size-medium\" src=\"https:\/\/www.radiopiu.net\/wordpress\/wp-content\/uploads\/2023\/02\/ddc0aeda-a4e9-4a5b-b809-227e841efa46.jpg\" alt=\"\" width=\"300\" height=\"199\" \/><\/a><\/dt>\n<\/dl>\n<\/div>\n<p>&nbsp;<\/p>\n<hr \/>\n<p>&nbsp;<\/p>\n<p>&nbsp;<\/p>\n<blockquote>\n<h2>SAGRA DE PASCA 2023<\/h2>\n<\/blockquote>\n<h3>APRILE&#8230;. 6 &#8211; 7 &#8211; 8 &#8211; 9 LA SAGRA DE PASCA Scusate il ritardo&#8230;. Si riparte ancora pi\u00f9 forte GRUPPO SPORTIVO, DONATORI DEL SANGUE E PROLOCO DI TAIBON AGORDINO &#8230;..<\/h3>\n<h3>ALLA RADIO&#8230;.<\/h3>\n<audio class=\"wp-audio-shortcode\" id=\"audio-326467-11\" preload=\"none\" style=\"width: 100%;\" controls=\"controls\"><source type=\"audio\/mpeg\" src=\"https:\/\/www.radiopiu.net\/wordpress\/wp-content\/uploads\/2023\/03\/SAGRADEPASCA_02_BA_0903.mp3?_=11\" \/><a href=\"https:\/\/www.radiopiu.net\/wordpress\/wp-content\/uploads\/2023\/03\/SAGRADEPASCA_02_BA_0903.mp3\">https:\/\/www.radiopiu.net\/wordpress\/wp-content\/uploads\/2023\/03\/SAGRADEPASCA_02_BA_0903.mp3<\/a><\/audio>\n<audio class=\"wp-audio-shortcode\" id=\"audio-326467-12\" preload=\"none\" style=\"width: 100%;\" controls=\"controls\"><source type=\"audio\/mpeg\" src=\"https:\/\/www.radiopiu.net\/wordpress\/wp-content\/uploads\/2023\/03\/SAGRADEPASCA_03_BA_0903.mp3?_=12\" \/><a href=\"https:\/\/www.radiopiu.net\/wordpress\/wp-content\/uploads\/2023\/03\/SAGRADEPASCA_03_BA_0903.mp3\">https:\/\/www.radiopiu.net\/wordpress\/wp-content\/uploads\/2023\/03\/SAGRADEPASCA_03_BA_0903.mp3<\/a><\/audio>\n<audio class=\"wp-audio-shortcode\" id=\"audio-326467-13\" preload=\"none\" style=\"width: 100%;\" controls=\"controls\"><source type=\"audio\/mpeg\" src=\"https:\/\/www.radiopiu.net\/wordpress\/wp-content\/uploads\/2023\/03\/SAGRADEPASCA_01_BA_0903.mp3?_=13\" \/><a href=\"https:\/\/www.radiopiu.net\/wordpress\/wp-content\/uploads\/2023\/03\/SAGRADEPASCA_01_BA_0903.mp3\">https:\/\/www.radiopiu.net\/wordpress\/wp-content\/uploads\/2023\/03\/SAGRADEPASCA_01_BA_0903.mp3<\/a><\/audio>\n<h3><\/h3>\n<a href=\"https:\/\/www.radiopiu.net\/wordpress\/wp-content\/uploads\/2023\/03\/manifesto-2023-2.pdf\" class=\"pdfemb-viewer\" style=\"\" data-width=\"max\" data-height=\"max\" data-toolbar=\"top\" data-toolbar-fixed=\"on\">manifesto-2023-2<\/a>\n<p>&nbsp;<\/p>\n<p>&nbsp;<\/p>\n<p>&nbsp;<\/p>\n<p>&nbsp;<\/p>\n<hr \/>\n<p>&nbsp;<\/p>\n<h3><span style=\"color: #ff0000;\"><strong>BIRRERIA IN PEDAVENA, LA VALLE AGORDINA\u00a0<\/strong><\/span><\/h3>\n<p><strong>alla radio<\/strong><\/p>\n<audio class=\"wp-audio-shortcode\" id=\"audio-326467-14\" preload=\"none\" style=\"width: 100%;\" controls=\"controls\"><source type=\"audio\/mpeg\" src=\"https:\/\/www.radiopiu.net\/wordpress\/wp-content\/uploads\/2023\/03\/re-union-c.mp3?_=14\" \/><a href=\"https:\/\/www.radiopiu.net\/wordpress\/wp-content\/uploads\/2023\/03\/re-union-c.mp3\">https:\/\/www.radiopiu.net\/wordpress\/wp-content\/uploads\/2023\/03\/re-union-c.mp3<\/a><\/audio>\n<p>&nbsp;<\/p>\n<p><a class=\"dt-pswp-item\" href=\"https:\/\/www.radiopiu.net\/wordpress\/wp-content\/uploads\/2023\/03\/b792042d-80e5-4ca6-b404-baac8e9b3b6c.jpg\" data-dt-img-description=\"\" data-large_image_width=\"953\" data-large_image_height=\"953\"><img loading=\"lazy\" decoding=\"async\" class=\"size-medium wp-image-325414 aligncenter\" src=\"https:\/\/www.radiopiu.net\/wordpress\/wp-content\/uploads\/2023\/03\/b792042d-80e5-4ca6-b404-baac8e9b3b6c-300x300.jpg\" alt=\"\" width=\"300\" height=\"300\" srcset=\"https:\/\/www.radiopiu.net\/wordpress\/wp-content\/uploads\/2023\/03\/b792042d-80e5-4ca6-b404-baac8e9b3b6c-300x300.jpg 300w, https:\/\/www.radiopiu.net\/wordpress\/wp-content\/uploads\/2023\/03\/b792042d-80e5-4ca6-b404-baac8e9b3b6c-150x150.jpg 150w, https:\/\/www.radiopiu.net\/wordpress\/wp-content\/uploads\/2023\/03\/b792042d-80e5-4ca6-b404-baac8e9b3b6c-768x768.jpg 768w, https:\/\/www.radiopiu.net\/wordpress\/wp-content\/uploads\/2023\/03\/b792042d-80e5-4ca6-b404-baac8e9b3b6c.jpg 953w\" sizes=\"auto, (max-width: 300px) 100vw, 300px\" \/><\/a><\/p>\n<hr \/>\n<p>&nbsp;<\/p>\n<p><a class=\"dt-pswp-item\" href=\"https:\/\/www.radiopiu.net\/wordpress\/wp-content\/uploads\/2023\/03\/9765b0b8-95fd-472a-8793-7650d1941ee0.jpg\" data-dt-img-description=\"\" data-large_image_width=\"1106\" data-large_image_height=\"2048\"><img loading=\"lazy\" decoding=\"async\" class=\"size-medium wp-image-326602 aligncenter\" src=\"https:\/\/www.radiopiu.net\/wordpress\/wp-content\/uploads\/2023\/03\/9765b0b8-95fd-472a-8793-7650d1941ee0-162x300.jpg\" alt=\"\" width=\"162\" height=\"300\" srcset=\"https:\/\/www.radiopiu.net\/wordpress\/wp-content\/uploads\/2023\/03\/9765b0b8-95fd-472a-8793-7650d1941ee0-162x300.jpg 162w, https:\/\/www.radiopiu.net\/wordpress\/wp-content\/uploads\/2023\/03\/9765b0b8-95fd-472a-8793-7650d1941ee0-553x1024.jpg 553w, https:\/\/www.radiopiu.net\/wordpress\/wp-content\/uploads\/2023\/03\/9765b0b8-95fd-472a-8793-7650d1941ee0-768x1422.jpg 768w, https:\/\/www.radiopiu.net\/wordpress\/wp-content\/uploads\/2023\/03\/9765b0b8-95fd-472a-8793-7650d1941ee0-830x1536.jpg 830w, https:\/\/www.radiopiu.net\/wordpress\/wp-content\/uploads\/2023\/03\/9765b0b8-95fd-472a-8793-7650d1941ee0.jpg 1106w\" sizes=\"auto, (max-width: 162px) 100vw, 162px\" \/><\/a><\/p>\n<p>&nbsp;<\/p>\n<hr \/>\n<p>&nbsp;<\/p>\n<blockquote>\n<h3>CON LE SCUOLE IN RETE ALL\u2019ISTITUTO CANOSSIANO DI FELTRE DUE SPETTACOLI SU GUERRA E CARCERE PER GLI STUDENTI<\/h3>\n<\/blockquote>\n<p><strong>FELTRE <\/strong>L\u2019Auditorium dell\u2019Istituto Canossiano di Feltre ospiter\u00e0 questa settimana due importanti incontri per far conoscere agli studenti argomenti di primaria importanza per ogni societ\u00e0 civile: il carcere e la guerra. Oggi, le Scuole in Rete e gli Amici delle Scuole in Rete hanno organizzato dalle 11 alle 12.50 la rappresentazione dello spettacolo \u201cLa scelta\u201d di Marco Cortesi e Mara Moschini. Domani alle 10.30, invece, grazie ad AICS e Amici delle Scuole in Rete sar\u00e0 la \u201cCompagnia stabile Assai\u201d a portare in scena lo spettacolo \u201cParole in catene\u201d<\/p>\n<p>&nbsp;<\/p>\n<p>&nbsp;<\/p>\n<hr \/>\n<p>&nbsp;<\/p>\n<blockquote>\n<h3>L\u2019EROISMO DEL PILOTA BELLUNESE ARTURO DELL\u2019ORO RICORDATO NEL LIBRETTO (2017) DI LOREDANA PRA BALDI<\/h3>\n<\/blockquote>\n<p><strong>di\u00a0 RENATO BONA<\/strong><\/p>\n<p>Nel centenario della morte dell\u2019eroe italo-cileno Arturo Dell\u2019Oro, dal 21 settembre e fino alla fine di ottobre del 2017 Belluno aveva proposto eventi celebrativi a Palazzo Doglioni-Dal Mas, sede di Confindustria Belluno Dolomiti, promossi da Comune e Casa d\u2019Europa Dolomiti con la collaborazione dell\u2019associazione Bellunesi nel mondo, dell\u2019Aero club Belluno intitolato proprio a Dell\u2019Oro, e di istituzioni cilene: il 21 settembre nella sala briefing dell\u2019aeroporto la mostra fotografica \u201cCent\u2019anni fa: il campo di volo militare di Belluno e Arturo Dell\u2019Oro\u201d quindi nel cortile di palazzo Doglioni Dal Mas lo scoprimento di un biplano \u201cS.E.SA\u201d caccia impiegato nella Grande Guerra, con sorvolo di alcuni aerei storici della prima guerra mondiale e, a seguire, nella Barchessa adiacente al Palazzo, l\u2019inaugurazione della mostra \u201cSulle ali della memoria, la Grande Guerra\u201d; infine, all\u2019Ossario di Mussoi, nel tempio dedicato ai Caduti per la Patria, dove \u00e8 tumulato Dell\u2019Oro, la posa di una corona d\u2019alloro. Nella circostanza, Loredana Pra Baldi aveva curato per Casa d\u2019Europa Dolomiti, con il contributo del Comune all\u2019epoca guidato dal sindaco Jacopo Massaro, la realizzazione di un libretto di una cinquantina di pagine (stampa della tipografia Dbs di Rasai di Seren del Grappa; in copertina Arturo Dell\u2019Oro con il suo caccia \u201cNieuport Ni11\u201d, dedicato all\u2019eroico aviatore. In apertura il saluto di Massimiliano Pachner, presidente di Casa d\u2019Europa Dolomiti, il quale aveva ricordato che il sodalizio \u201csi \u00e8 attivato, anche con questa iniziativa (dopo quella di un anno prima per ricordare il centenario della morte di un altro bellunese illustre: \u201cAndrea Brustolon, il \u201cMichelangelo del legno\u201d) per concorrere alla promozione e valorizzazione del territorio dolomitico prendendo spunto da eventi storici, cultura locale e personaggi nati o vissuti nei nostri luoghi\u201d. Il sindaco Massaro aveva ricordato che Dell\u2019Oro, volontario nel corpo dell\u2019Aeronautica era morto nel 1917, a soli 21 anni, nei cieli di Belluno dopo uno scontro aereo con il nemico: \u201cE\u2019 un personaggio lontano nel tempo ma che in citt\u00e0 \u00e8 presente con l\u2019aeroporto a lui dedicato e una via a lui intitolata; le sue spoglie hanno riposato a lungo nel cimitero urbano nella sezione militare nella tomba sormontata da un\u2019elica, per poi essere traslato con solenne pubblica cerimonia nella chiesa di Mussoi\u201d. Dal canto suo il console onorario del Cile a Vicenza, Aldo Rozzi Marin aveva rievocato la figura di Dell\u2019Oro, sergente pilota da caccia dell\u201983. squadriglia del Corpo aeronautico del Regio Esercito, rammentando che \u201caccorse, volontario dal Cile, per compiere i suoi obblighi militarti e partecipare alla Grande Guerra, dimostrando alto sentimento patriottico e grande dedizione al dovere. Impegnato in un asperrimo combattimento aereo, con irrefrenabile slancio attacc\u00f2 un aereo austriaco e, dopo una lotta nei cieli di Belluno reag\u00ec indomito all\u2019inceppamento della mitragliatrice, non esitando a gettarsi con il proprio velivolo contro quello nemico, trovando morte gloriosa\u201d con un\u2019azione che gli valse la medaglia d\u2019oro alla memoria per il coraggio e il valore dimostrati, immolando la sua giovane esistenza all\u2019onore e all\u2019amor di Patria. La memoria della sua audacia \u00e8 viva non solo in Italia ma anche in Cile\u201d. Il presidente dell\u2019Associazione degli emigranti \u201cBellunesi nel mondo\u201d Oscar De Bona afferm\u00f2 che l\u2019Associazione \u201ccon orgoglio vuole dare il patrocinio a questa lodevole iniziativa che ricorda Dell\u2019Oro in occasione del centenario della sua tragica scomparsa in combattimento, nel nostro capoluogo\u201d. Luca Barbini, presidente di Confindustria Belluno Dolomiti affermava che il centenario della scomparsa di Dell\u2019Oro \u201c\u00e8 occasione non solo per ravvivarne la memoria, ma anche per rafforzare i rapporti tra la nostra provincia e il Cile dove Arturo Dell\u2019Oro \u00e8 nato nel 1896 da genitori emigranti italiani\u201d. L\u2019ambasciatore del Cile in Italia, Fernando Ayala dal canto suo in un messaggio sottolineava che: \u201c\u2026 In queste occasioni colgo sempre l\u2019opportunit\u00e0 per ringraziare l\u2019Italia per l\u2019accoglienza data a migliaia di cileni fuggiti dalla dittatura negli anni \u201870, dando loro sostegno morale e opportunit\u00e0 per una nuova vita. Arturo Dell\u2019Oro sarebbe stato orgoglioso di constatare che la Patria che ha deciso di difendere avrebbe in seguito teso con solidariet\u00e0 la mano al suo caro Cile nei momenti pi\u00f9 complessi della sua storia recente\u201d. Gratitudine nei confronti di Dell\u2019Oro esprimevano Jorge Robles Mella, comandante della forza aerea, capo dell\u2019aviazione cilena e Victor Villalobos Collao, generale della brigata aerea e direttore generale dell\u2019Aeronautica civile cilena.<\/p>\n\n\t\t\t<style type='text\/css'>\n\t\t\t\t#gallery-4 {\n\t\t\t\t\tmargin: auto;\n\t\t\t\t}\n\t\t\t\t#gallery-4 .gallery-item {\n\t\t\t\t\tfloat: left;\n\t\t\t\t\tmargin-top: 10px;\n\t\t\t\t\ttext-align: center;\n\t\t\t\t\twidth: 11%;\n\t\t\t\t}\n\t\t\t\t#gallery-4 img {\n\t\t\t\t\tborder: 2px solid #cfcfcf;\n\t\t\t\t}\n\t\t\t\t#gallery-4 .gallery-caption {\n\t\t\t\t\tmargin-left: 0;\n\t\t\t\t}\n\t\t\t\t\/* see gallery_shortcode() in wp-includes\/media.php *\/\n\t\t\t<\/style>\n\t\t<div id='gallery-4' class='dt-gallery-container gallery galleryid-326467 gallery-columns-9 gallery-size-thumbnail'><dl class='gallery-item'>\n\t\t\t\t<dt class='gallery-icon portrait'>\n\t\t\t\t\t<a class=\"rollover\" href='https:\/\/www.radiopiu.net\/wordpress\/giornale\/1-10\/'><img loading=\"lazy\" decoding=\"async\" width=\"150\" height=\"150\" src=\"https:\/\/www.radiopiu.net\/wordpress\/wp-content\/uploads\/2023\/03\/1-1-150x150.jpg\" class=\"attachment-thumbnail size-thumbnail\" alt=\"\" \/><\/a>\n\t\t\t\t<\/dt><\/dl><dl class='gallery-item'>\n\t\t\t\t<dt class='gallery-icon landscape'>\n\t\t\t\t\t<a class=\"rollover\" href='https:\/\/www.radiopiu.net\/wordpress\/giornale\/2-13\/'><img loading=\"lazy\" decoding=\"async\" width=\"150\" height=\"150\" src=\"https:\/\/www.radiopiu.net\/wordpress\/wp-content\/uploads\/2023\/03\/2-1-150x150.jpg\" class=\"attachment-thumbnail size-thumbnail\" alt=\"\" \/><\/a>\n\t\t\t\t<\/dt><\/dl><dl class='gallery-item'>\n\t\t\t\t<dt class='gallery-icon portrait'>\n\t\t\t\t\t<a class=\"rollover\" href='https:\/\/www.radiopiu.net\/wordpress\/giornale\/3-7\/'><img loading=\"lazy\" decoding=\"async\" width=\"150\" height=\"150\" src=\"https:\/\/www.radiopiu.net\/wordpress\/wp-content\/uploads\/2023\/03\/3-1-150x150.jpg\" class=\"attachment-thumbnail size-thumbnail\" alt=\"\" \/><\/a>\n\t\t\t\t<\/dt><\/dl><dl class='gallery-item'>\n\t\t\t\t<dt class='gallery-icon portrait'>\n\t\t\t\t\t<a class=\"rollover\" href='https:\/\/www.radiopiu.net\/wordpress\/giornale\/4-81\/'><img loading=\"lazy\" decoding=\"async\" width=\"150\" height=\"150\" src=\"https:\/\/www.radiopiu.net\/wordpress\/wp-content\/uploads\/2023\/03\/4-1-150x150.jpg\" class=\"attachment-thumbnail size-thumbnail\" alt=\"\" \/><\/a>\n\t\t\t\t<\/dt><\/dl><dl class='gallery-item'>\n\t\t\t\t<dt class='gallery-icon landscape'>\n\t\t\t\t\t<a class=\"rollover\" href='https:\/\/www.radiopiu.net\/wordpress\/giornale\/5-5\/'><img loading=\"lazy\" decoding=\"async\" width=\"150\" height=\"150\" src=\"https:\/\/www.radiopiu.net\/wordpress\/wp-content\/uploads\/2023\/03\/5-1-150x150.jpg\" class=\"attachment-thumbnail size-thumbnail\" alt=\"\" \/><\/a>\n\t\t\t\t<\/dt><\/dl><dl class='gallery-item'>\n\t\t\t\t<dt class='gallery-icon landscape'>\n\t\t\t\t\t<a class=\"rollover\" href='https:\/\/www.radiopiu.net\/wordpress\/giornale\/6-35\/'><img loading=\"lazy\" decoding=\"async\" width=\"150\" height=\"150\" src=\"https:\/\/www.radiopiu.net\/wordpress\/wp-content\/uploads\/2023\/03\/6-1-150x150.jpg\" class=\"attachment-thumbnail size-thumbnail\" alt=\"\" \/><\/a>\n\t\t\t\t<\/dt><\/dl><dl class='gallery-item'>\n\t\t\t\t<dt class='gallery-icon landscape'>\n\t\t\t\t\t<a class=\"rollover\" href='https:\/\/www.radiopiu.net\/wordpress\/giornale\/7-29\/'><img loading=\"lazy\" decoding=\"async\" width=\"150\" height=\"150\" src=\"https:\/\/www.radiopiu.net\/wordpress\/wp-content\/uploads\/2023\/03\/7-1-150x150.jpg\" class=\"attachment-thumbnail size-thumbnail\" alt=\"\" \/><\/a>\n\t\t\t\t<\/dt><\/dl><dl class='gallery-item'>\n\t\t\t\t<dt class='gallery-icon landscape'>\n\t\t\t\t\t<a class=\"rollover\" href='https:\/\/www.radiopiu.net\/wordpress\/giornale\/8-22\/'><img loading=\"lazy\" decoding=\"async\" width=\"150\" height=\"150\" src=\"https:\/\/www.radiopiu.net\/wordpress\/wp-content\/uploads\/2023\/03\/8-1-150x150.jpg\" class=\"attachment-thumbnail size-thumbnail\" alt=\"\" \/><\/a>\n\t\t\t\t<\/dt><\/dl><dl class='gallery-item'>\n\t\t\t\t<dt class='gallery-icon landscape'>\n\t\t\t\t\t<a class=\"rollover\" href='https:\/\/www.radiopiu.net\/wordpress\/giornale\/9-4\/'><img loading=\"lazy\" decoding=\"async\" width=\"150\" height=\"150\" src=\"https:\/\/www.radiopiu.net\/wordpress\/wp-content\/uploads\/2023\/03\/9-150x150.jpg\" class=\"attachment-thumbnail size-thumbnail\" alt=\"\" \/><\/a>\n\t\t\t\t<\/dt><\/dl><br style=\"clear: both\" \/><dl class='gallery-item'>\n\t\t\t\t<dt class='gallery-icon landscape'>\n\t\t\t\t\t<a class=\"rollover\" href='https:\/\/www.radiopiu.net\/wordpress\/giornale\/10-4\/'><img loading=\"lazy\" decoding=\"async\" width=\"150\" height=\"150\" src=\"https:\/\/www.radiopiu.net\/wordpress\/wp-content\/uploads\/2023\/03\/10-150x150.jpg\" class=\"attachment-thumbnail size-thumbnail\" alt=\"\" \/><\/a>\n\t\t\t\t<\/dt><\/dl><dl class='gallery-item'>\n\t\t\t\t<dt class='gallery-icon portrait'>\n\t\t\t\t\t<a class=\"rollover\" href='https:\/\/www.radiopiu.net\/wordpress\/giornale\/11-4\/'><img loading=\"lazy\" decoding=\"async\" width=\"150\" height=\"150\" src=\"https:\/\/www.radiopiu.net\/wordpress\/wp-content\/uploads\/2023\/03\/11-150x150.jpg\" class=\"attachment-thumbnail size-thumbnail\" alt=\"\" \/><\/a>\n\t\t\t\t<\/dt><\/dl><dl class='gallery-item'>\n\t\t\t\t<dt class='gallery-icon portrait'>\n\t\t\t\t\t<a class=\"rollover\" href='https:\/\/www.radiopiu.net\/wordpress\/giornale\/12-17\/'><img loading=\"lazy\" decoding=\"async\" width=\"150\" height=\"150\" src=\"https:\/\/www.radiopiu.net\/wordpress\/wp-content\/uploads\/2023\/03\/12-150x150.jpg\" class=\"attachment-thumbnail size-thumbnail\" alt=\"\" \/><\/a>\n\t\t\t\t<\/dt><\/dl><dl class='gallery-item'>\n\t\t\t\t<dt class='gallery-icon portrait'>\n\t\t\t\t\t<a class=\"rollover\" href='https:\/\/www.radiopiu.net\/wordpress\/giornale\/13-3\/'><img loading=\"lazy\" decoding=\"async\" width=\"150\" height=\"150\" src=\"https:\/\/www.radiopiu.net\/wordpress\/wp-content\/uploads\/2023\/03\/13-150x150.jpg\" class=\"attachment-thumbnail size-thumbnail\" alt=\"\" \/><\/a>\n\t\t\t\t<\/dt><\/dl><dl class='gallery-item'>\n\t\t\t\t<dt class='gallery-icon portrait'>\n\t\t\t\t\t<a class=\"rollover\" href='https:\/\/www.radiopiu.net\/wordpress\/giornale\/14-3\/'><img loading=\"lazy\" decoding=\"async\" width=\"150\" height=\"150\" src=\"https:\/\/www.radiopiu.net\/wordpress\/wp-content\/uploads\/2023\/03\/14-150x150.jpg\" class=\"attachment-thumbnail size-thumbnail\" alt=\"\" \/><\/a>\n\t\t\t\t<\/dt><\/dl><dl class='gallery-item'>\n\t\t\t\t<dt class='gallery-icon portrait'>\n\t\t\t\t\t<a class=\"rollover\" href='https:\/\/www.radiopiu.net\/wordpress\/giornale\/15-3\/'><img loading=\"lazy\" decoding=\"async\" width=\"150\" height=\"150\" src=\"https:\/\/www.radiopiu.net\/wordpress\/wp-content\/uploads\/2023\/03\/15-150x150.jpg\" class=\"attachment-thumbnail size-thumbnail\" alt=\"\" \/><\/a>\n\t\t\t\t<\/dt><\/dl><dl class='gallery-item'>\n\t\t\t\t<dt class='gallery-icon portrait'>\n\t\t\t\t\t<a class=\"rollover\" href='https:\/\/www.radiopiu.net\/wordpress\/giornale\/16-4\/'><img loading=\"lazy\" decoding=\"async\" width=\"150\" height=\"150\" src=\"https:\/\/www.radiopiu.net\/wordpress\/wp-content\/uploads\/2023\/03\/16-150x150.jpg\" class=\"attachment-thumbnail size-thumbnail\" alt=\"\" \/><\/a>\n\t\t\t\t<\/dt><\/dl><dl class='gallery-item'>\n\t\t\t\t<dt class='gallery-icon portrait'>\n\t\t\t\t\t<a class=\"rollover\" href='https:\/\/www.radiopiu.net\/wordpress\/giornale\/17-6\/'><img loading=\"lazy\" decoding=\"async\" width=\"150\" height=\"150\" src=\"https:\/\/www.radiopiu.net\/wordpress\/wp-content\/uploads\/2023\/03\/17-150x150.jpg\" class=\"attachment-thumbnail size-thumbnail\" alt=\"\" \/><\/a>\n\t\t\t\t<\/dt><\/dl><dl class='gallery-item'>\n\t\t\t\t<dt class='gallery-icon portrait'>\n\t\t\t\t\t<a class=\"rollover\" href='https:\/\/www.radiopiu.net\/wordpress\/giornale\/18-2\/'><img loading=\"lazy\" decoding=\"async\" width=\"150\" height=\"150\" src=\"https:\/\/www.radiopiu.net\/wordpress\/wp-content\/uploads\/2023\/03\/18-150x150.jpg\" class=\"attachment-thumbnail size-thumbnail\" alt=\"\" \/><\/a>\n\t\t\t\t<\/dt><\/dl><br style=\"clear: both\" \/>\n\t\t\t<\/div>\n\n<p>NELLE FOTO (riproduzioni dal libretto \u201cArturo Dell\u2019Oro\u201d di Loredana Pra Baldi): la copertina della pubblicazione con l\u2019eroe italo-cileno; emigranti italiani; Arturo giovane aviatore; eccolo a bordo del suo aereo; l\u2019eroe con medaglia d\u2019argento e poi d\u2019oro; a bordo del caccia Nieuport; aereo della prima guerra mondiale in volo; in procinto di volare; i resti dell\u2019aereo di Dell\u2019Oro sulle pendici del monte Pelf; folta partecipazione alle esequie dell\u2019eroico pilota; la prima tomba al cimitero bellunese di Prade; il cippo tuttora esistente; cerimonia di traslazione della salma all\u2019Ossario Sacrario di Mussoi; i resti oggi sono nel Tempio ai Caduti per la Patria; motivazione delle decorazioni al valore; gonfalone dell\u2019Associazione Aeronautica di Belluno; Arturo di fronte alla mitragliatrice \u201cLewis calibro 77\u201d in dotazione al suo caccia, inceppatasi nell\u2019ultimo duello aereo; a Forno di Zoldo col padre.<\/p>\n<p>&nbsp;<\/p>\n<p>&nbsp;<\/p>\n<hr \/>\n<p>&nbsp;<\/p>\n<div>\n<div class=\"b654a4as d2edcug0\">\n<div class=\"rq0escxv hkbzh7o3 jwdofwj8 n8tt0mok r8blr3vg hyh9befq\">\n<p><a class=\"dt-pswp-item\" href=\"https:\/\/www.radiopiu.net\/wordpress\/wp-content\/uploads\/2020\/10\/pp.jpg\" data-dt-img-description=\"\" data-large_image_width=\"640\" data-large_image_height=\"640\"><img loading=\"lazy\" decoding=\"async\" class=\"wp-image-163678 alignleft\" src=\"https:\/\/www.radiopiu.net\/wordpress\/wp-content\/uploads\/2020\/10\/pp-300x300.jpg\" alt=\"\" width=\"106\" height=\"106\" srcset=\"https:\/\/www.radiopiu.net\/wordpress\/wp-content\/uploads\/2020\/10\/pp-300x300.jpg 300w, https:\/\/www.radiopiu.net\/wordpress\/wp-content\/uploads\/2020\/10\/pp-150x150.jpg 150w, https:\/\/www.radiopiu.net\/wordpress\/wp-content\/uploads\/2020\/10\/pp-125x125.jpg 125w, https:\/\/www.radiopiu.net\/wordpress\/wp-content\/uploads\/2020\/10\/pp-200x200.jpg 200w, https:\/\/www.radiopiu.net\/wordpress\/wp-content\/uploads\/2020\/10\/pp-80x80.jpg 80w, https:\/\/www.radiopiu.net\/wordpress\/wp-content\/uploads\/2020\/10\/pp-480x480.jpg 480w, https:\/\/www.radiopiu.net\/wordpress\/wp-content\/uploads\/2020\/10\/pp.jpg 640w\" sizes=\"auto, (max-width: 106px) 100vw, 106px\" \/><\/a><\/p>\n<\/div>\n<\/div>\n<\/div>\n<div>\n<div class=\"page-title-head hgroup\">\n<div class=\"page-title-head hgroup\">\n<div class=\"b654a4as d2edcug0\">\n<div class=\"j83agx80 btwxx1t3 lhclo0ds hop8lmos nkwizq5d scwd0bx6 roh60bw9\">\n<div class=\"rq0escxv hkbzh7o3 jwdofwj8 n8tt0mok r8blr3vg hyh9befq\">\n<div class=\"do00u71z l9j0dhe7 k4urcfbm\" style=\"text-align: left;\">\n<h2><span style=\"color: #000080;\">DON CESARE, IL PENSIERO DEL GIORNO. ALLA RADIO ALLE 7 DEL MATTINO E ALLE 19.30 DELLA SERA\u00a0<\/span><\/h2>\n<\/div>\n<\/div>\n<\/div>\n<\/div>\n<\/div>\n<\/div>\n<\/div>\n<audio class=\"wp-audio-shortcode\" id=\"audio-326467-15\" preload=\"none\" style=\"width: 100%;\" controls=\"controls\"><source type=\"audio\/mpeg\" src=\"https:\/\/www.radiopiu.net\/wordpress\/wp-content\/uploads\/2023\/03\/CESARE-11.mp3?_=15\" \/><a href=\"https:\/\/www.radiopiu.net\/wordpress\/wp-content\/uploads\/2023\/03\/CESARE-11.mp3\">https:\/\/www.radiopiu.net\/wordpress\/wp-content\/uploads\/2023\/03\/CESARE-11.mp3<\/a><\/audio>\n<p>&nbsp;<\/p>\n<hr \/>\n<p>&nbsp;<\/p>\n<h2><span style=\"color: #ff00ff;\">IN VIVO VERSO\u00a0 \u00a0 \u00a0<\/span><\/h2>\n<blockquote>\n<h3>ERA LA LIBERTA&#8217; DI NICOLA SCODRO<\/h3>\n<\/blockquote>\n<p>AUDIO<\/p>\n<audio class=\"wp-audio-shortcode\" id=\"audio-326467-16\" preload=\"none\" style=\"width: 100%;\" controls=\"controls\"><source type=\"audio\/mpeg\" src=\"https:\/\/www.radiopiu.net\/wordpress\/wp-content\/uploads\/2023\/03\/02-NICOLA-SCODRO-ERA-LA-LIBERA.mp3?_=16\" \/><a href=\"https:\/\/www.radiopiu.net\/wordpress\/wp-content\/uploads\/2023\/03\/02-NICOLA-SCODRO-ERA-LA-LIBERA.mp3\">https:\/\/www.radiopiu.net\/wordpress\/wp-content\/uploads\/2023\/03\/02-NICOLA-SCODRO-ERA-LA-LIBERA.mp3<\/a><\/audio>\n<p><a class=\"dt-pswp-item\" href=\"https:\/\/www.radiopiu.net\/wordpress\/wp-content\/uploads\/2023\/03\/2-NICOLA-SCODRO.jpg\" data-dt-img-description=\"\" data-large_image_width=\"640\" data-large_image_height=\"640\"><img loading=\"lazy\" decoding=\"async\" class=\"wp-image-326512 alignleft\" src=\"https:\/\/www.radiopiu.net\/wordpress\/wp-content\/uploads\/2023\/03\/2-NICOLA-SCODRO-300x300.jpg\" alt=\"\" width=\"143\" height=\"143\" srcset=\"https:\/\/www.radiopiu.net\/wordpress\/wp-content\/uploads\/2023\/03\/2-NICOLA-SCODRO-300x300.jpg 300w, https:\/\/www.radiopiu.net\/wordpress\/wp-content\/uploads\/2023\/03\/2-NICOLA-SCODRO-150x150.jpg 150w, https:\/\/www.radiopiu.net\/wordpress\/wp-content\/uploads\/2023\/03\/2-NICOLA-SCODRO.jpg 640w\" sizes=\"auto, (max-width: 143px) 100vw, 143px\" \/><\/a><strong>Nicola Scodro<\/strong><br \/>\n<strong>ERA LA LIBERTA&#8217;<\/strong><\/p>\n<p>Era la libert\u00e0.<br \/>\nIn principio i boschi<br \/>\numidi e fitti, gli<br \/>\nsmeraldi incastonati<br \/>\ndove solo gli stambecchi<br \/>\ns&#8217;abbeveravano stanchi<br \/>\nal precipitare rossastro<br \/>\ndel Sole<\/p>\n<p>Viveva di poco,<br \/>\nun fuoco tra i ghiacci,<br \/>\nil sussurro del vento,<br \/>\nil sole sui rododendri<br \/>\nla presenza della morte<br \/>\nche insegnava a sopravvivere<\/p>\n<p>L&#8217;uomo ritorna al cielo<\/p>\n<p>In principio era la libert\u00e0.<\/p>\n<p>&nbsp;<\/p>\n<div dir=\"auto\">\n<div dir=\"auto\">\n<div dir=\"auto\">\n<div dir=\"auto\">\n<div dir=\"auto\">\n<div dir=\"auto\">\n<p><strong>LA RACCOLTA COMPLETA<\/strong><\/p>\n<blockquote class=\"wp-embedded-content\" data-secret=\"y97wk3d1qB\"><p><a href=\"https:\/\/www.radiopiu.net\/wordpress\/in-vivo-verso\/\">In Vivo Verso<\/a><\/p><\/blockquote>\n<p><iframe loading=\"lazy\" class=\"wp-embedded-content\" sandbox=\"allow-scripts\" security=\"restricted\" style=\"position: absolute; clip: rect(1px, 1px, 1px, 1px);\" title=\"&#8220;In Vivo Verso&#8221; &#8212; Radio Pi\u00f9\" src=\"https:\/\/www.radiopiu.net\/wordpress\/in-vivo-verso\/embed\/#?secret=9bu7jtiAaQ#?secret=y97wk3d1qB\" data-secret=\"y97wk3d1qB\" width=\"600\" height=\"338\" frameborder=\"0\" marginwidth=\"0\" marginheight=\"0\" scrolling=\"no\"><\/iframe><\/p>\n<p>&nbsp;<\/p>\n<\/div>\n<\/div>\n<\/div>\n<\/div>\n<\/div>\n<\/div>\n<p>&nbsp;<\/p>\n<hr \/>\n<p>&nbsp;<\/p>\n<h2><span style=\"color: #008080;\">GOCCE DI FILOSOFIA\u00a0<\/span><\/h2>\n<blockquote>\n<h3>GOCCE DI FILOSOFIA \u2013 PUNTATA 267\u2013 CHIARA CAU<\/h3>\n<\/blockquote>\n<audio class=\"wp-audio-shortcode\" id=\"audio-326467-17\" preload=\"none\" style=\"width: 100%;\" controls=\"controls\"><source type=\"audio\/mpeg\" src=\"https:\/\/www.radiopiu.net\/wordpress\/wp-content\/uploads\/2023\/03\/FI2-1.mp3?_=17\" \/><a href=\"https:\/\/www.radiopiu.net\/wordpress\/wp-content\/uploads\/2023\/03\/FI2-1.mp3\">https:\/\/www.radiopiu.net\/wordpress\/wp-content\/uploads\/2023\/03\/FI2-1.mp3<\/a><\/audio>\n<p>&nbsp;<\/p>\n<p>LA RACCOLTA COMPLETA<\/p>\n<blockquote class=\"wp-embedded-content\" data-secret=\"DA3QE7jCEb\"><p><a href=\"https:\/\/www.radiopiu.net\/wordpress\/gocce-filosofia\/\">Gocce di filosofia,  LA TERZA STAGIONE&#8230; 2023<\/a><\/p><\/blockquote>\n<p><iframe loading=\"lazy\" class=\"wp-embedded-content\" sandbox=\"allow-scripts\" security=\"restricted\" style=\"position: absolute; clip: rect(1px, 1px, 1px, 1px);\" title=\"&#8220;Gocce di filosofia,  LA TERZA STAGIONE&#8230; 2023&#8221; &#8212; Radio Pi\u00f9\" src=\"https:\/\/www.radiopiu.net\/wordpress\/gocce-filosofia\/embed\/#?secret=pEDoDxJrSk#?secret=DA3QE7jCEb\" data-secret=\"DA3QE7jCEb\" width=\"600\" height=\"338\" frameborder=\"0\" marginwidth=\"0\" marginheight=\"0\" scrolling=\"no\"><\/iframe><\/p>\n<hr \/>\n<p>&nbsp;<\/p>\n<p>&nbsp;<\/p>\n<blockquote class=\"wp-embedded-content\" data-secret=\"zUjMVlTpbT\"><p><a href=\"https:\/\/www.radiopiu.net\/wordpress\/puntat26\/\">TRENTATRE&#8217; PER TRE il  programma alla radio, con ALDO BRIGADOI &#8220;L&#8217;ALDONE&#8221;<\/a><\/p><\/blockquote>\n<p><iframe loading=\"lazy\" class=\"wp-embedded-content\" sandbox=\"allow-scripts\" security=\"restricted\" style=\"position: absolute; clip: rect(1px, 1px, 1px, 1px);\" title=\"&#8220;TRENTATRE&#8217; PER TRE il  programma alla radio, con ALDO BRIGADOI &#8220;L&#8217;ALDONE&#8221;&#8221; &#8212; Radio Pi\u00f9\" src=\"https:\/\/www.radiopiu.net\/wordpress\/puntat26\/embed\/#?secret=SvCUjokDSD#?secret=zUjMVlTpbT\" data-secret=\"zUjMVlTpbT\" width=\"600\" height=\"338\" frameborder=\"0\" marginwidth=\"0\" marginheight=\"0\" scrolling=\"no\"><\/iframe><\/p>\n<p>&nbsp;<\/p>\n<p>&nbsp;<\/p>\n<p>&nbsp;<\/p>\n<blockquote class=\"wp-embedded-content\" data-secret=\"ECYWKOOxI4\"><p><a href=\"https:\/\/www.radiopiu.net\/wordpress\/il-ritorno-del-country-alla-radio-il-ritorno-di-alex-nascinben\/\">IL RITORNO DEL COUNTRY ALLA RADIO&#8230; IL RITORNO DI ALEX NASCINBEN<\/a><\/p><\/blockquote>\n<p><iframe loading=\"lazy\" class=\"wp-embedded-content\" sandbox=\"allow-scripts\" security=\"restricted\" style=\"position: absolute; clip: rect(1px, 1px, 1px, 1px);\" title=\"&#8220;IL RITORNO DEL COUNTRY ALLA RADIO&#8230; IL RITORNO DI ALEX NASCINBEN&#8221; &#8212; Radio Pi\u00f9\" src=\"https:\/\/www.radiopiu.net\/wordpress\/il-ritorno-del-country-alla-radio-il-ritorno-di-alex-nascinben\/embed\/#?secret=q7Xsj25XaL#?secret=ECYWKOOxI4\" data-secret=\"ECYWKOOxI4\" width=\"600\" height=\"338\" frameborder=\"0\" marginwidth=\"0\" marginheight=\"0\" scrolling=\"no\"><\/iframe><\/p>\n<p>&nbsp;<\/p>\n<p>&nbsp;<\/p>\n<p>&nbsp;<\/p>\n<hr \/>\n<p>&nbsp;<\/p>\n<div class=\"column\">\n<p><img loading=\"lazy\" decoding=\"async\" class=\"aligncenter wp-image-61954 size-full\" src=\"https:\/\/www.radiopiu.net\/wordpress\/wp-content\/uploads\/2018\/09\/viabilita.jpeg\" sizes=\"auto, (max-width: 800px) 100vw, 800px\" srcset=\"https:\/\/www.radiopiu.net\/wordpress\/wp-content\/uploads\/2018\/09\/viabilita.jpeg 800w, https:\/\/www.radiopiu.net\/wordpress\/wp-content\/uploads\/2018\/09\/viabilita-300x38.jpeg 300w, https:\/\/www.radiopiu.net\/wordpress\/wp-content\/uploads\/2018\/09\/viabilita-768x96.jpeg 768w\" alt=\"\" width=\"800\" height=\"100\" \/><\/p>\n<p>&nbsp;<\/p>\n<blockquote class=\"wp-embedded-content\" data-secret=\"3l40g7iDrt\"><p><a href=\"https:\/\/www.radiopiu.net\/wordpress\/viabilita\/\">viabilita<\/a><\/p><\/blockquote>\n<p><iframe loading=\"lazy\" class=\"wp-embedded-content\" sandbox=\"allow-scripts\" security=\"restricted\" style=\"position: absolute; clip: rect(1px, 1px, 1px, 1px);\" title=\"&#8220;viabilita&#8221; &#8212; Radio Pi\u00f9\" src=\"https:\/\/www.radiopiu.net\/wordpress\/viabilita\/embed\/#?secret=74WQy6lnfI#?secret=3l40g7iDrt\" data-secret=\"3l40g7iDrt\" width=\"600\" height=\"338\" frameborder=\"0\" marginwidth=\"0\" marginheight=\"0\" scrolling=\"no\"><\/iframe><\/p>\n<div>\n<div dir=\"ltr\">\n<div class=\"gmail_quote\">\n<div dir=\"ltr\">\n<div class=\"gmail_quote\"><\/div>\n<\/div>\n<\/div>\n<\/div>\n<\/div>\n<p>&nbsp;<\/p>\n<hr \/>\n<p>&nbsp;<\/p>\n<p><a class=\"dt-pswp-item\" href=\"https:\/\/www.radiopiu.net\/wordpress\/wp-content\/uploads\/2018\/09\/WhatsApp-Image-2018-09-20-at-16.04.06.jpeg\" data-dt-img-description=\"\" data-large_image_width=\"800\" data-large_image_height=\"100\"><img loading=\"lazy\" decoding=\"async\" class=\"wp-image-61378 size-full aligncenter\" src=\"https:\/\/www.radiopiu.net\/wordpress\/wp-content\/uploads\/2018\/09\/WhatsApp-Image-2018-09-20-at-16.04.06.jpeg\" alt=\"\" width=\"800\" height=\"100\" srcset=\"https:\/\/www.radiopiu.net\/wordpress\/wp-content\/uploads\/2018\/09\/WhatsApp-Image-2018-09-20-at-16.04.06.jpeg 800w, https:\/\/www.radiopiu.net\/wordpress\/wp-content\/uploads\/2018\/09\/WhatsApp-Image-2018-09-20-at-16.04.06-300x38.jpeg 300w, https:\/\/www.radiopiu.net\/wordpress\/wp-content\/uploads\/2018\/09\/WhatsApp-Image-2018-09-20-at-16.04.06-768x96.jpeg 768w\" sizes=\"auto, (max-width: 800px) 100vw, 800px\" \/><\/a><\/p>\n<p>&nbsp;<\/p>\n<p><center><b>OGGI<\/b><\/center><b>Tempo atteso: <\/b>Ritorno del sole e del cielo in prevalenza sereno, salvo qualche residuo annuvolamento al primo mattino. Il contesto termico sar\u00e0 molto pi\u00f9 freddo e ventilato in quota, mentre il ritorno del sole e gli episodi di Foehn favoriranno locali aumenti nelle valli. <b>Temperature: <\/b>Minime in generale diminuzione, in maniera pi\u00f9 sensibile in quota<\/p>\n<hr \/>\n<p><center><b>DOMANI<\/b><\/center><b>Tempo atteso: <\/b>Tempo ben soleggiato e stabile, con cielo perlopi\u00f9 sereno salvo qualche banco di nubi alte in giornata.<br \/>\n<b>Temperature: <\/b>Temperature minime in ulteriore lieve calo sotto sui 2000 m e in rialzo sopra tale quota<\/p>\n<hr \/>\n<p><center><b>VENERDI<\/b><\/center>Tempo ben soleggiato con cielo sereno, salvo temporanee velature per sottili nubi alte al primo mattino. Zero termico oltre i 3000 metri.<\/p>\n<hr \/>\n<p><center><b>SABATO<\/b><\/center>Tempo stabile ma con presenza di estese nubi alte specie dal pomeriggio. Temperature stazionarie e su valori ben superiori alla media<\/p>\n<\/div>\n<p>&nbsp;<\/p>\n<blockquote class=\"wp-embedded-content\" data-secret=\"OXuR9cjKch\"><p><a href=\"https:\/\/www.radiopiu.net\/wordpress\/torna-la-neve-sulle-cime-dolomitiche-il-bolletino-neve-al-suolo-di-arpav\/\">TORNA LA NEVE SULLE CIME DOLOMITICHE. IL BOLLETINO NEVE AL SUOLO DI ARPAV<\/a><\/p><\/blockquote>\n<p><iframe loading=\"lazy\" class=\"wp-embedded-content\" sandbox=\"allow-scripts\" security=\"restricted\" style=\"position: absolute; clip: rect(1px, 1px, 1px, 1px);\" title=\"&#8220;TORNA LA NEVE SULLE CIME DOLOMITICHE. IL BOLLETINO NEVE AL SUOLO DI ARPAV&#8221; &#8212; Radio Pi\u00f9\" src=\"https:\/\/www.radiopiu.net\/wordpress\/torna-la-neve-sulle-cime-dolomitiche-il-bolletino-neve-al-suolo-di-arpav\/embed\/#?secret=4htAoNuxEe#?secret=OXuR9cjKch\" data-secret=\"OXuR9cjKch\" width=\"600\" height=\"338\" frameborder=\"0\" marginwidth=\"0\" marginheight=\"0\" scrolling=\"no\"><\/iframe><\/p>\n<p>&nbsp;<\/p>\n<hr \/>\n<p>&nbsp;<\/p>\n<p><a class=\"dt-pswp-item\" href=\"https:\/\/www.radiopiu.net\/wordpress\/wp-content\/uploads\/2018\/09\/sport.jpg\" data-dt-img-description=\"\" data-large_image_width=\"800\" data-large_image_height=\"100\"><img loading=\"lazy\" decoding=\"async\" class=\"aligncenter wp-image-60761 size-full\" src=\"https:\/\/www.radiopiu.net\/wordpress\/wp-content\/uploads\/2018\/09\/sport.jpg\" alt=\"\" width=\"800\" height=\"100\" srcset=\"https:\/\/www.radiopiu.net\/wordpress\/wp-content\/uploads\/2018\/09\/sport.jpg 800w, https:\/\/www.radiopiu.net\/wordpress\/wp-content\/uploads\/2018\/09\/sport-300x38.jpg 300w, https:\/\/www.radiopiu.net\/wordpress\/wp-content\/uploads\/2018\/09\/sport-768x96.jpg 768w\" sizes=\"auto, (max-width: 800px) 100vw, 800px\" \/><\/a><\/p>\n<p><span style=\"color: #0000ff;\"><strong>\u00a0 \u00a0<\/strong><\/span><\/p>\n<p><span style=\"color: #0000ff;\"><strong>HOCKEY SU GHIACCIO<\/strong><\/span><\/p>\n<blockquote>\n<h3 class=\"entry-title\">L\u2019ALLEGHE\/CORTINA UNDER 17 BEFFATO DAL JUNIORTEAM NEGLI ULTIMI DUE MINUTI<\/h3>\n<\/blockquote>\n<p><strong class=\"photoswipe-wrapper\"><a class=\"dt-pswp-item pspw-wrap-ready\" href=\"https:\/\/www.radiopiu.net\/wordpress\/wp-content\/uploads\/2023\/03\/D07D54A8-2724-4C34-B338-A283CACBD918.jpeg\" data-dt-img-description=\"\" data-large_image_width=\"1496\" data-large_image_height=\"1496\"><img loading=\"lazy\" decoding=\"async\" class=\" wp-image-326592 alignleft\" src=\"https:\/\/www.radiopiu.net\/wordpress\/wp-content\/uploads\/2023\/03\/D07D54A8-2724-4C34-B338-A283CACBD918-300x300.jpeg\" sizes=\"auto, (max-width: 300px) 100vw, 300px\" srcset=\"https:\/\/www.radiopiu.net\/wordpress\/wp-content\/uploads\/2023\/03\/D07D54A8-2724-4C34-B338-A283CACBD918-300x300.jpeg 300w, https:\/\/www.radiopiu.net\/wordpress\/wp-content\/uploads\/2023\/03\/D07D54A8-2724-4C34-B338-A283CACBD918-1024x1024.jpeg 1024w, https:\/\/www.radiopiu.net\/wordpress\/wp-content\/uploads\/2023\/03\/D07D54A8-2724-4C34-B338-A283CACBD918-150x150.jpeg 150w, https:\/\/www.radiopiu.net\/wordpress\/wp-content\/uploads\/2023\/03\/D07D54A8-2724-4C34-B338-A283CACBD918-768x768.jpeg 768w, https:\/\/www.radiopiu.net\/wordpress\/wp-content\/uploads\/2023\/03\/D07D54A8-2724-4C34-B338-A283CACBD918.jpeg 1496w\" alt=\"\" width=\"167\" height=\"167\" \/><\/a>Di Marco Gaz<\/strong><\/p>\n<p><span style=\"color: #ff0000;\"><strong>GARA 2 QUARTI DI FINALE CAMPIONATO UNDER 17<\/strong><\/span><\/p>\n<p><strong>JUNIORTEAM \u2013 ALLEGHE\/CORTINA 3-3<\/strong><\/p>\n<p><strong>GOL ALLEGHE\/CORTINA: 2 Sudiro, Tolomelli<\/strong><\/p>\n<p>Termina con una beffa la stagione dell\u2019Alleghe\/Cortina Under 17. La squadra allenata da Paolo De Biasio esce ai quarti di finale con gli altoatesini del Juniorteam dopo una delle pi\u00f9 belle prestazioni della stagione. Le civette hanno assaporato l\u2019occasione di giocarsi l\u2019overtime fino a due minuti dal termine ma la squadra di Egna ha saputo essere incisiva nel finale pareggiando la partita e strappando il pass per le semifinali. Nonostante tutto la squadra mista bellunese se l\u2019\u00e8 giocata dall\u2019inizio alla fine mettendo in difficolt\u00e0 i padroni di casa. A sbloccare il punteggio \u00e8 l\u2019Alleghe\/Cortina che al decimo trova il vantaggio con Sudiro. Lo stesso Sudiro si ripete dopo 6\u2019 della seconda frazione ma gli altoatesini accorciano le distanze subito dopo. Nel terzo drittel le civette siglano la terza marcatura della serata con Tolomelli. I giochi sembrano fatti e la formazione di De Biasio si chiude in difesa in attesa di giocarsi il tutto per tutto nell\u2019overtime. Ma a rovinare l\u2019impresa della squadra mista bellunese ci pensano due reti in rapida successione del Juniorteam, che togliendo il portiere danno il massimo con l\u2019uomo in pi\u00f9. Termina in pareggio e ad accedere alla fase successiva sono i ragazzi di Egna. Ma le civette escono dal campo a testa alta dopo una prestazione con i fiocchi.<\/p>\n<p>&nbsp;<\/p>\n<p>&nbsp;<\/p>\n<hr \/>\n<p>&nbsp;<\/p>\n<p><strong><span style=\"color: #0000ff;\">PARALIMPIADI\u00a0<\/span><\/strong><\/p>\n<blockquote>\n<h3>LA PIOGGIA CANCELLA LA PRIMA FINALE DI SCI PARALIMPICO<\/h3>\n<\/blockquote>\n<p><strong><img loading=\"lazy\" decoding=\"async\" class=\"alignleft\" src=\"https:\/\/www.radiopiu.net\/wordpress\/wp-content\/uploads\/2023\/03\/th-13.jpg\" width=\"175\" height=\"98\" \/>CORTINA<\/strong><\/p>\n<p><strong>DI ROBERTO BONA<\/strong><\/p>\n<audio class=\"wp-audio-shortcode\" id=\"audio-326467-18\" preload=\"none\" style=\"width: 100%;\" controls=\"controls\"><source type=\"audio\/mpeg\" src=\"https:\/\/www.radiopiu.net\/wordpress\/wp-content\/uploads\/2023\/03\/FinaliParalimpicheCortina.mp3?_=18\" \/><a href=\"https:\/\/www.radiopiu.net\/wordpress\/wp-content\/uploads\/2023\/03\/FinaliParalimpicheCortina.mp3\">https:\/\/www.radiopiu.net\/wordpress\/wp-content\/uploads\/2023\/03\/FinaliParalimpicheCortina.mp3<\/a><\/audio>\n<p>&nbsp;<\/p>\n<p>&nbsp;<\/p>\n<p><span style=\"color: #0000ff;\"><strong>SCI\u00a0<\/strong><\/span><\/p>\n<blockquote>\n<h3><span style=\"color: #0000ff;\"><strong><span style=\"color: #000000;\">TRE ATLETI DELLO SKI COLLEGE AI MONDIALI JUNIORES\u00a0<\/span><\/strong><\/span><\/h3>\n<\/blockquote>\n<div class=\"entry-meta\">Un\u2019altra grande soddisfazione per lo Ski College di Falcade. Sono infatti tre i ragazzi\u00a0 <a href=\"https:\/\/fisi.org\/tutti-i-convocati-per-i-mondiali-juniores-di-sbx-e-snowboard-alpino-a-bansko-e-passo-san-pellegrino\/\" target=\"_blank\" rel=\"noopener\">convocati dalla Fisi<\/a> per i Campionati del mondo Juniores di snowboard cross, in programma alla ski area San Pellegrino il 30 e 31 marzo. Si tratta di Giovanni Di Mola, Federico Podda ed Allyson Don\u00f2.<\/div>\n<div><\/div>\n<blockquote>\n<h3><a class=\"dt-pswp-item\" href=\"https:\/\/www.radiopiu.net\/wordpress\/wp-content\/uploads\/2023\/03\/skicross-san-pellegrino-marzo-2022-credito-luca-menegolli.jpeg\" data-dt-img-description=\"\" data-large_image_width=\"2048\" data-large_image_height=\"1365\"><img loading=\"lazy\" decoding=\"async\" class=\" wp-image-326518 alignleft\" src=\"https:\/\/www.radiopiu.net\/wordpress\/wp-content\/uploads\/2023\/03\/skicross-san-pellegrino-marzo-2022-credito-luca-menegolli-300x200.jpeg\" alt=\"\" width=\"203\" height=\"135\" srcset=\"https:\/\/www.radiopiu.net\/wordpress\/wp-content\/uploads\/2023\/03\/skicross-san-pellegrino-marzo-2022-credito-luca-menegolli-300x200.jpeg 300w, https:\/\/www.radiopiu.net\/wordpress\/wp-content\/uploads\/2023\/03\/skicross-san-pellegrino-marzo-2022-credito-luca-menegolli-1024x683.jpeg 1024w, https:\/\/www.radiopiu.net\/wordpress\/wp-content\/uploads\/2023\/03\/skicross-san-pellegrino-marzo-2022-credito-luca-menegolli-768x512.jpeg 768w, https:\/\/www.radiopiu.net\/wordpress\/wp-content\/uploads\/2023\/03\/skicross-san-pellegrino-marzo-2022-credito-luca-menegolli-1536x1024.jpeg 1536w, https:\/\/www.radiopiu.net\/wordpress\/wp-content\/uploads\/2023\/03\/skicross-san-pellegrino-marzo-2022-credito-luca-menegolli.jpeg 2048w\" sizes=\"auto, (max-width: 203px) 100vw, 203px\" \/><\/a>LO SKI COLLEGE VENETO FALCADE ORGANIZZA UNA DUE GIORNI DI COPPA EUROPA DI SKI CROSS<\/h3>\n<\/blockquote>\n<p>Domani e giovedi\u00a0 lo Ski College Veneto organizza due gare di Coppa Europa di ski cross, disciplina emergente che fa parte dell\u2019ambito freestyle e che ai recenti Campionati del mondo di Bakuriani, in Georgia, ha visto il trentino Simone Deromedis conquistare la medaglia d\u2019oro, regalando cos\u00ec all\u2019Italia il primo titolo iridato nella disciplina. L\u2019appuntamento \u00e8 alla ski area San Pellegrino. Saranno un centinaio gli atleti e le atlete che si daranno battaglia<\/p>\n<p>&nbsp;<\/p>\n<p>&nbsp;<\/p>\n<hr \/>\n<p>&nbsp;<\/p>\n<p><span style=\"color: #0000ff;\"><strong>PALLANUOTO<\/strong><\/span><\/p>\n<blockquote>\n<h3>L&#8217;UNDER 16 DELA SPORTIVAMENTE BELLUNO SUPERA IL TRENTO<\/h3>\n<\/blockquote>\n<p><strong><a class=\"dt-pswp-item\" href=\"https:\/\/www.radiopiu.net\/wordpress\/wp-content\/uploads\/2021\/11\/piscina-2.jpg\" data-dt-img-description=\"\" data-large_image_width=\"960\" data-large_image_height=\"539\"><img loading=\"lazy\" decoding=\"async\" class=\" wp-image-245598 alignleft\" src=\"https:\/\/www.radiopiu.net\/wordpress\/wp-content\/uploads\/2021\/11\/piscina-2-300x168.jpg\" alt=\"\" width=\"171\" height=\"96\" srcset=\"https:\/\/www.radiopiu.net\/wordpress\/wp-content\/uploads\/2021\/11\/piscina-2-300x168.jpg 300w, https:\/\/www.radiopiu.net\/wordpress\/wp-content\/uploads\/2021\/11\/piscina-2-768x431.jpg 768w, https:\/\/www.radiopiu.net\/wordpress\/wp-content\/uploads\/2021\/11\/piscina-2.jpg 960w\" sizes=\"auto, (max-width: 171px) 100vw, 171px\" \/><\/a>BELLUNO<\/strong> La Sportivamente Belluno cresce anche nella pallanuoto. Soprattutto grazie all\u2019Under 16, che domenica scorsa \u00e8 riuscita a superare la RN Trento, al termine di una gara di grande intensit\u00e0 e ricca di emozioni: 13-11 il punteggio. Dopo un ottimo avvio di gara, caratterizzato dalle reti di Barp, Franz e Luisetto (3-1), i bellunesi subiscono la rimonta trentina e, a fine primo tempo, sono costretti a inseguire: 3-4. Altra musica nel secondo round, quando Barbaresi trova un gran gol e Luisetto timbra una doppietta che vale il controsorpasso. Alla pausa lunga sono avanti i padroni di casa: 7-6. Le emozioni, per\u00f2, non sono terminate. Al contrario. E nel finale, la formazione trentina riesce a cucire per due volte la situazione di doppio svantaggio. Ma i portieri De Barba e Crescini sono insuperabili, Luisetto va a segno sei volte, Franz cala il tris e Barabaresi, in contropiede, pone il sigillo numero 13 (a 11). E regala la vittoria alla Sportivamente Belluno, per la gioia del numeroso pubblico presente sulle tribune della piscina.<\/p>\n","protected":false},"excerpt":{"rendered":"<p>RADIO PIU INFORMAZIONE il canale su TELEGRAM informazione di prima\u00a0 mano e in tempo reale. iscriviti ed aiutaci a farlo conoscere\u00a0 \u00a0 \u00a0 &nbsp; &nbsp; LA NEVICATA AL GIAU, TELEGRAM VIABILITA&#8217; PROVINCIA DI BELLUNO &nbsp; &nbsp; &nbsp; ISCRIVITI AL NOSTRO CANALE YOUTUBE PER SEGUIRE IN DIRETTA I PRINCIPALI PROGRAMMI DI RADIO PIU&#8217; E LE FUTURE&hellip;<\/p>\n","protected":false},"author":4,"featured_media":326618,"comment_status":"closed","ping_status":"closed","sticky":false,"template":"","format":"standard","meta":{"_monsterinsights_skip_tracking":false,"_monsterinsights_sitenote_active":false,"_monsterinsights_sitenote_note":"","_monsterinsights_sitenote_category":0,"footnotes":""},"categories":[51,86,49],"tags":[],"class_list":["post-326467","post","type-post","status-publish","format-standard","has-post-thumbnail","hentry","category-evidenza-top","category-gr","category-news-18","category-51","category-86","category-49","description-off"],"img_url":"https:\/\/www.radiopiu.net\/wordpress\/wp-content\/uploads\/2023\/03\/GIAU.jpg","_links":{"self":[{"href":"https:\/\/www.radiopiu.net\/wordpress\/wp-json\/wp\/v2\/posts\/326467","targetHints":{"allow":["GET"]}}],"collection":[{"href":"https:\/\/www.radiopiu.net\/wordpress\/wp-json\/wp\/v2\/posts"}],"about":[{"href":"https:\/\/www.radiopiu.net\/wordpress\/wp-json\/wp\/v2\/types\/post"}],"author":[{"embeddable":true,"href":"https:\/\/www.radiopiu.net\/wordpress\/wp-json\/wp\/v2\/users\/4"}],"replies":[{"embeddable":true,"href":"https:\/\/www.radiopiu.net\/wordpress\/wp-json\/wp\/v2\/comments?post=326467"}],"version-history":[{"count":0,"href":"https:\/\/www.radiopiu.net\/wordpress\/wp-json\/wp\/v2\/posts\/326467\/revisions"}],"wp:featuredmedia":[{"embeddable":true,"href":"https:\/\/www.radiopiu.net\/wordpress\/wp-json\/wp\/v2\/media\/326618"}],"wp:attachment":[{"href":"https:\/\/www.radiopiu.net\/wordpress\/wp-json\/wp\/v2\/media?parent=326467"}],"wp:term":[{"taxonomy":"category","embeddable":true,"href":"https:\/\/www.radiopiu.net\/wordpress\/wp-json\/wp\/v2\/categories?post=326467"},{"taxonomy":"post_tag","embeddable":true,"href":"https:\/\/www.radiopiu.net\/wordpress\/wp-json\/wp\/v2\/tags?post=326467"}],"curies":[{"name":"wp","href":"https:\/\/api.w.org\/{rel}","templated":true}]}}