{"id":326474,"date":"2023-03-14T10:08:14","date_gmt":"2023-03-14T09:08:14","guid":{"rendered":"https:\/\/www.radiopiu.net\/wordpress\/?p=326474"},"modified":"2023-03-14T10:08:14","modified_gmt":"2023-03-14T09:08:14","slug":"torna-la-neve-sulle-cime-dolomitiche-il-bolletino-neve-al-suolo-di-arpav","status":"publish","type":"post","link":"https:\/\/www.radiopiu.net\/wordpress\/torna-la-neve-sulle-cime-dolomitiche-il-bolletino-neve-al-suolo-di-arpav\/","title":{"rendered":"TORNA LA NEVE SULLE CIME DOLOMITICHE. IL BOLLETINO NEVE AL SUOLO DI ARPAV"},"content":{"rendered":"<p><strong>LIVINALLONGO<\/strong> Con l&#8217;arrivo della precipitazione sulle zone dolomitiche, torna anche la neve e il Centro Valanghe ARPAV di Arabba ha distribuito il bollettino neve al suolo con le misurazioni delle ultime ore. La zona dove la neve \u00e8 scesa pi\u00f9 copiosa \u00e8 Col Dei Baldi con 10 cm. Nelle altre zone solo tracce.<\/p>\n<p><strong>IL BOLLETTINO NEVE AL SUOLO DEL CENTRO VALANGHE ARPAV DI ARABBA<\/strong><\/p>\n<a href=\"https:\/\/www.radiopiu.net\/wordpress\/wp-content\/uploads\/2023\/03\/2023_03_14_Dolomiti-Neve-al-Suolo.pdf\" class=\"pdfemb-viewer\" style=\"\" data-width=\"max\" data-height=\"max\" data-toolbar=\"top\" data-toolbar-fixed=\"on\">2023_03_14_Dolomiti Neve al Suolo<\/a>\n<p>&nbsp;<\/p>\n<p>&nbsp;<\/p>\n<p>*****<\/p>\n","protected":false},"excerpt":{"rendered":"<p>LIVINALLONGO Con l&#8217;arrivo della precipitazione sulle zone dolomitiche, torna anche la neve e il Centro Valanghe ARPAV di Arabba ha distribuito il bollettino neve al suolo con le misurazioni delle ultime ore. La zona dove la neve \u00e8 scesa pi\u00f9 copiosa \u00e8 Col Dei Baldi con 10 cm. Nelle altre zone solo tracce. IL BOLLETTINO&hellip;<\/p>\n","protected":false},"author":4,"featured_media":246934,"comment_status":"closed","ping_status":"closed","sticky":false,"template":"","format":"standard","meta":{"_monsterinsights_skip_tracking":false,"_monsterinsights_sitenote_active":false,"_monsterinsights_sitenote_note":"","_monsterinsights_sitenote_category":0,"footnotes":""},"categories":[49],"tags":[],"class_list":["post-326474","post","type-post","status-publish","format-standard","has-post-thumbnail","hentry","category-news-18","category-49","description-off"],"img_url":"https:\/\/www.radiopiu.net\/wordpress\/wp-content\/uploads\/2021\/12\/neve-fiocco.jpeg","_links":{"self":[{"href":"https:\/\/www.radiopiu.net\/wordpress\/wp-json\/wp\/v2\/posts\/326474","targetHints":{"allow":["GET"]}}],"collection":[{"href":"https:\/\/www.radiopiu.net\/wordpress\/wp-json\/wp\/v2\/posts"}],"about":[{"href":"https:\/\/www.radiopiu.net\/wordpress\/wp-json\/wp\/v2\/types\/post"}],"author":[{"embeddable":true,"href":"https:\/\/www.radiopiu.net\/wordpress\/wp-json\/wp\/v2\/users\/4"}],"replies":[{"embeddable":true,"href":"https:\/\/www.radiopiu.net\/wordpress\/wp-json\/wp\/v2\/comments?post=326474"}],"version-history":[{"count":0,"href":"https:\/\/www.radiopiu.net\/wordpress\/wp-json\/wp\/v2\/posts\/326474\/revisions"}],"wp:featuredmedia":[{"embeddable":true,"href":"https:\/\/www.radiopiu.net\/wordpress\/wp-json\/wp\/v2\/media\/246934"}],"wp:attachment":[{"href":"https:\/\/www.radiopiu.net\/wordpress\/wp-json\/wp\/v2\/media?parent=326474"}],"wp:term":[{"taxonomy":"category","embeddable":true,"href":"https:\/\/www.radiopiu.net\/wordpress\/wp-json\/wp\/v2\/categories?post=326474"},{"taxonomy":"post_tag","embeddable":true,"href":"https:\/\/www.radiopiu.net\/wordpress\/wp-json\/wp\/v2\/tags?post=326474"}],"curies":[{"name":"wp","href":"https:\/\/api.w.org\/{rel}","templated":true}]}}