{"id":326555,"date":"2023-03-15T05:46:05","date_gmt":"2023-03-15T04:46:05","guid":{"rendered":"https:\/\/www.radiopiu.net\/wordpress\/?p=326555"},"modified":"2023-03-15T06:03:37","modified_gmt":"2023-03-15T05:03:37","slug":"tassa-soggiorno-de-bernardin-scelte-condivise-con-i-comuni-contermini","status":"publish","type":"post","link":"https:\/\/www.radiopiu.net\/wordpress\/tassa-soggiorno-de-bernardin-scelte-condivise-con-i-comuni-contermini\/","title":{"rendered":"TASSA SOGGIORNO, DE BERNARDIN &#8220;SCELTE CONDIVISE CON I COMUNI CONTERMINI&#8221;"},"content":{"rendered":"<p>&nbsp;<\/p>\n<blockquote><p><em>Minoranza\u00a0 solerte nell\u2019evidenziare l\u2019aumento destinato ai turisti ma non altrettanto nel ricordare che da\u00a0 14 anni Rocca ha le tasse pi\u00f9 basse in provincia<\/em><\/p><\/blockquote>\n<p>Riguardo la lettera inviata anche ai Media dai Consiglieri di Minoranza, Bassot, De Cassan e Del Grosso,rispondei il sindaco Andrea De Bernrdin .<\/p>\n<p><strong>IL SINDACO<\/strong><br \/>\n<img loading=\"lazy\" decoding=\"async\" class=\"alignleft\" src=\"https:\/\/www.radiopiu.net\/wordpress\/wp-content\/uploads\/2021\/06\/8554eb80-bb6e-4752-a6d3-57aff91a2903.jpg\" width=\"304\" height=\"405\" \/>La scelta di aumentare la tassa di soggiorno viene da ampie discussioni e valutazioni fatte con le Amministrazioni dei Comuni contermini (Livinallongo, Colle, Alleghe, Selva e Falcade) con le quali alla fine si sono scelte tariffe condivise, ritenendo che oramai, soprattutto all\u2019estero, \u00e8 prassi consolidata trovare la tassa di soggiorno pressoch\u00e9 ovunque e anche piuttosto cara. Ormai raramente i turisti la mettono in discussione al momento del pagamento del loro soggiorno. Sul fatto di essere stati colpiti pi\u00f9 degli altri cos\u00ec duramente dalla tempesta Vaia e di aver riportato ferite davvero notevoli che stiamo tentando di rimarginare, ritengo debba essere motivo ulteriore per ricordare al turista quanto questa piccola aggiunta giornaliera che va da 0,50 centesimi a 2,50 euro al giorno, a seconda di dove alloggiano, serve proprio anche ad aiutare il territorio a risollevarsi. Non \u00e8 corretto nemmeno dire che tutto \u00e8 distrutto perch\u00e9 affermarlo sarebbe ingiusto ,cattivo e non veritiero. Certo molto \u00e8 ancora da fare ma garantisco che molto ancora si far\u00e0. Ingenti contributi sono arrivati dalla Regione e devono essere gestiti con appalti e lavori spesso impantanati in una burocrazia che \u00e8 tipica del nostro Paese Italia e che tutti dovremmo ormai ben conoscere, soprattutto gli Amministratori. Per onest\u00e0 intellettuale bisognerebbe essere capaci di ricordare come eravamo ridotti a fine 2018 e riuscire ad essere sufficientemente obiettivi per confrontare (anche con fotografie alla mano) quanto \u00e8 stato sistemato e quanto, ripeto, si sta sistemando. Spiace vedere la Minoranza cos\u00ec solerte nell\u2019evidenziare l\u2019aumento destinato ai turisti e sottacere invece il fatto, ben pi\u00f9 importante a mio avviso,di come da ben 14 anni Rocca mantenga tassazioni fra le pi\u00f9 basse della Provincia. L\u2019Irpef ad esempio, Imposta sulle persone fisiche, in Comune a Rocca Pietore \u00e8 ancora allo 0,40 e, a parte un paio di Comuni, risulta la pi\u00f9 bassa in assoluto della nostra Provincia. Come hanno fatto recentissimamente altri Comuni, per riuscire a chiudere il bilancio, avremmo potuto anche noi raddoppiare l\u2019aliquota, con buona pace di tutti, colpendo i nostri residenti e incassando in un colpo solo quasi 70mila euro in pi\u00f9. Sottolineo che ad aiutarci a mantenere basse IMU e IRPEF negli anni, \u00e8 stata soprattutto la centralina comunale, fortemente voluta dalla prima mia amministrazione e altrettanto osteggiata dalla minoranza. Purtroppo negli ultimi tempi \u00e8 sotto gli occhi di tutti la carenza idrica che ci sta affliggendo e che ha ridotto all\u2019osso il rendimento dello stesso impianto comunale, rendendoci meno forti a livello di bilancio. Nonostante le evidenti difficolt\u00e0, siamo per\u00f2 riusciti persino ad aumentare il contributo ai nuovi nati e i contributi alle famiglie per il trasporto e l\u2019alloggio fuori casa degli studenti, ad offrire servizi importanti ai nostri bambini sia delle materne che delle primarie, non ultimi l\u2019insegnamento del tedesco e dell\u2019inglese, a tenere l\u2019Irpef e l\u2019Imu, lo ribadisco, fra le pi\u00f9 basse. Sarebbe bello che la gente evidenziasse le criticit\u00e0 ma anche quanto di buono viene fatto. Altrimenti restano cose da campagna elettorale, la quale peraltro per la minoranza \u00e8 gi\u00e0 evidentemente iniziata.<\/p>\n<p>&nbsp;<\/p>\n<p>&nbsp;<\/p>\n<p>&nbsp;<\/p>\n<p>____<\/p>\n","protected":false},"excerpt":{"rendered":"<p>&nbsp; Minoranza\u00a0 solerte nell\u2019evidenziare l\u2019aumento destinato ai turisti ma non altrettanto nel ricordare che da\u00a0 14 anni Rocca ha le tasse pi\u00f9 basse in provincia Riguardo la lettera inviata anche ai Media dai Consiglieri di Minoranza, Bassot, De Cassan e Del Grosso,rispondei il sindaco Andrea De Bernrdin . IL SINDACO La scelta di aumentare la&hellip;<\/p>\n","protected":false},"author":4,"featured_media":215003,"comment_status":"closed","ping_status":"closed","sticky":false,"template":"","format":"standard","meta":{"_monsterinsights_skip_tracking":false,"_monsterinsights_sitenote_active":false,"_monsterinsights_sitenote_note":"","_monsterinsights_sitenote_category":0,"footnotes":""},"categories":[51,49],"tags":[],"class_list":["post-326555","post","type-post","status-publish","format-standard","has-post-thumbnail","hentry","category-evidenza-top","category-news-18","category-51","category-49","description-off"],"img_url":"https:\/\/www.radiopiu.net\/wordpress\/wp-content\/uploads\/2021\/06\/8554eb80-bb6e-4752-a6d3-57aff91a2903.jpg","_links":{"self":[{"href":"https:\/\/www.radiopiu.net\/wordpress\/wp-json\/wp\/v2\/posts\/326555","targetHints":{"allow":["GET"]}}],"collection":[{"href":"https:\/\/www.radiopiu.net\/wordpress\/wp-json\/wp\/v2\/posts"}],"about":[{"href":"https:\/\/www.radiopiu.net\/wordpress\/wp-json\/wp\/v2\/types\/post"}],"author":[{"embeddable":true,"href":"https:\/\/www.radiopiu.net\/wordpress\/wp-json\/wp\/v2\/users\/4"}],"replies":[{"embeddable":true,"href":"https:\/\/www.radiopiu.net\/wordpress\/wp-json\/wp\/v2\/comments?post=326555"}],"version-history":[{"count":0,"href":"https:\/\/www.radiopiu.net\/wordpress\/wp-json\/wp\/v2\/posts\/326555\/revisions"}],"wp:featuredmedia":[{"embeddable":true,"href":"https:\/\/www.radiopiu.net\/wordpress\/wp-json\/wp\/v2\/media\/215003"}],"wp:attachment":[{"href":"https:\/\/www.radiopiu.net\/wordpress\/wp-json\/wp\/v2\/media?parent=326555"}],"wp:term":[{"taxonomy":"category","embeddable":true,"href":"https:\/\/www.radiopiu.net\/wordpress\/wp-json\/wp\/v2\/categories?post=326555"},{"taxonomy":"post_tag","embeddable":true,"href":"https:\/\/www.radiopiu.net\/wordpress\/wp-json\/wp\/v2\/tags?post=326555"}],"curies":[{"name":"wp","href":"https:\/\/api.w.org\/{rel}","templated":true}]}}