{"id":326638,"date":"2023-03-16T05:29:31","date_gmt":"2023-03-16T04:29:31","guid":{"rendered":"https:\/\/www.radiopiu.net\/wordpress\/?p=326638"},"modified":"2023-03-16T08:44:26","modified_gmt":"2023-03-16T07:44:26","slug":"giornale-radiopiu-16-marzo-2023-direttore-mirko-mezzacasa-verso-i-40-anni-25-giugno-1983-25-giugno-2023","status":"publish","type":"post","link":"https:\/\/www.radiopiu.net\/wordpress\/giornale-radiopiu-16-marzo-2023-direttore-mirko-mezzacasa-verso-i-40-anni-25-giugno-1983-25-giugno-2023\/","title":{"rendered":"GIORNALE RADIOPIU 16 MARZO 2023 DIRETTORE MIRKO MEZZACASA&#8230;verso i 40 anni 25 giugno 1983-25 giugno 2023"},"content":{"rendered":"<h3 class=\"kvgmc6g5 cxmmr5t8 oygrvhab hcukyx3x c1et5uql\"><span style=\"color: #0000ff;\"><strong>RADIO PIU INFORMAZIONE il canale su TELEGRAM informazione di prima\u00a0 <\/strong><strong>mano e in tempo reale. iscriviti ed aiutaci a farlo conoscere\u00a0 \u00a0<\/strong><\/span><\/h3>\n<p>&nbsp;<\/p>\n<blockquote>\n<h3>MONGOLFIERE&#8230; IN TRANSITO<\/h3>\n<\/blockquote>\n<p><strong>REDAZIONE<\/strong> Thomas G. (foto) su Instagram ha reso noto che&#8230;sono partiti dall&#8217;Austria. Sono le mongolfiere, spesso in transito nei cieli agordini.<\/p>\n\n\t\t\t<style type='text\/css'>\n\t\t\t\t#gallery-1 {\n\t\t\t\t\tmargin: auto;\n\t\t\t\t}\n\t\t\t\t#gallery-1 .gallery-item {\n\t\t\t\t\tfloat: left;\n\t\t\t\t\tmargin-top: 10px;\n\t\t\t\t\ttext-align: center;\n\t\t\t\t\twidth: 33%;\n\t\t\t\t}\n\t\t\t\t#gallery-1 img {\n\t\t\t\t\tborder: 2px solid #cfcfcf;\n\t\t\t\t}\n\t\t\t\t#gallery-1 .gallery-caption {\n\t\t\t\t\tmargin-left: 0;\n\t\t\t\t}\n\t\t\t\t\/* see gallery_shortcode() in wp-includes\/media.php *\/\n\t\t\t<\/style>\n\t\t<div id='gallery-1' class='dt-gallery-container gallery galleryid-326638 gallery-columns-3 gallery-size-thumbnail'><dl class='gallery-item'>\n\t\t\t\t<dt class='gallery-icon landscape'>\n\t\t\t\t\t<a class=\"rollover rollover-zoom dt-pswp-item\" title=\"3\" data-dt-img-description=\"\" data-large_image_width=\"395\" data-large_image_height=\"315\"href='https:\/\/www.radiopiu.net\/wordpress\/wp-content\/uploads\/2023\/03\/3-3.jpg'><img loading=\"lazy\" decoding=\"async\" width=\"150\" height=\"150\" src=\"https:\/\/www.radiopiu.net\/wordpress\/wp-content\/uploads\/2023\/03\/3-3-150x150.jpg\" class=\"attachment-thumbnail size-thumbnail\" alt=\"\" \/><\/a>\n\t\t\t\t<\/dt><\/dl><dl class='gallery-item'>\n\t\t\t\t<dt class='gallery-icon landscape'>\n\t\t\t\t\t<a class=\"rollover rollover-zoom dt-pswp-item\" title=\"1\" data-dt-img-description=\"\" data-large_image_width=\"416\" data-large_image_height=\"311\"href='https:\/\/www.radiopiu.net\/wordpress\/wp-content\/uploads\/2023\/03\/1-3.jpg'><img loading=\"lazy\" decoding=\"async\" width=\"150\" height=\"150\" src=\"https:\/\/www.radiopiu.net\/wordpress\/wp-content\/uploads\/2023\/03\/1-3-150x150.jpg\" class=\"attachment-thumbnail size-thumbnail\" alt=\"\" \/><\/a>\n\t\t\t\t<\/dt><\/dl><dl class='gallery-item'>\n\t\t\t\t<dt class='gallery-icon landscape'>\n\t\t\t\t\t<a class=\"rollover rollover-zoom dt-pswp-item\" title=\"2\" data-dt-img-description=\"\" data-large_image_width=\"408\" data-large_image_height=\"308\"href='https:\/\/www.radiopiu.net\/wordpress\/wp-content\/uploads\/2023\/03\/2-3.jpg'><img loading=\"lazy\" decoding=\"async\" width=\"150\" height=\"150\" src=\"https:\/\/www.radiopiu.net\/wordpress\/wp-content\/uploads\/2023\/03\/2-3-150x150.jpg\" class=\"attachment-thumbnail size-thumbnail\" alt=\"\" \/><\/a>\n\t\t\t\t<\/dt><\/dl><br style=\"clear: both\" \/>\n\t\t\t<\/div>\n\n<p>&nbsp;<\/p>\n<p>&nbsp;<\/p>\n<h3 class=\"kvgmc6g5 cxmmr5t8 oygrvhab hcukyx3x c1et5uql\"><span style=\"color: #0000ff;\"><span style=\"color: #000000;\">IL MERCOLEDI SERA ALLA RADIO, DIRETTA. COME 40 ANNI FA. OSPITI, DEDICHE, RICHIESTE.<\/span><br \/>\n<span style=\"color: #000000;\">OSPITI: Cosmo Forcella, Fabio Rufus Bristot, Michela Torre, Mattia Andrich, Carlo Zanon<\/span>.<\/span><\/h3>\n<p><iframe loading=\"lazy\" title=\"DEDICHE E RICHIESTE - 15 MARZO 2023\" width=\"1200\" height=\"675\" src=\"https:\/\/www.youtube.com\/embed\/NwFOH7XebXA?feature=oembed\" frameborder=\"0\" allow=\"accelerometer; autoplay; clipboard-write; encrypted-media; gyroscope; picture-in-picture; web-share\" allowfullscreen><\/iframe><\/p>\n<h2 style=\"text-align: left;\"><span style=\"color: #ff0000;\">\u00a0<\/span><\/h2>\n<h2 style=\"text-align: left;\"><span style=\"color: #ff0000;\">ISCRIVITI AL NOSTRO CANALE YOUTUBE PER SEGUIRE IN DIRETTA I PRINCIPALI PROGRAMMI DI RADIO PIU&#8217; E LE FUTURE DIRETTE IN ESTERNA. PER ISCRIVERTI <a style=\"color: #ff0000;\" href=\"https:\/\/youtube.com\/@radiopiu1527\">CLICCA QUI<\/a> E PREMI IL TASTO &#8220;Iscriviti&#8221;\u00a0\u00a0<\/span><\/h2>\n<p>&nbsp;<\/p>\n<p><strong>IERI SERA, TAMPONAMENTO SENZA FERITI LUNGO LA 203 AGORDINA TRA CENCENIGHE ED AVOSCAN IN PROSSIMITA&#8217; DEL CANTIERE<\/strong><\/p>\n<p>Incidente stradale alle 20.10 lungo la sr 203 km 39+800 Avoscan comune si S. Tomaso (dove ci sono i lavori in corso) tra autovettura Cherokee crd e Toyota Yaris.\u00a0 Sul posto Vigili del fuoco di\u00a0 Agordo e Carabinieri. Nessun ferito.<\/p>\n<p>Ieri intervenuto dei pompieri di Agordo anche a Vallada\u00a0 frazione Toffol per incendio canna fumaria.<\/p>\n<p><img decoding=\"async\" src=\"https:\/\/www.radiopiu.net\/wordpress\/wp-content\/uploads\/2023\/03\/48365cf7-cd56-4caf-92c6-dd43f867c143.jpg\" \/><\/p>\n<p>&nbsp;<\/p>\n<hr \/>\n<p>&nbsp;<\/p>\n<blockquote>\n<h3>EMMA L&#8217;ULTIMO SORRISO PER LA FAMIGLIA E LA SUA FALCADE<\/h3>\n<\/blockquote>\n<p><strong><img loading=\"lazy\" decoding=\"async\" class=\"alignleft\" src=\"https:\/\/www.radiopiu.net\/wordpress\/wp-content\/uploads\/2023\/03\/Senza-nome-51.jpg\" width=\"182\" height=\"189\" \/>FALCADE<\/strong><em> &#8220;Leve su&#8217; faze la lavatrice e no me ferme&#8221; <\/em>poco tempo fa, neanche tanto tempo fa. Era la solita Emma, che si muoveva come un grillo e che se la guardavi prima ti rispondeva con un sorriso e poi con tutto il resto.<\/p>\n<p><em>&#8220;Sono nata nel 1931 in una casa di Falcade Alto dove prima di me era nato mio padre e prima ancora mio nonno, vicino alla chiesa di San Sebastiano. Mio padre si chiamava Cirillo e faceva parte dei Dur, storica famiglia di Falcade Alto&#8221;. <strong>***<\/strong><\/em><\/p>\n<p>Un &#8220;trattore&#8221;, per la famiglia un &#8220;faro&#8221;. Con i suoi 91 anni di esperienza ti raccontava la storia di Falcade insegnandoti la magia dell&#8217;accoglienza, ne hanno fatto tesoro figli e nipoti. Nel 2012 a giugno la Prefettura ha concesso ad Emma il cavalierato al merito della Repubblica italiana, quella pergamena l&#8217;ha sempre mostrata con orgoglio senza pretendere il &#8220;lei&#8221;&#8230; o il &#8220;voi&#8221;, semplicemente tra una faccenda e l&#8217;altra.<\/p>\n<p><em>&#8220;Negli ultimi 10 anni ho dovuto salutare tre dei miei fratelli, non avrei mai pensato essendo io la maggiore. Un pensiero va ogni sera a Maria, Cesare e Sante. Voglio ringraziare chi mi ha accompagnato durante questo mio percorso. Il pensiero va ai miei fratelli e sorelle ed in particolare ai miei figli e nipoti. Ringrazio lddio per avermi concesso di arrivare fin qui&#8221;<strong>.***\u00a0\u00a0<\/strong><\/em><\/p>\n<p>Emma lascia i figli Giulia, Fabio, la nuora, il genero, gli amatissimi nipoti e pronipoti, le sorelle e i cognati. I funerali si svolgeranno oggi alle 14.30 a Falcade.<\/p>\n<p><em>&#8220;Non fiori, ma eventuali donazioni alla Pettirosso Agordino&#8221;<\/em><\/p>\n<p><strong>***Emma in occasione dei novant&#8217;anni.<\/strong><\/p>\n<p>&nbsp;<\/p>\n<blockquote class=\"wp-embedded-content\" data-secret=\"DW2XuxWWtB\"><p><a href=\"https:\/\/www.radiopiu.net\/wordpress\/emma-90-anni\/\">EMMA, 90 ANNI DI SPLENDIDI RICORDI E IL MEGLIO DEVE ANCORA VENIRE<\/a><\/p><\/blockquote>\n<p><iframe loading=\"lazy\" class=\"wp-embedded-content\" sandbox=\"allow-scripts\" security=\"restricted\" style=\"position: absolute; clip: rect(1px, 1px, 1px, 1px);\" title=\"&#8220;EMMA, 90 ANNI DI SPLENDIDI RICORDI E IL MEGLIO DEVE ANCORA VENIRE&#8221; &#8212; Radio Pi\u00f9\" src=\"https:\/\/www.radiopiu.net\/wordpress\/emma-90-anni\/embed\/#?secret=uQELXtrpK3#?secret=DW2XuxWWtB\" data-secret=\"DW2XuxWWtB\" width=\"600\" height=\"338\" frameborder=\"0\" marginwidth=\"0\" marginheight=\"0\" scrolling=\"no\"><\/iframe><\/p>\n<p>&nbsp;<\/p>\n<hr \/>\n<p>&nbsp;<\/p>\n<blockquote>\n<h3 class=\"entry-title\">PONTE NELLE ALPI PIANGE MARINO BOTTEON, IL FALEGNAME DI IVO FONTANA<\/h3>\n<\/blockquote>\n<p><strong class=\"photoswipe-wrapper\"><a class=\"dt-pswp-item pspw-wrap-ready\" href=\"https:\/\/www.radiopiu.net\/wordpress\/wp-content\/uploads\/2023\/03\/FALEGNAME.png\" data-dt-img-description=\"\" data-large_image_width=\"546\" data-large_image_height=\"303\"><img loading=\"lazy\" decoding=\"async\" class=\" wp-image-326763 alignleft\" src=\"https:\/\/www.radiopiu.net\/wordpress\/wp-content\/uploads\/2023\/03\/FALEGNAME-300x166.png\" sizes=\"auto, (max-width: 231px) 100vw, 231px\" srcset=\"https:\/\/www.radiopiu.net\/wordpress\/wp-content\/uploads\/2023\/03\/FALEGNAME-300x166.png 300w, https:\/\/www.radiopiu.net\/wordpress\/wp-content\/uploads\/2023\/03\/FALEGNAME.png 546w\" alt=\"\" width=\"231\" height=\"128\" \/><\/a>PONTE NELLE ALPI<\/strong> Lutto a Ponte Nelle Alpi. E\u2019 morto a soli 56 anni Marino Botteon, conosciuto falegname di Ivo Fontana. A Marino mancava poco per raggiungere il traguardo della pensione ma un male incurabile se l\u2019\u00e8 portato via. L\u2019azienda Ivo Fontana ha lasciato un messaggio su Facebook per salutare il \u201cConte\u201d, come veniva chiamato. \u201cGrazie Marino, grazie per questi 40 anni di strada che abbiamo fatto insieme, sei stato uno dei pilastri fondamentali delle nostra crescita come azienda e come persone! Buon viaggio Conte\u201d si legge nel messaggio sul social. Marino aveva iniziato a lavorare da Ivo Fontana nel 1983 ed era il responsabile della falegnameria. Botteon lascia la moglie Tiziana, il figlio Nicola e la sorella Sandra. La cerimonia funebre domani alle 14:30 nella chiesa di Polpet. (foto: Corriere Delle Alpi)<\/p>\n<p>&nbsp;<\/p>\n<hr \/>\n<p>&nbsp;<\/p>\n<blockquote>\n<h3>VIGILI DEL FUOCO AL SILO DI QUERO<\/h3>\n<\/blockquote>\n<p><strong>QUERO VAS<\/strong> A prendere fuoco\u00a0 \u00e8 stato il silo delle polveri di alluminio. Il focolaio si \u00e8 sviluppato nel grosso contenitore di raccolta delle polveri installato all&#8217;esterno dell&#8217;azienda e, quando \u00e8 stato lanciato l&#8217;allarme al 115, i vigili del fuoco del distaccamento di Feltre si sono messi subito in strada verso Quero.\u00a0 I vigili non hanno perso un minuto e sono intervenuti per aprire il silo e poter spegnere il focolaio, ma anche per raffreddarlo dall&#8217;esterno con i getti d&#8217;acqua.<\/p>\n<p>&nbsp;<\/p>\n<hr \/>\n<p>&nbsp;<\/p>\n<blockquote>\n<h3>VIGLIACCO ATTO VANDALICO, LA SEGNALAZIONE SU FACEBOOK<\/h3>\n<\/blockquote>\n<p><strong>FELTRE<\/strong>\u00a0 Una ruota bucata e il cofano e la fiancata rigati in pi\u00f9 punti sullo stesso lato. La brutta sorpresa l&#8217;ha trovata un medico del Santa Maria del Prato che aveva lasciato la sua macchina all&#8217;interno dell&#8217;ospedale, nell&#8217;area di parcheggio riservata ai dipendenti dell&#8217;azienda sanitaria. Il sul social\u00a0 sottolinea che l&#8217;episodio \u00e8 avvenuto marted\u00ec<\/p>\n<p>&nbsp;<\/p>\n<p>&nbsp;<\/p>\n<hr \/>\n<blockquote>\n<h3><\/h3>\n<h3>SICCITA&#8217;, PER ZANONI E BIGON L&#8217;ORDINANZA DI ZAIA E&#8217; ARIA FRITTA<\/h3>\n<\/blockquote>\n<p><a class=\"dt-pswp-item\" href=\"https:\/\/www.radiopiu.net\/wordpress\/wp-content\/uploads\/2023\/03\/granoturco-non-cresciuto-causa-siccita-scaled.jpg\" data-dt-img-description=\"\" data-large_image_width=\"2560\" data-large_image_height=\"2061\"><img loading=\"lazy\" decoding=\"async\" class=\"wp-image-326375 alignleft\" src=\"https:\/\/www.radiopiu.net\/wordpress\/wp-content\/uploads\/2023\/03\/granoturco-non-cresciuto-causa-siccita-300x242.jpg\" alt=\"\" width=\"156\" height=\"126\" srcset=\"https:\/\/www.radiopiu.net\/wordpress\/wp-content\/uploads\/2023\/03\/granoturco-non-cresciuto-causa-siccita-300x242.jpg 300w, https:\/\/www.radiopiu.net\/wordpress\/wp-content\/uploads\/2023\/03\/granoturco-non-cresciuto-causa-siccita-1024x825.jpg 1024w, https:\/\/www.radiopiu.net\/wordpress\/wp-content\/uploads\/2023\/03\/granoturco-non-cresciuto-causa-siccita-768x618.jpg 768w, https:\/\/www.radiopiu.net\/wordpress\/wp-content\/uploads\/2023\/03\/granoturco-non-cresciuto-causa-siccita-1536x1237.jpg 1536w, https:\/\/www.radiopiu.net\/wordpress\/wp-content\/uploads\/2023\/03\/granoturco-non-cresciuto-causa-siccita-2048x1649.jpg 2048w\" sizes=\"auto, (max-width: 156px) 100vw, 156px\" \/><\/a><strong>VENEZIA\u00a0<\/strong> <em>\u201cL\u2019ordinanza decisa dal presidente Zaia per affrontare l\u2019emergenza idrica in Veneto \u00e8 il riassunto di tutto ci\u00f2 che \u00e8 gi\u00e0 previsto per legge. Insomma, siamo all\u2019aria fritta&#8221;. <\/em>Il giudizio \u00e8 dei consiglieri regionali del PD Veneto, Andrea Zanoni e Anna Maria Bigon, a nome del gruppo dem. <em>\u201c\u00c8 completamente assente l\u2019individuazione di interventi strutturali e, soprattutto, non c\u2019\u00e8 il minimo straccio di finanziamento previsto, tutto da definire e da circoscrivere&#8221;<\/em> Per questo gli esponenti Pd si chiedono\u00a0 a cosa possa servire un\u2019ordinanza. <em>&#8220;Persino sul provvedimento che prevede la chiusura delle fontane a getto continuo non viene prevista alcuna sanzione. Siamo dunque alla pantomima, altro che ordinanza risolutiva\u201d.<\/em><\/p>\n<p>&nbsp;<\/p>\n<hr \/>\n<p>&nbsp;<\/p>\n<blockquote>\n<h3>LA GIORNATA INTERNAZIONALE DELLE FORESTE<\/h3>\n<\/blockquote>\n<p><strong><a class=\"dt-pswp-item\" href=\"https:\/\/www.radiopiu.net\/wordpress\/wp-content\/uploads\/2021\/11\/IMG-20200918-WA0041.jpg\" data-dt-img-description=\"\" data-large_image_width=\"1024\" data-large_image_height=\"768\"><img loading=\"lazy\" decoding=\"async\" class=\"wp-image-243335 alignleft\" src=\"https:\/\/www.radiopiu.net\/wordpress\/wp-content\/uploads\/2021\/11\/IMG-20200918-WA0041-300x225.jpg\" alt=\"\" width=\"215\" height=\"161\" srcset=\"https:\/\/www.radiopiu.net\/wordpress\/wp-content\/uploads\/2021\/11\/IMG-20200918-WA0041-300x225.jpg 300w, https:\/\/www.radiopiu.net\/wordpress\/wp-content\/uploads\/2021\/11\/IMG-20200918-WA0041-768x576.jpg 768w, https:\/\/www.radiopiu.net\/wordpress\/wp-content\/uploads\/2021\/11\/IMG-20200918-WA0041.jpg 1024w\" sizes=\"auto, (max-width: 215px) 100vw, 215px\" \/><\/a>BELLUNO<\/strong> Un seminario divulgativo, nella Giornata Internazionale delle Foreste, lo organizza Il Comando Regione Carabinieri Forestale \u201cVeneto\u201d, in collaborazione con Parco Nazionale Dolomiti Bellunesi sotto l\u2019alta egida della Prefettura. L&#8217;evento il\u00a0 \u00a021 marzo alle 10\u00a0 al Palazzo dei Rettori \u2013 sede della Prefettura di Belluno.<\/p>\n<p><strong>RELATORI<\/strong>: &#8211; Prefetto di Belluno,\u00a0 Mariano Savastano; \u00a0Senatore Luca de Carlo, Sindaco di Belluno, Oscar De Pellegrin; \u00a0Comandante Regione Carabinieri Forestale \u201cVeneto\u201d Generale Francesco Pennacchini;\u00a0 Tenente Colonello Luca Stella, Comandante Gruppo CC For. Vicenza, Graziano Martini Barzolai, Presidente Ordine Provinciale Dottori Agronomi e Forestali di Belluno, Massimo Faccoli, Universit\u00e0 di Padova, Federico Correale Santacroce, Veneto Agricoltura<\/p>\n<p>&nbsp;<\/p>\n<p>&nbsp;<\/p>\n<hr \/>\n<p>&nbsp;<\/p>\n<blockquote>\n<h3>BOSTRICO. LA REGIONE DEL VENETO ORGANIZZA UNA SERIE DI INCONTRI DI INFORMAZIONE INSIEME ALL\u2019UNIVERSIT\u00c0 DI PADOVA E VENETO AGRICOLTURA. OGGI AD AGORDO<\/h3>\n<\/blockquote>\n<p><strong class=\"photoswipe-wrapper\"><a class=\"dt-pswp-item pspw-wrap-ready\" href=\"https:\/\/www.radiopiu.net\/wordpress\/wp-content\/uploads\/2022\/07\/BOSTRICO-150x150-1.jpg\" data-dt-img-description=\"\" data-large_image_width=\"150\" data-large_image_height=\"150\"><img loading=\"lazy\" decoding=\"async\" class=\" wp-image-286975 alignleft\" src=\"https:\/\/www.radiopiu.net\/wordpress\/wp-content\/uploads\/2022\/07\/BOSTRICO-150x150-1.jpg\" alt=\"\" width=\"106\" height=\"106\" \/><\/a>VENEZIA\u00a0<\/strong>Gli schianti causati dalla tempesta Vaia hanno determinato le condizioni ideali per lo sviluppo e la diffusione del bostrico tipografo, un coleottero che si sviluppa scavando articolate gallerie sotto la corteccia di abeti rossi indeboliti, portando gli alberi al completo disseccamento. Nonostante gli interventi attivati, questa infestazione si sta espandendo in modo allarmante nelle vallate alpine, comprese quelle della montagna veneta. La Regione del Veneto, in collaborazione con l\u2019Universit\u00e0 di Padova e Veneto Agricoltura, organizza una serie di incontri di informazione e confronto con le Amministrazioni locali, i portatori di interesse, i tecnici e i cittadini rispetto ad un fenomeno che interessa da vicino le comunit\u00e0 locali. Oggi ad Agordo, sala convegni Don Tamis alle 16:00<\/p>\n<p>&nbsp;<\/p>\n<hr \/>\n<p>&nbsp;<\/p>\n<blockquote>\n<h3>DIFFAMAZIONE SUI SOCIAL, IL RISARCIMENTO A LAVIS<\/h3>\n<\/blockquote>\n<p><strong><a class=\"dt-pswp-item\" href=\"https:\/\/www.radiopiu.net\/wordpress\/wp-content\/uploads\/2023\/03\/Donazione-Polizia-Locale-scaled.jpg\" data-dt-img-description=\"\" data-large_image_width=\"2560\" data-large_image_height=\"1440\"><img loading=\"lazy\" decoding=\"async\" class=\"size-medium wp-image-326720 alignleft\" src=\"https:\/\/www.radiopiu.net\/wordpress\/wp-content\/uploads\/2023\/03\/Donazione-Polizia-Locale-300x169.jpg\" alt=\"\" width=\"300\" height=\"169\" srcset=\"https:\/\/www.radiopiu.net\/wordpress\/wp-content\/uploads\/2023\/03\/Donazione-Polizia-Locale-300x169.jpg 300w, https:\/\/www.radiopiu.net\/wordpress\/wp-content\/uploads\/2023\/03\/Donazione-Polizia-Locale-1024x576.jpg 1024w, https:\/\/www.radiopiu.net\/wordpress\/wp-content\/uploads\/2023\/03\/Donazione-Polizia-Locale-768x432.jpg 768w, https:\/\/www.radiopiu.net\/wordpress\/wp-content\/uploads\/2023\/03\/Donazione-Polizia-Locale-1536x864.jpg 1536w, https:\/\/www.radiopiu.net\/wordpress\/wp-content\/uploads\/2023\/03\/Donazione-Polizia-Locale-2048x1152.jpg 2048w\" sizes=\"auto, (max-width: 300px) 100vw, 300px\" \/><\/a>FELTRE\u00a0<\/strong> Un paio di anni fa erano stati diffamati sui social con epiteti pesanti nel contesto del loro operato (durante alcuni controlli legati al COVID) ed avevano deciso di non lasciar correre, querelando l&#8217;autore del post. L&#8217;uomo ha in seguito deciso di evitare il processo trovando un accordo di conciliazione con i tredici agenti del comando di Polizia Locale di Feltre che lo avevano denunciato e che hanno quindi ritirato la querela.\u00a0 Gli agenti hanno infatti deciso di comune accordo di devolvere la somma ricevuta a titolo di risarcimento (pari a 1.570 euro) all&#8217;Associazione \u201cAmici di San Patrignano\u201d, che ha sede a Lavis, in provincia di Trento, e si occupa del sostegno e del recupero terapeutico delle persone che hanno incontrato la tossicodipendenza. <em>\u00a0\u201cLa donazione di oggi, ha detto tra l\u2019altro la presidente Pallaoro, \u00e8 per noi particolarmente importante, poich\u00e9 la nostra attivit\u00e0 \u00e8 quasi integralmente autofinanziata&#8221;. <\/em>\u00a0L\u2019associazione opera dal 2005 in Trentino e Alto Adige, ma anche in Primiero e nel Feltrino.\u00a0 L\u2019associazione \u201cAmici di San Patrignano\u201d, sar\u00e0 venerd\u00ec 24 marzo a Fonzaso per una serata di sensibilizzazione e informazione sulla propria attivit\u00e0.<\/p>\n<blockquote><p><em>\u201cSono estremante felice del gesto dei nostri agenti, ha sottolineato il sindaco Fusaro, sia per la decisione di devolvere la cifra ricevuta come risarcimento in beneficenza, sia per la scelta dell\u2019associazione destinataria, impegnata da quasi 20 anni in un ambito estremamente difficile e delicato come quello della tossicodipendenza\u201d.<\/em><\/p><\/blockquote>\n<p>&nbsp;<\/p>\n<hr \/>\n<p>&nbsp;<\/p>\n<blockquote>\n<h3>DA LUNEDI CHIUSURE DELLA 51 A LONGARONE<\/h3>\n<\/blockquote>\n<p><b><img loading=\"lazy\" decoding=\"async\" class=\"alignleft\" src=\"https:\/\/www.radiopiu.net\/wordpress\/wp-content\/uploads\/2022\/07\/ANAS_la-strada-non-posacenere-1920x1080-1.jpg\" width=\"225\" height=\"126\" \/>VENEZIA\u00a0 <\/b>Sulla strada statale 51 \u201cdi Alemagna\u201d, a partire da luned\u00ec 20 marzo saranno avviati gli interventi di riqualificazione di un cavalcaferrovia situato all\u2019altezza di Longarone. Per consentire l\u2019esecuzione degli interventi sar\u00e0 istituita la chiusura del traffico della corsia in direzione Cortina, per una lunghezza di circa 4 km, con deviazione sulla viabilit\u00e0 comunale sui percorsi gi\u00e0 attivati in passato, mediante transito in zona industriale e sulla via Uberti. In direzione Venezia il traffico non subir\u00e0 invece alcuna limitazione. Questa fase dei lavori sar\u00e0 attiva fino a luglio 2023.<\/p>\n<blockquote><p><em>I lavori, del valore complessivo di circa 4 milioni di euro, riguardano la sostituzione dell\u2019impalcato del cavalcaferrovia e fanno parte del pi\u00f9 ampio piano avviato da Anas per la riqualificazione strutturale della statale 51.\u00a0\u00a0<\/em><\/p>\n<p>&nbsp;<\/p><\/blockquote>\n<hr \/>\n<p>&nbsp;<\/p>\n<blockquote>\n<h3>CARABINIERI DEI NAS NELLE MENSE, SEQUESTRO DI ALIMENTI <a class=\"dt-pswp-item\" href=\"https:\/\/www.radiopiu.net\/wordpress\/wp-content\/uploads\/2021\/08\/74b61038-035c-4206-92bf-4703985ced39.jpg\" data-dt-img-description=\"\" data-large_image_width=\"1600\" data-large_image_height=\"720\"><img loading=\"lazy\" decoding=\"async\" class=\" wp-image-225821 alignleft\" src=\"https:\/\/www.radiopiu.net\/wordpress\/wp-content\/uploads\/2021\/08\/74b61038-035c-4206-92bf-4703985ced39-300x135.jpg\" alt=\"\" width=\"207\" height=\"93\" srcset=\"https:\/\/www.radiopiu.net\/wordpress\/wp-content\/uploads\/2021\/08\/74b61038-035c-4206-92bf-4703985ced39-300x135.jpg 300w, https:\/\/www.radiopiu.net\/wordpress\/wp-content\/uploads\/2021\/08\/74b61038-035c-4206-92bf-4703985ced39-1024x461.jpg 1024w, https:\/\/www.radiopiu.net\/wordpress\/wp-content\/uploads\/2021\/08\/74b61038-035c-4206-92bf-4703985ced39-768x346.jpg 768w, https:\/\/www.radiopiu.net\/wordpress\/wp-content\/uploads\/2021\/08\/74b61038-035c-4206-92bf-4703985ced39-1536x691.jpg 1536w, https:\/\/www.radiopiu.net\/wordpress\/wp-content\/uploads\/2021\/08\/74b61038-035c-4206-92bf-4703985ced39.jpg 1600w\" sizes=\"auto, (max-width: 207px) 100vw, 207px\" \/><\/a>SCADUTI<\/h3>\n<\/blockquote>\n<p><strong>BELLUNO<\/strong> Venti chili di merce sequestrati dalla frutta alla carne congelata, sanzioni per quattromila euro. Visitate dai Nas di Treviso le mense scolastiche venete,\u00a0 anche in provincia da Belluno, Feltrino e Cortina. In provincia i Carabinieri hanno bussato alla porta di 9 strutture rilevando quattro non conformit\u00e0 alle normative esistenti e contestando\u00a0 cinque sanzioni, in alcuni casi\u00a0 di una stessa struttura.\u00a0 Sequestro di alimenti mal conservati o scaduti.<\/p>\n<p>&nbsp;<\/p>\n<p>&nbsp;<\/p>\n<hr \/>\n<p>&nbsp;<\/p>\n<blockquote>\n<h3>I VIGILI DEL FUOCO PER LA SICUREZZA DEI LUOGHI<\/h3>\n<\/blockquote>\n<div class=\"inside\">\n<p><strong>LOZZO DI CADORE<\/strong> Nel pomeriggio di ieri vigili del fuoco sono intervenuti per il taglio di un larice alto circa 40 metri su pericolante sulla pubblica via nel comune di Lozzo di Cadore. La richiesta ai vigili del fuoco da parte del sindaco, che ha segnalato il pericolo. Il personale della squadra di Pieve di Cadore dopo la chiusura della strada ha provveduto al taglio alla base della pianta e dopo la caduta in strada ad ulteriori tagli dei rami.<\/p>\n\n\t\t\t<style type='text\/css'>\n\t\t\t\t#gallery-2 {\n\t\t\t\t\tmargin: auto;\n\t\t\t\t}\n\t\t\t\t#gallery-2 .gallery-item {\n\t\t\t\t\tfloat: left;\n\t\t\t\t\tmargin-top: 10px;\n\t\t\t\t\ttext-align: center;\n\t\t\t\t\twidth: 33%;\n\t\t\t\t}\n\t\t\t\t#gallery-2 img {\n\t\t\t\t\tborder: 2px solid #cfcfcf;\n\t\t\t\t}\n\t\t\t\t#gallery-2 .gallery-caption {\n\t\t\t\t\tmargin-left: 0;\n\t\t\t\t}\n\t\t\t\t\/* see gallery_shortcode() in wp-includes\/media.php *\/\n\t\t\t<\/style>\n\t\t<div id='gallery-2' class='dt-gallery-container gallery galleryid-326638 gallery-columns-3 gallery-size-thumbnail'><dl class='gallery-item'>\n\t\t\t\t<dt class='gallery-icon portrait'>\n\t\t\t\t\t<a class=\"rollover rollover-zoom dt-pswp-item\" title=\"e70a0227-cda2-463d-a461-661cf2214109\" data-dt-img-description=\"\" data-large_image_width=\"903\" data-large_image_height=\"1456\"href='https:\/\/www.radiopiu.net\/wordpress\/wp-content\/uploads\/2023\/03\/e70a0227-cda2-463d-a461-661cf2214109.jpg'><img loading=\"lazy\" decoding=\"async\" width=\"150\" height=\"150\" src=\"https:\/\/www.radiopiu.net\/wordpress\/wp-content\/uploads\/2023\/03\/e70a0227-cda2-463d-a461-661cf2214109-150x150.jpg\" class=\"attachment-thumbnail size-thumbnail\" alt=\"\" \/><\/a>\n\t\t\t\t<\/dt><\/dl><dl class='gallery-item'>\n\t\t\t\t<dt class='gallery-icon portrait'>\n\t\t\t\t\t<a class=\"rollover rollover-zoom dt-pswp-item\" title=\"e09bd17e-c31b-47e8-ba5d-65af5834d74d\" data-dt-img-description=\"\" data-large_image_width=\"1200\" data-large_image_height=\"1600\"href='https:\/\/www.radiopiu.net\/wordpress\/wp-content\/uploads\/2023\/03\/e09bd17e-c31b-47e8-ba5d-65af5834d74d.jpg'><img loading=\"lazy\" decoding=\"async\" width=\"150\" height=\"150\" src=\"https:\/\/www.radiopiu.net\/wordpress\/wp-content\/uploads\/2023\/03\/e09bd17e-c31b-47e8-ba5d-65af5834d74d-150x150.jpg\" class=\"attachment-thumbnail size-thumbnail\" alt=\"\" \/><\/a>\n\t\t\t\t<\/dt><\/dl><dl class='gallery-item'>\n\t\t\t\t<dt class='gallery-icon portrait'>\n\t\t\t\t\t<a class=\"rollover rollover-zoom dt-pswp-item\" title=\"f522045c-93bc-441c-8955-0c5a7fe1217c\" data-dt-img-description=\"\" data-large_image_width=\"1200\" data-large_image_height=\"1600\"href='https:\/\/www.radiopiu.net\/wordpress\/wp-content\/uploads\/2023\/03\/f522045c-93bc-441c-8955-0c5a7fe1217c.jpg'><img loading=\"lazy\" decoding=\"async\" width=\"150\" height=\"150\" src=\"https:\/\/www.radiopiu.net\/wordpress\/wp-content\/uploads\/2023\/03\/f522045c-93bc-441c-8955-0c5a7fe1217c-150x150.jpg\" class=\"attachment-thumbnail size-thumbnail\" alt=\"\" \/><\/a>\n\t\t\t\t<\/dt><\/dl><br style=\"clear: both\" \/>\n\t\t\t<\/div>\n\n<p>&nbsp;<\/p>\n<hr \/>\n<\/div>\n<p>&nbsp;<\/p>\n<blockquote>\n<h3>COMPERA UN&#8217;AUTO RUBATA, SCATTA IL SEQUESTRO<\/h3>\n<\/blockquote>\n<p><strong>CANALE D&#8217;AGORDO<\/strong><\/p>\n<p><strong>OGGI SUL CORRIERE DELLE ALPI, DI GIGI SOSSO<\/strong><\/p>\n<p><img loading=\"lazy\" decoding=\"async\" class=\"alignleft\" src=\"https:\/\/www.radiopiu.net\/wordpress\/wp-content\/uploads\/2023\/03\/th-14.jpg\" width=\"178\" height=\"133\" \/>Era un buon affare e la donna di Canale d&#8217;Agordo non ha esitato a sborsare 14mila euro per accaparrarsi l&#8217;auto, una Panda Cross 4 per 4. Purtroppo, se l&#8217;\u00e8 vista portare via dalla Polizia stradale, nello scorso mese di febbraio. Non ha responsabilit\u00e0 ed \u00e8 in perfetta buona fede, ma vai a fidarti di una concessionaria di Reggio Emilia: \u00e8 una macchina rubata e con il numero di telaio contraffatto. La targa non \u00e8 quella originale e nemmeno la carta di circolazione. Il sequestro \u00e8 stato convalidato dal giudice per le del Tribunale di Belluno e la donna si \u00e8 rivolta all&#8217;avvocato Valentina Stefani, attraverso il quale chieder\u00e0 il risarcimento danni. C&#8217;\u00e8 un indagato per l&#8217;ipotesi di reato di riciclaggio, G.D., originario di Castellamare di Stabia&#8230; La donna di Canale l&#8217;ha vista sull&#8217;inserzione in un sito internet e, pensando che fosse un buon affare, l&#8217;ha comprata.<br \/>\n<strong>foto archivio radiopiu<\/strong><\/p>\n<p>&nbsp;<\/p>\n<hr \/>\n<blockquote>\n<h3><\/h3>\n<h3>SPACCIAVA A LAMBIOI, CONDANNATA A 3 ANNI E 9 MESI<\/h3>\n<\/blockquote>\n<p><strong>OGGI SUL CORRIERE DELLE ALPI, DI GIGI SOSSO<\/strong><\/p>\n<p><strong>BELLUNO<\/strong> \u00a0Il cittadino senegalese Faty Lamine \u00e8 stato condannato a tre anni e nove mesi, 5.600 euro di multa e cinque anni d&#8217;interdizione dai pubblici uffici dal Tribunale di Belluno per detenzione e spaccio di sostanze stupefacenti. Mentre il nigeriano Jay Jay Oriji ha rimediato l&#8217;assoluzione per insufficienza o contraddittoriet\u00e0 della prova. Condannata a due mesi di reclusione per favoreggiamento Carmela Valeria Marino, perch\u00e9 in questura aveva detto di non sapere o ricordare niente, pur essendoci stati dei contatti con uno degli imputati.\u00a0 La Procura contestava tante cessioni di droga, anche con la collaborazione di alcuni minorenni che venivano utilizzati per portare le droghe da una parte all&#8217;alta della citt\u00e0. Il pm Marta Tollardo ha chiesto quattro anni e sei mesi e 2 mila euro di multa.<\/p>\n<p>&nbsp;<\/p>\n<hr \/>\n<p>&nbsp;<\/p>\n<blockquote>\n<h3>CONTRO LE TRUFFE, CARABINIERI A SOSPIROLO ACCANTO ALL&#8217;AUSER \u201cAiutateci ad aiutarvi\u201d<\/h3>\n<\/blockquote>\n<p><strong><img loading=\"lazy\" decoding=\"async\" class=\"alignleft\" src=\"https:\/\/www.radiopiu.net\/wordpress\/wp-content\/uploads\/2023\/03\/bf15da23-93d5-45c3-a238-0c0d097cd528.jpg\" width=\"188\" height=\"141\" \/>SOSPIROLO<\/strong> Ha fatto tappa a Sospirolo il ciclo di incontri con la popolazione promossa dall&#8217;Auser provinciale con il Comando provinciale dei Carabinieri per aiutare gli anziani ad individuare ed evitare truffe e raggiri.<\/p>\n<p><strong>DANIELE DALVIT<\/strong><\/p>\n<audio class=\"wp-audio-shortcode\" id=\"audio-326638-1\" preload=\"none\" style=\"width: 100%;\" controls=\"controls\"><source type=\"audio\/mpeg\" src=\"https:\/\/www.radiopiu.net\/wordpress\/wp-content\/uploads\/2023\/03\/slogan-daniele-aiutateci.mp3?_=1\" \/><a href=\"https:\/\/www.radiopiu.net\/wordpress\/wp-content\/uploads\/2023\/03\/slogan-daniele-aiutateci.mp3\">https:\/\/www.radiopiu.net\/wordpress\/wp-content\/uploads\/2023\/03\/slogan-daniele-aiutateci.mp3<\/a><\/audio>\n<p>&nbsp;<\/p>\n<hr \/>\n<p>&nbsp;<\/p>\n<blockquote>\n<h3>NEVEGAL, IL NUOVO BANDO ACCALAPPIA GESTORI<\/h3>\n<\/blockquote>\n<p><strong><a class=\"dt-pswp-item\" href=\"https:\/\/www.radiopiu.net\/wordpress\/wp-content\/uploads\/2019\/09\/nevegal-visentin-nogherazza.jpg\" data-dt-img-description=\"\" data-large_image_width=\"957\" data-large_image_height=\"714\"><img loading=\"lazy\" decoding=\"async\" class=\" wp-image-100022 alignleft\" src=\"https:\/\/www.radiopiu.net\/wordpress\/wp-content\/uploads\/2019\/09\/nevegal-visentin-nogherazza-300x224.jpg\" alt=\"\" width=\"149\" height=\"111\" srcset=\"https:\/\/www.radiopiu.net\/wordpress\/wp-content\/uploads\/2019\/09\/nevegal-visentin-nogherazza-300x224.jpg 300w, https:\/\/www.radiopiu.net\/wordpress\/wp-content\/uploads\/2019\/09\/nevegal-visentin-nogherazza-768x573.jpg 768w, https:\/\/www.radiopiu.net\/wordpress\/wp-content\/uploads\/2019\/09\/nevegal-visentin-nogherazza.jpg 957w\" sizes=\"auto, (max-width: 149px) 100vw, 149px\" \/><\/a>BELLUNO<\/strong><\/p>\n<p><strong>DI MORENO GIOLI<\/strong><\/p>\n<audio class=\"wp-audio-shortcode\" id=\"audio-326638-2\" preload=\"none\" style=\"width: 100%;\" controls=\"controls\"><source type=\"audio\/mpeg\" src=\"https:\/\/www.radiopiu.net\/wordpress\/wp-content\/uploads\/2023\/03\/bando-nevegal.mp3?_=2\" \/><a href=\"https:\/\/www.radiopiu.net\/wordpress\/wp-content\/uploads\/2023\/03\/bando-nevegal.mp3\">https:\/\/www.radiopiu.net\/wordpress\/wp-content\/uploads\/2023\/03\/bando-nevegal.mp3<\/a><\/audio>\n<p>&nbsp;<\/p>\n<p><span style=\"color: #ff0000;\"><strong>ARCHIVIO RADIOPIU 7 MARZO 2023<\/strong><\/span><\/p>\n<blockquote>\n<h3>BANDO DESERTO PER LA GESTIONE DEGLI IMPIANTI IN NEVEGAL<\/h3>\n<\/blockquote>\n<p><strong>BELLUNO<\/strong> Nessuna offerta per la gestione degli impianti di risalita del Nevegal: scadevano questa mattina i termini per partecipare alla gara, che \u00e8 andata deserta. Il bando verr\u00e0 ora riproposto, con scadenza 15 aprile.<\/p>\n<p><strong>di Daniele Dalvit<\/strong><\/p>\n<audio class=\"wp-audio-shortcode\" id=\"audio-326638-3\" preload=\"none\" style=\"width: 100%;\" controls=\"controls\"><source type=\"audio\/mpeg\" src=\"https:\/\/www.radiopiu.net\/wordpress\/wp-content\/uploads\/2023\/03\/DALVIT-NEVEGAL.mp3?_=3\" \/><a href=\"https:\/\/www.radiopiu.net\/wordpress\/wp-content\/uploads\/2023\/03\/DALVIT-NEVEGAL.mp3\">https:\/\/www.radiopiu.net\/wordpress\/wp-content\/uploads\/2023\/03\/DALVIT-NEVEGAL.mp3<\/a><\/audio>\n<p>&nbsp;<\/p>\n<p>&nbsp;<\/p>\n<hr \/>\n<p>&nbsp;<\/p>\n<blockquote>\n<h3>I GRAFICI DI TIZIANO DI COL<\/h3>\n<\/blockquote>\n\n\t\t\t<style type='text\/css'>\n\t\t\t\t#gallery-3 {\n\t\t\t\t\tmargin: auto;\n\t\t\t\t}\n\t\t\t\t#gallery-3 .gallery-item {\n\t\t\t\t\tfloat: left;\n\t\t\t\t\tmargin-top: 10px;\n\t\t\t\t\ttext-align: center;\n\t\t\t\t\twidth: 20%;\n\t\t\t\t}\n\t\t\t\t#gallery-3 img {\n\t\t\t\t\tborder: 2px solid #cfcfcf;\n\t\t\t\t}\n\t\t\t\t#gallery-3 .gallery-caption {\n\t\t\t\t\tmargin-left: 0;\n\t\t\t\t}\n\t\t\t\t\/* see gallery_shortcode() in wp-includes\/media.php *\/\n\t\t\t<\/style>\n\t\t<div id='gallery-3' class='dt-gallery-container gallery galleryid-326638 gallery-columns-5 gallery-size-thumbnail'><dl class='gallery-item'>\n\t\t\t\t<dt class='gallery-icon landscape'>\n\t\t\t\t\t<a class=\"rollover\" href='https:\/\/www.radiopiu.net\/wordpress\/giornale-radiopiu-16-marzo-2023-direttore-mirko-mezzacasa-verso-i-40-anni-25-giugno-1983-25-giugno-2023\/623f8c6e-1a48-4d4a-8751-f5cc429ee26a\/'><img loading=\"lazy\" decoding=\"async\" width=\"150\" height=\"150\" src=\"https:\/\/www.radiopiu.net\/wordpress\/wp-content\/uploads\/2023\/03\/623f8c6e-1a48-4d4a-8751-f5cc429ee26a-150x150.jpg\" class=\"attachment-thumbnail size-thumbnail\" alt=\"\" \/><\/a>\n\t\t\t\t<\/dt><\/dl><dl class='gallery-item'>\n\t\t\t\t<dt class='gallery-icon landscape'>\n\t\t\t\t\t<a class=\"rollover\" href='https:\/\/www.radiopiu.net\/wordpress\/giornale-radiopiu-16-marzo-2023-direttore-mirko-mezzacasa-verso-i-40-anni-25-giugno-1983-25-giugno-2023\/dfa4943c-6473-42f2-a21a-5e54eab33224\/'><img loading=\"lazy\" decoding=\"async\" width=\"150\" height=\"150\" src=\"https:\/\/www.radiopiu.net\/wordpress\/wp-content\/uploads\/2023\/03\/dfa4943c-6473-42f2-a21a-5e54eab33224-150x150.jpg\" class=\"attachment-thumbnail size-thumbnail\" alt=\"\" \/><\/a>\n\t\t\t\t<\/dt><\/dl><dl class='gallery-item'>\n\t\t\t\t<dt class='gallery-icon landscape'>\n\t\t\t\t\t<a class=\"rollover\" href='https:\/\/www.radiopiu.net\/wordpress\/giornale-radiopiu-16-marzo-2023-direttore-mirko-mezzacasa-verso-i-40-anni-25-giugno-1983-25-giugno-2023\/bdfda766-ad07-4590-ac8a-d5b638f3db14\/'><img loading=\"lazy\" decoding=\"async\" width=\"150\" height=\"150\" src=\"https:\/\/www.radiopiu.net\/wordpress\/wp-content\/uploads\/2023\/03\/bdfda766-ad07-4590-ac8a-d5b638f3db14-150x150.jpg\" class=\"attachment-thumbnail size-thumbnail\" alt=\"\" \/><\/a>\n\t\t\t\t<\/dt><\/dl><dl class='gallery-item'>\n\t\t\t\t<dt class='gallery-icon landscape'>\n\t\t\t\t\t<a class=\"rollover\" href='https:\/\/www.radiopiu.net\/wordpress\/giornale-radiopiu-16-marzo-2023-direttore-mirko-mezzacasa-verso-i-40-anni-25-giugno-1983-25-giugno-2023\/6047f9ee-c279-48ac-b33c-b8bfe32ad813\/'><img loading=\"lazy\" decoding=\"async\" width=\"150\" height=\"150\" src=\"https:\/\/www.radiopiu.net\/wordpress\/wp-content\/uploads\/2023\/03\/6047f9ee-c279-48ac-b33c-b8bfe32ad813-150x150.jpg\" class=\"attachment-thumbnail size-thumbnail\" alt=\"\" \/><\/a>\n\t\t\t\t<\/dt><\/dl><dl class='gallery-item'>\n\t\t\t\t<dt class='gallery-icon landscape'>\n\t\t\t\t\t<a class=\"rollover\" href='https:\/\/www.radiopiu.net\/wordpress\/giornale-radiopiu-16-marzo-2023-direttore-mirko-mezzacasa-verso-i-40-anni-25-giugno-1983-25-giugno-2023\/45f4f5d2-6810-4d19-b267-b0b21be7c067\/'><img loading=\"lazy\" decoding=\"async\" width=\"150\" height=\"150\" src=\"https:\/\/www.radiopiu.net\/wordpress\/wp-content\/uploads\/2023\/03\/45f4f5d2-6810-4d19-b267-b0b21be7c067-150x150.jpg\" class=\"attachment-thumbnail size-thumbnail\" alt=\"\" \/><\/a>\n\t\t\t\t<\/dt><\/dl><br style=\"clear: both\" \/>\n\t\t\t<\/div>\n\n<p>&nbsp;<\/p>\n<p>&nbsp;<\/p>\n<hr \/>\n<p>&nbsp;<\/p>\n<blockquote>\n<h3>CHIUSURA DELLA NEUROLOGIA A FELTRE. ULSS1 &#8220;ESPRIMERE PREOCCUPAZIONI NON AIUTA A TROVARE PROFESSIONISTI&#8221;<\/h3>\n<\/blockquote>\n<p><strong><img loading=\"lazy\" decoding=\"async\" class=\"alignleft\" src=\"https:\/\/www.radiopiu.net\/wordpress\/wp-content\/uploads\/2023\/03\/brain-5436467__340.jpg\" width=\"262\" height=\"148\" \/>FELTRE<\/strong> Sempre pi\u00f9 insistenti le voci della chiusura di Neurologia a Feltre con accentramento a Belluno. Per il direttore generale Maria Grazia Carraro, incontrollare e pericolose <em>&#8220;Esprimere preoccupazioni &#8211; precisa &#8211;\u00a0 seppur condivisibili, non aiuta a trovare nuovi professionisti. Esorto quanti si sono mobilitati in questi giorni a collaborare fattivamente con l\u2019Azienda per rendere attrattivo vivere e lavorare nelle Dolomiti. Non \u00e8 il momento di sterili polemiche ma di azioni concrete per il bene dell\u2019intero territorio e della sua gente. Aiutateci a trovare medici, con senso etico e passione per la professione\u00bb <\/em>L\u2019Ulss conferma\u00a0 il massimo impegno nel percorrere tutte le strade possibili per mantenere attive le attivit\u00e0 di ricovero e ambulatoriali di entrambe le Neurologie aziendali. Attualmente sono in servizio 5 medici Neurologi dipendenti a Belluno e 4 medici Neurologi dipendenti e 1 libero professionista a Feltre. A partire da maggio cesser\u00e0 una unit\u00e0 della Neurologia di Belluno e un\u2019altra cessazione \u00e8 in programma a giugno, sempre a Belluno. A Feltre non sono previste cessazioni. Per incentivare i medici a scegliere l\u2019ulss Dolomiti come sede di lavoro, e a rimanerci, sono state attivate diverse iniziative che rendono economicamente vantaggioso l\u2019incarico. La retribuzione di posizione, che riconosce economicamente il valore dell&#8217;incarico assegnato, \u00e8 tra le pi\u00f9 elevate del Veneto.<\/p>\n<p>&nbsp;<\/p>\n<p>&nbsp;<\/p>\n<hr \/>\n<p>&nbsp;<\/p>\n<blockquote>\n<h3>TRICHIANA BRUSA LA VECIA, SABATO LA SFIDA SUL ROGO TRA LE FRAZIONI<\/h3>\n<\/blockquote>\n<p><strong><a class=\"dt-pswp-item\" href=\"https:\/\/www.radiopiu.net\/wordpress\/wp-content\/uploads\/2023\/03\/Senza-nome-52.jpg\" data-dt-img-description=\"\" data-large_image_width=\"577\" data-large_image_height=\"416\"><img loading=\"lazy\" decoding=\"async\" class=\"wp-image-326708 alignleft\" src=\"https:\/\/www.radiopiu.net\/wordpress\/wp-content\/uploads\/2023\/03\/Senza-nome-52-300x216.jpg\" alt=\"\" width=\"188\" height=\"135\" srcset=\"https:\/\/www.radiopiu.net\/wordpress\/wp-content\/uploads\/2023\/03\/Senza-nome-52-300x216.jpg 300w, https:\/\/www.radiopiu.net\/wordpress\/wp-content\/uploads\/2023\/03\/Senza-nome-52.jpg 577w\" sizes=\"auto, (max-width: 188px) 100vw, 188px\" \/><\/a>di Mirko Mezzacasa<\/strong><\/p>\n<p><strong>ospite Gianni Segat, Proloco Trichiana<\/strong><\/p>\n<audio class=\"wp-audio-shortcode\" id=\"audio-326638-4\" preload=\"none\" style=\"width: 100%;\" controls=\"controls\"><source type=\"audio\/mpeg\" src=\"https:\/\/www.radiopiu.net\/wordpress\/wp-content\/uploads\/2023\/03\/GIANNI-SEGAT.mp3?_=4\" \/><a href=\"https:\/\/www.radiopiu.net\/wordpress\/wp-content\/uploads\/2023\/03\/GIANNI-SEGAT.mp3\">https:\/\/www.radiopiu.net\/wordpress\/wp-content\/uploads\/2023\/03\/GIANNI-SEGAT.mp3<\/a><\/audio>\n<p>&nbsp;<\/p>\n<p>&nbsp;<\/p>\n<hr \/>\n<blockquote>\n<h3><\/h3>\n<h3>DOMENICA SUL BROI, LA VECIA POPA LEGGE IL TESTAMENTO PRIMA DEL ROGO<\/h3>\n<\/blockquote>\n<p><strong><img loading=\"lazy\" decoding=\"async\" class=\"alignleft\" src=\"https:\/\/www.radiopiu.net\/wordpress\/wp-content\/uploads\/2019\/03\/vecia.jpg\" width=\"150\" height=\"100\" \/>REDAZIONE<\/strong> Tutto pronto per la festa de la Vecia Popa che scender\u00e0 come di consueto dalla Val di Frela, ne parliamo alla radio con Thomas Manfroi del Comitato Organizzatore.<\/p>\n<p>di Mirko Mezzacasa<\/p>\n<p><strong>AUDIO\u00a0<\/strong><\/p>\n<audio class=\"wp-audio-shortcode\" id=\"audio-326638-5\" preload=\"none\" style=\"width: 100%;\" controls=\"controls\"><source type=\"audio\/mpeg\" src=\"https:\/\/www.radiopiu.net\/wordpress\/wp-content\/uploads\/2023\/03\/VECIA-POPA-THOMAS.mp3?_=5\" \/><a href=\"https:\/\/www.radiopiu.net\/wordpress\/wp-content\/uploads\/2023\/03\/VECIA-POPA-THOMAS.mp3\">https:\/\/www.radiopiu.net\/wordpress\/wp-content\/uploads\/2023\/03\/VECIA-POPA-THOMAS.mp3<\/a><\/audio>\n<p>&nbsp;<\/p>\n<hr \/>\n<p>&nbsp;<\/p>\n<blockquote>\n<h3>DOMENICA &#8220;BAITE APERTE&#8221; AL CULMINE DI UN&#8217;OTTIMA STAGIONE<\/h3>\n<\/blockquote>\n<p><strong><img loading=\"lazy\" decoding=\"async\" class=\"alignleft\" src=\"https:\/\/www.radiopiu.net\/wordpress\/wp-content\/uploads\/2020\/06\/331569072_242513624792105_2385384230339396135_n.jpg\" width=\"173\" height=\"97\" \/>DOMENICA AD ALLEGHE<\/strong><\/p>\n<p><strong>di Mirko Mezzacasa<\/strong><\/p>\n<p><strong>OSPITI ANDREA DAL FARRA, CRISTIAN MORETTI<\/strong><\/p>\n<audio class=\"wp-audio-shortcode\" id=\"audio-326638-6\" preload=\"none\" style=\"width: 100%;\" controls=\"controls\"><source type=\"audio\/mpeg\" src=\"https:\/\/www.radiopiu.net\/wordpress\/wp-content\/uploads\/2020\/06\/baite-aperte-aprile.mp3?_=6\" \/><a href=\"https:\/\/www.radiopiu.net\/wordpress\/wp-content\/uploads\/2020\/06\/baite-aperte-aprile.mp3\">https:\/\/www.radiopiu.net\/wordpress\/wp-content\/uploads\/2020\/06\/baite-aperte-aprile.mp3<\/a><\/audio>\n<p>&nbsp;<\/p>\n<p>&nbsp;<\/p>\n<hr \/>\n<p>&nbsp;<\/p>\n<blockquote>\n<h3>COME COMPORTARSI IN CASO DI CALAMITA&#8217; NATURALI. LA BROCHURE DEL COMUNE DI AGORDO ED ALPINI<\/h3>\n<\/blockquote>\n<p><strong>AGORDO<\/strong> Il comune di Agordo in sinergia con il Gruppo Protezione Civile Alpini hanno pensato ad una brochure per la popolazione per illustrare le regole e i comportamenti da adottare in presenza di eventi emergenziali come terremoti, incendi alluvioni, frane, vento forte e dissesto idrogeologico. Un documento che verr\u00e0 distribuito in tutte le case degli abitanti di Agordo e che riporta in sintesi le azioni da intraprendere previste dal piano di Protezione Civile del comune di Agordo approvato nel 2020 ed aggiornato recentemente. Un piccolo vademecum che l&#8217;amministrazione ha ritenuto importante portare nelle case dei cittadini. La distribuzione inizier\u00e0 nei prossimi giorni con un porta a porta degli Alpini.<\/p>\n<p>&nbsp;<\/p>\n<p>&nbsp;<\/p>\n<hr \/>\n<blockquote><p>&nbsp;<\/p>\n<p><strong>COPPA DEL MONDO SCI PARALIMPICO. ZAIA, \u201cTEST FONDAMENTALE IN VISTA DELLE OLIMPIADI E PARALIMPIADI<\/strong><\/p><\/blockquote>\n<p><strong>VENEZIA<\/strong> <em>Gli atleti paralimpici hanno finalmente potuto testare le nostre piste, le nostre infrastrutture, i nostri servizi. Un test importante in vista dei Giochi Olimpici di Milano Cortina, le Olimpiadi di tutti. Degli atleti con e senza disabilit\u00e0. L\u2019appuntamento, che lascer\u00e0 una eredit\u00e0 importante anche nella montagna veneta, ha come priorit\u00e0 le persone, l\u2019ambiente, la sostenibilit\u00e0 e l\u2019inclusivit\u00e0. Parole chiave di un impegno che ci siamo presi nel 2019 a Losanna candidando il Veneto come venue Olimpica\u201d. <\/em>Lo dice il Presidente della Regione del Veneto, Luca Zaia, in occasione dell\u2019appuntamento sportivo che sti sta svolgendo in questi giorni a Cortina d\u2019Ampezzo, con protagonisti gli atleti paralimpici di sci provenienti da 25 diverse nazioni. Fino al 17 marzo si sfideranno, infatti, sulla pista Olympia delle Tofane per le finali della Coppa del mondo di sci alpino paralimpico.<\/p>\n\n\t\t\t<style type='text\/css'>\n\t\t\t\t#gallery-4 {\n\t\t\t\t\tmargin: auto;\n\t\t\t\t}\n\t\t\t\t#gallery-4 .gallery-item {\n\t\t\t\t\tfloat: left;\n\t\t\t\t\tmargin-top: 10px;\n\t\t\t\t\ttext-align: center;\n\t\t\t\t\twidth: 33%;\n\t\t\t\t}\n\t\t\t\t#gallery-4 img {\n\t\t\t\t\tborder: 2px solid #cfcfcf;\n\t\t\t\t}\n\t\t\t\t#gallery-4 .gallery-caption {\n\t\t\t\t\tmargin-left: 0;\n\t\t\t\t}\n\t\t\t\t\/* see gallery_shortcode() in wp-includes\/media.php *\/\n\t\t\t<\/style>\n\t\t<div id='gallery-4' class='dt-gallery-container gallery galleryid-326638 gallery-columns-3 gallery-size-thumbnail'><dl class='gallery-item'>\n\t\t\t\t<dt class='gallery-icon portrait'>\n\t\t\t\t\t<a class=\"rollover rollover-zoom dt-pswp-item\" title=\"WhatsApp Image 2023-03-15 at 12.43.50 (2)\" data-dt-img-description=\"\" data-large_image_width=\"900\" data-large_image_height=\"1600\"href='https:\/\/www.radiopiu.net\/wordpress\/wp-content\/uploads\/2023\/03\/WhatsApp-Image-2023-03-15-at-12.43.50-2.jpeg'><img loading=\"lazy\" decoding=\"async\" width=\"150\" height=\"150\" src=\"https:\/\/www.radiopiu.net\/wordpress\/wp-content\/uploads\/2023\/03\/WhatsApp-Image-2023-03-15-at-12.43.50-2-150x150.jpeg\" class=\"attachment-thumbnail size-thumbnail\" alt=\"\" \/><\/a>\n\t\t\t\t<\/dt><\/dl><dl class='gallery-item'>\n\t\t\t\t<dt class='gallery-icon portrait'>\n\t\t\t\t\t<a class=\"rollover rollover-zoom dt-pswp-item\" title=\"WhatsApp Image 2023-03-15 at 12.41.44\" data-dt-img-description=\"\" data-large_image_width=\"1200\" data-large_image_height=\"1600\"href='https:\/\/www.radiopiu.net\/wordpress\/wp-content\/uploads\/2023\/03\/WhatsApp-Image-2023-03-15-at-12.41.44.jpeg'><img loading=\"lazy\" decoding=\"async\" width=\"150\" height=\"150\" src=\"https:\/\/www.radiopiu.net\/wordpress\/wp-content\/uploads\/2023\/03\/WhatsApp-Image-2023-03-15-at-12.41.44-150x150.jpeg\" class=\"attachment-thumbnail size-thumbnail\" alt=\"\" \/><\/a>\n\t\t\t\t<\/dt><\/dl><dl class='gallery-item'>\n\t\t\t\t<dt class='gallery-icon portrait'>\n\t\t\t\t\t<a class=\"rollover rollover-zoom dt-pswp-item\" title=\"WhatsApp Image 2023-03-15 at 12.43.50\" data-dt-img-description=\"\" data-large_image_width=\"900\" data-large_image_height=\"1600\"href='https:\/\/www.radiopiu.net\/wordpress\/wp-content\/uploads\/2023\/03\/WhatsApp-Image-2023-03-15-at-12.43.50.jpeg'><img loading=\"lazy\" decoding=\"async\" width=\"150\" height=\"150\" src=\"https:\/\/www.radiopiu.net\/wordpress\/wp-content\/uploads\/2023\/03\/WhatsApp-Image-2023-03-15-at-12.43.50-150x150.jpeg\" class=\"attachment-thumbnail size-thumbnail\" alt=\"\" \/><\/a>\n\t\t\t\t<\/dt><\/dl><br style=\"clear: both\" \/>\n\t\t\t<\/div>\n\n<p>&nbsp;<\/p>\n<hr \/>\n<p>&nbsp;<\/p>\n<blockquote>\n<h3>Gli studenti di infermieristica di Feltre aderiscono al progetto di ADMO e UNIPD<\/h3>\n<\/blockquote>\n<p><strong>FELTRE<\/strong> Una quarantina di studenti di infermieristica hanno aderito alla proposta di ADMO e Universit\u00e0 di Padova per la tipizzazione salivare che permette l\u2019inserimento nell\u2019elenco dei possibili donatori di midollo. \u00c8 la prima volta che questa attivit\u00e0 viene proposta in provincia di Belluno. La donazione di midollo osseo \u00e8 fondamentale nella cura di moltissime malattie del sangue, tra cui le leucemie. I volontari ADMO, accompagnati dal Coordinatore del Corso di Laurea in infermieristica, hanno incontrati gli studenti al Campus Tina Merlin di Feltre, hanno risposte a domande e richieste, raccontato la loro esperienza ed accompagnato il donatore o la donatrice lungo l\u2019iter che va dalla compilazione dei questionari all&#8217;effettiva tipizzazione, che si svolge mediante un semplicissimo tampone salivare.<\/p>\n\n\t\t\t<style type='text\/css'>\n\t\t\t\t#gallery-5 {\n\t\t\t\t\tmargin: auto;\n\t\t\t\t}\n\t\t\t\t#gallery-5 .gallery-item {\n\t\t\t\t\tfloat: left;\n\t\t\t\t\tmargin-top: 10px;\n\t\t\t\t\ttext-align: center;\n\t\t\t\t\twidth: 100%;\n\t\t\t\t}\n\t\t\t\t#gallery-5 img {\n\t\t\t\t\tborder: 2px solid #cfcfcf;\n\t\t\t\t}\n\t\t\t\t#gallery-5 .gallery-caption {\n\t\t\t\t\tmargin-left: 0;\n\t\t\t\t}\n\t\t\t\t\/* see gallery_shortcode() in wp-includes\/media.php *\/\n\t\t\t<\/style>\n\t\t<div id='gallery-5' class='dt-gallery-container gallery galleryid-326638 gallery-columns-1 gallery-size-large'><dl class='gallery-item'>\n\t\t\t\t<dt class='gallery-icon landscape'>\n\t\t\t\t\t<a class=\"rollover rollover-zoom dt-pswp-item\" title=\"infermieristica (2)\" data-dt-img-description=\"\" data-large_image_width=\"1600\" data-large_image_height=\"900\"href='https:\/\/www.radiopiu.net\/wordpress\/wp-content\/uploads\/2023\/03\/infermieristica-2.jpeg'><img loading=\"lazy\" decoding=\"async\" width=\"1024\" height=\"576\" src=\"https:\/\/www.radiopiu.net\/wordpress\/wp-content\/uploads\/2023\/03\/infermieristica-2-1024x576.jpeg\" class=\"attachment-large size-large\" alt=\"\" srcset=\"https:\/\/www.radiopiu.net\/wordpress\/wp-content\/uploads\/2023\/03\/infermieristica-2-1024x576.jpeg 1024w, https:\/\/www.radiopiu.net\/wordpress\/wp-content\/uploads\/2023\/03\/infermieristica-2-300x169.jpeg 300w, https:\/\/www.radiopiu.net\/wordpress\/wp-content\/uploads\/2023\/03\/infermieristica-2-768x432.jpeg 768w, https:\/\/www.radiopiu.net\/wordpress\/wp-content\/uploads\/2023\/03\/infermieristica-2-1536x864.jpeg 1536w, https:\/\/www.radiopiu.net\/wordpress\/wp-content\/uploads\/2023\/03\/infermieristica-2.jpeg 1600w\" sizes=\"auto, (max-width: 1024px) 100vw, 1024px\" \/><\/a>\n\t\t\t\t<\/dt><\/dl><br style=\"clear: both\" \/>\n\t\t\t<\/div>\n\n<p>&nbsp;<\/p>\n<p>&nbsp;<\/p>\n<hr \/>\n<p>&nbsp;<\/p>\n<blockquote>\n<h2>Open day ai corsi universitari attivi a Feltre<\/h2>\n<\/blockquote>\n<p><a class=\"dt-pswp-item\" href=\"https:\/\/www.radiopiu.net\/wordpress\/wp-content\/uploads\/2023\/03\/infermieristica-3-1.jpeg\" data-dt-img-description=\"\" data-large_image_width=\"1600\" data-large_image_height=\"870\"><img loading=\"lazy\" decoding=\"async\" class=\"size-medium wp-image-326734 alignleft\" src=\"https:\/\/www.radiopiu.net\/wordpress\/wp-content\/uploads\/2023\/03\/infermieristica-3-1-300x163.jpeg\" alt=\"\" width=\"300\" height=\"163\" srcset=\"https:\/\/www.radiopiu.net\/wordpress\/wp-content\/uploads\/2023\/03\/infermieristica-3-1-300x163.jpeg 300w, https:\/\/www.radiopiu.net\/wordpress\/wp-content\/uploads\/2023\/03\/infermieristica-3-1-1024x557.jpeg 1024w, https:\/\/www.radiopiu.net\/wordpress\/wp-content\/uploads\/2023\/03\/infermieristica-3-1-768x418.jpeg 768w, https:\/\/www.radiopiu.net\/wordpress\/wp-content\/uploads\/2023\/03\/infermieristica-3-1-1536x835.jpeg 1536w, https:\/\/www.radiopiu.net\/wordpress\/wp-content\/uploads\/2023\/03\/infermieristica-3-1.jpeg 1600w\" sizes=\"auto, (max-width: 300px) 100vw, 300px\" \/><\/a><strong>FELTRE<\/strong> La sede di Feltre dell\u2019Universit\u00e0 di Padova apre le porte agli studenti, aderendo all\u2019iniziativa \u201cScegli con noi\u201d promossa dall\u2019ateneo per presentare i corsi di laurea. Mercoled\u00ec 22 marzo dalle 15.00 alle 17.00 al Campus Tina Merlin di Feltre, le persone interessare ai corsi di laurea triennale in Infermieristica, in Tecniche della prevenzione negli ambienti di vita e di lavoro e al master in prevenzione ed emergenza in territorio montano e d\u2019alta quota potranno partecipare all\u2019open day.<em> \u00abInvitiamo gli studenti degli ultimi anni delle scuole superiori ad essere curiosi. Ci rivolgiamo anche alle persone che dopo altre esperienze lavorative vogliono conoscere una nuova prospettiva che offre un\u2019opportunit\u00e0 formativa\u00bb<\/em> commenta il direttore sanitario Maria Caterina De Marco.<\/p>\n<p>&nbsp;<\/p>\n<p>&nbsp;<\/p>\n<hr \/>\n<blockquote>\n<blockquote>\n<h3>UN COLLAGE TRA GIRANDOLE DELL&#8217;INCLUSIONE<\/h3>\n<p><a class=\"dt-pswp-item\" href=\"https:\/\/www.radiopiu.net\/wordpress\/wp-content\/uploads\/2023\/03\/giornata-internazionale-della-sindrome-di-down.png\" data-dt-img-description=\"\" data-large_image_width=\"1587\" data-large_image_height=\"2245\"><img loading=\"lazy\" decoding=\"async\" class=\" wp-image-326395 alignleft\" src=\"https:\/\/www.radiopiu.net\/wordpress\/wp-content\/uploads\/2023\/03\/giornata-internazionale-della-sindrome-di-down-212x300.png\" alt=\"\" width=\"100\" height=\"142\" srcset=\"https:\/\/www.radiopiu.net\/wordpress\/wp-content\/uploads\/2023\/03\/giornata-internazionale-della-sindrome-di-down-212x300.png 212w, https:\/\/www.radiopiu.net\/wordpress\/wp-content\/uploads\/2023\/03\/giornata-internazionale-della-sindrome-di-down-724x1024.png 724w, https:\/\/www.radiopiu.net\/wordpress\/wp-content\/uploads\/2023\/03\/giornata-internazionale-della-sindrome-di-down-768x1086.png 768w, https:\/\/www.radiopiu.net\/wordpress\/wp-content\/uploads\/2023\/03\/giornata-internazionale-della-sindrome-di-down-1086x1536.png 1086w, https:\/\/www.radiopiu.net\/wordpress\/wp-content\/uploads\/2023\/03\/giornata-internazionale-della-sindrome-di-down-1448x2048.png 1448w, https:\/\/www.radiopiu.net\/wordpress\/wp-content\/uploads\/2023\/03\/giornata-internazionale-della-sindrome-di-down.png 1587w\" sizes=\"auto, (max-width: 100px) 100vw, 100px\" \/><\/a><\/p><\/blockquote>\n<p><strong>BELLUNO<\/strong> In occasione della Giornata Internazionale della Sindrome di Down, che ricorre il prossimo 21 marzo 2023, l\u2019Ulss Dolomiti, con i centri diurni di Pieve di Cadore, lancia l\u2019iniziativa \u201cFai girare l\u2019inclusione\u201d. Come partecipare? Crea una girandola, piccola o grande, colorata o in bianco e nero, con cartoncino, con il feltro, con materiali di recupero o con qualsiasi materiale; Esponila in giardino o al balcone; Scatta una foto, postala sui tuoi social con l\u2019#faigirarelinclusione e\/o inviala alla mail comunicazione@aulss1.veneto.it entro il 20 marzo 2023.\u00a0 Sar\u00e0 realizzato \u00a0un collage con le girandole dell\u2019inclusione che sar\u00e0 condiviso sui\u00a0 social.<\/p><\/blockquote>\n<p>&nbsp;<\/p>\n<p>&nbsp;<\/p>\n<hr \/>\n<p>&nbsp;<\/p>\n<blockquote>\n<blockquote>\n<h3>PIU&#8217; CONSAPEVOLI INSIEME<\/h3>\n<\/blockquote>\n<p><strong>BELLUNO<\/strong> \u00a0P.IB. Partite Iva Bellunesi e l&#8217;Associazione Consumatore informato hanno organizzato una serata informativa ad ingresso libero e gratuito su: &#8220;Tutela legale Energia Elettrica e Gas&#8221;, &#8220;Rapporti con le banche&#8221; e &#8220;Nuovi contratti in Rete&#8221;.\u00a0 Interverr\u00e0 l&#8217;avvocato Marco Bert\u00e8. Mercoled\u00ec 29 Marzo alle\u00a0 20.30 al Castello delle Zumelle a Mel. Per Info e prenotazioni Tel. 3512240481<\/p><\/blockquote>\n<p>&nbsp;<\/p>\n<p>&nbsp;<\/p>\n<hr \/>\n<p>&nbsp;<\/p>\n<h2><span style=\"color: #ff0000;\">IERI ALLA RADIO<\/span><\/h2>\n<h2><strong class=\"photoswipe-wrapper\"><a class=\"dt-pswp-item pspw-wrap-ready\" href=\"https:\/\/www.radiopiu.net\/wordpress\/wp-content\/uploads\/2020\/11\/Schermata-2020-11-11-alle-12.25.13.png\" data-dt-img-description=\"\" data-large_image_width=\"594\" data-large_image_height=\"310\"><img loading=\"lazy\" decoding=\"async\" class=\" wp-image-172025 alignleft\" src=\"https:\/\/www.radiopiu.net\/wordpress\/wp-content\/uploads\/2020\/11\/Schermata-2020-11-11-alle-12.25.13-300x157.png\" sizes=\"auto, (max-width: 243px) 100vw, 243px\" srcset=\"https:\/\/www.radiopiu.net\/wordpress\/wp-content\/uploads\/2020\/11\/Schermata-2020-11-11-alle-12.25.13-300x157.png 300w, https:\/\/www.radiopiu.net\/wordpress\/wp-content\/uploads\/2020\/11\/Schermata-2020-11-11-alle-12.25.13.png 594w\" alt=\"\" width=\"243\" height=\"127\" \/><\/a><\/strong><span style=\"color: #008000;\">CISL, LA VOCE PER I LAVORATORI<\/span><\/h2>\n<p><strong class=\"photoswipe-wrapper\">di Mirko Mezzacasa<\/strong><\/p>\n<p>OSPITE: Stefano Gris, Patronato INAS CISL<\/p>\n<audio class=\"wp-audio-shortcode\" id=\"audio-326638-7\" preload=\"none\" style=\"width: 100%;\" controls=\"controls\"><source type=\"audio\/mpeg\" src=\"https:\/\/www.radiopiu.net\/wordpress\/wp-content\/uploads\/2023\/03\/FEMCA-CISL.mp3?_=7\" \/><a href=\"https:\/\/www.radiopiu.net\/wordpress\/wp-content\/uploads\/2023\/03\/FEMCA-CISL.mp3\">https:\/\/www.radiopiu.net\/wordpress\/wp-content\/uploads\/2023\/03\/FEMCA-CISL.mp3<\/a><\/audio>\n<p>&nbsp;<\/p>\n<hr \/>\n<p>&nbsp;<\/p>\n<p>&nbsp;<\/p>\n<h2><span style=\"color: #ff00ff;\"><a class=\"dt-pswp-item\" href=\"https:\/\/www.radiopiu.net\/wordpress\/wp-content\/uploads\/2022\/11\/scuola-zaino.jpeg\" data-dt-img-description=\"\" data-large_image_width=\"626\" data-large_image_height=\"417\"><img loading=\"lazy\" decoding=\"async\" class=\" wp-image-306830 alignleft\" src=\"https:\/\/www.radiopiu.net\/wordpress\/wp-content\/uploads\/2022\/11\/scuola-zaino-300x200.jpeg\" alt=\"\" width=\"156\" height=\"104\" srcset=\"https:\/\/www.radiopiu.net\/wordpress\/wp-content\/uploads\/2022\/11\/scuola-zaino-300x200.jpeg 300w, https:\/\/www.radiopiu.net\/wordpress\/wp-content\/uploads\/2022\/11\/scuola-zaino.jpeg 626w\" sizes=\"auto, (max-width: 156px) 100vw, 156px\" \/><\/a>SE NON LA SMETTI TI MANDO DAL PRESIDE<\/span><\/h2>\n<p><strong>di Mirko Mezzacasa<\/strong><\/p>\n<p>Con Maria Rosa Salmazo<\/p>\n<audio class=\"wp-audio-shortcode\" id=\"audio-326638-8\" preload=\"none\" style=\"width: 100%;\" controls=\"controls\"><source type=\"audio\/mpeg\" src=\"https:\/\/www.radiopiu.net\/wordpress\/wp-content\/uploads\/2023\/03\/SE-NON-LA-SMETTI-20-PUNTATA.mp3?_=8\" \/><a href=\"https:\/\/www.radiopiu.net\/wordpress\/wp-content\/uploads\/2023\/03\/SE-NON-LA-SMETTI-20-PUNTATA.mp3\">https:\/\/www.radiopiu.net\/wordpress\/wp-content\/uploads\/2023\/03\/SE-NON-LA-SMETTI-20-PUNTATA.mp3<\/a><\/audio>\n<p>&nbsp;<\/p>\n<hr \/>\n<p>&nbsp;<\/p>\n<blockquote>\n<h3>ASSEGNATI TRE \u201cPREMI DE LUCA\u201d ALLA CULTURA\u201d E MOLTE ALTRE MANIFESTAZIONI NELLA SALA DI BORGO PRA<\/h3>\n<\/blockquote>\n<p><strong>di RENATO BONA\u00a0<\/strong><\/p>\n<p>Intensa e importante anche l\u2019attivit\u00e0 dell\u2019anno 1993 per la Sala di cultura \u201cDe Luca\u201d di Borgo Pra a Belluno. Infatti \u00e8 proprio in quell\u2019anno che si ufficializz\u00f2 la nascita della nuova realt\u00e0 culturale della quale riferiscono dettagliatamente i due volumi che Francesco \u201cCheco\u201d De Luca\u201d realizz\u00f2 nel dicembre 2005 con la Editrice Velar di Bergamo. In questa occasione ci occupiamo delle attivit\u00e0 per cos\u00ec dire \u201cnormali\u201d organizzate o ospitate nella Sala di Borgo Pra, importante quartiere di Belluno. La serie degli eventi si apre l\u20198 gennaio con la riunione del \u201cComitato ing. Bracalenti\u201d mentre il 13 vi \u00e8 la conferenza sul suggestivo tema: \u201cComposizione e forma dell\u2019organismo umano\u201d, relatore il prof. Alfredo Fontana. Altra conferenza il 21 su: \u201cTarsi e intagli di fra Giovanni a Santa Maria in Organo di Verona\u201d con il prof. Walter Campara. Il 27 assemblea dell\u2019Aics ed il 30 conferenza sul tema: \u201cCos\u00ec dobbiamo guardare al futuro del Nord-Est\u201d, con intervento del prof. Romano Prodi. Febbraio: l\u201911 conferenza del prof. Giovanni Lizzi su: \u201cLe fortificazioni del Cadore e le altre difese 1904-1918\u201d che precede quella del 20, con proiezione di diapositive, sul tema: \u201cI morti in Russia\u201d, relatore il generale Benito Gavazza, Il 21 riunione del circolo dialettale \u201cZempedon\u201d. Marzo: la \u201cDe luca\u201d ospita dal 12 al 25 la collettiva di pittura, grafica e scultura degli artisti Tomasello, Rento e Tempera. Il 18 assemblea del Centro turistico giovanile ed il 20 quella provinciale dell\u2019Ana; del 21 il concerto di musica popolare del Coro di Costalta; il 25 riunione del direttivo della Fondazione Montagna e Europa Arnaldo Colleselli. Numerosi anche gli appuntamenti di aprile con convegni (il 23 quello dell\u2019Associazione bambini down della provincia di Belluno con relazione del dott. Cappellari), riunione di sodalizi e partiti, conferenze. A maggio: il 12, incontro dei cittadini di Borgo Pra con Sindaco e giunta comunale dopo che a met\u00e0 aprile De Luca e 200 cittadini avevano rivolto un appello al Sindaco sulle condizioni del Borgo con la piazza in degrado. Dal 13 al 16 maggio esposizione di 100 disegni degli scolari di quinta sul tema: \u201cIl codice della strada ad iniziativa dei Vigili urbani; il 29 serata-ricordo del direttore didattico prof. Felice De Col (per l\u2019occasione la pittrice Renata Carraro ha realizzato una litografia ed \u00e8 stata allestita una mostra di disegni di scolari. Giugno: il 3 riunione del Gruppo sportivo Vescov\u00e0; dal 5 al 14 mostra della pittrice Margherita Biondi; il 10 conferenza della fondazione Colleselli con Paolo Costa ed Orazio Andrich su: Le prospettive del turismo alle soglie del Duemila\u201d. Il 21 convegno sul \u201cDocumento vacanze sulla neve\u201d col giornalista della televisione Piero Badaloni. \u201cFerie\u201d a luglio con agosto che registrava solo il convegno, giorno 7. a cura della Sezione Ana sul tema: \u201cProtezione civile\u201d relatore Mario Dell\u2019Eva; serie di convegni e conferenze e quindi si \u201csalta\u201d a ottobre con la retrospettiva, dal 10 al 24, del pittore Angelo Collarin; il 16 asta di beneficenza pro Associazione leucemici e il 6 novembre seconda edizione del Premio internazionale \u201cSala di cultura De Luca\u201d e premi al prof. Giancandido De Martin e agli austrici Dieter Goritschnig, sindaco di Berg in Drautal, e prof. Gangolf Pirker presidente degli artisti della Carinzia: dal 6 al 20 mostra di pittura di artisti della Russia, l\u201911 il classico \u201cFil\u00f2 di San Martino\u201d con recita di poesie dialettali e concorso per gli scolari; il 22 concerto di musica classica con Francesco Tagliavini al violino ed Enrico Tagliavini alla chitarra; il 23 conferenza con diapositive su: \u201cLa tragedia del Vajont\u201d, relatore Angelo Baraldo; il 27 quella su: \u201cQuali politiche per la montagna a 10 anni dalla risoluzione Colleselli al Parlamento Europeo\u201d. Conclusione con dicembre quando, il 4, vi furono la presentazione dei libri \u201cAddio Zoldo, ciao America\u201d e \u201cPugni amari\u201d di Michelangelo Corazza; la mostra di pittura di Giulio Berton dal 7 al 20 e la presentazione di \u201cLabirinti d\u2019amore\u201d libro di Enrico Gasperi, Giorgio Graziano e Pierluigi Svaluto Moreolo.<\/p>\n\n\t\t\t<style type='text\/css'>\n\t\t\t\t#gallery-6 {\n\t\t\t\t\tmargin: auto;\n\t\t\t\t}\n\t\t\t\t#gallery-6 .gallery-item {\n\t\t\t\t\tfloat: left;\n\t\t\t\t\tmargin-top: 10px;\n\t\t\t\t\ttext-align: center;\n\t\t\t\t\twidth: 16%;\n\t\t\t\t}\n\t\t\t\t#gallery-6 img {\n\t\t\t\t\tborder: 2px solid #cfcfcf;\n\t\t\t\t}\n\t\t\t\t#gallery-6 .gallery-caption {\n\t\t\t\t\tmargin-left: 0;\n\t\t\t\t}\n\t\t\t\t\/* see gallery_shortcode() in wp-includes\/media.php *\/\n\t\t\t<\/style>\n\t\t<div id='gallery-6' class='dt-gallery-container gallery galleryid-326638 gallery-columns-6 gallery-size-thumbnail'><dl class='gallery-item'>\n\t\t\t\t<dt class='gallery-icon landscape'>\n\t\t\t\t\t<a class=\"rollover rollover-zoom dt-pswp-item\" title=\"6\" data-dt-img-description=\"\" data-large_image_width=\"276\" data-large_image_height=\"206\"href='https:\/\/www.radiopiu.net\/wordpress\/wp-content\/uploads\/2023\/03\/6-2.jpg'><img loading=\"lazy\" decoding=\"async\" width=\"150\" height=\"150\" src=\"https:\/\/www.radiopiu.net\/wordpress\/wp-content\/uploads\/2023\/03\/6-2-150x150.jpg\" class=\"attachment-thumbnail size-thumbnail\" alt=\"\" \/><\/a>\n\t\t\t\t<\/dt><\/dl><dl class='gallery-item'>\n\t\t\t\t<dt class='gallery-icon portrait'>\n\t\t\t\t\t<a class=\"rollover rollover-zoom dt-pswp-item\" title=\"9\" data-dt-img-description=\"\" data-large_image_width=\"160\" data-large_image_height=\"694\"href='https:\/\/www.radiopiu.net\/wordpress\/wp-content\/uploads\/2023\/03\/9-1.jpg'><img loading=\"lazy\" decoding=\"async\" width=\"150\" height=\"150\" src=\"https:\/\/www.radiopiu.net\/wordpress\/wp-content\/uploads\/2023\/03\/9-1-150x150.jpg\" class=\"attachment-thumbnail size-thumbnail\" alt=\"\" \/><\/a>\n\t\t\t\t<\/dt><\/dl><dl class='gallery-item'>\n\t\t\t\t<dt class='gallery-icon landscape'>\n\t\t\t\t\t<a class=\"rollover rollover-zoom dt-pswp-item\" title=\"4\" data-dt-img-description=\"\" data-large_image_width=\"403\" data-large_image_height=\"200\"href='https:\/\/www.radiopiu.net\/wordpress\/wp-content\/uploads\/2023\/03\/4-2.jpg'><img loading=\"lazy\" decoding=\"async\" width=\"150\" height=\"150\" src=\"https:\/\/www.radiopiu.net\/wordpress\/wp-content\/uploads\/2023\/03\/4-2-150x150.jpg\" class=\"attachment-thumbnail size-thumbnail\" alt=\"\" \/><\/a>\n\t\t\t\t<\/dt><\/dl><dl class='gallery-item'>\n\t\t\t\t<dt class='gallery-icon portrait'>\n\t\t\t\t\t<a class=\"rollover rollover-zoom dt-pswp-item\" title=\"2\" data-dt-img-description=\"\" data-large_image_width=\"160\" data-large_image_height=\"224\"href='https:\/\/www.radiopiu.net\/wordpress\/wp-content\/uploads\/2023\/03\/2-2.jpg'><img loading=\"lazy\" decoding=\"async\" width=\"150\" height=\"150\" src=\"https:\/\/www.radiopiu.net\/wordpress\/wp-content\/uploads\/2023\/03\/2-2-150x150.jpg\" class=\"attachment-thumbnail size-thumbnail\" alt=\"\" \/><\/a>\n\t\t\t\t<\/dt><\/dl><dl class='gallery-item'>\n\t\t\t\t<dt class='gallery-icon landscape'>\n\t\t\t\t\t<a class=\"rollover rollover-zoom dt-pswp-item\" title=\"7\" data-dt-img-description=\"\" data-large_image_width=\"261\" data-large_image_height=\"202\"href='https:\/\/www.radiopiu.net\/wordpress\/wp-content\/uploads\/2023\/03\/7-2.jpg'><img loading=\"lazy\" decoding=\"async\" width=\"150\" height=\"150\" src=\"https:\/\/www.radiopiu.net\/wordpress\/wp-content\/uploads\/2023\/03\/7-2-150x150.jpg\" class=\"attachment-thumbnail size-thumbnail\" alt=\"\" \/><\/a>\n\t\t\t\t<\/dt><\/dl><dl class='gallery-item'>\n\t\t\t\t<dt class='gallery-icon landscape'>\n\t\t\t\t\t<a class=\"rollover rollover-zoom dt-pswp-item\" title=\"11\" data-dt-img-description=\"\" data-large_image_width=\"261\" data-large_image_height=\"205\"href='https:\/\/www.radiopiu.net\/wordpress\/wp-content\/uploads\/2023\/03\/11-1.jpg'><img loading=\"lazy\" decoding=\"async\" width=\"150\" height=\"150\" src=\"https:\/\/www.radiopiu.net\/wordpress\/wp-content\/uploads\/2023\/03\/11-1-150x150.jpg\" class=\"attachment-thumbnail size-thumbnail\" alt=\"\" \/><\/a>\n\t\t\t\t<\/dt><\/dl><br style=\"clear: both\" \/><dl class='gallery-item'>\n\t\t\t\t<dt class='gallery-icon landscape'>\n\t\t\t\t\t<a class=\"rollover rollover-zoom dt-pswp-item\" title=\"10\" data-dt-img-description=\"\" data-large_image_width=\"337\" data-large_image_height=\"206\"href='https:\/\/www.radiopiu.net\/wordpress\/wp-content\/uploads\/2023\/03\/10-1.jpg'><img loading=\"lazy\" decoding=\"async\" width=\"150\" height=\"150\" src=\"https:\/\/www.radiopiu.net\/wordpress\/wp-content\/uploads\/2023\/03\/10-1-150x150.jpg\" class=\"attachment-thumbnail size-thumbnail\" alt=\"\" \/><\/a>\n\t\t\t\t<\/dt><\/dl><dl class='gallery-item'>\n\t\t\t\t<dt class='gallery-icon portrait'>\n\t\t\t\t\t<a class=\"rollover rollover-zoom dt-pswp-item\" title=\"8\" data-dt-img-description=\"\" data-large_image_width=\"154\" data-large_image_height=\"225\"href='https:\/\/www.radiopiu.net\/wordpress\/wp-content\/uploads\/2023\/03\/8-2.jpg'><img loading=\"lazy\" decoding=\"async\" width=\"150\" height=\"150\" src=\"https:\/\/www.radiopiu.net\/wordpress\/wp-content\/uploads\/2023\/03\/8-2-150x150.jpg\" class=\"attachment-thumbnail size-thumbnail\" alt=\"\" \/><\/a>\n\t\t\t\t<\/dt><\/dl><dl class='gallery-item'>\n\t\t\t\t<dt class='gallery-icon portrait'>\n\t\t\t\t\t<a class=\"rollover rollover-zoom dt-pswp-item\" title=\"5\" data-dt-img-description=\"\" data-large_image_width=\"160\" data-large_image_height=\"204\"href='https:\/\/www.radiopiu.net\/wordpress\/wp-content\/uploads\/2023\/03\/5-2.jpg'><img loading=\"lazy\" decoding=\"async\" width=\"150\" height=\"150\" src=\"https:\/\/www.radiopiu.net\/wordpress\/wp-content\/uploads\/2023\/03\/5-2-150x150.jpg\" class=\"attachment-thumbnail size-thumbnail\" alt=\"\" \/><\/a>\n\t\t\t\t<\/dt><\/dl><dl class='gallery-item'>\n\t\t\t\t<dt class='gallery-icon landscape'>\n\t\t\t\t\t<a class=\"rollover rollover-zoom dt-pswp-item\" title=\"1\" data-dt-img-description=\"\" data-large_image_width=\"368\" data-large_image_height=\"206\"href='https:\/\/www.radiopiu.net\/wordpress\/wp-content\/uploads\/2023\/03\/1-2.jpg'><img loading=\"lazy\" decoding=\"async\" width=\"150\" height=\"150\" src=\"https:\/\/www.radiopiu.net\/wordpress\/wp-content\/uploads\/2023\/03\/1-2-150x150.jpg\" class=\"attachment-thumbnail size-thumbnail\" alt=\"\" \/><\/a>\n\t\t\t\t<\/dt><\/dl><dl class='gallery-item'>\n\t\t\t\t<dt class='gallery-icon portrait'>\n\t\t\t\t\t<a class=\"rollover rollover-zoom dt-pswp-item\" title=\"3\" data-dt-img-description=\"\" data-large_image_width=\"173\" data-large_image_height=\"203\"href='https:\/\/www.radiopiu.net\/wordpress\/wp-content\/uploads\/2023\/03\/3-2.jpg'><img loading=\"lazy\" decoding=\"async\" width=\"150\" height=\"150\" src=\"https:\/\/www.radiopiu.net\/wordpress\/wp-content\/uploads\/2023\/03\/3-2-150x150.jpg\" class=\"attachment-thumbnail size-thumbnail\" alt=\"\" \/><\/a>\n\t\t\t\t<\/dt><\/dl>\n\t\t\t\t<br style='clear: both' \/>\n\t\t\t<\/div>\n\n<p>NELLE FOTO (riproduzioni dal primo libro \u201cUna ruota che gira da un quarto di secolo\u201d): immagine della Sala di cultura De Luca; il prof. Romano Prodi al convegno sul futuro del Nord-Est; degrado di fontana e piazza a Borgo Pra; la composizione artistica di Renata Carraro a ricordo del prof. Felice De Col; l\u2019on. Massimo D\u2019Alema presenta la candidatura (12 giugno) di Maurizio Fistarol a sindaco di Belluno; Floriano Pra con Francesco De Luca e Giovanni Crema al convegno con Piero Badaloni sul tema: \u201cVacanze sulla neve\u201d; litografia della Carraro a ricordo del prof. Ubaldo Bracalenti; i tre assegnatari del \u201cPremio De Luca alla cultura\u201d; Michelangelo Corazza (sulla destra) alla presentazione dei suoi libri; Giulio Berton (a sinistra) alla mostra personale di pittura.<\/p>\n<p>&nbsp;<\/p>\n<p>&nbsp;<\/p>\n<p>&nbsp;<\/p>\n<hr \/>\n<p>&nbsp;<\/p>\n<blockquote>\n<h3>L&#8217;ASSEMBLEA DEL GAV<\/h3>\n<\/blockquote>\n<p><strong>AGORDO<\/strong> I soci del GAV, Gruppo Assistenza Volontaria, hanno indetto l&#8217;assemblea ordinaria 2023 per domenica 26 marzo alle 11 nella sala del Centro Parrocchiale Monsignor Vincenzo Savio. In programma l&#8217;elezione del consiglio direttivo, l&#8217;approvazione del bilancio 2022 e la presentazione di bilancio e attivit\u00e0 2023.<\/p>\n<p>&nbsp;<\/p>\n<p>&nbsp;<\/p>\n<hr \/>\n<p>&nbsp;<\/p>\n<blockquote>\n<p align=\"center\"><span style=\"font-family: Arial, serif;\"><span style=\"font-size: medium;\"><b>GSP, Impianti Aperti domenica 19 marzo<\/b><\/span><\/span><\/p>\n<\/blockquote>\n<p><strong>BELLUNO<\/strong> Ritorna Impianti Aperti, la giornata che Bim Gsp dedica all\u2019apertura al pubblico degli impianti del servizio idrico integrato bellunese. Domenica 19 marzo, in occasione della Giornata Mondiale dell\u2019Acqua, al mattino sar\u00e0 possibile visitare la sorgente della Val Clusa: situata in Comune di La Valle Agordina, \u00e8 una delle quattro fonti di approvvigionamento del principale acquedotto della provincia di Belluno, che si snoda per oltre 130 km e alimenta ben 50mila abitanti.\u00a0 Il pomeriggio sar\u00e0 aperto al pubblico il depuratore di Oselete, a Longano di Sedico, impianto che tratta circa 750mila metri cubi di acque reflue provenienti di buona parte del territorio comunale. La partecipazione \u00e8 gratuita, info sul sito www.bimgsp.it.<\/p>\n<p>&nbsp;<\/p>\n<hr \/>\n<p>&nbsp;<\/p>\n<blockquote>\n<h3>GIORGIO PERLASCA A CANALE D&#8217;AGORDO<\/h3>\n<\/blockquote>\n<p><strong><a class=\"dt-pswp-item\" href=\"https:\/\/www.radiopiu.net\/wordpress\/wp-content\/uploads\/2023\/03\/Senza-nome-24.jpg\" data-dt-img-description=\"\" data-large_image_width=\"618\" data-large_image_height=\"463\"><img loading=\"lazy\" decoding=\"async\" class=\" wp-image-325246 alignleft\" src=\"https:\/\/www.radiopiu.net\/wordpress\/wp-content\/uploads\/2023\/03\/Senza-nome-24-300x225.jpg\" alt=\"\" width=\"203\" height=\"152\" srcset=\"https:\/\/www.radiopiu.net\/wordpress\/wp-content\/uploads\/2023\/03\/Senza-nome-24-300x225.jpg 300w, https:\/\/www.radiopiu.net\/wordpress\/wp-content\/uploads\/2023\/03\/Senza-nome-24.jpg 618w\" sizes=\"auto, (max-width: 203px) 100vw, 203px\" \/><\/a><\/strong><\/p>\n<p><strong>CANALE D&#8217;AGORDO <\/strong>Con il patrocinio del comune di Canale d\u2019Agordo e dell\u2019Associazione Libera Agordino, contributo di Cassa Rurale Dolomiti e Birreria Costa.<\/p>\n<p><strong>GIANNI SANTOMASO<\/strong><\/p>\n<audio class=\"wp-audio-shortcode\" id=\"audio-326638-9\" preload=\"none\" style=\"width: 100%;\" controls=\"controls\"><source type=\"audio\/mpeg\" src=\"https:\/\/www.radiopiu.net\/wordpress\/wp-content\/uploads\/2023\/03\/GIANNI-GIORGIO-PERLASCA.mp3?_=9\" \/><a href=\"https:\/\/www.radiopiu.net\/wordpress\/wp-content\/uploads\/2023\/03\/GIANNI-GIORGIO-PERLASCA.mp3\">https:\/\/www.radiopiu.net\/wordpress\/wp-content\/uploads\/2023\/03\/GIANNI-GIORGIO-PERLASCA.mp3<\/a><\/audio>\n<p>&nbsp;<\/p>\n<p>&nbsp;<\/p>\n<p>&nbsp;<\/p>\n<hr \/>\n<blockquote>\n<h3><\/h3>\n<h3>IL 19 MARZO TORNA SUL BROI LA VECIA POPA<\/h3>\n<\/blockquote>\n<p><strong>AGORDO<\/strong>\u00a0La Vecia Popa \u00e8 pronta per tonare sul Broi di Agordo . L\u2019Appuntamento \u00e8 per domenica 19 marzo con la festa e l\u2019atteso testamento.<\/p>\n<div id=\"gallery-5\" class=\"dt-gallery-container gallery galleryid-323239 gallery-columns-2 gallery-size-medium\">\n<dl class=\"gallery-item\">\n<dt class=\"gallery-icon landscape\"><a class=\"rollover rollover-zoom dt-pswp-item pspw-wrap-ready this-ready\" title=\"dee7dc2b-e175-4363-a25e-dfe83fa36671\" href=\"https:\/\/www.radiopiu.net\/wordpress\/wp-content\/uploads\/2023\/02\/dee7dc2b-e175-4363-a25e-dfe83fa36671.jpg\" data-dt-img-description=\"\" data-large_image_width=\"813\" data-large_image_height=\"540\"><img loading=\"lazy\" decoding=\"async\" class=\"attachment-medium size-medium\" src=\"https:\/\/www.radiopiu.net\/wordpress\/wp-content\/uploads\/2023\/02\/dee7dc2b-e175-4363-a25e-dfe83fa36671-300x199.jpg\" sizes=\"auto, (max-width: 300px) 100vw, 300px\" srcset=\"https:\/\/www.radiopiu.net\/wordpress\/wp-content\/uploads\/2023\/02\/dee7dc2b-e175-4363-a25e-dfe83fa36671-300x199.jpg 300w, https:\/\/www.radiopiu.net\/wordpress\/wp-content\/uploads\/2023\/02\/dee7dc2b-e175-4363-a25e-dfe83fa36671-768x510.jpg 768w, https:\/\/www.radiopiu.net\/wordpress\/wp-content\/uploads\/2023\/02\/dee7dc2b-e175-4363-a25e-dfe83fa36671.jpg 813w\" alt=\"\" width=\"300\" height=\"199\" \/><i><\/i><\/a><\/dt>\n<\/dl>\n<dl class=\"gallery-item\">\n<dt class=\"gallery-icon landscape\"><a class=\"rollover rollover-zoom dt-pswp-item pspw-wrap-ready this-ready\" title=\"ddc0aeda-a4e9-4a5b-b809-227e841efa46\" href=\"https:\/\/www.radiopiu.net\/wordpress\/wp-content\/uploads\/2023\/02\/ddc0aeda-a4e9-4a5b-b809-227e841efa46.jpg\" data-dt-img-description=\"\" data-large_image_width=\"300\" data-large_image_height=\"199\"><img loading=\"lazy\" decoding=\"async\" class=\"attachment-medium size-medium\" src=\"https:\/\/www.radiopiu.net\/wordpress\/wp-content\/uploads\/2023\/02\/ddc0aeda-a4e9-4a5b-b809-227e841efa46.jpg\" alt=\"\" width=\"300\" height=\"199\" \/><\/a><\/dt>\n<\/dl>\n<\/div>\n<p>&nbsp;<\/p>\n<hr \/>\n<p>&nbsp;<\/p>\n<p>&nbsp;<\/p>\n<blockquote>\n<h2>SAGRA DE PASCA 2023<\/h2>\n<\/blockquote>\n<h3>APRILE&#8230;. 6 &#8211; 7 &#8211; 8 &#8211; 9 LA SAGRA DE PASCA Scusate il ritardo&#8230;. Si riparte ancora pi\u00f9 forte GRUPPO SPORTIVO, DONATORI DEL SANGUE E PROLOCO DI TAIBON AGORDINO &#8230;..<\/h3>\n<a href=\"https:\/\/www.radiopiu.net\/wordpress\/wp-content\/uploads\/2023\/03\/manifesto-2023-2.pdf\" class=\"pdfemb-viewer\" style=\"\" data-width=\"max\" data-height=\"max\" data-toolbar=\"top\" data-toolbar-fixed=\"on\">manifesto-2023-2<\/a>\n<p>&nbsp;<\/p>\n<p>&nbsp;<\/p>\n<hr \/>\n<p>&nbsp;<\/p>\n<h3><span style=\"color: #ff0000;\"><strong>BIRRERIA IN PEDAVENA, LA VALLE AGORDINA\u00a0<\/strong><\/span><\/h3>\n<p><strong>alla radio<\/strong><\/p>\n<audio class=\"wp-audio-shortcode\" id=\"audio-326638-10\" preload=\"none\" style=\"width: 100%;\" controls=\"controls\"><source type=\"audio\/mpeg\" src=\"https:\/\/www.radiopiu.net\/wordpress\/wp-content\/uploads\/2023\/03\/re-union-c.mp3?_=10\" \/><a href=\"https:\/\/www.radiopiu.net\/wordpress\/wp-content\/uploads\/2023\/03\/re-union-c.mp3\">https:\/\/www.radiopiu.net\/wordpress\/wp-content\/uploads\/2023\/03\/re-union-c.mp3<\/a><\/audio>\n<p>&nbsp;<\/p>\n<p><a class=\"dt-pswp-item\" href=\"https:\/\/www.radiopiu.net\/wordpress\/wp-content\/uploads\/2023\/03\/b792042d-80e5-4ca6-b404-baac8e9b3b6c.jpg\" data-dt-img-description=\"\" data-large_image_width=\"953\" data-large_image_height=\"953\"><img loading=\"lazy\" decoding=\"async\" class=\"size-medium wp-image-325414 aligncenter\" src=\"https:\/\/www.radiopiu.net\/wordpress\/wp-content\/uploads\/2023\/03\/b792042d-80e5-4ca6-b404-baac8e9b3b6c-300x300.jpg\" alt=\"\" width=\"300\" height=\"300\" srcset=\"https:\/\/www.radiopiu.net\/wordpress\/wp-content\/uploads\/2023\/03\/b792042d-80e5-4ca6-b404-baac8e9b3b6c-300x300.jpg 300w, https:\/\/www.radiopiu.net\/wordpress\/wp-content\/uploads\/2023\/03\/b792042d-80e5-4ca6-b404-baac8e9b3b6c-150x150.jpg 150w, https:\/\/www.radiopiu.net\/wordpress\/wp-content\/uploads\/2023\/03\/b792042d-80e5-4ca6-b404-baac8e9b3b6c-768x768.jpg 768w, https:\/\/www.radiopiu.net\/wordpress\/wp-content\/uploads\/2023\/03\/b792042d-80e5-4ca6-b404-baac8e9b3b6c.jpg 953w\" sizes=\"auto, (max-width: 300px) 100vw, 300px\" \/><\/a><\/p>\n<hr \/>\n<p>&nbsp;<\/p>\n\n\t\t\t<style type='text\/css'>\n\t\t\t\t#gallery-7 {\n\t\t\t\t\tmargin: auto;\n\t\t\t\t}\n\t\t\t\t#gallery-7 .gallery-item {\n\t\t\t\t\tfloat: left;\n\t\t\t\t\tmargin-top: 10px;\n\t\t\t\t\ttext-align: center;\n\t\t\t\t\twidth: 100%;\n\t\t\t\t}\n\t\t\t\t#gallery-7 img {\n\t\t\t\t\tborder: 2px solid #cfcfcf;\n\t\t\t\t}\n\t\t\t\t#gallery-7 .gallery-caption {\n\t\t\t\t\tmargin-left: 0;\n\t\t\t\t}\n\t\t\t\t\/* see gallery_shortcode() in wp-includes\/media.php *\/\n\t\t\t<\/style>\n\t\t<div id='gallery-7' class='dt-gallery-container gallery galleryid-326638 gallery-columns-1 gallery-size-medium'><dl class='gallery-item'>\n\t\t\t\t<dt class='gallery-icon portrait'>\n\t\t\t\t\t<a class=\"rollover rollover-zoom dt-pswp-item\" title=\"9765b0b8-95fd-472a-8793-7650d1941ee0\" data-dt-img-description=\"\" data-large_image_width=\"1106\" data-large_image_height=\"2048\"href='https:\/\/www.radiopiu.net\/wordpress\/wp-content\/uploads\/2023\/03\/9765b0b8-95fd-472a-8793-7650d1941ee0.jpg'><img loading=\"lazy\" decoding=\"async\" width=\"162\" height=\"300\" src=\"https:\/\/www.radiopiu.net\/wordpress\/wp-content\/uploads\/2023\/03\/9765b0b8-95fd-472a-8793-7650d1941ee0-162x300.jpg\" class=\"attachment-medium size-medium\" alt=\"\" srcset=\"https:\/\/www.radiopiu.net\/wordpress\/wp-content\/uploads\/2023\/03\/9765b0b8-95fd-472a-8793-7650d1941ee0-162x300.jpg 162w, https:\/\/www.radiopiu.net\/wordpress\/wp-content\/uploads\/2023\/03\/9765b0b8-95fd-472a-8793-7650d1941ee0-553x1024.jpg 553w, https:\/\/www.radiopiu.net\/wordpress\/wp-content\/uploads\/2023\/03\/9765b0b8-95fd-472a-8793-7650d1941ee0-768x1422.jpg 768w, https:\/\/www.radiopiu.net\/wordpress\/wp-content\/uploads\/2023\/03\/9765b0b8-95fd-472a-8793-7650d1941ee0-830x1536.jpg 830w, https:\/\/www.radiopiu.net\/wordpress\/wp-content\/uploads\/2023\/03\/9765b0b8-95fd-472a-8793-7650d1941ee0.jpg 1106w\" sizes=\"auto, (max-width: 162px) 100vw, 162px\" \/><\/a>\n\t\t\t\t<\/dt><\/dl><br style=\"clear: both\" \/>\n\t\t\t<\/div>\n\n<p>&nbsp;<\/p>\n<hr \/>\n<p>&nbsp;<\/p>\n<blockquote>\n<h3>CON LE SCUOLE IN RETE ALL\u2019ISTITUTO CANOSSIANO DI FELTRE DUE SPETTACOLI SU GUERRA E CARCERE PER GLI STUDENTI<\/h3>\n<\/blockquote>\n<p><strong>FELTRE <\/strong>L\u2019Auditorium dell\u2019Istituto Canossiano di Feltre ospiter\u00e0 questa settimana due importanti incontri per far conoscere agli studenti argomenti di primaria importanza per ogni societ\u00e0 civile: il carcere e la guerra. Oggi alle 10.30, invece, grazie ad AICS e Amici delle Scuole in Rete sar\u00e0 la \u201cCompagnia stabile Assai\u201d a portare in scena lo spettacolo \u201cParole in catene\u201d<\/p>\n<p>&nbsp;<\/p>\n<p>&nbsp;<\/p>\n<hr \/>\n<p>&nbsp;<\/p>\n<h3><span style=\"color: #ff6600;\">L&#8217;OPINIONE&#8230;DI FRANCO PIACENTINI<\/span><\/h3>\n<p>Dalla lettura della DGR (deliberazione della Giunta regionale) n. 158 del 24 febbraio 2023, dal titolo: \u201ccostituzione del tavolo per l\u2019area anziani non autosufficienti\u201d, come gi\u00e0 rilevato nella precedente (stesso oggetto) DGR 996\/2022, riscontro che anche in questo atto deliberativo, inspiegabilmente al tavolo inter-istituzionale, non sono incluse le rappresentanze sindacali e sociali, pur ben sapendo, anche la Giunta Regionale del Veneto, che quotidianamente CGIL \u2013 CISL \u2013 UIL, Sindacati Pensionati, Associazioni-Enti Terzo Settore, Volontariato, Comitati Ospiti e Familiari, su tutto il territorio veneto e all\u2019interno delle strutture di ospitalit\u00e0 per anziani non autosufficienti, sono attivamente impegnate sui versanti del confronto sull\u2019organizzazione del lavoro e sulle dotazioni delle professionalit\u00e0 nelle RSA, nell\u2019 amorevole assistenza ai non autosufficienti e nell\u2019affiancamento ai familiari degli ospiti case di riposo. Viene spontanea la domanda: \u201c\u00e8 questa la considerazione che la Giunta Regionale ha nei confronti delle rappresentanze sindacali e sociali, con le quali dovrebbe attivare la concertazione ?\u201d Cara Giunta del Veneto, \u00e8 auspicabile un\u2019 immediata positiva risposta riparatrice alla esclusione delle parti sociali al tavolo area anziani non autosufficienti.<\/p>\n<p>&nbsp;<\/p>\n<p>&nbsp;<\/p>\n<hr \/>\n<p>&nbsp;<\/p>\n<div>\n<div class=\"b654a4as d2edcug0\">\n<div class=\"rq0escxv hkbzh7o3 jwdofwj8 n8tt0mok r8blr3vg hyh9befq\">\n<p><a class=\"dt-pswp-item\" href=\"https:\/\/www.radiopiu.net\/wordpress\/wp-content\/uploads\/2020\/10\/pp.jpg\" data-dt-img-description=\"\" data-large_image_width=\"640\" data-large_image_height=\"640\"><img loading=\"lazy\" decoding=\"async\" class=\"wp-image-163678 alignleft\" src=\"https:\/\/www.radiopiu.net\/wordpress\/wp-content\/uploads\/2020\/10\/pp-300x300.jpg\" alt=\"\" width=\"106\" height=\"106\" srcset=\"https:\/\/www.radiopiu.net\/wordpress\/wp-content\/uploads\/2020\/10\/pp-300x300.jpg 300w, https:\/\/www.radiopiu.net\/wordpress\/wp-content\/uploads\/2020\/10\/pp-150x150.jpg 150w, https:\/\/www.radiopiu.net\/wordpress\/wp-content\/uploads\/2020\/10\/pp-125x125.jpg 125w, https:\/\/www.radiopiu.net\/wordpress\/wp-content\/uploads\/2020\/10\/pp-200x200.jpg 200w, https:\/\/www.radiopiu.net\/wordpress\/wp-content\/uploads\/2020\/10\/pp-80x80.jpg 80w, https:\/\/www.radiopiu.net\/wordpress\/wp-content\/uploads\/2020\/10\/pp-480x480.jpg 480w, https:\/\/www.radiopiu.net\/wordpress\/wp-content\/uploads\/2020\/10\/pp.jpg 640w\" sizes=\"auto, (max-width: 106px) 100vw, 106px\" \/><\/a><\/p>\n<\/div>\n<\/div>\n<\/div>\n<div>\n<div class=\"page-title-head hgroup\">\n<div class=\"page-title-head hgroup\">\n<div class=\"b654a4as d2edcug0\">\n<div class=\"j83agx80 btwxx1t3 lhclo0ds hop8lmos nkwizq5d scwd0bx6 roh60bw9\">\n<div class=\"rq0escxv hkbzh7o3 jwdofwj8 n8tt0mok r8blr3vg hyh9befq\">\n<div class=\"do00u71z l9j0dhe7 k4urcfbm\" style=\"text-align: left;\">\n<h2><span style=\"color: #000080;\">DON CESARE, IL PENSIERO DEL GIORNO. ALLA RADIO ALLE 7 DEL MATTINO E ALLE 19.30 DELLA SERA\u00a0<\/span><\/h2>\n<p>&nbsp;<\/p>\n<p>&nbsp;<\/p>\n<\/div>\n<\/div>\n<\/div>\n<\/div>\n<\/div>\n<\/div>\n<\/div>\n<p>&nbsp;<\/p>\n<hr \/>\n<p>&nbsp;<\/p>\n<h2><span style=\"color: #ff00ff;\">IN VIVO VERSO\u00a0 \u00a0 \u00a0<\/span><\/h2>\n<blockquote>\n<h3>COLORI PRIMARI di SABINA SCARAMUCCI<\/h3>\n<\/blockquote>\n<p><strong>AUDIO<\/strong><\/p>\n<audio class=\"wp-audio-shortcode\" id=\"audio-326638-11\" preload=\"none\" style=\"width: 100%;\" controls=\"controls\"><source type=\"audio\/mpeg\" src=\"https:\/\/www.radiopiu.net\/wordpress\/wp-content\/uploads\/2023\/03\/03-SABINA-SCARAMUCCI-COLORI-PRIMARI.mp3?_=11\" \/><a href=\"https:\/\/www.radiopiu.net\/wordpress\/wp-content\/uploads\/2023\/03\/03-SABINA-SCARAMUCCI-COLORI-PRIMARI.mp3\">https:\/\/www.radiopiu.net\/wordpress\/wp-content\/uploads\/2023\/03\/03-SABINA-SCARAMUCCI-COLORI-PRIMARI.mp3<\/a><\/audio>\n<p>&nbsp;<\/p>\n<p><img loading=\"lazy\" decoding=\"async\" class=\"alignleft\" src=\"https:\/\/www.radiopiu.net\/wordpress\/wp-content\/uploads\/2023\/03\/3-SCARAMUCCI.jpg\" width=\"108\" height=\"74\" \/>Sabina Scaramucci<br \/>\nCOLORI PRIMARI<\/p>\n<p>Siamo i colori primari, io e te,<br \/>\nche esplodono in mille cromie<br \/>\nmusicando note.<\/p>\n<p>Siamo, ora curva, ora retta,<br \/>\nintersecati tra forme rotonde<br \/>\ned angoli acuti.<\/p>\n<p>Siamo l&#8217;unico ingrediente, imprescindibile,<br \/>\ndella meraviglia del noi.<\/p>\n<p>&nbsp;<\/p>\n<div dir=\"auto\">\n<div dir=\"auto\">\n<div dir=\"auto\">\n<div dir=\"auto\">\n<div dir=\"auto\">\n<div dir=\"auto\">\n<p><strong>LA RACCOLTA COMPLETA<\/strong><\/p>\n<blockquote class=\"wp-embedded-content\" data-secret=\"2NT2rtHNFt\"><p><a href=\"https:\/\/www.radiopiu.net\/wordpress\/in-vivo-verso\/\">In Vivo Verso<\/a><\/p><\/blockquote>\n<p><iframe loading=\"lazy\" class=\"wp-embedded-content\" sandbox=\"allow-scripts\" security=\"restricted\" style=\"position: absolute; clip: rect(1px, 1px, 1px, 1px);\" title=\"&#8220;In Vivo Verso&#8221; &#8212; Radio Pi\u00f9\" src=\"https:\/\/www.radiopiu.net\/wordpress\/in-vivo-verso\/embed\/#?secret=xu4e5PcZsS#?secret=2NT2rtHNFt\" data-secret=\"2NT2rtHNFt\" width=\"600\" height=\"338\" frameborder=\"0\" marginwidth=\"0\" marginheight=\"0\" scrolling=\"no\"><\/iframe><\/p>\n<p>&nbsp;<\/p>\n<\/div>\n<\/div>\n<\/div>\n<\/div>\n<\/div>\n<\/div>\n<p>&nbsp;<\/p>\n<hr \/>\n<p>&nbsp;<\/p>\n<h2><span style=\"color: #008080;\">GOCCE DI FILOSOFIA\u00a0<\/span><\/h2>\n<blockquote>\n<h3>GOCCE DI FILOSOFIA \u2013 PUNTATA 268\u2013 CHIARA CAU<\/h3>\n<\/blockquote>\n<audio class=\"wp-audio-shortcode\" id=\"audio-326638-12\" preload=\"none\" style=\"width: 100%;\" controls=\"controls\"><source type=\"audio\/mpeg\" src=\"https:\/\/www.radiopiu.net\/wordpress\/wp-content\/uploads\/2023\/03\/FI3-1.mp3?_=12\" \/><a href=\"https:\/\/www.radiopiu.net\/wordpress\/wp-content\/uploads\/2023\/03\/FI3-1.mp3\">https:\/\/www.radiopiu.net\/wordpress\/wp-content\/uploads\/2023\/03\/FI3-1.mp3<\/a><\/audio>\n<p>&nbsp;<\/p>\n<p>LA RACCOLTA COMPLETA<\/p>\n<blockquote class=\"wp-embedded-content\" data-secret=\"zOpuTatXTh\"><p><a href=\"https:\/\/www.radiopiu.net\/wordpress\/gocce-filosofia\/\">Gocce di filosofia,  LA TERZA STAGIONE&#8230; 2023<\/a><\/p><\/blockquote>\n<p><iframe loading=\"lazy\" class=\"wp-embedded-content\" sandbox=\"allow-scripts\" security=\"restricted\" style=\"position: absolute; clip: rect(1px, 1px, 1px, 1px);\" title=\"&#8220;Gocce di filosofia,  LA TERZA STAGIONE&#8230; 2023&#8221; &#8212; Radio Pi\u00f9\" src=\"https:\/\/www.radiopiu.net\/wordpress\/gocce-filosofia\/embed\/#?secret=4XMqp5DDJr#?secret=zOpuTatXTh\" data-secret=\"zOpuTatXTh\" width=\"600\" height=\"338\" frameborder=\"0\" marginwidth=\"0\" marginheight=\"0\" scrolling=\"no\"><\/iframe><\/p>\n<hr \/>\n<p>&nbsp;<\/p>\n<p>&nbsp;<\/p>\n<blockquote class=\"wp-embedded-content\" data-secret=\"MZPdvhlNsy\"><p><a href=\"https:\/\/www.radiopiu.net\/wordpress\/puntat26\/\">TRENTATRE&#8217; PER TRE il  programma alla radio, con ALDO BRIGADOI &#8220;L&#8217;ALDONE&#8221;<\/a><\/p><\/blockquote>\n<p><iframe loading=\"lazy\" class=\"wp-embedded-content\" sandbox=\"allow-scripts\" security=\"restricted\" style=\"position: absolute; clip: rect(1px, 1px, 1px, 1px);\" title=\"&#8220;TRENTATRE&#8217; PER TRE il  programma alla radio, con ALDO BRIGADOI &#8220;L&#8217;ALDONE&#8221;&#8221; &#8212; Radio Pi\u00f9\" src=\"https:\/\/www.radiopiu.net\/wordpress\/puntat26\/embed\/#?secret=AZUuNAyaiK#?secret=MZPdvhlNsy\" data-secret=\"MZPdvhlNsy\" width=\"600\" height=\"338\" frameborder=\"0\" marginwidth=\"0\" marginheight=\"0\" scrolling=\"no\"><\/iframe><\/p>\n<p>&nbsp;<\/p>\n<p>&nbsp;<\/p>\n<p>&nbsp;<\/p>\n<blockquote class=\"wp-embedded-content\" data-secret=\"uepAwifXAw\"><p><a href=\"https:\/\/www.radiopiu.net\/wordpress\/il-ritorno-del-country-alla-radio-il-ritorno-di-alex-nascinben\/\">IL RITORNO DEL COUNTRY ALLA RADIO&#8230; IL RITORNO DI ALEX NASCINBEN<\/a><\/p><\/blockquote>\n<p><iframe loading=\"lazy\" class=\"wp-embedded-content\" sandbox=\"allow-scripts\" security=\"restricted\" style=\"position: absolute; clip: rect(1px, 1px, 1px, 1px);\" title=\"&#8220;IL RITORNO DEL COUNTRY ALLA RADIO&#8230; IL RITORNO DI ALEX NASCINBEN&#8221; &#8212; Radio Pi\u00f9\" src=\"https:\/\/www.radiopiu.net\/wordpress\/il-ritorno-del-country-alla-radio-il-ritorno-di-alex-nascinben\/embed\/#?secret=I1dVn5Egna#?secret=uepAwifXAw\" data-secret=\"uepAwifXAw\" width=\"600\" height=\"338\" frameborder=\"0\" marginwidth=\"0\" marginheight=\"0\" scrolling=\"no\"><\/iframe><\/p>\n<p>&nbsp;<\/p>\n<p>&nbsp;<\/p>\n<p>&nbsp;<\/p>\n<hr \/>\n<p>&nbsp;<\/p>\n<div class=\"column\">\n<p><img loading=\"lazy\" decoding=\"async\" class=\"aligncenter wp-image-61954 size-full\" src=\"https:\/\/www.radiopiu.net\/wordpress\/wp-content\/uploads\/2018\/09\/viabilita.jpeg\" sizes=\"auto, (max-width: 800px) 100vw, 800px\" srcset=\"https:\/\/www.radiopiu.net\/wordpress\/wp-content\/uploads\/2018\/09\/viabilita.jpeg 800w, https:\/\/www.radiopiu.net\/wordpress\/wp-content\/uploads\/2018\/09\/viabilita-300x38.jpeg 300w, https:\/\/www.radiopiu.net\/wordpress\/wp-content\/uploads\/2018\/09\/viabilita-768x96.jpeg 768w\" alt=\"\" width=\"800\" height=\"100\" \/><\/p>\n<p>&nbsp;<\/p>\n<blockquote class=\"wp-embedded-content\" data-secret=\"IdpUNUrxyO\"><p><a href=\"https:\/\/www.radiopiu.net\/wordpress\/viabilita\/\">viabilita<\/a><\/p><\/blockquote>\n<p><iframe loading=\"lazy\" class=\"wp-embedded-content\" sandbox=\"allow-scripts\" security=\"restricted\" style=\"position: absolute; clip: rect(1px, 1px, 1px, 1px);\" title=\"&#8220;viabilita&#8221; &#8212; Radio Pi\u00f9\" src=\"https:\/\/www.radiopiu.net\/wordpress\/viabilita\/embed\/#?secret=mkhPrt4nXU#?secret=IdpUNUrxyO\" data-secret=\"IdpUNUrxyO\" width=\"600\" height=\"338\" frameborder=\"0\" marginwidth=\"0\" marginheight=\"0\" scrolling=\"no\"><\/iframe><\/p>\n<div>\n<div dir=\"ltr\">\n<div class=\"gmail_quote\">\n<div dir=\"ltr\">\n<div class=\"gmail_quote\"><\/div>\n<\/div>\n<\/div>\n<\/div>\n<\/div>\n<p>&nbsp;<\/p>\n<hr \/>\n<p>&nbsp;<\/p>\n<p><a class=\"dt-pswp-item\" href=\"https:\/\/www.radiopiu.net\/wordpress\/wp-content\/uploads\/2018\/09\/WhatsApp-Image-2018-09-20-at-16.04.06.jpeg\" data-dt-img-description=\"\" data-large_image_width=\"800\" data-large_image_height=\"100\"><img loading=\"lazy\" decoding=\"async\" class=\"wp-image-61378 size-full aligncenter\" src=\"https:\/\/www.radiopiu.net\/wordpress\/wp-content\/uploads\/2018\/09\/WhatsApp-Image-2018-09-20-at-16.04.06.jpeg\" alt=\"\" width=\"800\" height=\"100\" srcset=\"https:\/\/www.radiopiu.net\/wordpress\/wp-content\/uploads\/2018\/09\/WhatsApp-Image-2018-09-20-at-16.04.06.jpeg 800w, https:\/\/www.radiopiu.net\/wordpress\/wp-content\/uploads\/2018\/09\/WhatsApp-Image-2018-09-20-at-16.04.06-300x38.jpeg 300w, https:\/\/www.radiopiu.net\/wordpress\/wp-content\/uploads\/2018\/09\/WhatsApp-Image-2018-09-20-at-16.04.06-768x96.jpeg 768w\" sizes=\"auto, (max-width: 800px) 100vw, 800px\" \/><\/a><\/p>\n<p>&nbsp;<\/p>\n<p><center><b>OGGI<\/b><\/center>Tempo da soleggiato a parzialmente soleggiato per la presenza di sottili nubi alte, a tratti estese, ma l&#8217;impressione complessiva sar\u00e0 di tempo buono e stabile tutto il giorno. Il freddo sar\u00e0 presente ovunque all&#8217;alba con gelate diffuse.<br \/>\n<b>Temperature: <\/b>Minime in ulteriore lieve calo; massime in netta ripresa in quota e stazionarie nelle valli.<\/p>\n<hr \/>\n<p><center><b>DOMANI<\/b><\/center>Tempo ben soleggiato con cielo sereno, salvo temporanee velature per sottili nubi alte a inizio giornata, la loro dissipazione favorir\u00e0 il ritorno del cielo sereno al pomeriggio. Il contesto termico diurno sar\u00e0 assai pi\u00f9 mit, zero termico oltre i 3000 m<\/p>\n<hr \/>\n<p><center><b>SABATO<\/b><\/center>Tempo stabile e parzialmente soleggiato con cielo sereno al mattino e velato da estese nubi alte al pomeriggio, quando la nuvolosit\u00e0 tender\u00e0 a intensificarsi. Temperature stazionarie e su valori sempre ben superiori alla media.<\/p>\n<hr \/>\n<p><center><b>DOMENICA<\/b><\/center>Tempo discreto\/variabile con nuvolosit\u00e0 irregolare e qualche tratto di sereno. Temperature in generale flessione, eccetto leggero aumento delle minime nei fondovalle.<\/p>\n<\/div>\n<p>&nbsp;<\/p>\n<blockquote class=\"wp-embedded-content\" data-secret=\"236a7iHsk3\"><p><a href=\"https:\/\/www.radiopiu.net\/wordpress\/dieci-centimetri-di-neve-a-misurina-e-malga-losch-il-bollettino-neve-al-suolo\/\">DIECI CENTIMETRI DI NEVE A MISURINA E MALGA LOSCH. IL BOLLETTINO NEVE AL SUOLO<\/a><\/p><\/blockquote>\n<p><iframe loading=\"lazy\" class=\"wp-embedded-content\" sandbox=\"allow-scripts\" security=\"restricted\" style=\"position: absolute; clip: rect(1px, 1px, 1px, 1px);\" title=\"&#8220;DIECI CENTIMETRI DI NEVE A MISURINA E MALGA LOSCH. IL BOLLETTINO NEVE AL SUOLO&#8221; &#8212; Radio Pi\u00f9\" src=\"https:\/\/www.radiopiu.net\/wordpress\/dieci-centimetri-di-neve-a-misurina-e-malga-losch-il-bollettino-neve-al-suolo\/embed\/#?secret=UQWb7Rqnes#?secret=236a7iHsk3\" data-secret=\"236a7iHsk3\" width=\"600\" height=\"338\" frameborder=\"0\" marginwidth=\"0\" marginheight=\"0\" scrolling=\"no\"><\/iframe><\/p>\n<p>&nbsp;<\/p>\n<hr \/>\n<p>&nbsp;<\/p>\n<p><a class=\"dt-pswp-item\" href=\"https:\/\/www.radiopiu.net\/wordpress\/wp-content\/uploads\/2018\/09\/sport.jpg\" data-dt-img-description=\"\" data-large_image_width=\"800\" data-large_image_height=\"100\"><img loading=\"lazy\" decoding=\"async\" class=\"aligncenter wp-image-60761 size-full\" src=\"https:\/\/www.radiopiu.net\/wordpress\/wp-content\/uploads\/2018\/09\/sport.jpg\" alt=\"\" width=\"800\" height=\"100\" srcset=\"https:\/\/www.radiopiu.net\/wordpress\/wp-content\/uploads\/2018\/09\/sport.jpg 800w, https:\/\/www.radiopiu.net\/wordpress\/wp-content\/uploads\/2018\/09\/sport-300x38.jpg 300w, https:\/\/www.radiopiu.net\/wordpress\/wp-content\/uploads\/2018\/09\/sport-768x96.jpg 768w\" sizes=\"auto, (max-width: 800px) 100vw, 800px\" \/><\/a><\/p>\n<p><span style=\"color: #0000ff;\"><strong>\u00a0<\/strong><\/span><\/p>\n<p><span style=\"color: #0000ff;\"><strong>COPPA DEL MONDO SNOWBOARD<\/strong><\/span><\/p>\n<p>&nbsp;<\/p>\n<div class=\"page-title-head hgroup\">\n<blockquote>\n<h3 class=\"entry-title\">LUCIA DALMASSO, QUARTA A ROGLA IN COPPA DEL MONDO<\/h3>\n<\/blockquote>\n<\/div>\n<div class=\"page-title-breadcrumbs\">\n<blockquote><p><em><img loading=\"lazy\" decoding=\"async\" class=\"alignleft\" src=\"https:\/\/www.radiopiu.net\/wordpress\/wp-content\/uploads\/2022\/01\/934ed186-f1eb-4bee-a1c4-dae328874085.jpg\" width=\"216\" height=\"144\" \/>Nel parallelo gigante in Slovenia la venticinquenne agordina per la terza volta si piazza quarta, stessa posizione occupata ai Mondiali. Ottava nella classifica generale,\u00a0 settima in quella del Pgs e decima nel Psl (slalom parallelo).\u00a0<\/em><\/p><\/blockquote>\n<p><strong>REDAZIONE<\/strong> Quarta, ai piedi del podio, un altro quarto posto per\u00a0 Lucia\u00a0 Dalmasso, battuta nella finale per il terzo posto dalla giapponese Miki. La bellunese Elisa Caffont: nona in qualifica, \u00e8 stata eliminata agli ottavi, ma\u00a0 entra per la prima volta nella top 10 di coppa del mondo. Al maschile storica tripletta azzurra, con la vittoria di Roland Fischnaller su Mirko Felicetti e Edwin Coratti.<\/p>\n<\/div>\n<p><span style=\"color: #0000ff;\"><strong>\u00a0 \u00a0<\/strong><\/span><\/p>\n<p>&nbsp;<\/p>\n<p>&nbsp;<\/p>\n<p><span style=\"color: #0000ff;\"><strong>PARALIMPICI<\/strong><\/span><\/p>\n<blockquote>\n<h3>CHIARA MAZZEL GIGANTE! ORO A CORTINA<\/h3>\n<\/blockquote>\n<p><strong>CORTINA\u00a0<\/strong><\/p>\n<p><strong>di ROBERTO BONA<\/strong><\/p>\n<audio class=\"wp-audio-shortcode\" id=\"audio-326638-13\" preload=\"none\" style=\"width: 100%;\" controls=\"controls\"><source type=\"audio\/mpeg\" src=\"https:\/\/www.radiopiu.net\/wordpress\/wp-content\/uploads\/2023\/03\/MazzelOroParalimpico.mp3?_=13\" \/><a href=\"https:\/\/www.radiopiu.net\/wordpress\/wp-content\/uploads\/2023\/03\/MazzelOroParalimpico.mp3\">https:\/\/www.radiopiu.net\/wordpress\/wp-content\/uploads\/2023\/03\/MazzelOroParalimpico.mp3<\/a><\/audio>\n<p>&nbsp;<\/p>\n\n\t\t\t<style type='text\/css'>\n\t\t\t\t#gallery-8 {\n\t\t\t\t\tmargin: auto;\n\t\t\t\t}\n\t\t\t\t#gallery-8 .gallery-item {\n\t\t\t\t\tfloat: left;\n\t\t\t\t\tmargin-top: 10px;\n\t\t\t\t\ttext-align: center;\n\t\t\t\t\twidth: 50%;\n\t\t\t\t}\n\t\t\t\t#gallery-8 img {\n\t\t\t\t\tborder: 2px solid #cfcfcf;\n\t\t\t\t}\n\t\t\t\t#gallery-8 .gallery-caption {\n\t\t\t\t\tmargin-left: 0;\n\t\t\t\t}\n\t\t\t\t\/* see gallery_shortcode() in wp-includes\/media.php *\/\n\t\t\t<\/style>\n\t\t<div id='gallery-8' class='dt-gallery-container gallery galleryid-326638 gallery-columns-2 gallery-size-medium'><dl class='gallery-item'>\n\t\t\t\t<dt class='gallery-icon landscape'>\n\t\t\t\t\t<a class=\"rollover rollover-zoom dt-pswp-item\" title=\"fdd53ed4-7156-4a61-8a2c-5af65cf18d00\" data-dt-img-description=\"\" data-large_image_width=\"1600\" data-large_image_height=\"1066\"href='https:\/\/www.radiopiu.net\/wordpress\/wp-content\/uploads\/2023\/03\/fdd53ed4-7156-4a61-8a2c-5af65cf18d00.jpg'><img loading=\"lazy\" decoding=\"async\" width=\"300\" height=\"200\" src=\"https:\/\/www.radiopiu.net\/wordpress\/wp-content\/uploads\/2023\/03\/fdd53ed4-7156-4a61-8a2c-5af65cf18d00-300x200.jpg\" class=\"attachment-medium size-medium\" alt=\"\" srcset=\"https:\/\/www.radiopiu.net\/wordpress\/wp-content\/uploads\/2023\/03\/fdd53ed4-7156-4a61-8a2c-5af65cf18d00-300x200.jpg 300w, https:\/\/www.radiopiu.net\/wordpress\/wp-content\/uploads\/2023\/03\/fdd53ed4-7156-4a61-8a2c-5af65cf18d00-1024x682.jpg 1024w, https:\/\/www.radiopiu.net\/wordpress\/wp-content\/uploads\/2023\/03\/fdd53ed4-7156-4a61-8a2c-5af65cf18d00-768x512.jpg 768w, https:\/\/www.radiopiu.net\/wordpress\/wp-content\/uploads\/2023\/03\/fdd53ed4-7156-4a61-8a2c-5af65cf18d00-1536x1023.jpg 1536w, https:\/\/www.radiopiu.net\/wordpress\/wp-content\/uploads\/2023\/03\/fdd53ed4-7156-4a61-8a2c-5af65cf18d00.jpg 1600w\" sizes=\"auto, (max-width: 300px) 100vw, 300px\" \/><\/a>\n\t\t\t\t<\/dt><\/dl><dl class='gallery-item'>\n\t\t\t\t<dt class='gallery-icon landscape'>\n\t\t\t\t\t<a class=\"rollover rollover-zoom dt-pswp-item\" title=\"15d1a184-a358-4ed1-8ec6-1f6c2e430f95\" data-dt-img-description=\"\" data-large_image_width=\"1600\" data-large_image_height=\"1066\"href='https:\/\/www.radiopiu.net\/wordpress\/wp-content\/uploads\/2023\/03\/15d1a184-a358-4ed1-8ec6-1f6c2e430f95.jpg'><img loading=\"lazy\" decoding=\"async\" width=\"300\" height=\"200\" src=\"https:\/\/www.radiopiu.net\/wordpress\/wp-content\/uploads\/2023\/03\/15d1a184-a358-4ed1-8ec6-1f6c2e430f95-300x200.jpg\" class=\"attachment-medium size-medium\" alt=\"\" srcset=\"https:\/\/www.radiopiu.net\/wordpress\/wp-content\/uploads\/2023\/03\/15d1a184-a358-4ed1-8ec6-1f6c2e430f95-300x200.jpg 300w, https:\/\/www.radiopiu.net\/wordpress\/wp-content\/uploads\/2023\/03\/15d1a184-a358-4ed1-8ec6-1f6c2e430f95-1024x682.jpg 1024w, https:\/\/www.radiopiu.net\/wordpress\/wp-content\/uploads\/2023\/03\/15d1a184-a358-4ed1-8ec6-1f6c2e430f95-768x512.jpg 768w, https:\/\/www.radiopiu.net\/wordpress\/wp-content\/uploads\/2023\/03\/15d1a184-a358-4ed1-8ec6-1f6c2e430f95-1536x1023.jpg 1536w, https:\/\/www.radiopiu.net\/wordpress\/wp-content\/uploads\/2023\/03\/15d1a184-a358-4ed1-8ec6-1f6c2e430f95.jpg 1600w\" sizes=\"auto, (max-width: 300px) 100vw, 300px\" \/><\/a>\n\t\t\t\t<\/dt><\/dl><br style=\"clear: both\" \/>\n\t\t\t<\/div>\n\n<p>&nbsp;<\/p>\n<p>&nbsp;<\/p>\n<p><span style=\"color: #0000ff;\"><strong>CALCIO\u00a0<\/strong><\/span><\/p>\n<blockquote>\n<h3>MARCO LORENZI DA LE DIMISSIONI E NON E&#8217; PIU&#8217; L&#8217;ALLENATORE DELL&#8217;AGORDINA<\/h3>\n<\/blockquote>\n<p><strong><a class=\"dt-pswp-item\" href=\"https:\/\/www.radiopiu.net\/wordpress\/wp-content\/uploads\/2018\/10\/MARCO-LORENZI-OK.png\" data-dt-img-description=\"\" data-large_image_width=\"669\" data-large_image_height=\"401\"><img loading=\"lazy\" decoding=\"async\" class=\" wp-image-64292 alignleft\" src=\"https:\/\/www.radiopiu.net\/wordpress\/wp-content\/uploads\/2018\/10\/MARCO-LORENZI-OK-300x180.png\" alt=\"\" width=\"202\" height=\"121\" srcset=\"https:\/\/www.radiopiu.net\/wordpress\/wp-content\/uploads\/2018\/10\/MARCO-LORENZI-OK-300x180.png 300w, https:\/\/www.radiopiu.net\/wordpress\/wp-content\/uploads\/2018\/10\/MARCO-LORENZI-OK.png 669w\" sizes=\"auto, (max-width: 202px) 100vw, 202px\" \/><\/a>Di Marco Gaz<\/strong><\/p>\n<p><strong>REDAZIONE<\/strong> Non si pu\u00f2 di certo dire che sia stato un buon compleanno, in ambito sportivo, quello che ha appena passato il Presidente dell\u2019Agordina Calcio Cosmo Forcella. Si pu\u00f2 invece parlare di un fulmine a ciel sereno quello che ha colpito la prima squadra di Agordo perch\u00e9 nelle ultime ore l\u2019allenatore Marco Lorenzi ha dato le dimissioni. Una squadra che sta lottando per l\u2019obbiettivo salvezza e che si ritrova senza allenatore a quattro partite dal termine. \u201cHo dato le dimissioni perch\u00e9 \u00e8 giusto cos\u00ec \u2013 dice Marco Lorenzi \u2013 bisognava dare una scossa all\u2019ambiente per fare un miracolo e agguantare la salvezza. Probabilmente avrei dovuto farlo prima. La scelta \u00e8 stata fatta in base a dei malumori societari e di squadra e quindi era giusto cambiare. Non ci sono motivi particolari ma solo quello di dare una scossa all\u2019ambiente rassegnando le dimissioni\u201d. La societ\u00e0, vista la delicatezza del momento, non vuole parlare delle dimissioni di Lorenzi e si limiter\u00e0 a fare un comunicato a fine stagione ma ringrazia mister Lorenzi per l&#8217;impegno ed il lavoro svolto fino ad oggi. Ora l\u2019Agordina \u00e8 senza allenatore e nelle prossime ore si decider\u00e0 il da farsi. Giocatori e societ\u00e0 si incontreranno per decidere a chi affidare la prima squadra. Resta sempre l\u2019opzione Danilo Chenet, secondo allenatore dell\u2019Agordina, che probabilmente accompagner\u00e0 la squadra alla fine della stagione. In questo momento mancano quattro partite alla fine del campionato, la squadra di Agordo ha 19 punti in classifica e per salvarsi dovr\u00e0 vincere tutte le sfide.<\/p>\n<p>&nbsp;<\/p>\n<hr \/>\n<p>&nbsp;<\/p>\n<p>&nbsp;<\/p>\n<blockquote>\n<h3>ULTIME QUATTRO SFIDE DI CAMPIONATO PER L&#8217;AGORDINA. VIETATO SBAGLIARE DA ORA IN POI<\/h3>\n<\/blockquote>\n<p><strong><a class=\"dt-pswp-item\" href=\"https:\/\/www.radiopiu.net\/wordpress\/wp-content\/uploads\/2019\/07\/pallone-calcio-2019.jpg\" data-dt-img-description=\"\" data-large_image_width=\"4460\" data-large_image_height=\"2977\"><img loading=\"lazy\" decoding=\"async\" class=\" wp-image-91405 alignleft\" src=\"https:\/\/www.radiopiu.net\/wordpress\/wp-content\/uploads\/2019\/07\/pallone-calcio-2019-300x200.jpg\" alt=\"\" width=\"197\" height=\"131\" srcset=\"https:\/\/www.radiopiu.net\/wordpress\/wp-content\/uploads\/2019\/07\/pallone-calcio-2019-300x200.jpg 300w, https:\/\/www.radiopiu.net\/wordpress\/wp-content\/uploads\/2019\/07\/pallone-calcio-2019-768x513.jpg 768w, https:\/\/www.radiopiu.net\/wordpress\/wp-content\/uploads\/2019\/07\/pallone-calcio-2019-1024x684.jpg 1024w\" sizes=\"auto, (max-width: 197px) 100vw, 197px\" \/><\/a>di Marco Gaz<\/strong><\/p>\n<p><strong>REDAZIONE<\/strong> Mancano solo quattro partite alla fine della stagione regolare del campionato di Seconda Categoria girone t del Veneto e l&#8217;Agordina deve fare i conti con la matematica. La squadra esce da due passi falsi e l&#8217;obbiettivo salvezza si fa sempre pi\u00f9 complicato. Agordini che in classifica sono al penultimo posto con 19 punti. In questo momento i ragazzi di Agordo sarebbero costretti a giocarsi i playout per evitare la retrocessione in Terza Categoria. A disposizione ancora 12 punti da mettere a segno e vincere tutte le partite in programma vorrebbe dire assicurarsi una posizione pi\u00f9 tranquilla e la salvezza assicurata. Intanto domenica scorsa la squadra di Agordo \u00e8 tornata a casa con una secca sconfitta. La Sospirolese ha rifilato quattro gol agli agordini dopo una partita giocata bene dall&#8217;Agordina ma che ha concesso troppo agli avversari. Domenica pomeriggio di nuovo in campo. Si giocher\u00e0 all&#8217;Ivano Dorigo di Agordo dove arriver\u00e0 la Fulgor Farra. Si preannuncia una sfida da non perdere. Agordina che deve vincere per rimanere in corsa e una sconfitta potrebbe incidere, e non poco, sul futuro della compagine di Agordo.<\/p>\n<p><strong>ANDREA CHIEA, GIOCATORE DELL&#8217;AGORDINA<\/strong><\/p>\n<audio class=\"wp-audio-shortcode\" id=\"audio-326638-14\" preload=\"none\" style=\"width: 100%;\" controls=\"controls\"><source type=\"audio\/mpeg\" src=\"https:\/\/www.radiopiu.net\/wordpress\/wp-content\/uploads\/2023\/03\/ANDREA-CHIEA-SOSPIROLESE.mp3?_=14\" \/><a href=\"https:\/\/www.radiopiu.net\/wordpress\/wp-content\/uploads\/2023\/03\/ANDREA-CHIEA-SOSPIROLESE.mp3\">https:\/\/www.radiopiu.net\/wordpress\/wp-content\/uploads\/2023\/03\/ANDREA-CHIEA-SOSPIROLESE.mp3<\/a><\/audio>\n<p>&nbsp;<\/p>\n<p>&nbsp;<\/p>\n<hr \/>\n<p>&nbsp;<\/p>\n<p><span style=\"color: #0000ff;\"><strong>PALLAVOLO<\/strong><\/span><\/p>\n<blockquote>\n<h3>PER MACCABRUNI IL FATTORE CAMPO PUO&#8217; ESSERE DETERMINANTE<\/h3>\n<\/blockquote>\n<p><strong><a class=\"dt-pswp-item\" href=\"https:\/\/www.radiopiu.net\/wordpress\/wp-content\/uploads\/2023\/03\/Maccabruni_attende_il_Montecchio.jpg\" data-dt-img-description=\"\" data-large_image_width=\"1280\" data-large_image_height=\"853\"><img loading=\"lazy\" decoding=\"async\" class=\" wp-image-326662 alignleft\" src=\"https:\/\/www.radiopiu.net\/wordpress\/wp-content\/uploads\/2023\/03\/Maccabruni_attende_il_Montecchio-300x200.jpg\" alt=\"\" width=\"179\" height=\"119\" srcset=\"https:\/\/www.radiopiu.net\/wordpress\/wp-content\/uploads\/2023\/03\/Maccabruni_attende_il_Montecchio-300x200.jpg 300w, https:\/\/www.radiopiu.net\/wordpress\/wp-content\/uploads\/2023\/03\/Maccabruni_attende_il_Montecchio-1024x682.jpg 1024w, https:\/\/www.radiopiu.net\/wordpress\/wp-content\/uploads\/2023\/03\/Maccabruni_attende_il_Montecchio-768x512.jpg 768w, https:\/\/www.radiopiu.net\/wordpress\/wp-content\/uploads\/2023\/03\/Maccabruni_attende_il_Montecchio.jpg 1280w\" sizes=\"auto, (max-width: 179px) 100vw, 179px\" \/><\/a>BELLUNO<\/strong> Tutto \u00e8 pronto per gli ultimi tre fotogrammi di un film lungo una stagione. E il finale \u00e8 ancora da scrivere. Specialmente per chi, questo finale, pu\u00f2 indirizzarlo. Perch\u00e9 di professione fa il regista: come Filippo Maccabruni. Il palleggiatore della Da Rold Logistics Belluno si prepara ai \u201cciak\u201d conclusivi. E a mettere nel mirino il Sol Lucernari Montecchio Maggiore, per il sesto derby veneto dell&#8217;annata. A questo proposito, si giocher\u00e0 in anticipo: sabato 18, ore 20.30, alla Spes Arena.<span class=\"gmail-Apple-converted-space\">\u00a0<\/span>La Spes Arena non vede l&#8217;ora di \u201cspingere\u201d i ragazzi di coach Colussi: \u00abIl fattore campo pu\u00f2 essere determinante &#8211; \u00e8 convinto Maccabruni -. Quando il pubblico \u00e8 galvanizzato e segue la nostra energia e voglia di vincere, rappresenta il settimo uomo sul parquet. Ben vengano i due confronti in casa, quindi. Anche se poi spetter\u00e0 a noi interpretarli nel migliore dei modi. E far s\u00ec che i tifosi ci aiutino a raggiungere l\u2019obiettivo\u00bb.<span class=\"gmail-Apple-converted-space\">\u00a0<\/span><\/p>\n<p>&nbsp;<\/p>\n<p>&nbsp;<\/p>\n<hr \/>\n<p>&nbsp;<\/p>\n<p><span style=\"color: #0000ff;\"><strong>NUOTO PARALIMPICO<\/strong><\/span><\/p>\n<blockquote>\n<h3>PER LA SPORTIVAMENTE BELLUNO CINQUE MEDAGLIE AI CAMPIONATI ITALIANI DI LIGNANO<\/h3>\n<\/blockquote>\n<p><strong><a class=\"dt-pswp-item\" href=\"https:\/\/www.radiopiu.net\/wordpress\/wp-content\/uploads\/2023\/03\/Silvia_Casagrande_con_le_due_atlete.jpg\" data-dt-img-description=\"\" data-large_image_width=\"1600\" data-large_image_height=\"1201\"><img loading=\"lazy\" decoding=\"async\" class=\" wp-image-326645 alignleft\" src=\"https:\/\/www.radiopiu.net\/wordpress\/wp-content\/uploads\/2023\/03\/Silvia_Casagrande_con_le_due_atlete-300x225.jpg\" alt=\"\" width=\"171\" height=\"128\" srcset=\"https:\/\/www.radiopiu.net\/wordpress\/wp-content\/uploads\/2023\/03\/Silvia_Casagrande_con_le_due_atlete-300x225.jpg 300w, https:\/\/www.radiopiu.net\/wordpress\/wp-content\/uploads\/2023\/03\/Silvia_Casagrande_con_le_due_atlete-1024x769.jpg 1024w, https:\/\/www.radiopiu.net\/wordpress\/wp-content\/uploads\/2023\/03\/Silvia_Casagrande_con_le_due_atlete-768x576.jpg 768w, https:\/\/www.radiopiu.net\/wordpress\/wp-content\/uploads\/2023\/03\/Silvia_Casagrande_con_le_due_atlete-1536x1153.jpg 1536w, https:\/\/www.radiopiu.net\/wordpress\/wp-content\/uploads\/2023\/03\/Silvia_Casagrande_con_le_due_atlete.jpg 1600w\" sizes=\"auto, (max-width: 171px) 100vw, 171px\" \/><\/a>BELLUNO<\/strong> La Sportivamente Belluno cala il pokerissimo di medaglie ai Campionati italiani assoluti invernali di nuoto paralimpico. A Lignano Sabbiadoro, gli atleti dolomitici conquistano ben cinque podi in un contesto di assoluto livello. Basti pensare che i Tricolori erano abbinati alla tappa delle World Series. E la manifestazione, spalmata su quattro giorni, ha coinvolto nuotatori provenienti da varie zone del mondo: nello specifico, da 44 Nazioni diverse, fra cui Hong Kong, Malaysia, Brasile e Stati Uniti. Entrando nel dettaglio, Eleonora Dal Paos (classe S4) ottiene un doppio oro nei 50 dorso (chiusi in 1\u201914\u201d68) e nei 100 stile (2\u201958\u201d52), mentre Daniela Belletti (S3) \u00e8 di bronzo nei 50 dorso (1\u201952\u201d16). Applausi pure per Enrico Giacomin (classe S7), secondo nei 400 stile libero (in 6\u201902\u201d59). E terzo nei 100 stile (1\u201921\u201d31). Il tecnico Silvia Casagrande non nasconde la sua emozione: \u00ab\u00c8 stata un\u2019esperienza bellissima e, come di consueto, molto stimolante. Sono davvero soddisfatta: Eleonora e Daniela, in particolare, si sono rese protagoniste di uno straordinario percorso di crescita. E si stanno impegnando al massimo: a fare la differenza \u00e8 la loro determinazione, la voglia di dimostrare che possono raggiungere traguardi rilevanti\u00bb.<\/p>\n","protected":false},"excerpt":{"rendered":"<p>RADIO PIU INFORMAZIONE il canale su TELEGRAM informazione di prima\u00a0 mano e in tempo reale. iscriviti ed aiutaci a farlo conoscere\u00a0 \u00a0 &nbsp; MONGOLFIERE&#8230; IN TRANSITO REDAZIONE Thomas G. (foto) su Instagram ha reso noto che&#8230;sono partiti dall&#8217;Austria. Sono le mongolfiere, spesso in transito nei cieli agordini. &nbsp; &nbsp; IL MERCOLEDI SERA ALLA RADIO, DIRETTA.&hellip;<\/p>\n","protected":false},"author":4,"featured_media":326784,"comment_status":"closed","ping_status":"closed","sticky":false,"template":"","format":"standard","meta":{"_monsterinsights_skip_tracking":false,"_monsterinsights_sitenote_active":false,"_monsterinsights_sitenote_note":"","_monsterinsights_sitenote_category":0,"footnotes":""},"categories":[51,86,49],"tags":[],"class_list":["post-326638","post","type-post","status-publish","format-standard","has-post-thumbnail","hentry","category-evidenza-top","category-gr","category-news-18","category-51","category-86","category-49","description-off"],"img_url":"https:\/\/www.radiopiu.net\/wordpress\/wp-content\/uploads\/2023\/03\/48365cf7-cd56-4caf-92c6-dd43f867c143.jpg","_links":{"self":[{"href":"https:\/\/www.radiopiu.net\/wordpress\/wp-json\/wp\/v2\/posts\/326638","targetHints":{"allow":["GET"]}}],"collection":[{"href":"https:\/\/www.radiopiu.net\/wordpress\/wp-json\/wp\/v2\/posts"}],"about":[{"href":"https:\/\/www.radiopiu.net\/wordpress\/wp-json\/wp\/v2\/types\/post"}],"author":[{"embeddable":true,"href":"https:\/\/www.radiopiu.net\/wordpress\/wp-json\/wp\/v2\/users\/4"}],"replies":[{"embeddable":true,"href":"https:\/\/www.radiopiu.net\/wordpress\/wp-json\/wp\/v2\/comments?post=326638"}],"version-history":[{"count":0,"href":"https:\/\/www.radiopiu.net\/wordpress\/wp-json\/wp\/v2\/posts\/326638\/revisions"}],"wp:featuredmedia":[{"embeddable":true,"href":"https:\/\/www.radiopiu.net\/wordpress\/wp-json\/wp\/v2\/media\/326784"}],"wp:attachment":[{"href":"https:\/\/www.radiopiu.net\/wordpress\/wp-json\/wp\/v2\/media?parent=326638"}],"wp:term":[{"taxonomy":"category","embeddable":true,"href":"https:\/\/www.radiopiu.net\/wordpress\/wp-json\/wp\/v2\/categories?post=326638"},{"taxonomy":"post_tag","embeddable":true,"href":"https:\/\/www.radiopiu.net\/wordpress\/wp-json\/wp\/v2\/tags?post=326638"}],"curies":[{"name":"wp","href":"https:\/\/api.w.org\/{rel}","templated":true}]}}