{"id":326640,"date":"2023-03-15T09:34:53","date_gmt":"2023-03-15T08:34:53","guid":{"rendered":"https:\/\/www.radiopiu.net\/wordpress\/?p=326640"},"modified":"2023-03-15T09:34:53","modified_gmt":"2023-03-15T08:34:53","slug":"dieci-centimetri-di-neve-a-misurina-e-malga-losch-il-bollettino-neve-al-suolo","status":"publish","type":"post","link":"https:\/\/www.radiopiu.net\/wordpress\/dieci-centimetri-di-neve-a-misurina-e-malga-losch-il-bollettino-neve-al-suolo\/","title":{"rendered":"DIECI CENTIMETRI DI NEVE A MISURINA E MALGA LOSCH. IL BOLLETTINO NEVE AL SUOLO"},"content":{"rendered":"<p><strong>LIVINALLONGO<\/strong> Dal Centro Valanghe ARPAV di Arabba il nuovo bollettino neve al suolo. Dal documento si evince che le zone in cui la neve \u00e8 scesa pi\u00f9 copiosa sono Casera Doana a Misurina e Malga Losch a Frassen\u00e8 con 10 cm. Pochi centimetri nelle altre zone.<\/p>\n<p><strong>IL BOLLETTINO NEVE AL SUOLO<\/strong><\/p>\n<a href=\"https:\/\/www.radiopiu.net\/wordpress\/wp-content\/uploads\/2023\/03\/2023_03_15_Dolomiti-Neve-al-Suolo.pdf\" class=\"pdfemb-viewer\" style=\"\" data-width=\"max\" data-height=\"max\" data-toolbar=\"top\" data-toolbar-fixed=\"on\">2023_03_15_Dolomiti Neve al Suolo<\/a>\n<p>&nbsp;<\/p>\n<p>&nbsp;<\/p>\n<p>*****<\/p>\n","protected":false},"excerpt":{"rendered":"<p>LIVINALLONGO Dal Centro Valanghe ARPAV di Arabba il nuovo bollettino neve al suolo. Dal documento si evince che le zone in cui la neve \u00e8 scesa pi\u00f9 copiosa sono Casera Doana a Misurina e Malga Losch a Frassen\u00e8 con 10 cm. Pochi centimetri nelle altre zone. IL BOLLETTINO NEVE AL SUOLO &nbsp; &nbsp; *****<\/p>\n","protected":false},"author":4,"featured_media":181837,"comment_status":"closed","ping_status":"closed","sticky":false,"template":"","format":"standard","meta":{"_monsterinsights_skip_tracking":false,"_monsterinsights_sitenote_active":false,"_monsterinsights_sitenote_note":"","_monsterinsights_sitenote_category":0,"footnotes":""},"categories":[49],"tags":[],"class_list":["post-326640","post","type-post","status-publish","format-standard","has-post-thumbnail","hentry","category-news-18","category-49","description-off"],"img_url":"https:\/\/www.radiopiu.net\/wordpress\/wp-content\/uploads\/2020\/12\/NEVE-1.jpg","_links":{"self":[{"href":"https:\/\/www.radiopiu.net\/wordpress\/wp-json\/wp\/v2\/posts\/326640","targetHints":{"allow":["GET"]}}],"collection":[{"href":"https:\/\/www.radiopiu.net\/wordpress\/wp-json\/wp\/v2\/posts"}],"about":[{"href":"https:\/\/www.radiopiu.net\/wordpress\/wp-json\/wp\/v2\/types\/post"}],"author":[{"embeddable":true,"href":"https:\/\/www.radiopiu.net\/wordpress\/wp-json\/wp\/v2\/users\/4"}],"replies":[{"embeddable":true,"href":"https:\/\/www.radiopiu.net\/wordpress\/wp-json\/wp\/v2\/comments?post=326640"}],"version-history":[{"count":0,"href":"https:\/\/www.radiopiu.net\/wordpress\/wp-json\/wp\/v2\/posts\/326640\/revisions"}],"wp:featuredmedia":[{"embeddable":true,"href":"https:\/\/www.radiopiu.net\/wordpress\/wp-json\/wp\/v2\/media\/181837"}],"wp:attachment":[{"href":"https:\/\/www.radiopiu.net\/wordpress\/wp-json\/wp\/v2\/media?parent=326640"}],"wp:term":[{"taxonomy":"category","embeddable":true,"href":"https:\/\/www.radiopiu.net\/wordpress\/wp-json\/wp\/v2\/categories?post=326640"},{"taxonomy":"post_tag","embeddable":true,"href":"https:\/\/www.radiopiu.net\/wordpress\/wp-json\/wp\/v2\/tags?post=326640"}],"curies":[{"name":"wp","href":"https:\/\/api.w.org\/{rel}","templated":true}]}}