{"id":326644,"date":"2023-03-15T09:53:49","date_gmt":"2023-03-15T08:53:49","guid":{"rendered":"https:\/\/www.radiopiu.net\/wordpress\/?p=326644"},"modified":"2023-03-15T09:53:49","modified_gmt":"2023-03-15T08:53:49","slug":"tofana-cortina-freccia-nel-cielo-masi-wine-bar-la-buona-cucina","status":"publish","type":"post","link":"https:\/\/www.radiopiu.net\/wordpress\/tofana-cortina-freccia-nel-cielo-masi-wine-bar-la-buona-cucina\/","title":{"rendered":"TOFANA CORTINA FRECCIA NEL CIELO. MASI WINE BAR: LA BUONA CUCINA"},"content":{"rendered":"<p><strong><a class=\"dt-pswp-item\" href=\"https:\/\/www.radiopiu.net\/wordpress\/wp-content\/uploads\/2023\/03\/10I3619-scaled.jpg\" data-dt-img-description=\"\" data-large_image_width=\"2560\" data-large_image_height=\"1706\"><img loading=\"lazy\" decoding=\"async\" class=\" wp-image-326651 alignleft\" src=\"https:\/\/www.radiopiu.net\/wordpress\/wp-content\/uploads\/2023\/03\/10I3619-300x200.jpg\" alt=\"\" width=\"225\" height=\"150\" srcset=\"https:\/\/www.radiopiu.net\/wordpress\/wp-content\/uploads\/2023\/03\/10I3619-300x200.jpg 300w, https:\/\/www.radiopiu.net\/wordpress\/wp-content\/uploads\/2023\/03\/10I3619-1024x683.jpg 1024w, https:\/\/www.radiopiu.net\/wordpress\/wp-content\/uploads\/2023\/03\/10I3619-768x512.jpg 768w, https:\/\/www.radiopiu.net\/wordpress\/wp-content\/uploads\/2023\/03\/10I3619-1536x1024.jpg 1536w, https:\/\/www.radiopiu.net\/wordpress\/wp-content\/uploads\/2023\/03\/10I3619-2048x1365.jpg 2048w\" sizes=\"auto, (max-width: 225px) 100vw, 225px\" \/><\/a>CORTINA <\/strong>\u00c8 un dehors baciato dal sole che guarda alle alte vette ampezzane firmate UNESCO, offrendo una splendida visuale sulla Tofana e sulle mitiche piste Col Drusci\u00e8 A e B dove si sfideranno i campioni di sci in occasione delle Olimpiadi firmate 2026. \u00c8 il rinomato Masi Wine Bar al Drusci\u00e8, a quota 1.778 metri, un openspace dagli arredi moderni e da geometrie lignee e suggestive, nato nel 2018 dalla partnership tra la societ\u00e0 Tofana srl e Masi Agricola, casa vinicola veronese famosa in tutto il mondo, in primis per l\u2019Amarone. Perch\u00e9 questo luogo \u00e8 speciale? Per tanti motivi. Primo tra tutti la cucina, quella del territorio che nel DNA racconta di vette, tradizione, cultura ed emozione, simboli del mangiar bene e sano perch\u00e9 qui \u00e8 la cura l\u2019ingrediente principale. Il capo chef \u00e8 Luca Ursella che con il proprietario Luca Sudiro, hanno dato vita a un men\u00f9 che elogia i costumi culinari ampezzani per\u00f2 rivisitandoli in chiave contemporanea e soprattutto abbinando saperi e sapori alle pregiate etichette autografate Masi Agricola. I piatti pi\u00f9 unici che rari? Il risotto mantecato al Costasera Masi con scaglie di Monte Veronese, gli gnocchi di patate al capriolo con crema di sciopetis, burro acido, pecorino e crumble di cacao amaro, la pasta e fagioli di Lamon con radicchietto, e poi i secondi come la tagliata di bavetta di manzo glassata al toar con patate all\u2019ampezzana e verdure grigliate, il petto e coscia di piccione con salsa di bietole, ciliegie, riduzione al Vaio Armarone e puccia croccante e la tagliata di controfiletto di cervo con polentina e composta di mirtilli rossi al mezzanella. Piatti che sono un inno alla cucina home-made, quella di una volta pur sempre rivisitata, a Cortina con le sue tipicit\u00e0 ma anche all\u2019Italia tutta che in un abbraccio culinario diventa l\u2019emblema dell\u2019eccellenza, quella da portare a tavola. Come arrivare? Dal centro di Cortina basta raggiungere \u2013 anche a piedi &#8211; Via dello Stadio 12 dove si trova la partenza della funivia Tofana Freccia nel Cielo: il moderno e comodo impianto permette di raggiungere Col Drusci\u00e8, un pianoro a 1.778 metri di altitudine, dove per l\u2019appunto si trova il Masi Wine Bar accanto al Ristorante Col Drusci\u00e8 1778 e l\u2019affascinante Osservatorio Astronomico. Per prenotazioni ristoranti: 0436862372 \u2013 <a href=\"mailto:gastronomia@freccianelcielo.com\">gastronomia@freccianelcielo.com <\/a>Per informazioni, acquisto biglietti, skipass o abbonamenti per pedoni: 0436 5052 \u2013 tofanacortina@freccianelcielo.com<\/p>\n<p><strong>LE RICETTE DELLO CHEF<\/strong><\/p>\n\n\t\t\t<style type='text\/css'>\n\t\t\t\t#gallery-1 {\n\t\t\t\t\tmargin: auto;\n\t\t\t\t}\n\t\t\t\t#gallery-1 .gallery-item {\n\t\t\t\t\tfloat: left;\n\t\t\t\t\tmargin-top: 10px;\n\t\t\t\t\ttext-align: center;\n\t\t\t\t\twidth: 50%;\n\t\t\t\t}\n\t\t\t\t#gallery-1 img {\n\t\t\t\t\tborder: 2px solid #cfcfcf;\n\t\t\t\t}\n\t\t\t\t#gallery-1 .gallery-caption {\n\t\t\t\t\tmargin-left: 0;\n\t\t\t\t}\n\t\t\t\t\/* see gallery_shortcode() in wp-includes\/media.php *\/\n\t\t\t<\/style>\n\t\t<div id='gallery-1' class='dt-gallery-container gallery galleryid-326644 gallery-columns-2 gallery-size-medium'><dl class='gallery-item'>\n\t\t\t\t<dt class='gallery-icon landscape'>\n\t\t\t\t\t<a class=\"rollover rollover-zoom dt-pswp-item\" title=\"RISOTTO\" data-dt-img-description=\"\" data-large_image_width=\"676\" data-large_image_height=\"537\"href='https:\/\/www.radiopiu.net\/wordpress\/wp-content\/uploads\/2023\/03\/RISOTTO.png'><img loading=\"lazy\" decoding=\"async\" width=\"300\" height=\"238\" src=\"https:\/\/www.radiopiu.net\/wordpress\/wp-content\/uploads\/2023\/03\/RISOTTO-300x238.png\" class=\"attachment-medium size-medium\" alt=\"\" srcset=\"https:\/\/www.radiopiu.net\/wordpress\/wp-content\/uploads\/2023\/03\/RISOTTO-300x238.png 300w, https:\/\/www.radiopiu.net\/wordpress\/wp-content\/uploads\/2023\/03\/RISOTTO.png 676w\" sizes=\"auto, (max-width: 300px) 100vw, 300px\" \/><\/a>\n\t\t\t\t<\/dt><\/dl><dl class='gallery-item'>\n\t\t\t\t<dt class='gallery-icon landscape'>\n\t\t\t\t\t<a class=\"rollover rollover-zoom dt-pswp-item\" title=\"Risotto\" data-dt-img-description=\"\" data-large_image_width=\"2560\" data-large_image_height=\"1920\"href='https:\/\/www.radiopiu.net\/wordpress\/wp-content\/uploads\/2023\/03\/Risotto-scaled.jpg'><img loading=\"lazy\" decoding=\"async\" width=\"300\" height=\"225\" src=\"https:\/\/www.radiopiu.net\/wordpress\/wp-content\/uploads\/2023\/03\/Risotto-300x225.jpg\" class=\"attachment-medium size-medium\" alt=\"\" srcset=\"https:\/\/www.radiopiu.net\/wordpress\/wp-content\/uploads\/2023\/03\/Risotto-300x225.jpg 300w, https:\/\/www.radiopiu.net\/wordpress\/wp-content\/uploads\/2023\/03\/Risotto-1024x768.jpg 1024w, https:\/\/www.radiopiu.net\/wordpress\/wp-content\/uploads\/2023\/03\/Risotto-768x576.jpg 768w, https:\/\/www.radiopiu.net\/wordpress\/wp-content\/uploads\/2023\/03\/Risotto-1536x1152.jpg 1536w, https:\/\/www.radiopiu.net\/wordpress\/wp-content\/uploads\/2023\/03\/Risotto-2048x1536.jpg 2048w\" sizes=\"auto, (max-width: 300px) 100vw, 300px\" \/><\/a>\n\t\t\t\t<\/dt><\/dl><br style=\"clear: both\" \/><dl class='gallery-item'>\n\t\t\t\t<dt class='gallery-icon landscape'>\n\t\t\t\t\t<a class=\"rollover rollover-zoom dt-pswp-item\" title=\"CERVO\" data-dt-img-description=\"\" data-large_image_width=\"657\" data-large_image_height=\"356\"href='https:\/\/www.radiopiu.net\/wordpress\/wp-content\/uploads\/2023\/03\/CERVO.png'><img loading=\"lazy\" decoding=\"async\" width=\"300\" height=\"163\" src=\"https:\/\/www.radiopiu.net\/wordpress\/wp-content\/uploads\/2023\/03\/CERVO-300x163.png\" class=\"attachment-medium size-medium\" alt=\"\" srcset=\"https:\/\/www.radiopiu.net\/wordpress\/wp-content\/uploads\/2023\/03\/CERVO-300x163.png 300w, https:\/\/www.radiopiu.net\/wordpress\/wp-content\/uploads\/2023\/03\/CERVO.png 657w\" sizes=\"auto, (max-width: 300px) 100vw, 300px\" \/><\/a>\n\t\t\t\t<\/dt><\/dl><dl class='gallery-item'>\n\t\t\t\t<dt class='gallery-icon landscape'>\n\t\t\t\t\t<a class=\"rollover rollover-zoom dt-pswp-item\" title=\"Filetto cervo 2\" data-dt-img-description=\"\" data-large_image_width=\"2560\" data-large_image_height=\"1887\"href='https:\/\/www.radiopiu.net\/wordpress\/wp-content\/uploads\/2023\/03\/Filetto-cervo-2-scaled.jpg'><img loading=\"lazy\" decoding=\"async\" width=\"300\" height=\"221\" src=\"https:\/\/www.radiopiu.net\/wordpress\/wp-content\/uploads\/2023\/03\/Filetto-cervo-2-300x221.jpg\" class=\"attachment-medium size-medium\" alt=\"\" srcset=\"https:\/\/www.radiopiu.net\/wordpress\/wp-content\/uploads\/2023\/03\/Filetto-cervo-2-300x221.jpg 300w, https:\/\/www.radiopiu.net\/wordpress\/wp-content\/uploads\/2023\/03\/Filetto-cervo-2-1024x755.jpg 1024w, https:\/\/www.radiopiu.net\/wordpress\/wp-content\/uploads\/2023\/03\/Filetto-cervo-2-768x566.jpg 768w, https:\/\/www.radiopiu.net\/wordpress\/wp-content\/uploads\/2023\/03\/Filetto-cervo-2-1536x1132.jpg 1536w, https:\/\/www.radiopiu.net\/wordpress\/wp-content\/uploads\/2023\/03\/Filetto-cervo-2-2048x1510.jpg 2048w\" sizes=\"auto, (max-width: 300px) 100vw, 300px\" \/><\/a>\n\t\t\t\t<\/dt><\/dl><br style=\"clear: both\" \/>\n\t\t\t<\/div>\n\n<p>&nbsp;<\/p>\n<p>&nbsp;<\/p>\n<p>******<\/p>\n","protected":false},"excerpt":{"rendered":"<p>CORTINA \u00c8 un dehors baciato dal sole che guarda alle alte vette ampezzane firmate UNESCO, offrendo una splendida visuale sulla Tofana e sulle mitiche piste Col Drusci\u00e8 A e B dove si sfideranno i campioni di sci in occasione delle Olimpiadi firmate 2026. \u00c8 il rinomato Masi Wine Bar al Drusci\u00e8, a quota 1.778 metri,&hellip;<\/p>\n","protected":false},"author":4,"featured_media":326651,"comment_status":"closed","ping_status":"closed","sticky":false,"template":"","format":"standard","meta":{"_monsterinsights_skip_tracking":false,"_monsterinsights_sitenote_active":false,"_monsterinsights_sitenote_note":"","_monsterinsights_sitenote_category":0,"footnotes":""},"categories":[49],"tags":[],"class_list":["post-326644","post","type-post","status-publish","format-standard","has-post-thumbnail","hentry","category-news-18","category-49","description-off"],"img_url":"https:\/\/www.radiopiu.net\/wordpress\/wp-content\/uploads\/2023\/03\/10I3619-scaled.jpg","_links":{"self":[{"href":"https:\/\/www.radiopiu.net\/wordpress\/wp-json\/wp\/v2\/posts\/326644","targetHints":{"allow":["GET"]}}],"collection":[{"href":"https:\/\/www.radiopiu.net\/wordpress\/wp-json\/wp\/v2\/posts"}],"about":[{"href":"https:\/\/www.radiopiu.net\/wordpress\/wp-json\/wp\/v2\/types\/post"}],"author":[{"embeddable":true,"href":"https:\/\/www.radiopiu.net\/wordpress\/wp-json\/wp\/v2\/users\/4"}],"replies":[{"embeddable":true,"href":"https:\/\/www.radiopiu.net\/wordpress\/wp-json\/wp\/v2\/comments?post=326644"}],"version-history":[{"count":0,"href":"https:\/\/www.radiopiu.net\/wordpress\/wp-json\/wp\/v2\/posts\/326644\/revisions"}],"wp:featuredmedia":[{"embeddable":true,"href":"https:\/\/www.radiopiu.net\/wordpress\/wp-json\/wp\/v2\/media\/326651"}],"wp:attachment":[{"href":"https:\/\/www.radiopiu.net\/wordpress\/wp-json\/wp\/v2\/media?parent=326644"}],"wp:term":[{"taxonomy":"category","embeddable":true,"href":"https:\/\/www.radiopiu.net\/wordpress\/wp-json\/wp\/v2\/categories?post=326644"},{"taxonomy":"post_tag","embeddable":true,"href":"https:\/\/www.radiopiu.net\/wordpress\/wp-json\/wp\/v2\/tags?post=326644"}],"curies":[{"name":"wp","href":"https:\/\/api.w.org\/{rel}","templated":true}]}}