{"id":326719,"date":"2023-03-16T05:25:09","date_gmt":"2023-03-16T04:25:09","guid":{"rendered":"https:\/\/www.radiopiu.net\/wordpress\/?p=326719"},"modified":"2023-03-16T05:39:02","modified_gmt":"2023-03-16T04:39:02","slug":"diffamazione-sui-social-il-risarcimento-a-lavis-sui-social-il-risarcimento-a-lavis","status":"publish","type":"post","link":"https:\/\/www.radiopiu.net\/wordpress\/diffamazione-sui-social-il-risarcimento-a-lavis-sui-social-il-risarcimento-a-lavis\/","title":{"rendered":"DIFFAMAZIONE SUI SOCIAL, IL RISARCIMENTO A LAVIS"},"content":{"rendered":"<p><strong>FELTRE\u00a0<\/strong> Un paio di anni fa erano stati diffamati sui social con epiteti pesanti nel contesto del loro operato (durante alcuni controlli legati al COVID) ed avevano deciso di non lasciar correre, querelando l&#8217;autore del post. L&#8217;uomo ha in seguito deciso di evitare il processo trovando un accordo di conciliazione con i tredici agenti del comando di Polizia Locale di Feltre che lo avevano denunciato e che hanno quindi ritirato la querela.\u00a0 Gli agenti hanno infatti deciso di comune accordo di devolvere la somma ricevuta a titolo di risarcimento (pari a 1.570 euro) all&#8217;Associazione \u201cAmici di San Patrignano\u201d, che ha sede a Lavis, in provincia di Trento, e si occupa del sostegno e del recupero terapeutico delle persone che hanno incontrato la tossicodipendenza. <em>\u00a0\u201cLa donazione di oggi, ha detto tra l\u2019altro la presidente Pallaoro, \u00e8 per noi particolarmente importante, poich\u00e9 la nostra attivit\u00e0 \u00e8 quasi integralmente autofinanziata&#8221;. <\/em>\u00a0L\u2019associazione opera dal 2005 in Trentino e Alto Adige, ma anche in Primiero e nel Feltrino.\u00a0 L\u2019associazione \u201cAmici di San Patrignano\u201d, sar\u00e0 venerd\u00ec 24 marzo a Fonzaso per una serata di sensibilizzazione e informazione sulla propria attivit\u00e0.<\/p>\n<blockquote><p><em>\u201cSono estremante felice del gesto dei nostri agenti, ha sottolineato il sindaco Fusaro, sia per la decisione di devolvere la cifra ricevuta come risarcimento in beneficenza, sia per la scelta dell\u2019associazione destinataria, impegnata da quasi 20 anni in un ambito estremamente difficile e delicato come quello della tossicodipendenza\u201d.<\/em><\/p><\/blockquote>\n<p><a class=\"dt-pswp-item\" href=\"https:\/\/www.radiopiu.net\/wordpress\/wp-content\/uploads\/2023\/03\/Donazione-Polizia-Locale-scaled.jpg\" data-dt-img-description=\"\" data-large_image_width=\"2560\" data-large_image_height=\"1440\"><img loading=\"lazy\" decoding=\"async\" class=\"alignnone wp-image-326720 size-full\" src=\"https:\/\/www.radiopiu.net\/wordpress\/wp-content\/uploads\/2023\/03\/Donazione-Polizia-Locale-scaled.jpg\" alt=\"\" width=\"2560\" height=\"1440\" srcset=\"https:\/\/www.radiopiu.net\/wordpress\/wp-content\/uploads\/2023\/03\/Donazione-Polizia-Locale-scaled.jpg 2560w, https:\/\/www.radiopiu.net\/wordpress\/wp-content\/uploads\/2023\/03\/Donazione-Polizia-Locale-300x169.jpg 300w, https:\/\/www.radiopiu.net\/wordpress\/wp-content\/uploads\/2023\/03\/Donazione-Polizia-Locale-1024x576.jpg 1024w, https:\/\/www.radiopiu.net\/wordpress\/wp-content\/uploads\/2023\/03\/Donazione-Polizia-Locale-768x432.jpg 768w, https:\/\/www.radiopiu.net\/wordpress\/wp-content\/uploads\/2023\/03\/Donazione-Polizia-Locale-1536x864.jpg 1536w, https:\/\/www.radiopiu.net\/wordpress\/wp-content\/uploads\/2023\/03\/Donazione-Polizia-Locale-2048x1152.jpg 2048w\" sizes=\"auto, (max-width: 2560px) 100vw, 2560px\" \/><\/a><\/p>\n<p>&nbsp;<\/p>\n<hr \/>\n<p>&nbsp;<\/p>\n","protected":false},"excerpt":{"rendered":"<p>FELTRE\u00a0 Un paio di anni fa erano stati diffamati sui social con epiteti pesanti nel contesto del loro operato (durante alcuni controlli legati al COVID) ed avevano deciso di non lasciar correre, querelando l&#8217;autore del post. L&#8217;uomo ha in seguito deciso di evitare il processo trovando un accordo di conciliazione con i tredici agenti del&hellip;<\/p>\n","protected":false},"author":4,"featured_media":326720,"comment_status":"closed","ping_status":"closed","sticky":false,"template":"","format":"standard","meta":{"_monsterinsights_skip_tracking":false,"_monsterinsights_sitenote_active":false,"_monsterinsights_sitenote_note":"","_monsterinsights_sitenote_category":0,"footnotes":""},"categories":[51,49],"tags":[],"class_list":["post-326719","post","type-post","status-publish","format-standard","has-post-thumbnail","hentry","category-evidenza-top","category-news-18","category-51","category-49","description-off"],"img_url":"https:\/\/www.radiopiu.net\/wordpress\/wp-content\/uploads\/2023\/03\/Donazione-Polizia-Locale-scaled.jpg","_links":{"self":[{"href":"https:\/\/www.radiopiu.net\/wordpress\/wp-json\/wp\/v2\/posts\/326719","targetHints":{"allow":["GET"]}}],"collection":[{"href":"https:\/\/www.radiopiu.net\/wordpress\/wp-json\/wp\/v2\/posts"}],"about":[{"href":"https:\/\/www.radiopiu.net\/wordpress\/wp-json\/wp\/v2\/types\/post"}],"author":[{"embeddable":true,"href":"https:\/\/www.radiopiu.net\/wordpress\/wp-json\/wp\/v2\/users\/4"}],"replies":[{"embeddable":true,"href":"https:\/\/www.radiopiu.net\/wordpress\/wp-json\/wp\/v2\/comments?post=326719"}],"version-history":[{"count":0,"href":"https:\/\/www.radiopiu.net\/wordpress\/wp-json\/wp\/v2\/posts\/326719\/revisions"}],"wp:featuredmedia":[{"embeddable":true,"href":"https:\/\/www.radiopiu.net\/wordpress\/wp-json\/wp\/v2\/media\/326720"}],"wp:attachment":[{"href":"https:\/\/www.radiopiu.net\/wordpress\/wp-json\/wp\/v2\/media?parent=326719"}],"wp:term":[{"taxonomy":"category","embeddable":true,"href":"https:\/\/www.radiopiu.net\/wordpress\/wp-json\/wp\/v2\/categories?post=326719"},{"taxonomy":"post_tag","embeddable":true,"href":"https:\/\/www.radiopiu.net\/wordpress\/wp-json\/wp\/v2\/tags?post=326719"}],"curies":[{"name":"wp","href":"https:\/\/api.w.org\/{rel}","templated":true}]}}