{"id":326772,"date":"2023-03-16T05:28:36","date_gmt":"2023-03-16T04:28:36","guid":{"rendered":"https:\/\/www.radiopiu.net\/wordpress\/?p=326772"},"modified":"2023-03-16T05:37:52","modified_gmt":"2023-03-16T04:37:52","slug":"compera-unauto-rubata-scatta-il-sequestro","status":"publish","type":"post","link":"https:\/\/www.radiopiu.net\/wordpress\/compera-unauto-rubata-scatta-il-sequestro\/","title":{"rendered":"COMPERA UN&#8217;AUTO RUBATA, SCATTA IL SEQUESTRO"},"content":{"rendered":"<p><strong>CANALE D&#8217;AGORDO<\/strong><\/p>\n<p><strong>OGGI SUL CORRIERE DELLE ALPI, DI GIGI SOSSO<\/strong><\/p>\n<p><img loading=\"lazy\" decoding=\"async\" class=\"alignleft\" src=\"https:\/\/www.radiopiu.net\/wordpress\/wp-content\/uploads\/2023\/03\/th-14.jpg\" width=\"178\" height=\"133\" \/>Era un buon affare e la donna di Canale d&#8217;Agordo non ha esitato a sborsare 14mila euro per accaparrarsi l&#8217;auto, una Panda Cross 4 per 4. Purtroppo, se l&#8217;\u00e8 vista portare via dalla Polizia stradale, nello scorso mese di febbraio. Non ha responsabilit\u00e0 ed \u00e8 in perfetta buona fede, ma vai a fidarti di una concessionaria di Reggio Emilia: \u00e8 una macchina rubata e con il numero di telaio contraffatto. La targa non \u00e8 quella originale e nemmeno la carta di circolazione. Il sequestro \u00e8 stato convalidato dal giudice per le del Tribunale di Belluno e la donna si \u00e8 rivolta all&#8217;avvocato Valentina Stefani, attraverso il quale chieder\u00e0 il risarcimento danni. C&#8217;\u00e8 un indagato per l&#8217;ipotesi di reato di riciclaggio, G.D., originario di Castellamare di Stabia&#8230; La donna di Canale l&#8217;ha vista sull&#8217;inserzione in un sito internet e, pensando che fosse un buon affare, l&#8217;ha comprata.<br \/>\n<strong>foto archivio radiopiu<\/strong><\/p>\n<p>&nbsp;<\/p>\n<hr \/>\n<p>&nbsp;<\/p>\n<blockquote>\n<h3>SPACCIAVA A LAMBIOI, CONDANNATA A 3 ANNI E 9 MESI<\/h3>\n<\/blockquote>\n<p>&nbsp;<\/p>\n<p><strong>OGGI SUL CORRIERE DELLE ALPI, DI GIGI SOSSO<\/strong><\/p>\n<p><strong>BELLUNO<\/strong> \u00a0Il cittadino senegalese Faty Lamine \u00e8 stato condannato a tre anni e nove mesi, 5.600 euro di multa e cinque anni d&#8217;interdizione dai pubblici uffici dal Tribunale di Belluno per detenzione e spaccio di sostanze stupefacenti. Mentre il nigeriano Jay Jay Oriji ha rimediato l&#8217;assoluzione per insufficienza o contraddittoriet\u00e0 della prova. Condannata a due mesi di reclusione per favoreggiamento Carmela Valeria Marino, perch\u00e9 in questura aveva detto di non sapere o ricordare niente, pur essendoci stati dei contatti con uno degli imputati.\u00a0 La Procura contestava tante cessioni di droga, anche con la collaborazione di alcuni minorenni che venivano utilizzati per portare le droghe da una parte all&#8217;alta della citt\u00e0. Il pm Marta Tollardo ha chiesto quattro anni e sei mesi e 2 mila euro di multa.<\/p>\n<p>&nbsp;<\/p>\n<p>&nbsp;<\/p>\n<hr \/>\n<p>&nbsp;<\/p>\n","protected":false},"excerpt":{"rendered":"<p>CANALE D&#8217;AGORDO OGGI SUL CORRIERE DELLE ALPI, DI GIGI SOSSO Era un buon affare e la donna di Canale d&#8217;Agordo non ha esitato a sborsare 14mila euro per accaparrarsi l&#8217;auto, una Panda Cross 4 per 4. Purtroppo, se l&#8217;\u00e8 vista portare via dalla Polizia stradale, nello scorso mese di febbraio. Non ha responsabilit\u00e0 ed \u00e8&hellip;<\/p>\n","protected":false},"author":4,"featured_media":326774,"comment_status":"closed","ping_status":"closed","sticky":false,"template":"","format":"standard","meta":{"_monsterinsights_skip_tracking":false,"_monsterinsights_sitenote_active":false,"_monsterinsights_sitenote_note":"","_monsterinsights_sitenote_category":0,"footnotes":""},"categories":[51,49],"tags":[],"class_list":["post-326772","post","type-post","status-publish","format-standard","has-post-thumbnail","hentry","category-evidenza-top","category-news-18","category-51","category-49","description-off"],"img_url":"https:\/\/www.radiopiu.net\/wordpress\/wp-content\/uploads\/2023\/03\/th-14.jpg","_links":{"self":[{"href":"https:\/\/www.radiopiu.net\/wordpress\/wp-json\/wp\/v2\/posts\/326772","targetHints":{"allow":["GET"]}}],"collection":[{"href":"https:\/\/www.radiopiu.net\/wordpress\/wp-json\/wp\/v2\/posts"}],"about":[{"href":"https:\/\/www.radiopiu.net\/wordpress\/wp-json\/wp\/v2\/types\/post"}],"author":[{"embeddable":true,"href":"https:\/\/www.radiopiu.net\/wordpress\/wp-json\/wp\/v2\/users\/4"}],"replies":[{"embeddable":true,"href":"https:\/\/www.radiopiu.net\/wordpress\/wp-json\/wp\/v2\/comments?post=326772"}],"version-history":[{"count":0,"href":"https:\/\/www.radiopiu.net\/wordpress\/wp-json\/wp\/v2\/posts\/326772\/revisions"}],"wp:featuredmedia":[{"embeddable":true,"href":"https:\/\/www.radiopiu.net\/wordpress\/wp-json\/wp\/v2\/media\/326774"}],"wp:attachment":[{"href":"https:\/\/www.radiopiu.net\/wordpress\/wp-json\/wp\/v2\/media?parent=326772"}],"wp:term":[{"taxonomy":"category","embeddable":true,"href":"https:\/\/www.radiopiu.net\/wordpress\/wp-json\/wp\/v2\/categories?post=326772"},{"taxonomy":"post_tag","embeddable":true,"href":"https:\/\/www.radiopiu.net\/wordpress\/wp-json\/wp\/v2\/tags?post=326772"}],"curies":[{"name":"wp","href":"https:\/\/api.w.org\/{rel}","templated":true}]}}