{"id":326808,"date":"2023-03-17T05:55:40","date_gmt":"2023-03-17T04:55:40","guid":{"rendered":"https:\/\/www.radiopiu.net\/wordpress\/?p=326808"},"modified":"2023-03-17T09:35:54","modified_gmt":"2023-03-17T08:35:54","slug":"giornale-radiopiu-17-marzo-2023-direttore-mirko-mezzacasa-verso-i-40-anni-25-giugno-1983-25-giugno-2023","status":"publish","type":"post","link":"https:\/\/www.radiopiu.net\/wordpress\/giornale-radiopiu-17-marzo-2023-direttore-mirko-mezzacasa-verso-i-40-anni-25-giugno-1983-25-giugno-2023\/","title":{"rendered":"GIORNALE RADIOPIU 17 MARZO 2023 DIRETTORE MIRKO MEZZACASA&#8230;verso i 40 anni 25 giugno 1983-25 giugno 2023"},"content":{"rendered":"<h3 class=\"kvgmc6g5 cxmmr5t8 oygrvhab hcukyx3x c1et5uql\"><span style=\"color: #0000ff;\"><strong>RADIO PIU INFORMAZIONE il canale su TELEGRAM informazione di prima\u00a0 <\/strong><strong>mano e in tempo reale. iscriviti ed aiutaci a farlo conoscere\u00a0 \u00a0\u00a0<\/strong><\/span><\/h3>\n<p>&nbsp;<\/p>\n<p><strong>CURIOSITA&#8217;<\/strong><\/p>\n<blockquote>\n<h3>VOGLIO UNA GUIDA&#8230; SPERICOLATA. CONFONDERE LA DESTRA CON LA SINISTRA<\/h3>\n<\/blockquote>\n<p><strong>Riceviamo, e pubblichiamo<\/strong><\/p>\n<p><strong>FALCADE<\/strong> Una guida spericolata, costantemente sulla sinistra, per oltre la linea continua di mezzeria. E&#8217; andata bene, ogni volta che \u00e8 arrivata un&#8217;auto in senso contrario la nostra \u00e8 tornata in posizione.<\/p>\n<div style=\"width: 480px;\" class=\"wp-video\"><video class=\"wp-video-shortcode\" id=\"video-326808-1\" width=\"480\" height=\"360\" preload=\"metadata\" controls=\"controls\"><source type=\"video\/mp4\" src=\"https:\/\/www.radiopiu.net\/wordpress\/wp-content\/uploads\/2023\/03\/GUIDA-A-SINISTRA-OK.mp4?_=1\" \/><a href=\"https:\/\/www.radiopiu.net\/wordpress\/wp-content\/uploads\/2023\/03\/GUIDA-A-SINISTRA-OK.mp4\">https:\/\/www.radiopiu.net\/wordpress\/wp-content\/uploads\/2023\/03\/GUIDA-A-SINISTRA-OK.mp4<\/a><\/video><\/div>\n<p>&nbsp;<\/p>\n<p>&nbsp;<\/p>\n<h2 style=\"text-align: left;\"><span style=\"color: #ff0000;\">ISCRIVITI AL NOSTRO CANALE YOUTUBE PER SEGUIRE IN DIRETTA I PRINCIPALI PROGRAMMI DI RADIO PIU&#8217; E LE FUTURE DIRETTE IN ESTERNA. PER ISCRIVERTI <a style=\"color: #ff0000;\" href=\"https:\/\/youtube.com\/@radiopiu1527\">CLICCA QUI<\/a> E PREMI IL TASTO &#8220;Iscriviti&#8221;\u00a0<\/span><\/h2>\n<p>&nbsp;<\/p>\n<blockquote>\n<h3>DILLO A RADIO PIU&#8217;&#8230;. PIU&#8217; DIFFERENZIAMO E PIU&#8217; PAGHIAMO<\/h3>\n<\/blockquote>\n<p>Da Taibon, riceviamo e pubblichiamo<\/p>\n<blockquote><p><em><span class=\"x4k7w5x x1h91t0o x1h9r5lt xv2umb2 x1beo9mf xaigb6o x12ejxvf x3igimt xarpa2k xedcshv x1lytzrv x1t2pt76 x7ja8zs x1qrby5j x1jfb8zj\">Sbaglio o c&#8217;\u00e8 un aumento del 20%? Pi\u00f9 differenziamo e pi\u00f9 paghiamo?<\/span><\/em><\/p>\n\n\t\t\t<style type='text\/css'>\n\t\t\t\t#gallery-1 {\n\t\t\t\t\tmargin: auto;\n\t\t\t\t}\n\t\t\t\t#gallery-1 .gallery-item {\n\t\t\t\t\tfloat: left;\n\t\t\t\t\tmargin-top: 10px;\n\t\t\t\t\ttext-align: center;\n\t\t\t\t\twidth: 50%;\n\t\t\t\t}\n\t\t\t\t#gallery-1 img {\n\t\t\t\t\tborder: 2px solid #cfcfcf;\n\t\t\t\t}\n\t\t\t\t#gallery-1 .gallery-caption {\n\t\t\t\t\tmargin-left: 0;\n\t\t\t\t}\n\t\t\t\t\/* see gallery_shortcode() in wp-includes\/media.php *\/\n\t\t\t<\/style>\n\t\t<div id='gallery-1' class='dt-gallery-container gallery galleryid-326808 gallery-columns-2 gallery-size-full'><dl class='gallery-item'>\n\t\t\t\t<dt class='gallery-icon landscape'>\n\t\t\t\t\t<a class=\"rollover rollover-zoom dt-pswp-item\" title=\"dav\" data-dt-img-description=\"\" data-large_image_width=\"744\" data-large_image_height=\"447\"href='https:\/\/www.radiopiu.net\/wordpress\/wp-content\/uploads\/2023\/03\/333376266_3404025199837380_2285690833473581008_n-1.jpg'><img loading=\"lazy\" decoding=\"async\" width=\"744\" height=\"447\" src=\"https:\/\/www.radiopiu.net\/wordpress\/wp-content\/uploads\/2023\/03\/333376266_3404025199837380_2285690833473581008_n-1.jpg\" class=\"attachment-full size-full\" alt=\"\" aria-describedby=\"gallery-1-326950\" srcset=\"https:\/\/www.radiopiu.net\/wordpress\/wp-content\/uploads\/2023\/03\/333376266_3404025199837380_2285690833473581008_n-1.jpg 744w, https:\/\/www.radiopiu.net\/wordpress\/wp-content\/uploads\/2023\/03\/333376266_3404025199837380_2285690833473581008_n-1-300x180.jpg 300w\" sizes=\"auto, (max-width: 744px) 100vw, 744px\" \/><\/a>\n\t\t\t\t<\/dt>\n\t\t\t\t\t<dd class='wp-caption-text gallery-caption' id='gallery-1-326950'>\n\t\t\t\t\t 2023\n\t\t\t\t\t<\/dd><\/dl><dl class='gallery-item'>\n\t\t\t\t<dt class='gallery-icon landscape'>\n\t\t\t\t\t<a class=\"rollover rollover-zoom dt-pswp-item\" title=\"dav\" data-dt-img-description=\"\" data-large_image_width=\"744\" data-large_image_height=\"452\"href='https:\/\/www.radiopiu.net\/wordpress\/wp-content\/uploads\/2023\/03\/333389727_140269682310178_1119962226566954245_n-1.jpg'><img loading=\"lazy\" decoding=\"async\" width=\"744\" height=\"452\" src=\"https:\/\/www.radiopiu.net\/wordpress\/wp-content\/uploads\/2023\/03\/333389727_140269682310178_1119962226566954245_n-1.jpg\" class=\"attachment-full size-full\" alt=\"\" aria-describedby=\"gallery-1-326951\" srcset=\"https:\/\/www.radiopiu.net\/wordpress\/wp-content\/uploads\/2023\/03\/333389727_140269682310178_1119962226566954245_n-1.jpg 744w, https:\/\/www.radiopiu.net\/wordpress\/wp-content\/uploads\/2023\/03\/333389727_140269682310178_1119962226566954245_n-1-300x182.jpg 300w\" sizes=\"auto, (max-width: 744px) 100vw, 744px\" \/><\/a>\n\t\t\t\t<\/dt>\n\t\t\t\t\t<dd class='wp-caption-text gallery-caption' id='gallery-1-326951'>\n\t\t\t\t\t2022\n\t\t\t\t\t<\/dd><\/dl><br style=\"clear: both\" \/>\n\t\t\t<\/div>\n<\/blockquote>\n<p>&nbsp;<\/p>\n<hr \/>\n<p><img loading=\"lazy\" decoding=\"async\" class=\"alignleft\" src=\"https:\/\/www.radiopiu.net\/wordpress\/wp-content\/uploads\/2021\/07\/273f8743-ec07-4c22-b83f-ee6201abb7e4.jpg\" width=\"83\" height=\"104\" \/><\/p>\n<blockquote>\n<h3>LA STAGIONE DELLE CANNE FUMARIE, POMPIERI A CENCENIGHE E VALLADA<\/h3>\n<\/blockquote>\n<p><strong>REDAZIONE<\/strong> Due interventi in poche ore per i vigili del fuoco di Agordo, da Toffol\u00a0 di Vallada a Lorenzon di Cencenighe. L&#8217;allarme per un principio d&#8217;incendio alla canna fumaria. Danni limitati. I pompieri hanno provveduto a spegnere le fiamme, pulire e verificare la canna fumaria, sia a Vallada che Cencenighe oltre due ore di impegno.<\/p>\n<p>&nbsp;<\/p>\n<hr \/>\n<p>&nbsp;<\/p>\n<blockquote>\n<h3>ROSETTA, DONNA AMOREVOLE. DOMANI I FUNERALI NELLA CHIESA DI LORETO<\/h3>\n<\/blockquote>\n<p>di Brunella Moro<\/p>\n<p><strong>BELLUNO<\/strong> Nella notte di mercoled\u00ec 14 si \u00e8 spenta Rosetta Ampezzan moglie devota di Luigi De Pra , noto imprenditore bellunese , mancato a sua volta qualche anno fa. Dalla loro unione sono nati sette figli e 15 nipoti Madre amorevole e nonna indimenticabile, ora splende nella luce insieme al suo amatissimo sposo. I funerali sabato 18 alle 9.30 nella chiesa di Loreto a Belluno.<\/p>\n<p>Rosetta lascia i figlia Mariagrazia, Vinicio, Alessandra, Massimo, Catia e Stefano. I nipoti Lorella, Caterina, Gloria, Anna, Sara, Nicoletta, Ilaria, Giovanni, Agostino, Simone, Sofia, Michele, Giulia, Marco e Riccardo.<\/p>\n<p><a class=\"dt-pswp-item\" href=\"https:\/\/www.radiopiu.net\/wordpress\/wp-content\/uploads\/2023\/03\/Senza-nome-55.jpg\" data-dt-img-description=\"\" data-large_image_width=\"213\" data-large_image_height=\"278\"><img loading=\"lazy\" decoding=\"async\" class=\"alignnone size-full wp-image-326929\" src=\"https:\/\/www.radiopiu.net\/wordpress\/wp-content\/uploads\/2023\/03\/Senza-nome-55.jpg\" alt=\"\" width=\"213\" height=\"278\" \/><\/a><\/p>\n<hr \/>\n<p>&nbsp;<\/p>\n<blockquote>\n<h3>L&#8217;ULTIMO VIAGGIO DI ANGELO MAROLDO<\/h3>\n<\/blockquote>\n<p><strong>AURONZO<\/strong> E&#8217; mancato Angelo Maroldo. Centouno anni (ma ne avrebbe compiuti 102 il 12 aprile), era ospite alla casa di riposo Beata Gaetana Sterni dalla fine degli anni Novanta.\u00a0 Angelo Maroldo durante la seconda guerra mondiale \u00e8 stato in Jugoslavia e poi deportato in Polonia dove il 6 marzo del 1945 venne liberato dall&#8217;armata russa dal lager nazista.\u00a0 L&#8217;ultimo saluto ad Angelo Maroldo si terr\u00e0 domani alle ore 10. 30 nella chiesa parrocchiale<\/p>\n<p><a class=\"dt-pswp-item\" href=\"https:\/\/www.radiopiu.net\/wordpress\/wp-content\/uploads\/2023\/03\/Senza-nome-56.jpg\" data-dt-img-description=\"\" data-large_image_width=\"290\" data-large_image_height=\"283\"><img loading=\"lazy\" decoding=\"async\" class=\"alignnone size-full wp-image-326932\" src=\"https:\/\/www.radiopiu.net\/wordpress\/wp-content\/uploads\/2023\/03\/Senza-nome-56.jpg\" alt=\"\" width=\"290\" height=\"283\" \/><\/a><\/p>\n<p>&nbsp;<\/p>\n<hr \/>\n<p>&nbsp;<\/p>\n<blockquote>\n<h3>&#8220;TI AUGURO DOLORE E MORTE&#8221;. ANZIANA A PROCESSO<\/h3>\n<\/blockquote>\n<p><strong>OGGI SUL CORRIERE DELLE ALPI<\/strong><\/p>\n<p><strong>DI GIGI SOSSO<\/strong><\/p>\n<p><strong><img loading=\"lazy\" decoding=\"async\" class=\"alignleft\" src=\"https:\/\/www.radiopiu.net\/wordpress\/wp-content\/uploads\/2023\/03\/hand-2906425__340.jpg\" width=\"219\" height=\"146\" \/>BELLUNO<\/strong> \u00abTi venisse un tumore\u00bb o \u00abMorirai prima di me\u00bb o ancora \u00abTe la far\u00f2 pagare\u00bb. Un&#8217;anziana, ormai ultraottantenne, non perdeva occasione per augurare una morte veloce e dolorosa a un vicino di casa, che magari non le stava simpatico, ma fino a prova contraria non le aveva fatto niente di male. Anzi, le ha sempre portato il dovuto rispetto e non pensava di meritare un simile trattamento. L&#8217;uomo, che potrebbe essere senz&#8217;altro suo figlio considerata la notevole differenza di et\u00e0, non era libero di uscire sulla terrazza o passeggiare davanti alla propria abitazione, perch\u00e9 tutte le volte che lo faceva veniva automaticamente travolto da una serie di insolenze&#8230;.Oltre ai carabinieri, che hanno inviato alla Procura della Repubblica di Belluno una notizia di reato di minaccia semplice, l&#8217;uomo ha interessato anche le istituzioni competenti. Allo stato dei fatti, la competenza sul processo \u00e8 del giudice di pace, che in via preliminare tenter\u00e0 una conciliazione per niente semplice. Si potrebbe andare al dibattimento, salvo perizie psichiatriche che decretino la non punibilit\u00e0 dell&#8217;imputata.<\/p>\n<p>&nbsp;<\/p>\n<p>&nbsp;<\/p>\n<hr \/>\n<p>&nbsp;<\/p>\n<blockquote>\n<h3>SPECIALE BOSTRICO TIPOGRAFO, IERI IL CONVEGNO AD AGORDO IN DIRETTA SUI CANALI DI RADIO PIU<\/h3>\n<\/blockquote>\n<p><strong>VIDEO 1\u00a0<\/strong><\/p>\n<p>https:\/\/www.facebook.com\/marco.baghy.1\/videos\/573765301393434<\/p>\n<p><strong>VIDEO 2<\/strong><\/p>\n<p>https:\/\/www.facebook.com\/marco.baghy.1\/videos\/178955968228965<\/p>\n<blockquote class=\"wp-embedded-content\" data-secret=\"HmyDuI7HXS\"><p><a href=\"https:\/\/www.radiopiu.net\/wordpress\/a-proposito-di-bostrico-tipografo-ce-posta-per-la-regione\/\">A PROPOSITO DI BOSTRICO TIPOGRAFO&#8230; C&#8217;E&#8217; POSTA PER LA REGIONE<\/a><\/p><\/blockquote>\n<p><iframe loading=\"lazy\" class=\"wp-embedded-content\" sandbox=\"allow-scripts\" security=\"restricted\" style=\"position: absolute; clip: rect(1px, 1px, 1px, 1px);\" title=\"&#8220;A PROPOSITO DI BOSTRICO TIPOGRAFO&#8230; C&#8217;E&#8217; POSTA PER LA REGIONE&#8221; &#8212; Radio Pi\u00f9\" src=\"https:\/\/www.radiopiu.net\/wordpress\/a-proposito-di-bostrico-tipografo-ce-posta-per-la-regione\/embed\/#?secret=SI5teEyZqt#?secret=HmyDuI7HXS\" data-secret=\"HmyDuI7HXS\" width=\"600\" height=\"338\" frameborder=\"0\" marginwidth=\"0\" marginheight=\"0\" scrolling=\"no\"><\/iframe><\/p>\n<p>&nbsp;<\/p>\n<p>&nbsp;<\/p>\n<p>&nbsp;<\/p>\n<hr \/>\n<p>&nbsp;<\/p>\n<blockquote>\n<h3><strong>TURISMO LA MONTAGNA CRESCE E I NUMERI SONO VICINI AL PRE PANDEMIA<\/strong><\/h3>\n<\/blockquote>\n<p><strong><a class=\"dt-pswp-item\" href=\"https:\/\/www.radiopiu.net\/wordpress\/wp-content\/uploads\/2023\/03\/ti-comunicazione_-ski-area-san-pellegrino-1024x683-1.jpg\" data-dt-img-description=\"\" data-large_image_width=\"1024\" data-large_image_height=\"683\"><img loading=\"lazy\" decoding=\"async\" class=\"wp-image-324415 alignleft\" src=\"https:\/\/www.radiopiu.net\/wordpress\/wp-content\/uploads\/2023\/03\/ti-comunicazione_-ski-area-san-pellegrino-1024x683-1-300x200.jpg\" alt=\"\" width=\"200\" height=\"133\" srcset=\"https:\/\/www.radiopiu.net\/wordpress\/wp-content\/uploads\/2023\/03\/ti-comunicazione_-ski-area-san-pellegrino-1024x683-1-300x200.jpg 300w, https:\/\/www.radiopiu.net\/wordpress\/wp-content\/uploads\/2023\/03\/ti-comunicazione_-ski-area-san-pellegrino-1024x683-1-768x512.jpg 768w, https:\/\/www.radiopiu.net\/wordpress\/wp-content\/uploads\/2023\/03\/ti-comunicazione_-ski-area-san-pellegrino-1024x683-1.jpg 1024w\" sizes=\"auto, (max-width: 200px) 100vw, 200px\" \/><\/a>VENEZIA<\/strong>\u00a0 Sono dati positivi quelli degli arrivi e delle presenze nella montagna veneta,\u00a0 permettono di guardare con positivit\u00e0 al bilancio della stagione sciistica invernale. In attesa dei dati definitivi del primo trimestre 2023, nel solo mese di dicembre 2022 sono stati 76.426 gli arrivi nelle Dolomiti.\u00a0 <em>&#8220;Sono numeri che reggono il confronto con quelli raggiunti in pre-pandemia e ci indicano che stiamo andando nella direzione giusta, con lo sguardo puntato ai Giochi Olimpici e Paralimpici di Milano Cortina. <\/em>Lo dice il Presidente del Veneto, Luca Zaia Nel periodo preso in considerazione, il tasso di occupazione delle camere \u00e8 stato costantemente al di sopra rispetto al 2021 e nel confronto con il 2019 i dati eguagliano o superano i livelli pre-pandemici, con la sola eccezione delle ultime due settimane di febbraio, in cui si attestano leggermente al di sotto. Nel periodo tra le festivit\u00e0 natalizie<\/p>\n<p>&nbsp;<\/p>\n<p>&nbsp;<\/p>\n<hr \/>\n<p>&nbsp;<\/p>\n<p>&nbsp;<\/p>\n<blockquote>\n<h3><strong><img loading=\"lazy\" decoding=\"async\" class=\"alignleft\" src=\"https:\/\/www.radiopiu.net\/wordpress\/wp-content\/uploads\/2023\/03\/19f174d4-d5e7-4fbc-a3cf-da0e8db4cfd9.jpg\" width=\"222\" height=\"167\" \/><\/strong>RIQUALIFICAZIONE DELLA FONTANA DI PIAZZA DEI MARTIRI. CONSEGNATI I LAVORI FINANZIATI DA CORTINA BANCA<\/h3>\n<\/blockquote>\n<p><strong>BELLUNO<\/strong><\/p>\n<p><strong>DI MORENO GIOLI<\/strong><\/p>\n<audio class=\"wp-audio-shortcode\" id=\"audio-326808-1\" preload=\"none\" style=\"width: 100%;\" controls=\"controls\"><source type=\"audio\/mpeg\" src=\"https:\/\/www.radiopiu.net\/wordpress\/wp-content\/uploads\/2023\/03\/fontana-piazzza-martiri-DEF.mp3?_=1\" \/><a href=\"https:\/\/www.radiopiu.net\/wordpress\/wp-content\/uploads\/2023\/03\/fontana-piazzza-martiri-DEF.mp3\">https:\/\/www.radiopiu.net\/wordpress\/wp-content\/uploads\/2023\/03\/fontana-piazzza-martiri-DEF.mp3<\/a><\/audio>\n<p>&nbsp;<\/p>\n<p><strong>\u00a0 \u00a0<\/strong><\/p>\n<hr \/>\n<p>&nbsp;<\/p>\n<blockquote>\n<h3>BORGO PIAVE SOTTERRANEA<\/h3>\n<\/blockquote>\n<p><img loading=\"lazy\" decoding=\"async\" class=\"alignleft\" src=\"https:\/\/www.radiopiu.net\/wordpress\/wp-content\/uploads\/2023\/03\/38240b9f-ff38-4913-96c9-c0828c137a54.jpg\" width=\"201\" height=\"113\" \/><strong>BELLUNO<\/strong>\u00a0 Torna domenica a Belluno \u201cBorgo Piave sotterranea\u201d, con la visita al rifugio antiaereo di Via Alzaia, costruito nel 1944. Registrato il tutto esaurito, ma la speranza degli organizzatori \u00e8 quella di poter fare presto nuove aperture.<\/p>\n<p>&nbsp;<\/p>\n<p>&nbsp;<\/p>\n<p>DI DANIELE DALVIT<\/p>\n<audio class=\"wp-audio-shortcode\" id=\"audio-326808-2\" preload=\"none\" style=\"width: 100%;\" controls=\"controls\"><source type=\"audio\/mpeg\" src=\"https:\/\/www.radiopiu.net\/wordpress\/wp-content\/uploads\/2023\/03\/DANIELE-BORGOPIAVE.mp3?_=2\" \/><a href=\"https:\/\/www.radiopiu.net\/wordpress\/wp-content\/uploads\/2023\/03\/DANIELE-BORGOPIAVE.mp3\">https:\/\/www.radiopiu.net\/wordpress\/wp-content\/uploads\/2023\/03\/DANIELE-BORGOPIAVE.mp3<\/a><\/audio>\n<p><a class=\"dt-pswp-item\" href=\"https:\/\/www.radiopiu.net\/wordpress\/wp-content\/uploads\/2023\/03\/3b8674d0-c4fd-4842-a888-c0f2be5a5565.jpg\" data-dt-img-description=\"\" data-large_image_width=\"1600\" data-large_image_height=\"900\"><img loading=\"lazy\" decoding=\"async\" class=\"size-medium wp-image-326905 aligncenter\" src=\"https:\/\/www.radiopiu.net\/wordpress\/wp-content\/uploads\/2023\/03\/3b8674d0-c4fd-4842-a888-c0f2be5a5565-300x169.jpg\" alt=\"\" width=\"300\" height=\"169\" srcset=\"https:\/\/www.radiopiu.net\/wordpress\/wp-content\/uploads\/2023\/03\/3b8674d0-c4fd-4842-a888-c0f2be5a5565-300x169.jpg 300w, https:\/\/www.radiopiu.net\/wordpress\/wp-content\/uploads\/2023\/03\/3b8674d0-c4fd-4842-a888-c0f2be5a5565-1024x576.jpg 1024w, https:\/\/www.radiopiu.net\/wordpress\/wp-content\/uploads\/2023\/03\/3b8674d0-c4fd-4842-a888-c0f2be5a5565-768x432.jpg 768w, https:\/\/www.radiopiu.net\/wordpress\/wp-content\/uploads\/2023\/03\/3b8674d0-c4fd-4842-a888-c0f2be5a5565-1536x864.jpg 1536w, https:\/\/www.radiopiu.net\/wordpress\/wp-content\/uploads\/2023\/03\/3b8674d0-c4fd-4842-a888-c0f2be5a5565.jpg 1600w\" sizes=\"auto, (max-width: 300px) 100vw, 300px\" \/><\/a><\/p>\n<p><strong>LA TESTIMONIANZA<\/strong> A raccontare la storia del rifugio antiaereo di Via Alzaia non ci sono solo gli studiosi, ma anche chi in quella galleria si \u00e8 messo in salvo dalle bombe. Abbiamo raccolto la testimonianza di Giuseppe Marchetti.<\/p>\n<audio class=\"wp-audio-shortcode\" id=\"audio-326808-3\" preload=\"none\" style=\"width: 100%;\" controls=\"controls\"><source type=\"audio\/mpeg\" src=\"https:\/\/www.radiopiu.net\/wordpress\/wp-content\/uploads\/2023\/03\/DANIELE-TESTIMONIANZA.mp3?_=3\" \/><a href=\"https:\/\/www.radiopiu.net\/wordpress\/wp-content\/uploads\/2023\/03\/DANIELE-TESTIMONIANZA.mp3\">https:\/\/www.radiopiu.net\/wordpress\/wp-content\/uploads\/2023\/03\/DANIELE-TESTIMONIANZA.mp3<\/a><\/audio>\n<p>&nbsp;<\/p>\n<p>&nbsp;<\/p>\n<hr \/>\n<p>&nbsp;<\/p>\n<blockquote>\n<h3>CURA DEL VERDE: LUNEDI LA BONIFICA AL PARCO DELLA STAZIONE SU ORDINE DELLA REGIONE<\/h3>\n<\/blockquote>\n<p><strong>BELLUNO<\/strong> Intervento con la ditta specializzata ai platani del Parco dell\u2019Artigliere da Montagna in via Giovanni De Min luned\u00ec mattina: due piante sono risultate infette e la Regione Veneto ne ha ordinato l\u2019abbattimento per preservare gli alberi attorno ed evitare che la malattia si estenda con gravi conseguenze per tutta l\u2019area verde.\u00a0 Il materiale infetto sar\u00e0 portata in discarica in Cadore e l\u00ec bruciato e tutta l\u2019area interessata dagli abbattimenti dovr\u00e0 essere disinfettata.<\/p>\n<p><strong>L&#8217;ASSESSORE LORENZA DE KUNOVICH<\/strong><\/p>\n<p><iframe loading=\"lazy\" title=\"IMG 2093\" width=\"1200\" height=\"675\" src=\"https:\/\/www.youtube.com\/embed\/RDCydPOhfmQ?feature=oembed\" frameborder=\"0\" allow=\"accelerometer; autoplay; clipboard-write; encrypted-media; gyroscope; picture-in-picture; web-share\" allowfullscreen><\/iframe><\/p>\n<p>&nbsp;<\/p>\n<hr \/>\n<p>&nbsp;<\/p>\n<blockquote>\n<h3>EX COLONIA ENI, PER PADRIN IL PATRIMONIO VA RECUPERATO<\/h3>\n<\/blockquote>\n<p><em>La Provincia chiede \u00a0un aiuto alla Regione Veneto per aggiornare la mappa del rischio<\/em>.<\/p>\n<p><strong><a class=\"dt-pswp-item\" href=\"https:\/\/www.radiopiu.net\/wordpress\/wp-content\/uploads\/2023\/03\/th-11.jpg\" data-dt-img-description=\"\" data-large_image_width=\"474\" data-large_image_height=\"355\"><img loading=\"lazy\" decoding=\"async\" class=\" wp-image-326427 alignleft\" src=\"https:\/\/www.radiopiu.net\/wordpress\/wp-content\/uploads\/2023\/03\/th-11-300x225.jpg\" alt=\"\" width=\"227\" height=\"170\" srcset=\"https:\/\/www.radiopiu.net\/wordpress\/wp-content\/uploads\/2023\/03\/th-11-300x225.jpg 300w, https:\/\/www.radiopiu.net\/wordpress\/wp-content\/uploads\/2023\/03\/th-11.jpg 474w\" sizes=\"auto, (max-width: 227px) 100vw, 227px\" \/><\/a>BELLUNO\u00a0<\/strong> <em>\u00abLa rigenerazione dell\u2019ex colonia Eni di Borca di Cadore \u00e8 uno degli obiettivi del territorio non solo dell\u2019ente Provincia,\u00a0 oltre le<\/em>\u00a0<em>Olimpiadi\u00a0 vanno\u00a0 vagliate altre strade&#8221;<\/em>\u00a0 \u00c8 quanto afferma il presidente della Provincia di Belluno Roberto Padrin, dopo che il Comune di Borca e l\u2019amministrazione provinciale hanno riproposto l\u2019idea &#8211; gi\u00e0 avanzata nel 2019 e nel 2020 &#8211; di recuperare la vecchia struttura pensata da Enrico Mattei e realizzata da Edoardo Gellner per ospitare i figli dei dipendenti Eni. La Provincia ha realizzato negli ultimi anni un importante sistema di mitigazione del rischio, con l\u2019allontanamento della parte liquida di colata dalla parte solida, e con una briglia selettiva di tipologia \u201cSabo Dam\u201d. <em>\u00abUn intervento imponente, a cui dovr\u00e0 seguire un secondo stralcio, per realizzare una seconda briglia\u00bb<\/em> spiega il consigliere provinciale delegato alla Difesa del Suolo, Mattia Gosetti.<\/p>\n<p>&nbsp;<\/p>\n<hr \/>\n<p>&nbsp;<\/p>\n<blockquote>\n<h3>PULIZIA DEGLI ALVEI POSSIBILE, C&#8217;E&#8217; IL DECRETO LEGNA\u00a0<b><\/b><\/h3>\n<\/blockquote>\n<div class=\"x_elementToProof x_ContentPasted0 elementToProof\">\n<div><a class=\"dt-pswp-item\" href=\"https:\/\/www.radiopiu.net\/wordpress\/wp-content\/uploads\/2023\/03\/decarlo-conf-stampa.jpg\" data-dt-img-description=\"\" data-large_image_width=\"1600\" data-large_image_height=\"1200\"><img loading=\"lazy\" decoding=\"async\" class=\"size-medium wp-image-326892 alignleft\" src=\"https:\/\/www.radiopiu.net\/wordpress\/wp-content\/uploads\/2023\/03\/decarlo-conf-stampa-300x225.jpg\" alt=\"\" width=\"300\" height=\"225\" srcset=\"https:\/\/www.radiopiu.net\/wordpress\/wp-content\/uploads\/2023\/03\/decarlo-conf-stampa-300x225.jpg 300w, https:\/\/www.radiopiu.net\/wordpress\/wp-content\/uploads\/2023\/03\/decarlo-conf-stampa-1024x768.jpg 1024w, https:\/\/www.radiopiu.net\/wordpress\/wp-content\/uploads\/2023\/03\/decarlo-conf-stampa-768x576.jpg 768w, https:\/\/www.radiopiu.net\/wordpress\/wp-content\/uploads\/2023\/03\/decarlo-conf-stampa-1536x1152.jpg 1536w, https:\/\/www.radiopiu.net\/wordpress\/wp-content\/uploads\/2023\/03\/decarlo-conf-stampa.jpg 1600w\" sizes=\"auto, (max-width: 300px) 100vw, 300px\" \/><\/a><strong>ROMA<\/strong>\u00a0Presentato il \u201cDecreto Legna\u201d, il provvedimento del Ministero dell&#8217;agricoltura, della sovranit\u00e0 alimentare e delle foreste che \u2013 grazie all&#8217;utilizzo di un fondo da 500mila euro annui \u2013 consente e sostiene la raccolta del legname depositato naturalmente nell&#8217;alveo di fiumi, torrenti, su sponde di laghi e fiumi e sulla battigia del mare da parte di imprenditori agricoli e forestali e di organizzazioni e associazioni che li coinvolgano. Il Senatore Luca De Carlo: <em>\u00a0\u201cLo dico soprattutto da sindaco, che dal 2009 ha visto sul suo territorio tempeste e alluvioni, fino al passaggio di Vaia: con questo decreto ritorna finalmente il buon senso e la cultura rurale montana, che per anni sono state seppellite da norme burocratiche. Sembra infatti incredibile che fino ad oggi la pulizia degli alvei del mondo agricolo e forestale non fosse possibile, e anzi in molti sono stati oggetto di sanzioni per aver effettuato queste operazioni. Con questo provvedimento, andiamo ad incentivare gli agricoltori a riprendere in mano quello che storicamente e in silenzio, senza chiedere in cambio nulla, hanno sempre fatto, prima che questo diventasse motivo di multe e denunce<\/em>.\u00a0Il decreto\u00a0 vedr\u00e0 dare priorit\u00e0 ai progetti di impiego della biomassa legnosa nella filiera corta .<\/div>\n<\/div>\n<div class=\"x_elementToProof x_ContentPasted0 elementToProof\"><\/div>\n<div class=\"x_elementToProof x_ContentPasted0 elementToProof\"><\/div>\n<div>\n<hr \/>\n<\/div>\n<blockquote>\n<h3>\u00a0SUPERBONUS, CONFARTIGIANATO CHIEDE DI SBLOCCARE I CREDITI INCAGLIATI<\/h3>\n<\/blockquote>\n<div><strong>BELLUNO<\/strong> Superbonus e incentivi edilizi continuano a preoccupare le imprese. Il decreto del 16 febbraio scorso ha modificato ulteriormente il meccanismo di cessione dei crediti, mettendo in difficolt\u00e0 le imprese che stanno lavorando su interventi gi\u00e0 avviati o programmati. Per sollevare ancora una volta l\u2019attenzione sul problema, il Sistema Confartigianato Veneto si \u00e8 mobilitato e, di concerto con Confartigianato nazionale e ANAEPA, ha inviato oggi una lettera al presidente della Regione Veneto Luca Zaia, mentre l\u2019associazione territoriale ha fatto recapitare lo stesso messaggio alla Prefettura di Belluno e al presidente della Provincia. La lettera si propone come obiettivo un\u2019opera di moral susasion. E avanza diverse richieste, ma propone anche \u00a0al prefetto di Belluno e al presidente della Provincia un incontro<\/div>\n<div><\/div>\n<div>\n<hr \/>\n<\/div>\n<div>\n<blockquote>\n<h3>DA LUNEDI CHIUSURE DELLA 51 A LONGARONE<\/h3>\n<\/blockquote>\n<p><b><img loading=\"lazy\" decoding=\"async\" class=\"alignleft\" src=\"https:\/\/www.radiopiu.net\/wordpress\/wp-content\/uploads\/2022\/07\/ANAS_la-strada-non-posacenere-1920x1080-1.jpg\" width=\"225\" height=\"126\" \/>VENEZIA\u00a0 <\/b>Sulla strada statale 51 \u201cdi Alemagna\u201d, a partire da luned\u00ec 20 marzo saranno avviati gli interventi di riqualificazione di un cavalcaferrovia situato all\u2019altezza di Longarone. Per consentire l\u2019esecuzione degli interventi sar\u00e0 istituita la chiusura del traffico della corsia in direzione Cortina, per una lunghezza di circa 4 km, con deviazione sulla viabilit\u00e0 comunale sui percorsi gi\u00e0 attivati in passato, mediante transito in zona industriale e sulla via Uberti. In direzione Venezia il traffico non subir\u00e0 invece alcuna limitazione. Questa fase dei lavori sar\u00e0 attiva fino a luglio 2023.<\/p>\n<blockquote><p><em>I lavori, del valore complessivo di circa 4 milioni di euro, riguardano la sostituzione dell\u2019impalcato del cavalcaferrovia e fanno parte del pi\u00f9 ampio piano avviato da Anas per la riqualificazione strutturale della statale 51.\u00a0\u00a0<\/em><\/p>\n<p>&nbsp;<\/p><\/blockquote>\n<\/div>\n<div><\/div>\n<p>&nbsp;<\/p>\n<hr \/>\n<p>&nbsp;<\/p>\n<blockquote>\n<h3>FELTRINO: DAL 1\u00b0 APRILE PARTE IL NUOVO SISTEMA DI GESTIONE DEI RIFIUTI CON VALPE AMBIENTE<\/h3>\n<\/blockquote>\n<p><strong><a class=\"dt-pswp-item\" href=\"https:\/\/www.radiopiu.net\/wordpress\/wp-content\/uploads\/2021\/10\/VALPE.png\" data-dt-img-description=\"\" data-large_image_width=\"800\" data-large_image_height=\"400\"><img loading=\"lazy\" decoding=\"async\" class=\" wp-image-236977 alignleft\" src=\"https:\/\/www.radiopiu.net\/wordpress\/wp-content\/uploads\/2021\/10\/VALPE-300x150.png\" alt=\"\" width=\"204\" height=\"102\" srcset=\"https:\/\/www.radiopiu.net\/wordpress\/wp-content\/uploads\/2021\/10\/VALPE-300x150.png 300w, https:\/\/www.radiopiu.net\/wordpress\/wp-content\/uploads\/2021\/10\/VALPE-768x384.png 768w, https:\/\/www.radiopiu.net\/wordpress\/wp-content\/uploads\/2021\/10\/VALPE.png 800w\" sizes=\"auto, (max-width: 204px) 100vw, 204px\" \/><\/a>FELTRE<\/strong> Dal 1\u00b0 aprile prende avvio il nuovo sistema di gestione dei rifiuti in 7 Comuni del territorio feltrino. Tutte le indicazioni sono contenute nel materiale informativo consegnato dagli addetti alla distribuzione e sono consultabili anche alla pagina \u201cAvvio porta a porta nel feltrino\u201d del sito valpeambiente.it. Per illustrare il nuovo sistema e fornire tutte le indicazioni necessarie, sono state programmate delle serate informative, distribuite sul territorio.<\/p>\n<p>&nbsp;<\/p>\n<hr \/>\n<p>&nbsp;<\/p>\n<p><strong>DI TIZIANO DE COL<\/strong><\/p>\n\n\t\t\t<style type='text\/css'>\n\t\t\t\t#gallery-2 {\n\t\t\t\t\tmargin: auto;\n\t\t\t\t}\n\t\t\t\t#gallery-2 .gallery-item {\n\t\t\t\t\tfloat: left;\n\t\t\t\t\tmargin-top: 10px;\n\t\t\t\t\ttext-align: center;\n\t\t\t\t\twidth: 20%;\n\t\t\t\t}\n\t\t\t\t#gallery-2 img {\n\t\t\t\t\tborder: 2px solid #cfcfcf;\n\t\t\t\t}\n\t\t\t\t#gallery-2 .gallery-caption {\n\t\t\t\t\tmargin-left: 0;\n\t\t\t\t}\n\t\t\t\t\/* see gallery_shortcode() in wp-includes\/media.php *\/\n\t\t\t<\/style>\n\t\t<div id='gallery-2' class='dt-gallery-container gallery galleryid-326808 gallery-columns-5 gallery-size-medium'><dl class='gallery-item'>\n\t\t\t\t<dt class='gallery-icon landscape'>\n\t\t\t\t\t<a class=\"rollover rollover-zoom dt-pswp-item\" title=\"356e3582-6fec-48e5-a022-0599845d7f4b\" data-dt-img-description=\"\" data-large_image_width=\"607\" data-large_image_height=\"358\"href='https:\/\/www.radiopiu.net\/wordpress\/wp-content\/uploads\/2023\/03\/356e3582-6fec-48e5-a022-0599845d7f4b.jpg'><img loading=\"lazy\" decoding=\"async\" width=\"300\" height=\"177\" src=\"https:\/\/www.radiopiu.net\/wordpress\/wp-content\/uploads\/2023\/03\/356e3582-6fec-48e5-a022-0599845d7f4b-300x177.jpg\" class=\"attachment-medium size-medium\" alt=\"\" srcset=\"https:\/\/www.radiopiu.net\/wordpress\/wp-content\/uploads\/2023\/03\/356e3582-6fec-48e5-a022-0599845d7f4b-300x177.jpg 300w, https:\/\/www.radiopiu.net\/wordpress\/wp-content\/uploads\/2023\/03\/356e3582-6fec-48e5-a022-0599845d7f4b.jpg 607w\" sizes=\"auto, (max-width: 300px) 100vw, 300px\" \/><\/a>\n\t\t\t\t<\/dt><\/dl><dl class='gallery-item'>\n\t\t\t\t<dt class='gallery-icon landscape'>\n\t\t\t\t\t<a class=\"rollover rollover-zoom dt-pswp-item\" title=\"a3704918-87ba-46f5-bc43-95101af8cb66\" data-dt-img-description=\"\" data-large_image_width=\"618\" data-large_image_height=\"354\"href='https:\/\/www.radiopiu.net\/wordpress\/wp-content\/uploads\/2023\/03\/a3704918-87ba-46f5-bc43-95101af8cb66.jpg'><img loading=\"lazy\" decoding=\"async\" width=\"300\" height=\"172\" src=\"https:\/\/www.radiopiu.net\/wordpress\/wp-content\/uploads\/2023\/03\/a3704918-87ba-46f5-bc43-95101af8cb66-300x172.jpg\" class=\"attachment-medium size-medium\" alt=\"\" srcset=\"https:\/\/www.radiopiu.net\/wordpress\/wp-content\/uploads\/2023\/03\/a3704918-87ba-46f5-bc43-95101af8cb66-300x172.jpg 300w, https:\/\/www.radiopiu.net\/wordpress\/wp-content\/uploads\/2023\/03\/a3704918-87ba-46f5-bc43-95101af8cb66.jpg 618w\" sizes=\"auto, (max-width: 300px) 100vw, 300px\" \/><\/a>\n\t\t\t\t<\/dt><\/dl><dl class='gallery-item'>\n\t\t\t\t<dt class='gallery-icon landscape'>\n\t\t\t\t\t<a class=\"rollover rollover-zoom dt-pswp-item\" title=\"05cd80b9-2a72-4285-9077-a7814094a246\" data-dt-img-description=\"\" data-large_image_width=\"598\" data-large_image_height=\"352\"href='https:\/\/www.radiopiu.net\/wordpress\/wp-content\/uploads\/2023\/03\/05cd80b9-2a72-4285-9077-a7814094a246.jpg'><img loading=\"lazy\" decoding=\"async\" width=\"300\" height=\"177\" src=\"https:\/\/www.radiopiu.net\/wordpress\/wp-content\/uploads\/2023\/03\/05cd80b9-2a72-4285-9077-a7814094a246-300x177.jpg\" class=\"attachment-medium size-medium\" alt=\"\" srcset=\"https:\/\/www.radiopiu.net\/wordpress\/wp-content\/uploads\/2023\/03\/05cd80b9-2a72-4285-9077-a7814094a246-300x177.jpg 300w, https:\/\/www.radiopiu.net\/wordpress\/wp-content\/uploads\/2023\/03\/05cd80b9-2a72-4285-9077-a7814094a246.jpg 598w\" sizes=\"auto, (max-width: 300px) 100vw, 300px\" \/><\/a>\n\t\t\t\t<\/dt><\/dl><dl class='gallery-item'>\n\t\t\t\t<dt class='gallery-icon landscape'>\n\t\t\t\t\t<a class=\"rollover rollover-zoom dt-pswp-item\" title=\"68d471c1-5ffe-4f8e-9e9a-f7ebb74ec6bd\" data-dt-img-description=\"\" data-large_image_width=\"594\" data-large_image_height=\"348\"href='https:\/\/www.radiopiu.net\/wordpress\/wp-content\/uploads\/2023\/03\/68d471c1-5ffe-4f8e-9e9a-f7ebb74ec6bd.jpg'><img loading=\"lazy\" decoding=\"async\" width=\"300\" height=\"176\" src=\"https:\/\/www.radiopiu.net\/wordpress\/wp-content\/uploads\/2023\/03\/68d471c1-5ffe-4f8e-9e9a-f7ebb74ec6bd-300x176.jpg\" class=\"attachment-medium size-medium\" alt=\"\" srcset=\"https:\/\/www.radiopiu.net\/wordpress\/wp-content\/uploads\/2023\/03\/68d471c1-5ffe-4f8e-9e9a-f7ebb74ec6bd-300x176.jpg 300w, https:\/\/www.radiopiu.net\/wordpress\/wp-content\/uploads\/2023\/03\/68d471c1-5ffe-4f8e-9e9a-f7ebb74ec6bd.jpg 594w\" sizes=\"auto, (max-width: 300px) 100vw, 300px\" \/><\/a>\n\t\t\t\t<\/dt><\/dl><dl class='gallery-item'>\n\t\t\t\t<dt class='gallery-icon landscape'>\n\t\t\t\t\t<a class=\"rollover rollover-zoom dt-pswp-item\" title=\"a3f858a9-c0ca-4ab5-bd8c-e117bcc5124c\" data-dt-img-description=\"\" data-large_image_width=\"616\" data-large_image_height=\"363\"href='https:\/\/www.radiopiu.net\/wordpress\/wp-content\/uploads\/2023\/03\/a3f858a9-c0ca-4ab5-bd8c-e117bcc5124c.jpg'><img loading=\"lazy\" decoding=\"async\" width=\"300\" height=\"177\" src=\"https:\/\/www.radiopiu.net\/wordpress\/wp-content\/uploads\/2023\/03\/a3f858a9-c0ca-4ab5-bd8c-e117bcc5124c-300x177.jpg\" class=\"attachment-medium size-medium\" alt=\"\" srcset=\"https:\/\/www.radiopiu.net\/wordpress\/wp-content\/uploads\/2023\/03\/a3f858a9-c0ca-4ab5-bd8c-e117bcc5124c-300x177.jpg 300w, https:\/\/www.radiopiu.net\/wordpress\/wp-content\/uploads\/2023\/03\/a3f858a9-c0ca-4ab5-bd8c-e117bcc5124c.jpg 616w\" sizes=\"auto, (max-width: 300px) 100vw, 300px\" \/><\/a>\n\t\t\t\t<\/dt><\/dl><br style=\"clear: both\" \/>\n\t\t\t<\/div>\n\n<p>&nbsp;<\/p>\n<hr \/>\n<p>&nbsp;<\/p>\n<blockquote>\n<h2>Open day ai corsi universitari attivi a Feltre<\/h2>\n<\/blockquote>\n<p><a class=\"dt-pswp-item\" href=\"https:\/\/www.radiopiu.net\/wordpress\/wp-content\/uploads\/2023\/03\/infermieristica-3-1.jpeg\" data-dt-img-description=\"\" data-large_image_width=\"1600\" data-large_image_height=\"870\"><img loading=\"lazy\" decoding=\"async\" class=\"size-medium wp-image-326734 alignleft\" src=\"https:\/\/www.radiopiu.net\/wordpress\/wp-content\/uploads\/2023\/03\/infermieristica-3-1-300x163.jpeg\" alt=\"\" width=\"300\" height=\"163\" srcset=\"https:\/\/www.radiopiu.net\/wordpress\/wp-content\/uploads\/2023\/03\/infermieristica-3-1-300x163.jpeg 300w, https:\/\/www.radiopiu.net\/wordpress\/wp-content\/uploads\/2023\/03\/infermieristica-3-1-1024x557.jpeg 1024w, https:\/\/www.radiopiu.net\/wordpress\/wp-content\/uploads\/2023\/03\/infermieristica-3-1-768x418.jpeg 768w, https:\/\/www.radiopiu.net\/wordpress\/wp-content\/uploads\/2023\/03\/infermieristica-3-1-1536x835.jpeg 1536w, https:\/\/www.radiopiu.net\/wordpress\/wp-content\/uploads\/2023\/03\/infermieristica-3-1.jpeg 1600w\" sizes=\"auto, (max-width: 300px) 100vw, 300px\" \/><\/a><strong>FELTRE<\/strong> La sede di Feltre dell\u2019Universit\u00e0 di Padova apre le porte agli studenti, aderendo all\u2019iniziativa \u201cScegli con noi\u201d promossa dall\u2019ateneo per presentare i corsi di laurea. Mercoled\u00ec 22 marzo dalle 15.00 alle 17.00 al Campus Tina Merlin di Feltre, le persone interessare ai corsi di laurea triennale in Infermieristica, in Tecniche della prevenzione negli ambienti di vita e di lavoro e al master in prevenzione ed emergenza in territorio montano e d\u2019alta quota potranno partecipare all\u2019open day.<em> \u00abInvitiamo gli studenti degli ultimi anni delle scuole superiori ad essere curiosi. Ci rivolgiamo anche alle persone che dopo altre esperienze lavorative vogliono conoscere una nuova prospettiva che offre un\u2019opportunit\u00e0 formativa\u00bb<\/em> commenta il direttore sanitario Maria Caterina De Marco.<\/p>\n<p>&nbsp;<\/p>\n<p>&nbsp;<\/p>\n<hr \/>\n<blockquote>\n<blockquote>\n<h3><\/h3>\n<h3>UN COLLAGE TRA GIRANDOLE DELL&#8217;INCLUSIONE<\/h3>\n<p><a class=\"dt-pswp-item\" href=\"https:\/\/www.radiopiu.net\/wordpress\/wp-content\/uploads\/2023\/03\/giornata-internazionale-della-sindrome-di-down.png\" data-dt-img-description=\"\" data-large_image_width=\"1587\" data-large_image_height=\"2245\"><img loading=\"lazy\" decoding=\"async\" class=\" wp-image-326395 alignleft\" src=\"https:\/\/www.radiopiu.net\/wordpress\/wp-content\/uploads\/2023\/03\/giornata-internazionale-della-sindrome-di-down-212x300.png\" alt=\"\" width=\"100\" height=\"142\" srcset=\"https:\/\/www.radiopiu.net\/wordpress\/wp-content\/uploads\/2023\/03\/giornata-internazionale-della-sindrome-di-down-212x300.png 212w, https:\/\/www.radiopiu.net\/wordpress\/wp-content\/uploads\/2023\/03\/giornata-internazionale-della-sindrome-di-down-724x1024.png 724w, https:\/\/www.radiopiu.net\/wordpress\/wp-content\/uploads\/2023\/03\/giornata-internazionale-della-sindrome-di-down-768x1086.png 768w, https:\/\/www.radiopiu.net\/wordpress\/wp-content\/uploads\/2023\/03\/giornata-internazionale-della-sindrome-di-down-1086x1536.png 1086w, https:\/\/www.radiopiu.net\/wordpress\/wp-content\/uploads\/2023\/03\/giornata-internazionale-della-sindrome-di-down-1448x2048.png 1448w, https:\/\/www.radiopiu.net\/wordpress\/wp-content\/uploads\/2023\/03\/giornata-internazionale-della-sindrome-di-down.png 1587w\" sizes=\"auto, (max-width: 100px) 100vw, 100px\" \/><\/a><\/p><\/blockquote>\n<p><strong>BELLUNO<\/strong> In occasione della Giornata Internazionale della Sindrome di Down, che ricorre il prossimo 21 marzo 2023, l\u2019Ulss Dolomiti, con i centri diurni di Pieve di Cadore, lancia l\u2019iniziativa \u201cFai girare l\u2019inclusione\u201d. Come partecipare? Crea una girandola, piccola o grande, colorata o in bianco e nero, con cartoncino, con il feltro, con materiali di recupero o con qualsiasi materiale; Esponila in giardino o al balcone; Scatta una foto, postala sui tuoi social con l\u2019#faigirarelinclusione e\/o inviala alla mail comunicazione@aulss1.veneto.it entro il 20 marzo 2023.\u00a0 Sar\u00e0 realizzato \u00a0un collage con le girandole dell\u2019inclusione che sar\u00e0 condiviso sui\u00a0 social.<\/p><\/blockquote>\n<p>&nbsp;<\/p>\n<p>&nbsp;<\/p>\n<hr \/>\n<p>&nbsp;<\/p>\n<blockquote>\n<blockquote>\n<h3>PIU&#8217; CONSAPEVOLI INSIEME<\/h3>\n<\/blockquote>\n<p><strong>BELLUNO<\/strong> \u00a0P.IB. Partite Iva Bellunesi e l&#8217;Associazione Consumatore informato hanno organizzato una serata informativa ad ingresso libero e gratuito su: &#8220;Tutela legale Energia Elettrica e Gas&#8221;, &#8220;Rapporti con le banche&#8221; e &#8220;Nuovi contratti in Rete&#8221;.\u00a0 Interverr\u00e0 l&#8217;avvocato Marco Bert\u00e8. Mercoled\u00ec 29 Marzo alle\u00a0 20.30 al Castello delle Zumelle a Mel. Per Info e prenotazioni Tel. 3512240481<\/p><\/blockquote>\n<p>&nbsp;<\/p>\n<p>&nbsp;<\/p>\n<hr \/>\n<p>&nbsp;<\/p>\n<blockquote>\n<h3>AL VIA LA 42ESIMA EDIZIONE DI AGRIMONT<\/h3>\n<\/blockquote>\n<p><strong><a class=\"dt-pswp-item\" href=\"https:\/\/www.radiopiu.net\/wordpress\/wp-content\/uploads\/2022\/03\/agrimont.jpg\" data-dt-img-description=\"\" data-large_image_width=\"975\" data-large_image_height=\"294\"><img loading=\"lazy\" decoding=\"async\" class=\" wp-image-266987 alignleft\" src=\"https:\/\/www.radiopiu.net\/wordpress\/wp-content\/uploads\/2022\/03\/agrimont-300x90.jpg\" alt=\"\" width=\"223\" height=\"67\" srcset=\"https:\/\/www.radiopiu.net\/wordpress\/wp-content\/uploads\/2022\/03\/agrimont-300x90.jpg 300w, https:\/\/www.radiopiu.net\/wordpress\/wp-content\/uploads\/2022\/03\/agrimont-768x232.jpg 768w, https:\/\/www.radiopiu.net\/wordpress\/wp-content\/uploads\/2022\/03\/agrimont.jpg 975w\" sizes=\"auto, (max-width: 223px) 100vw, 223px\" \/><\/a>LONGARONE <\/strong>Domani, prima del taglio del nastro della fiera, Agrimont entrer\u00e0 subito nel vivo con un approfondimento a cura delle categorie agricole, Coldiretti, Cia e Confagricoltura. A partire dalle 9.30, al Centro Congressi, verranno affrontati tutti gli aspetti tecnici dello strumento di programmazione comunitaria sul settore primario, che \u00e8 uno dei fattori determinanti del made in Italy agroalimentare e che per la montagna contiene misure fondamentali per lo sviluppo di un\u2019agricoltura che non sia per forza di sussistenza. Agrimont sar\u00e0 aperta nei giorni 18-19-24-25-26 marzo.<\/p>\n<p>&nbsp;<\/p>\n<hr \/>\n<p>&nbsp;<\/p>\n<blockquote>\n<h3>TASSA DI SOGGIORNO, PRONTO IL PIANO D&#8217;AZIONE DELL&#8217; UNIONE MONTANA FELTRINA<\/h3>\n<p><em> La sfida \u00e8 per il Feltrino importante, e corre lungo il percorso di un turismo sostenibile e lento<\/em><\/p><\/blockquote>\n<p><strong><a class=\"dt-pswp-item\" href=\"https:\/\/www.radiopiu.net\/wordpress\/wp-content\/uploads\/2023\/02\/Carnevale-a-Feltre-2023-scaled.jpg\" data-dt-img-description=\"\" data-large_image_width=\"2560\" data-large_image_height=\"1440\"><img loading=\"lazy\" decoding=\"async\" class=\" wp-image-323200 alignleft\" src=\"https:\/\/www.radiopiu.net\/wordpress\/wp-content\/uploads\/2023\/02\/Carnevale-a-Feltre-2023-300x169.jpg\" alt=\"\" width=\"263\" height=\"148\" srcset=\"https:\/\/www.radiopiu.net\/wordpress\/wp-content\/uploads\/2023\/02\/Carnevale-a-Feltre-2023-300x169.jpg 300w, https:\/\/www.radiopiu.net\/wordpress\/wp-content\/uploads\/2023\/02\/Carnevale-a-Feltre-2023-1024x576.jpg 1024w, https:\/\/www.radiopiu.net\/wordpress\/wp-content\/uploads\/2023\/02\/Carnevale-a-Feltre-2023-768x432.jpg 768w, https:\/\/www.radiopiu.net\/wordpress\/wp-content\/uploads\/2023\/02\/Carnevale-a-Feltre-2023-1536x864.jpg 1536w, https:\/\/www.radiopiu.net\/wordpress\/wp-content\/uploads\/2023\/02\/Carnevale-a-Feltre-2023-2048x1152.jpg 2048w\" sizes=\"auto, (max-width: 263px) 100vw, 263px\" \/><\/a>FELTRE<\/strong> Prende forma in queste settimane il piano d&#8217;azione dell&#8217;Unione Montana Feltrina per la promozione e lo sviluppo turistico del territorio, finanziato grazie alle risorse della tassa di soggiorno. Per l&#8217;anno appena conclusosi, l&#8217;introito complessivo \u00e8 stato pari a 128 mila euro, con un significativo incremento rispetto agli anni precedenti e con un ritorno a livelli superiori a quelli del periodo pre-pandemia.Tra le altre progettualit\u00e0 del 2023 anche\u00a0 il finanziamento, come in passato, dell&#8217;Ufficio Turistico di Piazza Maggiore e la riproposizione della rassegna di teatro di figura e arti di strada.<\/p>\n<p><strong>IL SINDACO DI SEREN DEL GRAPPA DARIO SCOPEL<\/strong><\/p>\n<audio class=\"wp-audio-shortcode\" id=\"audio-326808-4\" preload=\"none\" style=\"width: 100%;\" controls=\"controls\"><source type=\"audio\/mpeg\" src=\"https:\/\/www.radiopiu.net\/wordpress\/wp-content\/uploads\/2023\/03\/scopel.mp3?_=4\" \/><a href=\"https:\/\/www.radiopiu.net\/wordpress\/wp-content\/uploads\/2023\/03\/scopel.mp3\">https:\/\/www.radiopiu.net\/wordpress\/wp-content\/uploads\/2023\/03\/scopel.mp3<\/a><\/audio>\n<p>&nbsp;<\/p>\n<p>&nbsp;<\/p>\n<hr \/>\n<p>&nbsp;<\/p>\n<h2><span style=\"color: #ff0000;\">IERI ALLA RADIO<\/span><\/h2>\n<h2><span style=\"color: #3366ff;\">ENGLISH ON THE ROAD a cura di Magic Teacher Claudia e Stefano Campedel<\/span><\/h2>\n<p><strong><a class=\"dt-pswp-item\" href=\"https:\/\/www.radiopiu.net\/wordpress\/wp-content\/uploads\/2023\/03\/ENGLISH.png\" data-dt-img-description=\"\" data-large_image_width=\"468\" data-large_image_height=\"238\"><img loading=\"lazy\" decoding=\"async\" class=\" wp-image-326816 alignleft\" src=\"https:\/\/www.radiopiu.net\/wordpress\/wp-content\/uploads\/2023\/03\/ENGLISH-300x153.png\" alt=\"\" width=\"161\" height=\"82\" srcset=\"https:\/\/www.radiopiu.net\/wordpress\/wp-content\/uploads\/2023\/03\/ENGLISH-300x153.png 300w, https:\/\/www.radiopiu.net\/wordpress\/wp-content\/uploads\/2023\/03\/ENGLISH.png 468w\" sizes=\"auto, (max-width: 161px) 100vw, 161px\" \/><\/a>3 &#8211; PUNTATA AUDIO 16 MARZO 2023<\/strong><\/p>\n<audio class=\"wp-audio-shortcode\" id=\"audio-326808-5\" preload=\"none\" style=\"width: 100%;\" controls=\"controls\"><source type=\"audio\/mpeg\" src=\"https:\/\/www.radiopiu.net\/wordpress\/wp-content\/uploads\/2023\/03\/ENGLISH-PUNTATA-3.mp3?_=5\" \/><a href=\"https:\/\/www.radiopiu.net\/wordpress\/wp-content\/uploads\/2023\/03\/ENGLISH-PUNTATA-3.mp3\">https:\/\/www.radiopiu.net\/wordpress\/wp-content\/uploads\/2023\/03\/ENGLISH-PUNTATA-3.mp3<\/a><\/audio>\n<p>&nbsp;<\/p>\n<hr \/>\n<p>&nbsp;<\/p>\n<h2><span style=\"color: #808000;\">DEDICHE E RICHIESTE<\/span><\/h2>\n<blockquote>\n<h3>CON CARLO ZANON PER PARLARE DEL TROFEO 4 VALLI DI SKIALP<\/h3>\n<\/blockquote>\n<p><strong><a class=\"dt-pswp-item\" href=\"https:\/\/www.radiopiu.net\/wordpress\/wp-content\/uploads\/2023\/03\/CARLO-ZANON.png\" data-dt-img-description=\"\" data-large_image_width=\"337\" data-large_image_height=\"233\"><img loading=\"lazy\" decoding=\"async\" class=\" wp-image-326825 alignleft\" src=\"https:\/\/www.radiopiu.net\/wordpress\/wp-content\/uploads\/2023\/03\/CARLO-ZANON-300x207.png\" alt=\"\" width=\"158\" height=\"109\" srcset=\"https:\/\/www.radiopiu.net\/wordpress\/wp-content\/uploads\/2023\/03\/CARLO-ZANON-300x207.png 300w, https:\/\/www.radiopiu.net\/wordpress\/wp-content\/uploads\/2023\/03\/CARLO-ZANON.png 337w\" sizes=\"auto, (max-width: 158px) 100vw, 158px\" \/><\/a>REDAZIONE<\/strong> In &#8220;Dediche e Richieste&#8221;, il programma in diretta del mercoled\u00ec sera su Radio Pi\u00f9, tra i vari ospiti che sono intervenuti anche Carlo Zanon che ci ha parlato del Trofeo 4 Valli di skialp con l&#8217;ultima tappa che si \u00e8 svolta a Falcade con la Molino-Caverson. Un evento che ha richiamato gli appassionati dello sci alpinismo ma non solo.<\/p>\n<p><strong>CARLO ZANON<\/strong><\/p>\n<audio class=\"wp-audio-shortcode\" id=\"audio-326808-6\" preload=\"none\" style=\"width: 100%;\" controls=\"controls\"><source type=\"audio\/mpeg\" src=\"https:\/\/www.radiopiu.net\/wordpress\/wp-content\/uploads\/2023\/03\/CARLO-ZANON-1.mp3?_=6\" \/><a href=\"https:\/\/www.radiopiu.net\/wordpress\/wp-content\/uploads\/2023\/03\/CARLO-ZANON-1.mp3\">https:\/\/www.radiopiu.net\/wordpress\/wp-content\/uploads\/2023\/03\/CARLO-ZANON-1.mp3<\/a><\/audio>\n<p>&nbsp;<\/p>\n<blockquote>\n<h3>CON FABIO &#8220;RUFUS&#8221; BRISTOT NEL GIORNO DEL SUO COMPLEANNO<\/h3>\n<\/blockquote>\n<p><strong><a class=\"dt-pswp-item\" href=\"https:\/\/www.radiopiu.net\/wordpress\/wp-content\/uploads\/2023\/01\/FABIO-RUFUS-BRISTOT.jpg\" data-dt-img-description=\"\" data-large_image_width=\"724\" data-large_image_height=\"504\"><img loading=\"lazy\" decoding=\"async\" class=\" wp-image-318725 alignleft\" src=\"https:\/\/www.radiopiu.net\/wordpress\/wp-content\/uploads\/2023\/01\/FABIO-RUFUS-BRISTOT-300x209.jpg\" alt=\"\" width=\"149\" height=\"104\" srcset=\"https:\/\/www.radiopiu.net\/wordpress\/wp-content\/uploads\/2023\/01\/FABIO-RUFUS-BRISTOT-300x209.jpg 300w, https:\/\/www.radiopiu.net\/wordpress\/wp-content\/uploads\/2023\/01\/FABIO-RUFUS-BRISTOT.jpg 724w\" sizes=\"auto, (max-width: 149px) 100vw, 149px\" \/><\/a>REDAZIONE<\/strong> Come ogni mercoled\u00ec \u00e8 andata in onda la puntata serale di &#8220;Dediche e Richieste&#8221; con Mirko Mezzacasa, Moreno Tocchetto, Simonetta Tom\u00e8 e Marco Gaz. Tra gli ospiti telefonici della serata anche Fabio &#8220;Rufus&#8221; Bristot che festeggiava il suo compleanno. Una buona occasione per fare gli auguri in diretta ma anche per parlare di altri argomenti come l&#8217;elicottero del SUEM e il comune di Belluno.<\/p>\n<p><strong>FABIO &#8220;RUFUS&#8221; BRISTOT<\/strong><\/p>\n<audio class=\"wp-audio-shortcode\" id=\"audio-326808-7\" preload=\"none\" style=\"width: 100%;\" controls=\"controls\"><source type=\"audio\/mpeg\" src=\"https:\/\/www.radiopiu.net\/wordpress\/wp-content\/uploads\/2023\/03\/FABIO-RUFUS-BRISTOT.mp3?_=7\" \/><a href=\"https:\/\/www.radiopiu.net\/wordpress\/wp-content\/uploads\/2023\/03\/FABIO-RUFUS-BRISTOT.mp3\">https:\/\/www.radiopiu.net\/wordpress\/wp-content\/uploads\/2023\/03\/FABIO-RUFUS-BRISTOT.mp3<\/a><\/audio>\n<p>&nbsp;<\/p>\n<blockquote>\n<h3>CON MICHELA TORRE DAL RISTORO BELVEDERE CIMA FERTAZZA<\/h3>\n<\/blockquote>\n<p><strong><a class=\"dt-pswp-item\" href=\"https:\/\/www.radiopiu.net\/wordpress\/wp-content\/uploads\/2023\/03\/335609114_761611368537095_4455195542710905161_n.jpg\" data-dt-img-description=\"\" data-large_image_width=\"2000\" data-large_image_height=\"1333\"><img loading=\"lazy\" decoding=\"async\" class=\" wp-image-326848 alignleft\" src=\"https:\/\/www.radiopiu.net\/wordpress\/wp-content\/uploads\/2023\/03\/335609114_761611368537095_4455195542710905161_n-300x200.jpg\" alt=\"\" width=\"140\" height=\"93\" srcset=\"https:\/\/www.radiopiu.net\/wordpress\/wp-content\/uploads\/2023\/03\/335609114_761611368537095_4455195542710905161_n-300x200.jpg 300w, https:\/\/www.radiopiu.net\/wordpress\/wp-content\/uploads\/2023\/03\/335609114_761611368537095_4455195542710905161_n-1024x682.jpg 1024w, https:\/\/www.radiopiu.net\/wordpress\/wp-content\/uploads\/2023\/03\/335609114_761611368537095_4455195542710905161_n-768x512.jpg 768w, https:\/\/www.radiopiu.net\/wordpress\/wp-content\/uploads\/2023\/03\/335609114_761611368537095_4455195542710905161_n-1536x1024.jpg 1536w, https:\/\/www.radiopiu.net\/wordpress\/wp-content\/uploads\/2023\/03\/335609114_761611368537095_4455195542710905161_n.jpg 2000w\" sizes=\"auto, (max-width: 140px) 100vw, 140px\" \/><\/a>REDAZIONE<\/strong> In Dediche e Richieste anche Michela Torre dal Ristoro Belvedere Cima Fertazza. Domenica scorsa il concerto dei Los Massadores che ha richiamato tanta gente. Michela ha voluto ringraziare chi \u00e8 salito per vedere i Los Massadores, il suo staff e naturalmente il gruppo che ha allietato e divertito tutti<\/p>\n<p><strong>MICHELA TORRE<\/strong><\/p>\n<audio class=\"wp-audio-shortcode\" id=\"audio-326808-8\" preload=\"none\" style=\"width: 100%;\" controls=\"controls\"><source type=\"audio\/mpeg\" src=\"https:\/\/www.radiopiu.net\/wordpress\/wp-content\/uploads\/2023\/03\/MICHELA-BELVEDERE.mp3?_=8\" \/><a href=\"https:\/\/www.radiopiu.net\/wordpress\/wp-content\/uploads\/2023\/03\/MICHELA-BELVEDERE.mp3\">https:\/\/www.radiopiu.net\/wordpress\/wp-content\/uploads\/2023\/03\/MICHELA-BELVEDERE.mp3<\/a><\/audio>\n<p>&nbsp;<\/p>\n<blockquote>\n<h3>CON MASSIMO DE ZULIAN. I PREPARATIVI PER IL TIX &#8216;N ROLL<\/h3>\n<\/blockquote>\n<p><strong><a class=\"dt-pswp-item\" href=\"https:\/\/www.radiopiu.net\/wordpress\/wp-content\/uploads\/2023\/03\/ef2616c3-0e92-43e9-b7d5-aeefd06ef251.jpg\" data-dt-img-description=\"\" data-large_image_width=\"728\" data-large_image_height=\"720\"><img loading=\"lazy\" decoding=\"async\" class=\" wp-image-326830 alignleft\" src=\"https:\/\/www.radiopiu.net\/wordpress\/wp-content\/uploads\/2023\/03\/ef2616c3-0e92-43e9-b7d5-aeefd06ef251-300x297.jpg\" alt=\"\" width=\"125\" height=\"124\" srcset=\"https:\/\/www.radiopiu.net\/wordpress\/wp-content\/uploads\/2023\/03\/ef2616c3-0e92-43e9-b7d5-aeefd06ef251-300x297.jpg 300w, https:\/\/www.radiopiu.net\/wordpress\/wp-content\/uploads\/2023\/03\/ef2616c3-0e92-43e9-b7d5-aeefd06ef251-150x150.jpg 150w, https:\/\/www.radiopiu.net\/wordpress\/wp-content\/uploads\/2023\/03\/ef2616c3-0e92-43e9-b7d5-aeefd06ef251.jpg 728w\" sizes=\"auto, (max-width: 125px) 100vw, 125px\" \/><\/a>REDAZIONE<\/strong> A &#8220;Dediche e Richieste&#8221; ospite telefonico anche Massimo De Zulian, pi\u00f9 conosciuto come Max Canon. Un&#8217;occasione per annunciare che prossimamente a Caviola ci sar\u00e0 il Tix &#8216;N Roll, una giornata dedicata alla musica rock con le band della vallata. Tutto in fase di preparazione ma sicuramente una giornata di festa e buona musica.<\/p>\n<p><strong>MASSIMO DE ZULIAN<\/strong><\/p>\n<audio class=\"wp-audio-shortcode\" id=\"audio-326808-9\" preload=\"none\" style=\"width: 100%;\" controls=\"controls\"><source type=\"audio\/mpeg\" src=\"https:\/\/www.radiopiu.net\/wordpress\/wp-content\/uploads\/2023\/03\/MAX-CANON.mp3?_=9\" \/><a href=\"https:\/\/www.radiopiu.net\/wordpress\/wp-content\/uploads\/2023\/03\/MAX-CANON.mp3\">https:\/\/www.radiopiu.net\/wordpress\/wp-content\/uploads\/2023\/03\/MAX-CANON.mp3<\/a><\/audio>\n<p>&nbsp;<\/p>\n<h3>LA PUNTATA DI DEDICHE E RICHIESTE DEL 15 MARZO 2023<\/h3>\n<p><iframe loading=\"lazy\" title=\"DEDICHE E RICHIESTE - 15 MARZO 2023\" width=\"1200\" height=\"675\" src=\"https:\/\/www.youtube.com\/embed\/NwFOH7XebXA?feature=oembed\" frameborder=\"0\" allow=\"accelerometer; autoplay; clipboard-write; encrypted-media; gyroscope; picture-in-picture; web-share\" allowfullscreen><\/iframe><\/p>\n<p>&nbsp;<\/p>\n<hr \/>\n<p>&nbsp;<\/p>\n<blockquote>\n<h3>LA GIUNTA\u00a0 CONFERMA LE ALIQUOTE\u00a0 IRPEF<\/h3>\n<\/blockquote>\n<p style=\"text-align: left;\"><strong><a class=\"dt-pswp-item\" href=\"https:\/\/www.radiopiu.net\/wordpress\/wp-content\/uploads\/2021\/09\/DJI_0033-scaled.jpg\" data-dt-img-description=\"\" data-large_image_width=\"2560\" data-large_image_height=\"1920\"><img loading=\"lazy\" decoding=\"async\" class=\"size-medium wp-image-232650 alignleft\" src=\"https:\/\/www.radiopiu.net\/wordpress\/wp-content\/uploads\/2021\/09\/DJI_0033-300x225.jpg\" alt=\"\" width=\"300\" height=\"225\" srcset=\"https:\/\/www.radiopiu.net\/wordpress\/wp-content\/uploads\/2021\/09\/DJI_0033-300x225.jpg 300w, https:\/\/www.radiopiu.net\/wordpress\/wp-content\/uploads\/2021\/09\/DJI_0033-1024x768.jpg 1024w, https:\/\/www.radiopiu.net\/wordpress\/wp-content\/uploads\/2021\/09\/DJI_0033-768x576.jpg 768w, https:\/\/www.radiopiu.net\/wordpress\/wp-content\/uploads\/2021\/09\/DJI_0033-1536x1152.jpg 1536w, https:\/\/www.radiopiu.net\/wordpress\/wp-content\/uploads\/2021\/09\/DJI_0033-2048x1536.jpg 2048w\" sizes=\"auto, (max-width: 300px) 100vw, 300px\" \/><\/a>RIVAMONTE<\/strong> Il sindaco di Rivamonte, Nino Deon, ha convocato il consiglio comunale per mercoled\u00ec prossimo alle 18. La seduta si aprir\u00e0 con le comunicazioni del prelievo dal fondo di riserva 2022 relativo alla deliberazione di giunta (nona variazione al bilancio 2022-24 del 21 dicembre scorso) e del prelievo dal fondo accantonamento. Quindi si approver\u00e0 la convenzione con l&#8217;Unione montana agordina per la gestione in forma associata del Comitato unico di garanzia, per le pari opportunit\u00e0, la valorizzazione del benessere di chi lavora e contro le discriminazioni. Verranno poi determinate le aliquote dell&#8217;imposta municipale propria (Imu) 2023 e confermate quelle dell&#8217;addizionale comunale Irpef con contestuale delibera regolamentare.Il consiglio esaminer\u00e0 e approver\u00e0 in seguito la nota di aggiornamento del documento unico di programmazione-Dup, approver\u00e0 il bilancio di previsione 2023-2025 dell&#8217;ente, quello pluriennale 2023-2025 e previsionale 2023 di Asca-Azienda speciale consortile agordina. Infine, dopo una variazione al bilancio di previsione 2023-2025, la seduta si concluder\u00e0 con le comunicazioni del sindaco.Nel frattempo, come da ordinanza del responsabile dell&#8217;ufficio tecnico, resta chiusa fino al 24 marzo (sabato e festivi inclusi) la strada comunale di via Roma nel tratto compreso tra l&#8217;incrocio con la via Canop e il civico 5 di via Roma per permettere gli interventi di sistemazione dei franamenti causati da Vaia.<\/p>\n<p>&nbsp;<\/p>\n<p>&nbsp;<\/p>\n<hr \/>\n<p>&nbsp;<\/p>\n<blockquote>\n<h3><strong>Una mattinata con Le Formiche di Fabio Vettori in Pediatria a Belluno<\/strong><\/h3>\n<\/blockquote>\n<p>&nbsp;<\/p>\n<p><strong>BELLUNO<\/strong>\u00a0 Un appuntamento particolarei per i piccoli degenti della Pediatria di Belluno che si sono divertiti in un laboratorio di disegno del tutto speciale in compagnia di Fabio Vettori. Un\u2019esperienza coinvolgente che con album da disegno e tanti colori ha portato grandi e bambini nel curioso mondo delle Formiche. Fabio Vettori ha mostrato loro come disegnare le sue celebri formiche e ciascun bambino, con il suo aiuto, si \u00e8 potuto cimentare in un disegno. Insieme ai piccoli degenti della Pediatria, c\u2019erano anche i bambini della classe quinta della scuola primaria di Castion. Ecco le simpatiche vignette realizzate dai bambini, tanta fantasia per rappresentare ciascuno le proprie formiche. Un grazie all\u2019artista, alle maestre e agli operatori che hanno permesso la realizzazione di tante formichine e ai bambini della scuola di Castion che hanno trascorso la mattinata con i piccoli degenti.<\/p>\n\n\t\t\t<style type='text\/css'>\n\t\t\t\t#gallery-3 {\n\t\t\t\t\tmargin: auto;\n\t\t\t\t}\n\t\t\t\t#gallery-3 .gallery-item {\n\t\t\t\t\tfloat: left;\n\t\t\t\t\tmargin-top: 10px;\n\t\t\t\t\ttext-align: center;\n\t\t\t\t\twidth: 100%;\n\t\t\t\t}\n\t\t\t\t#gallery-3 img {\n\t\t\t\t\tborder: 2px solid #cfcfcf;\n\t\t\t\t}\n\t\t\t\t#gallery-3 .gallery-caption {\n\t\t\t\t\tmargin-left: 0;\n\t\t\t\t}\n\t\t\t\t\/* see gallery_shortcode() in wp-includes\/media.php *\/\n\t\t\t<\/style>\n\t\t<div id='gallery-3' class='dt-gallery-container gallery galleryid-326808 gallery-columns-1 gallery-size-medium'><dl class='gallery-item'>\n\t\t\t\t<dt class='gallery-icon portrait'>\n\t\t\t\t\t<a class=\"rollover rollover-zoom dt-pswp-item\" title=\"WhatsApp Image 2023-03-16 at 16.08.28-1\" data-dt-img-description=\"\" data-large_image_width=\"1512\" data-large_image_height=\"2016\"href='https:\/\/www.radiopiu.net\/wordpress\/wp-content\/uploads\/2023\/03\/WhatsApp-Image-2023-03-16-at-16.08.28-1.jpeg'><img loading=\"lazy\" decoding=\"async\" width=\"225\" height=\"300\" src=\"https:\/\/www.radiopiu.net\/wordpress\/wp-content\/uploads\/2023\/03\/WhatsApp-Image-2023-03-16-at-16.08.28-1-225x300.jpeg\" class=\"attachment-medium size-medium\" alt=\"\" srcset=\"https:\/\/www.radiopiu.net\/wordpress\/wp-content\/uploads\/2023\/03\/WhatsApp-Image-2023-03-16-at-16.08.28-1-225x300.jpeg 225w, https:\/\/www.radiopiu.net\/wordpress\/wp-content\/uploads\/2023\/03\/WhatsApp-Image-2023-03-16-at-16.08.28-1-768x1024.jpeg 768w, https:\/\/www.radiopiu.net\/wordpress\/wp-content\/uploads\/2023\/03\/WhatsApp-Image-2023-03-16-at-16.08.28-1-1152x1536.jpeg 1152w, https:\/\/www.radiopiu.net\/wordpress\/wp-content\/uploads\/2023\/03\/WhatsApp-Image-2023-03-16-at-16.08.28-1.jpeg 1512w\" sizes=\"auto, (max-width: 225px) 100vw, 225px\" \/><\/a>\n\t\t\t\t<\/dt><\/dl><br style=\"clear: both\" \/>\n\t\t\t<\/div>\n\n<p>&nbsp;<\/p>\n<p>&nbsp;<\/p>\n<hr \/>\n<p>&nbsp;<\/p>\n<blockquote>\n<h3 align=\"center\"><span style=\"font-family: Times New Roman, serif;\"><span style=\"font-size: medium;\"><span style=\"color: #222222;\"><span style=\"font-family: Calibri, serif;\"><span style=\"font-size: large;\"><b>L\u2019 azzardo e i nostri soldi: incontro con i cittadini<\/b><\/span><\/span><\/span><\/span><\/span><\/h3>\n<\/blockquote>\n<p><span style=\"font-size: medium;\"><span style=\"font-family: 'Times New Roman', serif; color: #222222;\"><span style=\"font-family: Calibri, serif;\"><b><a class=\"dt-pswp-item\" href=\"https:\/\/www.radiopiu.net\/wordpress\/wp-content\/uploads\/2021\/11\/gambling-machine-4926__340.jpg\" data-dt-img-description=\"\" data-large_image_width=\"453\" data-large_image_height=\"340\"><img loading=\"lazy\" decoding=\"async\" class=\"wp-image-242314 alignleft\" src=\"https:\/\/www.radiopiu.net\/wordpress\/wp-content\/uploads\/2021\/11\/gambling-machine-4926__340-300x225.jpg\" alt=\"\" width=\"192\" height=\"144\" srcset=\"https:\/\/www.radiopiu.net\/wordpress\/wp-content\/uploads\/2021\/11\/gambling-machine-4926__340-300x225.jpg 300w, https:\/\/www.radiopiu.net\/wordpress\/wp-content\/uploads\/2021\/11\/gambling-machine-4926__340.jpg 453w\" sizes=\"auto, (max-width: 192px) 100vw, 192px\" \/><\/a>Venerd\u00ec 24 marzo 2023 <\/b><\/span><\/span><span style=\"font-family: 'Times New Roman', serif; color: #222222;\"><span style=\"font-family: Calibri, serif;\">si terr\u00e0 un incontro dal titolo <\/span><\/span><span style=\"font-family: 'Times New Roman', serif; color: #222222;\"><span style=\"font-family: Calibri, serif;\"><b>\u201cL\u2019azzardo e i nostri soldi\u201d<\/b><\/span><\/span><span style=\"color: #222222; font-family: Calibri, serif;\">, dedicato al gioco d\u2019azzardo e all\u2019impatto che questo pu\u00f2 avere sui bilanci delle famiglie.<\/span> <\/span><span style=\"font-size: medium; font-family: 'Times New Roman', serif; color: #222222;\"><span style=\"font-family: Calibri, serif;\">L\u2019 incontro si svolger\u00e0 <\/span><\/span><span style=\"font-size: medium; font-family: 'Times New Roman', serif; color: #222222;\"><span style=\"font-family: Calibri, serif;\"><b>dalle 9.00 alle 13.00<\/b><\/span><\/span><span style=\"font-size: medium; font-family: 'Times New Roman', serif; color: #222222;\"><span style=\"font-family: Calibri, serif;\"> in <\/span><\/span><span style=\"font-size: medium; font-family: 'Times New Roman', serif; color: #222222;\"><span style=\"font-family: Calibri, serif;\"><b>Sala Bianchi \u2013 Viale Fantuzzi 11, Belluno<\/b><\/span><\/span><span style=\"font-size: medium; font-family: 'Times New Roman', serif; color: #222222;\"><span style=\"font-family: Calibri, serif;\"> (max 80 posti). <\/span><\/span><span style=\"font-family: Times New Roman, serif;\"><span style=\"font-size: medium;\"><span style=\"color: #222222;\"><span style=\"font-family: Calibri, serif;\">Si parler\u00e0 di cos\u2019\u00e8 il gioco d\u2019azzardo e del disturbo da gioco d\u2019azzardo, concentrandosi in particolare sugli aspetti finanziari collegati, quali il sovraindebitamento e gli strumenti di tutela degli utenti. Interverranno il Direttore UOC Ser.D. di Belluno, Amalia Manzan, con gli operatori del Dipartimento delle Dipendenze, un rappresentante del Gruppo AMA, referenti delle OO.SS., referenti dell\u2019 Associazione Consumatori e consulenti per l\u2019educazione finanziaria.\u00a0<\/span><\/span><\/span><\/span><\/p>\n<p>&nbsp;<\/p>\n<p>&nbsp;<\/p>\n<hr \/>\n<p><a class=\"dt-pswp-item\" href=\"https:\/\/www.radiopiu.net\/wordpress\/wp-content\/uploads\/2023\/03\/323383419_884253652775660_6957179214015466503_n.jpg\" data-dt-img-description=\"\" data-large_image_width=\"1600\" data-large_image_height=\"1200\"><img loading=\"lazy\" decoding=\"async\" class=\"wp-image-326933 alignleft\" src=\"https:\/\/www.radiopiu.net\/wordpress\/wp-content\/uploads\/2023\/03\/323383419_884253652775660_6957179214015466503_n-300x225.jpg\" alt=\"\" width=\"207\" height=\"155\" srcset=\"https:\/\/www.radiopiu.net\/wordpress\/wp-content\/uploads\/2023\/03\/323383419_884253652775660_6957179214015466503_n-300x225.jpg 300w, https:\/\/www.radiopiu.net\/wordpress\/wp-content\/uploads\/2023\/03\/323383419_884253652775660_6957179214015466503_n-1024x768.jpg 1024w, https:\/\/www.radiopiu.net\/wordpress\/wp-content\/uploads\/2023\/03\/323383419_884253652775660_6957179214015466503_n-768x576.jpg 768w, https:\/\/www.radiopiu.net\/wordpress\/wp-content\/uploads\/2023\/03\/323383419_884253652775660_6957179214015466503_n-1536x1152.jpg 1536w, https:\/\/www.radiopiu.net\/wordpress\/wp-content\/uploads\/2023\/03\/323383419_884253652775660_6957179214015466503_n.jpg 1600w\" sizes=\"auto, (max-width: 207px) 100vw, 207px\" \/><\/a><\/p>\n<blockquote>\n<h3>IL PREMIO ALLO SCRITTORE MICHELANGELO CORAZZA<\/h3>\n<\/blockquote>\n<p><strong>VAL DI ZOLDO<\/strong> In occasione della Giornata europea del gelato artigianale, venerd\u00ec 24 al palafiere verr\u00e0 consegnato il premio Ivano Pocchiesa\u00a0 nel ricordo del giornalista e autore di molti libri e articoli sul gelato. Il premiato di quest&#8217;anno \u00e8 il gelatiere e scrittore zoldano Michelangelo Corazza che ha\u00a0 dedicato molta parte della sua vita alla cultura e alla scrittura.\u00a0 Corazza ha vinto il premio Bancarella Sport nel 1994. L&#8217;ultimo libro uscito \u00e8 dedicato al gelato e ai gelatieri di Zoldo e Zopp\u00e8. Il prossimo sar\u00e0 la storia delle osterie zoldane.<\/p>\n<p>&nbsp;<\/p>\n<p>&nbsp;<\/p>\n<p>&nbsp;<\/p>\n<hr \/>\n<p>&nbsp;<\/p>\n<p><strong><a class=\"dt-pswp-item\" href=\"https:\/\/www.radiopiu.net\/wordpress\/wp-content\/uploads\/2023\/03\/e447a0b8-41ba-4f41-9f9e-37d901560ff8.jpg\" data-dt-img-description=\"\" data-large_image_width=\"1600\" data-large_image_height=\"900\"><img loading=\"lazy\" decoding=\"async\" class=\" wp-image-326483 alignleft\" src=\"https:\/\/www.radiopiu.net\/wordpress\/wp-content\/uploads\/2023\/03\/e447a0b8-41ba-4f41-9f9e-37d901560ff8-300x169.jpg\" alt=\"\" width=\"222\" height=\"125\" srcset=\"https:\/\/www.radiopiu.net\/wordpress\/wp-content\/uploads\/2023\/03\/e447a0b8-41ba-4f41-9f9e-37d901560ff8-300x169.jpg 300w, https:\/\/www.radiopiu.net\/wordpress\/wp-content\/uploads\/2023\/03\/e447a0b8-41ba-4f41-9f9e-37d901560ff8-1024x576.jpg 1024w, https:\/\/www.radiopiu.net\/wordpress\/wp-content\/uploads\/2023\/03\/e447a0b8-41ba-4f41-9f9e-37d901560ff8-768x432.jpg 768w, https:\/\/www.radiopiu.net\/wordpress\/wp-content\/uploads\/2023\/03\/e447a0b8-41ba-4f41-9f9e-37d901560ff8-1536x864.jpg 1536w, https:\/\/www.radiopiu.net\/wordpress\/wp-content\/uploads\/2023\/03\/e447a0b8-41ba-4f41-9f9e-37d901560ff8.jpg 1600w\" sizes=\"auto, (max-width: 222px) 100vw, 222px\" \/><\/a>ATOMIC PARTY CON I FUTURI PERITI CHIMICI, DUE SERATA DI FESTA, LISCIO E DISCOTECA CON DJ BISSO, OGGI E DOMANI AL PALFALCADE. APERITIVI, GIOCHI, BALLI&#8230; DIVERTIMENTO<\/strong><\/p>\n<p><strong>di Mirko Mezzacasa<\/strong><\/p>\n<p>OSPITI: Lara Micheluzzi, Giulia Moretti, Daniele Don\u00e0<\/p>\n<audio class=\"wp-audio-shortcode\" id=\"audio-326808-10\" preload=\"none\" style=\"width: 100%;\" controls=\"controls\"><source type=\"audio\/mpeg\" src=\"https:\/\/www.radiopiu.net\/wordpress\/wp-content\/uploads\/2023\/03\/ATOMIC-PARTY.mp3?_=10\" \/><a href=\"https:\/\/www.radiopiu.net\/wordpress\/wp-content\/uploads\/2023\/03\/ATOMIC-PARTY.mp3\">https:\/\/www.radiopiu.net\/wordpress\/wp-content\/uploads\/2023\/03\/ATOMIC-PARTY.mp3<\/a><\/audio>\n<p>&nbsp;<\/p>\n<hr \/>\n<p>&nbsp;<\/p>\n<blockquote>\n<h3>L&#8217;ASSEMBLEA DEL GAV<\/h3>\n<\/blockquote>\n<p><strong>AGORDO<\/strong> I soci del GAV, Gruppo Assistenza Volontaria, hanno indetto l&#8217;assemblea ordinaria 2023 per domenica 26 marzo alle 11 nella sala del Centro Parrocchiale Monsignor Vincenzo Savio. In programma l&#8217;elezione del consiglio direttivo, l&#8217;approvazione del bilancio 2022 e la presentazione di bilancio e attivit\u00e0 2023.<\/p>\n<p>&nbsp;<\/p>\n<p>&nbsp;<\/p>\n<hr \/>\n<blockquote>\n<h3><\/h3>\n<h3>DOMENICA TORNA SUL BROI LA VECIA POPA<\/h3>\n<\/blockquote>\n<p><strong>AGORDO<\/strong> La Vecia Popa \u00e8 pronta per tonare sul Broi di Agordo . L\u2019Appuntamento \u00e8 per domenica\u00a0 con la festa e l\u2019atteso testamento.<\/p>\n<p><strong>L&#8217;INTERVISTA ALLA RADIO, CON THOMAS MANFROI<\/strong><\/p>\n<audio class=\"wp-audio-shortcode\" id=\"audio-326808-11\" preload=\"none\" style=\"width: 100%;\" controls=\"controls\"><source type=\"audio\/mpeg\" src=\"https:\/\/www.radiopiu.net\/wordpress\/wp-content\/uploads\/2023\/03\/VECIA-POPA-THOMAS.mp3?_=11\" \/><a href=\"https:\/\/www.radiopiu.net\/wordpress\/wp-content\/uploads\/2023\/03\/VECIA-POPA-THOMAS.mp3\">https:\/\/www.radiopiu.net\/wordpress\/wp-content\/uploads\/2023\/03\/VECIA-POPA-THOMAS.mp3<\/a><\/audio>\n<p>&nbsp;<\/p>\n<p><strong>L&#8217;INVITO DE LA VECIA POPA Daniele Lena<\/strong><\/p>\n<audio class=\"wp-audio-shortcode\" id=\"audio-326808-12\" preload=\"none\" style=\"width: 100%;\" controls=\"controls\"><source type=\"audio\/mpeg\" src=\"https:\/\/www.radiopiu.net\/wordpress\/wp-content\/uploads\/2023\/03\/danela.mp3?_=12\" \/><a href=\"https:\/\/www.radiopiu.net\/wordpress\/wp-content\/uploads\/2023\/03\/danela.mp3\">https:\/\/www.radiopiu.net\/wordpress\/wp-content\/uploads\/2023\/03\/danela.mp3<\/a><\/audio>\n<p>&nbsp;<\/p>\n<div id=\"gallery-5\" class=\"dt-gallery-container gallery galleryid-323239 gallery-columns-2 gallery-size-medium\">\n<dl class=\"gallery-item\">\n<dt class=\"gallery-icon landscape\"><a class=\"rollover rollover-zoom dt-pswp-item pspw-wrap-ready this-ready\" title=\"dee7dc2b-e175-4363-a25e-dfe83fa36671\" href=\"https:\/\/www.radiopiu.net\/wordpress\/wp-content\/uploads\/2023\/02\/dee7dc2b-e175-4363-a25e-dfe83fa36671.jpg\" data-dt-img-description=\"\" data-large_image_width=\"813\" data-large_image_height=\"540\"><img loading=\"lazy\" decoding=\"async\" class=\"attachment-medium size-medium\" src=\"https:\/\/www.radiopiu.net\/wordpress\/wp-content\/uploads\/2023\/02\/dee7dc2b-e175-4363-a25e-dfe83fa36671-300x199.jpg\" sizes=\"auto, (max-width: 300px) 100vw, 300px\" srcset=\"https:\/\/www.radiopiu.net\/wordpress\/wp-content\/uploads\/2023\/02\/dee7dc2b-e175-4363-a25e-dfe83fa36671-300x199.jpg 300w, https:\/\/www.radiopiu.net\/wordpress\/wp-content\/uploads\/2023\/02\/dee7dc2b-e175-4363-a25e-dfe83fa36671-768x510.jpg 768w, https:\/\/www.radiopiu.net\/wordpress\/wp-content\/uploads\/2023\/02\/dee7dc2b-e175-4363-a25e-dfe83fa36671.jpg 813w\" alt=\"\" width=\"300\" height=\"199\" \/><i><\/i><\/a><\/dt>\n<\/dl>\n<dl class=\"gallery-item\">\n<dt class=\"gallery-icon landscape\"><a class=\"rollover rollover-zoom dt-pswp-item pspw-wrap-ready this-ready\" title=\"ddc0aeda-a4e9-4a5b-b809-227e841efa46\" href=\"https:\/\/www.radiopiu.net\/wordpress\/wp-content\/uploads\/2023\/02\/ddc0aeda-a4e9-4a5b-b809-227e841efa46.jpg\" data-dt-img-description=\"\" data-large_image_width=\"300\" data-large_image_height=\"199\"><img loading=\"lazy\" decoding=\"async\" class=\"attachment-medium size-medium\" src=\"https:\/\/www.radiopiu.net\/wordpress\/wp-content\/uploads\/2023\/02\/ddc0aeda-a4e9-4a5b-b809-227e841efa46.jpg\" alt=\"\" width=\"300\" height=\"199\" \/><\/a><\/dt>\n<\/dl>\n<\/div>\n<p>&nbsp;<\/p>\n<p>&nbsp;<\/p>\n<hr \/>\n<p>&nbsp;<\/p>\n<p>&nbsp;<\/p>\n<p>&nbsp;<\/p>\n<blockquote>\n<h3>TRICHIANA BRUSA LA VECIA, SABATO LA SFIDA SUL ROGO TRA LE FRAZIONI<\/h3>\n<\/blockquote>\n<p><strong><a class=\"dt-pswp-item\" href=\"https:\/\/www.radiopiu.net\/wordpress\/wp-content\/uploads\/2023\/03\/Senza-nome-52.jpg\" data-dt-img-description=\"\" data-large_image_width=\"577\" data-large_image_height=\"416\"><img loading=\"lazy\" decoding=\"async\" class=\"wp-image-326708 alignleft\" src=\"https:\/\/www.radiopiu.net\/wordpress\/wp-content\/uploads\/2023\/03\/Senza-nome-52-300x216.jpg\" alt=\"\" width=\"188\" height=\"135\" srcset=\"https:\/\/www.radiopiu.net\/wordpress\/wp-content\/uploads\/2023\/03\/Senza-nome-52-300x216.jpg 300w, https:\/\/www.radiopiu.net\/wordpress\/wp-content\/uploads\/2023\/03\/Senza-nome-52.jpg 577w\" sizes=\"auto, (max-width: 188px) 100vw, 188px\" \/><\/a>di Mirko Mezzacasa<\/strong><\/p>\n<p><strong>ospite Gianni Segat, Proloco Trichiana<\/strong><\/p>\n<audio class=\"wp-audio-shortcode\" id=\"audio-326808-13\" preload=\"none\" style=\"width: 100%;\" controls=\"controls\"><source type=\"audio\/mpeg\" src=\"https:\/\/www.radiopiu.net\/wordpress\/wp-content\/uploads\/2023\/03\/GIANNI-SEGAT.mp3?_=13\" \/><a href=\"https:\/\/www.radiopiu.net\/wordpress\/wp-content\/uploads\/2023\/03\/GIANNI-SEGAT.mp3\">https:\/\/www.radiopiu.net\/wordpress\/wp-content\/uploads\/2023\/03\/GIANNI-SEGAT.mp3<\/a><\/audio>\n<p>&nbsp;<\/p>\n<p>&nbsp;<\/p>\n<hr \/>\n<p>&nbsp;<\/p>\n<blockquote>\n<h3>DOMENICA &#8220;BAITE APERTE&#8221; AL CULMINE DI UN&#8217;OTTIMA STAGIONE<\/h3>\n<\/blockquote>\n<p><strong><img loading=\"lazy\" decoding=\"async\" class=\"alignleft\" src=\"https:\/\/www.radiopiu.net\/wordpress\/wp-content\/uploads\/2020\/06\/331569072_242513624792105_2385384230339396135_n.jpg\" width=\"173\" height=\"97\" \/>DOMENICA AD ALLEGHE<\/strong><\/p>\n<p><strong>di Mirko Mezzacasa<\/strong><\/p>\n<p><strong>OSPITI ANDREA DAL FARRA, CRISTIAN MORETTI<\/strong><\/p>\n<audio class=\"wp-audio-shortcode\" id=\"audio-326808-14\" preload=\"none\" style=\"width: 100%;\" controls=\"controls\"><source type=\"audio\/mpeg\" src=\"https:\/\/www.radiopiu.net\/wordpress\/wp-content\/uploads\/2020\/06\/baite-aperte-aprile.mp3?_=14\" \/><a href=\"https:\/\/www.radiopiu.net\/wordpress\/wp-content\/uploads\/2020\/06\/baite-aperte-aprile.mp3\">https:\/\/www.radiopiu.net\/wordpress\/wp-content\/uploads\/2020\/06\/baite-aperte-aprile.mp3<\/a><\/audio>\n<p>&nbsp;<\/p>\n<p>&nbsp;<\/p>\n<p>&nbsp;<\/p>\n<p>&nbsp;<\/p>\n<hr \/>\n<p>&nbsp;<\/p>\n<h3><span style=\"color: #ff0000;\"><strong>BIRRERIA IN PEDAVENA, LA VALLE AGORDINA\u00a0<\/strong><\/span><\/h3>\n<p><strong>alla radio<\/strong><\/p>\n<audio class=\"wp-audio-shortcode\" id=\"audio-326808-15\" preload=\"none\" style=\"width: 100%;\" controls=\"controls\"><source type=\"audio\/mpeg\" src=\"https:\/\/www.radiopiu.net\/wordpress\/wp-content\/uploads\/2023\/03\/re-union-c.mp3?_=15\" \/><a href=\"https:\/\/www.radiopiu.net\/wordpress\/wp-content\/uploads\/2023\/03\/re-union-c.mp3\">https:\/\/www.radiopiu.net\/wordpress\/wp-content\/uploads\/2023\/03\/re-union-c.mp3<\/a><\/audio>\n<p>&nbsp;<\/p>\n<p><a class=\"dt-pswp-item\" href=\"https:\/\/www.radiopiu.net\/wordpress\/wp-content\/uploads\/2023\/03\/b792042d-80e5-4ca6-b404-baac8e9b3b6c.jpg\" data-dt-img-description=\"\" data-large_image_width=\"953\" data-large_image_height=\"953\"><img loading=\"lazy\" decoding=\"async\" class=\"size-medium wp-image-325414 aligncenter\" src=\"https:\/\/www.radiopiu.net\/wordpress\/wp-content\/uploads\/2023\/03\/b792042d-80e5-4ca6-b404-baac8e9b3b6c-300x300.jpg\" alt=\"\" width=\"300\" height=\"300\" srcset=\"https:\/\/www.radiopiu.net\/wordpress\/wp-content\/uploads\/2023\/03\/b792042d-80e5-4ca6-b404-baac8e9b3b6c-300x300.jpg 300w, https:\/\/www.radiopiu.net\/wordpress\/wp-content\/uploads\/2023\/03\/b792042d-80e5-4ca6-b404-baac8e9b3b6c-150x150.jpg 150w, https:\/\/www.radiopiu.net\/wordpress\/wp-content\/uploads\/2023\/03\/b792042d-80e5-4ca6-b404-baac8e9b3b6c-768x768.jpg 768w, https:\/\/www.radiopiu.net\/wordpress\/wp-content\/uploads\/2023\/03\/b792042d-80e5-4ca6-b404-baac8e9b3b6c.jpg 953w\" sizes=\"auto, (max-width: 300px) 100vw, 300px\" \/><\/a><\/p>\n<hr \/>\n<p>&nbsp;<\/p>\n\n\t\t\t<style type='text\/css'>\n\t\t\t\t#gallery-4 {\n\t\t\t\t\tmargin: auto;\n\t\t\t\t}\n\t\t\t\t#gallery-4 .gallery-item {\n\t\t\t\t\tfloat: left;\n\t\t\t\t\tmargin-top: 10px;\n\t\t\t\t\ttext-align: center;\n\t\t\t\t\twidth: 100%;\n\t\t\t\t}\n\t\t\t\t#gallery-4 img {\n\t\t\t\t\tborder: 2px solid #cfcfcf;\n\t\t\t\t}\n\t\t\t\t#gallery-4 .gallery-caption {\n\t\t\t\t\tmargin-left: 0;\n\t\t\t\t}\n\t\t\t\t\/* see gallery_shortcode() in wp-includes\/media.php *\/\n\t\t\t<\/style>\n\t\t<div id='gallery-4' class='dt-gallery-container gallery galleryid-326808 gallery-columns-1 gallery-size-medium'><dl class='gallery-item'>\n\t\t\t\t<dt class='gallery-icon portrait'>\n\t\t\t\t\t<a class=\"rollover rollover-zoom dt-pswp-item\" title=\"9765b0b8-95fd-472a-8793-7650d1941ee0\" data-dt-img-description=\"\" data-large_image_width=\"1106\" data-large_image_height=\"2048\"href='https:\/\/www.radiopiu.net\/wordpress\/wp-content\/uploads\/2023\/03\/9765b0b8-95fd-472a-8793-7650d1941ee0.jpg'><img loading=\"lazy\" decoding=\"async\" width=\"162\" height=\"300\" src=\"https:\/\/www.radiopiu.net\/wordpress\/wp-content\/uploads\/2023\/03\/9765b0b8-95fd-472a-8793-7650d1941ee0-162x300.jpg\" class=\"attachment-medium size-medium\" alt=\"\" srcset=\"https:\/\/www.radiopiu.net\/wordpress\/wp-content\/uploads\/2023\/03\/9765b0b8-95fd-472a-8793-7650d1941ee0-162x300.jpg 162w, https:\/\/www.radiopiu.net\/wordpress\/wp-content\/uploads\/2023\/03\/9765b0b8-95fd-472a-8793-7650d1941ee0-553x1024.jpg 553w, https:\/\/www.radiopiu.net\/wordpress\/wp-content\/uploads\/2023\/03\/9765b0b8-95fd-472a-8793-7650d1941ee0-768x1422.jpg 768w, https:\/\/www.radiopiu.net\/wordpress\/wp-content\/uploads\/2023\/03\/9765b0b8-95fd-472a-8793-7650d1941ee0-830x1536.jpg 830w, https:\/\/www.radiopiu.net\/wordpress\/wp-content\/uploads\/2023\/03\/9765b0b8-95fd-472a-8793-7650d1941ee0.jpg 1106w\" sizes=\"auto, (max-width: 162px) 100vw, 162px\" \/><\/a>\n\t\t\t\t<\/dt><\/dl><br style=\"clear: both\" \/>\n\t\t\t<\/div>\n\n<p>&nbsp;<\/p>\n<p>&nbsp;<\/p>\n<hr \/>\n<p>&nbsp;<\/p>\n<blockquote class=\"wp-embedded-content\" data-secret=\"9Gpg5gpAff\"><p><a href=\"https:\/\/www.radiopiu.net\/wordpress\/sui-domini-collettivi-ossia-i-cosiddetti-usi-civici-le-regole-altri-quarta-parte\/\">SUI DOMINI COLLETTIVI OSSIA I COSIDDETTI USI CIVICI, LE REGOLE &#038; ALTRI &#8211; QUARTA PARTE<\/a><\/p><\/blockquote>\n<p><iframe loading=\"lazy\" class=\"wp-embedded-content\" sandbox=\"allow-scripts\" security=\"restricted\" style=\"position: absolute; clip: rect(1px, 1px, 1px, 1px);\" title=\"&#8220;SUI DOMINI COLLETTIVI OSSIA I COSIDDETTI USI CIVICI, LE REGOLE &#038; ALTRI &#8211; QUARTA PARTE&#8221; &#8212; Radio Pi\u00f9\" src=\"https:\/\/www.radiopiu.net\/wordpress\/sui-domini-collettivi-ossia-i-cosiddetti-usi-civici-le-regole-altri-quarta-parte\/embed\/#?secret=37CoyXJbPl#?secret=9Gpg5gpAff\" data-secret=\"9Gpg5gpAff\" width=\"600\" height=\"338\" frameborder=\"0\" marginwidth=\"0\" marginheight=\"0\" scrolling=\"no\"><\/iframe><\/p>\n<p>&nbsp;<\/p>\n<hr \/>\n<p>&nbsp;<\/p>\n<div>\n<div class=\"b654a4as d2edcug0\">\n<div class=\"rq0escxv hkbzh7o3 jwdofwj8 n8tt0mok r8blr3vg hyh9befq\">\n<p><a class=\"dt-pswp-item\" href=\"https:\/\/www.radiopiu.net\/wordpress\/wp-content\/uploads\/2020\/10\/pp.jpg\" data-dt-img-description=\"\" data-large_image_width=\"640\" data-large_image_height=\"640\"><img loading=\"lazy\" decoding=\"async\" class=\"wp-image-163678 alignleft\" src=\"https:\/\/www.radiopiu.net\/wordpress\/wp-content\/uploads\/2020\/10\/pp-300x300.jpg\" alt=\"\" width=\"106\" height=\"106\" srcset=\"https:\/\/www.radiopiu.net\/wordpress\/wp-content\/uploads\/2020\/10\/pp-300x300.jpg 300w, https:\/\/www.radiopiu.net\/wordpress\/wp-content\/uploads\/2020\/10\/pp-150x150.jpg 150w, https:\/\/www.radiopiu.net\/wordpress\/wp-content\/uploads\/2020\/10\/pp-125x125.jpg 125w, https:\/\/www.radiopiu.net\/wordpress\/wp-content\/uploads\/2020\/10\/pp-200x200.jpg 200w, https:\/\/www.radiopiu.net\/wordpress\/wp-content\/uploads\/2020\/10\/pp-80x80.jpg 80w, https:\/\/www.radiopiu.net\/wordpress\/wp-content\/uploads\/2020\/10\/pp-480x480.jpg 480w, https:\/\/www.radiopiu.net\/wordpress\/wp-content\/uploads\/2020\/10\/pp.jpg 640w\" sizes=\"auto, (max-width: 106px) 100vw, 106px\" \/><\/a><\/p>\n<\/div>\n<\/div>\n<\/div>\n<div>\n<div class=\"page-title-head hgroup\">\n<div class=\"page-title-head hgroup\">\n<div class=\"b654a4as d2edcug0\">\n<div class=\"j83agx80 btwxx1t3 lhclo0ds hop8lmos nkwizq5d scwd0bx6 roh60bw9\">\n<div class=\"rq0escxv hkbzh7o3 jwdofwj8 n8tt0mok r8blr3vg hyh9befq\">\n<div class=\"do00u71z l9j0dhe7 k4urcfbm\" style=\"text-align: left;\">\n<h2><span style=\"color: #000080;\">DON CESARE, IL PENSIERO DEL GIORNO. ALLA RADIO ALLE 7 DEL MATTINO E ALLE 19.30 DELLA SERA\u00a0<\/span><\/h2>\n<audio class=\"wp-audio-shortcode\" id=\"audio-326808-16\" preload=\"none\" style=\"width: 100%;\" controls=\"controls\"><source type=\"audio\/mpeg\" src=\"https:\/\/www.radiopiu.net\/wordpress\/wp-content\/uploads\/2023\/03\/CESARE-13.mp3?_=16\" \/><a href=\"https:\/\/www.radiopiu.net\/wordpress\/wp-content\/uploads\/2023\/03\/CESARE-13.mp3\">https:\/\/www.radiopiu.net\/wordpress\/wp-content\/uploads\/2023\/03\/CESARE-13.mp3<\/a><\/audio>\n<\/div>\n<\/div>\n<\/div>\n<\/div>\n<\/div>\n<\/div>\n<\/div>\n<p>&nbsp;<\/p>\n<hr \/>\n<p>&nbsp;<\/p>\n<h2><span style=\"color: #ff00ff;\">IN VIVO VERSO\u00a0 \u00a0 \u00a0<\/span><\/h2>\n<blockquote>\n<h3>ALLA FERMATA di OSCAR TISON<\/h3>\n<\/blockquote>\n<p>AUDIO<\/p>\n<audio class=\"wp-audio-shortcode\" id=\"audio-326808-17\" preload=\"none\" style=\"width: 100%;\" controls=\"controls\"><source type=\"audio\/mpeg\" src=\"https:\/\/www.radiopiu.net\/wordpress\/wp-content\/uploads\/2023\/03\/04-OSCAR-TISO-ALLA-FERMATA-1.mp3?_=17\" \/><a href=\"https:\/\/www.radiopiu.net\/wordpress\/wp-content\/uploads\/2023\/03\/04-OSCAR-TISO-ALLA-FERMATA-1.mp3\">https:\/\/www.radiopiu.net\/wordpress\/wp-content\/uploads\/2023\/03\/04-OSCAR-TISO-ALLA-FERMATA-1.mp3<\/a><\/audio>\n<p>&nbsp;<\/p>\n<p><img loading=\"lazy\" decoding=\"async\" class=\"alignleft\" src=\"https:\/\/www.radiopiu.net\/wordpress\/wp-content\/uploads\/2023\/03\/4-OSCAR-TISON-300x300.jpg\" width=\"156\" height=\"156\" \/><strong>Oscar Tison<\/strong><br \/>\n<strong>ALLA FERMATA<\/strong><\/p>\n<p>C&#8217;\u00e8 questo vento<br \/>\nche spazza l&#8217;alba<br \/>\ne un autobus che<br \/>\nnon vuole arrivare.<\/p>\n<p>La ruggine di un cancello<br \/>\nimprigiona un giardino:<br \/>\nrose che ciondolano<br \/>\ndentro l&#8217;incuria.<\/p>\n<p>Da qualche parte<br \/>\nci sei anche tu:<br \/>\nun sorriso un gesto<br \/>\nun sorso di caff\u00e8.<\/p>\n<p>C&#8217;\u00e8 una strada da fare,<br \/>\nscarpe lucide e stanche,<br \/>\ne un che di speranza<br \/>\nche non mi vuole lasciare.<\/p>\n<p>&nbsp;<\/p>\n<div dir=\"auto\">\n<div dir=\"auto\">\n<div dir=\"auto\">\n<div dir=\"auto\">\n<div dir=\"auto\">\n<div dir=\"auto\">\n<p><strong>LA RACCOLTA COMPLETA<\/strong><\/p>\n<blockquote class=\"wp-embedded-content\" data-secret=\"U9cfvsykkK\"><p><a href=\"https:\/\/www.radiopiu.net\/wordpress\/in-vivo-verso\/\">In Vivo Verso<\/a><\/p><\/blockquote>\n<p><iframe loading=\"lazy\" class=\"wp-embedded-content\" sandbox=\"allow-scripts\" security=\"restricted\" style=\"position: absolute; clip: rect(1px, 1px, 1px, 1px);\" title=\"&#8220;In Vivo Verso&#8221; &#8212; Radio Pi\u00f9\" src=\"https:\/\/www.radiopiu.net\/wordpress\/in-vivo-verso\/embed\/#?secret=ZSDmw3qfhC#?secret=U9cfvsykkK\" data-secret=\"U9cfvsykkK\" width=\"600\" height=\"338\" frameborder=\"0\" marginwidth=\"0\" marginheight=\"0\" scrolling=\"no\"><\/iframe><\/p>\n<p>&nbsp;<\/p>\n<\/div>\n<\/div>\n<\/div>\n<\/div>\n<\/div>\n<\/div>\n<p>&nbsp;<\/p>\n<hr \/>\n<p>&nbsp;<\/p>\n<h2><span style=\"color: #008080;\">GOCCE DI FILOSOFIA\u00a0<\/span><\/h2>\n<blockquote>\n<h3>GOCCE DI FILOSOFIA \u2013 PUNTATA 269\u2013 CHIARA CAU<\/h3>\n<\/blockquote>\n<audio class=\"wp-audio-shortcode\" id=\"audio-326808-18\" preload=\"none\" style=\"width: 100%;\" controls=\"controls\"><source type=\"audio\/mpeg\" src=\"https:\/\/www.radiopiu.net\/wordpress\/wp-content\/uploads\/2023\/03\/FI4-1.mp3?_=18\" \/><a href=\"https:\/\/www.radiopiu.net\/wordpress\/wp-content\/uploads\/2023\/03\/FI4-1.mp3\">https:\/\/www.radiopiu.net\/wordpress\/wp-content\/uploads\/2023\/03\/FI4-1.mp3<\/a><\/audio>\n<p>&nbsp;<\/p>\n<p>LA RACCOLTA COMPLETA<\/p>\n<p>&nbsp;<\/p>\n<p>&nbsp;<\/p>\n<p>&nbsp;<\/p>\n<p>&nbsp;<\/p>\n<hr \/>\n<p>&nbsp;<\/p>\n<div class=\"column\">\n<p><img loading=\"lazy\" decoding=\"async\" class=\"aligncenter wp-image-61954 size-full\" src=\"https:\/\/www.radiopiu.net\/wordpress\/wp-content\/uploads\/2018\/09\/viabilita.jpeg\" sizes=\"auto, (max-width: 800px) 100vw, 800px\" srcset=\"https:\/\/www.radiopiu.net\/wordpress\/wp-content\/uploads\/2018\/09\/viabilita.jpeg 800w, https:\/\/www.radiopiu.net\/wordpress\/wp-content\/uploads\/2018\/09\/viabilita-300x38.jpeg 300w, https:\/\/www.radiopiu.net\/wordpress\/wp-content\/uploads\/2018\/09\/viabilita-768x96.jpeg 768w\" alt=\"\" width=\"800\" height=\"100\" \/><\/p>\n<p>&nbsp;<\/p>\n<blockquote class=\"wp-embedded-content\" data-secret=\"2cKHAJkXHl\"><p><a href=\"https:\/\/www.radiopiu.net\/wordpress\/viabilita\/\">viabilita<\/a><\/p><\/blockquote>\n<p><iframe loading=\"lazy\" class=\"wp-embedded-content\" sandbox=\"allow-scripts\" security=\"restricted\" style=\"position: absolute; clip: rect(1px, 1px, 1px, 1px);\" title=\"&#8220;viabilita&#8221; &#8212; Radio Pi\u00f9\" src=\"https:\/\/www.radiopiu.net\/wordpress\/viabilita\/embed\/#?secret=ZtI12wpr57#?secret=2cKHAJkXHl\" data-secret=\"2cKHAJkXHl\" width=\"600\" height=\"338\" frameborder=\"0\" marginwidth=\"0\" marginheight=\"0\" scrolling=\"no\"><\/iframe><\/p>\n<div>\n<div dir=\"ltr\">\n<div class=\"gmail_quote\">\n<div dir=\"ltr\">\n<div class=\"gmail_quote\"><\/div>\n<\/div>\n<\/div>\n<\/div>\n<\/div>\n<p>&nbsp;<\/p>\n<hr \/>\n<p>&nbsp;<\/p>\n<p><a class=\"dt-pswp-item\" href=\"https:\/\/www.radiopiu.net\/wordpress\/wp-content\/uploads\/2018\/09\/WhatsApp-Image-2018-09-20-at-16.04.06.jpeg\" data-dt-img-description=\"\" data-large_image_width=\"800\" data-large_image_height=\"100\"><img loading=\"lazy\" decoding=\"async\" class=\"wp-image-61378 size-full aligncenter\" src=\"https:\/\/www.radiopiu.net\/wordpress\/wp-content\/uploads\/2018\/09\/WhatsApp-Image-2018-09-20-at-16.04.06.jpeg\" alt=\"\" width=\"800\" height=\"100\" srcset=\"https:\/\/www.radiopiu.net\/wordpress\/wp-content\/uploads\/2018\/09\/WhatsApp-Image-2018-09-20-at-16.04.06.jpeg 800w, https:\/\/www.radiopiu.net\/wordpress\/wp-content\/uploads\/2018\/09\/WhatsApp-Image-2018-09-20-at-16.04.06-300x38.jpeg 300w, https:\/\/www.radiopiu.net\/wordpress\/wp-content\/uploads\/2018\/09\/WhatsApp-Image-2018-09-20-at-16.04.06-768x96.jpeg 768w\" sizes=\"auto, (max-width: 800px) 100vw, 800px\" \/><\/a><\/p>\n<p>&nbsp;<\/p>\n<p><center><b>OGGI<\/b><\/center><b>Tempo atteso: <\/b>Tempo ben soleggiato con cielo sereno, salvo temporanee velature per sottilissime nubi alte a inizio giornata, la loro dissipazione favorir\u00e0 il ritorno del cielo sereno al pomeriggio. Il contesto termico diurno sar\u00e0 assai pi\u00f9 mite ovunque rispetto a gioved\u00ec, specie in alta quota, dove lo zero termico sar\u00e0 oltre i 3000 m, gi\u00e0 entro l&#8217;alba.<br \/>\n<b>Precipitazioni: <\/b>Assenti (0%).<br \/>\n<b>Temperature: <\/b>In generale rialzo, pi\u00f9 marcato in alta quota. (zero termico oltre i 3300 m). Inversione termica notturna nelle valli.<\/p>\n<hr \/>\n<p><center><b>DOMANI<\/b><\/center><b>Tempo atteso: <\/b>Tempo stabile e soleggiato per gran parte della giornata, a eccezione di un temporanee passaggio nuvoloso per nubi medio-alte nelle ore centrali del giorno. Prima e dopo tale passaggio il cielo sar\u00e0 sereno ovunque. La mitezza avvertita nella giornata di venerd\u00ec si ripeter\u00e0, interessando anche le valli.<br \/>\n<b>Precipitazioni: <\/b>Assenti (0%).<br \/>\n<b>Temperature: <\/b>In generale lieve ulteriore aumento, eccetto stazionariet\u00e0 delle massime oltre i 2500-2700 m, dove i valori massimi rimarranno fino a 4\/5\u00b0C sopra i valori medi stagionali.<\/p>\n<hr \/>\n<p><center><b>DOMENICA<\/b><\/center>Tempo discreto\/variabile con nuvolosit\u00e0 predominante, ma a tratti irregolare con qualche tratto soleggiato. Temperature in generale calo, eccetto leggero aumento delle minime nei fondovalle.<\/p>\n<hr \/>\n<p><center><b>LUNEDI<\/b><\/center>Tratti soleggiati, pi\u00f9 presenti al pomeriggio, e nuvolosit\u00e0 stratiforme medio-bassa, maggiore al mattino, quando qualche goccia non sar\u00e0 da escludere del tutto, con qualche fiocco di neve sopra i 1700-1800 m. Temperature senza notevole variazioni, eccetto lieve rialzo delle massime per maggiore soleggiamento pomeridiano rispetto a domenica.<\/p>\n<\/div>\n<p>&nbsp;<\/p>\n<p>&nbsp;<\/p>\n<hr \/>\n<p>&nbsp;<\/p>\n<p><a class=\"dt-pswp-item\" href=\"https:\/\/www.radiopiu.net\/wordpress\/wp-content\/uploads\/2018\/09\/sport.jpg\" data-dt-img-description=\"\" data-large_image_width=\"800\" data-large_image_height=\"100\"><img loading=\"lazy\" decoding=\"async\" class=\"aligncenter wp-image-60761 size-full\" src=\"https:\/\/www.radiopiu.net\/wordpress\/wp-content\/uploads\/2018\/09\/sport.jpg\" alt=\"\" width=\"800\" height=\"100\" srcset=\"https:\/\/www.radiopiu.net\/wordpress\/wp-content\/uploads\/2018\/09\/sport.jpg 800w, https:\/\/www.radiopiu.net\/wordpress\/wp-content\/uploads\/2018\/09\/sport-300x38.jpg 300w, https:\/\/www.radiopiu.net\/wordpress\/wp-content\/uploads\/2018\/09\/sport-768x96.jpg 768w\" sizes=\"auto, (max-width: 800px) 100vw, 800px\" \/><\/a><\/p>\n<h3><span style=\"color: #0000ff;\"><strong>PARALIMPICI<br \/>\n<\/strong><\/span><\/h3>\n<p><span style=\"color: #0000ff;\"><strong>\u00a0<\/strong><\/span><\/p>\n<blockquote>\n<h3><span style=\"color: #0000ff;\"><strong><span style=\"color: #000000;\">RENE&#8217; D&#8217;ARGENTO A CORTINA, CHIARA BISSA IL SUCCESSO DI IERI\u00a0<\/span><\/strong><\/span><\/h3>\n<\/blockquote>\n<p>&nbsp;<\/p>\n<p><a class=\"dt-pswp-item\" href=\"https:\/\/www.radiopiu.net\/wordpress\/wp-content\/uploads\/2023\/03\/c1ce8cda-f143-46cf-9f18-a3eaaf74b6bb.jpg\" data-dt-img-description=\"\" data-large_image_width=\"1128\" data-large_image_height=\"752\"><img loading=\"lazy\" decoding=\"async\" class=\"wp-image-326913 alignleft\" src=\"https:\/\/www.radiopiu.net\/wordpress\/wp-content\/uploads\/2023\/03\/c1ce8cda-f143-46cf-9f18-a3eaaf74b6bb-300x200.jpg\" alt=\"\" width=\"185\" height=\"123\" srcset=\"https:\/\/www.radiopiu.net\/wordpress\/wp-content\/uploads\/2023\/03\/c1ce8cda-f143-46cf-9f18-a3eaaf74b6bb-300x200.jpg 300w, https:\/\/www.radiopiu.net\/wordpress\/wp-content\/uploads\/2023\/03\/c1ce8cda-f143-46cf-9f18-a3eaaf74b6bb-1024x683.jpg 1024w, https:\/\/www.radiopiu.net\/wordpress\/wp-content\/uploads\/2023\/03\/c1ce8cda-f143-46cf-9f18-a3eaaf74b6bb-768x512.jpg 768w, https:\/\/www.radiopiu.net\/wordpress\/wp-content\/uploads\/2023\/03\/c1ce8cda-f143-46cf-9f18-a3eaaf74b6bb.jpg 1128w\" sizes=\"auto, (max-width: 185px) 100vw, 185px\" \/><\/a>CORTINA<\/p>\n<p>DI ROBERTO BONA<\/p>\n<audio class=\"wp-audio-shortcode\" id=\"audio-326808-19\" preload=\"none\" style=\"width: 100%;\" controls=\"controls\"><source type=\"audio\/mpeg\" src=\"https:\/\/www.radiopiu.net\/wordpress\/wp-content\/uploads\/2023\/03\/ArgentoReneOraChiaraArgentoGiacomo.mp3?_=19\" \/><a href=\"https:\/\/www.radiopiu.net\/wordpress\/wp-content\/uploads\/2023\/03\/ArgentoReneOraChiaraArgentoGiacomo.mp3\">https:\/\/www.radiopiu.net\/wordpress\/wp-content\/uploads\/2023\/03\/ArgentoReneOraChiaraArgentoGiacomo.mp3<\/a><\/audio>\n<p>&nbsp;<\/p>\n<hr \/>\n<p>&nbsp;<\/p>\n<p><span style=\"color: #0000ff;\"><strong>CALCIO<\/strong><\/span><\/p>\n<blockquote>\n<h3>IL CAMPIONATO AGORDINO DI CALCIO RIMANE A 13 SQUADRE. IL RIVAMONTE CONFERMA LA PARTECIPAZIONE<\/h3>\n<\/blockquote>\n<p><strong><a class=\"dt-pswp-item\" href=\"https:\/\/www.radiopiu.net\/wordpress\/wp-content\/uploads\/2019\/01\/CALCIO-GOL.jpg\" data-dt-img-description=\"\" data-large_image_width=\"800\" data-large_image_height=\"400\"><img loading=\"lazy\" decoding=\"async\" class=\" wp-image-73083 alignleft\" src=\"https:\/\/www.radiopiu.net\/wordpress\/wp-content\/uploads\/2019\/01\/CALCIO-GOL-300x150.jpg\" alt=\"\" width=\"208\" height=\"104\" srcset=\"https:\/\/www.radiopiu.net\/wordpress\/wp-content\/uploads\/2019\/01\/CALCIO-GOL-300x150.jpg 300w, https:\/\/www.radiopiu.net\/wordpress\/wp-content\/uploads\/2019\/01\/CALCIO-GOL-768x384.jpg 768w, https:\/\/www.radiopiu.net\/wordpress\/wp-content\/uploads\/2019\/01\/CALCIO-GOL.jpg 800w\" sizes=\"auto, (max-width: 208px) 100vw, 208px\" \/><\/a>Di Marco Gaz<\/strong><\/p>\n<p><strong>REDAZIONE<\/strong> Il campionato Agordino di Calcio sar\u00e0 ancora a 13 squadre. La notizia \u00e8 arrivata ieri sera nella riunione online organizzata dal Comitato Calcio Agordino dove il Rivamonte ha confermato la sua presenza all\u2019edizione 2023. La squadra del Poi, dopo aver messo in dubbio la sua partecipazione nel primo incontro con tutte le altre squadre, \u00e8 riuscita ad avere i numeri per iscriversi al torneo. Campionato Agordino di Calcio che sar\u00e0 affidato al CSI come la scorsa edizione. Saranno due i gironi, uno composto da 7 squadre e uno da 6. Per la data di inizio non ci sono ancora certezze ma si pensa all\u2019ultima domenica di maggio. La finalissima sar\u00e0 in programma il 30 luglio. Tornano i mini ottavi di finale che erano stati abbandonati dopo lo stop a causa del covid. Il Campionato Agordino di Calcio avr\u00e0 un memorial ma solo nei prossimi giorni si sapr\u00e0 a chi sar\u00e0 dedicato. Il Memorial Denis Tonin rimane in bacheca del Voltago ma il giocatore della Valle del Biois sar\u00e0 ricordato ugualmente per volere della figlia. Infatti il capocannoniere del torneo sar\u00e0 intitolato a Tonin. Per conoscere i campi che ospiteranno la fase finale del campionato bisogner\u00e0 aspettare la serata del 6 aprile quando sotto al tendone della Sagra De Pasca a Taibon verr\u00e0 presentata ufficialmente l\u2019edizione 2023.<\/p>\n<p>&nbsp;<\/p>\n<p>&nbsp;<\/p>\n<hr \/>\n<p>&nbsp;<\/p>\n<p><span style=\"color: #0000ff;\"><strong>RALLY<\/strong><\/span><\/p>\n<blockquote>\n<h3>A MEL LA PRESENTAZIONE UFFICIALE DEL RALLY BELLUNESE<br \/>\nNel servizio di ieri il &#8220;domani&#8221; giornalistico \u00e8 riferito ad oggi.<\/h3>\n<\/blockquote>\n<p><strong><a class=\"dt-pswp-item\" href=\"https:\/\/www.radiopiu.net\/wordpress\/wp-content\/uploads\/2023\/03\/c10897a3-d046-49b9-9bbb-00a7be814363.jpg\" data-dt-img-description=\"\" data-large_image_width=\"1600\" data-large_image_height=\"1066\"><img loading=\"lazy\" decoding=\"async\" class=\" wp-image-326820 alignleft\" src=\"https:\/\/www.radiopiu.net\/wordpress\/wp-content\/uploads\/2023\/03\/c10897a3-d046-49b9-9bbb-00a7be814363-300x200.jpg\" alt=\"\" width=\"188\" height=\"125\" srcset=\"https:\/\/www.radiopiu.net\/wordpress\/wp-content\/uploads\/2023\/03\/c10897a3-d046-49b9-9bbb-00a7be814363-300x200.jpg 300w, https:\/\/www.radiopiu.net\/wordpress\/wp-content\/uploads\/2023\/03\/c10897a3-d046-49b9-9bbb-00a7be814363-1024x682.jpg 1024w, https:\/\/www.radiopiu.net\/wordpress\/wp-content\/uploads\/2023\/03\/c10897a3-d046-49b9-9bbb-00a7be814363-768x512.jpg 768w, https:\/\/www.radiopiu.net\/wordpress\/wp-content\/uploads\/2023\/03\/c10897a3-d046-49b9-9bbb-00a7be814363-1536x1023.jpg 1536w, https:\/\/www.radiopiu.net\/wordpress\/wp-content\/uploads\/2023\/03\/c10897a3-d046-49b9-9bbb-00a7be814363.jpg 1600w\" sizes=\"auto, (max-width: 188px) 100vw, 188px\" \/><\/a>BELLUNO\u00a0<\/strong><\/p>\n<p>di Roberto Bona<\/p>\n<audio class=\"wp-audio-shortcode\" id=\"audio-326808-20\" preload=\"none\" style=\"width: 100%;\" controls=\"controls\"><source type=\"audio\/mpeg\" src=\"https:\/\/www.radiopiu.net\/wordpress\/wp-content\/uploads\/2023\/03\/PresentazioneRally.mp3?_=20\" \/><a href=\"https:\/\/www.radiopiu.net\/wordpress\/wp-content\/uploads\/2023\/03\/PresentazioneRally.mp3\">https:\/\/www.radiopiu.net\/wordpress\/wp-content\/uploads\/2023\/03\/PresentazioneRally.mp3<\/a><\/audio>\n<p>&nbsp;<\/p>\n<hr \/>\n<p>&nbsp;<\/p>\n<p><span style=\"color: #0000ff;\"><strong>PALLAVOLO<\/strong><\/span><\/p>\n<blockquote>\n<h3>MONTECCHIO UNA SQUADRA TENACE<\/h3>\n<\/blockquote>\n<p><strong><a class=\"dt-pswp-item\" href=\"https:\/\/www.radiopiu.net\/wordpress\/wp-content\/uploads\/2023\/03\/Un_frammento_del_derby_di_andata-scaled.jpg\" data-dt-img-description=\"\" data-large_image_width=\"1706\" data-large_image_height=\"2560\"><img loading=\"lazy\" decoding=\"async\" class=\" wp-image-326837 alignleft\" src=\"https:\/\/www.radiopiu.net\/wordpress\/wp-content\/uploads\/2023\/03\/Un_frammento_del_derby_di_andata-200x300.jpg\" alt=\"\" width=\"119\" height=\"179\" srcset=\"https:\/\/www.radiopiu.net\/wordpress\/wp-content\/uploads\/2023\/03\/Un_frammento_del_derby_di_andata-200x300.jpg 200w, https:\/\/www.radiopiu.net\/wordpress\/wp-content\/uploads\/2023\/03\/Un_frammento_del_derby_di_andata-683x1024.jpg 683w, https:\/\/www.radiopiu.net\/wordpress\/wp-content\/uploads\/2023\/03\/Un_frammento_del_derby_di_andata-768x1152.jpg 768w, https:\/\/www.radiopiu.net\/wordpress\/wp-content\/uploads\/2023\/03\/Un_frammento_del_derby_di_andata-1024x1536.jpg 1024w, https:\/\/www.radiopiu.net\/wordpress\/wp-content\/uploads\/2023\/03\/Un_frammento_del_derby_di_andata-1365x2048.jpg 1365w, https:\/\/www.radiopiu.net\/wordpress\/wp-content\/uploads\/2023\/03\/Un_frammento_del_derby_di_andata-scaled.jpg 1706w\" sizes=\"auto, (max-width: 119px) 100vw, 119px\" \/><\/a>BELLUNO <\/strong>Si \u00e8 affacciato al girone di ritorno con due vittorie consecutive: contro Monselice e Mirandola. Poi, per\u00f2, il Sol Lucernari Montecchio Maggiore si \u00e8 inceppato. E sabato sera alle 20:30, nell\u2019anticipo della Spes Arena contro la Da Rold Logistics, intende riprendere il cammino.<span class=\"gmail-Apple-converted-space\">\u00a0<\/span>Per questo, e per molto altro, l\u2019ultimo derby stagionale non pu\u00f2 essere considerato a pronostico chiuso. Anche se i bellunesi, in classifica, sono ben 18 lunghezze avanti rispetto ai vicentini: \u00abAffronteremo una squadra che arriva da otto sconfitte consecutive, sette delle quali senza punti &#8211; argomenta il vice allenatore della Pallavolo Maschile Belluno, Roberto Malaguti, diventato pap\u00e0 da pochi giorni &#8211; Ma negli ultimi due incontri, contro Fano e Macerata, \u00e8 riuscita a strappare un set per partita. E ad arrivare ai vantaggi per altri due parziali\u00bb. Insomma, su con le antenne: \u00abParliamo di una compagine tenace, da affrontare con la massima concentrazione. Essendo terzultimo in graduatoria, il Sol Lucernari dovr\u00e0 fare punti per allontanarsi dalle zone pericolose: sar\u00e0 di sicuro agguerrito. In pi\u00f9 \u00e8 un derby\u00bb.<span class=\"gmail-Apple-converted-space\">\u00a0<\/span><\/p>\n","protected":false},"excerpt":{"rendered":"<p>RADIO PIU INFORMAZIONE il canale su TELEGRAM informazione di prima\u00a0 mano e in tempo reale. iscriviti ed aiutaci a farlo conoscere\u00a0 \u00a0\u00a0 &nbsp; CURIOSITA&#8217; VOGLIO UNA GUIDA&#8230; SPERICOLATA. CONFONDERE LA DESTRA CON LA SINISTRA Riceviamo, e pubblichiamo FALCADE Una guida spericolata, costantemente sulla sinistra, per oltre la linea continua di mezzeria. E&#8217; andata bene, ogni&hellip;<\/p>\n","protected":false},"author":4,"featured_media":326944,"comment_status":"closed","ping_status":"closed","sticky":false,"template":"","format":"standard","meta":{"_monsterinsights_skip_tracking":false,"_monsterinsights_sitenote_active":false,"_monsterinsights_sitenote_note":"","_monsterinsights_sitenote_category":0,"footnotes":""},"categories":[51,86,49],"tags":[],"class_list":["post-326808","post","type-post","status-publish","format-standard","has-post-thumbnail","hentry","category-evidenza-top","category-gr","category-news-18","category-51","category-86","category-49","description-off"],"img_url":"https:\/\/www.radiopiu.net\/wordpress\/wp-content\/uploads\/2023\/03\/Senza-nome-58.jpg","_links":{"self":[{"href":"https:\/\/www.radiopiu.net\/wordpress\/wp-json\/wp\/v2\/posts\/326808","targetHints":{"allow":["GET"]}}],"collection":[{"href":"https:\/\/www.radiopiu.net\/wordpress\/wp-json\/wp\/v2\/posts"}],"about":[{"href":"https:\/\/www.radiopiu.net\/wordpress\/wp-json\/wp\/v2\/types\/post"}],"author":[{"embeddable":true,"href":"https:\/\/www.radiopiu.net\/wordpress\/wp-json\/wp\/v2\/users\/4"}],"replies":[{"embeddable":true,"href":"https:\/\/www.radiopiu.net\/wordpress\/wp-json\/wp\/v2\/comments?post=326808"}],"version-history":[{"count":0,"href":"https:\/\/www.radiopiu.net\/wordpress\/wp-json\/wp\/v2\/posts\/326808\/revisions"}],"wp:featuredmedia":[{"embeddable":true,"href":"https:\/\/www.radiopiu.net\/wordpress\/wp-json\/wp\/v2\/media\/326944"}],"wp:attachment":[{"href":"https:\/\/www.radiopiu.net\/wordpress\/wp-json\/wp\/v2\/media?parent=326808"}],"wp:term":[{"taxonomy":"category","embeddable":true,"href":"https:\/\/www.radiopiu.net\/wordpress\/wp-json\/wp\/v2\/categories?post=326808"},{"taxonomy":"post_tag","embeddable":true,"href":"https:\/\/www.radiopiu.net\/wordpress\/wp-json\/wp\/v2\/tags?post=326808"}],"curies":[{"name":"wp","href":"https:\/\/api.w.org\/{rel}","templated":true}]}}