{"id":326934,"date":"2023-03-17T05:21:24","date_gmt":"2023-03-17T04:21:24","guid":{"rendered":"https:\/\/www.radiopiu.net\/wordpress\/?p=326934"},"modified":"2023-03-17T05:21:24","modified_gmt":"2023-03-17T04:21:24","slug":"la-giunta-conferma-le-aliquote-irpef","status":"publish","type":"post","link":"https:\/\/www.radiopiu.net\/wordpress\/la-giunta-conferma-le-aliquote-irpef\/","title":{"rendered":"LA GIUNTA\u00a0 CONFERMA LE ALIQUOTE\u00a0 IRPEF"},"content":{"rendered":"<blockquote>\n<h3>di GIANNI SANTOMASO<\/h3>\n<\/blockquote>\n<p style=\"text-align: left;\"><strong><a class=\"dt-pswp-item\" href=\"https:\/\/www.radiopiu.net\/wordpress\/wp-content\/uploads\/2021\/09\/DJI_0033-scaled.jpg\" data-dt-img-description=\"\" data-large_image_width=\"2560\" data-large_image_height=\"1920\"><img loading=\"lazy\" decoding=\"async\" class=\"size-medium wp-image-232650 alignleft\" src=\"https:\/\/www.radiopiu.net\/wordpress\/wp-content\/uploads\/2021\/09\/DJI_0033-300x225.jpg\" alt=\"\" width=\"300\" height=\"225\" srcset=\"https:\/\/www.radiopiu.net\/wordpress\/wp-content\/uploads\/2021\/09\/DJI_0033-300x225.jpg 300w, https:\/\/www.radiopiu.net\/wordpress\/wp-content\/uploads\/2021\/09\/DJI_0033-1024x768.jpg 1024w, https:\/\/www.radiopiu.net\/wordpress\/wp-content\/uploads\/2021\/09\/DJI_0033-768x576.jpg 768w, https:\/\/www.radiopiu.net\/wordpress\/wp-content\/uploads\/2021\/09\/DJI_0033-1536x1152.jpg 1536w, https:\/\/www.radiopiu.net\/wordpress\/wp-content\/uploads\/2021\/09\/DJI_0033-2048x1536.jpg 2048w\" sizes=\"auto, (max-width: 300px) 100vw, 300px\" \/><\/a>RIVAMONTE<\/strong> Il sindaco di Rivamonte, Nino Deon, ha convocato il consiglio comunale per mercoled\u00ec prossimo alle 18. La seduta si aprir\u00e0 con le comunicazioni del prelievo dal fondo di riserva 2022 relativo alla deliberazione di giunta (nona variazione al bilancio 2022-24 del 21 dicembre scorso) e del prelievo dal fondo accantonamento. Quindi si approver\u00e0 la convenzione con l&#8217;Unione montana agordina per la gestione in forma associata del Comitato unico di garanzia, per le pari opportunit\u00e0, la valorizzazione del benessere di chi lavora e contro le discriminazioni. Verranno poi determinate le aliquote dell&#8217;imposta municipale propria (Imu) 2023 e confermate quelle dell&#8217;addizionale comunale Irpef con contestuale delibera regolamentare.Il consiglio esaminer\u00e0 e approver\u00e0 in seguito la nota di aggiornamento del documento unico di programmazione-Dup, approver\u00e0 il bilancio di previsione 2023-2025 dell&#8217;ente, quello pluriennale 2023-2025 e previsionale 2023 di Asca-Azienda speciale consortile agordina. Infine, dopo una variazione al bilancio di previsione 2023-2025, la seduta si concluder\u00e0 con le comunicazioni del sindaco.Nel frattempo, come da ordinanza del responsabile dell&#8217;ufficio tecnico, resta chiusa fino al 24 marzo (sabato e festivi inclusi) la strada comunale di via Roma nel tratto compreso tra l&#8217;incrocio con la via Canop e il civico 5 di via Roma per permettere gli interventi di sistemazione dei franamenti causati da Vaia.<\/p>\n<p>&nbsp;<\/p>\n<p>&nbsp;<\/p>\n<hr \/>\n<p>&nbsp;<\/p>\n","protected":false},"excerpt":{"rendered":"<p>di GIANNI SANTOMASO RIVAMONTE Il sindaco di Rivamonte, Nino Deon, ha convocato il consiglio comunale per mercoled\u00ec prossimo alle 18. La seduta si aprir\u00e0 con le comunicazioni del prelievo dal fondo di riserva 2022 relativo alla deliberazione di giunta (nona variazione al bilancio 2022-24 del 21 dicembre scorso) e del prelievo dal fondo accantonamento. Quindi&hellip;<\/p>\n","protected":false},"author":4,"featured_media":232650,"comment_status":"closed","ping_status":"closed","sticky":false,"template":"","format":"standard","meta":{"_monsterinsights_skip_tracking":false,"_monsterinsights_sitenote_active":false,"_monsterinsights_sitenote_note":"","_monsterinsights_sitenote_category":0,"footnotes":""},"categories":[51,49],"tags":[],"class_list":["post-326934","post","type-post","status-publish","format-standard","has-post-thumbnail","hentry","category-evidenza-top","category-news-18","category-51","category-49","description-off"],"img_url":"https:\/\/www.radiopiu.net\/wordpress\/wp-content\/uploads\/2021\/09\/DJI_0033-scaled.jpg","_links":{"self":[{"href":"https:\/\/www.radiopiu.net\/wordpress\/wp-json\/wp\/v2\/posts\/326934","targetHints":{"allow":["GET"]}}],"collection":[{"href":"https:\/\/www.radiopiu.net\/wordpress\/wp-json\/wp\/v2\/posts"}],"about":[{"href":"https:\/\/www.radiopiu.net\/wordpress\/wp-json\/wp\/v2\/types\/post"}],"author":[{"embeddable":true,"href":"https:\/\/www.radiopiu.net\/wordpress\/wp-json\/wp\/v2\/users\/4"}],"replies":[{"embeddable":true,"href":"https:\/\/www.radiopiu.net\/wordpress\/wp-json\/wp\/v2\/comments?post=326934"}],"version-history":[{"count":0,"href":"https:\/\/www.radiopiu.net\/wordpress\/wp-json\/wp\/v2\/posts\/326934\/revisions"}],"wp:featuredmedia":[{"embeddable":true,"href":"https:\/\/www.radiopiu.net\/wordpress\/wp-json\/wp\/v2\/media\/232650"}],"wp:attachment":[{"href":"https:\/\/www.radiopiu.net\/wordpress\/wp-json\/wp\/v2\/media?parent=326934"}],"wp:term":[{"taxonomy":"category","embeddable":true,"href":"https:\/\/www.radiopiu.net\/wordpress\/wp-json\/wp\/v2\/categories?post=326934"},{"taxonomy":"post_tag","embeddable":true,"href":"https:\/\/www.radiopiu.net\/wordpress\/wp-json\/wp\/v2\/tags?post=326934"}],"curies":[{"name":"wp","href":"https:\/\/api.w.org\/{rel}","templated":true}]}}