{"id":326960,"date":"2023-03-18T05:26:08","date_gmt":"2023-03-18T04:26:08","guid":{"rendered":"https:\/\/www.radiopiu.net\/wordpress\/?p=326960"},"modified":"2023-03-18T09:22:13","modified_gmt":"2023-03-18T08:22:13","slug":"giornale-radiopiu-18-marzo-2023-direttore-mirko-mezzacasa-verso-i-40-anni-25-giugno-1983-25-giugno-2023","status":"publish","type":"post","link":"https:\/\/www.radiopiu.net\/wordpress\/giornale-radiopiu-18-marzo-2023-direttore-mirko-mezzacasa-verso-i-40-anni-25-giugno-1983-25-giugno-2023\/","title":{"rendered":"GIORNALE RADIOPIU 18 MARZO 2023 DIRETTORE MIRKO MEZZACASA&#8230;verso i 40 anni 25 giugno 1983-25 giugno 2023"},"content":{"rendered":"<h2 style=\"text-align: left;\"><span style=\"color: #ff0000;\"><a class=\"dt-pswp-item\" href=\"https:\/\/www.radiopiu.net\/wordpress\/wp-content\/uploads\/2023\/03\/d4e10229-b172-43aa-adeb-cd7a2a3e156c.jpg\" data-dt-img-description=\"\" data-large_image_width=\"1024\" data-large_image_height=\"768\"><img loading=\"lazy\" decoding=\"async\" class=\"alignnone wp-image-327099 size-full\" src=\"https:\/\/www.radiopiu.net\/wordpress\/wp-content\/uploads\/2023\/03\/d4e10229-b172-43aa-adeb-cd7a2a3e156c.jpg\" alt=\"\" width=\"1024\" height=\"768\" srcset=\"https:\/\/www.radiopiu.net\/wordpress\/wp-content\/uploads\/2023\/03\/d4e10229-b172-43aa-adeb-cd7a2a3e156c.jpg 1024w, https:\/\/www.radiopiu.net\/wordpress\/wp-content\/uploads\/2023\/03\/d4e10229-b172-43aa-adeb-cd7a2a3e156c-300x225.jpg 300w, https:\/\/www.radiopiu.net\/wordpress\/wp-content\/uploads\/2023\/03\/d4e10229-b172-43aa-adeb-cd7a2a3e156c-768x576.jpg 768w\" sizes=\"auto, (max-width: 1024px) 100vw, 1024px\" \/><\/a><\/span><\/h2>\n<h3><\/h3>\n<h3 class=\"kvgmc6g5 cxmmr5t8 oygrvhab hcukyx3x c1et5uql\"><span style=\"color: #0000ff;\"><strong>RADIO PIU INFORMAZIONE il canale su TELEGRAM informazione di prima\u00a0 <\/strong><strong>mano e in tempo reale. iscriviti ed aiutaci a farlo conoscere\u00a0 \u00a0\u00a0<\/strong><\/span><\/h3>\n<h2 style=\"text-align: left;\"><span style=\"color: #ff0000;\">ISCRIVITI AL NOSTRO CANALE YOUTUBE PER SEGUIRE IN DIRETTA I PRINCIPALI PROGRAMMI DI RADIO PIU&#8217; E LE FUTURE DIRETTE IN ESTERNA. PER ISCRIVERTI <a style=\"color: #ff0000;\" href=\"https:\/\/youtube.com\/@radiopiu1527\">CLICCA QUI<\/a> E PREMI IL TASTO &#8220;Iscriviti&#8221;\u00a0<\/span><\/h2>\n<p>&nbsp;<\/p>\n<hr \/>\n<p>&nbsp;<\/p>\n<blockquote>\n<h3>SCIVOLA PER 300 METRI IN UN CANALE<\/h3>\n<\/blockquote>\n<p><strong><a class=\"dt-pswp-item\" href=\"https:\/\/www.radiopiu.net\/wordpress\/wp-content\/uploads\/2023\/03\/Watermark_20230317_172148_486.jpg\" data-dt-img-description=\"\" data-large_image_width=\"1773\" data-large_image_height=\"2364\"><img loading=\"lazy\" decoding=\"async\" class=\"size-medium wp-image-327043 alignleft\" src=\"https:\/\/www.radiopiu.net\/wordpress\/wp-content\/uploads\/2023\/03\/Watermark_20230317_172148_486-225x300.jpg\" alt=\"\" width=\"225\" height=\"300\" srcset=\"https:\/\/www.radiopiu.net\/wordpress\/wp-content\/uploads\/2023\/03\/Watermark_20230317_172148_486-225x300.jpg 225w, https:\/\/www.radiopiu.net\/wordpress\/wp-content\/uploads\/2023\/03\/Watermark_20230317_172148_486-768x1024.jpg 768w, https:\/\/www.radiopiu.net\/wordpress\/wp-content\/uploads\/2023\/03\/Watermark_20230317_172148_486-1152x1536.jpg 1152w, https:\/\/www.radiopiu.net\/wordpress\/wp-content\/uploads\/2023\/03\/Watermark_20230317_172148_486-1536x2048.jpg 1536w, https:\/\/www.radiopiu.net\/wordpress\/wp-content\/uploads\/2023\/03\/Watermark_20230317_172148_486.jpg 1773w\" sizes=\"auto, (max-width: 225px) 100vw, 225px\" \/><\/a>LONGARONE\u00a0 <\/strong>Ieri mattina, mentre percorreva a piedi con un amico un sentiero in zona Cima de l&#8217;Albero, sopra Podenzoi, nell&#8217;attraversare una lingua di neve un escursionista di 60 anni di Mareno di Piave (TV) \u00e8 scivolato senza riuscire a fermarsi ed \u00e8 sparito nel canale sottostante. Il compagno ha lanciato l&#8217;allarme iniziando a scendere per cercare di individuarlo. Ricevute le indicazioni del luogo, l&#8217;elicottero del Suem di Pieve di Cadore ha effettuato una ricognizione, finch\u00e9 l&#8217;equipaggio non ha intravisto l&#8217;uomo, fermatosi quasi in fondo al canale dopo 300 metri di scivolata. Calati con un verricello di 40 metri, equipe medica e tecnico di elisoccorso hanno prestato le prime cure all&#8217;infortunato, che era cosciente e aveva riportato possibili traumi, nonch\u00e9 diffuse escoriazioni dovute allo sfregamento sulla neve. Imbarellato, l&#8217;escursionista \u00e8 stato issato a bordo e trasportato all&#8217;ospedale di Treviso.Successivamente \u00e8 stato recuperato anche il compagno, che nel frattempo era risalito e si era spostato su una cresta vicina.<\/p>\n<p>L&#8217;eliambulanza \u00e8 stata inoltre inviata sui Cadini di Misurina, ad Auronzo di Cadore, per uno scialpinista caduto scendendo con altre persone dalla Forcella del Diavolo. Grazie alle indicazioni fornite da alcuni soccorritori, che stavano partecipando a un corso nelle vicinanze e hanno collaborato con l&#8217;equipaggio nell&#8217;individuazione, lo sciatore, 68anni, tedesco, che aveva sbattuto il fondoschiena, \u00e8 stato raggiunto dal tecnico di elisoccorso e recuperato, per essere poi accompagnato all&#8217;ospedale di Pieve di Cadore.<\/p>\n<p>&nbsp;<\/p>\n<p>&nbsp;<\/p>\n<p>&nbsp;<\/p>\n<p>&nbsp;<\/p>\n<p>&nbsp;<\/p>\n<p>&nbsp;<\/p>\n<p>&nbsp;<\/p>\n<hr \/>\n<p>&nbsp;<\/p>\n<p>&nbsp;<\/p>\n<p><a class=\"dt-pswp-item\" href=\"https:\/\/www.radiopiu.net\/wordpress\/wp-content\/uploads\/2023\/03\/TERR.jpg\" data-dt-img-description=\"\" data-large_image_width=\"342\" data-large_image_height=\"263\"><img loading=\"lazy\" decoding=\"async\" class=\"wp-image-327097 alignleft\" src=\"https:\/\/www.radiopiu.net\/wordpress\/wp-content\/uploads\/2023\/03\/TERR-300x231.jpg\" alt=\"\" width=\"183\" height=\"141\" srcset=\"https:\/\/www.radiopiu.net\/wordpress\/wp-content\/uploads\/2023\/03\/TERR-300x231.jpg 300w, https:\/\/www.radiopiu.net\/wordpress\/wp-content\/uploads\/2023\/03\/TERR.jpg 342w\" sizes=\"auto, (max-width: 183px) 100vw, 183px\" \/><\/a><strong>TERREMOTO AL CONFINE<\/strong><\/p>\n<p><strong>TREVISO<\/strong> Scossa di terremoto appena percettibile, 1,4 gradi della scala Richter e 2 chilometri da Pederobba, 3 da Valdobbiadene. Il movimento tellurico ieri mattina alle 10.<\/p>\n<p>&nbsp;<\/p>\n<p>&nbsp;<\/p>\n<p>&nbsp;<\/p>\n<p>&nbsp;<\/p>\n<hr \/>\n<p>&nbsp;<\/p>\n<p>&nbsp;<\/p>\n<blockquote>\n<h3><img loading=\"lazy\" decoding=\"async\" class=\"alignleft\" src=\"https:\/\/www.radiopiu.net\/wordpress\/wp-content\/uploads\/2023\/03\/193957458-cd3a42de-afdc-4079-ac63-7127a69d1f0b.webp\" width=\"336\" height=\"189\" \/>DALL&#8217;AGORDINO L&#8217;ABBRACCIO AD ALVISE, A TUTTA LA FAMIGLIA.<\/h3>\n<\/blockquote>\n<p><strong>BELLUNO<\/strong> Ti siamo vicini caro amico, vicini nell&#8217;abbraccio solidale per la perdita della tua amata Sabina. Una notizia che rimbomba nei nostri cuori. Sabina Quinz\u00a0 (54 anni) si \u00e8 arresa alla malattia, che nell&#8217;ultimo anno non l&#8217;ha avuta facile con la ragazza originaria di Sappada, ma da sempre a Cavarzano. Ha continuato a vivere, lavorare da Blue Dress del cognato Alessio.<\/p>\n<p>Forza Alvise, Alice,\u00a0 Alessandro.<\/p>\n<p><strong>Il messaggio di cordoglio della SSD Dolomiti al Presidente Alvise Bortolini<\/strong><br \/>\n<em>\u00a0\u00abLa societ\u00e0\u00a0 si stringe commossa al presidente della Canottieri Belluno, Alvise Bortolini, in seguito alla scomparsa della moglie, Sabina. Pur consapevoli che, in questo momento, ogni parola suona vuota e retorica, ci teniamo a rivolgere un pensiero di vicinanza, oltre a un profondo, intenso e per quanto simbolico abbraccio ad Alvise e alla sua famiglia\u00bb<\/em><\/p>\n<p>&nbsp;<\/p>\n<hr \/>\n<p>&nbsp;<\/p>\n<blockquote>\n<h3>BADANTE CLEPTOMANE, STANGATA IN TRIBUNALE<\/h3>\n<\/blockquote>\n<p><strong>OGGI SUL CORRIERE DELLE ALPI<\/strong><\/p>\n<p><strong>DI GIGI SOSSO<\/strong><\/p>\n<blockquote><p><em> <a class=\"dt-pswp-item\" href=\"https:\/\/www.radiopiu.net\/wordpress\/wp-content\/uploads\/2023\/03\/nursing-home-7211204__340.png\" data-dt-img-description=\"\" data-large_image_width=\"453\" data-large_image_height=\"340\"><img loading=\"lazy\" decoding=\"async\" class=\"wp-image-327087 alignleft\" src=\"https:\/\/www.radiopiu.net\/wordpress\/wp-content\/uploads\/2023\/03\/nursing-home-7211204__340-300x225.png\" alt=\"\" width=\"177\" height=\"133\" srcset=\"https:\/\/www.radiopiu.net\/wordpress\/wp-content\/uploads\/2023\/03\/nursing-home-7211204__340-300x225.png 300w, https:\/\/www.radiopiu.net\/wordpress\/wp-content\/uploads\/2023\/03\/nursing-home-7211204__340.png 453w\" sizes=\"auto, (max-width: 177px) 100vw, 177px\" \/><\/a>Tre o quattro anni fa F.D.Z. prestava servizio come badante e donna delle pulizie per una ultraottantenne di Belluno. Una donna vulnerabile e non autonoma, che morir\u00e0 di malattia poco tempo dopo i fatti. La famiglia dell&#8217;anziana si fidava senza riserve di lei.\u00a0<\/em><\/p><\/blockquote>\n<p>La cleptomania non la salva da una pesante condanna. Non \u00e8 bastato un certificato medico della Psichiatria con diagnosi e prescrizione di farmaci, per evitare a una badante &#8211; non solo infedele ma anche armata &#8211; una condanna a quattro anni e sei mesi di reclusione per furto in appartamento di gioielli e detenzione illegale di una pistola. La sentenza del giudice Coniglio \u00e8 andata oltre la richiesta di tre anni e sei mesi del pm Maria Luisa Pesco, dopo che l&#8217;avvocato difensore Giorgio Gasperin aveva concluso la propria arringa con l&#8217;assoluzione, sulla base proprio del referto medico che aveva prodotto.<\/p>\n<p>&nbsp;<\/p>\n<hr \/>\n<p>&nbsp;<\/p>\n<blockquote>\n<h3>NEUROLOGIE DI FELTRE E BELLUNO, PER L&#8217;ORDINE DEI MEDICI VANNO ACCORPATE<\/h3>\n<\/blockquote>\n<p><strong><a class=\"dt-pswp-item\" href=\"https:\/\/www.radiopiu.net\/wordpress\/wp-content\/uploads\/2023\/03\/Senza-nome-59.jpg\" data-dt-img-description=\"\" data-large_image_width=\"302\" data-large_image_height=\"196\"><img loading=\"lazy\" decoding=\"async\" class=\"size-medium wp-image-327013 alignleft\" src=\"https:\/\/www.radiopiu.net\/wordpress\/wp-content\/uploads\/2023\/03\/Senza-nome-59-300x195.jpg\" alt=\"\" width=\"300\" height=\"195\" srcset=\"https:\/\/www.radiopiu.net\/wordpress\/wp-content\/uploads\/2023\/03\/Senza-nome-59-300x195.jpg 300w, https:\/\/www.radiopiu.net\/wordpress\/wp-content\/uploads\/2023\/03\/Senza-nome-59.jpg 302w\" sizes=\"auto, (max-width: 300px) 100vw, 300px\" \/><\/a>BELLUNO<\/strong> L&#8217;Ordine dei medici di Belluno sollecita la Direzione Strategica dell&#8217;Ulss1 a promuovere al pi\u00f9 presto una reale integrazione tra le realt\u00e0 sanitarie operanti dei distretti di Feltre e Belluno.\u00a0 Le recenti allarmanti notizie sulla Neurologia della Ulss1, le preoccupazioni espresse dalla Direzione Generale, sono state colte dall&#8217;Ordine dei Medici di Belluno.<em> &#8220;Non resta che augurarsi che\u00a0 siano sufficienti le misure in atto per reclutare specialisti neurologi&#8221;<\/em><span style=\"font-family: Times New Roman, serif;\"><span style=\"font-size: medium;\">. L&#8217;Ordine dei Medici mette in evidenza la mancanza<\/span><\/span><span style=\"font-family: Times New Roman, serif;\"><span style=\"font-size: medium;\"> di una progettualit\u00e0 organizzativa che accorpi le Neurologie di Belluno e Feltre <em>&#8220;<\/em><\/span><\/span><em><span style=\"font-family: Times New Roman, serif;\"><span style=\"font-size: medium;\">Anzich\u00e9 promuovere una reale collaborazione, si creano le condizioni per mantenere vecchi conflitti e se ne creino di nuovi, alimentati dalla crescente penuria di risorse&#8221; <\/span><\/span><\/em><span style=\"font-family: Times New Roman, serif;\"><span style=\"font-size: medium;\">si legge nella nota dell&#8217;Ordine. Altro motivo di preoccupazione: <\/span><\/span><span style=\"font-family: Times New Roman, serif;\"><span style=\"font-size: medium;\">la mancata assegnazione di incarichi di direzione di importanti strutture dipartimentali. L&#8217;Ordine lancia quindi l&#8217;ultimatum <em>&#8220;Sar\u00e0<\/em><\/span><\/span><em><span style=\"font-family: Times New Roman, serif;\"><span style=\"font-size: medium;\"> un dovere etico e deontologico farsi portatore in ogni sede e pubblicamente degli interessi della professione che l&#8217;Ordine\u00a0 rappresenta e della doverosit\u00e0 di tutelare la erogazione di prestazioni sanitarie all\u2019insegna della equit\u00e0 e della eguaglianza, oltre che della sostenibilit\u00e0&#8221;. <\/span><\/span><\/em><\/p>\n<p>&nbsp;<\/p>\n<p>&nbsp;<\/p>\n<p>&nbsp;<\/p>\n<hr \/>\n<blockquote>\n<h3>PERIODO DI SICCITA&#8217;, RITARDATA L\u2019APERTURA DELLE FONTANE CIMITERIALI<\/h3>\n<\/blockquote>\n<p><strong><a class=\"dt-pswp-item\" href=\"https:\/\/www.radiopiu.net\/wordpress\/wp-content\/uploads\/2023\/03\/Fontane-cimiteriali-Feltre.jpg\" data-dt-img-description=\"\" data-large_image_width=\"2255\" data-large_image_height=\"1488\"><img loading=\"lazy\" decoding=\"async\" class=\" wp-image-327002 alignleft\" src=\"https:\/\/www.radiopiu.net\/wordpress\/wp-content\/uploads\/2023\/03\/Fontane-cimiteriali-Feltre-300x198.jpg\" alt=\"\" width=\"180\" height=\"119\" srcset=\"https:\/\/www.radiopiu.net\/wordpress\/wp-content\/uploads\/2023\/03\/Fontane-cimiteriali-Feltre-300x198.jpg 300w, https:\/\/www.radiopiu.net\/wordpress\/wp-content\/uploads\/2023\/03\/Fontane-cimiteriali-Feltre-1024x676.jpg 1024w, https:\/\/www.radiopiu.net\/wordpress\/wp-content\/uploads\/2023\/03\/Fontane-cimiteriali-Feltre-768x507.jpg 768w, https:\/\/www.radiopiu.net\/wordpress\/wp-content\/uploads\/2023\/03\/Fontane-cimiteriali-Feltre-1536x1014.jpg 1536w, https:\/\/www.radiopiu.net\/wordpress\/wp-content\/uploads\/2023\/03\/Fontane-cimiteriali-Feltre-2048x1351.jpg 2048w\" sizes=\"auto, (max-width: 180px) 100vw, 180px\" \/><\/a>FELTRE <\/strong>Il lungo periodo di siccit\u00e0 che si protrae, di fatto, dallo scorso anno non accenna a terminare e, anzi, la situazione si presenta in prospettiva ulteriormente difficile. Le precipitazioni degli ultimi mesi sono state minime e anche gli accumuli nevosi in quota sono pressoch\u00e9 nulli. Uno stato di cose che ha indotto l\u2019Amministrazione comunale ad un prima scelta prudenziale. <em>&#8220;<\/em><em>Ben comprendendo le richieste dei cittadini di aprire le fontane cimiteriali, siamo per\u00f2 costretti, vista l&#8217;estrema siccit\u00e0 che permane da molto tempo, a rinviarne l\u2019apertura. &#8211; spiega il consigliere delegato Sebastiano Slongo &#8211; non possiamo che essere estremamente preoccupati, anche in considerazione della quantit\u00e0 di neve accumulata in quota, assolutamente minima<\/em>.\u201d<strong><br \/>\n<\/strong><\/p>\n<p>&nbsp;<\/p>\n<p>&nbsp;<\/p>\n<hr \/>\n<p>&nbsp;<\/p>\n<blockquote>\n<h3>VIA IL LEGNAME DAL LETTO DEI FIUMI, DA ROMA IL DECRETO<\/h3>\n<\/blockquote>\n<blockquote><p><em><img loading=\"lazy\" decoding=\"async\" class=\"alignleft\" src=\"https:\/\/www.radiopiu.net\/wordpress\/wp-content\/uploads\/2018\/11\/592e8570-c742-4e3f-8539-8220b1587da8.jpg\" width=\"221\" height=\"147\" \/>Gianpaolo Bottacin; Il Veneto ha fatto scuola\u00a0<\/em><\/p><\/blockquote>\n<p><strong>VENEZIA<\/strong> Nel &#8220;decreto legna&#8221; proposto dal Ministero dell&#8217;Agricoltura vengono introdotte delle semplificazioni atte ad agevolare la raccolta del legname depositato naturalmente nell&#8217;alveo dei fiumi. La delibera promossa dall&#8217;assessore Bottacin <em>&#8220;Deve essere previsto un procedimento semplificato che preveda la cessione gratuita del materiale legnoso, previa comunicazione in carta semplice, 7 giorni di tempo per rispondere, in caso contrario tacito assenso&#8221;.<\/em><\/p>\n<p><strong>L&#8217;ASSESSORE GIANPAOLO BOTTACIN<\/strong><\/p>\n<div style=\"width: 352px;\" class=\"wp-video\"><video class=\"wp-video-shortcode\" id=\"video-326960-1\" width=\"352\" height=\"640\" preload=\"metadata\" controls=\"controls\"><source type=\"video\/mp4\" src=\"https:\/\/www.radiopiu.net\/wordpress\/wp-content\/uploads\/2023\/03\/WhatsApp-Video-2023-03-17-at-15.00.56.mp4?_=1\" \/><a href=\"https:\/\/www.radiopiu.net\/wordpress\/wp-content\/uploads\/2023\/03\/WhatsApp-Video-2023-03-17-at-15.00.56.mp4\">https:\/\/www.radiopiu.net\/wordpress\/wp-content\/uploads\/2023\/03\/WhatsApp-Video-2023-03-17-at-15.00.56.mp4<\/a><\/video><\/div>\n<p>&nbsp;<\/p>\n<hr \/>\n<p>&nbsp;<\/p>\n<blockquote>\n<h3>VIVAIO DOLOMITI PLAUDE A TERNA<\/h3>\n<p><strong>DI VIVAIO DOLOMITI<\/strong><\/p><\/blockquote>\n<p><strong><a class=\"dt-pswp-item\" href=\"https:\/\/www.radiopiu.net\/wordpress\/wp-content\/uploads\/2022\/11\/Terna-Demolizione-Auronzo-1.jpeg\" data-dt-img-description=\"\" data-large_image_width=\"639\" data-large_image_height=\"481\"><img loading=\"lazy\" decoding=\"async\" class=\"wp-image-308090 alignleft\" src=\"https:\/\/www.radiopiu.net\/wordpress\/wp-content\/uploads\/2022\/11\/Terna-Demolizione-Auronzo-1-300x226.jpeg\" alt=\"\" width=\"161\" height=\"121\" srcset=\"https:\/\/www.radiopiu.net\/wordpress\/wp-content\/uploads\/2022\/11\/Terna-Demolizione-Auronzo-1-300x226.jpeg 300w, https:\/\/www.radiopiu.net\/wordpress\/wp-content\/uploads\/2022\/11\/Terna-Demolizione-Auronzo-1.jpeg 639w\" sizes=\"auto, (max-width: 161px) 100vw, 161px\" \/><\/a>BELLUNO<\/strong> Complimenti a Terna per i nuovi progetti hi tech lanciati con il Piano di Sviluppo 2023. Tutte cose che noi suggerivamo da anni, per il progetto media valle del Piave. Ma vista la nostra debole politica locale era pi\u00f9 facile convincere le nostre istituzioni (e non solo) che interrare e usare la corrente continua non si poteva.\u00a0 Abbiamo la presunzione di credere che una piccola parte di merito per questo cambio progettuale strategico sia pure nostra. Un ringraziamento in particolare a tutti politici che hanno portato le nostre istanze a livello romano\u00a0 con atti ufficiali.<\/p>\n<p>&nbsp;<\/p>\n<p>&nbsp;<\/p>\n<hr \/>\n<p>&nbsp;<\/p>\n<blockquote>\n<h3>AUTO ELETTRICHE. BOTTACIN: NESSUNO E\u2019 CONTRO, MA OGNI NUOVO PASSO TECNOLOGICO VA FATTO PENSANDO AL BENE DI TUTTI<\/h3>\n<\/blockquote>\n<p><strong><a class=\"dt-pswp-item\" href=\"https:\/\/www.radiopiu.net\/wordpress\/wp-content\/uploads\/2020\/10\/SCARICO-AUTO.jpg\" data-dt-img-description=\"\" data-large_image_width=\"1920\" data-large_image_height=\"1282\"><img loading=\"lazy\" decoding=\"async\" class=\" wp-image-164611 alignleft\" src=\"https:\/\/www.radiopiu.net\/wordpress\/wp-content\/uploads\/2020\/10\/SCARICO-AUTO-300x200.jpg\" alt=\"\" width=\"170\" height=\"113\" srcset=\"https:\/\/www.radiopiu.net\/wordpress\/wp-content\/uploads\/2020\/10\/SCARICO-AUTO-300x200.jpg 300w, https:\/\/www.radiopiu.net\/wordpress\/wp-content\/uploads\/2020\/10\/SCARICO-AUTO-1024x684.jpg 1024w, https:\/\/www.radiopiu.net\/wordpress\/wp-content\/uploads\/2020\/10\/SCARICO-AUTO-768x513.jpg 768w, https:\/\/www.radiopiu.net\/wordpress\/wp-content\/uploads\/2020\/10\/SCARICO-AUTO-1536x1026.jpg 1536w, https:\/\/www.radiopiu.net\/wordpress\/wp-content\/uploads\/2020\/10\/SCARICO-AUTO.jpg 1920w\" sizes=\"auto, (max-width: 170px) 100vw, 170px\" \/><\/a>VENEZIA <\/strong>\u201c<em>Ben vengano le auto elettriche, ma questo non si deve tradurre nella eliminazione tout court delle auto a combustione interna (benzina e gasolio o carburanti alternativi). Affidiamoci al buon senso: nessuno dice che bisogna fermare l\u2019evoluzione della tecnologia, ma dev\u2019essere ponderata e conquistata pensando al bene di tutti. Si tratta di direttive che rischiano di pregiudicare fortemente la vita di cittadini e famiglie, che reputo giusto possano esprime la loro contrariet\u00e0 alla volont\u00e0 dell\u2019Unione Europea di vietare la produzione di auto a combustione interna a partire dal 2035, tramite le istituzioni e libere iniziative\u201d<\/em>. E\u2019 il pensiero espresso dall\u2019assessore regionale veneto all\u2019Ambiente, Gianpaolo Bottacin, sul tema delle auto elettriche affrontato anche in Consiglio regionale.<\/p>\n<p>&nbsp;<\/p>\n<hr \/>\n<p>&nbsp;<\/p>\n<blockquote>\n<h3>MARCIAPIEDI VERSO I NUOVI INSEDIAMENTI PRODUTTIVI<\/h3>\n<\/blockquote>\n<p><strong>PONTE NELLE ALPI<\/strong> Secondo stralcio dei marciapiedi,\u00a0 opera da 700mila euro, grazie ai fondi europei del Pnrr.<span class=\"gmail-Apple-converted-space\">\u00a0 \u00a0<\/span>L\u2019area in questione, inoltre, \u00e8 interessata da nuovi insediamenti produttivi (come quello della Amonn): di conseguenza, la sicurezza di auto e pedoni diventa sempre pi\u00f9 centrale. Non mancheranno poi dei passaggi appositi per le biciclette, che dovranno transitare verso la ciclopedonale Ponte-Cadola e Soverzene-Soccher. I cantieri, secondo i tecnici, non provocheranno particolari criticit\u00e0 al traffico, mentre l\u2019inizio dei lavori \u00e8 previsto per la primavera 2023.<\/p>\n\n\t\t\t<style type='text\/css'>\n\t\t\t\t#gallery-1 {\n\t\t\t\t\tmargin: auto;\n\t\t\t\t}\n\t\t\t\t#gallery-1 .gallery-item {\n\t\t\t\t\tfloat: left;\n\t\t\t\t\tmargin-top: 10px;\n\t\t\t\t\ttext-align: center;\n\t\t\t\t\twidth: 33%;\n\t\t\t\t}\n\t\t\t\t#gallery-1 img {\n\t\t\t\t\tborder: 2px solid #cfcfcf;\n\t\t\t\t}\n\t\t\t\t#gallery-1 .gallery-caption {\n\t\t\t\t\tmargin-left: 0;\n\t\t\t\t}\n\t\t\t\t\/* see gallery_shortcode() in wp-includes\/media.php *\/\n\t\t\t<\/style>\n\t\t<div id='gallery-1' class='dt-gallery-container gallery galleryid-326960 gallery-columns-3 gallery-size-thumbnail'><dl class='gallery-item'>\n\t\t\t\t<dt class='gallery-icon landscape'>\n\t\t\t\t\t<a class=\"rollover\" href='https:\/\/www.radiopiu.net\/wordpress\/giornale-radiopiu-18-marzo-2023-direttore-mirko-mezzacasa-verso-i-40-anni-25-giugno-1983-25-giugno-2023\/progetto_1\/'><img loading=\"lazy\" decoding=\"async\" width=\"150\" height=\"150\" src=\"https:\/\/www.radiopiu.net\/wordpress\/wp-content\/uploads\/2023\/03\/Progetto_1-150x150.jpg\" class=\"attachment-thumbnail size-thumbnail\" alt=\"\" \/><\/a>\n\t\t\t\t<\/dt><\/dl><dl class='gallery-item'>\n\t\t\t\t<dt class='gallery-icon landscape'>\n\t\t\t\t\t<a class=\"rollover\" href='https:\/\/www.radiopiu.net\/wordpress\/giornale-radiopiu-18-marzo-2023-direttore-mirko-mezzacasa-verso-i-40-anni-25-giugno-1983-25-giugno-2023\/progetto_2\/'><img loading=\"lazy\" decoding=\"async\" width=\"150\" height=\"150\" src=\"https:\/\/www.radiopiu.net\/wordpress\/wp-content\/uploads\/2023\/03\/Progetto_2-150x150.jpg\" class=\"attachment-thumbnail size-thumbnail\" alt=\"\" \/><\/a>\n\t\t\t\t<\/dt><\/dl><dl class='gallery-item'>\n\t\t\t\t<dt class='gallery-icon landscape'>\n\t\t\t\t\t<a class=\"rollover\" href='https:\/\/www.radiopiu.net\/wordpress\/giornale-radiopiu-18-marzo-2023-direttore-mirko-mezzacasa-verso-i-40-anni-25-giugno-1983-25-giugno-2023\/progetto_3\/'><img loading=\"lazy\" decoding=\"async\" width=\"150\" height=\"150\" src=\"https:\/\/www.radiopiu.net\/wordpress\/wp-content\/uploads\/2023\/03\/Progetto_3-150x150.jpg\" class=\"attachment-thumbnail size-thumbnail\" alt=\"\" \/><\/a>\n\t\t\t\t<\/dt><\/dl><br style=\"clear: both\" \/>\n\t\t\t<\/div>\n\n<p>&nbsp;<\/p>\n<hr \/>\n<p>&nbsp;<\/p>\n<blockquote>\n<h3>LONGARONE, DIECI ANNI DI FAI BELLUNO NEL SESSANTESIMO DEL VAJONT<\/h3>\n<\/blockquote>\n<p><strong><a class=\"dt-pswp-item\" href=\"https:\/\/www.radiopiu.net\/wordpress\/wp-content\/uploads\/2023\/03\/cd72a5a9-072c-415d-9407-39f6aa77032c.jpg\" data-dt-img-description=\"\" data-large_image_width=\"2048\" data-large_image_height=\"1536\"><img loading=\"lazy\" decoding=\"async\" class=\"wp-image-327027 alignleft\" src=\"https:\/\/www.radiopiu.net\/wordpress\/wp-content\/uploads\/2023\/03\/cd72a5a9-072c-415d-9407-39f6aa77032c-300x225.jpg\" alt=\"\" width=\"280\" height=\"210\" srcset=\"https:\/\/www.radiopiu.net\/wordpress\/wp-content\/uploads\/2023\/03\/cd72a5a9-072c-415d-9407-39f6aa77032c-300x225.jpg 300w, https:\/\/www.radiopiu.net\/wordpress\/wp-content\/uploads\/2023\/03\/cd72a5a9-072c-415d-9407-39f6aa77032c-1024x768.jpg 1024w, https:\/\/www.radiopiu.net\/wordpress\/wp-content\/uploads\/2023\/03\/cd72a5a9-072c-415d-9407-39f6aa77032c-768x576.jpg 768w, https:\/\/www.radiopiu.net\/wordpress\/wp-content\/uploads\/2023\/03\/cd72a5a9-072c-415d-9407-39f6aa77032c-1536x1152.jpg 1536w, https:\/\/www.radiopiu.net\/wordpress\/wp-content\/uploads\/2023\/03\/cd72a5a9-072c-415d-9407-39f6aa77032c.jpg 2048w\" sizes=\"auto, (max-width: 280px) 100vw, 280px\" \/><\/a>BELLUNO<br \/>\n<\/strong>Sar\u00e0 il comune di Longarone ad ospitare le Giornate FAI di primavera, in calendario per il 25 e 26 marzo. I luoghi prescelti sono Palazzo Mazzol\u00e0, i murazzi e la Chiesa di Santa Maria Immacolata.<\/p>\n<p>&nbsp;<\/p>\n<p>&nbsp;<\/p>\n<p><strong>DI DANIELE DALVIT<\/strong><\/p>\n<audio class=\"wp-audio-shortcode\" id=\"audio-326960-1\" preload=\"none\" style=\"width: 100%;\" controls=\"controls\"><source type=\"audio\/mpeg\" src=\"https:\/\/www.radiopiu.net\/wordpress\/wp-content\/uploads\/2023\/03\/daniele-fai.mp3?_=1\" \/><a href=\"https:\/\/www.radiopiu.net\/wordpress\/wp-content\/uploads\/2023\/03\/daniele-fai.mp3\">https:\/\/www.radiopiu.net\/wordpress\/wp-content\/uploads\/2023\/03\/daniele-fai.mp3<\/a><\/audio>\n<p>&nbsp;<\/p>\n<hr \/>\n<p>&nbsp;<\/p>\n<blockquote>\n<h3>24 MARZO, 11^ GIORNATA INTERNAZIONALE DEL GELATO ARTIGIANALE<\/h3>\n<\/blockquote>\n<p><strong><img loading=\"lazy\" decoding=\"async\" class=\"alignleft\" src=\"https:\/\/www.radiopiu.net\/wordpress\/wp-content\/uploads\/2023\/03\/65f8a095-24ba-4994-9aa9-50ce113c03f6.jpg\" width=\"281\" height=\"211\" \/>LONGARONE<\/strong><\/p>\n<p><strong>DI MORENO GIOLI<\/strong><\/p>\n<audio class=\"wp-audio-shortcode\" id=\"audio-326960-2\" preload=\"none\" style=\"width: 100%;\" controls=\"controls\"><source type=\"audio\/mpeg\" src=\"https:\/\/www.radiopiu.net\/wordpress\/wp-content\/uploads\/2023\/03\/giornata-del-gelato.mp3?_=2\" \/><a href=\"https:\/\/www.radiopiu.net\/wordpress\/wp-content\/uploads\/2023\/03\/giornata-del-gelato.mp3\">https:\/\/www.radiopiu.net\/wordpress\/wp-content\/uploads\/2023\/03\/giornata-del-gelato.mp3<\/a><\/audio>\n<p>&nbsp;<\/p>\n<p>&nbsp;<\/p>\n<p>&nbsp;<\/p>\n<p>&nbsp;<\/p>\n<hr \/>\n<p>&nbsp;<\/p>\n<blockquote>\n<h3>&#8220;SIAMO BELLUNO&#8221; INCONTRA IL SINDACO E PRESENTA GLI OBIETTIVI<\/h3>\n<\/blockquote>\n<p><a class=\"dt-pswp-item\" href=\"https:\/\/www.radiopiu.net\/wordpress\/wp-content\/uploads\/2023\/03\/2023.03.17-Foto-Incontro-Sindaco-Belluno.jpeg\" data-dt-img-description=\"\" data-large_image_width=\"1150\" data-large_image_height=\"819\"><img loading=\"lazy\" decoding=\"async\" class=\" wp-image-327018 alignleft\" src=\"https:\/\/www.radiopiu.net\/wordpress\/wp-content\/uploads\/2023\/03\/2023.03.17-Foto-Incontro-Sindaco-Belluno-300x214.jpeg\" alt=\"\" width=\"233\" height=\"166\" srcset=\"https:\/\/www.radiopiu.net\/wordpress\/wp-content\/uploads\/2023\/03\/2023.03.17-Foto-Incontro-Sindaco-Belluno-300x214.jpeg 300w, https:\/\/www.radiopiu.net\/wordpress\/wp-content\/uploads\/2023\/03\/2023.03.17-Foto-Incontro-Sindaco-Belluno-1024x729.jpeg 1024w, https:\/\/www.radiopiu.net\/wordpress\/wp-content\/uploads\/2023\/03\/2023.03.17-Foto-Incontro-Sindaco-Belluno-768x547.jpeg 768w, https:\/\/www.radiopiu.net\/wordpress\/wp-content\/uploads\/2023\/03\/2023.03.17-Foto-Incontro-Sindaco-Belluno.jpeg 1150w\" sizes=\"auto, (max-width: 233px) 100vw, 233px\" \/><\/a><strong>BELLUNO <\/strong>SiAmo Belluno, neonato laboratorio politico composto da alcuni giovani e da volti nuovi desideroso di occuparsi fattivamente della propria citt\u00e0, ha incontrato nei giorni scorsi il Sindaco di Belluno Oscar De Pellegrin per illustrare le finalit\u00e0 e i primissimi obbiettivi del gruppo.\u00ab\u00c8 stata una cordiale chiacchierata\u00a0 &#8211; spiega Biagio\u00a0 Giannone, gi\u00e0 assessore in Comune &#8211; occasione per sottolineare quale sia per noi l&#8217;importanza del coinvolgimento dei cittadini che vedono la politica sempre pi\u00f9 distante; vogliamo farlo promuovendo partecipazione e idee, mettendo a disposizione le esperienze amministrative e le professionalit\u00e0 di imprenditori e liberi professionisti&#8221;.<\/p>\n<blockquote><p><em>Questa nuova realt\u00e0 civica sta muovendo i primi passi e ha voluto farlo, nelle sue prime uscite pubbliche, tendendo la mano a quelle associazioni che si occupano del territorio in maniera gratuita e volontaria. Individuate le prime due associazioni con cui collaborare: Belluno Donna e Belluno Alpina. Saranno organizzati incontri e tavola rotonda dedicata al Comprensorio Prealpino Bellunese.<\/em><\/p><\/blockquote>\n<p>In foto Sergio Dal Vit, Oscar De Pellegrin, Biagio Giannone.<\/p>\n<p>&nbsp;<\/p>\n<hr \/>\n<p>&nbsp;<\/p>\n<p><span style=\"color: #ff0000;\"><strong>GLI SPECIALI DI RADIOPIU ieri alla radio oggi in podcast<\/strong><\/span><\/p>\n<blockquote>\n<h3>BOSTRICO, LA DIRETTA DI RADIO PIU&#8217; DALLA SALA DON TAMIS<\/h3>\n<\/blockquote>\n<blockquote class=\"wp-embedded-content\" data-secret=\"8fKccNWpSJ\"><p><a href=\"https:\/\/www.radiopiu.net\/wordpress\/in-sala-don-tamis-si-parla-di-bostrico\/\">IN SALA DON TAMIS SI PARLA DI BOSTRICO<\/a><\/p><\/blockquote>\n<p><iframe loading=\"lazy\" class=\"wp-embedded-content\" sandbox=\"allow-scripts\" security=\"restricted\" style=\"position: absolute; clip: rect(1px, 1px, 1px, 1px);\" title=\"&#8220;IN SALA DON TAMIS SI PARLA DI BOSTRICO&#8221; &#8212; Radio Pi\u00f9\" src=\"https:\/\/www.radiopiu.net\/wordpress\/in-sala-don-tamis-si-parla-di-bostrico\/embed\/#?secret=MR3jE6nqO1#?secret=8fKccNWpSJ\" data-secret=\"8fKccNWpSJ\" width=\"600\" height=\"338\" frameborder=\"0\" marginwidth=\"0\" marginheight=\"0\" scrolling=\"no\"><\/iframe><\/p>\n<p>&nbsp;<\/p>\n<p>&nbsp;<\/p>\n<hr \/>\n<p>&nbsp;<\/p>\n<p><span style=\"color: #ff0000;\"><strong>GLI SPECIALI DEL CORRIERE DELLE ALPI oggi in edicola<\/strong><\/span><\/p>\n<p><a class=\"dt-pswp-item\" href=\"https:\/\/www.radiopiu.net\/wordpress\/wp-content\/uploads\/2023\/03\/spec.jpg\" data-dt-img-description=\"\" data-large_image_width=\"446\" data-large_image_height=\"149\"><img loading=\"lazy\" decoding=\"async\" class=\"wp-image-327092 size-full aligncenter\" src=\"https:\/\/www.radiopiu.net\/wordpress\/wp-content\/uploads\/2023\/03\/spec.jpg\" alt=\"\" width=\"446\" height=\"149\" srcset=\"https:\/\/www.radiopiu.net\/wordpress\/wp-content\/uploads\/2023\/03\/spec.jpg 446w, https:\/\/www.radiopiu.net\/wordpress\/wp-content\/uploads\/2023\/03\/spec-300x100.jpg 300w\" sizes=\"auto, (max-width: 446px) 100vw, 446px\" \/>\u00a0<\/a><\/p>\n<p>&nbsp;<\/p>\n<hr \/>\n<p>&nbsp;<\/p>\n<blockquote>\n<h3>DA LUNEDI CHIUSURE DELLA 51 A LONGARONE<\/h3>\n<\/blockquote>\n<p><b><img loading=\"lazy\" decoding=\"async\" class=\"alignleft\" src=\"https:\/\/www.radiopiu.net\/wordpress\/wp-content\/uploads\/2022\/07\/ANAS_la-strada-non-posacenere-1920x1080-1.jpg\" width=\"225\" height=\"126\" \/>VENEZIA\u00a0 <\/b>Sulla strada statale 51 \u201cdi Alemagna\u201d, a partire da luned\u00ec 20 marzo saranno avviati gli interventi di riqualificazione di un cavalcaferrovia situato all\u2019altezza di Longarone. Per consentire l\u2019esecuzione degli interventi sar\u00e0 istituita la chiusura del traffico della corsia in direzione Cortina, per una lunghezza di circa 4 km, con deviazione sulla viabilit\u00e0 comunale sui percorsi gi\u00e0 attivati in passato, mediante transito in zona industriale e sulla via Uberti. In direzione Venezia il traffico non subir\u00e0 invece alcuna limitazione. Questa fase dei lavori sar\u00e0 attiva fino a luglio 2023.<\/p>\n<blockquote><p><em>I lavori, del valore complessivo di circa 4 milioni di euro, riguardano la sostituzione dell\u2019impalcato del cavalcaferrovia e fanno parte del pi\u00f9 ampio piano avviato da Anas per la riqualificazione strutturale della statale 51.\u00a0\u00a0<\/em><\/p><\/blockquote>\n<p>&nbsp;<\/p>\n<hr \/>\n<p>&nbsp;<\/p>\n<blockquote>\n<h3>REVERT COMPERA LA EX TIPOGRAFIA DI VIA TIZIANO VECELLIO<\/h3>\n<\/blockquote>\n<p><strong><a class=\"dt-pswp-item\" href=\"https:\/\/www.radiopiu.net\/wordpress\/wp-content\/uploads\/2023\/03\/Senza-nome-62.jpg\" data-dt-img-description=\"\" data-large_image_width=\"356\" data-large_image_height=\"226\"><img loading=\"lazy\" decoding=\"async\" class=\"wp-image-327085 alignleft\" src=\"https:\/\/www.radiopiu.net\/wordpress\/wp-content\/uploads\/2023\/03\/Senza-nome-62-300x190.jpg\" alt=\"\" width=\"215\" height=\"136\" srcset=\"https:\/\/www.radiopiu.net\/wordpress\/wp-content\/uploads\/2023\/03\/Senza-nome-62-300x190.jpg 300w, https:\/\/www.radiopiu.net\/wordpress\/wp-content\/uploads\/2023\/03\/Senza-nome-62.jpg 356w\" sizes=\"auto, (max-width: 215px) 100vw, 215px\" \/><\/a>BELLUNO<\/strong> L&#8217;attivit\u00e0 chiusa un anno fa ed \u00e8 stata acquistata dalla Revert del marchio Polar che ha avviato la\u00a0 riqualificazione dell&#8217;immobile. Chiesto anche un cambio di destinazione d&#8217;uso, in commerciale e direzionale. La Revert Srl ha sede in via Niccol\u00f2 Tagliapietra, nei pressi dell&#8217;ex Zadra. Dovrebbe aprire degli uffici e un&#8217;esposizione di occhiali. La tipografia Sommavilla aveva chiuso nell&#8217;aprile del 2022, dopo quasi un secolo di attivit\u00e0.<\/p>\n<p>&nbsp;<\/p>\n<p>&nbsp;<\/p>\n<hr \/>\n<p>&nbsp;<\/p>\n<blockquote>\n<h3>RINNOVATO IL DIRETTIVO DELLA FAISA-CISAL, IL SEGRETARIO SCOPEL PRESENTA LA SQUADRA &#8220;UN GRUPPO IN RAPPRESENTANZA DI TUTTO IL TERRITORIO&#8221;<\/h3>\n<\/blockquote>\n<p><strong><a class=\"dt-pswp-item\" href=\"https:\/\/www.radiopiu.net\/wordpress\/wp-content\/uploads\/2023\/03\/e4814dfa-759e-413d-b5d8-97c06ea5c406.jpg\" data-dt-img-description=\"\" data-large_image_width=\"677\" data-large_image_height=\"1024\"><img loading=\"lazy\" decoding=\"async\" class=\"size-medium wp-image-327105 alignleft\" src=\"https:\/\/www.radiopiu.net\/wordpress\/wp-content\/uploads\/2023\/03\/e4814dfa-759e-413d-b5d8-97c06ea5c406-198x300.jpg\" alt=\"\" width=\"198\" height=\"300\" srcset=\"https:\/\/www.radiopiu.net\/wordpress\/wp-content\/uploads\/2023\/03\/e4814dfa-759e-413d-b5d8-97c06ea5c406-198x300.jpg 198w, https:\/\/www.radiopiu.net\/wordpress\/wp-content\/uploads\/2023\/03\/e4814dfa-759e-413d-b5d8-97c06ea5c406.jpg 677w\" sizes=\"auto, (max-width: 198px) 100vw, 198px\" \/><\/a>BELLUNO<\/strong> Fabio Scopel \u00e8 stato eletto Segretario provinciale della Faisa-Cisal, sindacato autonomo della categoria degli autoferrotranvieri. Nel corso del Congresso il neo eletto segretario ha avuto parole di gratitudine ricordando Aldo Spada,\u00a0 lo storico segretario provinciale fautore della sigla.<em> &#8220;Negli ultimi anni &#8211; ha detto Scopel &#8211;\u00a0 le questioni del nostro territorio sono state seguite dal segretario regionale vicario, Loris Da Ros con la sua struttura. Grazie per l&#8217;impegno a nome di tutti gli iscritti&#8221;<\/em>. Il neo eletto segretario sar\u00e0 coadiuvato dagli eletti in rappresentanza dell&#8217;intero territorio:\u00a0 Giovanni Borz\u00ed, Michele Colotto, Giorgio Comand\u00e9,\u00a0 Vincenzo D\u2019Arco, Armando Macaj, Andrea Pisan, Carlo Raniero, Elvis Tisat,\u00a0 Simone Vello, Salvatore Vommaro e Denis Zabot.\u00a0 <em>&#8220;Un gruppo &#8211; ha detto Fabio Scopel &#8211;\u00a0 che da voce a tutte le tipologie di dipendenti,\u00a0 anche i lavoratori dell&#8217;azienda sub affidataria del servizio. Una squadra portavoce dei lavoratori di Dolomitibus e La Linea&#8221;. <\/em>Per la categoria sono stati anni difficili,\u00a0la gara a doppio oggetto che ha interessato Dolomitibus, la pandemia,\u00a0 la grave carenza di personale del trasporto pubblico locale. <em>&#8220;E quelle che ci aspettano &#8211; conclude il segretario Fabio Scopel &#8211;\u00a0 \u00a0saranno\u00a0 sfide difficili, consapevoli per\u00f2 che gran <a class=\"dt-pswp-item\" href=\"https:\/\/www.radiopiu.net\/wordpress\/wp-content\/uploads\/2023\/03\/Senza-nome-63.jpg\" data-dt-img-description=\"\" data-large_image_width=\"281\" data-large_image_height=\"158\"><img loading=\"lazy\" decoding=\"async\" class=\"size-full wp-image-327106 alignright\" src=\"https:\/\/www.radiopiu.net\/wordpress\/wp-content\/uploads\/2023\/03\/Senza-nome-63.jpg\" alt=\"\" width=\"281\" height=\"158\" \/><\/a>parte delle questioni vanno risolte dal governo con una riforma del settore che preveda pi\u00f9 risorse ed una riorganizzazione del sistema che tenga conto delle difficolt\u00e0 territoriali. Dalla\u00a0 Regione auspichiamo risorse aggiuntive come nelle vicine\u00a0 in Lombardia ed Emilia Romagnai&#8221;\u00a0<\/em><\/p>\n<blockquote><p><em>La FAISA \u00e8 la Federazione Autonoma Italiana Sindacale degli Autoferrotranvieri, Internavigatori ed Ausiliari del Traffico. \u00c8 stata costituita il 20 gennaio 1958 a Milano, ad opera di un gruppo di dipendenti dell\u2019ATM che, in dissenso con il sindacato a cui aderivano per il condizionamento e per il legame con il partito politico, decise di costituire una struttura associativa di autotutela dei lavoratori, alternativa ai sindacati di partito. Cosi come riportato nel proprio Statuto, la FAISA, rappresenta i lavoratori Autoferrotranvieri, Internavigatori, Addetti trasporto a fune, Ferrovieri, Autotrasportatori, Autonoleggi, Addetti alle carrozze letto, Ausiliari del Traffico.<\/em><\/p>\n<p>&nbsp;<\/p><\/blockquote>\n<p>&nbsp;<\/p>\n<p>&nbsp;<\/p>\n<hr \/>\n<p>&nbsp;<\/p>\n<p><strong>DI TIZIANO DE COL<\/strong><\/p>\n\n\t\t\t<style type='text\/css'>\n\t\t\t\t#gallery-2 {\n\t\t\t\t\tmargin: auto;\n\t\t\t\t}\n\t\t\t\t#gallery-2 .gallery-item {\n\t\t\t\t\tfloat: left;\n\t\t\t\t\tmargin-top: 10px;\n\t\t\t\t\ttext-align: center;\n\t\t\t\t\twidth: 20%;\n\t\t\t\t}\n\t\t\t\t#gallery-2 img {\n\t\t\t\t\tborder: 2px solid #cfcfcf;\n\t\t\t\t}\n\t\t\t\t#gallery-2 .gallery-caption {\n\t\t\t\t\tmargin-left: 0;\n\t\t\t\t}\n\t\t\t\t\/* see gallery_shortcode() in wp-includes\/media.php *\/\n\t\t\t<\/style>\n\t\t<div id='gallery-2' class='dt-gallery-container gallery galleryid-326960 gallery-columns-5 gallery-size-medium'><dl class='gallery-item'>\n\t\t\t\t<dt class='gallery-icon landscape'>\n\t\t\t\t\t<a class=\"rollover rollover-zoom dt-pswp-item\" title=\"e60ee4cf-e960-4de7-8bff-4f4b2876ea35\" data-dt-img-description=\"\" data-large_image_width=\"594\" data-large_image_height=\"355\"href='https:\/\/www.radiopiu.net\/wordpress\/wp-content\/uploads\/2023\/03\/e60ee4cf-e960-4de7-8bff-4f4b2876ea35.jpg'><img loading=\"lazy\" decoding=\"async\" width=\"300\" height=\"179\" src=\"https:\/\/www.radiopiu.net\/wordpress\/wp-content\/uploads\/2023\/03\/e60ee4cf-e960-4de7-8bff-4f4b2876ea35-300x179.jpg\" class=\"attachment-medium size-medium\" alt=\"\" srcset=\"https:\/\/www.radiopiu.net\/wordpress\/wp-content\/uploads\/2023\/03\/e60ee4cf-e960-4de7-8bff-4f4b2876ea35-300x179.jpg 300w, https:\/\/www.radiopiu.net\/wordpress\/wp-content\/uploads\/2023\/03\/e60ee4cf-e960-4de7-8bff-4f4b2876ea35.jpg 594w\" sizes=\"auto, (max-width: 300px) 100vw, 300px\" \/><\/a>\n\t\t\t\t<\/dt><\/dl><dl class='gallery-item'>\n\t\t\t\t<dt class='gallery-icon landscape'>\n\t\t\t\t\t<a class=\"rollover rollover-zoom dt-pswp-item\" title=\"4c48feaa-1a20-4b25-9807-0444b1a7ffc2\" data-dt-img-description=\"\" data-large_image_width=\"616\" data-large_image_height=\"357\"href='https:\/\/www.radiopiu.net\/wordpress\/wp-content\/uploads\/2023\/03\/4c48feaa-1a20-4b25-9807-0444b1a7ffc2.jpg'><img loading=\"lazy\" decoding=\"async\" width=\"300\" height=\"174\" src=\"https:\/\/www.radiopiu.net\/wordpress\/wp-content\/uploads\/2023\/03\/4c48feaa-1a20-4b25-9807-0444b1a7ffc2-300x174.jpg\" class=\"attachment-medium size-medium\" alt=\"\" srcset=\"https:\/\/www.radiopiu.net\/wordpress\/wp-content\/uploads\/2023\/03\/4c48feaa-1a20-4b25-9807-0444b1a7ffc2-300x174.jpg 300w, https:\/\/www.radiopiu.net\/wordpress\/wp-content\/uploads\/2023\/03\/4c48feaa-1a20-4b25-9807-0444b1a7ffc2.jpg 616w\" sizes=\"auto, (max-width: 300px) 100vw, 300px\" \/><\/a>\n\t\t\t\t<\/dt><\/dl><dl class='gallery-item'>\n\t\t\t\t<dt class='gallery-icon landscape'>\n\t\t\t\t\t<a class=\"rollover rollover-zoom dt-pswp-item\" title=\"59860a51-e488-4c4b-9761-f20c84e3ea98\" data-dt-img-description=\"\" data-large_image_width=\"602\" data-large_image_height=\"350\"href='https:\/\/www.radiopiu.net\/wordpress\/wp-content\/uploads\/2023\/03\/59860a51-e488-4c4b-9761-f20c84e3ea98.jpg'><img loading=\"lazy\" decoding=\"async\" width=\"300\" height=\"174\" src=\"https:\/\/www.radiopiu.net\/wordpress\/wp-content\/uploads\/2023\/03\/59860a51-e488-4c4b-9761-f20c84e3ea98-300x174.jpg\" class=\"attachment-medium size-medium\" alt=\"\" srcset=\"https:\/\/www.radiopiu.net\/wordpress\/wp-content\/uploads\/2023\/03\/59860a51-e488-4c4b-9761-f20c84e3ea98-300x174.jpg 300w, https:\/\/www.radiopiu.net\/wordpress\/wp-content\/uploads\/2023\/03\/59860a51-e488-4c4b-9761-f20c84e3ea98.jpg 602w\" sizes=\"auto, (max-width: 300px) 100vw, 300px\" \/><\/a>\n\t\t\t\t<\/dt><\/dl><dl class='gallery-item'>\n\t\t\t\t<dt class='gallery-icon landscape'>\n\t\t\t\t\t<a class=\"rollover rollover-zoom dt-pswp-item\" title=\"f73a964a-58ab-4a3b-9012-d077629297e9\" data-dt-img-description=\"\" data-large_image_width=\"606\" data-large_image_height=\"357\"href='https:\/\/www.radiopiu.net\/wordpress\/wp-content\/uploads\/2023\/03\/f73a964a-58ab-4a3b-9012-d077629297e9.jpg'><img loading=\"lazy\" decoding=\"async\" width=\"300\" height=\"177\" src=\"https:\/\/www.radiopiu.net\/wordpress\/wp-content\/uploads\/2023\/03\/f73a964a-58ab-4a3b-9012-d077629297e9-300x177.jpg\" class=\"attachment-medium size-medium\" alt=\"\" srcset=\"https:\/\/www.radiopiu.net\/wordpress\/wp-content\/uploads\/2023\/03\/f73a964a-58ab-4a3b-9012-d077629297e9-300x177.jpg 300w, https:\/\/www.radiopiu.net\/wordpress\/wp-content\/uploads\/2023\/03\/f73a964a-58ab-4a3b-9012-d077629297e9.jpg 606w\" sizes=\"auto, (max-width: 300px) 100vw, 300px\" \/><\/a>\n\t\t\t\t<\/dt><\/dl><dl class='gallery-item'>\n\t\t\t\t<dt class='gallery-icon landscape'>\n\t\t\t\t\t<a class=\"rollover rollover-zoom dt-pswp-item\" title=\"ef950bfe-cd3b-4b02-b967-56f9623a43b6\" data-dt-img-description=\"\" data-large_image_width=\"602\" data-large_image_height=\"360\"href='https:\/\/www.radiopiu.net\/wordpress\/wp-content\/uploads\/2023\/03\/ef950bfe-cd3b-4b02-b967-56f9623a43b6.jpg'><img loading=\"lazy\" decoding=\"async\" width=\"300\" height=\"179\" src=\"https:\/\/www.radiopiu.net\/wordpress\/wp-content\/uploads\/2023\/03\/ef950bfe-cd3b-4b02-b967-56f9623a43b6-300x179.jpg\" class=\"attachment-medium size-medium\" alt=\"\" srcset=\"https:\/\/www.radiopiu.net\/wordpress\/wp-content\/uploads\/2023\/03\/ef950bfe-cd3b-4b02-b967-56f9623a43b6-300x179.jpg 300w, https:\/\/www.radiopiu.net\/wordpress\/wp-content\/uploads\/2023\/03\/ef950bfe-cd3b-4b02-b967-56f9623a43b6.jpg 602w\" sizes=\"auto, (max-width: 300px) 100vw, 300px\" \/><\/a>\n\t\t\t\t<\/dt><\/dl><br style=\"clear: both\" \/>\n\t\t\t<\/div>\n\n<p>&nbsp;<\/p>\n<hr \/>\n<p>&nbsp;<\/p>\n<blockquote>\n<h3>COVID, OGGI LA GIORNATA DELLA MEMORIA<\/h3>\n<\/blockquote>\n<p><strong><a class=\"dt-pswp-item\" href=\"https:\/\/www.radiopiu.net\/wordpress\/wp-content\/uploads\/2022\/02\/2.jpg\" data-dt-img-description=\"ANDAMENTO EPIDEMICO COVID DAI PRIMI DI MARZO 2020 AD OGGI\" data-large_image_width=\"964\" data-large_image_height=\"374\"><img loading=\"lazy\" decoding=\"async\" class=\"size-medium wp-image-258431 alignleft\" src=\"https:\/\/www.radiopiu.net\/wordpress\/wp-content\/uploads\/2022\/02\/2-300x116.jpg\" alt=\"\" width=\"300\" height=\"116\" srcset=\"https:\/\/www.radiopiu.net\/wordpress\/wp-content\/uploads\/2022\/02\/2-300x116.jpg 300w, https:\/\/www.radiopiu.net\/wordpress\/wp-content\/uploads\/2022\/02\/2-768x298.jpg 768w, https:\/\/www.radiopiu.net\/wordpress\/wp-content\/uploads\/2022\/02\/2.jpg 964w\" sizes=\"auto, (max-width: 300px) 100vw, 300px\" \/><\/a>VENEZIA<\/strong> Oggi si celebra la Giornata nazionale in memoria delle vittime del Covid.\u00a0 Con un segno tangibile come le bandiere della Regione a mezz\u2019asta, ma soprattutto con il ricordo consapevole e intimo di chi ha vissuto una tragedia immane. <em>&#8220;Oggi si discute, si polemizza, addirittura si indaga, ma allora, quando il Covid-19 comparve colpendo alle spalle l\u2019intera civilt\u00e0 mondiale e il mondo scientifico, il sentimento prevalente fu il timore di un nemico sconosciuto, lo smarrimento della popolazione, la necessit\u00e0 per Istituzioni e Amministratori di cercare e trovare in breve tempo contromisure e rimedi. La memoria va a tutte le vittime del Covid, che devono essere ricordate: sono 7 milioni nel Mondo dall\u2019inizio della pandemia, 188 mila in Italia, oltre 16.692 nella nostra regione&#8221;.<\/em>Lo dice il Presidente della Regione Veneto, Luca Zaia, in occasione della Giornata Nazionale in memoria delle vittime del Covid che si tiene il 18 marzo, data nella quale, nel 2020, i camion militari carichi di bare sfilarono per le vie di Bergamo.<\/p>\n<p>&nbsp;<\/p>\n<p>&nbsp;<\/p>\n<hr \/>\n<p>&nbsp;<\/p>\n<p>&nbsp;<\/p>\n<blockquote>\n<h2 align=\"CENTER\"><span style=\"font-family: Times New Roman, serif;\"><span style=\"font-size: medium;\"><span style=\"color: #333333;\"><span style=\"font-family: Calibri, serif;\"><span style=\"font-size: large;\"><b>Al via l\u2019indagine sulla qualit\u00e0 percepita durante il ricovero<\/b><\/span><\/span><\/span><\/span><\/span><\/h2>\n<\/blockquote>\n<p><strong><a class=\"dt-pswp-item\" href=\"https:\/\/www.radiopiu.net\/wordpress\/wp-content\/uploads\/2021\/03\/ULSS-1.jpg\" data-dt-img-description=\"\" data-large_image_width=\"776\" data-large_image_height=\"408\"><img loading=\"lazy\" decoding=\"async\" class=\" wp-image-198838 alignleft\" src=\"https:\/\/www.radiopiu.net\/wordpress\/wp-content\/uploads\/2021\/03\/ULSS-1-300x158.jpg\" alt=\"\" width=\"232\" height=\"122\" srcset=\"https:\/\/www.radiopiu.net\/wordpress\/wp-content\/uploads\/2021\/03\/ULSS-1-300x158.jpg 300w, https:\/\/www.radiopiu.net\/wordpress\/wp-content\/uploads\/2021\/03\/ULSS-1-768x404.jpg 768w, https:\/\/www.radiopiu.net\/wordpress\/wp-content\/uploads\/2021\/03\/ULSS-1.jpg 776w\" sizes=\"auto, (max-width: 232px) 100vw, 232px\" \/><\/a>BELLUNO<\/strong> <span style=\"font-family: Times New Roman, serif;\"><span style=\"font-size: medium;\"><span style=\"color: #333333;\"><span style=\"font-family: Calibri, serif;\">Luned\u00ec 20 marzo prende avvio, anche in Ulss Dolomiti, l\u2019indagine PREMs (Patient Reported Experience Measures-Indagine) sull\u2019esperienza del ricovero ospedaliero.\u00a0<\/span><\/span><\/span><\/span><span style=\"font-family: Times New Roman, serif;\"><span style=\"font-size: medium;\"><span style=\"color: #333333;\"><span style=\"font-family: Calibri, serif;\">L\u2019indagine permanente sull\u2019esperienza di ricovero ospedaliero ha la finalit\u00e0 di conoscere il punto di vista dei pazienti che hanno avuto un episodio di cura presso l\u2019Azienda Ulss 1 Dolomti, per conoscere l\u2019esperienza vissuta. <\/span><\/span><\/span><\/span><span style=\"font-family: Times New Roman, serif;\"><span style=\"font-size: medium;\"><span style=\"color: #333333;\"><span style=\"font-family: Calibri, serif;\">La partecipazione \u00e8 volontaria, coinvolge i pazienti che hanno avuto un ricovero in ospedale e consiste nella compilazione di un questionario on-line che verr\u00e0 inviato tramite indirizzo mail e\/o numero di cellulare. <\/span><\/span><\/span><\/span><span style=\"font-family: Times New Roman, serif;\"><span style=\"font-size: medium;\"><span style=\"color: #333333;\"><span style=\"font-family: Calibri, serif;\">I risultati dell\u2019indagine saranno oggetto di analisi per la pianificazione di azioni e interventi di miglioramento.<\/span><\/span><\/span><\/span><\/p>\n<p>&nbsp;<\/p>\n<hr \/>\n<p>&nbsp;<\/p>\n<blockquote>\n<h2>Open day ai corsi universitari attivi a Feltre<\/h2>\n<\/blockquote>\n<p><a class=\"dt-pswp-item\" href=\"https:\/\/www.radiopiu.net\/wordpress\/wp-content\/uploads\/2023\/03\/infermieristica-3-1.jpeg\" data-dt-img-description=\"\" data-large_image_width=\"1600\" data-large_image_height=\"870\"><img loading=\"lazy\" decoding=\"async\" class=\"size-medium wp-image-326734 alignleft\" src=\"https:\/\/www.radiopiu.net\/wordpress\/wp-content\/uploads\/2023\/03\/infermieristica-3-1-300x163.jpeg\" alt=\"\" width=\"300\" height=\"163\" srcset=\"https:\/\/www.radiopiu.net\/wordpress\/wp-content\/uploads\/2023\/03\/infermieristica-3-1-300x163.jpeg 300w, https:\/\/www.radiopiu.net\/wordpress\/wp-content\/uploads\/2023\/03\/infermieristica-3-1-1024x557.jpeg 1024w, https:\/\/www.radiopiu.net\/wordpress\/wp-content\/uploads\/2023\/03\/infermieristica-3-1-768x418.jpeg 768w, https:\/\/www.radiopiu.net\/wordpress\/wp-content\/uploads\/2023\/03\/infermieristica-3-1-1536x835.jpeg 1536w, https:\/\/www.radiopiu.net\/wordpress\/wp-content\/uploads\/2023\/03\/infermieristica-3-1.jpeg 1600w\" sizes=\"auto, (max-width: 300px) 100vw, 300px\" \/><\/a><strong>FELTRE<\/strong> La sede di Feltre dell\u2019Universit\u00e0 di Padova apre le porte agli studenti, aderendo all\u2019iniziativa \u201cScegli con noi\u201d promossa dall\u2019ateneo per presentare i corsi di laurea. Mercoled\u00ec 22 marzo dalle 15.00 alle 17.00 al Campus Tina Merlin di Feltre, le persone interessare ai corsi di laurea triennale in Infermieristica, in Tecniche della prevenzione negli ambienti di vita e di lavoro e al master in prevenzione ed emergenza in territorio montano e d\u2019alta quota potranno partecipare all\u2019open day.<em> \u00abInvitiamo gli studenti degli ultimi anni delle scuole superiori ad essere curiosi. Ci rivolgiamo anche alle persone che dopo altre esperienze lavorative vogliono conoscere una nuova prospettiva che offre un\u2019opportunit\u00e0 formativa\u00bb<\/em> commenta il direttore sanitario Maria Caterina De Marco.<\/p>\n<p>&nbsp;<\/p>\n<p>&nbsp;<\/p>\n<hr \/>\n<p>&nbsp;<\/p>\n<p>&nbsp;<\/p>\n<p>&nbsp;<\/p>\n<blockquote>\n<h3><strong>LA DMO DOLOMITI DIVENTA FONDAZIONE<\/strong><u><\/u><\/h3>\n<\/blockquote>\n<p><strong><a class=\"dt-pswp-item\" href=\"https:\/\/www.radiopiu.net\/wordpress\/wp-content\/uploads\/2023\/02\/DMO-DOLOMITI-CLAIM-Fuori-dai-luoghi-comuni-.png\" data-dt-img-description=\"\" data-large_image_width=\"2060\" data-large_image_height=\"1070\"><img loading=\"lazy\" decoding=\"async\" class=\"wp-image-322008 alignleft\" src=\"https:\/\/www.radiopiu.net\/wordpress\/wp-content\/uploads\/2023\/02\/DMO-DOLOMITI-CLAIM-Fuori-dai-luoghi-comuni--300x156.png\" alt=\"\" width=\"208\" height=\"108\" srcset=\"https:\/\/www.radiopiu.net\/wordpress\/wp-content\/uploads\/2023\/02\/DMO-DOLOMITI-CLAIM-Fuori-dai-luoghi-comuni--300x156.png 300w, https:\/\/www.radiopiu.net\/wordpress\/wp-content\/uploads\/2023\/02\/DMO-DOLOMITI-CLAIM-Fuori-dai-luoghi-comuni--1024x532.png 1024w, https:\/\/www.radiopiu.net\/wordpress\/wp-content\/uploads\/2023\/02\/DMO-DOLOMITI-CLAIM-Fuori-dai-luoghi-comuni--768x399.png 768w, https:\/\/www.radiopiu.net\/wordpress\/wp-content\/uploads\/2023\/02\/DMO-DOLOMITI-CLAIM-Fuori-dai-luoghi-comuni--1536x798.png 1536w, https:\/\/www.radiopiu.net\/wordpress\/wp-content\/uploads\/2023\/02\/DMO-DOLOMITI-CLAIM-Fuori-dai-luoghi-comuni--2048x1064.png 2048w\" sizes=\"auto, (max-width: 208px) 100vw, 208px\" \/><\/a>VENEZIA<\/strong>\u00a0 La DMO Dolomiti Bellunesi si trasforma in fondazione di partecipazione. Rappresenta il passaggio necessario per riunire in un unico soggetto, in questo caso a partecipazione pubblica, le competenze e le sinergie del mondo del turismo della montagna.<em> \u201cLa trasformazione in Fondazione di partecipazione dovr\u00e0, essere anche l&#8217;occasione per dotare la DMO Bellunese di risorse finanziarie, umane e organizzative adeguata alla rilevanza della destinazione bellunese anche in vista dell&#8217;importante appuntamento olimpico di Milano Cortina 2026 &#8211; dice l&#8217;assessore Federico Caner &#8211;\u00a0 quando tutti gli occhi del mondo saranno puntati sulla provincia dolomitica&#8221;<\/em><\/p>\n<p>&nbsp;<\/p>\n<p>&nbsp;<\/p>\n<p>&nbsp;<\/p>\n<hr \/>\n<blockquote>\n<blockquote>\n<h3><\/h3>\n<p>&nbsp;<\/p>\n<p><strong><a class=\"dt-pswp-item\" href=\"https:\/\/www.radiopiu.net\/wordpress\/wp-content\/uploads\/2023\/03\/0c7ef99f-c5ad-4627-89ff-d37d0e3b8a1e.jpg\" data-dt-img-description=\"\" data-large_image_width=\"1200\" data-large_image_height=\"1600\"><img loading=\"lazy\" decoding=\"async\" class=\" wp-image-327084 alignright\" src=\"https:\/\/www.radiopiu.net\/wordpress\/wp-content\/uploads\/2023\/03\/0c7ef99f-c5ad-4627-89ff-d37d0e3b8a1e-225x300.jpg\" alt=\"\" width=\"134\" height=\"179\" srcset=\"https:\/\/www.radiopiu.net\/wordpress\/wp-content\/uploads\/2023\/03\/0c7ef99f-c5ad-4627-89ff-d37d0e3b8a1e-225x300.jpg 225w, https:\/\/www.radiopiu.net\/wordpress\/wp-content\/uploads\/2023\/03\/0c7ef99f-c5ad-4627-89ff-d37d0e3b8a1e-768x1024.jpg 768w, https:\/\/www.radiopiu.net\/wordpress\/wp-content\/uploads\/2023\/03\/0c7ef99f-c5ad-4627-89ff-d37d0e3b8a1e-1152x1536.jpg 1152w, https:\/\/www.radiopiu.net\/wordpress\/wp-content\/uploads\/2023\/03\/0c7ef99f-c5ad-4627-89ff-d37d0e3b8a1e.jpg 1200w\" sizes=\"auto, (max-width: 134px) 100vw, 134px\" \/><\/a>CASE GREEN E SUPERBONUS, QUESTIONI APERTE<\/strong><\/p><\/blockquote>\n<\/blockquote>\n<p><strong>DI MORENO GIOLI <\/strong><\/p>\n<p><strong>BELLUNO<\/strong>\u00a0 Direttiva Green e blocco dei crediti del Superbonus al centro dell\u2019incontro di\u00a0 ieri pomeriggio tra i vertici di Appia e una delegazione del Terzo Polo, guidata dall&#8217;onorevole Luigi Marattin. Il tema ricorrente \u00e8, ancora una volta, quello della casa e direttiva Green .<\/p>\n<p>&nbsp;<\/p>\n<audio class=\"wp-audio-shortcode\" id=\"audio-326960-3\" preload=\"none\" style=\"width: 100%;\" controls=\"controls\"><source type=\"audio\/mpeg\" src=\"https:\/\/www.radiopiu.net\/wordpress\/wp-content\/uploads\/2023\/03\/marattin-a-belluno.mp3?_=3\" \/><a href=\"https:\/\/www.radiopiu.net\/wordpress\/wp-content\/uploads\/2023\/03\/marattin-a-belluno.mp3\">https:\/\/www.radiopiu.net\/wordpress\/wp-content\/uploads\/2023\/03\/marattin-a-belluno.mp3<\/a><\/audio>\n<p>&nbsp;<\/p>\n<p>&nbsp;<\/p>\n<p>&nbsp;<\/p>\n<hr \/>\n<p>&nbsp;<\/p>\n<blockquote>\n<h3 align=\"center\"><span style=\"font-family: Times New Roman, serif;\"><span style=\"font-size: medium;\"><span style=\"color: #222222;\"><span style=\"font-family: Calibri, serif;\"><span style=\"font-size: large;\"><b>L\u2019 azzardo e i nostri soldi: incontro con i cittadini<\/b><\/span><\/span><\/span><\/span><\/span><\/h3>\n<\/blockquote>\n<p><span style=\"font-size: medium;\"><span style=\"font-family: 'Times New Roman', serif; color: #222222;\"><span style=\"font-family: Calibri, serif;\"><b><a class=\"dt-pswp-item\" href=\"https:\/\/www.radiopiu.net\/wordpress\/wp-content\/uploads\/2021\/11\/gambling-machine-4926__340.jpg\" data-dt-img-description=\"\" data-large_image_width=\"453\" data-large_image_height=\"340\"><img loading=\"lazy\" decoding=\"async\" class=\"wp-image-242314 alignleft\" src=\"https:\/\/www.radiopiu.net\/wordpress\/wp-content\/uploads\/2021\/11\/gambling-machine-4926__340-300x225.jpg\" alt=\"\" width=\"192\" height=\"144\" srcset=\"https:\/\/www.radiopiu.net\/wordpress\/wp-content\/uploads\/2021\/11\/gambling-machine-4926__340-300x225.jpg 300w, https:\/\/www.radiopiu.net\/wordpress\/wp-content\/uploads\/2021\/11\/gambling-machine-4926__340.jpg 453w\" sizes=\"auto, (max-width: 192px) 100vw, 192px\" \/><\/a>Venerd\u00ec 24 marzo 2023 <\/b><\/span><\/span><span style=\"font-family: 'Times New Roman', serif; color: #222222;\"><span style=\"font-family: Calibri, serif;\">si terr\u00e0 un incontro dal titolo <\/span><\/span><span style=\"font-family: 'Times New Roman', serif; color: #222222;\"><span style=\"font-family: Calibri, serif;\"><b>\u201cL\u2019azzardo e i nostri soldi\u201d<\/b><\/span><\/span><span style=\"color: #222222; font-family: Calibri, serif;\">, dedicato al gioco d\u2019azzardo e all\u2019impatto che questo pu\u00f2 avere sui bilanci delle famiglie.<\/span> <\/span><span style=\"font-size: medium; font-family: 'Times New Roman', serif; color: #222222;\"><span style=\"font-family: Calibri, serif;\">L\u2019 incontro si svolger\u00e0 <\/span><\/span><span style=\"font-size: medium; font-family: 'Times New Roman', serif; color: #222222;\"><span style=\"font-family: Calibri, serif;\"><b>dalle 9.00 alle 13.00<\/b><\/span><\/span><span style=\"font-size: medium; font-family: 'Times New Roman', serif; color: #222222;\"><span style=\"font-family: Calibri, serif;\"> in <\/span><\/span><span style=\"font-size: medium; font-family: 'Times New Roman', serif; color: #222222;\"><span style=\"font-family: Calibri, serif;\"><b>Sala Bianchi \u2013 Viale Fantuzzi 11, Belluno<\/b><\/span><\/span><span style=\"font-size: medium; font-family: 'Times New Roman', serif; color: #222222;\"><span style=\"font-family: Calibri, serif;\"> (max 80 posti). <\/span><\/span><span style=\"font-family: Times New Roman, serif;\"><span style=\"font-size: medium;\"><span style=\"color: #222222;\"><span style=\"font-family: Calibri, serif;\">Si parler\u00e0 di cos\u2019\u00e8 il gioco d\u2019azzardo e del disturbo da gioco d\u2019azzardo, concentrandosi in particolare sugli aspetti finanziari collegati, quali il sovraindebitamento e gli strumenti di tutela degli utenti. Interverranno il Direttore UOC Ser.D. di Belluno, Amalia Manzan, con gli operatori del Dipartimento delle Dipendenze, un rappresentante del Gruppo AMA, referenti delle OO.SS., referenti dell\u2019 Associazione Consumatori e consulenti per l\u2019educazione finanziaria.\u00a0<\/span><\/span><\/span><\/span><\/p>\n<p>&nbsp;<\/p>\n<p>&nbsp;<\/p>\n<hr \/>\n<p>&nbsp;<\/p>\n<blockquote>\n<h3>LA GUARDIA DI FINANZA ALLA RICERCA DI 1230 ALLIEVI<\/h3>\n<\/blockquote>\n<p><strong>BELLUNO<\/strong> \u00c8 stato indetto per l&#8217;anno accademico 2023\/2024 il concorso per titoli ed esami per l&#8217;ammissione di 1230 allievi marescialli al 95\u00b0 corso presso la Scuola Ispettori e Sovrintendenti della Guardia di Finanza. Possono partecipare al concorso i cittadini italiani, anche gi\u00e0 alle armi, che abbiano compiuto il diciasettesimo anno di et\u00e0 e che non abbiano pi\u00f9 di 26 anni alla data di scadenza per la presentazione della domanda che \u00e8 il 23 marzo alle 12. La domanda di concorso deve essere compilata online al sito concorsi.gdf.gov.it seguendo le istruzioni del sistema automatizzato. Sullo stesso sito si possono trovare tutte le informazioni sul concorso.<\/p>\n<p>&nbsp;<\/p>\n<p>&nbsp;<\/p>\n<hr \/>\n<p>&nbsp;<\/p>\n<h3><a class=\"dt-pswp-item\" href=\"https:\/\/www.radiopiu.net\/wordpress\/wp-content\/uploads\/2023\/03\/Senza-nome-60.jpg\" data-dt-img-description=\"\" data-large_image_width=\"534\" data-large_image_height=\"434\"><img loading=\"lazy\" decoding=\"async\" class=\"wp-image-327030 alignleft\" src=\"https:\/\/www.radiopiu.net\/wordpress\/wp-content\/uploads\/2023\/03\/Senza-nome-60-300x244.jpg\" alt=\"\" width=\"175\" height=\"142\" srcset=\"https:\/\/www.radiopiu.net\/wordpress\/wp-content\/uploads\/2023\/03\/Senza-nome-60-300x244.jpg 300w, https:\/\/www.radiopiu.net\/wordpress\/wp-content\/uploads\/2023\/03\/Senza-nome-60.jpg 534w\" sizes=\"auto, (max-width: 175px) 100vw, 175px\" \/><\/a>LA FESTA DEI MARANGONI<\/h3>\n<p><strong>DI DANIELE DAL VIT<\/strong><\/p>\n<p>Torna domenica a Belluno la Festa dei Marangoni, con i lavori di un tempo e tante attivit\u00e0 per grandi e piccini.<\/p>\n<p>&nbsp;<\/p>\n<p><strong>AUDIO<\/strong><\/p>\n<audio class=\"wp-audio-shortcode\" id=\"audio-326960-4\" preload=\"none\" style=\"width: 100%;\" controls=\"controls\"><source type=\"audio\/mpeg\" src=\"https:\/\/www.radiopiu.net\/wordpress\/wp-content\/uploads\/2023\/03\/DANIELE-marangoni.mp3?_=4\" \/><a href=\"https:\/\/www.radiopiu.net\/wordpress\/wp-content\/uploads\/2023\/03\/DANIELE-marangoni.mp3\">https:\/\/www.radiopiu.net\/wordpress\/wp-content\/uploads\/2023\/03\/DANIELE-marangoni.mp3<\/a><\/audio>\n<p>&nbsp;<\/p>\n<hr \/>\n<p>&nbsp;<\/p>\n<blockquote>\n<h3>APRE LA COOP A FRASSENE&#8217; AGORDINO<\/h3>\n<\/blockquote>\n<p><a class=\"dt-pswp-item\" href=\"https:\/\/www.radiopiu.net\/wordpress\/wp-content\/uploads\/2023\/03\/Senza-nome-61.jpg\" data-dt-img-description=\"\" data-large_image_width=\"652\" data-large_image_height=\"390\"><img loading=\"lazy\" decoding=\"async\" class=\"wp-image-327047 alignleft\" src=\"https:\/\/www.radiopiu.net\/wordpress\/wp-content\/uploads\/2023\/03\/Senza-nome-61-300x179.jpg\" alt=\"\" width=\"233\" height=\"139\" srcset=\"https:\/\/www.radiopiu.net\/wordpress\/wp-content\/uploads\/2023\/03\/Senza-nome-61-300x179.jpg 300w, https:\/\/www.radiopiu.net\/wordpress\/wp-content\/uploads\/2023\/03\/Senza-nome-61.jpg 652w\" sizes=\"auto, (max-width: 233px) 100vw, 233px\" \/><\/a><strong>VOLTAGO<\/strong> APRE LA NUOVA FAMIGLIA COOPERATIVA DI PRIMIERO A FRASSENE&#8217;, IN VIALE DELLA VITTORIA, INAUGURAZIONE SABATO 25 MARZO ALLE 11 CON TAGLIO DEL NASTRO, SALUTO DELLE AUTORITA&#8217;, PRANZO ALL&#8217;APERTO CON SPIEDO PER TUTTI. LA FAMIGLIA COOPERATIVA DI PRIMIERO, GIA&#8217; PRESENTE A GOSALDO E NEL PRIMIERO, ORA ANCHE A FRASSENE&#8217;, IL NEGOZIO SULLA PORTA DI CASA, LA QUALITA&#8217; E IL GIUSTO PREZZO: PRODOTTI ALIMENTARI, FRUTTA, VERDURA, TUTTO PER LA CASA E ANGOLO PER GLI ANIMALI.\u00a0 A FRASSENE&#8217;, DAL 25 IN VIALE DELLA VITTORIA&#8230;ENTRATE E SENTITEVI A CASA VOSTRA.<\/p>\n<p>&nbsp;<\/p>\n<p>&nbsp;<\/p>\n<hr \/>\n<p>&nbsp;<\/p>\n<h2><span style=\"color: #ff0000;\">IERI ALLA RADIO<\/span><\/h2>\n<h2><span style=\"color: #008080;\">&#8220;DINTORN E FORA VIA&#8221;\u00a0<\/span><span style=\"color: #008080;\"> IL PROGRAMMA\u00a0 <\/span><span style=\"color: #008080;\">A CURA DEL MUSLA\u00a0\u00a0<\/span><\/h2>\n<h1 style=\"text-align: center;\"><\/h1>\n<h1 style=\"text-align: center;\"><strong><span style=\"color: #ff0000;\">SECONDO ANNO\u00a0<\/span><\/strong><\/h1>\n<p><strong><img loading=\"lazy\" decoding=\"async\" class=\"alignleft\" src=\"https:\/\/www.radiopiu.net\/wordpress\/wp-content\/uploads\/2023\/01\/f141ac68-f8a5-407a-ae0d-eb5dcc876c26.jpg\" width=\"108\" height=\"102\" \/>PUNTATA DEL 17 MARZO DAVIDE CONEDERA<\/strong><\/p>\n<audio class=\"wp-audio-shortcode\" id=\"audio-326960-5\" preload=\"none\" style=\"width: 100%;\" controls=\"controls\"><source type=\"audio\/mpeg\" src=\"https:\/\/www.radiopiu.net\/wordpress\/wp-content\/uploads\/2023\/03\/MUSLA-2.mp3?_=5\" \/><a href=\"https:\/\/www.radiopiu.net\/wordpress\/wp-content\/uploads\/2023\/03\/MUSLA-2.mp3\">https:\/\/www.radiopiu.net\/wordpress\/wp-content\/uploads\/2023\/03\/MUSLA-2.mp3<\/a><\/audio>\n<p>&nbsp;<\/p>\n<p>&nbsp;<\/p>\n<p>&nbsp;<\/p>\n<p>&nbsp;<\/p>\n<h2><strong><a class=\"dt-pswp-item\" href=\"https:\/\/www.radiopiu.net\/wordpress\/wp-content\/uploads\/2020\/06\/cassa-solidarieta-luxottica.jpg\" data-dt-img-description=\"\" data-large_image_width=\"1167\" data-large_image_height=\"574\"><img loading=\"lazy\" decoding=\"async\" class=\" wp-image-145244 alignleft\" src=\"https:\/\/www.radiopiu.net\/wordpress\/wp-content\/uploads\/2020\/06\/cassa-solidarieta-luxottica-300x148.jpg\" alt=\"\" width=\"223\" height=\"110\" srcset=\"https:\/\/www.radiopiu.net\/wordpress\/wp-content\/uploads\/2020\/06\/cassa-solidarieta-luxottica-300x148.jpg 300w, https:\/\/www.radiopiu.net\/wordpress\/wp-content\/uploads\/2020\/06\/cassa-solidarieta-luxottica-1024x504.jpg 1024w, https:\/\/www.radiopiu.net\/wordpress\/wp-content\/uploads\/2020\/06\/cassa-solidarieta-luxottica-768x378.jpg 768w, https:\/\/www.radiopiu.net\/wordpress\/wp-content\/uploads\/2020\/06\/cassa-solidarieta-luxottica.jpg 1167w\" sizes=\"auto, (max-width: 223px) 100vw, 223px\" \/><\/a><\/strong><span style=\"color: #ff6600;\">SPECIALE CASSA SOLIDARIETA&#8217; AZIENDALE LAVORATORI LUXOTTICA<\/span><\/h2>\n<p><strong>di Mirko Mezzacasa<\/strong><\/p>\n<p>Con Fabrizio Campedel e Paolo Chissal\u00e8<\/p>\n<audio class=\"wp-audio-shortcode\" id=\"audio-326960-6\" preload=\"none\" style=\"width: 100%;\" controls=\"controls\"><source type=\"audio\/mpeg\" src=\"https:\/\/www.radiopiu.net\/wordpress\/wp-content\/uploads\/2023\/03\/cassa-luxottica-marzo-2023-fabrizio-paolo.mp3?_=6\" \/><a href=\"https:\/\/www.radiopiu.net\/wordpress\/wp-content\/uploads\/2023\/03\/cassa-luxottica-marzo-2023-fabrizio-paolo.mp3\">https:\/\/www.radiopiu.net\/wordpress\/wp-content\/uploads\/2023\/03\/cassa-luxottica-marzo-2023-fabrizio-paolo.mp3<\/a><\/audio>\n<p>&nbsp;<\/p>\n<p>&nbsp;<\/p>\n<hr \/>\n<p>&nbsp;<\/p>\n<p><strong><a class=\"dt-pswp-item\" href=\"https:\/\/www.radiopiu.net\/wordpress\/wp-content\/uploads\/2023\/03\/e447a0b8-41ba-4f41-9f9e-37d901560ff8.jpg\" data-dt-img-description=\"\" data-large_image_width=\"1600\" data-large_image_height=\"900\"><img loading=\"lazy\" decoding=\"async\" class=\" wp-image-326483 alignleft\" src=\"https:\/\/www.radiopiu.net\/wordpress\/wp-content\/uploads\/2023\/03\/e447a0b8-41ba-4f41-9f9e-37d901560ff8-300x169.jpg\" alt=\"\" width=\"222\" height=\"125\" srcset=\"https:\/\/www.radiopiu.net\/wordpress\/wp-content\/uploads\/2023\/03\/e447a0b8-41ba-4f41-9f9e-37d901560ff8-300x169.jpg 300w, https:\/\/www.radiopiu.net\/wordpress\/wp-content\/uploads\/2023\/03\/e447a0b8-41ba-4f41-9f9e-37d901560ff8-1024x576.jpg 1024w, https:\/\/www.radiopiu.net\/wordpress\/wp-content\/uploads\/2023\/03\/e447a0b8-41ba-4f41-9f9e-37d901560ff8-768x432.jpg 768w, https:\/\/www.radiopiu.net\/wordpress\/wp-content\/uploads\/2023\/03\/e447a0b8-41ba-4f41-9f9e-37d901560ff8-1536x864.jpg 1536w, https:\/\/www.radiopiu.net\/wordpress\/wp-content\/uploads\/2023\/03\/e447a0b8-41ba-4f41-9f9e-37d901560ff8.jpg 1600w\" sizes=\"auto, (max-width: 222px) 100vw, 222px\" \/><\/a>ATOMIC PARTY CON I FUTURI PERITI CHIMICI, OGGI LA SERATA CON DJ BISSO AL PALFALCADE. APERITIVI, GIOCHI, BALLI&#8230; DIVERTIMENTO<\/strong><\/p>\n<p><strong>di Mirko Mezzacasa<\/strong><\/p>\n<p>OSPITI: Lara Micheluzzi, Giulia Moretti, Daniele Don\u00e0<\/p>\n<audio class=\"wp-audio-shortcode\" id=\"audio-326960-7\" preload=\"none\" style=\"width: 100%;\" controls=\"controls\"><source type=\"audio\/mpeg\" src=\"https:\/\/www.radiopiu.net\/wordpress\/wp-content\/uploads\/2023\/03\/ATOMIC-PARTY.mp3?_=7\" \/><a href=\"https:\/\/www.radiopiu.net\/wordpress\/wp-content\/uploads\/2023\/03\/ATOMIC-PARTY.mp3\">https:\/\/www.radiopiu.net\/wordpress\/wp-content\/uploads\/2023\/03\/ATOMIC-PARTY.mp3<\/a><\/audio>\n<p>&nbsp;<\/p>\n<hr \/>\n<p>&nbsp;<\/p>\n<blockquote>\n<h3>L&#8217;ASSEMBLEA DEL GAV<\/h3>\n<\/blockquote>\n<p><strong>AGORDO<\/strong> I soci del GAV, Gruppo Assistenza Volontaria, hanno indetto l&#8217;assemblea ordinaria 2023 per domenica 26 marzo alle 11 nella sala del Centro Parrocchiale Monsignor Vincenzo Savio. In programma l&#8217;elezione del consiglio direttivo, l&#8217;approvazione del bilancio 2022 e la presentazione di bilancio e attivit\u00e0 2023.<\/p>\n<p>&nbsp;<\/p>\n<p>&nbsp;<\/p>\n<hr \/>\n<blockquote>\n<h3><\/h3>\n<h3>DOMANI TORNA SUL BROI LA VECIA POPA<\/h3>\n<\/blockquote>\n<p><strong>AGORDO<\/strong> La Vecia Popa \u00e8 pronta per tonare sul Broi di Agordo . L\u2019Appuntamento \u00e8 per domani\u00a0 con la festa e l\u2019atteso testamento.<\/p>\n<p><strong>L&#8217;INTERVISTA ALLA RADIO, CON THOMAS MANFROI<\/strong><\/p>\n<audio class=\"wp-audio-shortcode\" id=\"audio-326960-8\" preload=\"none\" style=\"width: 100%;\" controls=\"controls\"><source type=\"audio\/mpeg\" src=\"https:\/\/www.radiopiu.net\/wordpress\/wp-content\/uploads\/2023\/03\/VECIA-POPA-THOMAS.mp3?_=8\" \/><a href=\"https:\/\/www.radiopiu.net\/wordpress\/wp-content\/uploads\/2023\/03\/VECIA-POPA-THOMAS.mp3\">https:\/\/www.radiopiu.net\/wordpress\/wp-content\/uploads\/2023\/03\/VECIA-POPA-THOMAS.mp3<\/a><\/audio>\n<p>&nbsp;<\/p>\n<p><strong>L&#8217;INVITO DE LA VECIA POPA Daniele Lena<\/strong><\/p>\n<audio class=\"wp-audio-shortcode\" id=\"audio-326960-9\" preload=\"none\" style=\"width: 100%;\" controls=\"controls\"><source type=\"audio\/mpeg\" src=\"https:\/\/www.radiopiu.net\/wordpress\/wp-content\/uploads\/2023\/03\/danela.mp3?_=9\" \/><a href=\"https:\/\/www.radiopiu.net\/wordpress\/wp-content\/uploads\/2023\/03\/danela.mp3\">https:\/\/www.radiopiu.net\/wordpress\/wp-content\/uploads\/2023\/03\/danela.mp3<\/a><\/audio>\n<p>&nbsp;<\/p>\n<div id=\"gallery-5\" class=\"dt-gallery-container gallery galleryid-323239 gallery-columns-2 gallery-size-medium\">\n<dl class=\"gallery-item\">\n<dt class=\"gallery-icon landscape\"><a class=\"rollover rollover-zoom dt-pswp-item pspw-wrap-ready this-ready\" title=\"dee7dc2b-e175-4363-a25e-dfe83fa36671\" href=\"https:\/\/www.radiopiu.net\/wordpress\/wp-content\/uploads\/2023\/02\/dee7dc2b-e175-4363-a25e-dfe83fa36671.jpg\" data-dt-img-description=\"\" data-large_image_width=\"813\" data-large_image_height=\"540\"><img loading=\"lazy\" decoding=\"async\" class=\"attachment-medium size-medium\" src=\"https:\/\/www.radiopiu.net\/wordpress\/wp-content\/uploads\/2023\/02\/dee7dc2b-e175-4363-a25e-dfe83fa36671-300x199.jpg\" sizes=\"auto, (max-width: 300px) 100vw, 300px\" srcset=\"https:\/\/www.radiopiu.net\/wordpress\/wp-content\/uploads\/2023\/02\/dee7dc2b-e175-4363-a25e-dfe83fa36671-300x199.jpg 300w, https:\/\/www.radiopiu.net\/wordpress\/wp-content\/uploads\/2023\/02\/dee7dc2b-e175-4363-a25e-dfe83fa36671-768x510.jpg 768w, https:\/\/www.radiopiu.net\/wordpress\/wp-content\/uploads\/2023\/02\/dee7dc2b-e175-4363-a25e-dfe83fa36671.jpg 813w\" alt=\"\" width=\"300\" height=\"199\" \/><i><\/i><\/a><\/dt>\n<\/dl>\n<dl class=\"gallery-item\">\n<dt class=\"gallery-icon landscape\"><a class=\"rollover rollover-zoom dt-pswp-item pspw-wrap-ready this-ready\" title=\"ddc0aeda-a4e9-4a5b-b809-227e841efa46\" href=\"https:\/\/www.radiopiu.net\/wordpress\/wp-content\/uploads\/2023\/02\/ddc0aeda-a4e9-4a5b-b809-227e841efa46.jpg\" data-dt-img-description=\"\" data-large_image_width=\"300\" data-large_image_height=\"199\"><img loading=\"lazy\" decoding=\"async\" class=\"attachment-medium size-medium\" src=\"https:\/\/www.radiopiu.net\/wordpress\/wp-content\/uploads\/2023\/02\/ddc0aeda-a4e9-4a5b-b809-227e841efa46.jpg\" alt=\"\" width=\"300\" height=\"199\" \/><\/a><\/dt>\n<\/dl>\n<\/div>\n<p>&nbsp;<\/p>\n<p>&nbsp;<\/p>\n<hr \/>\n<p>&nbsp;<\/p>\n<blockquote>\n<h3>TRICHIANA BRUSA LA VECIA, OGGI LA SFIDA SUL ROGO TRA LE FRAZIONI<\/h3>\n<\/blockquote>\n<p><strong><a class=\"dt-pswp-item\" href=\"https:\/\/www.radiopiu.net\/wordpress\/wp-content\/uploads\/2023\/03\/Senza-nome-52.jpg\" data-dt-img-description=\"\" data-large_image_width=\"577\" data-large_image_height=\"416\"><img loading=\"lazy\" decoding=\"async\" class=\"wp-image-326708 alignleft\" src=\"https:\/\/www.radiopiu.net\/wordpress\/wp-content\/uploads\/2023\/03\/Senza-nome-52-300x216.jpg\" alt=\"\" width=\"188\" height=\"135\" srcset=\"https:\/\/www.radiopiu.net\/wordpress\/wp-content\/uploads\/2023\/03\/Senza-nome-52-300x216.jpg 300w, https:\/\/www.radiopiu.net\/wordpress\/wp-content\/uploads\/2023\/03\/Senza-nome-52.jpg 577w\" sizes=\"auto, (max-width: 188px) 100vw, 188px\" \/><\/a>di Mirko Mezzacasa<\/strong><\/p>\n<p><strong>ospite Gianni Segat, Proloco Trichiana<\/strong><\/p>\n<audio class=\"wp-audio-shortcode\" id=\"audio-326960-10\" preload=\"none\" style=\"width: 100%;\" controls=\"controls\"><source type=\"audio\/mpeg\" src=\"https:\/\/www.radiopiu.net\/wordpress\/wp-content\/uploads\/2023\/03\/GIANNI-SEGAT.mp3?_=10\" \/><a href=\"https:\/\/www.radiopiu.net\/wordpress\/wp-content\/uploads\/2023\/03\/GIANNI-SEGAT.mp3\">https:\/\/www.radiopiu.net\/wordpress\/wp-content\/uploads\/2023\/03\/GIANNI-SEGAT.mp3<\/a><\/audio>\n<p>&nbsp;<\/p>\n<p>&nbsp;<\/p>\n<hr \/>\n<p>&nbsp;<\/p>\n<blockquote>\n<h3>DOMANI &#8220;BAITE APERTE&#8221; AL CULMINE DI UN&#8217;OTTIMA STAGIONE<\/h3>\n<\/blockquote>\n<p><strong><img loading=\"lazy\" decoding=\"async\" class=\"alignleft\" src=\"https:\/\/www.radiopiu.net\/wordpress\/wp-content\/uploads\/2020\/06\/331569072_242513624792105_2385384230339396135_n.jpg\" width=\"173\" height=\"97\" \/>DOMENICA AD ALLEGHE<\/strong><\/p>\n<p><strong>di Mirko Mezzacasa<\/strong><\/p>\n<p><strong>OSPITI ANDREA DAL FARRA, CRISTIAN MORETTI<\/strong><\/p>\n<audio class=\"wp-audio-shortcode\" id=\"audio-326960-11\" preload=\"none\" style=\"width: 100%;\" controls=\"controls\"><source type=\"audio\/mpeg\" src=\"https:\/\/www.radiopiu.net\/wordpress\/wp-content\/uploads\/2020\/06\/baite-aperte-aprile.mp3?_=11\" \/><a href=\"https:\/\/www.radiopiu.net\/wordpress\/wp-content\/uploads\/2020\/06\/baite-aperte-aprile.mp3\">https:\/\/www.radiopiu.net\/wordpress\/wp-content\/uploads\/2020\/06\/baite-aperte-aprile.mp3<\/a><\/audio>\n<p>&nbsp;<\/p>\n<hr \/>\n<p>&nbsp;<\/p>\n\n\t\t\t<style type='text\/css'>\n\t\t\t\t#gallery-3 {\n\t\t\t\t\tmargin: auto;\n\t\t\t\t}\n\t\t\t\t#gallery-3 .gallery-item {\n\t\t\t\t\tfloat: left;\n\t\t\t\t\tmargin-top: 10px;\n\t\t\t\t\ttext-align: center;\n\t\t\t\t\twidth: 100%;\n\t\t\t\t}\n\t\t\t\t#gallery-3 img {\n\t\t\t\t\tborder: 2px solid #cfcfcf;\n\t\t\t\t}\n\t\t\t\t#gallery-3 .gallery-caption {\n\t\t\t\t\tmargin-left: 0;\n\t\t\t\t}\n\t\t\t\t\/* see gallery_shortcode() in wp-includes\/media.php *\/\n\t\t\t<\/style>\n\t\t<div id='gallery-3' class='dt-gallery-container gallery galleryid-326960 gallery-columns-1 gallery-size-medium'><dl class='gallery-item'>\n\t\t\t\t<dt class='gallery-icon portrait'>\n\t\t\t\t\t<a class=\"rollover rollover-zoom dt-pswp-item\" title=\"9765b0b8-95fd-472a-8793-7650d1941ee0\" data-dt-img-description=\"\" data-large_image_width=\"1106\" data-large_image_height=\"2048\"href='https:\/\/www.radiopiu.net\/wordpress\/wp-content\/uploads\/2023\/03\/9765b0b8-95fd-472a-8793-7650d1941ee0.jpg'><img loading=\"lazy\" decoding=\"async\" width=\"162\" height=\"300\" src=\"https:\/\/www.radiopiu.net\/wordpress\/wp-content\/uploads\/2023\/03\/9765b0b8-95fd-472a-8793-7650d1941ee0-162x300.jpg\" class=\"attachment-medium size-medium\" alt=\"\" srcset=\"https:\/\/www.radiopiu.net\/wordpress\/wp-content\/uploads\/2023\/03\/9765b0b8-95fd-472a-8793-7650d1941ee0-162x300.jpg 162w, https:\/\/www.radiopiu.net\/wordpress\/wp-content\/uploads\/2023\/03\/9765b0b8-95fd-472a-8793-7650d1941ee0-553x1024.jpg 553w, https:\/\/www.radiopiu.net\/wordpress\/wp-content\/uploads\/2023\/03\/9765b0b8-95fd-472a-8793-7650d1941ee0-768x1422.jpg 768w, https:\/\/www.radiopiu.net\/wordpress\/wp-content\/uploads\/2023\/03\/9765b0b8-95fd-472a-8793-7650d1941ee0-830x1536.jpg 830w, https:\/\/www.radiopiu.net\/wordpress\/wp-content\/uploads\/2023\/03\/9765b0b8-95fd-472a-8793-7650d1941ee0.jpg 1106w\" sizes=\"auto, (max-width: 162px) 100vw, 162px\" \/><\/a>\n\t\t\t\t<\/dt><\/dl><br style=\"clear: both\" \/>\n\t\t\t<\/div>\n\n<p>&nbsp;<\/p>\n<p>&nbsp;<\/p>\n<hr \/>\n<p>&nbsp;<\/p>\n<blockquote>\n<h3><a class=\"dt-pswp-item\" href=\"https:\/\/www.radiopiu.net\/wordpress\/wp-content\/uploads\/2023\/03\/3157-10-scaled.jpg\" data-dt-img-description=\"\" data-large_image_width=\"2103\" data-large_image_height=\"2560\"><img loading=\"lazy\" decoding=\"async\" class=\" wp-image-326968 alignleft\" src=\"https:\/\/www.radiopiu.net\/wordpress\/wp-content\/uploads\/2023\/03\/3157-10-247x300.jpg\" alt=\"\" width=\"118\" height=\"143\" srcset=\"https:\/\/www.radiopiu.net\/wordpress\/wp-content\/uploads\/2023\/03\/3157-10-247x300.jpg 247w, https:\/\/www.radiopiu.net\/wordpress\/wp-content\/uploads\/2023\/03\/3157-10-841x1024.jpg 841w, https:\/\/www.radiopiu.net\/wordpress\/wp-content\/uploads\/2023\/03\/3157-10-768x935.jpg 768w, https:\/\/www.radiopiu.net\/wordpress\/wp-content\/uploads\/2023\/03\/3157-10-1262x1536.jpg 1262w, https:\/\/www.radiopiu.net\/wordpress\/wp-content\/uploads\/2023\/03\/3157-10-1683x2048.jpg 1683w\" sizes=\"auto, (max-width: 118px) 100vw, 118px\" \/><\/a>JEAN RONDEAU A BELLUNO<\/h3>\n<\/blockquote>\n<p><strong>BELLUNO <\/strong>Il Circolo Culturale Bellunese invita a Belluno un&#8217;altra celebrit\u00e0 internazionale. Si tratta del clavicembalista Jean Rondeau, che proprio a Belluno tenne il suo primo concerto in Italia, era il 2 dicembre 2016, quando il Circolo present\u00f2 al pubblico italiano il giovane talento, oggi acclamato in tutto il mondo. Soci e appassionati possono cos\u00ec riascoltare Rondeau dal vivo, gioved\u00ec alle 20:30, nella prestigiosa sala Zanardelli della Prefettura di Belluno. Ingresso al concerto \u00e8 su invito, con prenotazione alla e-mail: segreteriabelcircolo@gmail.com e ritiro dell\u2019invito, la sera stessa, nella sede del concerto.<\/p>\n<p>&nbsp;<\/p>\n<p>&nbsp;<\/p>\n<hr \/>\n<p>&nbsp;<\/p>\n<blockquote>\n<h3>TROFEO FRANCO MANFROI&#8230;DI JOHN FRANCIS DELLA PIETRA<\/h3>\n<\/blockquote>\n<p><strong>TROFEO FRANCO MANFROI<\/strong><\/p>\n<p><strong>di John Francis Della Pietra<\/strong><\/p>\n<p><span style=\"color: #0000ff;\"><strong>AUDIO<\/strong><\/span><\/p>\n<audio class=\"wp-audio-shortcode\" id=\"audio-326960-12\" preload=\"none\" style=\"width: 100%;\" controls=\"controls\"><source type=\"audio\/mpeg\" src=\"https:\/\/www.radiopiu.net\/wordpress\/wp-content\/uploads\/2023\/03\/john-francis-franco-manfroi.mp3?_=12\" \/><a href=\"https:\/\/www.radiopiu.net\/wordpress\/wp-content\/uploads\/2023\/03\/john-francis-franco-manfroi.mp3\">https:\/\/www.radiopiu.net\/wordpress\/wp-content\/uploads\/2023\/03\/john-francis-franco-manfroi.mp3<\/a><\/audio>\n<p>&nbsp;<\/p>\n<p><a class=\"dt-pswp-item\" href=\"https:\/\/www.radiopiu.net\/wordpress\/wp-content\/uploads\/2023\/03\/536452b6-62f4-4854-9ab9-d4cefebff719.jpg\" data-dt-img-description=\"\" data-large_image_width=\"1500\" data-large_image_height=\"2000\"><img loading=\"lazy\" decoding=\"async\" class=\"size-medium wp-image-326984 alignright\" src=\"https:\/\/www.radiopiu.net\/wordpress\/wp-content\/uploads\/2023\/03\/536452b6-62f4-4854-9ab9-d4cefebff719-225x300.jpg\" alt=\"\" width=\"225\" height=\"300\" srcset=\"https:\/\/www.radiopiu.net\/wordpress\/wp-content\/uploads\/2023\/03\/536452b6-62f4-4854-9ab9-d4cefebff719-225x300.jpg 225w, https:\/\/www.radiopiu.net\/wordpress\/wp-content\/uploads\/2023\/03\/536452b6-62f4-4854-9ab9-d4cefebff719-768x1024.jpg 768w, https:\/\/www.radiopiu.net\/wordpress\/wp-content\/uploads\/2023\/03\/536452b6-62f4-4854-9ab9-d4cefebff719-1152x1536.jpg 1152w, https:\/\/www.radiopiu.net\/wordpress\/wp-content\/uploads\/2023\/03\/536452b6-62f4-4854-9ab9-d4cefebff719.jpg 1500w\" sizes=\"auto, (max-width: 225px) 100vw, 225px\" \/><\/a>Caro Franco siamo a fine stagione<br \/>\nIl momento che sempre aspettavi per un&#8217;ultima emozione<br \/>\nFra gare allenamenti<br \/>\nLavoro ed insegnamenti<br \/>\nGli sci la tua passione<br \/>\nDiventata negli anni pi\u00f9 d&#8217;una professione<br \/>\nIn questo periodo peculiare<br \/>\nDal panorama particolare<br \/>\nFra inverno e primavera<br \/>\nTraspare la tua immagine vera<br \/>\nCon lo sguardo ti cerchiamo<br \/>\nAncora qua con noi ti sentiamo<br \/>\nFra gl alti aguzzi monti<br \/>\nRisuonano i tuoi famosi racconti<br \/>\nSugli sci stretti d epiche gesta<br \/>\nE dell&#8217;universale festa<br \/>\nEri un maestro d&#8217;equilibrio<br \/>\nCon conoscenza sapienza e brio<br \/>\nNella cornice di ghiacci fredda neve ed alte pareti<br \/>\nA Gares nel tuo nome si sfideranno tanti atleti<br \/>\nLass\u00f9 dal cielo l\u00ec saprai osservare<br \/>\nMentre tutti noi col cuore ti vogliamo ricordare<\/p>\n<p>&nbsp;<\/p>\n\n\t\t\t<style type='text\/css'>\n\t\t\t\t#gallery-4 {\n\t\t\t\t\tmargin: auto;\n\t\t\t\t}\n\t\t\t\t#gallery-4 .gallery-item {\n\t\t\t\t\tfloat: left;\n\t\t\t\t\tmargin-top: 10px;\n\t\t\t\t\ttext-align: center;\n\t\t\t\t\twidth: 25%;\n\t\t\t\t}\n\t\t\t\t#gallery-4 img {\n\t\t\t\t\tborder: 2px solid #cfcfcf;\n\t\t\t\t}\n\t\t\t\t#gallery-4 .gallery-caption {\n\t\t\t\t\tmargin-left: 0;\n\t\t\t\t}\n\t\t\t\t\/* see gallery_shortcode() in wp-includes\/media.php *\/\n\t\t\t<\/style>\n\t\t<div id='gallery-4' class='dt-gallery-container gallery galleryid-326960 gallery-columns-4 gallery-size-thumbnail'><dl class='gallery-item'>\n\t\t\t\t<dt class='gallery-icon portrait'>\n\t\t\t\t\t<a class=\"rollover rollover-zoom dt-pswp-item\" title=\"70cd4bf1-4d69-4bee-af7c-32fe5cf3982c\" data-dt-img-description=\"\" data-large_image_width=\"1500\" data-large_image_height=\"2000\"href='https:\/\/www.radiopiu.net\/wordpress\/wp-content\/uploads\/2023\/03\/70cd4bf1-4d69-4bee-af7c-32fe5cf3982c.jpg'><img loading=\"lazy\" decoding=\"async\" width=\"150\" height=\"150\" src=\"https:\/\/www.radiopiu.net\/wordpress\/wp-content\/uploads\/2023\/03\/70cd4bf1-4d69-4bee-af7c-32fe5cf3982c-150x150.jpg\" class=\"attachment-thumbnail size-thumbnail\" alt=\"\" \/><\/a>\n\t\t\t\t<\/dt><\/dl><dl class='gallery-item'>\n\t\t\t\t<dt class='gallery-icon portrait'>\n\t\t\t\t\t<a class=\"rollover rollover-zoom dt-pswp-item\" title=\"a438b730-6fad-4e64-87b5-e32f0c363af8\" data-dt-img-description=\"\" data-large_image_width=\"1500\" data-large_image_height=\"2000\"href='https:\/\/www.radiopiu.net\/wordpress\/wp-content\/uploads\/2023\/03\/a438b730-6fad-4e64-87b5-e32f0c363af8.jpg'><img loading=\"lazy\" decoding=\"async\" width=\"150\" height=\"150\" src=\"https:\/\/www.radiopiu.net\/wordpress\/wp-content\/uploads\/2023\/03\/a438b730-6fad-4e64-87b5-e32f0c363af8-150x150.jpg\" class=\"attachment-thumbnail size-thumbnail\" alt=\"\" \/><\/a>\n\t\t\t\t<\/dt><\/dl><dl class='gallery-item'>\n\t\t\t\t<dt class='gallery-icon landscape'>\n\t\t\t\t\t<a class=\"rollover rollover-zoom dt-pswp-item\" title=\"5e72b5d6-6ca9-4d4b-8bc7-1fec2663b948\" data-dt-img-description=\"\" data-large_image_width=\"2000\" data-large_image_height=\"1500\"href='https:\/\/www.radiopiu.net\/wordpress\/wp-content\/uploads\/2023\/03\/5e72b5d6-6ca9-4d4b-8bc7-1fec2663b948.jpg'><img loading=\"lazy\" decoding=\"async\" width=\"150\" height=\"150\" src=\"https:\/\/www.radiopiu.net\/wordpress\/wp-content\/uploads\/2023\/03\/5e72b5d6-6ca9-4d4b-8bc7-1fec2663b948-150x150.jpg\" class=\"attachment-thumbnail size-thumbnail\" alt=\"\" \/><\/a>\n\t\t\t\t<\/dt><\/dl><dl class='gallery-item'>\n\t\t\t\t<dt class='gallery-icon landscape'>\n\t\t\t\t\t<a class=\"rollover rollover-zoom dt-pswp-item\" title=\"494851c0-d24b-4825-a022-457f332e4622\" data-dt-img-description=\"\" data-large_image_width=\"2000\" data-large_image_height=\"1500\"href='https:\/\/www.radiopiu.net\/wordpress\/wp-content\/uploads\/2023\/03\/494851c0-d24b-4825-a022-457f332e4622.jpg'><img loading=\"lazy\" decoding=\"async\" width=\"150\" height=\"150\" src=\"https:\/\/www.radiopiu.net\/wordpress\/wp-content\/uploads\/2023\/03\/494851c0-d24b-4825-a022-457f332e4622-150x150.jpg\" class=\"attachment-thumbnail size-thumbnail\" alt=\"\" \/><\/a>\n\t\t\t\t<\/dt><\/dl><br style=\"clear: both\" \/>\n\t\t\t<\/div>\n\n<p>&nbsp;<\/p>\n<hr \/>\n<p>&nbsp;<\/p>\n<div>\n<div class=\"b654a4as d2edcug0\">\n<div class=\"rq0escxv hkbzh7o3 jwdofwj8 n8tt0mok r8blr3vg hyh9befq\">\n<p><a class=\"dt-pswp-item\" href=\"https:\/\/www.radiopiu.net\/wordpress\/wp-content\/uploads\/2020\/10\/pp.jpg\" data-dt-img-description=\"\" data-large_image_width=\"640\" data-large_image_height=\"640\"><img loading=\"lazy\" decoding=\"async\" class=\"wp-image-163678 alignleft\" src=\"https:\/\/www.radiopiu.net\/wordpress\/wp-content\/uploads\/2020\/10\/pp-300x300.jpg\" alt=\"\" width=\"106\" height=\"106\" srcset=\"https:\/\/www.radiopiu.net\/wordpress\/wp-content\/uploads\/2020\/10\/pp-300x300.jpg 300w, https:\/\/www.radiopiu.net\/wordpress\/wp-content\/uploads\/2020\/10\/pp-150x150.jpg 150w, https:\/\/www.radiopiu.net\/wordpress\/wp-content\/uploads\/2020\/10\/pp-125x125.jpg 125w, https:\/\/www.radiopiu.net\/wordpress\/wp-content\/uploads\/2020\/10\/pp-200x200.jpg 200w, https:\/\/www.radiopiu.net\/wordpress\/wp-content\/uploads\/2020\/10\/pp-80x80.jpg 80w, https:\/\/www.radiopiu.net\/wordpress\/wp-content\/uploads\/2020\/10\/pp-480x480.jpg 480w, https:\/\/www.radiopiu.net\/wordpress\/wp-content\/uploads\/2020\/10\/pp.jpg 640w\" sizes=\"auto, (max-width: 106px) 100vw, 106px\" \/><\/a><\/p>\n<\/div>\n<\/div>\n<\/div>\n<div>\n<div class=\"page-title-head hgroup\">\n<div class=\"page-title-head hgroup\">\n<div class=\"b654a4as d2edcug0\">\n<div class=\"j83agx80 btwxx1t3 lhclo0ds hop8lmos nkwizq5d scwd0bx6 roh60bw9\">\n<div class=\"rq0escxv hkbzh7o3 jwdofwj8 n8tt0mok r8blr3vg hyh9befq\">\n<div class=\"do00u71z l9j0dhe7 k4urcfbm\" style=\"text-align: left;\">\n<h2><span style=\"color: #000080;\">DON CESARE, IL PENSIERO DEL GIORNO. ALLA RADIO ALLE 7 DEL MATTINO E ALLE 19.30 DELLA SERA\u00a0<\/span><\/h2>\n<audio class=\"wp-audio-shortcode\" id=\"audio-326960-13\" preload=\"none\" style=\"width: 100%;\" controls=\"controls\"><source type=\"audio\/mpeg\" src=\"https:\/\/www.radiopiu.net\/wordpress\/wp-content\/uploads\/2023\/03\/CESARE-14.mp3?_=13\" \/><a href=\"https:\/\/www.radiopiu.net\/wordpress\/wp-content\/uploads\/2023\/03\/CESARE-14.mp3\">https:\/\/www.radiopiu.net\/wordpress\/wp-content\/uploads\/2023\/03\/CESARE-14.mp3<\/a><\/audio>\n<\/div>\n<\/div>\n<\/div>\n<\/div>\n<\/div>\n<\/div>\n<\/div>\n<p>&nbsp;<\/p>\n<hr \/>\n<p>&nbsp;<\/p>\n<h2><span style=\"color: #ff00ff;\">IN VIVO VERSO\u00a0 \u00a0 \u00a0<\/span><\/h2>\n<blockquote>\n<h3>CINZIA TANZINI LEGGE ELENA MEARINI<\/h3>\n<\/blockquote>\n<p><strong>AUDIO<\/strong><\/p>\n<audio class=\"wp-audio-shortcode\" id=\"audio-326960-14\" preload=\"none\" style=\"width: 100%;\" controls=\"controls\"><source type=\"audio\/mpeg\" src=\"https:\/\/www.radiopiu.net\/wordpress\/wp-content\/uploads\/2023\/03\/05-CINZIA-TANZINI-LEGGE-SEGNAMI-1.mp3?_=14\" \/><a href=\"https:\/\/www.radiopiu.net\/wordpress\/wp-content\/uploads\/2023\/03\/05-CINZIA-TANZINI-LEGGE-SEGNAMI-1.mp3\">https:\/\/www.radiopiu.net\/wordpress\/wp-content\/uploads\/2023\/03\/05-CINZIA-TANZINI-LEGGE-SEGNAMI-1.mp3<\/a><\/audio>\n<p>&nbsp;<\/p>\n<p><strong><a class=\"dt-pswp-item\" href=\"https:\/\/www.radiopiu.net\/wordpress\/wp-content\/uploads\/2023\/03\/5-CINZIA-TANZINI.jpg\" data-dt-img-description=\"\" data-large_image_width=\"960\" data-large_image_height=\"960\"><img loading=\"lazy\" decoding=\"async\" class=\"wp-image-327006 alignleft\" src=\"https:\/\/www.radiopiu.net\/wordpress\/wp-content\/uploads\/2023\/03\/5-CINZIA-TANZINI-300x300.jpg\" alt=\"\" width=\"145\" height=\"145\" srcset=\"https:\/\/www.radiopiu.net\/wordpress\/wp-content\/uploads\/2023\/03\/5-CINZIA-TANZINI-300x300.jpg 300w, https:\/\/www.radiopiu.net\/wordpress\/wp-content\/uploads\/2023\/03\/5-CINZIA-TANZINI-150x150.jpg 150w, https:\/\/www.radiopiu.net\/wordpress\/wp-content\/uploads\/2023\/03\/5-CINZIA-TANZINI-768x768.jpg 768w, https:\/\/www.radiopiu.net\/wordpress\/wp-content\/uploads\/2023\/03\/5-CINZIA-TANZINI.jpg 960w\" sizes=\"auto, (max-width: 145px) 100vw, 145px\" \/><\/a>Cinzia Tanzini <\/strong><br \/>\n<strong>legge Elena Mearini<\/strong><\/p>\n<p><strong>SEGNAMI<\/strong><\/p>\n<p>Segnami con il rosso<br \/>\nliberami dall&#8217;errore<br \/>\nmettimi il punto, leva la virgola<br \/>\nsospendimi e riprendimi<br \/>\nelevami a maiuscola<br \/>\npoi continuami minuscola<br \/>\ncambiami la riga<br \/>\nmantienimi al margine<br \/>\nseparami se devi,<br \/>\nma lasciami il senso<br \/>\ne concludimi.<br \/>\nOra rileggimi e dimmi<br \/>\nse mi consideri ancora uno sbaglio.<\/p>\n<p>&nbsp;<\/p>\n<div dir=\"auto\">\n<div dir=\"auto\">\n<div dir=\"auto\">\n<div dir=\"auto\">\n<div dir=\"auto\">\n<div dir=\"auto\">\n<p><strong>LA RACCOLTA COMPLETA<\/strong><\/p>\n<blockquote class=\"wp-embedded-content\" data-secret=\"MWnHRsXmP9\"><p><a href=\"https:\/\/www.radiopiu.net\/wordpress\/in-vivo-verso\/\">In Vivo Verso<\/a><\/p><\/blockquote>\n<p><iframe loading=\"lazy\" class=\"wp-embedded-content\" sandbox=\"allow-scripts\" security=\"restricted\" style=\"position: absolute; clip: rect(1px, 1px, 1px, 1px);\" title=\"&#8220;In Vivo Verso&#8221; &#8212; Radio Pi\u00f9\" src=\"https:\/\/www.radiopiu.net\/wordpress\/in-vivo-verso\/embed\/#?secret=3UH5JETSRb#?secret=MWnHRsXmP9\" data-secret=\"MWnHRsXmP9\" width=\"600\" height=\"338\" frameborder=\"0\" marginwidth=\"0\" marginheight=\"0\" scrolling=\"no\"><\/iframe><\/p>\n<p>&nbsp;<\/p>\n<\/div>\n<\/div>\n<\/div>\n<\/div>\n<\/div>\n<\/div>\n<p>&nbsp;<\/p>\n<hr \/>\n<p>&nbsp;<\/p>\n<h2><span style=\"color: #008080;\">GOCCE DI FILOSOFIA\u00a0<\/span><\/h2>\n<blockquote>\n<h3>GOCCE DI FILOSOFIA \u2013 PUNTATA 270\u2013 CHIARA CAU<\/h3>\n<\/blockquote>\n<audio class=\"wp-audio-shortcode\" id=\"audio-326960-15\" preload=\"none\" style=\"width: 100%;\" controls=\"controls\"><source type=\"audio\/mpeg\" src=\"https:\/\/www.radiopiu.net\/wordpress\/wp-content\/uploads\/2023\/03\/FI5-1.mp3?_=15\" \/><a href=\"https:\/\/www.radiopiu.net\/wordpress\/wp-content\/uploads\/2023\/03\/FI5-1.mp3\">https:\/\/www.radiopiu.net\/wordpress\/wp-content\/uploads\/2023\/03\/FI5-1.mp3<\/a><\/audio>\n<p>&nbsp;<\/p>\n<p>LA RACCOLTA COMPLETA<\/p>\n<blockquote class=\"wp-embedded-content\" data-secret=\"M86C6TP5rf\"><p><a href=\"https:\/\/www.radiopiu.net\/wordpress\/gocce-filosofia\/\">Gocce di filosofia,  LA TERZA STAGIONE&#8230; 2023<\/a><\/p><\/blockquote>\n<p><iframe loading=\"lazy\" class=\"wp-embedded-content\" sandbox=\"allow-scripts\" security=\"restricted\" style=\"position: absolute; clip: rect(1px, 1px, 1px, 1px);\" title=\"&#8220;Gocce di filosofia,  LA TERZA STAGIONE&#8230; 2023&#8221; &#8212; Radio Pi\u00f9\" src=\"https:\/\/www.radiopiu.net\/wordpress\/gocce-filosofia\/embed\/#?secret=J0xznTCGcQ#?secret=M86C6TP5rf\" data-secret=\"M86C6TP5rf\" width=\"600\" height=\"338\" frameborder=\"0\" marginwidth=\"0\" marginheight=\"0\" scrolling=\"no\"><\/iframe><\/p>\n<p>&nbsp;<\/p>\n<p>&nbsp;<\/p>\n<hr \/>\n<p>&nbsp;<\/p>\n<div class=\"column\">\n<p><img loading=\"lazy\" decoding=\"async\" class=\"aligncenter wp-image-61954 size-full\" src=\"https:\/\/www.radiopiu.net\/wordpress\/wp-content\/uploads\/2018\/09\/viabilita.jpeg\" sizes=\"auto, (max-width: 800px) 100vw, 800px\" srcset=\"https:\/\/www.radiopiu.net\/wordpress\/wp-content\/uploads\/2018\/09\/viabilita.jpeg 800w, https:\/\/www.radiopiu.net\/wordpress\/wp-content\/uploads\/2018\/09\/viabilita-300x38.jpeg 300w, https:\/\/www.radiopiu.net\/wordpress\/wp-content\/uploads\/2018\/09\/viabilita-768x96.jpeg 768w\" alt=\"\" width=\"800\" height=\"100\" \/><\/p>\n<p>&nbsp;<\/p>\n<blockquote class=\"wp-embedded-content\" data-secret=\"8pvlqWQ0Zh\"><p><a href=\"https:\/\/www.radiopiu.net\/wordpress\/viabilita\/\">viabilita<\/a><\/p><\/blockquote>\n<p><iframe loading=\"lazy\" class=\"wp-embedded-content\" sandbox=\"allow-scripts\" security=\"restricted\" style=\"position: absolute; clip: rect(1px, 1px, 1px, 1px);\" title=\"&#8220;viabilita&#8221; &#8212; Radio Pi\u00f9\" src=\"https:\/\/www.radiopiu.net\/wordpress\/viabilita\/embed\/#?secret=RLw5q8Nwee#?secret=8pvlqWQ0Zh\" data-secret=\"8pvlqWQ0Zh\" width=\"600\" height=\"338\" frameborder=\"0\" marginwidth=\"0\" marginheight=\"0\" scrolling=\"no\"><\/iframe><\/p>\n<div>\n<div dir=\"ltr\">\n<div class=\"gmail_quote\">\n<div dir=\"ltr\">\n<div class=\"gmail_quote\"><\/div>\n<\/div>\n<\/div>\n<\/div>\n<\/div>\n<p>&nbsp;<\/p>\n<hr \/>\n<p>&nbsp;<\/p>\n<p><a class=\"dt-pswp-item\" href=\"https:\/\/www.radiopiu.net\/wordpress\/wp-content\/uploads\/2018\/09\/WhatsApp-Image-2018-09-20-at-16.04.06.jpeg\" data-dt-img-description=\"\" data-large_image_width=\"800\" data-large_image_height=\"100\"><img loading=\"lazy\" decoding=\"async\" class=\"wp-image-61378 size-full aligncenter\" src=\"https:\/\/www.radiopiu.net\/wordpress\/wp-content\/uploads\/2018\/09\/WhatsApp-Image-2018-09-20-at-16.04.06.jpeg\" alt=\"\" width=\"800\" height=\"100\" srcset=\"https:\/\/www.radiopiu.net\/wordpress\/wp-content\/uploads\/2018\/09\/WhatsApp-Image-2018-09-20-at-16.04.06.jpeg 800w, https:\/\/www.radiopiu.net\/wordpress\/wp-content\/uploads\/2018\/09\/WhatsApp-Image-2018-09-20-at-16.04.06-300x38.jpeg 300w, https:\/\/www.radiopiu.net\/wordpress\/wp-content\/uploads\/2018\/09\/WhatsApp-Image-2018-09-20-at-16.04.06-768x96.jpeg 768w\" sizes=\"auto, (max-width: 800px) 100vw, 800px\" \/><\/a><\/p>\n<p>&nbsp;<\/p>\n<p><b>oggi<\/b> Tempo stabile con cielo sereno o poco nuvoloso per qualche velatura specie al primo mattino. Dalla sera aumento della nuvolosit\u00e0 medio-alta da sudovest fino a cielo velato assieme alla formazione di nubi basse in qualche valle. Contesto termico decisamente mite con valori ben superiori alla media. Precipitazioni. Assenti<\/p>\n<p><strong>domani <\/strong>\u00a0Tempo stabile ma con nuvolosit\u00e0 medio-alta a tratti estesa assieme a qualche cumulo e tratto soleggiato. maggior nuvolosit\u00e0 durante il pomeriggio ed in serata. Fino al primo mattino possibile qualche nube bassa in nuova formazione in serata. Precipitazioni. Assenti<\/p>\n<\/div>\n<p><strong>luned\u00ec<\/strong>\u00a0 Tempo buono con cielo da poco a parzialmente nuvoloso Temperature senza notevoli variazioni, eccetto lieve rialzo delle massime.<\/p>\n<p><strong>marted\u00ec<\/strong> Persistono condizioni di tempo stabile con cielo da poco a tratti parzialmente nuvoloso. Temperature stazionarie<\/p>\n<p>&nbsp;<\/p>\n<hr \/>\n<p>&nbsp;<\/p>\n<p><a class=\"dt-pswp-item\" href=\"https:\/\/www.radiopiu.net\/wordpress\/wp-content\/uploads\/2018\/09\/sport.jpg\" data-dt-img-description=\"\" data-large_image_width=\"800\" data-large_image_height=\"100\"><img loading=\"lazy\" decoding=\"async\" class=\"aligncenter wp-image-60761 size-full\" src=\"https:\/\/www.radiopiu.net\/wordpress\/wp-content\/uploads\/2018\/09\/sport.jpg\" alt=\"\" width=\"800\" height=\"100\" srcset=\"https:\/\/www.radiopiu.net\/wordpress\/wp-content\/uploads\/2018\/09\/sport.jpg 800w, https:\/\/www.radiopiu.net\/wordpress\/wp-content\/uploads\/2018\/09\/sport-300x38.jpg 300w, https:\/\/www.radiopiu.net\/wordpress\/wp-content\/uploads\/2018\/09\/sport-768x96.jpg 768w\" sizes=\"auto, (max-width: 800px) 100vw, 800px\" \/><\/a><\/p>\n<p>&nbsp;<\/p>\n<p><strong><span style=\"color: #0000ff;\">PARALIMPICI<\/span><\/strong><\/p>\n<blockquote>\n<h3>COPPA DEL MONDO, RENE&#8217; IL MIGLIORE: SOSTENUTO DA UNA FOLLA<\/h3>\n<\/blockquote>\n<p><strong>CORTINA<\/strong><\/p>\n<p><strong>DI ROBERTO BONA<\/strong><\/p>\n<audio class=\"wp-audio-shortcode\" id=\"audio-326960-16\" preload=\"none\" style=\"width: 100%;\" controls=\"controls\"><source type=\"audio\/mpeg\" src=\"https:\/\/www.radiopiu.net\/wordpress\/wp-content\/uploads\/2023\/03\/SlalomOroRene.mp3?_=16\" \/><a href=\"https:\/\/www.radiopiu.net\/wordpress\/wp-content\/uploads\/2023\/03\/SlalomOroRene.mp3\">https:\/\/www.radiopiu.net\/wordpress\/wp-content\/uploads\/2023\/03\/SlalomOroRene.mp3<\/a><\/audio>\n<p>&nbsp;<\/p>\n\n\t\t\t<style type='text\/css'>\n\t\t\t\t#gallery-5 {\n\t\t\t\t\tmargin: auto;\n\t\t\t\t}\n\t\t\t\t#gallery-5 .gallery-item {\n\t\t\t\t\tfloat: left;\n\t\t\t\t\tmargin-top: 10px;\n\t\t\t\t\ttext-align: center;\n\t\t\t\t\twidth: 50%;\n\t\t\t\t}\n\t\t\t\t#gallery-5 img {\n\t\t\t\t\tborder: 2px solid #cfcfcf;\n\t\t\t\t}\n\t\t\t\t#gallery-5 .gallery-caption {\n\t\t\t\t\tmargin-left: 0;\n\t\t\t\t}\n\t\t\t\t\/* see gallery_shortcode() in wp-includes\/media.php *\/\n\t\t\t<\/style>\n\t\t<div id='gallery-5' class='dt-gallery-container gallery galleryid-326960 gallery-columns-2 gallery-size-medium'><dl class='gallery-item'>\n\t\t\t\t<dt class='gallery-icon landscape'>\n\t\t\t\t\t<a class=\"rollover rollover-zoom dt-pswp-item\" title=\"9ea52ec0-1739-4ed5-96d0-4be567f5455b\" data-dt-img-description=\"\" data-large_image_width=\"1600\" data-large_image_height=\"1066\"href='https:\/\/www.radiopiu.net\/wordpress\/wp-content\/uploads\/2023\/03\/9ea52ec0-1739-4ed5-96d0-4be567f5455b.jpg'><img loading=\"lazy\" decoding=\"async\" width=\"300\" height=\"200\" src=\"https:\/\/www.radiopiu.net\/wordpress\/wp-content\/uploads\/2023\/03\/9ea52ec0-1739-4ed5-96d0-4be567f5455b-300x200.jpg\" class=\"attachment-medium size-medium\" alt=\"\" srcset=\"https:\/\/www.radiopiu.net\/wordpress\/wp-content\/uploads\/2023\/03\/9ea52ec0-1739-4ed5-96d0-4be567f5455b-300x200.jpg 300w, https:\/\/www.radiopiu.net\/wordpress\/wp-content\/uploads\/2023\/03\/9ea52ec0-1739-4ed5-96d0-4be567f5455b-1024x682.jpg 1024w, https:\/\/www.radiopiu.net\/wordpress\/wp-content\/uploads\/2023\/03\/9ea52ec0-1739-4ed5-96d0-4be567f5455b-768x512.jpg 768w, https:\/\/www.radiopiu.net\/wordpress\/wp-content\/uploads\/2023\/03\/9ea52ec0-1739-4ed5-96d0-4be567f5455b-1536x1023.jpg 1536w, https:\/\/www.radiopiu.net\/wordpress\/wp-content\/uploads\/2023\/03\/9ea52ec0-1739-4ed5-96d0-4be567f5455b.jpg 1600w\" sizes=\"auto, (max-width: 300px) 100vw, 300px\" \/><\/a>\n\t\t\t\t<\/dt><\/dl><dl class='gallery-item'>\n\t\t\t\t<dt class='gallery-icon landscape'>\n\t\t\t\t\t<a class=\"rollover rollover-zoom dt-pswp-item\" title=\"7f69e50d-c77c-43ba-a9ec-39ea519b90c7\" data-dt-img-description=\"\" data-large_image_width=\"1600\" data-large_image_height=\"1066\"href='https:\/\/www.radiopiu.net\/wordpress\/wp-content\/uploads\/2023\/03\/7f69e50d-c77c-43ba-a9ec-39ea519b90c7.jpg'><img loading=\"lazy\" decoding=\"async\" width=\"300\" height=\"200\" src=\"https:\/\/www.radiopiu.net\/wordpress\/wp-content\/uploads\/2023\/03\/7f69e50d-c77c-43ba-a9ec-39ea519b90c7-300x200.jpg\" class=\"attachment-medium size-medium\" alt=\"\" srcset=\"https:\/\/www.radiopiu.net\/wordpress\/wp-content\/uploads\/2023\/03\/7f69e50d-c77c-43ba-a9ec-39ea519b90c7-300x200.jpg 300w, https:\/\/www.radiopiu.net\/wordpress\/wp-content\/uploads\/2023\/03\/7f69e50d-c77c-43ba-a9ec-39ea519b90c7-1024x682.jpg 1024w, https:\/\/www.radiopiu.net\/wordpress\/wp-content\/uploads\/2023\/03\/7f69e50d-c77c-43ba-a9ec-39ea519b90c7-768x512.jpg 768w, https:\/\/www.radiopiu.net\/wordpress\/wp-content\/uploads\/2023\/03\/7f69e50d-c77c-43ba-a9ec-39ea519b90c7-1536x1023.jpg 1536w, https:\/\/www.radiopiu.net\/wordpress\/wp-content\/uploads\/2023\/03\/7f69e50d-c77c-43ba-a9ec-39ea519b90c7.jpg 1600w\" sizes=\"auto, (max-width: 300px) 100vw, 300px\" \/><\/a>\n\t\t\t\t<\/dt><\/dl><br style=\"clear: both\" \/>\n\t\t\t<\/div>\n\n<p>&nbsp;<\/p>\n<p>&nbsp;<\/p>\n<p>&nbsp;<\/p>\n<p><span style=\"color: #0000ff;\"><strong>CALCIO<\/strong><\/span><\/p>\n<blockquote>\n<h3>AGORDINA IN CASA CON LA FULGOR FARRA. SETTORE GIOVANILE IN CAMPO NEL FINE SETTIMANA<\/h3>\n<\/blockquote>\n<p><strong><a class=\"dt-pswp-item\" href=\"https:\/\/www.radiopiu.net\/wordpress\/wp-content\/uploads\/2022\/03\/CALCIO-2022.jpg\" data-dt-img-description=\"\" data-large_image_width=\"1920\" data-large_image_height=\"1281\"><img loading=\"lazy\" decoding=\"async\" class=\" wp-image-265514 alignleft\" src=\"https:\/\/www.radiopiu.net\/wordpress\/wp-content\/uploads\/2022\/03\/CALCIO-2022-300x200.jpg\" alt=\"\" width=\"192\" height=\"128\" srcset=\"https:\/\/www.radiopiu.net\/wordpress\/wp-content\/uploads\/2022\/03\/CALCIO-2022-300x200.jpg 300w, https:\/\/www.radiopiu.net\/wordpress\/wp-content\/uploads\/2022\/03\/CALCIO-2022-1024x683.jpg 1024w, https:\/\/www.radiopiu.net\/wordpress\/wp-content\/uploads\/2022\/03\/CALCIO-2022-768x512.jpg 768w, https:\/\/www.radiopiu.net\/wordpress\/wp-content\/uploads\/2022\/03\/CALCIO-2022-1536x1025.jpg 1536w, https:\/\/www.radiopiu.net\/wordpress\/wp-content\/uploads\/2022\/03\/CALCIO-2022.jpg 1920w\" sizes=\"auto, (max-width: 192px) 100vw, 192px\" \/><\/a>di Marco Gaz<\/strong><\/p>\n<p><strong>REDAZIONE<\/strong> Continuano i campionati provinciali e regionali LND dove l&#8217;Agordina Calcio \u00e8 iscritta. Sono tre le partite in programma nel fine settimana. Non scenderanno in campo i giovanissimi allenati da De Bastiani che questa settimana rispetteranno il turno di riposo. Il fine settimana calcistico dell&#8217;Agordina inizier\u00e0 oggi pomeriggio alle 15 con la juniores di De Zaiacomo che giocher\u00e0 in casa contro il Limana. I ragazzi di Agordo hanno iniziato il 2023 con due pareggi e non sar\u00e0 una passeggiata la gara contro i primi della classe. Domani alle 10:30 sar\u00e0 il turno degli Allievi allenati da Orzetti che sono alla ricerca di punti importanti per evitare la retrocessione. Trasferta in terra trevigiana per affrontare la Godigense. Sempre domani, ma alle 15, scender\u00e0 in campo la prima squadra. Una formazione rimasta orfana dell&#8217;allenatore con Lorenzi che ha dato le dimissioni pochi giorni fa. In programma all&#8217;Ivano Dorigo una partita essenziale per il futuro della compagine di Agordo. Di fronte la Fulgor Farra. Vietato sbagliare a quattro partite dalla fine del campionato. I ragazzi di Agordo dovranno vincere tutte le partite per evitare i playout. Radio Pi\u00f9 seguir\u00e0 in diretta la sfida all&#8217;interno di &#8220;Domanica Pi\u00f9 Sport&#8221; a partire dalle 15.<\/p>\n<p>&nbsp;<\/p>\n<blockquote>\n<h3>IL CAMPIONATO AGORDINO DI CALCIO PRESENTA IL NUOVO LOGO UFFICIALE<\/h3>\n<\/blockquote>\n<p><strong><a class=\"dt-pswp-item\" href=\"https:\/\/www.radiopiu.net\/wordpress\/wp-content\/uploads\/2023\/03\/CAMPIONATO-AGORDINO-2023.png\" data-dt-img-description=\"\" data-large_image_width=\"1434\" data-large_image_height=\"938\"><img loading=\"lazy\" decoding=\"async\" class=\" wp-image-327073 alignleft\" src=\"https:\/\/www.radiopiu.net\/wordpress\/wp-content\/uploads\/2023\/03\/CAMPIONATO-AGORDINO-2023-300x196.png\" alt=\"\" width=\"222\" height=\"145\" srcset=\"https:\/\/www.radiopiu.net\/wordpress\/wp-content\/uploads\/2023\/03\/CAMPIONATO-AGORDINO-2023-300x196.png 300w, https:\/\/www.radiopiu.net\/wordpress\/wp-content\/uploads\/2023\/03\/CAMPIONATO-AGORDINO-2023-1024x670.png 1024w, https:\/\/www.radiopiu.net\/wordpress\/wp-content\/uploads\/2023\/03\/CAMPIONATO-AGORDINO-2023-768x502.png 768w, https:\/\/www.radiopiu.net\/wordpress\/wp-content\/uploads\/2023\/03\/CAMPIONATO-AGORDINO-2023.png 1434w\" sizes=\"auto, (max-width: 222px) 100vw, 222px\" \/><\/a>di Marco Gaz<\/strong><\/p>\n<p><strong>REDAZIONE<\/strong> Il Campionato Agordino di Calcio entra nel vivo e, in attesa della presentazione ufficiale in programma il 6 aprile sotto al tendone della Sagra De Pasca a Taibon Agordino, anche i social iniziano a muoversi. Nella serata di ieri \u00e8 stato presentato il nuovo logo ufficiale della manifestazione in stile Serie A di Calcio. Come gi\u00e0 detto sono comfermate le 13 squadre che hanno preso parte al torneo anche lo scorso anno e nelle prossime settimane si decider\u00e0 a chi verr\u00e0 intitolato il campionato di vallata.<\/p>\n<p><strong>ANDREA BALDASSI, RESPONSABILE DEL COMITATO CALCIO AGORDINO<\/strong><\/p>\n<audio class=\"wp-audio-shortcode\" id=\"audio-326960-17\" preload=\"none\" style=\"width: 100%;\" controls=\"controls\"><source type=\"audio\/mpeg\" src=\"https:\/\/www.radiopiu.net\/wordpress\/wp-content\/uploads\/2023\/03\/BALDASSI-CAM-AGO.mp3?_=17\" \/><a href=\"https:\/\/www.radiopiu.net\/wordpress\/wp-content\/uploads\/2023\/03\/BALDASSI-CAM-AGO.mp3\">https:\/\/www.radiopiu.net\/wordpress\/wp-content\/uploads\/2023\/03\/BALDASSI-CAM-AGO.mp3<\/a><\/audio>\n<p>&nbsp;<\/p>\n<hr \/>\n<p>&nbsp;<\/p>\n<p><span style=\"color: #0000ff;\"><strong>RALLY\u00a0<\/strong><\/span><\/p>\n<div class=\"page-title-head hgroup\">\n<blockquote>\n<h3 class=\"entry-title\">LA PRESENTAZIONE UFFICIALE DEL RALLY BELLUNESE, FOTO ANNALISA DAL MAS<\/h3>\n<\/blockquote>\n<p><strong>GALLERIA FOTOGRAFICA DAL CASTELLO DI ZUMELLE.<\/strong><\/p>\n\n\t\t\t<style type='text\/css'>\n\t\t\t\t#gallery-6 {\n\t\t\t\t\tmargin: auto;\n\t\t\t\t}\n\t\t\t\t#gallery-6 .gallery-item {\n\t\t\t\t\tfloat: left;\n\t\t\t\t\tmargin-top: 10px;\n\t\t\t\t\ttext-align: center;\n\t\t\t\t\twidth: 33%;\n\t\t\t\t}\n\t\t\t\t#gallery-6 img {\n\t\t\t\t\tborder: 2px solid #cfcfcf;\n\t\t\t\t}\n\t\t\t\t#gallery-6 .gallery-caption {\n\t\t\t\t\tmargin-left: 0;\n\t\t\t\t}\n\t\t\t\t\/* see gallery_shortcode() in wp-includes\/media.php *\/\n\t\t\t<\/style>\n\t\t<div id='gallery-6' class='dt-gallery-container gallery galleryid-326960 gallery-columns-3 gallery-size-thumbnail'><dl class='gallery-item'>\n\t\t\t\t<dt class='gallery-icon landscape'>\n\t\t\t\t\t<a class=\"rollover rollover-zoom dt-pswp-item\" title=\"3194f65e-6f83-4032-a34f-4ea27f2ac65e\" data-dt-img-description=\"\" data-large_image_width=\"1024\" data-large_image_height=\"768\"href='https:\/\/www.radiopiu.net\/wordpress\/wp-content\/uploads\/2023\/03\/3194f65e-6f83-4032-a34f-4ea27f2ac65e.jpg'><img loading=\"lazy\" decoding=\"async\" width=\"150\" height=\"150\" src=\"https:\/\/www.radiopiu.net\/wordpress\/wp-content\/uploads\/2023\/03\/3194f65e-6f83-4032-a34f-4ea27f2ac65e-150x150.jpg\" class=\"attachment-thumbnail size-thumbnail\" alt=\"\" \/><\/a>\n\t\t\t\t<\/dt><\/dl><dl class='gallery-item'>\n\t\t\t\t<dt class='gallery-icon landscape'>\n\t\t\t\t\t<a class=\"rollover rollover-zoom dt-pswp-item\" title=\"2d30ecfd-78a1-4268-be29-6eb57102d002\" data-dt-img-description=\"\" data-large_image_width=\"1600\" data-large_image_height=\"1066\"href='https:\/\/www.radiopiu.net\/wordpress\/wp-content\/uploads\/2023\/03\/2d30ecfd-78a1-4268-be29-6eb57102d002.jpg'><img loading=\"lazy\" decoding=\"async\" width=\"150\" height=\"150\" src=\"https:\/\/www.radiopiu.net\/wordpress\/wp-content\/uploads\/2023\/03\/2d30ecfd-78a1-4268-be29-6eb57102d002-150x150.jpg\" class=\"attachment-thumbnail size-thumbnail\" alt=\"\" \/><\/a>\n\t\t\t\t<\/dt><\/dl><dl class='gallery-item'>\n\t\t\t\t<dt class='gallery-icon landscape'>\n\t\t\t\t\t<a class=\"rollover rollover-zoom dt-pswp-item\" title=\"57cbf049-65d1-455c-9e6e-ac1bb6e159ed\" data-dt-img-description=\"\" data-large_image_width=\"1600\" data-large_image_height=\"1070\"href='https:\/\/www.radiopiu.net\/wordpress\/wp-content\/uploads\/2023\/03\/57cbf049-65d1-455c-9e6e-ac1bb6e159ed.jpg'><img loading=\"lazy\" decoding=\"async\" width=\"150\" height=\"150\" src=\"https:\/\/www.radiopiu.net\/wordpress\/wp-content\/uploads\/2023\/03\/57cbf049-65d1-455c-9e6e-ac1bb6e159ed-150x150.jpg\" class=\"attachment-thumbnail size-thumbnail\" alt=\"\" \/><\/a>\n\t\t\t\t<\/dt><\/dl><br style=\"clear: both\" \/><dl class='gallery-item'>\n\t\t\t\t<dt class='gallery-icon landscape'>\n\t\t\t\t\t<a class=\"rollover rollover-zoom dt-pswp-item\" title=\"0c2652fd-a871-4bd9-8a84-aca88cdaaa69\" data-dt-img-description=\"\" data-large_image_width=\"1024\" data-large_image_height=\"1024\"href='https:\/\/www.radiopiu.net\/wordpress\/wp-content\/uploads\/2023\/03\/0c2652fd-a871-4bd9-8a84-aca88cdaaa69.jpg'><img loading=\"lazy\" decoding=\"async\" width=\"150\" height=\"150\" src=\"https:\/\/www.radiopiu.net\/wordpress\/wp-content\/uploads\/2023\/03\/0c2652fd-a871-4bd9-8a84-aca88cdaaa69-150x150.jpg\" class=\"attachment-thumbnail size-thumbnail\" alt=\"\" srcset=\"https:\/\/www.radiopiu.net\/wordpress\/wp-content\/uploads\/2023\/03\/0c2652fd-a871-4bd9-8a84-aca88cdaaa69-150x150.jpg 150w, https:\/\/www.radiopiu.net\/wordpress\/wp-content\/uploads\/2023\/03\/0c2652fd-a871-4bd9-8a84-aca88cdaaa69-300x300.jpg 300w, https:\/\/www.radiopiu.net\/wordpress\/wp-content\/uploads\/2023\/03\/0c2652fd-a871-4bd9-8a84-aca88cdaaa69-768x768.jpg 768w, https:\/\/www.radiopiu.net\/wordpress\/wp-content\/uploads\/2023\/03\/0c2652fd-a871-4bd9-8a84-aca88cdaaa69.jpg 1024w\" sizes=\"auto, (max-width: 150px) 100vw, 150px\" \/><\/a>\n\t\t\t\t<\/dt><\/dl><dl class='gallery-item'>\n\t\t\t\t<dt class='gallery-icon landscape'>\n\t\t\t\t\t<a class=\"rollover rollover-zoom dt-pswp-item\" title=\"ef7fc821-0f9b-4f42-9ccd-152abfcdd032\" data-dt-img-description=\"\" data-large_image_width=\"1024\" data-large_image_height=\"681\"href='https:\/\/www.radiopiu.net\/wordpress\/wp-content\/uploads\/2023\/03\/ef7fc821-0f9b-4f42-9ccd-152abfcdd032.jpg'><img loading=\"lazy\" decoding=\"async\" width=\"150\" height=\"150\" src=\"https:\/\/www.radiopiu.net\/wordpress\/wp-content\/uploads\/2023\/03\/ef7fc821-0f9b-4f42-9ccd-152abfcdd032-150x150.jpg\" class=\"attachment-thumbnail size-thumbnail\" alt=\"\" \/><\/a>\n\t\t\t\t<\/dt><\/dl><dl class='gallery-item'>\n\t\t\t\t<dt class='gallery-icon landscape'>\n\t\t\t\t\t<a class=\"rollover rollover-zoom dt-pswp-item\" title=\"1e1b336c-046c-4840-b8e1-3850a873551b\" data-dt-img-description=\"\" data-large_image_width=\"1600\" data-large_image_height=\"1064\"href='https:\/\/www.radiopiu.net\/wordpress\/wp-content\/uploads\/2023\/03\/1e1b336c-046c-4840-b8e1-3850a873551b.jpg'><img loading=\"lazy\" decoding=\"async\" width=\"150\" height=\"150\" src=\"https:\/\/www.radiopiu.net\/wordpress\/wp-content\/uploads\/2023\/03\/1e1b336c-046c-4840-b8e1-3850a873551b-150x150.jpg\" class=\"attachment-thumbnail size-thumbnail\" alt=\"\" \/><\/a>\n\t\t\t\t<\/dt><\/dl><br style=\"clear: both\" \/>\n\t\t\t<\/div>\n\n<p>&nbsp;<\/p>\n<\/div>\n<div class=\"page-title-breadcrumbs\">\n<div class=\"page-title-head hgroup\">\n<h1 class=\"entry-title\"><\/h1>\n<\/div>\n<div class=\"page-title-breadcrumbs\"><\/div>\n<\/div>\n<p>&nbsp;<\/p>\n<p>&nbsp;<\/p>\n<p>&nbsp;<\/p>\n<hr \/>\n<p>&nbsp;<\/p>\n<p><span style=\"color: #0000ff;\"><strong>PALLAVOLO<\/strong><\/span><\/p>\n<blockquote>\n<h3>STASERA L&#8217;ULTIMO DERBY STAGIONALE ALLA SPES ARENA<\/h3>\n<\/blockquote>\n<p><strong><a class=\"dt-pswp-item\" href=\"https:\/\/www.radiopiu.net\/wordpress\/wp-content\/uploads\/2023\/03\/Ultimo_derby_stagionale_per_la_DRL.jpg\" data-dt-img-description=\"\" data-large_image_width=\"1280\" data-large_image_height=\"853\"><img loading=\"lazy\" decoding=\"async\" class=\" wp-image-326997 alignleft\" src=\"https:\/\/www.radiopiu.net\/wordpress\/wp-content\/uploads\/2023\/03\/Ultimo_derby_stagionale_per_la_DRL-300x200.jpg\" alt=\"\" width=\"165\" height=\"110\" srcset=\"https:\/\/www.radiopiu.net\/wordpress\/wp-content\/uploads\/2023\/03\/Ultimo_derby_stagionale_per_la_DRL-300x200.jpg 300w, https:\/\/www.radiopiu.net\/wordpress\/wp-content\/uploads\/2023\/03\/Ultimo_derby_stagionale_per_la_DRL-1024x682.jpg 1024w, https:\/\/www.radiopiu.net\/wordpress\/wp-content\/uploads\/2023\/03\/Ultimo_derby_stagionale_per_la_DRL-768x512.jpg 768w, https:\/\/www.radiopiu.net\/wordpress\/wp-content\/uploads\/2023\/03\/Ultimo_derby_stagionale_per_la_DRL.jpg 1280w\" sizes=\"auto, (max-width: 165px) 100vw, 165px\" \/><\/a>BELLUNO <\/strong>La febbre del sabato sera \u00e8 destinata a raggiungere il suo apice stasera alle 20:30, quando alla Spes Arena andr\u00e0 in scena un anticipo di stampo veneto: Da Rold Logistics Belluno da una parte, Sol Lucernari Montecchio Maggiore dall\u2019altra. \u00c8 un derby. Ed \u00e8, soprattutto, il terzultimo turno del campionato di Serie A3 Credem Banca. L\u2019obiettivo \u00e8 comune alle due formazioni: l\u2019intera posta in palio. A essere diversi sono i traguardi a cui ambire: perch\u00e9 se i rinoceronti puntano ai playoff, i vicentini cercano di rimanere aggrappati al treno salvezza. La Pallavolo Maschile Belluno, vittoriosa all\u2019andata, ha 18 punti in pi\u00f9 rispetto al Sol. Ma coach Gian Luca Colussi non d\u00e0 troppo peso alle cifre: \u00ab\u00c8 una gara che nasconde diverse insidie. Affronteremo una compagine \u201cfastidiosa\u201d e affamata. Vero, \u00e8 reduce una serie di sconfitte, ma non dimentichiamo che, verso la fine del girone d\u2019andata, si trovava in una posizione di classifica elevata. Poi una serie di fattori ha portato Montecchio a non esprimersi al meglio. Tuttavia, l\u2019avversario resta pericoloso\u00bb.<span class=\"gmail-Apple-converted-space\"> \u00a0<\/span><\/p>\n<p>&nbsp;<\/p>\n<p>&nbsp;<\/p>\n<h2><span style=\"color: #ff0000;\">IERI ALLA RADIO<\/span><\/h2>\n<h2><span style=\"color: #3366ff;\">ENGLISH ON THE ROAD a cura di Magic Teacher Claudia e Stefano Campedel<\/span><\/h2>\n<p><strong><a class=\"dt-pswp-item\" href=\"https:\/\/www.radiopiu.net\/wordpress\/wp-content\/uploads\/2023\/03\/ENGLISH.png\" data-dt-img-description=\"\" data-large_image_width=\"468\" data-large_image_height=\"238\"><img loading=\"lazy\" decoding=\"async\" class=\" wp-image-326816 alignleft\" src=\"https:\/\/www.radiopiu.net\/wordpress\/wp-content\/uploads\/2023\/03\/ENGLISH-300x153.png\" alt=\"\" width=\"161\" height=\"82\" srcset=\"https:\/\/www.radiopiu.net\/wordpress\/wp-content\/uploads\/2023\/03\/ENGLISH-300x153.png 300w, https:\/\/www.radiopiu.net\/wordpress\/wp-content\/uploads\/2023\/03\/ENGLISH.png 468w\" sizes=\"auto, (max-width: 161px) 100vw, 161px\" \/><\/a>3 &#8211; PUNTATA AUDIO 16 MARZO 2023<\/strong><\/p>\n<audio class=\"wp-audio-shortcode\" id=\"audio-326960-18\" preload=\"none\" style=\"width: 100%;\" controls=\"controls\"><source type=\"audio\/mpeg\" src=\"https:\/\/www.radiopiu.net\/wordpress\/wp-content\/uploads\/2023\/03\/ENGLISH-PUNTATA-3.mp3?_=18\" \/><a href=\"https:\/\/www.radiopiu.net\/wordpress\/wp-content\/uploads\/2023\/03\/ENGLISH-PUNTATA-3.mp3\">https:\/\/www.radiopiu.net\/wordpress\/wp-content\/uploads\/2023\/03\/ENGLISH-PUNTATA-3.mp3<\/a><\/audio>\n<p>&nbsp;<\/p>\n<hr \/>\n<p>&nbsp;<\/p>\n<h2><span style=\"color: #808000;\">DEDICHE E RICHIESTE<\/span><\/h2>\n<blockquote>\n<h3>CON CARLO ZANON PER PARLARE DEL TROFEO 4 VALLI DI SKIALP<\/h3>\n<\/blockquote>\n<p><strong><a class=\"dt-pswp-item\" href=\"https:\/\/www.radiopiu.net\/wordpress\/wp-content\/uploads\/2023\/03\/CARLO-ZANON.png\" data-dt-img-description=\"\" data-large_image_width=\"337\" data-large_image_height=\"233\"><img loading=\"lazy\" decoding=\"async\" class=\" wp-image-326825 alignleft\" src=\"https:\/\/www.radiopiu.net\/wordpress\/wp-content\/uploads\/2023\/03\/CARLO-ZANON-300x207.png\" alt=\"\" width=\"158\" height=\"109\" srcset=\"https:\/\/www.radiopiu.net\/wordpress\/wp-content\/uploads\/2023\/03\/CARLO-ZANON-300x207.png 300w, https:\/\/www.radiopiu.net\/wordpress\/wp-content\/uploads\/2023\/03\/CARLO-ZANON.png 337w\" sizes=\"auto, (max-width: 158px) 100vw, 158px\" \/><\/a>REDAZIONE<\/strong> In &#8220;Dediche e Richieste&#8221;, il programma in diretta del mercoled\u00ec sera su Radio Pi\u00f9, tra i vari ospiti che sono intervenuti anche Carlo Zanon che ci ha parlato del Trofeo 4 Valli di skialp con l&#8217;ultima tappa che si \u00e8 svolta a Falcade con la Molino-Caverson. Un evento che ha richiamato gli appassionati dello sci alpinismo ma non solo.<\/p>\n<p><strong>CARLO ZANON<\/strong><\/p>\n<audio class=\"wp-audio-shortcode\" id=\"audio-326960-19\" preload=\"none\" style=\"width: 100%;\" controls=\"controls\"><source type=\"audio\/mpeg\" src=\"https:\/\/www.radiopiu.net\/wordpress\/wp-content\/uploads\/2023\/03\/CARLO-ZANON-1.mp3?_=19\" \/><a href=\"https:\/\/www.radiopiu.net\/wordpress\/wp-content\/uploads\/2023\/03\/CARLO-ZANON-1.mp3\">https:\/\/www.radiopiu.net\/wordpress\/wp-content\/uploads\/2023\/03\/CARLO-ZANON-1.mp3<\/a><\/audio>\n<p>&nbsp;<\/p>\n<blockquote>\n<h3>CON FABIO &#8220;RUFUS&#8221; BRISTOT NEL GIORNO DEL SUO COMPLEANNO<\/h3>\n<\/blockquote>\n<p><strong><a class=\"dt-pswp-item\" href=\"https:\/\/www.radiopiu.net\/wordpress\/wp-content\/uploads\/2023\/01\/FABIO-RUFUS-BRISTOT.jpg\" data-dt-img-description=\"\" data-large_image_width=\"724\" data-large_image_height=\"504\"><img loading=\"lazy\" decoding=\"async\" class=\" wp-image-318725 alignleft\" src=\"https:\/\/www.radiopiu.net\/wordpress\/wp-content\/uploads\/2023\/01\/FABIO-RUFUS-BRISTOT-300x209.jpg\" alt=\"\" width=\"149\" height=\"104\" srcset=\"https:\/\/www.radiopiu.net\/wordpress\/wp-content\/uploads\/2023\/01\/FABIO-RUFUS-BRISTOT-300x209.jpg 300w, https:\/\/www.radiopiu.net\/wordpress\/wp-content\/uploads\/2023\/01\/FABIO-RUFUS-BRISTOT.jpg 724w\" sizes=\"auto, (max-width: 149px) 100vw, 149px\" \/><\/a>REDAZIONE<\/strong> Come ogni mercoled\u00ec \u00e8 andata in onda la puntata serale di &#8220;Dediche e Richieste&#8221; con Mirko Mezzacasa, Moreno Tocchetto, Simonetta Tom\u00e8 e Marco Gaz. Tra gli ospiti telefonici della serata anche Fabio &#8220;Rufus&#8221; Bristot che festeggiava il suo compleanno. Una buona occasione per fare gli auguri in diretta ma anche per parlare di altri argomenti come l&#8217;elicottero del SUEM e il comune di Belluno.<\/p>\n<p><strong>FABIO &#8220;RUFUS&#8221; BRISTOT<\/strong><\/p>\n<audio class=\"wp-audio-shortcode\" id=\"audio-326960-20\" preload=\"none\" style=\"width: 100%;\" controls=\"controls\"><source type=\"audio\/mpeg\" src=\"https:\/\/www.radiopiu.net\/wordpress\/wp-content\/uploads\/2023\/03\/FABIO-RUFUS-BRISTOT.mp3?_=20\" \/><a href=\"https:\/\/www.radiopiu.net\/wordpress\/wp-content\/uploads\/2023\/03\/FABIO-RUFUS-BRISTOT.mp3\">https:\/\/www.radiopiu.net\/wordpress\/wp-content\/uploads\/2023\/03\/FABIO-RUFUS-BRISTOT.mp3<\/a><\/audio>\n<p>&nbsp;<\/p>\n<blockquote>\n<h3>CON MICHELA TORRE DAL RISTORO BELVEDERE CIMA FERTAZZA<\/h3>\n<\/blockquote>\n<p><strong><a class=\"dt-pswp-item\" href=\"https:\/\/www.radiopiu.net\/wordpress\/wp-content\/uploads\/2023\/03\/335609114_761611368537095_4455195542710905161_n.jpg\" data-dt-img-description=\"\" data-large_image_width=\"2000\" data-large_image_height=\"1333\"><img loading=\"lazy\" decoding=\"async\" class=\" wp-image-326848 alignleft\" src=\"https:\/\/www.radiopiu.net\/wordpress\/wp-content\/uploads\/2023\/03\/335609114_761611368537095_4455195542710905161_n-300x200.jpg\" alt=\"\" width=\"140\" height=\"93\" srcset=\"https:\/\/www.radiopiu.net\/wordpress\/wp-content\/uploads\/2023\/03\/335609114_761611368537095_4455195542710905161_n-300x200.jpg 300w, https:\/\/www.radiopiu.net\/wordpress\/wp-content\/uploads\/2023\/03\/335609114_761611368537095_4455195542710905161_n-1024x682.jpg 1024w, https:\/\/www.radiopiu.net\/wordpress\/wp-content\/uploads\/2023\/03\/335609114_761611368537095_4455195542710905161_n-768x512.jpg 768w, https:\/\/www.radiopiu.net\/wordpress\/wp-content\/uploads\/2023\/03\/335609114_761611368537095_4455195542710905161_n-1536x1024.jpg 1536w, https:\/\/www.radiopiu.net\/wordpress\/wp-content\/uploads\/2023\/03\/335609114_761611368537095_4455195542710905161_n.jpg 2000w\" sizes=\"auto, (max-width: 140px) 100vw, 140px\" \/><\/a>REDAZIONE<\/strong> In Dediche e Richieste anche Michela Torre dal Ristoro Belvedere Cima Fertazza. Domenica scorsa il concerto dei Los Massadores che ha richiamato tanta gente. Michela ha voluto ringraziare chi \u00e8 salito per vedere i Los Massadores, il suo staff e naturalmente il gruppo che ha allietato e divertito tutti<\/p>\n<p><strong>MICHELA TORRE<\/strong><\/p>\n<audio class=\"wp-audio-shortcode\" id=\"audio-326960-21\" preload=\"none\" style=\"width: 100%;\" controls=\"controls\"><source type=\"audio\/mpeg\" src=\"https:\/\/www.radiopiu.net\/wordpress\/wp-content\/uploads\/2023\/03\/MICHELA-BELVEDERE.mp3?_=21\" \/><a href=\"https:\/\/www.radiopiu.net\/wordpress\/wp-content\/uploads\/2023\/03\/MICHELA-BELVEDERE.mp3\">https:\/\/www.radiopiu.net\/wordpress\/wp-content\/uploads\/2023\/03\/MICHELA-BELVEDERE.mp3<\/a><\/audio>\n<p>&nbsp;<\/p>\n<blockquote>\n<h3>CON MASSIMO DE ZULIAN. I PREPARATIVI PER IL TIX &#8216;N ROLL<\/h3>\n<\/blockquote>\n<p><strong><a class=\"dt-pswp-item\" href=\"https:\/\/www.radiopiu.net\/wordpress\/wp-content\/uploads\/2023\/03\/ef2616c3-0e92-43e9-b7d5-aeefd06ef251.jpg\" data-dt-img-description=\"\" data-large_image_width=\"728\" data-large_image_height=\"720\"><img loading=\"lazy\" decoding=\"async\" class=\" wp-image-326830 alignleft\" src=\"https:\/\/www.radiopiu.net\/wordpress\/wp-content\/uploads\/2023\/03\/ef2616c3-0e92-43e9-b7d5-aeefd06ef251-300x297.jpg\" alt=\"\" width=\"125\" height=\"124\" srcset=\"https:\/\/www.radiopiu.net\/wordpress\/wp-content\/uploads\/2023\/03\/ef2616c3-0e92-43e9-b7d5-aeefd06ef251-300x297.jpg 300w, https:\/\/www.radiopiu.net\/wordpress\/wp-content\/uploads\/2023\/03\/ef2616c3-0e92-43e9-b7d5-aeefd06ef251-150x150.jpg 150w, https:\/\/www.radiopiu.net\/wordpress\/wp-content\/uploads\/2023\/03\/ef2616c3-0e92-43e9-b7d5-aeefd06ef251.jpg 728w\" sizes=\"auto, (max-width: 125px) 100vw, 125px\" \/><\/a>REDAZIONE<\/strong> A &#8220;Dediche e Richieste&#8221; ospite telefonico anche Massimo De Zulian, pi\u00f9 conosciuto come Max Canon. Un&#8217;occasione per annunciare che prossimamente a Caviola ci sar\u00e0 il Tix &#8216;N Roll, una giornata dedicata alla musica rock con le band della vallata. Tutto in fase di preparazione ma sicuramente una giornata di festa e buona musica.<\/p>\n<p><strong>MASSIMO DE ZULIAN<\/strong><\/p>\n<audio class=\"wp-audio-shortcode\" id=\"audio-326960-22\" preload=\"none\" style=\"width: 100%;\" controls=\"controls\"><source type=\"audio\/mpeg\" src=\"https:\/\/www.radiopiu.net\/wordpress\/wp-content\/uploads\/2023\/03\/MAX-CANON.mp3?_=22\" \/><a href=\"https:\/\/www.radiopiu.net\/wordpress\/wp-content\/uploads\/2023\/03\/MAX-CANON.mp3\">https:\/\/www.radiopiu.net\/wordpress\/wp-content\/uploads\/2023\/03\/MAX-CANON.mp3<\/a><\/audio>\n<p>&nbsp;<\/p>\n<h3>LA PUNTATA DI DEDICHE E RICHIESTE DEL 15 MARZO 2023<\/h3>\n<p><iframe loading=\"lazy\" title=\"DEDICHE E RICHIESTE - 15 MARZO 2023\" width=\"1200\" height=\"675\" src=\"https:\/\/www.youtube.com\/embed\/NwFOH7XebXA?feature=oembed\" frameborder=\"0\" allow=\"accelerometer; autoplay; clipboard-write; encrypted-media; gyroscope; picture-in-picture; web-share\" allowfullscreen><\/iframe><\/p>\n<p>&nbsp;<\/p>\n<p>&nbsp;<\/p>\n<p>&nbsp;<\/p>\n","protected":false},"excerpt":{"rendered":"<p>RADIO PIU INFORMAZIONE il canale su TELEGRAM informazione di prima\u00a0 mano e in tempo reale. iscriviti ed aiutaci a farlo conoscere\u00a0 \u00a0\u00a0 ISCRIVITI AL NOSTRO CANALE YOUTUBE PER SEGUIRE IN DIRETTA I PRINCIPALI PROGRAMMI DI RADIO PIU&#8217; E LE FUTURE DIRETTE IN ESTERNA. PER ISCRIVERTI CLICCA QUI E PREMI IL TASTO &#8220;Iscriviti&#8221;\u00a0 &nbsp; &nbsp; SCIVOLA&hellip;<\/p>\n","protected":false},"author":4,"featured_media":327043,"comment_status":"closed","ping_status":"closed","sticky":false,"template":"","format":"standard","meta":{"_monsterinsights_skip_tracking":false,"_monsterinsights_sitenote_active":false,"_monsterinsights_sitenote_note":"","_monsterinsights_sitenote_category":0,"footnotes":""},"categories":[51,86,49],"tags":[],"class_list":["post-326960","post","type-post","status-publish","format-standard","has-post-thumbnail","hentry","category-evidenza-top","category-gr","category-news-18","category-51","category-86","category-49","description-off"],"img_url":"https:\/\/www.radiopiu.net\/wordpress\/wp-content\/uploads\/2023\/03\/Watermark_20230317_172148_486.jpg","_links":{"self":[{"href":"https:\/\/www.radiopiu.net\/wordpress\/wp-json\/wp\/v2\/posts\/326960","targetHints":{"allow":["GET"]}}],"collection":[{"href":"https:\/\/www.radiopiu.net\/wordpress\/wp-json\/wp\/v2\/posts"}],"about":[{"href":"https:\/\/www.radiopiu.net\/wordpress\/wp-json\/wp\/v2\/types\/post"}],"author":[{"embeddable":true,"href":"https:\/\/www.radiopiu.net\/wordpress\/wp-json\/wp\/v2\/users\/4"}],"replies":[{"embeddable":true,"href":"https:\/\/www.radiopiu.net\/wordpress\/wp-json\/wp\/v2\/comments?post=326960"}],"version-history":[{"count":0,"href":"https:\/\/www.radiopiu.net\/wordpress\/wp-json\/wp\/v2\/posts\/326960\/revisions"}],"wp:featuredmedia":[{"embeddable":true,"href":"https:\/\/www.radiopiu.net\/wordpress\/wp-json\/wp\/v2\/media\/327043"}],"wp:attachment":[{"href":"https:\/\/www.radiopiu.net\/wordpress\/wp-json\/wp\/v2\/media?parent=326960"}],"wp:term":[{"taxonomy":"category","embeddable":true,"href":"https:\/\/www.radiopiu.net\/wordpress\/wp-json\/wp\/v2\/categories?post=326960"},{"taxonomy":"post_tag","embeddable":true,"href":"https:\/\/www.radiopiu.net\/wordpress\/wp-json\/wp\/v2\/tags?post=326960"}],"curies":[{"name":"wp","href":"https:\/\/api.w.org\/{rel}","templated":true}]}}