{"id":327126,"date":"2023-03-20T05:03:19","date_gmt":"2023-03-20T04:03:19","guid":{"rendered":"https:\/\/www.radiopiu.net\/wordpress\/?p=327126"},"modified":"2023-03-20T05:22:32","modified_gmt":"2023-03-20T04:22:32","slug":"abbiamo-cancellato-levasione-veneto-in-italia-siamo-tra-i-piu-fedeli-al-fisco","status":"publish","type":"post","link":"https:\/\/www.radiopiu.net\/wordpress\/abbiamo-cancellato-levasione-veneto-in-italia-siamo-tra-i-piu-fedeli-al-fisco\/","title":{"rendered":"ABBIAMO CANCELLATO L\u2019EVASIONE ? VENETO IN ITALIA SIAMO TRA I PIU\u2019 FEDELI AL FISCO"},"content":{"rendered":"<p class=\"p2\"><b><a class=\"dt-pswp-item\" href=\"https:\/\/www.radiopiu.net\/wordpress\/wp-content\/uploads\/2023\/03\/Schermata-2023-03-18-alle-09.25.39.png\" data-dt-img-description=\"\" data-large_image_width=\"1152\" data-large_image_height=\"1586\"><img loading=\"lazy\" decoding=\"async\" class=\"alignleft size-medium wp-image-327127\" src=\"https:\/\/www.radiopiu.net\/wordpress\/wp-content\/uploads\/2023\/03\/Schermata-2023-03-18-alle-09.25.39-218x300.png\" alt=\"\" width=\"218\" height=\"300\" srcset=\"https:\/\/www.radiopiu.net\/wordpress\/wp-content\/uploads\/2023\/03\/Schermata-2023-03-18-alle-09.25.39-218x300.png 218w, https:\/\/www.radiopiu.net\/wordpress\/wp-content\/uploads\/2023\/03\/Schermata-2023-03-18-alle-09.25.39-744x1024.png 744w, https:\/\/www.radiopiu.net\/wordpress\/wp-content\/uploads\/2023\/03\/Schermata-2023-03-18-alle-09.25.39-768x1057.png 768w, https:\/\/www.radiopiu.net\/wordpress\/wp-content\/uploads\/2023\/03\/Schermata-2023-03-18-alle-09.25.39-1116x1536.png 1116w, https:\/\/www.radiopiu.net\/wordpress\/wp-content\/uploads\/2023\/03\/Schermata-2023-03-18-alle-09.25.39.png 1152w\" sizes=\"auto, (max-width: 218px) 100vw, 218px\" \/><\/a>NEL VENETO IMPONIBILE EVASO PARI AL<span class=\"Apple-converted-space\">\u00a0 <\/span>10% DEL NOSTRO VALORE AGGIUNTO.\u00a0<\/b><\/p>\n<p>Abbiamo finalmente cancellato l\u2019evasione fiscale? La domanda-provocazione l\u2019ha lanciata l\u2019Ufficio studi della CGIA che, sulla base dei dati presentati nelle settimane scorse dal Ministero dell\u2019Economia e delle Finanze (MEF) e dall\u2019Agenzia delle Entrate, ha ricordato che l\u2019anno scorso a livello nazionale l\u2019erario ha incassato, rispetto al 2021, 68,9 miliardi in pi\u00f9 di entrate tributarie e contributive, ha recuperato 20,2 miliardi di evasione e ha \u201cbloccato\u201d 9,5 miliardi di frodi. Questo maggior gettito, pertanto, ammonta complessivamente a 98,6 miliardi di euro. Un importo che ha una dimensione leggermente inferiore alla stima dell\u2019evasione fiscale e contributiva presente in Italia che, secondo le stime, ammonterebbe attorno ai 100 miliardi di euro.<\/p>\n<p><strong>L\u2019infedelt\u00e0 fiscale \u00e8 pi\u00f9 diffusa al Sud. Veneto virtuoso<\/strong><br \/>\nSebbene gli ultimi dati disponibili dell\u2019Istat siano riferiti al 2020, anno fortemente condizionato dall\u2019emergenza pandemica, la percentuale dell\u2019economia non osservata sul valore aggiunto regionale registrava le soglie pi\u00f9 elevate nel Mezzogiorno. Se in Sicilia si attestava al 16,8 per cento, in Puglia al 17 per cento, in Campania al 17,7 per cento e in Calabria che, con il 18,8 per cento, continua a essere la regione pi\u00f9 a rischio evasione d\u2019Italia. Le realt\u00e0 pi\u00f9 fedeli al fisco, invece, erano la Provincia Autonoma di Trento con il 9 per cento, la Lombardia con l\u20198,4 per cento e, la meno interessata da questo triste fenomeno, la Provincia Autonoma di Bolzano con un\u2019incidenza dell\u20198,2 per cento. La media nazionale si fermava all\u201911,6 per cento. La nostra regione, invece, si colloca nella parte pi\u00f9 virtuosa della graduatoria. Nel 2020, al pari dell\u2019Emilia Romagna, registrava una percentuale di economia non osservata sul valore aggiunto regionale pari al 10,1 per cento che, in termini assoluti, corrispondeva ad un imponibile evaso pari a 13,8 miliardi di euro. Sempre avvalendosi della incidenza dell\u2019economia non osservata sul valore aggiunto regionale, a livello nazionale solo il Friuli Venezia Giulia (9,4 per cento), la Lombardia (8,4 per cento) e il Trentino Alto Adige presentavano nel 2020 un tasso inferiore al nostro.<\/p>\n<p><strong><a class=\"dt-pswp-item\" href=\"https:\/\/www.radiopiu.net\/wordpress\/wp-content\/uploads\/2023\/03\/Schermata-2023-03-18-alle-09.28.47.png\" data-dt-img-description=\"\" data-large_image_width=\"1194\" data-large_image_height=\"1098\"><img loading=\"lazy\" decoding=\"async\" class=\"alignleft size-medium wp-image-327128\" src=\"https:\/\/www.radiopiu.net\/wordpress\/wp-content\/uploads\/2023\/03\/Schermata-2023-03-18-alle-09.28.47-300x276.png\" alt=\"\" width=\"300\" height=\"276\" srcset=\"https:\/\/www.radiopiu.net\/wordpress\/wp-content\/uploads\/2023\/03\/Schermata-2023-03-18-alle-09.28.47-300x276.png 300w, https:\/\/www.radiopiu.net\/wordpress\/wp-content\/uploads\/2023\/03\/Schermata-2023-03-18-alle-09.28.47-1024x942.png 1024w, https:\/\/www.radiopiu.net\/wordpress\/wp-content\/uploads\/2023\/03\/Schermata-2023-03-18-alle-09.28.47-768x706.png 768w, https:\/\/www.radiopiu.net\/wordpress\/wp-content\/uploads\/2023\/03\/Schermata-2023-03-18-alle-09.28.47.png 1194w\" sizes=\"auto, (max-width: 300px) 100vw, 300px\" \/><\/a>Una provocazione con un fondo di verit\u00e0<\/strong><br \/>\nTornando alla domanda iniziale, possiamo pertanto affermare che abbiamo azzerato l\u2019evasione? Certamente no, sebbene abbiamo imboccato la strada giusta per la sua progressiva riduzione. Infatti, una quota preponderante dei 68,9 miliardi incassati in pi\u00f9 sono riconducibili al buon andamento dell\u2019economia verificatasi l\u2019anno scorso che include un importo &#8211; sicuramente contenuto ma ogni anno in costante aumento &#8211; ascrivibile agli effetti della compliance fiscale. Dunque, possiamo dire che un fondo di verit\u00e0 c\u2019\u00e8.<\/p>\n<p><strong>Ecco chi continua a non pagare<\/strong><br \/>\nSe teniamo conto degli effetti riconducibili alla fatturazione elettronica, allo split payment e all\u2019attivit\u00e0 di controllo praticata dal fisco attraverso l\u2019incrocio dei dati presenti nelle proprie banche dati, rispetto a qualche anno fa gli evasori hanno la vita pi\u00f9 dura. Certo, non tutti. Chi \u00e8 completamente sconosciuto al fisco continua imperterrito a farla franca, cos\u00ec come le organizzazioni criminali di stampo mafioso che sempre con maggior dedizione seguitano a coltivare i propri traffici illegali. Poco \u201csensibili\u201d alla fedelt\u00e0 fiscale lo sono anche quelle multinazionali e i giganti del web che, in Italia, realizzano profitti miliardari, ma la stragrande maggioranza delle imposte le versano nei paesi a elevata fiscalit\u00e0 di vantaggio.<\/p>\n<p><strong>La riforma fiscale<\/strong><br \/>\nIn attesa di poter disporre di ulteriori informazioni sul testo approvato gioved\u00ec scorso dal governo Meloni, per l\u2019Ufficio studi della CGIA una riforma fiscale che abbia l\u2019ambizione di definirsi tale deve, innanzitutto, indicare preventivamente quanto costa e dove si recuperano le coperture, dopodich\u00e9 ha il compito di conseguire, in tempi ragionevolmente brevi, almeno altri tre punti:<br \/>\nla riduzione del carico fiscale a famiglie e imprese;<br \/>\nla semplificazione del rapporto tra il fisco e il contribuente;<br \/>\nla riduzione dell\u2019evasione e dell\u2019elusione fiscale.<br \/>\nIl mancato raggiungimento di questi obbiettivi costituisce un serio pericolo che la stessa sia destinata a fallire o comunque non in grado di dare una seria risposta alle tante istanze dei contribuenti che da tempo chiedono un fisco pi\u00f9 equo e meno complicato.<\/p>\n<p><strong><a class=\"dt-pswp-item\" href=\"https:\/\/www.radiopiu.net\/wordpress\/wp-content\/uploads\/2023\/03\/Schermata-2023-03-18-alle-09.27.46.png\" data-dt-img-description=\"\" data-large_image_width=\"1168\" data-large_image_height=\"1160\"><img loading=\"lazy\" decoding=\"async\" class=\"alignleft size-medium wp-image-327129\" src=\"https:\/\/www.radiopiu.net\/wordpress\/wp-content\/uploads\/2023\/03\/Schermata-2023-03-18-alle-09.27.46-300x298.png\" alt=\"\" width=\"300\" height=\"298\" srcset=\"https:\/\/www.radiopiu.net\/wordpress\/wp-content\/uploads\/2023\/03\/Schermata-2023-03-18-alle-09.27.46-300x298.png 300w, https:\/\/www.radiopiu.net\/wordpress\/wp-content\/uploads\/2023\/03\/Schermata-2023-03-18-alle-09.27.46-1024x1017.png 1024w, https:\/\/www.radiopiu.net\/wordpress\/wp-content\/uploads\/2023\/03\/Schermata-2023-03-18-alle-09.27.46-150x150.png 150w, https:\/\/www.radiopiu.net\/wordpress\/wp-content\/uploads\/2023\/03\/Schermata-2023-03-18-alle-09.27.46-768x763.png 768w, https:\/\/www.radiopiu.net\/wordpress\/wp-content\/uploads\/2023\/03\/Schermata-2023-03-18-alle-09.27.46.png 1168w\" sizes=\"auto, (max-width: 300px) 100vw, 300px\" \/><\/a>Lo sforzo fiscale delle nostre imprese \u00e8 al top<\/strong><br \/>\n<strong>Le imprese italiane sono tra le pi\u00f9 tartassate d\u2019Europa. Nel confronto con i principali Paesi UE, purtroppo, la percentuale del gettito fiscale riconducibile alle aziende italiane sul totale nazionale \u00e8 nettamente superiore, ad esempio, a quella tedesca, francese e spagnola.<\/strong><br \/>\n<strong>Se nel 2020 da noi ha raggiunto il 13,5 per cento (garantendo un gettito di 94,3 miliardi di euro) in Germania era al 10,7 per cento (144, 8 miliardi di imposte versate), in Francia al 10,3 per cento (108,4 miliardi versati) e in Spagna al 10,1 per cento (41,7 miliardi di gettito). Rispetto alla media europea scontiamo oltre 2 punti percentuali in pi\u00f9. <\/strong><\/p>\n<p>Un ulteriore elemento che conferma l\u2019elevato livello di tassazione sulle nostre imprese emerge dal confronto delle principali aliquote che gravano sul reddito imponibile delle societ\u00e0. Se in Italia si attesta al 27,9 per cento, tra i nostri principali competitor scorgiamo che in Francia \u00e8 al 25,7 per cento e in Spagna al 25 per cento. Tra i big solo la Germania, pari al 29,8 per cento, sconta un livello superiore al nostro. Rispetto alla media europea, in Italia l\u2019aliquota \u00e8 superiore di ben 6,7 punti.<\/p>\n","protected":false},"excerpt":{"rendered":"<p>NEL VENETO IMPONIBILE EVASO PARI AL\u00a0 10% DEL NOSTRO VALORE AGGIUNTO.\u00a0 Abbiamo finalmente cancellato l\u2019evasione fiscale? La domanda-provocazione l\u2019ha lanciata l\u2019Ufficio studi della CGIA che, sulla base dei dati presentati nelle settimane scorse dal Ministero dell\u2019Economia e delle Finanze (MEF) e dall\u2019Agenzia delle Entrate, ha ricordato che l\u2019anno scorso a livello nazionale l\u2019erario ha incassato,&hellip;<\/p>\n","protected":false},"author":2,"featured_media":85631,"comment_status":"closed","ping_status":"closed","sticky":false,"template":"","format":"standard","meta":{"_monsterinsights_skip_tracking":false,"_monsterinsights_sitenote_active":false,"_monsterinsights_sitenote_note":"","_monsterinsights_sitenote_category":0,"footnotes":""},"categories":[51,49],"tags":[],"class_list":["post-327126","post","type-post","status-publish","format-standard","has-post-thumbnail","hentry","category-evidenza-top","category-news-18","category-51","category-49","description-off"],"img_url":"https:\/\/www.radiopiu.net\/wordpress\/wp-content\/uploads\/2019\/05\/soldi.jpg","_links":{"self":[{"href":"https:\/\/www.radiopiu.net\/wordpress\/wp-json\/wp\/v2\/posts\/327126","targetHints":{"allow":["GET"]}}],"collection":[{"href":"https:\/\/www.radiopiu.net\/wordpress\/wp-json\/wp\/v2\/posts"}],"about":[{"href":"https:\/\/www.radiopiu.net\/wordpress\/wp-json\/wp\/v2\/types\/post"}],"author":[{"embeddable":true,"href":"https:\/\/www.radiopiu.net\/wordpress\/wp-json\/wp\/v2\/users\/2"}],"replies":[{"embeddable":true,"href":"https:\/\/www.radiopiu.net\/wordpress\/wp-json\/wp\/v2\/comments?post=327126"}],"version-history":[{"count":0,"href":"https:\/\/www.radiopiu.net\/wordpress\/wp-json\/wp\/v2\/posts\/327126\/revisions"}],"wp:featuredmedia":[{"embeddable":true,"href":"https:\/\/www.radiopiu.net\/wordpress\/wp-json\/wp\/v2\/media\/85631"}],"wp:attachment":[{"href":"https:\/\/www.radiopiu.net\/wordpress\/wp-json\/wp\/v2\/media?parent=327126"}],"wp:term":[{"taxonomy":"category","embeddable":true,"href":"https:\/\/www.radiopiu.net\/wordpress\/wp-json\/wp\/v2\/categories?post=327126"},{"taxonomy":"post_tag","embeddable":true,"href":"https:\/\/www.radiopiu.net\/wordpress\/wp-json\/wp\/v2\/tags?post=327126"}],"curies":[{"name":"wp","href":"https:\/\/api.w.org\/{rel}","templated":true}]}}