{"id":327131,"date":"2023-03-20T05:07:52","date_gmt":"2023-03-20T04:07:52","guid":{"rendered":"https:\/\/www.radiopiu.net\/wordpress\/?p=327131"},"modified":"2023-03-20T06:50:34","modified_gmt":"2023-03-20T05:50:34","slug":"giornale-radiopiu-20-marzo-2023-direttore-mirko-mezzacasa-verso-i-40-anni-25-giugno-1983-25-giugno-2023","status":"publish","type":"post","link":"https:\/\/www.radiopiu.net\/wordpress\/giornale-radiopiu-20-marzo-2023-direttore-mirko-mezzacasa-verso-i-40-anni-25-giugno-1983-25-giugno-2023\/","title":{"rendered":"GIORNALE RADIOPIU 20 MARZO 2023 DIRETTORE MIRKO MEZZACASA&#8230;verso i 40 anni 25 giugno 1983-25 giugno 2023"},"content":{"rendered":"<h2 style=\"text-align: left;\"><span style=\"color: #000000;\"><em>L&#8217;EVENTO&#8230; 2 APRILE A FALCADE. mercoledi sera, dalle 20.30 presentazione ufficiale nel programma &#8220;I MERCOLEDI DI SERA COME 40 ANNI FA con Morgan Gnech<\/em> <\/span><\/h2>\n<h2 style=\"text-align: left;\"><span style=\"color: #ff0000;\"><a class=\"dt-pswp-item\" href=\"https:\/\/www.radiopiu.net\/wordpress\/wp-content\/uploads\/2023\/03\/713cbcb3-9a98-4c27-90d9-75b73fd49180.jpg\" data-dt-img-description=\"\" data-large_image_width=\"722\" data-large_image_height=\"1024\"><img loading=\"lazy\" decoding=\"async\" class=\"size-medium wp-image-327365 aligncenter\" src=\"https:\/\/www.radiopiu.net\/wordpress\/wp-content\/uploads\/2023\/03\/713cbcb3-9a98-4c27-90d9-75b73fd49180-212x300.jpg\" alt=\"\" width=\"212\" height=\"300\" srcset=\"https:\/\/www.radiopiu.net\/wordpress\/wp-content\/uploads\/2023\/03\/713cbcb3-9a98-4c27-90d9-75b73fd49180-212x300.jpg 212w, https:\/\/www.radiopiu.net\/wordpress\/wp-content\/uploads\/2023\/03\/713cbcb3-9a98-4c27-90d9-75b73fd49180.jpg 722w\" sizes=\"auto, (max-width: 212px) 100vw, 212px\" \/><\/a><\/span><\/h2>\n<h3 class=\"kvgmc6g5 cxmmr5t8 oygrvhab hcukyx3x c1et5uql\"><span style=\"color: #0000ff;\"><strong>\u00a0<\/strong><\/span><\/h3>\n<h3 class=\"kvgmc6g5 cxmmr5t8 oygrvhab hcukyx3x c1et5uql\"><span style=\"color: #0000ff;\"><strong>RADIO PIU INFORMAZIONE il canale su TELEGRAM informazione di prima\u00a0 <\/strong><strong>mano e in tempo reale. iscriviti ed aiutaci a farlo conoscere\u00a0 \u00a0\u00a0<\/strong><\/span><\/h3>\n<h2 style=\"text-align: left;\"><span style=\"color: #ff0000;\">ISCRIVITI AL NOSTRO CANALE YOUTUBE PER SEGUIRE IN DIRETTA I PRINCIPALI PROGRAMMI DI RADIO PIU&#8217; E LE FUTURE DIRETTE IN ESTERNA. PER ISCRIVERTI <a style=\"color: #ff0000;\" href=\"https:\/\/youtube.com\/@radiopiu1527\">CLICCA QUI<\/a> E PREMI IL TASTO &#8220;Iscriviti&#8221;\u00a0<\/span><\/h2>\n<p>&nbsp;<\/p>\n<hr \/>\n<p>&nbsp;<\/p>\n<blockquote>\n<h3 class=\"entry-title\">ADDIO \u201cNOEL\u201d, SI E\u2019 SPENTO NATALE DA RONCH<\/h3>\n<p><strong>GIANNI SANTOMASO<\/strong><\/p>\n<audio class=\"wp-audio-shortcode\" id=\"audio-327131-1\" preload=\"none\" style=\"width: 100%;\" controls=\"controls\"><source type=\"audio\/mpeg\" src=\"https:\/\/www.radiopiu.net\/wordpress\/wp-content\/uploads\/2023\/03\/GIANNI-NATALE-DA-RONCH.mp3?_=1\" \/><a href=\"https:\/\/www.radiopiu.net\/wordpress\/wp-content\/uploads\/2023\/03\/GIANNI-NATALE-DA-RONCH.mp3\">https:\/\/www.radiopiu.net\/wordpress\/wp-content\/uploads\/2023\/03\/GIANNI-NATALE-DA-RONCH.mp3<\/a><\/audio>\n<p>&nbsp;<\/p><\/blockquote>\n<p><strong><img loading=\"lazy\" decoding=\"async\" class=\"alignleft\" src=\"https:\/\/www.radiopiu.net\/wordpress\/wp-content\/uploads\/2023\/03\/Senza-nome-64.jpg\" width=\"97\" height=\"109\" \/>RIVAMONTE<\/strong> Un altro amministratore della &#8220;vecchia guardia&#8221; \u00e8 andato avanti. Natale Da Ronch, gi\u00e0 sindaco di Rivamonte, un buon primo cittadino, mai sopra le righe che si era imposto sugli avversari, anche quando in paese le liste erano tre. Natale Da Ronch di Canop,\u00a0 classe 1940, perito minerario diplomatosi nel 1962, si \u00e8 spento serenamente lasciando la figlia Lorena con Walter, il figlio Christian, i nipoti. I funerali si svolgeranno OGGI\u00a0 alle 14.30 nella chiesa di Rivamonte. Dalla famiglia un sentito ringraziamento agli operatori, infermieri e personale dela casa di Soggiorno di Mel.<\/p>\n\n\t\t\t<style type='text\/css'>\n\t\t\t\t#gallery-1 {\n\t\t\t\t\tmargin: auto;\n\t\t\t\t}\n\t\t\t\t#gallery-1 .gallery-item {\n\t\t\t\t\tfloat: left;\n\t\t\t\t\tmargin-top: 10px;\n\t\t\t\t\ttext-align: center;\n\t\t\t\t\twidth: 100%;\n\t\t\t\t}\n\t\t\t\t#gallery-1 img {\n\t\t\t\t\tborder: 2px solid #cfcfcf;\n\t\t\t\t}\n\t\t\t\t#gallery-1 .gallery-caption {\n\t\t\t\t\tmargin-left: 0;\n\t\t\t\t}\n\t\t\t\t\/* see gallery_shortcode() in wp-includes\/media.php *\/\n\t\t\t<\/style>\n\t\t<div id='gallery-1' class='dt-gallery-container gallery galleryid-327131 gallery-columns-1 gallery-size-medium'><dl class='gallery-item'>\n\t\t\t\t<dt class='gallery-icon landscape'>\n\t\t\t\t\t<a class=\"rollover\" href='https:\/\/www.radiopiu.net\/wordpress\/addio-noel-si-e-spento-natale-da-ronch\/partecipazione-comune-natale-da-ronch-cdr\/'><img loading=\"lazy\" decoding=\"async\" width=\"300\" height=\"210\" src=\"https:\/\/www.radiopiu.net\/wordpress\/wp-content\/uploads\/2023\/03\/Partecipazione-comune-Natale-Da-Ronch-cdr.-300x210.jpg\" class=\"attachment-medium size-medium\" alt=\"\" srcset=\"https:\/\/www.radiopiu.net\/wordpress\/wp-content\/uploads\/2023\/03\/Partecipazione-comune-Natale-Da-Ronch-cdr.-300x210.jpg 300w, https:\/\/www.radiopiu.net\/wordpress\/wp-content\/uploads\/2023\/03\/Partecipazione-comune-Natale-Da-Ronch-cdr.-768x539.jpg 768w, https:\/\/www.radiopiu.net\/wordpress\/wp-content\/uploads\/2023\/03\/Partecipazione-comune-Natale-Da-Ronch-cdr..jpg 820w\" sizes=\"auto, (max-width: 300px) 100vw, 300px\" \/><\/a>\n\t\t\t\t<\/dt><\/dl><br style=\"clear: both\" \/>\n\t\t\t<\/div>\n\n<p>&nbsp;<\/p>\n<p>&nbsp;<\/p>\n<p>&nbsp;<\/p>\n<hr \/>\n<p>&nbsp;<\/p>\n<blockquote>\n<h3 class=\"entry-title\">A FUOCO UN TETTO A SANTA GIUSTINA<\/h3>\n<\/blockquote>\n<p><strong>SANTA GIUSTINA<\/strong> I Vigili del Fuoco sono intervenuti ieri alle 9:30 a Santa Giustina in Via Cassol per l\u2019incendio del tetto di un\u2019abitazione: nessuna persona \u00e8 rimasta ferita. I pompieri accorsi da Belluno con un\u2019autopompa, un\u2019autobotte, l\u2019autoscala e 9 operatori sono riusciti a circoscrivere e spegnere le fiamme, che hanno riguardato circa 20 metri quadri della copertura che ha parzialmente coinvolto l\u2019impianto fotovoltaico. Le cause delle fiamme probabilmente innescate da una canna fumaria sono al vaglio delle squadre intervenute. Le operazioni di soccorso dei Vigili del Fuoco sono terminate alle 14 con le operazioni di bonifica e la copertura momentanea del tetto con un telo di nylon.<\/p>\n\n\t\t\t<style type='text\/css'>\n\t\t\t\t#gallery-2 {\n\t\t\t\t\tmargin: auto;\n\t\t\t\t}\n\t\t\t\t#gallery-2 .gallery-item {\n\t\t\t\t\tfloat: left;\n\t\t\t\t\tmargin-top: 10px;\n\t\t\t\t\ttext-align: center;\n\t\t\t\t\twidth: 25%;\n\t\t\t\t}\n\t\t\t\t#gallery-2 img {\n\t\t\t\t\tborder: 2px solid #cfcfcf;\n\t\t\t\t}\n\t\t\t\t#gallery-2 .gallery-caption {\n\t\t\t\t\tmargin-left: 0;\n\t\t\t\t}\n\t\t\t\t\/* see gallery_shortcode() in wp-includes\/media.php *\/\n\t\t\t<\/style>\n\t\t<div id='gallery-2' class='dt-gallery-container gallery galleryid-327131 gallery-columns-4 gallery-size-thumbnail'><dl class='gallery-item'>\n\t\t\t\t<dt class='gallery-icon landscape'>\n\t\t\t\t\t<a class=\"rollover rollover-zoom dt-pswp-item\" title=\"3b15a964-04e1-4a68-a1e1-e7c0843a4777\" data-dt-img-description=\"\" data-large_image_width=\"1280\" data-large_image_height=\"873\"href='https:\/\/www.radiopiu.net\/wordpress\/wp-content\/uploads\/2023\/03\/3b15a964-04e1-4a68-a1e1-e7c0843a4777.jpg'><img loading=\"lazy\" decoding=\"async\" width=\"150\" height=\"150\" src=\"https:\/\/www.radiopiu.net\/wordpress\/wp-content\/uploads\/2023\/03\/3b15a964-04e1-4a68-a1e1-e7c0843a4777-150x150.jpg\" class=\"attachment-thumbnail size-thumbnail\" alt=\"\" \/><\/a>\n\t\t\t\t<\/dt><\/dl><dl class='gallery-item'>\n\t\t\t\t<dt class='gallery-icon landscape'>\n\t\t\t\t\t<a class=\"rollover rollover-zoom dt-pswp-item\" title=\"6584d2f0-1ef3-43b4-b075-8313d9e0aac6\" data-dt-img-description=\"\" data-large_image_width=\"902\" data-large_image_height=\"576\"href='https:\/\/www.radiopiu.net\/wordpress\/wp-content\/uploads\/2023\/03\/6584d2f0-1ef3-43b4-b075-8313d9e0aac6.jpg'><img loading=\"lazy\" decoding=\"async\" width=\"150\" height=\"150\" src=\"https:\/\/www.radiopiu.net\/wordpress\/wp-content\/uploads\/2023\/03\/6584d2f0-1ef3-43b4-b075-8313d9e0aac6-150x150.jpg\" class=\"attachment-thumbnail size-thumbnail\" alt=\"\" \/><\/a>\n\t\t\t\t<\/dt><\/dl><dl class='gallery-item'>\n\t\t\t\t<dt class='gallery-icon portrait'>\n\t\t\t\t\t<a class=\"rollover rollover-zoom dt-pswp-item\" title=\"fa8fbf67-2298-4165-a434-da65b116200f\" data-dt-img-description=\"\" data-large_image_width=\"576\" data-large_image_height=\"964\"href='https:\/\/www.radiopiu.net\/wordpress\/wp-content\/uploads\/2023\/03\/fa8fbf67-2298-4165-a434-da65b116200f.jpg'><img loading=\"lazy\" decoding=\"async\" width=\"150\" height=\"150\" src=\"https:\/\/www.radiopiu.net\/wordpress\/wp-content\/uploads\/2023\/03\/fa8fbf67-2298-4165-a434-da65b116200f-150x150.jpg\" class=\"attachment-thumbnail size-thumbnail\" alt=\"\" \/><\/a>\n\t\t\t\t<\/dt><\/dl><dl class='gallery-item'>\n\t\t\t\t<dt class='gallery-icon portrait'>\n\t\t\t\t\t<a class=\"rollover rollover-zoom dt-pswp-item\" title=\"e08bef01-6a47-498a-a043-b3a0aa7d1f06\" data-dt-img-description=\"\" data-large_image_width=\"576\" data-large_image_height=\"752\"href='https:\/\/www.radiopiu.net\/wordpress\/wp-content\/uploads\/2023\/03\/e08bef01-6a47-498a-a043-b3a0aa7d1f06.jpg'><img loading=\"lazy\" decoding=\"async\" width=\"150\" height=\"150\" src=\"https:\/\/www.radiopiu.net\/wordpress\/wp-content\/uploads\/2023\/03\/e08bef01-6a47-498a-a043-b3a0aa7d1f06-150x150.jpg\" class=\"attachment-thumbnail size-thumbnail\" alt=\"\" \/><\/a>\n\t\t\t\t<\/dt><\/dl><br style=\"clear: both\" \/>\n\t\t\t<\/div>\n\n<p>&nbsp;<\/p>\n<hr \/>\n<p>&nbsp;<\/p>\n<p>&nbsp;<\/p>\n<p><strong>QUERO VAS<\/strong> Un 78enne di Borgo Valbelluna R.S.\u00a0 \u00e8 ricoverato in ospedale con un importante trauma facciale. Ieri alle 18 l&#8217;anziano sulla Hyundai \u00e8 finito fuori strada in un punto dove l&#8217;impresa sta eseguendo dei lavori, lo schianto contro\u00a0 mezzi e attrezzature da cantiere parcheggiate a lato strada. La vettura si \u00e8 schiantata rimbalzando in strada.<\/p>\n<p>&nbsp;<\/p>\n<p>&nbsp;<\/p>\n<hr \/>\n<p>&nbsp;<\/p>\n<blockquote>\n<h3>L&#8217;ULSS 1 DOLOMITI CHIEDE DI ABBASSARE I TONI IN MERITO ALLA QUESTIONE SULLE NEUROLOGIE<\/h3>\n<\/blockquote>\n<p><strong><a class=\"dt-pswp-item\" href=\"https:\/\/www.radiopiu.net\/wordpress\/wp-content\/uploads\/2023\/03\/NEUROLOGIA.jpeg\" data-dt-img-description=\"\" data-large_image_width=\"1740\" data-large_image_height=\"1148\"><img loading=\"lazy\" decoding=\"async\" class=\" wp-image-327180 alignleft\" src=\"https:\/\/www.radiopiu.net\/wordpress\/wp-content\/uploads\/2023\/03\/NEUROLOGIA-300x198.jpeg\" alt=\"\" width=\"215\" height=\"142\" srcset=\"https:\/\/www.radiopiu.net\/wordpress\/wp-content\/uploads\/2023\/03\/NEUROLOGIA-300x198.jpeg 300w, https:\/\/www.radiopiu.net\/wordpress\/wp-content\/uploads\/2023\/03\/NEUROLOGIA-1024x676.jpeg 1024w, https:\/\/www.radiopiu.net\/wordpress\/wp-content\/uploads\/2023\/03\/NEUROLOGIA-768x507.jpeg 768w, https:\/\/www.radiopiu.net\/wordpress\/wp-content\/uploads\/2023\/03\/NEUROLOGIA-1536x1013.jpeg 1536w, https:\/\/www.radiopiu.net\/wordpress\/wp-content\/uploads\/2023\/03\/NEUROLOGIA.jpeg 1740w\" sizes=\"auto, (max-width: 215px) 100vw, 215px\" \/><\/a>BELLUNO <\/strong>L&#8217;Ulss 1 Dolomiti con un comunicato vuole fare chiarezza sulla questione neurologia.<\/p>\n<p><strong>IL COMUNICATO<\/strong><\/p>\n<p>Dalle molteplici posizioni espresse in questi giorni sulla stampa da vari soggetti, ognuno portatore d\u2019interesse di una parte, emerge chiaramente come sia stata innescata una diatriba basata su chiacchiere e non su atti di programmazione o su scelte aziendali. Discussione che, invece di essere costruttiva, ha il solo risultato di creare allarmismo, soprattutto tra le persone malate, e tra i professionisti, allontanando la soluzione delle criticit\u00e0. L\u2019Azienda conferma ancora una volta l\u2019impegno per dare una risposta, discussa nei tavoli e con gli attori istituzionalmente preposti, che tuteli prima di tutto i malati. In merito alla revisione dell\u2019Atto Aziendale, strumento principe della programmazione e conseguente organizzazione aziendale,\u00a0 come ricordato dall\u2019Ordine dei Medici, per poter procedere all\u2019 aggiornamento dei dipartimenti strutturali sono necessarie nuove linee guida. Riguardo ai rilievi fatti dall\u2019Ordine dei Medici in merito all\u2019attribuzione di nuovi incarichi si ricorda che la questione \u00e8 da mesi e mesi dibattuta nel tavolo sindacale della dirigenza medica, luogo istituzionalmente preposto per concertare i criteri per l\u2019attribuzione degli incarichi. L\u2019Azienda auspica un lavoro integrato nel tavolo con una visione aziendale e sindacale unitaria per poter procedere nell&#8217;iter rapidamente. Si ricorda, peraltro, che pur nel rispetto delle normative vincolanti del Contratto Collettivo Nazionale, l\u2019Azienda, anche grazie alle OO.SS., ha attivato gli strumenti possibili per riconoscere una maggiorazione economica ai medici che lavorano in ulss Dolomiti (vedi la pronta disponibilit\u00e0 pagata il doppio rispetto ad altre aziende e i fondi incentivanti). L\u2019Azienda rinnova l\u2019invito ad abbassare i toni e a non trarre conclusioni in merito all\u2019organizzazione aziendale basate su chiacchiere, nel reale interesse dei bisogni di salute del territorio.\u00a0 La Direzione generale respinge con forza una visione dell\u2019Azienda che necessita di un \u201ccambio di passo\u201d, cosa per la verit\u00e0 riconosciuta da tanti altri interlocutori istituzionali, cosi come \u00e8 riconosciuta una gestione dell\u2019azienda con una forte attenzione all\u2019organizzazione fatta di equilibrio e coerenza, e con una forte spinta innovativa. La situazione generale nazionale e regionale \u00e8 connotata da una grave carenza di medici che durer\u00e0 ancora circa due anni\u00a0 poi, con il completamento della formazione di un maggiore di medici, la carenza tender\u00e0 ad affievolirsi. In questo lasso di tempo \u00e8 necessario uno sforzo professionale, organizzativo ma anche etico per garantire, in sicurezza, i bisogni di salute della cittadinanza e di un territorio che deve necessariamente dimostrarsi attrattivo. Quanto si legge in questi giorni negli organi di stampa rischia di dipingere una realt\u00e0 funerea e non sicuramente attrattiva.<\/p>\n<p>&nbsp;<\/p>\n<p>&nbsp;<\/p>\n<hr \/>\n<p>&nbsp;<\/p>\n<p>&nbsp;<\/p>\n<h2><strong><a class=\"dt-pswp-item\" href=\"https:\/\/www.radiopiu.net\/wordpress\/wp-content\/uploads\/2023\/01\/PAOLO-FRENA.png\" data-dt-img-description=\"\" data-large_image_width=\"994\" data-large_image_height=\"672\"><img loading=\"lazy\" decoding=\"async\" class=\" wp-image-314432 alignleft\" src=\"https:\/\/www.radiopiu.net\/wordpress\/wp-content\/uploads\/2023\/01\/PAOLO-FRENA-300x203.png\" alt=\"\" width=\"183\" height=\"124\" srcset=\"https:\/\/www.radiopiu.net\/wordpress\/wp-content\/uploads\/2023\/01\/PAOLO-FRENA-300x203.png 300w, https:\/\/www.radiopiu.net\/wordpress\/wp-content\/uploads\/2023\/01\/PAOLO-FRENA-768x519.png 768w, https:\/\/www.radiopiu.net\/wordpress\/wp-content\/uploads\/2023\/01\/PAOLO-FRENA.png 994w\" sizes=\"auto, (max-width: 183px) 100vw, 183px\" \/><\/a><\/strong><span style=\"color: #808080;\">LA RASSEGNA STAMPA DA L&#8217;AMICO DEL POPOLO<\/span><\/h2>\n<p><strong>di Gianni Santomaso<\/strong><\/p>\n<p>OSPITE: Paolo Frena, sindaco di Colle Santa Lucia e Presidente dell&#8217;Unione Montana Agordina<\/p>\n<audio class=\"wp-audio-shortcode\" id=\"audio-327131-2\" preload=\"none\" style=\"width: 100%;\" controls=\"controls\"><source type=\"audio\/mpeg\" src=\"https:\/\/www.radiopiu.net\/wordpress\/wp-content\/uploads\/2023\/03\/RASSEGNA-GIANNI-2.mp3?_=2\" \/><a href=\"https:\/\/www.radiopiu.net\/wordpress\/wp-content\/uploads\/2023\/03\/RASSEGNA-GIANNI-2.mp3\">https:\/\/www.radiopiu.net\/wordpress\/wp-content\/uploads\/2023\/03\/RASSEGNA-GIANNI-2.mp3<\/a><\/audio>\n<p>&nbsp;<\/p>\n<p>&nbsp;<\/p>\n<p>&nbsp;<\/p>\n<hr \/>\n<p>&nbsp;<\/p>\n<blockquote>\n<h3>A POLPET LA STAZIONE E&#8217; PIU&#8217; BELLA<\/h3>\n<\/blockquote>\n<p><strong><a class=\"dt-pswp-item\" href=\"https:\/\/www.radiopiu.net\/wordpress\/wp-content\/uploads\/2023\/03\/Stazione.jpg\" data-dt-img-description=\"\" data-large_image_width=\"1024\" data-large_image_height=\"768\"><img loading=\"lazy\" decoding=\"async\" class=\" wp-image-327144 alignleft\" src=\"https:\/\/www.radiopiu.net\/wordpress\/wp-content\/uploads\/2023\/03\/Stazione-300x225.jpg\" alt=\"\" width=\"171\" height=\"128\" srcset=\"https:\/\/www.radiopiu.net\/wordpress\/wp-content\/uploads\/2023\/03\/Stazione-300x225.jpg 300w, https:\/\/www.radiopiu.net\/wordpress\/wp-content\/uploads\/2023\/03\/Stazione-768x576.jpg 768w, https:\/\/www.radiopiu.net\/wordpress\/wp-content\/uploads\/2023\/03\/Stazione.jpg 1024w\" sizes=\"auto, (max-width: 171px) 100vw, 171px\" \/><\/a>PONTE NELLE ALPI <\/strong>La stazione di Polpet ha un volto rinnovato: \u00e8 stata aperta, infatti, la nuova viabilit\u00e0, oltre alla piazza antistante l\u2019edificio. A questo proposito, \u00e8 giunta al traguardo la prima parte dei lavori che permettono un migliore accesso e un restyling di qualit\u00e0.<span class=\"gmail-Apple-converted-space\"> \u00a0<\/span>L\u2019intervento, da 2 milioni e 200mila euro, prevede l\u2019innalzamento dei marciapiedi per facilitare la salita e discesa dai treni, l\u2019installazione di ascensori che collegano i marciapiedi al sottopasso, la realizzazione del terminal bus nell\u2019ex scalo adiacente la stazione e la sistemazione del fabbricato viaggiatori e delle pensiline. Sono state aperte le vie che, dalla biblioteca civica e da Polpet, portano al piazzale con tanto di continuazione verso viale Dolomiti, attraverso i parcheggi di Famila e Decathlon.<span class=\"gmail-Apple-converted-space\">\u00a0<\/span>Dal canto suo, Rfi (Rete ferroviaria italiana) in conseguenza dei lavori di elettrificazione della linea Conegliano-Ponte, ribadisce il ruolo strategico della stazione pontalpina, che in provincia sar\u00e0 un riferimento per le Olimpiadi invernali 2026. Le opere proseguiranno poi con ulteriori interventi di collegamento con Polpet e l\u2019area sportiva di Nuova Erto.<span class=\"gmail-Apple-converted-space\">\u00a0<\/span><\/p>\n<p>&nbsp;<\/p>\n<p>&nbsp;<\/p>\n<hr \/>\n<p>&nbsp;<\/p>\n<blockquote>\n<h3>IL PD DELLA PROVINCIA DI BELLUNO LANCIA L&#8217;APPELLO PER LA NOMINA DEL NUOVO PRESIDENTE DEL FONDO COMUNI CONFINANTI<\/h3>\n<\/blockquote>\n<p><strong><a class=\"dt-pswp-item\" href=\"https:\/\/www.radiopiu.net\/wordpress\/wp-content\/uploads\/2018\/11\/PD.png\" data-dt-img-description=\"\" data-large_image_width=\"226\" data-large_image_height=\"182\"><img loading=\"lazy\" decoding=\"async\" class=\" wp-image-67744 alignleft\" src=\"https:\/\/www.radiopiu.net\/wordpress\/wp-content\/uploads\/2018\/11\/PD.png\" alt=\"\" width=\"115\" height=\"93\" \/><\/a>BELLUNO<\/strong> Venga nominato al pi\u00f9 presto il nuovo presidente del Fondo dei Comuni Confinanti, e che sia bellunese: questo l&#8217;appello lanciato dal Partito Democratico provinciale che porter\u00e0 la richiesta anche nelle aule istituzionali.<\/p>\n<p><strong>di Daniele Dalvit<\/strong><\/p>\n<audio class=\"wp-audio-shortcode\" id=\"audio-327131-3\" preload=\"none\" style=\"width: 100%;\" controls=\"controls\"><source type=\"audio\/mpeg\" src=\"https:\/\/www.radiopiu.net\/wordpress\/wp-content\/uploads\/2023\/03\/Radio-Piu-Servizio-Pd-Fondi-confine.mp3?_=3\" \/><a href=\"https:\/\/www.radiopiu.net\/wordpress\/wp-content\/uploads\/2023\/03\/Radio-Piu-Servizio-Pd-Fondi-confine.mp3\">https:\/\/www.radiopiu.net\/wordpress\/wp-content\/uploads\/2023\/03\/Radio-Piu-Servizio-Pd-Fondi-confine.mp3<\/a><\/audio>\n<p>&nbsp;<\/p>\n<p>&nbsp;<\/p>\n<hr \/>\n<p>&nbsp;<\/p>\n<blockquote>\n<h3>VENETO IL PIU\u2019 VIRTUOSO IN ITALIA PER SPESE DI CONSULENZE ESTERNE<\/h3>\n<\/blockquote>\n<p><strong>VENEZIA <\/strong>\u201cUna tripla A che ci riempie di soddisfazione, perch\u00e9 segnala inequivocabilmente la capacit\u00e0 del Veneto di gestire oculatamente le sue risorse\u201d. Lo dice il Presidente della Regione, Luca Zaia, alla luce della speciale classifica elaborata dalla Fondazione Gazzetta Amministrativa della Repubblica italiana, nell&#8217;ambito del progetto &#8216;Pitagora&#8217;, che prende in esame i costi sostenuti nel 2021 da Regioni e capoluoghi di Provincia e che indica il Veneto e la Lombardia in testa alle Regioni pi\u00f9 &#8216;virtuose&#8217; nelle spese per gli incarichi libero-professionali di studi, ricerca e consulenza, le uniche ad ottenere il risultato della tripla &#8220;A&#8221;.<\/p>\n<p>&nbsp;<\/p>\n<p>&nbsp;<\/p>\n<hr \/>\n<p>&nbsp;<\/p>\n<blockquote>\n<h3>RIPRENDIAMOCI CORTINA: LA MANIFESTAZIONE<\/h3>\n<\/blockquote>\n<p><strong><a class=\"dt-pswp-item\" href=\"https:\/\/www.radiopiu.net\/wordpress\/wp-content\/uploads\/2021\/04\/Foto-Cerimonia-Apertura-Cortina-2021-@Alessandro-Tripodi.jpg\" data-dt-img-description=\"\" data-large_image_width=\"1200\" data-large_image_height=\"800\"><img loading=\"lazy\" decoding=\"async\" class=\" wp-image-204894 alignleft\" src=\"https:\/\/www.radiopiu.net\/wordpress\/wp-content\/uploads\/2021\/04\/Foto-Cerimonia-Apertura-Cortina-2021-@Alessandro-Tripodi-300x200.jpg\" alt=\"\" width=\"192\" height=\"128\" srcset=\"https:\/\/www.radiopiu.net\/wordpress\/wp-content\/uploads\/2021\/04\/Foto-Cerimonia-Apertura-Cortina-2021-@Alessandro-Tripodi-300x200.jpg 300w, https:\/\/www.radiopiu.net\/wordpress\/wp-content\/uploads\/2021\/04\/Foto-Cerimonia-Apertura-Cortina-2021-@Alessandro-Tripodi-1024x683.jpg 1024w, https:\/\/www.radiopiu.net\/wordpress\/wp-content\/uploads\/2021\/04\/Foto-Cerimonia-Apertura-Cortina-2021-@Alessandro-Tripodi-768x512.jpg 768w, https:\/\/www.radiopiu.net\/wordpress\/wp-content\/uploads\/2021\/04\/Foto-Cerimonia-Apertura-Cortina-2021-@Alessandro-Tripodi.jpg 1200w\" sizes=\"auto, (max-width: 192px) 100vw, 192px\" \/><\/a>CORTINA\u00a0 <\/strong>400 persone sono scese in piazza Dibona a Cortina d\u2019Ampezzo e hanno testimoniato che la popolazione di Cortina d\u2019Ampezzo \u00e8 presente e ci tiene al proprio paese. La manifestazione era coordinata dal Comitato Civico Cortina, aveva come slogan\u00a0 \u201cFacciamoci sentire. Riprendiamoci Cortina\u201d.\u00a0 \u00abLa grande affluenza \u00e8 il segnale che Cortina c\u2019\u00e8. Non siamo solo sudditi sottomessi al feudatario o contorno folkloristico invitati alle cerimonie per fare colore; siamo cittadini che vogliono difendere quello che resta della nostra vita sociale, del nostro territorio, della nostra cultura locale\u00bb ha commentato soddisfatta la presidente del Comitato Civico Cortina Marina Menardi dal palco della Conchiglia. \u00abCortina ora ce la stiamo giocando davvero tanto, sia sotto il profilo sociale, sia sotto quello paesaggistico e ambientale. Stiamo vivendo un momento storico molto critico: le Olimpiadi si stanno rivelando un boomerang, perch\u00e9 non sono gestite a livello locale, ma da un gruppo di persone di fuori, da Roma, da Venezia, che nulla, ma proprio nulla hanno a che vedere con noi\u00bb.<\/p>\n<p>&nbsp;<\/p>\n<p>&nbsp;<\/p>\n<hr \/>\n<p>&nbsp;<\/p>\n<blockquote>\n<h3>BALLI E DIVERTIMENTO SUL BROI DI AGORDO CON LA VECIA POPA<\/h3>\n<\/blockquote>\n<p><strong><a class=\"dt-pswp-item\" href=\"https:\/\/www.radiopiu.net\/wordpress\/wp-content\/uploads\/2023\/03\/5d251934-3526-42db-9d91-253773d39ec6.jpg\" data-dt-img-description=\"\" data-large_image_width=\"1600\" data-large_image_height=\"1196\"><img loading=\"lazy\" decoding=\"async\" class=\" wp-image-327322 alignleft\" src=\"https:\/\/www.radiopiu.net\/wordpress\/wp-content\/uploads\/2023\/03\/5d251934-3526-42db-9d91-253773d39ec6-300x224.jpg\" alt=\"\" width=\"198\" height=\"148\" srcset=\"https:\/\/www.radiopiu.net\/wordpress\/wp-content\/uploads\/2023\/03\/5d251934-3526-42db-9d91-253773d39ec6-300x224.jpg 300w, https:\/\/www.radiopiu.net\/wordpress\/wp-content\/uploads\/2023\/03\/5d251934-3526-42db-9d91-253773d39ec6-1024x765.jpg 1024w, https:\/\/www.radiopiu.net\/wordpress\/wp-content\/uploads\/2023\/03\/5d251934-3526-42db-9d91-253773d39ec6-768x574.jpg 768w, https:\/\/www.radiopiu.net\/wordpress\/wp-content\/uploads\/2023\/03\/5d251934-3526-42db-9d91-253773d39ec6-1536x1148.jpg 1536w, https:\/\/www.radiopiu.net\/wordpress\/wp-content\/uploads\/2023\/03\/5d251934-3526-42db-9d91-253773d39ec6.jpg 1600w\" sizes=\"auto, (max-width: 198px) 100vw, 198px\" \/><\/a>AGORDO<\/strong><\/p>\n<p>di Gianni Santomaso<\/p>\n<audio class=\"wp-audio-shortcode\" id=\"audio-327131-4\" preload=\"none\" style=\"width: 100%;\" controls=\"controls\"><source type=\"audio\/mpeg\" src=\"https:\/\/www.radiopiu.net\/wordpress\/wp-content\/uploads\/2023\/03\/GIANNI-VECIA-POPA.mp3?_=4\" \/><a href=\"https:\/\/www.radiopiu.net\/wordpress\/wp-content\/uploads\/2023\/03\/GIANNI-VECIA-POPA.mp3\">https:\/\/www.radiopiu.net\/wordpress\/wp-content\/uploads\/2023\/03\/GIANNI-VECIA-POPA.mp3<\/a><\/audio>\n<p>&nbsp;<\/p>\n<blockquote>\n<h3>LA VECIA POPA 2023. LA SFILATA E IL TESTAMENTO<\/h3>\n<\/blockquote>\n<p><strong><a class=\"dt-pswp-item\" href=\"https:\/\/www.radiopiu.net\/wordpress\/wp-content\/uploads\/2023\/03\/31df7339-bd01-4d10-8d01-2be5034afe24.jpg\" data-dt-img-description=\"\" data-large_image_width=\"1536\" data-large_image_height=\"2048\"><img loading=\"lazy\" decoding=\"async\" class=\"wp-image-327226 alignleft\" src=\"https:\/\/www.radiopiu.net\/wordpress\/wp-content\/uploads\/2023\/03\/31df7339-bd01-4d10-8d01-2be5034afe24-225x300.jpg\" alt=\"\" width=\"111\" height=\"148\" srcset=\"https:\/\/www.radiopiu.net\/wordpress\/wp-content\/uploads\/2023\/03\/31df7339-bd01-4d10-8d01-2be5034afe24-225x300.jpg 225w, https:\/\/www.radiopiu.net\/wordpress\/wp-content\/uploads\/2023\/03\/31df7339-bd01-4d10-8d01-2be5034afe24-768x1024.jpg 768w, https:\/\/www.radiopiu.net\/wordpress\/wp-content\/uploads\/2023\/03\/31df7339-bd01-4d10-8d01-2be5034afe24-1152x1536.jpg 1152w, https:\/\/www.radiopiu.net\/wordpress\/wp-content\/uploads\/2023\/03\/31df7339-bd01-4d10-8d01-2be5034afe24.jpg 1536w\" sizes=\"auto, (max-width: 111px) 100vw, 111px\" \/><\/a> <\/strong><\/p>\n<p><strong>\u00a0<\/strong><\/p>\n<p><strong>AGORDO<\/strong> La Vecia Popa \u00e8 scesa dalla Val di Frela. Una giornata di festa ad Agordo con la sfilata e la lettura del testamento.<\/p>\n<p><strong>\u00a0<\/strong><\/p>\n<p><strong>\u00a0<\/strong><\/p>\n<p><strong>\u00a0 \u00a0<\/strong><\/p>\n<p><strong>IL TESTAMENTO DELLA VECIA POPA<\/strong><\/p>\n<audio class=\"wp-audio-shortcode\" id=\"audio-327131-5\" preload=\"none\" style=\"width: 100%;\" controls=\"controls\"><source type=\"audio\/mpeg\" src=\"https:\/\/www.radiopiu.net\/wordpress\/wp-content\/uploads\/2023\/03\/VECIA-POPA-2023-OK.mp3?_=5\" \/><a href=\"https:\/\/www.radiopiu.net\/wordpress\/wp-content\/uploads\/2023\/03\/VECIA-POPA-2023-OK.mp3\">https:\/\/www.radiopiu.net\/wordpress\/wp-content\/uploads\/2023\/03\/VECIA-POPA-2023-OK.mp3<\/a><\/audio>\n<p>&nbsp;<\/p>\n<p><strong>LA DIRETTA RADIO PIU&#8217; &#8211; LA SFILATA\u00a0<\/strong><\/p>\n<p><iframe loading=\"lazy\" title=\"VECIA POPA 2023 LA SFILATA\" width=\"1200\" height=\"675\" src=\"https:\/\/www.youtube.com\/embed\/QlsPl-lmUrg?feature=oembed\" frameborder=\"0\" allow=\"accelerometer; autoplay; clipboard-write; encrypted-media; gyroscope; picture-in-picture; web-share\" allowfullscreen><\/iframe><\/p>\n<p>&nbsp;<\/p>\n<p><strong>LA DIRETTA RADIO PIU&#8217; &#8211; IL TESTAMENTO\u00a0<\/strong><\/p>\n<p><iframe loading=\"lazy\" title=\"VECIA POPA 2023 IL TESTAMENTO\" width=\"1200\" height=\"675\" src=\"https:\/\/www.youtube.com\/embed\/2Y_vFYpwxao?feature=oembed\" frameborder=\"0\" allow=\"accelerometer; autoplay; clipboard-write; encrypted-media; gyroscope; picture-in-picture; web-share\" allowfullscreen><\/iframe><\/p>\n<p>&nbsp;<\/p>\n<p><strong>LE FOTO<\/strong><\/p>\n\n\t\t\t<style type='text\/css'>\n\t\t\t\t#gallery-3 {\n\t\t\t\t\tmargin: auto;\n\t\t\t\t}\n\t\t\t\t#gallery-3 .gallery-item {\n\t\t\t\t\tfloat: left;\n\t\t\t\t\tmargin-top: 10px;\n\t\t\t\t\ttext-align: center;\n\t\t\t\t\twidth: 16%;\n\t\t\t\t}\n\t\t\t\t#gallery-3 img {\n\t\t\t\t\tborder: 2px solid #cfcfcf;\n\t\t\t\t}\n\t\t\t\t#gallery-3 .gallery-caption {\n\t\t\t\t\tmargin-left: 0;\n\t\t\t\t}\n\t\t\t\t\/* see gallery_shortcode() in wp-includes\/media.php *\/\n\t\t\t<\/style>\n\t\t<div id='gallery-3' class='dt-gallery-container gallery galleryid-327131 gallery-columns-6 gallery-size-thumbnail'><dl class='gallery-item'>\n\t\t\t\t<dt class='gallery-icon portrait'>\n\t\t\t\t\t<a class=\"rollover rollover-zoom dt-pswp-item\" title=\"31df7339-bd01-4d10-8d01-2be5034afe24\" data-dt-img-description=\"\" data-large_image_width=\"1536\" data-large_image_height=\"2048\"href='https:\/\/www.radiopiu.net\/wordpress\/wp-content\/uploads\/2023\/03\/31df7339-bd01-4d10-8d01-2be5034afe24.jpg'><img loading=\"lazy\" decoding=\"async\" width=\"150\" height=\"150\" src=\"https:\/\/www.radiopiu.net\/wordpress\/wp-content\/uploads\/2023\/03\/31df7339-bd01-4d10-8d01-2be5034afe24-150x150.jpg\" class=\"attachment-thumbnail size-thumbnail\" alt=\"\" \/><\/a>\n\t\t\t\t<\/dt><\/dl><dl class='gallery-item'>\n\t\t\t\t<dt class='gallery-icon landscape'>\n\t\t\t\t\t<a class=\"rollover rollover-zoom dt-pswp-item\" title=\"ccdc255e-10ac-4877-83b6-97ff7797996b\" data-dt-img-description=\"\" data-large_image_width=\"1024\" data-large_image_height=\"768\"href='https:\/\/www.radiopiu.net\/wordpress\/wp-content\/uploads\/2023\/03\/ccdc255e-10ac-4877-83b6-97ff7797996b.jpg'><img loading=\"lazy\" decoding=\"async\" width=\"150\" height=\"150\" src=\"https:\/\/www.radiopiu.net\/wordpress\/wp-content\/uploads\/2023\/03\/ccdc255e-10ac-4877-83b6-97ff7797996b-150x150.jpg\" class=\"attachment-thumbnail size-thumbnail\" alt=\"\" \/><\/a>\n\t\t\t\t<\/dt><\/dl><dl class='gallery-item'>\n\t\t\t\t<dt class='gallery-icon landscape'>\n\t\t\t\t\t<a class=\"rollover rollover-zoom dt-pswp-item\" title=\"0c4f6259-1afc-435a-81df-d80ed726942f\" data-dt-img-description=\"\" data-large_image_width=\"1024\" data-large_image_height=\"768\"href='https:\/\/www.radiopiu.net\/wordpress\/wp-content\/uploads\/2023\/03\/0c4f6259-1afc-435a-81df-d80ed726942f.jpg'><img loading=\"lazy\" decoding=\"async\" width=\"150\" height=\"150\" src=\"https:\/\/www.radiopiu.net\/wordpress\/wp-content\/uploads\/2023\/03\/0c4f6259-1afc-435a-81df-d80ed726942f-150x150.jpg\" class=\"attachment-thumbnail size-thumbnail\" alt=\"\" \/><\/a>\n\t\t\t\t<\/dt><\/dl><dl class='gallery-item'>\n\t\t\t\t<dt class='gallery-icon landscape'>\n\t\t\t\t\t<a class=\"rollover rollover-zoom dt-pswp-item\" title=\"b7524b21-f8c5-49ed-8b3d-3a46226f5560\" data-dt-img-description=\"\" data-large_image_width=\"1024\" data-large_image_height=\"768\"href='https:\/\/www.radiopiu.net\/wordpress\/wp-content\/uploads\/2023\/03\/b7524b21-f8c5-49ed-8b3d-3a46226f5560.jpg'><img loading=\"lazy\" decoding=\"async\" width=\"150\" height=\"150\" src=\"https:\/\/www.radiopiu.net\/wordpress\/wp-content\/uploads\/2023\/03\/b7524b21-f8c5-49ed-8b3d-3a46226f5560-150x150.jpg\" class=\"attachment-thumbnail size-thumbnail\" alt=\"\" \/><\/a>\n\t\t\t\t<\/dt><\/dl><dl class='gallery-item'>\n\t\t\t\t<dt class='gallery-icon landscape'>\n\t\t\t\t\t<a class=\"rollover rollover-zoom dt-pswp-item\" title=\"4cc70f4f-7169-48c2-95c4-2f58b7c0084a\" data-dt-img-description=\"\" data-large_image_width=\"2048\" data-large_image_height=\"1152\"href='https:\/\/www.radiopiu.net\/wordpress\/wp-content\/uploads\/2023\/03\/4cc70f4f-7169-48c2-95c4-2f58b7c0084a.jpg'><img loading=\"lazy\" decoding=\"async\" width=\"150\" height=\"150\" src=\"https:\/\/www.radiopiu.net\/wordpress\/wp-content\/uploads\/2023\/03\/4cc70f4f-7169-48c2-95c4-2f58b7c0084a-150x150.jpg\" class=\"attachment-thumbnail size-thumbnail\" alt=\"\" \/><\/a>\n\t\t\t\t<\/dt><\/dl><dl class='gallery-item'>\n\t\t\t\t<dt class='gallery-icon landscape'>\n\t\t\t\t\t<a class=\"rollover rollover-zoom dt-pswp-item\" title=\"8cdec17a-066a-4c1e-bf35-1047185743cd\" data-dt-img-description=\"\" data-large_image_width=\"1024\" data-large_image_height=\"993\"href='https:\/\/www.radiopiu.net\/wordpress\/wp-content\/uploads\/2023\/03\/8cdec17a-066a-4c1e-bf35-1047185743cd.jpg'><img loading=\"lazy\" decoding=\"async\" width=\"150\" height=\"150\" src=\"https:\/\/www.radiopiu.net\/wordpress\/wp-content\/uploads\/2023\/03\/8cdec17a-066a-4c1e-bf35-1047185743cd-150x150.jpg\" class=\"attachment-thumbnail size-thumbnail\" alt=\"\" \/><\/a>\n\t\t\t\t<\/dt><\/dl><br style=\"clear: both\" \/><dl class='gallery-item'>\n\t\t\t\t<dt class='gallery-icon landscape'>\n\t\t\t\t\t<a class=\"rollover rollover-zoom dt-pswp-item\" title=\"a2199021-a74a-45c0-8650-4675ba2e3601\" data-dt-img-description=\"\" data-large_image_width=\"1024\" data-large_image_height=\"768\"href='https:\/\/www.radiopiu.net\/wordpress\/wp-content\/uploads\/2023\/03\/a2199021-a74a-45c0-8650-4675ba2e3601.jpg'><img loading=\"lazy\" decoding=\"async\" width=\"150\" height=\"150\" src=\"https:\/\/www.radiopiu.net\/wordpress\/wp-content\/uploads\/2023\/03\/a2199021-a74a-45c0-8650-4675ba2e3601-150x150.jpg\" class=\"attachment-thumbnail size-thumbnail\" alt=\"\" \/><\/a>\n\t\t\t\t<\/dt><\/dl><dl class='gallery-item'>\n\t\t\t\t<dt class='gallery-icon landscape'>\n\t\t\t\t\t<a class=\"rollover rollover-zoom dt-pswp-item\" title=\"c54ab957-8f99-48f3-b9d8-34e26d232655\" data-dt-img-description=\"\" data-large_image_width=\"1024\" data-large_image_height=\"995\"href='https:\/\/www.radiopiu.net\/wordpress\/wp-content\/uploads\/2023\/03\/c54ab957-8f99-48f3-b9d8-34e26d232655.jpg'><img loading=\"lazy\" decoding=\"async\" width=\"150\" height=\"150\" src=\"https:\/\/www.radiopiu.net\/wordpress\/wp-content\/uploads\/2023\/03\/c54ab957-8f99-48f3-b9d8-34e26d232655-150x150.jpg\" class=\"attachment-thumbnail size-thumbnail\" alt=\"\" \/><\/a>\n\t\t\t\t<\/dt><\/dl><dl class='gallery-item'>\n\t\t\t\t<dt class='gallery-icon landscape'>\n\t\t\t\t\t<a class=\"rollover rollover-zoom dt-pswp-item\" title=\"ec4dac90-54c2-4b51-8702-0b3ae436a8ae\" data-dt-img-description=\"\" data-large_image_width=\"1024\" data-large_image_height=\"768\"href='https:\/\/www.radiopiu.net\/wordpress\/wp-content\/uploads\/2023\/03\/ec4dac90-54c2-4b51-8702-0b3ae436a8ae.jpg'><img loading=\"lazy\" decoding=\"async\" width=\"150\" height=\"150\" src=\"https:\/\/www.radiopiu.net\/wordpress\/wp-content\/uploads\/2023\/03\/ec4dac90-54c2-4b51-8702-0b3ae436a8ae-150x150.jpg\" class=\"attachment-thumbnail size-thumbnail\" alt=\"\" \/><\/a>\n\t\t\t\t<\/dt><\/dl><dl class='gallery-item'>\n\t\t\t\t<dt class='gallery-icon landscape'>\n\t\t\t\t\t<a class=\"rollover rollover-zoom dt-pswp-item\" title=\"62340a18-2b05-4447-9363-90c626250493\" data-dt-img-description=\"\" data-large_image_width=\"1024\" data-large_image_height=\"768\"href='https:\/\/www.radiopiu.net\/wordpress\/wp-content\/uploads\/2023\/03\/62340a18-2b05-4447-9363-90c626250493.jpg'><img loading=\"lazy\" decoding=\"async\" width=\"150\" height=\"150\" src=\"https:\/\/www.radiopiu.net\/wordpress\/wp-content\/uploads\/2023\/03\/62340a18-2b05-4447-9363-90c626250493-150x150.jpg\" class=\"attachment-thumbnail size-thumbnail\" alt=\"\" \/><\/a>\n\t\t\t\t<\/dt><\/dl><dl class='gallery-item'>\n\t\t\t\t<dt class='gallery-icon landscape'>\n\t\t\t\t\t<a class=\"rollover rollover-zoom dt-pswp-item\" title=\"a9591b74-9213-4cee-9531-d8b86162fb3d\" data-dt-img-description=\"\" data-large_image_width=\"1024\" data-large_image_height=\"768\"href='https:\/\/www.radiopiu.net\/wordpress\/wp-content\/uploads\/2023\/03\/a9591b74-9213-4cee-9531-d8b86162fb3d.jpg'><img loading=\"lazy\" decoding=\"async\" width=\"150\" height=\"150\" src=\"https:\/\/www.radiopiu.net\/wordpress\/wp-content\/uploads\/2023\/03\/a9591b74-9213-4cee-9531-d8b86162fb3d-150x150.jpg\" class=\"attachment-thumbnail size-thumbnail\" alt=\"\" \/><\/a>\n\t\t\t\t<\/dt><\/dl><dl class='gallery-item'>\n\t\t\t\t<dt class='gallery-icon landscape'>\n\t\t\t\t\t<a class=\"rollover rollover-zoom dt-pswp-item\" title=\"e50744cc-9325-4b1d-bd57-aa8cf18e6ed2\" data-dt-img-description=\"\" data-large_image_width=\"1024\" data-large_image_height=\"768\"href='https:\/\/www.radiopiu.net\/wordpress\/wp-content\/uploads\/2023\/03\/e50744cc-9325-4b1d-bd57-aa8cf18e6ed2.jpg'><img loading=\"lazy\" decoding=\"async\" width=\"150\" height=\"150\" src=\"https:\/\/www.radiopiu.net\/wordpress\/wp-content\/uploads\/2023\/03\/e50744cc-9325-4b1d-bd57-aa8cf18e6ed2-150x150.jpg\" class=\"attachment-thumbnail size-thumbnail\" alt=\"\" \/><\/a>\n\t\t\t\t<\/dt><\/dl><br style=\"clear: both\" \/><dl class='gallery-item'>\n\t\t\t\t<dt class='gallery-icon landscape'>\n\t\t\t\t\t<a class=\"rollover rollover-zoom dt-pswp-item\" title=\"1419e9d8-c124-45fd-a4e4-e77fdf83316b\" data-dt-img-description=\"\" data-large_image_width=\"1024\" data-large_image_height=\"768\"href='https:\/\/www.radiopiu.net\/wordpress\/wp-content\/uploads\/2023\/03\/1419e9d8-c124-45fd-a4e4-e77fdf83316b.jpg'><img loading=\"lazy\" decoding=\"async\" width=\"150\" height=\"150\" src=\"https:\/\/www.radiopiu.net\/wordpress\/wp-content\/uploads\/2023\/03\/1419e9d8-c124-45fd-a4e4-e77fdf83316b-150x150.jpg\" class=\"attachment-thumbnail size-thumbnail\" alt=\"\" \/><\/a>\n\t\t\t\t<\/dt><\/dl><dl class='gallery-item'>\n\t\t\t\t<dt class='gallery-icon landscape'>\n\t\t\t\t\t<a class=\"rollover rollover-zoom dt-pswp-item\" title=\"c6ccd067-23eb-46e2-95f6-8586992da51a\" data-dt-img-description=\"\" data-large_image_width=\"1024\" data-large_image_height=\"768\"href='https:\/\/www.radiopiu.net\/wordpress\/wp-content\/uploads\/2023\/03\/c6ccd067-23eb-46e2-95f6-8586992da51a.jpg'><img loading=\"lazy\" decoding=\"async\" width=\"150\" height=\"150\" src=\"https:\/\/www.radiopiu.net\/wordpress\/wp-content\/uploads\/2023\/03\/c6ccd067-23eb-46e2-95f6-8586992da51a-150x150.jpg\" class=\"attachment-thumbnail size-thumbnail\" alt=\"\" \/><\/a>\n\t\t\t\t<\/dt><\/dl><dl class='gallery-item'>\n\t\t\t\t<dt class='gallery-icon portrait'>\n\t\t\t\t\t<a class=\"rollover rollover-zoom dt-pswp-item\" title=\"ccb1d444-c995-4a2f-b5bb-931c151fb191\" data-dt-img-description=\"\" data-large_image_width=\"535\" data-large_image_height=\"1024\"href='https:\/\/www.radiopiu.net\/wordpress\/wp-content\/uploads\/2023\/03\/ccb1d444-c995-4a2f-b5bb-931c151fb191.jpg'><img loading=\"lazy\" decoding=\"async\" width=\"150\" height=\"150\" src=\"https:\/\/www.radiopiu.net\/wordpress\/wp-content\/uploads\/2023\/03\/ccb1d444-c995-4a2f-b5bb-931c151fb191-150x150.jpg\" class=\"attachment-thumbnail size-thumbnail\" alt=\"\" \/><\/a>\n\t\t\t\t<\/dt><\/dl><dl class='gallery-item'>\n\t\t\t\t<dt class='gallery-icon landscape'>\n\t\t\t\t\t<a class=\"rollover rollover-zoom dt-pswp-item\" title=\"283d8178-f60a-42b6-82d7-a529cfa4a68c\" data-dt-img-description=\"\" data-large_image_width=\"1024\" data-large_image_height=\"768\"href='https:\/\/www.radiopiu.net\/wordpress\/wp-content\/uploads\/2023\/03\/283d8178-f60a-42b6-82d7-a529cfa4a68c.jpg'><img loading=\"lazy\" decoding=\"async\" width=\"150\" height=\"150\" src=\"https:\/\/www.radiopiu.net\/wordpress\/wp-content\/uploads\/2023\/03\/283d8178-f60a-42b6-82d7-a529cfa4a68c-150x150.jpg\" class=\"attachment-thumbnail size-thumbnail\" alt=\"\" \/><\/a>\n\t\t\t\t<\/dt><\/dl><dl class='gallery-item'>\n\t\t\t\t<dt class='gallery-icon landscape'>\n\t\t\t\t\t<a class=\"rollover rollover-zoom dt-pswp-item\" title=\"32649ba0-05fe-4089-bd2a-ab4ed1f9db7f\" data-dt-img-description=\"\" data-large_image_width=\"1024\" data-large_image_height=\"768\"href='https:\/\/www.radiopiu.net\/wordpress\/wp-content\/uploads\/2023\/03\/32649ba0-05fe-4089-bd2a-ab4ed1f9db7f.jpg'><img loading=\"lazy\" decoding=\"async\" width=\"150\" height=\"150\" src=\"https:\/\/www.radiopiu.net\/wordpress\/wp-content\/uploads\/2023\/03\/32649ba0-05fe-4089-bd2a-ab4ed1f9db7f-150x150.jpg\" class=\"attachment-thumbnail size-thumbnail\" alt=\"\" \/><\/a>\n\t\t\t\t<\/dt><\/dl><dl class='gallery-item'>\n\t\t\t\t<dt class='gallery-icon landscape'>\n\t\t\t\t\t<a class=\"rollover rollover-zoom dt-pswp-item\" title=\"ebedf77c-6846-4da4-84d9-f86c6757549e\" data-dt-img-description=\"\" data-large_image_width=\"1024\" data-large_image_height=\"768\"href='https:\/\/www.radiopiu.net\/wordpress\/wp-content\/uploads\/2023\/03\/ebedf77c-6846-4da4-84d9-f86c6757549e.jpg'><img loading=\"lazy\" decoding=\"async\" width=\"150\" height=\"150\" src=\"https:\/\/www.radiopiu.net\/wordpress\/wp-content\/uploads\/2023\/03\/ebedf77c-6846-4da4-84d9-f86c6757549e-150x150.jpg\" class=\"attachment-thumbnail size-thumbnail\" alt=\"\" \/><\/a>\n\t\t\t\t<\/dt><\/dl><br style=\"clear: both\" \/><dl class='gallery-item'>\n\t\t\t\t<dt class='gallery-icon landscape'>\n\t\t\t\t\t<a class=\"rollover rollover-zoom dt-pswp-item\" title=\"a7f45815-ef60-453d-87ff-7d00c6c86963\" data-dt-img-description=\"\" data-large_image_width=\"1024\" data-large_image_height=\"768\"href='https:\/\/www.radiopiu.net\/wordpress\/wp-content\/uploads\/2023\/03\/a7f45815-ef60-453d-87ff-7d00c6c86963.jpg'><img loading=\"lazy\" decoding=\"async\" width=\"150\" height=\"150\" src=\"https:\/\/www.radiopiu.net\/wordpress\/wp-content\/uploads\/2023\/03\/a7f45815-ef60-453d-87ff-7d00c6c86963-150x150.jpg\" class=\"attachment-thumbnail size-thumbnail\" alt=\"\" \/><\/a>\n\t\t\t\t<\/dt><\/dl><dl class='gallery-item'>\n\t\t\t\t<dt class='gallery-icon landscape'>\n\t\t\t\t\t<a class=\"rollover rollover-zoom dt-pswp-item\" title=\"24837942-4aca-4558-9040-2114b0dc0b5b\" data-dt-img-description=\"\" data-large_image_width=\"1024\" data-large_image_height=\"768\"href='https:\/\/www.radiopiu.net\/wordpress\/wp-content\/uploads\/2023\/03\/24837942-4aca-4558-9040-2114b0dc0b5b.jpg'><img loading=\"lazy\" decoding=\"async\" width=\"150\" height=\"150\" src=\"https:\/\/www.radiopiu.net\/wordpress\/wp-content\/uploads\/2023\/03\/24837942-4aca-4558-9040-2114b0dc0b5b-150x150.jpg\" class=\"attachment-thumbnail size-thumbnail\" alt=\"\" \/><\/a>\n\t\t\t\t<\/dt><\/dl><dl class='gallery-item'>\n\t\t\t\t<dt class='gallery-icon landscape'>\n\t\t\t\t\t<a class=\"rollover rollover-zoom dt-pswp-item\" title=\"95cc4a8c-26ac-404f-891f-338dda1fc7c0\" data-dt-img-description=\"\" data-large_image_width=\"1024\" data-large_image_height=\"768\"href='https:\/\/www.radiopiu.net\/wordpress\/wp-content\/uploads\/2023\/03\/95cc4a8c-26ac-404f-891f-338dda1fc7c0.jpg'><img loading=\"lazy\" decoding=\"async\" width=\"150\" height=\"150\" src=\"https:\/\/www.radiopiu.net\/wordpress\/wp-content\/uploads\/2023\/03\/95cc4a8c-26ac-404f-891f-338dda1fc7c0-150x150.jpg\" class=\"attachment-thumbnail size-thumbnail\" alt=\"\" \/><\/a>\n\t\t\t\t<\/dt><\/dl><dl class='gallery-item'>\n\t\t\t\t<dt class='gallery-icon landscape'>\n\t\t\t\t\t<a class=\"rollover rollover-zoom dt-pswp-item\" title=\"90e61d85-5dd5-403a-a10c-8650ba9aac58\" data-dt-img-description=\"\" data-large_image_width=\"1024\" data-large_image_height=\"768\"href='https:\/\/www.radiopiu.net\/wordpress\/wp-content\/uploads\/2023\/03\/90e61d85-5dd5-403a-a10c-8650ba9aac58.jpg'><img loading=\"lazy\" decoding=\"async\" width=\"150\" height=\"150\" src=\"https:\/\/www.radiopiu.net\/wordpress\/wp-content\/uploads\/2023\/03\/90e61d85-5dd5-403a-a10c-8650ba9aac58-150x150.jpg\" class=\"attachment-thumbnail size-thumbnail\" alt=\"\" \/><\/a>\n\t\t\t\t<\/dt><\/dl><dl class='gallery-item'>\n\t\t\t\t<dt class='gallery-icon landscape'>\n\t\t\t\t\t<a class=\"rollover rollover-zoom dt-pswp-item\" title=\"4f1d50d4-b28a-418c-969f-6dc24fcfed1e\" data-dt-img-description=\"\" data-large_image_width=\"1024\" data-large_image_height=\"768\"href='https:\/\/www.radiopiu.net\/wordpress\/wp-content\/uploads\/2023\/03\/4f1d50d4-b28a-418c-969f-6dc24fcfed1e.jpg'><img loading=\"lazy\" decoding=\"async\" width=\"150\" height=\"150\" src=\"https:\/\/www.radiopiu.net\/wordpress\/wp-content\/uploads\/2023\/03\/4f1d50d4-b28a-418c-969f-6dc24fcfed1e-150x150.jpg\" class=\"attachment-thumbnail size-thumbnail\" alt=\"\" \/><\/a>\n\t\t\t\t<\/dt><\/dl><dl class='gallery-item'>\n\t\t\t\t<dt class='gallery-icon landscape'>\n\t\t\t\t\t<a class=\"rollover rollover-zoom dt-pswp-item\" title=\"036c3793-3d64-41ea-a180-745f4070c6a8\" data-dt-img-description=\"\" data-large_image_width=\"1024\" data-large_image_height=\"768\"href='https:\/\/www.radiopiu.net\/wordpress\/wp-content\/uploads\/2023\/03\/036c3793-3d64-41ea-a180-745f4070c6a8.jpg'><img loading=\"lazy\" decoding=\"async\" width=\"150\" height=\"150\" src=\"https:\/\/www.radiopiu.net\/wordpress\/wp-content\/uploads\/2023\/03\/036c3793-3d64-41ea-a180-745f4070c6a8-150x150.jpg\" class=\"attachment-thumbnail size-thumbnail\" alt=\"\" \/><\/a>\n\t\t\t\t<\/dt><\/dl><br style=\"clear: both\" \/><dl class='gallery-item'>\n\t\t\t\t<dt class='gallery-icon landscape'>\n\t\t\t\t\t<a class=\"rollover rollover-zoom dt-pswp-item\" title=\"f8a3b9de-8604-4a46-aa28-fc789165a2d3\" data-dt-img-description=\"\" data-large_image_width=\"1024\" data-large_image_height=\"768\"href='https:\/\/www.radiopiu.net\/wordpress\/wp-content\/uploads\/2023\/03\/f8a3b9de-8604-4a46-aa28-fc789165a2d3.jpg'><img loading=\"lazy\" decoding=\"async\" width=\"150\" height=\"150\" src=\"https:\/\/www.radiopiu.net\/wordpress\/wp-content\/uploads\/2023\/03\/f8a3b9de-8604-4a46-aa28-fc789165a2d3-150x150.jpg\" class=\"attachment-thumbnail size-thumbnail\" alt=\"\" \/><\/a>\n\t\t\t\t<\/dt><\/dl><dl class='gallery-item'>\n\t\t\t\t<dt class='gallery-icon landscape'>\n\t\t\t\t\t<a class=\"rollover rollover-zoom dt-pswp-item\" title=\"e5c9ac14-d415-4086-8987-3f77dec24811\" data-dt-img-description=\"\" data-large_image_width=\"1024\" data-large_image_height=\"768\"href='https:\/\/www.radiopiu.net\/wordpress\/wp-content\/uploads\/2023\/03\/e5c9ac14-d415-4086-8987-3f77dec24811.jpg'><img loading=\"lazy\" decoding=\"async\" width=\"150\" height=\"150\" src=\"https:\/\/www.radiopiu.net\/wordpress\/wp-content\/uploads\/2023\/03\/e5c9ac14-d415-4086-8987-3f77dec24811-150x150.jpg\" class=\"attachment-thumbnail size-thumbnail\" alt=\"\" \/><\/a>\n\t\t\t\t<\/dt><\/dl><dl class='gallery-item'>\n\t\t\t\t<dt class='gallery-icon landscape'>\n\t\t\t\t\t<a class=\"rollover rollover-zoom dt-pswp-item\" title=\"7f458eaa-4a38-4621-9300-6e41fbe7224f\" data-dt-img-description=\"\" data-large_image_width=\"1024\" data-large_image_height=\"768\"href='https:\/\/www.radiopiu.net\/wordpress\/wp-content\/uploads\/2023\/03\/7f458eaa-4a38-4621-9300-6e41fbe7224f.jpg'><img loading=\"lazy\" decoding=\"async\" width=\"150\" height=\"150\" src=\"https:\/\/www.radiopiu.net\/wordpress\/wp-content\/uploads\/2023\/03\/7f458eaa-4a38-4621-9300-6e41fbe7224f-150x150.jpg\" class=\"attachment-thumbnail size-thumbnail\" alt=\"\" \/><\/a>\n\t\t\t\t<\/dt><\/dl><dl class='gallery-item'>\n\t\t\t\t<dt class='gallery-icon landscape'>\n\t\t\t\t\t<a class=\"rollover rollover-zoom dt-pswp-item\" title=\"458a156a-1d18-4b5d-9ab0-f794f9a8d8e3\" data-dt-img-description=\"\" data-large_image_width=\"1024\" data-large_image_height=\"768\"href='https:\/\/www.radiopiu.net\/wordpress\/wp-content\/uploads\/2023\/03\/458a156a-1d18-4b5d-9ab0-f794f9a8d8e3.jpg'><img loading=\"lazy\" decoding=\"async\" width=\"150\" height=\"150\" src=\"https:\/\/www.radiopiu.net\/wordpress\/wp-content\/uploads\/2023\/03\/458a156a-1d18-4b5d-9ab0-f794f9a8d8e3-150x150.jpg\" class=\"attachment-thumbnail size-thumbnail\" alt=\"\" \/><\/a>\n\t\t\t\t<\/dt><\/dl><dl class='gallery-item'>\n\t\t\t\t<dt class='gallery-icon landscape'>\n\t\t\t\t\t<a class=\"rollover rollover-zoom dt-pswp-item\" title=\"e6880741-d02e-4c2f-9302-d114c88384f7\" data-dt-img-description=\"\" data-large_image_width=\"1024\" data-large_image_height=\"768\"href='https:\/\/www.radiopiu.net\/wordpress\/wp-content\/uploads\/2023\/03\/e6880741-d02e-4c2f-9302-d114c88384f7.jpg'><img loading=\"lazy\" decoding=\"async\" width=\"150\" height=\"150\" src=\"https:\/\/www.radiopiu.net\/wordpress\/wp-content\/uploads\/2023\/03\/e6880741-d02e-4c2f-9302-d114c88384f7-150x150.jpg\" class=\"attachment-thumbnail size-thumbnail\" alt=\"\" \/><\/a>\n\t\t\t\t<\/dt><\/dl><dl class='gallery-item'>\n\t\t\t\t<dt class='gallery-icon landscape'>\n\t\t\t\t\t<a class=\"rollover rollover-zoom dt-pswp-item\" title=\"9725ae46-1a91-4823-8d80-a951ac5930b6\" data-dt-img-description=\"\" data-large_image_width=\"1024\" data-large_image_height=\"768\"href='https:\/\/www.radiopiu.net\/wordpress\/wp-content\/uploads\/2023\/03\/9725ae46-1a91-4823-8d80-a951ac5930b6.jpg'><img loading=\"lazy\" decoding=\"async\" width=\"150\" height=\"150\" src=\"https:\/\/www.radiopiu.net\/wordpress\/wp-content\/uploads\/2023\/03\/9725ae46-1a91-4823-8d80-a951ac5930b6-150x150.jpg\" class=\"attachment-thumbnail size-thumbnail\" alt=\"\" \/><\/a>\n\t\t\t\t<\/dt><\/dl><br style=\"clear: both\" \/><dl class='gallery-item'>\n\t\t\t\t<dt class='gallery-icon portrait'>\n\t\t\t\t\t<a class=\"rollover rollover-zoom dt-pswp-item\" title=\"63132650-1d96-4ad6-a11d-356a4b32f519\" data-dt-img-description=\"\" data-large_image_width=\"723\" data-large_image_height=\"1024\"href='https:\/\/www.radiopiu.net\/wordpress\/wp-content\/uploads\/2023\/03\/63132650-1d96-4ad6-a11d-356a4b32f519.jpg'><img loading=\"lazy\" decoding=\"async\" width=\"150\" height=\"150\" src=\"https:\/\/www.radiopiu.net\/wordpress\/wp-content\/uploads\/2023\/03\/63132650-1d96-4ad6-a11d-356a4b32f519-150x150.jpg\" class=\"attachment-thumbnail size-thumbnail\" alt=\"\" \/><\/a>\n\t\t\t\t<\/dt><\/dl><dl class='gallery-item'>\n\t\t\t\t<dt class='gallery-icon portrait'>\n\t\t\t\t\t<a class=\"rollover rollover-zoom dt-pswp-item\" title=\"f71cd1fb-8915-4f48-88fd-d1bbcdc9e476\" data-dt-img-description=\"\" data-large_image_width=\"983\" data-large_image_height=\"1024\"href='https:\/\/www.radiopiu.net\/wordpress\/wp-content\/uploads\/2023\/03\/f71cd1fb-8915-4f48-88fd-d1bbcdc9e476.jpg'><img loading=\"lazy\" decoding=\"async\" width=\"150\" height=\"150\" src=\"https:\/\/www.radiopiu.net\/wordpress\/wp-content\/uploads\/2023\/03\/f71cd1fb-8915-4f48-88fd-d1bbcdc9e476-150x150.jpg\" class=\"attachment-thumbnail size-thumbnail\" alt=\"\" \/><\/a>\n\t\t\t\t<\/dt><\/dl><dl class='gallery-item'>\n\t\t\t\t<dt class='gallery-icon portrait'>\n\t\t\t\t\t<a class=\"rollover rollover-zoom dt-pswp-item\" title=\"fcab62b5-d2e9-47ee-935e-be8f7a6d284b\" data-dt-img-description=\"\" data-large_image_width=\"744\" data-large_image_height=\"1024\"href='https:\/\/www.radiopiu.net\/wordpress\/wp-content\/uploads\/2023\/03\/fcab62b5-d2e9-47ee-935e-be8f7a6d284b.jpg'><img loading=\"lazy\" decoding=\"async\" width=\"150\" height=\"150\" src=\"https:\/\/www.radiopiu.net\/wordpress\/wp-content\/uploads\/2023\/03\/fcab62b5-d2e9-47ee-935e-be8f7a6d284b-150x150.jpg\" class=\"attachment-thumbnail size-thumbnail\" alt=\"\" \/><\/a>\n\t\t\t\t<\/dt><\/dl><dl class='gallery-item'>\n\t\t\t\t<dt class='gallery-icon portrait'>\n\t\t\t\t\t<a class=\"rollover rollover-zoom dt-pswp-item\" title=\"15529df3-ebd4-4bd4-bdfb-338b35600c44\" data-dt-img-description=\"\" data-large_image_width=\"977\" data-large_image_height=\"1024\"href='https:\/\/www.radiopiu.net\/wordpress\/wp-content\/uploads\/2023\/03\/15529df3-ebd4-4bd4-bdfb-338b35600c44.jpg'><img loading=\"lazy\" decoding=\"async\" width=\"150\" height=\"150\" src=\"https:\/\/www.radiopiu.net\/wordpress\/wp-content\/uploads\/2023\/03\/15529df3-ebd4-4bd4-bdfb-338b35600c44-150x150.jpg\" class=\"attachment-thumbnail size-thumbnail\" alt=\"\" \/><\/a>\n\t\t\t\t<\/dt><\/dl><dl class='gallery-item'>\n\t\t\t\t<dt class='gallery-icon landscape'>\n\t\t\t\t\t<a class=\"rollover rollover-zoom dt-pswp-item\" title=\"3bd3c13c-3925-41eb-95d3-2113a6151183\" data-dt-img-description=\"\" data-large_image_width=\"1024\" data-large_image_height=\"768\"href='https:\/\/www.radiopiu.net\/wordpress\/wp-content\/uploads\/2023\/03\/3bd3c13c-3925-41eb-95d3-2113a6151183.jpg'><img loading=\"lazy\" decoding=\"async\" width=\"150\" height=\"150\" src=\"https:\/\/www.radiopiu.net\/wordpress\/wp-content\/uploads\/2023\/03\/3bd3c13c-3925-41eb-95d3-2113a6151183-150x150.jpg\" class=\"attachment-thumbnail size-thumbnail\" alt=\"\" \/><\/a>\n\t\t\t\t<\/dt><\/dl><dl class='gallery-item'>\n\t\t\t\t<dt class='gallery-icon landscape'>\n\t\t\t\t\t<a class=\"rollover rollover-zoom dt-pswp-item\" title=\"210072e9-b131-4615-a353-01abe02c2273\" data-dt-img-description=\"\" data-large_image_width=\"1024\" data-large_image_height=\"768\"href='https:\/\/www.radiopiu.net\/wordpress\/wp-content\/uploads\/2023\/03\/210072e9-b131-4615-a353-01abe02c2273.jpg'><img loading=\"lazy\" decoding=\"async\" width=\"150\" height=\"150\" src=\"https:\/\/www.radiopiu.net\/wordpress\/wp-content\/uploads\/2023\/03\/210072e9-b131-4615-a353-01abe02c2273-150x150.jpg\" class=\"attachment-thumbnail size-thumbnail\" alt=\"\" \/><\/a>\n\t\t\t\t<\/dt><\/dl><br style=\"clear: both\" \/><dl class='gallery-item'>\n\t\t\t\t<dt class='gallery-icon portrait'>\n\t\t\t\t\t<a class=\"rollover rollover-zoom dt-pswp-item\" title=\"77291319-3a19-427a-9589-9253122dcee9\" data-dt-img-description=\"\" data-large_image_width=\"863\" data-large_image_height=\"1024\"href='https:\/\/www.radiopiu.net\/wordpress\/wp-content\/uploads\/2023\/03\/77291319-3a19-427a-9589-9253122dcee9.jpg'><img loading=\"lazy\" decoding=\"async\" width=\"150\" height=\"150\" src=\"https:\/\/www.radiopiu.net\/wordpress\/wp-content\/uploads\/2023\/03\/77291319-3a19-427a-9589-9253122dcee9-150x150.jpg\" class=\"attachment-thumbnail size-thumbnail\" alt=\"\" \/><\/a>\n\t\t\t\t<\/dt><\/dl><dl class='gallery-item'>\n\t\t\t\t<dt class='gallery-icon portrait'>\n\t\t\t\t\t<a class=\"rollover rollover-zoom dt-pswp-item\" title=\"1e2204f3-d44b-482e-bab8-4eac9dd28a5e\" data-dt-img-description=\"\" data-large_image_width=\"642\" data-large_image_height=\"1024\"href='https:\/\/www.radiopiu.net\/wordpress\/wp-content\/uploads\/2023\/03\/1e2204f3-d44b-482e-bab8-4eac9dd28a5e.jpg'><img loading=\"lazy\" decoding=\"async\" width=\"150\" height=\"150\" src=\"https:\/\/www.radiopiu.net\/wordpress\/wp-content\/uploads\/2023\/03\/1e2204f3-d44b-482e-bab8-4eac9dd28a5e-150x150.jpg\" class=\"attachment-thumbnail size-thumbnail\" alt=\"\" \/><\/a>\n\t\t\t\t<\/dt><\/dl><dl class='gallery-item'>\n\t\t\t\t<dt class='gallery-icon portrait'>\n\t\t\t\t\t<a class=\"rollover rollover-zoom dt-pswp-item\" title=\"18e215b1-927b-4221-ada6-fad1966a4bbd\" data-dt-img-description=\"\" data-large_image_width=\"492\" data-large_image_height=\"1024\"href='https:\/\/www.radiopiu.net\/wordpress\/wp-content\/uploads\/2023\/03\/18e215b1-927b-4221-ada6-fad1966a4bbd.jpg'><img loading=\"lazy\" decoding=\"async\" width=\"150\" height=\"150\" src=\"https:\/\/www.radiopiu.net\/wordpress\/wp-content\/uploads\/2023\/03\/18e215b1-927b-4221-ada6-fad1966a4bbd-150x150.jpg\" class=\"attachment-thumbnail size-thumbnail\" alt=\"\" \/><\/a>\n\t\t\t\t<\/dt><\/dl><dl class='gallery-item'>\n\t\t\t\t<dt class='gallery-icon landscape'>\n\t\t\t\t\t<a class=\"rollover rollover-zoom dt-pswp-item\" title=\"56f499c6-b274-4a42-9080-66b5f2a215e0\" data-dt-img-description=\"\" data-large_image_width=\"1024\" data-large_image_height=\"768\"href='https:\/\/www.radiopiu.net\/wordpress\/wp-content\/uploads\/2023\/03\/56f499c6-b274-4a42-9080-66b5f2a215e0.jpg'><img loading=\"lazy\" decoding=\"async\" width=\"150\" height=\"150\" src=\"https:\/\/www.radiopiu.net\/wordpress\/wp-content\/uploads\/2023\/03\/56f499c6-b274-4a42-9080-66b5f2a215e0-150x150.jpg\" class=\"attachment-thumbnail size-thumbnail\" alt=\"\" \/><\/a>\n\t\t\t\t<\/dt><\/dl><dl class='gallery-item'>\n\t\t\t\t<dt class='gallery-icon landscape'>\n\t\t\t\t\t<a class=\"rollover rollover-zoom dt-pswp-item\" title=\"164ca752-7ef6-4742-97e3-e9fe6508afa9\" data-dt-img-description=\"\" data-large_image_width=\"1024\" data-large_image_height=\"768\"href='https:\/\/www.radiopiu.net\/wordpress\/wp-content\/uploads\/2023\/03\/164ca752-7ef6-4742-97e3-e9fe6508afa9.jpg'><img loading=\"lazy\" decoding=\"async\" width=\"150\" height=\"150\" src=\"https:\/\/www.radiopiu.net\/wordpress\/wp-content\/uploads\/2023\/03\/164ca752-7ef6-4742-97e3-e9fe6508afa9-150x150.jpg\" class=\"attachment-thumbnail size-thumbnail\" alt=\"\" \/><\/a>\n\t\t\t\t<\/dt><\/dl><dl class='gallery-item'>\n\t\t\t\t<dt class='gallery-icon landscape'>\n\t\t\t\t\t<a class=\"rollover rollover-zoom dt-pswp-item\" title=\"3e989d3b-074d-49ec-93c2-6c714360e14d\" data-dt-img-description=\"\" data-large_image_width=\"1024\" data-large_image_height=\"768\"href='https:\/\/www.radiopiu.net\/wordpress\/wp-content\/uploads\/2023\/03\/3e989d3b-074d-49ec-93c2-6c714360e14d.jpg'><img loading=\"lazy\" decoding=\"async\" width=\"150\" height=\"150\" src=\"https:\/\/www.radiopiu.net\/wordpress\/wp-content\/uploads\/2023\/03\/3e989d3b-074d-49ec-93c2-6c714360e14d-150x150.jpg\" class=\"attachment-thumbnail size-thumbnail\" alt=\"\" \/><\/a>\n\t\t\t\t<\/dt><\/dl><br style=\"clear: both\" \/><dl class='gallery-item'>\n\t\t\t\t<dt class='gallery-icon portrait'>\n\t\t\t\t\t<a class=\"rollover rollover-zoom dt-pswp-item\" title=\"79c52b0c-9944-4061-8436-0c9b7ccd8cd3\" data-dt-img-description=\"\" data-large_image_width=\"697\" data-large_image_height=\"1024\"href='https:\/\/www.radiopiu.net\/wordpress\/wp-content\/uploads\/2023\/03\/79c52b0c-9944-4061-8436-0c9b7ccd8cd3.jpg'><img loading=\"lazy\" decoding=\"async\" width=\"150\" height=\"150\" src=\"https:\/\/www.radiopiu.net\/wordpress\/wp-content\/uploads\/2023\/03\/79c52b0c-9944-4061-8436-0c9b7ccd8cd3-150x150.jpg\" class=\"attachment-thumbnail size-thumbnail\" alt=\"\" \/><\/a>\n\t\t\t\t<\/dt><\/dl><dl class='gallery-item'>\n\t\t\t\t<dt class='gallery-icon landscape'>\n\t\t\t\t\t<a class=\"rollover rollover-zoom dt-pswp-item\" title=\"4180f0fd-4d1f-4a61-a00a-12aa58fd3076\" data-dt-img-description=\"\" data-large_image_width=\"1024\" data-large_image_height=\"768\"href='https:\/\/www.radiopiu.net\/wordpress\/wp-content\/uploads\/2023\/03\/4180f0fd-4d1f-4a61-a00a-12aa58fd3076.jpg'><img loading=\"lazy\" decoding=\"async\" width=\"150\" height=\"150\" src=\"https:\/\/www.radiopiu.net\/wordpress\/wp-content\/uploads\/2023\/03\/4180f0fd-4d1f-4a61-a00a-12aa58fd3076-150x150.jpg\" class=\"attachment-thumbnail size-thumbnail\" alt=\"\" \/><\/a>\n\t\t\t\t<\/dt><\/dl><dl class='gallery-item'>\n\t\t\t\t<dt class='gallery-icon landscape'>\n\t\t\t\t\t<a class=\"rollover rollover-zoom dt-pswp-item\" title=\"702c7c5a-ee9f-4d41-a3b0-fa3e1926ce57\" data-dt-img-description=\"\" data-large_image_width=\"1024\" data-large_image_height=\"768\"href='https:\/\/www.radiopiu.net\/wordpress\/wp-content\/uploads\/2023\/03\/702c7c5a-ee9f-4d41-a3b0-fa3e1926ce57.jpg'><img loading=\"lazy\" decoding=\"async\" width=\"150\" height=\"150\" src=\"https:\/\/www.radiopiu.net\/wordpress\/wp-content\/uploads\/2023\/03\/702c7c5a-ee9f-4d41-a3b0-fa3e1926ce57-150x150.jpg\" class=\"attachment-thumbnail size-thumbnail\" alt=\"\" \/><\/a>\n\t\t\t\t<\/dt><\/dl><dl class='gallery-item'>\n\t\t\t\t<dt class='gallery-icon landscape'>\n\t\t\t\t\t<a class=\"rollover rollover-zoom dt-pswp-item\" title=\"0b8c6aa1-f781-4a57-9a58-c62288dfb9f3\" data-dt-img-description=\"\" data-large_image_width=\"1024\" data-large_image_height=\"768\"href='https:\/\/www.radiopiu.net\/wordpress\/wp-content\/uploads\/2023\/03\/0b8c6aa1-f781-4a57-9a58-c62288dfb9f3.jpg'><img loading=\"lazy\" decoding=\"async\" width=\"150\" height=\"150\" src=\"https:\/\/www.radiopiu.net\/wordpress\/wp-content\/uploads\/2023\/03\/0b8c6aa1-f781-4a57-9a58-c62288dfb9f3-150x150.jpg\" class=\"attachment-thumbnail size-thumbnail\" alt=\"\" \/><\/a>\n\t\t\t\t<\/dt><\/dl><dl class='gallery-item'>\n\t\t\t\t<dt class='gallery-icon landscape'>\n\t\t\t\t\t<a class=\"rollover rollover-zoom dt-pswp-item\" title=\"691a824b-ae09-4c21-838a-42dd47ab49bc\" data-dt-img-description=\"\" data-large_image_width=\"1024\" data-large_image_height=\"768\"href='https:\/\/www.radiopiu.net\/wordpress\/wp-content\/uploads\/2023\/03\/691a824b-ae09-4c21-838a-42dd47ab49bc.jpg'><img loading=\"lazy\" decoding=\"async\" width=\"150\" height=\"150\" src=\"https:\/\/www.radiopiu.net\/wordpress\/wp-content\/uploads\/2023\/03\/691a824b-ae09-4c21-838a-42dd47ab49bc-150x150.jpg\" class=\"attachment-thumbnail size-thumbnail\" alt=\"\" \/><\/a>\n\t\t\t\t<\/dt><\/dl><dl class='gallery-item'>\n\t\t\t\t<dt class='gallery-icon landscape'>\n\t\t\t\t\t<a class=\"rollover rollover-zoom dt-pswp-item\" title=\"cfeda4f3-fe74-4d37-bbc8-c8d3cba48c03\" data-dt-img-description=\"\" data-large_image_width=\"1024\" data-large_image_height=\"768\"href='https:\/\/www.radiopiu.net\/wordpress\/wp-content\/uploads\/2023\/03\/cfeda4f3-fe74-4d37-bbc8-c8d3cba48c03.jpg'><img loading=\"lazy\" decoding=\"async\" width=\"150\" height=\"150\" src=\"https:\/\/www.radiopiu.net\/wordpress\/wp-content\/uploads\/2023\/03\/cfeda4f3-fe74-4d37-bbc8-c8d3cba48c03-150x150.jpg\" class=\"attachment-thumbnail size-thumbnail\" alt=\"\" \/><\/a>\n\t\t\t\t<\/dt><\/dl><br style=\"clear: both\" \/><dl class='gallery-item'>\n\t\t\t\t<dt class='gallery-icon landscape'>\n\t\t\t\t\t<a class=\"rollover rollover-zoom dt-pswp-item\" title=\"f48aed11-de37-48c0-b662-8026310f0098\" data-dt-img-description=\"\" data-large_image_width=\"1024\" data-large_image_height=\"768\"href='https:\/\/www.radiopiu.net\/wordpress\/wp-content\/uploads\/2023\/03\/f48aed11-de37-48c0-b662-8026310f0098.jpg'><img loading=\"lazy\" decoding=\"async\" width=\"150\" height=\"150\" src=\"https:\/\/www.radiopiu.net\/wordpress\/wp-content\/uploads\/2023\/03\/f48aed11-de37-48c0-b662-8026310f0098-150x150.jpg\" class=\"attachment-thumbnail size-thumbnail\" alt=\"\" \/><\/a>\n\t\t\t\t<\/dt><\/dl><dl class='gallery-item'>\n\t\t\t\t<dt class='gallery-icon landscape'>\n\t\t\t\t\t<a class=\"rollover rollover-zoom dt-pswp-item\" title=\"ece47864-564f-4944-8319-424afec67bec\" data-dt-img-description=\"\" data-large_image_width=\"1024\" data-large_image_height=\"768\"href='https:\/\/www.radiopiu.net\/wordpress\/wp-content\/uploads\/2023\/03\/ece47864-564f-4944-8319-424afec67bec.jpg'><img loading=\"lazy\" decoding=\"async\" width=\"150\" height=\"150\" src=\"https:\/\/www.radiopiu.net\/wordpress\/wp-content\/uploads\/2023\/03\/ece47864-564f-4944-8319-424afec67bec-150x150.jpg\" class=\"attachment-thumbnail size-thumbnail\" alt=\"\" \/><\/a>\n\t\t\t\t<\/dt><\/dl><dl class='gallery-item'>\n\t\t\t\t<dt class='gallery-icon landscape'>\n\t\t\t\t\t<a class=\"rollover rollover-zoom dt-pswp-item\" title=\"f078df55-c852-40f5-b1a6-371f295d627d\" data-dt-img-description=\"\" data-large_image_width=\"1024\" data-large_image_height=\"768\"href='https:\/\/www.radiopiu.net\/wordpress\/wp-content\/uploads\/2023\/03\/f078df55-c852-40f5-b1a6-371f295d627d.jpg'><img loading=\"lazy\" decoding=\"async\" width=\"150\" height=\"150\" src=\"https:\/\/www.radiopiu.net\/wordpress\/wp-content\/uploads\/2023\/03\/f078df55-c852-40f5-b1a6-371f295d627d-150x150.jpg\" class=\"attachment-thumbnail size-thumbnail\" alt=\"\" \/><\/a>\n\t\t\t\t<\/dt><\/dl><dl class='gallery-item'>\n\t\t\t\t<dt class='gallery-icon landscape'>\n\t\t\t\t\t<a class=\"rollover rollover-zoom dt-pswp-item\" title=\"229b0960-147c-40a6-8b94-9c52a2c70149\" data-dt-img-description=\"\" data-large_image_width=\"1024\" data-large_image_height=\"671\"href='https:\/\/www.radiopiu.net\/wordpress\/wp-content\/uploads\/2023\/03\/229b0960-147c-40a6-8b94-9c52a2c70149.jpg'><img loading=\"lazy\" decoding=\"async\" width=\"150\" height=\"150\" src=\"https:\/\/www.radiopiu.net\/wordpress\/wp-content\/uploads\/2023\/03\/229b0960-147c-40a6-8b94-9c52a2c70149-150x150.jpg\" class=\"attachment-thumbnail size-thumbnail\" alt=\"\" \/><\/a>\n\t\t\t\t<\/dt><\/dl><dl class='gallery-item'>\n\t\t\t\t<dt class='gallery-icon landscape'>\n\t\t\t\t\t<a class=\"rollover rollover-zoom dt-pswp-item\" title=\"32df9b8d-2ba3-40aa-a625-043961da03f0\" data-dt-img-description=\"\" data-large_image_width=\"1024\" data-large_image_height=\"768\"href='https:\/\/www.radiopiu.net\/wordpress\/wp-content\/uploads\/2023\/03\/32df9b8d-2ba3-40aa-a625-043961da03f0.jpg'><img loading=\"lazy\" decoding=\"async\" width=\"150\" height=\"150\" src=\"https:\/\/www.radiopiu.net\/wordpress\/wp-content\/uploads\/2023\/03\/32df9b8d-2ba3-40aa-a625-043961da03f0-150x150.jpg\" class=\"attachment-thumbnail size-thumbnail\" alt=\"\" \/><\/a>\n\t\t\t\t<\/dt><\/dl><dl class='gallery-item'>\n\t\t\t\t<dt class='gallery-icon landscape'>\n\t\t\t\t\t<a class=\"rollover rollover-zoom dt-pswp-item\" title=\"c11be527-dd4a-4d17-8662-389f343b0ca8\" data-dt-img-description=\"\" data-large_image_width=\"1024\" data-large_image_height=\"768\"href='https:\/\/www.radiopiu.net\/wordpress\/wp-content\/uploads\/2023\/03\/c11be527-dd4a-4d17-8662-389f343b0ca8.jpg'><img loading=\"lazy\" decoding=\"async\" width=\"150\" height=\"150\" src=\"https:\/\/www.radiopiu.net\/wordpress\/wp-content\/uploads\/2023\/03\/c11be527-dd4a-4d17-8662-389f343b0ca8-150x150.jpg\" class=\"attachment-thumbnail size-thumbnail\" alt=\"\" \/><\/a>\n\t\t\t\t<\/dt><\/dl><br style=\"clear: both\" \/><dl class='gallery-item'>\n\t\t\t\t<dt class='gallery-icon landscape'>\n\t\t\t\t\t<a class=\"rollover rollover-zoom dt-pswp-item\" title=\"7bf02136-65cd-4758-933e-1bf00554ec19\" data-dt-img-description=\"\" data-large_image_width=\"1024\" data-large_image_height=\"768\"href='https:\/\/www.radiopiu.net\/wordpress\/wp-content\/uploads\/2023\/03\/7bf02136-65cd-4758-933e-1bf00554ec19.jpg'><img loading=\"lazy\" decoding=\"async\" width=\"150\" height=\"150\" src=\"https:\/\/www.radiopiu.net\/wordpress\/wp-content\/uploads\/2023\/03\/7bf02136-65cd-4758-933e-1bf00554ec19-150x150.jpg\" class=\"attachment-thumbnail size-thumbnail\" alt=\"\" \/><\/a>\n\t\t\t\t<\/dt><\/dl><dl class='gallery-item'>\n\t\t\t\t<dt class='gallery-icon landscape'>\n\t\t\t\t\t<a class=\"rollover rollover-zoom dt-pswp-item\" title=\"d84241a7-6350-4d64-aae5-05c63f594970\" data-dt-img-description=\"\" data-large_image_width=\"1024\" data-large_image_height=\"768\"href='https:\/\/www.radiopiu.net\/wordpress\/wp-content\/uploads\/2023\/03\/d84241a7-6350-4d64-aae5-05c63f594970.jpg'><img loading=\"lazy\" decoding=\"async\" width=\"150\" height=\"150\" src=\"https:\/\/www.radiopiu.net\/wordpress\/wp-content\/uploads\/2023\/03\/d84241a7-6350-4d64-aae5-05c63f594970-150x150.jpg\" class=\"attachment-thumbnail size-thumbnail\" alt=\"\" \/><\/a>\n\t\t\t\t<\/dt><\/dl><dl class='gallery-item'>\n\t\t\t\t<dt class='gallery-icon landscape'>\n\t\t\t\t\t<a class=\"rollover rollover-zoom dt-pswp-item\" title=\"87ab4b47-a0b2-4d23-80d9-de9a79311eea\" data-dt-img-description=\"\" data-large_image_width=\"1024\" data-large_image_height=\"768\"href='https:\/\/www.radiopiu.net\/wordpress\/wp-content\/uploads\/2023\/03\/87ab4b47-a0b2-4d23-80d9-de9a79311eea.jpg'><img loading=\"lazy\" decoding=\"async\" width=\"150\" height=\"150\" src=\"https:\/\/www.radiopiu.net\/wordpress\/wp-content\/uploads\/2023\/03\/87ab4b47-a0b2-4d23-80d9-de9a79311eea-150x150.jpg\" class=\"attachment-thumbnail size-thumbnail\" alt=\"\" \/><\/a>\n\t\t\t\t<\/dt><\/dl><dl class='gallery-item'>\n\t\t\t\t<dt class='gallery-icon landscape'>\n\t\t\t\t\t<a class=\"rollover rollover-zoom dt-pswp-item\" title=\"c7d2d524-33fb-41a5-8491-54558bacd330\" data-dt-img-description=\"\" data-large_image_width=\"2048\" data-large_image_height=\"1152\"href='https:\/\/www.radiopiu.net\/wordpress\/wp-content\/uploads\/2023\/03\/c7d2d524-33fb-41a5-8491-54558bacd330.jpg'><img loading=\"lazy\" decoding=\"async\" width=\"150\" height=\"150\" src=\"https:\/\/www.radiopiu.net\/wordpress\/wp-content\/uploads\/2023\/03\/c7d2d524-33fb-41a5-8491-54558bacd330-150x150.jpg\" class=\"attachment-thumbnail size-thumbnail\" alt=\"\" \/><\/a>\n\t\t\t\t<\/dt><\/dl><dl class='gallery-item'>\n\t\t\t\t<dt class='gallery-icon landscape'>\n\t\t\t\t\t<a class=\"rollover rollover-zoom dt-pswp-item\" title=\"f191e99b-6b87-44fc-8f0f-e50a0327ecad\" data-dt-img-description=\"\" data-large_image_width=\"2048\" data-large_image_height=\"1152\"href='https:\/\/www.radiopiu.net\/wordpress\/wp-content\/uploads\/2023\/03\/f191e99b-6b87-44fc-8f0f-e50a0327ecad.jpg'><img loading=\"lazy\" decoding=\"async\" width=\"150\" height=\"150\" src=\"https:\/\/www.radiopiu.net\/wordpress\/wp-content\/uploads\/2023\/03\/f191e99b-6b87-44fc-8f0f-e50a0327ecad-150x150.jpg\" class=\"attachment-thumbnail size-thumbnail\" alt=\"\" \/><\/a>\n\t\t\t\t<\/dt><\/dl><dl class='gallery-item'>\n\t\t\t\t<dt class='gallery-icon landscape'>\n\t\t\t\t\t<a class=\"rollover rollover-zoom dt-pswp-item\" title=\"206f3f68-c963-46b6-adad-1202b3516198\" data-dt-img-description=\"\" data-large_image_width=\"2048\" data-large_image_height=\"1152\"href='https:\/\/www.radiopiu.net\/wordpress\/wp-content\/uploads\/2023\/03\/206f3f68-c963-46b6-adad-1202b3516198.jpg'><img loading=\"lazy\" decoding=\"async\" width=\"150\" height=\"150\" src=\"https:\/\/www.radiopiu.net\/wordpress\/wp-content\/uploads\/2023\/03\/206f3f68-c963-46b6-adad-1202b3516198-150x150.jpg\" class=\"attachment-thumbnail size-thumbnail\" alt=\"\" \/><\/a>\n\t\t\t\t<\/dt><\/dl><br style=\"clear: both\" \/><dl class='gallery-item'>\n\t\t\t\t<dt class='gallery-icon landscape'>\n\t\t\t\t\t<a class=\"rollover rollover-zoom dt-pswp-item\" title=\"4da77be6-08f5-42ed-b1f9-9fbe83e85b9f\" data-dt-img-description=\"\" data-large_image_width=\"2048\" data-large_image_height=\"1152\"href='https:\/\/www.radiopiu.net\/wordpress\/wp-content\/uploads\/2023\/03\/4da77be6-08f5-42ed-b1f9-9fbe83e85b9f.jpg'><img loading=\"lazy\" decoding=\"async\" width=\"150\" height=\"150\" src=\"https:\/\/www.radiopiu.net\/wordpress\/wp-content\/uploads\/2023\/03\/4da77be6-08f5-42ed-b1f9-9fbe83e85b9f-150x150.jpg\" class=\"attachment-thumbnail size-thumbnail\" alt=\"\" \/><\/a>\n\t\t\t\t<\/dt><\/dl><dl class='gallery-item'>\n\t\t\t\t<dt class='gallery-icon landscape'>\n\t\t\t\t\t<a class=\"rollover rollover-zoom dt-pswp-item\" title=\"d77ff6a6-a121-4434-a866-2b58aaff8edd\" data-dt-img-description=\"\" data-large_image_width=\"2048\" data-large_image_height=\"1152\"href='https:\/\/www.radiopiu.net\/wordpress\/wp-content\/uploads\/2023\/03\/d77ff6a6-a121-4434-a866-2b58aaff8edd.jpg'><img loading=\"lazy\" decoding=\"async\" width=\"150\" height=\"150\" src=\"https:\/\/www.radiopiu.net\/wordpress\/wp-content\/uploads\/2023\/03\/d77ff6a6-a121-4434-a866-2b58aaff8edd-150x150.jpg\" class=\"attachment-thumbnail size-thumbnail\" alt=\"\" \/><\/a>\n\t\t\t\t<\/dt><\/dl><dl class='gallery-item'>\n\t\t\t\t<dt class='gallery-icon landscape'>\n\t\t\t\t\t<a class=\"rollover rollover-zoom dt-pswp-item\" title=\"16fa883f-1d38-421a-a3ad-d3457d8db6f0\" data-dt-img-description=\"\" data-large_image_width=\"1600\" data-large_image_height=\"1196\"href='https:\/\/www.radiopiu.net\/wordpress\/wp-content\/uploads\/2023\/03\/16fa883f-1d38-421a-a3ad-d3457d8db6f0.jpg'><img loading=\"lazy\" decoding=\"async\" width=\"150\" height=\"150\" src=\"https:\/\/www.radiopiu.net\/wordpress\/wp-content\/uploads\/2023\/03\/16fa883f-1d38-421a-a3ad-d3457d8db6f0-150x150.jpg\" class=\"attachment-thumbnail size-thumbnail\" alt=\"\" \/><\/a>\n\t\t\t\t<\/dt><\/dl><dl class='gallery-item'>\n\t\t\t\t<dt class='gallery-icon landscape'>\n\t\t\t\t\t<a class=\"rollover rollover-zoom dt-pswp-item\" title=\"f02c20c9-a8bd-4063-9f81-f8b5dadf1717\" data-dt-img-description=\"\" data-large_image_width=\"1600\" data-large_image_height=\"1196\"href='https:\/\/www.radiopiu.net\/wordpress\/wp-content\/uploads\/2023\/03\/f02c20c9-a8bd-4063-9f81-f8b5dadf1717.jpg'><img loading=\"lazy\" decoding=\"async\" width=\"150\" height=\"150\" src=\"https:\/\/www.radiopiu.net\/wordpress\/wp-content\/uploads\/2023\/03\/f02c20c9-a8bd-4063-9f81-f8b5dadf1717-150x150.jpg\" class=\"attachment-thumbnail size-thumbnail\" alt=\"\" \/><\/a>\n\t\t\t\t<\/dt><\/dl><dl class='gallery-item'>\n\t\t\t\t<dt class='gallery-icon landscape'>\n\t\t\t\t\t<a class=\"rollover rollover-zoom dt-pswp-item\" title=\"d722c32c-2f37-452b-a233-1e8c7ac51b66\" data-dt-img-description=\"\" data-large_image_width=\"1600\" data-large_image_height=\"1196\"href='https:\/\/www.radiopiu.net\/wordpress\/wp-content\/uploads\/2023\/03\/d722c32c-2f37-452b-a233-1e8c7ac51b66.jpg'><img loading=\"lazy\" decoding=\"async\" width=\"150\" height=\"150\" src=\"https:\/\/www.radiopiu.net\/wordpress\/wp-content\/uploads\/2023\/03\/d722c32c-2f37-452b-a233-1e8c7ac51b66-150x150.jpg\" class=\"attachment-thumbnail size-thumbnail\" alt=\"\" \/><\/a>\n\t\t\t\t<\/dt><\/dl><dl class='gallery-item'>\n\t\t\t\t<dt class='gallery-icon landscape'>\n\t\t\t\t\t<a class=\"rollover rollover-zoom dt-pswp-item\" title=\"4cdec827-441d-45a4-b28d-5d35524917fa\" data-dt-img-description=\"\" data-large_image_width=\"1600\" data-large_image_height=\"1196\"href='https:\/\/www.radiopiu.net\/wordpress\/wp-content\/uploads\/2023\/03\/4cdec827-441d-45a4-b28d-5d35524917fa.jpg'><img loading=\"lazy\" decoding=\"async\" width=\"150\" height=\"150\" src=\"https:\/\/www.radiopiu.net\/wordpress\/wp-content\/uploads\/2023\/03\/4cdec827-441d-45a4-b28d-5d35524917fa-150x150.jpg\" class=\"attachment-thumbnail size-thumbnail\" alt=\"\" \/><\/a>\n\t\t\t\t<\/dt><\/dl><br style=\"clear: both\" \/><dl class='gallery-item'>\n\t\t\t\t<dt class='gallery-icon landscape'>\n\t\t\t\t\t<a class=\"rollover rollover-zoom dt-pswp-item\" title=\"1ca7856b-7624-4ef0-b08b-c1f2187293d0\" data-dt-img-description=\"\" data-large_image_width=\"1600\" data-large_image_height=\"1196\"href='https:\/\/www.radiopiu.net\/wordpress\/wp-content\/uploads\/2023\/03\/1ca7856b-7624-4ef0-b08b-c1f2187293d0.jpg'><img loading=\"lazy\" decoding=\"async\" width=\"150\" height=\"150\" src=\"https:\/\/www.radiopiu.net\/wordpress\/wp-content\/uploads\/2023\/03\/1ca7856b-7624-4ef0-b08b-c1f2187293d0-150x150.jpg\" class=\"attachment-thumbnail size-thumbnail\" alt=\"\" \/><\/a>\n\t\t\t\t<\/dt><\/dl><dl class='gallery-item'>\n\t\t\t\t<dt class='gallery-icon landscape'>\n\t\t\t\t\t<a class=\"rollover rollover-zoom dt-pswp-item\" title=\"8279b052-fd22-43e8-aae3-b8b4aabb72b3\" data-dt-img-description=\"\" data-large_image_width=\"1600\" data-large_image_height=\"1196\"href='https:\/\/www.radiopiu.net\/wordpress\/wp-content\/uploads\/2023\/03\/8279b052-fd22-43e8-aae3-b8b4aabb72b3.jpg'><img loading=\"lazy\" decoding=\"async\" width=\"150\" height=\"150\" src=\"https:\/\/www.radiopiu.net\/wordpress\/wp-content\/uploads\/2023\/03\/8279b052-fd22-43e8-aae3-b8b4aabb72b3-150x150.jpg\" class=\"attachment-thumbnail size-thumbnail\" alt=\"\" \/><\/a>\n\t\t\t\t<\/dt><\/dl><dl class='gallery-item'>\n\t\t\t\t<dt class='gallery-icon landscape'>\n\t\t\t\t\t<a class=\"rollover rollover-zoom dt-pswp-item\" title=\"5d251934-3526-42db-9d91-253773d39ec6\" data-dt-img-description=\"\" data-large_image_width=\"1600\" data-large_image_height=\"1196\"href='https:\/\/www.radiopiu.net\/wordpress\/wp-content\/uploads\/2023\/03\/5d251934-3526-42db-9d91-253773d39ec6.jpg'><img loading=\"lazy\" decoding=\"async\" width=\"150\" height=\"150\" src=\"https:\/\/www.radiopiu.net\/wordpress\/wp-content\/uploads\/2023\/03\/5d251934-3526-42db-9d91-253773d39ec6-150x150.jpg\" class=\"attachment-thumbnail size-thumbnail\" alt=\"\" \/><\/a>\n\t\t\t\t<\/dt><\/dl><dl class='gallery-item'>\n\t\t\t\t<dt class='gallery-icon landscape'>\n\t\t\t\t\t<a class=\"rollover rollover-zoom dt-pswp-item\" title=\"15094994-1bcb-426c-aac2-80c3a4f73ac2\" data-dt-img-description=\"\" data-large_image_width=\"1600\" data-large_image_height=\"1196\"href='https:\/\/www.radiopiu.net\/wordpress\/wp-content\/uploads\/2023\/03\/15094994-1bcb-426c-aac2-80c3a4f73ac2.jpg'><img loading=\"lazy\" decoding=\"async\" width=\"150\" height=\"150\" src=\"https:\/\/www.radiopiu.net\/wordpress\/wp-content\/uploads\/2023\/03\/15094994-1bcb-426c-aac2-80c3a4f73ac2-150x150.jpg\" class=\"attachment-thumbnail size-thumbnail\" alt=\"\" \/><\/a>\n\t\t\t\t<\/dt><\/dl><dl class='gallery-item'>\n\t\t\t\t<dt class='gallery-icon landscape'>\n\t\t\t\t\t<a class=\"rollover rollover-zoom dt-pswp-item\" title=\"4642e73a-36c3-4b44-9cc6-89bf7e3c4272\" data-dt-img-description=\"\" data-large_image_width=\"1600\" data-large_image_height=\"1196\"href='https:\/\/www.radiopiu.net\/wordpress\/wp-content\/uploads\/2023\/03\/4642e73a-36c3-4b44-9cc6-89bf7e3c4272.jpg'><img loading=\"lazy\" decoding=\"async\" width=\"150\" height=\"150\" src=\"https:\/\/www.radiopiu.net\/wordpress\/wp-content\/uploads\/2023\/03\/4642e73a-36c3-4b44-9cc6-89bf7e3c4272-150x150.jpg\" class=\"attachment-thumbnail size-thumbnail\" alt=\"\" \/><\/a>\n\t\t\t\t<\/dt><\/dl><dl class='gallery-item'>\n\t\t\t\t<dt class='gallery-icon landscape'>\n\t\t\t\t\t<a class=\"rollover rollover-zoom dt-pswp-item\" title=\"73bdf308-d2cc-401e-aff7-9ef7d4e90e00\" data-dt-img-description=\"\" data-large_image_width=\"1600\" data-large_image_height=\"1196\"href='https:\/\/www.radiopiu.net\/wordpress\/wp-content\/uploads\/2023\/03\/73bdf308-d2cc-401e-aff7-9ef7d4e90e00.jpg'><img loading=\"lazy\" decoding=\"async\" width=\"150\" height=\"150\" src=\"https:\/\/www.radiopiu.net\/wordpress\/wp-content\/uploads\/2023\/03\/73bdf308-d2cc-401e-aff7-9ef7d4e90e00-150x150.jpg\" class=\"attachment-thumbnail size-thumbnail\" alt=\"\" \/><\/a>\n\t\t\t\t<\/dt><\/dl><br style=\"clear: both\" \/><dl class='gallery-item'>\n\t\t\t\t<dt class='gallery-icon landscape'>\n\t\t\t\t\t<a class=\"rollover rollover-zoom dt-pswp-item\" title=\"ed36d9a2-2247-4764-881e-f3141bc8555d\" data-dt-img-description=\"\" data-large_image_width=\"1600\" data-large_image_height=\"1196\"href='https:\/\/www.radiopiu.net\/wordpress\/wp-content\/uploads\/2023\/03\/ed36d9a2-2247-4764-881e-f3141bc8555d.jpg'><img loading=\"lazy\" decoding=\"async\" width=\"150\" height=\"150\" src=\"https:\/\/www.radiopiu.net\/wordpress\/wp-content\/uploads\/2023\/03\/ed36d9a2-2247-4764-881e-f3141bc8555d-150x150.jpg\" class=\"attachment-thumbnail size-thumbnail\" alt=\"\" \/><\/a>\n\t\t\t\t<\/dt><\/dl>\n\t\t\t\t<br style='clear: both' \/>\n\t\t\t<\/div>\n\n<p>IL TESTAMENTO<\/p>\n<a href=\"https:\/\/www.radiopiu.net\/wordpress\/wp-content\/uploads\/2023\/03\/Testament-Vecia-Popa.pdf\" class=\"pdfemb-viewer\" style=\"\" data-width=\"max\" data-height=\"max\" data-toolbar=\"top\" data-toolbar-fixed=\"on\">Testament Vecia Popa<\/a>\n<p>&nbsp;<\/p>\n<p>&nbsp;<\/p>\n<p>&nbsp;<\/p>\n<hr \/>\n<p>&nbsp;<\/p>\n<blockquote>\n<h3>TRICHIANA&#8230; VINCE BRUSA LA VECIA 2023, organizzazione perfetta con la Proloco di Trichiana<\/h3>\n<\/blockquote>\n<p><a class=\"dt-pswp-item\" href=\"https:\/\/www.radiopiu.net\/wordpress\/wp-content\/uploads\/2023\/03\/Senza-nome-65.jpg\" data-dt-img-description=\"\" data-large_image_width=\"533\" data-large_image_height=\"290\"><img loading=\"lazy\" decoding=\"async\" class=\"size-medium wp-image-327383 aligncenter\" src=\"https:\/\/www.radiopiu.net\/wordpress\/wp-content\/uploads\/2023\/03\/Senza-nome-65-300x163.jpg\" alt=\"\" width=\"300\" height=\"163\" srcset=\"https:\/\/www.radiopiu.net\/wordpress\/wp-content\/uploads\/2023\/03\/Senza-nome-65-300x163.jpg 300w, https:\/\/www.radiopiu.net\/wordpress\/wp-content\/uploads\/2023\/03\/Senza-nome-65.jpg 533w\" sizes=\"auto, (max-width: 300px) 100vw, 300px\" \/><\/a><\/p>\n<p>Tredici anni dopo Trichiana centro\u00a0 alzato di nuovo la coppa d&#8217;oro del &#8220;Brusa la vecia&#8221;. Uno scarto minimo con gli altri concorrenti delle frazioni di Morgan, Sant&#8217;Antonio Tortal e Carfagnoi. Trichiana ha convinto la giuria: un invito ad abbandonare pregiudizi e stereotipi, a dimenticarsi le malelingue. Eccellenti anche gli altri partecipanti; la giuria dei dieci (il sindaco Stefano Cesa, Edoardo Comiotto, Mario e Bruno, Micaela Bordignon, Mirko Mezzacasa, Enrica Tonet, Marco Crepaz, Federico Brancaleone, Nicola Maccagnan) ha <span style=\"color: #ff0000;\"><strong><a class=\"dt-pswp-item\" href=\"https:\/\/www.radiopiu.net\/wordpress\/wp-content\/uploads\/2023\/03\/336673367_1723076154774592_6371566879069755914_n.jpg\" data-dt-img-description=\"\" data-large_image_width=\"275\" data-large_image_height=\"288\"><img loading=\"lazy\" decoding=\"async\" class=\"size-full wp-image-327387 alignright\" src=\"https:\/\/www.radiopiu.net\/wordpress\/wp-content\/uploads\/2023\/03\/336673367_1723076154774592_6371566879069755914_n.jpg\" alt=\"\" width=\"275\" height=\"288\" \/><\/a><\/strong><\/span>avuto il suo bel da fare per decidere: Morgan ha scelto la Gina, la &#8220;vecia&#8221; cannone in una posa davvero insolita e con un testamento mordace improntato al locale. Le fiamme non hanno risparmiato nemmeno la devota Speranza di Sant&#8217;Antonio, col rosario in mano e un testamento con confronti tra passato e presente e un bel messaggio di fiducia nei giovani. Infine, la divertente goliardia di Carfagnoi con la Liza, bruciata sull&#8217;altare perfino col suo uomo. Premiate anche le vetrine infuocate: prima la coop La Fiorita; seconda\u00a0 Tess\u00a0 e terza &#8220;fashion&#8221; di Salone Vanit\u00e0.<\/p>\n<p><strong>I TESTAMENTI\u00a0<\/strong><\/p>\n<a href=\"https:\/\/www.radiopiu.net\/wordpress\/wp-content\/uploads\/2023\/03\/Proloco-Trichiana-testamenti-brusa-la-vecia-3-23_23X0404-1.pdf\" class=\"pdfemb-viewer\" style=\"\" data-width=\"max\" data-height=\"max\" data-toolbar=\"top\" data-toolbar-fixed=\"on\">Proloco Trichiana testamenti brusa la vecia 3-23_23X0404 (1)<\/a>\n<p>SULLA PAGINA FACEBOOK\u00a0 LE DIRETTE\u00a0<span style=\"color: #ff0000;\"><strong>\u00a0<\/strong><\/span><\/p>\n<p>&nbsp;<\/p>\n<hr \/>\n<p>&nbsp;<\/p>\n<blockquote>\n<h3>RICORDANDO I MARANGONI E LE ANTICHE ARTI<\/h3>\n<\/blockquote>\n<p><strong><a class=\"dt-pswp-item\" href=\"https:\/\/www.radiopiu.net\/wordpress\/wp-content\/uploads\/2023\/03\/Esposizione-disegni.jpeg\" data-dt-img-description=\"\" data-large_image_width=\"2048\" data-large_image_height=\"1536\"><img loading=\"lazy\" decoding=\"async\" class=\" wp-image-327337 alignleft\" src=\"https:\/\/www.radiopiu.net\/wordpress\/wp-content\/uploads\/2023\/03\/Esposizione-disegni-300x225.jpeg\" alt=\"\" width=\"132\" height=\"99\" srcset=\"https:\/\/www.radiopiu.net\/wordpress\/wp-content\/uploads\/2023\/03\/Esposizione-disegni-300x225.jpeg 300w, https:\/\/www.radiopiu.net\/wordpress\/wp-content\/uploads\/2023\/03\/Esposizione-disegni-1024x768.jpeg 1024w, https:\/\/www.radiopiu.net\/wordpress\/wp-content\/uploads\/2023\/03\/Esposizione-disegni-768x576.jpeg 768w, https:\/\/www.radiopiu.net\/wordpress\/wp-content\/uploads\/2023\/03\/Esposizione-disegni-1536x1152.jpeg 1536w, https:\/\/www.radiopiu.net\/wordpress\/wp-content\/uploads\/2023\/03\/Esposizione-disegni.jpeg 2048w\" sizes=\"auto, (max-width: 132px) 100vw, 132px\" \/><\/a>BELLUNO <\/strong>\u201cRicordando i Marangoni e le antiche arti\u201d, buona la prima. Successo a Borgo Pr\u00e0, ieri, per la prima edizione della manifestazione che punta a riportare in auge l\u2019evento tradizionale, non pi\u00f9 organizzato da molti anni, dedicato al piccolo borgo sull\u2019Ardo e ai suoi vecchi mestieri. Un ricco calendario di appuntamenti e proposte ha attirato centinaia di visitatori fin dal mattino, bambini, famiglie e anziani che si sono sparpagliati nella piccola frazione per osservare gli artigiani al lavoro, visitare la mostra di fotografie antiche, ammirare le auto d\u2019epoca e disegnare.<\/p>\n<p><strong>L&#8217;ASSESSORE ALLO SPORT DEL COMUNE DI BELLUNO MONICA MAZZOCCOLI<\/strong><\/p>\n<p><iframe loading=\"lazy\" title=\"Ricordando i Marangoni - Assessore Monica Mazzoccoli\" width=\"1200\" height=\"675\" src=\"https:\/\/www.youtube.com\/embed\/xF5xNJVlou0?feature=oembed\" frameborder=\"0\" allow=\"accelerometer; autoplay; clipboard-write; encrypted-media; gyroscope; picture-in-picture; web-share\" allowfullscreen><\/iframe><\/p>\n<p>&nbsp;<\/p>\n<hr \/>\n<p>&nbsp;<\/p>\n<p><strong>DI TIZIANO DE COL<\/strong><\/p>\n\n\t\t\t<style type='text\/css'>\n\t\t\t\t#gallery-4 {\n\t\t\t\t\tmargin: auto;\n\t\t\t\t}\n\t\t\t\t#gallery-4 .gallery-item {\n\t\t\t\t\tfloat: left;\n\t\t\t\t\tmargin-top: 10px;\n\t\t\t\t\ttext-align: center;\n\t\t\t\t\twidth: 20%;\n\t\t\t\t}\n\t\t\t\t#gallery-4 img {\n\t\t\t\t\tborder: 2px solid #cfcfcf;\n\t\t\t\t}\n\t\t\t\t#gallery-4 .gallery-caption {\n\t\t\t\t\tmargin-left: 0;\n\t\t\t\t}\n\t\t\t\t\/* see gallery_shortcode() in wp-includes\/media.php *\/\n\t\t\t<\/style>\n\t\t<div id='gallery-4' class='dt-gallery-container gallery galleryid-327131 gallery-columns-5 gallery-size-medium'><dl class='gallery-item'>\n\t\t\t\t<dt class='gallery-icon landscape'>\n\t\t\t\t\t<a class=\"rollover rollover-zoom dt-pswp-item\" title=\"893ec1b3-6281-40f9-88a9-dd79b6c74a60\" data-dt-img-description=\"\" data-large_image_width=\"601\" data-large_image_height=\"357\"href='https:\/\/www.radiopiu.net\/wordpress\/wp-content\/uploads\/2023\/03\/893ec1b3-6281-40f9-88a9-dd79b6c74a60.jpg'><img loading=\"lazy\" decoding=\"async\" width=\"300\" height=\"178\" src=\"https:\/\/www.radiopiu.net\/wordpress\/wp-content\/uploads\/2023\/03\/893ec1b3-6281-40f9-88a9-dd79b6c74a60-300x178.jpg\" class=\"attachment-medium size-medium\" alt=\"\" srcset=\"https:\/\/www.radiopiu.net\/wordpress\/wp-content\/uploads\/2023\/03\/893ec1b3-6281-40f9-88a9-dd79b6c74a60-300x178.jpg 300w, https:\/\/www.radiopiu.net\/wordpress\/wp-content\/uploads\/2023\/03\/893ec1b3-6281-40f9-88a9-dd79b6c74a60.jpg 601w\" sizes=\"auto, (max-width: 300px) 100vw, 300px\" \/><\/a>\n\t\t\t\t<\/dt><\/dl><dl class='gallery-item'>\n\t\t\t\t<dt class='gallery-icon landscape'>\n\t\t\t\t\t<a class=\"rollover rollover-zoom dt-pswp-item\" title=\"b97fc79f-6fe5-4543-a68b-92ec2d4acfb3\" data-dt-img-description=\"\" data-large_image_width=\"610\" data-large_image_height=\"355\"href='https:\/\/www.radiopiu.net\/wordpress\/wp-content\/uploads\/2023\/03\/b97fc79f-6fe5-4543-a68b-92ec2d4acfb3.jpg'><img loading=\"lazy\" decoding=\"async\" width=\"300\" height=\"175\" src=\"https:\/\/www.radiopiu.net\/wordpress\/wp-content\/uploads\/2023\/03\/b97fc79f-6fe5-4543-a68b-92ec2d4acfb3-300x175.jpg\" class=\"attachment-medium size-medium\" alt=\"\" srcset=\"https:\/\/www.radiopiu.net\/wordpress\/wp-content\/uploads\/2023\/03\/b97fc79f-6fe5-4543-a68b-92ec2d4acfb3-300x175.jpg 300w, https:\/\/www.radiopiu.net\/wordpress\/wp-content\/uploads\/2023\/03\/b97fc79f-6fe5-4543-a68b-92ec2d4acfb3.jpg 610w\" sizes=\"auto, (max-width: 300px) 100vw, 300px\" \/><\/a>\n\t\t\t\t<\/dt><\/dl><dl class='gallery-item'>\n\t\t\t\t<dt class='gallery-icon landscape'>\n\t\t\t\t\t<a class=\"rollover rollover-zoom dt-pswp-item\" title=\"0c97bf89-3de2-447d-9a78-3c4004716957\" data-dt-img-description=\"\" data-large_image_width=\"600\" data-large_image_height=\"358\"href='https:\/\/www.radiopiu.net\/wordpress\/wp-content\/uploads\/2023\/03\/0c97bf89-3de2-447d-9a78-3c4004716957.jpg'><img loading=\"lazy\" decoding=\"async\" width=\"300\" height=\"179\" src=\"https:\/\/www.radiopiu.net\/wordpress\/wp-content\/uploads\/2023\/03\/0c97bf89-3de2-447d-9a78-3c4004716957-300x179.jpg\" class=\"attachment-medium size-medium\" alt=\"\" srcset=\"https:\/\/www.radiopiu.net\/wordpress\/wp-content\/uploads\/2023\/03\/0c97bf89-3de2-447d-9a78-3c4004716957-300x179.jpg 300w, https:\/\/www.radiopiu.net\/wordpress\/wp-content\/uploads\/2023\/03\/0c97bf89-3de2-447d-9a78-3c4004716957.jpg 600w\" sizes=\"auto, (max-width: 300px) 100vw, 300px\" \/><\/a>\n\t\t\t\t<\/dt><\/dl><dl class='gallery-item'>\n\t\t\t\t<dt class='gallery-icon landscape'>\n\t\t\t\t\t<a class=\"rollover rollover-zoom dt-pswp-item\" title=\"58bf0566-6810-4cad-81bf-2992057a9f98\" data-dt-img-description=\"\" data-large_image_width=\"584\" data-large_image_height=\"348\"href='https:\/\/www.radiopiu.net\/wordpress\/wp-content\/uploads\/2023\/03\/58bf0566-6810-4cad-81bf-2992057a9f98.jpg'><img loading=\"lazy\" decoding=\"async\" width=\"300\" height=\"179\" src=\"https:\/\/www.radiopiu.net\/wordpress\/wp-content\/uploads\/2023\/03\/58bf0566-6810-4cad-81bf-2992057a9f98-300x179.jpg\" class=\"attachment-medium size-medium\" alt=\"\" srcset=\"https:\/\/www.radiopiu.net\/wordpress\/wp-content\/uploads\/2023\/03\/58bf0566-6810-4cad-81bf-2992057a9f98-300x179.jpg 300w, https:\/\/www.radiopiu.net\/wordpress\/wp-content\/uploads\/2023\/03\/58bf0566-6810-4cad-81bf-2992057a9f98.jpg 584w\" sizes=\"auto, (max-width: 300px) 100vw, 300px\" \/><\/a>\n\t\t\t\t<\/dt><\/dl><dl class='gallery-item'>\n\t\t\t\t<dt class='gallery-icon landscape'>\n\t\t\t\t\t<a class=\"rollover rollover-zoom dt-pswp-item\" title=\"9325e2ed-c889-4d63-b845-13d3ff8ae22c\" data-dt-img-description=\"\" data-large_image_width=\"596\" data-large_image_height=\"343\"href='https:\/\/www.radiopiu.net\/wordpress\/wp-content\/uploads\/2023\/03\/9325e2ed-c889-4d63-b845-13d3ff8ae22c.jpg'><img loading=\"lazy\" decoding=\"async\" width=\"300\" height=\"173\" src=\"https:\/\/www.radiopiu.net\/wordpress\/wp-content\/uploads\/2023\/03\/9325e2ed-c889-4d63-b845-13d3ff8ae22c-300x173.jpg\" class=\"attachment-medium size-medium\" alt=\"\" srcset=\"https:\/\/www.radiopiu.net\/wordpress\/wp-content\/uploads\/2023\/03\/9325e2ed-c889-4d63-b845-13d3ff8ae22c-300x173.jpg 300w, https:\/\/www.radiopiu.net\/wordpress\/wp-content\/uploads\/2023\/03\/9325e2ed-c889-4d63-b845-13d3ff8ae22c.jpg 596w\" sizes=\"auto, (max-width: 300px) 100vw, 300px\" \/><\/a>\n\t\t\t\t<\/dt><\/dl><br style=\"clear: both\" \/>\n\t\t\t<\/div>\n\n<p>&nbsp;<\/p>\n<hr \/>\n<p>&nbsp;<\/p>\n<blockquote>\n<h3>UNA MATTINATA DI SESIBILIZZAZIONE CON L&#8217;ULSS 1 DOLOMITI<\/h3>\n<\/blockquote>\n<p><strong>BELLUNO <\/strong>Mattina di sensibilizzazione molto partecipata sabato in Ulss Dolomiti. Gli open day sui disturbi del comportamento alimentare, organizzati a Belluno e Feltre, in collaborazione con l\u2019Associazione Margherita hanno avuto un ottimo riscontro di partecipazione tanto che gli operatori si sono fermati anche dopo l\u2019orario previsto per dare risposte alle tante famiglie che hanno chiesto informazioni e consigli su un tema evidentemente molto sentite. Anche due scuole hanno partecipato all\u2019iniziativa. L\u2019incontro sul glaucoma, organizzato in occasione della settimana mondiale del Glaucoma, nell\u2019ambito della campagna di prevenzione organizzata dall\u2019Agenzia Internazionale Prevenzione della Cecit\u00e0 e in collaborazione con l\u2019Unione Italiana dei Ciechi e Ipovedenti di Belluno (UICI), ha visto una nutrita partecipazione nella sala riunioni del San Martino dove l\u2019\u00e9quipe medica della UOC Oculistica di Belluno, diretta da Luigina Tollot, e gli specialisti ambulatoriali hanno parlato di cos\u2019\u00e8 il glaucoma e come si previene, degli esami fondamentali nell\u2019inquadramento della patologia e dell\u2019approccio terapeutico. Infine, in una piazza dei Martiri splendente e piena di persone, l\u2019iniziativa INCONTriamoci in camper \u2013 incontinenza e stomia organizzato dall\u2019Ulss Dolomiti, A.I.S.VE (Associazione Incontinenti e Stomizzati del Veneto) e A.I.S. Belluno, ha riscosso molto successo. Il dr Marcello Repele , direttore della urologia di Belluno, e la sua equipe, con i volontari delle associazioni, hanno incontrato numerosi cittadini per consulenze sul tema, anche con colloqui riservati.<\/p>\n\n\t\t\t<style type='text\/css'>\n\t\t\t\t#gallery-5 {\n\t\t\t\t\tmargin: auto;\n\t\t\t\t}\n\t\t\t\t#gallery-5 .gallery-item {\n\t\t\t\t\tfloat: left;\n\t\t\t\t\tmargin-top: 10px;\n\t\t\t\t\ttext-align: center;\n\t\t\t\t\twidth: 20%;\n\t\t\t\t}\n\t\t\t\t#gallery-5 img {\n\t\t\t\t\tborder: 2px solid #cfcfcf;\n\t\t\t\t}\n\t\t\t\t#gallery-5 .gallery-caption {\n\t\t\t\t\tmargin-left: 0;\n\t\t\t\t}\n\t\t\t\t\/* see gallery_shortcode() in wp-includes\/media.php *\/\n\t\t\t<\/style>\n\t\t<div id='gallery-5' class='dt-gallery-container gallery galleryid-327131 gallery-columns-5 gallery-size-thumbnail'><dl class='gallery-item'>\n\t\t\t\t<dt class='gallery-icon landscape'>\n\t\t\t\t\t<a class=\"rollover rollover-zoom dt-pswp-item\" title=\"dca belluno\" data-dt-img-description=\"\" data-large_image_width=\"1496\" data-large_image_height=\"1496\"href='https:\/\/www.radiopiu.net\/wordpress\/wp-content\/uploads\/2023\/03\/dca-belluno.jpeg'><img loading=\"lazy\" decoding=\"async\" width=\"150\" height=\"150\" src=\"https:\/\/www.radiopiu.net\/wordpress\/wp-content\/uploads\/2023\/03\/dca-belluno-150x150.jpeg\" class=\"attachment-thumbnail size-thumbnail\" alt=\"\" srcset=\"https:\/\/www.radiopiu.net\/wordpress\/wp-content\/uploads\/2023\/03\/dca-belluno-150x150.jpeg 150w, https:\/\/www.radiopiu.net\/wordpress\/wp-content\/uploads\/2023\/03\/dca-belluno-300x300.jpeg 300w, https:\/\/www.radiopiu.net\/wordpress\/wp-content\/uploads\/2023\/03\/dca-belluno-1024x1024.jpeg 1024w, https:\/\/www.radiopiu.net\/wordpress\/wp-content\/uploads\/2023\/03\/dca-belluno-768x768.jpeg 768w, https:\/\/www.radiopiu.net\/wordpress\/wp-content\/uploads\/2023\/03\/dca-belluno.jpeg 1496w\" sizes=\"auto, (max-width: 150px) 100vw, 150px\" \/><\/a>\n\t\t\t\t<\/dt><\/dl><dl class='gallery-item'>\n\t\t\t\t<dt class='gallery-icon landscape'>\n\t\t\t\t\t<a class=\"rollover rollover-zoom dt-pswp-item\" title=\"glaucoma\" data-dt-img-description=\"\" data-large_image_width=\"1496\" data-large_image_height=\"1496\"href='https:\/\/www.radiopiu.net\/wordpress\/wp-content\/uploads\/2023\/03\/glaucoma.jpeg'><img loading=\"lazy\" decoding=\"async\" width=\"150\" height=\"150\" src=\"https:\/\/www.radiopiu.net\/wordpress\/wp-content\/uploads\/2023\/03\/glaucoma-150x150.jpeg\" class=\"attachment-thumbnail size-thumbnail\" alt=\"\" srcset=\"https:\/\/www.radiopiu.net\/wordpress\/wp-content\/uploads\/2023\/03\/glaucoma-150x150.jpeg 150w, https:\/\/www.radiopiu.net\/wordpress\/wp-content\/uploads\/2023\/03\/glaucoma-300x300.jpeg 300w, https:\/\/www.radiopiu.net\/wordpress\/wp-content\/uploads\/2023\/03\/glaucoma-1024x1024.jpeg 1024w, https:\/\/www.radiopiu.net\/wordpress\/wp-content\/uploads\/2023\/03\/glaucoma-768x768.jpeg 768w, https:\/\/www.radiopiu.net\/wordpress\/wp-content\/uploads\/2023\/03\/glaucoma.jpeg 1496w\" sizes=\"auto, (max-width: 150px) 100vw, 150px\" \/><\/a>\n\t\t\t\t<\/dt><\/dl><dl class='gallery-item'>\n\t\t\t\t<dt class='gallery-icon landscape'>\n\t\t\t\t\t<a class=\"rollover rollover-zoom dt-pswp-item\" title=\"camper\" data-dt-img-description=\"\" data-large_image_width=\"1496\" data-large_image_height=\"1496\"href='https:\/\/www.radiopiu.net\/wordpress\/wp-content\/uploads\/2023\/03\/camper.jpeg'><img loading=\"lazy\" decoding=\"async\" width=\"150\" height=\"150\" src=\"https:\/\/www.radiopiu.net\/wordpress\/wp-content\/uploads\/2023\/03\/camper-150x150.jpeg\" class=\"attachment-thumbnail size-thumbnail\" alt=\"\" srcset=\"https:\/\/www.radiopiu.net\/wordpress\/wp-content\/uploads\/2023\/03\/camper-150x150.jpeg 150w, https:\/\/www.radiopiu.net\/wordpress\/wp-content\/uploads\/2023\/03\/camper-300x300.jpeg 300w, https:\/\/www.radiopiu.net\/wordpress\/wp-content\/uploads\/2023\/03\/camper-1024x1024.jpeg 1024w, https:\/\/www.radiopiu.net\/wordpress\/wp-content\/uploads\/2023\/03\/camper-768x768.jpeg 768w, https:\/\/www.radiopiu.net\/wordpress\/wp-content\/uploads\/2023\/03\/camper.jpeg 1496w\" sizes=\"auto, (max-width: 150px) 100vw, 150px\" \/><\/a>\n\t\t\t\t<\/dt><\/dl><dl class='gallery-item'>\n\t\t\t\t<dt class='gallery-icon portrait'>\n\t\t\t\t\t<a class=\"rollover rollover-zoom dt-pswp-item\" title=\"camper 2\" data-dt-img-description=\"\" data-large_image_width=\"739\" data-large_image_height=\"1600\"href='https:\/\/www.radiopiu.net\/wordpress\/wp-content\/uploads\/2023\/03\/camper-2.jpeg'><img loading=\"lazy\" decoding=\"async\" width=\"150\" height=\"150\" src=\"https:\/\/www.radiopiu.net\/wordpress\/wp-content\/uploads\/2023\/03\/camper-2-150x150.jpeg\" class=\"attachment-thumbnail size-thumbnail\" alt=\"\" \/><\/a>\n\t\t\t\t<\/dt><\/dl><dl class='gallery-item'>\n\t\t\t\t<dt class='gallery-icon landscape'>\n\t\t\t\t\t<a class=\"rollover rollover-zoom dt-pswp-item\" title=\"dca Feltre\" data-dt-img-description=\"\" data-large_image_width=\"1496\" data-large_image_height=\"1496\"href='https:\/\/www.radiopiu.net\/wordpress\/wp-content\/uploads\/2023\/03\/dca-Feltre.jpeg'><img loading=\"lazy\" decoding=\"async\" width=\"150\" height=\"150\" src=\"https:\/\/www.radiopiu.net\/wordpress\/wp-content\/uploads\/2023\/03\/dca-Feltre-150x150.jpeg\" class=\"attachment-thumbnail size-thumbnail\" alt=\"\" srcset=\"https:\/\/www.radiopiu.net\/wordpress\/wp-content\/uploads\/2023\/03\/dca-Feltre-150x150.jpeg 150w, https:\/\/www.radiopiu.net\/wordpress\/wp-content\/uploads\/2023\/03\/dca-Feltre-300x300.jpeg 300w, https:\/\/www.radiopiu.net\/wordpress\/wp-content\/uploads\/2023\/03\/dca-Feltre-1024x1024.jpeg 1024w, https:\/\/www.radiopiu.net\/wordpress\/wp-content\/uploads\/2023\/03\/dca-Feltre-768x768.jpeg 768w, https:\/\/www.radiopiu.net\/wordpress\/wp-content\/uploads\/2023\/03\/dca-Feltre.jpeg 1496w\" sizes=\"auto, (max-width: 150px) 100vw, 150px\" \/><\/a>\n\t\t\t\t<\/dt><\/dl><br style=\"clear: both\" \/>\n\t\t\t<\/div>\n\n<p>&nbsp;<\/p>\n<hr \/>\n<p>&nbsp;<\/p>\n<blockquote>\n<h3>CASA DI COMUNITA&#8217; E NUOVO CENTRO PRELIEVI DI BELLUNO: APPROVATO IL PROGETTO ESECUTIVO E AFFIDATI I LAVORI<\/h3>\n<\/blockquote>\n<p><strong><a class=\"dt-pswp-item\" href=\"https:\/\/www.radiopiu.net\/wordpress\/wp-content\/uploads\/2021\/03\/ULSS-1.jpg\" data-dt-img-description=\"\" data-large_image_width=\"776\" data-large_image_height=\"408\"><img loading=\"lazy\" decoding=\"async\" class=\" wp-image-198838 alignleft\" src=\"https:\/\/www.radiopiu.net\/wordpress\/wp-content\/uploads\/2021\/03\/ULSS-1-300x158.jpg\" alt=\"\" width=\"205\" height=\"108\" srcset=\"https:\/\/www.radiopiu.net\/wordpress\/wp-content\/uploads\/2021\/03\/ULSS-1-300x158.jpg 300w, https:\/\/www.radiopiu.net\/wordpress\/wp-content\/uploads\/2021\/03\/ULSS-1-768x404.jpg 768w, https:\/\/www.radiopiu.net\/wordpress\/wp-content\/uploads\/2021\/03\/ULSS-1.jpg 776w\" sizes=\"auto, (max-width: 205px) 100vw, 205px\" \/><\/a>BELLUNO <\/strong>Sono stati affidati i lavori per la realizzazione della Casa di Comunit\u00e0 di Belluno e del nuovo centro prelievi di Belluno. La nuova Casa di Comunit\u00e0 a Belluno sar\u00e0 realizzata all\u2019interno dell\u2019esistente Presidio Ospedaliero, presso l\u2019\u201cEx Convento Cistercense dei Santi Gervasio e Protasio\u201d, mediante la ristrutturazione di parte del complesso monastico esistente di propriet\u00e0 dell\u2019Azienda ULSS 1 Dolomiti e la costruzione di un nuovo moderno volume che sostituir\u00e0 l\u2019attuale edificio costruito negli anni \u201970, dove trover\u00e0 spazio, al piano terra, il nuovo centro prelievi. Il progetto esecutivo approvato \u00e8 stato realizzato dallo studio Striolo Fochesato &amp; partner, a cui \u00e8 stata affidata la direzione lavori. L\u2019intervento comporta inoltre il miglioramento sismico dell\u2019edificio esistente, attraverso una serie di interventi coordinati sulle fondazioni, sulle elevazioni e sulla copertura, in modo da garantire il rispetto delle vigenti normative. Per la nuova edificazione si seguiranno le moderne tecniche per la realizzazione di edifici antisismici. Verranno completamente rifatti gli impianti meccanici, elettrici e speciali. Al piano terra saranno realizzati, oltre ad una zona dedicata all\u2019ingresso e destinata anche al Punto Unico di Accesso e agli spogliatoi del personale, due aree funzionali principali, tra loro indipendenti, connesse a partire dall\u2019atrio d\u2019ingresso, il Centro prelievi e l&#8217;area dell\u2019ADI (Assistenza Domiciliare Integrata) e dell&#8217;UCA (Unit\u00e0 di Continuit\u00e0 Assistenziale). Al piano terra saranno disponibili, inoltre, aree di attesa per i visitatori, servizi igienici per il personale e gli utenti, locali tecnici (quadri elettrici, dati). Al primo piano troveranno posto tre zone funzionali distinte: una dedicata ai servizi cronici, una ai servizi territoriali per l\u2019area materno-infantile e una per le assistenti sociali e altri servizi territoriali. Infine, sar\u00e0 riorganizzata anche la viabilit\u00e0 esterna e dell\u2019area di sosta. L\u2019esecuzione dei lavori, in adesione all\u2019accordo quadro in corso di stipula da parte di Azienda Zero, \u00e8 stata affidata al Consorzio Ciro Menotti di Ravenna per un importo dei lavori pari a circa 4 milioni di euro. I lavori sono finanziati tramite 1,5 milioni dal PNRR, 2 milioni di FSR oltre che fondi aziendali e regionali.<\/p>\n<p>&nbsp;<\/p>\n<p>&nbsp;<\/p>\n<hr \/>\n<p>&nbsp;<\/p>\n<blockquote>\n<h3>NUOVA GAMMA CAMERA CON TAC A BELLUNO: AFFIDATI I LAVORI<\/h3>\n<\/blockquote>\n<p><strong>BELLUNO <\/strong>Procede rapidamente l\u2019iter per la realizzazione dei lavori di ristrutturazione e adeguamento normativo del locale attuale a servizio della gamma camera del reparto di Medicina nucleare dell&#8217;Ospedale &#8220;San Martino&#8221; di Belluno per l&#8217;installazione di una nuova gamma camera con TAC acquisita con fondi PNRR. Dopo l\u2019approvazione del progetto esecutivo la scorsa settimana, questa settimana, tramite adesione all\u2019Accordo Quadro incorso di stipula da parte di Azienda Zero, sono stati affidati i lavori al Consorzio Ciro Menotti di Ravenna per un importo dei circa 128 mila euro.<\/p>\n<p>&nbsp;<\/p>\n<p>&nbsp;<\/p>\n<hr \/>\n<p>&nbsp;<\/p>\n<blockquote>\n<h3>INAUGURATA A LONGARONE LA 42ESIMA AGRIMONT<\/h3>\n<\/blockquote>\n<p><strong><a class=\"dt-pswp-item\" href=\"https:\/\/www.radiopiu.net\/wordpress\/wp-content\/uploads\/2023\/03\/Taglio-del-nastro.jpg\" data-dt-img-description=\"\" data-large_image_width=\"1280\" data-large_image_height=\"855\"><img loading=\"lazy\" decoding=\"async\" class=\" wp-image-327167 alignleft\" src=\"https:\/\/www.radiopiu.net\/wordpress\/wp-content\/uploads\/2023\/03\/Taglio-del-nastro-300x200.jpg\" alt=\"\" width=\"192\" height=\"128\" srcset=\"https:\/\/www.radiopiu.net\/wordpress\/wp-content\/uploads\/2023\/03\/Taglio-del-nastro-300x200.jpg 300w, https:\/\/www.radiopiu.net\/wordpress\/wp-content\/uploads\/2023\/03\/Taglio-del-nastro-1024x684.jpg 1024w, https:\/\/www.radiopiu.net\/wordpress\/wp-content\/uploads\/2023\/03\/Taglio-del-nastro-768x513.jpg 768w, https:\/\/www.radiopiu.net\/wordpress\/wp-content\/uploads\/2023\/03\/Taglio-del-nastro.jpg 1280w\" sizes=\"auto, (max-width: 192px) 100vw, 192px\" \/><\/a>LONGARONE<\/strong> Sostenibilit\u00e0, identit\u00e0, eroismo. Ma anche tutela del territorio. Sono questi i caratteri fondanti dell\u2019agricoltura di montagna che si mostra a Longarone Fiere Dolomiti questo e il prossimo fine settimana. Aperta ufficialmente oggi la 42. Agrimont, nel segno di un settore &#8211; il primario &#8211; che oggi pi\u00f9 che mai \u00e8 fatto di innovazione. E che in quota rappresenta un presidio eccezionale delle \u201cterre alte\u201d, fatto talvolta di eroismo, alleato indispensabile contro la pendenza e la fragilit\u00e0. \u00abAgrimont \u00e8 la fiera dell\u2019agricoltura non solo montana, ma in pendenza\u00bb ha detto al taglio del nastro il presidente di Longarone Fiere Dolomiti, Michele Dal Farra. \u00ab\u00c8 l\u2019emblema di ci\u00f2 che vogliamo costruire in questo spazio fieristico, manifestazioni ancorate alla realt\u00e0 del territorio veneto, ma anche vetrina per l\u2019innovazione e per i prodotti, e formazione. Questa edizione di Agrimont propone una ventina di eventi, convegni specializzati che aggiornano la filiera del primario, e altri momenti di approfondimento\u00bb. I primi sono andati in scena gi\u00e0 prima dell\u2019inaugurazione, con un convegno sul Psr Montagna, organizzato dalle associazioni di categoria agricole. Altri saranno proposti nel corso delle cinque giornate di Agrimont (18-19 e 24-25-26 marzo). Dopo il taglio del nastro Agrimont ha mostrato concretamente i prodotti di eccellenza del territorio e li ha fatti anche assaggiare, nel rinfresco curato da Confcooperative Belluno Treviso, che ha proposto un assaggio di formaggi.<\/p>\n<p>&nbsp;<\/p>\n<blockquote>\n<h3><a class=\"dt-pswp-item\" href=\"https:\/\/www.radiopiu.net\/wordpress\/wp-content\/uploads\/2023\/03\/Biglietteria-domenica-19-pomeriggio.jpg\" data-dt-img-description=\"\" data-large_image_width=\"2000\" data-large_image_height=\"1175\"><img loading=\"lazy\" decoding=\"async\" class=\" wp-image-327351 alignleft\" src=\"https:\/\/www.radiopiu.net\/wordpress\/wp-content\/uploads\/2023\/03\/Biglietteria-domenica-19-pomeriggio-300x176.jpg\" alt=\"\" width=\"225\" height=\"132\" srcset=\"https:\/\/www.radiopiu.net\/wordpress\/wp-content\/uploads\/2023\/03\/Biglietteria-domenica-19-pomeriggio-300x176.jpg 300w, https:\/\/www.radiopiu.net\/wordpress\/wp-content\/uploads\/2023\/03\/Biglietteria-domenica-19-pomeriggio-1024x602.jpg 1024w, https:\/\/www.radiopiu.net\/wordpress\/wp-content\/uploads\/2023\/03\/Biglietteria-domenica-19-pomeriggio-768x451.jpg 768w, https:\/\/www.radiopiu.net\/wordpress\/wp-content\/uploads\/2023\/03\/Biglietteria-domenica-19-pomeriggio-1536x902.jpg 1536w, https:\/\/www.radiopiu.net\/wordpress\/wp-content\/uploads\/2023\/03\/Biglietteria-domenica-19-pomeriggio.jpg 2000w\" sizes=\"auto, (max-width: 225px) 100vw, 225px\" \/><\/a>QUASI 10 MILA PERSONE NEL PRIMO FINE SETTIMANA DI AGRIMONT<\/h3>\n<\/blockquote>\n<p><strong>LONGARONE <\/strong>Code all\u2019ingresso la mattina. Bis al pomeriggio. Agrimont &#8211; la fiera dell\u2019agricoltura in pendenza &#8211; fa il pieno di visitatori. E nel primo weekend di apertura registra quasi 10mila presenze, numeri superiori al pre-Covid. \u00abLa pandemia ha fatto male al settore fieristico in generale, ma adesso che \u00e8 archiviata possiamo guardare con ottimismo al futuro, puntando sulla qualit\u00e0 delle proposte e sulla formazione\u00bb commenta il presidente di Longarone Fiere Dolomiti, Michele Dal Farra.<\/p>\n<p>&nbsp;<\/p>\n<p>&nbsp;<\/p>\n<hr \/>\n<p>&nbsp;<\/p>\n<blockquote>\n<h3>PULIAMO FELTRE: LA GIORNATA ECOLOGICA<\/h3>\n<\/blockquote>\n<p><strong><a class=\"dt-pswp-item\" href=\"https:\/\/www.radiopiu.net\/wordpress\/wp-content\/uploads\/2023\/03\/IMG-20230319-WA0004.jpg\" data-dt-img-description=\"\" data-large_image_width=\"2048\" data-large_image_height=\"1152\"><img loading=\"lazy\" decoding=\"async\" class=\" wp-image-327339 alignleft\" src=\"https:\/\/www.radiopiu.net\/wordpress\/wp-content\/uploads\/2023\/03\/IMG-20230319-WA0004-300x169.jpg\" alt=\"\" width=\"202\" height=\"114\" srcset=\"https:\/\/www.radiopiu.net\/wordpress\/wp-content\/uploads\/2023\/03\/IMG-20230319-WA0004-300x169.jpg 300w, https:\/\/www.radiopiu.net\/wordpress\/wp-content\/uploads\/2023\/03\/IMG-20230319-WA0004-1024x576.jpg 1024w, https:\/\/www.radiopiu.net\/wordpress\/wp-content\/uploads\/2023\/03\/IMG-20230319-WA0004-768x432.jpg 768w, https:\/\/www.radiopiu.net\/wordpress\/wp-content\/uploads\/2023\/03\/IMG-20230319-WA0004-1536x864.jpg 1536w, https:\/\/www.radiopiu.net\/wordpress\/wp-content\/uploads\/2023\/03\/IMG-20230319-WA0004.jpg 2048w\" sizes=\"auto, (max-width: 202px) 100vw, 202px\" \/><\/a>FELTRE <\/strong>Grande successo per la giornata ecologica &#8220;PuliAMO Feltre&#8221; di domenica 19 marzo, organizzata dagli Ecovolontari dell&#8217;Unione Montana Feltrina e dal Palio, con il patrocinio del Comune di Feltre. L&#8217;iniziativa ha infatti visto coinvolte pi\u00f9 di 150 persone, tra privati cittadini, Ecovolontari, appartenenti al Gruppo Scout feltrino e le delegazioni dei quattro Quartieri cittadini e del Gruppo Sbandieratori Citt\u00e0 di Feltre.\u00a0 Dopo il ritrovo in Pra&#8217; del Moro per le indicazioni generali e la foto di rito, i partecipanti si sono divisi in una ventina di gruppi, partiti poi alla volta del centro cittadino e delle frazioni, incluse nel piano d&#8217;azione assegnato al rispettivo Quartiere. La mattinata si \u00e8 conclusa intorno alle 13, con il recupero dei sacchi e i saluti finali.<\/p>\n<p>&nbsp;<\/p>\n<p>&nbsp;<\/p>\n<hr \/>\n<p>&nbsp;<\/p>\n<blockquote>\n<h2 align=\"CENTER\"><span style=\"font-family: Times New Roman, serif;\"><span style=\"font-size: medium;\"><span style=\"color: #333333;\"><span style=\"font-family: Calibri, serif;\"><span style=\"font-size: large;\"><b>Al via l\u2019indagine sulla qualit\u00e0 percepita durante il ricovero<\/b><\/span><\/span><\/span><\/span><\/span><\/h2>\n<\/blockquote>\n<p><strong><a class=\"dt-pswp-item\" href=\"https:\/\/www.radiopiu.net\/wordpress\/wp-content\/uploads\/2021\/03\/ULSS-1.jpg\" data-dt-img-description=\"\" data-large_image_width=\"776\" data-large_image_height=\"408\"><img loading=\"lazy\" decoding=\"async\" class=\" wp-image-198838 alignleft\" src=\"https:\/\/www.radiopiu.net\/wordpress\/wp-content\/uploads\/2021\/03\/ULSS-1-300x158.jpg\" alt=\"\" width=\"232\" height=\"122\" srcset=\"https:\/\/www.radiopiu.net\/wordpress\/wp-content\/uploads\/2021\/03\/ULSS-1-300x158.jpg 300w, https:\/\/www.radiopiu.net\/wordpress\/wp-content\/uploads\/2021\/03\/ULSS-1-768x404.jpg 768w, https:\/\/www.radiopiu.net\/wordpress\/wp-content\/uploads\/2021\/03\/ULSS-1.jpg 776w\" sizes=\"auto, (max-width: 232px) 100vw, 232px\" \/><\/a>BELLUNO<\/strong> <span style=\"font-family: Times New Roman, serif;\"><span style=\"font-size: medium;\"><span style=\"color: #333333;\"><span style=\"font-family: Calibri, serif;\">Oggi prende avvio, anche in Ulss Dolomiti, l\u2019indagine PREMs (Patient Reported Experience Measures-Indagine) sull\u2019esperienza del ricovero ospedaliero. <\/span><\/span><\/span><\/span><span style=\"font-family: Times New Roman, serif;\"><span style=\"font-size: medium;\"><span style=\"color: #333333;\"><span style=\"font-family: Calibri, serif;\">L\u2019indagine permanente sull\u2019esperienza di ricovero ospedaliero ha la finalit\u00e0 di conoscere il punto di vista dei pazienti che hanno avuto un episodio di cura presso l\u2019Azienda Ulss 1 Dolomti, per conoscere l\u2019esperienza vissuta. <\/span><\/span><\/span><\/span><span style=\"font-family: Times New Roman, serif;\"><span style=\"font-size: medium;\"><span style=\"color: #333333;\"><span style=\"font-family: Calibri, serif;\">La partecipazione \u00e8 volontaria, coinvolge i pazienti che hanno avuto un ricovero in ospedale e consiste nella compilazione di un questionario on-line che verr\u00e0 inviato tramite indirizzo mail e\/o numero di cellulare. <\/span><\/span><\/span><\/span><span style=\"font-family: Times New Roman, serif;\"><span style=\"font-size: medium;\"><span style=\"color: #333333;\"><span style=\"font-family: Calibri, serif;\">I risultati dell\u2019indagine saranno oggetto di analisi per la pianificazione di azioni e interventi di miglioramento.<\/span><\/span><\/span><\/span><\/p>\n<p>&nbsp;<\/p>\n<p>&nbsp;<\/p>\n<hr \/>\n<p>&nbsp;<\/p>\n<blockquote>\n<h2>Open day ai corsi universitari attivi a Feltre<\/h2>\n<\/blockquote>\n<p><a class=\"dt-pswp-item\" href=\"https:\/\/www.radiopiu.net\/wordpress\/wp-content\/uploads\/2023\/03\/infermieristica-3-1.jpeg\" data-dt-img-description=\"\" data-large_image_width=\"1600\" data-large_image_height=\"870\"><img loading=\"lazy\" decoding=\"async\" class=\"size-medium wp-image-326734 alignleft\" src=\"https:\/\/www.radiopiu.net\/wordpress\/wp-content\/uploads\/2023\/03\/infermieristica-3-1-300x163.jpeg\" alt=\"\" width=\"300\" height=\"163\" srcset=\"https:\/\/www.radiopiu.net\/wordpress\/wp-content\/uploads\/2023\/03\/infermieristica-3-1-300x163.jpeg 300w, https:\/\/www.radiopiu.net\/wordpress\/wp-content\/uploads\/2023\/03\/infermieristica-3-1-1024x557.jpeg 1024w, https:\/\/www.radiopiu.net\/wordpress\/wp-content\/uploads\/2023\/03\/infermieristica-3-1-768x418.jpeg 768w, https:\/\/www.radiopiu.net\/wordpress\/wp-content\/uploads\/2023\/03\/infermieristica-3-1-1536x835.jpeg 1536w, https:\/\/www.radiopiu.net\/wordpress\/wp-content\/uploads\/2023\/03\/infermieristica-3-1.jpeg 1600w\" sizes=\"auto, (max-width: 300px) 100vw, 300px\" \/><\/a><strong>FELTRE<\/strong> La sede di Feltre dell\u2019Universit\u00e0 di Padova apre le porte agli studenti, aderendo all\u2019iniziativa \u201cScegli con noi\u201d promossa dall\u2019ateneo per presentare i corsi di laurea. Mercoled\u00ec 22 marzo dalle 15.00 alle 17.00 al Campus Tina Merlin di Feltre, le persone interessare ai corsi di laurea triennale in Infermieristica, in Tecniche della prevenzione negli ambienti di vita e di lavoro e al master in prevenzione ed emergenza in territorio montano e d\u2019alta quota potranno partecipare all\u2019open day.<em> \u00abInvitiamo gli studenti degli ultimi anni delle scuole superiori ad essere curiosi. Ci rivolgiamo anche alle persone che dopo altre esperienze lavorative vogliono conoscere una nuova prospettiva che offre un\u2019opportunit\u00e0 formativa\u00bb<\/em> commenta il direttore sanitario Maria Caterina De Marco.<\/p>\n<p>&nbsp;<\/p>\n<p>&nbsp;<\/p>\n<hr \/>\n<p>&nbsp;<\/p>\n<blockquote>\n<h3 align=\"center\"><span style=\"font-family: Times New Roman, serif;\"><span style=\"font-size: medium;\"><span style=\"color: #222222;\"><span style=\"font-family: Calibri, serif;\"><span style=\"font-size: large;\"><b>L\u2019 azzardo e i nostri soldi: incontro con i cittadini<\/b><\/span><\/span><\/span><\/span><\/span><\/h3>\n<\/blockquote>\n<p><span style=\"font-size: medium;\"><span style=\"font-family: 'Times New Roman', serif; color: #222222;\"><span style=\"font-family: Calibri, serif;\"><b><a class=\"dt-pswp-item\" href=\"https:\/\/www.radiopiu.net\/wordpress\/wp-content\/uploads\/2021\/11\/gambling-machine-4926__340.jpg\" data-dt-img-description=\"\" data-large_image_width=\"453\" data-large_image_height=\"340\"><img loading=\"lazy\" decoding=\"async\" class=\"wp-image-242314 alignleft\" src=\"https:\/\/www.radiopiu.net\/wordpress\/wp-content\/uploads\/2021\/11\/gambling-machine-4926__340-300x225.jpg\" alt=\"\" width=\"192\" height=\"144\" srcset=\"https:\/\/www.radiopiu.net\/wordpress\/wp-content\/uploads\/2021\/11\/gambling-machine-4926__340-300x225.jpg 300w, https:\/\/www.radiopiu.net\/wordpress\/wp-content\/uploads\/2021\/11\/gambling-machine-4926__340.jpg 453w\" sizes=\"auto, (max-width: 192px) 100vw, 192px\" \/><\/a>Venerd\u00ec 24 marzo 2023 <\/b><\/span><\/span><span style=\"font-family: 'Times New Roman', serif; color: #222222;\"><span style=\"font-family: Calibri, serif;\">si terr\u00e0 un incontro dal titolo <\/span><\/span><span style=\"font-family: 'Times New Roman', serif; color: #222222;\"><span style=\"font-family: Calibri, serif;\"><b>\u201cL\u2019azzardo e i nostri soldi\u201d<\/b><\/span><\/span><span style=\"color: #222222; font-family: Calibri, serif;\">, dedicato al gioco d\u2019azzardo e all\u2019impatto che questo pu\u00f2 avere sui bilanci delle famiglie.<\/span> <\/span><span style=\"font-size: medium; font-family: 'Times New Roman', serif; color: #222222;\"><span style=\"font-family: Calibri, serif;\">L\u2019 incontro si svolger\u00e0 <\/span><\/span><span style=\"font-size: medium; font-family: 'Times New Roman', serif; color: #222222;\"><span style=\"font-family: Calibri, serif;\"><b>dalle 9.00 alle 13.00<\/b><\/span><\/span><span style=\"font-size: medium; font-family: 'Times New Roman', serif; color: #222222;\"><span style=\"font-family: Calibri, serif;\"> in <\/span><\/span><span style=\"font-size: medium; font-family: 'Times New Roman', serif; color: #222222;\"><span style=\"font-family: Calibri, serif;\"><b>Sala Bianchi \u2013 Viale Fantuzzi 11, Belluno<\/b><\/span><\/span><span style=\"font-size: medium; font-family: 'Times New Roman', serif; color: #222222;\"><span style=\"font-family: Calibri, serif;\"> (max 80 posti). <\/span><\/span><span style=\"font-family: Times New Roman, serif;\"><span style=\"font-size: medium;\"><span style=\"color: #222222;\"><span style=\"font-family: Calibri, serif;\">Si parler\u00e0 di cos\u2019\u00e8 il gioco d\u2019azzardo e del disturbo da gioco d\u2019azzardo, concentrandosi in particolare sugli aspetti finanziari collegati, quali il sovraindebitamento e gli strumenti di tutela degli utenti. Interverranno il Direttore UOC Ser.D. di Belluno, Amalia Manzan, con gli operatori del Dipartimento delle Dipendenze, un rappresentante del Gruppo AMA, referenti delle OO.SS., referenti dell\u2019 Associazione Consumatori e consulenti per l\u2019educazione finanziaria.\u00a0<\/span><\/span><\/span><\/span><\/p>\n<p>&nbsp;<\/p>\n<p>&nbsp;<\/p>\n<hr \/>\n<p>&nbsp;<\/p>\n<blockquote>\n<h3>LA GUARDIA DI FINANZA ALLA RICERCA DI 1230 ALLIEVI<\/h3>\n<\/blockquote>\n<p><strong>BELLUNO<\/strong> \u00c8 stato indetto per l&#8217;anno accademico 2023\/2024 il concorso per titoli ed esami per l&#8217;ammissione di 1230 allievi marescialli al 95\u00b0 corso presso la Scuola Ispettori e Sovrintendenti della Guardia di Finanza. Possono partecipare al concorso i cittadini italiani, anche gi\u00e0 alle armi, che abbiano compiuto il diciasettesimo anno di et\u00e0 e che non abbiano pi\u00f9 di 26 anni alla data di scadenza per la presentazione della domanda che \u00e8 il 23 marzo alle 12. La domanda di concorso deve essere compilata online al sito concorsi.gdf.gov.it seguendo le istruzioni del sistema automatizzato. Sullo stesso sito si possono trovare tutte le informazioni sul concorso.<\/p>\n<p>&nbsp;<\/p>\n<p>&nbsp;<\/p>\n<hr \/>\n<p>&nbsp;<\/p>\n<blockquote>\n<h3>GEMELLAGGIO TURISTICO VENETO-CALABRIA, NEL 2023 SI PU\u00d2 FARE<\/h3>\n<\/blockquote>\n<p><a class=\"dt-pswp-item\" href=\"https:\/\/www.radiopiu.net\/wordpress\/wp-content\/uploads\/2023\/03\/AllegheVeneto-scaled.jpg\" data-dt-img-description=\"\" data-large_image_width=\"2560\" data-large_image_height=\"1920\"><img loading=\"lazy\" decoding=\"async\" class=\" wp-image-327219 alignleft\" src=\"https:\/\/www.radiopiu.net\/wordpress\/wp-content\/uploads\/2023\/03\/AllegheVeneto-300x225.jpg\" alt=\"\" width=\"155\" height=\"116\" srcset=\"https:\/\/www.radiopiu.net\/wordpress\/wp-content\/uploads\/2023\/03\/AllegheVeneto-300x225.jpg 300w, https:\/\/www.radiopiu.net\/wordpress\/wp-content\/uploads\/2023\/03\/AllegheVeneto-1024x768.jpg 1024w, https:\/\/www.radiopiu.net\/wordpress\/wp-content\/uploads\/2023\/03\/AllegheVeneto-768x576.jpg 768w, https:\/\/www.radiopiu.net\/wordpress\/wp-content\/uploads\/2023\/03\/AllegheVeneto-1536x1152.jpg 1536w, https:\/\/www.radiopiu.net\/wordpress\/wp-content\/uploads\/2023\/03\/AllegheVeneto-2048x1536.jpg 2048w\" sizes=\"auto, (max-width: 155px) 100vw, 155px\" \/><\/a>Gemellare turisticamente Veneto e Calabria. \u00c8 la nuova sfida di marketing territoriale lanciata da Isola di Dino club che ha l\u2019obiettivo di promuovere le eccellenze che caratterizzano le due rispettive regioni. Come? Pernottando gratuitamente nelle citt\u00e0 di Praia a Mare e Marina di Tortora in Calabria e le citt\u00e0 di Alleghe e Cortina D\u2019Ampezzo in Veneto. Un\u2019iniziativa che non ha precedenti e che \u00e8 nata a seguito di un sondaggio somministrato ai turisti che hanno soggiornato in queste localit\u00e0. \u201cLa domanda \u2013 spiega Matteo Cassiano, imprenditore praiese e ad dell\u2019Isola Dino Club \u2013 \u00e8 stata posta al check out ed era: Conosci o sei mai stato in una di queste localit\u00e0? \u00c8 emerso che oltre il 90% dei turisti non conoscevano o non avevano mai visitato il veneto (per coloro che hanno soggiornato a Praia a Mare o Tortora) e la Calabria (per coloro che hanno soggiornato in veneto). Da qui la sfida posta a destagionalizzare: portare nuovi flussi turistici alla scoperta delle due regioni in periodi dell\u2019anno che non sono considerati di alta stagione, ma sono comunque bellissimi da vivere e scoprire. Da sottolineare che l\u2019iniziativa \u00e8 supportata non solo dalle nostre strutture, <a class=\"dt-pswp-item\" href=\"https:\/\/www.radiopiu.net\/wordpress\/wp-content\/uploads\/2023\/03\/IsolaDinoCalabria.jpg\" data-dt-img-description=\"\" data-large_image_width=\"1754\" data-large_image_height=\"1240\"><img loading=\"lazy\" decoding=\"async\" class=\" wp-image-327220 alignright\" src=\"https:\/\/www.radiopiu.net\/wordpress\/wp-content\/uploads\/2023\/03\/IsolaDinoCalabria-300x212.jpg\" alt=\"\" width=\"184\" height=\"130\" srcset=\"https:\/\/www.radiopiu.net\/wordpress\/wp-content\/uploads\/2023\/03\/IsolaDinoCalabria-300x212.jpg 300w, https:\/\/www.radiopiu.net\/wordpress\/wp-content\/uploads\/2023\/03\/IsolaDinoCalabria-1024x724.jpg 1024w, https:\/\/www.radiopiu.net\/wordpress\/wp-content\/uploads\/2023\/03\/IsolaDinoCalabria-768x543.jpg 768w, https:\/\/www.radiopiu.net\/wordpress\/wp-content\/uploads\/2023\/03\/IsolaDinoCalabria-1536x1086.jpg 1536w, https:\/\/www.radiopiu.net\/wordpress\/wp-content\/uploads\/2023\/03\/IsolaDinoCalabria.jpg 1754w\" sizes=\"auto, (max-width: 184px) 100vw, 184px\" \/><\/a>ma \u00e8 piaciuta anche a molti altri operatori turistici veneti e calabresi\u201d. A tutti questi turisti \u00e8 stato messo a disposizione un voucher, valido per tutto il 2023, fino a un totale di circa 10.000, con soggiorni gratuiti di 2 notti in trattamento di pernottamento e prima colazione, oltre a dettagliato orientamento turistico che sar\u00e0 svolto in loco dagli operatori delle rispettive regioni. Le strutture aderenti al gemellaggio turistico, in maniera totalmente gratuita, inoltre, ospitano anche corner e totem informativi che pubblicizzano le rispettive eccellenze, che sia pur territorialmente contrapposte e distanti, suscitano notevole curiosit\u00e0 da parte dei turisti.<\/p>\n<p>&nbsp;<\/p>\n<p>&nbsp;<\/p>\n<hr \/>\n<p>&nbsp;<\/p>\n<blockquote>\n<h3 class=\"entry-title\">ABBIAMO CANCELLATO L\u2019EVASIONE? VENETO IN ITALIA SIAMO TRA I PIU\u2019 FEDELI AL FISCO<\/h3>\n<\/blockquote>\n<p class=\"p2\"><b class=\"photoswipe-wrapper\"><a class=\"dt-pswp-item pspw-wrap-ready\" href=\"https:\/\/www.radiopiu.net\/wordpress\/wp-content\/uploads\/2023\/03\/Schermata-2023-03-18-alle-09.25.39.png\" data-dt-img-description=\"\" data-large_image_width=\"1152\" data-large_image_height=\"1586\"><img loading=\"lazy\" decoding=\"async\" class=\"alignleft size-medium wp-image-327127\" src=\"https:\/\/www.radiopiu.net\/wordpress\/wp-content\/uploads\/2023\/03\/Schermata-2023-03-18-alle-09.25.39-218x300.png\" sizes=\"auto, (max-width: 218px) 100vw, 218px\" srcset=\"https:\/\/www.radiopiu.net\/wordpress\/wp-content\/uploads\/2023\/03\/Schermata-2023-03-18-alle-09.25.39-218x300.png 218w, https:\/\/www.radiopiu.net\/wordpress\/wp-content\/uploads\/2023\/03\/Schermata-2023-03-18-alle-09.25.39-744x1024.png 744w, https:\/\/www.radiopiu.net\/wordpress\/wp-content\/uploads\/2023\/03\/Schermata-2023-03-18-alle-09.25.39-768x1057.png 768w, https:\/\/www.radiopiu.net\/wordpress\/wp-content\/uploads\/2023\/03\/Schermata-2023-03-18-alle-09.25.39-1116x1536.png 1116w, https:\/\/www.radiopiu.net\/wordpress\/wp-content\/uploads\/2023\/03\/Schermata-2023-03-18-alle-09.25.39.png 1152w\" alt=\"\" width=\"218\" height=\"300\" \/><\/a>NEL VENETO IMPONIBILE EVASO PARI AL<span class=\"Apple-converted-space\">\u00a0\u00a0<\/span>10% DEL NOSTRO VALORE AGGIUNTO.\u00a0<\/b><\/p>\n<p>Abbiamo finalmente cancellato l\u2019evasione fiscale? La domanda-provocazione l\u2019ha lanciata l\u2019Ufficio studi della CGIA che, sulla base dei dati presentati nelle settimane scorse dal Ministero dell\u2019Economia e delle Finanze (MEF) e dall\u2019Agenzia delle Entrate, ha ricordato che l\u2019anno scorso a livello nazionale l\u2019erario ha incassato, rispetto al 2021, 68,9 miliardi in pi\u00f9 di entrate tributarie e contributive, ha recuperato 20,2 miliardi di evasione e ha \u201cbloccato\u201d 9,5 miliardi di frodi. Questo maggior gettito, pertanto, ammonta complessivamente a 98,6 miliardi di euro. Un importo che ha una dimensione leggermente inferiore alla stima dell\u2019evasione fiscale e contributiva presente in Italia che, secondo le stime, ammonterebbe attorno ai 100 miliardi di euro.<\/p>\n<p><strong>L\u2019infedelt\u00e0 fiscale \u00e8 pi\u00f9 diffusa al Sud. Veneto virtuoso<\/strong><br \/>\nSebbene gli ultimi dati disponibili dell\u2019Istat siano riferiti al 2020, anno fortemente condizionato dall\u2019emergenza pandemica, la percentuale dell\u2019economia non osservata sul valore aggiunto regionale registrava le soglie pi\u00f9 elevate nel Mezzogiorno. Se in Sicilia si attestava al 16,8 per cento, in Puglia al 17 per cento, in Campania al 17,7 per cento e in Calabria che, con il 18,8 per cento, continua a essere la regione pi\u00f9 a rischio evasione d\u2019Italia. Le realt\u00e0 pi\u00f9 fedeli al fisco, invece, erano la Provincia Autonoma di Trento con il 9 per cento, la Lombardia con l\u20198,4 per cento e, la meno interessata da questo triste fenomeno, la Provincia Autonoma di Bolzano con un\u2019incidenza dell\u20198,2 per cento. La media nazionale si fermava all\u201911,6 per cento. La nostra regione, invece, si colloca nella parte pi\u00f9 virtuosa della graduatoria. Nel 2020, al pari dell\u2019Emilia Romagna, registrava una percentuale di economia non osservata sul valore aggiunto regionale pari al 10,1 per cento che, in termini assoluti, corrispondeva ad un imponibile evaso pari a 13,8 miliardi di euro. Sempre avvalendosi della incidenza dell\u2019economia non osservata sul valore aggiunto regionale, a livello nazionale solo il Friuli Venezia Giulia (9,4 per cento), la Lombardia (8,4 per cento) e il Trentino Alto Adige presentavano nel 2020 un tasso inferiore al nostro.<\/p>\n<p><strong class=\"photoswipe-wrapper\"><a class=\"dt-pswp-item pspw-wrap-ready\" href=\"https:\/\/www.radiopiu.net\/wordpress\/wp-content\/uploads\/2023\/03\/Schermata-2023-03-18-alle-09.28.47.png\" data-dt-img-description=\"\" data-large_image_width=\"1194\" data-large_image_height=\"1098\"><img loading=\"lazy\" decoding=\"async\" class=\"alignleft size-medium wp-image-327128\" src=\"https:\/\/www.radiopiu.net\/wordpress\/wp-content\/uploads\/2023\/03\/Schermata-2023-03-18-alle-09.28.47-300x276.png\" sizes=\"auto, (max-width: 300px) 100vw, 300px\" srcset=\"https:\/\/www.radiopiu.net\/wordpress\/wp-content\/uploads\/2023\/03\/Schermata-2023-03-18-alle-09.28.47-300x276.png 300w, https:\/\/www.radiopiu.net\/wordpress\/wp-content\/uploads\/2023\/03\/Schermata-2023-03-18-alle-09.28.47-1024x942.png 1024w, https:\/\/www.radiopiu.net\/wordpress\/wp-content\/uploads\/2023\/03\/Schermata-2023-03-18-alle-09.28.47-768x706.png 768w, https:\/\/www.radiopiu.net\/wordpress\/wp-content\/uploads\/2023\/03\/Schermata-2023-03-18-alle-09.28.47.png 1194w\" alt=\"\" width=\"300\" height=\"276\" \/><\/a>Una provocazione con un fondo di verit\u00e0<\/strong><br \/>\nTornando alla domanda iniziale, possiamo pertanto affermare che abbiamo azzerato l\u2019evasione? Certamente no, sebbene abbiamo imboccato la strada giusta per la sua progressiva riduzione. Infatti, una quota preponderante dei 68,9 miliardi incassati in pi\u00f9 sono riconducibili al buon andamento dell\u2019economia verificatasi l\u2019anno scorso che include un importo \u2013 sicuramente contenuto ma ogni anno in costante aumento \u2013 ascrivibile agli effetti della compliance fiscale. Dunque, possiamo dire che un fondo di verit\u00e0 c\u2019\u00e8.<\/p>\n<p><strong>Ecco chi continua a non pagare<\/strong><br \/>\nSe teniamo conto degli effetti riconducibili alla fatturazione elettronica, allo split payment e all\u2019attivit\u00e0 di controllo praticata dal fisco attraverso l\u2019incrocio dei dati presenti nelle proprie banche dati, rispetto a qualche anno fa gli evasori hanno la vita pi\u00f9 dura. Certo, non tutti. Chi \u00e8 completamente sconosciuto al fisco continua imperterrito a farla franca, cos\u00ec come le organizzazioni criminali di stampo mafioso che sempre con maggior dedizione seguitano a coltivare i propri traffici illegali. Poco \u201csensibili\u201d alla fedelt\u00e0 fiscale lo sono anche quelle multinazionali e i giganti del web che, in Italia, realizzano profitti miliardari, ma la stragrande maggioranza delle imposte le versano nei paesi a elevata fiscalit\u00e0 di vantaggio.<\/p>\n<p><strong>La riforma fiscale<\/strong><br \/>\nIn attesa di poter disporre di ulteriori informazioni sul testo approvato gioved\u00ec scorso dal governo Meloni, per l\u2019Ufficio studi della CGIA una riforma fiscale che abbia l\u2019ambizione di definirsi tale deve, innanzitutto, indicare preventivamente quanto costa e dove si recuperano le coperture, dopodich\u00e9 ha il compito di conseguire, in tempi ragionevolmente brevi, almeno altri tre punti:<br \/>\nla riduzione del carico fiscale a famiglie e imprese;<br \/>\nla semplificazione del rapporto tra il fisco e il contribuente;<br \/>\nla riduzione dell\u2019evasione e dell\u2019elusione fiscale.<br \/>\nIl mancato raggiungimento di questi obbiettivi costituisce un serio pericolo che la stessa sia destinata a fallire o comunque non in grado di dare una seria risposta alle tante istanze dei contribuenti che da tempo chiedono un fisco pi\u00f9 equo e meno complicato.<\/p>\n<p><strong class=\"photoswipe-wrapper\"><a class=\"dt-pswp-item pspw-wrap-ready\" href=\"https:\/\/www.radiopiu.net\/wordpress\/wp-content\/uploads\/2023\/03\/Schermata-2023-03-18-alle-09.27.46.png\" data-dt-img-description=\"\" data-large_image_width=\"1168\" data-large_image_height=\"1160\"><img loading=\"lazy\" decoding=\"async\" class=\"alignleft size-medium wp-image-327129\" src=\"https:\/\/www.radiopiu.net\/wordpress\/wp-content\/uploads\/2023\/03\/Schermata-2023-03-18-alle-09.27.46-300x298.png\" sizes=\"auto, (max-width: 300px) 100vw, 300px\" srcset=\"https:\/\/www.radiopiu.net\/wordpress\/wp-content\/uploads\/2023\/03\/Schermata-2023-03-18-alle-09.27.46-300x298.png 300w, https:\/\/www.radiopiu.net\/wordpress\/wp-content\/uploads\/2023\/03\/Schermata-2023-03-18-alle-09.27.46-1024x1017.png 1024w, https:\/\/www.radiopiu.net\/wordpress\/wp-content\/uploads\/2023\/03\/Schermata-2023-03-18-alle-09.27.46-150x150.png 150w, https:\/\/www.radiopiu.net\/wordpress\/wp-content\/uploads\/2023\/03\/Schermata-2023-03-18-alle-09.27.46-768x763.png 768w, https:\/\/www.radiopiu.net\/wordpress\/wp-content\/uploads\/2023\/03\/Schermata-2023-03-18-alle-09.27.46.png 1168w\" alt=\"\" width=\"300\" height=\"298\" \/><\/a>Lo sforzo fiscale delle nostre imprese \u00e8 al top<\/strong><br \/>\n<strong>Le imprese italiane sono tra le pi\u00f9 tartassate d\u2019Europa. Nel confronto con i principali Paesi UE, purtroppo, la percentuale del gettito fiscale riconducibile alle aziende italiane sul totale nazionale \u00e8 nettamente superiore, ad esempio, a quella tedesca, francese e spagnola.<\/strong><br \/>\n<strong>Se nel 2020 da noi ha raggiunto il 13,5 per cento (garantendo un gettito di 94,3 miliardi di euro) in Germania era al 10,7 per cento (144, 8 miliardi di imposte versate), in Francia al 10,3 per cento (108,4 miliardi versati) e in Spagna al 10,1 per cento (41,7 miliardi di gettito). Rispetto alla media europea scontiamo oltre 2 punti percentuali in pi\u00f9.<\/strong><\/p>\n<p>Un ulteriore elemento che conferma l\u2019elevato livello di tassazione sulle nostre imprese emerge dal confronto delle principali aliquote che gravano sul reddito imponibile delle societ\u00e0. Se in Italia si attesta al 27,9 per cento, tra i nostri principali competitor scorgiamo che in Francia \u00e8 al 25,7 per cento e in Spagna al 25 per cento. Tra i big solo la Germania, pari al 29,8 per cento, sconta un livello superiore al nostro. Rispetto alla media europea, in Italia l\u2019aliquota \u00e8 superiore di ben 6,7 punti.<\/p>\n<p>&nbsp;<\/p>\n<p>&nbsp;<\/p>\n<hr \/>\n<p>&nbsp;<\/p>\n<blockquote>\n<h3>APRE LA COOP A FRASSENE&#8217; AGORDINO<\/h3>\n<\/blockquote>\n<p><a class=\"dt-pswp-item\" href=\"https:\/\/www.radiopiu.net\/wordpress\/wp-content\/uploads\/2023\/03\/Senza-nome-61.jpg\" data-dt-img-description=\"\" data-large_image_width=\"652\" data-large_image_height=\"390\"><img loading=\"lazy\" decoding=\"async\" class=\"wp-image-327047 alignleft\" src=\"https:\/\/www.radiopiu.net\/wordpress\/wp-content\/uploads\/2023\/03\/Senza-nome-61-300x179.jpg\" alt=\"\" width=\"233\" height=\"139\" srcset=\"https:\/\/www.radiopiu.net\/wordpress\/wp-content\/uploads\/2023\/03\/Senza-nome-61-300x179.jpg 300w, https:\/\/www.radiopiu.net\/wordpress\/wp-content\/uploads\/2023\/03\/Senza-nome-61.jpg 652w\" sizes=\"auto, (max-width: 233px) 100vw, 233px\" \/><\/a><strong>VOLTAGO<\/strong> APRE LA NUOVA FAMIGLIA COOPERATIVA DI PRIMIERO A FRASSENE&#8217;, IN VIALE DELLA VITTORIA, INAUGURAZIONE SABATO 25 MARZO ALLE 11 CON TAGLIO DEL NASTRO, SALUTO DELLE AUTORITA&#8217;, PRANZO ALL&#8217;APERTO CON SPIEDO PER TUTTI. LA FAMIGLIA COOPERATIVA DI PRIMIERO, GIA&#8217; PRESENTE A GOSALDO E NEL PRIMIERO, ORA ANCHE A FRASSENE&#8217;, IL NEGOZIO SULLA PORTA DI CASA, LA QUALITA&#8217; E IL GIUSTO PREZZO: PRODOTTI ALIMENTARI, FRUTTA, VERDURA, TUTTO PER LA CASA E ANGOLO PER GLI ANIMALI.\u00a0 A FRASSENE&#8217;, DAL 25 IN VIALE DELLA VITTORIA&#8230;ENTRATE E SENTITEVI A CASA VOSTRA.<\/p>\n<p>&nbsp;<\/p>\n<p>&nbsp;<\/p>\n<hr \/>\n<p>&nbsp;<\/p>\n<div class=\"page\" title=\"Page 1\">\n<div class=\"layoutArea\">\n<div class=\"column\">\n<blockquote>\n<h3>LE 71 SPLENDIDE FOTO DI VITO VECELLIO PER IL LIBRO \u201cPONTE NELLE ALPI: STORIE, IMMAGINI, TERRITORIO\u201d<\/h3>\n<\/blockquote>\n<p><strong>di\u00a0 RENATO BONA\u00a0<\/strong><\/p>\n<p>&nbsp;<\/p>\n<p>Amministrazione comunale e Biblioteca civica di Ponte nelle Alpi hanno curato nel maggio del 1999 (stampa della tipografia Nero su Bianco di Belluno) la realizzazione del libro (impreziosito da settantuno belle fotografie in bianco e nero di Vito Vecellio, \u201cPonte nelle Alpi: storie, immagini, territorio\u201d, grazie al pregevoler impegno di un gruppo di lavoro e ricerche del quale con Vania Bortot, per l\u2019elaborazione e stesura dei testi, ed Antonella Michielin incaricata della segreteria, facevano parte: Agostino Sacchet, Augusto Modolo , Leandra Viel, Liana Strag\u00e0, Marilena Viel, Morena Pavei, Paolo Vendramini (oggi sindaco) il quale ultimo, nella sua veste di assessore alla cultura, aveva firmato il saluto dell\u2019Amministrazione comunale premettendo come \u201cNel corso di questi ultimi anni \u00e8 cresciuto e maturato l\u2019interesse, anche da parte dei giovani, per le tradizioni, gli usi e i costumi del nostro territorio\u201d ed esprimendo la convinzione che \u201cIl futuro non pu\u00f2 essere costruito senza i valori e gli insegnamenti del passato, senza tenere nella giusta considerazione il trascorso di di una comunit\u00e0 come quella pontalpina, che si \u00e8 sempre distinta nel tempo per generosit\u00e0, solidariet\u00e0 e operosit\u00e0\u201d,; ancora: Vania Bortot che nell\u2019introduzione, detto che \u201cIl Comune di Ponte nelle Alpi \u00e8 composto da venti frazioni (Polpet con Nuova Erto, Ponte nelle Alpi con Rione Santa Caterina, Lastreghe, Piaia, Cadola, Canevoi, Paiane, Soccher, Arsi\u00e8, Reveane, Casan, Lizzona, La Secca, Vich con Mares e Pises, Cugnan con Boz e Lasta, Col di Cugnan, Roncan, Cornolade Alte e Basse, Quantin, Losego, e popolato da 7 mila 908 abitanti (dato riferito al 31 dicembre 1998) ricordava che le attivit\u00e0 maggiormente svolte in passato sono state l\u2019agricoltura di sussistenza, associata, per i pi\u00f9 fortunati, l\u2019allevamento bovino &#8211; ogni paese aveva una latteria &#8211; e l\u2019estrazione della pietra bianca e rossa nei Coi de Pera (che appunto ne conservano il nome); e richiamava il fatto che \u201ci nostri paesi hanno conosciuto una forte emigrazione tanto verso alcuni paesi europei (Germania, Francia, Svizzera, Belgio) quanto verso le Americhe, fenomeno documentato e ricordato dagli anziani come unica possibilit\u00e0 di fuga da povert\u00e0 e miseria largamente diffuse nelle nostre zone\u201d. Tuttavia &#8211; aggiungeva &#8211; \u201cnel corso del lavoro ho rilevato l\u2019assenza delle loro esperienze, che pure potrebbero costituire una testimonianza da considerare ed approfondire. Ancora oggi esistono numerosi casi di emigrazione temporanea, che interessa in particolar modo i gelatieri\u201d. Riservandoci di ritornare sulle varie realt\u00e0 frazionali pontalpine, proponiamo oggi l\u2019articolazione delle oltre 150 pagine dell\u2019interessante volume che parte con il capitolo \u201cPersonaggi\u201d (Teti Mat\u00eca, sacrestano della chiesa di Casan; Al Colonello; I primi sciatori a Losego; Vincenzo Broi e Luigia D\u2019Inc\u00e0 \u201cCencio\u201d e \u201cGia\u201d; Meneghin\u201d); \u201cStorie di paesi\u201d (La chiesa di Casan; Storie sulla rivalit\u00e0 tra Quantin e Losego; Origine della rivalit\u00e0; Lo scontro delle croci; Al Signor da Losech e al Diaol da Quantin; La leggenda di Quantin); \u201cIl sogno di volare\u201d (L\u2019aeroplano; Storia locale del volo; Quei da le ale); \u201cCiclo dell\u2019Anno (Bond\u00ec la bona man a mi, I gennaio; Cantar le luganeghe, 5 gernnaio; La benedizione dei campi, 6 gennaio; Carnevale; Brusar la vecia; Al doba sant; Al vendre sant; Rogazioni; L\u2019Assension; La raccolta delle \u201cpoine\u201d di S. Giovanni, 24 giugno; La festa della falciatura nei campi della frazione; San Nicol\u00f2, 5 dicembre; El matutin, 25 dicembre). Si prosegue con: \u201cFiabe e favole\u201d (Davaltroe; Al mal\u00e0 che porta al san; Pierotolo Misiotolo; Frate Jovani); \u201cScioglilingua, filastrocche ed indovinelli\u201d (Discorso dei due ciabattini; Discorso della fidanzata tradita; Giorni e dita; Manina bela; Ghiri, ghiri gaia; Man man morta; Maria picenina; La bareta piena de piova; Le campane da Longaron; Filastrocca dei paesi; Indovinelli; Il curareie; preghiera dei bimbi); \u201cGiochi\u201d (Gingiot; Caregheta d\u2019oro; Secio secelo; Pi\u00e8 piedin; Boet; Mort; Saset; Britole; Steca, Stanga; La bela lavanderina; Girotondo; Campanon; Pagarosto; Il gioco pasquale della \u2018palanca\u2019). Chiusura col capitolo \u201cProverbi\u201d. Apre la serie dei personaggi Teti Matia, cio\u00e8 Celeste De Vettor che, mentre i fratelli erano in Germania, fu fino agli anni Trenta sacrestano della chiesetta di Casan dove viveva solo in una casa \u201cdel cortile dei Mat\u00eca\u201d (e mor\u00ec, si dice, prima dell\u2019ultima guerra). Piuttosto piccolo di statura, era gobbetto, portava un cerchiello all\u2019orecchio, che all\u2019epoca era simbolo di virilit\u00f2, prestigio ed importanza. Una curiosit\u00e0: quando sternutiva nella chiesa lo faceva con tanta forza che spegneva le candele. Si occupava, passando di casa in casa, di informare i compaesani a proposito dei decessi e riceveva qualcosa come compenso: un uovo o una fetta di polenta!<\/p>\n\n\t\t\t<style type='text\/css'>\n\t\t\t\t#gallery-6 {\n\t\t\t\t\tmargin: auto;\n\t\t\t\t}\n\t\t\t\t#gallery-6 .gallery-item {\n\t\t\t\t\tfloat: left;\n\t\t\t\t\tmargin-top: 10px;\n\t\t\t\t\ttext-align: center;\n\t\t\t\t\twidth: 16%;\n\t\t\t\t}\n\t\t\t\t#gallery-6 img {\n\t\t\t\t\tborder: 2px solid #cfcfcf;\n\t\t\t\t}\n\t\t\t\t#gallery-6 .gallery-caption {\n\t\t\t\t\tmargin-left: 0;\n\t\t\t\t}\n\t\t\t\t\/* see gallery_shortcode() in wp-includes\/media.php *\/\n\t\t\t<\/style>\n\t\t<div id='gallery-6' class='dt-gallery-container gallery galleryid-327131 gallery-columns-6 gallery-size-thumbnail'><dl class='gallery-item'>\n\t\t\t\t<dt class='gallery-icon portrait'>\n\t\t\t\t\t<a class=\"rollover rollover-zoom dt-pswp-item\" title=\"334076538_239887641804685_5509195624690232684_n\" data-dt-img-description=\"\" data-large_image_width=\"153\" data-large_image_height=\"206\"href='https:\/\/www.radiopiu.net\/wordpress\/wp-content\/uploads\/2023\/03\/334076538_239887641804685_5509195624690232684_n.jpg'><img loading=\"lazy\" decoding=\"async\" width=\"150\" height=\"150\" src=\"https:\/\/www.radiopiu.net\/wordpress\/wp-content\/uploads\/2023\/03\/334076538_239887641804685_5509195624690232684_n-150x150.jpg\" class=\"attachment-thumbnail size-thumbnail\" alt=\"\" \/><\/a>\n\t\t\t\t<\/dt><\/dl><dl class='gallery-item'>\n\t\t\t\t<dt class='gallery-icon landscape'>\n\t\t\t\t\t<a class=\"rollover rollover-zoom dt-pswp-item\" title=\"336971102_755452616028452_8178504686284224_n\" data-dt-img-description=\"\" data-large_image_width=\"206\" data-large_image_height=\"206\"href='https:\/\/www.radiopiu.net\/wordpress\/wp-content\/uploads\/2023\/03\/336971102_755452616028452_8178504686284224_n.jpg'><img loading=\"lazy\" decoding=\"async\" width=\"150\" height=\"150\" src=\"https:\/\/www.radiopiu.net\/wordpress\/wp-content\/uploads\/2023\/03\/336971102_755452616028452_8178504686284224_n-150x150.jpg\" class=\"attachment-thumbnail size-thumbnail\" alt=\"\" srcset=\"https:\/\/www.radiopiu.net\/wordpress\/wp-content\/uploads\/2023\/03\/336971102_755452616028452_8178504686284224_n-150x150.jpg 150w, https:\/\/www.radiopiu.net\/wordpress\/wp-content\/uploads\/2023\/03\/336971102_755452616028452_8178504686284224_n.jpg 206w\" sizes=\"auto, (max-width: 150px) 100vw, 150px\" \/><\/a>\n\t\t\t\t<\/dt><\/dl><dl class='gallery-item'>\n\t\t\t\t<dt class='gallery-icon landscape'>\n\t\t\t\t\t<a class=\"rollover rollover-zoom dt-pswp-item\" title=\"334105522_691615519423560_5333176980034548365_n\" data-dt-img-description=\"\" data-large_image_width=\"260\" data-large_image_height=\"206\"href='https:\/\/www.radiopiu.net\/wordpress\/wp-content\/uploads\/2023\/03\/334105522_691615519423560_5333176980034548365_n.jpg'><img loading=\"lazy\" decoding=\"async\" width=\"150\" height=\"150\" src=\"https:\/\/www.radiopiu.net\/wordpress\/wp-content\/uploads\/2023\/03\/334105522_691615519423560_5333176980034548365_n-150x150.jpg\" class=\"attachment-thumbnail size-thumbnail\" alt=\"\" \/><\/a>\n\t\t\t\t<\/dt><\/dl><dl class='gallery-item'>\n\t\t\t\t<dt class='gallery-icon portrait'>\n\t\t\t\t\t<a class=\"rollover rollover-zoom dt-pswp-item\" title=\"334398747_1267563797476875_1489424251942327681_n\" data-dt-img-description=\"\" data-large_image_width=\"197\" data-large_image_height=\"206\"href='https:\/\/www.radiopiu.net\/wordpress\/wp-content\/uploads\/2023\/03\/334398747_1267563797476875_1489424251942327681_n.jpg'><img loading=\"lazy\" decoding=\"async\" width=\"150\" height=\"150\" src=\"https:\/\/www.radiopiu.net\/wordpress\/wp-content\/uploads\/2023\/03\/334398747_1267563797476875_1489424251942327681_n-150x150.jpg\" class=\"attachment-thumbnail size-thumbnail\" alt=\"\" \/><\/a>\n\t\t\t\t<\/dt><\/dl><dl class='gallery-item'>\n\t\t\t\t<dt class='gallery-icon landscape'>\n\t\t\t\t\t<a class=\"rollover rollover-zoom dt-pswp-item\" title=\"334266505_1201328027157310_1253770209666133626_n\" data-dt-img-description=\"\" data-large_image_width=\"280\" data-large_image_height=\"203\"href='https:\/\/www.radiopiu.net\/wordpress\/wp-content\/uploads\/2023\/03\/334266505_1201328027157310_1253770209666133626_n.jpg'><img loading=\"lazy\" decoding=\"async\" width=\"150\" height=\"150\" src=\"https:\/\/www.radiopiu.net\/wordpress\/wp-content\/uploads\/2023\/03\/334266505_1201328027157310_1253770209666133626_n-150x150.jpg\" class=\"attachment-thumbnail size-thumbnail\" alt=\"\" \/><\/a>\n\t\t\t\t<\/dt><\/dl><dl class='gallery-item'>\n\t\t\t\t<dt class='gallery-icon landscape'>\n\t\t\t\t\t<a class=\"rollover rollover-zoom dt-pswp-item\" title=\"334605287_592088972959290_8560764085131437123_n\" data-dt-img-description=\"\" data-large_image_width=\"275\" data-large_image_height=\"206\"href='https:\/\/www.radiopiu.net\/wordpress\/wp-content\/uploads\/2023\/03\/334605287_592088972959290_8560764085131437123_n.jpg'><img loading=\"lazy\" decoding=\"async\" width=\"150\" height=\"150\" src=\"https:\/\/www.radiopiu.net\/wordpress\/wp-content\/uploads\/2023\/03\/334605287_592088972959290_8560764085131437123_n-150x150.jpg\" class=\"attachment-thumbnail size-thumbnail\" alt=\"\" \/><\/a>\n\t\t\t\t<\/dt><\/dl><br style=\"clear: both\" \/><dl class='gallery-item'>\n\t\t\t\t<dt class='gallery-icon landscape'>\n\t\t\t\t\t<a class=\"rollover rollover-zoom dt-pswp-item\" title=\"334190483_203546188950189_6677951664619136691_n\" data-dt-img-description=\"\" data-large_image_width=\"280\" data-large_image_height=\"202\"href='https:\/\/www.radiopiu.net\/wordpress\/wp-content\/uploads\/2023\/03\/334190483_203546188950189_6677951664619136691_n.jpg'><img loading=\"lazy\" decoding=\"async\" width=\"150\" height=\"150\" src=\"https:\/\/www.radiopiu.net\/wordpress\/wp-content\/uploads\/2023\/03\/334190483_203546188950189_6677951664619136691_n-150x150.jpg\" class=\"attachment-thumbnail size-thumbnail\" alt=\"\" \/><\/a>\n\t\t\t\t<\/dt><\/dl><dl class='gallery-item'>\n\t\t\t\t<dt class='gallery-icon landscape'>\n\t\t\t\t\t<a class=\"rollover rollover-zoom dt-pswp-item\" title=\"336625906_617961570169244_8343576364245280664_n\" data-dt-img-description=\"\" data-large_image_width=\"280\" data-large_image_height=\"206\"href='https:\/\/www.radiopiu.net\/wordpress\/wp-content\/uploads\/2023\/03\/336625906_617961570169244_8343576364245280664_n.jpg'><img loading=\"lazy\" decoding=\"async\" width=\"150\" height=\"150\" src=\"https:\/\/www.radiopiu.net\/wordpress\/wp-content\/uploads\/2023\/03\/336625906_617961570169244_8343576364245280664_n-150x150.jpg\" class=\"attachment-thumbnail size-thumbnail\" alt=\"\" \/><\/a>\n\t\t\t\t<\/dt><\/dl><dl class='gallery-item'>\n\t\t\t\t<dt class='gallery-icon portrait'>\n\t\t\t\t\t<a class=\"rollover rollover-zoom dt-pswp-item\" title=\"334811982_1357488541764962_3404404709881029063_n\" data-dt-img-description=\"\" data-large_image_width=\"160\" data-large_image_height=\"204\"href='https:\/\/www.radiopiu.net\/wordpress\/wp-content\/uploads\/2023\/03\/334811982_1357488541764962_3404404709881029063_n.jpg'><img loading=\"lazy\" decoding=\"async\" width=\"150\" height=\"150\" src=\"https:\/\/www.radiopiu.net\/wordpress\/wp-content\/uploads\/2023\/03\/334811982_1357488541764962_3404404709881029063_n-150x150.jpg\" class=\"attachment-thumbnail size-thumbnail\" alt=\"\" \/><\/a>\n\t\t\t\t<\/dt><\/dl><dl class='gallery-item'>\n\t\t\t\t<dt class='gallery-icon landscape'>\n\t\t\t\t\t<a class=\"rollover rollover-zoom dt-pswp-item\" title=\"334581103_9220691324637526_185195228396348240_n\" data-dt-img-description=\"\" data-large_image_width=\"296\" data-large_image_height=\"206\"href='https:\/\/www.radiopiu.net\/wordpress\/wp-content\/uploads\/2023\/03\/334581103_9220691324637526_185195228396348240_n.jpg'><img loading=\"lazy\" decoding=\"async\" width=\"150\" height=\"150\" src=\"https:\/\/www.radiopiu.net\/wordpress\/wp-content\/uploads\/2023\/03\/334581103_9220691324637526_185195228396348240_n-150x150.jpg\" class=\"attachment-thumbnail size-thumbnail\" alt=\"\" \/><\/a>\n\t\t\t\t<\/dt><\/dl><dl class='gallery-item'>\n\t\t\t\t<dt class='gallery-icon portrait'>\n\t\t\t\t\t<a class=\"rollover rollover-zoom dt-pswp-item\" title=\"334496029_1093576074889902_6971715903095381326_n\" data-dt-img-description=\"\" data-large_image_width=\"152\" data-large_image_height=\"240\"href='https:\/\/www.radiopiu.net\/wordpress\/wp-content\/uploads\/2023\/03\/334496029_1093576074889902_6971715903095381326_n.jpg'><img loading=\"lazy\" decoding=\"async\" width=\"150\" height=\"150\" src=\"https:\/\/www.radiopiu.net\/wordpress\/wp-content\/uploads\/2023\/03\/334496029_1093576074889902_6971715903095381326_n-150x150.jpg\" class=\"attachment-thumbnail size-thumbnail\" alt=\"\" \/><\/a>\n\t\t\t\t<\/dt><\/dl>\n\t\t\t\t<br style='clear: both' \/>\n\t\t\t<\/div>\n\n<p>NELLE FOTO (riproduzioni dal libro \u201cPonte nelle Alpi: storie, immagini, territorio\u201d): la copertina della pubblicazione; l\u2019allora assessore alla cultura e oggi sindaco, Paolo Vendramini; scorcio di Losego; ingresso del cimitero di Col; la chiesa di Cadola; il Ponte sul Piave; particolare di Cadola; casa Boito di Polpet; chiesa e campanile di Casan; altri scorci di Casan.<\/p>\n<p>&nbsp;<\/p>\n<p>&nbsp;<\/p>\n<hr \/>\n<p>&nbsp;<\/p>\n<\/div>\n<\/div>\n<\/div>\n<blockquote>\n<h3>L&#8217;ASSEMBLEA DEL GAV<\/h3>\n<\/blockquote>\n<p><strong>AGORDO<\/strong> I soci del GAV, Gruppo Assistenza Volontaria, hanno indetto l&#8217;assemblea ordinaria 2023 per domenica 26 marzo alle 11 nella sala del Centro Parrocchiale Monsignor Vincenzo Savio. In programma l&#8217;elezione del consiglio direttivo, l&#8217;approvazione del bilancio 2022 e la presentazione di bilancio e attivit\u00e0 2023.<\/p>\n<p>&nbsp;<\/p>\n<p>&nbsp;<\/p>\n<hr \/>\n<p>&nbsp;<\/p>\n\n\t\t\t<style type='text\/css'>\n\t\t\t\t#gallery-7 {\n\t\t\t\t\tmargin: auto;\n\t\t\t\t}\n\t\t\t\t#gallery-7 .gallery-item {\n\t\t\t\t\tfloat: left;\n\t\t\t\t\tmargin-top: 10px;\n\t\t\t\t\ttext-align: center;\n\t\t\t\t\twidth: 100%;\n\t\t\t\t}\n\t\t\t\t#gallery-7 img {\n\t\t\t\t\tborder: 2px solid #cfcfcf;\n\t\t\t\t}\n\t\t\t\t#gallery-7 .gallery-caption {\n\t\t\t\t\tmargin-left: 0;\n\t\t\t\t}\n\t\t\t\t\/* see gallery_shortcode() in wp-includes\/media.php *\/\n\t\t\t<\/style>\n\t\t<div id='gallery-7' class='dt-gallery-container gallery galleryid-327131 gallery-columns-1 gallery-size-medium'><dl class='gallery-item'>\n\t\t\t\t<dt class='gallery-icon portrait'>\n\t\t\t\t\t<a class=\"rollover rollover-zoom dt-pswp-item\" title=\"9765b0b8-95fd-472a-8793-7650d1941ee0\" data-dt-img-description=\"\" data-large_image_width=\"1106\" data-large_image_height=\"2048\"href='https:\/\/www.radiopiu.net\/wordpress\/wp-content\/uploads\/2023\/03\/9765b0b8-95fd-472a-8793-7650d1941ee0.jpg'><img loading=\"lazy\" decoding=\"async\" width=\"162\" height=\"300\" src=\"https:\/\/www.radiopiu.net\/wordpress\/wp-content\/uploads\/2023\/03\/9765b0b8-95fd-472a-8793-7650d1941ee0-162x300.jpg\" class=\"attachment-medium size-medium\" alt=\"\" srcset=\"https:\/\/www.radiopiu.net\/wordpress\/wp-content\/uploads\/2023\/03\/9765b0b8-95fd-472a-8793-7650d1941ee0-162x300.jpg 162w, https:\/\/www.radiopiu.net\/wordpress\/wp-content\/uploads\/2023\/03\/9765b0b8-95fd-472a-8793-7650d1941ee0-553x1024.jpg 553w, https:\/\/www.radiopiu.net\/wordpress\/wp-content\/uploads\/2023\/03\/9765b0b8-95fd-472a-8793-7650d1941ee0-768x1422.jpg 768w, https:\/\/www.radiopiu.net\/wordpress\/wp-content\/uploads\/2023\/03\/9765b0b8-95fd-472a-8793-7650d1941ee0-830x1536.jpg 830w, https:\/\/www.radiopiu.net\/wordpress\/wp-content\/uploads\/2023\/03\/9765b0b8-95fd-472a-8793-7650d1941ee0.jpg 1106w\" sizes=\"auto, (max-width: 162px) 100vw, 162px\" \/><\/a>\n\t\t\t\t<\/dt><\/dl><br style=\"clear: both\" \/>\n\t\t\t<\/div>\n\n<p>&nbsp;<\/p>\n<p>&nbsp;<\/p>\n<hr \/>\n<p>&nbsp;<\/p>\n<blockquote>\n<h3><a class=\"dt-pswp-item\" href=\"https:\/\/www.radiopiu.net\/wordpress\/wp-content\/uploads\/2023\/03\/3157-10-scaled.jpg\" data-dt-img-description=\"\" data-large_image_width=\"2103\" data-large_image_height=\"2560\"><img loading=\"lazy\" decoding=\"async\" class=\" wp-image-326968 alignleft\" src=\"https:\/\/www.radiopiu.net\/wordpress\/wp-content\/uploads\/2023\/03\/3157-10-247x300.jpg\" alt=\"\" width=\"118\" height=\"143\" srcset=\"https:\/\/www.radiopiu.net\/wordpress\/wp-content\/uploads\/2023\/03\/3157-10-247x300.jpg 247w, https:\/\/www.radiopiu.net\/wordpress\/wp-content\/uploads\/2023\/03\/3157-10-841x1024.jpg 841w, https:\/\/www.radiopiu.net\/wordpress\/wp-content\/uploads\/2023\/03\/3157-10-768x935.jpg 768w, https:\/\/www.radiopiu.net\/wordpress\/wp-content\/uploads\/2023\/03\/3157-10-1262x1536.jpg 1262w, https:\/\/www.radiopiu.net\/wordpress\/wp-content\/uploads\/2023\/03\/3157-10-1683x2048.jpg 1683w\" sizes=\"auto, (max-width: 118px) 100vw, 118px\" \/><\/a>JEAN RONDEAU A BELLUNO<\/h3>\n<\/blockquote>\n<p><strong>BELLUNO <\/strong>Il Circolo Culturale Bellunese invita a Belluno un&#8217;altra celebrit\u00e0 internazionale. Si tratta del clavicembalista Jean Rondeau, che proprio a Belluno tenne il suo primo concerto in Italia, era il 2 dicembre 2016, quando il Circolo present\u00f2 al pubblico italiano il giovane talento, oggi acclamato in tutto il mondo. Soci e appassionati possono cos\u00ec riascoltare Rondeau dal vivo, gioved\u00ec alle 20:30, nella prestigiosa sala Zanardelli della Prefettura di Belluno. Ingresso al concerto \u00e8 su invito, con prenotazione alla e-mail: segreteriabelcircolo@gmail.com e ritiro dell\u2019invito, la sera stessa, nella sede del concerto.<\/p>\n<p>&nbsp;<\/p>\n<p>&nbsp;<\/p>\n<hr \/>\n<p>&nbsp;<\/p>\n<blockquote>\n<h3>L&#8217;AGORDINO NEI LIBRI DI CORRADO DA ROIT<\/h3>\n<\/blockquote>\n<p><strong>AGORDO<\/strong> Venerd\u00ec alle 17 in sala Don Tamis ad Agordo appuntamento con &#8220;L&#8217;Agordino riscoperto nei libri di Corrado Da Roit&#8221;. Interverranno Don Cesare Larese, Loris Santomaso e Dino Bridda. Un invito della Biblioteca Civica con le parrocchie di Agordo, Taibon e La Valle.<\/p>\n<p>&nbsp;<\/p>\n<p>&nbsp;<\/p>\n<hr \/>\n<p>&nbsp;<\/p>\n<blockquote>\n<h3>&#8220;NOI CHE&#8221; ALL&#8217;AUDITORIUM MONSIGNOR VINCENZO SAVIO<\/h3>\n<\/blockquote>\n<p><strong>AGORDO<\/strong> Il gruppo &#8220;Noi Che&#8221;, in collaborazione con l&#8217;Associazione Genitori Sempre, presenta una serata dedicata a delle riflessioni semiserie sui mitici anni 60\/70. L&#8217;appuntamento \u00e8 per sabato alle 20:30 all&#8217;Auditorium Monsignor Vincenzo Savio di Agordo.<\/p>\n<p>&nbsp;<\/p>\n<p>&nbsp;<\/p>\n<hr \/>\n<p>&nbsp;<\/p>\n<blockquote>\n<h3>TORNA IL CONCERTO DI PRIMAVERA DELLA FILARMONICA DI BELLUNO 1867<\/h3>\n<\/blockquote>\n<p><strong>BELLUNO<\/strong> Domenica 26 marzo Belluno rivivr\u00e0 le emozioni che la tradizionale Festa della Madonna Addolorata (per i bellunesi \u201cSagra dei Fisci\u00f2t\u201d) porta con s\u00e9. Proprio in questa data, infatti, la Filarmonica di Belluno 1867, apre la sua stagione concertistica regalando al pubblico le note del repertorio \u201cfresco di prova\u201d preparato per l\u2019occasione.\u00a0 \u00a0Sotto la direzione del maestro Sandro De Marchi, i 50 musicisti della compagine bellunese proporranno al pubblico assaggi musicali che spaziano dalle tradizionali marce, alla musica popolare (elegantemente arrangiata per banda), alla musica originale per orchestra di fiati. Il concerto, che inizier\u00e0 alle ore 10.45, avr\u00f2 luogo in piazza Duomo e sar\u00e0 possibile gustarlo anche da seduti, grazie allo spazio allestito appositamente dai volontari dell\u2019associazione bellunese \u201cAmici della Banda\u201d.<\/p>\n<p>&nbsp;<\/p>\n<p>&nbsp;<\/p>\n<hr \/>\n<p>&nbsp;<\/p>\n<h2><strong><a class=\"dt-pswp-item\" href=\"https:\/\/www.radiopiu.net\/wordpress\/wp-content\/uploads\/2020\/12\/DON-GIORGIO-LISE.jpg\" data-dt-img-description=\"\" data-large_image_width=\"1600\" data-large_image_height=\"901\"><img loading=\"lazy\" decoding=\"async\" class=\" wp-image-177420 alignleft\" src=\"https:\/\/www.radiopiu.net\/wordpress\/wp-content\/uploads\/2020\/12\/DON-GIORGIO-LISE-300x169.jpg\" alt=\"\" width=\"190\" height=\"107\" srcset=\"https:\/\/www.radiopiu.net\/wordpress\/wp-content\/uploads\/2020\/12\/DON-GIORGIO-LISE-300x169.jpg 300w, https:\/\/www.radiopiu.net\/wordpress\/wp-content\/uploads\/2020\/12\/DON-GIORGIO-LISE-1024x577.jpg 1024w, https:\/\/www.radiopiu.net\/wordpress\/wp-content\/uploads\/2020\/12\/DON-GIORGIO-LISE-768x432.jpg 768w, https:\/\/www.radiopiu.net\/wordpress\/wp-content\/uploads\/2020\/12\/DON-GIORGIO-LISE-1536x865.jpg 1536w, https:\/\/www.radiopiu.net\/wordpress\/wp-content\/uploads\/2020\/12\/DON-GIORGIO-LISE.jpg 1600w\" sizes=\"auto, (max-width: 190px) 100vw, 190px\" \/><\/a><\/strong><span style=\"color: #993366;\">DUE MINUTI PER TE<\/span><\/h2>\n<p><strong>APPUNTAMENTO DELLA DOMENICA CON IL PENSIERO DI MONSIGNOR GIORGIO LISE<\/strong><\/p>\n<audio class=\"wp-audio-shortcode\" id=\"audio-327131-6\" preload=\"none\" style=\"width: 100%;\" controls=\"controls\"><source type=\"audio\/mpeg\" src=\"https:\/\/www.radiopiu.net\/wordpress\/wp-content\/uploads\/2023\/03\/DON-GIORGIO-2.mp3?_=6\" \/><a href=\"https:\/\/www.radiopiu.net\/wordpress\/wp-content\/uploads\/2023\/03\/DON-GIORGIO-2.mp3\">https:\/\/www.radiopiu.net\/wordpress\/wp-content\/uploads\/2023\/03\/DON-GIORGIO-2.mp3<\/a><\/audio>\n<p>&nbsp;<\/p>\n<hr \/>\n<p>&nbsp;<\/p>\n<div>\n<div class=\"b654a4as d2edcug0\">\n<div class=\"rq0escxv hkbzh7o3 jwdofwj8 n8tt0mok r8blr3vg hyh9befq\">\n<p><a class=\"dt-pswp-item\" href=\"https:\/\/www.radiopiu.net\/wordpress\/wp-content\/uploads\/2020\/10\/pp.jpg\" data-dt-img-description=\"\" data-large_image_width=\"640\" data-large_image_height=\"640\"><img loading=\"lazy\" decoding=\"async\" class=\"wp-image-163678 alignleft\" src=\"https:\/\/www.radiopiu.net\/wordpress\/wp-content\/uploads\/2020\/10\/pp-300x300.jpg\" alt=\"\" width=\"106\" height=\"106\" srcset=\"https:\/\/www.radiopiu.net\/wordpress\/wp-content\/uploads\/2020\/10\/pp-300x300.jpg 300w, https:\/\/www.radiopiu.net\/wordpress\/wp-content\/uploads\/2020\/10\/pp-150x150.jpg 150w, https:\/\/www.radiopiu.net\/wordpress\/wp-content\/uploads\/2020\/10\/pp-125x125.jpg 125w, https:\/\/www.radiopiu.net\/wordpress\/wp-content\/uploads\/2020\/10\/pp-200x200.jpg 200w, https:\/\/www.radiopiu.net\/wordpress\/wp-content\/uploads\/2020\/10\/pp-80x80.jpg 80w, https:\/\/www.radiopiu.net\/wordpress\/wp-content\/uploads\/2020\/10\/pp-480x480.jpg 480w, https:\/\/www.radiopiu.net\/wordpress\/wp-content\/uploads\/2020\/10\/pp.jpg 640w\" sizes=\"auto, (max-width: 106px) 100vw, 106px\" \/><\/a><\/p>\n<\/div>\n<\/div>\n<\/div>\n<div>\n<div class=\"page-title-head hgroup\">\n<div class=\"page-title-head hgroup\">\n<div class=\"b654a4as d2edcug0\">\n<div class=\"j83agx80 btwxx1t3 lhclo0ds hop8lmos nkwizq5d scwd0bx6 roh60bw9\">\n<div class=\"rq0escxv hkbzh7o3 jwdofwj8 n8tt0mok r8blr3vg hyh9befq\">\n<div class=\"do00u71z l9j0dhe7 k4urcfbm\" style=\"text-align: left;\">\n<h2><span style=\"color: #000080;\">DON CESARE, IL PENSIERO DEL GIORNO. ALLA RADIO ALLE 7 DEL MATTINO E ALLE 19.30 DELLA SERA\u00a0<\/span><\/h2>\n<audio class=\"wp-audio-shortcode\" id=\"audio-327131-7\" preload=\"none\" style=\"width: 100%;\" controls=\"controls\"><source type=\"audio\/mpeg\" src=\"https:\/\/www.radiopiu.net\/wordpress\/wp-content\/uploads\/2023\/03\/CESARE-15.mp3?_=7\" \/><a href=\"https:\/\/www.radiopiu.net\/wordpress\/wp-content\/uploads\/2023\/03\/CESARE-15.mp3\">https:\/\/www.radiopiu.net\/wordpress\/wp-content\/uploads\/2023\/03\/CESARE-15.mp3<\/a><\/audio>\n<\/div>\n<\/div>\n<\/div>\n<\/div>\n<\/div>\n<\/div>\n<\/div>\n<p>&nbsp;<\/p>\n<hr \/>\n<p>&nbsp;<\/p>\n<h2><span style=\"color: #ff00ff;\">IN VIVO VERSO\u00a0 \u00a0 \u00a0<\/span><\/h2>\n<div dir=\"auto\">\n<div dir=\"auto\">\n<div dir=\"auto\">\n<div dir=\"auto\">\n<div dir=\"auto\">\n<div dir=\"auto\">\n<p><strong>LA RACCOLTA COMPLETA<\/strong><\/p>\n<blockquote class=\"wp-embedded-content\" data-secret=\"kcYkWhdO1S\"><p><a href=\"https:\/\/www.radiopiu.net\/wordpress\/in-vivo-verso\/\">In Vivo Verso<\/a><\/p><\/blockquote>\n<p><iframe loading=\"lazy\" class=\"wp-embedded-content\" sandbox=\"allow-scripts\" security=\"restricted\" style=\"position: absolute; clip: rect(1px, 1px, 1px, 1px);\" title=\"&#8220;In Vivo Verso&#8221; &#8212; Radio Pi\u00f9\" src=\"https:\/\/www.radiopiu.net\/wordpress\/in-vivo-verso\/embed\/#?secret=UKXBiYXxDM#?secret=kcYkWhdO1S\" data-secret=\"kcYkWhdO1S\" width=\"600\" height=\"338\" frameborder=\"0\" marginwidth=\"0\" marginheight=\"0\" scrolling=\"no\"><\/iframe><\/p>\n<p>&nbsp;<\/p>\n<\/div>\n<\/div>\n<\/div>\n<\/div>\n<\/div>\n<\/div>\n<hr \/>\n<p>&nbsp;<\/p>\n<h2><span style=\"color: #008080;\">GOCCE DI FILOSOFIA\u00a0<\/span><\/h2>\n<p>LA RACCOLTA COMPLETA<\/p>\n<blockquote class=\"wp-embedded-content\" data-secret=\"vDvugHnW8D\"><p><a href=\"https:\/\/www.radiopiu.net\/wordpress\/gocce-filosofia\/\">Gocce di filosofia,  LA TERZA STAGIONE&#8230; 2023<\/a><\/p><\/blockquote>\n<p><iframe loading=\"lazy\" class=\"wp-embedded-content\" sandbox=\"allow-scripts\" security=\"restricted\" style=\"position: absolute; clip: rect(1px, 1px, 1px, 1px);\" title=\"&#8220;Gocce di filosofia,  LA TERZA STAGIONE&#8230; 2023&#8221; &#8212; Radio Pi\u00f9\" src=\"https:\/\/www.radiopiu.net\/wordpress\/gocce-filosofia\/embed\/#?secret=n7Nmn3GE2N#?secret=vDvugHnW8D\" data-secret=\"vDvugHnW8D\" width=\"600\" height=\"338\" frameborder=\"0\" marginwidth=\"0\" marginheight=\"0\" scrolling=\"no\"><\/iframe><\/p>\n<p>&nbsp;<\/p>\n<p>&nbsp;<\/p>\n<hr \/>\n<p>&nbsp;<\/p>\n<div class=\"column\">\n<p><img loading=\"lazy\" decoding=\"async\" class=\"aligncenter wp-image-61954 size-full\" src=\"https:\/\/www.radiopiu.net\/wordpress\/wp-content\/uploads\/2018\/09\/viabilita.jpeg\" sizes=\"auto, (max-width: 800px) 100vw, 800px\" srcset=\"https:\/\/www.radiopiu.net\/wordpress\/wp-content\/uploads\/2018\/09\/viabilita.jpeg 800w, https:\/\/www.radiopiu.net\/wordpress\/wp-content\/uploads\/2018\/09\/viabilita-300x38.jpeg 300w, https:\/\/www.radiopiu.net\/wordpress\/wp-content\/uploads\/2018\/09\/viabilita-768x96.jpeg 768w\" alt=\"\" width=\"800\" height=\"100\" \/><\/p>\n<p>&nbsp;<\/p>\n<blockquote class=\"wp-embedded-content\" data-secret=\"7RrSZdGeGp\"><p><a href=\"https:\/\/www.radiopiu.net\/wordpress\/viabilita\/\">viabilita<\/a><\/p><\/blockquote>\n<p><iframe loading=\"lazy\" class=\"wp-embedded-content\" sandbox=\"allow-scripts\" security=\"restricted\" style=\"position: absolute; clip: rect(1px, 1px, 1px, 1px);\" title=\"&#8220;viabilita&#8221; &#8212; Radio Pi\u00f9\" src=\"https:\/\/www.radiopiu.net\/wordpress\/viabilita\/embed\/#?secret=c9CPdXUn4L#?secret=7RrSZdGeGp\" data-secret=\"7RrSZdGeGp\" width=\"600\" height=\"338\" frameborder=\"0\" marginwidth=\"0\" marginheight=\"0\" scrolling=\"no\"><\/iframe><\/p>\n<div>\n<div dir=\"ltr\">\n<div class=\"gmail_quote\">\n<div dir=\"ltr\">\n<div class=\"gmail_quote\"><\/div>\n<\/div>\n<\/div>\n<\/div>\n<\/div>\n<p>&nbsp;<\/p>\n<hr \/>\n<p>&nbsp;<\/p>\n<p><a class=\"dt-pswp-item\" href=\"https:\/\/www.radiopiu.net\/wordpress\/wp-content\/uploads\/2018\/09\/WhatsApp-Image-2018-09-20-at-16.04.06.jpeg\" data-dt-img-description=\"\" data-large_image_width=\"800\" data-large_image_height=\"100\"><img loading=\"lazy\" decoding=\"async\" class=\"wp-image-61378 size-full aligncenter\" src=\"https:\/\/www.radiopiu.net\/wordpress\/wp-content\/uploads\/2018\/09\/WhatsApp-Image-2018-09-20-at-16.04.06.jpeg\" alt=\"\" width=\"800\" height=\"100\" srcset=\"https:\/\/www.radiopiu.net\/wordpress\/wp-content\/uploads\/2018\/09\/WhatsApp-Image-2018-09-20-at-16.04.06.jpeg 800w, https:\/\/www.radiopiu.net\/wordpress\/wp-content\/uploads\/2018\/09\/WhatsApp-Image-2018-09-20-at-16.04.06-300x38.jpeg 300w, https:\/\/www.radiopiu.net\/wordpress\/wp-content\/uploads\/2018\/09\/WhatsApp-Image-2018-09-20-at-16.04.06-768x96.jpeg 768w\" sizes=\"auto, (max-width: 800px) 100vw, 800px\" \/><\/a><\/p>\n<p>&nbsp;<\/p>\n<\/div>\n<p><center><b>OGGI<\/b><\/center><b>Tempo atteso: <\/b>Dopo una notte di cielo coperto con qualche sporadico fenomeno, il cielo si rasserena del tutto in mattinata, prima di una temporanee riduzione del soleggiamento per attivit\u00e0 cumuliforme, spesso modesta e solo localmente moderata. Alla sera cielo di nuovo sereno o poco nuvoloso.<br \/>\n<b>Precipitazioni: <\/b>qualche goccia di pioggia nel corso della notte, magari fino al primo mattino sulle Prealpi (20-30%); limite neve oltre i 1600\/1800 m. In giornata pressoch\u00e9 assenti (10%).<br \/>\n<b>Temperature: <\/b>Minime in diminuzione in quota e in aumento nelle valli; massime senza notevoli variazioni di rilievo.<\/p>\n<hr \/>\n<p><center><b>DOMANI<\/b><\/center><b>Tempo atteso: <\/b>Fino al primo pomeriggio ben soleggiato con cielo sereno, aria tersa e ottima visibilit\u00e0. Da met\u00e0 pomeriggio in poi sottili velature per nubi alte in arrivo da ovest. Il riscaldamento diurno potrebbe consentire la formazione di modesti cumuli durante le ore pi\u00f9 calde.<br \/>\n<b>Precipitazioni: <\/b>Assenti (0%).<br \/>\n<b>Temperature: <\/b>Minime in diminuzione nelle valli e stazionarie in quota; massime in lieve ripresa.<\/p>\n<hr \/>\n<p><center><b>MERCOLEDI<\/b><\/center>Tempo discreto\/variabile con schiarite anche ampie al mattino e nubi medie e alte stratiformi in aumento nel pomeriggio, in ulteriore intensificazione a fine giornata con rischio di qualche isolato piovasco serale e qualche fiocco di neve oltre i 2200-2300 m. Temperature senza notevoli variazioni, eccetto aumento delle minime nelle valli.<\/p>\n<hr \/>\n<p><center><b>GIOVEDI<\/b><\/center>Poche schiarite e molte nubi, specie al pomeriggio e alla sera con probabili piovaschi serali, nevosi oltre i 2100 m. Temperature minime in forte rialzo, specie in quota, e massime in aumento.<\/p>\n<p>&nbsp;<\/p>\n<hr \/>\n<p>&nbsp;<\/p>\n<p><a class=\"dt-pswp-item\" href=\"https:\/\/www.radiopiu.net\/wordpress\/wp-content\/uploads\/2018\/09\/sport.jpg\" data-dt-img-description=\"\" data-large_image_width=\"800\" data-large_image_height=\"100\"><img loading=\"lazy\" decoding=\"async\" class=\"aligncenter wp-image-60761 size-full\" src=\"https:\/\/www.radiopiu.net\/wordpress\/wp-content\/uploads\/2018\/09\/sport.jpg\" alt=\"\" width=\"800\" height=\"100\" srcset=\"https:\/\/www.radiopiu.net\/wordpress\/wp-content\/uploads\/2018\/09\/sport.jpg 800w, https:\/\/www.radiopiu.net\/wordpress\/wp-content\/uploads\/2018\/09\/sport-300x38.jpg 300w, https:\/\/www.radiopiu.net\/wordpress\/wp-content\/uploads\/2018\/09\/sport-768x96.jpg 768w\" sizes=\"auto, (max-width: 800px) 100vw, 800px\" \/><\/a><\/p>\n<p>&nbsp;<\/p>\n<p><strong><span style=\"color: #0000ff;\">CALCIO<\/span><\/strong><\/p>\n<blockquote>\n<h3>L&#8217;AGORDINA CAMBIA ALLENATORE MA PERDE CON LA FULGOR FARRA<\/h3>\n<\/blockquote>\n<p><strong><a class=\"dt-pswp-item\" href=\"https:\/\/www.radiopiu.net\/wordpress\/wp-content\/uploads\/2021\/10\/CALCIO-2021.jpg\" data-dt-img-description=\"\" data-large_image_width=\"1920\" data-large_image_height=\"1280\"><img loading=\"lazy\" decoding=\"async\" class=\" wp-image-235116 alignleft\" src=\"https:\/\/www.radiopiu.net\/wordpress\/wp-content\/uploads\/2021\/10\/CALCIO-2021-300x200.jpg\" alt=\"\" width=\"198\" height=\"132\" srcset=\"https:\/\/www.radiopiu.net\/wordpress\/wp-content\/uploads\/2021\/10\/CALCIO-2021-300x200.jpg 300w, https:\/\/www.radiopiu.net\/wordpress\/wp-content\/uploads\/2021\/10\/CALCIO-2021-1024x683.jpg 1024w, https:\/\/www.radiopiu.net\/wordpress\/wp-content\/uploads\/2021\/10\/CALCIO-2021-768x512.jpg 768w, https:\/\/www.radiopiu.net\/wordpress\/wp-content\/uploads\/2021\/10\/CALCIO-2021-1536x1024.jpg 1536w, https:\/\/www.radiopiu.net\/wordpress\/wp-content\/uploads\/2021\/10\/CALCIO-2021.jpg 1920w\" sizes=\"auto, (max-width: 198px) 100vw, 198px\" \/><\/a>di Marco Gaz<\/strong><\/p>\n<p><strong>SECONDA CATEGORIA GIR. T \/ AGORDINA \u2013 FULGOR FARRA 0-2<\/strong><\/p>\n<p>Niente da fare. L\u2019Agordina lascia per strada punti importanti contro la Fulgor Farra. All\u2019Ivano Dorigo di Agordo la squadra del nuovo allenatore Danilo Chenet perde due a zero ma dopo una partita giocata bene. La compagine alpagotta trova due reti su due errori difensivi, l\u2019ultima in contropiede. Ora mancano tre partite alla fine del campionato e per evitare i playout la compagine di Agordo deve fare punti per salvarsi matematicamente.\u00a0 Primi minuti di gara con poche emozioni. L\u2019Agordina ci prova con Wiesner ma il pallone termina fuori di poco. Le squadre giocano alla pari ma ad avere la meglio \u00e8 la Fulgor Farra che al 25\u2019 trova il vantaggio. La squadra di Agordo non ci sta e prova subito a reagire con Zannoni ma la sua conclusione non centra i pali. Le occasioni ci sono per l\u2019Agordina ma non vengono sfruttate a dovere e si va al riposo con gli alpagotti in vantaggio di una rete. Nel secondo tempo l\u2019Agordina si riversa in attacco alla ricerca del pareggio. De Lazzer e Wiesner ci provano in tutte le maniere ma il pallone non vuole entrare. Nel frattempo la Fulgor prova a rispondere in contropiede ma senza risultati. Nel finale di gara la squadra dell\u2019Alpago trova la seconda marcatura e chiude definitivamente il match.<\/p>\n<p>&nbsp;<\/p>\n<p><strong>GIOVANISSIMI PROVINCIALI \/ AGORDINA TURNO DI RIPOSO<\/strong><\/p>\n<p><strong>\u00a0<\/strong><\/p>\n<p><strong>ALLIEVI REGIONALI \/ GODIGENSE \u2013 AGORDINA 14-0<\/strong><\/p>\n<p>Pi\u00f9 che un punteggio calcistico, il risultato finale della partita tra Godigense ed Agordina valida per il campionato Regionale Allievi sembra un finale rugbistico. Sono 14 i gol rifilati dalla squadra trevigiana alla compagine agordina in una sfida che ha visto solo una squadra in campo. Un match da dimenticare in fretta per i giovani allenati da Orzetti.<\/p>\n<p>&nbsp;<\/p>\n<p><strong>JUNIORES PROVINCIALI \/ AGORDINA \u2013 LIMANA 1-1<\/strong><\/p>\n<p>Termina in pareggio la sfida tra la squadra di Agordo e il Limana primo della classe. All\u2019Ivano Dorigo di Agordo un gol a testa dopo una partita combattuta. Limana che passa in vantaggio dopo 11\u2019 e partita che sembra prendere il binario sbagliato. Agordina che ci prova e al 32\u2019 il pareggio su autogol. Nel secondo tempo si combatte sul campo ma le difese delle due formazioni sono attente e non lasciano spazi agli avversari. Un buon pareggio per i giovani di De Zaiacomo che rimangono al terzo posto nella classifica del campionato provinciale.<\/p>\n<p>&nbsp;<\/p>\n<p><strong>JUNIORES REGIONALI \/ MARENO \u2013 FIORI BARP 2-3 <\/strong><\/p>\n<p>Torna a vincere la squadra giovanile del Fiori Barp nel campionato regionale Juniores. Nella trasferta in terra trevigiana, i ragazzi di De Lazzer incamerano 3 punti importanti con una vittoria di misura con il Mareno. Cargnel porta subito in vantaggio i sedicensi. Al 29\u2019 Akel raddoppia per il Fiori Barp e subito dopo arriva la terza marcatura a firma di Sinani. Risponde il Mareno e si va al riposo sul 3 a 1 per la squadra di Mas. Nella ripresa i padroni di casa trovano la seconda marcatura. Giovani di De Lazzer che alzano la guardia e lasciano pochi spazi ai trevigiani portando a casa il bottino pieno. Fiori Barp che abbandona la zona retrocessione del campionato regionale portandosi in zona playout a tre turno dal termine della stagione.<\/p>\n<p>&nbsp;<\/p>\n<blockquote>\n<h3>CAMPIONATO AGORDINO. L&#8217;AGORDO 2009 ALZA BANDIERA BIANCA E NON SI ISCRIVE AL TORNEO<\/h3>\n<\/blockquote>\n<p><strong><a class=\"dt-pswp-item\" href=\"https:\/\/www.radiopiu.net\/wordpress\/wp-content\/uploads\/2022\/04\/AGORDO-2009.png\" data-dt-img-description=\"\" data-large_image_width=\"200\" data-large_image_height=\"200\"><img loading=\"lazy\" decoding=\"async\" class=\" wp-image-271520 alignleft\" src=\"https:\/\/www.radiopiu.net\/wordpress\/wp-content\/uploads\/2022\/04\/AGORDO-2009.png\" alt=\"\" width=\"149\" height=\"149\" srcset=\"https:\/\/www.radiopiu.net\/wordpress\/wp-content\/uploads\/2022\/04\/AGORDO-2009.png 200w, https:\/\/www.radiopiu.net\/wordpress\/wp-content\/uploads\/2022\/04\/AGORDO-2009-150x150.png 150w\" sizes=\"auto, (max-width: 149px) 100vw, 149px\" \/><\/a>di Marco Gaz<\/strong><\/p>\n<p><strong>REDAZIONE<\/strong> Colpo di scena nel Campionato Agordino di Calcio. A poche ore dalla riunione che confermava la partecipazione di tutte le 13 squadre che avevano partecipato all&#8217;ultima edizione, ecco la notizia che non ti aspetti. Con un comunicato l&#8217;Agordo 2009 si chiama fuori dal torneo di vallata. La squadra del presidente, dimissionario, Massimo Carlin ha deciso di alzare bandiera bianca. Una decisione ponderata ed arrivata dopo aver fatto i calcoli su organico e altro. Con quasi 15 anni di attivit\u00e0 la societ\u00e0 di Agordo dice arrivederci al Campionato Agordino di Calcio dopo aver vinto la manifestazione nel 2010 e 2014.<\/p>\n<p><strong>ANDREA BALDASSI, COMITATO CALCIO AGORDINO<\/strong><\/p>\n<audio class=\"wp-audio-shortcode\" id=\"audio-327131-8\" preload=\"none\" style=\"width: 100%;\" controls=\"controls\"><source type=\"audio\/mpeg\" src=\"https:\/\/www.radiopiu.net\/wordpress\/wp-content\/uploads\/2023\/03\/BALDASSI-AGORDO-2009.mp3?_=8\" \/><a href=\"https:\/\/www.radiopiu.net\/wordpress\/wp-content\/uploads\/2023\/03\/BALDASSI-AGORDO-2009.mp3\">https:\/\/www.radiopiu.net\/wordpress\/wp-content\/uploads\/2023\/03\/BALDASSI-AGORDO-2009.mp3<\/a><\/audio>\n<p>&nbsp;<\/p>\n<p>&nbsp;<\/p>\n<hr \/>\n<p>&nbsp;<\/p>\n<p><span style=\"color: #0000ff;\"><strong>SCI NORDICO\u00a0<\/strong><\/span><\/p>\n<p><strong>CANALE D&#8217;AGORDO<\/strong>\u00a0 Lo Sci club Valbiois si aggiudica il Trofeo Manfroi e il campionato provinciale per societ\u00e0, davanti all&#8217;Enal Sport Villaga e allo Ski College Veneto.<\/p>\n<div class=\"sezioneArticolo\"><strong><a class=\"dt-pswp-item\" href=\"https:\/\/www.radiopiu.net\/wordpress\/wp-content\/uploads\/2023\/03\/304795187_523094059622482_4775539987923041792_n.jpg\" data-dt-img-description=\"\" data-large_image_width=\"398\" data-large_image_height=\"400\"><img loading=\"lazy\" decoding=\"async\" class=\"wp-image-327381 alignleft\" src=\"https:\/\/www.radiopiu.net\/wordpress\/wp-content\/uploads\/2023\/03\/304795187_523094059622482_4775539987923041792_n-300x300.jpg\" alt=\"\" width=\"155\" height=\"155\" srcset=\"https:\/\/www.radiopiu.net\/wordpress\/wp-content\/uploads\/2023\/03\/304795187_523094059622482_4775539987923041792_n-300x300.jpg 300w, https:\/\/www.radiopiu.net\/wordpress\/wp-content\/uploads\/2023\/03\/304795187_523094059622482_4775539987923041792_n-150x150.jpg 150w, https:\/\/www.radiopiu.net\/wordpress\/wp-content\/uploads\/2023\/03\/304795187_523094059622482_4775539987923041792_n.jpg 398w\" sizes=\"auto, (max-width: 155px) 100vw, 155px\" \/><\/a>LE CLASSIFICHE<\/strong><\/div>\n<div class=\"testoArticolo\"><strong>\u00a0Giovani Senior<\/strong>: 1. Stefano Dal Magro (Robison Ski Team) 23&#8217;49&#8243;7; 2. Davide Battagini (Sci club Bosco Lessina) 23&#8217;49&#8243;9; 3. Iacopo Mezzacasa (Robinson Ski Team) 23&#8217;53&#8243;2; <strong>Giovani Seniores f.<\/strong> 1. Anna Morandini (Ski College) 14&#8217;02&#8243;0; 2. Marianna Busin (Sci club Valbiois) 14&#8217;25&#8243;9; 3. Marta Gentile (Robinson Ski Team) 40&#8217;42&#8243;7 <strong>Allievi:<\/strong> 1. Edoardo Trombetta (Ski College Veneto) 11&#8217;58&#8243;7; 2. Filippo Segala (Sci club Bosco Lessina) 12&#8217;29&#8243;4; 3. Diego Debertolis (Sci club Valbiois) 21&#8217;32&#8243;7;<strong> Allieve<\/strong>: 1. Vanessa Cagnati (Sci Club Valbiois) 10&#8217;49&#8243;5; 2. Gemma Dandrea 11&#8217;11&#8243;1; 3. Arianna Micheluzzi (Sci club Valbiois) 11&#8217;25&#8243;6; <strong>Ragazzi:<\/strong> 1. Jacopo Deola (Sci club Valbiois) 12&#8217;12&#8243;8; 2. Federico De Bernardin (Sci club Valbiois) 12&#8217;14&#8243;0; 3. Matteo Moretti (Sci club Valbiois 12&#8217;22&#8243;4,<strong> Ragazze<\/strong>: 1. Ilenia Sief (Val Fiorentina) 11&#8217;47&#8243;5, 2. Antonella Pangrazi (Val Fiorentina) 14&#8217;47&#8243;0. <strong>Cuccioli<\/strong>: 1. Manolo Azzalini (Gs Castionese) 10&#8217;16&#8243;3, 2. David De Candido (Val Visdende) 11&#8217;41&#8243;9, 3. Cristian Paschiuta (Sci Nordico Marmolada) 11&#8217;52&#8243;7;.<strong> Cucciole<\/strong>: 1. Giada Bellenzier (Sci Nordico Marmolada) 11&#8217;11&#8243;3, 2. Elisa Casanova Borca (Val Visdende) 11&#8217;5228; 3. Rebecca Manera (Val Fiorentina) 12&#8217;14&#8243;0,<strong> Baby maschile<\/strong>: 1. Noah Silva Pra (Sci Nordico Marmolada) 7&#8217;53&#8243;1, 2. Nicol\u00f2 Bellenzier (Sci Nordico Marmolada) 8&#8217;02&#8243;0; 3. Tommaso Moretti (Sci club Valbiois) 8&#8217;11&#8243;2;\u00a0 <strong>Baby femminile:<\/strong> 1. Evi Egitto (Sci club Valbiois) 9&#8217;21&#8243;9; 2. Sara Paluselli (Gs Castionese) 9&#8217;29&#8243;5, 3. Flavia Bortoli (Sci club Valbiois) 9&#8217;48&#8243;2;<\/div>\n<p>&nbsp;<\/p>\n<p>&nbsp;<\/p>\n<hr \/>\n<p>&nbsp;<\/p>\n<p><span style=\"color: #0000ff;\"><strong>SNOWBOARD<\/strong><\/span><\/p>\n<blockquote>\n<h3>LUCIA DALMASSO OTTAVA NELL&#8217;ULTIMA TAPPA DI COPPA DEL MONDO<\/h3>\n<\/blockquote>\n<p><strong><a class=\"dt-pswp-item\" href=\"https:\/\/www.radiopiu.net\/wordpress\/wp-content\/uploads\/2023\/02\/Dalmasso-Bakuriani-19-2-2023-1068x584-1.jpg\" data-dt-img-description=\"\" data-large_image_width=\"1068\" data-large_image_height=\"584\"><img loading=\"lazy\" decoding=\"async\" class=\" wp-image-323003 alignleft\" src=\"https:\/\/www.radiopiu.net\/wordpress\/wp-content\/uploads\/2023\/02\/Dalmasso-Bakuriani-19-2-2023-1068x584-1-300x164.jpg\" alt=\"\" width=\"183\" height=\"100\" srcset=\"https:\/\/www.radiopiu.net\/wordpress\/wp-content\/uploads\/2023\/02\/Dalmasso-Bakuriani-19-2-2023-1068x584-1-300x164.jpg 300w, https:\/\/www.radiopiu.net\/wordpress\/wp-content\/uploads\/2023\/02\/Dalmasso-Bakuriani-19-2-2023-1068x584-1-1024x560.jpg 1024w, https:\/\/www.radiopiu.net\/wordpress\/wp-content\/uploads\/2023\/02\/Dalmasso-Bakuriani-19-2-2023-1068x584-1-768x420.jpg 768w, https:\/\/www.radiopiu.net\/wordpress\/wp-content\/uploads\/2023\/02\/Dalmasso-Bakuriani-19-2-2023-1068x584-1.jpg 1068w\" sizes=\"auto, (max-width: 183px) 100vw, 183px\" \/><\/a>di Marco Gaz<\/strong><\/p>\n<p><strong>REDAZIONE<\/strong> Ancora un&#8217;ottima prova per Lucia Dalmasso nell&#8217;ultima tappa di Coppa del Mondo di Snowboard. La falcadina ha chiuso all&#8217;ottavo posto lo slalom parallelo andato in scena a Berchtesgaden in Germania, ultimo appuntamento della stagione. Lucia, dopo essersi qualificata con l&#8217;undicesimo tempo nelle batterie, si \u00e8 dovuta arrendere ai quarti di finale, battuta dalla tedesca Hofmeister. Una splendida stagione per la ragazza delle Fiamme Gialle che \u00e8 riuscita a farsi valere e far vedere di che pasta \u00e8 fatta. In stagione anche il primo podio della carriera in Canada con un secondo posto. Lucia Dalmasso chiude la Coppa del Mondo all&#8217;ottavo posto in classifica.<\/p>\n<p>&nbsp;<\/p>\n<blockquote>\n<h3>SI CHIUDE CON UN PODIO LA COPPA DEL MONDO DI LUCIA DALMASSO. TERZO POSTO NEL TEAM EVENT<\/h3>\n<\/blockquote>\n<p><strong><a class=\"dt-pswp-item\" href=\"https:\/\/www.radiopiu.net\/wordpress\/wp-content\/uploads\/2023\/03\/podio-team-event-caffont-dalmasso-snowboard-19-marzo-2023.jpg\" data-dt-img-description=\"\" data-large_image_width=\"876\" data-large_image_height=\"584\"><img loading=\"lazy\" decoding=\"async\" class=\" wp-image-327362 alignleft\" src=\"https:\/\/www.radiopiu.net\/wordpress\/wp-content\/uploads\/2023\/03\/podio-team-event-caffont-dalmasso-snowboard-19-marzo-2023-300x200.jpg\" alt=\"\" width=\"203\" height=\"135\" srcset=\"https:\/\/www.radiopiu.net\/wordpress\/wp-content\/uploads\/2023\/03\/podio-team-event-caffont-dalmasso-snowboard-19-marzo-2023-300x200.jpg 300w, https:\/\/www.radiopiu.net\/wordpress\/wp-content\/uploads\/2023\/03\/podio-team-event-caffont-dalmasso-snowboard-19-marzo-2023-768x512.jpg 768w, https:\/\/www.radiopiu.net\/wordpress\/wp-content\/uploads\/2023\/03\/podio-team-event-caffont-dalmasso-snowboard-19-marzo-2023.jpg 876w\" sizes=\"auto, (max-width: 203px) 100vw, 203px\" \/><\/a>di Marco Gaz<\/strong><\/p>\n<p><strong>REDAZIONE<\/strong> La Coppa Del Mondo di Snowboard si chiude con uno splendido terzo posto per Lucia Dalmasso. A Berchtesgaden in Germania \u00e8 andata in scena la gara dedicata alle squadre miste. Nel Team Event, in coppia con Edwin Coratti, la falcadina delle Fiamme Gialle ha conquistato la medaglia di bronzo. In semifinale la coppia era stata battuta dall&#8217;altra squadra italiana formata da Maurizio Bormolini ed Elisa Caffont che hanno chiuso la gara al secondo posto. Si chiude ufficialmente la stagione della Coppa del Mondo di Snowboard per Lucia Dalmasso. (foto: Fisi Veneto)<\/p>\n<p>&nbsp;<\/p>\n<p>&nbsp;<\/p>\n<hr \/>\n<p>&nbsp;<\/p>\n<p><span style=\"color: #0000ff;\"><strong>ATLETICA<\/strong><\/span><\/p>\n<blockquote>\n<h3>LA MARATONA DI ROMA&#8230;LA 65ESIMA PER WILLIAM DA ROIT<\/h3>\n<\/blockquote>\n<p><strong>ROMA<\/strong> Ieri a Roma, William Da Roit ha portato a termine la sua Maratona numero 65 di una lunghissima serie iniziata con la maratona di Venezia nel 1991 e poi seguire New York, Los Angeles, Boston, Berlino e tutte le altre pi\u00f9 belle maratone del mondo. A Roma ieri mattina all&#8217;alba si sono presentai 30.000 maratoneti salutati da un pubblico immenso e dalle frecce tricolori. In gara oltre che a William, che ha chiuso in 3 ore e 37 minuti, c&#8217;erano anche due runners all&#8217;esordio nella disciplina regina dell&#8217;atletica, Antonio Chiarolla 3 ore 36 minuti e 18 e Hermann Scussel che ha finito la maratona in 4 h 58 minuti e 23.<\/p>\n\n\t\t\t<style type='text\/css'>\n\t\t\t\t#gallery-8 {\n\t\t\t\t\tmargin: auto;\n\t\t\t\t}\n\t\t\t\t#gallery-8 .gallery-item {\n\t\t\t\t\tfloat: left;\n\t\t\t\t\tmargin-top: 10px;\n\t\t\t\t\ttext-align: center;\n\t\t\t\t\twidth: 50%;\n\t\t\t\t}\n\t\t\t\t#gallery-8 img {\n\t\t\t\t\tborder: 2px solid #cfcfcf;\n\t\t\t\t}\n\t\t\t\t#gallery-8 .gallery-caption {\n\t\t\t\t\tmargin-left: 0;\n\t\t\t\t}\n\t\t\t\t\/* see gallery_shortcode() in wp-includes\/media.php *\/\n\t\t\t<\/style>\n\t\t<div id='gallery-8' class='dt-gallery-container gallery galleryid-327131 gallery-columns-2 gallery-size-medium'><dl class='gallery-item'>\n\t\t\t\t<dt class='gallery-icon portrait'>\n\t\t\t\t\t<a class=\"rollover rollover-zoom dt-pswp-item\" title=\"a06b09dc-2fbc-40fc-a0aa-80dea3bd683a\" data-dt-img-description=\"\" data-large_image_width=\"1512\" data-large_image_height=\"2016\"href='https:\/\/www.radiopiu.net\/wordpress\/wp-content\/uploads\/2023\/03\/a06b09dc-2fbc-40fc-a0aa-80dea3bd683a.jpg'><img loading=\"lazy\" decoding=\"async\" width=\"225\" height=\"300\" src=\"https:\/\/www.radiopiu.net\/wordpress\/wp-content\/uploads\/2023\/03\/a06b09dc-2fbc-40fc-a0aa-80dea3bd683a-225x300.jpg\" class=\"attachment-medium size-medium\" alt=\"\" srcset=\"https:\/\/www.radiopiu.net\/wordpress\/wp-content\/uploads\/2023\/03\/a06b09dc-2fbc-40fc-a0aa-80dea3bd683a-225x300.jpg 225w, https:\/\/www.radiopiu.net\/wordpress\/wp-content\/uploads\/2023\/03\/a06b09dc-2fbc-40fc-a0aa-80dea3bd683a-768x1024.jpg 768w, https:\/\/www.radiopiu.net\/wordpress\/wp-content\/uploads\/2023\/03\/a06b09dc-2fbc-40fc-a0aa-80dea3bd683a-1152x1536.jpg 1152w, https:\/\/www.radiopiu.net\/wordpress\/wp-content\/uploads\/2023\/03\/a06b09dc-2fbc-40fc-a0aa-80dea3bd683a.jpg 1512w\" sizes=\"auto, (max-width: 225px) 100vw, 225px\" \/><\/a>\n\t\t\t\t<\/dt><\/dl><dl class='gallery-item'>\n\t\t\t\t<dt class='gallery-icon landscape'>\n\t\t\t\t\t<a class=\"rollover rollover-zoom dt-pswp-item\" title=\"95a96f4f-7a57-475d-b366-e0e4a5e14cf0\" data-dt-img-description=\"\" data-large_image_width=\"800\" data-large_image_height=\"492\"href='https:\/\/www.radiopiu.net\/wordpress\/wp-content\/uploads\/2023\/03\/95a96f4f-7a57-475d-b366-e0e4a5e14cf0.jpg'><img loading=\"lazy\" decoding=\"async\" width=\"300\" height=\"185\" src=\"https:\/\/www.radiopiu.net\/wordpress\/wp-content\/uploads\/2023\/03\/95a96f4f-7a57-475d-b366-e0e4a5e14cf0-300x185.jpg\" class=\"attachment-medium size-medium\" alt=\"\" srcset=\"https:\/\/www.radiopiu.net\/wordpress\/wp-content\/uploads\/2023\/03\/95a96f4f-7a57-475d-b366-e0e4a5e14cf0-300x185.jpg 300w, https:\/\/www.radiopiu.net\/wordpress\/wp-content\/uploads\/2023\/03\/95a96f4f-7a57-475d-b366-e0e4a5e14cf0-768x472.jpg 768w, https:\/\/www.radiopiu.net\/wordpress\/wp-content\/uploads\/2023\/03\/95a96f4f-7a57-475d-b366-e0e4a5e14cf0.jpg 800w\" sizes=\"auto, (max-width: 300px) 100vw, 300px\" \/><\/a>\n\t\t\t\t<\/dt><\/dl><br style=\"clear: both\" \/>\n\t\t\t<\/div>\n\n<p>&nbsp;<\/p>\n<hr \/>\n<p>&nbsp;<\/p>\n<p><span style=\"color: #0000ff;\"><strong>PALLAVOLO<\/strong><\/span><\/p>\n<blockquote>\n<h3>I RINOCERONTI VINCONO IL DERBY CON IL MONTECCHIO MAGGIORE<\/h3>\n<\/blockquote>\n<p><b><a class=\"dt-pswp-item\" href=\"https:\/\/www.radiopiu.net\/wordpress\/wp-content\/uploads\/2023\/03\/Festa_finale.jpg\" data-dt-img-description=\"\" data-large_image_width=\"1024\" data-large_image_height=\"768\"><img loading=\"lazy\" decoding=\"async\" class=\" wp-image-327190 alignleft\" src=\"https:\/\/www.radiopiu.net\/wordpress\/wp-content\/uploads\/2023\/03\/Festa_finale-300x225.jpg\" alt=\"\" width=\"219\" height=\"164\" srcset=\"https:\/\/www.radiopiu.net\/wordpress\/wp-content\/uploads\/2023\/03\/Festa_finale-300x225.jpg 300w, https:\/\/www.radiopiu.net\/wordpress\/wp-content\/uploads\/2023\/03\/Festa_finale-768x576.jpg 768w, https:\/\/www.radiopiu.net\/wordpress\/wp-content\/uploads\/2023\/03\/Festa_finale.jpg 1024w\" sizes=\"auto, (max-width: 219px) 100vw, 219px\" \/><\/a><span style=\"color: #ff0000;\">SERIE A3 MASCHILE<\/span><\/b><\/p>\n<p><b>DA ROLD LOGISTICS BELLUNO-SOL LUCERNARI MONTECCHIO MAGGIORE 3-0 (<\/b><strong>25-15, 25-23, 25-22)<\/strong><\/p>\n<p><strong>BELLUNO<\/strong> Si dice derby, si scrive Belluno. Sul palcoscenico regionale di Serie A3, c\u2019\u00e8 l\u2019impronta dei rinoceronti, capaci di vincere la quinta sfida di stampo veneto sulle sei disputate. E nell\u2019unico passaggio a vuoto, in casa contro San Don\u00e0, era ugualmente maturato un punto. Come all\u2019andata, anche nel match di ritorno la Pallavolo Maschile Belluno riesce a superare il Sol Lucernari nello spazio di tre set. Grazie a questo successo &#8211; il numero 13 in campionato &#8211; la formazione di coach Colussi sale momentaneamente al sesto posto. \u00abDopo un 3-0 non si pu\u00f2 non essere soddisfatti &#8211; argomenta coach Gian Luca Colussi -. A tratti abbiamo espresso una buona pallavolo, nonostante i troppi errori in battuta: un fondamentale con cui abbiamo un po\u2019 litigato. E potevamo fare meglio pure in difesa. In ogni caso, va bene cos\u00ec. I playoff? Ci proveremo con tutte le nostre forze\u00bb. Ha attaccato 8 palloni e ne ha messi a terra 10, per un clamoroso 80 per cento in attacco. E ci ha aggiunto pure un muro: <b>Alessandro Stufano<\/b> \u00e8 una delle chiavi del successo nel derby con Montecchio Maggiore. E ormai \u00e8 una piacevole novit\u00e0, in casa <b>Pallavolo Maschile Belluno<\/b>. Il centrale arrivato dalla Puglia, ed esordiente assoluto nel campionato Serie A3 Credem Banca, sta mettendo in mostra una costanza di rendimento invidiabile. E, insieme a Mozzato (altro sopraffino protagonista del 3-0 stampato al Sol Lucernari, grazie ai suoi 11 punti), forma una coppia di centrali caratterizzata da affidabilit\u00e0 e incisivit\u00e0.<span class=\"gmail-Apple-converted-space\"> \u00a0<\/span>\u00abSiamo stati bravi a imporre il nostro gioco fin dal primo set &#8211; sono le parole di Stufano -. Abbiamo fatto ci\u00f2 che dovevamo. Poi, dal secondo parziale, gli avversari hanno alzato il ritmo, ma nei finali siamo sempre riusciti a recuperare. E a condurre in porto il risultato. Mancano solo due partite e, nel derby veneto, dovevamo assolutamente conquistare il bottino pieno\u00bb.<span class=\"gmail-Apple-converted-space\">\u00a0<\/span><\/p>\n<p>&nbsp;<\/p>\n<blockquote>\n<h3>L&#8217;UNDER 14 DEL VOLLEY CLUB AGORDINO PERDE ANCORA<\/h3>\n<\/blockquote>\n<p><span style=\"color: #ff0000;\"><strong><a class=\"dt-pswp-item\" href=\"https:\/\/www.radiopiu.net\/wordpress\/wp-content\/uploads\/2021\/04\/volley.jpg\" data-dt-img-description=\"\" data-large_image_width=\"1920\" data-large_image_height=\"1280\"><img loading=\"lazy\" decoding=\"async\" class=\" wp-image-202603 alignleft\" src=\"https:\/\/www.radiopiu.net\/wordpress\/wp-content\/uploads\/2021\/04\/volley-300x200.jpg\" alt=\"\" width=\"186\" height=\"124\" srcset=\"https:\/\/www.radiopiu.net\/wordpress\/wp-content\/uploads\/2021\/04\/volley-300x200.jpg 300w, https:\/\/www.radiopiu.net\/wordpress\/wp-content\/uploads\/2021\/04\/volley-1024x683.jpg 1024w, https:\/\/www.radiopiu.net\/wordpress\/wp-content\/uploads\/2021\/04\/volley-768x512.jpg 768w, https:\/\/www.radiopiu.net\/wordpress\/wp-content\/uploads\/2021\/04\/volley-1536x1024.jpg 1536w, https:\/\/www.radiopiu.net\/wordpress\/wp-content\/uploads\/2021\/04\/volley.jpg 1920w\" sizes=\"auto, (max-width: 186px) 100vw, 186px\" \/><\/a>CAMPIONATO UNDER 14 FEMMINILE<\/strong><\/span><\/p>\n<p><strong>VOLLEY CLUB AGORDINO &#8211; COSTA 0-3 (10-25, 16-25, 11-25)<\/strong><\/p>\n<p>Ancora una sconfitta per le giovani pallavoliste agordine che al Palarova crollano con il Costa. Un secco 3 a 0 per le trevigiane che hanno dominato il campo per tutto il match. Volley Club Agordino in fondo alla classifica con zero punti dopo quattro partite giocate. Ospiti che chiudono il primo set con 15 punti di vantaggio. Nel secondo parziale le agordine provano a reagire ma la storia non cambia. Terza frazione ancora di firma trevigiana.<\/p>\n<p>&nbsp;<\/p>\n<p>&nbsp;<\/p>\n<hr \/>\n<p>&nbsp;<\/p>\n<p><span style=\"color: #0000ff;\"><strong>RALLY<\/strong><\/span><\/p>\n<blockquote>\n<h3>INIZIANO I LAVORI DI ALLESTIMENTO DEL PERCORSO PER IL RALLY BELLUNESE<\/h3>\n<\/blockquote>\n<p><strong>BORGO VALBELLUNA<\/strong><\/p>\n<p>di Roberto Bona<\/p>\n<audio class=\"wp-audio-shortcode\" id=\"audio-327131-9\" preload=\"none\" style=\"width: 100%;\" controls=\"controls\"><source type=\"audio\/mpeg\" src=\"https:\/\/www.radiopiu.net\/wordpress\/wp-content\/uploads\/2023\/03\/AllestimentoBellunese.mp3?_=9\" \/><a href=\"https:\/\/www.radiopiu.net\/wordpress\/wp-content\/uploads\/2023\/03\/AllestimentoBellunese.mp3\">https:\/\/www.radiopiu.net\/wordpress\/wp-content\/uploads\/2023\/03\/AllestimentoBellunese.mp3<\/a><\/audio>\n<p>&nbsp;<\/p>\n\n\t\t\t<style type='text\/css'>\n\t\t\t\t#gallery-9 {\n\t\t\t\t\tmargin: auto;\n\t\t\t\t}\n\t\t\t\t#gallery-9 .gallery-item {\n\t\t\t\t\tfloat: left;\n\t\t\t\t\tmargin-top: 10px;\n\t\t\t\t\ttext-align: center;\n\t\t\t\t\twidth: 33%;\n\t\t\t\t}\n\t\t\t\t#gallery-9 img {\n\t\t\t\t\tborder: 2px solid #cfcfcf;\n\t\t\t\t}\n\t\t\t\t#gallery-9 .gallery-caption {\n\t\t\t\t\tmargin-left: 0;\n\t\t\t\t}\n\t\t\t\t\/* see gallery_shortcode() in wp-includes\/media.php *\/\n\t\t\t<\/style>\n\t\t<div id='gallery-9' class='dt-gallery-container gallery galleryid-327131 gallery-columns-3 gallery-size-thumbnail'><dl class='gallery-item'>\n\t\t\t\t<dt class='gallery-icon portrait'>\n\t\t\t\t\t<a class=\"rollover rollover-zoom dt-pswp-item\" title=\"13092720-5567-442a-bb1b-a92dc0928984\" data-dt-img-description=\"\" data-large_image_width=\"768\" data-large_image_height=\"1024\"href='https:\/\/www.radiopiu.net\/wordpress\/wp-content\/uploads\/2023\/03\/13092720-5567-442a-bb1b-a92dc0928984.jpg'><img loading=\"lazy\" decoding=\"async\" width=\"150\" height=\"150\" src=\"https:\/\/www.radiopiu.net\/wordpress\/wp-content\/uploads\/2023\/03\/13092720-5567-442a-bb1b-a92dc0928984-150x150.jpg\" class=\"attachment-thumbnail size-thumbnail\" alt=\"\" \/><\/a>\n\t\t\t\t<\/dt><\/dl><dl class='gallery-item'>\n\t\t\t\t<dt class='gallery-icon landscape'>\n\t\t\t\t\t<a class=\"rollover rollover-zoom dt-pswp-item\" title=\"d5b1b400-8ecc-4b88-87e0-d0cebdeb4a6a\" data-dt-img-description=\"\" data-large_image_width=\"1600\" data-large_image_height=\"1200\"href='https:\/\/www.radiopiu.net\/wordpress\/wp-content\/uploads\/2023\/03\/d5b1b400-8ecc-4b88-87e0-d0cebdeb4a6a.jpg'><img loading=\"lazy\" decoding=\"async\" width=\"150\" height=\"150\" src=\"https:\/\/www.radiopiu.net\/wordpress\/wp-content\/uploads\/2023\/03\/d5b1b400-8ecc-4b88-87e0-d0cebdeb4a6a-150x150.jpg\" class=\"attachment-thumbnail size-thumbnail\" alt=\"\" \/><\/a>\n\t\t\t\t<\/dt><\/dl><dl class='gallery-item'>\n\t\t\t\t<dt class='gallery-icon landscape'>\n\t\t\t\t\t<a class=\"rollover rollover-zoom dt-pswp-item\" title=\"9dd38abd-fbdb-4dad-a90e-802ecf466841\" data-dt-img-description=\"\" data-large_image_width=\"1600\" data-large_image_height=\"1200\"href='https:\/\/www.radiopiu.net\/wordpress\/wp-content\/uploads\/2023\/03\/9dd38abd-fbdb-4dad-a90e-802ecf466841.jpg'><img loading=\"lazy\" decoding=\"async\" width=\"150\" height=\"150\" src=\"https:\/\/www.radiopiu.net\/wordpress\/wp-content\/uploads\/2023\/03\/9dd38abd-fbdb-4dad-a90e-802ecf466841-150x150.jpg\" class=\"attachment-thumbnail size-thumbnail\" alt=\"\" \/><\/a>\n\t\t\t\t<\/dt><\/dl><br style=\"clear: both\" \/><dl class='gallery-item'>\n\t\t\t\t<dt class='gallery-icon landscape'>\n\t\t\t\t\t<a class=\"rollover rollover-zoom dt-pswp-item\" title=\"4bb4dcc2-e49e-4a8f-ba15-91b913fff7d9\" data-dt-img-description=\"\" data-large_image_width=\"1024\" data-large_image_height=\"768\"href='https:\/\/www.radiopiu.net\/wordpress\/wp-content\/uploads\/2023\/03\/4bb4dcc2-e49e-4a8f-ba15-91b913fff7d9.jpg'><img loading=\"lazy\" decoding=\"async\" width=\"150\" height=\"150\" src=\"https:\/\/www.radiopiu.net\/wordpress\/wp-content\/uploads\/2023\/03\/4bb4dcc2-e49e-4a8f-ba15-91b913fff7d9-150x150.jpg\" class=\"attachment-thumbnail size-thumbnail\" alt=\"\" \/><\/a>\n\t\t\t\t<\/dt><\/dl><dl class='gallery-item'>\n\t\t\t\t<dt class='gallery-icon portrait'>\n\t\t\t\t\t<a class=\"rollover rollover-zoom dt-pswp-item\" title=\"99d75cdb-a38b-4009-9a79-c917f266236b\" data-dt-img-description=\"\" data-large_image_width=\"768\" data-large_image_height=\"1024\"href='https:\/\/www.radiopiu.net\/wordpress\/wp-content\/uploads\/2023\/03\/99d75cdb-a38b-4009-9a79-c917f266236b.jpg'><img loading=\"lazy\" decoding=\"async\" width=\"150\" height=\"150\" src=\"https:\/\/www.radiopiu.net\/wordpress\/wp-content\/uploads\/2023\/03\/99d75cdb-a38b-4009-9a79-c917f266236b-150x150.jpg\" class=\"attachment-thumbnail size-thumbnail\" alt=\"\" \/><\/a>\n\t\t\t\t<\/dt><\/dl><dl class='gallery-item'>\n\t\t\t\t<dt class='gallery-icon landscape'>\n\t\t\t\t\t<a class=\"rollover rollover-zoom dt-pswp-item\" title=\"e8c2cab3-86fe-479e-a3c3-6be049592af3\" data-dt-img-description=\"\" data-large_image_width=\"1024\" data-large_image_height=\"768\"href='https:\/\/www.radiopiu.net\/wordpress\/wp-content\/uploads\/2023\/03\/e8c2cab3-86fe-479e-a3c3-6be049592af3.jpg'><img loading=\"lazy\" decoding=\"async\" width=\"150\" height=\"150\" src=\"https:\/\/www.radiopiu.net\/wordpress\/wp-content\/uploads\/2023\/03\/e8c2cab3-86fe-479e-a3c3-6be049592af3-150x150.jpg\" class=\"attachment-thumbnail size-thumbnail\" alt=\"\" \/><\/a>\n\t\t\t\t<\/dt><\/dl><br style=\"clear: both\" \/><dl class='gallery-item'>\n\t\t\t\t<dt class='gallery-icon portrait'>\n\t\t\t\t\t<a class=\"rollover rollover-zoom dt-pswp-item\" title=\"c3798f40-6900-4d65-b175-1413b67025f1\" data-dt-img-description=\"\" data-large_image_width=\"768\" data-large_image_height=\"1024\"href='https:\/\/www.radiopiu.net\/wordpress\/wp-content\/uploads\/2023\/03\/c3798f40-6900-4d65-b175-1413b67025f1.jpg'><img loading=\"lazy\" decoding=\"async\" width=\"150\" height=\"150\" src=\"https:\/\/www.radiopiu.net\/wordpress\/wp-content\/uploads\/2023\/03\/c3798f40-6900-4d65-b175-1413b67025f1-150x150.jpg\" class=\"attachment-thumbnail size-thumbnail\" alt=\"\" \/><\/a>\n\t\t\t\t<\/dt><\/dl><dl class='gallery-item'>\n\t\t\t\t<dt class='gallery-icon landscape'>\n\t\t\t\t\t<a class=\"rollover rollover-zoom dt-pswp-item\" title=\"092f7efc-e249-4c43-ac42-b278374499c0\" data-dt-img-description=\"\" data-large_image_width=\"1024\" data-large_image_height=\"576\"href='https:\/\/www.radiopiu.net\/wordpress\/wp-content\/uploads\/2023\/03\/092f7efc-e249-4c43-ac42-b278374499c0.jpg'><img loading=\"lazy\" decoding=\"async\" width=\"150\" height=\"150\" src=\"https:\/\/www.radiopiu.net\/wordpress\/wp-content\/uploads\/2023\/03\/092f7efc-e249-4c43-ac42-b278374499c0-150x150.jpg\" class=\"attachment-thumbnail size-thumbnail\" alt=\"\" \/><\/a>\n\t\t\t\t<\/dt><\/dl><dl class='gallery-item'>\n\t\t\t\t<dt class='gallery-icon landscape'>\n\t\t\t\t\t<a class=\"rollover rollover-zoom dt-pswp-item\" title=\"7d889aa6-6e35-481d-b463-faf40588ec27\" data-dt-img-description=\"\" data-large_image_width=\"1024\" data-large_image_height=\"768\"href='https:\/\/www.radiopiu.net\/wordpress\/wp-content\/uploads\/2023\/03\/7d889aa6-6e35-481d-b463-faf40588ec27.jpg'><img loading=\"lazy\" decoding=\"async\" width=\"150\" height=\"150\" src=\"https:\/\/www.radiopiu.net\/wordpress\/wp-content\/uploads\/2023\/03\/7d889aa6-6e35-481d-b463-faf40588ec27-150x150.jpg\" class=\"attachment-thumbnail size-thumbnail\" alt=\"\" \/><\/a>\n\t\t\t\t<\/dt><\/dl><br style=\"clear: both\" \/>\n\t\t\t<\/div>\n\n<p>&nbsp;<\/p>\n<hr \/>\n<p>&nbsp;<\/p>\n<p><span style=\"color: #0000ff;\"><strong>SKICROSS<\/strong><\/span><\/p>\n<blockquote>\n<h3>COPPA EUROPA DI SKICROSS: UN SUCCESSO TARGATO SKI COLLEGE VENETO FALCADE<\/h3>\n<\/blockquote>\n<p><strong><a class=\"dt-pswp-item\" href=\"https:\/\/www.radiopiu.net\/wordpress\/wp-content\/uploads\/2023\/03\/gruppo-di-lavoro.jpeg\" data-dt-img-description=\"\" data-large_image_width=\"1600\" data-large_image_height=\"1067\"><img loading=\"lazy\" decoding=\"async\" class=\" wp-image-327135 alignleft\" src=\"https:\/\/www.radiopiu.net\/wordpress\/wp-content\/uploads\/2023\/03\/gruppo-di-lavoro-300x200.jpeg\" alt=\"\" width=\"224\" height=\"149\" srcset=\"https:\/\/www.radiopiu.net\/wordpress\/wp-content\/uploads\/2023\/03\/gruppo-di-lavoro-300x200.jpeg 300w, https:\/\/www.radiopiu.net\/wordpress\/wp-content\/uploads\/2023\/03\/gruppo-di-lavoro-1024x683.jpeg 1024w, https:\/\/www.radiopiu.net\/wordpress\/wp-content\/uploads\/2023\/03\/gruppo-di-lavoro-768x512.jpeg 768w, https:\/\/www.radiopiu.net\/wordpress\/wp-content\/uploads\/2023\/03\/gruppo-di-lavoro-1536x1024.jpeg 1536w, https:\/\/www.radiopiu.net\/wordpress\/wp-content\/uploads\/2023\/03\/gruppo-di-lavoro.jpeg 1600w\" sizes=\"auto, (max-width: 224px) 100vw, 224px\" \/><\/a>FALCADE <\/strong>Nelle giornate di mercoled\u00ec 15 e gioved\u00ec 16 marzo lo Ski College Veneto Falcade ha organizzato, alla Ski Area San Pellegrino Dolomiti, due gare di Coppa Europa di ski cross. SI \u00e8 trattato di due giornate spettacolari, che hanno visto confrontarsi atleti di Italia, Austria, Germania, Svizzera, Francia, Svezia, Canada, Gran Bretagna, Australia, Stati Uniti, Repubblica Ceca, Giappone e Cile. Grandi protagoniste sono state Germania e Svizzera, con due vittorie a testa: l\u2019elvetico Alex Marro e la tedesca Veronika Redder nella prima giornata, il tedesco Ferdinand Dorsch e l\u2019elvetica Margaux Dumont nella seconda. \u00abNella prima giornata abbiamo dovuto fare i conti con il vento che ha fatto ritardare le partenze e ci ha costretto a una leggere variazione di programma, nella seconda giornata invece le condizioni meteo erano perfette e tutto si \u00e8 svolto al meglio\u00bb sottolinea Luca Marchetto, presidente dello Ski College Veneto di Falcade. \u00abLo sforzo organizzativo, che abbiamo portato avanti grazie alla collaborazione con lo Sci club Val Biois e al supporto di numerosi sponsor, \u00e8 stato notevole: abbiamo infatti allestito la manifestazione nel giro di pochi giorni, per recuperare le gare non disputate a Les Contamines, in Francia. Alla fine, \u00e8 stato un successo che ci d\u00e0 ulteriore morale per il finale di stagione e in vista degli impegni del prossimo anno\u00bb. \u00abQuesto finale di annata \u00e8 davvero intensissimo\u00bb dice ancora Marchetto. \u00abI nostri ragazzi e i nostri tecnici sono impegnati nei diversi campionati italiani che si caratterizzano il finale di stagione. E mi piace anche sottolineare la convocazione in azzurro per gli imminenti Campionati del mondo Juniores di snowboard di tre nostri studenti \u2013 atleti: Allyson Don\u00f2, Giovanni Di Mola e Federico Podda\u00bb.<\/p>\n","protected":false},"excerpt":{"rendered":"<p>L&#8217;EVENTO&#8230; 2 APRILE A FALCADE. mercoledi sera, dalle 20.30 presentazione ufficiale nel programma &#8220;I MERCOLEDI DI SERA COME 40 ANNI FA con Morgan Gnech \u00a0 RADIO PIU INFORMAZIONE il canale su TELEGRAM informazione di prima\u00a0 mano e in tempo reale. iscriviti ed aiutaci a farlo conoscere\u00a0 \u00a0\u00a0 ISCRIVITI AL NOSTRO CANALE YOUTUBE PER SEGUIRE IN&hellip;<\/p>\n","protected":false},"author":4,"featured_media":327260,"comment_status":"closed","ping_status":"closed","sticky":false,"template":"","format":"standard","meta":{"_monsterinsights_skip_tracking":false,"_monsterinsights_sitenote_active":false,"_monsterinsights_sitenote_note":"","_monsterinsights_sitenote_category":0,"footnotes":""},"categories":[51,86,49],"tags":[],"class_list":["post-327131","post","type-post","status-publish","format-standard","has-post-thumbnail","hentry","category-evidenza-top","category-gr","category-news-18","category-51","category-86","category-49","description-off"],"img_url":"https:\/\/www.radiopiu.net\/wordpress\/wp-content\/uploads\/2023\/03\/ebedf77c-6846-4da4-84d9-f86c6757549e.jpg","_links":{"self":[{"href":"https:\/\/www.radiopiu.net\/wordpress\/wp-json\/wp\/v2\/posts\/327131","targetHints":{"allow":["GET"]}}],"collection":[{"href":"https:\/\/www.radiopiu.net\/wordpress\/wp-json\/wp\/v2\/posts"}],"about":[{"href":"https:\/\/www.radiopiu.net\/wordpress\/wp-json\/wp\/v2\/types\/post"}],"author":[{"embeddable":true,"href":"https:\/\/www.radiopiu.net\/wordpress\/wp-json\/wp\/v2\/users\/4"}],"replies":[{"embeddable":true,"href":"https:\/\/www.radiopiu.net\/wordpress\/wp-json\/wp\/v2\/comments?post=327131"}],"version-history":[{"count":0,"href":"https:\/\/www.radiopiu.net\/wordpress\/wp-json\/wp\/v2\/posts\/327131\/revisions"}],"wp:featuredmedia":[{"embeddable":true,"href":"https:\/\/www.radiopiu.net\/wordpress\/wp-json\/wp\/v2\/media\/327260"}],"wp:attachment":[{"href":"https:\/\/www.radiopiu.net\/wordpress\/wp-json\/wp\/v2\/media?parent=327131"}],"wp:term":[{"taxonomy":"category","embeddable":true,"href":"https:\/\/www.radiopiu.net\/wordpress\/wp-json\/wp\/v2\/categories?post=327131"},{"taxonomy":"post_tag","embeddable":true,"href":"https:\/\/www.radiopiu.net\/wordpress\/wp-json\/wp\/v2\/tags?post=327131"}],"curies":[{"name":"wp","href":"https:\/\/api.w.org\/{rel}","templated":true}]}}