{"id":327160,"date":"2023-03-18T16:05:01","date_gmt":"2023-03-18T15:05:01","guid":{"rendered":"https:\/\/www.radiopiu.net\/wordpress\/?p=327160"},"modified":"2023-03-18T16:05:01","modified_gmt":"2023-03-18T15:05:01","slug":"casa-di-comunita-e-nuovo-centro-prelievi-di-belluno-approvato-il-progetto-esecutivo-e-affidati-i-lavori","status":"publish","type":"post","link":"https:\/\/www.radiopiu.net\/wordpress\/casa-di-comunita-e-nuovo-centro-prelievi-di-belluno-approvato-il-progetto-esecutivo-e-affidati-i-lavori\/","title":{"rendered":"CASA DI COMUNITA&#8217; E NUOVO CENTRO PRELIEVI DI BELLUNO: APPROVATO IL PROGETTO ESECUTIVO E AFFIDATI I LAVORI"},"content":{"rendered":"<p><strong><a class=\"dt-pswp-item\" href=\"https:\/\/www.radiopiu.net\/wordpress\/wp-content\/uploads\/2021\/03\/ULSS-1.jpg\" data-dt-img-description=\"\" data-large_image_width=\"776\" data-large_image_height=\"408\"><img loading=\"lazy\" decoding=\"async\" class=\" wp-image-198838 alignleft\" src=\"https:\/\/www.radiopiu.net\/wordpress\/wp-content\/uploads\/2021\/03\/ULSS-1-300x158.jpg\" alt=\"\" width=\"205\" height=\"108\" srcset=\"https:\/\/www.radiopiu.net\/wordpress\/wp-content\/uploads\/2021\/03\/ULSS-1-300x158.jpg 300w, https:\/\/www.radiopiu.net\/wordpress\/wp-content\/uploads\/2021\/03\/ULSS-1-768x404.jpg 768w, https:\/\/www.radiopiu.net\/wordpress\/wp-content\/uploads\/2021\/03\/ULSS-1.jpg 776w\" sizes=\"auto, (max-width: 205px) 100vw, 205px\" \/><\/a>BELLUNO <\/strong>Sono stati affidati i lavori per la realizzazione della Casa di Comunit\u00e0 di Belluno e del nuovo centro prelievi di Belluno. La nuova Casa di Comunit\u00e0 a Belluno sar\u00e0 realizzata all\u2019interno dell\u2019esistente Presidio Ospedaliero, presso l\u2019\u201cEx Convento Cistercense dei Santi Gervasio e Protasio\u201d, mediante la ristrutturazione di parte del complesso monastico esistente di propriet\u00e0 dell\u2019Azienda ULSS 1 Dolomiti e la costruzione di un nuovo moderno volume che sostituir\u00e0 l\u2019attuale edificio costruito negli anni \u201970, dove trover\u00e0 spazio, al piano terra, il nuovo centro prelievi. Il progetto esecutivo approvato \u00e8 stato realizzato dallo studio Striolo Fochesato &amp; partner, a cui \u00e8 stata affidata la direzione lavori. L\u2019intervento comporta inoltre il miglioramento sismico dell\u2019edificio esistente, attraverso una serie di interventi coordinati sulle fondazioni, sulle elevazioni e sulla copertura, in modo da garantire il rispetto delle vigenti normative. Per la nuova edificazione si seguiranno le moderne tecniche per la realizzazione di edifici antisismici. Verranno completamente rifatti gli impianti meccanici, elettrici e speciali. Al piano terra saranno realizzati, oltre ad una zona dedicata all\u2019ingresso e destinata anche al Punto Unico di Accesso e agli spogliatoi del personale, due aree funzionali principali, tra loro indipendenti, connesse a partire dall\u2019atrio d\u2019ingresso, il Centro prelievi e l&#8217;area dell\u2019ADI (Assistenza Domiciliare Integrata) e dell&#8217;UCA (Unit\u00e0 di Continuit\u00e0 Assistenziale). Al piano terra saranno disponibili, inoltre, aree di attesa per i visitatori, servizi igienici per il personale e gli utenti, locali tecnici (quadri elettrici, dati). Al primo piano troveranno posto tre zone funzionali distinte: una dedicata ai servizi cronici, una ai servizi territoriali per l\u2019area materno-infantile e una per le assistenti sociali e altri servizi territoriali. Infine, sar\u00e0 riorganizzata anche la viabilit\u00e0 esterna e dell\u2019area di sosta. L\u2019esecuzione dei lavori, in adesione all\u2019accordo quadro in corso di stipula da parte di Azienda Zero, \u00e8 stata affidata al Consorzio Ciro Menotti di Ravenna per un importo dei lavori pari a circa 4 milioni di euro. I lavori sono finanziati tramite 1,5 milioni dal PNRR, 2 milioni di FSR oltre che fondi aziendali e regionali.<\/p>\n<p>&nbsp;<\/p>\n<p>&nbsp;<\/p>\n<p>*******<\/p>\n","protected":false},"excerpt":{"rendered":"<p>BELLUNO Sono stati affidati i lavori per la realizzazione della Casa di Comunit\u00e0 di Belluno e del nuovo centro prelievi di Belluno. La nuova Casa di Comunit\u00e0 a Belluno sar\u00e0 realizzata all\u2019interno dell\u2019esistente Presidio Ospedaliero, presso l\u2019\u201cEx Convento Cistercense dei Santi Gervasio e Protasio\u201d, mediante la ristrutturazione di parte del complesso monastico esistente di propriet\u00e0&hellip;<\/p>\n","protected":false},"author":4,"featured_media":198838,"comment_status":"closed","ping_status":"closed","sticky":false,"template":"","format":"standard","meta":{"_monsterinsights_skip_tracking":false,"_monsterinsights_sitenote_active":false,"_monsterinsights_sitenote_note":"","_monsterinsights_sitenote_category":0,"footnotes":""},"categories":[49],"tags":[],"class_list":["post-327160","post","type-post","status-publish","format-standard","has-post-thumbnail","hentry","category-news-18","category-49","description-off"],"img_url":"https:\/\/www.radiopiu.net\/wordpress\/wp-content\/uploads\/2021\/03\/ULSS-1.jpg","_links":{"self":[{"href":"https:\/\/www.radiopiu.net\/wordpress\/wp-json\/wp\/v2\/posts\/327160","targetHints":{"allow":["GET"]}}],"collection":[{"href":"https:\/\/www.radiopiu.net\/wordpress\/wp-json\/wp\/v2\/posts"}],"about":[{"href":"https:\/\/www.radiopiu.net\/wordpress\/wp-json\/wp\/v2\/types\/post"}],"author":[{"embeddable":true,"href":"https:\/\/www.radiopiu.net\/wordpress\/wp-json\/wp\/v2\/users\/4"}],"replies":[{"embeddable":true,"href":"https:\/\/www.radiopiu.net\/wordpress\/wp-json\/wp\/v2\/comments?post=327160"}],"version-history":[{"count":0,"href":"https:\/\/www.radiopiu.net\/wordpress\/wp-json\/wp\/v2\/posts\/327160\/revisions"}],"wp:featuredmedia":[{"embeddable":true,"href":"https:\/\/www.radiopiu.net\/wordpress\/wp-json\/wp\/v2\/media\/198838"}],"wp:attachment":[{"href":"https:\/\/www.radiopiu.net\/wordpress\/wp-json\/wp\/v2\/media?parent=327160"}],"wp:term":[{"taxonomy":"category","embeddable":true,"href":"https:\/\/www.radiopiu.net\/wordpress\/wp-json\/wp\/v2\/categories?post=327160"},{"taxonomy":"post_tag","embeddable":true,"href":"https:\/\/www.radiopiu.net\/wordpress\/wp-json\/wp\/v2\/tags?post=327160"}],"curies":[{"name":"wp","href":"https:\/\/api.w.org\/{rel}","templated":true}]}}