{"id":327216,"date":"2023-03-20T13:30:57","date_gmt":"2023-03-20T12:30:57","guid":{"rendered":"https:\/\/www.radiopiu.net\/wordpress\/?p=327216"},"modified":"2023-03-19T13:08:31","modified_gmt":"2023-03-19T12:08:31","slug":"i-racconti-di-paolo-soppelsa-puntata-168","status":"publish","type":"post","link":"https:\/\/www.radiopiu.net\/wordpress\/i-racconti-di-paolo-soppelsa-puntata-168\/","title":{"rendered":"I RACCONTI DI PAOLO SOPPELSA &#8211; PUNTATA 168"},"content":{"rendered":"<p><strong>FINE INVERNO<\/strong><\/p>\n<p><strong>AUDIO<\/strong><\/p>\n<audio class=\"wp-audio-shortcode\" id=\"audio-327216-1\" preload=\"none\" style=\"width: 100%;\" controls=\"controls\"><source type=\"audio\/mpeg\" src=\"https:\/\/www.radiopiu.net\/wordpress\/wp-content\/uploads\/2023\/03\/PAOLO-SOPPELSA-FINE-INVERNO.mp3?_=1\" \/><a href=\"https:\/\/www.radiopiu.net\/wordpress\/wp-content\/uploads\/2023\/03\/PAOLO-SOPPELSA-FINE-INVERNO.mp3\">https:\/\/www.radiopiu.net\/wordpress\/wp-content\/uploads\/2023\/03\/PAOLO-SOPPELSA-FINE-INVERNO.mp3<\/a><\/audio>\n<p>&nbsp;<\/p>\n<p><a class=\"dt-pswp-item\" href=\"https:\/\/www.radiopiu.net\/wordpress\/wp-content\/uploads\/2023\/03\/60bd2dbf-0df9-4668-a387-6a19f68089a3.jpg\" data-dt-img-description=\"\" data-large_image_width=\"1600\" data-large_image_height=\"1200\"><img loading=\"lazy\" decoding=\"async\" class=\" wp-image-327223 alignleft\" src=\"https:\/\/www.radiopiu.net\/wordpress\/wp-content\/uploads\/2023\/03\/60bd2dbf-0df9-4668-a387-6a19f68089a3-300x225.jpg\" alt=\"\" width=\"191\" height=\"143\" srcset=\"https:\/\/www.radiopiu.net\/wordpress\/wp-content\/uploads\/2023\/03\/60bd2dbf-0df9-4668-a387-6a19f68089a3-300x225.jpg 300w, https:\/\/www.radiopiu.net\/wordpress\/wp-content\/uploads\/2023\/03\/60bd2dbf-0df9-4668-a387-6a19f68089a3-1024x768.jpg 1024w, https:\/\/www.radiopiu.net\/wordpress\/wp-content\/uploads\/2023\/03\/60bd2dbf-0df9-4668-a387-6a19f68089a3-768x576.jpg 768w, https:\/\/www.radiopiu.net\/wordpress\/wp-content\/uploads\/2023\/03\/60bd2dbf-0df9-4668-a387-6a19f68089a3-1536x1152.jpg 1536w, https:\/\/www.radiopiu.net\/wordpress\/wp-content\/uploads\/2023\/03\/60bd2dbf-0df9-4668-a387-6a19f68089a3.jpg 1600w\" sizes=\"auto, (max-width: 191px) 100vw, 191px\" \/><\/a>&#8220;Da San Giuseppe&#8221; l&#8217;inverno iniziava a deporre le armi. L&#8217;aveva affermato con sicurezza anche il Colonnello Baroni mentre indicava sulla lavagna i campi di alta pressione e i venti provenienti dai Balcani. E loro, con l&#8217;esperienza dei tanti inverni vissuti di fronte al Pelsa, l&#8217;avevano notato gi\u00e0 da qualche giorno, da quando la neve sul tetto del tabi\u00e0 si era sciolta quasi all&#8217;improvviso e l&#8217;acqua della fontana di notte non ghiacciava pi\u00f9. Osservavano il cielo sopra la grande montagna colorato di un azzurro delicato che chiamava primavera, guardavano le &#8220;pile de legne&#8221; ormai stanche e nel frattempo si riscaldavano al primo vero sole. &#8220;&#8230;&#8217;on pas\u00e0 fora &#8216;n altro invern\u2026&#8221;, pensavano; s\u00ec, forse sarebbe ritornata la neve, magari ai primi di aprile. Avrebbero vissuto l&#8217;ennesima &#8220;sburia d&#8217;aoril&#8221;, ma sarebbe durata il tempo di una mattina o poco pi\u00f9 e poi i larici si sarebbero svegliati regalando ai boschi un verde brillante e gentile. Ora che la stagione dei silenzi stava battendo in ritirata rifugiandosi sulle cime, pensavano ai lunghi e freddi mesi che avevano vissuto a mezza costa lungo la Val Cordevole. Tutto era iniziato al tempo in cui le lancette della &#8220;pendola&#8221; erano improvvisamente arretrate di un&#8217;ora e nel cimitero le tombe erano ornate di lumini e fiori nuovi. Novembre, questa volta, era stato un mese lungo da far passare; non c&#8217;erano pi\u00f9 gli animali da governare, non c&#8217;era pi\u00f9 la frenesia dei giorni della &#8220;becaria&#8221; al tempo dei larici ormai addormentati. C&#8217;era stato, invece, l&#8217;ultimo prepararsi all&#8217;inverno che gi\u00e0 si era presentato sulle cime portando la prima neve. Parte della legna era gi\u00e0 accatastata in ordine sotto le finestre della cucina e dopo l&#8217;estate di San Martino era giunto il momento della prima accensione del &#8220;fornel&#8221;. &#8220;Da Sant&#8217;Andrea&#8221; era arrivato il freddo vero, quello che chiamava neve e ammutoliva il R\u00f9 da Ghisel; ora le giornate erano divenute davvero corte, con il sole che scavalcava il Pelsa alle dieci e cinque e scompariva poco dopo le due dietro la Cima di Pape. Dicembre era il mese delle lunghe notti e del Natale, del freddo duro e della prima neve; si erano mossi poco in quei giorni che precedevano le feste, solamente la spesa settimanale a Cencenighe e poi poche parole e lunghi silenzi mentre la cucina economica bruciava a tutta forza &#8220;legne de fagher&#8221;. A fine mese un Natale sobrio e qualche giorno vissuto in allegria in compagnia dei nipoti; un tempo bello da vivere e terminato troppo in fretta. A Pavarui spenti si erano chiusi gli scuri di tante case e c&#8217;era stata una sera di fari e brusio continuo che saliva da fondovalle; le luminarie erano state spente ed erano rimasti solamente loro lass\u00f9 in compagnia delle montagne innevate e dei severi silenzi di gennaio. Ogni tanto una nevicata, un giro ad Agordo &#8220;par calche carta&#8221; e la domenica pomeriggio l&#8217;arrivo dei nipoti a rompere la monotonia di quei giorni apparentemente uguali. Era stato un mese lungo gennaio, implacabilmente gelido come sempre; ricordavano di non avere mai vissuto un gennaio gentile, e quella mattina di fine mese che c&#8217;era stata da ritirare la pensione, il freddo era stato davvero intenso, quasi cattivo, e fortunatamente sarebbe stato l&#8217;ultimo di quel lungo inverno. Poi febbraio aveva portato altra neve e dolci pomeriggi che a tratti sapevano di quasi primavera e invogliavano ad uscire per assaporare quegli ancor brevi momenti di tepore nuovo. Era trascorso in fretta il mese corto ed ora che la neve sui prati al sole era sciolta e la terra era riapparsa, era tempo di preparare la nuova stagione ormai alle porte. Ancora tre settimane, poi i larici avrebbero sfoggiato le nuove gemme e le &#8220;levine&#8221; del Pelsa avrebbero iniziato a muovere; finalmente sarebbe stata davvero primavera.<\/p>\n<p>&nbsp;<\/p>\n<p>&nbsp;<\/p>\n<p>******<\/p>\n","protected":false},"excerpt":{"rendered":"<p>FINE INVERNO AUDIO &nbsp; &#8220;Da San Giuseppe&#8221; l&#8217;inverno iniziava a deporre le armi. L&#8217;aveva affermato con sicurezza anche il Colonnello Baroni mentre indicava sulla lavagna i campi di alta pressione e i venti provenienti dai Balcani. E loro, con l&#8217;esperienza dei tanti inverni vissuti di fronte al Pelsa, l&#8217;avevano notato gi\u00e0 da qualche giorno, da&hellip;<\/p>\n","protected":false},"author":4,"featured_media":327223,"comment_status":"closed","ping_status":"closed","sticky":false,"template":"","format":"standard","meta":{"_monsterinsights_skip_tracking":false,"_monsterinsights_sitenote_active":false,"_monsterinsights_sitenote_note":"","_monsterinsights_sitenote_category":0,"footnotes":""},"categories":[49,112],"tags":[],"class_list":["post-327216","post","type-post","status-publish","format-standard","has-post-thumbnail","hentry","category-news-18","category-racconti-soppelsa","category-49","category-112","description-off"],"img_url":"https:\/\/www.radiopiu.net\/wordpress\/wp-content\/uploads\/2023\/03\/60bd2dbf-0df9-4668-a387-6a19f68089a3.jpg","_links":{"self":[{"href":"https:\/\/www.radiopiu.net\/wordpress\/wp-json\/wp\/v2\/posts\/327216","targetHints":{"allow":["GET"]}}],"collection":[{"href":"https:\/\/www.radiopiu.net\/wordpress\/wp-json\/wp\/v2\/posts"}],"about":[{"href":"https:\/\/www.radiopiu.net\/wordpress\/wp-json\/wp\/v2\/types\/post"}],"author":[{"embeddable":true,"href":"https:\/\/www.radiopiu.net\/wordpress\/wp-json\/wp\/v2\/users\/4"}],"replies":[{"embeddable":true,"href":"https:\/\/www.radiopiu.net\/wordpress\/wp-json\/wp\/v2\/comments?post=327216"}],"version-history":[{"count":0,"href":"https:\/\/www.radiopiu.net\/wordpress\/wp-json\/wp\/v2\/posts\/327216\/revisions"}],"wp:featuredmedia":[{"embeddable":true,"href":"https:\/\/www.radiopiu.net\/wordpress\/wp-json\/wp\/v2\/media\/327223"}],"wp:attachment":[{"href":"https:\/\/www.radiopiu.net\/wordpress\/wp-json\/wp\/v2\/media?parent=327216"}],"wp:term":[{"taxonomy":"category","embeddable":true,"href":"https:\/\/www.radiopiu.net\/wordpress\/wp-json\/wp\/v2\/categories?post=327216"},{"taxonomy":"post_tag","embeddable":true,"href":"https:\/\/www.radiopiu.net\/wordpress\/wp-json\/wp\/v2\/tags?post=327216"}],"curies":[{"name":"wp","href":"https:\/\/api.w.org\/{rel}","templated":true}]}}