{"id":327349,"date":"2023-03-21T05:34:39","date_gmt":"2023-03-21T04:34:39","guid":{"rendered":"https:\/\/www.radiopiu.net\/wordpress\/?p=327349"},"modified":"2023-03-21T06:15:24","modified_gmt":"2023-03-21T05:15:24","slug":"giornale-radiopiu-21-marzo-2023-direttore-mirko-mezzacasa-verso-i-40-anni-25-giugno-1983-25-giugno-2023","status":"publish","type":"post","link":"https:\/\/www.radiopiu.net\/wordpress\/giornale-radiopiu-21-marzo-2023-direttore-mirko-mezzacasa-verso-i-40-anni-25-giugno-1983-25-giugno-2023\/","title":{"rendered":"GIORNALE RADIOPIU 21 MARZO 2023 DIRETTORE MIRKO MEZZACASA&#8230;verso i 40 anni 25 giugno 1983-25 giugno 2023"},"content":{"rendered":"<h3 class=\"kvgmc6g5 cxmmr5t8 oygrvhab hcukyx3x c1et5uql\"><span style=\"color: #0000ff;\"><strong>RADIO PIU INFORMAZIONE il canale su TELEGRAM informazione di prima\u00a0 <\/strong><strong>mano e in tempo reale. iscriviti ed aiutaci a farlo conoscere\u00a0 \u00a0 \u00a0<\/strong><\/span><\/h3>\n<p>&nbsp;<\/p>\n<p><strong><a class=\"dt-pswp-item\" href=\"https:\/\/www.radiopiu.net\/wordpress\/wp-content\/uploads\/2023\/03\/335846671_582045440539261_3968348884730750445_n.jpg\" data-dt-img-description=\"\" data-large_image_width=\"600\" data-large_image_height=\"600\"><img loading=\"lazy\" decoding=\"async\" class=\"wp-image-327568 alignleft\" src=\"https:\/\/www.radiopiu.net\/wordpress\/wp-content\/uploads\/2023\/03\/335846671_582045440539261_3968348884730750445_n-300x300.jpg\" alt=\"\" width=\"173\" height=\"173\" srcset=\"https:\/\/www.radiopiu.net\/wordpress\/wp-content\/uploads\/2023\/03\/335846671_582045440539261_3968348884730750445_n-300x300.jpg 300w, https:\/\/www.radiopiu.net\/wordpress\/wp-content\/uploads\/2023\/03\/335846671_582045440539261_3968348884730750445_n-150x150.jpg 150w, https:\/\/www.radiopiu.net\/wordpress\/wp-content\/uploads\/2023\/03\/335846671_582045440539261_3968348884730750445_n.jpg 600w\" sizes=\"auto, (max-width: 173px) 100vw, 173px\" \/><\/a>AGORDO<\/strong> Il presidio agordino di Libera, in collaborazione con gli alunni della 1A delle medie di Canale e della 1MB del Follador e di Radio Pi\u00f9, ricorda le vittime di mafia. In occasione della 28\u00aa giornata della memoria e dell&#8217;impegno in ricordo delle vittime innocenti delle mafie, che oggi si svolger\u00e0 a Milano, \u00e8 partito ieri sulle frequenze dell&#8217;emittente un programma ideato dal presidio intitolato a Lucia Precenzano e Salvatore Aversa, uccisi dalla &#8216;ndrangheta nel 1992 a Lamezia.Fino a sabato, tutti i giorni alle 8.45 e in replica alle 18.30, verranno lette delle brevi biografie di alcune delle oltre mille vittime innocenti delle mafie, intervallate da brani musicali . Dopo la puntata di ieri dedicata a Precenzano e Aversa, oggi toccher\u00e0 a Giuseppe e Salvatore Asta con Barbara Rizzo, a Peppino Impastato e Giancarlo Siani, domani sar\u00e0 la volta di Bonifacio Tilocca e Matteo Toffanin, gioved\u00ec di Alberto Barone, Peppino Basile e Nadia Nencioni, venerd\u00ec di Handi L&#8217;ala e Hyso Telharaj, sabato di Lia Pipitone e Francesco Marcone.\u00a0 (gianni santomaso)<\/p>\n<p>&nbsp;<\/p>\n<h2 style=\"text-align: left;\"><span style=\"color: #ff0000;\">ISCRIVITI AL NOSTRO CANALE YOUTUBE PER SEGUIRE IN DIRETTA I PRINCIPALI PROGRAMMI DI RADIO PIU&#8217; E LE FUTURE DIRETTE IN ESTERNA. PER ISCRIVERTI <a style=\"color: #ff0000;\" href=\"https:\/\/youtube.com\/@radiopiu1527\">CLICCA QUI<\/a> E PREMI IL TASTO &#8220;Iscriviti&#8221;\u00a0<\/span><\/h2>\n<p>&nbsp;<\/p>\n<p><a class=\"dt-pswp-item\" href=\"https:\/\/www.radiopiu.net\/wordpress\/wp-content\/uploads\/2023\/03\/Senza-nome-68.jpg\" data-dt-img-description=\"\" data-large_image_width=\"467\" data-large_image_height=\"257\"><img loading=\"lazy\" decoding=\"async\" class=\"size-medium wp-image-327581 alignleft\" src=\"https:\/\/www.radiopiu.net\/wordpress\/wp-content\/uploads\/2023\/03\/Senza-nome-68-300x165.jpg\" alt=\"\" width=\"300\" height=\"165\" srcset=\"https:\/\/www.radiopiu.net\/wordpress\/wp-content\/uploads\/2023\/03\/Senza-nome-68-300x165.jpg 300w, https:\/\/www.radiopiu.net\/wordpress\/wp-content\/uploads\/2023\/03\/Senza-nome-68.jpg 467w\" sizes=\"auto, (max-width: 300px) 100vw, 300px\" \/><\/a><strong>TERREMOTO IN FRIULI, TRISTI RICORDI\u00a0<\/strong><\/p>\n<p>Una scossa di terremoto ha interessato di nuovo Gemona, luogo che ricorda il grande terremoto del Friuli. Alle 4.42 di questa mattina una scossa di 2,1 gradi della scala Richeter. Poco prima alle 3.32 altra scossa di terremoto minore a Chions di Pordenone<\/p>\n<p>&nbsp;<\/p>\n<p>&nbsp;<\/p>\n<p>&nbsp;<\/p>\n<hr \/>\n<p>&nbsp;<\/p>\n<div class=\"page-title-head hgroup\">\n<blockquote>\n<h3 class=\"entry-title\">SCOMPARE UN PESCATORE A LAMON, RITROVATA L\u2019AUTO<\/h3>\n<\/blockquote>\n<\/div>\n<div class=\"page-title-breadcrumbs\"><strong><img loading=\"lazy\" decoding=\"async\" class=\"alignleft\" src=\"https:\/\/www.radiopiu.net\/wordpress\/wp-content\/uploads\/2023\/03\/th-17.jpg\" width=\"266\" height=\"149\" \/>LAMON<\/strong> Un amico preoccupato per l&#8217;assenza dell&#8217;uomo, era andato a controllare nel luogo di pesca preferito, trovando solo le canne.\u00a0 L&#8217;uomo, lamonese con la passione per la pesca, domenica mattina aveva raggiunto le sponde del lago di Senaiga. Ieri in tarda serata le ricerche\u00a0 dei vigili del fuoco erano ancora in corso.\u00a0 A bordo dell&#8217;imbarcazione gli uomini del comando di Belluno hanno scandagliato la superficie del bacino con l&#8217;aiuto di fotoelettriche. Non \u00e8 escluso che l&#8217;uomo abbia perso l&#8217;equilibrio finendo inghiottito nell&#8217;acqua gelida. La macchina dell&#8217;uomo \u00e8 parcheggiata da domenica in uno slargo sterrato che si trova lungo la strada che porta alla passerella sul lago, sotto la frazione di Ronche. Nel frattempo i carabinieri hanno avviato le indagini per scoprire l&#8217;identit\u00e0 del proprietario della macchina e parlare con i famigliari dell&#8217;uomo, che vive da solo, in paese si parla di un uomo molto conosciuto, impegnato anche nel volontariato.<\/div>\n<p>&nbsp;<\/p>\n<p>&nbsp;<\/p>\n<hr \/>\n<p>&nbsp;<\/p>\n<blockquote>\n<h3>ADDIO AL GIORNALISTA SERGIO SOMMACAL. IL RICORDO DELL&#8217;ASSOCIAZIONE BELLUNESI NEL MONDO<\/h3>\n<\/blockquote>\n<p><strong><a class=\"dt-pswp-item\" href=\"https:\/\/www.radiopiu.net\/wordpress\/wp-content\/uploads\/2023\/03\/SERGIO-SOMMACAL.png\" data-dt-img-description=\"\" data-large_image_width=\"610\" data-large_image_height=\"442\"><img loading=\"lazy\" decoding=\"async\" class=\" wp-image-327524 alignleft\" src=\"https:\/\/www.radiopiu.net\/wordpress\/wp-content\/uploads\/2023\/03\/SERGIO-SOMMACAL-300x217.png\" alt=\"\" width=\"185\" height=\"134\" srcset=\"https:\/\/www.radiopiu.net\/wordpress\/wp-content\/uploads\/2023\/03\/SERGIO-SOMMACAL-300x217.png 300w, https:\/\/www.radiopiu.net\/wordpress\/wp-content\/uploads\/2023\/03\/SERGIO-SOMMACAL.png 610w\" sizes=\"auto, (max-width: 185px) 100vw, 185px\" \/><\/a>BELLUNO<\/strong> La famiglia del giornalismo bellunese piange la scomparsa di Sergio Sommacal, deceduto al nosocomio \u201cSant\u2019Orsola\u201d di Bologna a met\u00e0 marzo dove era ricoverato dopo un intervento chirurgico all\u2019ospedale S. Martino di Belluno. Nato nell\u2019Oltrardo cittadino nel 1940, si diplom\u00f2 perito elettrotecnico all\u2019Istituto \u201cSegato\u201d del capoluogo, dopo un breve servizio come insegnante supplente di disegno all\u2019Istituto Minerario Follador di Agordo, gi\u00e0 da giovane dimostr\u00f2 per\u00f2 particolare attitudine al mestiere del giornalista. Entr\u00f2 ben presto negli organici del \u201cGazzettino\u201d, quotidiano nel quale ricopr\u00ec vari incarichi nelle redazioni periferiche e nella sede centrale di Mestre. Rientrato nella citt\u00e0 natale termin\u00f2 la carriera quale capo servizio della Redazione di Belluno. Cronista di razza, sanguigno e profondo conoscitore del territorio, diede fra l\u2019altro alle stampe il libro ormai introvabile \u201cChi non beve in compagnia\u2026\u201d nel quale tratteggi\u00f2 personaggi e caratteristiche della Belluno degli anni tra il 1940 e il 1960. Negli ultimi tempi si occup\u00f2 anche della parte informativa del \u201cPremio d\u2019Oro\u201d per conto dell\u2019Amministrazione provinciale. \u00abCon Sergio &#8211; ricorda Dino Bridda, direttore responsabile di \u201cBellunesi nel mondo\u201d &#8211; scompare uno degli ultimi rappresentanti della vecchia scuola giornalistica, sempre attento all\u2019evolversi degli eventi, caustico e coinvolgente, cronista di vaglia alieno dal sensazionalismo. Mi \u00e8 stato amico e collega rispettoso e prezioso, davvero una bella penna! Con lui c\u2019era solo da imparare\u00bb. Sommacal lascia la moglie Massimina ed i figli Stefania, Sara e Silvano. Le sue ceneri saranno tumulate nel cimitero di Cusighe nell\u2019Oltrardo dove nacque. (FOTO: Amico del Popolo)<\/p>\n<p>&nbsp;<\/p>\n<p><strong>LA NOTA DI CORDOGLIO DI ASSOSTAMPA BELLUNO<\/strong><\/p>\n<p>La scomparsa di Sergio Sommacal rappresenta la perdita di un pezzo della memoria storica del nostro territorio: giornalista preciso e attento, attivo nell&#8217;ambito del sindacato, per anni \u00e8 stato membro del direttivo dell&#8217;Assostampa provinciale. Con lui, salutiamo un collega appassionato, curioso, sempre corretto, pungente ma mai sopra le righe. Da parte del consiglio direttivo di Assostampa Belluno le pi\u00f9 sentite condoglianze alla moglie Massimina e ai figli Sara, Silvano e Stefania<\/p>\n<p>&nbsp;<\/p>\n<hr \/>\n<p>&nbsp;<\/p>\n<blockquote>\n<h3>SI SENTE MALE NEL LABORATORIO, FORSE PER UNA FUGA DI MONOSSIDO<\/h3>\n<\/blockquote>\n<p><strong>CHIES D&#8217;ALPAGO<\/strong> Accusa un malore mentre lavora nel piccolo caseificio di San Martino, sopra Lamosano: sospetta intossicazione da monossido (fortunatamente non gravissima) per la proprietaria della azienda. Suem e i vigili del fuoco di Belluno sono arrivati con la strumentazione adatta a rilevare la presenza di monossido di carbonio negli ambienti.\u00a0 La proprietaria dell&#8217;azienda agricola alpagota era impegnata in alcune attivit\u00e0 nel momento in cui ha avuto il malore non \u00e8 in pericolo di vita e le conseguenze sono state piuttosto lievi<\/p>\n<p>&nbsp;<\/p>\n<hr \/>\n<p>&nbsp;<\/p>\n<blockquote>\n<h3>COCAINA IN MACCHINA E A CASA,\u00a0 PER IL CUOCO SCATTA L&#8217;ARRESTO<\/h3>\n<\/blockquote>\n<p><strong>CORTINA\u00a0<\/strong> Arrestato dai carabinieri della Compagnia di Cortina, nella notte tra venerd\u00ec e sabato. In auto e nell&#8217;appartamento \u00e8 stata trovata una quantit\u00e0 di cocaina: in tutto 15 grammi. F.T., 30 anni, piemontese della provincia di Verbano Cusio Ossola, \u00e8 stato indagato per detenzione a fini di spaccio di sostanza stupefacente e posto, in prima battuta, agli arresti domiciliari. L&#8217;umo ha spiegato che quella cocaina era soltanto per uso personale e che non aveva alcuna intenzione di spacciarla.<\/p>\n<p>&nbsp;<\/p>\n<hr \/>\n<p>&nbsp;<\/p>\n<blockquote>\n<h3>SCONTRO A DUE, UNA PERSONA IN OSPEDALE<\/h3>\n<\/blockquote>\n<p><strong>VAL DI ZOLDO<\/strong> Incidente\u00a0 a Zopp\u00e8: un ferito \u00e8 stato trasportato in elicottero al San Martino di Belluno. Non \u00e8 in gravi condizioni. Ieri il sinistro tra due veicoli lungo la strada provincia. Diagnosi non pesante per il ferito. L&#8217;altra persona coinvolta \u00e8 rimasta illesa.<\/p>\n<p>&nbsp;<\/p>\n<hr \/>\n<p>&nbsp;<\/p>\n<blockquote>\n<h3>LICENZIATO L&#8217;UOMO DI FIDUCIA DEL SINDACO, NON AVEVA LA LAUREA<\/h3>\n<\/blockquote>\n<p><strong>OGGI SUL CORRIERE DELLE ALPI<\/strong><\/p>\n<p><strong>DI GIGI SOSSO<\/strong><\/p>\n<p><strong><a class=\"dt-pswp-item\" href=\"https:\/\/www.radiopiu.net\/wordpress\/wp-content\/uploads\/2023\/03\/MUNCIPIO-CORTINA.png\" data-dt-img-description=\"\" data-large_image_width=\"423\" data-large_image_height=\"367\"><img loading=\"lazy\" decoding=\"async\" class=\" wp-image-327577 alignleft\" src=\"https:\/\/www.radiopiu.net\/wordpress\/wp-content\/uploads\/2023\/03\/MUNCIPIO-CORTINA-300x260.png\" alt=\"\" width=\"174\" height=\"151\" srcset=\"https:\/\/www.radiopiu.net\/wordpress\/wp-content\/uploads\/2023\/03\/MUNCIPIO-CORTINA-300x260.png 300w, https:\/\/www.radiopiu.net\/wordpress\/wp-content\/uploads\/2023\/03\/MUNCIPIO-CORTINA.png 423w\" sizes=\"auto, (max-width: 174px) 100vw, 174px\" \/><\/a>CORTINA<\/strong> Mai laureato in vita sua. Eppure ricopriva un ruolo, all&#8217;interno dell&#8217;amministrazione comunale di Cortina, che prevedeva di aver conseguito una laurea. Faceva parte dello staff del sindaco Gianluca Lorenzi per scelta dello stesso primo cittadino ed era stato assunto con un contratto part-time (18 ore settimanali) a tempo determinato e inquadrato con una posizione organizzativa, cio\u00e8 con uno stipendio di una certa importanza.\u00c8 stato licenziato, dopo pochi mesi: la determina del 15 marzo ha come oggetto \u00abpresa d&#8217;atto decadenza rapporto di lavoro\u00bb. E adesso potrebbe anche vedersi costretto a restituire i soldi guadagnati indebitamente in questo periodo&#8230; L&#8217;uomo aveva cominciato a lavorare come addetto ai rapporti con la stampa e coordinatore nel suo settore il 2 novembre dell&#8217;anno scorso e avrebbe dovuto rimanere in carica fino alla scadenza del mandato del sindaco Lorenzi<\/p>\n<p>&nbsp;<\/p>\n<hr \/>\n<p>&nbsp;<\/p>\n<blockquote>\n<h3>CRISI SAFILO, L&#8217;APPELLO DELLA CGIL<\/h3>\n<\/blockquote>\n<p><strong> <a class=\"dt-pswp-item\" href=\"https:\/\/www.radiopiu.net\/wordpress\/wp-content\/uploads\/2023\/01\/SAFILO.png\" data-dt-img-description=\"\" data-large_image_width=\"766\" data-large_image_height=\"492\"><img loading=\"lazy\" decoding=\"async\" class=\"size-medium wp-image-318963 alignleft\" src=\"https:\/\/www.radiopiu.net\/wordpress\/wp-content\/uploads\/2023\/01\/SAFILO-300x193.png\" alt=\"\" width=\"300\" height=\"193\" srcset=\"https:\/\/www.radiopiu.net\/wordpress\/wp-content\/uploads\/2023\/01\/SAFILO-300x193.png 300w, https:\/\/www.radiopiu.net\/wordpress\/wp-content\/uploads\/2023\/01\/SAFILO.png 766w\" sizes=\"auto, (max-width: 300px) 100vw, 300px\" \/><\/a>LONGARONE<\/strong> &#8220;Noi non ci rassegniamo alla chiusura della S\u00e0filo di Longarone e non riteniamo affatto conclusa questa partita. Nessuno pensi di poter dividere, come uno spezzatino, questo autentico patrimonio di competenze e professionalit\u00e0, portandosi a casa solo qualcuno e abbandonando a s\u00e9 stesso qualcun altro&#8221;.\u00a0 \u00a0Lo dice \u00a0Denise Casanova, segretaria generale della Cgil di Belluno, a pochi giorni di un nuovo incontro previsto tra azienda ed organizzazioni sindacali e che segue l&#8217;annuncio dell&#8217;intenzione della societ\u00e0 di abbandonare lo stabilimento di Longarone (Belluno) in cui oggi operano 472 addetti. &#8220;Come sindacato &#8211; aggiunge Casanova &#8211; chiediamo con urgenza la riconvocazione del Comitato di sorveglianza socio &#8211; istituzionale tra Provincia, Regione e Sindacati sul rischio deindustralizzazione che, dopo il caso Safilo, sta diventando sempre pi\u00f9 concreto per l&#8217;intera provincia bellunese. Nessuno dovrebbe accettare un ulteriore impoverimento produttivo del nostro territorio&#8221; che va letto come concausa dello &#8220;spopolamento drammatico in corso nel Bellunese&#8221;. \u00a0Un ultimo interrogativo riguarda<br \/>\nKering, gruppo francese che &#8221; ha commissionato la produzione di 1,9 milioni di occhiali agli stabilimenti Safilo e che ha recentemente acquistato uno stabilimento che produce occhiali in<br \/>\nFrancia. Cosa intende fare Kering in futuro? Dove verranno prodotti &#8211; \u00e8 la domanda conclusiva del sindacato &#8211; gli occhiali che si realizzavano a Longarone?&#8221;.<\/p>\n<p>&nbsp;<\/p>\n<p>&nbsp;<\/p>\n<hr \/>\n<p>&nbsp;<\/p>\n<blockquote>\n<h3>BANDI DESERTI PER L&#8217;AREA CAMPER DI LAMBROI E IL PUNTO INFORMAZIONI DI FORCELLA FRANCHE<\/h3>\n<\/blockquote>\n<p><strong><a class=\"dt-pswp-item\" href=\"https:\/\/www.radiopiu.net\/wordpress\/wp-content\/uploads\/2022\/01\/280px-DBGosaldoPala3.jpg\" data-dt-img-description=\"\" data-large_image_width=\"280\" data-large_image_height=\"181\"><img loading=\"lazy\" decoding=\"async\" class=\" wp-image-255077 alignleft\" src=\"https:\/\/www.radiopiu.net\/wordpress\/wp-content\/uploads\/2022\/01\/280px-DBGosaldoPala3.jpg\" alt=\"\" width=\"235\" height=\"152\" \/><\/a>GOSALDO<\/strong><\/p>\n<p>di Gianni Santomaso<\/p>\n<audio class=\"wp-audio-shortcode\" id=\"audio-327349-1\" preload=\"none\" style=\"width: 100%;\" controls=\"controls\"><source type=\"audio\/mpeg\" src=\"https:\/\/www.radiopiu.net\/wordpress\/wp-content\/uploads\/2023\/03\/GIANNI-BANDI-DESERTI-PER-LAREA-CAMPER-DI-LAMBROI-E-IL-PUNTO-INFORMAZIONI-DI-VILLA-FRANCHE-.mp3?_=1\" \/><a href=\"https:\/\/www.radiopiu.net\/wordpress\/wp-content\/uploads\/2023\/03\/GIANNI-BANDI-DESERTI-PER-LAREA-CAMPER-DI-LAMBROI-E-IL-PUNTO-INFORMAZIONI-DI-VILLA-FRANCHE-.mp3\">https:\/\/www.radiopiu.net\/wordpress\/wp-content\/uploads\/2023\/03\/GIANNI-BANDI-DESERTI-PER-LAREA-CAMPER-DI-LAMBROI-E-IL-PUNTO-INFORMAZIONI-DI-VILLA-FRANCHE-.mp3<\/a><\/audio>\n<p>&nbsp;<\/p>\n<hr \/>\n<p>&nbsp;<\/p>\n<blockquote>\n<h3>RIPRENDONO I LAVORI AL PONTE SUL GRESAL<\/h3>\n<\/blockquote>\n<p><strong><a class=\"dt-pswp-item\" href=\"https:\/\/www.radiopiu.net\/wordpress\/wp-content\/uploads\/2023\/03\/56344174-df75-46f3-bc9f-fe4a2d9f7a37.jpg\" data-dt-img-description=\"\" data-large_image_width=\"1600\" data-large_image_height=\"1066\"><img loading=\"lazy\" decoding=\"async\" class=\" wp-image-327529 alignleft\" src=\"https:\/\/www.radiopiu.net\/wordpress\/wp-content\/uploads\/2023\/03\/56344174-df75-46f3-bc9f-fe4a2d9f7a37-300x200.jpg\" alt=\"\" width=\"209\" height=\"139\" srcset=\"https:\/\/www.radiopiu.net\/wordpress\/wp-content\/uploads\/2023\/03\/56344174-df75-46f3-bc9f-fe4a2d9f7a37-300x200.jpg 300w, https:\/\/www.radiopiu.net\/wordpress\/wp-content\/uploads\/2023\/03\/56344174-df75-46f3-bc9f-fe4a2d9f7a37-1024x682.jpg 1024w, https:\/\/www.radiopiu.net\/wordpress\/wp-content\/uploads\/2023\/03\/56344174-df75-46f3-bc9f-fe4a2d9f7a37-768x512.jpg 768w, https:\/\/www.radiopiu.net\/wordpress\/wp-content\/uploads\/2023\/03\/56344174-df75-46f3-bc9f-fe4a2d9f7a37-1536x1023.jpg 1536w, https:\/\/www.radiopiu.net\/wordpress\/wp-content\/uploads\/2023\/03\/56344174-df75-46f3-bc9f-fe4a2d9f7a37.jpg 1600w\" sizes=\"auto, (max-width: 209px) 100vw, 209px\" \/><\/a>BELLUNO<\/strong> Riprendono a Belluno i lavori al ponte sul Gresal, tra Antole e Casoni, oggetto di un progetto di rigenerazione urbana che ha visto poi un lungo stop per la realizzazione dei parapetti.<\/p>\n<p><strong>di Daniele Dalvit<\/strong><\/p>\n<audio class=\"wp-audio-shortcode\" id=\"audio-327349-2\" preload=\"none\" style=\"width: 100%;\" controls=\"controls\"><source type=\"audio\/mpeg\" src=\"https:\/\/www.radiopiu.net\/wordpress\/wp-content\/uploads\/2023\/03\/DALVIT-PONTE-GRESAL.mp3?_=2\" \/><a href=\"https:\/\/www.radiopiu.net\/wordpress\/wp-content\/uploads\/2023\/03\/DALVIT-PONTE-GRESAL.mp3\">https:\/\/www.radiopiu.net\/wordpress\/wp-content\/uploads\/2023\/03\/DALVIT-PONTE-GRESAL.mp3<\/a><\/audio>\n<p>&nbsp;<\/p>\n<hr \/>\n<p>&nbsp;<\/p>\n<blockquote>\n<h3>BOSTRICO: L&#8217;INCONTRO IN SALA DON TAMIS CON LA REGIONE<\/h3>\n<\/blockquote>\n<p><strong><a class=\"dt-pswp-item\" href=\"https:\/\/www.radiopiu.net\/wordpress\/wp-content\/uploads\/2021\/10\/BOSTRICO.jpg\" data-dt-img-description=\"\" data-large_image_width=\"2048\" data-large_image_height=\"1536\"><img loading=\"lazy\" decoding=\"async\" class=\" wp-image-239763 alignleft\" src=\"https:\/\/www.radiopiu.net\/wordpress\/wp-content\/uploads\/2021\/10\/BOSTRICO-300x225.jpg\" alt=\"\" width=\"184\" height=\"138\" srcset=\"https:\/\/www.radiopiu.net\/wordpress\/wp-content\/uploads\/2021\/10\/BOSTRICO-300x225.jpg 300w, https:\/\/www.radiopiu.net\/wordpress\/wp-content\/uploads\/2021\/10\/BOSTRICO-1024x768.jpg 1024w, https:\/\/www.radiopiu.net\/wordpress\/wp-content\/uploads\/2021\/10\/BOSTRICO-768x576.jpg 768w, https:\/\/www.radiopiu.net\/wordpress\/wp-content\/uploads\/2021\/10\/BOSTRICO-1536x1152.jpg 1536w, https:\/\/www.radiopiu.net\/wordpress\/wp-content\/uploads\/2021\/10\/BOSTRICO.jpg 2048w\" sizes=\"auto, (max-width: 184px) 100vw, 184px\" \/><\/a>AGORDO<\/strong><\/p>\n<p>di Gianni Santomaso<\/p>\n<audio class=\"wp-audio-shortcode\" id=\"audio-327349-3\" preload=\"none\" style=\"width: 100%;\" controls=\"controls\"><source type=\"audio\/mpeg\" src=\"https:\/\/www.radiopiu.net\/wordpress\/wp-content\/uploads\/2023\/03\/GIANNI-BOSTRICO-LINCONTRO-IN-SALA-DON-TAMIS-CON-LA-REGIONE.mp3?_=3\" \/><a href=\"https:\/\/www.radiopiu.net\/wordpress\/wp-content\/uploads\/2023\/03\/GIANNI-BOSTRICO-LINCONTRO-IN-SALA-DON-TAMIS-CON-LA-REGIONE.mp3\">https:\/\/www.radiopiu.net\/wordpress\/wp-content\/uploads\/2023\/03\/GIANNI-BOSTRICO-LINCONTRO-IN-SALA-DON-TAMIS-CON-LA-REGIONE.mp3<\/a><\/audio>\n<p>&nbsp;<\/p>\n<h1>la diretta di radiopiu<\/h1>\n<blockquote class=\"wp-embedded-content\" data-secret=\"pw5I4Sa5rA\"><p><a href=\"https:\/\/www.radiopiu.net\/wordpress\/in-sala-don-tamis-si-parla-di-bostrico\/\">IN SALA DON TAMIS SI PARLA DI BOSTRICO<\/a><\/p><\/blockquote>\n<p><iframe loading=\"lazy\" class=\"wp-embedded-content\" sandbox=\"allow-scripts\" security=\"restricted\" style=\"position: absolute; clip: rect(1px, 1px, 1px, 1px);\" title=\"&#8220;IN SALA DON TAMIS SI PARLA DI BOSTRICO&#8221; &#8212; Radio Pi\u00f9\" src=\"https:\/\/www.radiopiu.net\/wordpress\/in-sala-don-tamis-si-parla-di-bostrico\/embed\/#?secret=6aJqkC8cyn#?secret=pw5I4Sa5rA\" data-secret=\"pw5I4Sa5rA\" width=\"600\" height=\"338\" frameborder=\"0\" marginwidth=\"0\" marginheight=\"0\" scrolling=\"no\"><\/iframe><\/p>\n<p>&nbsp;<\/p>\n<p>&nbsp;<\/p>\n<hr \/>\n<p>&nbsp;<\/p>\n<blockquote>\n<h3>OLTRE 100 PERSONE AD IMPIANTI APERTI<\/h3>\n<\/blockquote>\n<p align=\"CENTER\"><i>Aperti al pubblico la sorgente Val Clusa e il depuratore di Sedico<\/i><\/p>\n<p align=\"JUSTIFY\"><strong>BELLUNO<\/strong> Bim Gsp ha aperto al pubblico la sorgente della Val Clusa, in comune di La Valle Agordina, e il depuratore di Oselete a Sedico, due impianti strategici del servizio idrico integrato bellunese. Circa un centinaio i partecipanti, tra adulti, famiglie e ragazzi, provenienti da tutta la provincia, a cui i tecnici di Gsp hanno illustrato, al mattino, il funzionamento del principale acquedotto della provincia di Belluno e del depuratore di Oselete, in comune di Sedico, tra i pi\u00f9 grandi in ordine di grandezza in provincia, a servizio di buona parte del territorio comunale. Tra i presenti, anche il presidente di Bim Gsp, Attilio Sommavilla, e il sindaco di Sedico, Stefano Deon. \u201cE\u2019 stato davvero interessante, per me in primis che ho partecipato alla visita, conoscere da vicino la complessa gestione dell\u2019acqua e le molteplici fasi che ne garantiscono quotidianamente la disponibilit\u00e0 dai rubinetti\u00a0 ha detto Attilio Sommavilla, presidente di Bim Gsp.<\/p>\n\n\t\t\t<style type='text\/css'>\n\t\t\t\t#gallery-1 {\n\t\t\t\t\tmargin: auto;\n\t\t\t\t}\n\t\t\t\t#gallery-1 .gallery-item {\n\t\t\t\t\tfloat: left;\n\t\t\t\t\tmargin-top: 10px;\n\t\t\t\t\ttext-align: center;\n\t\t\t\t\twidth: 25%;\n\t\t\t\t}\n\t\t\t\t#gallery-1 img {\n\t\t\t\t\tborder: 2px solid #cfcfcf;\n\t\t\t\t}\n\t\t\t\t#gallery-1 .gallery-caption {\n\t\t\t\t\tmargin-left: 0;\n\t\t\t\t}\n\t\t\t\t\/* see gallery_shortcode() in wp-includes\/media.php *\/\n\t\t\t<\/style>\n\t\t<div id='gallery-1' class='dt-gallery-container gallery galleryid-327349 gallery-columns-4 gallery-size-thumbnail'><dl class='gallery-item'>\n\t\t\t\t<dt class='gallery-icon landscape'>\n\t\t\t\t\t<a class=\"rollover rollover-zoom dt-pswp-item\" title=\"un momento della visita al depuratore di Sedico\" data-dt-img-description=\"\" data-large_image_width=\"945\" data-large_image_height=\"709\"href='https:\/\/www.radiopiu.net\/wordpress\/wp-content\/uploads\/2023\/03\/un-momento-della-visita-al-depuratore-di-Sedico.jpg'><img loading=\"lazy\" decoding=\"async\" width=\"150\" height=\"150\" src=\"https:\/\/www.radiopiu.net\/wordpress\/wp-content\/uploads\/2023\/03\/un-momento-della-visita-al-depuratore-di-Sedico-150x150.jpg\" class=\"attachment-thumbnail size-thumbnail\" alt=\"\" \/><\/a>\n\t\t\t\t<\/dt><\/dl><dl class='gallery-item'>\n\t\t\t\t<dt class='gallery-icon landscape'>\n\t\t\t\t\t<a class=\"rollover rollover-zoom dt-pswp-item\" title=\"1_depuratore_di_Sedico\" data-dt-img-description=\"\" data-large_image_width=\"945\" data-large_image_height=\"709\"href='https:\/\/www.radiopiu.net\/wordpress\/wp-content\/uploads\/2023\/03\/1_depuratore_di_Sedico.jpg'><img loading=\"lazy\" decoding=\"async\" width=\"150\" height=\"150\" src=\"https:\/\/www.radiopiu.net\/wordpress\/wp-content\/uploads\/2023\/03\/1_depuratore_di_Sedico-150x150.jpg\" class=\"attachment-thumbnail size-thumbnail\" alt=\"\" \/><\/a>\n\t\t\t\t<\/dt><\/dl><dl class='gallery-item'>\n\t\t\t\t<dt class='gallery-icon landscape'>\n\t\t\t\t\t<a class=\"rollover rollover-zoom dt-pswp-item\" title=\"3_accesso alla sorgente\" data-dt-img-description=\"\" data-large_image_width=\"945\" data-large_image_height=\"815\"href='https:\/\/www.radiopiu.net\/wordpress\/wp-content\/uploads\/2023\/03\/3_accesso-alla-sorgente.jpg'><img loading=\"lazy\" decoding=\"async\" width=\"150\" height=\"150\" src=\"https:\/\/www.radiopiu.net\/wordpress\/wp-content\/uploads\/2023\/03\/3_accesso-alla-sorgente-150x150.jpg\" class=\"attachment-thumbnail size-thumbnail\" alt=\"\" \/><\/a>\n\t\t\t\t<\/dt><\/dl><dl class='gallery-item'>\n\t\t\t\t<dt class='gallery-icon landscape'>\n\t\t\t\t\t<a class=\"rollover rollover-zoom dt-pswp-item\" title=\"2_Val Clusa_galleria di accesso alla sorgente\" data-dt-img-description=\"\" data-large_image_width=\"945\" data-large_image_height=\"709\"href='https:\/\/www.radiopiu.net\/wordpress\/wp-content\/uploads\/2023\/03\/2_Val-Clusa_galleria-di-accesso-alla-sorgente.jpg'><img loading=\"lazy\" decoding=\"async\" width=\"150\" height=\"150\" src=\"https:\/\/www.radiopiu.net\/wordpress\/wp-content\/uploads\/2023\/03\/2_Val-Clusa_galleria-di-accesso-alla-sorgente-150x150.jpg\" class=\"attachment-thumbnail size-thumbnail\" alt=\"\" \/><\/a>\n\t\t\t\t<\/dt><\/dl><br style=\"clear: both\" \/>\n\t\t\t<\/div>\n\n<p>&nbsp;<\/p>\n<p>&nbsp;<\/p>\n<hr \/>\n<p>&nbsp;<\/p>\n<blockquote>\n<h3><strong>OLIMPIADI E PARALIMPIADI INVERNALI. ACCORDO TRA COMITATO ORGANIZZATORE MILANO CORTINA 2026 E FONDAZIONE CORTINA<\/strong><\/h3>\n<\/blockquote>\n<p><strong><a class=\"dt-pswp-item\" href=\"https:\/\/www.radiopiu.net\/wordpress\/wp-content\/uploads\/2022\/01\/220119-Olympia-CortinaSkiWorldCup-2022-3.jpg\" data-dt-img-description=\"\" data-large_image_width=\"2048\" data-large_image_height=\"1536\"><img loading=\"lazy\" decoding=\"async\" class=\" wp-image-255056 alignleft\" src=\"https:\/\/www.radiopiu.net\/wordpress\/wp-content\/uploads\/2022\/01\/220119-Olympia-CortinaSkiWorldCup-2022-3-300x225.jpg\" alt=\"\" width=\"192\" height=\"144\" \/><\/a>VENEZIA <\/strong>\u201c\u00c8 stato fatto gi\u00e0 molto, ma ora il percorso entra nel vivo ed accelera. Siamo ai blocchi di partenza pronti a percorrere la strada che poter\u00e0 Cortina e tutta la nostra Regione ad ospitare il prossimo appuntamento olimpico invernale del 2026. Fondazione Cortina sar\u00e0 il braccio operativo che svilupper\u00e0, assieme al Comitato Organizzatore dei Giochi, sul territorio i progetti per arrivare pronti alle Olimpiadi. Gli stress test nella gestione dei grandi eventi sportivi sul territorio sono stati superati quest&#8217;inverno con l&#8217;organizzazione dei Mondiali di Sci Alpino e delle gare paralimpiche: ho chiesto che queste siano le prime olimpiadi diffuse, accessibili e sostenibili\u201d. Con queste parole il Presidente della regione del Veneto, Luca Zaia, commenta l\u2019accordo di collaborazione tra il Comitato Organizzatore dei Giochi del 2026 e la Fondazione Cortina. \u201cIl Veneto \u2013 conclude il Governatore &#8211; \u00e8 pronto. Molte delle opere e delle iniziative che saranno realizzate saranno una preziosa eredit\u00e0 per molti decenni a venire, il nostro compito da oggi e nei prossimi tre anni sar\u00e0 quello di realizzarle al meglio e di immaginare da subito come poterle valorizzare nel lungo periodo per rendere attrattivo il territorio e ospitare le nuove generazioni di atleti\u201d.<\/p>\n<p>&nbsp;<\/p>\n<p>&nbsp;<\/p>\n<hr \/>\n<p>&nbsp;<\/p>\n<blockquote>\n<h3>AL VIA LA SELEZIONE DEL NUOVO COMANDANTE DELLA POLIZIA LOCALE DI BELLUNO<\/h3>\n<\/blockquote>\n<p><strong><a class=\"dt-pswp-item\" href=\"https:\/\/www.radiopiu.net\/wordpress\/wp-content\/uploads\/2022\/12\/polizia-locale-belluno.jpg\" data-dt-img-description=\"\" data-large_image_width=\"733\" data-large_image_height=\"436\"><img loading=\"lazy\" decoding=\"async\" class=\" wp-image-311737 alignleft\" src=\"https:\/\/www.radiopiu.net\/wordpress\/wp-content\/uploads\/2022\/12\/polizia-locale-belluno-300x178.jpg\" alt=\"\" width=\"196\" height=\"116\" srcset=\"https:\/\/www.radiopiu.net\/wordpress\/wp-content\/uploads\/2022\/12\/polizia-locale-belluno-300x178.jpg 300w, https:\/\/www.radiopiu.net\/wordpress\/wp-content\/uploads\/2022\/12\/polizia-locale-belluno.jpg 733w\" sizes=\"auto, (max-width: 196px) 100vw, 196px\" \/><\/a>BELLUNO<\/strong> Il Comune di Belluno ha pubblicato all&#8217;albo pretorio l&#8217;avviso di selezione interna per la nomina del nuovo comandante della Polizia Locale visto l&#8217;approssimarsi della scadenza del mandato triennale in capo a Roberto Rossetti. Sar\u00e0 il sindaco De Pellegrin a individuare il dipendente cui affidare l&#8217;incarico e dovr\u00e0 farlo dopo il prossimo 27 marzo, giorno in cui scadono i termini per la presentazione delle candidature. Dal 1\u00b0 aprile, fatta salva una eventuale riconferma dell&#8217;uscente Rossetti, al comando di via Gabelli prender\u00e0 servizio il o la nuova dirigente che rester\u00e0 in carica fino al termine del mandato del Sindaco pro tempore.<\/p>\n<p>&nbsp;<\/p>\n<p>&nbsp;<\/p>\n<hr \/>\n<p>&nbsp;<\/p>\n<blockquote>\n<h3>COVID IN PROVINCIA: DUE DECESSI E 212 PERSONE ATTUALMENTE POSITIVE<\/h3>\n<\/blockquote>\n<p><strong>BELLUNO<\/strong> Aggiornamento settimanale sull&#8217;andamento epidemiologico Covid-19 in provincia di Belluno a cura dell&#8217;Ulss 1 Dolomiti. Sono 212 le persone attualmente positive. Rimane stabile l\u2019incidenza settimanale intorno alla soglia epidemica di 50 casi su 100 mila abitanti. Nei nosocomi bellunesi sono ricoverate 15 persone in area non critica di cui 14 no covid e 3 negli ospedali di comunit\u00e0 di cui uno non covid. Negli ultimi sette giorni sono decedute due persone covid positive: un uomo di 97 anni e una donna di 76 anni.<\/p>\n\n\t\t\t<style type='text\/css'>\n\t\t\t\t#gallery-2 {\n\t\t\t\t\tmargin: auto;\n\t\t\t\t}\n\t\t\t\t#gallery-2 .gallery-item {\n\t\t\t\t\tfloat: left;\n\t\t\t\t\tmargin-top: 10px;\n\t\t\t\t\ttext-align: center;\n\t\t\t\t\twidth: 50%;\n\t\t\t\t}\n\t\t\t\t#gallery-2 img {\n\t\t\t\t\tborder: 2px solid #cfcfcf;\n\t\t\t\t}\n\t\t\t\t#gallery-2 .gallery-caption {\n\t\t\t\t\tmargin-left: 0;\n\t\t\t\t}\n\t\t\t\t\/* see gallery_shortcode() in wp-includes\/media.php *\/\n\t\t\t<\/style>\n\t\t<div id='gallery-2' class='dt-gallery-container gallery galleryid-327349 gallery-columns-2 gallery-size-medium'><dl class='gallery-item'>\n\t\t\t\t<dt class='gallery-icon landscape'>\n\t\t\t\t\t<a class=\"rollover rollover-zoom dt-pswp-item\" title=\"AAAA\" data-dt-img-description=\"\" data-large_image_width=\"1122\" data-large_image_height=\"793\"href='https:\/\/www.radiopiu.net\/wordpress\/wp-content\/uploads\/2023\/03\/AAAA-1.png'><img loading=\"lazy\" decoding=\"async\" width=\"300\" height=\"212\" src=\"https:\/\/www.radiopiu.net\/wordpress\/wp-content\/uploads\/2023\/03\/AAAA-1-300x212.png\" class=\"attachment-medium size-medium\" alt=\"\" srcset=\"https:\/\/www.radiopiu.net\/wordpress\/wp-content\/uploads\/2023\/03\/AAAA-1-300x212.png 300w, https:\/\/www.radiopiu.net\/wordpress\/wp-content\/uploads\/2023\/03\/AAAA-1-1024x724.png 1024w, https:\/\/www.radiopiu.net\/wordpress\/wp-content\/uploads\/2023\/03\/AAAA-1-768x543.png 768w, https:\/\/www.radiopiu.net\/wordpress\/wp-content\/uploads\/2023\/03\/AAAA-1.png 1122w\" sizes=\"auto, (max-width: 300px) 100vw, 300px\" \/><\/a>\n\t\t\t\t<\/dt><\/dl><dl class='gallery-item'>\n\t\t\t\t<dt class='gallery-icon portrait'>\n\t\t\t\t\t<a class=\"rollover rollover-zoom dt-pswp-item\" title=\"BBBBB\" data-dt-img-description=\"\" data-large_image_width=\"1548\" data-large_image_height=\"1600\"href='https:\/\/www.radiopiu.net\/wordpress\/wp-content\/uploads\/2023\/03\/BBBBB.jpg'><img loading=\"lazy\" decoding=\"async\" width=\"290\" height=\"300\" src=\"https:\/\/www.radiopiu.net\/wordpress\/wp-content\/uploads\/2023\/03\/BBBBB-290x300.jpg\" class=\"attachment-medium size-medium\" alt=\"\" srcset=\"https:\/\/www.radiopiu.net\/wordpress\/wp-content\/uploads\/2023\/03\/BBBBB-290x300.jpg 290w, https:\/\/www.radiopiu.net\/wordpress\/wp-content\/uploads\/2023\/03\/BBBBB-991x1024.jpg 991w, https:\/\/www.radiopiu.net\/wordpress\/wp-content\/uploads\/2023\/03\/BBBBB-768x794.jpg 768w, https:\/\/www.radiopiu.net\/wordpress\/wp-content\/uploads\/2023\/03\/BBBBB-1486x1536.jpg 1486w, https:\/\/www.radiopiu.net\/wordpress\/wp-content\/uploads\/2023\/03\/BBBBB.jpg 1548w\" sizes=\"auto, (max-width: 290px) 100vw, 290px\" \/><\/a>\n\t\t\t\t<\/dt><\/dl><br style=\"clear: both\" \/>\n\t\t\t<\/div>\n\n<p>&nbsp;<\/p>\n<hr \/>\n<p>&nbsp;<\/p>\n<p><strong>DI TIZIANO DE COL<\/strong><\/p>\n<p>&nbsp;<\/p>\n\n\t\t\t<style type='text\/css'>\n\t\t\t\t#gallery-3 {\n\t\t\t\t\tmargin: auto;\n\t\t\t\t}\n\t\t\t\t#gallery-3 .gallery-item {\n\t\t\t\t\tfloat: left;\n\t\t\t\t\tmargin-top: 10px;\n\t\t\t\t\ttext-align: center;\n\t\t\t\t\twidth: 20%;\n\t\t\t\t}\n\t\t\t\t#gallery-3 img {\n\t\t\t\t\tborder: 2px solid #cfcfcf;\n\t\t\t\t}\n\t\t\t\t#gallery-3 .gallery-caption {\n\t\t\t\t\tmargin-left: 0;\n\t\t\t\t}\n\t\t\t\t\/* see gallery_shortcode() in wp-includes\/media.php *\/\n\t\t\t<\/style>\n\t\t<div id='gallery-3' class='dt-gallery-container gallery galleryid-327349 gallery-columns-5 gallery-size-thumbnail'><dl class='gallery-item'>\n\t\t\t\t<dt class='gallery-icon landscape'>\n\t\t\t\t\t<a class=\"rollover rollover-zoom dt-pswp-item\" title=\"4719c7b1-1f12-4d25-8f7f-4b62b49e1c39\" data-dt-img-description=\"\" data-large_image_width=\"610\" data-large_image_height=\"359\"href='https:\/\/www.radiopiu.net\/wordpress\/wp-content\/uploads\/2023\/03\/4719c7b1-1f12-4d25-8f7f-4b62b49e1c39.jpg'><img loading=\"lazy\" decoding=\"async\" width=\"150\" height=\"150\" src=\"https:\/\/www.radiopiu.net\/wordpress\/wp-content\/uploads\/2023\/03\/4719c7b1-1f12-4d25-8f7f-4b62b49e1c39-150x150.jpg\" class=\"attachment-thumbnail size-thumbnail\" alt=\"\" \/><\/a>\n\t\t\t\t<\/dt><\/dl><dl class='gallery-item'>\n\t\t\t\t<dt class='gallery-icon landscape'>\n\t\t\t\t\t<a class=\"rollover rollover-zoom dt-pswp-item\" title=\"1725231c-4cbc-4943-858a-7998c284feb1\" data-dt-img-description=\"\" data-large_image_width=\"596\" data-large_image_height=\"352\"href='https:\/\/www.radiopiu.net\/wordpress\/wp-content\/uploads\/2023\/03\/1725231c-4cbc-4943-858a-7998c284feb1.jpg'><img loading=\"lazy\" decoding=\"async\" width=\"150\" height=\"150\" src=\"https:\/\/www.radiopiu.net\/wordpress\/wp-content\/uploads\/2023\/03\/1725231c-4cbc-4943-858a-7998c284feb1-150x150.jpg\" class=\"attachment-thumbnail size-thumbnail\" alt=\"\" \/><\/a>\n\t\t\t\t<\/dt><\/dl><dl class='gallery-item'>\n\t\t\t\t<dt class='gallery-icon landscape'>\n\t\t\t\t\t<a class=\"rollover rollover-zoom dt-pswp-item\" title=\"01e6fd4e-2445-4d4f-9746-bd8ac1b714c8\" data-dt-img-description=\"\" data-large_image_width=\"600\" data-large_image_height=\"361\"href='https:\/\/www.radiopiu.net\/wordpress\/wp-content\/uploads\/2023\/03\/01e6fd4e-2445-4d4f-9746-bd8ac1b714c8.jpg'><img loading=\"lazy\" decoding=\"async\" width=\"150\" height=\"150\" src=\"https:\/\/www.radiopiu.net\/wordpress\/wp-content\/uploads\/2023\/03\/01e6fd4e-2445-4d4f-9746-bd8ac1b714c8-150x150.jpg\" class=\"attachment-thumbnail size-thumbnail\" alt=\"\" \/><\/a>\n\t\t\t\t<\/dt><\/dl><dl class='gallery-item'>\n\t\t\t\t<dt class='gallery-icon landscape'>\n\t\t\t\t\t<a class=\"rollover rollover-zoom dt-pswp-item\" title=\"39a7ae54-c40c-47e5-8d2d-5a113a57591c\" data-dt-img-description=\"\" data-large_image_width=\"592\" data-large_image_height=\"351\"href='https:\/\/www.radiopiu.net\/wordpress\/wp-content\/uploads\/2023\/03\/39a7ae54-c40c-47e5-8d2d-5a113a57591c.jpg'><img loading=\"lazy\" decoding=\"async\" width=\"150\" height=\"150\" src=\"https:\/\/www.radiopiu.net\/wordpress\/wp-content\/uploads\/2023\/03\/39a7ae54-c40c-47e5-8d2d-5a113a57591c-150x150.jpg\" class=\"attachment-thumbnail size-thumbnail\" alt=\"\" \/><\/a>\n\t\t\t\t<\/dt><\/dl><dl class='gallery-item'>\n\t\t\t\t<dt class='gallery-icon landscape'>\n\t\t\t\t\t<a class=\"rollover rollover-zoom dt-pswp-item\" title=\"7d1223ec-30fa-4991-8ff8-067c8a1e58a1\" data-dt-img-description=\"\" data-large_image_width=\"610\" data-large_image_height=\"361\"href='https:\/\/www.radiopiu.net\/wordpress\/wp-content\/uploads\/2023\/03\/7d1223ec-30fa-4991-8ff8-067c8a1e58a1.jpg'><img loading=\"lazy\" decoding=\"async\" width=\"150\" height=\"150\" src=\"https:\/\/www.radiopiu.net\/wordpress\/wp-content\/uploads\/2023\/03\/7d1223ec-30fa-4991-8ff8-067c8a1e58a1-150x150.jpg\" class=\"attachment-thumbnail size-thumbnail\" alt=\"\" \/><\/a>\n\t\t\t\t<\/dt><\/dl><br style=\"clear: both\" \/>\n\t\t\t<\/div>\n\n<p>di Gianni Santomaso<\/p>\n<p>&nbsp;<\/p>\n<hr \/>\n<p>&nbsp;<\/p>\n<blockquote>\n<h2>Open day ai corsi universitari attivi a Feltre<\/h2>\n<\/blockquote>\n<p><a class=\"dt-pswp-item\" href=\"https:\/\/www.radiopiu.net\/wordpress\/wp-content\/uploads\/2023\/03\/infermieristica-3-1.jpeg\" data-dt-img-description=\"\" data-large_image_width=\"1600\" data-large_image_height=\"870\"><img loading=\"lazy\" decoding=\"async\" class=\"size-medium wp-image-326734 alignleft\" src=\"https:\/\/www.radiopiu.net\/wordpress\/wp-content\/uploads\/2023\/03\/infermieristica-3-1-300x163.jpeg\" alt=\"\" width=\"300\" height=\"163\" srcset=\"https:\/\/www.radiopiu.net\/wordpress\/wp-content\/uploads\/2023\/03\/infermieristica-3-1-300x163.jpeg 300w, https:\/\/www.radiopiu.net\/wordpress\/wp-content\/uploads\/2023\/03\/infermieristica-3-1-1024x557.jpeg 1024w, https:\/\/www.radiopiu.net\/wordpress\/wp-content\/uploads\/2023\/03\/infermieristica-3-1-768x418.jpeg 768w, https:\/\/www.radiopiu.net\/wordpress\/wp-content\/uploads\/2023\/03\/infermieristica-3-1-1536x835.jpeg 1536w, https:\/\/www.radiopiu.net\/wordpress\/wp-content\/uploads\/2023\/03\/infermieristica-3-1.jpeg 1600w\" sizes=\"auto, (max-width: 300px) 100vw, 300px\" \/><\/a><strong>FELTRE<\/strong> La sede di Feltre dell\u2019Universit\u00e0 di Padova apre le porte agli studenti, aderendo all\u2019iniziativa \u201cScegli con noi\u201d promossa dall\u2019ateneo per presentare i corsi di laurea. Domani dalle 15.00 alle 17.00 al Campus Tina Merlin di Feltre, le persone interessare ai corsi di laurea triennale in Infermieristica, in Tecniche della prevenzione negli ambienti di vita e di lavoro e al master in prevenzione ed emergenza in territorio montano e d\u2019alta quota potranno partecipare all\u2019open day.<em> \u00abInvitiamo gli studenti degli ultimi anni delle scuole superiori ad essere curiosi. Ci rivolgiamo anche alle persone che dopo altre esperienze lavorative vogliono conoscere una nuova prospettiva che offre un\u2019opportunit\u00e0 formativa\u00bb<\/em> commenta il direttore sanitario Maria Caterina De Marco.<\/p>\n<p>&nbsp;<\/p>\n<p>&nbsp;<\/p>\n<hr \/>\n<p>&nbsp;<\/p>\n<blockquote>\n<h3 align=\"center\"><span style=\"font-family: Times New Roman, serif;\"><span style=\"font-size: medium;\"><span style=\"color: #222222;\"><span style=\"font-family: Calibri, serif;\"><span style=\"font-size: large;\"><b>L\u2019 azzardo e i nostri soldi: incontro con i cittadini<\/b><\/span><\/span><\/span><\/span><\/span><\/h3>\n<\/blockquote>\n<p><span style=\"font-size: medium;\"><span style=\"font-family: 'Times New Roman', serif; color: #222222;\"><span style=\"font-family: Calibri, serif;\"><b><a class=\"dt-pswp-item\" href=\"https:\/\/www.radiopiu.net\/wordpress\/wp-content\/uploads\/2021\/11\/gambling-machine-4926__340.jpg\" data-dt-img-description=\"\" data-large_image_width=\"453\" data-large_image_height=\"340\"><img loading=\"lazy\" decoding=\"async\" class=\"wp-image-242314 alignleft\" src=\"https:\/\/www.radiopiu.net\/wordpress\/wp-content\/uploads\/2021\/11\/gambling-machine-4926__340-300x225.jpg\" alt=\"\" width=\"192\" height=\"144\" srcset=\"https:\/\/www.radiopiu.net\/wordpress\/wp-content\/uploads\/2021\/11\/gambling-machine-4926__340-300x225.jpg 300w, https:\/\/www.radiopiu.net\/wordpress\/wp-content\/uploads\/2021\/11\/gambling-machine-4926__340.jpg 453w\" sizes=\"auto, (max-width: 192px) 100vw, 192px\" \/><\/a>Venerd\u00ec 24 marzo 2023 <\/b><\/span><\/span><span style=\"font-family: 'Times New Roman', serif; color: #222222;\"><span style=\"font-family: Calibri, serif;\">si terr\u00e0 un incontro dal titolo <\/span><\/span><span style=\"font-family: 'Times New Roman', serif; color: #222222;\"><span style=\"font-family: Calibri, serif;\"><b>\u201cL\u2019azzardo e i nostri soldi\u201d<\/b><\/span><\/span><span style=\"color: #222222; font-family: Calibri, serif;\">, dedicato al gioco d\u2019azzardo e all\u2019impatto che questo pu\u00f2 avere sui bilanci delle famiglie.<\/span> <\/span><span style=\"font-size: medium; font-family: 'Times New Roman', serif; color: #222222;\"><span style=\"font-family: Calibri, serif;\">L\u2019 incontro si svolger\u00e0 <\/span><\/span><span style=\"font-size: medium; font-family: 'Times New Roman', serif; color: #222222;\"><span style=\"font-family: Calibri, serif;\"><b>dalle 9.00 alle 13.00<\/b><\/span><\/span><span style=\"font-size: medium; font-family: 'Times New Roman', serif; color: #222222;\"><span style=\"font-family: Calibri, serif;\"> in <\/span><\/span><span style=\"font-size: medium; font-family: 'Times New Roman', serif; color: #222222;\"><span style=\"font-family: Calibri, serif;\"><b>Sala Bianchi \u2013 Viale Fantuzzi 11, Belluno<\/b><\/span><\/span><span style=\"font-size: medium; font-family: 'Times New Roman', serif; color: #222222;\"><span style=\"font-family: Calibri, serif;\"> (max 80 posti). <\/span><\/span><span style=\"font-family: Times New Roman, serif;\"><span style=\"font-size: medium;\"><span style=\"color: #222222;\"><span style=\"font-family: Calibri, serif;\">Si parler\u00e0 di cos\u2019\u00e8 il gioco d\u2019azzardo e del disturbo da gioco d\u2019azzardo, concentrandosi in particolare sugli aspetti finanziari collegati, quali il sovraindebitamento e gli strumenti di tutela degli utenti. Interverranno il Direttore UOC Ser.D. di Belluno, Amalia Manzan, con gli operatori del Dipartimento delle Dipendenze, un rappresentante del Gruppo AMA, referenti delle OO.SS., referenti dell\u2019 Associazione Consumatori e consulenti per l\u2019educazione finanziaria.\u00a0<\/span><\/span><\/span><\/span><\/p>\n<p>&nbsp;<\/p>\n<p>&nbsp;<\/p>\n<hr \/>\n<p>&nbsp;<\/p>\n<blockquote>\n<h3>LA GUARDIA DI FINANZA ALLA RICERCA DI 1230 ALLIEVI<\/h3>\n<\/blockquote>\n<p><strong>BELLUNO<\/strong> \u00c8 stato indetto per l&#8217;anno accademico 2023\/2024 il concorso per titoli ed esami per l&#8217;ammissione di 1230 allievi marescialli al 95\u00b0 corso presso la Scuola Ispettori e Sovrintendenti della Guardia di Finanza. Possono partecipare al concorso i cittadini italiani, anche gi\u00e0 alle armi, che abbiano compiuto il diciasettesimo anno di et\u00e0 e che non abbiano pi\u00f9 di 26 anni alla data di scadenza per la presentazione della domanda che \u00e8 il 23 marzo alle 12. La domanda di concorso deve essere compilata online al sito concorsi.gdf.gov.it seguendo le istruzioni del sistema automatizzato. Sullo stesso sito si possono trovare tutte le informazioni sul concorso.<\/p>\n<p>&nbsp;<\/p>\n<p>&nbsp;<\/p>\n<hr \/>\n<p>&nbsp;<\/p>\n<div class=\"page\" title=\"Page 1\">\n<div class=\"layoutArea\">\n<div class=\"column\">\n<blockquote>\n<h3>GLI APPUNTAMENTI CON OLTRE TEAM ACADEMY 2023<\/h3>\n<\/blockquote>\n<p style=\"text-align: left;\"><b><a class=\"dt-pswp-item\" href=\"https:\/\/www.radiopiu.net\/wordpress\/wp-content\/uploads\/2023\/03\/2023-OLTRE-Team-Academy-Bettini-01-scaled.jpg\" data-dt-img-description=\"\" data-large_image_width=\"2560\" data-large_image_height=\"1707\"><img loading=\"lazy\" decoding=\"async\" class=\" wp-image-327436 alignleft\" src=\"https:\/\/www.radiopiu.net\/wordpress\/wp-content\/uploads\/2023\/03\/2023-OLTRE-Team-Academy-Bettini-01-300x200.jpg\" alt=\"\" width=\"233\" height=\"155\" srcset=\"https:\/\/www.radiopiu.net\/wordpress\/wp-content\/uploads\/2023\/03\/2023-OLTRE-Team-Academy-Bettini-01-300x200.jpg 300w, https:\/\/www.radiopiu.net\/wordpress\/wp-content\/uploads\/2023\/03\/2023-OLTRE-Team-Academy-Bettini-01-1024x683.jpg 1024w, https:\/\/www.radiopiu.net\/wordpress\/wp-content\/uploads\/2023\/03\/2023-OLTRE-Team-Academy-Bettini-01-768x512.jpg 768w, https:\/\/www.radiopiu.net\/wordpress\/wp-content\/uploads\/2023\/03\/2023-OLTRE-Team-Academy-Bettini-01-1536x1024.jpg 1536w, https:\/\/www.radiopiu.net\/wordpress\/wp-content\/uploads\/2023\/03\/2023-OLTRE-Team-Academy-Bettini-01-2048x1365.jpg 2048w\" sizes=\"auto, (max-width: 233px) 100vw, 233px\" \/><\/a>\u00a0BELLUNO<\/b> Domani sera con l&#8217;appuntamento dedicato al posizionamento in sella. Un incontro che prender\u00e0 il via a partire dalle ore 20.15 presso il negozio Bettini Bike in via Feltre a Belluno. A disposizione del pubblico vi sar\u00e0 un tecnico specializzato nel bikefit. La serata di mercoled\u00ec 22 marzo ha l&#8217;obiettivo di far comprendere al pubblico l&#8217;importanza di pedalare correttamente. Non importa se uno pratica agonismo oppure utilizza la bicicletta il sabato e la domenica. E&#8217; fondamentale conoscere per prevenire. La serata di mercoled\u00ec \u00e8 gratuita e APERTA AL PUBBLICO ma, visto il numero limitato dei posti, consigliamo di prenotare mediante telefonata\/whatsapp a Luca Mares 393 5710986 oppure Daniel Bettini 340 7130291.<\/p>\n<p>&nbsp;<\/p>\n<hr \/>\n<p>&nbsp;<\/p>\n<p>&nbsp;<\/p>\n<blockquote>\n<h3>STONEHENGE DI SOCCHER, 200 VISITATORI IN DUE GIORNI<\/h3>\n<\/blockquote>\n<p><strong>PONTE NELLE ALPI<\/strong> In due giorni di visite, oltre duecento persone da tutto il Veneto sono approdate in territorio pontalpino per ammirare la piccola \u201cStonehenge\u201d di Soccher: il sito archeologico dell\u2019et\u00e0 del bronzo, individuato sopra l\u2019abitato della frazione dell\u2019Oltrerai, \u00e8 la riprova che il patrimonio culturale e storico della provincia di Belluno \u00e8 di valore inestimabile e rappresenta una grande opportunit\u00e0 turistica.\u00a0 \u00abGrazie a queste iniziative cos\u00ec partecipate &#8211; ha affermato il sindaco di Ponte Paolo Vendramini &#8211; le comunit\u00e0 diventano custodi della nostra storia e la trasmettono ai visitatori. C\u2019\u00e8 bisogno di aggregazione, di scoprire tradizioni, folklore, sentieri e percorsi come quello che stiamo proponendo a Soccher. In pochi giorni abbiamo ricevuto all\u2019ufficio relazioni con il pubblico tantissime richieste&#8221;.\u00a0 Il gruppo \u201cSorelle Fontana Granda\u201d di Soccher, ha accolto i turisti in costume tipico e con piatti locali molto apprezzatI<\/p>\n<p>&nbsp;<\/p>\n\n\t\t\t<style type='text\/css'>\n\t\t\t\t#gallery-4 {\n\t\t\t\t\tmargin: auto;\n\t\t\t\t}\n\t\t\t\t#gallery-4 .gallery-item {\n\t\t\t\t\tfloat: left;\n\t\t\t\t\tmargin-top: 10px;\n\t\t\t\t\ttext-align: center;\n\t\t\t\t\twidth: 33%;\n\t\t\t\t}\n\t\t\t\t#gallery-4 img {\n\t\t\t\t\tborder: 2px solid #cfcfcf;\n\t\t\t\t}\n\t\t\t\t#gallery-4 .gallery-caption {\n\t\t\t\t\tmargin-left: 0;\n\t\t\t\t}\n\t\t\t\t\/* see gallery_shortcode() in wp-includes\/media.php *\/\n\t\t\t<\/style>\n\t\t<div id='gallery-4' class='dt-gallery-container gallery galleryid-327349 gallery-columns-3 gallery-size-thumbnail'><dl class='gallery-item'>\n\t\t\t\t<dt class='gallery-icon portrait'>\n\t\t\t\t\t<a class=\"rollover rollover-zoom dt-pswp-item\" title=\"Stonehenge_1\" data-dt-img-description=\"\" data-large_image_width=\"768\" data-large_image_height=\"1024\"href='https:\/\/www.radiopiu.net\/wordpress\/wp-content\/uploads\/2023\/03\/Stonehenge_1.jpg'><img loading=\"lazy\" decoding=\"async\" width=\"150\" height=\"150\" src=\"https:\/\/www.radiopiu.net\/wordpress\/wp-content\/uploads\/2023\/03\/Stonehenge_1-150x150.jpg\" class=\"attachment-thumbnail size-thumbnail\" alt=\"\" \/><\/a>\n\t\t\t\t<\/dt><\/dl><dl class='gallery-item'>\n\t\t\t\t<dt class='gallery-icon portrait'>\n\t\t\t\t\t<a class=\"rollover rollover-zoom dt-pswp-item\" title=\"Stonehenge_2\" data-dt-img-description=\"\" data-large_image_width=\"552\" data-large_image_height=\"587\"href='https:\/\/www.radiopiu.net\/wordpress\/wp-content\/uploads\/2023\/03\/Stonehenge_2.jpg'><img loading=\"lazy\" decoding=\"async\" width=\"150\" height=\"150\" src=\"https:\/\/www.radiopiu.net\/wordpress\/wp-content\/uploads\/2023\/03\/Stonehenge_2-150x150.jpg\" class=\"attachment-thumbnail size-thumbnail\" alt=\"\" \/><\/a>\n\t\t\t\t<\/dt><\/dl><dl class='gallery-item'>\n\t\t\t\t<dt class='gallery-icon portrait'>\n\t\t\t\t\t<a class=\"rollover rollover-zoom dt-pswp-item\" title=\"Stonehenge_3\" data-dt-img-description=\"\" data-large_image_width=\"576\" data-large_image_height=\"1024\"href='https:\/\/www.radiopiu.net\/wordpress\/wp-content\/uploads\/2023\/03\/Stonehenge_3.jpg'><img loading=\"lazy\" decoding=\"async\" width=\"150\" height=\"150\" src=\"https:\/\/www.radiopiu.net\/wordpress\/wp-content\/uploads\/2023\/03\/Stonehenge_3-150x150.jpg\" class=\"attachment-thumbnail size-thumbnail\" alt=\"\" \/><\/a>\n\t\t\t\t<\/dt><\/dl><br style=\"clear: both\" \/>\n\t\t\t<\/div>\n\n<p>&nbsp;<\/p>\n<hr \/>\n<p>&nbsp;<\/p>\n<blockquote>\n<h3>ALBERTO ALPAGO NOVELLO E IL SUO LEGAME CON BELLUNO<\/h3>\n<\/blockquote>\n<p><em>Venerd\u00ec 24 marzo la presentazione del volume che ne analizza l\u2019attivit\u00e0<\/em><\/p>\n<p><strong>BELLUNO\u00a0<\/strong>Nuovo appuntamento in collaborazione con l\u2019Archivio storico di Belluno: venerd\u00ec 24 marzo alle 17 in sala Bianchi si parler\u00e0 dell\u2019architetto Alberto Alpago Novello e di quanto la sua attivit\u00e0 e il suo ingegno abbiamo determinato e disegnato l\u2019attuale assetto del capoluogo. La conferenza coglie l\u2019occasione di un recente volume, \u201cAlberto Alpago-Novello 1889-1985. Architetture a Belluno\u201d di Damiano Iacobone.<\/p>\n<p><strong>L&#8217;ASSESSORE RAFFAELE ADDAMIANO\u00a0<\/strong><\/p>\n<audio class=\"wp-audio-shortcode\" id=\"audio-327349-4\" preload=\"none\" style=\"width: 100%;\" controls=\"controls\"><source type=\"audio\/mpeg\" src=\"https:\/\/www.radiopiu.net\/wordpress\/wp-content\/uploads\/2023\/03\/addamiano.mp3?_=4\" \/><a href=\"https:\/\/www.radiopiu.net\/wordpress\/wp-content\/uploads\/2023\/03\/addamiano.mp3\">https:\/\/www.radiopiu.net\/wordpress\/wp-content\/uploads\/2023\/03\/addamiano.mp3<\/a><\/audio>\n<p>&nbsp;<\/p>\n<p>&nbsp;<\/p>\n<hr \/>\n<p>&nbsp;<\/p>\n<blockquote>\n<h3>IL CONCERTO DI PRIMAVERA CON IL GRUPPO CORALE VOCI IN VALLE<\/h3>\n<\/blockquote>\n<p><strong><a class=\"dt-pswp-item\" href=\"https:\/\/www.radiopiu.net\/wordpress\/wp-content\/uploads\/2023\/01\/Schermata-2023-01-04-alle-11.37.29.png\" data-dt-img-description=\"\" data-large_image_width=\"344\" data-large_image_height=\"222\"><img loading=\"lazy\" decoding=\"async\" class=\" wp-image-314871 alignleft\" src=\"https:\/\/www.radiopiu.net\/wordpress\/wp-content\/uploads\/2023\/01\/Schermata-2023-01-04-alle-11.37.29-300x194.png\" alt=\"\" width=\"181\" height=\"117\" srcset=\"https:\/\/www.radiopiu.net\/wordpress\/wp-content\/uploads\/2023\/01\/Schermata-2023-01-04-alle-11.37.29-300x194.png 300w, https:\/\/www.radiopiu.net\/wordpress\/wp-content\/uploads\/2023\/01\/Schermata-2023-01-04-alle-11.37.29.png 344w\" sizes=\"auto, (max-width: 181px) 100vw, 181px\" \/><\/a>SEDICO<\/strong> Torna anche quest\u2019anno a Sedico il \u201cConcerto di Primavera\u201d, organizzato dal Gruppo corale \u201cVoci in valle\u201d con la collaborazione ed il patrocinio dell\u2019Amministrazione comunale e della parrocchia di S. Maria Annunziata. Cominciata nel 2014 l\u2019iniziativa fu sospesa negli anni 2020-21, a causa dell\u2019emergenza sanitaria, e ripresa lo scorso maggio, riprende ora la sua cadenza naturale con la festa patronale e continua con la proposta di complessi corali con i quali il \u201cVoci in valle\u201d mantiene rapporti di amicizia e condivisione dei principi del canto corale amatoriale. Per l\u2019edizione 2023, assieme al Gruppo organizzatore, si esibir\u00e0 il \u201cCoro Rualan\u201d di Valle di Cadore. Il complesso cadorino \u00e8 una formazione a voci miste costituita nel 2003 e fondata da Francesco Meneghini, che lo ha diretto fino al 2012, anno in cui la direzione \u00e8 passata alla figlia, il soprano Paola Meneghini. Il repertorio attinge ai canti di montagna e di ispirazione popolare di autori quali Bepi De Marzi, Lamberto Pietrop\u00f2li e Marco M\u00e0iero e anche di autori molto vicini alla terra bellunese come Giuseppe Milan e Donato Manfroi. Il coro ha partecipato a numerose rassegne in Veneto, Friuli Venezia Giulia ed Emilia-Romagna. \u00c8 stato uno dei cori ad avere l\u2019onore di cantare per S. S. Papa Benedetto XVI durante il suo soggiorno estivo a Lorenzago di Cadore. Ha partecipato, inoltre, a varie rassegne organizzate da Asac Veneto, come \u201cVenezia in coro\u201d e Festival della Coralit\u00e0 Veneta a Vittorio Veneto (2018) e Adria(2022). Da una decina di anni il \u201cRualan\u201d organizza la rassegna primaverile &#8211; il \u201cTrittico montano\u201d &#8211; nella quale invita un coro della provincia di Belluno e un coro da fuori provincia, nell\u2019intento di offrire un\u2019occasione di scambio culturale con musica di qualit\u00e0.<\/p>\n<p>&nbsp;<\/p>\n<hr \/>\n<p>&nbsp;<\/p>\n<p><iframe loading=\"lazy\" title=\"EP CENTER - VENEZIA 1\" width=\"1200\" height=\"675\" src=\"https:\/\/www.youtube.com\/embed\/svzAkEMockw?feature=oembed\" frameborder=\"0\" allow=\"accelerometer; autoplay; clipboard-write; encrypted-media; gyroscope; picture-in-picture; web-share\" allowfullscreen><\/iframe><\/p>\n<p>&nbsp;<\/p>\n<p>&nbsp;<\/p>\n<hr \/>\n<p>&nbsp;<\/p>\n<h2><span style=\"color: #ff0000;\">IERI ALLA RADIO\u00a0<\/span><\/h2>\n<h2><span style=\"color: #0000ff;\">AMA DOLOMITI<\/span><\/h2>\n<p><strong><a class=\"dt-pswp-item\" href=\"https:\/\/www.radiopiu.net\/wordpress\/wp-content\/uploads\/2023\/02\/1239767_1376151945949547_1371470440_n.jpg\" data-dt-img-description=\"\" data-large_image_width=\"744\" data-large_image_height=\"498\"><img loading=\"lazy\" decoding=\"async\" class=\" wp-image-321803 alignleft\" src=\"https:\/\/www.radiopiu.net\/wordpress\/wp-content\/uploads\/2023\/02\/1239767_1376151945949547_1371470440_n-300x201.jpg\" alt=\"\" width=\"172\" height=\"115\" srcset=\"https:\/\/www.radiopiu.net\/wordpress\/wp-content\/uploads\/2023\/02\/1239767_1376151945949547_1371470440_n-300x201.jpg 300w, https:\/\/www.radiopiu.net\/wordpress\/wp-content\/uploads\/2023\/02\/1239767_1376151945949547_1371470440_n.jpg 744w\" sizes=\"auto, (max-width: 172px) 100vw, 172px\" \/><\/a>Nuovo appuntamento sulle frequenze di Radio Pi\u00f9. A partire dal 13 febbraio un nuovo programma a cura di AMA Dolomiti.<\/strong><\/p>\n<p align=\"JUSTIFY\"><span style=\"color: #000000;\"><span style=\"font-family: Times New Roman, serif;\"><span style=\"font-size: large;\">L\u2019Associazione Ama Dolomiti \u00e8 nata nell\u2019aprile 2010 da un gruppo di persone desiderose di mettere in rete i diversi gruppi di auto mutuo aiuto presenti nella provincia di Belluno, per dare ai medesimi sostegno nella loro attivit\u00e0, visibilit\u00e0 nel territorio e favorire la creazione di nuovi gruppi.\u00a0<\/span><\/span><\/span><\/p>\n<p>&nbsp;<\/p>\n<p><strong>PUNTATA 06 20 MARZO 2023 <\/strong><\/p>\n<p><strong>&#8220;LA TESTIMONIANZA DI PAOLA, DIPENDENTE NON PIU&#8217; ATTIVA&#8221;<\/strong><\/p>\n<audio class=\"wp-audio-shortcode\" id=\"audio-327349-5\" preload=\"none\" style=\"width: 100%;\" controls=\"controls\"><source type=\"audio\/mpeg\" src=\"https:\/\/www.radiopiu.net\/wordpress\/wp-content\/uploads\/2023\/03\/AMA-06.mp3?_=5\" \/><a href=\"https:\/\/www.radiopiu.net\/wordpress\/wp-content\/uploads\/2023\/03\/AMA-06.mp3\">https:\/\/www.radiopiu.net\/wordpress\/wp-content\/uploads\/2023\/03\/AMA-06.mp3<\/a><\/audio>\n<p>&nbsp;<\/p>\n<h2><strong><a class=\"dt-pswp-item\" href=\"https:\/\/www.radiopiu.net\/wordpress\/wp-content\/uploads\/2023\/03\/SCR-20230310-q9o.jpeg\" data-dt-img-description=\"\" data-large_image_width=\"2012\" data-large_image_height=\"1132\"><img loading=\"lazy\" decoding=\"async\" class=\" wp-image-325993 alignleft\" src=\"https:\/\/www.radiopiu.net\/wordpress\/wp-content\/uploads\/2023\/03\/SCR-20230310-q9o-300x169.jpeg\" alt=\"\" width=\"208\" height=\"117\" srcset=\"https:\/\/www.radiopiu.net\/wordpress\/wp-content\/uploads\/2023\/03\/SCR-20230310-q9o-300x169.jpeg 300w, https:\/\/www.radiopiu.net\/wordpress\/wp-content\/uploads\/2023\/03\/SCR-20230310-q9o-1024x576.jpeg 1024w, https:\/\/www.radiopiu.net\/wordpress\/wp-content\/uploads\/2023\/03\/SCR-20230310-q9o-768x432.jpeg 768w, https:\/\/www.radiopiu.net\/wordpress\/wp-content\/uploads\/2023\/03\/SCR-20230310-q9o-1536x864.jpeg 1536w, https:\/\/www.radiopiu.net\/wordpress\/wp-content\/uploads\/2023\/03\/SCR-20230310-q9o.jpeg 2012w\" sizes=\"auto, (max-width: 208px) 100vw, 208px\" \/><\/a><\/strong><span style=\"color: #ff6600;\">MDB, IL CENTRO ASSISTENZA E RIPARAZIONI A BELLUNO<\/span><\/h2>\n<p><strong>di Mirko Mezzacasa<\/strong><\/p>\n<p>OSPITE: Mirco De Bona<\/p>\n<audio class=\"wp-audio-shortcode\" id=\"audio-327349-6\" preload=\"none\" style=\"width: 100%;\" controls=\"controls\"><source type=\"audio\/mpeg\" src=\"https:\/\/www.radiopiu.net\/wordpress\/wp-content\/uploads\/2023\/03\/MIRCO-DE-BONA-MONTATI.mp3?_=6\" \/><a href=\"https:\/\/www.radiopiu.net\/wordpress\/wp-content\/uploads\/2023\/03\/MIRCO-DE-BONA-MONTATI.mp3\">https:\/\/www.radiopiu.net\/wordpress\/wp-content\/uploads\/2023\/03\/MIRCO-DE-BONA-MONTATI.mp3<\/a><\/audio>\n<p>&nbsp;<\/p>\n<h2><span style=\"color: #33cccc;\">SALUTE E SOCIETA&#8217;<\/span><\/h2>\n<p><a class=\"dt-pswp-item\" href=\"https:\/\/www.radiopiu.net\/wordpress\/wp-content\/uploads\/2023\/03\/2c7f222c-f07f-a022-b38a-ca9e6b45f423.jpg\" data-dt-img-description=\"Blood cells and glucose in the vein. 3D illustration\" data-large_image_width=\"800\" data-large_image_height=\"445\"><img loading=\"lazy\" decoding=\"async\" class=\"wp-image-327501 alignleft\" src=\"https:\/\/www.radiopiu.net\/wordpress\/wp-content\/uploads\/2023\/03\/2c7f222c-f07f-a022-b38a-ca9e6b45f423-300x167.jpg\" alt=\"\" width=\"158\" height=\"88\" srcset=\"https:\/\/www.radiopiu.net\/wordpress\/wp-content\/uploads\/2023\/03\/2c7f222c-f07f-a022-b38a-ca9e6b45f423-300x167.jpg 300w, https:\/\/www.radiopiu.net\/wordpress\/wp-content\/uploads\/2023\/03\/2c7f222c-f07f-a022-b38a-ca9e6b45f423-768x427.jpg 768w, https:\/\/www.radiopiu.net\/wordpress\/wp-content\/uploads\/2023\/03\/2c7f222c-f07f-a022-b38a-ca9e6b45f423.jpg 800w\" sizes=\"auto, (max-width: 158px) 100vw, 158px\" \/><\/a><strong>Malattia Venosa Cronica\u00a0 <\/strong>\u00c8 una delle malattie pi\u00f9 diffuse in Occidente e nel nostro Paese colpisce circa 19 milioni di persone. Nello specifico interessa dal 10 al 50% degli uomini e oltre la met\u00e0 delle donne. Si tratta della Malattia Venosa Cronica. <strong>Colesterolo-LDL <\/strong>\u201cThe lower the better: pi\u00f9 basso \u00e8 il livello di Colesterolo-LDL, minore \u00e8 il rischio cardiovascolare. Le pi\u00f9 recenti linee guida per la gestione delle dislipidemie hanno rivisto gli obiettivi C-LDL indicando un target di 55mg\/dL nei pazienti a rischio molto alto e 70mg\/dL per i pazienti a rischio alto<\/p>\n<p><strong>LA PUNTATA DEL 20 MARZO 2023<\/strong><\/p>\n<audio class=\"wp-audio-shortcode\" id=\"audio-327349-7\" preload=\"none\" style=\"width: 100%;\" controls=\"controls\"><source type=\"audio\/mpeg\" src=\"https:\/\/www.radiopiu.net\/wordpress\/wp-content\/uploads\/2023\/03\/SALUTE-2.mp3?_=7\" \/><a href=\"https:\/\/www.radiopiu.net\/wordpress\/wp-content\/uploads\/2023\/03\/SALUTE-2.mp3\">https:\/\/www.radiopiu.net\/wordpress\/wp-content\/uploads\/2023\/03\/SALUTE-2.mp3<\/a><\/audio>\n<p>&nbsp;<\/p>\n<hr \/>\n<p>&nbsp;<\/p>\n<blockquote>\n<h3>APPUNTAMENTO IN RADIO CON LA SETTIMANA DELLA MEMORIA E DELL\u2019IMPEGNO<\/h3>\n<\/blockquote>\n<p><strong>DI GIANNI SANTOMASO &#8211; DAL CORRIERE DELLE ALPI<\/strong><\/p>\n<audio class=\"wp-audio-shortcode\" id=\"audio-327349-8\" preload=\"none\" style=\"width: 100%;\" controls=\"controls\"><source type=\"audio\/mpeg\" src=\"https:\/\/www.radiopiu.net\/wordpress\/wp-content\/uploads\/2023\/03\/GIANNI-LIBERA-RICORDA-LE-VITTIME-DI-MAFIA.mp3?_=8\" \/><a href=\"https:\/\/www.radiopiu.net\/wordpress\/wp-content\/uploads\/2023\/03\/GIANNI-LIBERA-RICORDA-LE-VITTIME-DI-MAFIA.mp3\">https:\/\/www.radiopiu.net\/wordpress\/wp-content\/uploads\/2023\/03\/GIANNI-LIBERA-RICORDA-LE-VITTIME-DI-MAFIA.mp3<\/a><\/audio>\n<p>&nbsp;<\/p>\n<p><strong><a class=\"dt-pswp-item\" href=\"https:\/\/www.radiopiu.net\/wordpress\/wp-content\/uploads\/2023\/03\/336745200_1566267943880507_6400391698506863856_n.jpg\" data-dt-img-description=\"\" data-large_image_width=\"600\" data-large_image_height=\"600\"><img loading=\"lazy\" decoding=\"async\" class=\"wp-image-327420 alignleft\" src=\"https:\/\/www.radiopiu.net\/wordpress\/wp-content\/uploads\/2023\/03\/336745200_1566267943880507_6400391698506863856_n-300x300.jpg\" alt=\"\" width=\"118\" height=\"118\" srcset=\"https:\/\/www.radiopiu.net\/wordpress\/wp-content\/uploads\/2023\/03\/336745200_1566267943880507_6400391698506863856_n-300x300.jpg 300w, https:\/\/www.radiopiu.net\/wordpress\/wp-content\/uploads\/2023\/03\/336745200_1566267943880507_6400391698506863856_n-150x150.jpg 150w, https:\/\/www.radiopiu.net\/wordpress\/wp-content\/uploads\/2023\/03\/336745200_1566267943880507_6400391698506863856_n.jpg 600w\" sizes=\"auto, (max-width: 118px) 100vw, 118px\" \/><\/a>PAGINA IN AGGIORNAMENTO QUOTIDIANO DAL 20 AL 25 marzo<\/strong><\/p>\n<blockquote>\n<p style=\"text-align: left;\">28esima\u00a0 giornata della memoria e dell\u2019impegno in ricordo di tutte le vittime innocenti di mafia TUTTI I GIORNI SULLE FREQUENZE DI RADIO PI\u00d9 alle 8.45 e in replica alle 18.30, SARANNO RICORDATE ALCUNE DELLE OLTRE 1000 VITTIME INNOCENTI DI MAFIA Settimana della memoria e dell\u2019impegno LIBERA CHIANA, L&#8217;AGORDINO RISPONDE, ALLA RADIO E SUL SITO <a href=\"http:\/\/WWW.RADIOPIU.NET\" target=\"_blank\" rel=\"noopener noreferrer\">WWW.RADIOPIU.NET<\/a><\/p>\n<\/blockquote>\n<p>&nbsp;<\/p>\n<p><strong>PUNTATA 01<\/strong><\/p>\n<p><a class=\"dt-pswp-item\" href=\"https:\/\/www.radiopiu.net\/wordpress\/wp-content\/uploads\/2023\/03\/Senza-nome-66.jpg\" data-dt-img-description=\"\" data-large_image_width=\"417\" data-large_image_height=\"201\"><img loading=\"lazy\" decoding=\"async\" class=\" wp-image-327421 alignleft\" src=\"https:\/\/www.radiopiu.net\/wordpress\/wp-content\/uploads\/2023\/03\/Senza-nome-66-300x145.jpg\" alt=\"\" width=\"244\" height=\"118\" srcset=\"https:\/\/www.radiopiu.net\/wordpress\/wp-content\/uploads\/2023\/03\/Senza-nome-66-300x145.jpg 300w, https:\/\/www.radiopiu.net\/wordpress\/wp-content\/uploads\/2023\/03\/Senza-nome-66.jpg 417w\" sizes=\"auto, (max-width: 244px) 100vw, 244px\" \/><\/a>\u00c8 possibile impegnarsi nel proprio piccolo per combattere l&#8217;indifferenza. Lucia Precenzano (1937 &#8211; 1992);\u00a0 Salvatore Aversa (1933 &#8211; 1992).\u00a0 Alla memoria di Lucia e Salvatore \u00e8\u00a0 dedicato il presidio agordino di Libera, perch\u00e9 la memoria diventi impegno nel quotidiano. Come Lucia ha vissuto i propri valori, nella \u201cnormale\u201d quotidianit\u00e0 di donna, cittadina, insegnante, mamma, moglie, ecc., cos\u00ec anche\u00a0 Libera Agordino\u00a0 guarda a lei come ad un esempio perch\u00e9 le giornate siano caratterizzate da rispetto, gentilezza, generosit\u00e0, altruismo. Salvatore era un uomo dello Stato e credeva profondamente nei valori che incarnava attraverso il suo lavoro: che il suo senso del dovere sia d\u2019esempio.<\/p>\n<p><strong>audio<\/strong><\/p>\n<audio class=\"wp-audio-shortcode\" id=\"audio-327349-9\" preload=\"none\" style=\"width: 100%;\" controls=\"controls\"><source type=\"audio\/mpeg\" src=\"https:\/\/www.radiopiu.net\/wordpress\/wp-content\/uploads\/2023\/03\/LUNEDI-20-LUCIA-PRECENZANO_SALVATORE-AVERSA.mp3?_=9\" \/><a href=\"https:\/\/www.radiopiu.net\/wordpress\/wp-content\/uploads\/2023\/03\/LUNEDI-20-LUCIA-PRECENZANO_SALVATORE-AVERSA.mp3\">https:\/\/www.radiopiu.net\/wordpress\/wp-content\/uploads\/2023\/03\/LUNEDI-20-LUCIA-PRECENZANO_SALVATORE-AVERSA.mp3<\/a><\/audio>\n<p>&nbsp;<\/p>\n<hr \/>\n<p>&nbsp;<\/p>\n<\/div>\n<\/div>\n<\/div>\n<blockquote>\n<h3>L&#8217;ASSEMBLEA DEL GAV<\/h3>\n<\/blockquote>\n<p><strong>AGORDO<\/strong> I soci del GAV, Gruppo Assistenza Volontaria, hanno indetto l&#8217;assemblea ordinaria 2023 per domenica 26 marzo alle 11 nella sala del Centro Parrocchiale Monsignor Vincenzo Savio. In programma l&#8217;elezione del consiglio direttivo, l&#8217;approvazione del bilancio 2022 e la presentazione di bilancio e attivit\u00e0 2023.<\/p>\n<p>&nbsp;<\/p>\n<hr \/>\n<p>&nbsp;<\/p>\n<p>&nbsp;<\/p>\n<blockquote>\n<h3>\u00a0LA GIORNATA ECOLOGICA DI CENCENIGHE<\/h3>\n<\/blockquote>\n<p><strong><a class=\"dt-pswp-item\" href=\"https:\/\/www.radiopiu.net\/wordpress\/wp-content\/uploads\/2023\/03\/Senza-nome-67.jpg\" data-dt-img-description=\"\" data-large_image_width=\"196\" data-large_image_height=\"136\"><img loading=\"lazy\" decoding=\"async\" class=\" wp-image-327468 alignleft\" src=\"https:\/\/www.radiopiu.net\/wordpress\/wp-content\/uploads\/2023\/03\/Senza-nome-67.jpg\" alt=\"\" width=\"187\" height=\"130\" \/><\/a><\/strong><\/p>\n<p><strong>CENCENIGHE<\/strong> Domenica 2 aprile giornata ecologica organizzata da Comune e Proloco. Saranno raccolti i rifiuti abbandonati sul territorio (adulti, ragazzi, bambini). Alle 8 ritrovo adulti e assegnazioni di aree di pulizia, 845 ritrovo ragazzi e bambini. 12.30 pranzo per tutti i partecipanti al Nof Filo&#8217;\u00a0 L\u2019attrezzatura necessaria (sacchi, guanti) verr\u00e0 fornita da Valpe Ambiente. Le immondizie saranno poi conferite all\u2019ecocentro dove sar\u00e0 allestito un punto di raccolta apposito. In caso di maltempo la giornata sar\u00e0 posticipata a Domenica 16 Aprile. Informazioni, Ervin Lazzarini 347 8802294<\/p>\n<p>&nbsp;<\/p>\n<p>&nbsp;<\/p>\n<hr \/>\n<p>&nbsp;<\/p>\n\n\t\t\t<style type='text\/css'>\n\t\t\t\t#gallery-5 {\n\t\t\t\t\tmargin: auto;\n\t\t\t\t}\n\t\t\t\t#gallery-5 .gallery-item {\n\t\t\t\t\tfloat: left;\n\t\t\t\t\tmargin-top: 10px;\n\t\t\t\t\ttext-align: center;\n\t\t\t\t\twidth: 100%;\n\t\t\t\t}\n\t\t\t\t#gallery-5 img {\n\t\t\t\t\tborder: 2px solid #cfcfcf;\n\t\t\t\t}\n\t\t\t\t#gallery-5 .gallery-caption {\n\t\t\t\t\tmargin-left: 0;\n\t\t\t\t}\n\t\t\t\t\/* see gallery_shortcode() in wp-includes\/media.php *\/\n\t\t\t<\/style>\n\t\t<div id='gallery-5' class='dt-gallery-container gallery galleryid-327349 gallery-columns-1 gallery-size-medium'><dl class='gallery-item'>\n\t\t\t\t<dt class='gallery-icon portrait'>\n\t\t\t\t\t<a class=\"rollover rollover-zoom dt-pswp-item\" title=\"9765b0b8-95fd-472a-8793-7650d1941ee0\" data-dt-img-description=\"\" data-large_image_width=\"1106\" data-large_image_height=\"2048\"href='https:\/\/www.radiopiu.net\/wordpress\/wp-content\/uploads\/2023\/03\/9765b0b8-95fd-472a-8793-7650d1941ee0.jpg'><img loading=\"lazy\" decoding=\"async\" width=\"162\" height=\"300\" src=\"https:\/\/www.radiopiu.net\/wordpress\/wp-content\/uploads\/2023\/03\/9765b0b8-95fd-472a-8793-7650d1941ee0-162x300.jpg\" class=\"attachment-medium size-medium\" alt=\"\" srcset=\"https:\/\/www.radiopiu.net\/wordpress\/wp-content\/uploads\/2023\/03\/9765b0b8-95fd-472a-8793-7650d1941ee0-162x300.jpg 162w, https:\/\/www.radiopiu.net\/wordpress\/wp-content\/uploads\/2023\/03\/9765b0b8-95fd-472a-8793-7650d1941ee0-553x1024.jpg 553w, https:\/\/www.radiopiu.net\/wordpress\/wp-content\/uploads\/2023\/03\/9765b0b8-95fd-472a-8793-7650d1941ee0-768x1422.jpg 768w, https:\/\/www.radiopiu.net\/wordpress\/wp-content\/uploads\/2023\/03\/9765b0b8-95fd-472a-8793-7650d1941ee0-830x1536.jpg 830w, https:\/\/www.radiopiu.net\/wordpress\/wp-content\/uploads\/2023\/03\/9765b0b8-95fd-472a-8793-7650d1941ee0.jpg 1106w\" sizes=\"auto, (max-width: 162px) 100vw, 162px\" \/><\/a>\n\t\t\t\t<\/dt><\/dl><br style=\"clear: both\" \/>\n\t\t\t<\/div>\n\n<p>&nbsp;<\/p>\n<p>&nbsp;<\/p>\n<hr \/>\n<p>&nbsp;<\/p>\n<p>&nbsp;<\/p>\n<blockquote>\n<h3>CONCERTO DEI FISCIOT<\/h3>\n<p><strong><span style=\"color: #ff0000;\">DOMENICA 26 Marzo 2023 alle \u00a010.45 in Piazza Duomo<\/span><\/strong><\/p>\n<p><strong>BELLUNO <\/strong>Come ogni anno, le note della Filarmonica risuoneranno in Piazza Duomo a Belluno per allietare l&#8217;antica festa della Madonna Addolorata, conosciuta anche come Sagra dei Fisci\u00f2t, in onore dei fischietti fatti a mano dagli artigiani locali che venivano venduti gi\u00e0 dal 1716 in questa occasione.\u00a0 Tutti i bellunesi sanno che sono i suoni di questa festa a segnalare definitivamente l\u2019arrivo della primavera. Proprio in questa data, infatti, la Filarmonica di Belluno 1867, apre la sua stagione concertistica regalando al pubblico le note del repertorio \u201cfresco di prova\u201d preparato per l\u2019occasione. Sotto la direzione del maestro Sandro De Marchi, i 50 musicisti della compagine bellunese proporranno al pubblico assaggi musicali che spaziano dalle tradizionali marce, alla musica popolare (elegantemente arrangiata per banda), alla musica originale per orchestra di fiati.<\/p><\/blockquote>\n<p>&nbsp;<\/p>\n<p>&nbsp;<\/p>\n<p>&nbsp;<\/p>\n<hr \/>\n<p>&nbsp;<\/p>\n<blockquote>\n<h3>L&#8217;AGORDINO NEI LIBRI DI CORRADO DA ROIT<\/h3>\n<\/blockquote>\n<p><strong>AGORDO<\/strong> Venerd\u00ec alle 17 in sala Don Tamis ad Agordo appuntamento con &#8220;L&#8217;Agordino riscoperto nei libri di Corrado Da Roit&#8221;. Interverranno Don Cesare Larese, Loris Santomaso e Dino Bridda. Un invito della Biblioteca Civica con le parrocchie di Agordo, Taibon e La Valle.<\/p>\n<p>&nbsp;<\/p>\n<p>&nbsp;<\/p>\n<hr \/>\n<p>&nbsp;<\/p>\n<blockquote>\n<h3>&#8220;NOI CHE&#8221; ALL&#8217;AUDITORIUM MONSIGNOR VINCENZO SAVIO<\/h3>\n<\/blockquote>\n<p><strong>AGORDO<\/strong> Il gruppo &#8220;Noi Che&#8221;, in collaborazione con l&#8217;Associazione Genitori Sempre, presenta una serata dedicata a delle riflessioni semiserie sui mitici anni 60\/70. L&#8217;appuntamento \u00e8 per sabato alle 20:30 all&#8217;Auditorium Monsignor Vincenzo Savio di Agordo.<\/p>\n<p>&nbsp;<\/p>\n<p>&nbsp;<\/p>\n<hr \/>\n<p>&nbsp;<\/p>\n<blockquote>\n<h3>L&#8217;ASSEMBLEA DELLA CROCE BIANCA DI LIVINALLONGO<\/h3>\n<\/blockquote>\n<p><strong>LIVINALLONGO<\/strong> E&#8217; in programma il 14 aprile alle 19:30\u00a0 l&#8217;assemblea generale della Croce Bianca Livinallongo. I soci si ritroveranno alla sala Bo\u00e8 di Arabba per parlare del resoconto delle attivit\u00e0 dello scorso anno, l&#8217;elezione dei delegati e l&#8217;intervento del responsabile gruppo giovani. L&#8217;occasione anche per consegnare le onorificenze e per un momento conviviale.<\/p>\n<p>&nbsp;<\/p>\n<p>&nbsp;<\/p>\n<hr \/>\n<p>&nbsp;<\/p>\n<blockquote>\n<h3>A PASQUA IL MERCATINO DI ARTE E SAPORI AD ALLEGHE<\/h3>\n<\/blockquote>\n<p><strong>ALLEGHE<\/strong> Trascorrete la Pasqua sul lungolago di Alleghe. Dal 7 aprile a Pasquetta il mercatino di Arte e sapori vi aspetta. Colori profumi artigianato, curiosit\u00e0, e tipicit\u00e0 regionali . Troverete fritture di pesce, panini con porchetta, salumi, formaggi, olive, taralli, gastronomia siciliana e anche frittelle e caramelle, ammirando curiosit\u00e0 artigianali. Dal 7 aprile a Pasquetta il mercatino di arti e sapori vi aspetta<\/p>\n<p>&nbsp;<\/p>\n<p>&nbsp;<\/p>\n<hr \/>\n<p>&nbsp;<\/p>\n<blockquote>\n<h3>LA PASSIONE DELLA CROCE NELLA CATTEDRALE DI FELTRE<\/h3>\n<\/blockquote>\n<p><strong>FELTRE <\/strong>Sabato alle 19\u00a0all\u2019Oratorio dell\u2019Annunziata adiacente la Concattedrale di Feltre, ci sar\u00e0 la presentazione del secondo corpo di pannelli raffiguranti le scene della Passione della Croce nel contesto del percorso artistico <em>\u00abIn hoc signo\u00bb <\/em>dedicata alla Croce post-bizantina della Concattedrale di Feltre ora conservata ed esposta presso il Museo diocesano di Arte Sacra. La mostra sar\u00e0 visitabile fino al 25 aprile 2023 ogni venerd\u00ec dalle 16,00 alle 18,30 grazie alla collaborazione con Il Fondaco per Feltre; il sabato, la domenica e nei giorni festivi dalle 10,30 alle 12,30 e dalle 15,00 alle 19,00 con ingresso libero.<\/p>\n<p>&nbsp;<\/p>\n<p>&nbsp;<\/p>\n<hr \/>\n<p>&nbsp;<\/p>\n<blockquote>\n<h3>A BELLUNO IL SEMINARIO GREGORIANO SI ATTREZZERA&#8217; COME STRUTTURA ABITATIVA PER SACERDOTI ANZIANI<\/h3>\n<\/blockquote>\n<p><strong>di Renato Bona<\/strong><\/p>\n<p>Il sito \u201cchiesabellunofeltre\u201d ha dato la notizia di una riunione del Consiglio presbiterale che, convocato nel centro di spiritualit\u00e0 \u201cPapa Luciani\u201d di Col Cumano e presieduto dal vescovo della Diocesi di Belluno-Feltre monsignor Renato Marangoni, si \u00e8 occupato unicamente del Seminario gregoriano di Belluno (l\u2019Archivio storico del Comune rammenta che sorto originariamente quale convento francescano, per una comunit\u00e0 religiosa che \u00e8 documentata a Belluno gi\u00e0 nel XIII secolo, il complesso fu riedificato in ampliamento dell\u2019annessa chiesa di San Pietro, eretta nel 1326 e completamente ricostruita nel 1750), nei propositi, dovrebbe essere attrezzato come struttura abitativa per i sacerdoti. In particolare quelli oltre i 75 anni in condizione di almeno discreta autosufficienza, e divenire quindi luogo di fraternit\u00e0 presbiterale per quanti, previo confronto con il vescovo monsignor Renato Marangoni \u201clasciano gli incarichi pi\u00f9 attivi del ministero, specialmente quello di parroco\u201d. Fra gli interventi, preziosi quello del rettore del \u201cGregoriano\u201d, Giorgio Lise il quale si \u00e8 soffermato sulla \u201cimpostazione complessiva della vita in Seminario, le modalit\u00e0 di essa, i momenti di fraternit\u00e0 e preghiera, le opportunit\u00e0 favorevoli che scaturiscono da tale scelta\u201d. E quello dell\u2019architetto Gloria Manera la quale ha dettagliatamente illustrato l\u2019idea progettuale di rifacimento delle stanze al primo piano e poi eventualmente alcune nel secondo per garantire alloggi pi\u00f9 dignitosi, confortevoli e adeguati. Si ricaverebbero 16 alloggi, 11 al primo piano e 5 al secondo che garantirebbero presenze stabili e accoglienze per brevi periodi. Il dibattito ha consentito di precisare altri aspetti della proposta, approvata all\u2019unanimit\u00e0, che risulta sostenibile dal punto di vista economico (non trascurando la possibilit\u00e0 di alienare qualche altra struttura non utilizzabile e chiedendo comunque alla Diocesi di investire prioritariamente proprio sul Seminario). S\u00ec anche all\u2019invito ad elaborare in tempi solleciti un progetto tecnico che potr\u00e0 poi essere realizzato eventualmente per stralci, partendo gi\u00e0 dai prossimi mesi in modo che i primi alloggi possano essere pronti tra la fine della prossima estate ed entro la primavera del prossimo anno. Concludiamo ricordando che il rettore monsignor Giorgio Lise in occasione di una \u201cGiornata del Seminario\u201d ebbe modo di sottolineare fra l\u2019altro ai confratelli e agli amici dell\u2019istituzione: \u201c \u00c8 ormai noto che da qualche anno il nostro Seminario non accoglie pi\u00f9 ragazzi e giovani in preparazione al sacerdozio, che sono in Comunit\u00e0 con altri giovani a Trento. Tuttavia, questa Istituzione non cessa di essere punto di riferimento nella vita della Diocesi\u2026 e conferma la sua vitalit\u00e0 formativa attraverso alcune realt\u00e0 che attendono il sostegno generoso di tutto il Popolo di Dio\u201d: il Liceo Lollino; l\u2019Istituto Superiore di Scienze Religiose; la Scuola di formazione teologica, ed ha poi posto l\u2019attenzione su quelli che ha definito tesori culturali e d\u2019arte: la Biblioteca Gregoriana con le sue decine di migliaia di volumi e la Loll\u00edniana con il centinaio di Codici manoscritti, 84 incunaboli e 1910 opere a stampa. Oltre alla chiesa di San Pietro e i due chiostri: luoghi molto frequentati dai gruppi in visita alla Citt\u00e0\u201d. Nell\u2019occasione aveva auspicato proprio che il \u201cGregoriano\u201d potesse diventare \u201cluogo di ospitalit\u00e0 per sacerdoti che, lasciato il servizio diretto in pastorale, volessero continuare ad operare in altri ambiti della vita pastorale, anche per sentirsi ancora utili alla Chiesa, tornando, per cos\u00ec dire, nel grembo di quella Istituzione che li ha formati al ministero presbiterale\u201d.<\/p>\n\n\t\t\t<style type='text\/css'>\n\t\t\t\t#gallery-6 {\n\t\t\t\t\tmargin: auto;\n\t\t\t\t}\n\t\t\t\t#gallery-6 .gallery-item {\n\t\t\t\t\tfloat: left;\n\t\t\t\t\tmargin-top: 10px;\n\t\t\t\t\ttext-align: center;\n\t\t\t\t\twidth: 16%;\n\t\t\t\t}\n\t\t\t\t#gallery-6 img {\n\t\t\t\t\tborder: 2px solid #cfcfcf;\n\t\t\t\t}\n\t\t\t\t#gallery-6 .gallery-caption {\n\t\t\t\t\tmargin-left: 0;\n\t\t\t\t}\n\t\t\t\t\/* see gallery_shortcode() in wp-includes\/media.php *\/\n\t\t\t<\/style>\n\t\t<div id='gallery-6' class='dt-gallery-container gallery galleryid-327349 gallery-columns-6 gallery-size-thumbnail'><dl class='gallery-item'>\n\t\t\t\t<dt class='gallery-icon landscape'>\n\t\t\t\t\t<a class=\"rollover rollover-zoom dt-pswp-item\" title=\"334278382_137669639242332_2362733329282414500_n\" data-dt-img-description=\"\" data-large_image_width=\"716\" data-large_image_height=\"403\"href='https:\/\/www.radiopiu.net\/wordpress\/wp-content\/uploads\/2023\/03\/334278382_137669639242332_2362733329282414500_n.jpg'><img loading=\"lazy\" decoding=\"async\" width=\"150\" height=\"150\" src=\"https:\/\/www.radiopiu.net\/wordpress\/wp-content\/uploads\/2023\/03\/334278382_137669639242332_2362733329282414500_n-150x150.jpg\" class=\"attachment-thumbnail size-thumbnail\" alt=\"\" \/><\/a>\n\t\t\t\t<\/dt><\/dl><dl class='gallery-item'>\n\t\t\t\t<dt class='gallery-icon landscape'>\n\t\t\t\t\t<a class=\"rollover rollover-zoom dt-pswp-item\" title=\"334498442_592220879250549_1081117235960490542_n\" data-dt-img-description=\"\" data-large_image_width=\"500\" data-large_image_height=\"331\"href='https:\/\/www.radiopiu.net\/wordpress\/wp-content\/uploads\/2023\/03\/334498442_592220879250549_1081117235960490542_n.jpg'><img loading=\"lazy\" decoding=\"async\" width=\"150\" height=\"150\" src=\"https:\/\/www.radiopiu.net\/wordpress\/wp-content\/uploads\/2023\/03\/334498442_592220879250549_1081117235960490542_n-150x150.jpg\" class=\"attachment-thumbnail size-thumbnail\" alt=\"\" \/><\/a>\n\t\t\t\t<\/dt><\/dl><dl class='gallery-item'>\n\t\t\t\t<dt class='gallery-icon portrait'>\n\t\t\t\t\t<a class=\"rollover rollover-zoom dt-pswp-item\" title=\"329120130_239996291740244_5485259738224911301_n\" data-dt-img-description=\"\" data-large_image_width=\"369\" data-large_image_height=\"403\"href='https:\/\/www.radiopiu.net\/wordpress\/wp-content\/uploads\/2023\/03\/329120130_239996291740244_5485259738224911301_n.jpg'><img loading=\"lazy\" decoding=\"async\" width=\"150\" height=\"150\" src=\"https:\/\/www.radiopiu.net\/wordpress\/wp-content\/uploads\/2023\/03\/329120130_239996291740244_5485259738224911301_n-150x150.jpg\" class=\"attachment-thumbnail size-thumbnail\" alt=\"\" \/><\/a>\n\t\t\t\t<\/dt><\/dl><dl class='gallery-item'>\n\t\t\t\t<dt class='gallery-icon portrait'>\n\t\t\t\t\t<a class=\"rollover rollover-zoom dt-pswp-item\" title=\"334740896_6002166233170184_8647045958635896476_n\" data-dt-img-description=\"\" data-large_image_width=\"243\" data-large_image_height=\"406\"href='https:\/\/www.radiopiu.net\/wordpress\/wp-content\/uploads\/2023\/03\/334740896_6002166233170184_8647045958635896476_n.jpg'><img loading=\"lazy\" decoding=\"async\" width=\"150\" height=\"150\" src=\"https:\/\/www.radiopiu.net\/wordpress\/wp-content\/uploads\/2023\/03\/334740896_6002166233170184_8647045958635896476_n-150x150.jpg\" class=\"attachment-thumbnail size-thumbnail\" alt=\"\" \/><\/a>\n\t\t\t\t<\/dt><\/dl><dl class='gallery-item'>\n\t\t\t\t<dt class='gallery-icon landscape'>\n\t\t\t\t\t<a class=\"rollover rollover-zoom dt-pswp-item\" title=\"334126958_732451858536825_2473227109065145288_n\" data-dt-img-description=\"\" data-large_image_width=\"537\" data-large_image_height=\"403\"href='https:\/\/www.radiopiu.net\/wordpress\/wp-content\/uploads\/2023\/03\/334126958_732451858536825_2473227109065145288_n.jpg'><img loading=\"lazy\" decoding=\"async\" width=\"150\" height=\"150\" src=\"https:\/\/www.radiopiu.net\/wordpress\/wp-content\/uploads\/2023\/03\/334126958_732451858536825_2473227109065145288_n-150x150.jpg\" class=\"attachment-thumbnail size-thumbnail\" alt=\"\" \/><\/a>\n\t\t\t\t<\/dt><\/dl><dl class='gallery-item'>\n\t\t\t\t<dt class='gallery-icon landscape'>\n\t\t\t\t\t<a class=\"rollover rollover-zoom dt-pswp-item\" title=\"336646265_747772156976247_9087422065982886219_n\" data-dt-img-description=\"\" data-large_image_width=\"600\" data-large_image_height=\"401\"href='https:\/\/www.radiopiu.net\/wordpress\/wp-content\/uploads\/2023\/03\/336646265_747772156976247_9087422065982886219_n.jpg'><img loading=\"lazy\" decoding=\"async\" width=\"150\" height=\"150\" src=\"https:\/\/www.radiopiu.net\/wordpress\/wp-content\/uploads\/2023\/03\/336646265_747772156976247_9087422065982886219_n-150x150.jpg\" class=\"attachment-thumbnail size-thumbnail\" alt=\"\" \/><\/a>\n\t\t\t\t<\/dt><\/dl><br style=\"clear: both\" \/>\n\t\t\t<\/div>\n\n<p>NELLE FOTO (sito chiesabellunofeltre e Google): un momento della riunione del Consiglio presbiterale a Col Cumano; la facciata del Gregoriano; il rettore mons. Giorgio Lise; interni del Seminario.<\/p>\n<p>&nbsp;<\/p>\n<hr \/>\n<h2 style=\"text-align: left;\"><span style=\"color: #000000;\"><em>\u00a0<\/em><\/span><\/h2>\n<h2 style=\"text-align: left;\"><span style=\"color: #000000;\"><em>L&#8217;EVENTO&#8230; 2 APRILE A FALCADE. mercoledi sera, dalle 20.30 presentazione ufficiale nel programma &#8220;I MERCOLEDI DI SERA COME 40 ANNI FA con Morgan Gnech<\/em> <\/span><\/h2>\n<h2 style=\"text-align: left;\"><span style=\"color: #ff0000;\"><a class=\"dt-pswp-item\" href=\"https:\/\/www.radiopiu.net\/wordpress\/wp-content\/uploads\/2023\/03\/713cbcb3-9a98-4c27-90d9-75b73fd49180.jpg\" data-dt-img-description=\"\" data-large_image_width=\"722\" data-large_image_height=\"1024\"><img loading=\"lazy\" decoding=\"async\" class=\"size-medium wp-image-327365 aligncenter\" src=\"https:\/\/www.radiopiu.net\/wordpress\/wp-content\/uploads\/2023\/03\/713cbcb3-9a98-4c27-90d9-75b73fd49180-212x300.jpg\" alt=\"\" width=\"212\" height=\"300\" srcset=\"https:\/\/www.radiopiu.net\/wordpress\/wp-content\/uploads\/2023\/03\/713cbcb3-9a98-4c27-90d9-75b73fd49180-212x300.jpg 212w, https:\/\/www.radiopiu.net\/wordpress\/wp-content\/uploads\/2023\/03\/713cbcb3-9a98-4c27-90d9-75b73fd49180.jpg 722w\" sizes=\"auto, (max-width: 212px) 100vw, 212px\" \/><\/a><\/span><\/h2>\n<p>&nbsp;<\/p>\n<p>&nbsp;<\/p>\n<hr \/>\n<p>&nbsp;<\/p>\n<div>\n<div class=\"b654a4as d2edcug0\">\n<div class=\"rq0escxv hkbzh7o3 jwdofwj8 n8tt0mok r8blr3vg hyh9befq\">\n<p><a class=\"dt-pswp-item\" href=\"https:\/\/www.radiopiu.net\/wordpress\/wp-content\/uploads\/2020\/10\/pp.jpg\" data-dt-img-description=\"\" data-large_image_width=\"640\" data-large_image_height=\"640\"><img loading=\"lazy\" decoding=\"async\" class=\"wp-image-163678 alignleft\" src=\"https:\/\/www.radiopiu.net\/wordpress\/wp-content\/uploads\/2020\/10\/pp-300x300.jpg\" alt=\"\" width=\"106\" height=\"106\" srcset=\"https:\/\/www.radiopiu.net\/wordpress\/wp-content\/uploads\/2020\/10\/pp-300x300.jpg 300w, https:\/\/www.radiopiu.net\/wordpress\/wp-content\/uploads\/2020\/10\/pp-150x150.jpg 150w, https:\/\/www.radiopiu.net\/wordpress\/wp-content\/uploads\/2020\/10\/pp-125x125.jpg 125w, https:\/\/www.radiopiu.net\/wordpress\/wp-content\/uploads\/2020\/10\/pp-200x200.jpg 200w, https:\/\/www.radiopiu.net\/wordpress\/wp-content\/uploads\/2020\/10\/pp-80x80.jpg 80w, https:\/\/www.radiopiu.net\/wordpress\/wp-content\/uploads\/2020\/10\/pp-480x480.jpg 480w, https:\/\/www.radiopiu.net\/wordpress\/wp-content\/uploads\/2020\/10\/pp.jpg 640w\" sizes=\"auto, (max-width: 106px) 100vw, 106px\" \/><\/a><\/p>\n<\/div>\n<\/div>\n<\/div>\n<div>\n<div class=\"page-title-head hgroup\">\n<div class=\"page-title-head hgroup\">\n<div class=\"b654a4as d2edcug0\">\n<div class=\"j83agx80 btwxx1t3 lhclo0ds hop8lmos nkwizq5d scwd0bx6 roh60bw9\">\n<div class=\"rq0escxv hkbzh7o3 jwdofwj8 n8tt0mok r8blr3vg hyh9befq\">\n<div class=\"do00u71z l9j0dhe7 k4urcfbm\" style=\"text-align: left;\">\n<h2><span style=\"color: #000080;\">DON CESARE, IL PENSIERO DEL GIORNO. ALLA RADIO ALLE 7 DEL MATTINO E ALLE 19.30 DELLA SERA\u00a0<\/span><\/h2>\n<audio class=\"wp-audio-shortcode\" id=\"audio-327349-10\" preload=\"none\" style=\"width: 100%;\" controls=\"controls\"><source type=\"audio\/mpeg\" src=\"https:\/\/www.radiopiu.net\/wordpress\/wp-content\/uploads\/2023\/03\/CESARE-16.mp3?_=10\" \/><a href=\"https:\/\/www.radiopiu.net\/wordpress\/wp-content\/uploads\/2023\/03\/CESARE-16.mp3\">https:\/\/www.radiopiu.net\/wordpress\/wp-content\/uploads\/2023\/03\/CESARE-16.mp3<\/a><\/audio>\n<\/div>\n<\/div>\n<\/div>\n<\/div>\n<\/div>\n<\/div>\n<\/div>\n<p>&nbsp;<\/p>\n<hr \/>\n<p>&nbsp;<\/p>\n<h2><span style=\"color: #ff00ff;\">IN VIVO VERSO\u00a0 \u00a0 \u00a0<\/span><\/h2>\n<blockquote>\n<h2>L&#8217;ULTIMO ISTANTE di ALBERTO BARONI<\/h2>\n<\/blockquote>\n<p><strong>AUDIO<\/strong><\/p>\n<audio class=\"wp-audio-shortcode\" id=\"audio-327349-11\" preload=\"none\" style=\"width: 100%;\" controls=\"controls\"><source type=\"audio\/mpeg\" src=\"https:\/\/www.radiopiu.net\/wordpress\/wp-content\/uploads\/2023\/03\/VIVO-VERSO-LUN.mp3?_=11\" \/><a href=\"https:\/\/www.radiopiu.net\/wordpress\/wp-content\/uploads\/2023\/03\/VIVO-VERSO-LUN.mp3\">https:\/\/www.radiopiu.net\/wordpress\/wp-content\/uploads\/2023\/03\/VIVO-VERSO-LUN.mp3<\/a><\/audio>\n<p>&nbsp;<\/p>\n<p><a class=\"dt-pswp-item\" href=\"https:\/\/www.radiopiu.net\/wordpress\/wp-content\/uploads\/2023\/03\/R4W3BSR.jpg\" data-dt-img-description=\"\" data-large_image_width=\"445\" data-large_image_height=\"445\"><img loading=\"lazy\" decoding=\"async\" class=\"wp-image-327458 alignleft\" src=\"https:\/\/www.radiopiu.net\/wordpress\/wp-content\/uploads\/2023\/03\/R4W3BSR-300x300.jpg\" alt=\"\" width=\"145\" height=\"145\" srcset=\"https:\/\/www.radiopiu.net\/wordpress\/wp-content\/uploads\/2023\/03\/R4W3BSR-300x300.jpg 300w, https:\/\/www.radiopiu.net\/wordpress\/wp-content\/uploads\/2023\/03\/R4W3BSR-150x150.jpg 150w, https:\/\/www.radiopiu.net\/wordpress\/wp-content\/uploads\/2023\/03\/R4W3BSR.jpg 445w\" sizes=\"auto, (max-width: 145px) 100vw, 145px\" \/><\/a>Alberto Baroni<br \/>\nL&#8217;ULTIMO ISTANTE<\/p>\n<p>Questa sera ho un paio d&#8217;ali<br \/>\nche mi porteran fra le stelle.<br \/>\nPotr\u00f2 volare lass\u00f9<br \/>\ndove qualcuno mi chiama,<br \/>\ndice il mio nome,<br \/>\nvuole che torni.<br \/>\nDa sempre quell&#8217;infinito<br \/>\nspecchiato nei miei occhi,<br \/>\ns&#8217;\u00e8 fatto lacrime impaurite&#8230;<br \/>\nma ora son pronto a partire,<br \/>\nsar\u00e0 l&#8217;ultimo istante del mio tempo;<br \/>\nnon sar\u00e0 difficile<br \/>\nessere di nuovo quel che ero.<\/p>\n<p>&nbsp;<\/p>\n<p>&nbsp;<\/p>\n<div dir=\"auto\">\n<div dir=\"auto\">\n<div dir=\"auto\">\n<div dir=\"auto\">\n<div dir=\"auto\">\n<div dir=\"auto\">\n<p><strong>LA RACCOLTA COMPLETA<\/strong><\/p>\n<blockquote class=\"wp-embedded-content\" data-secret=\"yhvfFWxpmE\"><p><a href=\"https:\/\/www.radiopiu.net\/wordpress\/in-vivo-verso\/\">In Vivo Verso<\/a><\/p><\/blockquote>\n<p><iframe loading=\"lazy\" class=\"wp-embedded-content\" sandbox=\"allow-scripts\" security=\"restricted\" style=\"position: absolute; clip: rect(1px, 1px, 1px, 1px);\" title=\"&#8220;In Vivo Verso&#8221; &#8212; Radio Pi\u00f9\" src=\"https:\/\/www.radiopiu.net\/wordpress\/in-vivo-verso\/embed\/#?secret=zShH232Y9x#?secret=yhvfFWxpmE\" data-secret=\"yhvfFWxpmE\" width=\"600\" height=\"338\" frameborder=\"0\" marginwidth=\"0\" marginheight=\"0\" scrolling=\"no\"><\/iframe><\/p>\n<p>&nbsp;<\/p>\n<\/div>\n<\/div>\n<\/div>\n<\/div>\n<\/div>\n<\/div>\n<p>&nbsp;<\/p>\n<hr \/>\n<p>&nbsp;<\/p>\n<h2><strong><a class=\"dt-pswp-item\" href=\"https:\/\/www.radiopiu.net\/wordpress\/wp-content\/uploads\/2023\/01\/PAOLO-FRENA.png\" data-dt-img-description=\"\" data-large_image_width=\"994\" data-large_image_height=\"672\"><img loading=\"lazy\" decoding=\"async\" class=\" wp-image-314432 alignleft\" src=\"https:\/\/www.radiopiu.net\/wordpress\/wp-content\/uploads\/2023\/01\/PAOLO-FRENA-300x203.png\" alt=\"\" width=\"183\" height=\"124\" srcset=\"https:\/\/www.radiopiu.net\/wordpress\/wp-content\/uploads\/2023\/01\/PAOLO-FRENA-300x203.png 300w, https:\/\/www.radiopiu.net\/wordpress\/wp-content\/uploads\/2023\/01\/PAOLO-FRENA-768x519.png 768w, https:\/\/www.radiopiu.net\/wordpress\/wp-content\/uploads\/2023\/01\/PAOLO-FRENA.png 994w\" sizes=\"auto, (max-width: 183px) 100vw, 183px\" \/><\/a><\/strong><span style=\"color: #808080;\">LA RASSEGNA STAMPA DA L&#8217;AMICO DEL POPOLO<\/span><\/h2>\n<p><strong>di Gianni Santomaso<\/strong><\/p>\n<p>OSPITE: Paolo Frena, sindaco di Colle Santa Lucia e Presidente dell&#8217;Unione Montana Agordina<\/p>\n<audio class=\"wp-audio-shortcode\" id=\"audio-327349-12\" preload=\"none\" style=\"width: 100%;\" controls=\"controls\"><source type=\"audio\/mpeg\" src=\"https:\/\/www.radiopiu.net\/wordpress\/wp-content\/uploads\/2023\/03\/RASSEGNA-GIANNI-2.mp3?_=12\" \/><a href=\"https:\/\/www.radiopiu.net\/wordpress\/wp-content\/uploads\/2023\/03\/RASSEGNA-GIANNI-2.mp3\">https:\/\/www.radiopiu.net\/wordpress\/wp-content\/uploads\/2023\/03\/RASSEGNA-GIANNI-2.mp3<\/a><\/audio>\n<p>&nbsp;<\/p>\n<p>&nbsp;<\/p>\n<hr \/>\n<p>&nbsp;<\/p>\n<h2><span style=\"color: #008080;\">GOCCE DI FILOSOFIA\u00a0<\/span><\/h2>\n<h3>GOCCE DI FILOSOFIA \u2013 PUNTATA 271\u2013 LISA DE LUCA<\/h3>\n<audio class=\"wp-audio-shortcode\" id=\"audio-327349-13\" preload=\"none\" style=\"width: 100%;\" controls=\"controls\"><source type=\"audio\/mpeg\" src=\"https:\/\/www.radiopiu.net\/wordpress\/wp-content\/uploads\/2023\/03\/FI1-2.mp3?_=13\" \/><a href=\"https:\/\/www.radiopiu.net\/wordpress\/wp-content\/uploads\/2023\/03\/FI1-2.mp3\">https:\/\/www.radiopiu.net\/wordpress\/wp-content\/uploads\/2023\/03\/FI1-2.mp3<\/a><\/audio>\n<p>&nbsp;<\/p>\n<p>LA RACCOLTA COMPLETA<\/p>\n<blockquote class=\"wp-embedded-content\" data-secret=\"N9j56iOh7i\"><p><a href=\"https:\/\/www.radiopiu.net\/wordpress\/gocce-filosofia\/\">Gocce di filosofia,  LA TERZA STAGIONE&#8230; 2023<\/a><\/p><\/blockquote>\n<p><iframe loading=\"lazy\" class=\"wp-embedded-content\" sandbox=\"allow-scripts\" security=\"restricted\" style=\"position: absolute; clip: rect(1px, 1px, 1px, 1px);\" title=\"&#8220;Gocce di filosofia,  LA TERZA STAGIONE&#8230; 2023&#8221; &#8212; Radio Pi\u00f9\" src=\"https:\/\/www.radiopiu.net\/wordpress\/gocce-filosofia\/embed\/#?secret=oVX6buceDl#?secret=N9j56iOh7i\" data-secret=\"N9j56iOh7i\" width=\"600\" height=\"338\" frameborder=\"0\" marginwidth=\"0\" marginheight=\"0\" scrolling=\"no\"><\/iframe><\/p>\n<p>&nbsp;<\/p>\n<p>&nbsp;<\/p>\n<hr \/>\n<p>&nbsp;<\/p>\n<div class=\"column\">\n<p><img loading=\"lazy\" decoding=\"async\" class=\"aligncenter wp-image-61954 size-full\" src=\"https:\/\/www.radiopiu.net\/wordpress\/wp-content\/uploads\/2018\/09\/viabilita.jpeg\" sizes=\"auto, (max-width: 800px) 100vw, 800px\" srcset=\"https:\/\/www.radiopiu.net\/wordpress\/wp-content\/uploads\/2018\/09\/viabilita.jpeg 800w, https:\/\/www.radiopiu.net\/wordpress\/wp-content\/uploads\/2018\/09\/viabilita-300x38.jpeg 300w, https:\/\/www.radiopiu.net\/wordpress\/wp-content\/uploads\/2018\/09\/viabilita-768x96.jpeg 768w\" alt=\"\" width=\"800\" height=\"100\" \/><\/p>\n<p>&nbsp;<\/p>\n<blockquote class=\"wp-embedded-content\" data-secret=\"6IHylVm339\"><p><a href=\"https:\/\/www.radiopiu.net\/wordpress\/viabilita\/\">viabilita<\/a><\/p><\/blockquote>\n<p><iframe loading=\"lazy\" class=\"wp-embedded-content\" sandbox=\"allow-scripts\" security=\"restricted\" style=\"position: absolute; clip: rect(1px, 1px, 1px, 1px);\" title=\"&#8220;viabilita&#8221; &#8212; Radio Pi\u00f9\" src=\"https:\/\/www.radiopiu.net\/wordpress\/viabilita\/embed\/#?secret=6axuWIQxtQ#?secret=6IHylVm339\" data-secret=\"6IHylVm339\" width=\"600\" height=\"338\" frameborder=\"0\" marginwidth=\"0\" marginheight=\"0\" scrolling=\"no\"><\/iframe><\/p>\n<div>\n<div dir=\"ltr\">\n<div class=\"gmail_quote\">\n<div dir=\"ltr\">\n<div class=\"gmail_quote\"><\/div>\n<\/div>\n<\/div>\n<\/div>\n<\/div>\n<p>&nbsp;<\/p>\n<hr \/>\n<p>&nbsp;<\/p>\n<p><a class=\"dt-pswp-item\" href=\"https:\/\/www.radiopiu.net\/wordpress\/wp-content\/uploads\/2018\/09\/WhatsApp-Image-2018-09-20-at-16.04.06.jpeg\" data-dt-img-description=\"\" data-large_image_width=\"800\" data-large_image_height=\"100\"><img loading=\"lazy\" decoding=\"async\" class=\"wp-image-61378 size-full aligncenter\" src=\"https:\/\/www.radiopiu.net\/wordpress\/wp-content\/uploads\/2018\/09\/WhatsApp-Image-2018-09-20-at-16.04.06.jpeg\" alt=\"\" width=\"800\" height=\"100\" srcset=\"https:\/\/www.radiopiu.net\/wordpress\/wp-content\/uploads\/2018\/09\/WhatsApp-Image-2018-09-20-at-16.04.06.jpeg 800w, https:\/\/www.radiopiu.net\/wordpress\/wp-content\/uploads\/2018\/09\/WhatsApp-Image-2018-09-20-at-16.04.06-300x38.jpeg 300w, https:\/\/www.radiopiu.net\/wordpress\/wp-content\/uploads\/2018\/09\/WhatsApp-Image-2018-09-20-at-16.04.06-768x96.jpeg 768w\" sizes=\"auto, (max-width: 800px) 100vw, 800px\" \/><\/a><\/p>\n<p>&nbsp;<\/p>\n<\/div>\n<p><center><\/center><b>oggi <\/b>Fino al primo pomeriggio ben soleggiato con cielo sereno, aria tersa e ottima visibilit\u00e0, salvo locali banchi di nebbia mattutina in alcune conche. Da met\u00e0 pomeriggio in poi sottili velature per nubi alte in arrivo da ovest. Il riscaldamento diurno potrebbe consentire la formazione di modesti cumuli durante le ore pi\u00f9 calde.<\/p>\n<p><b>domani <\/b>Tempo buono\/discreto, generalmente soleggiato con qualche banco di cirri al mattino. Nel corso del pomeriggio iniziale presenza di velature per nubi alte, successivamente maggiore nuvolosit\u00e0 per comparsa ed estensione di stratocumuli. Nonostante la nuvolosit\u00e0 pomeridiana, il contesto termico sar\u00e0 relativamente mite, specie nei fondovalle.<\/p>\n<p><b>giovedi 23 <\/b>Ridotti tratti soleggiati e molte nubi, dapprima alte e medio-alte, pi\u00f9 intense al pomeriggio\/sera, ma senza precipitazioni, eccetto qualche goccia serale. Temperature minime in forte rialzo, specie in quota, e massime in aumento.<\/p>\n<p><b>venerdi <\/b>Maggiore nuvolosit\u00e0 rispetto ai giorni precedendi, sopratutto nel tardo pomeriggio\/sera, quando ci sar\u00e0 un crescente rischio di precipitazioni, nevose oltre i 1800-2000 m, in particolar modo sul Bellunese. Temperature in ulteriore generale rialzo, prima di calare in quota alla sera.<\/p>\n<p>&nbsp;<\/p>\n<hr \/>\n<p>&nbsp;<\/p>\n<p><a class=\"dt-pswp-item\" href=\"https:\/\/www.radiopiu.net\/wordpress\/wp-content\/uploads\/2018\/09\/sport.jpg\" data-dt-img-description=\"\" data-large_image_width=\"800\" data-large_image_height=\"100\"><img loading=\"lazy\" decoding=\"async\" class=\"aligncenter wp-image-60761 size-full\" src=\"https:\/\/www.radiopiu.net\/wordpress\/wp-content\/uploads\/2018\/09\/sport.jpg\" alt=\"\" width=\"800\" height=\"100\" srcset=\"https:\/\/www.radiopiu.net\/wordpress\/wp-content\/uploads\/2018\/09\/sport.jpg 800w, https:\/\/www.radiopiu.net\/wordpress\/wp-content\/uploads\/2018\/09\/sport-300x38.jpg 300w, https:\/\/www.radiopiu.net\/wordpress\/wp-content\/uploads\/2018\/09\/sport-768x96.jpg 768w\" sizes=\"auto, (max-width: 800px) 100vw, 800px\" \/><\/a><\/p>\n<p>&nbsp;<\/p>\n<p><strong><span style=\"color: #0000ff;\">CALCIO<\/span><\/strong><\/p>\n<blockquote>\n<h3>AGORDINA CON L&#8217;ACQUA ALLA GOLA. OBBLIGO DI VINCERE LE ULTIME TRE PARTITE DELLA STAGIONE<\/h3>\n<\/blockquote>\n<p><strong><a class=\"dt-pswp-item\" href=\"https:\/\/www.radiopiu.net\/wordpress\/wp-content\/uploads\/2023\/02\/CALCIO-PALLONE.png\" data-dt-img-description=\"\" data-large_image_width=\"769\" data-large_image_height=\"495\"><img loading=\"lazy\" decoding=\"async\" class=\" wp-image-322076 alignleft\" src=\"https:\/\/www.radiopiu.net\/wordpress\/wp-content\/uploads\/2023\/02\/CALCIO-PALLONE-300x193.png\" alt=\"\" width=\"188\" height=\"121\" srcset=\"https:\/\/www.radiopiu.net\/wordpress\/wp-content\/uploads\/2023\/02\/CALCIO-PALLONE-300x193.png 300w, https:\/\/www.radiopiu.net\/wordpress\/wp-content\/uploads\/2023\/02\/CALCIO-PALLONE.png 769w\" sizes=\"auto, (max-width: 188px) 100vw, 188px\" \/><\/a>di Marco Gaz<\/strong><\/p>\n<p><strong>REDAZIONE<\/strong> L&#8217;Agordina non naviga in buone acque. Nel fine settimana \u00e8 arrivato l&#8217;ennesima sconfitta. All&#8217;Ivano Dorigo di Agordo la Fulgor Farra si \u00e8 imposta per due a zero dopo una partita dalle due facce. Nel primo tempo gli alpagotti hanno sbloccato la partita al 25&#8242;. Gli agordini si sono svegliati nella ripresa cercando la rete in ogni maniera ma senza trovarla. Nel finale di gara il secondo gol della Fulgor \u00e8 arrivata in contropiede. In settimana la compagine del Presidente Cosmo Forcella ha cambiato allenatore dopo le dimissioni di Marco Lorenzi. Al suo posto Danilo Chenet, che \u00e8 stato secondo allenatore fino a pochi giorni fa. Ora mancano 3 partite alla fine della stagione e l&#8217;Agordina \u00e8 costretta a vincere le ultime uscite per assicurarsi una salvezza matematica. Non sar\u00e0 facile raggiungere l&#8217;obbiettivo imposto ad inizio stagione. La squadra di Agordo intanto si chiude in una campana di vetro e non vuole contatti con la stampa per non perdere la concentrazione.<\/p>\n<p>&nbsp;<\/p>\n<p>&nbsp;<\/p>\n<hr \/>\n<p>&nbsp;<\/p>\n<p><span style=\"color: #0000ff;\"><strong>PALLAVOLO<\/strong><\/span><\/p>\n<blockquote>\n<h3>LE LUPE UNDER 16 CHIARISCONO IL COMPORTAMENTO DEL COACH NELL&#8217;ULTIMA SFIDA DI CAMPIONATO<\/h3>\n<\/blockquote>\n<p><strong><a class=\"dt-pswp-item\" href=\"https:\/\/www.radiopiu.net\/wordpress\/wp-content\/uploads\/2021\/05\/volley-2021.jpg\" data-dt-img-description=\"\" data-large_image_width=\"770\" data-large_image_height=\"450\"><img loading=\"lazy\" decoding=\"async\" class=\" wp-image-207180 alignleft\" src=\"https:\/\/www.radiopiu.net\/wordpress\/wp-content\/uploads\/2021\/05\/volley-2021-300x175.jpg\" alt=\"\" width=\"168\" height=\"98\" srcset=\"https:\/\/www.radiopiu.net\/wordpress\/wp-content\/uploads\/2021\/05\/volley-2021-300x175.jpg 300w, https:\/\/www.radiopiu.net\/wordpress\/wp-content\/uploads\/2021\/05\/volley-2021-768x449.jpg 768w, https:\/\/www.radiopiu.net\/wordpress\/wp-content\/uploads\/2021\/05\/volley-2021.jpg 770w\" sizes=\"auto, (max-width: 168px) 100vw, 168px\" \/><\/a>BELLUNO <\/strong>La societ\u00e0 Pallavolo Belluno intende chiarire il comportamento della guida tecnica di una delle selezioni Under 16: Paolo Viel.<span class=\"gmail-Apple-converted-space\"> \u00a0<\/span>Durante una partita del campionato di categoria, contro le pari et\u00e0 di Mareno, il coach ha indotto le atlete ad abbandonare il rettangolo di gioco in segno di protesta contro le decisioni arbitrali.<span class=\"gmail-Apple-converted-space\"> \u00a0<\/span>Questo non \u00e8 avvenuto in seguito al cartellino giallo sventolato all\u2019allenatore, bens\u00ec alla risposta data dall\u2019arbitro alla capitana sul perch\u00e9 le trattenute non venissero fischiate: \u00abPerch\u00e9 &#8211; ha risposto il direttore di gara &#8211; se le fischio tutte la partita finisce in 5 minuti\u00bb. Lo stesso arbitro, inoltre, non ha mai chiesto alle atlete di tornare in campo, come riportato nella motivazione del giudice sportivo. Anzi, alle ripetute richieste della dirigente accompagnatrice, Valentina Sovilla, di dare per perso il secondo set col punteggio di 0-25 e di permettere alle ragazze, in lacrime, di disputare il terzo parziale, ha risposto con poche parole: \u00abLoro sono uscite dal campo e io non posso pi\u00f9 fare nulla\u00bb.<span class=\"gmail-Apple-converted-space\">\u00a0<\/span>Per questa forma di protesta, il tecnico ha rimediato una squalifica di tre mesi. Ma le conseguenze ricadono pure sulla societ\u00e0, costretta a pagare una multa di 200 euro, e sull\u2019incolpevole Valentina Sovilla, la cui squalifica (di un mese) \u00e8 scattata in quanto dirigente accompagnatrice. Solo che la stessa dirigente si \u00e8 adoperata in ogni modo per far s\u00ec che la partita riprendesse e cercando anche di trovare una soluzione con l\u2019arbitro.<span class=\"gmail-Apple-converted-space\">\u00a0<\/span>Per evidenziare la posizione del club, inoltre, il presidente Giancarlo Ingrosso ha subito preso contatto con i vertici del Comitato territoriale Fipav di Treviso-Belluno. La societ\u00e0 stigmatizza il comportamento del coach e ne prende le distanze, ma tiene a rimarcare l\u2019assoluta buona fede di chi, all\u2019interno della Pallavolo Belluno, si adopera in modo continuo per coltivare i principi di lealt\u00e0 e correttezza. A cominciare da Valentina Sovilla.<\/p>\n<p>&nbsp;<\/p>\n<p>&nbsp;<\/p>\n<hr \/>\n<p>&nbsp;<\/p>\n<p><span style=\"color: #0000ff;\"><strong>SKIALP<\/strong><\/span><\/p>\n<blockquote>\n<h3>IL FINE SETTIMANA DI MARTINA SCOLA IN SVIZZERA. UN SECONDO POSTO NELL&#8217;INDIVIDUALE<\/h3>\n<\/blockquote>\n<p><strong><a class=\"dt-pswp-item\" href=\"https:\/\/www.radiopiu.net\/wordpress\/wp-content\/uploads\/2023\/03\/martina-scola-2.-individuale-Villard-de-Lans-19-marzo-2023.jpg\" data-dt-img-description=\"\" data-large_image_width=\"1527\" data-large_image_height=\"1018\"><img loading=\"lazy\" decoding=\"async\" class=\" wp-image-327477 alignleft\" src=\"https:\/\/www.radiopiu.net\/wordpress\/wp-content\/uploads\/2023\/03\/martina-scola-2.-individuale-Villard-de-Lans-19-marzo-2023-300x200.jpg\" alt=\"\" width=\"192\" height=\"128\" srcset=\"https:\/\/www.radiopiu.net\/wordpress\/wp-content\/uploads\/2023\/03\/martina-scola-2.-individuale-Villard-de-Lans-19-marzo-2023-300x200.jpg 300w, https:\/\/www.radiopiu.net\/wordpress\/wp-content\/uploads\/2023\/03\/martina-scola-2.-individuale-Villard-de-Lans-19-marzo-2023-1024x683.jpg 1024w, https:\/\/www.radiopiu.net\/wordpress\/wp-content\/uploads\/2023\/03\/martina-scola-2.-individuale-Villard-de-Lans-19-marzo-2023-768x512.jpg 768w, https:\/\/www.radiopiu.net\/wordpress\/wp-content\/uploads\/2023\/03\/martina-scola-2.-individuale-Villard-de-Lans-19-marzo-2023.jpg 1527w\" sizes=\"auto, (max-width: 192px) 100vw, 192px\" \/><\/a>di Marco Gaz<\/strong><\/p>\n<p><strong>REDAZIONE<\/strong> Si \u00e8 concluso con un sesto e un secondo posto il fine settimana di Martina Scola a Villars in Svizzera. La falcadina dello Sci Nordico Marmolada continua ad avere dei buoni risultati nella stagione di skialp che sta per volgere al termine. Sabato la sprint dove Martina ha chiuso al sesto posto. Domenica la gara individuale dove ha terminato la sua gara al secondo posto. Una stagione da incorniciare per Martina Scola che ha saputo dimostrare le sue capacit\u00e0. (foto: Fisi Veneto)<\/p>\n<p>&nbsp;<\/p>\n<hr \/>\n<p>&nbsp;<\/p>\n<p><span style=\"color: #0000ff;\"><strong>EQUITAZIONE<\/strong><\/span><\/p>\n<blockquote>\n<h3>OTTIMI RISULTATI A PORTOGRUARO PER GLI ATLETI DEL PR RANCH<\/h3>\n<\/blockquote>\n<p><strong>REDAZIONE<\/strong> Grande soddisfazione a Portogruaro dove gli atleti del PR Ranch Dolomiti volteggio per la prima volta si sono cimentati nella prima prova di campionato FISE a valenza nazionale. &#8220;Siamo scesi a Portogruaro con 12 atleti divisi in 4 categorie. Per le pi\u00f9 piccole, 24 anni in tre, l&#8217;esordio in gara \u00e8 stato un po&#8217; agitato, tanta emozione e voglia di fare bene&#8221;.\u00a0 Le piccole Haidi con Arianna Oldrati, Alice Stieven e Luce Busana hanno portato a casa l&#8217;ottavo posto. La prima categoria con esercizi al galoppo ha fatto letteralmente scintille con le loro tutine oro. Giulia Bessegato, Gaia Luchetti, Gaia Delazer e Matilde Gastaldello hanno interpretato perfettamente il tema del famoso musical sulle note di One portando a casa un ottimo terzo posto. La categoria pi\u00f9 agguerrita \u00e8 stata sicuramente la categoria E dove tante squadre e tutte molto preparate si sono date battaglia nel giro di pochissimi centesimi di punto. Alessandro Oldrati Irene De Toni e Mattia Giora si sono aggiudicati il sesto posto. Nella categoria D agonistica il PR Ranch ha portato a casa un ricco bottino con un quinto posto di Aurora Zuanel e l&#8217;oro per Iris Costa. Un altro grande risultato per la coppia Aurora Zuanel e Iris Costa che con la loro interpretazione di Thelma e Luise si sono aggiudicate L&#8217;oro nel PDD categoria D. Molto bravi e professionali anche Sico e Art\u00f9 che hanno fatto quattro buonissime prove nonostante la giovane et\u00e0 e la poca esperienza in campo gara.<\/p>\n\n\t\t\t<style type='text\/css'>\n\t\t\t\t#gallery-7 {\n\t\t\t\t\tmargin: auto;\n\t\t\t\t}\n\t\t\t\t#gallery-7 .gallery-item {\n\t\t\t\t\tfloat: left;\n\t\t\t\t\tmargin-top: 10px;\n\t\t\t\t\ttext-align: center;\n\t\t\t\t\twidth: 50%;\n\t\t\t\t}\n\t\t\t\t#gallery-7 img {\n\t\t\t\t\tborder: 2px solid #cfcfcf;\n\t\t\t\t}\n\t\t\t\t#gallery-7 .gallery-caption {\n\t\t\t\t\tmargin-left: 0;\n\t\t\t\t}\n\t\t\t\t\/* see gallery_shortcode() in wp-includes\/media.php *\/\n\t\t\t<\/style>\n\t\t<div id='gallery-7' class='dt-gallery-container gallery galleryid-327349 gallery-columns-2 gallery-size-medium'><dl class='gallery-item'>\n\t\t\t\t<dt class='gallery-icon landscape'>\n\t\t\t\t\t<a class=\"rollover\" href='https:\/\/www.radiopiu.net\/wordpress\/ottimi-risultati-a-portogruaro-per-gli-atleti-del-pr-ranch\/19054d10-8ed9-4fd4-9297-0253f1240725\/'><img loading=\"lazy\" decoding=\"async\" width=\"300\" height=\"225\" src=\"https:\/\/www.radiopiu.net\/wordpress\/wp-content\/uploads\/2023\/03\/19054d10-8ed9-4fd4-9297-0253f1240725-300x225.jpg\" class=\"attachment-medium size-medium\" alt=\"\" srcset=\"https:\/\/www.radiopiu.net\/wordpress\/wp-content\/uploads\/2023\/03\/19054d10-8ed9-4fd4-9297-0253f1240725-300x225.jpg 300w, https:\/\/www.radiopiu.net\/wordpress\/wp-content\/uploads\/2023\/03\/19054d10-8ed9-4fd4-9297-0253f1240725-768x576.jpg 768w, https:\/\/www.radiopiu.net\/wordpress\/wp-content\/uploads\/2023\/03\/19054d10-8ed9-4fd4-9297-0253f1240725.jpg 1024w\" sizes=\"auto, (max-width: 300px) 100vw, 300px\" \/><\/a>\n\t\t\t\t<\/dt><\/dl><dl class='gallery-item'>\n\t\t\t\t<dt class='gallery-icon landscape'>\n\t\t\t\t\t<a class=\"rollover\" href='https:\/\/www.radiopiu.net\/wordpress\/ottimi-risultati-a-portogruaro-per-gli-atleti-del-pr-ranch\/d922748d-90e8-4bed-b3c2-3515a36609a0\/'><img loading=\"lazy\" decoding=\"async\" width=\"300\" height=\"225\" src=\"https:\/\/www.radiopiu.net\/wordpress\/wp-content\/uploads\/2023\/03\/d922748d-90e8-4bed-b3c2-3515a36609a0-300x225.jpg\" class=\"attachment-medium size-medium\" alt=\"\" srcset=\"https:\/\/www.radiopiu.net\/wordpress\/wp-content\/uploads\/2023\/03\/d922748d-90e8-4bed-b3c2-3515a36609a0-300x225.jpg 300w, https:\/\/www.radiopiu.net\/wordpress\/wp-content\/uploads\/2023\/03\/d922748d-90e8-4bed-b3c2-3515a36609a0-768x576.jpg 768w, https:\/\/www.radiopiu.net\/wordpress\/wp-content\/uploads\/2023\/03\/d922748d-90e8-4bed-b3c2-3515a36609a0.jpg 1024w\" sizes=\"auto, (max-width: 300px) 100vw, 300px\" \/><\/a>\n\t\t\t\t<\/dt><\/dl><br style=\"clear: both\" \/><dl class='gallery-item'>\n\t\t\t\t<dt class='gallery-icon portrait'>\n\t\t\t\t\t<a class=\"rollover\" href='https:\/\/www.radiopiu.net\/wordpress\/ottimi-risultati-a-portogruaro-per-gli-atleti-del-pr-ranch\/7833678e-239d-4cad-8494-86cefc9b2ac6\/'><img loading=\"lazy\" decoding=\"async\" width=\"225\" height=\"300\" src=\"https:\/\/www.radiopiu.net\/wordpress\/wp-content\/uploads\/2023\/03\/7833678e-239d-4cad-8494-86cefc9b2ac6-225x300.jpg\" class=\"attachment-medium size-medium\" alt=\"\" srcset=\"https:\/\/www.radiopiu.net\/wordpress\/wp-content\/uploads\/2023\/03\/7833678e-239d-4cad-8494-86cefc9b2ac6-225x300.jpg 225w, https:\/\/www.radiopiu.net\/wordpress\/wp-content\/uploads\/2023\/03\/7833678e-239d-4cad-8494-86cefc9b2ac6.jpg 768w\" sizes=\"auto, (max-width: 225px) 100vw, 225px\" \/><\/a>\n\t\t\t\t<\/dt><\/dl><dl class='gallery-item'>\n\t\t\t\t<dt class='gallery-icon portrait'>\n\t\t\t\t\t<a class=\"rollover\" href='https:\/\/www.radiopiu.net\/wordpress\/ottimi-risultati-a-portogruaro-per-gli-atleti-del-pr-ranch\/4af0a90e-5b5f-43cb-8fe8-42987386d80e\/'><img loading=\"lazy\" decoding=\"async\" width=\"225\" height=\"300\" src=\"https:\/\/www.radiopiu.net\/wordpress\/wp-content\/uploads\/2023\/03\/4af0a90e-5b5f-43cb-8fe8-42987386d80e-225x300.jpg\" class=\"attachment-medium size-medium\" alt=\"\" srcset=\"https:\/\/www.radiopiu.net\/wordpress\/wp-content\/uploads\/2023\/03\/4af0a90e-5b5f-43cb-8fe8-42987386d80e-225x300.jpg 225w, https:\/\/www.radiopiu.net\/wordpress\/wp-content\/uploads\/2023\/03\/4af0a90e-5b5f-43cb-8fe8-42987386d80e.jpg 768w\" sizes=\"auto, (max-width: 225px) 100vw, 225px\" \/><\/a>\n\t\t\t\t<\/dt><\/dl><br style=\"clear: both\" \/>\n\t\t\t<\/div>\n\n<p>&nbsp;<\/p>\n<p>&nbsp;<\/p>\n","protected":false},"excerpt":{"rendered":"<p>RADIO PIU INFORMAZIONE il canale su TELEGRAM informazione di prima\u00a0 mano e in tempo reale. iscriviti ed aiutaci a farlo conoscere\u00a0 \u00a0 \u00a0 &nbsp; AGORDO Il presidio agordino di Libera, in collaborazione con gli alunni della 1A delle medie di Canale e della 1MB del Follador e di Radio Pi\u00f9, ricorda le vittime di mafia.&hellip;<\/p>\n","protected":false},"author":4,"featured_media":327428,"comment_status":"closed","ping_status":"closed","sticky":false,"template":"","format":"standard","meta":{"_monsterinsights_skip_tracking":false,"_monsterinsights_sitenote_active":false,"_monsterinsights_sitenote_note":"","_monsterinsights_sitenote_category":0,"footnotes":""},"categories":[51,86,49],"tags":[],"class_list":["post-327349","post","type-post","status-publish","format-standard","has-post-thumbnail","hentry","category-evidenza-top","category-gr","category-news-18","category-51","category-86","category-49","description-off"],"img_url":"https:\/\/www.radiopiu.net\/wordpress\/wp-content\/uploads\/2023\/03\/2_Val-Clusa_galleria-di-accesso-alla-sorgente.jpg","_links":{"self":[{"href":"https:\/\/www.radiopiu.net\/wordpress\/wp-json\/wp\/v2\/posts\/327349","targetHints":{"allow":["GET"]}}],"collection":[{"href":"https:\/\/www.radiopiu.net\/wordpress\/wp-json\/wp\/v2\/posts"}],"about":[{"href":"https:\/\/www.radiopiu.net\/wordpress\/wp-json\/wp\/v2\/types\/post"}],"author":[{"embeddable":true,"href":"https:\/\/www.radiopiu.net\/wordpress\/wp-json\/wp\/v2\/users\/4"}],"replies":[{"embeddable":true,"href":"https:\/\/www.radiopiu.net\/wordpress\/wp-json\/wp\/v2\/comments?post=327349"}],"version-history":[{"count":0,"href":"https:\/\/www.radiopiu.net\/wordpress\/wp-json\/wp\/v2\/posts\/327349\/revisions"}],"wp:featuredmedia":[{"embeddable":true,"href":"https:\/\/www.radiopiu.net\/wordpress\/wp-json\/wp\/v2\/media\/327428"}],"wp:attachment":[{"href":"https:\/\/www.radiopiu.net\/wordpress\/wp-json\/wp\/v2\/media?parent=327349"}],"wp:term":[{"taxonomy":"category","embeddable":true,"href":"https:\/\/www.radiopiu.net\/wordpress\/wp-json\/wp\/v2\/categories?post=327349"},{"taxonomy":"post_tag","embeddable":true,"href":"https:\/\/www.radiopiu.net\/wordpress\/wp-json\/wp\/v2\/tags?post=327349"}],"curies":[{"name":"wp","href":"https:\/\/api.w.org\/{rel}","templated":true}]}}