{"id":327523,"date":"2023-03-21T05:32:21","date_gmt":"2023-03-21T04:32:21","guid":{"rendered":"https:\/\/www.radiopiu.net\/wordpress\/?p=327523"},"modified":"2023-03-21T05:45:33","modified_gmt":"2023-03-21T04:45:33","slug":"addio-al-giornalista-sergio-sommacal-il-ricordo-dellassociazione-bellunesi-nel-mondo","status":"publish","type":"post","link":"https:\/\/www.radiopiu.net\/wordpress\/addio-al-giornalista-sergio-sommacal-il-ricordo-dellassociazione-bellunesi-nel-mondo\/","title":{"rendered":"ADDIO AL GIORNALISTA SERGIO SOMMACAL. IL RICORDO DELL&#8217;ASSOCIAZIONE BELLUNESI NEL MONDO"},"content":{"rendered":"<p><strong><a class=\"dt-pswp-item\" href=\"https:\/\/www.radiopiu.net\/wordpress\/wp-content\/uploads\/2023\/03\/SERGIO-SOMMACAL.png\" data-dt-img-description=\"\" data-large_image_width=\"610\" data-large_image_height=\"442\"><img loading=\"lazy\" decoding=\"async\" class=\" wp-image-327524 alignleft\" src=\"https:\/\/www.radiopiu.net\/wordpress\/wp-content\/uploads\/2023\/03\/SERGIO-SOMMACAL-300x217.png\" alt=\"\" width=\"185\" height=\"134\" srcset=\"https:\/\/www.radiopiu.net\/wordpress\/wp-content\/uploads\/2023\/03\/SERGIO-SOMMACAL-300x217.png 300w, https:\/\/www.radiopiu.net\/wordpress\/wp-content\/uploads\/2023\/03\/SERGIO-SOMMACAL.png 610w\" sizes=\"auto, (max-width: 185px) 100vw, 185px\" \/><\/a>BELLUNO<\/strong> La famiglia del giornalismo bellunese piange la scomparsa di Sergio Sommacal, deceduto al nosocomio \u201cSant\u2019Orsola\u201d di Bologna a met\u00e0 marzo dove era ricoverato dopo un intervento chirurgico all\u2019ospedale S. Martino di Belluno. Nato nell\u2019Oltrardo cittadino nel 1940, si diplom\u00f2 perito elettrotecnico all\u2019Istituto \u201cSegato\u201d del capoluogo, dopo un breve servizio come insegnante supplente di disegno all\u2019Istituto Minerario Follador di Agordo, gi\u00e0 da giovane dimostr\u00f2 per\u00f2 particolare attitudine al mestiere del giornalista. Entr\u00f2 ben presto negli organici del \u201cGazzettino\u201d, quotidiano nel quale ricopr\u00ec vari incarichi nelle redazioni periferiche e nella sede centrale di Mestre. Rientrato nella citt\u00e0 natale termin\u00f2 la carriera quale capo servizio della Redazione di Belluno. Cronista di razza, sanguigno e profondo conoscitore del territorio, diede fra l\u2019altro alle stampe il libro ormai introvabile \u201cChi non beve in compagnia\u2026\u201d nel quale tratteggi\u00f2 personaggi e caratteristiche della Belluno degli anni tra il 1940 e il 1960. Negli ultimi tempi si occup\u00f2 anche della parte informativa del \u201cPremio d\u2019Oro\u201d per conto dell\u2019Amministrazione provinciale. \u00abCon Sergio &#8211; ricorda Dino Bridda, direttore responsabile di \u201cBellunesi nel mondo\u201d &#8211; scompare uno degli ultimi rappresentanti della vecchia scuola giornalistica, sempre attento all\u2019evolversi degli eventi, caustico e coinvolgente, cronista di vaglia alieno dal sensazionalismo. Mi \u00e8 stato amico e collega rispettoso e prezioso, davvero una bella penna! Con lui c\u2019era solo da imparare\u00bb. Sommacal lascia la moglie Massimina ed i figli Stefania, Sara e Silvano. Le sue ceneri saranno tumulate nel cimitero di Cusighe nell\u2019Oltrardo dove nacque. (FOTO: Amico del Popolo)<\/p>\n<p>&nbsp;<\/p>\n<p><strong>LA NOTA DI CORDOGLIO DI ASSOSTAMPA BELLUNO<\/strong><\/p>\n<p>La scomparsa di Sergio Sommacal rappresenta la perdita di un pezzo della memoria storica del nostro territorio: giornalista preciso e attento, attivo nell&#8217;ambito del sindacato, per anni \u00e8 stato membro del direttivo dell&#8217;Assostampa provinciale. Con lui, salutiamo un collega appassionato, curioso, sempre corretto, pungente ma mai sopra le righe. Da parte del consiglio direttivo di Assostampa Belluno le pi\u00f9 sentite condoglianze alla moglie Massimina e ai figli Sara, Silvano e Stefania<\/p>\n<p>&nbsp;<\/p>\n<p>******<\/p>\n","protected":false},"excerpt":{"rendered":"<p>BELLUNO La famiglia del giornalismo bellunese piange la scomparsa di Sergio Sommacal, deceduto al nosocomio \u201cSant\u2019Orsola\u201d di Bologna a met\u00e0 marzo dove era ricoverato dopo un intervento chirurgico all\u2019ospedale S. Martino di Belluno. Nato nell\u2019Oltrardo cittadino nel 1940, si diplom\u00f2 perito elettrotecnico all\u2019Istituto \u201cSegato\u201d del capoluogo, dopo un breve servizio come insegnante supplente di disegno&hellip;<\/p>\n","protected":false},"author":4,"featured_media":327524,"comment_status":"closed","ping_status":"closed","sticky":false,"template":"","format":"standard","meta":{"_monsterinsights_skip_tracking":false,"_monsterinsights_sitenote_active":false,"_monsterinsights_sitenote_note":"","_monsterinsights_sitenote_category":0,"footnotes":""},"categories":[51,49],"tags":[],"class_list":["post-327523","post","type-post","status-publish","format-standard","has-post-thumbnail","hentry","category-evidenza-top","category-news-18","category-51","category-49","description-off"],"img_url":"https:\/\/www.radiopiu.net\/wordpress\/wp-content\/uploads\/2023\/03\/SERGIO-SOMMACAL.png","_links":{"self":[{"href":"https:\/\/www.radiopiu.net\/wordpress\/wp-json\/wp\/v2\/posts\/327523","targetHints":{"allow":["GET"]}}],"collection":[{"href":"https:\/\/www.radiopiu.net\/wordpress\/wp-json\/wp\/v2\/posts"}],"about":[{"href":"https:\/\/www.radiopiu.net\/wordpress\/wp-json\/wp\/v2\/types\/post"}],"author":[{"embeddable":true,"href":"https:\/\/www.radiopiu.net\/wordpress\/wp-json\/wp\/v2\/users\/4"}],"replies":[{"embeddable":true,"href":"https:\/\/www.radiopiu.net\/wordpress\/wp-json\/wp\/v2\/comments?post=327523"}],"version-history":[{"count":0,"href":"https:\/\/www.radiopiu.net\/wordpress\/wp-json\/wp\/v2\/posts\/327523\/revisions"}],"wp:featuredmedia":[{"embeddable":true,"href":"https:\/\/www.radiopiu.net\/wordpress\/wp-json\/wp\/v2\/media\/327524"}],"wp:attachment":[{"href":"https:\/\/www.radiopiu.net\/wordpress\/wp-json\/wp\/v2\/media?parent=327523"}],"wp:term":[{"taxonomy":"category","embeddable":true,"href":"https:\/\/www.radiopiu.net\/wordpress\/wp-json\/wp\/v2\/categories?post=327523"},{"taxonomy":"post_tag","embeddable":true,"href":"https:\/\/www.radiopiu.net\/wordpress\/wp-json\/wp\/v2\/tags?post=327523"}],"curies":[{"name":"wp","href":"https:\/\/api.w.org\/{rel}","templated":true}]}}