{"id":327550,"date":"2023-03-20T23:59:02","date_gmt":"2023-03-20T22:59:02","guid":{"rendered":"https:\/\/www.radiopiu.net\/wordpress\/?p=327550"},"modified":"2023-03-21T05:56:18","modified_gmt":"2023-03-21T04:56:18","slug":"a-belluno-il-seminario-gregoriano-si-attrezzera-come-struttura-abitativa-per-sacerdoti-anziani","status":"publish","type":"post","link":"https:\/\/www.radiopiu.net\/wordpress\/a-belluno-il-seminario-gregoriano-si-attrezzera-come-struttura-abitativa-per-sacerdoti-anziani\/","title":{"rendered":"A BELLUNO IL SEMINARIO GREGORIANO SI ATTREZZERA&#8217; COME STRUTTURA ABITATIVA PER SACERDOTI ANZIANI"},"content":{"rendered":"<p><strong>di Renato Bona<\/strong><\/p>\n<p>Il sito \u201cchiesabellunofeltre\u201d ha dato la notizia di una riunione del Consiglio presbiterale che, convocato nel centro di spiritualit\u00e0 \u201cPapa Luciani\u201d di Col Cumano e presieduto dal vescovo della Diocesi di Belluno-Feltre monsignor Renato Marangoni, si \u00e8 occupato unicamente del Seminario gregoriano di Belluno (l\u2019Archivio storico del Comune rammenta che sorto originariamente quale convento francescano, per una comunit\u00e0 religiosa che \u00e8 documentata a Belluno gi\u00e0 nel XIII secolo, il complesso fu riedificato in ampliamento dell\u2019annessa chiesa di San Pietro, eretta nel 1326 e completamente ricostruita nel 1750), nei propositi, dovrebbe essere attrezzato come struttura abitativa per i sacerdoti. In particolare quelli oltre i 75 anni in condizione di almeno discreta autosufficienza, e divenire quindi luogo di fraternit\u00e0 presbiterale per quanti, previo confronto con il vescovo monsignor Renato Marangoni \u201clasciano gli incarichi pi\u00f9 attivi del ministero, specialmente quello di parroco\u201d. Fra gli interventi, preziosi quello del rettore del \u201cGregoriano\u201d, Giorgio Lise il quale si \u00e8 soffermato sulla \u201cimpostazione complessiva della vita in Seminario, le modalit\u00e0 di essa, i momenti di fraternit\u00e0 e preghiera, le opportunit\u00e0 favorevoli che scaturiscono da tale scelta\u201d. E quello dell\u2019architetto Gloria Manera la quale ha dettagliatamente illustrato l\u2019idea progettuale di rifacimento delle stanze al primo piano e poi eventualmente alcune nel secondo per garantire alloggi pi\u00f9 dignitosi, confortevoli e adeguati. Si ricaverebbero 16 alloggi, 11 al primo piano e 5 al secondo che garantirebbero presenze stabili e accoglienze per brevi periodi. Il dibattito ha consentito di precisare altri aspetti della proposta, approvata all\u2019unanimit\u00e0, che risulta sostenibile dal punto di vista economico (non trascurando la possibilit\u00e0 di alienare qualche altra struttura non utilizzabile e chiedendo comunque alla Diocesi di investire prioritariamente proprio sul Seminario). S\u00ec anche all\u2019invito ad elaborare in tempi solleciti un progetto tecnico che potr\u00e0 poi essere realizzato eventualmente per stralci, partendo gi\u00e0 dai prossimi mesi in modo che i primi alloggi possano essere pronti tra la fine della prossima estate ed entro la primavera del prossimo anno. Concludiamo ricordando che il rettore monsignor Giorgio Lise in occasione di una \u201cGiornata del Seminario\u201d ebbe modo di sottolineare fra l\u2019altro ai confratelli e agli amici dell\u2019istituzione: \u201c \u00c8 ormai noto che da qualche anno il nostro Seminario non accoglie pi\u00f9 ragazzi e giovani in preparazione al sacerdozio, che sono in Comunit\u00e0 con altri giovani a Trento. Tuttavia, questa Istituzione non cessa di essere punto di riferimento nella vita della Diocesi\u2026 e conferma la sua vitalit\u00e0 formativa attraverso alcune realt\u00e0 che attendono il sostegno generoso di tutto il Popolo di Dio\u201d: il Liceo Lollino; l\u2019Istituto Superiore di Scienze Religiose; la Scuola di formazione teologica, ed ha poi posto l\u2019attenzione su quelli che ha definito tesori culturali e d\u2019arte: la Biblioteca Gregoriana con le sue decine di migliaia di volumi e la Loll\u00edniana con il centinaio di Codici manoscritti, 84 incunaboli e 1910 opere a stampa. Oltre alla chiesa di San Pietro e i due chiostri: luoghi molto frequentati dai gruppi in visita alla Citt\u00e0\u201d. Nell\u2019occasione aveva auspicato proprio che il \u201cGregoriano\u201d potesse diventare \u201cluogo di ospitalit\u00e0 per sacerdoti che, lasciato il servizio diretto in pastorale, volessero continuare ad operare in altri ambiti della vita pastorale, anche per sentirsi ancora utili alla Chiesa, tornando, per cos\u00ec dire, nel grembo di quella Istituzione che li ha formati al ministero presbiterale\u201d.<\/p>\n\n\t\t\t<style type='text\/css'>\n\t\t\t\t#gallery-1 {\n\t\t\t\t\tmargin: auto;\n\t\t\t\t}\n\t\t\t\t#gallery-1 .gallery-item {\n\t\t\t\t\tfloat: left;\n\t\t\t\t\tmargin-top: 10px;\n\t\t\t\t\ttext-align: center;\n\t\t\t\t\twidth: 16%;\n\t\t\t\t}\n\t\t\t\t#gallery-1 img {\n\t\t\t\t\tborder: 2px solid #cfcfcf;\n\t\t\t\t}\n\t\t\t\t#gallery-1 .gallery-caption {\n\t\t\t\t\tmargin-left: 0;\n\t\t\t\t}\n\t\t\t\t\/* see gallery_shortcode() in wp-includes\/media.php *\/\n\t\t\t<\/style>\n\t\t<div id='gallery-1' class='dt-gallery-container gallery galleryid-327550 gallery-columns-6 gallery-size-thumbnail'><dl class='gallery-item'>\n\t\t\t\t<dt class='gallery-icon landscape'>\n\t\t\t\t\t<a class=\"rollover rollover-zoom dt-pswp-item\" title=\"334278382_137669639242332_2362733329282414500_n\" data-dt-img-description=\"\" data-large_image_width=\"716\" data-large_image_height=\"403\"href='https:\/\/www.radiopiu.net\/wordpress\/wp-content\/uploads\/2023\/03\/334278382_137669639242332_2362733329282414500_n.jpg'><img loading=\"lazy\" decoding=\"async\" width=\"150\" height=\"150\" src=\"https:\/\/www.radiopiu.net\/wordpress\/wp-content\/uploads\/2023\/03\/334278382_137669639242332_2362733329282414500_n-150x150.jpg\" class=\"attachment-thumbnail size-thumbnail\" alt=\"\" \/><\/a>\n\t\t\t\t<\/dt><\/dl><dl class='gallery-item'>\n\t\t\t\t<dt class='gallery-icon landscape'>\n\t\t\t\t\t<a class=\"rollover rollover-zoom dt-pswp-item\" title=\"334498442_592220879250549_1081117235960490542_n\" data-dt-img-description=\"\" data-large_image_width=\"500\" data-large_image_height=\"331\"href='https:\/\/www.radiopiu.net\/wordpress\/wp-content\/uploads\/2023\/03\/334498442_592220879250549_1081117235960490542_n.jpg'><img loading=\"lazy\" decoding=\"async\" width=\"150\" height=\"150\" src=\"https:\/\/www.radiopiu.net\/wordpress\/wp-content\/uploads\/2023\/03\/334498442_592220879250549_1081117235960490542_n-150x150.jpg\" class=\"attachment-thumbnail size-thumbnail\" alt=\"\" \/><\/a>\n\t\t\t\t<\/dt><\/dl><dl class='gallery-item'>\n\t\t\t\t<dt class='gallery-icon portrait'>\n\t\t\t\t\t<a class=\"rollover rollover-zoom dt-pswp-item\" title=\"329120130_239996291740244_5485259738224911301_n\" data-dt-img-description=\"\" data-large_image_width=\"369\" data-large_image_height=\"403\"href='https:\/\/www.radiopiu.net\/wordpress\/wp-content\/uploads\/2023\/03\/329120130_239996291740244_5485259738224911301_n.jpg'><img loading=\"lazy\" decoding=\"async\" width=\"150\" height=\"150\" src=\"https:\/\/www.radiopiu.net\/wordpress\/wp-content\/uploads\/2023\/03\/329120130_239996291740244_5485259738224911301_n-150x150.jpg\" class=\"attachment-thumbnail size-thumbnail\" alt=\"\" \/><\/a>\n\t\t\t\t<\/dt><\/dl><dl class='gallery-item'>\n\t\t\t\t<dt class='gallery-icon portrait'>\n\t\t\t\t\t<a class=\"rollover rollover-zoom dt-pswp-item\" title=\"334740896_6002166233170184_8647045958635896476_n\" data-dt-img-description=\"\" data-large_image_width=\"243\" data-large_image_height=\"406\"href='https:\/\/www.radiopiu.net\/wordpress\/wp-content\/uploads\/2023\/03\/334740896_6002166233170184_8647045958635896476_n.jpg'><img loading=\"lazy\" decoding=\"async\" width=\"150\" height=\"150\" src=\"https:\/\/www.radiopiu.net\/wordpress\/wp-content\/uploads\/2023\/03\/334740896_6002166233170184_8647045958635896476_n-150x150.jpg\" class=\"attachment-thumbnail size-thumbnail\" alt=\"\" \/><\/a>\n\t\t\t\t<\/dt><\/dl><dl class='gallery-item'>\n\t\t\t\t<dt class='gallery-icon landscape'>\n\t\t\t\t\t<a class=\"rollover rollover-zoom dt-pswp-item\" title=\"334126958_732451858536825_2473227109065145288_n\" data-dt-img-description=\"\" data-large_image_width=\"537\" data-large_image_height=\"403\"href='https:\/\/www.radiopiu.net\/wordpress\/wp-content\/uploads\/2023\/03\/334126958_732451858536825_2473227109065145288_n.jpg'><img loading=\"lazy\" decoding=\"async\" width=\"150\" height=\"150\" src=\"https:\/\/www.radiopiu.net\/wordpress\/wp-content\/uploads\/2023\/03\/334126958_732451858536825_2473227109065145288_n-150x150.jpg\" class=\"attachment-thumbnail size-thumbnail\" alt=\"\" \/><\/a>\n\t\t\t\t<\/dt><\/dl><dl class='gallery-item'>\n\t\t\t\t<dt class='gallery-icon landscape'>\n\t\t\t\t\t<a class=\"rollover rollover-zoom dt-pswp-item\" title=\"336646265_747772156976247_9087422065982886219_n\" data-dt-img-description=\"\" data-large_image_width=\"600\" data-large_image_height=\"401\"href='https:\/\/www.radiopiu.net\/wordpress\/wp-content\/uploads\/2023\/03\/336646265_747772156976247_9087422065982886219_n.jpg'><img loading=\"lazy\" decoding=\"async\" width=\"150\" height=\"150\" src=\"https:\/\/www.radiopiu.net\/wordpress\/wp-content\/uploads\/2023\/03\/336646265_747772156976247_9087422065982886219_n-150x150.jpg\" class=\"attachment-thumbnail size-thumbnail\" alt=\"\" \/><\/a>\n\t\t\t\t<\/dt><\/dl><br style=\"clear: both\" \/>\n\t\t\t<\/div>\n\n<p>NELLE FOTO (sito chiesabellunofeltre e Google): un momento della riunione del Consiglio presbiterale a Col Cumano; la facciata del Gregoriano; il rettore mons. Giorgio Lise; interni del Seminario.<\/p>\n","protected":false},"excerpt":{"rendered":"<p>di Renato Bona Il sito \u201cchiesabellunofeltre\u201d ha dato la notizia di una riunione del Consiglio presbiterale che, convocato nel centro di spiritualit\u00e0 \u201cPapa Luciani\u201d di Col Cumano e presieduto dal vescovo della Diocesi di Belluno-Feltre monsignor Renato Marangoni, si \u00e8 occupato unicamente del Seminario gregoriano di Belluno (l\u2019Archivio storico del Comune rammenta che sorto originariamente&hellip;<\/p>\n","protected":false},"author":4,"featured_media":327555,"comment_status":"closed","ping_status":"closed","sticky":false,"template":"","format":"standard","meta":{"_monsterinsights_skip_tracking":false,"_monsterinsights_sitenote_active":false,"_monsterinsights_sitenote_note":"","_monsterinsights_sitenote_category":0,"footnotes":""},"categories":[104,49],"tags":[],"class_list":["post-327550","post","type-post","status-publish","format-standard","has-post-thumbnail","hentry","category-evidenza_3","category-news-18","category-104","category-49","description-off"],"img_url":"https:\/\/www.radiopiu.net\/wordpress\/wp-content\/uploads\/2023\/03\/334126958_732451858536825_2473227109065145288_n.jpg","_links":{"self":[{"href":"https:\/\/www.radiopiu.net\/wordpress\/wp-json\/wp\/v2\/posts\/327550","targetHints":{"allow":["GET"]}}],"collection":[{"href":"https:\/\/www.radiopiu.net\/wordpress\/wp-json\/wp\/v2\/posts"}],"about":[{"href":"https:\/\/www.radiopiu.net\/wordpress\/wp-json\/wp\/v2\/types\/post"}],"author":[{"embeddable":true,"href":"https:\/\/www.radiopiu.net\/wordpress\/wp-json\/wp\/v2\/users\/4"}],"replies":[{"embeddable":true,"href":"https:\/\/www.radiopiu.net\/wordpress\/wp-json\/wp\/v2\/comments?post=327550"}],"version-history":[{"count":0,"href":"https:\/\/www.radiopiu.net\/wordpress\/wp-json\/wp\/v2\/posts\/327550\/revisions"}],"wp:featuredmedia":[{"embeddable":true,"href":"https:\/\/www.radiopiu.net\/wordpress\/wp-json\/wp\/v2\/media\/327555"}],"wp:attachment":[{"href":"https:\/\/www.radiopiu.net\/wordpress\/wp-json\/wp\/v2\/media?parent=327550"}],"wp:term":[{"taxonomy":"category","embeddable":true,"href":"https:\/\/www.radiopiu.net\/wordpress\/wp-json\/wp\/v2\/categories?post=327550"},{"taxonomy":"post_tag","embeddable":true,"href":"https:\/\/www.radiopiu.net\/wordpress\/wp-json\/wp\/v2\/tags?post=327550"}],"curies":[{"name":"wp","href":"https:\/\/api.w.org\/{rel}","templated":true}]}}