{"id":327562,"date":"2023-03-23T05:19:08","date_gmt":"2023-03-23T04:19:08","guid":{"rendered":"https:\/\/www.radiopiu.net\/wordpress\/?p=327562"},"modified":"2023-03-23T05:21:58","modified_gmt":"2023-03-23T04:21:58","slug":"venerdi-lultimo-saluto-a-italo-laffetto-degli-amici-della-proloco","status":"publish","type":"post","link":"https:\/\/www.radiopiu.net\/wordpress\/venerdi-lultimo-saluto-a-italo-laffetto-degli-amici-della-proloco\/","title":{"rendered":"VENERDI L&#8217;ULTIMO SALUTO A ITALO, L&#8217;AFFETTO DEGLI AMICI DELLA PROLOCO"},"content":{"rendered":"<div><strong>LAMON<\/strong> Sar\u00e0 celebrato venerd\u00ec alle 16 il funerale di Italo Todesco, il 69enne morto annegato nel lago di Senaiga domenica pomeriggio mentre stava pescando<\/div>\n<blockquote>\n<h3>IL MESSAGGIO DI CORDOGLIO DELLA PROLOCO DI SOVRAMONTE<\/h3>\n<\/blockquote>\n<div>\n<p><a class=\"dt-pswp-item\" href=\"https:\/\/www.radiopiu.net\/wordpress\/wp-content\/uploads\/2023\/03\/337233460_243445318119879_9132894672416871458_n.jpg\" data-dt-img-description=\"\" data-large_image_width=\"960\" data-large_image_height=\"720\"><img loading=\"lazy\" decoding=\"async\" class=\" wp-image-327970 alignleft\" src=\"https:\/\/www.radiopiu.net\/wordpress\/wp-content\/uploads\/2023\/03\/337233460_243445318119879_9132894672416871458_n-300x225.jpg\" alt=\"\" width=\"231\" height=\"173\" srcset=\"https:\/\/www.radiopiu.net\/wordpress\/wp-content\/uploads\/2023\/03\/337233460_243445318119879_9132894672416871458_n-300x225.jpg 300w, https:\/\/www.radiopiu.net\/wordpress\/wp-content\/uploads\/2023\/03\/337233460_243445318119879_9132894672416871458_n-768x576.jpg 768w, https:\/\/www.radiopiu.net\/wordpress\/wp-content\/uploads\/2023\/03\/337233460_243445318119879_9132894672416871458_n.jpg 960w\" sizes=\"auto, (max-width: 231px) 100vw, 231px\" \/><\/a>Oggi \u00e9 un giorno di profonda tristezza anche per tutti noi della Pro Loco Sovramonte, perch\u00e9 improvvisamente e in maniera tragica ci ha lasciato il nostro amico Italo Todesco. Da anni era lo spirito creativo della Serata di Mistero, con infinita fantasia sapeva creare costumi, oggetti e ambientazioni sceniche degne di rappresentazioni di altissimo valore. Sapeva inoltre interpretare con maestria personaggi indimenticabili che sono rimasti nella memoria e nel cuore di tantissime persone. Ci manca e ci mancher\u00e0 per sempre la sua grande passione per tutto quello che era fantasia e creativit\u00e0 unita al suo infinito disincanto. Che Dio lo accolga nelle schiere degli artisti perch\u00e9 Italo lo era profondamente nella sua mente e nel suo cuore.<\/p>\n<p>&nbsp;<\/p>\n<p><strong>IERI ALLA RADIO<\/strong><\/p>\n<h3 class=\"kvgmc6g5 cxmmr5t8 oygrvhab hcukyx3x c1et5uql\"><span style=\"color: #0000ff;\"><strong><a class=\"dt-pswp-item\" href=\"https:\/\/www.radiopiu.net\/wordpress\/wp-content\/uploads\/2023\/03\/italo.jpg\" data-dt-img-description=\"\" data-large_image_width=\"291\" data-large_image_height=\"299\"><img loading=\"lazy\" decoding=\"async\" class=\" wp-image-327739 alignleft\" src=\"https:\/\/www.radiopiu.net\/wordpress\/wp-content\/uploads\/2023\/03\/italo.jpg\" alt=\"\" width=\"253\" height=\"260\" \/><\/a><\/strong><\/span><\/h3>\n<p><strong>LAMON<\/strong> Ritrovato ieri, poco prima di mezzogiorno, dai sommozzatori dei vigili del fuoco il corpo purtroppo privo di vita del pescatore disperso da domenica pomeriggio, nella zona del lago artificiale di Senaiga, in localit\u00e0 Passerella del lago, nel comune di Lamon.<\/p>\n<p>il corpo di Italo Todesco, 70 anni da compiere il 13 ottobre,\u00a0 \u00e8 stato trovato ieri alle 11,30, quando i sommozzatori arrivati dei vigili del fuoco hanno individuato il corpo in acqua. Forse un malore, forse un piede messo in fallo, forse un incidente per tentare di recuperare una canna scivolata nel lago: la tragedia che si \u00e8 portata via una persona conosciutissima a Lamon per il suo impegno nel volontariato non ha avuto testimoni. La morte risale con tutta probabilit\u00e0 a domenica pomeriggio,\u00a0 era un pescatore espertissimo, per vent&#8217;anni presidente del Bacino di pesca 11 Cismon Fiorello.\u00a0 Nelle ricerche del 70enne sono stati impegnati i vigili del fuoco di Feltre, una squadra di Belluno con supporto dei soccorritori fluviali. Dopo essere stato trasportato a riva, il medico non ha potuto fare altro che constatarne il decesso. Sul posto anche i Carabinieri per accertarsi delle cause dell\u2019incidente<\/p>\n<\/div>\n<div><\/div>\n<div><\/div>\n<div><\/div>\n<div class=\"sezioneArticolo\"><\/div>\n<div><\/div>\n<div><\/div>\n<div><\/div>\n<div><\/div>\n<div><\/div>\n<div><\/div>\n","protected":false},"excerpt":{"rendered":"<p>LAMON Sar\u00e0 celebrato venerd\u00ec alle 16 il funerale di Italo Todesco, il 69enne morto annegato nel lago di Senaiga domenica pomeriggio mentre stava pescando IL MESSAGGIO DI CORDOGLIO DELLA PROLOCO DI SOVRAMONTE Oggi \u00e9 un giorno di profonda tristezza anche per tutti noi della Pro Loco Sovramonte, perch\u00e9 improvvisamente e in maniera tragica ci ha&hellip;<\/p>\n","protected":false},"author":4,"featured_media":327970,"comment_status":"closed","ping_status":"closed","sticky":false,"template":"","format":"standard","meta":{"_monsterinsights_skip_tracking":false,"_monsterinsights_sitenote_active":false,"_monsterinsights_sitenote_note":"","_monsterinsights_sitenote_category":0,"footnotes":""},"categories":[51,49],"tags":[],"class_list":["post-327562","post","type-post","status-publish","format-standard","has-post-thumbnail","hentry","category-evidenza-top","category-news-18","category-51","category-49","description-off"],"img_url":"https:\/\/www.radiopiu.net\/wordpress\/wp-content\/uploads\/2023\/03\/337233460_243445318119879_9132894672416871458_n.jpg","_links":{"self":[{"href":"https:\/\/www.radiopiu.net\/wordpress\/wp-json\/wp\/v2\/posts\/327562","targetHints":{"allow":["GET"]}}],"collection":[{"href":"https:\/\/www.radiopiu.net\/wordpress\/wp-json\/wp\/v2\/posts"}],"about":[{"href":"https:\/\/www.radiopiu.net\/wordpress\/wp-json\/wp\/v2\/types\/post"}],"author":[{"embeddable":true,"href":"https:\/\/www.radiopiu.net\/wordpress\/wp-json\/wp\/v2\/users\/4"}],"replies":[{"embeddable":true,"href":"https:\/\/www.radiopiu.net\/wordpress\/wp-json\/wp\/v2\/comments?post=327562"}],"version-history":[{"count":0,"href":"https:\/\/www.radiopiu.net\/wordpress\/wp-json\/wp\/v2\/posts\/327562\/revisions"}],"wp:featuredmedia":[{"embeddable":true,"href":"https:\/\/www.radiopiu.net\/wordpress\/wp-json\/wp\/v2\/media\/327970"}],"wp:attachment":[{"href":"https:\/\/www.radiopiu.net\/wordpress\/wp-json\/wp\/v2\/media?parent=327562"}],"wp:term":[{"taxonomy":"category","embeddable":true,"href":"https:\/\/www.radiopiu.net\/wordpress\/wp-json\/wp\/v2\/categories?post=327562"},{"taxonomy":"post_tag","embeddable":true,"href":"https:\/\/www.radiopiu.net\/wordpress\/wp-json\/wp\/v2\/tags?post=327562"}],"curies":[{"name":"wp","href":"https:\/\/api.w.org\/{rel}","templated":true}]}}