{"id":327675,"date":"2023-03-21T16:06:18","date_gmt":"2023-03-21T15:06:18","guid":{"rendered":"https:\/\/www.radiopiu.net\/wordpress\/?p=327675"},"modified":"2023-03-22T22:51:30","modified_gmt":"2023-03-22T21:51:30","slug":"appuntamento-in-radio-con-la-settimana-della-memoria-e-dellimpegno-2","status":"publish","type":"post","link":"https:\/\/www.radiopiu.net\/wordpress\/appuntamento-in-radio-con-la-settimana-della-memoria-e-dellimpegno-2\/","title":{"rendered":"APPUNTAMENTO IN RADIO CON LA SETTIMANA DELLA MEMORIA E DELL\u2019IMPEGNO"},"content":{"rendered":"<p>&nbsp;<\/p>\n<div class=\"x11i5rnm xat24cr x1mh8g0r x1vvkbs xtlvy1s x126k92a\">\n<div dir=\"auto\"><\/div>\n<\/div>\n<p>&nbsp;<\/p>\n<p><strong>PUNTATA 02\u00a0\u00a0<\/strong><\/p>\n\n\t\t\t<style type='text\/css'>\n\t\t\t\t#gallery-1 {\n\t\t\t\t\tmargin: auto;\n\t\t\t\t}\n\t\t\t\t#gallery-1 .gallery-item {\n\t\t\t\t\tfloat: left;\n\t\t\t\t\tmargin-top: 10px;\n\t\t\t\t\ttext-align: center;\n\t\t\t\t\twidth: 50%;\n\t\t\t\t}\n\t\t\t\t#gallery-1 img {\n\t\t\t\t\tborder: 2px solid #cfcfcf;\n\t\t\t\t}\n\t\t\t\t#gallery-1 .gallery-caption {\n\t\t\t\t\tmargin-left: 0;\n\t\t\t\t}\n\t\t\t\t\/* see gallery_shortcode() in wp-includes\/media.php *\/\n\t\t\t<\/style>\n\t\t<div id='gallery-1' class='dt-gallery-container gallery galleryid-327675 gallery-columns-2 gallery-size-thumbnail'><dl class='gallery-item'>\n\t\t\t\t<dt class='gallery-icon landscape'>\n\t\t\t\t\t<a class=\"rollover rollover-zoom dt-pswp-item\" title=\"337281101_2572900343016714_5446235630592932577_n\" data-dt-img-description=\"\" data-large_image_width=\"600\" data-large_image_height=\"600\"href='https:\/\/www.radiopiu.net\/wordpress\/wp-content\/uploads\/2023\/03\/337281101_2572900343016714_5446235630592932577_n.jpg'><img loading=\"lazy\" decoding=\"async\" width=\"150\" height=\"150\" src=\"https:\/\/www.radiopiu.net\/wordpress\/wp-content\/uploads\/2023\/03\/337281101_2572900343016714_5446235630592932577_n-150x150.jpg\" class=\"attachment-thumbnail size-thumbnail\" alt=\"\" srcset=\"https:\/\/www.radiopiu.net\/wordpress\/wp-content\/uploads\/2023\/03\/337281101_2572900343016714_5446235630592932577_n-150x150.jpg 150w, https:\/\/www.radiopiu.net\/wordpress\/wp-content\/uploads\/2023\/03\/337281101_2572900343016714_5446235630592932577_n-300x300.jpg 300w, https:\/\/www.radiopiu.net\/wordpress\/wp-content\/uploads\/2023\/03\/337281101_2572900343016714_5446235630592932577_n.jpg 600w\" sizes=\"auto, (max-width: 150px) 100vw, 150px\" \/><\/a>\n\t\t\t\t<\/dt><\/dl><dl class='gallery-item'>\n\t\t\t\t<dt class='gallery-icon landscape'>\n\t\t\t\t\t<a class=\"rollover rollover-zoom dt-pswp-item\" title=\"337151681_610565107431247_542500407374587555_n\" data-dt-img-description=\"\" data-large_image_width=\"1080\" data-large_image_height=\"1080\"href='https:\/\/www.radiopiu.net\/wordpress\/wp-content\/uploads\/2023\/03\/337151681_610565107431247_542500407374587555_n.jpg'><img loading=\"lazy\" decoding=\"async\" width=\"150\" height=\"150\" src=\"https:\/\/www.radiopiu.net\/wordpress\/wp-content\/uploads\/2023\/03\/337151681_610565107431247_542500407374587555_n-150x150.jpg\" class=\"attachment-thumbnail size-thumbnail\" alt=\"\" srcset=\"https:\/\/www.radiopiu.net\/wordpress\/wp-content\/uploads\/2023\/03\/337151681_610565107431247_542500407374587555_n-150x150.jpg 150w, https:\/\/www.radiopiu.net\/wordpress\/wp-content\/uploads\/2023\/03\/337151681_610565107431247_542500407374587555_n-300x300.jpg 300w, https:\/\/www.radiopiu.net\/wordpress\/wp-content\/uploads\/2023\/03\/337151681_610565107431247_542500407374587555_n-1024x1024.jpg 1024w, https:\/\/www.radiopiu.net\/wordpress\/wp-content\/uploads\/2023\/03\/337151681_610565107431247_542500407374587555_n-768x768.jpg 768w, https:\/\/www.radiopiu.net\/wordpress\/wp-content\/uploads\/2023\/03\/337151681_610565107431247_542500407374587555_n.jpg 1080w\" sizes=\"auto, (max-width: 150px) 100vw, 150px\" \/><\/a>\n\t\t\t\t<\/dt><\/dl><br style=\"clear: both\" \/>\n\t\t\t<\/div>\n\n<div class=\"x11i5rnm xat24cr x1mh8g0r x1vvkbs xdj266r x126k92a\">\n<div dir=\"auto\">\u00c8 possibile impegnarsi ogni giorno in difesa di giustizia e legalit\u00e0.\u00a0 Giuseppe e Salvatore Asta con Barbara Rizzo (1979-1985, 1955-1985) Alla memoria di Barbara Rizzo \u00e8 intitolato il presidio di @libera_cadore e proprio ai gemellini Giuseppe e Salvatore Asta il 18 maggio 2018 abbiamo voluto dedicare la biblioteca della scuola secondaria di primo grado di Canale d\u2019Agordo. Peppino Impastato (1948-1978) Peppino Impastato \u00e8 uno dei nomi pi\u00f9 noti quando parliamo di lotta alla mafia, a lui \u00e8 stato intitolato il parcheggio in localit\u00e0 Tamonich ad Agordo. Giancarlo Siani (1959\u20131985) Alla memoria di Giancarlo Siani \u00e8 stata dedicata un\u2019aula della scuola secondaria di primo grado di Agordo.<\/div>\n<\/div>\n<p><strong>audio<\/strong><\/p>\n<audio class=\"wp-audio-shortcode\" id=\"audio-327675-1\" preload=\"none\" style=\"width: 100%;\" controls=\"controls\"><source type=\"audio\/mpeg\" src=\"https:\/\/www.radiopiu.net\/wordpress\/wp-content\/uploads\/2023\/03\/MARTEDI-21-PEPPINO-IMPASTATO-GIANCARLO-SIANI.mp3?_=1\" \/><a href=\"https:\/\/www.radiopiu.net\/wordpress\/wp-content\/uploads\/2023\/03\/MARTEDI-21-PEPPINO-IMPASTATO-GIANCARLO-SIANI.mp3\">https:\/\/www.radiopiu.net\/wordpress\/wp-content\/uploads\/2023\/03\/MARTEDI-21-PEPPINO-IMPASTATO-GIANCARLO-SIANI.mp3<\/a><\/audio>\n<p>&nbsp;<\/p>\n","protected":false},"excerpt":{"rendered":"<p>&nbsp; &nbsp; PUNTATA 02\u00a0\u00a0 \u00c8 possibile impegnarsi ogni giorno in difesa di giustizia e legalit\u00e0.\u00a0 Giuseppe e Salvatore Asta con Barbara Rizzo (1979-1985, 1955-1985) Alla memoria di Barbara Rizzo \u00e8 intitolato il presidio di @libera_cadore e proprio ai gemellini Giuseppe e Salvatore Asta il 18 maggio 2018 abbiamo voluto dedicare la biblioteca della scuola secondaria&hellip;<\/p>\n","protected":false},"author":4,"featured_media":327955,"comment_status":"closed","ping_status":"closed","sticky":false,"template":"","format":"standard","meta":{"_monsterinsights_skip_tracking":false,"_monsterinsights_sitenote_active":false,"_monsterinsights_sitenote_note":"","_monsterinsights_sitenote_category":0,"footnotes":""},"categories":[49],"tags":[],"class_list":["post-327675","post","type-post","status-publish","format-standard","has-post-thumbnail","hentry","category-news-18","category-49","description-off"],"img_url":"https:\/\/www.radiopiu.net\/wordpress\/wp-content\/uploads\/2023\/03\/337151203_2181099678945107_3705236152476855004_n.jpg","_links":{"self":[{"href":"https:\/\/www.radiopiu.net\/wordpress\/wp-json\/wp\/v2\/posts\/327675","targetHints":{"allow":["GET"]}}],"collection":[{"href":"https:\/\/www.radiopiu.net\/wordpress\/wp-json\/wp\/v2\/posts"}],"about":[{"href":"https:\/\/www.radiopiu.net\/wordpress\/wp-json\/wp\/v2\/types\/post"}],"author":[{"embeddable":true,"href":"https:\/\/www.radiopiu.net\/wordpress\/wp-json\/wp\/v2\/users\/4"}],"replies":[{"embeddable":true,"href":"https:\/\/www.radiopiu.net\/wordpress\/wp-json\/wp\/v2\/comments?post=327675"}],"version-history":[{"count":0,"href":"https:\/\/www.radiopiu.net\/wordpress\/wp-json\/wp\/v2\/posts\/327675\/revisions"}],"wp:featuredmedia":[{"embeddable":true,"href":"https:\/\/www.radiopiu.net\/wordpress\/wp-json\/wp\/v2\/media\/327955"}],"wp:attachment":[{"href":"https:\/\/www.radiopiu.net\/wordpress\/wp-json\/wp\/v2\/media?parent=327675"}],"wp:term":[{"taxonomy":"category","embeddable":true,"href":"https:\/\/www.radiopiu.net\/wordpress\/wp-json\/wp\/v2\/categories?post=327675"},{"taxonomy":"post_tag","embeddable":true,"href":"https:\/\/www.radiopiu.net\/wordpress\/wp-json\/wp\/v2\/tags?post=327675"}],"curies":[{"name":"wp","href":"https:\/\/api.w.org\/{rel}","templated":true}]}}