{"id":327733,"date":"2023-03-23T05:20:15","date_gmt":"2023-03-23T04:20:15","guid":{"rendered":"https:\/\/www.radiopiu.net\/wordpress\/?p=327733"},"modified":"2023-03-23T06:51:56","modified_gmt":"2023-03-23T05:51:56","slug":"giornale-radiopiu-23-marzo-2023-direttore-mirko-mezzacasa-verso-i-40-anni-25-giugno-1983-25-giugno-2023","status":"publish","type":"post","link":"https:\/\/www.radiopiu.net\/wordpress\/giornale-radiopiu-23-marzo-2023-direttore-mirko-mezzacasa-verso-i-40-anni-25-giugno-1983-25-giugno-2023\/","title":{"rendered":"GIORNALE RADIOPIU 23 MARZO 2023 DIRETTORE MIRKO MEZZACASA&#8230;verso i 40 anni 25 giugno 1983-25 giugno 2023"},"content":{"rendered":"<h3 class=\"kvgmc6g5 cxmmr5t8 oygrvhab hcukyx3x c1et5uql\"><span style=\"color: #0000ff;\"><strong>RADIO PIU INFORMAZIONE il canale su TELEGRAM informazione di prima\u00a0 <\/strong><strong>mano e in tempo reale. iscriviti ed aiutaci a farlo conoscere\u00a0 \u00a0 <\/strong><\/span><\/h3>\n<h3 class=\"kvgmc6g5 cxmmr5t8 oygrvhab hcukyx3x c1et5uql\"><span style=\"color: #0000ff;\"><strong>\u00a0<\/strong><\/span><\/h3>\n<h3 class=\"kvgmc6g5 cxmmr5t8 oygrvhab hcukyx3x c1et5uql\"><span style=\"color: #000000;\"><strong>Ieri sera alla radio, 4 amici attorno al mixer, marco dal letto dell&#8217;influenza&#8230;ospiti in studio con Simonetta, Moreno e Mirko: Massimo Manfroi rifugio Laresei e Morgan Gnech il dj! Ospiti al telefono il presidente della Provincia Roberto Padrin, l&#8217;esperto del rally dolomiti Roberto Bona, 2 agordini &#8220;insatanati&#8221; per la 203 agordina a San Tomaso, per il taglio dei boschi.\u00a0<\/strong><\/span><\/h3>\n<h3 class=\"kvgmc6g5 cxmmr5t8 oygrvhab hcukyx3x c1et5uql\"><span style=\"color: #000000;\">\u00a0<\/span><\/h3>\n<p><iframe loading=\"lazy\" title=\"QUATTRO AMICI ATTORNO AL MIXER\" width=\"1200\" height=\"675\" src=\"https:\/\/www.youtube.com\/embed\/OlGbGL4gnzc?feature=oembed\" frameborder=\"0\" allow=\"accelerometer; autoplay; clipboard-write; encrypted-media; gyroscope; picture-in-picture; web-share\" allowfullscreen><\/iframe><\/p>\n<h3 class=\"kvgmc6g5 cxmmr5t8 oygrvhab hcukyx3x c1et5uql\"><span style=\"color: #0000ff;\"><strong>\u00a0<\/strong><\/span><\/h3>\n<h2 style=\"text-align: left;\"><span style=\"color: #ff0000;\">ISCRIVITI AL NOSTRO CANALE YOUTUBE PER SEGUIRE IN DIRETTA I PRINCIPALI PROGRAMMI DI RADIO PIU&#8217; E LE FUTURE DIRETTE IN ESTERNA. PER ISCRIVERTI <a style=\"color: #ff0000;\" href=\"https:\/\/youtube.com\/@radiopiu1527\">CLICCA QUI<\/a> E PREMI IL TASTO &#8220;Iscriviti&#8221;\u00a0<\/span><\/h2>\n<p>&nbsp;<\/p>\n<hr \/>\n<p>&nbsp;<\/p>\n<div>\n<blockquote>\n<h2><strong>VENERDI L&#8217;ULTIMO SALUTO A ITALO, L&#8217;AFFETTO DEGLI AMICI DELLA PROLOCO\u00a0<\/strong><\/h2>\n<\/blockquote>\n<p><strong>LAMON<\/strong> Sar\u00e0 celebrato venerd\u00ec alle 16 il funerale di Italo Todesco, il 69enne morto annegato nel lago di Senaiga domenica pomeriggio mentre stava pescando<\/p>\n<\/div>\n<blockquote>\n<h3>IL MESSAGGIO DI CORDOGLIO DELLA PROLOCO DI SOVRAMONTE<\/h3>\n<\/blockquote>\n<div>\n<p><a class=\"dt-pswp-item\" href=\"https:\/\/www.radiopiu.net\/wordpress\/wp-content\/uploads\/2023\/03\/337233460_243445318119879_9132894672416871458_n.jpg\" data-dt-img-description=\"\" data-large_image_width=\"960\" data-large_image_height=\"720\"><img loading=\"lazy\" decoding=\"async\" class=\" wp-image-327970 alignleft\" src=\"https:\/\/www.radiopiu.net\/wordpress\/wp-content\/uploads\/2023\/03\/337233460_243445318119879_9132894672416871458_n-300x225.jpg\" alt=\"\" width=\"231\" height=\"173\" srcset=\"https:\/\/www.radiopiu.net\/wordpress\/wp-content\/uploads\/2023\/03\/337233460_243445318119879_9132894672416871458_n-300x225.jpg 300w, https:\/\/www.radiopiu.net\/wordpress\/wp-content\/uploads\/2023\/03\/337233460_243445318119879_9132894672416871458_n-768x576.jpg 768w, https:\/\/www.radiopiu.net\/wordpress\/wp-content\/uploads\/2023\/03\/337233460_243445318119879_9132894672416871458_n.jpg 960w\" sizes=\"auto, (max-width: 231px) 100vw, 231px\" \/><\/a>Oggi \u00e9 un giorno di profonda tristezza anche per tutti noi della Pro Loco Sovramonte, perch\u00e9 improvvisamente e in maniera tragica ci ha lasciato il nostro amico Italo Todesco. Da anni era lo spirito creativo della Serata di Mistero, con infinita fantasia sapeva creare costumi, oggetti e ambientazioni sceniche degne di rappresentazioni di altissimo valore. Sapeva inoltre interpretare con maestria personaggi indimenticabili che sono rimasti nella memoria e nel cuore di tantissime persone. Ci manca e ci mancher\u00e0 per sempre la sua grande passione per tutto quello che era fantasia e creativit\u00e0 unita al suo infinito disincanto. Che Dio lo accolga nelle schiere degli artisti perch\u00e9 Italo lo era profondamente nella sua mente e nel suo cuore.<\/p>\n<\/div>\n<p>&nbsp;<\/p>\n<hr \/>\n<p>&nbsp;<\/p>\n<blockquote>\n<h3>CIAO DIRETTORE<\/h3>\n<\/blockquote>\n<p>Ci ha lasciati il giornalista <strong>Sergio Sommacal <\/strong><strong>di anni 82 <\/strong>Ad esequie avvenute lo annunciano la moglie Diana Massimina Milone, i figli Stefania con Lorenzo, Silvano con Mariolina, Sara con Francesco e tutti gli affezionati nipoti.\u00a0 La salma sar\u00e0 cremata e le ceneri saranno tumulate nel cimitero di Cusighe.<\/p>\n<p><a class=\"dt-pswp-item\" href=\"https:\/\/www.radiopiu.net\/wordpress\/wp-content\/uploads\/2023\/03\/sommacalonline.jpg\" data-dt-img-description=\"\" data-large_image_width=\"486\" data-large_image_height=\"600\"><img loading=\"lazy\" decoding=\"async\" class=\"alignnone size-medium wp-image-327992\" src=\"https:\/\/www.radiopiu.net\/wordpress\/wp-content\/uploads\/2023\/03\/sommacalonline-243x300.jpg\" alt=\"\" width=\"243\" height=\"300\" srcset=\"https:\/\/www.radiopiu.net\/wordpress\/wp-content\/uploads\/2023\/03\/sommacalonline-243x300.jpg 243w, https:\/\/www.radiopiu.net\/wordpress\/wp-content\/uploads\/2023\/03\/sommacalonline.jpg 486w\" sizes=\"auto, (max-width: 243px) 100vw, 243px\" \/><\/a><\/p>\n<p>&nbsp;<\/p>\n<p>&nbsp;<\/p>\n<hr \/>\n<p>&nbsp;<\/p>\n<blockquote>\n<h3>LA ULSS1 IN OTTO MESI HA FATTO IL PIENO&#8230; DI PRIMARI<\/h3>\n<\/blockquote>\n<p><strong><a class=\"dt-pswp-item\" href=\"https:\/\/www.radiopiu.net\/wordpress\/wp-content\/uploads\/2023\/03\/65a63601-57ea-4879-8362-3a17c4ddbfee.jpg\" data-dt-img-description=\"\" data-large_image_width=\"1600\" data-large_image_height=\"1066\"><img loading=\"lazy\" decoding=\"async\" class=\" wp-image-327853 alignleft\" src=\"https:\/\/www.radiopiu.net\/wordpress\/wp-content\/uploads\/2023\/03\/65a63601-57ea-4879-8362-3a17c4ddbfee-300x200.jpg\" alt=\"\" width=\"272\" height=\"181\" srcset=\"https:\/\/www.radiopiu.net\/wordpress\/wp-content\/uploads\/2023\/03\/65a63601-57ea-4879-8362-3a17c4ddbfee-300x200.jpg 300w, https:\/\/www.radiopiu.net\/wordpress\/wp-content\/uploads\/2023\/03\/65a63601-57ea-4879-8362-3a17c4ddbfee-1024x682.jpg 1024w, https:\/\/www.radiopiu.net\/wordpress\/wp-content\/uploads\/2023\/03\/65a63601-57ea-4879-8362-3a17c4ddbfee-768x512.jpg 768w, https:\/\/www.radiopiu.net\/wordpress\/wp-content\/uploads\/2023\/03\/65a63601-57ea-4879-8362-3a17c4ddbfee-1536x1023.jpg 1536w, https:\/\/www.radiopiu.net\/wordpress\/wp-content\/uploads\/2023\/03\/65a63601-57ea-4879-8362-3a17c4ddbfee.jpg 1600w\" sizes=\"auto, (max-width: 272px) 100vw, 272px\" \/><\/a>BELLUNO<\/strong> Eccoli i nuovi direttori di unit\u00e0 operativa nominati dall&#8217;Ulss1. Da marzo 2021, l&#8217;attuale Direzione ha nominato 22 nuovi direttori: una squadra che vede figure di alto profilo, alcuni provenienti da altre aziende, che porteranno nuove esperienze, e alcuni formati in Ulss Dolomiti a testimonianza della valorizzazione delle risorse interne. La cosa che pi\u00f9 colpisce \u00e8 il grande entusiamo che stanno dimostrando per il nuovo percorso professionale<\/p>\n<p><strong>Francesco Minniti \u2013 direttore UOC Medicina di Agordo<\/strong><\/p>\n<p>Classe 1966, nato a San Vito al Tagliamento ma padovano di adozione, Francesco Minniti si \u00e8 laureato in Medicina e Chirurgia all\u2019Universit\u00e0 di Padova, dove ha conseguito, poi, la specializzazione in Gastroenterologia. Attualmente presta servizio all\u2019Ulss 3 Serenissima, all\u2019ospedale di Mirano, dove ricopre un incarico di alta professionalit\u00e0 come consulente epatologo e per la diagnostica ecografica. Si occupa, infatti, di <strong>epatologia<\/strong>, sia in merito alla diagnosi che ai <a class=\"dt-pswp-item\" href=\"https:\/\/www.radiopiu.net\/wordpress\/wp-content\/uploads\/2023\/03\/SCR-20230322-nunw.jpeg\" data-dt-img-description=\"\" data-large_image_width=\"1422\" data-large_image_height=\"1060\"><img loading=\"lazy\" decoding=\"async\" class=\"size-medium wp-image-327855 alignright\" src=\"https:\/\/www.radiopiu.net\/wordpress\/wp-content\/uploads\/2023\/03\/SCR-20230322-nunw-300x224.jpeg\" alt=\"\" width=\"300\" height=\"224\" srcset=\"https:\/\/www.radiopiu.net\/wordpress\/wp-content\/uploads\/2023\/03\/SCR-20230322-nunw-300x224.jpeg 300w, https:\/\/www.radiopiu.net\/wordpress\/wp-content\/uploads\/2023\/03\/SCR-20230322-nunw-1024x763.jpeg 1024w, https:\/\/www.radiopiu.net\/wordpress\/wp-content\/uploads\/2023\/03\/SCR-20230322-nunw-768x572.jpeg 768w, https:\/\/www.radiopiu.net\/wordpress\/wp-content\/uploads\/2023\/03\/SCR-20230322-nunw.jpeg 1422w\" sizes=\"auto, (max-width: 300px) 100vw, 300px\" \/><\/a>percorsi di cura, e segue per le problematiche epatologiche gli utenti del SerD. Il dottor Minniti, inoltre,\u00a0 \u00e8 esperto in <strong>ecografia interventistica<\/strong> multidistrettuale ed ha un\u2019ampia casistica di diagnostica strumentale ed interventistica di patologie internistiche. Potr\u00e0 quindi mettere a disposizione dei pazienti dell\u2019ospedale di Agordo anche questa sua particolare abilit\u00e0 nel\u2019esecuzione di ecografie e biopsie eco guidate oltre che nell\u2019esecuzione di paracentesi, toracentesi e artrocentesi. In periodo Covid ha gestito come responsabile l\u2019area Covid della Medicina dell\u2019ospedale di Mirano , collaborando e facilitando l\u2019integrazione tra le unit\u00e0 operative. Nei suoi anni di attivit\u00e0, ha maturato una solida esperienza nella gestione delle <strong>dimissioni difficili<\/strong> di pazienti anziani o fragili, organizzando percorsi extraospedalieri per la miglior cura e assistenza per ciascun paziente e per la sua famiglia.<br \/>\n<em>FOTO Stefano Gasperin,\u00a0 Giorgia Marcato, Francesco Minniti<\/em><\/p>\n<p><strong>Stefano Gasperin \u2013 Direttore U.O.C. Pronto Soccorso di Agordo<\/strong><\/p>\n<p>Classe 1971, di Feltre, il dottor Gasperin dopo la maturit\u00e0 classica al liceo Castaldi, si \u00e8 laureato in Medicina e Chirurgia all\u2019Universit\u00e0 di Padova, dove ha conseguito, poi, la specializzazione in Geriatria e Gerontologia e un master di secondo livello in medicina vascolare. E\u2019 esperto nella gestione avanzata del paziente critico adulto e pediatrico, sia medico che traumatologico, secondo gli attuali protocolli ACLS &#8211; Advanced Cardiovascular Life Support, ATLS &#8211; Advanced Trauma Life Support e PALS &#8211; Pediatric Advanced Life Support. E\u2019, infatti, istruttore ai corsi di rianimazione cardiovascolare avanzata (ACLS). Dal 2010 presta servizio al Pronto Soccorso di Feltre, dove ha maturato una solida esperienza in Medicina d\u2019Urgenza-Emergenza sia intra che extra-ospedaliera. E\u2019 esperto in ecografia, in ecografia avanzata venosa e arteriosa cos\u00ec come nel reperimento di <a class=\"dt-pswp-item\" href=\"https:\/\/www.radiopiu.net\/wordpress\/wp-content\/uploads\/2023\/03\/SCR-20230322-nsrq.jpeg\" data-dt-img-description=\"\" data-large_image_width=\"1258\" data-large_image_height=\"892\"><img loading=\"lazy\" decoding=\"async\" class=\"size-medium wp-image-327850 alignleft\" src=\"https:\/\/www.radiopiu.net\/wordpress\/wp-content\/uploads\/2023\/03\/SCR-20230322-nsrq-300x213.jpeg\" alt=\"\" width=\"300\" height=\"213\" srcset=\"https:\/\/www.radiopiu.net\/wordpress\/wp-content\/uploads\/2023\/03\/SCR-20230322-nsrq-300x213.jpeg 300w, https:\/\/www.radiopiu.net\/wordpress\/wp-content\/uploads\/2023\/03\/SCR-20230322-nsrq-1024x726.jpeg 1024w, https:\/\/www.radiopiu.net\/wordpress\/wp-content\/uploads\/2023\/03\/SCR-20230322-nsrq-768x545.jpeg 768w, https:\/\/www.radiopiu.net\/wordpress\/wp-content\/uploads\/2023\/03\/SCR-20230322-nsrq.jpeg 1258w\" sizes=\"auto, (max-width: 300px) 100vw, 300px\" \/><\/a>accessi venosi difficili con sonda ecografica e in gestione avanzata dei traumi. E\u2019, inoltre, responsabile formativo training su eventi critici per il personale infermieristico. Ha svolto, infine, vari turni come medico SUEM presso il Pronto Soccorso di Agordo e di Pieve di Cadore.<\/p>\n<p><strong>\u00a0<\/strong><\/p>\n<p>&nbsp;<\/p>\n<p>&nbsp;<\/p>\n<p><strong>FRANCESCO MINNITI, NUOVO PRIMARIO DELLA MEDICINA DI AGORDO, E STEFANO GASPERIN, NUOVO DIRETTORE DEL PRONTO SOCCORSO DI AGORDO<\/strong><\/p>\n<audio class=\"wp-audio-shortcode\" id=\"audio-327733-1\" preload=\"none\" style=\"width: 100%;\" controls=\"controls\"><source type=\"audio\/mpeg\" src=\"https:\/\/www.radiopiu.net\/wordpress\/wp-content\/uploads\/2023\/03\/NUOVI-PRIMARI-AGORDO.mp3?_=1\" \/><a href=\"https:\/\/www.radiopiu.net\/wordpress\/wp-content\/uploads\/2023\/03\/NUOVI-PRIMARI-AGORDO.mp3\">https:\/\/www.radiopiu.net\/wordpress\/wp-content\/uploads\/2023\/03\/NUOVI-PRIMARI-AGORDO.mp3<\/a><\/audio>\n<p>&nbsp;<\/p>\n<p>&nbsp;<\/p>\n<hr \/>\n<p>&nbsp;<\/p>\n<blockquote>\n<h3>OBBLIGO DI AUTORIZZAZIONE PAESAGGISTICA ANCHE PER IL TAGLIO ALBERI<\/h3>\n<\/blockquote>\n<p><strong><a class=\"dt-pswp-item\" href=\"https:\/\/www.radiopiu.net\/wordpress\/wp-content\/uploads\/2018\/11\/alberi.jpg\" data-dt-img-description=\"\" data-large_image_width=\"1280\" data-large_image_height=\"850\"><img loading=\"lazy\" decoding=\"async\" class=\" wp-image-66798 alignleft\" src=\"https:\/\/www.radiopiu.net\/wordpress\/wp-content\/uploads\/2018\/11\/alberi-300x199.jpg\" alt=\"\" width=\"152\" height=\"101\" srcset=\"https:\/\/www.radiopiu.net\/wordpress\/wp-content\/uploads\/2018\/11\/alberi-300x199.jpg 300w, https:\/\/www.radiopiu.net\/wordpress\/wp-content\/uploads\/2018\/11\/alberi-768x510.jpg 768w, https:\/\/www.radiopiu.net\/wordpress\/wp-content\/uploads\/2018\/11\/alberi-1024x680.jpg 1024w, https:\/\/www.radiopiu.net\/wordpress\/wp-content\/uploads\/2018\/11\/alberi.jpg 1280w\" sizes=\"auto, (max-width: 152px) 100vw, 152px\" \/><\/a>VENEZIA<\/strong> Un decreto del 2017 stabilisce che anche per tagliare degli alberi c&#8217;\u00e8 l&#8217;obbligo di un&#8217;autorizzazione paesaggistica. Una spesa in pi\u00f9 per i cittadini della montagna che si vedono costretti a presentare la domanda prima di iniziare l&#8217;abbattimento delle piante.<\/p>\n<p><strong>L&#8217;ASSESSORE REGIONALE GIANPAOLO BOTTACIN<\/strong><\/p>\n<audio class=\"wp-audio-shortcode\" id=\"audio-327733-2\" preload=\"none\" style=\"width: 100%;\" controls=\"controls\"><source type=\"audio\/mpeg\" src=\"https:\/\/www.radiopiu.net\/wordpress\/wp-content\/uploads\/2023\/03\/BOTTACIN-TAGLIO-ALBERI.mp3?_=2\" \/><a href=\"https:\/\/www.radiopiu.net\/wordpress\/wp-content\/uploads\/2023\/03\/BOTTACIN-TAGLIO-ALBERI.mp3\">https:\/\/www.radiopiu.net\/wordpress\/wp-content\/uploads\/2023\/03\/BOTTACIN-TAGLIO-ALBERI.mp3<\/a><\/audio>\n<p>&nbsp;<\/p>\n<p>&nbsp;<\/p>\n<hr \/>\n<p>&nbsp;<\/p>\n<blockquote>\n<h3>LUNGO LA 203 AGORDINA QUARESIMA LUNGA, FINO AL 4 AGOSTO<\/h3>\n<\/blockquote>\n<p><strong>di Gianni Santomaso<\/strong><\/p>\n<audio class=\"wp-audio-shortcode\" id=\"audio-327733-3\" preload=\"none\" style=\"width: 100%;\" controls=\"controls\"><source type=\"audio\/mpeg\" src=\"https:\/\/www.radiopiu.net\/wordpress\/wp-content\/uploads\/2023\/03\/GIANNI-STRADA-203-AGORDINA.mp3?_=3\" \/><a href=\"https:\/\/www.radiopiu.net\/wordpress\/wp-content\/uploads\/2023\/03\/GIANNI-STRADA-203-AGORDINA.mp3\">https:\/\/www.radiopiu.net\/wordpress\/wp-content\/uploads\/2023\/03\/GIANNI-STRADA-203-AGORDINA.mp3<\/a><\/audio>\n<p>&nbsp;<\/p>\n<p><strong><img loading=\"lazy\" decoding=\"async\" class=\"alignleft\" src=\"https:\/\/www.radiopiu.net\/wordpress\/wp-content\/uploads\/2023\/03\/Senza-nome-73.jpg\" width=\"206\" height=\"128\" \/>CENCENIGHE-SAN TOMASO<\/strong>\u00a0Due cantieri, due semafori, mezza carreggiata occupata dal cantiere e sar\u00e0 cos\u00ec per tutta la primavera, fino all&#8217;inizio della stagione estiva, salvo proroghe ulteriori. Lunghe pause ai semafori, peraltro non sincronizzati come documentiamo con il video. I disagi saranno notevoli verso l&#8217;Alto Agordino, in centro a Cencenighe nei momenti di maggior afflusso. Immaginiamo gi\u00e0 le lunghe code in un verso o nell&#8217;altro, soprattutto nei giorni festivi e prefestivi, una follia. Si poteva evitare, bastava ripristinare la vecchia 203 agordina danneggiata da 4 anni, chiusa dai giorni di Vaia, ideale per il transito da nord a sud anche a senso unico. Purtroppo non \u00e8 stato previsto, mancata l&#8217;occasione per il ripristino della vecchia strada, soprattutto per evitare le polemiche che a breve non mancheranno. Il sindaco di San Tomaso, Moreno De Val \u00e8 ancora pi\u00f9 chiaro.<\/p>\n<p><strong>audio<\/strong><\/p>\n<audio class=\"wp-audio-shortcode\" id=\"audio-327733-4\" preload=\"none\" style=\"width: 100%;\" controls=\"controls\"><source type=\"audio\/mpeg\" src=\"https:\/\/www.radiopiu.net\/wordpress\/wp-content\/uploads\/2023\/03\/moreno-de-val.mp3?_=4\" \/><a href=\"https:\/\/www.radiopiu.net\/wordpress\/wp-content\/uploads\/2023\/03\/moreno-de-val.mp3\">https:\/\/www.radiopiu.net\/wordpress\/wp-content\/uploads\/2023\/03\/moreno-de-val.mp3<\/a><\/audio>\n<p>&nbsp;<\/p>\n<p>E per l&#8217;emergenza? cos\u00e0 accadr\u00e0, saranno sufficienti le sirene e i lampeggianti? Anche questo \u00e8 un problema del quale sarebbe stato meglio tenerne conto<\/p>\n<p>&nbsp;<\/p>\n<p>https:\/\/www.facebook.com\/marco.baghy.1\/videos\/1536799376814751<\/p>\n<p>&nbsp;<\/p>\n\n\t\t\t<style type='text\/css'>\n\t\t\t\t#gallery-1 {\n\t\t\t\t\tmargin: auto;\n\t\t\t\t}\n\t\t\t\t#gallery-1 .gallery-item {\n\t\t\t\t\tfloat: left;\n\t\t\t\t\tmargin-top: 10px;\n\t\t\t\t\ttext-align: center;\n\t\t\t\t\twidth: 50%;\n\t\t\t\t}\n\t\t\t\t#gallery-1 img {\n\t\t\t\t\tborder: 2px solid #cfcfcf;\n\t\t\t\t}\n\t\t\t\t#gallery-1 .gallery-caption {\n\t\t\t\t\tmargin-left: 0;\n\t\t\t\t}\n\t\t\t\t\/* see gallery_shortcode() in wp-includes\/media.php *\/\n\t\t\t<\/style>\n\t\t<div id='gallery-1' class='dt-gallery-container gallery galleryid-327733 gallery-columns-2 gallery-size-medium'><dl class='gallery-item'>\n\t\t\t\t<dt class='gallery-icon portrait'>\n\t\t\t\t\t<a class=\"rollover rollover-zoom dt-pswp-item\" title=\"e14eecc6-1139-4675-9bf2-e9cec9a68826\" data-dt-img-description=\"\" data-large_image_width=\"720\" data-large_image_height=\"1280\"href='https:\/\/www.radiopiu.net\/wordpress\/wp-content\/uploads\/2023\/03\/e14eecc6-1139-4675-9bf2-e9cec9a68826.jpg'><img loading=\"lazy\" decoding=\"async\" width=\"169\" height=\"300\" src=\"https:\/\/www.radiopiu.net\/wordpress\/wp-content\/uploads\/2023\/03\/e14eecc6-1139-4675-9bf2-e9cec9a68826-169x300.jpg\" class=\"attachment-medium size-medium\" alt=\"\" srcset=\"https:\/\/www.radiopiu.net\/wordpress\/wp-content\/uploads\/2023\/03\/e14eecc6-1139-4675-9bf2-e9cec9a68826-169x300.jpg 169w, https:\/\/www.radiopiu.net\/wordpress\/wp-content\/uploads\/2023\/03\/e14eecc6-1139-4675-9bf2-e9cec9a68826-576x1024.jpg 576w, https:\/\/www.radiopiu.net\/wordpress\/wp-content\/uploads\/2023\/03\/e14eecc6-1139-4675-9bf2-e9cec9a68826.jpg 720w\" sizes=\"auto, (max-width: 169px) 100vw, 169px\" \/><\/a>\n\t\t\t\t<\/dt><\/dl><dl class='gallery-item'>\n\t\t\t\t<dt class='gallery-icon portrait'>\n\t\t\t\t\t<a class=\"rollover rollover-zoom dt-pswp-item\" title=\"d2625ac2-5181-4cb9-9331-e0758fef523f\" data-dt-img-description=\"\" data-large_image_width=\"768\" data-large_image_height=\"1024\"href='https:\/\/www.radiopiu.net\/wordpress\/wp-content\/uploads\/2023\/03\/d2625ac2-5181-4cb9-9331-e0758fef523f-1.jpg'><img loading=\"lazy\" decoding=\"async\" width=\"225\" height=\"300\" src=\"https:\/\/www.radiopiu.net\/wordpress\/wp-content\/uploads\/2023\/03\/d2625ac2-5181-4cb9-9331-e0758fef523f-1-225x300.jpg\" class=\"attachment-medium size-medium\" alt=\"\" srcset=\"https:\/\/www.radiopiu.net\/wordpress\/wp-content\/uploads\/2023\/03\/d2625ac2-5181-4cb9-9331-e0758fef523f-1-225x300.jpg 225w, https:\/\/www.radiopiu.net\/wordpress\/wp-content\/uploads\/2023\/03\/d2625ac2-5181-4cb9-9331-e0758fef523f-1.jpg 768w\" sizes=\"auto, (max-width: 225px) 100vw, 225px\" \/><\/a>\n\t\t\t\t<\/dt><\/dl><br style=\"clear: both\" \/>\n\t\t\t<\/div>\n\n<p>&nbsp;<\/p>\n<p>&nbsp;<\/p>\n<hr \/>\n<p>&nbsp;<\/p>\n<blockquote>\n<h3>L&#8217;ISTITUTO NEGRELLI SARA&#8217; TUTTO NUOVO GRAZIE AI FONDI PNRR<\/h3>\n<\/blockquote>\n<p><strong>FELTRE<\/strong><\/p>\n<p>di Moreno Gioli<\/p>\n<audio class=\"wp-audio-shortcode\" id=\"audio-327733-5\" preload=\"none\" style=\"width: 100%;\" controls=\"controls\"><source type=\"audio\/mpeg\" src=\"https:\/\/www.radiopiu.net\/wordpress\/wp-content\/uploads\/2023\/03\/itis-negrelli.mp3?_=5\" \/><a href=\"https:\/\/www.radiopiu.net\/wordpress\/wp-content\/uploads\/2023\/03\/itis-negrelli.mp3\">https:\/\/www.radiopiu.net\/wordpress\/wp-content\/uploads\/2023\/03\/itis-negrelli.mp3<\/a><\/audio>\n<p>&nbsp;<\/p>\n\n\t\t\t<style type='text\/css'>\n\t\t\t\t#gallery-2 {\n\t\t\t\t\tmargin: auto;\n\t\t\t\t}\n\t\t\t\t#gallery-2 .gallery-item {\n\t\t\t\t\tfloat: left;\n\t\t\t\t\tmargin-top: 10px;\n\t\t\t\t\ttext-align: center;\n\t\t\t\t\twidth: 33%;\n\t\t\t\t}\n\t\t\t\t#gallery-2 img {\n\t\t\t\t\tborder: 2px solid #cfcfcf;\n\t\t\t\t}\n\t\t\t\t#gallery-2 .gallery-caption {\n\t\t\t\t\tmargin-left: 0;\n\t\t\t\t}\n\t\t\t\t\/* see gallery_shortcode() in wp-includes\/media.php *\/\n\t\t\t<\/style>\n\t\t<div id='gallery-2' class='dt-gallery-container gallery galleryid-327733 gallery-columns-3 gallery-size-medium'><dl class='gallery-item'>\n\t\t\t\t<dt class='gallery-icon landscape'>\n\t\t\t\t\t<a class=\"rollover rollover-zoom dt-pswp-item\" title=\"e3701eec-9ff1-4e68-8eb9-9766c3f504b4\" data-dt-img-description=\"\" data-large_image_width=\"1500\" data-large_image_height=\"844\"href='https:\/\/www.radiopiu.net\/wordpress\/wp-content\/uploads\/2023\/03\/e3701eec-9ff1-4e68-8eb9-9766c3f504b4.jpg'><img loading=\"lazy\" decoding=\"async\" width=\"300\" height=\"169\" src=\"https:\/\/www.radiopiu.net\/wordpress\/wp-content\/uploads\/2023\/03\/e3701eec-9ff1-4e68-8eb9-9766c3f504b4-300x169.jpg\" class=\"attachment-medium size-medium\" alt=\"\" srcset=\"https:\/\/www.radiopiu.net\/wordpress\/wp-content\/uploads\/2023\/03\/e3701eec-9ff1-4e68-8eb9-9766c3f504b4-300x169.jpg 300w, https:\/\/www.radiopiu.net\/wordpress\/wp-content\/uploads\/2023\/03\/e3701eec-9ff1-4e68-8eb9-9766c3f504b4-1024x576.jpg 1024w, https:\/\/www.radiopiu.net\/wordpress\/wp-content\/uploads\/2023\/03\/e3701eec-9ff1-4e68-8eb9-9766c3f504b4-768x432.jpg 768w, https:\/\/www.radiopiu.net\/wordpress\/wp-content\/uploads\/2023\/03\/e3701eec-9ff1-4e68-8eb9-9766c3f504b4.jpg 1500w\" sizes=\"auto, (max-width: 300px) 100vw, 300px\" \/><\/a>\n\t\t\t\t<\/dt><\/dl><dl class='gallery-item'>\n\t\t\t\t<dt class='gallery-icon landscape'>\n\t\t\t\t\t<a class=\"rollover rollover-zoom dt-pswp-item\" title=\"ba6d3da8-fb0d-4958-aa02-3a45a87faaa5\" data-dt-img-description=\"\" data-large_image_width=\"1600\" data-large_image_height=\"1200\"href='https:\/\/www.radiopiu.net\/wordpress\/wp-content\/uploads\/2023\/03\/ba6d3da8-fb0d-4958-aa02-3a45a87faaa5.jpg'><img loading=\"lazy\" decoding=\"async\" width=\"300\" height=\"225\" src=\"https:\/\/www.radiopiu.net\/wordpress\/wp-content\/uploads\/2023\/03\/ba6d3da8-fb0d-4958-aa02-3a45a87faaa5-300x225.jpg\" class=\"attachment-medium size-medium\" alt=\"\" srcset=\"https:\/\/www.radiopiu.net\/wordpress\/wp-content\/uploads\/2023\/03\/ba6d3da8-fb0d-4958-aa02-3a45a87faaa5-300x225.jpg 300w, https:\/\/www.radiopiu.net\/wordpress\/wp-content\/uploads\/2023\/03\/ba6d3da8-fb0d-4958-aa02-3a45a87faaa5-1024x768.jpg 1024w, https:\/\/www.radiopiu.net\/wordpress\/wp-content\/uploads\/2023\/03\/ba6d3da8-fb0d-4958-aa02-3a45a87faaa5-768x576.jpg 768w, https:\/\/www.radiopiu.net\/wordpress\/wp-content\/uploads\/2023\/03\/ba6d3da8-fb0d-4958-aa02-3a45a87faaa5-1536x1152.jpg 1536w, https:\/\/www.radiopiu.net\/wordpress\/wp-content\/uploads\/2023\/03\/ba6d3da8-fb0d-4958-aa02-3a45a87faaa5.jpg 1600w\" sizes=\"auto, (max-width: 300px) 100vw, 300px\" \/><\/a>\n\t\t\t\t<\/dt><\/dl><dl class='gallery-item'>\n\t\t\t\t<dt class='gallery-icon landscape'>\n\t\t\t\t\t<a class=\"rollover rollover-zoom dt-pswp-item\" title=\"9568a6d9-f9c2-4d14-90e3-68ce3edef513\" data-dt-img-description=\"\" data-large_image_width=\"1600\" data-large_image_height=\"1200\"href='https:\/\/www.radiopiu.net\/wordpress\/wp-content\/uploads\/2023\/03\/9568a6d9-f9c2-4d14-90e3-68ce3edef513.jpg'><img loading=\"lazy\" decoding=\"async\" width=\"300\" height=\"225\" src=\"https:\/\/www.radiopiu.net\/wordpress\/wp-content\/uploads\/2023\/03\/9568a6d9-f9c2-4d14-90e3-68ce3edef513-300x225.jpg\" class=\"attachment-medium size-medium\" alt=\"\" srcset=\"https:\/\/www.radiopiu.net\/wordpress\/wp-content\/uploads\/2023\/03\/9568a6d9-f9c2-4d14-90e3-68ce3edef513-300x225.jpg 300w, https:\/\/www.radiopiu.net\/wordpress\/wp-content\/uploads\/2023\/03\/9568a6d9-f9c2-4d14-90e3-68ce3edef513-1024x768.jpg 1024w, https:\/\/www.radiopiu.net\/wordpress\/wp-content\/uploads\/2023\/03\/9568a6d9-f9c2-4d14-90e3-68ce3edef513-768x576.jpg 768w, https:\/\/www.radiopiu.net\/wordpress\/wp-content\/uploads\/2023\/03\/9568a6d9-f9c2-4d14-90e3-68ce3edef513-1536x1152.jpg 1536w, https:\/\/www.radiopiu.net\/wordpress\/wp-content\/uploads\/2023\/03\/9568a6d9-f9c2-4d14-90e3-68ce3edef513.jpg 1600w\" sizes=\"auto, (max-width: 300px) 100vw, 300px\" \/><\/a>\n\t\t\t\t<\/dt><\/dl><br style=\"clear: both\" \/>\n\t\t\t<\/div>\n\n<p>&nbsp;<\/p>\n<p>&nbsp;<\/p>\n<hr \/>\n<p>&nbsp;<\/p>\n<blockquote>\n<h3>OLTRE 13 MILIONI DI EURO AI COMUNI CONFINANTI CON IL FRIULI VENEZIA GIULIA<\/h3>\n<\/blockquote>\n<p><strong><a class=\"dt-pswp-item\" href=\"https:\/\/www.radiopiu.net\/wordpress\/wp-content\/uploads\/2020\/06\/vista-frontale-dei-soldi-della-holding-della-persona_23-2148547912.jpg\" data-dt-img-description=\"\" data-large_image_width=\"626\" data-large_image_height=\"469\"><img loading=\"lazy\" decoding=\"async\" class=\" wp-image-146655 alignleft\" src=\"https:\/\/www.radiopiu.net\/wordpress\/wp-content\/uploads\/2020\/06\/vista-frontale-dei-soldi-della-holding-della-persona_23-2148547912-300x225.jpg\" alt=\"\" width=\"136\" height=\"102\" srcset=\"https:\/\/www.radiopiu.net\/wordpress\/wp-content\/uploads\/2020\/06\/vista-frontale-dei-soldi-della-holding-della-persona_23-2148547912-300x225.jpg 300w, https:\/\/www.radiopiu.net\/wordpress\/wp-content\/uploads\/2020\/06\/vista-frontale-dei-soldi-della-holding-della-persona_23-2148547912.jpg 626w\" sizes=\"auto, (max-width: 136px) 100vw, 136px\" \/><\/a>ROMA<\/strong> Grazie al lavoro del ministro Calderoli sono in arrivo 13.363.981 di euro per i 27 comuni veneti di confine. Parliamo di 477mila euro per Alpago, Annone Veneto, Chies d\u2019Alpago, Cinto Caomaggiore, Cordignano, Domegge di Cadore, Fossalta di Portogruaro, Fregona, Gaiarine, Gorgo al Monticano, Gruaro, Lorenzago di Cadore, Mansu\u00e8, Meduna di Livenza, Ospitale di Cadore, Perarolo di Cadore, Pieve di Cadore, Portobuffol\u00e8, Pramaggiore, San Michele al Tagliamento, Santo Stefano di Cadore, Sarmede, Soverzene, Tambre, Teglio Veneto, Vigo di Cadore e 954mila euro per Longarone. Contributi preziosi per i nostri territori<\/p>\n<p>&nbsp;<\/p>\n<p>&nbsp;<\/p>\n<p>&nbsp;<\/p>\n<hr \/>\n<p>&nbsp;<\/p>\n<blockquote>\n<h3>LA MAGGIORANZA DECIDE PER LA FUSIONE DI BIM GSP CON BIM BELLUNO INFRASTRUTTURE<\/h3>\n<\/blockquote>\n<p><strong><a class=\"dt-pswp-item\" href=\"https:\/\/www.radiopiu.net\/wordpress\/wp-content\/uploads\/2023\/03\/IMG_20230322_162806.jpg\" data-dt-img-description=\"\" data-large_image_width=\"1134\" data-large_image_height=\"850\"><img loading=\"lazy\" decoding=\"async\" class=\" wp-image-327896 alignleft\" src=\"https:\/\/www.radiopiu.net\/wordpress\/wp-content\/uploads\/2023\/03\/IMG_20230322_162806-300x225.jpg\" alt=\"\" width=\"193\" height=\"145\" srcset=\"https:\/\/www.radiopiu.net\/wordpress\/wp-content\/uploads\/2023\/03\/IMG_20230322_162806-300x225.jpg 300w, https:\/\/www.radiopiu.net\/wordpress\/wp-content\/uploads\/2023\/03\/IMG_20230322_162806-1024x768.jpg 1024w, https:\/\/www.radiopiu.net\/wordpress\/wp-content\/uploads\/2023\/03\/IMG_20230322_162806-768x576.jpg 768w, https:\/\/www.radiopiu.net\/wordpress\/wp-content\/uploads\/2023\/03\/IMG_20230322_162806.jpg 1134w\" sizes=\"auto, (max-width: 193px) 100vw, 193px\" \/><\/a>BELLUNO <\/strong>La fusione tra Bim Gsp e Bim Belluno Infrastrutture si far\u00e0. Lo hanno deciso, a maggioranza, i soci delle due societ\u00e0, riuniti in assemblea nella sala congressi del Park Hotel Villa Carpenada di Belluno per la valutazione dell\u2019operazione di fusione. Gli stessi hanno dato mandato ai vertici delle due societ\u00e0 di avviare l\u2019iter formale che porter\u00e0, entro la fine del 2023, all\u2019incorporazione di Bim Infrastrutture all\u2019interno di Bim Gsp.<\/p>\n<p>&nbsp;<\/p>\n<p>&nbsp;<\/p>\n<p>&nbsp;<\/p>\n<hr \/>\n<p>&nbsp;<\/p>\n<blockquote>\n<h3>SINDACATI DEI MILITARI, A BELLUNO LA PRIMA TAPPA VENETA DEL TOUR \u201cSAM IN MOVIMENTO\u201d<\/h3>\n<\/blockquote>\n<p><strong><a class=\"dt-pswp-item\" href=\"https:\/\/www.radiopiu.net\/wordpress\/wp-content\/uploads\/2023\/03\/e901d166-c576-497c-a532-73167f21d3dc.jpg\" data-dt-img-description=\"\" data-large_image_width=\"1190\" data-large_image_height=\"669\"><img loading=\"lazy\" decoding=\"async\" class=\" wp-image-327880 alignleft\" src=\"https:\/\/www.radiopiu.net\/wordpress\/wp-content\/uploads\/2023\/03\/e901d166-c576-497c-a532-73167f21d3dc-300x169.jpg\" alt=\"\" width=\"202\" height=\"114\" srcset=\"https:\/\/www.radiopiu.net\/wordpress\/wp-content\/uploads\/2023\/03\/e901d166-c576-497c-a532-73167f21d3dc-300x169.jpg 300w, https:\/\/www.radiopiu.net\/wordpress\/wp-content\/uploads\/2023\/03\/e901d166-c576-497c-a532-73167f21d3dc-1024x576.jpg 1024w, https:\/\/www.radiopiu.net\/wordpress\/wp-content\/uploads\/2023\/03\/e901d166-c576-497c-a532-73167f21d3dc-768x432.jpg 768w, https:\/\/www.radiopiu.net\/wordpress\/wp-content\/uploads\/2023\/03\/e901d166-c576-497c-a532-73167f21d3dc.jpg 1190w\" sizes=\"auto, (max-width: 202px) 100vw, 202px\" \/><\/a>BELLUNO<\/strong> Ha toccato anche Belluno il tour \u201cSAM in movimento\u201d, il ciclo di assemblee nelle caserme italiane del neonato Sindacato Autonomo dei Militari, che ha incontrato gli uomini del Settimo Reggimento Alpini.<\/p>\n<p><strong>di Daniele Dalvit<\/strong><\/p>\n<audio class=\"wp-audio-shortcode\" id=\"audio-327733-6\" preload=\"none\" style=\"width: 100%;\" controls=\"controls\"><source type=\"audio\/mpeg\" src=\"https:\/\/www.radiopiu.net\/wordpress\/wp-content\/uploads\/2023\/03\/DALVIT-SINDACATO-MILITARI.mp3?_=6\" \/><a href=\"https:\/\/www.radiopiu.net\/wordpress\/wp-content\/uploads\/2023\/03\/DALVIT-SINDACATO-MILITARI.mp3\">https:\/\/www.radiopiu.net\/wordpress\/wp-content\/uploads\/2023\/03\/DALVIT-SINDACATO-MILITARI.mp3<\/a><\/audio>\n<p>&nbsp;<\/p>\n<p>&nbsp;<\/p>\n<hr \/>\n<p>&nbsp;<\/p>\n<blockquote>\n<h3>SABATO ASSEMBLEA ANNUALE DEL BARD<\/h3>\n<\/blockquote>\n<p><strong><a class=\"dt-pswp-item\" href=\"https:\/\/www.radiopiu.net\/wordpress\/wp-content\/uploads\/2021\/10\/Andrea-Bona-BARD.jpg\" data-dt-img-description=\"\" data-large_image_width=\"1024\" data-large_image_height=\"809\"><img loading=\"lazy\" decoding=\"async\" class=\" wp-image-235612 alignleft\" src=\"https:\/\/www.radiopiu.net\/wordpress\/wp-content\/uploads\/2021\/10\/Andrea-Bona-BARD-300x237.jpg\" alt=\"\" width=\"177\" height=\"140\" srcset=\"https:\/\/www.radiopiu.net\/wordpress\/wp-content\/uploads\/2021\/10\/Andrea-Bona-BARD-300x237.jpg 300w, https:\/\/www.radiopiu.net\/wordpress\/wp-content\/uploads\/2021\/10\/Andrea-Bona-BARD-768x607.jpg 768w, https:\/\/www.radiopiu.net\/wordpress\/wp-content\/uploads\/2021\/10\/Andrea-Bona-BARD.jpg 1024w\" sizes=\"auto, (max-width: 177px) 100vw, 177px\" \/><\/a>BELLUNO <\/strong>Si terr\u00e0 sabato alle 16.00, l&#8217;assemblea annuale del Movimento BARD &#8211; Belluno Autonoma Regione Dolomiti alla Birreria Pedavena ed \u00e8 aperta ai soli iscritti al movimento. Alle 17.30, l&#8217;incontro pubblico sul tema \u201cTransizione e autonomia energetica. Quale futuro?\u201d:<\/p>\n<p>&nbsp;<\/p>\n<p><strong>IL PRESIDENTE DEL BARD ANDREA BONA <\/strong><\/p>\n<audio class=\"wp-audio-shortcode\" id=\"audio-327733-7\" preload=\"none\" style=\"width: 100%;\" controls=\"controls\"><source type=\"audio\/mpeg\" src=\"https:\/\/www.radiopiu.net\/wordpress\/wp-content\/uploads\/2023\/03\/Andrea-Bona-Presidente-Bard-Assemblea-2023-e-convegno-energia.mp3?_=7\" \/><a href=\"https:\/\/www.radiopiu.net\/wordpress\/wp-content\/uploads\/2023\/03\/Andrea-Bona-Presidente-Bard-Assemblea-2023-e-convegno-energia.mp3\">https:\/\/www.radiopiu.net\/wordpress\/wp-content\/uploads\/2023\/03\/Andrea-Bona-Presidente-Bard-Assemblea-2023-e-convegno-energia.mp3<\/a><\/audio>\n<p>&nbsp;<\/p>\n<p>&nbsp;<\/p>\n<hr \/>\n<p>&nbsp;<\/p>\n<blockquote>\n<h3>IL CAMPIONE DI SUPERBIKE AXEL BASSANI FA VISITA ALLA SCUOLA DI SEREN DEL GRAPPA<\/h3>\n<\/blockquote>\n<p><strong>SEREN DEL GRAPPA<\/strong> Una giornata che si pu\u00f2 definire a tutta velocit\u00e0 per i ragazzi del nostro istituto scolastico che oggi hanno avuto la fortunata occasione di incontrare Axel Bassani. Il campione di Superbike, di origini serenesi, ha fatto visita ai bambini dalla prima alla quarta elementare nelle loro classi sottoponendosi volentieri alle loro curiosit\u00e0 e ha poi incontrato quelli di quinta e delle medie in palestra. &#8220;Grazie ad Axel per la sua disponibilit\u00e0 e simpatia ed un grosso in bocca al lupo per la stagione su due ruote 2023 che lo ha gi\u00e0 visto grande protagonista &#8211; dice il sindaco di Seren Del Grappa Dario Scopel &#8211; Un bell&#8217;esempio di come con lavoro, impegno e determinazione si possano raggiungere grandi risultati&#8221;.<\/p>\n\n\t\t\t<style type='text\/css'>\n\t\t\t\t#gallery-3 {\n\t\t\t\t\tmargin: auto;\n\t\t\t\t}\n\t\t\t\t#gallery-3 .gallery-item {\n\t\t\t\t\tfloat: left;\n\t\t\t\t\tmargin-top: 10px;\n\t\t\t\t\ttext-align: center;\n\t\t\t\t\twidth: 50%;\n\t\t\t\t}\n\t\t\t\t#gallery-3 img {\n\t\t\t\t\tborder: 2px solid #cfcfcf;\n\t\t\t\t}\n\t\t\t\t#gallery-3 .gallery-caption {\n\t\t\t\t\tmargin-left: 0;\n\t\t\t\t}\n\t\t\t\t\/* see gallery_shortcode() in wp-includes\/media.php *\/\n\t\t\t<\/style>\n\t\t<div id='gallery-3' class='dt-gallery-container gallery galleryid-327733 gallery-columns-2 gallery-size-medium'><dl class='gallery-item'>\n\t\t\t\t<dt class='gallery-icon landscape'>\n\t\t\t\t\t<a class=\"rollover rollover-zoom dt-pswp-item\" title=\"be04292d-44fd-4fa4-96bd-7d45b739c511\" data-dt-img-description=\"\" data-large_image_width=\"1600\" data-large_image_height=\"900\"href='https:\/\/www.radiopiu.net\/wordpress\/wp-content\/uploads\/2023\/03\/be04292d-44fd-4fa4-96bd-7d45b739c511.jpg'><img loading=\"lazy\" decoding=\"async\" width=\"300\" height=\"169\" src=\"https:\/\/www.radiopiu.net\/wordpress\/wp-content\/uploads\/2023\/03\/be04292d-44fd-4fa4-96bd-7d45b739c511-300x169.jpg\" class=\"attachment-medium size-medium\" alt=\"\" srcset=\"https:\/\/www.radiopiu.net\/wordpress\/wp-content\/uploads\/2023\/03\/be04292d-44fd-4fa4-96bd-7d45b739c511-300x169.jpg 300w, https:\/\/www.radiopiu.net\/wordpress\/wp-content\/uploads\/2023\/03\/be04292d-44fd-4fa4-96bd-7d45b739c511-1024x576.jpg 1024w, https:\/\/www.radiopiu.net\/wordpress\/wp-content\/uploads\/2023\/03\/be04292d-44fd-4fa4-96bd-7d45b739c511-768x432.jpg 768w, https:\/\/www.radiopiu.net\/wordpress\/wp-content\/uploads\/2023\/03\/be04292d-44fd-4fa4-96bd-7d45b739c511-1536x864.jpg 1536w, https:\/\/www.radiopiu.net\/wordpress\/wp-content\/uploads\/2023\/03\/be04292d-44fd-4fa4-96bd-7d45b739c511.jpg 1600w\" sizes=\"auto, (max-width: 300px) 100vw, 300px\" \/><\/a>\n\t\t\t\t<\/dt><\/dl><dl class='gallery-item'>\n\t\t\t\t<dt class='gallery-icon landscape'>\n\t\t\t\t\t<a class=\"rollover rollover-zoom dt-pswp-item\" title=\"71569bfd-bb32-4d75-9365-dff8de4f7054\" data-dt-img-description=\"\" data-large_image_width=\"1600\" data-large_image_height=\"900\"href='https:\/\/www.radiopiu.net\/wordpress\/wp-content\/uploads\/2023\/03\/71569bfd-bb32-4d75-9365-dff8de4f7054.jpg'><img loading=\"lazy\" decoding=\"async\" width=\"300\" height=\"169\" src=\"https:\/\/www.radiopiu.net\/wordpress\/wp-content\/uploads\/2023\/03\/71569bfd-bb32-4d75-9365-dff8de4f7054-300x169.jpg\" class=\"attachment-medium size-medium\" alt=\"\" srcset=\"https:\/\/www.radiopiu.net\/wordpress\/wp-content\/uploads\/2023\/03\/71569bfd-bb32-4d75-9365-dff8de4f7054-300x169.jpg 300w, https:\/\/www.radiopiu.net\/wordpress\/wp-content\/uploads\/2023\/03\/71569bfd-bb32-4d75-9365-dff8de4f7054-1024x576.jpg 1024w, https:\/\/www.radiopiu.net\/wordpress\/wp-content\/uploads\/2023\/03\/71569bfd-bb32-4d75-9365-dff8de4f7054-768x432.jpg 768w, https:\/\/www.radiopiu.net\/wordpress\/wp-content\/uploads\/2023\/03\/71569bfd-bb32-4d75-9365-dff8de4f7054-1536x864.jpg 1536w, https:\/\/www.radiopiu.net\/wordpress\/wp-content\/uploads\/2023\/03\/71569bfd-bb32-4d75-9365-dff8de4f7054.jpg 1600w\" sizes=\"auto, (max-width: 300px) 100vw, 300px\" \/><\/a>\n\t\t\t\t<\/dt><\/dl><br style=\"clear: both\" \/>\n\t\t\t<\/div>\n\n<p>&nbsp;<\/p>\n<p>&nbsp;<\/p>\n<hr \/>\n<p>&nbsp;<\/p>\n<blockquote>\n<h3>UN DEFIBRILLATORE ED UN\u2019IDROVORA: L\u2019ASSOCIAZIONE EMANUELE IN CAMPO PER IL SOCIALE<\/h3>\n<\/blockquote>\n<p><strong><a class=\"dt-pswp-item\" href=\"https:\/\/www.radiopiu.net\/wordpress\/wp-content\/uploads\/2021\/07\/DEFIBRILLATORE.jpg\" data-dt-img-description=\"\" data-large_image_width=\"1920\" data-large_image_height=\"1280\"><img loading=\"lazy\" decoding=\"async\" class=\" wp-image-224656 alignleft\" src=\"https:\/\/www.radiopiu.net\/wordpress\/wp-content\/uploads\/2021\/07\/DEFIBRILLATORE-300x200.jpg\" alt=\"\" width=\"194\" height=\"129\" srcset=\"https:\/\/www.radiopiu.net\/wordpress\/wp-content\/uploads\/2021\/07\/DEFIBRILLATORE-300x200.jpg 300w, https:\/\/www.radiopiu.net\/wordpress\/wp-content\/uploads\/2021\/07\/DEFIBRILLATORE-1024x683.jpg 1024w, https:\/\/www.radiopiu.net\/wordpress\/wp-content\/uploads\/2021\/07\/DEFIBRILLATORE-768x512.jpg 768w, https:\/\/www.radiopiu.net\/wordpress\/wp-content\/uploads\/2021\/07\/DEFIBRILLATORE-1536x1024.jpg 1536w, https:\/\/www.radiopiu.net\/wordpress\/wp-content\/uploads\/2021\/07\/DEFIBRILLATORE.jpg 1920w\" sizes=\"auto, (max-width: 194px) 100vw, 194px\" \/><\/a>LIMANA <\/strong>Si svolger\u00e0 marted\u00ec alle 18:00 al Municipio di Limana, l\u2019inaugurazione di un defibrillatore e di un\u2019idrovora per la Protezione Civile donati dall\u2019Associazione Emanuele \u2013 Un micro aiuto alla comunit\u00e0 limanese.\u00a0 Il primo fu donato all\u2019Amministrazione comunale alcuni anni or sono, ma l\u2019arrivo della pandemia ha poi impedito di dare il giusto risalto alla lodevole iniziativa; la seconda \u00e8 stata regalata alla squadra di protezione civile comunale lo scorso anno. Ma non sar\u00e0 un semplice \u201ctaglio del nastro\u201d. Infatti all&#8217;inaugurazione vera e propria seguir\u00e0 una conferenza curata dal dott. Mauro Fantinel, dirigente responsabile del reparto di cardiologia presso l\u2019ospedale di Feltre dal titolo \u201cDefibrillatore: funzione sociale e normativa di riferimento\u201d.<\/p>\n<p>&nbsp;<\/p>\n<p>&nbsp;<\/p>\n<hr \/>\n<p>&nbsp;<\/p>\n<blockquote>\n<h3>MEDICINA DI GRUPPO DI FELTRE: DA LUNEDI AL PADIGLIONE GAGGIA<\/h3>\n<\/blockquote>\n<p><strong><a class=\"dt-pswp-item\" href=\"https:\/\/www.radiopiu.net\/wordpress\/wp-content\/uploads\/2023\/03\/Unknown.jpeg\" data-dt-img-description=\"\" data-large_image_width=\"1920\" data-large_image_height=\"1080\"><img loading=\"lazy\" decoding=\"async\" class=\" wp-image-327921 alignleft\" src=\"https:\/\/www.radiopiu.net\/wordpress\/wp-content\/uploads\/2023\/03\/Unknown-300x169.jpeg\" alt=\"\" width=\"188\" height=\"106\" srcset=\"https:\/\/www.radiopiu.net\/wordpress\/wp-content\/uploads\/2023\/03\/Unknown-300x169.jpeg 300w, https:\/\/www.radiopiu.net\/wordpress\/wp-content\/uploads\/2023\/03\/Unknown-1024x576.jpeg 1024w, https:\/\/www.radiopiu.net\/wordpress\/wp-content\/uploads\/2023\/03\/Unknown-768x432.jpeg 768w, https:\/\/www.radiopiu.net\/wordpress\/wp-content\/uploads\/2023\/03\/Unknown-1536x864.jpeg 1536w, https:\/\/www.radiopiu.net\/wordpress\/wp-content\/uploads\/2023\/03\/Unknown.jpeg 1920w\" sizes=\"auto, (max-width: 188px) 100vw, 188px\" \/><\/a>FELTRE <\/strong>Sono stati avviati i lavori di adeguamento della ex Casa di Cura Bellati previsti dal Piano Nazionale Ripresa e Resilienza. Proprio in quella sede, infatti, sar\u00e0 allocata la Casa della Comunit\u00e0 hub del feltrino, rispondendo alle direttive del Decreto Ministeriale 77 che prevede un rafforzamento dei servizi territoriali. Per consentire ai lavori di proseguire celermente l&#8217;Ulss1 ha definito un piano di trasferimento temporaneo dei servizi che trovano sede in Via Marconi, prima tra tutte la Medicina di Gruppo Integrata Vallata Feltrina (ex UTAP), che, con i suoi 9 Medici di Medicina Generale ed il servizio infermieristico e di segreteria, offre assistenza primaria a circa 15.000 residenti.<\/p>\n<p>&nbsp;<\/p>\n<p>&nbsp;<\/p>\n<hr \/>\n<p>&nbsp;<\/p>\n<p><strong>DI TIZIANO DE COL\u00a0<\/strong><\/p>\n\n\t\t\t<style type='text\/css'>\n\t\t\t\t#gallery-4 {\n\t\t\t\t\tmargin: auto;\n\t\t\t\t}\n\t\t\t\t#gallery-4 .gallery-item {\n\t\t\t\t\tfloat: left;\n\t\t\t\t\tmargin-top: 10px;\n\t\t\t\t\ttext-align: center;\n\t\t\t\t\twidth: 25%;\n\t\t\t\t}\n\t\t\t\t#gallery-4 img {\n\t\t\t\t\tborder: 2px solid #cfcfcf;\n\t\t\t\t}\n\t\t\t\t#gallery-4 .gallery-caption {\n\t\t\t\t\tmargin-left: 0;\n\t\t\t\t}\n\t\t\t\t\/* see gallery_shortcode() in wp-includes\/media.php *\/\n\t\t\t<\/style>\n\t\t<div id='gallery-4' class='dt-gallery-container gallery galleryid-327733 gallery-columns-4 gallery-size-medium'><dl class='gallery-item'>\n\t\t\t\t<dt class='gallery-icon landscape'>\n\t\t\t\t\t<a class=\"rollover rollover-zoom dt-pswp-item\" title=\"7e107dd1-3b8d-4526-870e-ac1ee59c2046\" data-dt-img-description=\"\" data-large_image_width=\"594\" data-large_image_height=\"347\"href='https:\/\/www.radiopiu.net\/wordpress\/wp-content\/uploads\/2023\/03\/7e107dd1-3b8d-4526-870e-ac1ee59c2046.jpg'><img loading=\"lazy\" decoding=\"async\" width=\"300\" height=\"175\" src=\"https:\/\/www.radiopiu.net\/wordpress\/wp-content\/uploads\/2023\/03\/7e107dd1-3b8d-4526-870e-ac1ee59c2046-300x175.jpg\" class=\"attachment-medium size-medium\" alt=\"\" srcset=\"https:\/\/www.radiopiu.net\/wordpress\/wp-content\/uploads\/2023\/03\/7e107dd1-3b8d-4526-870e-ac1ee59c2046-300x175.jpg 300w, https:\/\/www.radiopiu.net\/wordpress\/wp-content\/uploads\/2023\/03\/7e107dd1-3b8d-4526-870e-ac1ee59c2046.jpg 594w\" sizes=\"auto, (max-width: 300px) 100vw, 300px\" \/><\/a>\n\t\t\t\t<\/dt><\/dl><dl class='gallery-item'>\n\t\t\t\t<dt class='gallery-icon landscape'>\n\t\t\t\t\t<a class=\"rollover rollover-zoom dt-pswp-item\" title=\"aa6a0482-399e-4207-a787-1144db88077e\" data-dt-img-description=\"\" data-large_image_width=\"606\" data-large_image_height=\"353\"href='https:\/\/www.radiopiu.net\/wordpress\/wp-content\/uploads\/2023\/03\/aa6a0482-399e-4207-a787-1144db88077e.jpg'><img loading=\"lazy\" decoding=\"async\" width=\"300\" height=\"175\" src=\"https:\/\/www.radiopiu.net\/wordpress\/wp-content\/uploads\/2023\/03\/aa6a0482-399e-4207-a787-1144db88077e-300x175.jpg\" class=\"attachment-medium size-medium\" alt=\"\" srcset=\"https:\/\/www.radiopiu.net\/wordpress\/wp-content\/uploads\/2023\/03\/aa6a0482-399e-4207-a787-1144db88077e-300x175.jpg 300w, https:\/\/www.radiopiu.net\/wordpress\/wp-content\/uploads\/2023\/03\/aa6a0482-399e-4207-a787-1144db88077e.jpg 606w\" sizes=\"auto, (max-width: 300px) 100vw, 300px\" \/><\/a>\n\t\t\t\t<\/dt><\/dl><dl class='gallery-item'>\n\t\t\t\t<dt class='gallery-icon landscape'>\n\t\t\t\t\t<a class=\"rollover rollover-zoom dt-pswp-item\" title=\"ffb93182-b55a-45cb-9cbc-212e61a4e280\" data-dt-img-description=\"\" data-large_image_width=\"606\" data-large_image_height=\"357\"href='https:\/\/www.radiopiu.net\/wordpress\/wp-content\/uploads\/2023\/03\/ffb93182-b55a-45cb-9cbc-212e61a4e280.jpg'><img loading=\"lazy\" decoding=\"async\" width=\"300\" height=\"177\" src=\"https:\/\/www.radiopiu.net\/wordpress\/wp-content\/uploads\/2023\/03\/ffb93182-b55a-45cb-9cbc-212e61a4e280-300x177.jpg\" class=\"attachment-medium size-medium\" alt=\"\" srcset=\"https:\/\/www.radiopiu.net\/wordpress\/wp-content\/uploads\/2023\/03\/ffb93182-b55a-45cb-9cbc-212e61a4e280-300x177.jpg 300w, https:\/\/www.radiopiu.net\/wordpress\/wp-content\/uploads\/2023\/03\/ffb93182-b55a-45cb-9cbc-212e61a4e280.jpg 606w\" sizes=\"auto, (max-width: 300px) 100vw, 300px\" \/><\/a>\n\t\t\t\t<\/dt><\/dl><dl class='gallery-item'>\n\t\t\t\t<dt class='gallery-icon landscape'>\n\t\t\t\t\t<a class=\"rollover rollover-zoom dt-pswp-item\" title=\"d1d4fdd5-0472-4e12-9c69-2977c270dce1\" data-dt-img-description=\"\" data-large_image_width=\"606\" data-large_image_height=\"352\"href='https:\/\/www.radiopiu.net\/wordpress\/wp-content\/uploads\/2023\/03\/d1d4fdd5-0472-4e12-9c69-2977c270dce1.jpg'><img loading=\"lazy\" decoding=\"async\" width=\"300\" height=\"174\" src=\"https:\/\/www.radiopiu.net\/wordpress\/wp-content\/uploads\/2023\/03\/d1d4fdd5-0472-4e12-9c69-2977c270dce1-300x174.jpg\" class=\"attachment-medium size-medium\" alt=\"\" srcset=\"https:\/\/www.radiopiu.net\/wordpress\/wp-content\/uploads\/2023\/03\/d1d4fdd5-0472-4e12-9c69-2977c270dce1-300x174.jpg 300w, https:\/\/www.radiopiu.net\/wordpress\/wp-content\/uploads\/2023\/03\/d1d4fdd5-0472-4e12-9c69-2977c270dce1.jpg 606w\" sizes=\"auto, (max-width: 300px) 100vw, 300px\" \/><\/a>\n\t\t\t\t<\/dt><\/dl><br style=\"clear: both\" \/>\n\t\t\t<\/div>\n\n<p>&nbsp;<\/p>\n<hr \/>\n<p>&nbsp;<\/p>\n<blockquote>\n<h3>IERI LA GIORNATA MONDIALE DELL&#8217;ACQUA. IL PUNTO DELL&#8217;ULSS 1 DOLOMITI<\/h3>\n<\/blockquote>\n<p><strong><a class=\"dt-pswp-item\" href=\"https:\/\/www.radiopiu.net\/wordpress\/wp-content\/uploads\/2021\/03\/BICCHIERE-ACQUA.jpg\" data-dt-img-description=\"\" data-large_image_width=\"1920\" data-large_image_height=\"1280\"><img loading=\"lazy\" decoding=\"async\" class=\" wp-image-197762 alignleft\" src=\"https:\/\/www.radiopiu.net\/wordpress\/wp-content\/uploads\/2021\/03\/BICCHIERE-ACQUA-300x200.jpg\" alt=\"\" width=\"153\" height=\"102\" srcset=\"https:\/\/www.radiopiu.net\/wordpress\/wp-content\/uploads\/2021\/03\/BICCHIERE-ACQUA-300x200.jpg 300w, https:\/\/www.radiopiu.net\/wordpress\/wp-content\/uploads\/2021\/03\/BICCHIERE-ACQUA-1024x683.jpg 1024w, https:\/\/www.radiopiu.net\/wordpress\/wp-content\/uploads\/2021\/03\/BICCHIERE-ACQUA-768x512.jpg 768w, https:\/\/www.radiopiu.net\/wordpress\/wp-content\/uploads\/2021\/03\/BICCHIERE-ACQUA-1536x1024.jpg 1536w, https:\/\/www.radiopiu.net\/wordpress\/wp-content\/uploads\/2021\/03\/BICCHIERE-ACQUA.jpg 1920w\" sizes=\"auto, (max-width: 153px) 100vw, 153px\" \/><\/a>BELLUNO <\/strong>Ieri la Giornata mondiale dell&#8217;acqua, una giornata nata per sensibilizzare tutti i cittadini sulla la necessit\u00e0 di risparmiare e preservare, anche nel nostro territorio, questa importantissima risorsa. \u201cIl Servizio degli Alimenti e della Nutrizione dell\u2019ULSS Dolomiti \u00e8 fortemente impegnato nelle attivit\u00e0 di controllo della qualit\u00e0 delle acque potabili, preziosa risorsa della nostra provincia che vanta da sempre elevati livelli qualitativi della risorsa idrica, garantendo il nostro continuo impegno sia nelle attivit\u00e0 di routine, atte a garantire la massima sicurezza in ogni periodo dell&#8217;anno, sia nelle emergenze che ci hanno visto in prima linea.<\/p>\n<p>&nbsp;<\/p>\n<p>&nbsp;<\/p>\n<hr \/>\n<p>&nbsp;<\/p>\n<p>&nbsp;<\/p>\n<blockquote>\n<h2><strong><span style=\"font-size: 14px;\">L&#8217;ASSEMBLEA DI LIBERA AD AGORDO<\/span><\/strong><\/h2>\n<\/blockquote>\n<p><strong><a class=\"dt-pswp-item\" href=\"https:\/\/www.radiopiu.net\/wordpress\/wp-content\/uploads\/2022\/03\/LIBERA-MAFIE.png\" data-dt-img-description=\"\" data-large_image_width=\"860\" data-large_image_height=\"756\"><img loading=\"lazy\" decoding=\"async\" class=\" wp-image-267115 alignleft\" src=\"https:\/\/www.radiopiu.net\/wordpress\/wp-content\/uploads\/2022\/03\/LIBERA-MAFIE-300x264.png\" alt=\"\" width=\"166\" height=\"146\" \/><\/a>AGORDO<\/strong><\/p>\n<p>di Gianni Santomaso<\/p>\n<audio class=\"wp-audio-shortcode\" id=\"audio-327733-8\" preload=\"none\" style=\"width: 100%;\" controls=\"controls\"><source type=\"audio\/mpeg\" src=\"https:\/\/www.radiopiu.net\/wordpress\/wp-content\/uploads\/2023\/03\/GIANNI-ASSEMBLEA-LIBERA.mp3?_=8\" \/><a href=\"https:\/\/www.radiopiu.net\/wordpress\/wp-content\/uploads\/2023\/03\/GIANNI-ASSEMBLEA-LIBERA.mp3\">https:\/\/www.radiopiu.net\/wordpress\/wp-content\/uploads\/2023\/03\/GIANNI-ASSEMBLEA-LIBERA.mp3<\/a><\/audio>\n<p>&nbsp;<\/p>\n<p>&nbsp;<\/p>\n<hr \/>\n<p>&nbsp;<\/p>\n<blockquote>\n<h3 align=\"center\"><span style=\"font-family: Times New Roman, serif;\"><span style=\"font-size: medium;\"><span style=\"color: #222222;\"><span style=\"font-family: Calibri, serif;\"><span style=\"font-size: large;\"><b>L\u2019 azzardo e i nostri soldi: incontro con i cittadini<\/b><\/span><\/span><\/span><\/span><\/span><\/h3>\n<\/blockquote>\n<p><span style=\"font-size: medium;\"><span style=\"font-family: 'Times New Roman', serif; color: #222222;\"><span style=\"font-family: Calibri, serif;\"><b><a class=\"dt-pswp-item\" href=\"https:\/\/www.radiopiu.net\/wordpress\/wp-content\/uploads\/2021\/11\/gambling-machine-4926__340.jpg\" data-dt-img-description=\"\" data-large_image_width=\"453\" data-large_image_height=\"340\"><img loading=\"lazy\" decoding=\"async\" class=\"wp-image-242314 alignleft\" src=\"https:\/\/www.radiopiu.net\/wordpress\/wp-content\/uploads\/2021\/11\/gambling-machine-4926__340-300x225.jpg\" alt=\"\" width=\"192\" height=\"144\" srcset=\"https:\/\/www.radiopiu.net\/wordpress\/wp-content\/uploads\/2021\/11\/gambling-machine-4926__340-300x225.jpg 300w, https:\/\/www.radiopiu.net\/wordpress\/wp-content\/uploads\/2021\/11\/gambling-machine-4926__340.jpg 453w\" sizes=\"auto, (max-width: 192px) 100vw, 192px\" \/><\/a><\/b>Domani <\/span><\/span><span style=\"font-family: 'Times New Roman', serif; color: #222222;\"><span style=\"font-family: Calibri, serif;\">si terr\u00e0 un incontro dal titolo <\/span><\/span><span style=\"font-family: 'Times New Roman', serif; color: #222222;\"><span style=\"font-family: Calibri, serif;\">\u201cL\u2019azzardo e i nostri soldi\u201d<\/span><\/span><span style=\"color: #222222; font-family: Calibri, serif;\">, dedicato al gioco d\u2019azzardo e all\u2019impatto che questo pu\u00f2 avere sui bilanci delle famiglie.<\/span> <\/span><span style=\"font-size: medium; font-family: 'Times New Roman', serif; color: #222222;\"><span style=\"font-family: Calibri, serif;\">L\u2019 incontro si svolger\u00e0 <\/span><\/span><span style=\"font-size: medium; font-family: 'Times New Roman', serif; color: #222222;\"><span style=\"font-family: Calibri, serif;\">dalle 9.00 alle 13.00<\/span><\/span><span style=\"font-size: medium; font-family: 'Times New Roman', serif; color: #222222;\"><span style=\"font-family: Calibri, serif;\"> in <\/span><\/span><span style=\"font-size: medium; font-family: 'Times New Roman', serif; color: #222222;\"><span style=\"font-family: Calibri, serif;\">Sala Bianchi \u2013 Viale Fantuzzi 11, Belluno<\/span><\/span><span style=\"font-size: medium; font-family: 'Times New Roman', serif; color: #222222;\"><span style=\"font-family: Calibri, serif;\"> (max 80 posti). <\/span><\/span><span style=\"font-family: Times New Roman, serif;\"><span style=\"font-size: medium;\"><span style=\"color: #222222;\"><span style=\"font-family: Calibri, serif;\">Si parler\u00e0 di cos\u2019\u00e8 il gioco d\u2019azzardo e del disturbo da gioco d\u2019azzardo, concentrandosi in particolare sugli aspetti finanziari collegati, quali il sovraindebitamento e gli strumenti di tutela degli utenti. Interverranno il Direttore UOC Ser.D. di Belluno, Amalia Manzan, con gli operatori del Dipartimento delle Dipendenze, un rappresentante del Gruppo AMA, referenti delle OO.SS., referenti dell\u2019 Associazione Consumatori e consulenti per l\u2019educazione finanziaria.\u00a0<\/span><\/span><\/span><\/span><\/p>\n<p>&nbsp;<\/p>\n<p>&nbsp;<\/p>\n<hr \/>\n<p>&nbsp;<\/p>\n<blockquote>\n<h3>RECINTI ELETTRICI PER PREVENIRE I DANNI DA LUPO<\/h3>\n<\/blockquote>\n<p><strong><a class=\"dt-pswp-item\" href=\"https:\/\/www.radiopiu.net\/wordpress\/wp-content\/uploads\/2020\/07\/LUPO-e1596200814836.jpg\" data-dt-img-description=\"\" data-large_image_width=\"1920\" data-large_image_height=\"1271\"><img loading=\"lazy\" decoding=\"async\" class=\" wp-image-152444 alignleft\" src=\"https:\/\/www.radiopiu.net\/wordpress\/wp-content\/uploads\/2020\/07\/LUPO-e1596200814836-300x199.jpg\" alt=\"\" width=\"173\" height=\"115\" srcset=\"https:\/\/www.radiopiu.net\/wordpress\/wp-content\/uploads\/2020\/07\/LUPO-e1596200814836-300x199.jpg 300w, https:\/\/www.radiopiu.net\/wordpress\/wp-content\/uploads\/2020\/07\/LUPO-e1596200814836-1024x678.jpg 1024w, https:\/\/www.radiopiu.net\/wordpress\/wp-content\/uploads\/2020\/07\/LUPO-e1596200814836-768x508.jpg 768w, https:\/\/www.radiopiu.net\/wordpress\/wp-content\/uploads\/2020\/07\/LUPO-e1596200814836-1536x1017.jpg 1536w, https:\/\/www.radiopiu.net\/wordpress\/wp-content\/uploads\/2020\/07\/LUPO-e1596200814836.jpg 1920w\" sizes=\"auto, (max-width: 173px) 100vw, 173px\" \/><\/a>FELTRE<\/strong> Per consentire anche ai piccoli allevatori amatoriali, che detengono pochi capi a scopo affettivo, di dotarsi di idonei strumenti di prevenzione, l&#8217;Ente Parco ha pubblicato un bando per la concessione, in comodato gratuito, di kit per la realizzazione di recinti elettrificati, idonei a circoscrivere un&#8217;area compresa in un perimetro di circa 250 metri. La domandaall&#8217;Ente Parco entro il\u00a0 26 aprile.<\/p>\n<p>&nbsp;<\/p>\n<hr \/>\n<p>&nbsp;<\/p>\n<blockquote>\n<h3>LA FONDAZIONE MILANO CORTINA 2026 APPROVA IL BUDGET LIFE TIME<\/h3>\n<\/blockquote>\n<p><strong><a class=\"dt-pswp-item\" href=\"https:\/\/www.radiopiu.net\/wordpress\/wp-content\/uploads\/2021\/03\/LOGO-MILANO-CORTINA-2026.jpg\" data-dt-img-description=\"\" data-large_image_width=\"900\" data-large_image_height=\"838\"><img loading=\"lazy\" decoding=\"async\" class=\" wp-image-200160 alignleft\" src=\"https:\/\/www.radiopiu.net\/wordpress\/wp-content\/uploads\/2021\/03\/LOGO-MILANO-CORTINA-2026-300x279.jpg\" alt=\"\" width=\"152\" height=\"141\" \/><\/a>MILANO<\/strong><\/p>\n<p>di Roberto Bona<\/p>\n<audio class=\"wp-audio-shortcode\" id=\"audio-327733-9\" preload=\"none\" style=\"width: 100%;\" controls=\"controls\"><source type=\"audio\/mpeg\" src=\"https:\/\/www.radiopiu.net\/wordpress\/wp-content\/uploads\/2023\/03\/CdAFondazioneMilanoCortina.mp3?_=9\" \/><a href=\"https:\/\/www.radiopiu.net\/wordpress\/wp-content\/uploads\/2023\/03\/CdAFondazioneMilanoCortina.mp3\">https:\/\/www.radiopiu.net\/wordpress\/wp-content\/uploads\/2023\/03\/CdAFondazioneMilanoCortina.mp3<\/a><\/audio>\n<p>&nbsp;<\/p>\n<p>&nbsp;<\/p>\n<hr \/>\n<p>&nbsp;<\/p>\n<blockquote>\n<h3>LA GUARDIA DI FINANZA ALLA RICERCA DI 1230 ALLIEVI<\/h3>\n<\/blockquote>\n<p><strong>BELLUNO<\/strong> \u00c8 stato indetto per l&#8217;anno accademico 2023\/2024 il concorso per titoli ed esami per l&#8217;ammissione di 1230 allievi marescialli al 95\u00b0 corso presso la Scuola Ispettori e Sovrintendenti della Guardia di Finanza. Possono partecipare al concorso i cittadini italiani, anche gi\u00e0 alle armi, che abbiano compiuto il diciasettesimo anno di et\u00e0 e che non abbiano pi\u00f9 di 26 anni alla data di scadenza per la presentazione della domanda che \u00e8 il 23 marzo alle 12. La domanda di concorso deve essere compilata online al sito concorsi.gdf.gov.it seguendo le istruzioni del sistema automatizzato. Sullo stesso sito si possono trovare tutte le informazioni sul concorso.<\/p>\n<p>&nbsp;<\/p>\n<p>&nbsp;<\/p>\n<hr \/>\n<p>&nbsp;<\/p>\n<blockquote>\n<h3>OGGI IL CONSIGLIO COMUNALE A LA VALLE AGORDINA<\/h3>\n<\/blockquote>\n<p><strong><a class=\"dt-pswp-item\" href=\"https:\/\/www.radiopiu.net\/wordpress\/wp-content\/uploads\/2019\/05\/LA-VALLE-EZIO-ZUANEL.jpeg\" data-dt-img-description=\"\" data-large_image_width=\"1600\" data-large_image_height=\"901\"><img loading=\"lazy\" decoding=\"async\" class=\" wp-image-86466 alignleft\" src=\"https:\/\/www.radiopiu.net\/wordpress\/wp-content\/uploads\/2019\/05\/LA-VALLE-EZIO-ZUANEL-300x169.jpeg\" alt=\"\" width=\"195\" height=\"110\" srcset=\"https:\/\/www.radiopiu.net\/wordpress\/wp-content\/uploads\/2019\/05\/LA-VALLE-EZIO-ZUANEL-300x169.jpeg 300w, https:\/\/www.radiopiu.net\/wordpress\/wp-content\/uploads\/2019\/05\/LA-VALLE-EZIO-ZUANEL-768x432.jpeg 768w, https:\/\/www.radiopiu.net\/wordpress\/wp-content\/uploads\/2019\/05\/LA-VALLE-EZIO-ZUANEL-1024x577.jpeg 1024w, https:\/\/www.radiopiu.net\/wordpress\/wp-content\/uploads\/2019\/05\/LA-VALLE-EZIO-ZUANEL.jpeg 1600w\" sizes=\"auto, (max-width: 195px) 100vw, 195px\" \/><\/a>LA VALLE<\/strong><\/p>\n<p>di Gianni Santomaso<\/p>\n<audio class=\"wp-audio-shortcode\" id=\"audio-327733-10\" preload=\"none\" style=\"width: 100%;\" controls=\"controls\"><source type=\"audio\/mpeg\" src=\"https:\/\/www.radiopiu.net\/wordpress\/wp-content\/uploads\/2023\/03\/GIANNI-CONSIGLIO-COMUNALE-LA-VALLE.mp3?_=10\" \/><a href=\"https:\/\/www.radiopiu.net\/wordpress\/wp-content\/uploads\/2023\/03\/GIANNI-CONSIGLIO-COMUNALE-LA-VALLE.mp3\">https:\/\/www.radiopiu.net\/wordpress\/wp-content\/uploads\/2023\/03\/GIANNI-CONSIGLIO-COMUNALE-LA-VALLE.mp3<\/a><\/audio>\n<p>&nbsp;<\/p>\n<p>&nbsp;<\/p>\n<hr \/>\n<p>&nbsp;<\/p>\n<blockquote>\n<h3>DODICI PUNTI DA DISCUTERE NEL CONSIGLIO COMUNALE DI ROCCA PIETORE<\/h3>\n<\/blockquote>\n<p><strong>di Gianni Santomaso<\/strong><\/p>\n<audio class=\"wp-audio-shortcode\" id=\"audio-327733-11\" preload=\"none\" style=\"width: 100%;\" controls=\"controls\"><source type=\"audio\/mpeg\" src=\"https:\/\/www.radiopiu.net\/wordpress\/wp-content\/uploads\/2023\/03\/GIANNI-CONSIGLIO-COMUNALE-ROCCA.mp3?_=11\" \/><a href=\"https:\/\/www.radiopiu.net\/wordpress\/wp-content\/uploads\/2023\/03\/GIANNI-CONSIGLIO-COMUNALE-ROCCA.mp3\">https:\/\/www.radiopiu.net\/wordpress\/wp-content\/uploads\/2023\/03\/GIANNI-CONSIGLIO-COMUNALE-ROCCA.mp3<\/a><\/audio>\n<p>&nbsp;<\/p>\n<p><strong>ROCCA PIETORE<\/strong> Il Sindaco di Rocca Pietore Andrea De Bernardin ha convocato i consiglieri comunali per marted\u00ec alle 18 nella sala consigliare del municipio. Saranno 12 i punti all&#8217;ordine del giorno. Tra questi si discuter\u00e0 del piano delle alienazioni e valorizzazioni del patrimonio immobiliare, una nota di aggiornamento al dup e l&#8217;approvazione del bilancio di previsione 2023-2025. Sono 6 le interrogazioni della minoranza che chiede delucidazioni sulla sistemazione dei cimiteri, la situazione di avanzamento del nuovo impianto che collegher\u00e0 Malga Ciapela alla seggiovia Padon, Il progetto Marmolada Unesco, l&#8217;ammontare della spesa per lo sgombero della neve. Il consigliere Iraci Borgia Mandolini vorr\u00e0 chiarimenti su l&#8217;ospitalit\u00e0 diffusa, lo stato di avanzamento lavori ai Serrai di Sottoguda e l&#8217;offerta scolastica comunale.<\/p>\n<p><strong>ancora LA MINORANZA&#8230;:\u00a0<\/strong> Il gruppo Uniti Montana ha chiesto che venga aggiunta all&#8217;ordine del giorno l&#8217;\u00a0 interrogazione riguardo &#8220;l&#8217;attuale situazione dei confini della Marmolada e la situazione dell&#8217;uso civico&#8221;. Inoltre il gruppo chiede un&#8217;integrazione al Consiglio Comunale al fine di discutere a proposito della Tassa di Soggiorno. (Omar Bassot, Maurizio De Cassan, Erica Delgrosso)<\/p>\n<p>&nbsp;<\/p>\n<p>&nbsp;<\/p>\n<hr \/>\n<p>&nbsp;<\/p>\n<blockquote>\n<h3>IL CONSIGLIO COMUNALE DI CANALE D&#8217;AGORDO<\/h3>\n<\/blockquote>\n<p><strong>CANALE D&#8217;AGORDO<\/strong> \u00c8 stato convocato per gioved\u00ec 30 marzo alle 20 il consiglio comunale di Canale D&#8217;Agordo. Il Sindaco Flavio Colcergnan ha chiamato a rapporto i consiglieri per trattare 9 punti all&#8217;ordine del giorno. Si parler\u00e0 dell&#8217;approvazione delle aliquote IMU, dell&#8217;addizionale comunale, l&#8217;approvazione del DUP e del bilancio di previsione 2023-2025. Inoltre si parler\u00e0 di un mutamento di destinazione di un terreno, del comitato unico di garanzia per le pari opportunit\u00e0 e della convenzione con il gruppo ANA Belluno per il servizio di Protezione Civile.<\/p>\n<p>&nbsp;<\/p>\n<p>&nbsp;<\/p>\n<hr \/>\n<p>&nbsp;<\/p>\n<blockquote>\n<h3><a class=\"dt-pswp-item\" href=\"https:\/\/www.radiopiu.net\/wordpress\/wp-content\/uploads\/2023\/03\/sala_lettura_biblio_abm.jpg\" data-dt-img-description=\"\" data-large_image_width=\"1400\" data-large_image_height=\"788\"><img loading=\"lazy\" decoding=\"async\" class=\" wp-image-327833 alignleft\" src=\"https:\/\/www.radiopiu.net\/wordpress\/wp-content\/uploads\/2023\/03\/sala_lettura_biblio_abm-300x169.jpg\" alt=\"\" width=\"224\" height=\"126\" srcset=\"https:\/\/www.radiopiu.net\/wordpress\/wp-content\/uploads\/2023\/03\/sala_lettura_biblio_abm-300x169.jpg 300w, https:\/\/www.radiopiu.net\/wordpress\/wp-content\/uploads\/2023\/03\/sala_lettura_biblio_abm-1024x576.jpg 1024w, https:\/\/www.radiopiu.net\/wordpress\/wp-content\/uploads\/2023\/03\/sala_lettura_biblio_abm-768x432.jpg 768w, https:\/\/www.radiopiu.net\/wordpress\/wp-content\/uploads\/2023\/03\/sala_lettura_biblio_abm.jpg 1400w\" sizes=\"auto, (max-width: 224px) 100vw, 224px\" \/><\/a>RIAPRE LA SALA LETTURE DELLA BIBLIOTECA DELLE MIGRAZIONI &#8220;DINO BUZZATI&#8221;<\/h3>\n<\/blockquote>\n<p><strong>BELLUNO<\/strong> Buone notizie per gli studenti e non solo. \u00c8 riaperta la sala lettura della Biblioteca delle migrazioni &#8220;Dino Buzzati&#8221; in via Cavour 3 a Belluno, presso la sede dell\u2019Associazione Bellunesi nel Mondo. L&#8217;accesso \u00e8 libero dal luned\u00ec al venerd\u00ec, dalle 8.30 alle 12.30 e dalle 15.00 alle 18.00. La sala offre dieci postazioni confortevoli, attivo il servizio wi-fi. Chi vuole prenotare il proprio posto pu\u00f2 farlo dal sito: <a class=\"moz-txt-link-abbreviated\" title=\"http:\/\/www.bellunesinelmondo.it\/prenota-la-sala-lettura\/\" href=\"http:\/\/www.bellunesinelmondo.it\/prenota-la-sala-lettura\/\">www.bellunesinelmondo.it\/prenota-la-sala-lettura\/<\/a><\/p>\n<p>&nbsp;<\/p>\n<p>&nbsp;<\/p>\n<hr \/>\n<p>&nbsp;<\/p>\n<blockquote>\n<h3>IL CAI DI AGORDO SI RIUNISCE IN ASSEMBLEA<\/h3>\n<\/blockquote>\n<p><strong><a class=\"dt-pswp-item\" href=\"https:\/\/www.radiopiu.net\/wordpress\/wp-content\/uploads\/2020\/04\/cai-agordo.jpg\" data-dt-img-description=\"\" data-large_image_width=\"297\" data-large_image_height=\"170\"><img loading=\"lazy\" decoding=\"async\" class=\" wp-image-127841 alignleft\" src=\"https:\/\/www.radiopiu.net\/wordpress\/wp-content\/uploads\/2020\/04\/cai-agordo.jpg\" alt=\"\" width=\"231\" height=\"132\" \/><\/a>AGORDO<\/strong><\/p>\n<p>di Gianni Santomaso<\/p>\n<audio class=\"wp-audio-shortcode\" id=\"audio-327733-12\" preload=\"none\" style=\"width: 100%;\" controls=\"controls\"><source type=\"audio\/mpeg\" src=\"https:\/\/www.radiopiu.net\/wordpress\/wp-content\/uploads\/2023\/03\/GIANNI-ASSEMBLEA-DEL-CAI.mp3?_=12\" \/><a href=\"https:\/\/www.radiopiu.net\/wordpress\/wp-content\/uploads\/2023\/03\/GIANNI-ASSEMBLEA-DEL-CAI.mp3\">https:\/\/www.radiopiu.net\/wordpress\/wp-content\/uploads\/2023\/03\/GIANNI-ASSEMBLEA-DEL-CAI.mp3<\/a><\/audio>\n<p>&nbsp;<\/p>\n<hr \/>\n<p>&nbsp;<\/p>\n<h2><span style=\"color: #ff0000;\">IERI ALLA RADIO\u00a0\u00a0<\/span><\/h2>\n<h2><b><a class=\"dt-pswp-item\" href=\"https:\/\/www.radiopiu.net\/wordpress\/wp-content\/uploads\/2020\/04\/FEMCA-CISL.png\" data-dt-img-description=\"\" data-large_image_width=\"225\" data-large_image_height=\"225\"><img loading=\"lazy\" decoding=\"async\" class=\" wp-image-127312 alignleft\" src=\"https:\/\/www.radiopiu.net\/wordpress\/wp-content\/uploads\/2020\/04\/FEMCA-CISL.png\" alt=\"\" width=\"125\" height=\"125\" srcset=\"https:\/\/www.radiopiu.net\/wordpress\/wp-content\/uploads\/2020\/04\/FEMCA-CISL.png 225w, https:\/\/www.radiopiu.net\/wordpress\/wp-content\/uploads\/2020\/04\/FEMCA-CISL-150x150.png 150w\" sizes=\"auto, (max-width: 125px) 100vw, 125px\" \/><\/a><\/b><span style=\"color: #008000;\">CISL, LA VOCE PER I LAVORATORI<\/span><\/h2>\n<p><b>con Mara Pagnussat, FEMCA CISL Luxottica di Agordo, e Laura Vettorel, Comissione Mensa di Agordo<\/b><\/p>\n<audio class=\"wp-audio-shortcode\" id=\"audio-327733-13\" preload=\"none\" style=\"width: 100%;\" controls=\"controls\"><source type=\"audio\/mpeg\" src=\"https:\/\/www.radiopiu.net\/wordpress\/wp-content\/uploads\/2023\/03\/FEMCA-CISL-1.mp3?_=13\" \/><a href=\"https:\/\/www.radiopiu.net\/wordpress\/wp-content\/uploads\/2023\/03\/FEMCA-CISL-1.mp3\">https:\/\/www.radiopiu.net\/wordpress\/wp-content\/uploads\/2023\/03\/FEMCA-CISL-1.mp3<\/a><\/audio>\n<p>&nbsp;<\/p>\n<p>&nbsp;<\/p>\n<hr \/>\n<p>&nbsp;<\/p>\n<p>&nbsp;<\/p>\n<p>&nbsp;<\/p>\n<h2><span style=\"color: #33cccc;\"><a class=\"dt-pswp-item\" href=\"https:\/\/www.radiopiu.net\/wordpress\/wp-content\/uploads\/2022\/11\/scuola-zaino.jpeg\" data-dt-img-description=\"\" data-large_image_width=\"626\" data-large_image_height=\"417\"><img loading=\"lazy\" decoding=\"async\" class=\" wp-image-306830 alignleft\" src=\"https:\/\/www.radiopiu.net\/wordpress\/wp-content\/uploads\/2022\/11\/scuola-zaino-300x200.jpeg\" alt=\"\" width=\"158\" height=\"105\" srcset=\"https:\/\/www.radiopiu.net\/wordpress\/wp-content\/uploads\/2022\/11\/scuola-zaino-300x200.jpeg 300w, https:\/\/www.radiopiu.net\/wordpress\/wp-content\/uploads\/2022\/11\/scuola-zaino.jpeg 626w\" sizes=\"auto, (max-width: 158px) 100vw, 158px\" \/><\/a>SE NON LA SMETTI TI MANDO DAL PRESIDE<\/span><\/h2>\n<p><strong>di Mirko Mezzacasa<\/strong><\/p>\n<p>Con Maria Rosa Salamzo<\/p>\n<audio class=\"wp-audio-shortcode\" id=\"audio-327733-14\" preload=\"none\" style=\"width: 100%;\" controls=\"controls\"><source type=\"audio\/mpeg\" src=\"https:\/\/www.radiopiu.net\/wordpress\/wp-content\/uploads\/2023\/10\/SE-NON-LA-SMETTI-21-PUNTATA.mp3?_=14\" \/><a href=\"https:\/\/www.radiopiu.net\/wordpress\/wp-content\/uploads\/2023\/10\/SE-NON-LA-SMETTI-21-PUNTATA.mp3\">https:\/\/www.radiopiu.net\/wordpress\/wp-content\/uploads\/2023\/10\/SE-NON-LA-SMETTI-21-PUNTATA.mp3<\/a><\/audio>\n<p>&nbsp;<\/p>\n<p>&nbsp;<\/p>\n<hr \/>\n<p>&nbsp;<\/p>\n<p>&nbsp;<\/p>\n<p>&nbsp;<\/p>\n<h2><strong><a class=\"dt-pswp-item\" href=\"https:\/\/www.radiopiu.net\/wordpress\/wp-content\/uploads\/2023\/03\/FAMIGLIA-COOP-PRIMIERO.png\" data-dt-img-description=\"\" data-large_image_width=\"632\" data-large_image_height=\"386\"><img loading=\"lazy\" decoding=\"async\" class=\" wp-image-327821 alignleft\" src=\"https:\/\/www.radiopiu.net\/wordpress\/wp-content\/uploads\/2023\/03\/FAMIGLIA-COOP-PRIMIERO-300x183.png\" alt=\"\" width=\"141\" height=\"86\" srcset=\"https:\/\/www.radiopiu.net\/wordpress\/wp-content\/uploads\/2023\/03\/FAMIGLIA-COOP-PRIMIERO-300x183.png 300w, https:\/\/www.radiopiu.net\/wordpress\/wp-content\/uploads\/2023\/03\/FAMIGLIA-COOP-PRIMIERO.png 632w\" sizes=\"auto, (max-width: 141px) 100vw, 141px\" \/><\/a><\/strong><span style=\"color: #0000ff;\">APRE A FRASSENE&#8217; LA FAMIGLIA COOPERATIVA PRIMIERO<\/span><\/h2>\n<p><strong>di Mirko Mezzacasa<\/strong><\/p>\n<p>OSPITE: Francesca Broch<\/p>\n<audio class=\"wp-audio-shortcode\" id=\"audio-327733-15\" preload=\"none\" style=\"width: 100%;\" controls=\"controls\"><source type=\"audio\/mpeg\" src=\"https:\/\/www.radiopiu.net\/wordpress\/wp-content\/uploads\/2023\/03\/FRANCESCA-BROCH.mp3?_=15\" \/><a href=\"https:\/\/www.radiopiu.net\/wordpress\/wp-content\/uploads\/2023\/03\/FRANCESCA-BROCH.mp3\">https:\/\/www.radiopiu.net\/wordpress\/wp-content\/uploads\/2023\/03\/FRANCESCA-BROCH.mp3<\/a><\/audio>\n<p>&nbsp;<\/p>\n<p>&nbsp;<\/p>\n<p>&nbsp;<\/p>\n<hr \/>\n<p>&nbsp;<\/p>\n<div class=\"page\" title=\"Page 1\">\n<div class=\"layoutArea\">\n<div class=\"column\">\n<blockquote>\n<h3>APPUNTAMENTO IN RADIO CON LA SETTIMANA DELLA MEMORIA E DELL\u2019IMPEGNO<\/h3>\n<\/blockquote>\n<p><strong>DI GIANNI SANTOMASO &#8211; DAL CORRIERE DELLE ALPI<\/strong><\/p>\n<audio class=\"wp-audio-shortcode\" id=\"audio-327733-16\" preload=\"none\" style=\"width: 100%;\" controls=\"controls\"><source type=\"audio\/mpeg\" src=\"https:\/\/www.radiopiu.net\/wordpress\/wp-content\/uploads\/2023\/03\/GIANNI-LIBERA-RICORDA-LE-VITTIME-DI-MAFIA.mp3?_=16\" \/><a href=\"https:\/\/www.radiopiu.net\/wordpress\/wp-content\/uploads\/2023\/03\/GIANNI-LIBERA-RICORDA-LE-VITTIME-DI-MAFIA.mp3\">https:\/\/www.radiopiu.net\/wordpress\/wp-content\/uploads\/2023\/03\/GIANNI-LIBERA-RICORDA-LE-VITTIME-DI-MAFIA.mp3<\/a><\/audio>\n<p>&nbsp;<\/p>\n<p><strong><a class=\"dt-pswp-item\" href=\"https:\/\/www.radiopiu.net\/wordpress\/wp-content\/uploads\/2023\/03\/336745200_1566267943880507_6400391698506863856_n.jpg\" data-dt-img-description=\"\" data-large_image_width=\"600\" data-large_image_height=\"600\"><img loading=\"lazy\" decoding=\"async\" class=\"wp-image-327420 alignleft\" src=\"https:\/\/www.radiopiu.net\/wordpress\/wp-content\/uploads\/2023\/03\/336745200_1566267943880507_6400391698506863856_n-300x300.jpg\" alt=\"\" width=\"118\" height=\"118\" srcset=\"https:\/\/www.radiopiu.net\/wordpress\/wp-content\/uploads\/2023\/03\/336745200_1566267943880507_6400391698506863856_n-300x300.jpg 300w, https:\/\/www.radiopiu.net\/wordpress\/wp-content\/uploads\/2023\/03\/336745200_1566267943880507_6400391698506863856_n-150x150.jpg 150w, https:\/\/www.radiopiu.net\/wordpress\/wp-content\/uploads\/2023\/03\/336745200_1566267943880507_6400391698506863856_n.jpg 600w\" sizes=\"auto, (max-width: 118px) 100vw, 118px\" \/><\/a>PAGINA IN AGGIORNAMENTO QUOTIDIANO DAL 20 AL 25 APRILE.<\/strong><\/p>\n<blockquote>\n<p style=\"text-align: left;\">28esima\u00a0 giornata della memoria e dell\u2019impegno in ricordo di tutte le vittime innocenti di mafia TUTTI I GIORNI SULLE FREQUENZE DI RADIO PI\u00d9 alle 8.45 e in replica alle 18.30, SARANNO RICORDATE ALCUNE DELLE OLTRE 1000 VITTIME INNOCENTI DI MAFIA Settimana della memoria e dell\u2019impegno LIBERA CHIANA, L&#8217;AGORDINO RISPONDE, ALLA RADIO E SUL SITO <a href=\"http:\/\/WWW.RADIOPIU.NET\" target=\"_blank\" rel=\"noopener noreferrer\">WWW.RADIOPIU.NET<\/a><\/p>\n<\/blockquote>\n<p>&nbsp;<\/p>\n<p><strong>PUNTATA 03<\/strong><\/p>\n\n\t\t\t<style type='text\/css'>\n\t\t\t\t#gallery-5 {\n\t\t\t\t\tmargin: auto;\n\t\t\t\t}\n\t\t\t\t#gallery-5 .gallery-item {\n\t\t\t\t\tfloat: left;\n\t\t\t\t\tmargin-top: 10px;\n\t\t\t\t\ttext-align: center;\n\t\t\t\t\twidth: 50%;\n\t\t\t\t}\n\t\t\t\t#gallery-5 img {\n\t\t\t\t\tborder: 2px solid #cfcfcf;\n\t\t\t\t}\n\t\t\t\t#gallery-5 .gallery-caption {\n\t\t\t\t\tmargin-left: 0;\n\t\t\t\t}\n\t\t\t\t\/* see gallery_shortcode() in wp-includes\/media.php *\/\n\t\t\t<\/style>\n\t\t<div id='gallery-5' class='dt-gallery-container gallery galleryid-327733 gallery-columns-2 gallery-size-thumbnail'><dl class='gallery-item'>\n\t\t\t\t<dt class='gallery-icon landscape'>\n\t\t\t\t\t<a class=\"rollover rollover-zoom dt-pswp-item\" title=\"336797622_547510177371276_9050137069084218344_n\" data-dt-img-description=\"\" data-large_image_width=\"1080\" data-large_image_height=\"1080\"href='https:\/\/www.radiopiu.net\/wordpress\/wp-content\/uploads\/2023\/03\/336797622_547510177371276_9050137069084218344_n.jpg'><img loading=\"lazy\" decoding=\"async\" width=\"150\" height=\"150\" src=\"https:\/\/www.radiopiu.net\/wordpress\/wp-content\/uploads\/2023\/03\/336797622_547510177371276_9050137069084218344_n-150x150.jpg\" class=\"attachment-thumbnail size-thumbnail\" alt=\"\" srcset=\"https:\/\/www.radiopiu.net\/wordpress\/wp-content\/uploads\/2023\/03\/336797622_547510177371276_9050137069084218344_n-150x150.jpg 150w, https:\/\/www.radiopiu.net\/wordpress\/wp-content\/uploads\/2023\/03\/336797622_547510177371276_9050137069084218344_n-300x300.jpg 300w, https:\/\/www.radiopiu.net\/wordpress\/wp-content\/uploads\/2023\/03\/336797622_547510177371276_9050137069084218344_n-1024x1024.jpg 1024w, https:\/\/www.radiopiu.net\/wordpress\/wp-content\/uploads\/2023\/03\/336797622_547510177371276_9050137069084218344_n-768x768.jpg 768w, https:\/\/www.radiopiu.net\/wordpress\/wp-content\/uploads\/2023\/03\/336797622_547510177371276_9050137069084218344_n.jpg 1080w\" sizes=\"auto, (max-width: 150px) 100vw, 150px\" \/><\/a>\n\t\t\t\t<\/dt><\/dl><dl class='gallery-item'>\n\t\t\t\t<dt class='gallery-icon landscape'>\n\t\t\t\t\t<a class=\"rollover rollover-zoom dt-pswp-item\" title=\"337240727_890708272152556_8275136596940368229_n\" data-dt-img-description=\"\" data-large_image_width=\"1080\" data-large_image_height=\"1080\"href='https:\/\/www.radiopiu.net\/wordpress\/wp-content\/uploads\/2023\/03\/337240727_890708272152556_8275136596940368229_n.jpg'><img loading=\"lazy\" decoding=\"async\" width=\"150\" height=\"150\" src=\"https:\/\/www.radiopiu.net\/wordpress\/wp-content\/uploads\/2023\/03\/337240727_890708272152556_8275136596940368229_n-150x150.jpg\" class=\"attachment-thumbnail size-thumbnail\" alt=\"\" srcset=\"https:\/\/www.radiopiu.net\/wordpress\/wp-content\/uploads\/2023\/03\/337240727_890708272152556_8275136596940368229_n-150x150.jpg 150w, https:\/\/www.radiopiu.net\/wordpress\/wp-content\/uploads\/2023\/03\/337240727_890708272152556_8275136596940368229_n-300x300.jpg 300w, https:\/\/www.radiopiu.net\/wordpress\/wp-content\/uploads\/2023\/03\/337240727_890708272152556_8275136596940368229_n-1024x1024.jpg 1024w, https:\/\/www.radiopiu.net\/wordpress\/wp-content\/uploads\/2023\/03\/337240727_890708272152556_8275136596940368229_n-768x768.jpg 768w, https:\/\/www.radiopiu.net\/wordpress\/wp-content\/uploads\/2023\/03\/337240727_890708272152556_8275136596940368229_n.jpg 1080w\" sizes=\"auto, (max-width: 150px) 100vw, 150px\" \/><\/a>\n\t\t\t\t<\/dt><\/dl><br style=\"clear: both\" \/>\n\t\t\t<\/div>\n\n<div class=\"x11i5rnm xat24cr x1mh8g0r x1vvkbs xdj266r x126k92a\">\n<div dir=\"auto\">\u00c8 possibile sognare un mondo in cui la criminalit\u00e0 organizzata non sia pi\u00f9 presente<\/div>\n<\/div>\n<div class=\"x11i5rnm xat24cr x1mh8g0r x1vvkbs xtlvy1s x126k92a\">\n<div dir=\"auto\">Bonifacio Tilocca (1933-2004) Ricordiamo le parole di suo figlio Peppino: \u201cNoi familiari possiamo vivere una giornata come questa da soli con rabbia oppure in piazza insieme a tante persone, e per questo vi ringrazio per la vostra presenza. La morte di mio padre \u00e8 un elemento incancellabile, per\u00f2 oggi io posso essere qua in mezzo a migliaia di persone a parlarne, mentre chi ha ucciso mio padre deve stare zitto e nascosto. Noi possiamo sventolare le nostre bandiere, loro no.\u201d<\/div>\n<\/div>\n<div class=\"x11i5rnm xat24cr x1mh8g0r x1vvkbs xtlvy1s x126k92a\">\n<div dir=\"auto\">Matteo Toffanin (1969-1992) Abbiamo deciso di approfondire la storia di Matteo Toffanin per la sua origine veneta. \u00c8 interessante conoscere i dettagli di un\u2019organizzazione mafiosa, la Mala del Brenta, di cui non si sente molto parlare: le mafie non esistono solo al sud e portano solo morte e dolore.<\/div>\n<div dir=\"auto\"><strong>audio<\/strong><br \/>\n<audio class=\"wp-audio-shortcode\" id=\"audio-327733-17\" preload=\"none\" style=\"width: 100%;\" controls=\"controls\"><source type=\"audio\/mpeg\" src=\"https:\/\/www.radiopiu.net\/wordpress\/wp-content\/uploads\/2023\/03\/MERCOLEDI-22-TILOCCA-TOFFANIN.mp3?_=17\" \/><a href=\"https:\/\/www.radiopiu.net\/wordpress\/wp-content\/uploads\/2023\/03\/MERCOLEDI-22-TILOCCA-TOFFANIN.mp3\">https:\/\/www.radiopiu.net\/wordpress\/wp-content\/uploads\/2023\/03\/MERCOLEDI-22-TILOCCA-TOFFANIN.mp3<\/a><\/audio>\n<\/div>\n<div dir=\"auto\"><\/div>\n<div dir=\"auto\"><\/div>\n<\/div>\n<p>&nbsp;<\/p>\n<hr \/>\n<p>&nbsp;<\/p>\n<\/div>\n<\/div>\n<\/div>\n<blockquote>\n<h3>L&#8217;ASSEMBLEA DEL GAV<\/h3>\n<\/blockquote>\n<p><strong>AGORDO<\/strong> I soci del GAV, Gruppo Assistenza Volontaria, hanno indetto l&#8217;assemblea ordinaria 2023 per domenica 26 marzo alle 11 nella sala del Centro Parrocchiale Monsignor Vincenzo Savio. In programma l&#8217;elezione del consiglio direttivo, l&#8217;approvazione del bilancio 2022 e la presentazione di bilancio e attivit\u00e0 2023.<\/p>\n<p><strong>di Gianni Santomaso<\/strong><\/p>\n<audio class=\"wp-audio-shortcode\" id=\"audio-327733-18\" preload=\"none\" style=\"width: 100%;\" controls=\"controls\"><source type=\"audio\/mpeg\" src=\"https:\/\/www.radiopiu.net\/wordpress\/wp-content\/uploads\/2023\/03\/GIANNI-ASSEMBLEA-GAV.mp3?_=18\" \/><a href=\"https:\/\/www.radiopiu.net\/wordpress\/wp-content\/uploads\/2023\/03\/GIANNI-ASSEMBLEA-GAV.mp3\">https:\/\/www.radiopiu.net\/wordpress\/wp-content\/uploads\/2023\/03\/GIANNI-ASSEMBLEA-GAV.mp3<\/a><\/audio>\n<p>&nbsp;<\/p>\n<p>&nbsp;<\/p>\n<hr \/>\n<p>&nbsp;<\/p>\n<p>&nbsp;<\/p>\n<blockquote>\n<h3>\u00a0LA GIORNATA ECOLOGICA DI CENCENIGHE<\/h3>\n<\/blockquote>\n<p><strong><a class=\"dt-pswp-item\" href=\"https:\/\/www.radiopiu.net\/wordpress\/wp-content\/uploads\/2023\/03\/Senza-nome-67.jpg\" data-dt-img-description=\"\" data-large_image_width=\"196\" data-large_image_height=\"136\"><img loading=\"lazy\" decoding=\"async\" class=\" wp-image-327468 alignleft\" src=\"https:\/\/www.radiopiu.net\/wordpress\/wp-content\/uploads\/2023\/03\/Senza-nome-67.jpg\" alt=\"\" width=\"187\" height=\"130\" \/><\/a><\/strong><\/p>\n<p><strong>CENCENIGHE<\/strong> Domenica 2 aprile giornata ecologica organizzata da Comune e Proloco. Saranno raccolti i rifiuti abbandonati sul territorio (adulti, ragazzi, bambini). Alle 8 ritrovo adulti e assegnazioni di aree di pulizia, 845 ritrovo ragazzi e bambini. 12.30 pranzo per tutti i partecipanti al Nof Filo&#8217;\u00a0 L\u2019attrezzatura necessaria (sacchi, guanti) verr\u00e0 fornita da Valpe Ambiente. Le immondizie saranno poi conferite all\u2019ecocentro dove sar\u00e0 allestito un punto di raccolta apposito. In caso di maltempo la giornata sar\u00e0 posticipata a Domenica 16 Aprile. Informazioni, Ervin Lazzarini 347 8802294<\/p>\n<p>&nbsp;<\/p>\n<p>&nbsp;<\/p>\n<hr \/>\n<p>&nbsp;<\/p>\n\n\t\t\t<style type='text\/css'>\n\t\t\t\t#gallery-6 {\n\t\t\t\t\tmargin: auto;\n\t\t\t\t}\n\t\t\t\t#gallery-6 .gallery-item {\n\t\t\t\t\tfloat: left;\n\t\t\t\t\tmargin-top: 10px;\n\t\t\t\t\ttext-align: center;\n\t\t\t\t\twidth: 100%;\n\t\t\t\t}\n\t\t\t\t#gallery-6 img {\n\t\t\t\t\tborder: 2px solid #cfcfcf;\n\t\t\t\t}\n\t\t\t\t#gallery-6 .gallery-caption {\n\t\t\t\t\tmargin-left: 0;\n\t\t\t\t}\n\t\t\t\t\/* see gallery_shortcode() in wp-includes\/media.php *\/\n\t\t\t<\/style>\n\t\t<div id='gallery-6' class='dt-gallery-container gallery galleryid-327733 gallery-columns-1 gallery-size-medium'><dl class='gallery-item'>\n\t\t\t\t<dt class='gallery-icon portrait'>\n\t\t\t\t\t<a class=\"rollover rollover-zoom dt-pswp-item\" title=\"9765b0b8-95fd-472a-8793-7650d1941ee0\" data-dt-img-description=\"\" data-large_image_width=\"1106\" data-large_image_height=\"2048\"href='https:\/\/www.radiopiu.net\/wordpress\/wp-content\/uploads\/2023\/03\/9765b0b8-95fd-472a-8793-7650d1941ee0.jpg'><img loading=\"lazy\" decoding=\"async\" width=\"162\" height=\"300\" src=\"https:\/\/www.radiopiu.net\/wordpress\/wp-content\/uploads\/2023\/03\/9765b0b8-95fd-472a-8793-7650d1941ee0-162x300.jpg\" class=\"attachment-medium size-medium\" alt=\"\" srcset=\"https:\/\/www.radiopiu.net\/wordpress\/wp-content\/uploads\/2023\/03\/9765b0b8-95fd-472a-8793-7650d1941ee0-162x300.jpg 162w, https:\/\/www.radiopiu.net\/wordpress\/wp-content\/uploads\/2023\/03\/9765b0b8-95fd-472a-8793-7650d1941ee0-553x1024.jpg 553w, https:\/\/www.radiopiu.net\/wordpress\/wp-content\/uploads\/2023\/03\/9765b0b8-95fd-472a-8793-7650d1941ee0-768x1422.jpg 768w, https:\/\/www.radiopiu.net\/wordpress\/wp-content\/uploads\/2023\/03\/9765b0b8-95fd-472a-8793-7650d1941ee0-830x1536.jpg 830w, https:\/\/www.radiopiu.net\/wordpress\/wp-content\/uploads\/2023\/03\/9765b0b8-95fd-472a-8793-7650d1941ee0.jpg 1106w\" sizes=\"auto, (max-width: 162px) 100vw, 162px\" \/><\/a>\n\t\t\t\t<\/dt><\/dl><br style=\"clear: both\" \/>\n\t\t\t<\/div>\n\n<p>&nbsp;<\/p>\n<hr \/>\n<p>&nbsp;<\/p>\n<h2 style=\"text-align: left;\"><span style=\"color: #000000;\"><em>L&#8217;EVENTO&#8230; 2 APRILE A FALCADE. mercoledi sera, dalle 20.30 presentazione ufficiale nel programma &#8220;I MERCOLEDI DI SERA COME 40 ANNI FA con Morgan Gnech e Massimo Manfroi, questa sera&#8230;\u00a0<\/em><\/span><\/h2>\n<p><a class=\"dt-pswp-item\" href=\"https:\/\/www.radiopiu.net\/wordpress\/wp-content\/uploads\/2023\/03\/save-the-date-party-laresei-social.png\" data-dt-img-description=\"\" data-large_image_width=\"1748\" data-large_image_height=\"2185\"><img loading=\"lazy\" decoding=\"async\" class=\"size-medium wp-image-327975 aligncenter\" src=\"https:\/\/www.radiopiu.net\/wordpress\/wp-content\/uploads\/2023\/03\/save-the-date-party-laresei-social-240x300.png\" alt=\"\" width=\"240\" height=\"300\" srcset=\"https:\/\/www.radiopiu.net\/wordpress\/wp-content\/uploads\/2023\/03\/save-the-date-party-laresei-social-240x300.png 240w, https:\/\/www.radiopiu.net\/wordpress\/wp-content\/uploads\/2023\/03\/save-the-date-party-laresei-social-819x1024.png 819w, https:\/\/www.radiopiu.net\/wordpress\/wp-content\/uploads\/2023\/03\/save-the-date-party-laresei-social-768x960.png 768w, https:\/\/www.radiopiu.net\/wordpress\/wp-content\/uploads\/2023\/03\/save-the-date-party-laresei-social-1229x1536.png 1229w, https:\/\/www.radiopiu.net\/wordpress\/wp-content\/uploads\/2023\/03\/save-the-date-party-laresei-social-1638x2048.png 1638w, https:\/\/www.radiopiu.net\/wordpress\/wp-content\/uploads\/2023\/03\/save-the-date-party-laresei-social.png 1748w\" sizes=\"auto, (max-width: 240px) 100vw, 240px\" \/><\/a><\/p>\n<p>&nbsp;<\/p>\n<hr \/>\n<p>&nbsp;<\/p>\n<p>&nbsp;<\/p>\n<blockquote>\n<h3>CONCERTO DEI FISCIOT<\/h3>\n<p><strong><span style=\"color: #ff0000;\">DOMENICA 26 Marzo 2023 alle \u00a010.45 in Piazza Duomo<\/span><\/strong><\/p>\n<p><strong>BELLUNO <\/strong>Come ogni anno, le note della Filarmonica risuoneranno in Piazza Duomo a Belluno per allietare l&#8217;antica festa della Madonna Addolorata, conosciuta anche come Sagra dei Fisci\u00f2t, in onore dei fischietti fatti a mano dagli artigiani locali che venivano venduti gi\u00e0 dal 1716 in questa occasione.\u00a0 Tutti i bellunesi sanno che sono i suoni di questa festa a segnalare definitivamente l\u2019arrivo della primavera. Proprio in questa data, infatti, la Filarmonica di Belluno 1867, apre la sua stagione concertistica regalando al pubblico le note del repertorio \u201cfresco di prova\u201d preparato per l\u2019occasione. Sotto la direzione del maestro Sandro De Marchi, i 50 musicisti della compagine bellunese proporranno al pubblico assaggi musicali che spaziano dalle tradizionali marce, alla musica popolare (elegantemente arrangiata per banda), alla musica originale per orchestra di fiati.<\/p><\/blockquote>\n<p>&nbsp;<\/p>\n<p>&nbsp;<\/p>\n<p>&nbsp;<\/p>\n<hr \/>\n<p>&nbsp;<\/p>\n<blockquote>\n<h3>L&#8217;AGORDINO NEI LIBRI DI CORRADO DA ROIT<\/h3>\n<\/blockquote>\n<p><strong>AGORDO<\/strong> Domani alle 17 in sala Don Tamis ad Agordo appuntamento con &#8220;L&#8217;Agordino riscoperto nei libri di Corrado Da Roit&#8221;. Interverranno Don Cesare Larese, Loris Santomaso e Dino Bridda. Un invito della Biblioteca Civica con le parrocchie di Agordo, Taibon e La Valle.<\/p>\n<p>&nbsp;<\/p>\n<blockquote class=\"wp-embedded-content\" data-secret=\"74zicWuVym\"><p><a href=\"https:\/\/www.radiopiu.net\/wordpress\/lagordino-riscoperto-nei-libri-di-corrado-da-roit-venerdi-in-sala-don-tamis-ad-agordo\/\">L&#8217;AGORDINO RISCOPERTO NEI LIBRI DI CORRADO DA ROIT. VENERDI&#8217; IN SALA DON TAMIS AD AGORDO<\/a><\/p><\/blockquote>\n<p><iframe loading=\"lazy\" class=\"wp-embedded-content\" sandbox=\"allow-scripts\" security=\"restricted\" style=\"position: absolute; clip: rect(1px, 1px, 1px, 1px);\" title=\"&#8220;L&#8217;AGORDINO RISCOPERTO NEI LIBRI DI CORRADO DA ROIT. VENERDI&#8217; IN SALA DON TAMIS AD AGORDO&#8221; &#8212; Radio Pi\u00f9\" src=\"https:\/\/www.radiopiu.net\/wordpress\/lagordino-riscoperto-nei-libri-di-corrado-da-roit-venerdi-in-sala-don-tamis-ad-agordo\/embed\/#?secret=XoyWGBOiKf#?secret=74zicWuVym\" data-secret=\"74zicWuVym\" width=\"600\" height=\"338\" frameborder=\"0\" marginwidth=\"0\" marginheight=\"0\" scrolling=\"no\"><\/iframe><\/p>\n<p>&nbsp;<\/p>\n<hr \/>\n<p>&nbsp;<\/p>\n<blockquote>\n<h3>&#8220;NOI CHE&#8221; ALL&#8217;AUDITORIUM MONSIGNOR VINCENZO SAVIO<\/h3>\n<\/blockquote>\n<p><strong>AGORDO<\/strong> Il gruppo &#8220;Noi Che&#8221;, in collaborazione con l&#8217;Associazione Genitori Sempre, presenta una serata dedicata a delle riflessioni semiserie sui mitici anni 60\/70. L&#8217;appuntamento \u00e8 per sabato alle 20:30 all&#8217;Auditorium Monsignor Vincenzo Savio di Agordo.<\/p>\n<p>&nbsp;<\/p>\n<p>&nbsp;<\/p>\n<hr \/>\n<p>&nbsp;<\/p>\n<blockquote>\n<h3>L&#8217;ASSEMBLEA DELLA CROCE BIANCA DI LIVINALLONGO<\/h3>\n<\/blockquote>\n<p><strong>LIVINALLONGO<\/strong> E&#8217; in programma il 14 aprile alle 19:30\u00a0 l&#8217;assemblea generale della Croce Bianca Livinallongo. I soci si ritroveranno alla sala Bo\u00e8 di Arabba per parlare del resoconto delle attivit\u00e0 dello scorso anno, l&#8217;elezione dei delegati e l&#8217;intervento del responsabile gruppo giovani. L&#8217;occasione anche per consegnare le onorificenze e per un momento conviviale.<\/p>\n<p>&nbsp;<\/p>\n<p>&nbsp;<\/p>\n<hr \/>\n<p>&nbsp;<\/p>\n<blockquote>\n<h3>A PASQUA IL MERCATINO DI ARTE E SAPORI AD ALLEGHE<\/h3>\n<\/blockquote>\n<p><strong>ALLEGHE<\/strong> Trascorrete la Pasqua sul lungolago di Alleghe. Dal 7 aprile a Pasquetta il mercatino di Arte e sapori vi aspetta. Colori profumi artigianato, curiosit\u00e0, e tipicit\u00e0 regionali . Troverete fritture di pesce, panini con porchetta, salumi, formaggi, olive, taralli, gastronomia siciliana e anche frittelle e caramelle, ammirando curiosit\u00e0 artigianali. Dal 7 aprile a Pasquetta il mercatino di arti e sapori vi aspetta<\/p>\n<p>&nbsp;<\/p>\n<p>&nbsp;<\/p>\n<hr \/>\n<p>&nbsp;<\/p>\n<blockquote>\n<h3>LA PASSIONE DELLA CROCE NELLA CATTEDRALE DI FELTRE<\/h3>\n<\/blockquote>\n<p><strong>FELTRE <\/strong>Sabato alle 19\u00a0all\u2019Oratorio dell\u2019Annunziata adiacente la Concattedrale di Feltre, ci sar\u00e0 la presentazione del secondo corpo di pannelli raffiguranti le scene della Passione della Croce nel contesto del percorso artistico <em>\u00abIn hoc signo\u00bb <\/em>dedicata alla Croce post-bizantina della Concattedrale di Feltre ora conservata ed esposta presso il Museo diocesano di Arte Sacra. La mostra sar\u00e0 visitabile fino al 25 aprile 2023 ogni venerd\u00ec dalle 16,00 alle 18,30 grazie alla collaborazione con Il Fondaco per Feltre; il sabato, la domenica e nei giorni festivi dalle 10,30 alle 12,30 e dalle 15,00 alle 19,00 con ingresso libero.<\/p>\n<p>&nbsp;<\/p>\n<p>&nbsp;<\/p>\n<hr \/>\n<p>&nbsp;<\/p>\n<blockquote>\n<h3>L&#8217;ASSEMBLEA DEL COMITATO DI GEMELLAGGIO DI AGORDO<\/h3>\n<\/blockquote>\n<p><strong>AGORDO<\/strong> \u00c8 in programma per mercoled\u00ec 29 marzo alle 20:30 nella saletta del Bar Schenot l&#8217;assemblea annuale del Comitato di Gemellaggio di Agordo. Tra i punti da discutere la rendicontazione del 2022 e l&#8217;approvazione del bilancio, il rinnovo del tesseramento e il viaggio a Dolomieu dal 28 aprile al 1 maggio.<\/p>\n<p>&nbsp;<\/p>\n<p>&nbsp;<\/p>\n<hr \/>\n<p>&nbsp;<\/p>\n<blockquote>\n<h3>BONSAI E SUISEKI. TECNICA, ARTE, FILOSOFIA E FLORA ITALICA DEL GIARDINO DELLA SERENITA&#8217;<\/h3>\n<\/blockquote>\n<p><strong>di Renato Bona<\/strong><\/p>\n<p>Grazie a Facebook ho ritrovato un caro amico, bellunese di adozione: Armando Dal Col, creatore, lustri or sono, in quel di Belluno, del \u201cGiardino Bonsai della Serenit\u00e0\u201d. In un messaggio dei giorni scorsi, premesso che \u201cl\u2019et\u00e0 si fa sentire\u2026\u201d mi conferma quanto immaginavo: \u201cSiamo sempre attivi (a Tarzo, suo paese natale, dove vive con la moglie Haina, sposata a Manila nel 1987 e dove si \u00e8 trasferito nell\u2019autunno di dieci anni dopo \u2013 ndr.). E sottolinea con orgoglio: lei si \u00e8 subito appassionata e mi aiuta moltissimo nel mantenimento dei bonsai, forse troppi\u2026 La passione smisurata non ci abbandona e continuo ad amare il Bonsai come ho fatto da sempre e cos\u00ec continuiamo ad essere attivi con il Giardino, che lo scorso anno \u00e8 stato segnalato nel sito dell\u2019Unesco delle colline del prosecco Conegliano Valdobbiadene ed il direttore Giuliano Vantaggi di Belluno viene spesso a farmi visita, ed anche Marina Montedoro\u201d. E\u2019 il momento di ricordare cosa \u00e8 il Bonsai (cui Dal Col ha accostato fin dalla parentesi bellunese, il Suiseki). Lo facciamo \u201cattingendo\u201d dalla presentazione del libro \u201cBonsai e Suiseki. Tecnica arte e filosofia\u201d che Dal Col ha dato alle stampe nel 1988, dedicandolo alle figlie Stefania e Laura, con il Gruppo Editoriale Muzzio di Padova, a cura di Stella Longato, disegni nel testo di Stefania Dal Col, copertina di Elsa Danese che riproduce un Bonsai e un Suiseki creati dall\u2019autore. Altro pregevole volume, riccamente illustrato da splendide immagini, e pure presentato da Gianfranco Giorgi. \u00e8 stato realizzato nel 1991 sempre con Muzzio editore, copertina e grafica di Paola Gamba, tutte le foto di Dal Col, in copertina riproduzione di bonsai di Pino mugo; si tratta di \u201cBonsai l\u2019evoluzione. Flora italica per il Giardino della Serenit\u00e0\u201d (entrambi i libri con dedica \u201cal caro amico Renato Bona, con profondo rispetto per avermi dato l\u2019opportunit\u00e0 di farmi conoscere ed apprezzare fra i nostri concittadini attraverso Il Gazzettino, con stima e riconoscenza\u201d. BONSAI. Nella breve storia si spiega che la sua origine \u00e8 sicuramente cinese e le prime piante coltivate in vaso, pare risalgano a prima del 1500. Gi\u00e0 nel 220 dopo Cristo i cinesi avevano cominciato a riprodurre in scala con maestria sorprendente, i giardini rocciosi e questo spiega perch\u00e9 ancora oggi conservino una particolare predilezione per i paesaggi Bonsai (che si deve leggere \u201calbero in vassoio\u201d e che racchiude in se un microcosmo in cui si pu\u00f2 \u201cvedere\u201d un intero paesaggio e \u201cleggere\u201d la storia di una pianta). La sua diffusione nel mondo occidentale avviene dopo la seconda guerra mondiale ad opera di alcuni reduci americani rimasti letteralmente affascinati da quest\u2019arte. Notizie in proposito sono pervenute anche in occasione di due esposizioni tenutesi a Parigi nel 1878 e a Londra nel 1909. L\u2019Expo \u201870 di Osaka nel 1970 fu \u201cun revival utile al mondo intero perch\u00e9 vivifica l\u2019arte del Bonsai coinvolgendo le nuove generazioni. Vengono quindi illustrate le caratteristiche che valorizzano un Bonsai, gli stili Bonsai, le differenti misure d\u2019altezza, i metodi per ottenere una pianta Bonsai, la scelta del contenitore, la miniaturizzazione del muschio, la fertirrigazione, come creare un paesaggio su roccia, e si chiude con la \u201cStoria del faggio: da pianta morente a rigoglioso Bonsai\u201d. SUISEKI: la parola significa acqua (Sui) e pietra (Seki). Come il Bonsai ebbe origine in Cina ed approd\u00f2 in Giappone nel XV secolo. Come farlo? Bisogna innanzitutto cercare una pietra che possa adattarsi e trovarvi la parte frontale in modo da pore in evidenza il suo apice, quindi bisogna adeguarla dotandola di un adeguato supporto, un contenitore poco profondo senza fori di drenaggio, pieno di sabbia o di acqua a seconda che il Suiseki venga visto come montagna o come scoglio o isola. Il taglio della base sar\u00e0 l\u2019unico intervento diretto sulla pietra. Poi&#8230;\u201dSi scoprir\u00e0 un mondo vivo e palpitante che trabocca dalle linee del Suiseki e grazie alla sua apparente pochezza di forme, la mente percorrer\u00e0 una via che conduce alla pace e alla serenit\u00e0 passando per un mondo fatto di cose antiche\u201d.<\/p>\n\n\t\t\t<style type='text\/css'>\n\t\t\t\t#gallery-7 {\n\t\t\t\t\tmargin: auto;\n\t\t\t\t}\n\t\t\t\t#gallery-7 .gallery-item {\n\t\t\t\t\tfloat: left;\n\t\t\t\t\tmargin-top: 10px;\n\t\t\t\t\ttext-align: center;\n\t\t\t\t\twidth: 14%;\n\t\t\t\t}\n\t\t\t\t#gallery-7 img {\n\t\t\t\t\tborder: 2px solid #cfcfcf;\n\t\t\t\t}\n\t\t\t\t#gallery-7 .gallery-caption {\n\t\t\t\t\tmargin-left: 0;\n\t\t\t\t}\n\t\t\t\t\/* see gallery_shortcode() in wp-includes\/media.php *\/\n\t\t\t<\/style>\n\t\t<div id='gallery-7' class='dt-gallery-container gallery galleryid-327733 gallery-columns-7 gallery-size-thumbnail'><dl class='gallery-item'>\n\t\t\t\t<dt class='gallery-icon portrait'>\n\t\t\t\t\t<a class=\"rollover rollover-zoom dt-pswp-item\" title=\"336633996_125414507161961_4665964970052493277_n\" data-dt-img-description=\"\" data-large_image_width=\"320\" data-large_image_height=\"452\"href='https:\/\/www.radiopiu.net\/wordpress\/wp-content\/uploads\/2023\/03\/336633996_125414507161961_4665964970052493277_n.jpg'><img loading=\"lazy\" decoding=\"async\" width=\"150\" height=\"150\" src=\"https:\/\/www.radiopiu.net\/wordpress\/wp-content\/uploads\/2023\/03\/336633996_125414507161961_4665964970052493277_n-150x150.jpg\" class=\"attachment-thumbnail size-thumbnail\" alt=\"\" \/><\/a>\n\t\t\t\t<\/dt><\/dl><dl class='gallery-item'>\n\t\t\t\t<dt class='gallery-icon portrait'>\n\t\t\t\t\t<a class=\"rollover rollover-zoom dt-pswp-item\" title=\"334887032_528449916119081_2091014126256634184_n\" data-dt-img-description=\"\" data-large_image_width=\"315\" data-large_image_height=\"403\"href='https:\/\/www.radiopiu.net\/wordpress\/wp-content\/uploads\/2023\/03\/334887032_528449916119081_2091014126256634184_n.jpg'><img loading=\"lazy\" decoding=\"async\" width=\"150\" height=\"150\" src=\"https:\/\/www.radiopiu.net\/wordpress\/wp-content\/uploads\/2023\/03\/334887032_528449916119081_2091014126256634184_n-150x150.jpg\" class=\"attachment-thumbnail size-thumbnail\" alt=\"\" \/><\/a>\n\t\t\t\t<\/dt><\/dl><dl class='gallery-item'>\n\t\t\t\t<dt class='gallery-icon portrait'>\n\t\t\t\t\t<a class=\"rollover rollover-zoom dt-pswp-item\" title=\"334903369_176758871835397_4647732092280468300_n\" data-dt-img-description=\"\" data-large_image_width=\"396\" data-large_image_height=\"403\"href='https:\/\/www.radiopiu.net\/wordpress\/wp-content\/uploads\/2023\/03\/334903369_176758871835397_4647732092280468300_n.jpg'><img loading=\"lazy\" decoding=\"async\" width=\"150\" height=\"150\" src=\"https:\/\/www.radiopiu.net\/wordpress\/wp-content\/uploads\/2023\/03\/334903369_176758871835397_4647732092280468300_n-150x150.jpg\" class=\"attachment-thumbnail size-thumbnail\" alt=\"\" \/><\/a>\n\t\t\t\t<\/dt><\/dl><dl class='gallery-item'>\n\t\t\t\t<dt class='gallery-icon landscape'>\n\t\t\t\t\t<a class=\"rollover rollover-zoom dt-pswp-item\" title=\"337068415_751827966294750_7257618286464227882_n\" data-dt-img-description=\"\" data-large_image_width=\"403\" data-large_image_height=\"403\"href='https:\/\/www.radiopiu.net\/wordpress\/wp-content\/uploads\/2023\/03\/337068415_751827966294750_7257618286464227882_n.jpg'><img loading=\"lazy\" decoding=\"async\" width=\"150\" height=\"150\" src=\"https:\/\/www.radiopiu.net\/wordpress\/wp-content\/uploads\/2023\/03\/337068415_751827966294750_7257618286464227882_n-150x150.jpg\" class=\"attachment-thumbnail size-thumbnail\" alt=\"\" srcset=\"https:\/\/www.radiopiu.net\/wordpress\/wp-content\/uploads\/2023\/03\/337068415_751827966294750_7257618286464227882_n-150x150.jpg 150w, https:\/\/www.radiopiu.net\/wordpress\/wp-content\/uploads\/2023\/03\/337068415_751827966294750_7257618286464227882_n-300x300.jpg 300w, https:\/\/www.radiopiu.net\/wordpress\/wp-content\/uploads\/2023\/03\/337068415_751827966294750_7257618286464227882_n.jpg 403w\" sizes=\"auto, (max-width: 150px) 100vw, 150px\" \/><\/a>\n\t\t\t\t<\/dt><\/dl><dl class='gallery-item'>\n\t\t\t\t<dt class='gallery-icon landscape'>\n\t\t\t\t\t<a class=\"rollover rollover-zoom dt-pswp-item\" title=\"334909441_1688885068214390_47017781980931282_n\" data-dt-img-description=\"\" data-large_image_width=\"537\" data-large_image_height=\"403\"href='https:\/\/www.radiopiu.net\/wordpress\/wp-content\/uploads\/2023\/03\/334909441_1688885068214390_47017781980931282_n.jpg'><img loading=\"lazy\" decoding=\"async\" width=\"150\" height=\"150\" src=\"https:\/\/www.radiopiu.net\/wordpress\/wp-content\/uploads\/2023\/03\/334909441_1688885068214390_47017781980931282_n-150x150.jpg\" class=\"attachment-thumbnail size-thumbnail\" alt=\"\" \/><\/a>\n\t\t\t\t<\/dt><\/dl><dl class='gallery-item'>\n\t\t\t\t<dt class='gallery-icon portrait'>\n\t\t\t\t\t<a class=\"rollover rollover-zoom dt-pswp-item\" title=\"334899877_740745927422047_2773432467533554129_n\" data-dt-img-description=\"\" data-large_image_width=\"320\" data-large_image_height=\"471\"href='https:\/\/www.radiopiu.net\/wordpress\/wp-content\/uploads\/2023\/03\/334899877_740745927422047_2773432467533554129_n.jpg'><img loading=\"lazy\" decoding=\"async\" width=\"150\" height=\"150\" src=\"https:\/\/www.radiopiu.net\/wordpress\/wp-content\/uploads\/2023\/03\/334899877_740745927422047_2773432467533554129_n-150x150.jpg\" class=\"attachment-thumbnail size-thumbnail\" alt=\"\" \/><\/a>\n\t\t\t\t<\/dt><\/dl><dl class='gallery-item'>\n\t\t\t\t<dt class='gallery-icon landscape'>\n\t\t\t\t\t<a class=\"rollover rollover-zoom dt-pswp-item\" title=\"334592367_236768122048945_5409334310800248186_n\" data-dt-img-description=\"\" data-large_image_width=\"649\" data-large_image_height=\"403\"href='https:\/\/www.radiopiu.net\/wordpress\/wp-content\/uploads\/2023\/03\/334592367_236768122048945_5409334310800248186_n.jpg'><img loading=\"lazy\" decoding=\"async\" width=\"150\" height=\"150\" src=\"https:\/\/www.radiopiu.net\/wordpress\/wp-content\/uploads\/2023\/03\/334592367_236768122048945_5409334310800248186_n-150x150.jpg\" class=\"attachment-thumbnail size-thumbnail\" alt=\"\" \/><\/a>\n\t\t\t\t<\/dt><\/dl><br style=\"clear: both\" \/><dl class='gallery-item'>\n\t\t\t\t<dt class='gallery-icon landscape'>\n\t\t\t\t\t<a class=\"rollover rollover-zoom dt-pswp-item\" title=\"334897182_248494014281137_5443303596396284597_n\" data-dt-img-description=\"\" data-large_image_width=\"562\" data-large_image_height=\"403\"href='https:\/\/www.radiopiu.net\/wordpress\/wp-content\/uploads\/2023\/03\/334897182_248494014281137_5443303596396284597_n.jpg'><img loading=\"lazy\" decoding=\"async\" width=\"150\" height=\"150\" src=\"https:\/\/www.radiopiu.net\/wordpress\/wp-content\/uploads\/2023\/03\/334897182_248494014281137_5443303596396284597_n-150x150.jpg\" class=\"attachment-thumbnail size-thumbnail\" alt=\"\" \/><\/a>\n\t\t\t\t<\/dt><\/dl><dl class='gallery-item'>\n\t\t\t\t<dt class='gallery-icon portrait'>\n\t\t\t\t\t<a class=\"rollover rollover-zoom dt-pswp-item\" title=\"336654481_523649046601517_4714694826391909654_n\" data-dt-img-description=\"\" data-large_image_width=\"324\" data-large_image_height=\"403\"href='https:\/\/www.radiopiu.net\/wordpress\/wp-content\/uploads\/2023\/03\/336654481_523649046601517_4714694826391909654_n.jpg'><img loading=\"lazy\" decoding=\"async\" width=\"150\" height=\"150\" src=\"https:\/\/www.radiopiu.net\/wordpress\/wp-content\/uploads\/2023\/03\/336654481_523649046601517_4714694826391909654_n-150x150.jpg\" class=\"attachment-thumbnail size-thumbnail\" alt=\"\" \/><\/a>\n\t\t\t\t<\/dt><\/dl><dl class='gallery-item'>\n\t\t\t\t<dt class='gallery-icon landscape'>\n\t\t\t\t\t<a class=\"rollover rollover-zoom dt-pswp-item\" title=\"334605287_6690401384308206_5126818280000437318_n\" data-dt-img-description=\"\" data-large_image_width=\"417\" data-large_image_height=\"402\"href='https:\/\/www.radiopiu.net\/wordpress\/wp-content\/uploads\/2023\/03\/334605287_6690401384308206_5126818280000437318_n.jpg'><img loading=\"lazy\" decoding=\"async\" width=\"150\" height=\"150\" src=\"https:\/\/www.radiopiu.net\/wordpress\/wp-content\/uploads\/2023\/03\/334605287_6690401384308206_5126818280000437318_n-150x150.jpg\" class=\"attachment-thumbnail size-thumbnail\" alt=\"\" \/><\/a>\n\t\t\t\t<\/dt><\/dl><dl class='gallery-item'>\n\t\t\t\t<dt class='gallery-icon landscape'>\n\t\t\t\t\t<a class=\"rollover rollover-zoom dt-pswp-item\" title=\"334586911_757423525798841_9109507022901853081_n\" data-dt-img-description=\"\" data-large_image_width=\"477\" data-large_image_height=\"403\"href='https:\/\/www.radiopiu.net\/wordpress\/wp-content\/uploads\/2023\/03\/334586911_757423525798841_9109507022901853081_n.jpg'><img loading=\"lazy\" decoding=\"async\" width=\"150\" height=\"150\" src=\"https:\/\/www.radiopiu.net\/wordpress\/wp-content\/uploads\/2023\/03\/334586911_757423525798841_9109507022901853081_n-150x150.jpg\" class=\"attachment-thumbnail size-thumbnail\" alt=\"\" \/><\/a>\n\t\t\t\t<\/dt><\/dl><dl class='gallery-item'>\n\t\t\t\t<dt class='gallery-icon landscape'>\n\t\t\t\t\t<a class=\"rollover rollover-zoom dt-pswp-item\" title=\"334900712_2478986075587199_7896796543540461291_n\" data-dt-img-description=\"\" data-large_image_width=\"581\" data-large_image_height=\"403\"href='https:\/\/www.radiopiu.net\/wordpress\/wp-content\/uploads\/2023\/03\/334900712_2478986075587199_7896796543540461291_n.jpg'><img loading=\"lazy\" decoding=\"async\" width=\"150\" height=\"150\" src=\"https:\/\/www.radiopiu.net\/wordpress\/wp-content\/uploads\/2023\/03\/334900712_2478986075587199_7896796543540461291_n-150x150.jpg\" class=\"attachment-thumbnail size-thumbnail\" alt=\"\" \/><\/a>\n\t\t\t\t<\/dt><\/dl><dl class='gallery-item'>\n\t\t\t\t<dt class='gallery-icon landscape'>\n\t\t\t\t\t<a class=\"rollover rollover-zoom dt-pswp-item\" title=\"334528535_736890324574469_875349343193240302_n\" data-dt-img-description=\"\" data-large_image_width=\"682\" data-large_image_height=\"403\"href='https:\/\/www.radiopiu.net\/wordpress\/wp-content\/uploads\/2023\/03\/334528535_736890324574469_875349343193240302_n.jpg'><img loading=\"lazy\" decoding=\"async\" width=\"150\" height=\"150\" src=\"https:\/\/www.radiopiu.net\/wordpress\/wp-content\/uploads\/2023\/03\/334528535_736890324574469_875349343193240302_n-150x150.jpg\" class=\"attachment-thumbnail size-thumbnail\" alt=\"\" \/><\/a>\n\t\t\t\t<\/dt><\/dl>\n\t\t\t\t<br style='clear: both' \/>\n\t\t\t<\/div>\n\n<p>&nbsp;<\/p>\n<p>NELLE FOTO (riproduzione dai due libri di Armando Dal Col): la copertina di\u201dBonsai e Suiseki\u201d; quella di \u201cBonsai l\u2019evoluzione\u201d; l\u2019autore, Armando Dal Col; la moglie, Haina sua \u201caiutante\u201d; una \u201cperla\u201d dal sito Fb di Dal Col; tronco di rami di un pesco cosparsi di calce per mantenere sana la corteccia; un faggio come si presentava in natura; il faggio a primavera 1982 : evidente la ripresa; Picea abies, 40 centimetri di altezza, et\u00e0 25 anni; \u201cDolomiti\u201d montagna a dirupo scosceso 13x19x9 centimetri; Il \u201cFaggio patriarca\u201d presentato da Armando Dal Col; Haina mentre modella una Picea abies; aceri palmati ottenuti da seme.<\/p>\n<p>&nbsp;<\/p>\n<p>&nbsp;<\/p>\n<hr \/>\n<p>&nbsp;<\/p>\n<div>\n<div class=\"b654a4as d2edcug0\">\n<div class=\"rq0escxv hkbzh7o3 jwdofwj8 n8tt0mok r8blr3vg hyh9befq\">\n<p><a class=\"dt-pswp-item\" href=\"https:\/\/www.radiopiu.net\/wordpress\/wp-content\/uploads\/2020\/10\/pp.jpg\" data-dt-img-description=\"\" data-large_image_width=\"640\" data-large_image_height=\"640\"><img loading=\"lazy\" decoding=\"async\" class=\"wp-image-163678 alignleft\" src=\"https:\/\/www.radiopiu.net\/wordpress\/wp-content\/uploads\/2020\/10\/pp-300x300.jpg\" alt=\"\" width=\"106\" height=\"106\" srcset=\"https:\/\/www.radiopiu.net\/wordpress\/wp-content\/uploads\/2020\/10\/pp-300x300.jpg 300w, https:\/\/www.radiopiu.net\/wordpress\/wp-content\/uploads\/2020\/10\/pp-150x150.jpg 150w, https:\/\/www.radiopiu.net\/wordpress\/wp-content\/uploads\/2020\/10\/pp-125x125.jpg 125w, https:\/\/www.radiopiu.net\/wordpress\/wp-content\/uploads\/2020\/10\/pp-200x200.jpg 200w, https:\/\/www.radiopiu.net\/wordpress\/wp-content\/uploads\/2020\/10\/pp-80x80.jpg 80w, https:\/\/www.radiopiu.net\/wordpress\/wp-content\/uploads\/2020\/10\/pp-480x480.jpg 480w, https:\/\/www.radiopiu.net\/wordpress\/wp-content\/uploads\/2020\/10\/pp.jpg 640w\" sizes=\"auto, (max-width: 106px) 100vw, 106px\" \/><\/a><\/p>\n<\/div>\n<\/div>\n<\/div>\n<div>\n<div class=\"page-title-head hgroup\">\n<div class=\"page-title-head hgroup\">\n<div class=\"b654a4as d2edcug0\">\n<div class=\"j83agx80 btwxx1t3 lhclo0ds hop8lmos nkwizq5d scwd0bx6 roh60bw9\">\n<div class=\"rq0escxv hkbzh7o3 jwdofwj8 n8tt0mok r8blr3vg hyh9befq\">\n<div class=\"do00u71z l9j0dhe7 k4urcfbm\" style=\"text-align: left;\">\n<h2><span style=\"color: #000080;\">DON CESARE, IL PENSIERO DEL GIORNO. ALLA RADIO ALLE 7 DEL MATTINO E ALLE 19.30 DELLA SERA\u00a0<\/span><\/h2>\n<audio class=\"wp-audio-shortcode\" id=\"audio-327733-19\" preload=\"none\" style=\"width: 100%;\" controls=\"controls\"><source type=\"audio\/mpeg\" src=\"https:\/\/www.radiopiu.net\/wordpress\/wp-content\/uploads\/2023\/03\/CESARE-18.mp3?_=19\" \/><a href=\"https:\/\/www.radiopiu.net\/wordpress\/wp-content\/uploads\/2023\/03\/CESARE-18.mp3\">https:\/\/www.radiopiu.net\/wordpress\/wp-content\/uploads\/2023\/03\/CESARE-18.mp3<\/a><\/audio>\n<\/div>\n<\/div>\n<\/div>\n<\/div>\n<\/div>\n<\/div>\n<\/div>\n<p>&nbsp;<\/p>\n<hr \/>\n<p>&nbsp;<\/p>\n<h2><span style=\"color: #ff00ff;\">IN VIVO VERSO\u00a0 \u00a0 \u00a0<\/span><\/h2>\n<blockquote>\n<h3>VERRANNO di IRNO SCARANI<\/h3>\n<\/blockquote>\n<p>AUDIO<\/p>\n<audio class=\"wp-audio-shortcode\" id=\"audio-327733-20\" preload=\"none\" style=\"width: 100%;\" controls=\"controls\"><source type=\"audio\/mpeg\" src=\"https:\/\/www.radiopiu.net\/wordpress\/wp-content\/uploads\/2019\/01\/03-IRNO-SCARANI-VERRANNO.mp3?_=20\" \/><a href=\"https:\/\/www.radiopiu.net\/wordpress\/wp-content\/uploads\/2019\/01\/03-IRNO-SCARANI-VERRANNO.mp3\">https:\/\/www.radiopiu.net\/wordpress\/wp-content\/uploads\/2019\/01\/03-IRNO-SCARANI-VERRANNO.mp3<\/a><\/audio>\n<p>&nbsp;<\/p>\n<p><a class=\"dt-pswp-item\" href=\"https:\/\/www.radiopiu.net\/wordpress\/wp-content\/uploads\/2023\/03\/3-IRNO-SCARANI.jpg\" data-dt-img-description=\"\" data-large_image_width=\"1280\" data-large_image_height=\"853\"><img loading=\"lazy\" decoding=\"async\" class=\"wp-image-327817 alignleft\" src=\"https:\/\/www.radiopiu.net\/wordpress\/wp-content\/uploads\/2023\/03\/3-IRNO-SCARANI-300x200.jpg\" alt=\"\" width=\"182\" height=\"121\" srcset=\"https:\/\/www.radiopiu.net\/wordpress\/wp-content\/uploads\/2023\/03\/3-IRNO-SCARANI-300x200.jpg 300w, https:\/\/www.radiopiu.net\/wordpress\/wp-content\/uploads\/2023\/03\/3-IRNO-SCARANI-1024x682.jpg 1024w, https:\/\/www.radiopiu.net\/wordpress\/wp-content\/uploads\/2023\/03\/3-IRNO-SCARANI-768x512.jpg 768w, https:\/\/www.radiopiu.net\/wordpress\/wp-content\/uploads\/2023\/03\/3-IRNO-SCARANI.jpg 1280w\" sizes=\"auto, (max-width: 182px) 100vw, 182px\" \/><\/a>Irno Scarani<br \/>\nVERRANNO<\/p>\n<p>Verranno<br \/>\ndai profondi mari dell&#8217;amore<br \/>\ni tuoi occhi sillabati di perle<br \/>\ne porteranno conchiglie di luce<br \/>\nal mio sguardo assetato<br \/>\ndella tua anima e del tuo corpo.<br \/>\nVerranno<br \/>\ndai cieli limpidi e infuocati<br \/>\ni tuoi divini respiri<br \/>\nportando angelici tremori<br \/>\nal mio cuore deserto.<br \/>\n\u2026<br \/>\nVerranno<br \/>\ndall&#8217;onda stellata dell&#8217;abisso<br \/>\ni tuoi passi luminosi e chiari<br \/>\nportando brezze marine<br \/>\ne anime di fuoco alle mie labbra<br \/>\nche mute<br \/>\nti diranno amore<\/p>\n<p>&nbsp;<\/p>\n<div dir=\"auto\">\n<div dir=\"auto\">\n<div dir=\"auto\">\n<div dir=\"auto\">\n<div dir=\"auto\">\n<div dir=\"auto\">\n<p><strong>LA RACCOLTA COMPLETA<\/strong><\/p>\n<blockquote class=\"wp-embedded-content\" data-secret=\"2vmQitWCbs\"><p><a href=\"https:\/\/www.radiopiu.net\/wordpress\/in-vivo-verso\/\">In Vivo Verso<\/a><\/p><\/blockquote>\n<p><iframe loading=\"lazy\" class=\"wp-embedded-content\" sandbox=\"allow-scripts\" security=\"restricted\" style=\"position: absolute; clip: rect(1px, 1px, 1px, 1px);\" title=\"&#8220;In Vivo Verso&#8221; &#8212; Radio Pi\u00f9\" src=\"https:\/\/www.radiopiu.net\/wordpress\/in-vivo-verso\/embed\/#?secret=WlLul7dOrw#?secret=2vmQitWCbs\" data-secret=\"2vmQitWCbs\" width=\"600\" height=\"338\" frameborder=\"0\" marginwidth=\"0\" marginheight=\"0\" scrolling=\"no\"><\/iframe><\/p>\n<p>&nbsp;<\/p>\n<\/div>\n<\/div>\n<\/div>\n<\/div>\n<\/div>\n<\/div>\n<hr \/>\n<p>&nbsp;<\/p>\n<h2><strong><a class=\"dt-pswp-item\" href=\"https:\/\/www.radiopiu.net\/wordpress\/wp-content\/uploads\/2023\/01\/PAOLO-FRENA.png\" data-dt-img-description=\"\" data-large_image_width=\"994\" data-large_image_height=\"672\"><img loading=\"lazy\" decoding=\"async\" class=\" wp-image-314432 alignleft\" src=\"https:\/\/www.radiopiu.net\/wordpress\/wp-content\/uploads\/2023\/01\/PAOLO-FRENA-300x203.png\" alt=\"\" width=\"183\" height=\"124\" srcset=\"https:\/\/www.radiopiu.net\/wordpress\/wp-content\/uploads\/2023\/01\/PAOLO-FRENA-300x203.png 300w, https:\/\/www.radiopiu.net\/wordpress\/wp-content\/uploads\/2023\/01\/PAOLO-FRENA-768x519.png 768w, https:\/\/www.radiopiu.net\/wordpress\/wp-content\/uploads\/2023\/01\/PAOLO-FRENA.png 994w\" sizes=\"auto, (max-width: 183px) 100vw, 183px\" \/><\/a><\/strong><span style=\"color: #808080;\">LA RASSEGNA STAMPA DA L&#8217;AMICO DEL POPOLO<\/span><\/h2>\n<p><strong>di Gianni Santomaso<\/strong><\/p>\n<p>OSPITE: Paolo Frena, sindaco di Colle Santa Lucia e Presidente dell&#8217;Unione Montana Agordina<\/p>\n<audio class=\"wp-audio-shortcode\" id=\"audio-327733-21\" preload=\"none\" style=\"width: 100%;\" controls=\"controls\"><source type=\"audio\/mpeg\" src=\"https:\/\/www.radiopiu.net\/wordpress\/wp-content\/uploads\/2023\/03\/RASSEGNA-GIANNI-2.mp3?_=21\" \/><a href=\"https:\/\/www.radiopiu.net\/wordpress\/wp-content\/uploads\/2023\/03\/RASSEGNA-GIANNI-2.mp3\">https:\/\/www.radiopiu.net\/wordpress\/wp-content\/uploads\/2023\/03\/RASSEGNA-GIANNI-2.mp3<\/a><\/audio>\n<p>&nbsp;<\/p>\n<p>&nbsp;<\/p>\n<hr \/>\n<p>&nbsp;<\/p>\n<h2><span style=\"color: #008080;\">GOCCE DI FILOSOFIA\u00a0<\/span><\/h2>\n<h3>GOCCE DI FILOSOFIA \u2013 PUNTATA 273 \u2013 LISA DE LUCA<\/h3>\n<audio class=\"wp-audio-shortcode\" id=\"audio-327733-22\" preload=\"none\" style=\"width: 100%;\" controls=\"controls\"><source type=\"audio\/mpeg\" src=\"https:\/\/www.radiopiu.net\/wordpress\/wp-content\/uploads\/2023\/03\/FI3-1.mp3?_=22\" \/><a href=\"https:\/\/www.radiopiu.net\/wordpress\/wp-content\/uploads\/2023\/03\/FI3-1.mp3\">https:\/\/www.radiopiu.net\/wordpress\/wp-content\/uploads\/2023\/03\/FI3-1.mp3<\/a><\/audio>\n<p>&nbsp;<\/p>\n<p>LA RACCOLTA COMPLETA<\/p>\n<blockquote class=\"wp-embedded-content\" data-secret=\"Qbbg65bFvZ\"><p><a href=\"https:\/\/www.radiopiu.net\/wordpress\/gocce-filosofia\/\">Gocce di filosofia,  LA TERZA STAGIONE&#8230; 2023<\/a><\/p><\/blockquote>\n<p><iframe loading=\"lazy\" class=\"wp-embedded-content\" sandbox=\"allow-scripts\" security=\"restricted\" style=\"position: absolute; clip: rect(1px, 1px, 1px, 1px);\" title=\"&#8220;Gocce di filosofia,  LA TERZA STAGIONE&#8230; 2023&#8221; &#8212; Radio Pi\u00f9\" src=\"https:\/\/www.radiopiu.net\/wordpress\/gocce-filosofia\/embed\/#?secret=cDJFkAi8gj#?secret=Qbbg65bFvZ\" data-secret=\"Qbbg65bFvZ\" width=\"600\" height=\"338\" frameborder=\"0\" marginwidth=\"0\" marginheight=\"0\" scrolling=\"no\"><\/iframe><\/p>\n<p>&nbsp;<\/p>\n<p>&nbsp;<\/p>\n<hr \/>\n<p>&nbsp;<\/p>\n<div class=\"column\">\n<p><img loading=\"lazy\" decoding=\"async\" class=\"aligncenter wp-image-61954 size-full\" src=\"https:\/\/www.radiopiu.net\/wordpress\/wp-content\/uploads\/2018\/09\/viabilita.jpeg\" sizes=\"auto, (max-width: 800px) 100vw, 800px\" srcset=\"https:\/\/www.radiopiu.net\/wordpress\/wp-content\/uploads\/2018\/09\/viabilita.jpeg 800w, https:\/\/www.radiopiu.net\/wordpress\/wp-content\/uploads\/2018\/09\/viabilita-300x38.jpeg 300w, https:\/\/www.radiopiu.net\/wordpress\/wp-content\/uploads\/2018\/09\/viabilita-768x96.jpeg 768w\" alt=\"\" width=\"800\" height=\"100\" \/><\/p>\n<p>&nbsp;<\/p>\n<blockquote class=\"wp-embedded-content\" data-secret=\"ytHRtAAb9w\"><p><a href=\"https:\/\/www.radiopiu.net\/wordpress\/viabilita\/\">viabilita<\/a><\/p><\/blockquote>\n<p><iframe loading=\"lazy\" class=\"wp-embedded-content\" sandbox=\"allow-scripts\" security=\"restricted\" style=\"position: absolute; clip: rect(1px, 1px, 1px, 1px);\" title=\"&#8220;viabilita&#8221; &#8212; Radio Pi\u00f9\" src=\"https:\/\/www.radiopiu.net\/wordpress\/viabilita\/embed\/#?secret=wV8DK8JzFD#?secret=ytHRtAAb9w\" data-secret=\"ytHRtAAb9w\" width=\"600\" height=\"338\" frameborder=\"0\" marginwidth=\"0\" marginheight=\"0\" scrolling=\"no\"><\/iframe><\/p>\n<div>\n<div dir=\"ltr\">\n<div class=\"gmail_quote\">\n<div dir=\"ltr\">\n<div class=\"gmail_quote\"><\/div>\n<\/div>\n<\/div>\n<\/div>\n<\/div>\n<p>&nbsp;<\/p>\n<hr \/>\n<p>&nbsp;<\/p>\n<p><a class=\"dt-pswp-item\" href=\"https:\/\/www.radiopiu.net\/wordpress\/wp-content\/uploads\/2018\/09\/WhatsApp-Image-2018-09-20-at-16.04.06.jpeg\" data-dt-img-description=\"\" data-large_image_width=\"800\" data-large_image_height=\"100\"><img loading=\"lazy\" decoding=\"async\" class=\"wp-image-61378 size-full aligncenter\" src=\"https:\/\/www.radiopiu.net\/wordpress\/wp-content\/uploads\/2018\/09\/WhatsApp-Image-2018-09-20-at-16.04.06.jpeg\" alt=\"\" width=\"800\" height=\"100\" srcset=\"https:\/\/www.radiopiu.net\/wordpress\/wp-content\/uploads\/2018\/09\/WhatsApp-Image-2018-09-20-at-16.04.06.jpeg 800w, https:\/\/www.radiopiu.net\/wordpress\/wp-content\/uploads\/2018\/09\/WhatsApp-Image-2018-09-20-at-16.04.06-300x38.jpeg 300w, https:\/\/www.radiopiu.net\/wordpress\/wp-content\/uploads\/2018\/09\/WhatsApp-Image-2018-09-20-at-16.04.06-768x96.jpeg 768w\" sizes=\"auto, (max-width: 800px) 100vw, 800px\" \/><\/a><\/p>\n<p>&nbsp;<\/p>\n<\/div>\n<p><center><\/center><center><b>OGGI<\/b><\/center>Tempo buono\/discreto, da soleggiato a parzialmente soleggiato per la presenza di nubi alte in grado di velare il cielo al mattino. dalle ore centrali in poi riduzione delle velature e tratti del tutto soleggiati, ma la nuvolosit\u00e0 cumuliforme aumenter\u00e0 durante le ore pi\u00f9 calde.<br \/>\n<b>Precipitazioni: <\/b>Assenti (0%).<br \/>\n<b>Temperature: <\/b>In generale rialzo sopra i 1800-2000 m; stazionarie o in leggera flessione sotto tali quote.<\/p>\n<hr \/>\n<p><center><b>DOMANI<\/b><\/center>Minori chance di schiarite e maggiore nuvolosit\u00e0 rispetto ai giorni precedenti, sopratutto nel tardo pomeriggio\/sera, quando ci sar\u00e0 un crescente rischio di precipitazioni sulla parte settentrionale del bellunese, ma non altrove.<br \/>\n<b>Precipitazioni: <\/b>In giornata assenti (0%), nel tardo pomeriggio e soprattutto in serata sulla parte settentrionale del bellunese prime deboli precipitazioni (20-40%), nevose oltre i 1900-2100 m. Il rischio sar\u00e0 minore o assente altrove (0-10%).<br \/>\n<b>Temperature: <\/b>Minime del mattino in aumento e massime in leggera flessione, in alta quota le minime effettive saranno in calo, ma solo in tarda serata.<\/p>\n<hr \/>\n<p><center><b>SABATO<\/b><\/center>Nottetempo cielo coperto con breve fase perturbata, pi\u00f9 probabile sul bellunese, mentre sar\u00e0 pi\u00f9 marginale sulle Prealpi centro-occidentali. Al mattino molte nubi e residui fenomeni, prima che il tempo migliori parzialmente con rasserenamenti e addensamenti irregolari associati a qualche piovasco. Il calo termico sar\u00e0 contenuto, con valori ancora sopra la media.<\/p>\n<hr \/>\n<p><center><b>DOMENICA<\/b><\/center>Sole e primo annuvolamenti irregolari al mattino. Crescente nuvolosit\u00e0 con rovesci sparsi al pomeriggio\/sera, nevosi oltre i 1200-1400 m su Dolomiti e 1400-1500 m sulle Prealpi. Temperature in ulteriore calo, specie le minime in caso di cielo sereno o poco nuvoloso di notte.<\/p>\n<p>&nbsp;<\/p>\n<hr \/>\n<p>&nbsp;<\/p>\n<p><a class=\"dt-pswp-item\" href=\"https:\/\/www.radiopiu.net\/wordpress\/wp-content\/uploads\/2018\/09\/sport.jpg\" data-dt-img-description=\"\" data-large_image_width=\"800\" data-large_image_height=\"100\"><img loading=\"lazy\" decoding=\"async\" class=\"aligncenter wp-image-60761 size-full\" src=\"https:\/\/www.radiopiu.net\/wordpress\/wp-content\/uploads\/2018\/09\/sport.jpg\" alt=\"\" width=\"800\" height=\"100\" srcset=\"https:\/\/www.radiopiu.net\/wordpress\/wp-content\/uploads\/2018\/09\/sport.jpg 800w, https:\/\/www.radiopiu.net\/wordpress\/wp-content\/uploads\/2018\/09\/sport-300x38.jpg 300w, https:\/\/www.radiopiu.net\/wordpress\/wp-content\/uploads\/2018\/09\/sport-768x96.jpg 768w\" sizes=\"auto, (max-width: 800px) 100vw, 800px\" \/><\/a><\/p>\n<p>&nbsp;<\/p>\n<p><span style=\"color: #0000ff;\"><strong>RALLY<\/strong><\/span><\/p>\n<blockquote>\n<h3>IL RALLY BELLUNESE E&#8217; SALVO! IN CALENDARIO PER INIZIO APRILE<\/h3>\n<\/blockquote>\n<p>&nbsp;<\/p>\n<p><strong><a class=\"dt-pswp-item\" href=\"https:\/\/www.radiopiu.net\/wordpress\/wp-content\/uploads\/2023\/03\/e8212a00-5b37-4406-9ac9-c798d73101fc.jpg\" data-dt-img-description=\"\" data-large_image_width=\"1600\" data-large_image_height=\"1064\"><img loading=\"lazy\" decoding=\"async\" class=\" wp-image-327951 alignleft\" src=\"https:\/\/www.radiopiu.net\/wordpress\/wp-content\/uploads\/2023\/03\/e8212a00-5b37-4406-9ac9-c798d73101fc-300x200.jpg\" alt=\"\" width=\"210\" height=\"140\" srcset=\"https:\/\/www.radiopiu.net\/wordpress\/wp-content\/uploads\/2023\/03\/e8212a00-5b37-4406-9ac9-c798d73101fc-300x200.jpg 300w, https:\/\/www.radiopiu.net\/wordpress\/wp-content\/uploads\/2023\/03\/e8212a00-5b37-4406-9ac9-c798d73101fc-1024x681.jpg 1024w, https:\/\/www.radiopiu.net\/wordpress\/wp-content\/uploads\/2023\/03\/e8212a00-5b37-4406-9ac9-c798d73101fc-768x511.jpg 768w, https:\/\/www.radiopiu.net\/wordpress\/wp-content\/uploads\/2023\/03\/e8212a00-5b37-4406-9ac9-c798d73101fc-1536x1021.jpg 1536w, https:\/\/www.radiopiu.net\/wordpress\/wp-content\/uploads\/2023\/03\/e8212a00-5b37-4406-9ac9-c798d73101fc.jpg 1600w\" sizes=\"auto, (max-width: 210px) 100vw, 210px\" \/><\/a>BELLUNO<\/strong><\/p>\n<p>&nbsp;<\/p>\n<p>&nbsp;<\/p>\n<p>&nbsp;<\/p>\n<p>&nbsp;<\/p>\n<p><strong>ROBERTO BONA<\/strong><\/p>\n<audio class=\"wp-audio-shortcode\" id=\"audio-327733-23\" preload=\"none\" style=\"width: 100%;\" controls=\"controls\"><source type=\"audio\/mpeg\" src=\"https:\/\/www.radiopiu.net\/wordpress\/wp-content\/uploads\/2023\/03\/BelluneseSalvo.mp3?_=23\" \/><a href=\"https:\/\/www.radiopiu.net\/wordpress\/wp-content\/uploads\/2023\/03\/BelluneseSalvo.mp3\">https:\/\/www.radiopiu.net\/wordpress\/wp-content\/uploads\/2023\/03\/BelluneseSalvo.mp3<\/a><\/audio>\n<p>&nbsp;<\/p>\n<p><strong>ieri alla radio<\/strong><\/p>\n<blockquote>\n<h3>PERCORSO COLLAUDATO E VIA LIBERA AL RALLY BELLUNESE 2023<\/h3>\n<\/blockquote>\n<p><strong><a class=\"dt-pswp-item\" href=\"https:\/\/www.radiopiu.net\/wordpress\/wp-content\/uploads\/2023\/03\/a80651a4-a0dd-4b2e-b6ad-b849b98f5b34.jpg\" data-dt-img-description=\"\" data-large_image_width=\"1600\" data-large_image_height=\"1066\"><img loading=\"lazy\" decoding=\"async\" class=\" wp-image-327844 alignleft\" src=\"https:\/\/www.radiopiu.net\/wordpress\/wp-content\/uploads\/2023\/03\/a80651a4-a0dd-4b2e-b6ad-b849b98f5b34-300x200.jpg\" alt=\"\" width=\"200\" height=\"133\" srcset=\"https:\/\/www.radiopiu.net\/wordpress\/wp-content\/uploads\/2023\/03\/a80651a4-a0dd-4b2e-b6ad-b849b98f5b34-300x200.jpg 300w, https:\/\/www.radiopiu.net\/wordpress\/wp-content\/uploads\/2023\/03\/a80651a4-a0dd-4b2e-b6ad-b849b98f5b34-1024x682.jpg 1024w, https:\/\/www.radiopiu.net\/wordpress\/wp-content\/uploads\/2023\/03\/a80651a4-a0dd-4b2e-b6ad-b849b98f5b34-768x512.jpg 768w, https:\/\/www.radiopiu.net\/wordpress\/wp-content\/uploads\/2023\/03\/a80651a4-a0dd-4b2e-b6ad-b849b98f5b34-1536x1023.jpg 1536w, https:\/\/www.radiopiu.net\/wordpress\/wp-content\/uploads\/2023\/03\/a80651a4-a0dd-4b2e-b6ad-b849b98f5b34.jpg 1600w\" sizes=\"auto, (max-width: 200px) 100vw, 200px\" \/><\/a>BORGO VALBELLUNA<\/strong><\/p>\n<p>di Roberto Bona<\/p>\n<audio class=\"wp-audio-shortcode\" id=\"audio-327733-24\" preload=\"none\" style=\"width: 100%;\" controls=\"controls\"><source type=\"audio\/mpeg\" src=\"https:\/\/www.radiopiu.net\/wordpress\/wp-content\/uploads\/2023\/03\/CollaudoBellunese.mp3?_=24\" \/><a href=\"https:\/\/www.radiopiu.net\/wordpress\/wp-content\/uploads\/2023\/03\/CollaudoBellunese.mp3\">https:\/\/www.radiopiu.net\/wordpress\/wp-content\/uploads\/2023\/03\/CollaudoBellunese.mp3<\/a><\/audio>\n<p>&nbsp;<\/p>\n<hr \/>\n<p>&nbsp;<\/p>\n<p><span style=\"color: #0000ff;\"><strong>CURLING<\/strong><\/span><\/p>\n<blockquote>\n<h3>QUARTA VITTORIA AI MONDIALI FEMMINILE IN SVEZIA<\/h3>\n<\/blockquote>\n<p><strong><a class=\"dt-pswp-item\" href=\"https:\/\/www.radiopiu.net\/wordpress\/wp-content\/uploads\/2023\/03\/f4304013-6e36-47a5-9fad-b900b60d02d9.jpg\" data-dt-img-description=\"\" data-large_image_width=\"1080\" data-large_image_height=\"1080\"><img loading=\"lazy\" decoding=\"async\" class=\"wp-image-327974 alignleft\" src=\"https:\/\/www.radiopiu.net\/wordpress\/wp-content\/uploads\/2023\/03\/f4304013-6e36-47a5-9fad-b900b60d02d9-300x300.jpg\" alt=\"\" width=\"205\" height=\"205\" srcset=\"https:\/\/www.radiopiu.net\/wordpress\/wp-content\/uploads\/2023\/03\/f4304013-6e36-47a5-9fad-b900b60d02d9-300x300.jpg 300w, https:\/\/www.radiopiu.net\/wordpress\/wp-content\/uploads\/2023\/03\/f4304013-6e36-47a5-9fad-b900b60d02d9-1024x1024.jpg 1024w, https:\/\/www.radiopiu.net\/wordpress\/wp-content\/uploads\/2023\/03\/f4304013-6e36-47a5-9fad-b900b60d02d9-150x150.jpg 150w, https:\/\/www.radiopiu.net\/wordpress\/wp-content\/uploads\/2023\/03\/f4304013-6e36-47a5-9fad-b900b60d02d9-768x768.jpg 768w, https:\/\/www.radiopiu.net\/wordpress\/wp-content\/uploads\/2023\/03\/f4304013-6e36-47a5-9fad-b900b60d02d9.jpg 1080w\" sizes=\"auto, (max-width: 205px) 100vw, 205px\" \/><\/a>di Barbara Paolazzi, Radio Club 103<\/strong><\/p>\n<p>Quarta\u00a0 vittoria di fila ai Mondiali femminili in Svezia per Stefania Constantini, Marta Lo Deserto, Angela Romei, Giulia Zardini Lacedelli e Camilla Gilberti.\u00a0 Superano\u00a0 7 a 3 il Giappone \u00a0e volano al secondo posto nella classifica generale del Round Robin! Le voci dei coach Violetta Caldart e Claudio Pescia<\/p>\n<audio class=\"wp-audio-shortcode\" id=\"audio-327733-25\" preload=\"none\" style=\"width: 100%;\" controls=\"controls\"><source type=\"audio\/mpeg\" src=\"https:\/\/www.radiopiu.net\/wordpress\/wp-content\/uploads\/2023\/03\/barabra.mp3?_=25\" \/><a href=\"https:\/\/www.radiopiu.net\/wordpress\/wp-content\/uploads\/2023\/03\/barabra.mp3\">https:\/\/www.radiopiu.net\/wordpress\/wp-content\/uploads\/2023\/03\/barabra.mp3<\/a><\/audio>\n<p>&nbsp;<\/p>\n<p>&nbsp;<\/p>\n<hr \/>\n<p>&nbsp;<\/p>\n<p><span style=\"color: #0000ff;\"><strong>CALCIO<\/strong><\/span><\/p>\n<blockquote>\n<h3>IL SETTORE GIOVANILE DELL&#8217;AGORDINA TRA ALTI E BASSI<\/h3>\n<\/blockquote>\n<p><strong><a class=\"dt-pswp-item\" href=\"https:\/\/www.radiopiu.net\/wordpress\/wp-content\/uploads\/2021\/11\/CALCIO-2021.jpg\" data-dt-img-description=\"\" data-large_image_width=\"2560\" data-large_image_height=\"1707\"><img loading=\"lazy\" decoding=\"async\" class=\" wp-image-242798 alignleft\" src=\"https:\/\/www.radiopiu.net\/wordpress\/wp-content\/uploads\/2021\/11\/CALCIO-2021-300x200.jpg\" alt=\"\" width=\"188\" height=\"125\" srcset=\"https:\/\/www.radiopiu.net\/wordpress\/wp-content\/uploads\/2021\/11\/CALCIO-2021-300x200.jpg 300w, https:\/\/www.radiopiu.net\/wordpress\/wp-content\/uploads\/2021\/11\/CALCIO-2021-1024x683.jpg 1024w, https:\/\/www.radiopiu.net\/wordpress\/wp-content\/uploads\/2021\/11\/CALCIO-2021-768x512.jpg 768w, https:\/\/www.radiopiu.net\/wordpress\/wp-content\/uploads\/2021\/11\/CALCIO-2021-1536x1024.jpg 1536w, https:\/\/www.radiopiu.net\/wordpress\/wp-content\/uploads\/2021\/11\/CALCIO-2021-2048x1366.jpg 2048w\" sizes=\"auto, (max-width: 188px) 100vw, 188px\" \/><\/a>di Marco Gaz<\/strong><\/p>\n<p><strong>REDAZIONE\u00a0<\/strong>Viaggia tra alti e bassi la stagione delle squadre giovanili dell&#8217;Agordina Calcio. Giovanissimi e Juniores stanno partecipando ai tornei provinciali, Allievi impegnati nel campionato regionale. I Giovanissimi allenati da De Bastiani escono dal turno di riposo e dopo le prime 10 partite giocate hanno incamerato 20 punti. Lo si pu\u00f2 definire un buon campionato quello che sta disputando la squadra di Agordo che in questo momento si trova al terzo posto del torneo provinciale. Di tutt&#8217;altro stampo la stagione degli Allievi Regionali di Orzetti che fin dalle prime battute del campionato hanno dimostrato qualche difficolt\u00e0 a tenere il passo degli avversari. L&#8217;ultimo risultato negativo pochi giorni fa quando gli agordini si sono arresi con la Godigense in terra trevigiana. Allievi che dopo 23 partite giocate hanno racimolato 5 punti che equivalgono all&#8217;ultimo posto in graduatoria. Buona invece la prestazione della Juniores di De Zaiacomo che nel campionato provinciale occupa il terzo gradino del podio con 22 punti messi a segno in 12 partite.<\/p>\n<p>&nbsp;<\/p>\n<p>&nbsp;<\/p>\n<hr \/>\n<p>&nbsp;<\/p>\n<p><span style=\"color: #0000ff;\"><strong>SCI ALPINO<\/strong><\/span><\/p>\n<blockquote>\n<h3>DUE MEDAGLIE IN UNA SETTIMANA PER ALESSANDRO VALT<\/h3>\n<\/blockquote>\n<p><strong><a class=\"dt-pswp-item\" href=\"https:\/\/www.radiopiu.net\/wordpress\/wp-content\/uploads\/2023\/03\/SCR-20230322-pzng.jpeg\" data-dt-img-description=\"\" data-large_image_width=\"1088\" data-large_image_height=\"802\"><img loading=\"lazy\" decoding=\"async\" class=\" wp-image-327925 alignleft\" src=\"https:\/\/www.radiopiu.net\/wordpress\/wp-content\/uploads\/2023\/03\/SCR-20230322-pzng-300x221.jpeg\" alt=\"\" width=\"148\" height=\"109\" srcset=\"https:\/\/www.radiopiu.net\/wordpress\/wp-content\/uploads\/2023\/03\/SCR-20230322-pzng-300x221.jpeg 300w, https:\/\/www.radiopiu.net\/wordpress\/wp-content\/uploads\/2023\/03\/SCR-20230322-pzng-1024x755.jpeg 1024w, https:\/\/www.radiopiu.net\/wordpress\/wp-content\/uploads\/2023\/03\/SCR-20230322-pzng-768x566.jpeg 768w, https:\/\/www.radiopiu.net\/wordpress\/wp-content\/uploads\/2023\/03\/SCR-20230322-pzng.jpeg 1088w\" sizes=\"auto, (max-width: 148px) 100vw, 148px\" \/><\/a>di Marco Gaz<\/strong><\/p>\n<p><strong>REDAZIONE<\/strong> Una settimana che ricorder\u00e0 sicuramente a lungo. In pochi giorni Alessandro Valt si \u00e8 messo al collo due medaglie. Il giovane falcadino, che gareggia per l&#8217;US Monti Pallidi di Moena, \u00e8 andato a medaglia luned\u00ec in occasione dello Ski Cross e nelle ultime ore ancora una soddisfazione nel Super G valido per i Campionati Italiani Ragazzi di sci alpino. Complimenti ad Alessandro per i buoni risultati ottenuti.<\/p>\n<p>&nbsp;<\/p>\n<p>&nbsp;<\/p>\n<hr \/>\n<p>&nbsp;<\/p>\n<p><span style=\"color: #0000ff;\"><strong>SKI CROSS<\/strong><\/span><\/p>\n<blockquote>\n<h3>AL VIA OGGI LA EUROPEAN CUP FINALS DI SKI CROSS NELLA SKI AREA SAN PELLEGRINO<\/h3>\n<\/blockquote>\n<p><strong>PASSO SAN PELLEGRINO\u00a0<\/strong>Iniziano oggi, sulla pista Monzoni \/Costabella Ski Area San Pellegrino le finali di Coppa Europa per l\u2019assegnazione dei titoli continentali di ski cross. Per la Val di Fassa, la societ\u00e0 organizzatrice \u00e8 la Monti Pallidi di Moena. Ben 42 le atlete in gara in rappresentanza, di ben tredici nazioni. 80 i maschi, rappresentanti di 14 nazioni. Ottimamente \u00a0rappresentata l\u2019Italia che conosce benissimo il campo di gara, trentine le due concorrenti femminili ovvero Bernard Nathalie (Ski Team Fassa) e Rigatti Di Grazia Amelia (Ski Team Cavalese). L\u2019Italia maschile porta al \u201cgate\u201d di partenza dello spettacolare tracciato di gara, quattordici atleti tra cui alcuni che possono ambire al podio.<\/p>\n\n\t\t\t<style type='text\/css'>\n\t\t\t\t#gallery-8 {\n\t\t\t\t\tmargin: auto;\n\t\t\t\t}\n\t\t\t\t#gallery-8 .gallery-item {\n\t\t\t\t\tfloat: left;\n\t\t\t\t\tmargin-top: 10px;\n\t\t\t\t\ttext-align: center;\n\t\t\t\t\twidth: 50%;\n\t\t\t\t}\n\t\t\t\t#gallery-8 img {\n\t\t\t\t\tborder: 2px solid #cfcfcf;\n\t\t\t\t}\n\t\t\t\t#gallery-8 .gallery-caption {\n\t\t\t\t\tmargin-left: 0;\n\t\t\t\t}\n\t\t\t\t\/* see gallery_shortcode() in wp-includes\/media.php *\/\n\t\t\t<\/style>\n\t\t<div id='gallery-8' class='dt-gallery-container gallery galleryid-327733 gallery-columns-2 gallery-size-medium'><dl class='gallery-item'>\n\t\t\t\t<dt class='gallery-icon landscape'>\n\t\t\t\t\t<a class=\"rollover rollover-zoom dt-pswp-item\" title=\"IMG_0672\" data-dt-img-description=\"\" data-large_image_width=\"640\" data-large_image_height=\"480\"href='https:\/\/www.radiopiu.net\/wordpress\/wp-content\/uploads\/2023\/03\/IMG_0672.jpeg'><img loading=\"lazy\" decoding=\"async\" width=\"300\" height=\"225\" src=\"https:\/\/www.radiopiu.net\/wordpress\/wp-content\/uploads\/2023\/03\/IMG_0672-300x225.jpeg\" class=\"attachment-medium size-medium\" alt=\"\" srcset=\"https:\/\/www.radiopiu.net\/wordpress\/wp-content\/uploads\/2023\/03\/IMG_0672-300x225.jpeg 300w, https:\/\/www.radiopiu.net\/wordpress\/wp-content\/uploads\/2023\/03\/IMG_0672.jpeg 640w\" sizes=\"auto, (max-width: 300px) 100vw, 300px\" \/><\/a>\n\t\t\t\t<\/dt><\/dl><dl class='gallery-item'>\n\t\t\t\t<dt class='gallery-icon landscape'>\n\t\t\t\t\t<a class=\"rollover rollover-zoom dt-pswp-item\" title=\"IMG_0701\" data-dt-img-description=\"\" data-large_image_width=\"640\" data-large_image_height=\"480\"href='https:\/\/www.radiopiu.net\/wordpress\/wp-content\/uploads\/2023\/03\/IMG_0701.jpeg'><img loading=\"lazy\" decoding=\"async\" width=\"300\" height=\"225\" src=\"https:\/\/www.radiopiu.net\/wordpress\/wp-content\/uploads\/2023\/03\/IMG_0701-300x225.jpeg\" class=\"attachment-medium size-medium\" alt=\"\" srcset=\"https:\/\/www.radiopiu.net\/wordpress\/wp-content\/uploads\/2023\/03\/IMG_0701-300x225.jpeg 300w, https:\/\/www.radiopiu.net\/wordpress\/wp-content\/uploads\/2023\/03\/IMG_0701.jpeg 640w\" sizes=\"auto, (max-width: 300px) 100vw, 300px\" \/><\/a>\n\t\t\t\t<\/dt><\/dl><br style=\"clear: both\" \/>\n\t\t\t<\/div>\n\n<p>&nbsp;<\/p>\n<hr \/>\n<p>&nbsp;<\/p>\n<p><strong><span style=\"color: #0000ff;\">PALLAVOLO<\/span><\/strong><\/p>\n<blockquote>\n<h3>NOVELLO CHIEDE DI SPINGERE AL MASSIMO IN QUESTO FINALE DI STAGIONE<\/h3>\n<\/blockquote>\n<p><strong><a class=\"dt-pswp-item\" href=\"https:\/\/www.radiopiu.net\/wordpress\/wp-content\/uploads\/2023\/03\/Novello_in_attacco_nel_derby_con_Montecchio.jpg\" data-dt-img-description=\"\" data-large_image_width=\"1280\" data-large_image_height=\"853\"><img loading=\"lazy\" decoding=\"async\" class=\" wp-image-327803 alignleft\" src=\"https:\/\/www.radiopiu.net\/wordpress\/wp-content\/uploads\/2023\/03\/Novello_in_attacco_nel_derby_con_Montecchio-300x200.jpg\" alt=\"\" width=\"203\" height=\"135\" srcset=\"https:\/\/www.radiopiu.net\/wordpress\/wp-content\/uploads\/2023\/03\/Novello_in_attacco_nel_derby_con_Montecchio-300x200.jpg 300w, https:\/\/www.radiopiu.net\/wordpress\/wp-content\/uploads\/2023\/03\/Novello_in_attacco_nel_derby_con_Montecchio-1024x682.jpg 1024w, https:\/\/www.radiopiu.net\/wordpress\/wp-content\/uploads\/2023\/03\/Novello_in_attacco_nel_derby_con_Montecchio-768x512.jpg 768w, https:\/\/www.radiopiu.net\/wordpress\/wp-content\/uploads\/2023\/03\/Novello_in_attacco_nel_derby_con_Montecchio.jpg 1280w\" sizes=\"auto, (max-width: 203px) 100vw, 203px\" \/><\/a>BELLUNO <\/strong>Inutile girarci attorno: per tornare da Fano con qualche punto in saccoccia servir\u00e0 qualcosa di speciale. E andare oltre un copione prestabilito. Ne \u00e8 perfettamente consapevole Marco Novello. Il quale, a dispetto della giovane et\u00e0, adora assumersi le responsabilit\u00e0 e compiere un passo avanti nei momenti decisivi dei vari incontri. Perch\u00e9 se \u00e8 vero che domenica alle 19, nella tana della capoclassifica Vigilar, sar\u00e0 necessaria una prova maiuscola del collettivo, \u00e8 altrettanto vero che la Pallavolo Belluno Maschile non pu\u00f2 prescindere dai colpi d\u2019autore delle sue individualit\u00e0: come il bomber nato nel Volley Treviso e passato per la Tinet Prata di Pordenone.<span class=\"gmail-Apple-converted-space\"> \u00a0<\/span>Nel frattempo, grazie al rotondo successo sul Sol Lucernari Montecchio Maggiore, i bellunesi sono tornati in zona playoff. E occupano la settima piazza in graduatoria: \u00abIl derby ha dato i frutti che speravamo &#8211; argomenta l\u2019opposto -. Abbiamo avuto il merito di portare a casa un bel 3-0 e un simile risultato di sicuro avr\u00e0 il suo peso a fine campionato. Inoltre siamo riusciti a riscattarci dopo la sconfitta di Parma e questo ci rende molto fiduciosi\u00bb. <span class=\"gmail-Apple-converted-space\"> Per entrare nella post season, \u00e8 piena bagarre. Basti pensare che sei formazioni sono racchiuse in una manciata di punti: \u00abPur sapendo che manca pochissimo alla fine del campionato non \u00e8 il momento di fare calcoli, ma di spingere ancora di pi\u00f9 e concentrarci solo su noi stessi\u00bb.<\/span><\/p>\n","protected":false},"excerpt":{"rendered":"<p>RADIO PIU INFORMAZIONE il canale su TELEGRAM informazione di prima\u00a0 mano e in tempo reale. iscriviti ed aiutaci a farlo conoscere\u00a0 \u00a0 \u00a0 Ieri sera alla radio, 4 amici attorno al mixer, marco dal letto dell&#8217;influenza&#8230;ospiti in studio con Simonetta, Moreno e Mirko: Massimo Manfroi rifugio Laresei e Morgan Gnech il dj! Ospiti al telefono&hellip;<\/p>\n","protected":false},"author":4,"featured_media":327852,"comment_status":"closed","ping_status":"closed","sticky":false,"template":"","format":"standard","meta":{"_monsterinsights_skip_tracking":false,"_monsterinsights_sitenote_active":false,"_monsterinsights_sitenote_note":"","_monsterinsights_sitenote_category":0,"footnotes":""},"categories":[104,86,49],"tags":[],"class_list":["post-327733","post","type-post","status-publish","format-standard","has-post-thumbnail","hentry","category-evidenza_3","category-gr","category-news-18","category-104","category-86","category-49","description-off"],"img_url":"https:\/\/www.radiopiu.net\/wordpress\/wp-content\/uploads\/2023\/03\/cbc4a8a0-c06e-4003-862a-c8abbf14354c-1.jpg","_links":{"self":[{"href":"https:\/\/www.radiopiu.net\/wordpress\/wp-json\/wp\/v2\/posts\/327733","targetHints":{"allow":["GET"]}}],"collection":[{"href":"https:\/\/www.radiopiu.net\/wordpress\/wp-json\/wp\/v2\/posts"}],"about":[{"href":"https:\/\/www.radiopiu.net\/wordpress\/wp-json\/wp\/v2\/types\/post"}],"author":[{"embeddable":true,"href":"https:\/\/www.radiopiu.net\/wordpress\/wp-json\/wp\/v2\/users\/4"}],"replies":[{"embeddable":true,"href":"https:\/\/www.radiopiu.net\/wordpress\/wp-json\/wp\/v2\/comments?post=327733"}],"version-history":[{"count":0,"href":"https:\/\/www.radiopiu.net\/wordpress\/wp-json\/wp\/v2\/posts\/327733\/revisions"}],"wp:featuredmedia":[{"embeddable":true,"href":"https:\/\/www.radiopiu.net\/wordpress\/wp-json\/wp\/v2\/media\/327852"}],"wp:attachment":[{"href":"https:\/\/www.radiopiu.net\/wordpress\/wp-json\/wp\/v2\/media?parent=327733"}],"wp:term":[{"taxonomy":"category","embeddable":true,"href":"https:\/\/www.radiopiu.net\/wordpress\/wp-json\/wp\/v2\/categories?post=327733"},{"taxonomy":"post_tag","embeddable":true,"href":"https:\/\/www.radiopiu.net\/wordpress\/wp-json\/wp\/v2\/tags?post=327733"}],"curies":[{"name":"wp","href":"https:\/\/api.w.org\/{rel}","templated":true}]}}