{"id":327789,"date":"2020-03-15T04:00:30","date_gmt":"2020-03-15T03:00:30","guid":{"rendered":"https:\/\/www.radiopiu.net\/wordpress\/?p=327789"},"modified":"2023-03-25T05:11:20","modified_gmt":"2023-03-25T04:11:20","slug":"auguri-mario-brega-uomo-che-merita-di-essere-ricordato","status":"publish","type":"post","link":"https:\/\/www.radiopiu.net\/wordpress\/auguri-mario-brega-uomo-che-merita-di-essere-ricordato\/","title":{"rendered":"AUGURI MARIO BREGA! UOMO CHE MERITA DI ESSERE RICORDATO"},"content":{"rendered":"<blockquote>\n<p align=\"JUSTIFY\"><b>Mario Brega<\/b>, all&#8217;anagrafe\u00a0<b>Florestano Brega<\/b>\u00a0(<a title=\"Roma\" href=\"https:\/\/it.wikipedia.org\/wiki\/Roma\">Roma<\/a>,\u00a0<a title=\"25 marzo\" href=\"https:\/\/it.wikipedia.org\/wiki\/25_marzo\">25 marzo<\/a>\u00a0<a title=\"1923\" href=\"https:\/\/it.wikipedia.org\/wiki\/1923\">1923<\/a>\u00a0\u2013\u00a0<a title=\"Roma\" href=\"https:\/\/it.wikipedia.org\/wiki\/Roma\">Roma<\/a>,\u00a0<a title=\"23 luglio\" href=\"https:\/\/it.wikipedia.org\/wiki\/23_luglio\">23 luglio<\/a>\u00a0<a title=\"1994\" href=\"https:\/\/it.wikipedia.org\/wiki\/1994\">1994<\/a>), \u00e8 stato un\u00a0<a title=\"Attore\" href=\"https:\/\/it.wikipedia.org\/wiki\/Attore\">attore<\/a>\u00a0<a title=\"Italia\" href=\"https:\/\/it.wikipedia.org\/wiki\/Italia\">italiano<\/a>. Nel corso della sua carriera \u00e8 stato impegnato in ruoli diversi: \u00e8 ricordato prevalentemente per le sue interpretazioni drammatiche sotto la\u00a0<a title=\"Regia cinematografica\" href=\"https:\/\/it.wikipedia.org\/wiki\/Regia_cinematografica\">regia<\/a>\u00a0di\u00a0<a title=\"Sergio Leone\" href=\"https:\/\/it.wikipedia.org\/wiki\/Sergio_Leone\">Sergio Leone<\/a>\u00a0nella\u00a0<a title=\"Trilogia del dollaro\" href=\"https:\/\/it.wikipedia.org\/wiki\/Trilogia_del_dollaro\">trilogia del dollaro<\/a>\u00a0e poi, in ruoli comici, nei film di\u00a0<a title=\"\" href=\"https:\/\/it.wikipedia.org\/wiki\/Carlo_Verdone\">Carlo Verdone<\/a>.<\/p>\n<\/blockquote>\n<p align=\"JUSTIFY\"><strong><img loading=\"lazy\" decoding=\"async\" class=\"alignleft\" src=\"https:\/\/www.radiopiu.net\/wordpress\/wp-content\/uploads\/2023\/03\/cb24e166-48ee-4bea-a9f8-d1dc88b81555.jpg\" width=\"398\" height=\"266\" \/>REDAZIONE<\/strong> Oggi (25 marzo) ricorre il centesimo anniversario della nascita di Florestano Brega, meglio conosciuto come Mario. Mario Brega era un attore di origini popolari, figlio di un falegname e ex atleta olimpico nei 5.000 e 10.000 metri. Ha iniziato la sua carriera cinematografica come caratterista, utilizzando la sua corporatura imponente e il suo aspetto burbero. Ha recitato in numerosi film, tra cui La marcia su Roma (1962), Detenuto in attesa di giudizio (1971) e I mostri (1963). \u00c8 stato particolarmente noto per i suoi ruoli nei film di Sergio Leone, tra cui Per un pugno di dollari (1964), Per qualche dollaro in pi\u00f9 (1965) e Il buono, il brutto, il cattivo (1966). Brega era appassionato di pugilato e ha interpretato un piccolo ruolo di manager nel film La nobile arte. \u00c8 stato scelto da Carlo Verdone per recitare in alcuni ruoli tipici del romano grazie al suo innato umorismo romanesco. Mario Brega \u00e8 morto per infarto a Roma il 23 luglio 1994, dove \u00e8 stato sepolto nel cimitero del Verano. \u00c8 stato citato da diversi artisti italiani, tra cui Piotta, Noyz Narcos e Frankie hi-nrg mc, e nella raccolta di storie brevi a fumetti di Zerocalcare si immagina un concorso letterario chiamato &#8220;Premio Brega&#8221;, una parodia del premio Strega.<\/p>\n<p align=\"JUSTIFY\">In occasione del centenario della nascita di un\u2019indimenticabile caratterista, nonch\u00e9 icona della romanit\u00e0 nel cinema italiano, Daniele Diez e Davide Colella hanno pensato rispettivamente di comporre e dare un testo ad un brano musicale, nato come colonna sonora di un trailer parodia di Batman V Superman, nel quale, al posto di Batman vediamo Mario Brega combattere con \u201cl\u2019uomo d\u2019acciaio\u201d al posto di Batman.<\/p>\n<p align=\"JUSTIFY\"><strong>AUDIO&#8230; PER LA RADIO\u00a0<\/strong><\/p>\n<audio class=\"wp-audio-shortcode\" id=\"audio-327789-1\" preload=\"none\" style=\"width: 100%;\" controls=\"controls\"><source type=\"audio\/mpeg\" src=\"https:\/\/www.radiopiu.net\/wordpress\/wp-content\/uploads\/2023\/03\/Daniele-Diez-Brega-Is-Better-Than-Superman-1.mp3?_=1\" \/><a href=\"https:\/\/www.radiopiu.net\/wordpress\/wp-content\/uploads\/2023\/03\/Daniele-Diez-Brega-Is-Better-Than-Superman-1.mp3\">https:\/\/www.radiopiu.net\/wordpress\/wp-content\/uploads\/2023\/03\/Daniele-Diez-Brega-Is-Better-Than-Superman-1.mp3<\/a><\/audio>\n<p>&nbsp;<\/p>\n<p>&nbsp;<\/p>\n<p align=\"JUSTIFY\"><em>&#8220;Mi diverto un po&#8217; con gli effetti speciali &#8211; ci racconta da Roma Daniele Diez &#8211;\u00a0 combinando pezzi di film di genere fantascientifico con altri di genere commedia anni 70, 80 e 90. Un paio di anni fa ho avuto l&#8217;idea di parodiare il film Batman v Superman, sostituendo al pipistrello proprio il nostro eroe Brega, al fine di farne un trailer. Sono andato a cercare le pose migliori di Mario, ne ho ritagliato i movimenti e ho sostituito la sua faccia alla faccia di Batman, creando cos\u00ec un qualcosa di nuovo che puntasse alla verosimiglianza e rispettasse il pi\u00f9 possibile le regole del trailer cinematografico. A quel punto mancava la musica e, per fare le cose come si deve, ho pensato che ci stesse bene una colonna originale &#8220;diversa&#8221; e originale. Cos\u00ec mi sono messo a comporre qualcosa che ricordasse gli anni &#8217;80. Per lo scopo ho contattato un mio caro amico giornalista radiofonico, Davide Colella, al quale ho chiesto di mettere su, insieme a me, qualche verso in rima, con un inglese tra il reale e il maccheronico, a scimmiottare alcune battute storiche che hanno valorizzato il personaggio di Brega a Roma e che lo hanno reso popolarissimo e amato&#8221;.\u00a0<\/em><\/p>\n<p align=\"JUSTIFY\">Dopo l&#8217;idea il progetto, la registrazione con\u00a0 la bravissima cantante, Diletta Pellizzer e Fabrizio Foggia, arrangiatore e musicista di fama nazionale (autore della colonna sonora \u201cLupin e l\u2019avventura Italiana&#8221;, pianista per Mario Biondi, Elisa, Papik, Corona, etc.).<\/p>\n<p>&nbsp;<\/p>\n<p><strong>IL TRAILER<\/strong><\/p>\n<div>\n<blockquote><div style=\"width: 1200px;\" class=\"wp-video\"><video class=\"wp-video-shortcode\" id=\"video-327789-1\" width=\"1200\" height=\"500\" preload=\"metadata\" controls=\"controls\"><source type=\"video\/mp4\" src=\"https:\/\/www.radiopiu.net\/wordpress\/wp-content\/uploads\/2023\/03\/BREGA-V-SUPERMAN.mp4?_=1\" \/><a href=\"https:\/\/www.radiopiu.net\/wordpress\/wp-content\/uploads\/2023\/03\/BREGA-V-SUPERMAN.mp4\">https:\/\/www.radiopiu.net\/wordpress\/wp-content\/uploads\/2023\/03\/BREGA-V-SUPERMAN.mp4<\/a><\/video><\/div>\n<p>&nbsp;<\/p>\n<p><strong>\u00a0<\/strong><\/p>\n<p><strong>\u00a0\u00a0<\/strong><\/p><\/blockquote>\n<p><strong>IL VIDEO<\/strong><\/p>\n<blockquote><div style=\"width: 1200px;\" class=\"wp-video\"><video class=\"wp-video-shortcode\" id=\"video-327789-2\" width=\"1200\" height=\"675\" preload=\"metadata\" controls=\"controls\"><source type=\"video\/mp4\" src=\"https:\/\/www.radiopiu.net\/wordpress\/wp-content\/uploads\/2023\/03\/BREGA-IS-BETTER-THAN-SUPERMAN-LYRICS.mp4?_=2\" \/><a href=\"https:\/\/www.radiopiu.net\/wordpress\/wp-content\/uploads\/2023\/03\/BREGA-IS-BETTER-THAN-SUPERMAN-LYRICS.mp4\">https:\/\/www.radiopiu.net\/wordpress\/wp-content\/uploads\/2023\/03\/BREGA-IS-BETTER-THAN-SUPERMAN-LYRICS.mp4<\/a><\/video><\/div>\n<p>&nbsp;<\/p>\n<p>&nbsp;<\/p>\n<p>&nbsp;<\/p>\n<p>&nbsp;<\/p>\n<hr \/>\n<p><span lang=\"en-US\">\u00a0<\/span><\/p><\/blockquote>\n<\/div>\n","protected":false},"excerpt":{"rendered":"<p>Mario Brega, all&#8217;anagrafe\u00a0Florestano Brega\u00a0(Roma,\u00a025 marzo\u00a01923\u00a0\u2013\u00a0Roma,\u00a023 luglio\u00a01994), \u00e8 stato un\u00a0attore\u00a0italiano. Nel corso della sua carriera \u00e8 stato impegnato in ruoli diversi: \u00e8 ricordato prevalentemente per le sue interpretazioni drammatiche sotto la\u00a0regia\u00a0di\u00a0Sergio Leone\u00a0nella\u00a0trilogia del dollaro\u00a0e poi, in ruoli comici, nei film di\u00a0Carlo Verdone. REDAZIONE Oggi (25 marzo) ricorre il centesimo anniversario della nascita di Florestano Brega, meglio&hellip;<\/p>\n","protected":false},"author":4,"featured_media":327791,"comment_status":"closed","ping_status":"closed","sticky":false,"template":"","format":"standard","meta":{"_monsterinsights_skip_tracking":false,"_monsterinsights_sitenote_active":false,"_monsterinsights_sitenote_note":"","_monsterinsights_sitenote_category":0,"footnotes":""},"categories":[51,49],"tags":[],"class_list":["post-327789","post","type-post","status-publish","format-standard","has-post-thumbnail","hentry","category-evidenza-top","category-news-18","category-51","category-49","description-off"],"img_url":"https:\/\/www.radiopiu.net\/wordpress\/wp-content\/uploads\/2023\/03\/cb24e166-48ee-4bea-a9f8-d1dc88b81555.jpg","_links":{"self":[{"href":"https:\/\/www.radiopiu.net\/wordpress\/wp-json\/wp\/v2\/posts\/327789","targetHints":{"allow":["GET"]}}],"collection":[{"href":"https:\/\/www.radiopiu.net\/wordpress\/wp-json\/wp\/v2\/posts"}],"about":[{"href":"https:\/\/www.radiopiu.net\/wordpress\/wp-json\/wp\/v2\/types\/post"}],"author":[{"embeddable":true,"href":"https:\/\/www.radiopiu.net\/wordpress\/wp-json\/wp\/v2\/users\/4"}],"replies":[{"embeddable":true,"href":"https:\/\/www.radiopiu.net\/wordpress\/wp-json\/wp\/v2\/comments?post=327789"}],"version-history":[{"count":0,"href":"https:\/\/www.radiopiu.net\/wordpress\/wp-json\/wp\/v2\/posts\/327789\/revisions"}],"wp:featuredmedia":[{"embeddable":true,"href":"https:\/\/www.radiopiu.net\/wordpress\/wp-json\/wp\/v2\/media\/327791"}],"wp:attachment":[{"href":"https:\/\/www.radiopiu.net\/wordpress\/wp-json\/wp\/v2\/media?parent=327789"}],"wp:term":[{"taxonomy":"category","embeddable":true,"href":"https:\/\/www.radiopiu.net\/wordpress\/wp-json\/wp\/v2\/categories?post=327789"},{"taxonomy":"post_tag","embeddable":true,"href":"https:\/\/www.radiopiu.net\/wordpress\/wp-json\/wp\/v2\/tags?post=327789"}],"curies":[{"name":"wp","href":"https:\/\/api.w.org\/{rel}","templated":true}]}}