{"id":327793,"date":"2023-03-22T13:32:27","date_gmt":"2023-03-22T12:32:27","guid":{"rendered":"https:\/\/www.radiopiu.net\/wordpress\/?p=327793"},"modified":"2023-03-22T13:32:27","modified_gmt":"2023-03-22T12:32:27","slug":"il-campione-di-superbike-axel-bassani-fa-visita-alla-scuola-di-seren-del-grappa","status":"publish","type":"post","link":"https:\/\/www.radiopiu.net\/wordpress\/il-campione-di-superbike-axel-bassani-fa-visita-alla-scuola-di-seren-del-grappa\/","title":{"rendered":"IL CAMPIONE DI SUPERBIKE AXEL BASSANI FA VISITA ALLA SCUOLA DI SEREN DEL GRAPPA"},"content":{"rendered":"<p><strong>SEREN DEL GRAPPA<\/strong> Una giornata che si pu\u00f2 definire a tutta velocit\u00e0 per i ragazzi del nostro istituto scolastico che oggi hanno avuto la fortunata occasione di incontrare Axel Bassani. Il campione di Superbike, di origini serenesi, ha fatto visita ai bambini dalla prima alla quarta elementare nelle loro classi sottoponendosi volentieri alle loro curiosit\u00e0 e ha poi incontrato quelli di quinta e delle medie in palestra. &#8220;Grazie ad Axel per la sua disponibilit\u00e0 e simpatia ed un grosso in bocca al lupo per la stagione su due ruote 2023 che lo ha gi\u00e0 visto grande protagonista &#8211; dice il sindaco di Seren Del Grappa Dario Scopel &#8211; Un bell&#8217;esempio di come con lavoro, impegno e determinazione si possano raggiungere grandi risultati&#8221;.<\/p>\n\n\t\t\t<style type='text\/css'>\n\t\t\t\t#gallery-1 {\n\t\t\t\t\tmargin: auto;\n\t\t\t\t}\n\t\t\t\t#gallery-1 .gallery-item {\n\t\t\t\t\tfloat: left;\n\t\t\t\t\tmargin-top: 10px;\n\t\t\t\t\ttext-align: center;\n\t\t\t\t\twidth: 50%;\n\t\t\t\t}\n\t\t\t\t#gallery-1 img {\n\t\t\t\t\tborder: 2px solid #cfcfcf;\n\t\t\t\t}\n\t\t\t\t#gallery-1 .gallery-caption {\n\t\t\t\t\tmargin-left: 0;\n\t\t\t\t}\n\t\t\t\t\/* see gallery_shortcode() in wp-includes\/media.php *\/\n\t\t\t<\/style>\n\t\t<div id='gallery-1' class='dt-gallery-container gallery galleryid-327793 gallery-columns-2 gallery-size-medium'><dl class='gallery-item'>\n\t\t\t\t<dt class='gallery-icon landscape'>\n\t\t\t\t\t<a class=\"rollover rollover-zoom dt-pswp-item\" title=\"be04292d-44fd-4fa4-96bd-7d45b739c511\" data-dt-img-description=\"\" data-large_image_width=\"1600\" data-large_image_height=\"900\"href='https:\/\/www.radiopiu.net\/wordpress\/wp-content\/uploads\/2023\/03\/be04292d-44fd-4fa4-96bd-7d45b739c511.jpg'><img loading=\"lazy\" decoding=\"async\" width=\"300\" height=\"169\" src=\"https:\/\/www.radiopiu.net\/wordpress\/wp-content\/uploads\/2023\/03\/be04292d-44fd-4fa4-96bd-7d45b739c511-300x169.jpg\" class=\"attachment-medium size-medium\" alt=\"\" srcset=\"https:\/\/www.radiopiu.net\/wordpress\/wp-content\/uploads\/2023\/03\/be04292d-44fd-4fa4-96bd-7d45b739c511-300x169.jpg 300w, https:\/\/www.radiopiu.net\/wordpress\/wp-content\/uploads\/2023\/03\/be04292d-44fd-4fa4-96bd-7d45b739c511-1024x576.jpg 1024w, https:\/\/www.radiopiu.net\/wordpress\/wp-content\/uploads\/2023\/03\/be04292d-44fd-4fa4-96bd-7d45b739c511-768x432.jpg 768w, https:\/\/www.radiopiu.net\/wordpress\/wp-content\/uploads\/2023\/03\/be04292d-44fd-4fa4-96bd-7d45b739c511-1536x864.jpg 1536w, https:\/\/www.radiopiu.net\/wordpress\/wp-content\/uploads\/2023\/03\/be04292d-44fd-4fa4-96bd-7d45b739c511.jpg 1600w\" sizes=\"auto, (max-width: 300px) 100vw, 300px\" \/><\/a>\n\t\t\t\t<\/dt><\/dl><dl class='gallery-item'>\n\t\t\t\t<dt class='gallery-icon landscape'>\n\t\t\t\t\t<a class=\"rollover rollover-zoom dt-pswp-item\" title=\"71569bfd-bb32-4d75-9365-dff8de4f7054\" data-dt-img-description=\"\" data-large_image_width=\"1600\" data-large_image_height=\"900\"href='https:\/\/www.radiopiu.net\/wordpress\/wp-content\/uploads\/2023\/03\/71569bfd-bb32-4d75-9365-dff8de4f7054.jpg'><img loading=\"lazy\" decoding=\"async\" width=\"300\" height=\"169\" src=\"https:\/\/www.radiopiu.net\/wordpress\/wp-content\/uploads\/2023\/03\/71569bfd-bb32-4d75-9365-dff8de4f7054-300x169.jpg\" class=\"attachment-medium size-medium\" alt=\"\" srcset=\"https:\/\/www.radiopiu.net\/wordpress\/wp-content\/uploads\/2023\/03\/71569bfd-bb32-4d75-9365-dff8de4f7054-300x169.jpg 300w, https:\/\/www.radiopiu.net\/wordpress\/wp-content\/uploads\/2023\/03\/71569bfd-bb32-4d75-9365-dff8de4f7054-1024x576.jpg 1024w, https:\/\/www.radiopiu.net\/wordpress\/wp-content\/uploads\/2023\/03\/71569bfd-bb32-4d75-9365-dff8de4f7054-768x432.jpg 768w, https:\/\/www.radiopiu.net\/wordpress\/wp-content\/uploads\/2023\/03\/71569bfd-bb32-4d75-9365-dff8de4f7054-1536x864.jpg 1536w, https:\/\/www.radiopiu.net\/wordpress\/wp-content\/uploads\/2023\/03\/71569bfd-bb32-4d75-9365-dff8de4f7054.jpg 1600w\" sizes=\"auto, (max-width: 300px) 100vw, 300px\" \/><\/a>\n\t\t\t\t<\/dt><\/dl><br style=\"clear: both\" \/>\n\t\t\t<\/div>\n\n<p>&nbsp;<\/p>\n<p>&nbsp;<\/p>\n<p>******<\/p>\n","protected":false},"excerpt":{"rendered":"<p>SEREN DEL GRAPPA Una giornata che si pu\u00f2 definire a tutta velocit\u00e0 per i ragazzi del nostro istituto scolastico che oggi hanno avuto la fortunata occasione di incontrare Axel Bassani. Il campione di Superbike, di origini serenesi, ha fatto visita ai bambini dalla prima alla quarta elementare nelle loro classi sottoponendosi volentieri alle loro curiosit\u00e0&hellip;<\/p>\n","protected":false},"author":4,"featured_media":327794,"comment_status":"closed","ping_status":"closed","sticky":false,"template":"","format":"standard","meta":{"_monsterinsights_skip_tracking":false,"_monsterinsights_sitenote_active":false,"_monsterinsights_sitenote_note":"","_monsterinsights_sitenote_category":0,"footnotes":""},"categories":[49],"tags":[],"class_list":["post-327793","post","type-post","status-publish","format-standard","has-post-thumbnail","hentry","category-news-18","category-49","description-off"],"img_url":"https:\/\/www.radiopiu.net\/wordpress\/wp-content\/uploads\/2023\/03\/be04292d-44fd-4fa4-96bd-7d45b739c511.jpg","_links":{"self":[{"href":"https:\/\/www.radiopiu.net\/wordpress\/wp-json\/wp\/v2\/posts\/327793","targetHints":{"allow":["GET"]}}],"collection":[{"href":"https:\/\/www.radiopiu.net\/wordpress\/wp-json\/wp\/v2\/posts"}],"about":[{"href":"https:\/\/www.radiopiu.net\/wordpress\/wp-json\/wp\/v2\/types\/post"}],"author":[{"embeddable":true,"href":"https:\/\/www.radiopiu.net\/wordpress\/wp-json\/wp\/v2\/users\/4"}],"replies":[{"embeddable":true,"href":"https:\/\/www.radiopiu.net\/wordpress\/wp-json\/wp\/v2\/comments?post=327793"}],"version-history":[{"count":0,"href":"https:\/\/www.radiopiu.net\/wordpress\/wp-json\/wp\/v2\/posts\/327793\/revisions"}],"wp:featuredmedia":[{"embeddable":true,"href":"https:\/\/www.radiopiu.net\/wordpress\/wp-json\/wp\/v2\/media\/327794"}],"wp:attachment":[{"href":"https:\/\/www.radiopiu.net\/wordpress\/wp-json\/wp\/v2\/media?parent=327793"}],"wp:term":[{"taxonomy":"category","embeddable":true,"href":"https:\/\/www.radiopiu.net\/wordpress\/wp-json\/wp\/v2\/categories?post=327793"},{"taxonomy":"post_tag","embeddable":true,"href":"https:\/\/www.radiopiu.net\/wordpress\/wp-json\/wp\/v2\/tags?post=327793"}],"curies":[{"name":"wp","href":"https:\/\/api.w.org\/{rel}","templated":true}]}}