{"id":327827,"date":"2023-03-23T05:17:29","date_gmt":"2023-03-23T04:17:29","guid":{"rendered":"https:\/\/www.radiopiu.net\/wordpress\/?p=327827"},"modified":"2023-03-23T05:22:49","modified_gmt":"2023-03-23T04:22:49","slug":"la-ulss1-in-otto-mesi-ha-fatto-il-pieno-di-primari","status":"publish","type":"post","link":"https:\/\/www.radiopiu.net\/wordpress\/la-ulss1-in-otto-mesi-ha-fatto-il-pieno-di-primari\/","title":{"rendered":"LA ULSS1 IN OTTO MESI HA FATTO IL PIENO&#8230; DI PRIMARI"},"content":{"rendered":"<p><strong><a class=\"dt-pswp-item\" href=\"https:\/\/www.radiopiu.net\/wordpress\/wp-content\/uploads\/2023\/03\/65a63601-57ea-4879-8362-3a17c4ddbfee.jpg\" data-dt-img-description=\"\" data-large_image_width=\"1600\" data-large_image_height=\"1066\"><img loading=\"lazy\" decoding=\"async\" class=\" wp-image-327853 alignleft\" src=\"https:\/\/www.radiopiu.net\/wordpress\/wp-content\/uploads\/2023\/03\/65a63601-57ea-4879-8362-3a17c4ddbfee-300x200.jpg\" alt=\"\" width=\"272\" height=\"181\" srcset=\"https:\/\/www.radiopiu.net\/wordpress\/wp-content\/uploads\/2023\/03\/65a63601-57ea-4879-8362-3a17c4ddbfee-300x200.jpg 300w, https:\/\/www.radiopiu.net\/wordpress\/wp-content\/uploads\/2023\/03\/65a63601-57ea-4879-8362-3a17c4ddbfee-1024x682.jpg 1024w, https:\/\/www.radiopiu.net\/wordpress\/wp-content\/uploads\/2023\/03\/65a63601-57ea-4879-8362-3a17c4ddbfee-768x512.jpg 768w, https:\/\/www.radiopiu.net\/wordpress\/wp-content\/uploads\/2023\/03\/65a63601-57ea-4879-8362-3a17c4ddbfee-1536x1023.jpg 1536w, https:\/\/www.radiopiu.net\/wordpress\/wp-content\/uploads\/2023\/03\/65a63601-57ea-4879-8362-3a17c4ddbfee.jpg 1600w\" sizes=\"auto, (max-width: 272px) 100vw, 272px\" \/><\/a>BELLUNO<\/strong> Eccoli i nuovi direttori di unit\u00e0 operativa nominati dall&#8217;Ulss1. Da marzo 2021, l&#8217;attuale Direzione ha nominato 22 nuovi direttori: una squadra che vede figure di alto profilo, alcuni provenienti da altre aziende, che porteranno nuove esperienze, e alcuni formati in Ulss Dolomiti a testimonianza della valorizzazione delle risorse interne. La cosa che pi\u00f9 colpisce \u00e8 il grande entusiamo che stanno dimostrando per il nuovo percorso professionale<\/p>\n<p><strong>Francesco Minniti \u2013 direttore UOC Medicina di Agordo<\/strong><\/p>\n<p>Classe 1966, nato a San Vito al Tagliamento ma padovano di adozione, Francesco Minniti si \u00e8 laureato in Medicina e Chirurgia all\u2019Universit\u00e0 di Padova, dove ha conseguito, poi, la specializzazione in Gastroenterologia. Attualmente presta servizio all\u2019Ulss 3 Serenissima, all\u2019ospedale di Mirano, dove ricopre un incarico di alta professionalit\u00e0 come consulente epatologo e per la diagnostica ecografica. Si occupa, infatti, di <strong>epatologia<\/strong>, sia in merito alla diagnosi che ai <a class=\"dt-pswp-item\" href=\"https:\/\/www.radiopiu.net\/wordpress\/wp-content\/uploads\/2023\/03\/SCR-20230322-nunw.jpeg\" data-dt-img-description=\"\" data-large_image_width=\"1422\" data-large_image_height=\"1060\"><img loading=\"lazy\" decoding=\"async\" class=\"size-medium wp-image-327855 alignright\" src=\"https:\/\/www.radiopiu.net\/wordpress\/wp-content\/uploads\/2023\/03\/SCR-20230322-nunw-300x224.jpeg\" alt=\"\" width=\"300\" height=\"224\" srcset=\"https:\/\/www.radiopiu.net\/wordpress\/wp-content\/uploads\/2023\/03\/SCR-20230322-nunw-300x224.jpeg 300w, https:\/\/www.radiopiu.net\/wordpress\/wp-content\/uploads\/2023\/03\/SCR-20230322-nunw-1024x763.jpeg 1024w, https:\/\/www.radiopiu.net\/wordpress\/wp-content\/uploads\/2023\/03\/SCR-20230322-nunw-768x572.jpeg 768w, https:\/\/www.radiopiu.net\/wordpress\/wp-content\/uploads\/2023\/03\/SCR-20230322-nunw.jpeg 1422w\" sizes=\"auto, (max-width: 300px) 100vw, 300px\" \/><\/a>percorsi di cura, e segue per le problematiche epatologiche gli utenti del SerD. Il dottor Minniti, inoltre,\u00a0 \u00e8 esperto in <strong>ecografia interventistica<\/strong> multidistrettuale ed ha un\u2019ampia casistica di diagnostica strumentale ed interventistica di patologie internistiche. Potr\u00e0 quindi mettere a disposizione dei pazienti dell\u2019ospedale di Agordo anche questa sua particolare abilit\u00e0 nel\u2019esecuzione di ecografie e biopsie eco guidate oltre che nell\u2019esecuzione di paracentesi, toracentesi e artrocentesi. In periodo Covid ha gestito come responsabile l\u2019area Covid della Medicina dell\u2019ospedale di Mirano , collaborando e facilitando l\u2019integrazione tra le unit\u00e0 operative. Nei suoi anni di attivit\u00e0, ha maturato una solida esperienza nella gestione delle <strong>dimissioni difficili<\/strong> di pazienti anziani o fragili, organizzando percorsi extraospedalieri per la miglior cura e assistenza per ciascun paziente e per la sua famiglia.<br \/>\n<em>FOTO Stefano Gasperin,\u00a0 Giorgia Marcato, Francesco Minniti<\/em><\/p>\n<p><strong>Stefano Gasperin \u2013 Direttore U.O.C. Pronto Soccorso di Agordo<\/strong><\/p>\n<p>Classe 1971, di Feltre, il dottor Gasperin dopo la maturit\u00e0 classica al liceo Castaldi, si \u00e8 laureato in Medicina e Chirurgia all\u2019Universit\u00e0 di Padova, dove ha conseguito, poi, la specializzazione in Geriatria e Gerontologia e un master di secondo livello in medicina vascolare. E\u2019 esperto nella gestione avanzata del paziente critico adulto e pediatrico, sia medico che traumatologico, secondo gli attuali protocolli ACLS &#8211; Advanced Cardiovascular Life Support, ATLS &#8211; Advanced Trauma Life Support e PALS &#8211; Pediatric Advanced Life Support. E\u2019, infatti, istruttore ai corsi di rianimazione cardiovascolare avanzata (ACLS). Dal 2010 presta servizio al Pronto Soccorso di Feltre, dove ha maturato una solida esperienza in Medicina d\u2019Urgenza-Emergenza sia intra che extra-ospedaliera. E\u2019 esperto in ecografia, in ecografia avanzata venosa e arteriosa cos\u00ec come nel reperimento di <a class=\"dt-pswp-item\" href=\"https:\/\/www.radiopiu.net\/wordpress\/wp-content\/uploads\/2023\/03\/SCR-20230322-nsrq.jpeg\" data-dt-img-description=\"\" data-large_image_width=\"1258\" data-large_image_height=\"892\"><img loading=\"lazy\" decoding=\"async\" class=\"size-medium wp-image-327850 alignleft\" src=\"https:\/\/www.radiopiu.net\/wordpress\/wp-content\/uploads\/2023\/03\/SCR-20230322-nsrq-300x213.jpeg\" alt=\"\" width=\"300\" height=\"213\" srcset=\"https:\/\/www.radiopiu.net\/wordpress\/wp-content\/uploads\/2023\/03\/SCR-20230322-nsrq-300x213.jpeg 300w, https:\/\/www.radiopiu.net\/wordpress\/wp-content\/uploads\/2023\/03\/SCR-20230322-nsrq-1024x726.jpeg 1024w, https:\/\/www.radiopiu.net\/wordpress\/wp-content\/uploads\/2023\/03\/SCR-20230322-nsrq-768x545.jpeg 768w, https:\/\/www.radiopiu.net\/wordpress\/wp-content\/uploads\/2023\/03\/SCR-20230322-nsrq.jpeg 1258w\" sizes=\"auto, (max-width: 300px) 100vw, 300px\" \/><\/a>accessi venosi difficili con sonda ecografica e in gestione avanzata dei traumi. E\u2019, inoltre, responsabile formativo training su eventi critici per il personale infermieristico. Ha svolto, infine, vari turni come medico SUEM presso il Pronto Soccorso di Agordo e di Pieve di Cadore.<\/p>\n<p><strong>\u00a0<\/strong><\/p>\n<p>&nbsp;<\/p>\n<p>&nbsp;<\/p>\n<p><strong>FRANCESCO MINNITI, NUOVO PRIMARIO DELLA MEDICINA DI AGORDO, E STEFANO GASPERIN, NUOVO DIRETTORE DEL PRONTO SOCCORSO DI AGORDO<\/strong><\/p>\n<audio class=\"wp-audio-shortcode\" id=\"audio-327827-1\" preload=\"none\" style=\"width: 100%;\" controls=\"controls\"><source type=\"audio\/mpeg\" src=\"https:\/\/www.radiopiu.net\/wordpress\/wp-content\/uploads\/2023\/03\/NUOVI-PRIMARI-AGORDO.mp3?_=1\" \/><a href=\"https:\/\/www.radiopiu.net\/wordpress\/wp-content\/uploads\/2023\/03\/NUOVI-PRIMARI-AGORDO.mp3\">https:\/\/www.radiopiu.net\/wordpress\/wp-content\/uploads\/2023\/03\/NUOVI-PRIMARI-AGORDO.mp3<\/a><\/audio>\n<p>&nbsp;<\/p>\n<p>&nbsp;<\/p>\n\n\t\t\t<style type='text\/css'>\n\t\t\t\t#gallery-1 {\n\t\t\t\t\tmargin: auto;\n\t\t\t\t}\n\t\t\t\t#gallery-1 .gallery-item {\n\t\t\t\t\tfloat: left;\n\t\t\t\t\tmargin-top: 10px;\n\t\t\t\t\ttext-align: center;\n\t\t\t\t\twidth: 100%;\n\t\t\t\t}\n\t\t\t\t#gallery-1 img {\n\t\t\t\t\tborder: 2px solid #cfcfcf;\n\t\t\t\t}\n\t\t\t\t#gallery-1 .gallery-caption {\n\t\t\t\t\tmargin-left: 0;\n\t\t\t\t}\n\t\t\t\t\/* see gallery_shortcode() in wp-includes\/media.php *\/\n\t\t\t<\/style>\n\t\t<div id='gallery-1' class='dt-gallery-container gallery galleryid-327827 gallery-columns-1 gallery-size-full'><dl class='gallery-item'>\n\t\t\t\t<dt class='gallery-icon landscape'>\n\t\t\t\t\t<a class=\"rollover rollover-zoom dt-pswp-item\" title=\"SCR-20230322-nuim\" data-dt-img-description=\"\" data-large_image_width=\"1274\" data-large_image_height=\"874\"href='https:\/\/www.radiopiu.net\/wordpress\/wp-content\/uploads\/2023\/03\/SCR-20230322-nuim.jpeg'><img loading=\"lazy\" decoding=\"async\" width=\"1274\" height=\"874\" src=\"https:\/\/www.radiopiu.net\/wordpress\/wp-content\/uploads\/2023\/03\/SCR-20230322-nuim.jpeg\" class=\"attachment-full size-full\" alt=\"\" srcset=\"https:\/\/www.radiopiu.net\/wordpress\/wp-content\/uploads\/2023\/03\/SCR-20230322-nuim.jpeg 1274w, https:\/\/www.radiopiu.net\/wordpress\/wp-content\/uploads\/2023\/03\/SCR-20230322-nuim-300x206.jpeg 300w, https:\/\/www.radiopiu.net\/wordpress\/wp-content\/uploads\/2023\/03\/SCR-20230322-nuim-1024x702.jpeg 1024w, https:\/\/www.radiopiu.net\/wordpress\/wp-content\/uploads\/2023\/03\/SCR-20230322-nuim-768x527.jpeg 768w\" sizes=\"auto, (max-width: 1274px) 100vw, 1274px\" \/><\/a>\n\t\t\t\t<\/dt><\/dl><br style=\"clear: both\" \/>\n\t\t\t<\/div>\n\n<p>&nbsp;<\/p>\n<p align=\"CENTER\"><span style=\"font-size: large;\"><b>ELENCO Direttori UOC nominati da marzo 2021<\/b><\/span><\/p>\n<table border=\"1\" width=\"688\" cellspacing=\"0\" cellpadding=\"7\">\n<tbody>\n<tr valign=\"TOP\">\n<td bgcolor=\"#4f81bd\" width=\"30\"><span style=\"font-size: large;\"><b>ID<\/b><\/span><\/td>\n<td bgcolor=\"#4f81bd\" width=\"172\"><span style=\"font-size: large;\"><b>Nome<\/b><\/span><\/td>\n<td bgcolor=\"#4f81bd\" width=\"125\"><span style=\"font-size: large;\"><b>Unit\u00e0 Operativa<\/b><\/span><\/td>\n<td bgcolor=\"#4f81bd\" width=\"145\"><span style=\"font-size: large;\"><b>Data nomina<\/b><\/span><\/td>\n<td bgcolor=\"#4f81bd\" width=\"144\"><span style=\"font-size: large;\"><b>Data entrata in servizio<\/b><\/span><\/td>\n<\/tr>\n<tr valign=\"TOP\">\n<td bgcolor=\"#ffffff\" width=\"30\"><span style=\"font-size: large;\">1<\/span><\/td>\n<td bgcolor=\"#ffffff\" width=\"172\"><span style=\"font-size: large;\">Alessandro De Leo<\/span><\/td>\n<td bgcolor=\"#ffffff\" width=\"125\"><span style=\"font-size: large;\">Cardiologia BL<\/span><\/td>\n<td bgcolor=\"#ffffff\" width=\"145\"><span style=\"font-size: large;\">21 giugno 2021<\/span><\/td>\n<td bgcolor=\"#ffffff\" width=\"144\"><span style=\"font-size: large;\">1 agosto 2021<\/span><\/td>\n<\/tr>\n<tr valign=\"TOP\">\n<td bgcolor=\"#ffffff\" width=\"30\"><span style=\"font-size: large;\">2<\/span><\/td>\n<td bgcolor=\"#ffffff\" width=\"172\"><span style=\"font-size: large;\">Alessandro Magli<\/span><\/td>\n<td bgcolor=\"#ffffff\" width=\"125\"><span style=\"font-size: large;\">Radioterapia<\/span><\/td>\n<td bgcolor=\"#ffffff\" width=\"145\"><span style=\"font-size: large;\">8 novembre 2021<\/span><\/td>\n<td bgcolor=\"#ffffff\" width=\"144\"><span style=\"font-size: large;\">1 dicembre 2021<\/span><\/td>\n<\/tr>\n<tr valign=\"TOP\">\n<td bgcolor=\"#ffffff\" width=\"30\"><span style=\"font-size: large;\">3<\/span><\/td>\n<td bgcolor=\"#ffffff\" width=\"172\"><span style=\"font-size: large;\">Aldo Gatto<\/span><\/td>\n<td bgcolor=\"#ffffff\" width=\"125\"><span style=\"font-size: large;\">Psichiatria BL<\/span><\/td>\n<td bgcolor=\"#ffffff\" width=\"145\"><span style=\"font-size: large;\">8 novembre 2021<\/span><\/td>\n<td bgcolor=\"#ffffff\" width=\"144\"><span style=\"font-size: large;\">1 dicembre 2021<\/span><\/td>\n<\/tr>\n<tr valign=\"TOP\">\n<td bgcolor=\"#ffffff\" width=\"30\"><span style=\"font-size: large;\">4<\/span><\/td>\n<td bgcolor=\"#ffffff\" width=\"172\"><span style=\"font-size: large;\">Angelo Brega<\/span><\/td>\n<td bgcolor=\"#ffffff\" width=\"125\"><span style=\"font-size: large;\">Psichiatria Fe<\/span><\/td>\n<td bgcolor=\"#ffffff\" width=\"145\"><span style=\"font-size: large;\">28 marzo 2022<\/span><\/td>\n<td bgcolor=\"#ffffff\" width=\"144\"><span style=\"font-size: large;\">16 maggio 2022<\/span><\/td>\n<\/tr>\n<tr valign=\"TOP\">\n<td bgcolor=\"#ffffff\" width=\"30\"><span style=\"font-size: large;\">5<\/span><\/td>\n<td bgcolor=\"#ffffff\" width=\"172\"><span style=\"font-size: large;\">Stefano Di Fabio<\/span><\/td>\n<td bgcolor=\"#ffffff\" width=\"125\"><span style=\"font-size: large;\">Ortopedia Fe<\/span><\/td>\n<td bgcolor=\"#ffffff\" width=\"145\"><span style=\"font-size: large;\">4 aprile 2022<\/span><\/td>\n<td bgcolor=\"#ffffff\" width=\"144\"><span style=\"font-size: large;\">1 maggio 2022<\/span><\/td>\n<\/tr>\n<tr valign=\"TOP\">\n<td bgcolor=\"#ffffff\" width=\"30\"><span style=\"font-size: large;\">6<\/span><\/td>\n<td bgcolor=\"#ffffff\" width=\"172\"><span style=\"font-size: large;\">Cinzia Omiciuolo<\/span><\/td>\n<td bgcolor=\"#ffffff\" width=\"125\"><span style=\"font-size: large;\">Geriatria FE<\/span><\/td>\n<td bgcolor=\"#ffffff\" width=\"145\"><span style=\"font-size: large;\">13 maggio 2022<\/span><\/td>\n<td bgcolor=\"#ffffff\" width=\"144\"><span style=\"font-size: large;\">1 giugno 2022<\/span><\/td>\n<\/tr>\n<tr valign=\"TOP\">\n<td bgcolor=\"#ffffff\" width=\"30\"><span style=\"font-size: large;\">7<\/span><\/td>\n<td bgcolor=\"#ffffff\" width=\"172\"><span style=\"font-size: large;\">Amalia Manzan<\/span><\/td>\n<td bgcolor=\"#ffffff\" width=\"125\"><span style=\"font-size: large;\">SERD<\/span><\/td>\n<td bgcolor=\"#ffffff\" width=\"145\"><span style=\"font-size: large;\">22 aprile 2022<\/span><\/td>\n<td bgcolor=\"#ffffff\" width=\"144\"><span style=\"font-size: large;\">1 giugno 2022<\/span><\/td>\n<\/tr>\n<tr valign=\"TOP\">\n<td bgcolor=\"#ffffff\" width=\"30\"><span style=\"font-size: large;\">8<\/span><\/td>\n<td bgcolor=\"#ffffff\" width=\"172\"><span style=\"font-size: large;\">Federica Schievenin<\/span><\/td>\n<td bgcolor=\"#ffffff\" width=\"125\"><span style=\"font-size: large;\">Farmacia territoriale<\/span><\/td>\n<td bgcolor=\"#ffffff\" width=\"145\"><span style=\"font-size: large;\">9 maggio 2022<\/span><\/td>\n<td bgcolor=\"#ffffff\" width=\"144\"><span style=\"font-size: large;\">1 giugno 2022<\/span><\/td>\n<\/tr>\n<tr valign=\"TOP\">\n<td bgcolor=\"#ffffff\" width=\"30\"><span style=\"font-size: large;\">9<\/span><\/td>\n<td bgcolor=\"#ffffff\" width=\"172\"><span style=\"font-size: large;\">Giovanni Balestriero<\/span><\/td>\n<td bgcolor=\"#ffffff\" width=\"125\"><span style=\"font-size: large;\">Radiologia BL<\/span><\/td>\n<td bgcolor=\"#ffffff\" width=\"145\"><span style=\"font-size: large;\">23 maggio 2022<\/span><\/td>\n<td bgcolor=\"#ffffff\" width=\"144\"><span style=\"font-size: large;\">11 luglio 2022<\/span><\/td>\n<\/tr>\n<tr valign=\"TOP\">\n<td bgcolor=\"#ffffff\" width=\"30\"><span style=\"font-size: large;\">10<\/span><\/td>\n<td bgcolor=\"#ffffff\" width=\"172\"><span style=\"font-size: large;\">Andrea Carraro<\/span><\/td>\n<td bgcolor=\"#ffffff\" width=\"125\"><span style=\"font-size: large;\">Medicina Pieve<\/span><\/td>\n<td bgcolor=\"#ffffff\" width=\"145\"><span style=\"font-size: large;\">23 maggio 2022<\/span><\/td>\n<td bgcolor=\"#ffffff\" width=\"144\"><span style=\"font-size: large;\">16 giugno 2022<\/span><\/td>\n<\/tr>\n<tr valign=\"TOP\">\n<td bgcolor=\"#ffffff\" width=\"30\"><span style=\"font-size: large;\">11<\/span><\/td>\n<td bgcolor=\"#ffffff\" width=\"172\"><span style=\"font-size: large;\">Alessio Gioffredi<\/span><\/td>\n<td bgcolor=\"#ffffff\" width=\"125\"><span style=\"font-size: large;\">Distretto BL<\/span><\/td>\n<td bgcolor=\"#ffffff\" width=\"145\"><span style=\"font-size: large;\">31 maggio 2022<\/span><\/td>\n<td bgcolor=\"#ffffff\" width=\"144\"><span style=\"font-size: large;\">1 giugno 2022<\/span><\/td>\n<\/tr>\n<tr valign=\"TOP\">\n<td bgcolor=\"#ffffff\" width=\"30\"><span style=\"font-size: large;\">12<\/span><\/td>\n<td bgcolor=\"#ffffff\" width=\"172\"><span style=\"font-size: large;\">Lucia Dalla Torre<\/span><\/td>\n<td bgcolor=\"#ffffff\" width=\"125\"><span style=\"font-size: large;\">Distretto FE<\/span><\/td>\n<td bgcolor=\"#ffffff\" width=\"145\"><span style=\"font-size: large;\">31 maggio 2022<\/span><\/td>\n<td bgcolor=\"#ffffff\" width=\"144\"><span style=\"font-size: large;\">1 giugno 2022<\/span><\/td>\n<\/tr>\n<tr valign=\"TOP\">\n<td bgcolor=\"#ffffff\" width=\"30\"><span style=\"font-size: large;\">13<\/span><\/td>\n<td bgcolor=\"#ffffff\" width=\"172\"><span style=\"font-size: large;\">Paolo Camerotto<\/span><\/td>\n<td bgcolor=\"#ffffff\" width=\"125\"><span style=\"font-size: large;\">Serv Veterinari<\/span><\/td>\n<td bgcolor=\"#ffffff\" width=\"145\"><span style=\"font-size: large;\">27 giugno 2022<\/span><\/td>\n<td bgcolor=\"#ffffff\" width=\"144\"><span style=\"font-size: large;\">1 agosto 2022<\/span><\/td>\n<\/tr>\n<tr valign=\"TOP\">\n<td bgcolor=\"#ffffff\" width=\"30\"><span style=\"font-size: large;\">14<\/span><\/td>\n<td bgcolor=\"#ffffff\" width=\"172\"><span style=\"font-size: large;\">Maurizio Nicodemo<\/span><\/td>\n<td bgcolor=\"#ffffff\" width=\"125\"><span style=\"font-size: large;\">Oncologia FE<\/span><\/td>\n<td bgcolor=\"#ffffff\" width=\"145\"><span style=\"font-size: large;\">12 luglio 2022<\/span><\/td>\n<td bgcolor=\"#ffffff\" width=\"144\"><span style=\"font-size: large;\">1 ottobre 2022<\/span><\/td>\n<\/tr>\n<tr valign=\"TOP\">\n<td bgcolor=\"#ffffff\" width=\"30\"><span style=\"font-size: large;\">15<\/span><\/td>\n<td bgcolor=\"#ffffff\" width=\"172\"><span style=\"font-size: large;\">Sabrina Marconato<\/span><\/td>\n<td bgcolor=\"#ffffff\" width=\"125\"><span style=\"font-size: large;\">DMO FE<\/span><\/td>\n<td bgcolor=\"#ffffff\" width=\"145\"><span style=\"font-size: large;\">1 agosto 2022<\/span><\/td>\n<td bgcolor=\"#ffffff\" width=\"144\"><span style=\"font-size: large;\">16 settembre 2022<\/span><\/td>\n<\/tr>\n<tr valign=\"TOP\">\n<td bgcolor=\"#ffffff\" width=\"30\"><span style=\"font-size: large;\">16<\/span><\/td>\n<td bgcolor=\"#ffffff\" width=\"172\"><span style=\"font-size: large;\">Carlo Malavisi<\/span><\/td>\n<td bgcolor=\"#ffffff\" width=\"125\"><span style=\"font-size: large;\">Anestesia FE<\/span><\/td>\n<td bgcolor=\"#ffffff\" width=\"145\"><span style=\"font-size: large;\">15 settembre 2022<\/span><\/td>\n<td bgcolor=\"#ffffff\" width=\"144\"><span style=\"font-size: large;\">1 novembre 2022<\/span><\/td>\n<\/tr>\n<tr valign=\"TOP\">\n<td bgcolor=\"#ffffff\" width=\"30\"><span style=\"font-size: large;\">17<\/span><\/td>\n<td bgcolor=\"#ffffff\" width=\"172\"><span style=\"font-size: large;\">Milena Guglielminetti<\/span><\/td>\n<td bgcolor=\"#ffffff\" width=\"125\"><span style=\"font-size: large;\">Disabilit\u00e0<\/span><\/td>\n<td bgcolor=\"#ffffff\" width=\"145\"><span style=\"font-size: large;\">15 novembre 2022<\/span><\/td>\n<td bgcolor=\"#ffffff\" width=\"144\"><span style=\"font-size: large;\">1 dicembre 2022<\/span><\/td>\n<\/tr>\n<tr valign=\"TOP\">\n<td bgcolor=\"#ffffff\" width=\"30\"><span style=\"font-size: large;\">18<\/span><\/td>\n<td bgcolor=\"#ffffff\" width=\"172\"><span style=\"font-size: large;\">Marcello Repele<\/span><\/td>\n<td bgcolor=\"#ffffff\" width=\"125\"><span style=\"font-size: large;\">Urologia BL<\/span><\/td>\n<td bgcolor=\"#ffffff\" width=\"145\"><span style=\"font-size: large;\">19 dicembre 2022<\/span><\/td>\n<td bgcolor=\"#ffffff\" width=\"144\"><span style=\"font-size: large;\">16 gennaio 2023<\/span><\/td>\n<\/tr>\n<tr valign=\"TOP\">\n<td bgcolor=\"#ffffff\" width=\"30\"><span style=\"font-size: large;\">19<\/span><\/td>\n<td bgcolor=\"#ffffff\" width=\"172\"><span style=\"font-size: large;\">Giorgia Marcato<\/span><\/td>\n<td bgcolor=\"#ffffff\" width=\"125\"><span style=\"font-size: large;\">DMO BL<\/span><\/td>\n<td bgcolor=\"#ffffff\" width=\"145\"><span style=\"font-size: large;\">19 dicembre 2022<\/span><\/td>\n<td bgcolor=\"#ffffff\" width=\"144\"><span style=\"font-size: large;\">1 febbraio 2023<\/span><\/td>\n<\/tr>\n<tr valign=\"TOP\">\n<td bgcolor=\"#ffffff\" width=\"30\"><span style=\"font-size: large;\">20<\/span><\/td>\n<td bgcolor=\"#ffffff\" width=\"172\"><span style=\"font-size: large;\">Stefano Gasperin<\/span><\/td>\n<td bgcolor=\"#ffffff\" width=\"125\"><span style=\"font-size: large;\">PS Agordo<\/span><\/td>\n<td bgcolor=\"#ffffff\" width=\"145\"><span style=\"font-size: large;\">23 dicembre 2022<\/span><\/td>\n<td bgcolor=\"#ffffff\" width=\"144\"><span style=\"font-size: large;\">1 febbraio 2023<\/span><\/td>\n<\/tr>\n<tr valign=\"TOP\">\n<td bgcolor=\"#ffffff\" width=\"30\"><span style=\"font-size: large;\">21<\/span><\/td>\n<td bgcolor=\"#ffffff\" width=\"172\"><span style=\"font-size: large;\">Emanuela Salvatico<\/span><\/td>\n<td bgcolor=\"#ffffff\" width=\"125\"><span style=\"font-size: large;\">Farmacia BL<\/span><\/td>\n<td bgcolor=\"#ffffff\" width=\"145\"><span style=\"font-size: large;\">23 dicembre 2022<\/span><\/td>\n<td bgcolor=\"#ffffff\" width=\"144\"><span style=\"font-size: large;\">16 febbraio 2023<\/span><\/td>\n<\/tr>\n<tr valign=\"TOP\">\n<td bgcolor=\"#ffffff\" width=\"30\"><span style=\"font-size: large;\">22<\/span><\/td>\n<td bgcolor=\"#ffffff\" width=\"172\"><span style=\"font-size: large;\">Francesco Minniti<\/span><\/td>\n<td bgcolor=\"#ffffff\" width=\"125\"><span style=\"font-size: large;\">Medicina AG<\/span><\/td>\n<td bgcolor=\"#ffffff\" width=\"145\"><span style=\"font-size: large;\">28 febbraio 2023<\/span><\/td>\n<td bgcolor=\"#ffffff\" width=\"144\"><span style=\"font-size: large;\">1 maggio 2023<\/span><\/td>\n<\/tr>\n<\/tbody>\n<\/table>\n<p><span style=\"font-size: large;\"><b>Concorsi in corso:<\/b><\/span><\/p>\n<ul>\n<li><span style=\"font-size: medium;\">Direttore Cure Primarie FE \u2013 concorso espletato, nomina in corso<\/span><\/li>\n<li><span style=\"font-size: medium;\">Direttore Medicina Generale FE \u2013 bando pubblicato sul BUR il 3 marzo 2023<\/span><\/li>\n<li><span style=\"font-size: medium;\">Direttore Cardiologia FE \u2013 bando pubblicato sul BUR il 3 marzo 2023<\/span><\/li>\n<\/ul>\n<p>&nbsp;<\/p>\n<p>&nbsp;<\/p>\n<p>&nbsp;<\/p>\n<p>&nbsp;<\/p>\n<p><strong>Lucia Dalla Torre \u2013 Direttore del Distretto di Feltre<\/strong><\/p>\n<p>Classe 1973, di Valdobbiadene, la dottoressa Dalla Torre\u00a0 si \u00e8 laureata in Medicina e Chirurgia all\u2019Universit\u00e0 di Padova e si \u00e8 specializzata in Medicina di Comunit\u00e0 nel 2004 dopo un anno di formazione all&#8217;estero, come Assistant Project Manager del Progetto di Cooperazione Internazionale \u201cNascere senza AIDS in Tanzania\u201d. Nel 2017 ha conseguito, inoltre, un master di secondo livello nell\u2019ambito dei servizi sociosanitari all\u2019Universit\u00e0 di Udine.Dopo un\u2019esperienza decennale presso l\u2019Ulss Marca Trevigiana, dal 2020 \u00e8 in servizio in Ulss Dolomiti, dove \u00e8 stata Direttore delle Cure primarie fino a maggio 2022.<\/p>\n<p>&nbsp;<\/p>\n<p><strong>Paolo Camerotto \u2013 Direttore U.O.C. di Servizio Veterinario di Igiene degli allevamenti e delle produzioni zootecniche <\/strong><\/p>\n<p>Classe 1957, di Treviso, il dottor Camerotto si \u00e8 laureato in Medicina Veterinaria all\u2019Universit\u00e0 di Bologna.Ha prestato servizio nell\u2019Ulss Marca Trevigiana con incarico professionale di alta specializzazione.Nell&#8217;ambito degli incarichi ricoperti ha maturato una solida esperienza nella gestione del servizio veterinario per l&#8217;igiene degli allevamenti. Inoltre, insegna Alimentazione e Nutrizione Animali da reddito all\u2019Universit\u00e0 degli Studi di Padova nella facolt\u00e0 di Medicina Veterinaria. E\u2019 stato nominato Direttore del Servizio Veterinario di Igiene degli allevamenti e delle produzioni zootecniche il 27 giugno 2022 e ha preso servizio il 1 agosto 2022.<\/p>\n<p>&nbsp;<\/p>\n<p><strong>Maurizio Nicodemo \u2013 Direttore U.O.C. di Oncologia dell\u2019Ospedale di Feltre<\/strong><\/p>\n<p>Classe 1964, romano di nascita, veronese di adozione, il dottor Nicodemo si \u00e8 laureato in Medicina e Chirurgia all\u2019Universit\u00e0 \u201cLa Sapienza\u201d di Roma dove si \u00e8 poi anche specializzato in Oncologia. Proviene dall\u2019IRCCS Sacro Cuore di Negrar &#8211; Verona dove ha maturato una solida esperienza a tutto tondo sulla cura dei tumori e anche una expertise nel trattare i tumori uro-genitali e della testa-collo. Dal 2015 \u00e8 Componente del gruppo di lavoro PDTA della Rete Oncologica Veneta per i pazienti affetti da Tumore testa-collo. Ha al suo attivo una ricca produzione scientifica, con pubblicazioni su importanti riviste nazionali e internazionali. Si \u00e8 occupato, infine, con attenzione anche dell\u2019umanizzazione delle cure. E\u2019 stato nominato Direttore dell\u2019Oncologia di Feltre il 12 luglio 2022 e ha preso servizio il 1 ottobre 2022.<\/p>\n<p>&nbsp;<\/p>\n<p><strong>Sabrina Marconato \u2013 Direttore della Direzione Medica dell\u2019Ospedale di Feltre<\/strong><\/p>\n<p>Classe 1974, di Padova, la dottoressa Marconato si \u00e8 laureata in Medicina e Chirurgia all\u2019Universit\u00e0 degli Studi di Padova, dove ha conseguito poi la specializzazione in Igiene e Medicina Preventiva. Proviene dall\u2019Istituto Oncologico Veneto IRCCS dove ha ricoperto un incarico di alta specializzazione all\u2019interno della direzione dell\u2019Azienda. Nel corso della sua carriera, ha maturato una solida esperienza in ambito igienico-sanitario e organizzativo-gestionale, ricoprendo diversi incarichi nel campo della direzione medica ospedaliera all\u2019interno dell\u2019Ulss Euganea. E\u2019 esperta nella gestione e nel monitoraggio delle liste di attesa, di rischio clinico, di qualit\u00e0 e di valutazione dell\u2019attivit\u00e0 di ricovero. Si \u00e8 occupata della gestione di progetti e gruppi di lavoro trasversali, valorizzando il team working e favorendo l\u2019attitudine all\u2019innovazione, anche in contesti critici e complessi. Inoltre, attraverso la formazione di facilitatore e valutatore nell\u2019ambito dell\u2019accreditamento istituzionale, ha\u00a0 prodotto procedure e istruzioni operative volte a favorire l\u2019innovazione e il miglioramento continuo nei processi gestionali. E\u2019 stata nominata Direttore della Direzione Medica di Feltre il 1 agosto 2022 e ha preso servizio il 16 settembre 2022.<\/p>\n<p>&nbsp;<\/p>\n<p><strong>Carlo Malavisi \u2013 Direttore U.O.C. di Anestesia dell\u2019Ospedale di Feltre<\/strong><\/p>\n<p>Classe 1972, di San Vendemiano (TV), il dottor Malavisi si \u00e8 laureato in Medicina e Chirurgia all\u2019Universit\u00e0 degli Studi di Padova, dove ha poi conseguito la specializzazione in Anestesia e Rianimazione, indirizzo Terapia Antalgica. Nel corso della sua carriera, ha consolidato competenze ed esperienze nella disciplina di anestesia e rianimazione, ricoprendo diversi incarichi anche nell\u2019Ulss 2 Marca Trevigiana, dove dal 2010 aveva assunto un incarico di alta specializzazione per la \u201cparto analgesia e controllo del dolore postoperatorio\u201d. Dal 2017 ha prestato servizio all\u2019Azienda Sanitaria Friuli Occidentale di Pordenone dove ha maturato una solida capacit\u00e0 di gestione organizzativa dell\u2019attivit\u00e0 cliniche presso il blocco operatorio dell\u2019Ospedale di Pordenone. Inoltre \u00e8 stato tutor per i medici specializzandi in Anestesia e Rianimazione dell\u2019Universit\u00e0 degli studi di Udine, contribuendo al percorso di formazione di numerosi giovani medici. Tra le competenze tecniche, il dottor Malavisi \u00e8 riconosciuto come esperto nella gestione delle viee aree difficili, fondamentale per la gestione di pazienti critici fragili, e nell\u2019utilizzo di tecniche infiltrative sia periferiche che neurassiali in terapia antalgica. E\u2019 stato nominato Direttore di Anestesia dell\u2019Ospedale di Feltre il 15 settembre 2022 e ha preso servizio il 1 novembre 2022.<\/p>\n<p>&nbsp;<\/p>\n<p><strong>Milena Guglielminetti &#8211; direttore della U.O.C. Disabilit\u00e0 e non Autosufficienza di Belluno<\/strong><\/p>\n<p>Classe 1969, la dottoressa Guglielminetti si \u00e8 laureata in Psicologia all\u2019Universit\u00e0 di Padova, conseguendo poi la specializzazione in Psicoterapia presso la Scuola Europea di Psicoterapia Ipnotica di Milano. Ha prestato servizio come psicologa psicoterapeuta nelle Cure Primarie e nella rete delle Cure Palliative dell\u2019Ulss Dolomiti dal 2009, occupandosi della gestione e del coordinamento della presa in carico psicologica del malato e della sua famiglia, agendo in sinergia con le equipe multi-professionali coinvolte nella rete di cure palliative\/oncologia\/neurologia\/disabilit\u00e0 per l\u2019implementazione di percorsi di cura personalizzati.\u00a0 Dal 2019 ha ricoperto il ruolo di responsabile della UOS Disabilit\u00e0 di Belluno. In particolare si \u00e8 occupata di attivit\u00e0 psicodiagnostica, psicoterapeutica e di consulenza a familiari e operatori, coordinando la presa in carico delle persone con disabilit\u00e0 per individuare il percorso migliore da proporre tra i percorsi assistenziali offerti nell\u2019ambito dell\u2019assistenza domiciliare, residenziale e semiresidenziale, gestendo anche progetti per le persone inserite nei Centri Diurni\/RSA e dedicati all\u2019inclusione nei diversi ambiti della vita, con attenzione al mondo del tempo libero, della cultura, della natura e del turismo, a supporto anche della famiglia della persona disabile. E\u2019 esperta in competenze cliniche e psicoterapeute sia individuali, di coppia, che di gruppo per aiutare le persone e i loro familiari a superare l\u2019impatto con la diagnosi, la cronicit\u00e0 e la prognosi, e in tecniche cognitivo-comportamentali per la gestione dei disturbi post-traumatici. La dottoressa Guglielminetti ha, inoltre, una solida esperienza nella gestione dei bisogni assistenziali delle persone con disabilit\u00e0 e delle loro famiglie, non solo con l\u2019attivazione di percorsi di assistenza dedicati, ma anche con l\u2019attuazione di piani di formazione continua per gli operatori coinvolti delle varie UO e per i volontari delle Associazioni che operano sul territorio nell\u2019ambito delle cure palliative\/oncologia\/neurologia \/disabilit\u00e0. La dottoressa Guglielminetti ha particolarmente curato anche la formazione e l\u2019aggiornamento per portare innovazioni e nuove pratiche nei servizi. Nello specifico, ha conseguito una specializzazione biennale in Counselling in psico-oncologia presso l\u2019Universit\u00e0 Pontificia Salesiana. Ha ottenuto anche un Master in Project Management e gestione dell\u2019Innovazione ad indirizzo socio-sanitario presso l\u2019Universit\u00e0 degli Studi di Padova, un Master in Ipnosi clinica e psicoterapia Eriksoniana presso il Centro di Psicologia Clinica di Firenze e un Master in Economia e Management della Sanit\u00e0 presso l\u2019Universit\u00e0 Ca\u2019 Foscari di Venezia. Inoltre, ha partecipato a corsi della LUISS Business School sulla Leadership in Action, sull\u2019Approccio Lean e Agile al Project Management e sull\u2019 Organizational Design. E\u2019 stata nominata Direttore della Disabilit\u00e0 e non Autosufficienza del Distretto di Belluno il 15 novembre 2022 e ha preso servizio il 1 dicembre 2022.<\/p>\n<p>&nbsp;<\/p>\n<p><strong>Giorgia Marcato \u2013 Direttore della Direzione Medica dell\u2019Ospedale di Belluno<\/strong><\/p>\n<p>Classe 1965, originaria di Venezia e padovana di adozione, la dottoressa Marcato ha conseguito la laurea in Medicina e Chirurgia presso l\u2019Universit\u00e0 degli Studi di Padova, dove si \u00e8 successivamente specializzata in Igiene e Medicina Preventiva e in Medicina di Comunit\u00e0. Dopo un\u2019esperienza all\u2019Ulss 14 Chioggia, ha prestato servizio all\u2019Azienda Ospedaliera Universitaria di Padova dal 1996 al 2003, in Ulss 3 Serenissima fino al 2016 e, infine, all\u2019Istituto Oncologico Veneto fino a dicembre 2018. In particolare, presso l\u2019Ulss Serenissima ha ricoperto un incarico di alta specializzazione come Responsabile Qualit\u00e0 e relazioni ospedale-territorio. Presso lo IOV, ha ricoperto un incarico di alta specializzazione per attivit\u00e0 di direzione connesse alla sorveglianza epidemiologica delle infezioni correlate all\u2019assistenza, al rischio biologico ed infettivo. Si \u00e8 occupata, inoltre, di attivit\u00e0 di supporto all\u2019organizzazione dei sistemi di gestione qualit\u00e0, di certificazione ISO e di attivit\u00e0 di governo clinico assistenziale riguardanti l\u2019implementazione di percorsi oncologici. Dal 2017 \u00e8 stata anche referente aziendale per la Rete Ospedali Bollini Rosa promossa dall\u2019Osservatorio Nazionale per la Salute della Donna (ONDA). Ha ricoperto, infine, il ruolo di referente aziendale per la gestione dei rifiuti ospedalieri e per la gestione dell\u2019appalto pulizie. Dopo l\u2019esperienza allo IOV, dal 2019 ha prestato servizio in Azienda Zero, ricoprendo prima un incarico di alta specializzazione e poi il ruolo di Direttore dell\u2019U.O.C. Ispezioni Sanitarie e Socio Sanitarie (disciplina Igiene e Organizzazione dei Servizi Ospedalieri). Oltre ad avere all\u2019attivo una vasta produzione scientifica, ha svolto diverse attivit\u00e0 di docenza nei corsi di Laurea in Scienze delle professioni sanitarie e tecniche diagnostiche e in Tecniche di laboratorio biomedico dell\u2019Universit\u00e0 degli Studi di Padova. Nello specifico, per l\u2019anno accademico in corso, sta tenendo il corso in Economia e Organizzazione delle Aziende Sanitarie.<\/p>\n<p>&nbsp;<\/p>\n<p><strong>Marcello Repele \u2013 Direttore U.O.C. Urologia dell\u2019Ospedale di Belluno<\/strong><\/p>\n<p>Classe 1972, vicentino di nascita e padovano di adozione, il dottor Repele si \u00e8 laureato in Medicina e Chirurgia presso l\u2019Universit\u00e0 di Padova, dove ha conseguito, poi, la specializzazione in Urologia e un master universitario di secondo livello in Andrologia. Proviene dall\u2019Azienda Ospedaliera Universitaria di Padova, dove ha ricoperto uno specifico incarico di specialit\u00e0 in chirurgia laparoscopica. E\u2019 stato, inoltre, responsabile del servizio di biopsie prostatiche ecoguidate e responsabile del servizio di Urodinamica presso l\u2019Urologia dell\u2019Ospedale Sant\u2019Antonio dell\u2019Ulss Euganea. Nel corso della sua esperienza, si \u00e8 specializzato nello sviluppo della chirurgia urologia mini-invasiva in diversi ambiti. Nello specifico, si \u00e8 occupato della chirurgia mini-invasiva dell\u2019incontinenza urinaria maschile e femminile, della chirurgia endoscopica e videolaparoscopica renale, cos\u00ec come della chirurgia videolaparoscopica e robot assistita prostatica. Ha al suo attivo numerose pubblicazioni scientifiche. In particolare, la sua produzione scientifica pi\u00f9 recente riguarda le neoplasie vescicali. E\u2019 stato nominato Direttore U.O.C. Urologia di Belluno il 19 dicembre 2022 e ha preso servizio il 16 gennaio 2023.<\/p>\n<p>&nbsp;<\/p>\n<p><strong>Emanuela Salvatico \u2013 Direttore U.O.C. di Farmacia Ospedaliera<\/strong><\/p>\n<p>Classe 1961, di Padova, la dottoressa Salvatico si \u00e8 laureata in Farmacia presso l\u2019Universit\u00e0 di Padova, dove ha conseguito, poi, la specializzazione in Farmacia Ospedaliera. Successivamente, si \u00e8 specializzata in Farmacologia presso l\u2019Universit\u00e0 Statale di Milano e in Tecnologie e Scienze Cosmetiche all\u2019Universit\u00e0 di Ferrara. Inoltre, ha ottenuto un master in Economia Farmaceutica presso l\u2019Universit\u00e0 di Milano e ha frequentato un corso di perfezionamento in Bioetica presso l\u2019Universit\u00e0 di Padova. Dal 2019 \u00e8 stata direttore di struttura complessa nell\u2019ambito della Farmacia Ospedaliera presso l\u2019Ulss 6 Euganea. E\u2019 esperta in budgeting, nella gestione dei processi di logistica dei farmaci, nel controllo dell\u2019appropriatezza prescrittiva e nella produzione galenica. Ha al suo attivo una ricca produzione scientifica e ha svolto diverse attivit\u00e0 di docenza, in particolare in galenica, in patologia del diabete e farmacoeconomia.<\/p>\n<p>&nbsp;<\/p>\n<p>&nbsp;<\/p>\n","protected":false},"excerpt":{"rendered":"<p>BELLUNO Eccoli i nuovi direttori di unit\u00e0 operativa nominati dall&#8217;Ulss1. Da marzo 2021, l&#8217;attuale Direzione ha nominato 22 nuovi direttori: una squadra che vede figure di alto profilo, alcuni provenienti da altre aziende, che porteranno nuove esperienze, e alcuni formati in Ulss Dolomiti a testimonianza della valorizzazione delle risorse interne. La cosa che pi\u00f9 colpisce&hellip;<\/p>\n","protected":false},"author":4,"featured_media":327853,"comment_status":"closed","ping_status":"closed","sticky":false,"template":"","format":"standard","meta":{"_monsterinsights_skip_tracking":false,"_monsterinsights_sitenote_active":false,"_monsterinsights_sitenote_note":"","_monsterinsights_sitenote_category":0,"footnotes":""},"categories":[51,49],"tags":[],"class_list":["post-327827","post","type-post","status-publish","format-standard","has-post-thumbnail","hentry","category-evidenza-top","category-news-18","category-51","category-49","description-off"],"img_url":"https:\/\/www.radiopiu.net\/wordpress\/wp-content\/uploads\/2023\/03\/65a63601-57ea-4879-8362-3a17c4ddbfee.jpg","_links":{"self":[{"href":"https:\/\/www.radiopiu.net\/wordpress\/wp-json\/wp\/v2\/posts\/327827","targetHints":{"allow":["GET"]}}],"collection":[{"href":"https:\/\/www.radiopiu.net\/wordpress\/wp-json\/wp\/v2\/posts"}],"about":[{"href":"https:\/\/www.radiopiu.net\/wordpress\/wp-json\/wp\/v2\/types\/post"}],"author":[{"embeddable":true,"href":"https:\/\/www.radiopiu.net\/wordpress\/wp-json\/wp\/v2\/users\/4"}],"replies":[{"embeddable":true,"href":"https:\/\/www.radiopiu.net\/wordpress\/wp-json\/wp\/v2\/comments?post=327827"}],"version-history":[{"count":0,"href":"https:\/\/www.radiopiu.net\/wordpress\/wp-json\/wp\/v2\/posts\/327827\/revisions"}],"wp:featuredmedia":[{"embeddable":true,"href":"https:\/\/www.radiopiu.net\/wordpress\/wp-json\/wp\/v2\/media\/327853"}],"wp:attachment":[{"href":"https:\/\/www.radiopiu.net\/wordpress\/wp-json\/wp\/v2\/media?parent=327827"}],"wp:term":[{"taxonomy":"category","embeddable":true,"href":"https:\/\/www.radiopiu.net\/wordpress\/wp-json\/wp\/v2\/categories?post=327827"},{"taxonomy":"post_tag","embeddable":true,"href":"https:\/\/www.radiopiu.net\/wordpress\/wp-json\/wp\/v2\/tags?post=327827"}],"curies":[{"name":"wp","href":"https:\/\/api.w.org\/{rel}","templated":true}]}}