{"id":327883,"date":"2023-03-22T16:59:05","date_gmt":"2023-03-22T15:59:05","guid":{"rendered":"https:\/\/www.radiopiu.net\/wordpress\/?p=327883"},"modified":"2023-03-23T05:27:28","modified_gmt":"2023-03-23T04:27:28","slug":"sabato-assemblea-annuale-del-bard-rinnovo-delle-cariche-e-focus-sullautonomia-energetica","status":"publish","type":"post","link":"https:\/\/www.radiopiu.net\/wordpress\/sabato-assemblea-annuale-del-bard-rinnovo-delle-cariche-e-focus-sullautonomia-energetica\/","title":{"rendered":"SABATO ASSEMBLEA ANNUALE DEL BARD RINNOVO DELLE CARICHE E FOCUS SULL&#8217;AUTONOMIA ENERGETICA"},"content":{"rendered":"<p><strong><a class=\"dt-pswp-item\" href=\"https:\/\/www.radiopiu.net\/wordpress\/wp-content\/uploads\/2021\/12\/BARD.png\" data-dt-img-description=\"\" data-large_image_width=\"452\" data-large_image_height=\"448\"><img loading=\"lazy\" decoding=\"async\" class=\" wp-image-247298 alignleft\" src=\"https:\/\/www.radiopiu.net\/wordpress\/wp-content\/uploads\/2021\/12\/BARD-300x297.png\" alt=\"\" width=\"126\" height=\"125\" srcset=\"https:\/\/www.radiopiu.net\/wordpress\/wp-content\/uploads\/2021\/12\/BARD-300x297.png 300w, https:\/\/www.radiopiu.net\/wordpress\/wp-content\/uploads\/2021\/12\/BARD-150x150.png 150w, https:\/\/www.radiopiu.net\/wordpress\/wp-content\/uploads\/2021\/12\/BARD.png 452w\" sizes=\"auto, (max-width: 126px) 100vw, 126px\" \/><\/a>BELLUNO <\/strong>Si terr\u00e0 sabato 25 marzo, con inizio alle ore 16.00, l&#8217;assemblea annuale del Movimento BARD &#8211; Belluno Autonoma Regione Dolomiti; teatro dell&#8217;incontro sar\u00e0 la Sala Veranda della Birreria a Pedavena. La prima fase sar\u00e0 dedicata al rinnovo delle cariche e della presidenza, l&#8217;approvazione del bilancio e altre pratiche formali, ed \u00e8 aperta ai soli iscritti al movimento. Alle 17.30, invece, via all&#8217;incontro pubblico sul tema \u201cTransizione e autonomia energetica. Quale futuro?\u201d: un modo per affrontare da tanti punti di vista le prospettive su questi temi per la provincia di Belluno, in particolare per la sua autonomia e per la gestione delle risorse ambientali nella fase di transizione energetica verso una societ\u00e0 sostenibile. Di spessore gli interventi e i relatori: si inizia con Francesco De Bettin, presidente di DBA Group e di ACN &#8211; Associazione Comelico Nuovo sul tema \u201cIdrogeno e crediti di carbonio\u201d; a seguire, il sociologo Diego Cason con \u201cComunit\u00e0 energetiche alpine\u201d; l&#8217;avvocata Elisa Tommasella &#8211; introdotta dal Presidente del Regola Monte Salatis di Chies d&#8217;Alpago, Carlos Zanon \u2013 affronter\u00e0 la questione di \u201cPropriet\u00e0 delle opere e dei corpi idrici\u201d. Un occhio appena oltre i confini regionali con il focus su \u201cGestione energetica della Valle del Primiero\u201d grazie a Simone Canteri, Direttore di ACSM Primiero, e poi spazio alla politica, da quella regionale e nazionale con Simonetta Rubinato e \u201cAutonomia differenziata per i territori di montagna\u201d a quella europea con \u201cLa politica Europea per la transizione energetica\u201d illustrata dall&#8217;europarlamentare<br \/>\nHerbert Dorfmann.<\/p>\n<p><strong>IL PRESIDENTE DEL BARD ANDREA BONA <\/strong><\/p>\n<audio class=\"wp-audio-shortcode\" id=\"audio-327883-1\" preload=\"none\" style=\"width: 100%;\" controls=\"controls\"><source type=\"audio\/mpeg\" src=\"https:\/\/www.radiopiu.net\/wordpress\/wp-content\/uploads\/2023\/03\/Andrea-Bona-Presidente-Bard-Assemblea-2023-e-convegno-energia.mp3?_=1\" \/><a href=\"https:\/\/www.radiopiu.net\/wordpress\/wp-content\/uploads\/2023\/03\/Andrea-Bona-Presidente-Bard-Assemblea-2023-e-convegno-energia.mp3\">https:\/\/www.radiopiu.net\/wordpress\/wp-content\/uploads\/2023\/03\/Andrea-Bona-Presidente-Bard-Assemblea-2023-e-convegno-energia.mp3<\/a><\/audio>\n<p>&nbsp;<\/p>\n","protected":false},"excerpt":{"rendered":"<p>BELLUNO Si terr\u00e0 sabato 25 marzo, con inizio alle ore 16.00, l&#8217;assemblea annuale del Movimento BARD &#8211; Belluno Autonoma Regione Dolomiti; teatro dell&#8217;incontro sar\u00e0 la Sala Veranda della Birreria a Pedavena. La prima fase sar\u00e0 dedicata al rinnovo delle cariche e della presidenza, l&#8217;approvazione del bilancio e altre pratiche formali, ed \u00e8 aperta ai soli&hellip;<\/p>\n","protected":false},"author":4,"featured_media":247298,"comment_status":"closed","ping_status":"closed","sticky":false,"template":"","format":"standard","meta":{"_monsterinsights_skip_tracking":false,"_monsterinsights_sitenote_active":false,"_monsterinsights_sitenote_note":"","_monsterinsights_sitenote_category":0,"footnotes":""},"categories":[51,49],"tags":[],"class_list":["post-327883","post","type-post","status-publish","format-standard","has-post-thumbnail","hentry","category-evidenza-top","category-news-18","category-51","category-49","description-off"],"img_url":"https:\/\/www.radiopiu.net\/wordpress\/wp-content\/uploads\/2021\/12\/BARD.png","_links":{"self":[{"href":"https:\/\/www.radiopiu.net\/wordpress\/wp-json\/wp\/v2\/posts\/327883","targetHints":{"allow":["GET"]}}],"collection":[{"href":"https:\/\/www.radiopiu.net\/wordpress\/wp-json\/wp\/v2\/posts"}],"about":[{"href":"https:\/\/www.radiopiu.net\/wordpress\/wp-json\/wp\/v2\/types\/post"}],"author":[{"embeddable":true,"href":"https:\/\/www.radiopiu.net\/wordpress\/wp-json\/wp\/v2\/users\/4"}],"replies":[{"embeddable":true,"href":"https:\/\/www.radiopiu.net\/wordpress\/wp-json\/wp\/v2\/comments?post=327883"}],"version-history":[{"count":0,"href":"https:\/\/www.radiopiu.net\/wordpress\/wp-json\/wp\/v2\/posts\/327883\/revisions"}],"wp:featuredmedia":[{"embeddable":true,"href":"https:\/\/www.radiopiu.net\/wordpress\/wp-json\/wp\/v2\/media\/247298"}],"wp:attachment":[{"href":"https:\/\/www.radiopiu.net\/wordpress\/wp-json\/wp\/v2\/media?parent=327883"}],"wp:term":[{"taxonomy":"category","embeddable":true,"href":"https:\/\/www.radiopiu.net\/wordpress\/wp-json\/wp\/v2\/categories?post=327883"},{"taxonomy":"post_tag","embeddable":true,"href":"https:\/\/www.radiopiu.net\/wordpress\/wp-json\/wp\/v2\/tags?post=327883"}],"curies":[{"name":"wp","href":"https:\/\/api.w.org\/{rel}","templated":true}]}}