{"id":327895,"date":"2023-03-22T17:13:08","date_gmt":"2023-03-22T16:13:08","guid":{"rendered":"https:\/\/www.radiopiu.net\/wordpress\/?p=327895"},"modified":"2023-03-22T17:13:08","modified_gmt":"2023-03-22T16:13:08","slug":"la-maggioranza-decide-per-la-fusione-di-bim-gsp-con-bim-belluno-infrastrutture","status":"publish","type":"post","link":"https:\/\/www.radiopiu.net\/wordpress\/la-maggioranza-decide-per-la-fusione-di-bim-gsp-con-bim-belluno-infrastrutture\/","title":{"rendered":"LA MAGGIORANZA DECIDE PER LA FUSIONE DI BIM GSP CON BIM BELLUNO INFRASTRUTTURE"},"content":{"rendered":"<p><strong><a class=\"dt-pswp-item\" href=\"https:\/\/www.radiopiu.net\/wordpress\/wp-content\/uploads\/2023\/03\/IMG_20230322_162806.jpg\" data-dt-img-description=\"\" data-large_image_width=\"1134\" data-large_image_height=\"850\"><img loading=\"lazy\" decoding=\"async\" class=\" wp-image-327896 alignleft\" src=\"https:\/\/www.radiopiu.net\/wordpress\/wp-content\/uploads\/2023\/03\/IMG_20230322_162806-300x225.jpg\" alt=\"\" width=\"193\" height=\"145\" srcset=\"https:\/\/www.radiopiu.net\/wordpress\/wp-content\/uploads\/2023\/03\/IMG_20230322_162806-300x225.jpg 300w, https:\/\/www.radiopiu.net\/wordpress\/wp-content\/uploads\/2023\/03\/IMG_20230322_162806-1024x768.jpg 1024w, https:\/\/www.radiopiu.net\/wordpress\/wp-content\/uploads\/2023\/03\/IMG_20230322_162806-768x576.jpg 768w, https:\/\/www.radiopiu.net\/wordpress\/wp-content\/uploads\/2023\/03\/IMG_20230322_162806.jpg 1134w\" sizes=\"auto, (max-width: 193px) 100vw, 193px\" \/><\/a>BELLUNO <\/strong>La fusione tra Bim Gsp e Bim Belluno Infrastrutture si far\u00e0. Lo hanno deciso oggi pomeriggio, a maggioranza, i soci delle due societ\u00e0, riuniti in assemblea nella sala congressi del Park Hotel Villa Carpenada di Belluno per la valutazione dell\u2019operazione di fusione. Gli stessi hanno dato mandato ai vertici delle due societ\u00e0 di avviare l\u2019iter formale che porter\u00e0, entro la fine del 2023, all\u2019incorporazione di Bim Infrastrutture all\u2019interno di Bim Gsp. L\u2019operazione, presentata nei dettagli da Attilio Sommavilla e Bruno Zanolla, rispettivamente Presidente di Bim Gsp e Amministratore Unico di Bim Infrastrutture, si svolger\u00e0 nel corso dei prossimi mesi e, con il consenso unanime dei soci, potr\u00e0 avere un iter semplificato trattandosi appunto di assorbimento di una societ\u00e0 all\u2019interno dell\u2019altra. Il soggetto che nascer\u00e0 dalla fusione avr\u00e0 una nuova denominazione e sar\u00e0 operativo da inizio 2024: continuer\u00e0 a gestire il servizio idrico integrato nel territorio provinciale e le reti a Gpl nei cinque comuni dove al momento sono attive (Comelico Superiore, Ponte nelle Alpi, Santo Stefano di Cadore, Sappada, Val di Zoldo), ma si occuper\u00e0 anche di energia green. Avr\u00e0 in carico, infatti, la gestione delle centraline idroelettriche presenti in diversi Comuni bellunesi e la rete di teleriscaldamento a biomassa attiva a Santo Stefano di Cadore, oggi amministrate da Bim Infrastrutture; svilupper\u00e0 anche nuovi impianti di produzione di energia elettrica e termica da fonti rinnovabili su serbatoi, depuratori o siti dei Comuni, per autoconsumo; avvier\u00e0 iniziative per l\u2019efficientamento e risparmio energetico e, non ultimo, curer\u00e0 lo sviluppo delle comunit\u00e0 energetiche; preparer\u00e0, infine, piani di azione per partecipare alle iniziative cui dar\u00e0 seguito la Regione del Veneto in merito alla partita delle grandi concessioni di derivazione in scadenza nel 2029. Notevoli i benefici che ne conseguiranno: sviluppo del settore energia, in particolare rinnovabile, per una maggior autonomia nella produzione di energia elettrica e stabilit\u00e0 dei prezzi di acquisto, consolidamento della governance pubblica nel settore dell\u2019acqua, riduzione dei costi gestionali complessivi, economie di scala e semplificazione delle procedure interne. La nuova societ\u00e0, aspetto molto importante, potr\u00e0 disporre di un patrimonio netto di oltre 100 milioni di euro: sar\u00e0, quindi, solida dal punto di vista economico e potr\u00e0 contare su un buon posizionamento anche nel mercato del credito.<\/p>\n<p>&nbsp;<\/p>\n<p>&nbsp;<\/p>\n<p>&nbsp;<\/p>\n<p>*******<\/p>\n","protected":false},"excerpt":{"rendered":"<p>BELLUNO La fusione tra Bim Gsp e Bim Belluno Infrastrutture si far\u00e0. Lo hanno deciso oggi pomeriggio, a maggioranza, i soci delle due societ\u00e0, riuniti in assemblea nella sala congressi del Park Hotel Villa Carpenada di Belluno per la valutazione dell\u2019operazione di fusione. Gli stessi hanno dato mandato ai vertici delle due societ\u00e0 di avviare&hellip;<\/p>\n","protected":false},"author":4,"featured_media":327896,"comment_status":"closed","ping_status":"closed","sticky":false,"template":"","format":"standard","meta":{"_monsterinsights_skip_tracking":false,"_monsterinsights_sitenote_active":false,"_monsterinsights_sitenote_note":"","_monsterinsights_sitenote_category":0,"footnotes":""},"categories":[51,49],"tags":[],"class_list":["post-327895","post","type-post","status-publish","format-standard","has-post-thumbnail","hentry","category-evidenza-top","category-news-18","category-51","category-49","description-off"],"img_url":"https:\/\/www.radiopiu.net\/wordpress\/wp-content\/uploads\/2023\/03\/IMG_20230322_162806.jpg","_links":{"self":[{"href":"https:\/\/www.radiopiu.net\/wordpress\/wp-json\/wp\/v2\/posts\/327895","targetHints":{"allow":["GET"]}}],"collection":[{"href":"https:\/\/www.radiopiu.net\/wordpress\/wp-json\/wp\/v2\/posts"}],"about":[{"href":"https:\/\/www.radiopiu.net\/wordpress\/wp-json\/wp\/v2\/types\/post"}],"author":[{"embeddable":true,"href":"https:\/\/www.radiopiu.net\/wordpress\/wp-json\/wp\/v2\/users\/4"}],"replies":[{"embeddable":true,"href":"https:\/\/www.radiopiu.net\/wordpress\/wp-json\/wp\/v2\/comments?post=327895"}],"version-history":[{"count":0,"href":"https:\/\/www.radiopiu.net\/wordpress\/wp-json\/wp\/v2\/posts\/327895\/revisions"}],"wp:featuredmedia":[{"embeddable":true,"href":"https:\/\/www.radiopiu.net\/wordpress\/wp-json\/wp\/v2\/media\/327896"}],"wp:attachment":[{"href":"https:\/\/www.radiopiu.net\/wordpress\/wp-json\/wp\/v2\/media?parent=327895"}],"wp:term":[{"taxonomy":"category","embeddable":true,"href":"https:\/\/www.radiopiu.net\/wordpress\/wp-json\/wp\/v2\/categories?post=327895"},{"taxonomy":"post_tag","embeddable":true,"href":"https:\/\/www.radiopiu.net\/wordpress\/wp-json\/wp\/v2\/tags?post=327895"}],"curies":[{"name":"wp","href":"https:\/\/api.w.org\/{rel}","templated":true}]}}