{"id":327924,"date":"2023-03-23T05:13:51","date_gmt":"2023-03-23T04:13:51","guid":{"rendered":"https:\/\/www.radiopiu.net\/wordpress\/?p=327924"},"modified":"2023-03-23T05:26:47","modified_gmt":"2023-03-23T04:26:47","slug":"due-medaglie-in-una-settimana-per-alessandro-valt","status":"publish","type":"post","link":"https:\/\/www.radiopiu.net\/wordpress\/due-medaglie-in-una-settimana-per-alessandro-valt\/","title":{"rendered":"DUE MEDAGLIE IN UNA SETTIMANA PER ALESSANDRO VALT"},"content":{"rendered":"<p><strong><a class=\"dt-pswp-item\" href=\"https:\/\/www.radiopiu.net\/wordpress\/wp-content\/uploads\/2023\/03\/SCR-20230322-pzng.jpeg\" data-dt-img-description=\"\" data-large_image_width=\"1088\" data-large_image_height=\"802\"><img loading=\"lazy\" decoding=\"async\" class=\" wp-image-327925 alignleft\" src=\"https:\/\/www.radiopiu.net\/wordpress\/wp-content\/uploads\/2023\/03\/SCR-20230322-pzng-300x221.jpeg\" alt=\"\" width=\"148\" height=\"109\" srcset=\"https:\/\/www.radiopiu.net\/wordpress\/wp-content\/uploads\/2023\/03\/SCR-20230322-pzng-300x221.jpeg 300w, https:\/\/www.radiopiu.net\/wordpress\/wp-content\/uploads\/2023\/03\/SCR-20230322-pzng-1024x755.jpeg 1024w, https:\/\/www.radiopiu.net\/wordpress\/wp-content\/uploads\/2023\/03\/SCR-20230322-pzng-768x566.jpeg 768w, https:\/\/www.radiopiu.net\/wordpress\/wp-content\/uploads\/2023\/03\/SCR-20230322-pzng.jpeg 1088w\" sizes=\"auto, (max-width: 148px) 100vw, 148px\" \/><\/a>di Marco Gaz<\/strong><\/p>\n<p><strong>REDAZIONE<\/strong> Una settimana che ricorder\u00e0 sicuramente a lungo. In pochi giorni Alessandro Valt si \u00e8 messo al collo due medaglie. Il giovane falcadino, che gareggia per l&#8217;US Monti Pallidi di Moena, \u00e8 andato a medaglia luned\u00ec in occasione dello Ski Cross e nelle ultime ore ancora una soddisfazione nel Super G valido per i Campionati Italiani Ragazzi di sci alpino. Complimenti ad Alessandro per i buoni risultati ottenuti.<\/p>\n<p>&nbsp;<\/p>\n<p>&nbsp;<\/p>\n<p>*******<\/p>\n","protected":false},"excerpt":{"rendered":"<p>di Marco Gaz REDAZIONE Una settimana che ricorder\u00e0 sicuramente a lungo. In pochi giorni Alessandro Valt si \u00e8 messo al collo due medaglie. Il giovane falcadino, che gareggia per l&#8217;US Monti Pallidi di Moena, \u00e8 andato a medaglia luned\u00ec in occasione dello Ski Cross e nelle ultime ore ancora una soddisfazione nel Super G valido&hellip;<\/p>\n","protected":false},"author":4,"featured_media":327925,"comment_status":"closed","ping_status":"closed","sticky":false,"template":"","format":"standard","meta":{"_monsterinsights_skip_tracking":false,"_monsterinsights_sitenote_active":false,"_monsterinsights_sitenote_note":"","_monsterinsights_sitenote_category":0,"footnotes":""},"categories":[51,49],"tags":[],"class_list":["post-327924","post","type-post","status-publish","format-standard","has-post-thumbnail","hentry","category-evidenza-top","category-news-18","category-51","category-49","description-off"],"img_url":"https:\/\/www.radiopiu.net\/wordpress\/wp-content\/uploads\/2023\/03\/SCR-20230322-pzng.jpeg","_links":{"self":[{"href":"https:\/\/www.radiopiu.net\/wordpress\/wp-json\/wp\/v2\/posts\/327924","targetHints":{"allow":["GET"]}}],"collection":[{"href":"https:\/\/www.radiopiu.net\/wordpress\/wp-json\/wp\/v2\/posts"}],"about":[{"href":"https:\/\/www.radiopiu.net\/wordpress\/wp-json\/wp\/v2\/types\/post"}],"author":[{"embeddable":true,"href":"https:\/\/www.radiopiu.net\/wordpress\/wp-json\/wp\/v2\/users\/4"}],"replies":[{"embeddable":true,"href":"https:\/\/www.radiopiu.net\/wordpress\/wp-json\/wp\/v2\/comments?post=327924"}],"version-history":[{"count":0,"href":"https:\/\/www.radiopiu.net\/wordpress\/wp-json\/wp\/v2\/posts\/327924\/revisions"}],"wp:featuredmedia":[{"embeddable":true,"href":"https:\/\/www.radiopiu.net\/wordpress\/wp-json\/wp\/v2\/media\/327925"}],"wp:attachment":[{"href":"https:\/\/www.radiopiu.net\/wordpress\/wp-json\/wp\/v2\/media?parent=327924"}],"wp:term":[{"taxonomy":"category","embeddable":true,"href":"https:\/\/www.radiopiu.net\/wordpress\/wp-json\/wp\/v2\/categories?post=327924"},{"taxonomy":"post_tag","embeddable":true,"href":"https:\/\/www.radiopiu.net\/wordpress\/wp-json\/wp\/v2\/tags?post=327924"}],"curies":[{"name":"wp","href":"https:\/\/api.w.org\/{rel}","templated":true}]}}