{"id":327947,"date":"2023-03-24T05:33:05","date_gmt":"2023-03-24T04:33:05","guid":{"rendered":"https:\/\/www.radiopiu.net\/wordpress\/?p=327947"},"modified":"2023-03-24T06:42:19","modified_gmt":"2023-03-24T05:42:19","slug":"giornale-radiopiu-24-marzo-2023-direttore-mirko-mezzacasa-verso-i-40-anni-25-giugno-1983-25-giugno-2023","status":"publish","type":"post","link":"https:\/\/www.radiopiu.net\/wordpress\/giornale-radiopiu-24-marzo-2023-direttore-mirko-mezzacasa-verso-i-40-anni-25-giugno-1983-25-giugno-2023\/","title":{"rendered":"GIORNALE RADIOPIU 24 MARZO 2023 DIRETTORE MIRKO MEZZACASA&#8230;verso i 40 anni 25 giugno 1983-25 giugno 2023"},"content":{"rendered":"<h3 class=\"kvgmc6g5 cxmmr5t8 oygrvhab hcukyx3x c1et5uql\"><span style=\"color: #0000ff;\"><strong><a class=\"dt-pswp-item\" href=\"https:\/\/www.radiopiu.net\/wordpress\/wp-content\/uploads\/2023\/03\/337095962_871263690641306_8919108658749900958_n.jpg\" data-dt-img-description=\"\" data-large_image_width=\"504\" data-large_image_height=\"640\"><img loading=\"lazy\" decoding=\"async\" class=\" wp-image-328115 alignleft\" src=\"https:\/\/www.radiopiu.net\/wordpress\/wp-content\/uploads\/2023\/03\/337095962_871263690641306_8919108658749900958_n-236x300.jpg\" alt=\"\" width=\"224\" height=\"285\" srcset=\"https:\/\/www.radiopiu.net\/wordpress\/wp-content\/uploads\/2023\/03\/337095962_871263690641306_8919108658749900958_n-236x300.jpg 236w, https:\/\/www.radiopiu.net\/wordpress\/wp-content\/uploads\/2023\/03\/337095962_871263690641306_8919108658749900958_n.jpg 504w\" sizes=\"auto, (max-width: 224px) 100vw, 224px\" \/><\/a>RADIO PIU INFORMAZIONE il canale su TELEGRAM informazione di prima\u00a0 <\/strong><strong>mano e in tempo reale. iscriviti ed aiutaci a farlo conoscere\u00a0 \u00a0 \u00a0<\/strong><\/span><\/h3>\n<p>&nbsp;<\/p>\n<blockquote>\n<h3>&#8220;NOI CHE&#8221; ALL&#8217;AUDITORIUM MONSIGNOR VINCENZO SAVIO oggi alle 10.30 e 19.00 lo speciale alla radio<\/h3>\n<\/blockquote>\n<p><strong>AGORDO<\/strong> Il gruppo &#8220;Noi Che&#8221;, in collaborazione con l&#8217;Associazione Genitori Sempre, presenta una serata dedicata a delle riflessioni semiserie sui mitici anni 60\/70. L&#8217;appuntamento \u00e8 per domani alle 20:30 all&#8217;Auditorium Monsignor Vincenzo Savio di Agordo.<\/p>\n<p>&nbsp;<\/p>\n<p>&nbsp;<\/p>\n<p>&nbsp;<\/p>\n<h2 style=\"text-align: left;\"><span style=\"color: #ff0000;\">ISCRIVITI AL NOSTRO CANALE YOUTUBE PER SEGUIRE IN DIRETTA I PRINCIPALI PROGRAMMI DI RADIO PIU&#8217; E LE FUTURE DIRETTE IN ESTERNA. PER ISCRIVERTI <a style=\"color: #ff0000;\" href=\"https:\/\/youtube.com\/@radiopiu1527\">CLICCA QUI<\/a> E PREMI IL TASTO &#8220;Iscriviti&#8221;\u00a0<\/span><\/h2>\n<p>&nbsp;<\/p>\n<p>&nbsp;<\/p>\n<hr \/>\n<p>&nbsp;<\/p>\n<blockquote>\n<h3>INCIDENTE A TAIBON DI FRONTE AL GIORNALE E CAFFE&#8217;<\/h3>\n<\/blockquote>\n<p><strong><a class=\"dt-pswp-item\" href=\"https:\/\/www.radiopiu.net\/wordpress\/wp-content\/uploads\/2023\/03\/d22fc29e-b2ef-46aa-be05-ecf6cbaf6828.jpg\" data-dt-img-description=\"\" data-large_image_width=\"1024\" data-large_image_height=\"740\"><img loading=\"lazy\" decoding=\"async\" class=\" wp-image-328072 alignleft\" src=\"https:\/\/www.radiopiu.net\/wordpress\/wp-content\/uploads\/2023\/03\/d22fc29e-b2ef-46aa-be05-ecf6cbaf6828-300x217.jpg\" alt=\"\" width=\"174\" height=\"126\" srcset=\"https:\/\/www.radiopiu.net\/wordpress\/wp-content\/uploads\/2023\/03\/d22fc29e-b2ef-46aa-be05-ecf6cbaf6828-300x217.jpg 300w, https:\/\/www.radiopiu.net\/wordpress\/wp-content\/uploads\/2023\/03\/d22fc29e-b2ef-46aa-be05-ecf6cbaf6828-768x555.jpg 768w, https:\/\/www.radiopiu.net\/wordpress\/wp-content\/uploads\/2023\/03\/d22fc29e-b2ef-46aa-be05-ecf6cbaf6828.jpg 1024w\" sizes=\"auto, (max-width: 174px) 100vw, 174px\" \/><\/a>TAIBON<\/strong> Incidente nel tardo pomeriggio di ieri lungo la regionale 203 Agordina a pochi metri dall&#8217;imbocco della tangenziale che porta ad Agordo, di fronte al Giornale e Caff\u00e8 Dersut. Sono entrati in collisione un ciclomotore e un&#8217;automobile. Ad avere la peggio l&#8217;uomo sul mezzo a due ruote. Tempestivo l&#8217;intervento dei Carabinieri e dei Vigili Del Fuoco che hanno regolato fin da subito il traffico in attesa dell&#8217;arrivo dell&#8217;ambulanza. Non sono mancati i rallentamenti da entrambi i lati. L&#8217;uomo alla guida del ciclomotore \u00e8 stato caricato sull&#8217;ambulanza e portato all&#8217;ospedale.<\/p>\n<p>&nbsp;<\/p>\n<hr \/>\n<p>&nbsp;<\/p>\n<p>&nbsp;<\/p>\n<blockquote>\n<h3><a class=\"dt-pswp-item\" href=\"https:\/\/www.radiopiu.net\/wordpress\/wp-content\/uploads\/2021\/07\/70769fc5-3640-49e1-8477-7a766fdc847f.jpg\" data-dt-img-description=\"\" data-large_image_width=\"1080\" data-large_image_height=\"1221\"><img loading=\"lazy\" decoding=\"async\" class=\"wp-image-222512 alignleft\" src=\"https:\/\/www.radiopiu.net\/wordpress\/wp-content\/uploads\/2021\/07\/70769fc5-3640-49e1-8477-7a766fdc847f-265x300.jpg\" alt=\"\" width=\"118\" height=\"134\" srcset=\"https:\/\/www.radiopiu.net\/wordpress\/wp-content\/uploads\/2021\/07\/70769fc5-3640-49e1-8477-7a766fdc847f-265x300.jpg 265w, https:\/\/www.radiopiu.net\/wordpress\/wp-content\/uploads\/2021\/07\/70769fc5-3640-49e1-8477-7a766fdc847f-906x1024.jpg 906w, https:\/\/www.radiopiu.net\/wordpress\/wp-content\/uploads\/2021\/07\/70769fc5-3640-49e1-8477-7a766fdc847f-768x868.jpg 768w, https:\/\/www.radiopiu.net\/wordpress\/wp-content\/uploads\/2021\/07\/70769fc5-3640-49e1-8477-7a766fdc847f.jpg 1080w\" sizes=\"auto, (max-width: 118px) 100vw, 118px\" \/><\/a>INCENDIO NEL DEPOSITO, DANNI AI MEZZI AGRICOLI<\/h3>\n<\/blockquote>\n<p><strong>ALPAGO<\/strong> A Farra\u00a0 i vigili del fuoco del comando di Belluno con i volontari dell&#8217;Alpago ieri pomeriggio hanno spento il rogo all&#8217;interno di un capanno contenente dell&#8217;attrezzatura agricola, che \u00e8 andata distrutta.\u00a0 Non ci sono stati intossicati dal fumo e nemmeno ustionati. Indagini in corso sulle cause che possono aver sprigionato il rogo: guasto meccanico oppure corto circuito le ipotesi pi\u00f9 accreditate.<\/p>\n<p>&nbsp;<\/p>\n<p>&nbsp;<\/p>\n<hr \/>\n<p>&nbsp;<\/p>\n<blockquote>\n<h3><a class=\"dt-pswp-item\" href=\"https:\/\/www.radiopiu.net\/wordpress\/wp-content\/uploads\/2021\/02\/Canale-dAgordo-4.jpeg\" data-dt-img-description=\"\" data-large_image_width=\"2048\" data-large_image_height=\"1536\"><img loading=\"lazy\" decoding=\"async\" class=\" wp-image-191343 alignleft\" src=\"https:\/\/www.radiopiu.net\/wordpress\/wp-content\/uploads\/2021\/02\/Canale-dAgordo-4-300x225.jpeg\" alt=\"\" width=\"216\" height=\"162\" srcset=\"https:\/\/www.radiopiu.net\/wordpress\/wp-content\/uploads\/2021\/02\/Canale-dAgordo-4-300x225.jpeg 300w, https:\/\/www.radiopiu.net\/wordpress\/wp-content\/uploads\/2021\/02\/Canale-dAgordo-4-1024x768.jpeg 1024w, https:\/\/www.radiopiu.net\/wordpress\/wp-content\/uploads\/2021\/02\/Canale-dAgordo-4-768x576.jpeg 768w, https:\/\/www.radiopiu.net\/wordpress\/wp-content\/uploads\/2021\/02\/Canale-dAgordo-4-1536x1152.jpeg 1536w, https:\/\/www.radiopiu.net\/wordpress\/wp-content\/uploads\/2021\/02\/Canale-dAgordo-4.jpeg 2048w\" sizes=\"auto, (max-width: 216px) 100vw, 216px\" \/><\/a>RUBATE QUATTRO PANCHE IN LARICE<\/h3>\n<\/blockquote>\n<p>&nbsp;<\/p>\n<p><strong>CANALE D&#8217;AGORDO<\/strong> Quattro panchine di larice, regalate alla comunit\u00e0 da Matteo Scola hanno preso il volo, i Carabinieri hanno raccolto la denuncia e avviato le indagini. Le panchine erano in localit\u00e0 Forn, al solito posto, in attesa della bella stagione. \u00a0Le panchine rubate: in legno massiccio, quindi anche complicato trasportarle. Sar\u00e0 interessante visionare le telecamere della videosorveglianza all&#8217;imbocco del ponte. Le panchine portano impressa la scritta Pro loco di Canale d&#8217;Agordo<\/p>\n<p>&nbsp;<\/p>\n<p>&nbsp;<\/p>\n<hr \/>\n<p>&nbsp;<\/p>\n<div class=\"page-title-head hgroup\">\n<blockquote>\n<h3 class=\"entry-title\">UN REATO DOPO L\u2019ALTRO, UBRIACO IN PIAZZA E I CARABINIERI LO PORTANO IN CARCERE<\/h3>\n<\/blockquote>\n<\/div>\n<div class=\"page-title-breadcrumbs\">\n<p><strong><img loading=\"lazy\" decoding=\"async\" class=\"alignleft\" src=\"https:\/\/www.radiopiu.net\/wordpress\/wp-content\/uploads\/2021\/10\/88044da8-5deb-4f51-b72b-4c5cf14c0104.jpg\" width=\"288\" height=\"162\" \/>OGGI SUL CORRIERE DELLE ALPI NELLE CRONACHE DALL&#8217;AGORDINO<\/strong><\/p>\n<p><strong>DI GIGI SOSSO\u00a0<\/strong><\/p>\n<p><strong>AGORDO<\/strong> Girava per Agordo in tarda serata e non poteva permetterselo poich\u00e9 sottoposto a una misura di sicurezza per tutta una serie di precedenti: alle 23.45 avrebbe dovuto essere a casa ormai da tempo. Oltre tutto aveva bevuto parecchio e sar\u00e0 anche per questo che A. B. si \u00e8 fatto arrestare per il reato di resistenza a pubblico ufficiale dai carabinieri. Venerd\u00ec sera il 24enne, nato in Marocco, ma residente in Italia praticamente da sempre, \u00e8 stato portato nel carcere di Baldenich, a disposizione dell&#8217;autorit\u00e0 giudiziaria, il pubblico ministero Roberta Gallego ha ottenuto la conferma della misura cautelare in carcere. Ieri mattina, in tribunale, c&#8217;era un&#8217;udienza a dibattimento che vedeva\u00a0 il marocchino imputato di resistenza a pubblico ufficiale, lesioni, interruzione di pubblico servizio in Pronto soccorso a Belluno, furto aggravato al supermercato Europspar e violazione del divieto di tornare nel capoluogo. Il giudice Paolo Velo\u00a0 ha dovuto rinviare l&#8217;udienza ai prossimi mesi.<\/p>\n<\/div>\n<p>&nbsp;<\/p>\n<p>&nbsp;<\/p>\n<hr \/>\n<p>&nbsp;<\/p>\n<blockquote>\n<h3>&#8220;BRUTTO CICCIOBOMBO&#8221; E IL PRINCIPALE LE PORTA IN TRIBUNALE: CONDANNATE.<\/h3>\n<\/blockquote>\n<p><strong>OGGI SUL CORRIERE DELLE ALPI<\/strong><\/p>\n<p><strong>DI GIGI SOSSO<\/strong><\/p>\n<blockquote><p><em>\u00abPervertiti tu e i tuoi collaboratori, avrai terra bruciata ovunque, ti do un&#8217;altra settimana di tempo, versa i soldi o per te sar\u00e0 la fine professionale\u00bb.\u00a0<\/em><\/p><\/blockquote>\n<p>\u00abBrutto cicciobombo\u00bb all&#8217;ex datore di lavoro sul social della gelateria. Portate a processo per diffamazione e tentata estorsione per arretrati che non sarebbero stati onorati, madre e figlia sono state condannate dal giudice Paolo Velo. Una pena mite: 400 euro di multa pi\u00f9 le spese e altrettanti di risarcimento,\u00a0 pi\u00f9 le spese e altrettanti di risarcimento danni.\u00a0 La tentata estorsione \u00e8 stata derubricata in tentato esercizio arbitrario delle proprie ragioni.<\/p>\n<p><img loading=\"lazy\" decoding=\"async\" class=\"alignleft\" src=\"https:\/\/www.radiopiu.net\/wordpress\/wp-content\/uploads\/2021\/09\/tribunale-belluno.jpg\" width=\"242\" height=\"161\" \/><\/p>\n<blockquote>\n<h3>IL BRACCIALETTO SVENTA L&#8217;IRRUZIONE IN CASA DELLA MADRE<\/h3>\n<\/blockquote>\n<p>Piomba in casa della madre nonostante il divieto di avvicinamento, per questo aveva il braccialetto elettronico per i reati di maltrattamenti e lesioni aggravate. La donna si \u00e8 accorta del suo arrivo ed ha chiamato i Carabinieri di Feltre\u00a0 che hanno portato l&#8217;uomo, 40 anni di Cesiomaggiore,\u00a0 in carcere. Molti gli episodi di maltrattamenti contestati, l&#8217;ultimo a dicembre. L.L. \u00e8 ora a disposizione dell&#8217;autorit\u00e0 giudiziaria.<\/p>\n<p>&nbsp;<\/p>\n<blockquote>\n<h3>ESPLOSIVI IN CASA, VERSO IL PATTEGGIAMENTO<\/h3>\n<\/blockquote>\n<p>I due arrestati puntano a una misura meno pesante e a un patteggiamento il pi\u00f9 possibile vantaggioso. G.D.B., 71 anni di Morzanch e L.S, 68enne di Fianema sono ristretti a casa e hanno dato mandato agli avvocati Manola Lise e Paolo Serrangeli di fare ricorso al Riesame di Venezia .L&#8217;obiettivo \u00e8 avere al massimo l&#8217;obbligo di firma alla caserma di Santa Giustina. In un secondo momento, i difensori andranno dal pubblico ministero Roberta Gallego per cercare di concordare la pena da fare applicare al giudice per le udienze preliminari Enrica Marson.I reati contestati sono la detenzione e il trasporto.<\/p>\n<p>&nbsp;<\/p>\n<hr \/>\n<p>&nbsp;<\/p>\n<blockquote>\n<h3>TAVOLO REGIONALE SAFILO LONGARONE. ASSESSORE DONAZZAN, \u201cNECESSARIO UN APPROFONDIMENTO DI DETTAGLIO SUL SITO DI LONGARONE\u201d<\/h3>\n<\/blockquote>\n<p><strong><a class=\"dt-pswp-item\" href=\"https:\/\/www.radiopiu.net\/wordpress\/wp-content\/uploads\/2023\/01\/SAFILO.png\" data-dt-img-description=\"\" data-large_image_width=\"766\" data-large_image_height=\"492\"><img loading=\"lazy\" decoding=\"async\" class=\" wp-image-318963 alignleft\" src=\"https:\/\/www.radiopiu.net\/wordpress\/wp-content\/uploads\/2023\/01\/SAFILO-300x193.png\" alt=\"\" width=\"201\" height=\"129\" srcset=\"https:\/\/www.radiopiu.net\/wordpress\/wp-content\/uploads\/2023\/01\/SAFILO-300x193.png 300w, https:\/\/www.radiopiu.net\/wordpress\/wp-content\/uploads\/2023\/01\/SAFILO.png 766w\" sizes=\"auto, (max-width: 201px) 100vw, 201px\" \/><\/a>VENEZIA <\/strong>Si \u00e8 tenuto ieri\u00a0pomeriggio in sede regionale, presso il palazzo Grandi Stazioni a Venezia, il tavolo di aggiornamento relativo alla situazione di Safilo convocato dall\u2019assessore regionale al lavoro Elena Donazzan insieme all\u2019Unit\u00e0 di Crisi aziendali della Regione del Veneto. Hanno partecipato alla riunione i rappresentanti dell\u2019azienda supportati da Confindustria Belluno, i rappresentanti delle categorie sindacali di FILCTEM CGIL, FEMCA CISL e UILTEC UIL e tutta la rappresentanza dei lavoratori dello stabilimento di Longarone.\u00a0 Nel corso dell\u2019incontro l\u2019azienda ha aggiornato i partecipanti rispetto alla ricerca avviata al fine di esplorare soluzioni alternative all\u2019annunciata chiusura dello stabilimento di Longarone. \u00c8 stato preso atto che l\u2019azienda e i sindacati hanno proceduto secondo concordato nell\u2019ultimo tavolo con specifici incontri per singoli siti di produzione di Santa Maria di Sala e Padova. Per tali siti \u00e8 stata confermato o l\u2019obiettivo da parte dell\u2019azienda di mantenere aperti i siti e di investire nel loro sviluppo. Tali elementi da concretizzare e gli impegni manifestati saranno oggetto di verifica nel corso di incontri periodici. Per quanto riguarda Longarone, l\u2019azienda ha confermato la non strategicit\u00e0 del sito e la ricerca di soluzioni alternative alla chiusura. A tal proposito la Regione \u00e8 tornata a chiedere maggiori dettagli rispetto alle ragioni finanziarie e produttive in base alle quali Safilo lo scorso gennaio ha espresso la volont\u00e0 di dismissione dello stabilimento bellunese. \u201cE&#8217; necessario un ulteriore approfondimento limitatamente al sito di Longarone che, ad oggi, occupa 468 lavoratori \u2013 sottolinea l\u2019Assessore regionale al lavoro Elena Donazzan -. Abbiamo ribadito la necessit\u00e0 che per quanto riguarda Longarone l\u2019azienda porti elementi di dettaglio. Il metodo di lavoro della Regione non cambia. L\u2019attivit\u00e0 sar\u00e0 serrata con le parti sindacali per non lasciare nulla di intentato rispetto al nostro obiettivo che resta la continuit\u00e0 produttiva e la salvaguardia dei posti di lavoro del sito di Longarone\u201d. Le parti hanno concordato che il prossimo incontro del tavolo di crisi sar\u00e0 fissato dopo la Santa Pasqua a Longarone.<\/p>\n<p>&nbsp;<\/p>\n<p>&nbsp;<\/p>\n<hr \/>\n<p>&nbsp;<\/p>\n<blockquote>\n<h3>ALLO STABILIMENTO LUXOTTICA DI AGORDO CONSEGNATE LE BORSE DI STUDIO AGLI STUDENTI MERITEVOLI<\/h3>\n<\/blockquote>\n<p><strong>AGORDO <\/strong>Sono 385 gli studenti premiati da Luxottica grazie all\u2019iniziativa che da oltre dieci anni valorizza il merito di chi si \u00e8 contraddistinto con percorsi scolastici e accademici eccellenti. Si tratta del numero pi\u00f9 alto di sempre. Con una cerimonia tornata in presenza dopo le restrizioni legate alla pandemia, i vincitori degli stabilimenti produttivi del Gruppo hanno ricevuto il riconoscimento presso la sede di Agordo dalle mani di Giorgio Striano, Chief Operating Officer di EssilorLuxottica e Federico Buffa, Responsabile Ricerca e Sviluppo, sviluppo prodotto e gestione dei partner in licenza dell&#8217;azienda. Da Agordo a Cencenighe, da Sedico a Rovereto fino a Pederobba, Lauriano e Milano, tutte le sedi hanno celebrato i risultati raggiunti da tanti giovani di tutte le fasce di et\u00e0. Per i ragazzi della terza media che hanno terminato il loro percorso scolastico con la media complessiva del 9 \u00e8 previsto un premio di 1.000 euro, mentre chi ha raggiunto il 10 riceve una borsa di studio da 1.200 euro. Gli studenti delle superiori intermedie (dal primo a quarto anno), invece, sono premiati con 1.200 euro per chi ha ottenuto la media dell\u2019 8,5 e fino a 1.400 euro con la media del 10. Sempre alle superiori sono stati premiati gli studenti in base al voto di maturit\u00e0: 1.500 euro per chi esce con 90, 1.600 se il voto parte da 95 e 1.700 per chi ottiene 100. Anche gli universitari sono compresi nella distribuzione delle borse di studio Luxottica. Completare la laurea triennale con 105 o 110 permette di ricevere un premio, rispettivamente, di 1.750 euro e 2.000 euro. La laurea magistrale \u2013 che considera anche gli studenti delle facolt\u00e0 a ciclo unico \u2013 invece prevede 2.000 euro per chi raggiunge i 105 e 2.300 per i 110. 2.000 euro vanno anche a chi raggiunge il master di secondo livello. Infine, per i dottorati la borsa di studio sarebbe di 6.000 euro annui. Quest\u2019anno ha visto 92 premi per la terza media, 113 per le scuole superiori, 60 per la maturit\u00e0, 118 per la laurea triennale, specialistica o a ciclo unico e 2 per il master per un totale di oltre 570 mila euro consegnati.<\/p>\n<p><a class=\"dt-pswp-item\" href=\"https:\/\/www.radiopiu.net\/wordpress\/wp-content\/uploads\/2023\/03\/Unknown-1-scaled.jpeg\" data-dt-img-description=\"\" data-large_image_width=\"2560\" data-large_image_height=\"1707\"><img loading=\"lazy\" decoding=\"async\" class=\"aligncenter wp-image-328080 size-large\" src=\"https:\/\/www.radiopiu.net\/wordpress\/wp-content\/uploads\/2023\/03\/Unknown-1-1024x683.jpeg\" alt=\"\" width=\"1024\" height=\"683\" srcset=\"https:\/\/www.radiopiu.net\/wordpress\/wp-content\/uploads\/2023\/03\/Unknown-1-1024x683.jpeg 1024w, https:\/\/www.radiopiu.net\/wordpress\/wp-content\/uploads\/2023\/03\/Unknown-1-300x200.jpeg 300w, https:\/\/www.radiopiu.net\/wordpress\/wp-content\/uploads\/2023\/03\/Unknown-1-768x512.jpeg 768w, https:\/\/www.radiopiu.net\/wordpress\/wp-content\/uploads\/2023\/03\/Unknown-1-1536x1024.jpeg 1536w, https:\/\/www.radiopiu.net\/wordpress\/wp-content\/uploads\/2023\/03\/Unknown-1-2048x1365.jpeg 2048w\" sizes=\"auto, (max-width: 1024px) 100vw, 1024px\" \/><\/a><\/p>\n<p>&nbsp;<\/p>\n<p><strong>PER LA LISTA COMPLETA DEI PREMIATI <a href=\"https:\/\/www.radiopiu.net\/wordpress\/allo-stabilimento-luxottica-di-agordo-consegnate-le-borse-di-studio-agli-studenti-meritevoli\/\">CLICCA QUI<\/a><\/strong><\/p>\n<p>&nbsp;<\/p>\n<hr \/>\n<p>&nbsp;<\/p>\n<blockquote>\n<h3>GLI INDUSTRIALI BELLUNESI: \u201cSBOCCO A NORD, ORA PI\u00d9 CHE MAI I TEMPI SONO MATURI PER DECIDERE\u201d<\/h3>\n<\/blockquote>\n<p><strong><a class=\"dt-pswp-item\" href=\"https:\/\/www.radiopiu.net\/wordpress\/wp-content\/uploads\/2020\/01\/Lorraine_Berton.jpg\" data-dt-img-description=\"\" data-large_image_width=\"767\" data-large_image_height=\"768\"><img loading=\"lazy\" decoding=\"async\" class=\"wp-image-112912 alignleft\" src=\"https:\/\/www.radiopiu.net\/wordpress\/wp-content\/uploads\/2020\/01\/Lorraine_Berton-300x300.jpg\" alt=\"\" width=\"181\" height=\"181\" srcset=\"https:\/\/www.radiopiu.net\/wordpress\/wp-content\/uploads\/2020\/01\/Lorraine_Berton-300x300.jpg 300w, https:\/\/www.radiopiu.net\/wordpress\/wp-content\/uploads\/2020\/01\/Lorraine_Berton-150x150.jpg 150w, https:\/\/www.radiopiu.net\/wordpress\/wp-content\/uploads\/2020\/01\/Lorraine_Berton.jpg 767w\" sizes=\"auto, (max-width: 181px) 100vw, 181px\" \/><\/a>BELLUNO<\/strong><em> \u201cDopo le parole inequivocabili del presidente Luca Zaia, che sul tema dello sbocco a nord ha recentemente interessato il ministro alle Infrastrutture Matteo Salvini, i tempi sono pi\u00f9 che mai maturi per decidere e programmare un&#8217;opera strategica per l&#8217;intero quadrante orientale della nostra regione e per l&#8217;Italia intera\u201d<\/em>. A dirlo \u00e8 Lorraine Berton, presidente di Confindustria Belluno Dolomiti, che nelle settimane scorse &#8211; anche alla luce delle tensioni sul Brennero &#8211; aveva chiesto alla politica, locale e nazionale, di sciogliere definitivamente il nodo di un collegamento tra Veneto ed Europa centrale. Lo stesso Ministro alle Infrastrutture e ai Trasporti Matteo Salvini \u00e8 atteso sabato a Treviso per l&#8217;Assemblea di Anci Giovani e, a fine marzo, a Forni Avoltri per la presentazione del progetto del tunnel sotto la Mauria in un incontro voluto dal Comune.\u00a0 <em>\u201cNei giorni scorsi, sempre a Treviso, Salvini ha ribadito la strategicit\u00e0 della Superstrada Pedemontana Veneta portata avanti dalla Regione. Siamo completamente d&#8217;accordo, ma tutto il Veneto merita collegamenti efficienti, sostenibili e moderni. La stessa Pedemontana Veneta va connessa al Bellunese e al cuore dell&#8217;Europa\u201d,<\/em> rimarca Berton.<\/p>\n<p>&nbsp;<\/p>\n<p>&nbsp;<\/p>\n<hr \/>\n<p>&nbsp;<\/p>\n<blockquote>\n<h3>L&#8217;AZIENDA AGORDO SERVIZI TORNA OPERATIVA. ALLA GUIDA FEDERICA ZASSO<\/h3>\n<\/blockquote>\n<p><strong><a class=\"dt-pswp-item\" href=\"https:\/\/www.radiopiu.net\/wordpress\/wp-content\/uploads\/2022\/12\/MUNICIPIO-AGORDO.png\" data-dt-img-description=\"\" data-large_image_width=\"1890\" data-large_image_height=\"1210\"><img loading=\"lazy\" decoding=\"async\" class=\" wp-image-309882 alignleft\" src=\"https:\/\/www.radiopiu.net\/wordpress\/wp-content\/uploads\/2022\/12\/MUNICIPIO-AGORDO-300x192.png\" alt=\"\" width=\"198\" height=\"127\" srcset=\"https:\/\/www.radiopiu.net\/wordpress\/wp-content\/uploads\/2022\/12\/MUNICIPIO-AGORDO-300x192.png 300w, https:\/\/www.radiopiu.net\/wordpress\/wp-content\/uploads\/2022\/12\/MUNICIPIO-AGORDO-1024x656.png 1024w, https:\/\/www.radiopiu.net\/wordpress\/wp-content\/uploads\/2022\/12\/MUNICIPIO-AGORDO-768x492.png 768w, https:\/\/www.radiopiu.net\/wordpress\/wp-content\/uploads\/2022\/12\/MUNICIPIO-AGORDO-1536x983.png 1536w, https:\/\/www.radiopiu.net\/wordpress\/wp-content\/uploads\/2022\/12\/MUNICIPIO-AGORDO.png 1890w\" sizes=\"auto, (max-width: 198px) 100vw, 198px\" \/><\/a>AGORDO<\/strong><\/p>\n<p>di Gianni Santomaso<\/p>\n<audio class=\"wp-audio-shortcode\" id=\"audio-327947-1\" preload=\"none\" style=\"width: 100%;\" controls=\"controls\"><source type=\"audio\/mpeg\" src=\"https:\/\/www.radiopiu.net\/wordpress\/wp-content\/uploads\/2023\/03\/GIANNI-AGORDO-SERVIZI-TORNA-OPERATIVA.mp3?_=1\" \/><a href=\"https:\/\/www.radiopiu.net\/wordpress\/wp-content\/uploads\/2023\/03\/GIANNI-AGORDO-SERVIZI-TORNA-OPERATIVA.mp3\">https:\/\/www.radiopiu.net\/wordpress\/wp-content\/uploads\/2023\/03\/GIANNI-AGORDO-SERVIZI-TORNA-OPERATIVA.mp3<\/a><\/audio>\n<p>&nbsp;<\/p>\n<hr \/>\n<p>&nbsp;<\/p>\n<blockquote>\n<h3><a class=\"dt-pswp-item\" href=\"https:\/\/www.radiopiu.net\/wordpress\/wp-content\/uploads\/2023\/03\/Pass_disabili.jpg\" data-dt-img-description=\"\" data-large_image_width=\"1754\" data-large_image_height=\"847\"><img loading=\"lazy\" decoding=\"async\" class=\"size-medium wp-image-328023 alignleft\" src=\"https:\/\/www.radiopiu.net\/wordpress\/wp-content\/uploads\/2023\/03\/Pass_disabili-300x145.jpg\" alt=\"\" width=\"300\" height=\"145\" srcset=\"https:\/\/www.radiopiu.net\/wordpress\/wp-content\/uploads\/2023\/03\/Pass_disabili-300x145.jpg 300w, https:\/\/www.radiopiu.net\/wordpress\/wp-content\/uploads\/2023\/03\/Pass_disabili-1024x494.jpg 1024w, https:\/\/www.radiopiu.net\/wordpress\/wp-content\/uploads\/2023\/03\/Pass_disabili-768x371.jpg 768w, https:\/\/www.radiopiu.net\/wordpress\/wp-content\/uploads\/2023\/03\/Pass_disabili-1536x742.jpg 1536w, https:\/\/www.radiopiu.net\/wordpress\/wp-content\/uploads\/2023\/03\/Pass_disabili.jpg 1754w\" sizes=\"auto, (max-width: 300px) 100vw, 300px\" \/><\/a>\u00a0&#8220;ZTL NETWORK&#8221; LE AGEVOLAZIONI PER DISABILI<\/h3>\n<\/blockquote>\n<p><strong>PONTE NELLE ALPI<\/strong> Il Comune approva il progetto \u201cZTL network\u201d, finalizzato alla gestione coordinata dei veicoli autorizzati ad accedere alle zone di traffico limitato, orientato a far fronte ai problemi che insorgono a causa della mancata condivisione dei dati tra Comuni.\u00a0 In molti casi, il mancato scambio di informazioni obbliga un cittadino in possesso di Pass Blu, che deve spostarsi in un altro territorio, a preavvisare il Comune di destinazione. E, in mancanza della segnalazione, la persona che circola in un Comune diverso da quello che ha rilasciato il permesso viene sanzionata se transita in area ZTL: ne segue quasi sempre un ricorso con tanto di spese e disagi per la persona interessata.\u00a0 Progetto, promosso in collaborazione con Regione Veneto e Anci\u00a0<em> \u00abPonte nelle Alpi &#8211; ha affermato il sindaco Paolo Vendramini &#8211; ha creduto in questo progetto.\u00a0 \u00c8 un\u2019importante iniziativa a cui tutti i Comuni del Veneto possono accedere gratuitamente\u00bb.<\/em><\/p>\n<p>&nbsp;<\/p>\n<p>&nbsp;<\/p>\n<hr \/>\n<p>&nbsp;<\/p>\n<blockquote>\n<h3>SI ALLA FUSIONE DI QUERO VAS ED ALANO DI PIAVE<\/h3>\n<\/blockquote>\n<p><strong><a class=\"dt-pswp-item\" href=\"https:\/\/www.radiopiu.net\/wordpress\/wp-content\/uploads\/2022\/08\/Alano-del-Piave-panorama-1200x675-1.jpg\" data-dt-img-description=\"\" data-large_image_width=\"1200\" data-large_image_height=\"675\"><img loading=\"lazy\" decoding=\"async\" class=\" wp-image-291635 alignleft\" src=\"https:\/\/www.radiopiu.net\/wordpress\/wp-content\/uploads\/2022\/08\/Alano-del-Piave-panorama-1200x675-1-300x169.jpg\" alt=\"\" width=\"227\" height=\"128\" srcset=\"https:\/\/www.radiopiu.net\/wordpress\/wp-content\/uploads\/2022\/08\/Alano-del-Piave-panorama-1200x675-1-300x169.jpg 300w, https:\/\/www.radiopiu.net\/wordpress\/wp-content\/uploads\/2022\/08\/Alano-del-Piave-panorama-1200x675-1-1024x576.jpg 1024w, https:\/\/www.radiopiu.net\/wordpress\/wp-content\/uploads\/2022\/08\/Alano-del-Piave-panorama-1200x675-1-768x432.jpg 768w, https:\/\/www.radiopiu.net\/wordpress\/wp-content\/uploads\/2022\/08\/Alano-del-Piave-panorama-1200x675-1.jpg 1200w\" sizes=\"auto, (max-width: 227px) 100vw, 227px\" \/><\/a>QUERO\/ALANO<\/strong> S\u00ec alla fusione e al nuovo nome di Comune di Setteville: questo il risultato del sondaggio promosso dalle amministrazioni comunali di Quero Vas e Alano di Piave che ha coinvolto i cittadini in vista del referendum sulla fusione del prossimo autunno.<\/p>\n<p><strong>di Daniele Dalvit<\/strong><\/p>\n<audio class=\"wp-audio-shortcode\" id=\"audio-327947-2\" preload=\"none\" style=\"width: 100%;\" controls=\"controls\"><source type=\"audio\/mpeg\" src=\"https:\/\/www.radiopiu.net\/wordpress\/wp-content\/uploads\/2023\/03\/DALVIT-Servizio-Sondaggio-fusione-Quero-Alano.mp3?_=2\" \/><a href=\"https:\/\/www.radiopiu.net\/wordpress\/wp-content\/uploads\/2023\/03\/DALVIT-Servizio-Sondaggio-fusione-Quero-Alano.mp3\">https:\/\/www.radiopiu.net\/wordpress\/wp-content\/uploads\/2023\/03\/DALVIT-Servizio-Sondaggio-fusione-Quero-Alano.mp3<\/a><\/audio>\n<p>&nbsp;<\/p>\n<p>&nbsp;<\/p>\n<hr \/>\n<p>&nbsp;<\/p>\n<blockquote>\n<h3>IL PULLMAN AZZURRO SOTTO ALLA TOFANA<\/h3>\n<\/blockquote>\n<p><strong><a class=\"dt-pswp-item\" href=\"https:\/\/www.radiopiu.net\/wordpress\/wp-content\/uploads\/2023\/03\/Immagine-Pullman-Azzurro-Polizia.jpg\" data-dt-img-description=\"\" data-large_image_width=\"1280\" data-large_image_height=\"720\"><img loading=\"lazy\" decoding=\"async\" class=\"size-medium wp-image-328026 alignleft\" src=\"https:\/\/www.radiopiu.net\/wordpress\/wp-content\/uploads\/2023\/03\/Immagine-Pullman-Azzurro-Polizia-300x169.jpg\" alt=\"\" width=\"300\" height=\"169\" srcset=\"https:\/\/www.radiopiu.net\/wordpress\/wp-content\/uploads\/2023\/03\/Immagine-Pullman-Azzurro-Polizia-300x169.jpg 300w, https:\/\/www.radiopiu.net\/wordpress\/wp-content\/uploads\/2023\/03\/Immagine-Pullman-Azzurro-Polizia-1024x576.jpg 1024w, https:\/\/www.radiopiu.net\/wordpress\/wp-content\/uploads\/2023\/03\/Immagine-Pullman-Azzurro-Polizia-768x432.jpg 768w, https:\/\/www.radiopiu.net\/wordpress\/wp-content\/uploads\/2023\/03\/Immagine-Pullman-Azzurro-Polizia.jpg 1280w\" sizes=\"auto, (max-width: 300px) 100vw, 300px\" \/><\/a>CORTINA<\/strong> In occasione della 18^ Edizione del Festival \u201cCortinametraggio\u201d\u00a0 domani il focus si concentrer\u00e0 anche sul tema della sicurezza ed educazione stradali. La Polizia di Stato ha organizzato, come anche nell\u2019anno 2022, un evento insieme con gli studenti degli istituti scolastici locali e arriver\u00e0 il Pullman Azzurro: un&#8217; aula scolastica multimediale itinerante, dove gli agenti della Stradale diventano \u201cmaestri della sicurezza stradale\u201d tra lezioni a base di giochi a tema, filmati e cartoni animati per imparare le regole della sicurezza, per i pi\u00f9 grandi i pericoli dell&#8217;alcool ma anche quelli del mancato uso delle cinture di sicurezza.\u00a0Con l&#8217;uso di maschere sensoriali ci sar\u00e0\u00a0 la possibilit\u00e0 di percorrere un circuito in cui si incontrano diversi ostacoli, oltre a quello principale rappresentato dalla maschera interattiva che simula uno stato di ebbrezza pi\u00f9 o meno forte.\u00a0 All\u2019interno del pullman, un simulatore di guida virtuale e sistemi interattivi di ultima generazione per promuovere l\u2019enorme importanza della cultura della sicurezza su strada.<\/p>\n<p>&nbsp;<\/p>\n<p>&nbsp;<\/p>\n<p>&nbsp;<\/p>\n<hr \/>\n<blockquote>\n<h3><\/h3>\n<h3>AL VIA LA RACCOLTA FIRME &#8220;RIPRENDIAMOCI I COMUNI&#8221;<\/h3>\n<\/blockquote>\n<p><strong>BELLUNO\u00a0<\/strong> Domani anche in Provincia di Belluno\u00a0 si noteranno i primi banchetti pubblici dove poter ottenere informazioni e firmare a sostegno della Campagna nazionale \u201cRiprendiamoci il Comune\u201d, che propone due leggi di iniziativa popolare: la prima riguarda la riforma della Finanza Locale, la seconda\u00a0 la Socializzazione della Cassa Depositi e Prestiti spa che detiene il risparmio postale degli italiani. Le due proposte di legge di iniziativa popolare potranno essere sottoscritte domani mattina \u00a0a Belluno in Piazza dei Martiri e a\u00a0 Feltre in Largo Castaldi. In tutti i Comuni della Provincia presso gli uffici elettorali negli orari previsti per l\u2019accesso al pubblico, sino al 10 giugno.<\/p>\n<p>&nbsp;<\/p>\n<p>&nbsp;<\/p>\n<hr \/>\n<p>&nbsp;<\/p>\n<blockquote>\n<h3>LETIZIA MONESTIER PRENDE IL POSTO DI FRANCO DE BON IN CONSIGLIO PROVINCIALE<\/h3>\n<\/blockquote>\n<p><strong><a class=\"dt-pswp-item\" href=\"https:\/\/www.radiopiu.net\/wordpress\/wp-content\/uploads\/2023\/03\/bbb6c1ed-e8c4-4086-8c10-3d883e9e70df.jpg\" data-dt-img-description=\"\" data-large_image_width=\"1600\" data-large_image_height=\"900\"><img loading=\"lazy\" decoding=\"async\" class=\"wp-image-328039 alignright\" src=\"https:\/\/www.radiopiu.net\/wordpress\/wp-content\/uploads\/2023\/03\/bbb6c1ed-e8c4-4086-8c10-3d883e9e70df-300x169.jpg\" alt=\"\" width=\"188\" height=\"106\" srcset=\"https:\/\/www.radiopiu.net\/wordpress\/wp-content\/uploads\/2023\/03\/bbb6c1ed-e8c4-4086-8c10-3d883e9e70df-300x169.jpg 300w, https:\/\/www.radiopiu.net\/wordpress\/wp-content\/uploads\/2023\/03\/bbb6c1ed-e8c4-4086-8c10-3d883e9e70df-1024x576.jpg 1024w, https:\/\/www.radiopiu.net\/wordpress\/wp-content\/uploads\/2023\/03\/bbb6c1ed-e8c4-4086-8c10-3d883e9e70df-768x432.jpg 768w, https:\/\/www.radiopiu.net\/wordpress\/wp-content\/uploads\/2023\/03\/bbb6c1ed-e8c4-4086-8c10-3d883e9e70df-1536x864.jpg 1536w, https:\/\/www.radiopiu.net\/wordpress\/wp-content\/uploads\/2023\/03\/bbb6c1ed-e8c4-4086-8c10-3d883e9e70df.jpg 1600w\" sizes=\"auto, (max-width: 188px) 100vw, 188px\" \/><\/a>BELLUNO\u00a0<\/strong>Come preannunciato, \u00e8 toccato a Letizia Monestier, consigliera comunale di Santa Giustina, prendere il posto di Franco De Bon in consiglio provinciale. Con la prossima seduta del consiglio, la ripartizione ufficiali delle deleghe ancora vacanti.<\/p>\n<p><strong>di Daniele Dalvit<\/strong><\/p>\n<audio class=\"wp-audio-shortcode\" id=\"audio-327947-3\" preload=\"none\" style=\"width: 100%;\" controls=\"controls\"><source type=\"audio\/mpeg\" src=\"https:\/\/www.radiopiu.net\/wordpress\/wp-content\/uploads\/2023\/03\/DALVIT-Servizio-Ingresso-provincia-Monestier.mp3?_=3\" \/><a href=\"https:\/\/www.radiopiu.net\/wordpress\/wp-content\/uploads\/2023\/03\/DALVIT-Servizio-Ingresso-provincia-Monestier.mp3\">https:\/\/www.radiopiu.net\/wordpress\/wp-content\/uploads\/2023\/03\/DALVIT-Servizio-Ingresso-provincia-Monestier.mp3<\/a><\/audio>\n<p>&nbsp;<\/p>\n<p>&nbsp;<\/p>\n<hr \/>\n<p>&nbsp;<\/p>\n<blockquote>\n<h3>I 140 ANNI DI CARLO RIZZARDA<\/h3>\n<\/blockquote>\n<p><strong>FELTRE<\/strong> Per celebrare i 140 anni dalla nascita del maestro del ferro battuto Carlo Rizzarda, Comune e Musei Civici organizzano l&#8217;incontro \u201cIl ferro battuto fotografato\u201d, in Galleria Rizzarda venerd\u00ec 31 marzo; \u00e8 rivolto agli appassionati di fotografia, soprattutto storica, ma anche semplicemente a chi \u00e8 curioso di saperne di pi\u00f9 sulle collezioni dei Musei civici e sulla costante attivit\u00e0 di restauro dei beni in esse conservati. Interverr\u00e0 Elvira Tonelli, titolare della ditta \u201cLa Fototeca\u201d di Bologna, illustrer\u00e0 il restauro di due album fotografici dell&#8217;archivio Carlo Rizzarda che comprende anche\u00a0mille lastre al bromuro d&#8217;argento, gli album dei funerali di Rizzarda, le foto della sua famiglia e il catalogo dei ferri. Di tutto questo parler\u00e0 Valentina Pellegrinon che all&#8217;argomento ha dedicato la tesi di laurea. <em>\u201cLa parte documentale fotografica, sottolinea il consigliere delegato alla Cultura del Comune di Feltre Samuele Spada, costituisce una componente molto importante, e forse meno conosciuta, dell&#8217;Archivio Rizzarda\u201d.\u00a0<\/em><\/p>\n<p>&nbsp;<\/p>\n<p>&nbsp;<\/p>\n<p>&nbsp;<\/p>\n<hr \/>\n<blockquote>\n<h3><\/h3>\n<h3>L&#8217;ASSEMBLEA DI LIBERA AD AGORDO<\/h3>\n<\/blockquote>\n<p><strong><a class=\"dt-pswp-item\" href=\"https:\/\/www.radiopiu.net\/wordpress\/wp-content\/uploads\/2022\/03\/LIBERA-MAFIE.png\" data-dt-img-description=\"\" data-large_image_width=\"860\" data-large_image_height=\"756\"><img loading=\"lazy\" decoding=\"async\" class=\" wp-image-267115 alignleft\" src=\"https:\/\/www.radiopiu.net\/wordpress\/wp-content\/uploads\/2022\/03\/LIBERA-MAFIE-300x264.png\" alt=\"\" width=\"166\" height=\"146\" \/><\/a>AGORDO<\/strong><\/p>\n<p>di Gianni Santomaso<\/p>\n<audio class=\"wp-audio-shortcode\" id=\"audio-327947-4\" preload=\"none\" style=\"width: 100%;\" controls=\"controls\"><source type=\"audio\/mpeg\" src=\"https:\/\/www.radiopiu.net\/wordpress\/wp-content\/uploads\/2023\/03\/GIANNI-ASSEMBLEA-LIBERA.mp3?_=4\" \/><a href=\"https:\/\/www.radiopiu.net\/wordpress\/wp-content\/uploads\/2023\/03\/GIANNI-ASSEMBLEA-LIBERA.mp3\">https:\/\/www.radiopiu.net\/wordpress\/wp-content\/uploads\/2023\/03\/GIANNI-ASSEMBLEA-LIBERA.mp3<\/a><\/audio>\n<p>&nbsp;<\/p>\n<p>&nbsp;<\/p>\n<hr \/>\n<p>&nbsp;<\/p>\n<blockquote>\n<h3 align=\"center\"><span style=\"font-family: Times New Roman, serif;\"><span style=\"font-size: medium;\"><span style=\"color: #222222;\"><span style=\"font-family: Calibri, serif;\"><span style=\"font-size: large;\"><b>L\u2019 azzardo e i nostri soldi: incontro con i cittadini<\/b><\/span><\/span><\/span><\/span><\/span><\/h3>\n<\/blockquote>\n<p><span style=\"font-size: medium;\"><span style=\"font-family: 'Times New Roman', serif; color: #222222;\"><span style=\"font-family: Calibri, serif;\"><b><a class=\"dt-pswp-item\" href=\"https:\/\/www.radiopiu.net\/wordpress\/wp-content\/uploads\/2021\/11\/gambling-machine-4926__340.jpg\" data-dt-img-description=\"\" data-large_image_width=\"453\" data-large_image_height=\"340\"><img loading=\"lazy\" decoding=\"async\" class=\"wp-image-242314 alignleft\" src=\"https:\/\/www.radiopiu.net\/wordpress\/wp-content\/uploads\/2021\/11\/gambling-machine-4926__340-300x225.jpg\" alt=\"\" width=\"192\" height=\"144\" srcset=\"https:\/\/www.radiopiu.net\/wordpress\/wp-content\/uploads\/2021\/11\/gambling-machine-4926__340-300x225.jpg 300w, https:\/\/www.radiopiu.net\/wordpress\/wp-content\/uploads\/2021\/11\/gambling-machine-4926__340.jpg 453w\" sizes=\"auto, (max-width: 192px) 100vw, 192px\" \/><\/a><\/b>Oggi dalle 9 alle 13 in sala Bianchi<\/span><\/span><span style=\"font-family: 'Times New Roman', serif; color: #222222;\"><span style=\"font-family: Calibri, serif;\">\u00a0incontro dal titolo <\/span><\/span><span style=\"font-family: 'Times New Roman', serif; color: #222222;\"><span style=\"font-family: Calibri, serif;\">\u201cL\u2019azzardo e i nostri soldi\u201d<\/span><\/span><span style=\"color: #222222; font-family: Calibri, serif;\">, dedicato al gioco d\u2019azzardo e all\u2019impatto che questo pu\u00f2 avere sui bilanci delle famiglie.<\/span> C<\/span><span style=\"font-family: Times New Roman, serif;\"><span style=\"font-size: medium;\"><span style=\"color: #222222;\"><span style=\"font-family: Calibri, serif;\">os\u2019\u00e8 il gioco d\u2019azzardo e il disturbo da gioco d\u2019azzardo?\u00a0 Quali gli aspetti finanziari collegati?. Interverranno il Direttore\u00a0 del\u00a0 Ser.D. Amalia Manzan, con gli operatori del Dipartimento delle Dipendenze, un rappresentante del Gruppo AMA, referenti delle Organizzazioni Sindacali., referenti dell\u2019 Associazione Consumatori e consulenti per l\u2019educazione finanziaria.\u00a0<\/span><\/span><\/span><\/span><\/p>\n<p>&nbsp;<\/p>\n<p>&nbsp;<\/p>\n<hr \/>\n<p>&nbsp;<\/p>\n<blockquote>\n<h3>LA STRANA COPPIA IN ONORE DI &#8220;BOB TRASPARENTE COME IL VENTO, DYLAN RUVIDO E RISSOSO&#8221;<\/h3>\n<\/blockquote>\n<p><strong><a class=\"dt-pswp-item\" href=\"https:\/\/www.radiopiu.net\/wordpress\/wp-content\/uploads\/2023\/03\/cd595a09-c8a7-41d2-885b-24df9434b1cd.jpg\" data-dt-img-description=\"\" data-large_image_width=\"2048\" data-large_image_height=\"1536\"><img loading=\"lazy\" decoding=\"async\" class=\" wp-image-328020 alignleft\" src=\"https:\/\/www.radiopiu.net\/wordpress\/wp-content\/uploads\/2023\/03\/cd595a09-c8a7-41d2-885b-24df9434b1cd-300x225.jpg\" alt=\"\" width=\"226\" height=\"169\" srcset=\"https:\/\/www.radiopiu.net\/wordpress\/wp-content\/uploads\/2023\/03\/cd595a09-c8a7-41d2-885b-24df9434b1cd-300x225.jpg 300w, https:\/\/www.radiopiu.net\/wordpress\/wp-content\/uploads\/2023\/03\/cd595a09-c8a7-41d2-885b-24df9434b1cd-1024x768.jpg 1024w, https:\/\/www.radiopiu.net\/wordpress\/wp-content\/uploads\/2023\/03\/cd595a09-c8a7-41d2-885b-24df9434b1cd-768x576.jpg 768w, https:\/\/www.radiopiu.net\/wordpress\/wp-content\/uploads\/2023\/03\/cd595a09-c8a7-41d2-885b-24df9434b1cd-1536x1152.jpg 1536w, https:\/\/www.radiopiu.net\/wordpress\/wp-content\/uploads\/2023\/03\/cd595a09-c8a7-41d2-885b-24df9434b1cd.jpg 2048w\" sizes=\"auto, (max-width: 226px) 100vw, 226px\" \/><\/a>BELLUNO <\/strong>Alla scoperta \u2013 e riscoperta \u2013 di Bob Dylan: prosegue il ciclo di presentazioni del libro di Michele Talo dedicato al \u201c\u201dmenestrello del rock\u201d. A Belluno, una serata particolare con un musicista d&#8217;eccezio<strong>ne.<\/strong><\/p>\n<p>&nbsp;<\/p>\n<p>&nbsp;<\/p>\n<p>&nbsp;<\/p>\n<p><strong>DI DANIELE DALVIT<\/strong><\/p>\n<audio class=\"wp-audio-shortcode\" id=\"audio-327947-5\" preload=\"none\" style=\"width: 100%;\" controls=\"controls\"><source type=\"audio\/mpeg\" src=\"https:\/\/www.radiopiu.net\/wordpress\/wp-content\/uploads\/2023\/03\/Radio-Piu-Servizio-Libro-Talo-Dylan-1.mp3?_=5\" \/><a href=\"https:\/\/www.radiopiu.net\/wordpress\/wp-content\/uploads\/2023\/03\/Radio-Piu-Servizio-Libro-Talo-Dylan-1.mp3\">https:\/\/www.radiopiu.net\/wordpress\/wp-content\/uploads\/2023\/03\/Radio-Piu-Servizio-Libro-Talo-Dylan-1.mp3<\/a><\/audio>\n<p>&nbsp;<\/p>\n<p>&nbsp;<\/p>\n<hr \/>\n<p>&nbsp;<\/p>\n<p>&nbsp;<\/p>\n<blockquote>\n<h3>PRESENTAZIONE DEL CORSO SULLE PARI OPPORTUNITA&#8217;<\/h3>\n<\/blockquote>\n<p><strong><a class=\"dt-pswp-item\" href=\"https:\/\/www.radiopiu.net\/wordpress\/wp-content\/uploads\/2023\/03\/Conferenza-stampa-23.03.23.jpeg\" data-dt-img-description=\"\" data-large_image_width=\"1024\" data-large_image_height=\"485\"><img loading=\"lazy\" decoding=\"async\" class=\"size-medium wp-image-328031 alignleft\" src=\"https:\/\/www.radiopiu.net\/wordpress\/wp-content\/uploads\/2023\/03\/Conferenza-stampa-23.03.23-300x142.jpeg\" alt=\"\" width=\"300\" height=\"142\" srcset=\"https:\/\/www.radiopiu.net\/wordpress\/wp-content\/uploads\/2023\/03\/Conferenza-stampa-23.03.23-300x142.jpeg 300w, https:\/\/www.radiopiu.net\/wordpress\/wp-content\/uploads\/2023\/03\/Conferenza-stampa-23.03.23-768x364.jpeg 768w, https:\/\/www.radiopiu.net\/wordpress\/wp-content\/uploads\/2023\/03\/Conferenza-stampa-23.03.23.jpeg 1024w\" sizes=\"auto, (max-width: 300px) 100vw, 300px\" \/><\/a>BELLUNO<\/strong> p<span style=\"caret-color: #000000; color: #000000; font-family: arial, helvetica, sans-serif; font-size: 13.333333015441895px; font-style: normal; font-variant-caps: normal; font-weight: normal; letter-spacing: normal; orphans: auto; text-align: start; text-indent: 0px; text-transform: none; white-space: normal; widows: auto; word-spacing: 0px; -webkit-text-size-adjust: auto; -webkit-text-stroke-width: 0px; background-color: #ffffff; text-decoration: none; display: inline !important; float: none;\">resentato ieri il corso sulle pari opportunit\u00e0 tra uomini e donne, organizzato dal Comune di Belluno e dedicato ai dipendenti della pubblica amministrazione.<\/span><\/p>\n<p>&nbsp;<\/p>\n<p>&nbsp;<\/p>\n<p>&nbsp;<\/p>\n<p>&nbsp;<\/p>\n<p><strong>la presidente del Cug Belluno, Alessia Salvador\u00a0<\/strong><\/p>\n<div>\n<audio class=\"wp-audio-shortcode\" id=\"audio-327947-6\" preload=\"none\" style=\"width: 100%;\" controls=\"controls\"><source type=\"audio\/mpeg\" src=\"https:\/\/www.radiopiu.net\/wordpress\/wp-content\/uploads\/2023\/03\/Presidente-Cug-Belluno-Alessia-Salvador.mp3?_=6\" \/><a href=\"https:\/\/www.radiopiu.net\/wordpress\/wp-content\/uploads\/2023\/03\/Presidente-Cug-Belluno-Alessia-Salvador.mp3\">https:\/\/www.radiopiu.net\/wordpress\/wp-content\/uploads\/2023\/03\/Presidente-Cug-Belluno-Alessia-Salvador.mp3<\/a><\/audio>\n<p><strong>l&#8217;assessore alle pari opportunit\u00e0, Simonetta Buttignon<\/strong><\/p>\n<\/div>\n<audio class=\"wp-audio-shortcode\" id=\"audio-327947-7\" preload=\"none\" style=\"width: 100%;\" controls=\"controls\"><source type=\"audio\/mpeg\" src=\"https:\/\/www.radiopiu.net\/wordpress\/wp-content\/uploads\/2023\/03\/Assessore-alle-pari-opportunita-Simonetta-Buttignon.mp3?_=7\" \/><a href=\"https:\/\/www.radiopiu.net\/wordpress\/wp-content\/uploads\/2023\/03\/Assessore-alle-pari-opportunita-Simonetta-Buttignon.mp3\">https:\/\/www.radiopiu.net\/wordpress\/wp-content\/uploads\/2023\/03\/Assessore-alle-pari-opportunita-Simonetta-Buttignon.mp3<\/a><\/audio>\n<p>&nbsp;<\/p>\n<hr \/>\n<p>&nbsp;<\/p>\n<blockquote>\n<h3><a class=\"dt-pswp-item\" href=\"https:\/\/www.radiopiu.net\/wordpress\/wp-content\/uploads\/2023\/03\/new-entry-banda-da-fodom-scaled.jpg\" data-dt-img-description=\"\" data-large_image_width=\"1920\" data-large_image_height=\"2560\"><img loading=\"lazy\" decoding=\"async\" class=\"wp-image-328017 alignleft\" src=\"https:\/\/www.radiopiu.net\/wordpress\/wp-content\/uploads\/2023\/03\/new-entry-banda-da-fodom-scaled.jpg\" alt=\"\" width=\"141\" height=\"188\" srcset=\"https:\/\/www.radiopiu.net\/wordpress\/wp-content\/uploads\/2023\/03\/new-entry-banda-da-fodom-scaled.jpg 1920w, https:\/\/www.radiopiu.net\/wordpress\/wp-content\/uploads\/2023\/03\/new-entry-banda-da-fodom-225x300.jpg 225w, https:\/\/www.radiopiu.net\/wordpress\/wp-content\/uploads\/2023\/03\/new-entry-banda-da-fodom-768x1024.jpg 768w, https:\/\/www.radiopiu.net\/wordpress\/wp-content\/uploads\/2023\/03\/new-entry-banda-da-fodom-1152x1536.jpg 1152w, https:\/\/www.radiopiu.net\/wordpress\/wp-content\/uploads\/2023\/03\/new-entry-banda-da-fodom-1536x2048.jpg 1536w\" sizes=\"auto, (max-width: 141px) 100vw, 141px\" \/><\/a>QUATTRO GIOVANI MUSICISTI NELLA BANDA DA FODOM<\/h3>\n<\/blockquote>\n<p>&nbsp;<\/p>\n<p><strong>LIVINALLONGO<\/strong><\/p>\n<p><strong>audio<\/strong><\/p>\n<audio class=\"wp-audio-shortcode\" id=\"audio-327947-8\" preload=\"none\" style=\"width: 100%;\" controls=\"controls\"><source type=\"audio\/mpeg\" src=\"https:\/\/www.radiopiu.net\/wordpress\/wp-content\/uploads\/2023\/03\/lorenzo-fodom.mp3?_=8\" \/><a href=\"https:\/\/www.radiopiu.net\/wordpress\/wp-content\/uploads\/2023\/03\/lorenzo-fodom.mp3\">https:\/\/www.radiopiu.net\/wordpress\/wp-content\/uploads\/2023\/03\/lorenzo-fodom.mp3<\/a><\/audio>\n<p>&nbsp;<\/p>\n<p>&nbsp;<\/p>\n<hr \/>\n<p>&nbsp;<\/p>\n<p><strong>DI TIZIANO DE COL<\/strong><\/p>\n<p>&nbsp;<\/p>\n\n\t\t\t<style type='text\/css'>\n\t\t\t\t#gallery-1 {\n\t\t\t\t\tmargin: auto;\n\t\t\t\t}\n\t\t\t\t#gallery-1 .gallery-item {\n\t\t\t\t\tfloat: left;\n\t\t\t\t\tmargin-top: 10px;\n\t\t\t\t\ttext-align: center;\n\t\t\t\t\twidth: 20%;\n\t\t\t\t}\n\t\t\t\t#gallery-1 img {\n\t\t\t\t\tborder: 2px solid #cfcfcf;\n\t\t\t\t}\n\t\t\t\t#gallery-1 .gallery-caption {\n\t\t\t\t\tmargin-left: 0;\n\t\t\t\t}\n\t\t\t\t\/* see gallery_shortcode() in wp-includes\/media.php *\/\n\t\t\t<\/style>\n\t\t<div id='gallery-1' class='dt-gallery-container gallery galleryid-327947 gallery-columns-5 gallery-size-thumbnail'><dl class='gallery-item'>\n\t\t\t\t<dt class='gallery-icon landscape'>\n\t\t\t\t\t<a class=\"rollover rollover-zoom dt-pswp-item\" title=\"3b222604-5397-4233-9f14-e38f88c435cc\" data-dt-img-description=\"\" data-large_image_width=\"592\" data-large_image_height=\"365\"href='https:\/\/www.radiopiu.net\/wordpress\/wp-content\/uploads\/2023\/03\/3b222604-5397-4233-9f14-e38f88c435cc.jpg'><img loading=\"lazy\" decoding=\"async\" width=\"150\" height=\"150\" src=\"https:\/\/www.radiopiu.net\/wordpress\/wp-content\/uploads\/2023\/03\/3b222604-5397-4233-9f14-e38f88c435cc-150x150.jpg\" class=\"attachment-thumbnail size-thumbnail\" alt=\"\" \/><\/a>\n\t\t\t\t<\/dt><\/dl><dl class='gallery-item'>\n\t\t\t\t<dt class='gallery-icon landscape'>\n\t\t\t\t\t<a class=\"rollover rollover-zoom dt-pswp-item\" title=\"94d8c62e-072e-4942-8628-e70724e93cc6\" data-dt-img-description=\"\" data-large_image_width=\"600\" data-large_image_height=\"359\"href='https:\/\/www.radiopiu.net\/wordpress\/wp-content\/uploads\/2023\/03\/94d8c62e-072e-4942-8628-e70724e93cc6.jpg'><img loading=\"lazy\" decoding=\"async\" width=\"150\" height=\"150\" src=\"https:\/\/www.radiopiu.net\/wordpress\/wp-content\/uploads\/2023\/03\/94d8c62e-072e-4942-8628-e70724e93cc6-150x150.jpg\" class=\"attachment-thumbnail size-thumbnail\" alt=\"\" \/><\/a>\n\t\t\t\t<\/dt><\/dl><dl class='gallery-item'>\n\t\t\t\t<dt class='gallery-icon landscape'>\n\t\t\t\t\t<a class=\"rollover rollover-zoom dt-pswp-item\" title=\"4b3889e9-c4cf-41a6-bcdd-508701f0b633\" data-dt-img-description=\"\" data-large_image_width=\"602\" data-large_image_height=\"357\"href='https:\/\/www.radiopiu.net\/wordpress\/wp-content\/uploads\/2023\/03\/4b3889e9-c4cf-41a6-bcdd-508701f0b633.jpg'><img loading=\"lazy\" decoding=\"async\" width=\"150\" height=\"150\" src=\"https:\/\/www.radiopiu.net\/wordpress\/wp-content\/uploads\/2023\/03\/4b3889e9-c4cf-41a6-bcdd-508701f0b633-150x150.jpg\" class=\"attachment-thumbnail size-thumbnail\" alt=\"\" \/><\/a>\n\t\t\t\t<\/dt><\/dl><dl class='gallery-item'>\n\t\t\t\t<dt class='gallery-icon landscape'>\n\t\t\t\t\t<a class=\"rollover rollover-zoom dt-pswp-item\" title=\"1e30f324-086d-4683-9351-c90d77395c77\" data-dt-img-description=\"\" data-large_image_width=\"594\" data-large_image_height=\"353\"href='https:\/\/www.radiopiu.net\/wordpress\/wp-content\/uploads\/2023\/03\/1e30f324-086d-4683-9351-c90d77395c77.jpg'><img loading=\"lazy\" decoding=\"async\" width=\"150\" height=\"150\" src=\"https:\/\/www.radiopiu.net\/wordpress\/wp-content\/uploads\/2023\/03\/1e30f324-086d-4683-9351-c90d77395c77-150x150.jpg\" class=\"attachment-thumbnail size-thumbnail\" alt=\"\" \/><\/a>\n\t\t\t\t<\/dt><\/dl><dl class='gallery-item'>\n\t\t\t\t<dt class='gallery-icon landscape'>\n\t\t\t\t\t<a class=\"rollover rollover-zoom dt-pswp-item\" title=\"04365252-1e78-44ca-ae4c-b6f92bc68357\" data-dt-img-description=\"\" data-large_image_width=\"620\" data-large_image_height=\"360\"href='https:\/\/www.radiopiu.net\/wordpress\/wp-content\/uploads\/2023\/03\/04365252-1e78-44ca-ae4c-b6f92bc68357.jpg'><img loading=\"lazy\" decoding=\"async\" width=\"150\" height=\"150\" src=\"https:\/\/www.radiopiu.net\/wordpress\/wp-content\/uploads\/2023\/03\/04365252-1e78-44ca-ae4c-b6f92bc68357-150x150.jpg\" class=\"attachment-thumbnail size-thumbnail\" alt=\"\" \/><\/a>\n\t\t\t\t<\/dt><\/dl><br style=\"clear: both\" \/>\n\t\t\t<\/div>\n\n<p>&nbsp;<\/p>\n<hr \/>\n<p>&nbsp;<\/p>\n<blockquote>\n<h3>GRANDE PARTECIPAZIONE IERI ALL\u2019OPEN DAY AI CORSI UNIVERSITARI ATTIVI A FELTRE<\/h3>\n<\/blockquote>\n<p><strong><a class=\"dt-pswp-item\" href=\"https:\/\/www.radiopiu.net\/wordpress\/wp-content\/uploads\/2023\/03\/open-day_1.jpeg\" data-dt-img-description=\"\" data-large_image_width=\"2048\" data-large_image_height=\"1536\"><img loading=\"lazy\" decoding=\"async\" class=\" wp-image-328067 alignleft\" src=\"https:\/\/www.radiopiu.net\/wordpress\/wp-content\/uploads\/2023\/03\/open-day_1-300x225.jpeg\" alt=\"\" width=\"169\" height=\"127\" srcset=\"https:\/\/www.radiopiu.net\/wordpress\/wp-content\/uploads\/2023\/03\/open-day_1-300x225.jpeg 300w, https:\/\/www.radiopiu.net\/wordpress\/wp-content\/uploads\/2023\/03\/open-day_1-1024x768.jpeg 1024w, https:\/\/www.radiopiu.net\/wordpress\/wp-content\/uploads\/2023\/03\/open-day_1-768x576.jpeg 768w, https:\/\/www.radiopiu.net\/wordpress\/wp-content\/uploads\/2023\/03\/open-day_1-1536x1152.jpeg 1536w, https:\/\/www.radiopiu.net\/wordpress\/wp-content\/uploads\/2023\/03\/open-day_1.jpeg 2048w\" sizes=\"auto, (max-width: 169px) 100vw, 169px\" \/><\/a>FELTRE <\/strong>Riuscita l\u2019iniziativa \u201cScegli con noi\u201d, l\u2019open day organizzato nella sede di Feltre dell&#8217; Universit\u00e0 degli Studi di Padova per la presentazione dei corsi di laurea di Infermieristica e Tecniche della Prevenzione da parte degli studenti per i futuri studenti. E\u2019 stato un pomeriggio ricco di stimoli in cui una cinquantina di possibili futuri studenti hanno sperimentato, con l&#8217;aiuto degli studenti dei corsi e l&#8217;esperienza dei professionisti sul campo, cosa significhi essere infermiere o tecnico della prevenzione. Sono state allestite postazioni all\u2019interno del campus dove sono state simulate azioni in cui i ragazzi hanno potuto vivere da protagonista il ruolo sanitario. Non sono mancate, infine, informazioni relative alle modalit\u00e0 di iscrizione, ai test di ammissione e ai servizi offerti dall\u2019Universit\u00e0 e dai tutor della sede di Feltre. Anche gli Ordini professionali degli Infermieri e dei Tecnici della Prevenzione hanno partecipato all\u2019iniziativa portando degli interventi dedicati alle prospettive sul futuro di queste professioni.<\/p>\n<p>&nbsp;<\/p>\n<p>&nbsp;<\/p>\n<hr \/>\n<p>&nbsp;<\/p>\n<blockquote>\n<h3>ESPOSIZIONE AD AMIANTO: I RACCONTI DI EX ESPOSTI<\/h3>\n<\/blockquote>\n<p><strong><a class=\"dt-pswp-item\" href=\"https:\/\/www.radiopiu.net\/wordpress\/wp-content\/uploads\/2023\/03\/incontro-rischi-connessi-allesposzione-ad-amianto.png\" data-dt-img-description=\"\" data-large_image_width=\"1021\" data-large_image_height=\"578\"><img loading=\"lazy\" decoding=\"async\" class=\" wp-image-328068 alignleft\" src=\"https:\/\/www.radiopiu.net\/wordpress\/wp-content\/uploads\/2023\/03\/incontro-rischi-connessi-allesposzione-ad-amianto-300x170.png\" alt=\"\" width=\"187\" height=\"106\" srcset=\"https:\/\/www.radiopiu.net\/wordpress\/wp-content\/uploads\/2023\/03\/incontro-rischi-connessi-allesposzione-ad-amianto-300x170.png 300w, https:\/\/www.radiopiu.net\/wordpress\/wp-content\/uploads\/2023\/03\/incontro-rischi-connessi-allesposzione-ad-amianto-768x435.png 768w, https:\/\/www.radiopiu.net\/wordpress\/wp-content\/uploads\/2023\/03\/incontro-rischi-connessi-allesposzione-ad-amianto.png 1021w\" sizes=\"auto, (max-width: 187px) 100vw, 187px\" \/><\/a>BELLUNO <\/strong>Si \u00e8 tenuto un incontro formativo promosso dallo SPISAL dell\u2019Ulss Dolomiti dedicato ai rischi connessi all\u2019esposizione ad amianto, rivolto a tutto il personale SPISAL e ai dirigenti medici e Tecnici della Prevenzione del Dipartimento di Prevenzione. Sono stati invitati sei ex lavoratori di tre diverse ditte che da fine anni Sessanta al 1990 circa sono stati esposti ad amianto. Dall\u2019installazione e manutenzione di turbine a vapore in centrali termoelettriche a operare come caldaista in una centrale termica per produzione di vapore, gli ex lavoratori hanno raccontato la loro storia lavorativa e come si lavorava in quegli anni.<\/p>\n<p>&nbsp;<\/p>\n<p>&nbsp;<\/p>\n<hr \/>\n<p>&nbsp;<\/p>\n<blockquote>\n<h3>TAMU E MENTA IN PEDIATRIA A BELLUNO<\/h3>\n<\/blockquote>\n<p><strong><a class=\"dt-pswp-item\" href=\"https:\/\/www.radiopiu.net\/wordpress\/wp-content\/uploads\/2023\/03\/cane-in-pediatria_1.jpeg\" data-dt-img-description=\"\" data-large_image_width=\"1600\" data-large_image_height=\"1200\"><img loading=\"lazy\" decoding=\"async\" class=\" wp-image-328069 alignleft\" src=\"https:\/\/www.radiopiu.net\/wordpress\/wp-content\/uploads\/2023\/03\/cane-in-pediatria_1-300x225.jpeg\" alt=\"\" width=\"171\" height=\"128\" srcset=\"https:\/\/www.radiopiu.net\/wordpress\/wp-content\/uploads\/2023\/03\/cane-in-pediatria_1-300x225.jpeg 300w, https:\/\/www.radiopiu.net\/wordpress\/wp-content\/uploads\/2023\/03\/cane-in-pediatria_1-1024x768.jpeg 1024w, https:\/\/www.radiopiu.net\/wordpress\/wp-content\/uploads\/2023\/03\/cane-in-pediatria_1-768x576.jpeg 768w, https:\/\/www.radiopiu.net\/wordpress\/wp-content\/uploads\/2023\/03\/cane-in-pediatria_1-1536x1152.jpeg 1536w, https:\/\/www.radiopiu.net\/wordpress\/wp-content\/uploads\/2023\/03\/cane-in-pediatria_1.jpeg 1600w\" sizes=\"auto, (max-width: 171px) 100vw, 171px\" \/><\/a>BELLUNO <\/strong>Ci sono due nuovi amici a quattro zampe pronti a portare gioia, allegria e tanto affetto ai piccoli degenti della Pediatria di Belluno: l\u2019Ulss Dolomiti ha attivato, infatti, il progetto \u201cIl cane in Pediatria\u201d di Educazione Assistita con gli Animali (EAA) che prevede l\u2019ingresso negli ambienti della pediatria di due cani Tamu, un Curly Coated Retriever e Menta, un Nova Scotia Duck Tolling Retriever, preparati in modo specifico per l\u2019interazione con i bambini. Questa settimana, tra l\u2019entusiasmo dei piccoli pazienti, il progetto ha preso il via con il primo incontro.<\/p>\n<p>&nbsp;<\/p>\n<p>&nbsp;<\/p>\n<hr \/>\n<p>&nbsp;<\/p>\n<blockquote>\n<h3>LA\u00a0 BANDA DELLA MARINA AMERICANA AL TEATRO COMUNALE<\/h3>\n<\/blockquote>\n<p><strong>BELLUNO<\/strong> La U.S. Naval Forces Europe and Africa Band, banda ufficiale della Marina Americana in Europa, fa tappa al Teatro Comunale: l\u2019appuntamento \u00e8 per domenica 16 aprile alle 18. L\u2019iniziativa \u00e8 organizzata in collaborazione con il Comune di Longarone, che comparteciper\u00e0 alla spesa.\u00a0La band si esibisce in tutto il continente Europeo, in tutta l\u2019Africa e in Asia occidentale raggiungendo nelle tourne\u00e8 un pubblico complessivo di oltre 60 milioni di persone in piu\u0300 di 35 paesi, grazie alle centinaia di performance che svolge ogni anno.<\/p>\n<p><strong>L&#8217;ASSESSORE DEL COMUNE DI BELLUNO RAFFAELE ADDAMIANO<\/strong><\/p>\n<p><iframe loading=\"lazy\" title=\"ADDAMIANO BANDA USA\" width=\"1200\" height=\"675\" src=\"https:\/\/www.youtube.com\/embed\/OAqhKvI3r3U?feature=oembed\" frameborder=\"0\" allow=\"accelerometer; autoplay; clipboard-write; encrypted-media; gyroscope; picture-in-picture; web-share\" allowfullscreen><\/iframe><\/p>\n<p>&nbsp;<\/p>\n<p>&nbsp;<\/p>\n<hr \/>\n<p>&nbsp;<\/p>\n<blockquote>\n<h3>GELATO DAY: IL 1\u00b0 APRILE LA DOLCEZZA ARRIVA IN ALTA QUOTA<\/h3>\n<\/blockquote>\n<p><strong><a class=\"dt-pswp-item\" href=\"https:\/\/www.radiopiu.net\/wordpress\/wp-content\/uploads\/2023\/03\/capanna-ra-valles.jpeg\" data-dt-img-description=\"\" data-large_image_width=\"1125\" data-large_image_height=\"707\"><img loading=\"lazy\" decoding=\"async\" class=\" wp-image-328057 alignleft\" src=\"https:\/\/www.radiopiu.net\/wordpress\/wp-content\/uploads\/2023\/03\/capanna-ra-valles-300x189.jpeg\" alt=\"\" width=\"170\" height=\"107\" srcset=\"https:\/\/www.radiopiu.net\/wordpress\/wp-content\/uploads\/2023\/03\/capanna-ra-valles-300x189.jpeg 300w, https:\/\/www.radiopiu.net\/wordpress\/wp-content\/uploads\/2023\/03\/capanna-ra-valles-1024x644.jpeg 1024w, https:\/\/www.radiopiu.net\/wordpress\/wp-content\/uploads\/2023\/03\/capanna-ra-valles-768x483.jpeg 768w, https:\/\/www.radiopiu.net\/wordpress\/wp-content\/uploads\/2023\/03\/capanna-ra-valles.jpeg 1125w\" sizes=\"auto, (max-width: 170px) 100vw, 170px\" \/><\/a>CORTINA <\/strong>Non \u00e8 mai troppo freddo per un gelato! C\u2019\u00e8 una ghiotta notizia per chi non sa resistere a coni e coppette ossia il golosissimo appuntamento del Gelato Day, il rendez-vous europeo dedicato alla cultura del gelato artigianale e il suo sapere che slitta al 1\u00b0 aprile (no, non \u00e8 un pesce d\u2019aprile!) per volare nel blu del cielo di Cortina d\u2019Ampezzo, a 2.475 metri di altezza nel magico panorama innevato offerto da Capanna Ra Valles. L&#8217;iniziativa nata dalla partnership della societ\u00e0 Tofana Cortina Freccia nel Cielo con il Ristorante \u2013 Pizzeria Capanna Ra Valles, la Giornata Europea del Gelato promossa da Longarone Fiere e Artglace, Regione Veneto e Gelato Veneto, \u00e8 pensata proprio per diffondere e promuovere la cultura del gelato artigianale e il sapere artigiano. Per l&#8217;occasione, i mitici mastri gelatai bellunesi omaggiano, dalle 14:00 alle 16:00 nel palcoscenico innevato di Capanna Ra Valles, turisti e valligiani con i gusti tipici ma anche pi\u00f9 ricercati, preparati come tradizione comanda, con i prodotti genuini e tipici del bellunese quali il tuorlo d&#8217;uovo, il latte, la panna e lo zucchero, arricchiti da altri elementi per creare i vari sapori, alla crema o alla frutta. D\u2019altronde, il gelato artigianale vede le sue origini proprio in Valbelluna, ma soprattutto in Val di Zoldo e nel Cadore, i cui abitanti gi\u00e0 nel 1800 divennero i primi gelatieri che, con passione e attenzione nelle tecniche produttive, esportarono questo alimento oltre confine. E allora tutti sulla Freccia: il Gelato Day vi aspetta. Per informazioni: 0436 5052 \u2013 tofanacortina@freccianelcielo.com<\/p>\n<p>&nbsp;<\/p>\n<p>&nbsp;<\/p>\n<hr \/>\n<p>&nbsp;<\/p>\n<blockquote>\n<h3>LA GUARDIA DI FINANZA ALLA RICERCA DI 1230 ALLIEVI<\/h3>\n<\/blockquote>\n<p><strong>BELLUNO<\/strong> \u00c8 stato indetto per l&#8217;anno accademico 2023\/2024 il concorso per titoli ed esami per l&#8217;ammissione di 1230 allievi marescialli al 95\u00b0 corso presso la Scuola Ispettori e Sovrintendenti della Guardia di Finanza. Possono partecipare al concorso i cittadini italiani, anche gi\u00e0 alle armi, che abbiano compiuto il diciasettesimo anno di et\u00e0 e che non abbiano pi\u00f9 di 26 anni alla data di scadenza per la presentazione della domanda che \u00e8 il 23 marzo alle 12. La domanda di concorso deve essere compilata online al sito concorsi.gdf.gov.it seguendo le istruzioni del sistema automatizzato. Sullo stesso sito si possono trovare tutte le informazioni sul concorso.<\/p>\n<p>&nbsp;<\/p>\n<p>&nbsp;<\/p>\n<hr \/>\n<p>&nbsp;<\/p>\n<blockquote>\n<h3>DODICI PUNTI DA DISCUTERE NEL CONSIGLIO COMUNALE DI ROCCA PIETORE<\/h3>\n<\/blockquote>\n<p><strong>ROCCA PIETORE<\/strong> Il Sindaco di Rocca Pietore Andrea De Bernardin ha convocato i consiglieri comunali per marted\u00ec alle 18 nella sala consigliare del municipio. Saranno 12 i punti all&#8217;ordine del giorno. Tra questi si discuter\u00e0 del piano delle alienazioni e valorizzazioni del patrimonio immobiliare, una nota di aggiornamento al dup e l&#8217;approvazione del bilancio di previsione 2023-2025. Sono 6 le interrogazioni della minoranza che chiede delucidazioni sulla sistemazione dei cimiteri, la situazione di avanzamento del nuovo impianto che collegher\u00e0 Malga Ciapela alla seggiovia Padon, Il progetto Marmolada Unesco, l&#8217;ammontare della spesa per lo sgombero della neve. Il consigliere Iraci Borgia Mandolini vorr\u00e0 chiarimenti su l&#8217;ospitalit\u00e0 diffusa, lo stato di avanzamento lavori ai Serrai di Sottoguda e l&#8217;offerta scolastica comunale.<\/p>\n<p><strong>di Gianni Santomaso<\/strong><\/p>\n<audio class=\"wp-audio-shortcode\" id=\"audio-327947-9\" preload=\"none\" style=\"width: 100%;\" controls=\"controls\"><source type=\"audio\/mpeg\" src=\"https:\/\/www.radiopiu.net\/wordpress\/wp-content\/uploads\/2023\/03\/GIANNI-CONSIGLIO-COMUNALE-ROCCA.mp3?_=9\" \/><a href=\"https:\/\/www.radiopiu.net\/wordpress\/wp-content\/uploads\/2023\/03\/GIANNI-CONSIGLIO-COMUNALE-ROCCA.mp3\">https:\/\/www.radiopiu.net\/wordpress\/wp-content\/uploads\/2023\/03\/GIANNI-CONSIGLIO-COMUNALE-ROCCA.mp3<\/a><\/audio>\n<p>&nbsp;<\/p>\n<hr \/>\n<p>&nbsp;<\/p>\n<blockquote>\n<h3>IL CONSIGLIO COMUNALE DI CANALE D&#8217;AGORDO<\/h3>\n<\/blockquote>\n<p><strong>CANALE D&#8217;AGORDO<\/strong> \u00c8 stato convocato per gioved\u00ec 30 marzo alle 20 il consiglio comunale di Canale D&#8217;Agordo. Il Sindaco Flavio Colcergnan ha chiamato a rapporto i consiglieri per trattare 9 punti all&#8217;ordine del giorno. Si parler\u00e0 dell&#8217;approvazione delle aliquote IMU, dell&#8217;addizionale comunale, l&#8217;approvazione del DUP e del bilancio di previsione 2023-2025. Inoltre si parler\u00e0 di un mutamento di destinazione di un terreno, del comitato unico di garanzia per le pari opportunit\u00e0 e della convenzione con il gruppo ANA Belluno per il servizio di Protezione Civile.<\/p>\n<p>&nbsp;<\/p>\n<p>&nbsp;<\/p>\n<hr \/>\n<p>&nbsp;<\/p>\n<blockquote>\n<h3>IL CAI DI AGORDO SI RIUNISCE IN ASSEMBLEA<\/h3>\n<\/blockquote>\n<p><strong><a class=\"dt-pswp-item\" href=\"https:\/\/www.radiopiu.net\/wordpress\/wp-content\/uploads\/2020\/04\/cai-agordo.jpg\" data-dt-img-description=\"\" data-large_image_width=\"297\" data-large_image_height=\"170\"><img loading=\"lazy\" decoding=\"async\" class=\" wp-image-127841 alignleft\" src=\"https:\/\/www.radiopiu.net\/wordpress\/wp-content\/uploads\/2020\/04\/cai-agordo.jpg\" alt=\"\" width=\"231\" height=\"132\" \/><\/a>AGORDO<\/strong><\/p>\n<p>di Gianni Santomaso<\/p>\n<audio class=\"wp-audio-shortcode\" id=\"audio-327947-10\" preload=\"none\" style=\"width: 100%;\" controls=\"controls\"><source type=\"audio\/mpeg\" src=\"https:\/\/www.radiopiu.net\/wordpress\/wp-content\/uploads\/2023\/03\/GIANNI-ASSEMBLEA-DEL-CAI.mp3?_=10\" \/><a href=\"https:\/\/www.radiopiu.net\/wordpress\/wp-content\/uploads\/2023\/03\/GIANNI-ASSEMBLEA-DEL-CAI.mp3\">https:\/\/www.radiopiu.net\/wordpress\/wp-content\/uploads\/2023\/03\/GIANNI-ASSEMBLEA-DEL-CAI.mp3<\/a><\/audio>\n<p>&nbsp;<\/p>\n<hr \/>\n<p>&nbsp;<\/p>\n<blockquote>\n<h3>DOMENICA A LENTIAI LA SECONDA PROVA DELLA COPPA ITALIA DI ORIENTEERING MOUNTAIN BIKE<\/h3>\n<\/blockquote>\n<p><strong><a class=\"dt-pswp-item\" href=\"https:\/\/www.radiopiu.net\/wordpress\/wp-content\/uploads\/2023\/03\/Mountain_bike_orienteer.jpg\" data-dt-img-description=\"\" data-large_image_width=\"2500\" data-large_image_height=\"1667\"><img loading=\"lazy\" decoding=\"async\" class=\" wp-image-328093 alignleft\" src=\"https:\/\/www.radiopiu.net\/wordpress\/wp-content\/uploads\/2023\/03\/Mountain_bike_orienteer-300x200.jpg\" alt=\"\" width=\"200\" height=\"133\" srcset=\"https:\/\/www.radiopiu.net\/wordpress\/wp-content\/uploads\/2023\/03\/Mountain_bike_orienteer-300x200.jpg 300w, https:\/\/www.radiopiu.net\/wordpress\/wp-content\/uploads\/2023\/03\/Mountain_bike_orienteer-1024x683.jpg 1024w, https:\/\/www.radiopiu.net\/wordpress\/wp-content\/uploads\/2023\/03\/Mountain_bike_orienteer-768x512.jpg 768w, https:\/\/www.radiopiu.net\/wordpress\/wp-content\/uploads\/2023\/03\/Mountain_bike_orienteer-1536x1024.jpg 1536w, https:\/\/www.radiopiu.net\/wordpress\/wp-content\/uploads\/2023\/03\/Mountain_bike_orienteer-2048x1366.jpg 2048w\" sizes=\"auto, (max-width: 200px) 100vw, 200px\" \/><\/a>BORGO VALBELLUNA<\/strong><\/p>\n<p>di Moreno Gioli<\/p>\n<p>(foto: Wikipedia)<\/p>\n<audio class=\"wp-audio-shortcode\" id=\"audio-327947-11\" preload=\"none\" style=\"width: 100%;\" controls=\"controls\"><source type=\"audio\/mpeg\" src=\"https:\/\/www.radiopiu.net\/wordpress\/wp-content\/uploads\/2023\/03\/mtb-orienteering.mp3?_=11\" \/><a href=\"https:\/\/www.radiopiu.net\/wordpress\/wp-content\/uploads\/2023\/03\/mtb-orienteering.mp3\">https:\/\/www.radiopiu.net\/wordpress\/wp-content\/uploads\/2023\/03\/mtb-orienteering.mp3<\/a><\/audio>\n<p>&nbsp;<\/p>\n<hr \/>\n<p>&nbsp;<\/p>\n<h2>SPECIALE SPI CGIL &#8211; 23 MARZO 2023<\/h2>\n<p>&nbsp;<\/p>\n<p><a href=\"https:\/\/www.radiopiu.net\/wordpress\/giornale-radiopiu-06-febbraio-2019-direttore-mirko-mezzacasa\/logo_spi-cgil-800x445\/\" rel=\"attachment wp-att-75538\"><img loading=\"lazy\" decoding=\"async\" class=\"size-medium wp-image-75538 alignleft\" src=\"https:\/\/www.radiopiu.net\/wordpress\/wp-content\/uploads\/2019\/02\/Logo_Spi-CGIL-800x445-300x167.jpg\" alt=\"\" width=\"300\" height=\"167\" srcset=\"https:\/\/www.radiopiu.net\/wordpress\/wp-content\/uploads\/2019\/02\/Logo_Spi-CGIL-800x445-300x167.jpg 300w, https:\/\/www.radiopiu.net\/wordpress\/wp-content\/uploads\/2019\/02\/Logo_Spi-CGIL-800x445-768x427.jpg 768w, https:\/\/www.radiopiu.net\/wordpress\/wp-content\/uploads\/2019\/02\/Logo_Spi-CGIL-800x445.jpg 800w\" sizes=\"auto, (max-width: 300px) 100vw, 300px\" \/><\/a><strong>di Mirko Mezzacasa<\/strong><\/p>\n<p>Intervista a Maria Rita Gentilin<\/p>\n<p>&nbsp;<\/p>\n<p>&nbsp;<\/p>\n<p>&nbsp;<\/p>\n<p>&nbsp;<\/p>\n<audio class=\"wp-audio-shortcode\" id=\"audio-327947-12\" preload=\"none\" style=\"width: 100%;\" controls=\"controls\"><source type=\"audio\/mpeg\" src=\"https:\/\/www.radiopiu.net\/wordpress\/wp-content\/uploads\/2023\/03\/SPI-IN-ONDA-IL-23-MARZO-MARIA-RITA-1.mp3?_=12\" \/><a href=\"https:\/\/www.radiopiu.net\/wordpress\/wp-content\/uploads\/2023\/03\/SPI-IN-ONDA-IL-23-MARZO-MARIA-RITA-1.mp3\">https:\/\/www.radiopiu.net\/wordpress\/wp-content\/uploads\/2023\/03\/SPI-IN-ONDA-IL-23-MARZO-MARIA-RITA-1.mp3<\/a><\/audio>\n<p>&nbsp;<\/p>\n<p>&nbsp;<\/p>\n<p>&nbsp;<\/p>\n<hr \/>\n<p>&nbsp;<\/p>\n<div class=\"page\" title=\"Page 1\">\n<div class=\"layoutArea\">\n<div class=\"column\">\n<blockquote>\n<h3>APPUNTAMENTO IN RADIO CON LA SETTIMANA DELLA MEMORIA E DELL\u2019IMPEGNO<\/h3>\n<\/blockquote>\n<blockquote>\n<p style=\"text-align: left;\">\n<\/blockquote>\n<p><strong>PAGINA IN AGGIORNAMENTO QUOTIDIANO DAL 20 AL 25 MARZO<\/strong><\/p>\n<blockquote>\n<p style=\"text-align: left;\">28esima\u00a0 giornata della memoria e dell\u2019impegno in ricordo di tutte le vittime innocenti di mafia TUTTI I GIORNI SULLE FREQUENZE DI RADIO PI\u00d9 alle 8.45 e in replica alle 18.30, SARANNO RICORDATE ALCUNE DELLE OLTRE 1000 VITTIME INNOCENTI DI MAFIA Settimana della memoria e dell\u2019impegno LIBERA CHIANA, L&#8217;AGORDINO RISPONDE, ALLA RADIO E SUL SITO <a href=\"http:\/\/WWW.RADIOPIU.NET\" target=\"_blank\" rel=\"noopener noreferrer\">WWW.RADIOPIU.NET<\/a><\/p>\n<\/blockquote>\n<p>&nbsp;<\/p>\n<div class=\"x11i5rnm xat24cr x1mh8g0r x1vvkbs xdj266r x126k92a\">\n<div dir=\"auto\"><\/div>\n<div dir=\"auto\"><strong>PUNTATA 04<\/strong><\/div>\n<div dir=\"auto\">\n\n\t\t\t<style type='text\/css'>\n\t\t\t\t#gallery-2 {\n\t\t\t\t\tmargin: auto;\n\t\t\t\t}\n\t\t\t\t#gallery-2 .gallery-item {\n\t\t\t\t\tfloat: left;\n\t\t\t\t\tmargin-top: 10px;\n\t\t\t\t\ttext-align: center;\n\t\t\t\t\twidth: 50%;\n\t\t\t\t}\n\t\t\t\t#gallery-2 img {\n\t\t\t\t\tborder: 2px solid #cfcfcf;\n\t\t\t\t}\n\t\t\t\t#gallery-2 .gallery-caption {\n\t\t\t\t\tmargin-left: 0;\n\t\t\t\t}\n\t\t\t\t\/* see gallery_shortcode() in wp-includes\/media.php *\/\n\t\t\t<\/style>\n\t\t<div id='gallery-2' class='dt-gallery-container gallery galleryid-327947 gallery-columns-2 gallery-size-thumbnail'><dl class='gallery-item'>\n\t\t\t\t<dt class='gallery-icon landscape'>\n\t\t\t\t\t<a class=\"rollover rollover-zoom dt-pswp-item\" title=\"336881122_727957468910250_313417545918965556_n\" data-dt-img-description=\"\" data-large_image_width=\"600\" data-large_image_height=\"600\"href='https:\/\/www.radiopiu.net\/wordpress\/wp-content\/uploads\/2023\/03\/336881122_727957468910250_313417545918965556_n.jpg'><img loading=\"lazy\" decoding=\"async\" width=\"150\" height=\"150\" src=\"https:\/\/www.radiopiu.net\/wordpress\/wp-content\/uploads\/2023\/03\/336881122_727957468910250_313417545918965556_n-150x150.jpg\" class=\"attachment-thumbnail size-thumbnail\" alt=\"\" srcset=\"https:\/\/www.radiopiu.net\/wordpress\/wp-content\/uploads\/2023\/03\/336881122_727957468910250_313417545918965556_n-150x150.jpg 150w, https:\/\/www.radiopiu.net\/wordpress\/wp-content\/uploads\/2023\/03\/336881122_727957468910250_313417545918965556_n-300x300.jpg 300w, https:\/\/www.radiopiu.net\/wordpress\/wp-content\/uploads\/2023\/03\/336881122_727957468910250_313417545918965556_n.jpg 600w\" sizes=\"auto, (max-width: 150px) 100vw, 150px\" \/><\/a>\n\t\t\t\t<\/dt><\/dl><dl class='gallery-item'>\n\t\t\t\t<dt class='gallery-icon landscape'>\n\t\t\t\t\t<a class=\"rollover rollover-zoom dt-pswp-item\" title=\"337545346_219704174048448_4455766569048576276_n\" data-dt-img-description=\"\" data-large_image_width=\"600\" data-large_image_height=\"600\"href='https:\/\/www.radiopiu.net\/wordpress\/wp-content\/uploads\/2023\/03\/337545346_219704174048448_4455766569048576276_n.jpg'><img loading=\"lazy\" decoding=\"async\" width=\"150\" height=\"150\" src=\"https:\/\/www.radiopiu.net\/wordpress\/wp-content\/uploads\/2023\/03\/337545346_219704174048448_4455766569048576276_n-150x150.jpg\" class=\"attachment-thumbnail size-thumbnail\" alt=\"\" srcset=\"https:\/\/www.radiopiu.net\/wordpress\/wp-content\/uploads\/2023\/03\/337545346_219704174048448_4455766569048576276_n-150x150.jpg 150w, https:\/\/www.radiopiu.net\/wordpress\/wp-content\/uploads\/2023\/03\/337545346_219704174048448_4455766569048576276_n-300x300.jpg 300w, https:\/\/www.radiopiu.net\/wordpress\/wp-content\/uploads\/2023\/03\/337545346_219704174048448_4455766569048576276_n.jpg 600w\" sizes=\"auto, (max-width: 150px) 100vw, 150px\" \/><\/a>\n\t\t\t\t<\/dt><\/dl><br style=\"clear: both\" \/>\n\t\t\t<\/div>\n\n<\/div>\n<div dir=\"auto\"><\/div>\n<div dir=\"auto\">\u00c8 possibile coltivare ideali di onest\u00e0, rispetto, cura.<\/div>\n<div dir=\"auto\"><strong>Nadia Nencioni<\/strong> (1984 -1993) Di fronte a questi fatti, noi ci chiediamo: \u201cQueste persone possono essere definite umani? Pu\u00f2 la mafia uccidere bambini innocenti e distruggere intere famiglie?\u201d <strong>Alberto Varone<\/strong> (1942 &#8211; 1991) La storia di Alberto ci ha colpiti perch\u00e9 era una persona che lavorava duramente per mantenere la sua famiglia e continu\u00f2 a farlo fino alla morte anche se minacciato dai mafiosi.<\/div>\n<\/div>\n<div class=\"x11i5rnm xat24cr x1mh8g0r x1vvkbs xtlvy1s x126k92a\">\n<div dir=\"auto\"><strong>Peppino Basile<\/strong> (1947-2008) Egli amava farsi chiamare \u201cIl figlio del Popolo\u201d e con l&#8217;arma dell&#8217;ironia aveva condotto piccole e grandi battaglie volte a migliorare la situazione del suo paese.<\/div>\n<\/div>\n<div dir=\"auto\"><\/div>\n<div dir=\"auto\">\n<p><strong>AUDIO<\/strong><\/p>\n<audio class=\"wp-audio-shortcode\" id=\"audio-327947-13\" preload=\"none\" style=\"width: 100%;\" controls=\"controls\"><source type=\"audio\/mpeg\" src=\"https:\/\/www.radiopiu.net\/wordpress\/wp-content\/uploads\/2023\/03\/GIOVEDI-23-BARONE_BASILE_NENCIONI-1.mp3?_=13\" \/><a href=\"https:\/\/www.radiopiu.net\/wordpress\/wp-content\/uploads\/2023\/03\/GIOVEDI-23-BARONE_BASILE_NENCIONI-1.mp3\">https:\/\/www.radiopiu.net\/wordpress\/wp-content\/uploads\/2023\/03\/GIOVEDI-23-BARONE_BASILE_NENCIONI-1.mp3<\/a><\/audio>\n<p>&nbsp;<\/p>\n<p><strong>LA RACCOLTA COMPLETA<\/strong><\/p>\n<blockquote class=\"wp-embedded-content\" data-secret=\"NAG8TCCeSp\"><p><a href=\"https:\/\/www.radiopiu.net\/wordpress\/puntata4libera\/\">APPUNTAMENTO IN RADIO CON LA SETTIMANA DELLA MEMORIA E DELL\u2019IMPEGNO<\/a><\/p><\/blockquote>\n<p><iframe loading=\"lazy\" class=\"wp-embedded-content\" sandbox=\"allow-scripts\" security=\"restricted\" style=\"position: absolute; clip: rect(1px, 1px, 1px, 1px);\" title=\"&#8220;APPUNTAMENTO IN RADIO CON LA SETTIMANA DELLA MEMORIA E DELL\u2019IMPEGNO&#8221; &#8212; Radio Pi\u00f9\" src=\"https:\/\/www.radiopiu.net\/wordpress\/puntata4libera\/embed\/#?secret=TBYmxgjauV#?secret=NAG8TCCeSp\" data-secret=\"NAG8TCCeSp\" width=\"600\" height=\"338\" frameborder=\"0\" marginwidth=\"0\" marginheight=\"0\" scrolling=\"no\"><\/iframe><\/p>\n<\/div>\n<p>&nbsp;<\/p>\n<p>&nbsp;<\/p>\n<hr \/>\n<p>&nbsp;<\/p>\n<h2><span style=\"color: #ff6600;\">DEDICHE E RICHIESTE<\/span><\/h2>\n<blockquote>\n<h3>LA PRESENTAZIONE UFFICIALE DELL&#8217;EVENTO &#8220;SAVE THE DATE&#8221; AL RIFUGIO LARESEI<\/h3>\n<\/blockquote>\n<p><strong><a class=\"dt-pswp-item\" href=\"https:\/\/www.radiopiu.net\/wordpress\/wp-content\/uploads\/2023\/03\/PREZIOSO.png\" data-dt-img-description=\"\" data-large_image_width=\"450\" data-large_image_height=\"317\"><img loading=\"lazy\" decoding=\"async\" class=\" wp-image-328053 alignleft\" src=\"https:\/\/www.radiopiu.net\/wordpress\/wp-content\/uploads\/2023\/03\/PREZIOSO-300x211.png\" alt=\"\" width=\"156\" height=\"110\" srcset=\"https:\/\/www.radiopiu.net\/wordpress\/wp-content\/uploads\/2023\/03\/PREZIOSO-300x211.png 300w, https:\/\/www.radiopiu.net\/wordpress\/wp-content\/uploads\/2023\/03\/PREZIOSO.png 450w\" sizes=\"auto, (max-width: 156px) 100vw, 156px\" \/><\/a>REDAZIONE<\/strong> E&#8217; avvenuta mercoled\u00ec sera all&#8217;interno di Dediche e Richieste la presentazione ufficiale dell&#8217;evento in programma domenica 2 aprile al Rifugio Laresei dove arriver\u00e0 Giorgio Prezioso. Negli studi di Radio Pi\u00f9 sono arrivati Massimo Manfroi, gestore del Rifugio Laresei, e Morgan Gnech, il DJ. Una giornata da non perdere quella del 2 aprile. Tutte le informazioni nello stralcio del programma che vi proponiamo.<\/p>\n<p><strong>LA PRESENTAZIONE DI &#8220;SAVE THE DATE&#8221;<\/strong><\/p>\n<audio class=\"wp-audio-shortcode\" id=\"audio-327947-14\" preload=\"none\" style=\"width: 100%;\" controls=\"controls\"><source type=\"audio\/mpeg\" src=\"https:\/\/www.radiopiu.net\/wordpress\/wp-content\/uploads\/2023\/03\/MAX-E-MORGAN-PREZIOSO.mp3?_=14\" \/><a href=\"https:\/\/www.radiopiu.net\/wordpress\/wp-content\/uploads\/2023\/03\/MAX-E-MORGAN-PREZIOSO.mp3\">https:\/\/www.radiopiu.net\/wordpress\/wp-content\/uploads\/2023\/03\/MAX-E-MORGAN-PREZIOSO.mp3<\/a><\/audio>\n<p>&nbsp;<\/p>\n<blockquote>\n<h3>L&#8217;AGORDINO INCAZZATO<\/h3>\n<\/blockquote>\n<p><strong><a class=\"dt-pswp-item\" href=\"https:\/\/www.radiopiu.net\/wordpress\/wp-content\/uploads\/2023\/03\/PUGNO-ARRABBIATO.png\" data-dt-img-description=\"\" data-large_image_width=\"761\" data-large_image_height=\"564\"><img loading=\"lazy\" decoding=\"async\" class=\" wp-image-328050 alignleft\" src=\"https:\/\/www.radiopiu.net\/wordpress\/wp-content\/uploads\/2023\/03\/PUGNO-ARRABBIATO-300x222.png\" alt=\"\" width=\"172\" height=\"127\" srcset=\"https:\/\/www.radiopiu.net\/wordpress\/wp-content\/uploads\/2023\/03\/PUGNO-ARRABBIATO-300x222.png 300w, https:\/\/www.radiopiu.net\/wordpress\/wp-content\/uploads\/2023\/03\/PUGNO-ARRABBIATO.png 761w\" sizes=\"auto, (max-width: 172px) 100vw, 172px\" \/><\/a>REDAZIONE<\/strong> Come ogni mercoled\u00ec sera su Radio Pi\u00f9 va in onda il programma di Dediche e Richieste. Oltre ad ascoltare le vostre canzoni, all&#8217;interno del programma a partire da questa settimana \u00e8 comparsa una nuova rubrica dal titolo &#8220;L&#8217;Agordino Incazzato&#8221;. Due le lamentele arrivate in redazione: una riguardante la 203 Agordina sul tratto interessato dai lavori che da Avoscan di San Tomaso porta a Cencenighe, l&#8217;altra invece riguarda la domanda che bisogna fare in comune per il taglio delle piante.<\/p>\n<p><strong>L&#8217;AUDIO DAL PROGRAMMA DEDICHE E RICHIESTE<\/strong><\/p>\n<audio class=\"wp-audio-shortcode\" id=\"audio-327947-15\" preload=\"none\" style=\"width: 100%;\" controls=\"controls\"><source type=\"audio\/mpeg\" src=\"https:\/\/www.radiopiu.net\/wordpress\/wp-content\/uploads\/2023\/03\/LAGORDINO-INCAZZATO.mp3?_=15\" \/><a href=\"https:\/\/www.radiopiu.net\/wordpress\/wp-content\/uploads\/2023\/03\/LAGORDINO-INCAZZATO.mp3\">https:\/\/www.radiopiu.net\/wordpress\/wp-content\/uploads\/2023\/03\/LAGORDINO-INCAZZATO.mp3<\/a><\/audio>\n<p>&nbsp;<\/p>\n<hr \/>\n<p>&nbsp;<\/p>\n<\/div>\n<\/div>\n<\/div>\n<blockquote>\n<h3>L&#8217;ASSEMBLEA DEL GAV<\/h3>\n<\/blockquote>\n<p><strong>AGORDO<\/strong> I soci del GAV, Gruppo Assistenza Volontaria, hanno indetto l&#8217;assemblea ordinaria 2023 per domenica 26 marzo alle 11 nella sala del Centro Parrocchiale Monsignor Vincenzo Savio. In programma l&#8217;elezione del consiglio direttivo, l&#8217;approvazione del bilancio 2022 e la presentazione di bilancio e attivit\u00e0 2023.<\/p>\n<p><strong>di Gianni Santomaso<\/strong><\/p>\n<audio class=\"wp-audio-shortcode\" id=\"audio-327947-16\" preload=\"none\" style=\"width: 100%;\" controls=\"controls\"><source type=\"audio\/mpeg\" src=\"https:\/\/www.radiopiu.net\/wordpress\/wp-content\/uploads\/2023\/03\/GIANNI-ASSEMBLEA-GAV.mp3?_=16\" \/><a href=\"https:\/\/www.radiopiu.net\/wordpress\/wp-content\/uploads\/2023\/03\/GIANNI-ASSEMBLEA-GAV.mp3\">https:\/\/www.radiopiu.net\/wordpress\/wp-content\/uploads\/2023\/03\/GIANNI-ASSEMBLEA-GAV.mp3<\/a><\/audio>\n<p>&nbsp;<\/p>\n<hr \/>\n<p>&nbsp;<\/p>\n<p>&nbsp;<\/p>\n<blockquote>\n<h3>\u00a0LA GIORNATA ECOLOGICA DI CENCENIGHE<\/h3>\n<\/blockquote>\n<p><strong><a class=\"dt-pswp-item\" href=\"https:\/\/www.radiopiu.net\/wordpress\/wp-content\/uploads\/2023\/03\/Senza-nome-67.jpg\" data-dt-img-description=\"\" data-large_image_width=\"196\" data-large_image_height=\"136\"><img loading=\"lazy\" decoding=\"async\" class=\" wp-image-327468 alignleft\" src=\"https:\/\/www.radiopiu.net\/wordpress\/wp-content\/uploads\/2023\/03\/Senza-nome-67.jpg\" alt=\"\" width=\"187\" height=\"130\" \/><\/a><\/strong><\/p>\n<p><strong>CENCENIGHE<\/strong> Domenica 2 aprile giornata ecologica organizzata da Comune e Proloco. Saranno raccolti i rifiuti abbandonati sul territorio (adulti, ragazzi, bambini). Alle 8 ritrovo adulti e assegnazioni di aree di pulizia, 845 ritrovo ragazzi e bambini. 12.30 pranzo per tutti i partecipanti al Nof Filo&#8217;\u00a0 L\u2019attrezzatura necessaria (sacchi, guanti) verr\u00e0 fornita da Valpe Ambiente. Le immondizie saranno poi conferite all\u2019ecocentro dove sar\u00e0 allestito un punto di raccolta apposito. In caso di maltempo la giornata sar\u00e0 posticipata a Domenica 16 Aprile. Informazioni, Ervin Lazzarini 347 8802294<\/p>\n<p>&nbsp;<\/p>\n<p>&nbsp;<\/p>\n<hr \/>\n<p>&nbsp;<\/p>\n\n\t\t\t<style type='text\/css'>\n\t\t\t\t#gallery-3 {\n\t\t\t\t\tmargin: auto;\n\t\t\t\t}\n\t\t\t\t#gallery-3 .gallery-item {\n\t\t\t\t\tfloat: left;\n\t\t\t\t\tmargin-top: 10px;\n\t\t\t\t\ttext-align: center;\n\t\t\t\t\twidth: 100%;\n\t\t\t\t}\n\t\t\t\t#gallery-3 img {\n\t\t\t\t\tborder: 2px solid #cfcfcf;\n\t\t\t\t}\n\t\t\t\t#gallery-3 .gallery-caption {\n\t\t\t\t\tmargin-left: 0;\n\t\t\t\t}\n\t\t\t\t\/* see gallery_shortcode() in wp-includes\/media.php *\/\n\t\t\t<\/style>\n\t\t<div id='gallery-3' class='dt-gallery-container gallery galleryid-327947 gallery-columns-1 gallery-size-medium'><dl class='gallery-item'>\n\t\t\t\t<dt class='gallery-icon portrait'>\n\t\t\t\t\t<a class=\"rollover rollover-zoom dt-pswp-item\" title=\"9765b0b8-95fd-472a-8793-7650d1941ee0\" data-dt-img-description=\"\" data-large_image_width=\"1106\" data-large_image_height=\"2048\"href='https:\/\/www.radiopiu.net\/wordpress\/wp-content\/uploads\/2023\/03\/9765b0b8-95fd-472a-8793-7650d1941ee0.jpg'><img loading=\"lazy\" decoding=\"async\" width=\"162\" height=\"300\" src=\"https:\/\/www.radiopiu.net\/wordpress\/wp-content\/uploads\/2023\/03\/9765b0b8-95fd-472a-8793-7650d1941ee0-162x300.jpg\" class=\"attachment-medium size-medium\" alt=\"\" srcset=\"https:\/\/www.radiopiu.net\/wordpress\/wp-content\/uploads\/2023\/03\/9765b0b8-95fd-472a-8793-7650d1941ee0-162x300.jpg 162w, https:\/\/www.radiopiu.net\/wordpress\/wp-content\/uploads\/2023\/03\/9765b0b8-95fd-472a-8793-7650d1941ee0-553x1024.jpg 553w, https:\/\/www.radiopiu.net\/wordpress\/wp-content\/uploads\/2023\/03\/9765b0b8-95fd-472a-8793-7650d1941ee0-768x1422.jpg 768w, https:\/\/www.radiopiu.net\/wordpress\/wp-content\/uploads\/2023\/03\/9765b0b8-95fd-472a-8793-7650d1941ee0-830x1536.jpg 830w, https:\/\/www.radiopiu.net\/wordpress\/wp-content\/uploads\/2023\/03\/9765b0b8-95fd-472a-8793-7650d1941ee0.jpg 1106w\" sizes=\"auto, (max-width: 162px) 100vw, 162px\" \/><\/a>\n\t\t\t\t<\/dt><\/dl><br style=\"clear: both\" \/>\n\t\t\t<\/div>\n\n<p>&nbsp;<\/p>\n<hr \/>\n<p>&nbsp;<\/p>\n<h2 style=\"text-align: left;\"><span style=\"color: #000000;\"><em>L&#8217;EVENTO&#8230; 2 APRILE A FALCADE. &#8220;SAVE THE DATE PARTY&#8221;&#8230;OSPITE D&#8217;ECCEZIONE GIORGIO PREZIOSO<\/em><\/span><\/h2>\n<h2 style=\"text-align: left;\"><span style=\"color: #ff0000;\"><a class=\"dt-pswp-item\" href=\"https:\/\/www.radiopiu.net\/wordpress\/wp-content\/uploads\/2023\/03\/713cbcb3-9a98-4c27-90d9-75b73fd49180.jpg\" data-dt-img-description=\"\" data-large_image_width=\"722\" data-large_image_height=\"1024\"><img loading=\"lazy\" decoding=\"async\" class=\"size-medium wp-image-327365 aligncenter\" src=\"https:\/\/www.radiopiu.net\/wordpress\/wp-content\/uploads\/2023\/03\/713cbcb3-9a98-4c27-90d9-75b73fd49180-212x300.jpg\" alt=\"\" width=\"212\" height=\"300\" srcset=\"https:\/\/www.radiopiu.net\/wordpress\/wp-content\/uploads\/2023\/03\/713cbcb3-9a98-4c27-90d9-75b73fd49180-212x300.jpg 212w, https:\/\/www.radiopiu.net\/wordpress\/wp-content\/uploads\/2023\/03\/713cbcb3-9a98-4c27-90d9-75b73fd49180.jpg 722w\" sizes=\"auto, (max-width: 212px) 100vw, 212px\" \/><\/a><\/span><\/h2>\n<p><strong>LO SPOT ALLA RADIO<\/strong><\/p>\n<audio class=\"wp-audio-shortcode\" id=\"audio-327947-17\" preload=\"none\" style=\"width: 100%;\" controls=\"controls\"><source type=\"audio\/mpeg\" src=\"https:\/\/www.radiopiu.net\/wordpress\/wp-content\/uploads\/2023\/03\/rifugio-laresei-save-the-date-c_2.mp3?_=17\" \/><a href=\"https:\/\/www.radiopiu.net\/wordpress\/wp-content\/uploads\/2023\/03\/rifugio-laresei-save-the-date-c_2.mp3\">https:\/\/www.radiopiu.net\/wordpress\/wp-content\/uploads\/2023\/03\/rifugio-laresei-save-the-date-c_2.mp3<\/a><\/audio>\n<p>&nbsp;<\/p>\n<hr \/>\n<p>&nbsp;<\/p>\n<p>&nbsp;<\/p>\n<blockquote>\n<h3>CONCERTO DEI FISCIOT<\/h3>\n<p><strong><span style=\"color: #ff0000;\">DOMENICA 26 Marzo 2023 alle \u00a010.45 in Piazza Duomo<\/span><\/strong><\/p>\n<p><strong>BELLUNO <\/strong>Come ogni anno, le note della Filarmonica risuoneranno in Piazza Duomo a Belluno per allietare l&#8217;antica festa della Madonna Addolorata, conosciuta anche come Sagra dei Fisci\u00f2t, in onore dei fischietti fatti a mano dagli artigiani locali che venivano venduti gi\u00e0 dal 1716 in questa occasione.\u00a0 Tutti i bellunesi sanno che sono i suoni di questa festa a segnalare definitivamente l\u2019arrivo della primavera. Proprio in questa data, infatti, la Filarmonica di Belluno 1867, apre la sua stagione concertistica regalando al pubblico le note del repertorio \u201cfresco di prova\u201d preparato per l\u2019occasione. Sotto la direzione del maestro Sandro De Marchi, i 50 musicisti della compagine bellunese proporranno al pubblico assaggi musicali che spaziano dalle tradizionali marce, alla musica popolare (elegantemente arrangiata per banda), alla musica originale per orchestra di fiati.<\/p><\/blockquote>\n<p>&nbsp;<\/p>\n<p>&nbsp;<\/p>\n<p>&nbsp;<\/p>\n<hr \/>\n<p>&nbsp;<\/p>\n<blockquote>\n<h3>L&#8217;AGORDINO NEI LIBRI DI CORRADO DA ROIT<\/h3>\n<\/blockquote>\n<p><strong>AGORDO<\/strong> Oggi alle 17 in sala Don Tamis ad Agordo appuntamento con &#8220;L&#8217;Agordino riscoperto nei libri di Corrado Da Roit&#8221;. Interverranno Don Cesare Larese, Loris Santomaso e Dino Bridda. Un invito della Biblioteca Civica con le parrocchie di Agordo, Taibon e La Valle.<\/p>\n<p>&nbsp;<\/p>\n<blockquote class=\"wp-embedded-content\" data-secret=\"IOIA1N4LOZ\"><p><a href=\"https:\/\/www.radiopiu.net\/wordpress\/lagordino-riscoperto-nei-libri-di-corrado-da-roit-venerdi-in-sala-don-tamis-ad-agordo\/\">L&#8217;AGORDINO RISCOPERTO NEI LIBRI DI CORRADO DA ROIT. VENERDI&#8217; IN SALA DON TAMIS AD AGORDO<\/a><\/p><\/blockquote>\n<p><iframe loading=\"lazy\" class=\"wp-embedded-content\" sandbox=\"allow-scripts\" security=\"restricted\" style=\"position: absolute; clip: rect(1px, 1px, 1px, 1px);\" title=\"&#8220;L&#8217;AGORDINO RISCOPERTO NEI LIBRI DI CORRADO DA ROIT. VENERDI&#8217; IN SALA DON TAMIS AD AGORDO&#8221; &#8212; Radio Pi\u00f9\" src=\"https:\/\/www.radiopiu.net\/wordpress\/lagordino-riscoperto-nei-libri-di-corrado-da-roit-venerdi-in-sala-don-tamis-ad-agordo\/embed\/#?secret=PD5pS0ytlI#?secret=IOIA1N4LOZ\" data-secret=\"IOIA1N4LOZ\" width=\"600\" height=\"338\" frameborder=\"0\" marginwidth=\"0\" marginheight=\"0\" scrolling=\"no\"><\/iframe><\/p>\n<p>&nbsp;<\/p>\n<p>&nbsp;<\/p>\n<p>&nbsp;<\/p>\n<hr \/>\n<p>&nbsp;<\/p>\n<blockquote>\n<h3>L&#8217;ASSEMBLEA DELLA CROCE BIANCA DI LIVINALLONGO<\/h3>\n<\/blockquote>\n<p><strong>LIVINALLONGO<\/strong> E&#8217; in programma il 14 aprile alle 19:30\u00a0 l&#8217;assemblea generale della Croce Bianca Livinallongo. I soci si ritroveranno alla sala Bo\u00e8 di Arabba per parlare del resoconto delle attivit\u00e0 dello scorso anno, l&#8217;elezione dei delegati e l&#8217;intervento del responsabile gruppo giovani. L&#8217;occasione anche per consegnare le onorificenze e per un momento conviviale.<\/p>\n<p>&nbsp;<\/p>\n<p>&nbsp;<\/p>\n<hr \/>\n<p>&nbsp;<\/p>\n<blockquote>\n<h3>A PASQUA IL MERCATINO DI ARTE E SAPORI AD ALLEGHE<\/h3>\n<\/blockquote>\n<p><strong>ALLEGHE<\/strong> Trascorrete la Pasqua sul lungolago di Alleghe. Dal 7 aprile a Pasquetta il mercatino di Arte e sapori vi aspetta. Colori profumi artigianato, curiosit\u00e0, e tipicit\u00e0 regionali . Troverete fritture di pesce, panini con porchetta, salumi, formaggi, olive, taralli, gastronomia siciliana e anche frittelle e caramelle, ammirando curiosit\u00e0 artigianali. Dal 7 aprile a Pasquetta il mercatino di arti e sapori vi aspetta<\/p>\n<p>&nbsp;<\/p>\n<p>&nbsp;<\/p>\n<hr \/>\n<p>&nbsp;<\/p>\n<blockquote>\n<h3>LA PASSIONE DELLA CROCE NELLA CATTEDRALE DI FELTRE<\/h3>\n<\/blockquote>\n<p><strong>FELTRE <\/strong>Domani\u00a0alle 19 all\u2019Oratorio dell\u2019Annunziata adiacente la Concattedrale di Feltre, ci sar\u00e0 la presentazione del secondo corpo di pannelli raffiguranti le scene della Passione della Croce nel contesto del percorso artistico <em>\u00abIn hoc signo\u00bb <\/em>dedicata alla Croce post-bizantina della Concattedrale di Feltre ora conservata ed esposta presso il Museo diocesano di Arte Sacra. La mostra sar\u00e0 visitabile fino al 25 aprile 2023 ogni venerd\u00ec dalle 16,00 alle 18,30 grazie alla collaborazione con Il Fondaco per Feltre; il sabato, la domenica e nei giorni festivi dalle 10,30 alle 12,30 e dalle 15,00 alle 19,00 con ingresso libero.<\/p>\n<p>&nbsp;<\/p>\n<p>&nbsp;<\/p>\n<hr \/>\n<p>&nbsp;<\/p>\n<blockquote>\n<h3>L&#8217;ASSEMBLEA DEL COMITATO DI GEMELLAGGIO DI AGORDO<\/h3>\n<\/blockquote>\n<p><strong>AGORDO<\/strong> \u00c8 in programma per mercoled\u00ec 29 marzo alle 20:30 nella saletta del Bar Schenot l&#8217;assemblea annuale del Comitato di Gemellaggio di Agordo. Tra i punti da discutere la rendicontazione del 2022 e l&#8217;approvazione del bilancio, il rinnovo del tesseramento e il viaggio a Dolomieu dal 28 aprile al 1 maggio.<\/p>\n<p>&nbsp;<\/p>\n<p>&nbsp;<\/p>\n<hr \/>\n<p>&nbsp;<\/p>\n<div>\n<div class=\"b654a4as d2edcug0\">\n<div class=\"rq0escxv hkbzh7o3 jwdofwj8 n8tt0mok r8blr3vg hyh9befq\">\n<p><a class=\"dt-pswp-item\" href=\"https:\/\/www.radiopiu.net\/wordpress\/wp-content\/uploads\/2020\/10\/pp.jpg\" data-dt-img-description=\"\" data-large_image_width=\"640\" data-large_image_height=\"640\"><img loading=\"lazy\" decoding=\"async\" class=\"wp-image-163678 alignleft\" src=\"https:\/\/www.radiopiu.net\/wordpress\/wp-content\/uploads\/2020\/10\/pp-300x300.jpg\" alt=\"\" width=\"106\" height=\"106\" srcset=\"https:\/\/www.radiopiu.net\/wordpress\/wp-content\/uploads\/2020\/10\/pp-300x300.jpg 300w, https:\/\/www.radiopiu.net\/wordpress\/wp-content\/uploads\/2020\/10\/pp-150x150.jpg 150w, https:\/\/www.radiopiu.net\/wordpress\/wp-content\/uploads\/2020\/10\/pp-125x125.jpg 125w, https:\/\/www.radiopiu.net\/wordpress\/wp-content\/uploads\/2020\/10\/pp-200x200.jpg 200w, https:\/\/www.radiopiu.net\/wordpress\/wp-content\/uploads\/2020\/10\/pp-80x80.jpg 80w, https:\/\/www.radiopiu.net\/wordpress\/wp-content\/uploads\/2020\/10\/pp-480x480.jpg 480w, https:\/\/www.radiopiu.net\/wordpress\/wp-content\/uploads\/2020\/10\/pp.jpg 640w\" sizes=\"auto, (max-width: 106px) 100vw, 106px\" \/><\/a><\/p>\n<\/div>\n<\/div>\n<\/div>\n<div>\n<div class=\"page-title-head hgroup\">\n<div class=\"page-title-head hgroup\">\n<div class=\"b654a4as d2edcug0\">\n<div class=\"j83agx80 btwxx1t3 lhclo0ds hop8lmos nkwizq5d scwd0bx6 roh60bw9\">\n<div class=\"rq0escxv hkbzh7o3 jwdofwj8 n8tt0mok r8blr3vg hyh9befq\">\n<div class=\"do00u71z l9j0dhe7 k4urcfbm\" style=\"text-align: left;\">\n<h2><span style=\"color: #000080;\">DON CESARE, IL PENSIERO DEL GIORNO. ALLA RADIO ALLE 7 DEL MATTINO E ALLE 19.30 DELLA SERA\u00a0<\/span><\/h2>\n<audio class=\"wp-audio-shortcode\" id=\"audio-327947-18\" preload=\"none\" style=\"width: 100%;\" controls=\"controls\"><source type=\"audio\/mpeg\" src=\"https:\/\/www.radiopiu.net\/wordpress\/wp-content\/uploads\/2023\/03\/CESARE-19.mp3?_=18\" \/><a href=\"https:\/\/www.radiopiu.net\/wordpress\/wp-content\/uploads\/2023\/03\/CESARE-19.mp3\">https:\/\/www.radiopiu.net\/wordpress\/wp-content\/uploads\/2023\/03\/CESARE-19.mp3<\/a><\/audio>\n<\/div>\n<\/div>\n<\/div>\n<\/div>\n<\/div>\n<\/div>\n<\/div>\n<p>&nbsp;<\/p>\n<hr \/>\n<p>&nbsp;<\/p>\n<h2><span style=\"color: #ff00ff;\">IN VIVO VERSO\u00a0 \u00a0 \u00a0<\/span><\/h2>\n<blockquote>\n<h3>DANZE D&#8217;AMORE AL VENTO di DOMENICO CASSANO<\/h3>\n<\/blockquote>\n<p>AUDIO<\/p>\n<audio class=\"wp-audio-shortcode\" id=\"audio-327947-19\" preload=\"none\" style=\"width: 100%;\" controls=\"controls\"><source type=\"audio\/mpeg\" src=\"https:\/\/www.radiopiu.net\/wordpress\/wp-content\/uploads\/2021\/12\/01-DOMENICO-CASSANO-DANZE-DAMORE-A-VENTO.mp3?_=19\" \/><a href=\"https:\/\/www.radiopiu.net\/wordpress\/wp-content\/uploads\/2021\/12\/01-DOMENICO-CASSANO-DANZE-DAMORE-A-VENTO.mp3\">https:\/\/www.radiopiu.net\/wordpress\/wp-content\/uploads\/2021\/12\/01-DOMENICO-CASSANO-DANZE-DAMORE-A-VENTO.mp3<\/a><\/audio>\n<p>&nbsp;<\/p>\n<p><a class=\"dt-pswp-item\" href=\"https:\/\/www.radiopiu.net\/wordpress\/wp-content\/uploads\/2023\/03\/4-DOMENICO-CASSANO.jpg\" data-dt-img-description=\"\" data-large_image_width=\"287\" data-large_image_height=\"400\"><img loading=\"lazy\" decoding=\"async\" class=\" wp-image-328012 alignleft\" src=\"https:\/\/www.radiopiu.net\/wordpress\/wp-content\/uploads\/2023\/03\/4-DOMENICO-CASSANO-215x300.jpg\" alt=\"\" width=\"149\" height=\"208\" srcset=\"https:\/\/www.radiopiu.net\/wordpress\/wp-content\/uploads\/2023\/03\/4-DOMENICO-CASSANO-215x300.jpg 215w, https:\/\/www.radiopiu.net\/wordpress\/wp-content\/uploads\/2023\/03\/4-DOMENICO-CASSANO.jpg 287w\" sizes=\"auto, (max-width: 149px) 100vw, 149px\" \/><\/a><strong>Domenico Cassano<\/strong><br \/>\n<strong>DANZE D&#8217;AMORE AL VENTO<\/strong><\/p>\n<p>A mento alto,<br \/>\nuna lenta taranta.<br \/>\nSudore, acre sulla pelle,<br \/>\nscende.<br \/>\nAl ritmo del favonio pi\u00f9 caldo.<br \/>\nCorpi, in movimento.<br \/>\nSotto cieli azzurri, fino a sera.<br \/>\nCantano, ballano, amano un amore stridente.<br \/>\nSfiniti, cadono in piega, su<br \/>\nse stessi, con capelli,<br \/>\nlunghissimi, a far da mantello.<br \/>\nAttimi di mondi, lontani.<br \/>\nE cos\u00ec vicini<\/p>\n<p>&nbsp;<\/p>\n<div dir=\"auto\">\n<div dir=\"auto\">\n<div dir=\"auto\">\n<div dir=\"auto\">\n<div dir=\"auto\">\n<div dir=\"auto\">\n<p><strong>LA RACCOLTA COMPLETA<\/strong><\/p>\n<blockquote class=\"wp-embedded-content\" data-secret=\"ebS3QexCWm\"><p><a href=\"https:\/\/www.radiopiu.net\/wordpress\/in-vivo-verso\/\">In Vivo Verso<\/a><\/p><\/blockquote>\n<p><iframe loading=\"lazy\" class=\"wp-embedded-content\" sandbox=\"allow-scripts\" security=\"restricted\" style=\"position: absolute; clip: rect(1px, 1px, 1px, 1px);\" title=\"&#8220;In Vivo Verso&#8221; &#8212; Radio Pi\u00f9\" src=\"https:\/\/www.radiopiu.net\/wordpress\/in-vivo-verso\/embed\/#?secret=nejmUqO0A2#?secret=ebS3QexCWm\" data-secret=\"ebS3QexCWm\" width=\"600\" height=\"338\" frameborder=\"0\" marginwidth=\"0\" marginheight=\"0\" scrolling=\"no\"><\/iframe><\/p>\n<\/div>\n<\/div>\n<\/div>\n<\/div>\n<\/div>\n<\/div>\n<hr \/>\n<p>&nbsp;<\/p>\n<h2><span style=\"color: #008080;\">GOCCE DI FILOSOFIA\u00a0<\/span><\/h2>\n<h3>GOCCE DI FILOSOFIA \u2013 PUNTATA 274 \u2013 LISA DE LUCA<\/h3>\n<audio class=\"wp-audio-shortcode\" id=\"audio-327947-20\" preload=\"none\" style=\"width: 100%;\" controls=\"controls\"><source type=\"audio\/mpeg\" src=\"https:\/\/www.radiopiu.net\/wordpress\/wp-content\/uploads\/2023\/03\/FI4-2.mp3?_=20\" \/><a href=\"https:\/\/www.radiopiu.net\/wordpress\/wp-content\/uploads\/2023\/03\/FI4-2.mp3\">https:\/\/www.radiopiu.net\/wordpress\/wp-content\/uploads\/2023\/03\/FI4-2.mp3<\/a><\/audio>\n<p>&nbsp;<\/p>\n<p>LA RACCOLTA COMPLETA<\/p>\n<blockquote class=\"wp-embedded-content\" data-secret=\"4mn0nwJjBa\"><p><a href=\"https:\/\/www.radiopiu.net\/wordpress\/gocce-filosofia\/\">Gocce di filosofia,  LA TERZA STAGIONE&#8230; 2023<\/a><\/p><\/blockquote>\n<p><iframe loading=\"lazy\" class=\"wp-embedded-content\" sandbox=\"allow-scripts\" security=\"restricted\" style=\"position: absolute; clip: rect(1px, 1px, 1px, 1px);\" title=\"&#8220;Gocce di filosofia,  LA TERZA STAGIONE&#8230; 2023&#8221; &#8212; Radio Pi\u00f9\" src=\"https:\/\/www.radiopiu.net\/wordpress\/gocce-filosofia\/embed\/#?secret=dP2852qBiV#?secret=4mn0nwJjBa\" data-secret=\"4mn0nwJjBa\" width=\"600\" height=\"338\" frameborder=\"0\" marginwidth=\"0\" marginheight=\"0\" scrolling=\"no\"><\/iframe><\/p>\n<p>&nbsp;<\/p>\n<p>&nbsp;<\/p>\n<hr \/>\n<p>&nbsp;<\/p>\n<div class=\"column\">\n<p><img loading=\"lazy\" decoding=\"async\" class=\"aligncenter wp-image-61954 size-full\" src=\"https:\/\/www.radiopiu.net\/wordpress\/wp-content\/uploads\/2018\/09\/viabilita.jpeg\" sizes=\"auto, (max-width: 800px) 100vw, 800px\" srcset=\"https:\/\/www.radiopiu.net\/wordpress\/wp-content\/uploads\/2018\/09\/viabilita.jpeg 800w, https:\/\/www.radiopiu.net\/wordpress\/wp-content\/uploads\/2018\/09\/viabilita-300x38.jpeg 300w, https:\/\/www.radiopiu.net\/wordpress\/wp-content\/uploads\/2018\/09\/viabilita-768x96.jpeg 768w\" alt=\"\" width=\"800\" height=\"100\" \/><\/p>\n<p>&nbsp;<\/p>\n<blockquote class=\"wp-embedded-content\" data-secret=\"sMEBuZLQs9\"><p><a href=\"https:\/\/www.radiopiu.net\/wordpress\/viabilita\/\">viabilita<\/a><\/p><\/blockquote>\n<p><iframe loading=\"lazy\" class=\"wp-embedded-content\" sandbox=\"allow-scripts\" security=\"restricted\" style=\"position: absolute; clip: rect(1px, 1px, 1px, 1px);\" title=\"&#8220;viabilita&#8221; &#8212; Radio Pi\u00f9\" src=\"https:\/\/www.radiopiu.net\/wordpress\/viabilita\/embed\/#?secret=XKUeYhCJl3#?secret=sMEBuZLQs9\" data-secret=\"sMEBuZLQs9\" width=\"600\" height=\"338\" frameborder=\"0\" marginwidth=\"0\" marginheight=\"0\" scrolling=\"no\"><\/iframe><\/p>\n<div>\n<div dir=\"ltr\">\n<div class=\"gmail_quote\">\n<div dir=\"ltr\">\n<div class=\"gmail_quote\"><\/div>\n<\/div>\n<\/div>\n<\/div>\n<\/div>\n<p>&nbsp;<\/p>\n<hr \/>\n<p>&nbsp;<\/p>\n<p><a class=\"dt-pswp-item\" href=\"https:\/\/www.radiopiu.net\/wordpress\/wp-content\/uploads\/2018\/09\/WhatsApp-Image-2018-09-20-at-16.04.06.jpeg\" data-dt-img-description=\"\" data-large_image_width=\"800\" data-large_image_height=\"100\"><img loading=\"lazy\" decoding=\"async\" class=\"wp-image-61378 size-full aligncenter\" src=\"https:\/\/www.radiopiu.net\/wordpress\/wp-content\/uploads\/2018\/09\/WhatsApp-Image-2018-09-20-at-16.04.06.jpeg\" alt=\"\" width=\"800\" height=\"100\" srcset=\"https:\/\/www.radiopiu.net\/wordpress\/wp-content\/uploads\/2018\/09\/WhatsApp-Image-2018-09-20-at-16.04.06.jpeg 800w, https:\/\/www.radiopiu.net\/wordpress\/wp-content\/uploads\/2018\/09\/WhatsApp-Image-2018-09-20-at-16.04.06-300x38.jpeg 300w, https:\/\/www.radiopiu.net\/wordpress\/wp-content\/uploads\/2018\/09\/WhatsApp-Image-2018-09-20-at-16.04.06-768x96.jpeg 768w\" sizes=\"auto, (max-width: 800px) 100vw, 800px\" \/><\/a><\/p>\n<p>&nbsp;<\/p>\n<\/div>\n<p><center><\/center><center><\/center><b>OGGI <\/b>Minori chance di schiarite e maggiore nuvolosit\u00e0 rispetto ai giorni precedenti, soprattutto nel tardo pomeriggio\/sera, quando ci sar\u00e0 un crescente rischio di precipitazioni. Grazie al continuo richiamo di aria subtropicale, la mitezza perdurer\u00e0, seppur in maniera meno marcata nelle valli per minore soleggiamento. <b>Precipitazioni <\/b>nel tardo pomeriggio e soprattutto in serata probabili deboli precipitazioni. Il limite neve sar\u00e0 tra i 1900 e 2200 m.<\/p>\n<hr \/>\n<p><center><\/center><b>DOMANI\u00a0 <\/b>Nottetempo cielo coperto e breve fase perturbata. Al mattino nuvolosit\u00e0 in diminuzione e parziale miglioramento del tempo. Al pomeriggio alternanza di rasserenamenti e di annuvolamenti irregolari. Nonostante il deficit di sole, il livello termico rimarr\u00e0 ancora leggermente sopra la media. <b>Precipitazioni: <\/b>Nottetempo probabilit\u00e0 medio-alta di deboli precipitazioni, localmente anche moderate. Il limite neve sar\u00e0 sui 1600-1800 m sulle Dolomiti, oltre i 1900 m sulle Prealpi.<\/p>\n<p>&nbsp;<\/p>\n<hr \/>\n<p><center><\/center><strong>DOMENICA<\/strong> Residui tratti soleggiati al primo mattino, poi rapido aumento della nuvolosit\u00e0 fino a cielo molto nuvoloso\/coperto entro met\u00e0 mattinata. Dalle ore centrali peggioramento del tempo con fase perturbata fino alla sera, associata a precipitazioni diffuse, anche di moderata intensit\u00e0, nevose fino sui 1100-1500 m, a quote pi\u00f9 basse a fine episodio sulle Dolomiti. Temperature in ulteriore calo.<\/p>\n<p>&nbsp;<\/p>\n<hr \/>\n<p><center><\/center><strong>LUNEDI<\/strong> Nuvolosit\u00e0 in diminuzione e rasserenamenti sempre pi\u00f9 ampi sulle Prealpi, mentre qualche annuvolamento irregolare resister\u00e0 sulle Dolomiti, dove un po&#8217; di neve burrascosa non sar\u00e0 da escludere. Temperature in ulteriore calo, specie dal pomeriggio quando ci sar\u00e0 una repentina diminuzione in quota: 8\/10\u00b0C in meno in poche ore. Venti nelle valli moderati con numerosi rinforzi per raffiche di Foehn; in quota gi\u00e0 tesi\/forti da nord al mattino, in ulteriore rinforzo al pomeriggio.<\/p>\n<p>&nbsp;<\/p>\n<hr \/>\n<p>&nbsp;<\/p>\n<p><a class=\"dt-pswp-item\" href=\"https:\/\/www.radiopiu.net\/wordpress\/wp-content\/uploads\/2018\/09\/sport.jpg\" data-dt-img-description=\"\" data-large_image_width=\"800\" data-large_image_height=\"100\"><img loading=\"lazy\" decoding=\"async\" class=\"aligncenter wp-image-60761 size-full\" src=\"https:\/\/www.radiopiu.net\/wordpress\/wp-content\/uploads\/2018\/09\/sport.jpg\" alt=\"\" width=\"800\" height=\"100\" srcset=\"https:\/\/www.radiopiu.net\/wordpress\/wp-content\/uploads\/2018\/09\/sport.jpg 800w, https:\/\/www.radiopiu.net\/wordpress\/wp-content\/uploads\/2018\/09\/sport-300x38.jpg 300w, https:\/\/www.radiopiu.net\/wordpress\/wp-content\/uploads\/2018\/09\/sport-768x96.jpg 768w\" sizes=\"auto, (max-width: 800px) 100vw, 800px\" \/><\/a><\/p>\n<p>&nbsp;<\/p>\n<p><span style=\"color: #0000ff;\"><strong>HOCKEY<\/strong><\/span><\/p>\n<blockquote>\n<h3>L&#8217;ALLEGHE CORTINA UNDER 15 STRAPPA IL PASS PER LE SEMIFINALI DEL CAMPIONATO<\/h3>\n<\/blockquote>\n<p><strong><a class=\"dt-pswp-item\" href=\"https:\/\/www.radiopiu.net\/wordpress\/wp-content\/uploads\/2022\/01\/HOCKEY-2022.jpg\" data-dt-img-description=\"\" data-large_image_width=\"1920\" data-large_image_height=\"1280\"><img loading=\"lazy\" decoding=\"async\" class=\" wp-image-255780 alignleft\" src=\"https:\/\/www.radiopiu.net\/wordpress\/wp-content\/uploads\/2022\/01\/HOCKEY-2022-300x200.jpg\" alt=\"\" width=\"161\" height=\"107\" srcset=\"https:\/\/www.radiopiu.net\/wordpress\/wp-content\/uploads\/2022\/01\/HOCKEY-2022-300x200.jpg 300w, https:\/\/www.radiopiu.net\/wordpress\/wp-content\/uploads\/2022\/01\/HOCKEY-2022-1024x683.jpg 1024w, https:\/\/www.radiopiu.net\/wordpress\/wp-content\/uploads\/2022\/01\/HOCKEY-2022-768x512.jpg 768w, https:\/\/www.radiopiu.net\/wordpress\/wp-content\/uploads\/2022\/01\/HOCKEY-2022-1536x1024.jpg 1536w, https:\/\/www.radiopiu.net\/wordpress\/wp-content\/uploads\/2022\/01\/HOCKEY-2022.jpg 1920w\" sizes=\"auto, (max-width: 161px) 100vw, 161px\" \/><\/a>di Marco Gaz<\/strong><\/p>\n<p><strong>REDAZIONE<\/strong> Che impresa per le giovani civette under 15. L&#8217;Alleghe\/Cortina strappa il pass per le semifinali del campionato dopo una doppia sfida al cardiopalma. Sabato scorso \u00e8 andata in scena la prima gara valida per i quarti di finale contro il JuniorTeam di Egna e all&#8217;Alvise De Toni le squadre hanno chiuso la sfida sul 3 a 3. Mercoled\u00ec sera la seconda gara, quella decisiva per il passaggio del turno. Una vera e propria battaglia tra le due compagini tanto che la sfida termina a reti inviolate. Si va all&#8217;overtime ma anche in questa occasione le due squadre non riescono a siglare la rete della vittoria. Decisiva la lotteria dei rigori con l&#8217;Alleghe\/Cortina che ha la meglio. Ora la squadra mista belluenese si giocher\u00e0 il tutto per tutto con le semifinali cojntro il Pinerolo. La prima partita al De Toni sabato alle 17:30.<\/p>\n<p>&nbsp;<\/p>\n<blockquote>\n<h3>NAZIONALE SENIOR, LA STRADA PER NOTTINGHAM PARTE DA CANAZEI<\/h3>\n<\/blockquote>\n<p><a class=\"dt-pswp-item\" href=\"https:\/\/www.radiopiu.net\/wordpress\/wp-content\/uploads\/2023\/03\/03e85e63-e57a-c75c-af65-c2d698afaf6b-scaled.jpg\" data-dt-img-description=\"\" data-large_image_width=\"2560\" data-large_image_height=\"1707\"><img loading=\"lazy\" decoding=\"async\" class=\" wp-image-328024 alignleft\" src=\"https:\/\/www.radiopiu.net\/wordpress\/wp-content\/uploads\/2023\/03\/03e85e63-e57a-c75c-af65-c2d698afaf6b-300x200.jpg\" alt=\"\" width=\"186\" height=\"124\" srcset=\"https:\/\/www.radiopiu.net\/wordpress\/wp-content\/uploads\/2023\/03\/03e85e63-e57a-c75c-af65-c2d698afaf6b-300x200.jpg 300w, https:\/\/www.radiopiu.net\/wordpress\/wp-content\/uploads\/2023\/03\/03e85e63-e57a-c75c-af65-c2d698afaf6b-1024x683.jpg 1024w, https:\/\/www.radiopiu.net\/wordpress\/wp-content\/uploads\/2023\/03\/03e85e63-e57a-c75c-af65-c2d698afaf6b-768x512.jpg 768w, https:\/\/www.radiopiu.net\/wordpress\/wp-content\/uploads\/2023\/03\/03e85e63-e57a-c75c-af65-c2d698afaf6b-1536x1024.jpg 1536w, https:\/\/www.radiopiu.net\/wordpress\/wp-content\/uploads\/2023\/03\/03e85e63-e57a-c75c-af65-c2d698afaf6b-2048x1366.jpg 2048w\" sizes=\"auto, (max-width: 186px) 100vw, 186px\" \/><\/a>Il 3 aprile gli\u00a0Azzurri inizieranno il primo raduno di Canazei, per poi spostarsi a Egna prima dei Mondiali di 1^ Divisione di Nottingham. Il 20 aprile a Brunico amichevole contro l&#8217;Austria. La Nazionale italiana di hockey su ghiaccio affila le lame in vista dei Mondiali di 1^ Divisione Gruppo A, in programma a Nottingham dal 29 aprile al 5 maggio 2023. Coach Mike Keenan e l&#8217;associated coach Mike Pelino hanno diramato le convocazioni per il primo raduno, che si terr\u00e0 a Canazei dal 3 all&#8217;8 aprile 2023. All&#8217;appello mancano tutti quei giocatori ancora impegnati nei playoffs delle varie leghe, che si uniranno al gruppo strada facendo.<\/p>\n<p>&nbsp;<\/p>\n<p>&nbsp;<\/p>\n<hr \/>\n<p>&nbsp;<\/p>\n<p><span style=\"color: #0000ff;\"><strong>SKI CROSS<\/strong><\/span><\/p>\n<blockquote>\n<h3>CHIUSA LA PRIMA GIORNATA DELLE FINALI COPPA EUROPA DI SKI CROSS<\/h3>\n<\/blockquote>\n<p><strong><a class=\"dt-pswp-item\" href=\"https:\/\/www.radiopiu.net\/wordpress\/wp-content\/uploads\/2023\/03\/IMG_1080.jpg\" data-dt-img-description=\"\" data-large_image_width=\"640\" data-large_image_height=\"480\"><img loading=\"lazy\" decoding=\"async\" class=\" wp-image-328061 alignleft\" src=\"https:\/\/www.radiopiu.net\/wordpress\/wp-content\/uploads\/2023\/03\/IMG_1080-300x225.jpg\" alt=\"\" width=\"163\" height=\"122\" srcset=\"https:\/\/www.radiopiu.net\/wordpress\/wp-content\/uploads\/2023\/03\/IMG_1080-300x225.jpg 300w, https:\/\/www.radiopiu.net\/wordpress\/wp-content\/uploads\/2023\/03\/IMG_1080.jpg 640w\" sizes=\"auto, (max-width: 163px) 100vw, 163px\" \/><\/a>PASSO SAN PELLEGRINO <\/strong>Si \u00e8 conclusa la prima delle due giornate delle finali della Coppa Europa di ski cross organizzate in Val di Fassa sulla pista Monzoni \/ Costabella nella Ski Area San Pellegrino. Lunga giornata di gara, che ha visto l\u2019assegnazione dei primi trofei femminili e maschili. Le premiazioni si sono svolte con la presenza del presidente della FISI Trentino, Tiziano Mellarini. Sul gradino pi\u00f9 alto di questa prima giornata della finale europea \u00e8 salita l\u2019atleta tedesca Celia Funkler (1998) , seguita dalla compagna di squadra Veronika Redder (2004), terza la francese Mila Chaput (2000). Prima ed unica delle italiane, arrivata ai quarti di finale, in quindicesima posizione Amelia Rigatti di Grazia (2002) dello Ski team Cavalese. In campo maschile, vittoria del tedesco Florian Fischer (2000), seguito dall\u2019ittimo secondo Federico Tomasoni (1997), terzo il francese Evan Klufts (1997). Oggi si replica con la gara conclusiva di queste finali di Coppa Europa di ski cross<\/p>\n","protected":false},"excerpt":{"rendered":"<p>RADIO PIU INFORMAZIONE il canale su TELEGRAM informazione di prima\u00a0 mano e in tempo reale. iscriviti ed aiutaci a farlo conoscere\u00a0 \u00a0 \u00a0 &nbsp; &#8220;NOI CHE&#8221; ALL&#8217;AUDITORIUM MONSIGNOR VINCENZO SAVIO oggi alle 10.30 e 19.00 lo speciale alla radio AGORDO Il gruppo &#8220;Noi Che&#8221;, in collaborazione con l&#8217;Associazione Genitori Sempre, presenta una serata dedicata a&hellip;<\/p>\n","protected":false},"author":4,"featured_media":328069,"comment_status":"closed","ping_status":"closed","sticky":false,"template":"","format":"standard","meta":{"_monsterinsights_skip_tracking":false,"_monsterinsights_sitenote_active":false,"_monsterinsights_sitenote_note":"","_monsterinsights_sitenote_category":0,"footnotes":""},"categories":[51,86,49],"tags":[],"class_list":["post-327947","post","type-post","status-publish","format-standard","has-post-thumbnail","hentry","category-evidenza-top","category-gr","category-news-18","category-51","category-86","category-49","description-off"],"img_url":"https:\/\/www.radiopiu.net\/wordpress\/wp-content\/uploads\/2023\/03\/cane-in-pediatria_1.jpeg","_links":{"self":[{"href":"https:\/\/www.radiopiu.net\/wordpress\/wp-json\/wp\/v2\/posts\/327947","targetHints":{"allow":["GET"]}}],"collection":[{"href":"https:\/\/www.radiopiu.net\/wordpress\/wp-json\/wp\/v2\/posts"}],"about":[{"href":"https:\/\/www.radiopiu.net\/wordpress\/wp-json\/wp\/v2\/types\/post"}],"author":[{"embeddable":true,"href":"https:\/\/www.radiopiu.net\/wordpress\/wp-json\/wp\/v2\/users\/4"}],"replies":[{"embeddable":true,"href":"https:\/\/www.radiopiu.net\/wordpress\/wp-json\/wp\/v2\/comments?post=327947"}],"version-history":[{"count":0,"href":"https:\/\/www.radiopiu.net\/wordpress\/wp-json\/wp\/v2\/posts\/327947\/revisions"}],"wp:featuredmedia":[{"embeddable":true,"href":"https:\/\/www.radiopiu.net\/wordpress\/wp-json\/wp\/v2\/media\/328069"}],"wp:attachment":[{"href":"https:\/\/www.radiopiu.net\/wordpress\/wp-json\/wp\/v2\/media?parent=327947"}],"wp:term":[{"taxonomy":"category","embeddable":true,"href":"https:\/\/www.radiopiu.net\/wordpress\/wp-json\/wp\/v2\/categories?post=327947"},{"taxonomy":"post_tag","embeddable":true,"href":"https:\/\/www.radiopiu.net\/wordpress\/wp-json\/wp\/v2\/tags?post=327947"}],"curies":[{"name":"wp","href":"https:\/\/api.w.org\/{rel}","templated":true}]}}