{"id":327954,"date":"2023-03-22T04:59:36","date_gmt":"2023-03-22T03:59:36","guid":{"rendered":"https:\/\/www.radiopiu.net\/wordpress\/?p=327954"},"modified":"2023-03-23T10:25:32","modified_gmt":"2023-03-23T09:25:32","slug":"appuntamento-in-radio-con-la-settimana-della-memoria-e-dellimpegno-3","status":"publish","type":"post","link":"https:\/\/www.radiopiu.net\/wordpress\/appuntamento-in-radio-con-la-settimana-della-memoria-e-dellimpegno-3\/","title":{"rendered":"APPUNTAMENTO IN RADIO CON LA SETTIMANA DELLA MEMORIA E DELL\u2019IMPEGNO 3^PUNTATA"},"content":{"rendered":"<div class=\"x11i5rnm xat24cr x1mh8g0r x1vvkbs xdj266r x126k92a\">\n<div dir=\"auto\"><\/div>\n<div dir=\"auto\">\n<p><strong>PUNTATA 03<\/strong><\/p>\n\n\t\t\t<style type='text\/css'>\n\t\t\t\t#gallery-1 {\n\t\t\t\t\tmargin: auto;\n\t\t\t\t}\n\t\t\t\t#gallery-1 .gallery-item {\n\t\t\t\t\tfloat: left;\n\t\t\t\t\tmargin-top: 10px;\n\t\t\t\t\ttext-align: center;\n\t\t\t\t\twidth: 50%;\n\t\t\t\t}\n\t\t\t\t#gallery-1 img {\n\t\t\t\t\tborder: 2px solid #cfcfcf;\n\t\t\t\t}\n\t\t\t\t#gallery-1 .gallery-caption {\n\t\t\t\t\tmargin-left: 0;\n\t\t\t\t}\n\t\t\t\t\/* see gallery_shortcode() in wp-includes\/media.php *\/\n\t\t\t<\/style>\n\t\t<div id='gallery-1' class='dt-gallery-container gallery galleryid-327954 gallery-columns-2 gallery-size-thumbnail'><dl class='gallery-item'>\n\t\t\t\t<dt class='gallery-icon landscape'>\n\t\t\t\t\t<a class=\"rollover rollover-zoom dt-pswp-item\" title=\"336797622_547510177371276_9050137069084218344_n\" data-dt-img-description=\"\" data-large_image_width=\"1080\" data-large_image_height=\"1080\"href='https:\/\/www.radiopiu.net\/wordpress\/wp-content\/uploads\/2023\/03\/336797622_547510177371276_9050137069084218344_n.jpg'><img loading=\"lazy\" decoding=\"async\" width=\"150\" height=\"150\" src=\"https:\/\/www.radiopiu.net\/wordpress\/wp-content\/uploads\/2023\/03\/336797622_547510177371276_9050137069084218344_n-150x150.jpg\" class=\"attachment-thumbnail size-thumbnail\" alt=\"\" srcset=\"https:\/\/www.radiopiu.net\/wordpress\/wp-content\/uploads\/2023\/03\/336797622_547510177371276_9050137069084218344_n-150x150.jpg 150w, https:\/\/www.radiopiu.net\/wordpress\/wp-content\/uploads\/2023\/03\/336797622_547510177371276_9050137069084218344_n-300x300.jpg 300w, https:\/\/www.radiopiu.net\/wordpress\/wp-content\/uploads\/2023\/03\/336797622_547510177371276_9050137069084218344_n-1024x1024.jpg 1024w, https:\/\/www.radiopiu.net\/wordpress\/wp-content\/uploads\/2023\/03\/336797622_547510177371276_9050137069084218344_n-768x768.jpg 768w, https:\/\/www.radiopiu.net\/wordpress\/wp-content\/uploads\/2023\/03\/336797622_547510177371276_9050137069084218344_n.jpg 1080w\" sizes=\"auto, (max-width: 150px) 100vw, 150px\" \/><\/a>\n\t\t\t\t<\/dt><\/dl><dl class='gallery-item'>\n\t\t\t\t<dt class='gallery-icon landscape'>\n\t\t\t\t\t<a class=\"rollover rollover-zoom dt-pswp-item\" title=\"337240727_890708272152556_8275136596940368229_n\" data-dt-img-description=\"\" data-large_image_width=\"1080\" data-large_image_height=\"1080\"href='https:\/\/www.radiopiu.net\/wordpress\/wp-content\/uploads\/2023\/03\/337240727_890708272152556_8275136596940368229_n.jpg'><img loading=\"lazy\" decoding=\"async\" width=\"150\" height=\"150\" src=\"https:\/\/www.radiopiu.net\/wordpress\/wp-content\/uploads\/2023\/03\/337240727_890708272152556_8275136596940368229_n-150x150.jpg\" class=\"attachment-thumbnail size-thumbnail\" alt=\"\" srcset=\"https:\/\/www.radiopiu.net\/wordpress\/wp-content\/uploads\/2023\/03\/337240727_890708272152556_8275136596940368229_n-150x150.jpg 150w, https:\/\/www.radiopiu.net\/wordpress\/wp-content\/uploads\/2023\/03\/337240727_890708272152556_8275136596940368229_n-300x300.jpg 300w, https:\/\/www.radiopiu.net\/wordpress\/wp-content\/uploads\/2023\/03\/337240727_890708272152556_8275136596940368229_n-1024x1024.jpg 1024w, https:\/\/www.radiopiu.net\/wordpress\/wp-content\/uploads\/2023\/03\/337240727_890708272152556_8275136596940368229_n-768x768.jpg 768w, https:\/\/www.radiopiu.net\/wordpress\/wp-content\/uploads\/2023\/03\/337240727_890708272152556_8275136596940368229_n.jpg 1080w\" sizes=\"auto, (max-width: 150px) 100vw, 150px\" \/><\/a>\n\t\t\t\t<\/dt><\/dl><br style=\"clear: both\" \/>\n\t\t\t<\/div>\n\n<div class=\"x11i5rnm xat24cr x1mh8g0r x1vvkbs xdj266r x126k92a\">\n<div dir=\"auto\">\u00c8 possibile sognare un mondo in cui la criminalit\u00e0 organizzata non sia pi\u00f9 presente<\/div>\n<\/div>\n<div class=\"x11i5rnm xat24cr x1mh8g0r x1vvkbs xtlvy1s x126k92a\">\n<div dir=\"auto\">Bonifacio Tilocca (1933-2004) Ricordiamo le parole di suo figlio Peppino: \u201cNoi familiari possiamo vivere una giornata come questa da soli con rabbia oppure in piazza insieme a tante persone, e per questo vi ringrazio per la vostra presenza. La morte di mio padre \u00e8 un elemento incancellabile, per\u00f2 oggi io posso essere qua in mezzo a migliaia di persone a parlarne, mentre chi ha ucciso mio padre deve stare zitto e nascosto. Noi possiamo sventolare le nostre bandiere, loro no.\u201d<\/div>\n<\/div>\n<div class=\"x11i5rnm xat24cr x1mh8g0r x1vvkbs xtlvy1s x126k92a\">\n<div dir=\"auto\">Matteo Toffanin (1969-1992) Abbiamo deciso di approfondire la storia di Matteo Toffanin per la sua origine veneta. \u00c8 interessante conoscere i dettagli di un\u2019organizzazione mafiosa, la Mala del Brenta, di cui non si sente molto parlare: le mafie non esistono solo al sud e portano solo morte e dolore.<\/div>\n<div dir=\"auto\"><strong>audio<\/strong><br \/>\n<audio class=\"wp-audio-shortcode\" id=\"audio-327954-1\" preload=\"none\" style=\"width: 100%;\" controls=\"controls\"><source type=\"audio\/mpeg\" src=\"https:\/\/www.radiopiu.net\/wordpress\/wp-content\/uploads\/2023\/03\/MERCOLEDI-22-TILOCCA-TOFFANIN.mp3?_=1\" \/><a href=\"https:\/\/www.radiopiu.net\/wordpress\/wp-content\/uploads\/2023\/03\/MERCOLEDI-22-TILOCCA-TOFFANIN.mp3\">https:\/\/www.radiopiu.net\/wordpress\/wp-content\/uploads\/2023\/03\/MERCOLEDI-22-TILOCCA-TOFFANIN.mp3<\/a><\/audio>\n<\/div>\n<div dir=\"auto\"><\/div>\n<div dir=\"auto\">\n<p>&nbsp;<\/p>\n<p>&nbsp;<\/p>\n<p>LA RACCOLTA COMPLETA<\/p>\n<p>&nbsp;<\/p>\n<blockquote class=\"wp-embedded-content\" data-secret=\"mP2ujLWG02\"><p><a href=\"https:\/\/www.radiopiu.net\/wordpress\/appuntamento-in-radio-con-la-settimana-della-memoria-e-dellimpegno\/\">APPUNTAMENTO IN RADIO CON LA SETTIMANA DELLA MEMORIA E DELL\u2019IMPEGNO<\/a><\/p><\/blockquote>\n<p><iframe loading=\"lazy\" class=\"wp-embedded-content\" sandbox=\"allow-scripts\" security=\"restricted\" style=\"position: absolute; clip: rect(1px, 1px, 1px, 1px);\" title=\"&#8220;APPUNTAMENTO IN RADIO CON LA SETTIMANA DELLA MEMORIA E DELL\u2019IMPEGNO&#8221; &#8212; Radio Pi\u00f9\" src=\"https:\/\/www.radiopiu.net\/wordpress\/appuntamento-in-radio-con-la-settimana-della-memoria-e-dellimpegno\/embed\/#?secret=ZmdF2kRgPf#?secret=mP2ujLWG02\" data-secret=\"mP2ujLWG02\" width=\"600\" height=\"338\" frameborder=\"0\" marginwidth=\"0\" marginheight=\"0\" scrolling=\"no\"><\/iframe><\/p>\n<p>&nbsp;<\/p>\n<\/div>\n<\/div>\n<\/div>\n<\/div>\n","protected":false},"excerpt":{"rendered":"<p>PUNTATA 03 \u00c8 possibile sognare un mondo in cui la criminalit\u00e0 organizzata non sia pi\u00f9 presente Bonifacio Tilocca (1933-2004) Ricordiamo le parole di suo figlio Peppino: \u201cNoi familiari possiamo vivere una giornata come questa da soli con rabbia oppure in piazza insieme a tante persone, e per questo vi ringrazio per la vostra presenza. La&hellip;<\/p>\n","protected":false},"author":4,"featured_media":327957,"comment_status":"closed","ping_status":"closed","sticky":false,"template":"","format":"standard","meta":{"_monsterinsights_skip_tracking":false,"_monsterinsights_sitenote_active":false,"_monsterinsights_sitenote_note":"","_monsterinsights_sitenote_category":0,"footnotes":""},"categories":[104,49],"tags":[],"class_list":["post-327954","post","type-post","status-publish","format-standard","has-post-thumbnail","hentry","category-evidenza_3","category-news-18","category-104","category-49","description-off"],"img_url":"https:\/\/www.radiopiu.net\/wordpress\/wp-content\/uploads\/2023\/03\/336797622_547510177371276_9050137069084218344_n.jpg","_links":{"self":[{"href":"https:\/\/www.radiopiu.net\/wordpress\/wp-json\/wp\/v2\/posts\/327954","targetHints":{"allow":["GET"]}}],"collection":[{"href":"https:\/\/www.radiopiu.net\/wordpress\/wp-json\/wp\/v2\/posts"}],"about":[{"href":"https:\/\/www.radiopiu.net\/wordpress\/wp-json\/wp\/v2\/types\/post"}],"author":[{"embeddable":true,"href":"https:\/\/www.radiopiu.net\/wordpress\/wp-json\/wp\/v2\/users\/4"}],"replies":[{"embeddable":true,"href":"https:\/\/www.radiopiu.net\/wordpress\/wp-json\/wp\/v2\/comments?post=327954"}],"version-history":[{"count":0,"href":"https:\/\/www.radiopiu.net\/wordpress\/wp-json\/wp\/v2\/posts\/327954\/revisions"}],"wp:featuredmedia":[{"embeddable":true,"href":"https:\/\/www.radiopiu.net\/wordpress\/wp-json\/wp\/v2\/media\/327957"}],"wp:attachment":[{"href":"https:\/\/www.radiopiu.net\/wordpress\/wp-json\/wp\/v2\/media?parent=327954"}],"wp:term":[{"taxonomy":"category","embeddable":true,"href":"https:\/\/www.radiopiu.net\/wordpress\/wp-json\/wp\/v2\/categories?post=327954"},{"taxonomy":"post_tag","embeddable":true,"href":"https:\/\/www.radiopiu.net\/wordpress\/wp-json\/wp\/v2\/tags?post=327954"}],"curies":[{"name":"wp","href":"https:\/\/api.w.org\/{rel}","templated":true}]}}