{"id":328098,"date":"2023-03-25T05:47:21","date_gmt":"2023-03-25T04:47:21","guid":{"rendered":"https:\/\/www.radiopiu.net\/wordpress\/?p=328098"},"modified":"2023-03-25T08:09:19","modified_gmt":"2023-03-25T07:09:19","slug":"giornale-radiopiu-25-marzo-2023-direttore-mirko-mezzacasa-verso-i-40-anni-25-giugno-1983-25-giugno-2023","status":"publish","type":"post","link":"https:\/\/www.radiopiu.net\/wordpress\/giornale-radiopiu-25-marzo-2023-direttore-mirko-mezzacasa-verso-i-40-anni-25-giugno-1983-25-giugno-2023\/","title":{"rendered":"GIORNALE RADIOPIU 25 MARZO 2023 DIRETTORE MIRKO MEZZACASA&#8230;verso i 40 anni 25 giugno 1983-25 giugno 2023"},"content":{"rendered":"<h3 class=\"kvgmc6g5 cxmmr5t8 oygrvhab hcukyx3x c1et5uql\"><span style=\"color: #0000ff;\"><strong>RADIO PIU INFORMAZIONE il canale su TELEGRAM informazione di prima\u00a0 <\/strong><strong>mano e in tempo reale. iscriviti ed aiutaci a farlo conoscere\u00a0 \u00a0 \u00a0\u00a0<\/strong><\/span><\/h3>\n<p>&nbsp;<\/p>\n<p><strong><img loading=\"lazy\" decoding=\"async\" class=\"alignleft\" src=\"https:\/\/www.radiopiu.net\/wordpress\/wp-content\/uploads\/2023\/01\/CANDIDO.png\" width=\"218\" height=\"158\" \/>ROCCA PIETORE<\/strong> Questa notte alle 2, nella sua abitazione di Digonera, Candido Murer ha esalato l&#8217;ultimo respiro. Ne siamo stati informati stamane, di buon&#8217;ora dalla figlia Luisa. A lei, a tutta la famiglia a parenti e amici giunga il nostro messaggio di cordoglio<\/p>\n<p><strong>Il sindaco Andrea De Bernardin<\/strong> <em>Se ne va uno degli ultimi reduci della Seconda Guerra Mondiale. Pi\u00f9 volte ho avuto modo di sentire i suoi racconti nella sua &#8220;stua&#8221; bevendo assieme un bicchiere di vino come si fa con un amico, anche se aveva quasi il doppio dei miei anni. Ricorder\u00f2 quei momenti fra i pi\u00f9 significativi e importanti della mia lunga esperienza da Sindaco. Fai buon viaggio Soldato Murer<\/em><\/p>\n\n\t\t\t<style type='text\/css'>\n\t\t\t\t#gallery-1 {\n\t\t\t\t\tmargin: auto;\n\t\t\t\t}\n\t\t\t\t#gallery-1 .gallery-item {\n\t\t\t\t\tfloat: left;\n\t\t\t\t\tmargin-top: 10px;\n\t\t\t\t\ttext-align: center;\n\t\t\t\t\twidth: 33%;\n\t\t\t\t}\n\t\t\t\t#gallery-1 img {\n\t\t\t\t\tborder: 2px solid #cfcfcf;\n\t\t\t\t}\n\t\t\t\t#gallery-1 .gallery-caption {\n\t\t\t\t\tmargin-left: 0;\n\t\t\t\t}\n\t\t\t\t\/* see gallery_shortcode() in wp-includes\/media.php *\/\n\t\t\t<\/style>\n\t\t<div id='gallery-1' class='dt-gallery-container gallery galleryid-328098 gallery-columns-3 gallery-size-thumbnail'><dl class='gallery-item'>\n\t\t\t\t<dt class='gallery-icon landscape'>\n\t\t\t\t\t<a class=\"rollover rollover-zoom dt-pswp-item\" title=\"71361e98-52ab-4d8b-8724-db45ecfb9967\" data-dt-img-description=\"\" data-large_image_width=\"1600\" data-large_image_height=\"1200\"href='https:\/\/www.radiopiu.net\/wordpress\/wp-content\/uploads\/2023\/03\/71361e98-52ab-4d8b-8724-db45ecfb9967.jpg'><img loading=\"lazy\" decoding=\"async\" width=\"150\" height=\"150\" src=\"https:\/\/www.radiopiu.net\/wordpress\/wp-content\/uploads\/2023\/03\/71361e98-52ab-4d8b-8724-db45ecfb9967-150x150.jpg\" class=\"attachment-thumbnail size-thumbnail\" alt=\"\" \/><\/a>\n\t\t\t\t<\/dt><\/dl><dl class='gallery-item'>\n\t\t\t\t<dt class='gallery-icon landscape'>\n\t\t\t\t\t<a class=\"rollover rollover-zoom dt-pswp-item\" title=\"c597239e-9e64-4098-9923-5731bd9e1dbd\" data-dt-img-description=\"\" data-large_image_width=\"1600\" data-large_image_height=\"1200\"href='https:\/\/www.radiopiu.net\/wordpress\/wp-content\/uploads\/2023\/03\/c597239e-9e64-4098-9923-5731bd9e1dbd.jpg'><img loading=\"lazy\" decoding=\"async\" width=\"150\" height=\"150\" src=\"https:\/\/www.radiopiu.net\/wordpress\/wp-content\/uploads\/2023\/03\/c597239e-9e64-4098-9923-5731bd9e1dbd-150x150.jpg\" class=\"attachment-thumbnail size-thumbnail\" alt=\"\" \/><\/a>\n\t\t\t\t<\/dt><\/dl><dl class='gallery-item'>\n\t\t\t\t<dt class='gallery-icon landscape'>\n\t\t\t\t\t<a class=\"rollover rollover-zoom dt-pswp-item\" title=\"3c535a36-4394-4b0e-a195-b6f54c7626d0\" data-dt-img-description=\"\" data-large_image_width=\"1600\" data-large_image_height=\"1200\"href='https:\/\/www.radiopiu.net\/wordpress\/wp-content\/uploads\/2023\/03\/3c535a36-4394-4b0e-a195-b6f54c7626d0.jpg'><img loading=\"lazy\" decoding=\"async\" width=\"150\" height=\"150\" src=\"https:\/\/www.radiopiu.net\/wordpress\/wp-content\/uploads\/2023\/03\/3c535a36-4394-4b0e-a195-b6f54c7626d0-150x150.jpg\" class=\"attachment-thumbnail size-thumbnail\" alt=\"\" \/><\/a>\n\t\t\t\t<\/dt><\/dl><br style=\"clear: both\" \/>\n\t\t\t<\/div>\n\n<p>A gennaio Candido ha festeggiato i 100 anni, nulla faceva presagire a quanto \u00e8 successo nelle ultime settimana. Conserveremo di candido un caro ricordo anche riascoltandolo nelle registrazioni dello scorso gennaio<\/p>\n<p>&nbsp;<\/p>\n<p>&nbsp;<\/p>\n<p>__<\/p>\n<h2 style=\"text-align: left;\"><span style=\"color: #ff0000;\">ISCRIVITI AL NOSTRO CANALE YOUTUBE PER SEGUIRE IN DIRETTA I PRINCIPALI PROGRAMMI DI RADIO PIU&#8217; E LE FUTURE DIRETTE IN ESTERNA. PER ISCRIVERTI <a style=\"color: #ff0000;\" href=\"https:\/\/youtube.com\/@radiopiu1527\">CLICCA QUI<\/a> E PREMI IL TASTO &#8220;Iscriviti&#8221;\u00a0 \u00a0<\/span><\/h2>\n<p>&nbsp;<\/p>\n<p><strong>VERSO I 40 ANNI&#8230; e siamo al terzo racconto del 25esimo giorno del mese, in attesa del 25 giugno 1983, il giorno del compleanno<\/strong><\/p>\n<blockquote>\n<h3>RADIOPIU&#8217;, LA RADIO E&#8217; DONNA<\/h3>\n<\/blockquote>\n<blockquote class=\"wp-embedded-content\" data-secret=\"O02bfABtfp\"><p><a href=\"https:\/\/www.radiopiu.net\/wordpress\/radiopiu-la-radio-e-donna\/\">RADIOPIU&#8217;, LA RADIO E&#8217; DONNA<\/a><\/p><\/blockquote>\n<p><iframe loading=\"lazy\" class=\"wp-embedded-content\" sandbox=\"allow-scripts\" security=\"restricted\" style=\"position: absolute; clip: rect(1px, 1px, 1px, 1px);\" title=\"&#8220;RADIOPIU&#8217;, LA RADIO E&#8217; DONNA&#8221; &#8212; Radio Pi\u00f9\" src=\"https:\/\/www.radiopiu.net\/wordpress\/radiopiu-la-radio-e-donna\/embed\/#?secret=Hx8SHWCu4r#?secret=O02bfABtfp\" data-secret=\"O02bfABtfp\" width=\"600\" height=\"338\" frameborder=\"0\" marginwidth=\"0\" marginheight=\"0\" scrolling=\"no\"><\/iframe><\/p>\n<p>&nbsp;<\/p>\n<p>&nbsp;<\/p>\n<hr \/>\n<p>&nbsp;<\/p>\n<blockquote>\n<h3>BULGARI SI SEPARA DA LUXOTTICA. CESSATO L&#8217;ACCORDO DI LICENZA<\/h3>\n<\/blockquote>\n<p><strong><a class=\"dt-pswp-item\" href=\"https:\/\/www.radiopiu.net\/wordpress\/wp-content\/uploads\/2022\/06\/LUXOTTICA-1-scaled.jpg\" data-dt-img-description=\"\" data-large_image_width=\"2560\" data-large_image_height=\"1920\"><img loading=\"lazy\" decoding=\"async\" class=\" wp-image-284022 alignleft\" src=\"https:\/\/www.radiopiu.net\/wordpress\/wp-content\/uploads\/2022\/06\/LUXOTTICA-1-300x225.jpg\" alt=\"\" width=\"140\" height=\"105\" srcset=\"https:\/\/www.radiopiu.net\/wordpress\/wp-content\/uploads\/2022\/06\/LUXOTTICA-1-300x225.jpg 300w, https:\/\/www.radiopiu.net\/wordpress\/wp-content\/uploads\/2022\/06\/LUXOTTICA-1-1024x768.jpg 1024w, https:\/\/www.radiopiu.net\/wordpress\/wp-content\/uploads\/2022\/06\/LUXOTTICA-1-768x576.jpg 768w, https:\/\/www.radiopiu.net\/wordpress\/wp-content\/uploads\/2022\/06\/LUXOTTICA-1-1536x1152.jpg 1536w, https:\/\/www.radiopiu.net\/wordpress\/wp-content\/uploads\/2022\/06\/LUXOTTICA-1-2048x1536.jpg 2048w\" sizes=\"auto, (max-width: 140px) 100vw, 140px\" \/><\/a>MILANO<\/strong> Luxottica Group e Bulgari S.p.A. annunciano che l\u2019accordo di licenza per il design, la produzione e la distribuzione in tutto il mondo di collezioni di occhiali da sole e da vista a marchio Bulgari arrivera\u0300 a naturale scadenza il 31 dicembre 2023 e non sara\u0300 rinnovato. Luxottica e Bulgari hanno portato avanti per piu\u0300 di vent\u2019anni una collaborazione di successo e di reciproca soddisfazione che ha arricchito il mercato dell\u2019eyewear di lusso globale. Le due aziende continueranno a lavorare insieme per valorizzare la partnership fino al termine dell\u2019accordo previsto per la fine dell\u2019anno.<\/p>\n<p>&nbsp;<\/p>\n<p>&nbsp;<\/p>\n<hr \/>\n<p>&nbsp;<\/p>\n<blockquote>\n<h3>LEGGE REGIONALE 18: VIA LIBERA ALLA CONVENZIONE TRA PROVINCIA, VENETO SVILUPPO E ISTITUTI CREDITIZI<\/h3>\n<\/blockquote>\n<p><strong><a class=\"dt-pswp-item\" href=\"https:\/\/www.radiopiu.net\/wordpress\/wp-content\/uploads\/2021\/09\/regione-veneto.png\" data-dt-img-description=\"\" data-large_image_width=\"455\" data-large_image_height=\"344\"><img loading=\"lazy\" decoding=\"async\" class=\" wp-image-234211 alignleft\" src=\"https:\/\/www.radiopiu.net\/wordpress\/wp-content\/uploads\/2021\/09\/regione-veneto-300x227.png\" alt=\"\" width=\"131\" height=\"99\" srcset=\"https:\/\/www.radiopiu.net\/wordpress\/wp-content\/uploads\/2021\/09\/regione-veneto-300x227.png 300w, https:\/\/www.radiopiu.net\/wordpress\/wp-content\/uploads\/2021\/09\/regione-veneto.png 455w\" sizes=\"auto, (max-width: 131px) 100vw, 131px\" \/><\/a>BELLUNO<\/strong> Via libera allo schema di convenzione tra Provincia di Belluno, Veneto Sviluppo e istituti creditizi per la gestione del fondo di rotazione della Legge Regionale 18, dedicata alle imprese di montagna.<\/p>\n<p><strong>di Daniele Dalvit<\/strong><\/p>\n<audio class=\"wp-audio-shortcode\" id=\"audio-328098-1\" preload=\"none\" style=\"width: 100%;\" controls=\"controls\"><source type=\"audio\/mpeg\" src=\"https:\/\/www.radiopiu.net\/wordpress\/wp-content\/uploads\/2023\/03\/Radio-Piu-Servizio-Convenzione-Legge-18.mp3?_=1\" \/><a href=\"https:\/\/www.radiopiu.net\/wordpress\/wp-content\/uploads\/2023\/03\/Radio-Piu-Servizio-Convenzione-Legge-18.mp3\">https:\/\/www.radiopiu.net\/wordpress\/wp-content\/uploads\/2023\/03\/Radio-Piu-Servizio-Convenzione-Legge-18.mp3<\/a><\/audio>\n<p>&nbsp;<\/p>\n<p>&nbsp;<\/p>\n<hr \/>\n<p>&nbsp;<\/p>\n<blockquote>\n<h3>DISSUASORI DI VELOCITA&#8217; IN PIAZZA PAPA LUCIANI A CANALE D&#8217;AGORDO<\/h3>\n<\/blockquote>\n<p><strong><a class=\"dt-pswp-item\" href=\"https:\/\/www.radiopiu.net\/wordpress\/wp-content\/uploads\/2020\/06\/CANALE-DAGORDO-2.jpg\" data-dt-img-description=\"\" data-large_image_width=\"960\" data-large_image_height=\"720\"><img loading=\"lazy\" decoding=\"async\" class=\" wp-image-142139 alignleft\" src=\"https:\/\/www.radiopiu.net\/wordpress\/wp-content\/uploads\/2020\/06\/CANALE-DAGORDO-2-300x225.jpg\" alt=\"\" width=\"176\" height=\"132\" srcset=\"https:\/\/www.radiopiu.net\/wordpress\/wp-content\/uploads\/2020\/06\/CANALE-DAGORDO-2-300x225.jpg 300w, https:\/\/www.radiopiu.net\/wordpress\/wp-content\/uploads\/2020\/06\/CANALE-DAGORDO-2-768x576.jpg 768w, https:\/\/www.radiopiu.net\/wordpress\/wp-content\/uploads\/2020\/06\/CANALE-DAGORDO-2.jpg 960w\" sizes=\"auto, (max-width: 176px) 100vw, 176px\" \/><\/a>CANALE D&#8217;AGORDO<\/strong><\/p>\n<p>di Gianni Santomaso<\/p>\n<audio class=\"wp-audio-shortcode\" id=\"audio-328098-2\" preload=\"none\" style=\"width: 100%;\" controls=\"controls\"><source type=\"audio\/mpeg\" src=\"https:\/\/www.radiopiu.net\/wordpress\/wp-content\/uploads\/2023\/03\/GIANNI-DISSUASORI-DI-VELOCITA-IN-PIAZZA-PAPA-LUCIANI.mp3?_=2\" \/><a href=\"https:\/\/www.radiopiu.net\/wordpress\/wp-content\/uploads\/2023\/03\/GIANNI-DISSUASORI-DI-VELOCITA-IN-PIAZZA-PAPA-LUCIANI.mp3\">https:\/\/www.radiopiu.net\/wordpress\/wp-content\/uploads\/2023\/03\/GIANNI-DISSUASORI-DI-VELOCITA-IN-PIAZZA-PAPA-LUCIANI.mp3<\/a><\/audio>\n<p>&nbsp;<\/p>\n<hr \/>\n<p>&nbsp;<\/p>\n<blockquote>\n<h3>COLONNINE PER LA RICARICA DELLE AUTO E UNA NUOVA AREA SOSTA PEDONALE A TAIBON<\/h3>\n<\/blockquote>\n<p><strong>TAIBON<\/strong> Novit\u00e0 in riva al Tegnas a Taibon Agordino. Nella nuova area ricreativa, dove sono stati ultimati i lavori dei nuovi impianti sportivi e dove verr\u00e0 allestito il tendone della Sagra De Pasca, sono state installate due colonnine per la ricarica delle auto elettriche sui nuovi parcheggi. Poco distante dai nuovi parcheggi anche una piccola area di sosta per i pedoni dove, oltre a degli stalli per parcheggiare le biciclette, \u00e8 nata una nuova bacheca in legno e un comodo tavolo con panche per riposarsi all&#8217;aria aperta. Un&#8217;area tutta nuova disponibile a tutti.<\/p>\n\n\t\t\t<style type='text\/css'>\n\t\t\t\t#gallery-2 {\n\t\t\t\t\tmargin: auto;\n\t\t\t\t}\n\t\t\t\t#gallery-2 .gallery-item {\n\t\t\t\t\tfloat: left;\n\t\t\t\t\tmargin-top: 10px;\n\t\t\t\t\ttext-align: center;\n\t\t\t\t\twidth: 33%;\n\t\t\t\t}\n\t\t\t\t#gallery-2 img {\n\t\t\t\t\tborder: 2px solid #cfcfcf;\n\t\t\t\t}\n\t\t\t\t#gallery-2 .gallery-caption {\n\t\t\t\t\tmargin-left: 0;\n\t\t\t\t}\n\t\t\t\t\/* see gallery_shortcode() in wp-includes\/media.php *\/\n\t\t\t<\/style>\n\t\t<div id='gallery-2' class='dt-gallery-container gallery galleryid-328098 gallery-columns-3 gallery-size-medium'><dl class='gallery-item'>\n\t\t\t\t<dt class='gallery-icon landscape'>\n\t\t\t\t\t<a class=\"rollover rollover-zoom dt-pswp-item\" title=\"46df7d2d-070d-4a45-af5f-6292e95bfd1d\" data-dt-img-description=\"\" data-large_image_width=\"1600\" data-large_image_height=\"900\"href='https:\/\/www.radiopiu.net\/wordpress\/wp-content\/uploads\/2023\/03\/46df7d2d-070d-4a45-af5f-6292e95bfd1d.jpg'><img loading=\"lazy\" decoding=\"async\" width=\"300\" height=\"169\" src=\"https:\/\/www.radiopiu.net\/wordpress\/wp-content\/uploads\/2023\/03\/46df7d2d-070d-4a45-af5f-6292e95bfd1d-300x169.jpg\" class=\"attachment-medium size-medium\" alt=\"\" srcset=\"https:\/\/www.radiopiu.net\/wordpress\/wp-content\/uploads\/2023\/03\/46df7d2d-070d-4a45-af5f-6292e95bfd1d-300x169.jpg 300w, https:\/\/www.radiopiu.net\/wordpress\/wp-content\/uploads\/2023\/03\/46df7d2d-070d-4a45-af5f-6292e95bfd1d-1024x576.jpg 1024w, https:\/\/www.radiopiu.net\/wordpress\/wp-content\/uploads\/2023\/03\/46df7d2d-070d-4a45-af5f-6292e95bfd1d-768x432.jpg 768w, https:\/\/www.radiopiu.net\/wordpress\/wp-content\/uploads\/2023\/03\/46df7d2d-070d-4a45-af5f-6292e95bfd1d-1536x864.jpg 1536w, https:\/\/www.radiopiu.net\/wordpress\/wp-content\/uploads\/2023\/03\/46df7d2d-070d-4a45-af5f-6292e95bfd1d.jpg 1600w\" sizes=\"auto, (max-width: 300px) 100vw, 300px\" \/><\/a>\n\t\t\t\t<\/dt><\/dl><dl class='gallery-item'>\n\t\t\t\t<dt class='gallery-icon landscape'>\n\t\t\t\t\t<a class=\"rollover rollover-zoom dt-pswp-item\" title=\"ecb16754-118a-409b-8a01-4f9f1db6819e\" data-dt-img-description=\"\" data-large_image_width=\"1600\" data-large_image_height=\"900\"href='https:\/\/www.radiopiu.net\/wordpress\/wp-content\/uploads\/2023\/03\/ecb16754-118a-409b-8a01-4f9f1db6819e.jpg'><img loading=\"lazy\" decoding=\"async\" width=\"300\" height=\"169\" src=\"https:\/\/www.radiopiu.net\/wordpress\/wp-content\/uploads\/2023\/03\/ecb16754-118a-409b-8a01-4f9f1db6819e-300x169.jpg\" class=\"attachment-medium size-medium\" alt=\"\" srcset=\"https:\/\/www.radiopiu.net\/wordpress\/wp-content\/uploads\/2023\/03\/ecb16754-118a-409b-8a01-4f9f1db6819e-300x169.jpg 300w, https:\/\/www.radiopiu.net\/wordpress\/wp-content\/uploads\/2023\/03\/ecb16754-118a-409b-8a01-4f9f1db6819e-1024x576.jpg 1024w, https:\/\/www.radiopiu.net\/wordpress\/wp-content\/uploads\/2023\/03\/ecb16754-118a-409b-8a01-4f9f1db6819e-768x432.jpg 768w, https:\/\/www.radiopiu.net\/wordpress\/wp-content\/uploads\/2023\/03\/ecb16754-118a-409b-8a01-4f9f1db6819e-1536x864.jpg 1536w, https:\/\/www.radiopiu.net\/wordpress\/wp-content\/uploads\/2023\/03\/ecb16754-118a-409b-8a01-4f9f1db6819e.jpg 1600w\" sizes=\"auto, (max-width: 300px) 100vw, 300px\" \/><\/a>\n\t\t\t\t<\/dt><\/dl><dl class='gallery-item'>\n\t\t\t\t<dt class='gallery-icon landscape'>\n\t\t\t\t\t<a class=\"rollover rollover-zoom dt-pswp-item\" title=\"7b234db4-1dcd-488f-9f7d-77ad9884cb06\" data-dt-img-description=\"\" data-large_image_width=\"1600\" data-large_image_height=\"900\"href='https:\/\/www.radiopiu.net\/wordpress\/wp-content\/uploads\/2023\/03\/7b234db4-1dcd-488f-9f7d-77ad9884cb06.jpg'><img loading=\"lazy\" decoding=\"async\" width=\"300\" height=\"169\" src=\"https:\/\/www.radiopiu.net\/wordpress\/wp-content\/uploads\/2023\/03\/7b234db4-1dcd-488f-9f7d-77ad9884cb06-300x169.jpg\" class=\"attachment-medium size-medium\" alt=\"\" srcset=\"https:\/\/www.radiopiu.net\/wordpress\/wp-content\/uploads\/2023\/03\/7b234db4-1dcd-488f-9f7d-77ad9884cb06-300x169.jpg 300w, https:\/\/www.radiopiu.net\/wordpress\/wp-content\/uploads\/2023\/03\/7b234db4-1dcd-488f-9f7d-77ad9884cb06-1024x576.jpg 1024w, https:\/\/www.radiopiu.net\/wordpress\/wp-content\/uploads\/2023\/03\/7b234db4-1dcd-488f-9f7d-77ad9884cb06-768x432.jpg 768w, https:\/\/www.radiopiu.net\/wordpress\/wp-content\/uploads\/2023\/03\/7b234db4-1dcd-488f-9f7d-77ad9884cb06-1536x864.jpg 1536w, https:\/\/www.radiopiu.net\/wordpress\/wp-content\/uploads\/2023\/03\/7b234db4-1dcd-488f-9f7d-77ad9884cb06.jpg 1600w\" sizes=\"auto, (max-width: 300px) 100vw, 300px\" \/><\/a>\n\t\t\t\t<\/dt><\/dl><br style=\"clear: both\" \/>\n\t\t\t<\/div>\n\n<p>&nbsp;<\/p>\n<hr \/>\n<p>&nbsp;<\/p>\n<blockquote>\n<h3>SONO TRE LE OPERE CHE L&#8217;AMMINISTRAZIONE COMUNALE DI RIVAMONTE VUOLE PORTARE A TERMINE<\/h3>\n<\/blockquote>\n<p><strong><a class=\"dt-pswp-item\" href=\"https:\/\/www.radiopiu.net\/wordpress\/wp-content\/uploads\/2021\/09\/DJI_0036-scaled.jpg\" data-dt-img-description=\"\" data-large_image_width=\"2560\" data-large_image_height=\"1920\"><img loading=\"lazy\" decoding=\"async\" class=\" wp-image-232647 alignleft\" src=\"https:\/\/www.radiopiu.net\/wordpress\/wp-content\/uploads\/2021\/09\/DJI_0036-300x225.jpg\" alt=\"\" width=\"199\" height=\"149\" srcset=\"https:\/\/www.radiopiu.net\/wordpress\/wp-content\/uploads\/2021\/09\/DJI_0036-300x225.jpg 300w, https:\/\/www.radiopiu.net\/wordpress\/wp-content\/uploads\/2021\/09\/DJI_0036-1024x768.jpg 1024w, https:\/\/www.radiopiu.net\/wordpress\/wp-content\/uploads\/2021\/09\/DJI_0036-768x576.jpg 768w, https:\/\/www.radiopiu.net\/wordpress\/wp-content\/uploads\/2021\/09\/DJI_0036-1536x1152.jpg 1536w, https:\/\/www.radiopiu.net\/wordpress\/wp-content\/uploads\/2021\/09\/DJI_0036-2048x1536.jpg 2048w\" sizes=\"auto, (max-width: 199px) 100vw, 199px\" \/><\/a>RIVAMONTE<\/strong><\/p>\n<p>di Gianni Santomaso<\/p>\n<audio class=\"wp-audio-shortcode\" id=\"audio-328098-3\" preload=\"none\" style=\"width: 100%;\" controls=\"controls\"><source type=\"audio\/mpeg\" src=\"https:\/\/www.radiopiu.net\/wordpress\/wp-content\/uploads\/2023\/03\/GIANNI-SONO-TRE-LE-OPERE-CHE-LAMMINISTRAZIONE-COMUNALE-DI-RIVAMONTE-VUOLE-PORTARE-A-TERMINE.mp3?_=3\" \/><a href=\"https:\/\/www.radiopiu.net\/wordpress\/wp-content\/uploads\/2023\/03\/GIANNI-SONO-TRE-LE-OPERE-CHE-LAMMINISTRAZIONE-COMUNALE-DI-RIVAMONTE-VUOLE-PORTARE-A-TERMINE.mp3\">https:\/\/www.radiopiu.net\/wordpress\/wp-content\/uploads\/2023\/03\/GIANNI-SONO-TRE-LE-OPERE-CHE-LAMMINISTRAZIONE-COMUNALE-DI-RIVAMONTE-VUOLE-PORTARE-A-TERMINE.mp3<\/a><\/audio>\n<p>&nbsp;<\/p>\n<hr \/>\n<p>&nbsp;<\/p>\n<blockquote>\n<h3>IL GEMELLAGGIO TRA BELLUNO E PEDRAS GRANDES IN BRASILE<\/h3>\n<\/blockquote>\n<p><strong><a class=\"dt-pswp-item\" href=\"https:\/\/www.radiopiu.net\/wordpress\/wp-content\/uploads\/2021\/10\/PIAZZA-MARTIRI-BELLUNO.jpg\" data-dt-img-description=\"\" data-large_image_width=\"1364\" data-large_image_height=\"908\"><img loading=\"lazy\" decoding=\"async\" class=\" wp-image-235813 alignleft\" src=\"https:\/\/www.radiopiu.net\/wordpress\/wp-content\/uploads\/2021\/10\/PIAZZA-MARTIRI-BELLUNO-300x200.jpg\" alt=\"\" width=\"150\" height=\"100\" srcset=\"https:\/\/www.radiopiu.net\/wordpress\/wp-content\/uploads\/2021\/10\/PIAZZA-MARTIRI-BELLUNO-300x200.jpg 300w, https:\/\/www.radiopiu.net\/wordpress\/wp-content\/uploads\/2021\/10\/PIAZZA-MARTIRI-BELLUNO-1024x682.jpg 1024w, https:\/\/www.radiopiu.net\/wordpress\/wp-content\/uploads\/2021\/10\/PIAZZA-MARTIRI-BELLUNO-768x511.jpg 768w, https:\/\/www.radiopiu.net\/wordpress\/wp-content\/uploads\/2021\/10\/PIAZZA-MARTIRI-BELLUNO.jpg 1364w\" sizes=\"auto, (max-width: 150px) 100vw, 150px\" \/><\/a>BELLUNO<\/strong> Via al \u201cpatto di amicizia\u201d tra il Comune di Belluno e la citt\u00e0 di Pedras Grandes, in Brasile: dopo l&#8217;approvazione in consiglio comunale, in questi giorni la prima visita in terra brasiliana.<\/p>\n<p><strong>di Daniele Dalvit<\/strong><\/p>\n<audio class=\"wp-audio-shortcode\" id=\"audio-328098-4\" preload=\"none\" style=\"width: 100%;\" controls=\"controls\"><source type=\"audio\/mpeg\" src=\"https:\/\/www.radiopiu.net\/wordpress\/wp-content\/uploads\/2023\/03\/Radio-Piu-Servizio-Gemellaggio-Belluno-Brasile.mp3?_=4\" \/><a href=\"https:\/\/www.radiopiu.net\/wordpress\/wp-content\/uploads\/2023\/03\/Radio-Piu-Servizio-Gemellaggio-Belluno-Brasile.mp3\">https:\/\/www.radiopiu.net\/wordpress\/wp-content\/uploads\/2023\/03\/Radio-Piu-Servizio-Gemellaggio-Belluno-Brasile.mp3<\/a><\/audio>\n<p>&nbsp;<\/p>\n<p>&nbsp;<\/p>\n<hr \/>\n<p>&nbsp;<\/p>\n<blockquote>\n<h3>DERUBATO DEI SOLDI DOPO L&#8217;AGGRESSIONE. TRE I DENUNCIATI<\/h3>\n<\/blockquote>\n<p><strong>OGGI SUL CORRIERE DELLE ALPI<\/strong><\/p>\n<p><strong>DI GIGI SOSSO<\/strong><\/p>\n<p><img loading=\"lazy\" decoding=\"async\" class=\"alignleft\" src=\"https:\/\/www.radiopiu.net\/wordpress\/wp-content\/uploads\/2021\/10\/police-3394767__480.jpg\" width=\"234\" height=\"156\" \/><\/p>\n<p><strong>BELLUNO<\/strong> Tre giovani sono stati denunciati dai carabinieri per rapina impropria di soldi e sequestro di persona. Ma il fatto sarebbe successo solo l&#8217;altro giorno in citt\u00e0, le indagini coordinate dalla Procura della Repubblica sono ancora nella loro fase iniziale, di conseguenza non si pu\u00f2 per niente escludere che il secondo delitto sia derubricato in qualcosa di meno grave. Nel frattempo, il pubblico ministero Roberta Gallego ha chiesto e ottenuto dal giudice per le indagini preliminari di competenza il divieto di avvicinamento per due degli indagati e la misura cautelare gli arresti domiciliari per il terzo. Si tratterebbe di giovani di origine maghrebina, che sicuramente ieri mattina hanno sostenuto l&#8217;interrogatorio di garanzia a palazzo di giustizia, facendo la mossa pi\u00f9 prevedibile, in questa fase preliminare: avvalersi della facolt\u00e0 di non rispondere. Del resto, i loro avvocati di fiducia Mario Mazzoccoli ed Enrico Rech non hanno ancora letto gli atti d&#8217;indagine disponibili e conoscono soltanto i reati contestati.\u00a0 I tre avrebbero incrociato una persona in centro e si sarebbero fatti consegnare con la forza tutti i soldi che aveva in tasca in quel momento.<\/p>\n<p>&nbsp;<\/p>\n<blockquote>\n<h3>LADRI DI BICICLETTE: CONDANNATI<\/h3>\n<\/blockquote>\n<p><strong>BELLUNO<\/strong> A. D. \u00e8 stato condannato a sette mesi di reclusione e 250 euro di multa dal giudice Cristina Cittolin. In pi\u00f9, c&#8217;\u00e8 un risarcimento danni di 800 euro. La complice, invece, aveva patteggiato il furto aggravato nel piazzale della stazione. Secondo la ricostruzione della Procura della Repubblica, i due giovani stazionavano nella zona dei giardinetti, quando sono stati fermati e controllati dai poliziotti della volante. Sono tornati a casa montando una mountain bike rubata dalla rastrelliera accanto allo scalo ferroviario. Inchiodati dalle telecamere<\/p>\n<p>&nbsp;<\/p>\n<hr \/>\n<p>&nbsp;<\/p>\n<blockquote>\n<h3>ANCORA TRITOLO NEL CORDEVOLE CADORINO<\/h3>\n<p><em>Un sacco nero per lo smaltimento, non lontano dal punto in cui, quattro settimane fa, il Piave assunse un\u2019inquietante colorazione verde per l\u2019Arpav\u00a0 trinitrotoluene, meglio conosciuto come tritolo<\/em><\/p><\/blockquote>\n<p><strong>SAN PIETRO DI CADORE \u00a0<\/strong>A febbraio acque del Piave colorate di verde, a marzo un sacco nero alla confluenza con il torrente Cordevole, che scende dalla Val Visdende, episodi collegati?\u00a0 La segnalazione di alcuni pescatori. Sul posto\u00a0 carabinieri forestali e vigili del fuoco, il contenuto\u00a0 del sacco potrebbe confermare la presenza del trinitrotoluene o di altre sostanze esplosive, gettate nell\u2019acqua con l\u2019intenzione di liberarsene. I carabinieri sono alla ricerca del possibile &#8220;recuperante&#8221; che si sarebbe liberato del materiale esplosivo che deteneva tra le mura di casa.<\/p>\n<p>&nbsp;<\/p>\n<hr \/>\n<p>&nbsp;<\/p>\n<blockquote>\n<h3>A CORTINAMETRAGGIO LA POLIZIA CON &#8220;SEGNI MOLTO PARTICOLARI&#8221;<\/h3>\n<\/blockquote>\n<p>&nbsp;<\/p>\n<p align=\"JUSTIFY\"><span style=\"font-family: Tahoma, serif;\"><span style=\"font-size: medium;\"><strong>CORTINA<\/strong> Oggi la Polizia di Stato presenter\u00e0 in anteprima nazionale \u201cSegni molto particolari\u201d.\u00a0 <\/span><\/span><span style=\"font-family: Tahoma, serif; font-size: medium;\">La proiezione\u00a0 avverr\u00e0 nella serata conclusiva del festival e segna un punto di approdo di un percorso voluto dal Dipartimento della Pubblica Sicurezza.<\/span> E&#8217;<span style=\"font-family: Tahoma, serif;\"><span style=\"font-size: medium;\">\u00a0un inno all\u2019inclusivit\u00e0 e al valore della diversit\u00e0: Laura, la protagonista, \u00e8 una campionessa di nuoto, cieca dalla nascita che, entrata in Polizia come agente tecnico, al termine della sua brillante carriera sportiva nel Gruppo Sportivo delle Fiamme Oro, sar\u00e0 impiegata in un Commissariato, iniziando cos\u00ec un nuovo e stimolante percorso professionale. Dotata di grande intuito ed empatia, Laura sapr\u00e0 dimostrarsi una risorsa preziosa per il Commissariato e riuscir\u00e0, con l\u2019aiuto dei sui colleghi, a risolvere un caso misterioso.\u00a0<\/span><\/span><\/p>\n<blockquote>\n<p align=\"JUSTIFY\"><em><span style=\"font-family: Tahoma, serif;\"><span style=\"font-size: medium;\">Lo scorso\u00a0gennaio\u00a0la Polizia di Stato ha concluso la selezione dei primi 14 atleti paralimpici dando loro l\u2019opportunit\u00e0 di diventare a tutti gli effetti Poliziotti. Grazie a questo concorso, infatti, tutti gli atleti paralimpici una volta reclutati e inseriti nella Gruppi sportivi della Polizia di Stato \u201cSezione paralimpica Fiamme Oro\u201d, a fine carriera sportiva, per la prima volta nella storia della Polizia di Stato, verranno reimpiegati quali Agenti di Polizia nei ruoli tecnici. L\u2019assunzione a tempo indeterminato rappresenta un unicum nei gruppi sportivi paralimpici delle Forze armate e di polizia e contribuir\u00e0 certamente a rafforzare il legame tra atleti e Istituzione.<\/span><\/span><\/em><\/p>\n<\/blockquote>\n\n\t\t\t<style type='text\/css'>\n\t\t\t\t#gallery-3 {\n\t\t\t\t\tmargin: auto;\n\t\t\t\t}\n\t\t\t\t#gallery-3 .gallery-item {\n\t\t\t\t\tfloat: left;\n\t\t\t\t\tmargin-top: 10px;\n\t\t\t\t\ttext-align: center;\n\t\t\t\t\twidth: 25%;\n\t\t\t\t}\n\t\t\t\t#gallery-3 img {\n\t\t\t\t\tborder: 2px solid #cfcfcf;\n\t\t\t\t}\n\t\t\t\t#gallery-3 .gallery-caption {\n\t\t\t\t\tmargin-left: 0;\n\t\t\t\t}\n\t\t\t\t\/* see gallery_shortcode() in wp-includes\/media.php *\/\n\t\t\t<\/style>\n\t\t<div id='gallery-3' class='dt-gallery-container gallery galleryid-328098 gallery-columns-4 gallery-size-thumbnail'><dl class='gallery-item'>\n\t\t\t\t<dt class='gallery-icon landscape'>\n\t\t\t\t\t<a class=\"rollover rollover-zoom dt-pswp-item\" title=\"WhatsApp Image 2023-02-10 at 17.14.03\" data-dt-img-description=\"\" data-large_image_width=\"1600\" data-large_image_height=\"1200\"href='https:\/\/www.radiopiu.net\/wordpress\/wp-content\/uploads\/2023\/03\/WhatsApp-Image-2023-02-10-at-17.14.03.jpeg'><img loading=\"lazy\" decoding=\"async\" width=\"150\" height=\"150\" src=\"https:\/\/www.radiopiu.net\/wordpress\/wp-content\/uploads\/2023\/03\/WhatsApp-Image-2023-02-10-at-17.14.03-150x150.jpeg\" class=\"attachment-thumbnail size-thumbnail\" alt=\"\" \/><\/a>\n\t\t\t\t<\/dt><\/dl><dl class='gallery-item'>\n\t\t\t\t<dt class='gallery-icon portrait'>\n\t\t\t\t\t<a class=\"rollover rollover-zoom dt-pswp-item\" title=\"POLIZIA\" data-dt-img-description=\"\" data-large_image_width=\"1200\" data-large_image_height=\"1600\"href='https:\/\/www.radiopiu.net\/wordpress\/wp-content\/uploads\/2023\/03\/WhatsApp-Image-2023-02-10-at-17.14.04-1.jpeg'><img loading=\"lazy\" decoding=\"async\" width=\"150\" height=\"150\" src=\"https:\/\/www.radiopiu.net\/wordpress\/wp-content\/uploads\/2023\/03\/WhatsApp-Image-2023-02-10-at-17.14.04-1-150x150.jpeg\" class=\"attachment-thumbnail size-thumbnail\" alt=\"\" \/><\/a>\n\t\t\t\t<\/dt><\/dl><dl class='gallery-item'>\n\t\t\t\t<dt class='gallery-icon landscape'>\n\t\t\t\t\t<a class=\"rollover rollover-zoom dt-pswp-item\" title=\"POLIZIA\" data-dt-img-description=\"\" data-large_image_width=\"1600\" data-large_image_height=\"1200\"href='https:\/\/www.radiopiu.net\/wordpress\/wp-content\/uploads\/2023\/03\/WhatsApp-Image-2023-02-10-at-17.14.04-2.jpeg'><img loading=\"lazy\" decoding=\"async\" width=\"150\" height=\"150\" src=\"https:\/\/www.radiopiu.net\/wordpress\/wp-content\/uploads\/2023\/03\/WhatsApp-Image-2023-02-10-at-17.14.04-2-150x150.jpeg\" class=\"attachment-thumbnail size-thumbnail\" alt=\"\" \/><\/a>\n\t\t\t\t<\/dt><\/dl><dl class='gallery-item'>\n\t\t\t\t<dt class='gallery-icon portrait'>\n\t\t\t\t\t<a class=\"rollover rollover-zoom dt-pswp-item\" title=\"POLIZIA\" data-dt-img-description=\"\" data-large_image_width=\"900\" data-large_image_height=\"1600\"href='https:\/\/www.radiopiu.net\/wordpress\/wp-content\/uploads\/2023\/03\/WhatsApp-Image-2023-02-10-at-17.14.04.jpeg'><img loading=\"lazy\" decoding=\"async\" width=\"150\" height=\"150\" src=\"https:\/\/www.radiopiu.net\/wordpress\/wp-content\/uploads\/2023\/03\/WhatsApp-Image-2023-02-10-at-17.14.04-150x150.jpeg\" class=\"attachment-thumbnail size-thumbnail\" alt=\"\" \/><\/a>\n\t\t\t\t<\/dt><\/dl><br style=\"clear: both\" \/>\n\t\t\t<\/div>\n\n<blockquote>\n<p align=\"JUSTIFY\">\n<\/blockquote>\n<hr \/>\n<p>&nbsp;<\/p>\n<p>&nbsp;<\/p>\n<p>&nbsp;<\/p>\n<blockquote>\n<h3>APPUNTAMENTO IN RADIO CON LA SETTIMANA DELLA MEMORIA E DELL\u2019IMPEGNO 5^PUNTATA<\/h3>\n<\/blockquote>\n<div dir=\"auto\"><strong>PUNTATA 05<\/strong><\/div>\n<div dir=\"auto\">\n\n\t\t\t<style type='text\/css'>\n\t\t\t\t#gallery-4 {\n\t\t\t\t\tmargin: auto;\n\t\t\t\t}\n\t\t\t\t#gallery-4 .gallery-item {\n\t\t\t\t\tfloat: left;\n\t\t\t\t\tmargin-top: 10px;\n\t\t\t\t\ttext-align: center;\n\t\t\t\t\twidth: 50%;\n\t\t\t\t}\n\t\t\t\t#gallery-4 img {\n\t\t\t\t\tborder: 2px solid #cfcfcf;\n\t\t\t\t}\n\t\t\t\t#gallery-4 .gallery-caption {\n\t\t\t\t\tmargin-left: 0;\n\t\t\t\t}\n\t\t\t\t\/* see gallery_shortcode() in wp-includes\/media.php *\/\n\t\t\t<\/style>\n\t\t<div id='gallery-4' class='dt-gallery-container gallery galleryid-328098 gallery-columns-2 gallery-size-thumbnail'><dl class='gallery-item'>\n\t\t\t\t<dt class='gallery-icon landscape'>\n\t\t\t\t\t<a class=\"rollover rollover-zoom dt-pswp-item\" title=\"336902676_747537896953956_400231537454612269_n\" data-dt-img-description=\"\" data-large_image_width=\"600\" data-large_image_height=\"600\"href='https:\/\/www.radiopiu.net\/wordpress\/wp-content\/uploads\/2023\/03\/336902676_747537896953956_400231537454612269_n.jpg'><img loading=\"lazy\" decoding=\"async\" width=\"150\" height=\"150\" src=\"https:\/\/www.radiopiu.net\/wordpress\/wp-content\/uploads\/2023\/03\/336902676_747537896953956_400231537454612269_n-150x150.jpg\" class=\"attachment-thumbnail size-thumbnail\" alt=\"\" srcset=\"https:\/\/www.radiopiu.net\/wordpress\/wp-content\/uploads\/2023\/03\/336902676_747537896953956_400231537454612269_n-150x150.jpg 150w, https:\/\/www.radiopiu.net\/wordpress\/wp-content\/uploads\/2023\/03\/336902676_747537896953956_400231537454612269_n-300x300.jpg 300w, https:\/\/www.radiopiu.net\/wordpress\/wp-content\/uploads\/2023\/03\/336902676_747537896953956_400231537454612269_n.jpg 600w\" sizes=\"auto, (max-width: 150px) 100vw, 150px\" \/><\/a>\n\t\t\t\t<\/dt><\/dl><dl class='gallery-item'>\n\t\t\t\t<dt class='gallery-icon landscape'>\n\t\t\t\t\t<a class=\"rollover rollover-zoom dt-pswp-item\" title=\"336900433_3369841446610187_4542405253072452252_n\" data-dt-img-description=\"\" data-large_image_width=\"600\" data-large_image_height=\"600\"href='https:\/\/www.radiopiu.net\/wordpress\/wp-content\/uploads\/2023\/03\/336900433_3369841446610187_4542405253072452252_n.jpg'><img loading=\"lazy\" decoding=\"async\" width=\"150\" height=\"150\" src=\"https:\/\/www.radiopiu.net\/wordpress\/wp-content\/uploads\/2023\/03\/336900433_3369841446610187_4542405253072452252_n-150x150.jpg\" class=\"attachment-thumbnail size-thumbnail\" alt=\"\" srcset=\"https:\/\/www.radiopiu.net\/wordpress\/wp-content\/uploads\/2023\/03\/336900433_3369841446610187_4542405253072452252_n-150x150.jpg 150w, https:\/\/www.radiopiu.net\/wordpress\/wp-content\/uploads\/2023\/03\/336900433_3369841446610187_4542405253072452252_n-300x300.jpg 300w, https:\/\/www.radiopiu.net\/wordpress\/wp-content\/uploads\/2023\/03\/336900433_3369841446610187_4542405253072452252_n.jpg 600w\" sizes=\"auto, (max-width: 150px) 100vw, 150px\" \/><\/a>\n\t\t\t\t<\/dt><\/dl><br style=\"clear: both\" \/>\n\t\t\t<\/div>\n\n<\/div>\n<div dir=\"auto\"><\/div>\n<div class=\"x11i5rnm xat24cr x1mh8g0r x1vvkbs xdj266r x126k92a\">\n<div dir=\"auto\">E&#8217; possibile progettare un mondo in cui il NOI prevalga sull&#8217;Io<\/div>\n<div dir=\"auto\"><strong> Hamdi Lala (1965-2000) <\/strong>Abbiamo scelto di raccontare la storia di Hamdi Lala perch\u00e8 oltre alla problematica dello sfruttamento delle persone da parte del poter mafioso, abbiamo avuto la possibilit\u00e0 di riflettere sulle vite dei migranti in Italia, che pur scappando dai loro paesi in cerca di opportunit\u00e0 migliori, continuano spesso ad essere sfruttate e a vivere in situazione di povert\u00e0.<\/div>\n<\/div>\n<div class=\"x11i5rnm xat24cr x1mh8g0r x1vvkbs xtlvy1s x126k92a\">\n<div dir=\"auto\">\n<p><strong>Hyso Telharaj (1977-1999) <\/strong>Nell&#8217;anno scolastico 2017\/2018 i ragazzi della 2B di Canale hanno approfondito la vicenda di Hyso Telharaj, giovane albanese di 22 anni morto a Cerignola in Puglia per mano del caporalato mafioso: aveva infatti avuto il coraggio di dire no ai soprusi cui erano sottoposti (e purtroppo lo sono ancora&#8230;) i braccianti agricoli. A lui hanno dedicato una canzone che in questi giorni \u00e8 arrivata alla famiglia di Hyso in Albania<\/p>\n<audio class=\"wp-audio-shortcode\" id=\"audio-328098-5\" preload=\"none\" style=\"width: 100%;\" controls=\"controls\"><source type=\"audio\/mpeg\" src=\"https:\/\/www.radiopiu.net\/wordpress\/wp-content\/uploads\/2023\/03\/VENERDI-24-HANDA-LALA_E-HYSO-TELHARA.mp3?_=5\" \/><a href=\"https:\/\/www.radiopiu.net\/wordpress\/wp-content\/uploads\/2023\/03\/VENERDI-24-HANDA-LALA_E-HYSO-TELHARA.mp3\">https:\/\/www.radiopiu.net\/wordpress\/wp-content\/uploads\/2023\/03\/VENERDI-24-HANDA-LALA_E-HYSO-TELHARA.mp3<\/a><\/audio>\n<p>&nbsp;<\/p>\n<hr \/>\n<p>&nbsp;<\/p>\n<p>&nbsp;<\/p>\n<h2><span style=\"color: #008080;\">&#8220;DINTORN E FORA VIA&#8221;\u00a0<\/span><span style=\"color: #008080;\"> IL PROGRAMMA\u00a0 <\/span><span style=\"color: #008080;\">A CURA DEL MUSLA\u00a0\u00a0<\/span><\/h2>\n<h1 style=\"text-align: center;\"><\/h1>\n<h1 style=\"text-align: center;\"><strong><span style=\"color: #ff0000;\">SECONDO ANNO\u00a0<\/span><\/strong><\/h1>\n<p><strong><a class=\"dt-pswp-item\" href=\"https:\/\/www.radiopiu.net\/wordpress\/wp-content\/uploads\/2023\/03\/e8137d83-627b-411c-b79b-8501dbdf510f.jpg\" data-dt-img-description=\"\" data-large_image_width=\"1600\" data-large_image_height=\"145\"><img loading=\"lazy\" decoding=\"async\" class=\"size-medium wp-image-328173 alignleft\" src=\"https:\/\/www.radiopiu.net\/wordpress\/wp-content\/uploads\/2023\/03\/e8137d83-627b-411c-b79b-8501dbdf510f-300x27.jpg\" alt=\"\" width=\"300\" height=\"27\" srcset=\"https:\/\/www.radiopiu.net\/wordpress\/wp-content\/uploads\/2023\/03\/e8137d83-627b-411c-b79b-8501dbdf510f-300x27.jpg 300w, https:\/\/www.radiopiu.net\/wordpress\/wp-content\/uploads\/2023\/03\/e8137d83-627b-411c-b79b-8501dbdf510f-1024x93.jpg 1024w, https:\/\/www.radiopiu.net\/wordpress\/wp-content\/uploads\/2023\/03\/e8137d83-627b-411c-b79b-8501dbdf510f-768x70.jpg 768w, https:\/\/www.radiopiu.net\/wordpress\/wp-content\/uploads\/2023\/03\/e8137d83-627b-411c-b79b-8501dbdf510f-1536x139.jpg 1536w, https:\/\/www.radiopiu.net\/wordpress\/wp-content\/uploads\/2023\/03\/e8137d83-627b-411c-b79b-8501dbdf510f.jpg 1600w\" sizes=\"auto, (max-width: 300px) 100vw, 300px\" \/><\/a>PUNTATA DEL 24 MARZO NORMAN CREPAZ\u00a0<\/strong><\/p>\n<audio class=\"wp-audio-shortcode\" id=\"audio-328098-6\" preload=\"none\" style=\"width: 100%;\" controls=\"controls\"><source type=\"audio\/mpeg\" src=\"https:\/\/www.radiopiu.net\/wordpress\/wp-content\/uploads\/2023\/03\/MUSLA-4.mp3?_=6\" \/><a href=\"https:\/\/www.radiopiu.net\/wordpress\/wp-content\/uploads\/2023\/03\/MUSLA-4.mp3\">https:\/\/www.radiopiu.net\/wordpress\/wp-content\/uploads\/2023\/03\/MUSLA-4.mp3<\/a><\/audio>\n<p>&nbsp;<\/p>\n<hr \/>\n<p><span style=\"color: #ff0000;\"><strong>IERI IN TELEVISIONE, DI TIZIANA BOLOGNANI<\/strong><\/span><\/p>\n<p><em><strong>ANTENNA 3\u00a0 TG DELLE 19.30, tutti i giorni alla radio le anticipazioni al TG\u00a0 nel notiziario delle 19.05<\/strong><\/em><\/p>\n<blockquote>\n<h3 class=\"_title post-title entry-title\">BELLUNO | NEVEGAL, CANER: \u00abNECESSARIO RIVEDERE ASSETTO CON UN UNICO IMPIANTO\u00bb<\/h3>\n<\/blockquote>\n<p><strong>BELLUNO<\/strong> \u2013 Futuro del Nevegal. Mentre \u00e8 in fase di svolgimento la nuova gara per la gestione degli impianti del Colle si intensificano gli scambi fra Belluno e Treviso sull\u2019ipotesi di costruzione di una funivia e fra Belluno e la Regione. \u201cAbbiamo dato la nostra disponibilit\u00e0\u201d dichiara oggi l\u2019assessore regionale al turismo Federico Caner. Ma il \u201cquantum\u201d non \u00e8 ancora stato stabilito. || Nevegal operativo estate e inverno con un unico impianto moderno: che l\u2019arrivo debba essere in cima al Colle non ci sono dubbi, sulla partenza le ipotesi cominciano ad affollarsi e ritorna a spron battuto quella lato Treviso nei confronti della quale c\u2019\u00e8 l\u2019 interesse di una cordata di imprenditori algerini che hanno messo sul piatto una cifra a 7 zeri.<\/p>\n<p><iframe loading=\"lazy\" title=\"A3 NEWS TREVISO | 24\/03\/2023\" width=\"1200\" height=\"675\" src=\"https:\/\/www.youtube.com\/embed\/ZwB0S_GSi1Q?start=600&#038;feature=oembed\" frameborder=\"0\" allow=\"accelerometer; autoplay; clipboard-write; encrypted-media; gyroscope; picture-in-picture; web-share\" allowfullscreen><\/iframe><\/p>\n<p>&nbsp;<\/p>\n<blockquote>\n<h3 class=\"_title post-title entry-title\">OLIMPIADI 2026, FRA QUALCHE GIORNO DECISIONE DEFINITIVA SU SEDE VILLAGGIO<\/h3>\n<\/blockquote>\n<p><strong>LONGARONE<\/strong> Olimpiadi 2026: \u00e8 ancora scontro sulla futura sede del villaggio che la cabina di regia avrebbe collocato a Campo di Cortina. Stamattina sopralluogo del commissario Valerio Sant\u2019Andrea. Da Treviso il ministro dello sport Abodi: \u00abFRa qualche giorno la parola definitiva\u00bb.<\/p>\n<\/div>\n<\/div>\n<p><iframe loading=\"lazy\" title=\"OLIMPIADI 2026, FRA QUALCHE GIORNO DECISIONE DEFINITIVA SU SEDE VILLAGGIO  | 24\/03\/2023\" width=\"1200\" height=\"675\" src=\"https:\/\/www.youtube.com\/embed\/PdXKRR19lEU?feature=oembed\" frameborder=\"0\" allow=\"accelerometer; autoplay; clipboard-write; encrypted-media; gyroscope; picture-in-picture; web-share\" allowfullscreen><\/iframe><\/p>\n<p>&nbsp;<\/p>\n<p>&nbsp;<\/p>\n<hr \/>\n<p>&nbsp;<\/p>\n<p><span style=\"color: #ff0000;\"><strong>LO SPECIALE DI RADIO PIU<\/strong><\/span><br \/>\n<span style=\"color: #ff0000;\"><strong>LA RICORRENZA<\/strong><\/span><\/p>\n<blockquote class=\"wp-embedded-content\" data-secret=\"Q5nnluSgs7\"><p><a href=\"https:\/\/www.radiopiu.net\/wordpress\/auguri-mario-brega-uomo-che-merita-di-essere-ricordato\/\">AUGURI MARIO BREGA! UOMO CHE MERITA DI ESSERE RICORDATO<\/a><\/p><\/blockquote>\n<p><iframe loading=\"lazy\" class=\"wp-embedded-content\" sandbox=\"allow-scripts\" security=\"restricted\" style=\"position: absolute; clip: rect(1px, 1px, 1px, 1px);\" title=\"&#8220;AUGURI MARIO BREGA! UOMO CHE MERITA DI ESSERE RICORDATO&#8221; &#8212; Radio Pi\u00f9\" src=\"https:\/\/www.radiopiu.net\/wordpress\/auguri-mario-brega-uomo-che-merita-di-essere-ricordato\/embed\/#?secret=wgDTD8VseM#?secret=Q5nnluSgs7\" data-secret=\"Q5nnluSgs7\" width=\"600\" height=\"338\" frameborder=\"0\" marginwidth=\"0\" marginheight=\"0\" scrolling=\"no\"><\/iframe><\/p>\n<p>&nbsp;<\/p>\n<hr \/>\n<p>&nbsp;<\/p>\n<blockquote>\n<h3>PER MALGA FOCA STRADA DI NUOVO PERCORRIBILE<\/h3>\n<\/blockquote>\n<p><strong>LA VALLE <\/strong>\u00a0Revocato ieri il divieto di transito per rischio slavine sulla silvo-pastorale di Malga Foca. Torna dunque percorribile il tratto dal ponte sul Bordina alla seconda curva dopo l&#8217;uscita del vallino della Val Cavalera.<\/p>\n<p>&nbsp;<\/p>\n<hr \/>\n<blockquote>\n<h3><\/h3>\n<h3>APRE OGGI LA NUOVA COOP A FRASSENE&#8217; INAUGURAZIONE IN DIRETTA SUI CANALI SOCIAL DI RADIO PIU \u00f9<\/h3>\n<\/blockquote>\n<p><strong>VOLTAGO<\/strong> Oggi alle 11 riapre l&#8217;alimentari di Frassen\u00e9, attivit\u00e0\u00a0 stata rilevata dalla Famiglia Cooperative di Primiero. Alla cerimonia interverranno tra gli altri il vicepresidente della Provincia di Trento e assessore alla cooperazione, Mario Tonina e i vertici della cooperazione trentina.<\/p>\n<p>&nbsp;<\/p>\n<hr \/>\n<blockquote>\n<h3><\/h3>\n<h3>LA PART DE LE LEGNE<\/h3>\n<\/blockquote>\n<p>FALCADE\u00a0 \u00c8 aperta la prenotazione delle &#8220;part&#8221; di legna da ardere. Le domande vanno presentate in municipio entro il 29 aprile sul modulo disponibile online e negli ufficia al piano terra.<\/p>\n<p>&nbsp;<\/p>\n<hr \/>\n<p>&nbsp;<\/p>\n<p><strong>DI TIZIANO DE COL<\/strong><\/p>\n\n\t\t\t<style type='text\/css'>\n\t\t\t\t#gallery-5 {\n\t\t\t\t\tmargin: auto;\n\t\t\t\t}\n\t\t\t\t#gallery-5 .gallery-item {\n\t\t\t\t\tfloat: left;\n\t\t\t\t\tmargin-top: 10px;\n\t\t\t\t\ttext-align: center;\n\t\t\t\t\twidth: 20%;\n\t\t\t\t}\n\t\t\t\t#gallery-5 img {\n\t\t\t\t\tborder: 2px solid #cfcfcf;\n\t\t\t\t}\n\t\t\t\t#gallery-5 .gallery-caption {\n\t\t\t\t\tmargin-left: 0;\n\t\t\t\t}\n\t\t\t\t\/* see gallery_shortcode() in wp-includes\/media.php *\/\n\t\t\t<\/style>\n\t\t<div id='gallery-5' class='dt-gallery-container gallery galleryid-328098 gallery-columns-5 gallery-size-thumbnail'><dl class='gallery-item'>\n\t\t\t\t<dt class='gallery-icon landscape'>\n\t\t\t\t\t<a class=\"rollover rollover-zoom dt-pswp-item\" title=\"71581f95-bdbf-4b04-93af-55dc5ff093c5\" data-dt-img-description=\"\" data-large_image_width=\"610\" data-large_image_height=\"355\"href='https:\/\/www.radiopiu.net\/wordpress\/wp-content\/uploads\/2023\/03\/71581f95-bdbf-4b04-93af-55dc5ff093c5.jpg'><img loading=\"lazy\" decoding=\"async\" width=\"150\" height=\"150\" src=\"https:\/\/www.radiopiu.net\/wordpress\/wp-content\/uploads\/2023\/03\/71581f95-bdbf-4b04-93af-55dc5ff093c5-150x150.jpg\" class=\"attachment-thumbnail size-thumbnail\" alt=\"\" \/><\/a>\n\t\t\t\t<\/dt><\/dl><dl class='gallery-item'>\n\t\t\t\t<dt class='gallery-icon landscape'>\n\t\t\t\t\t<a class=\"rollover rollover-zoom dt-pswp-item\" title=\"c776ad6c-6b50-4353-98af-b6abb8e376e0\" data-dt-img-description=\"\" data-large_image_width=\"588\" data-large_image_height=\"357\"href='https:\/\/www.radiopiu.net\/wordpress\/wp-content\/uploads\/2023\/03\/c776ad6c-6b50-4353-98af-b6abb8e376e0.jpg'><img loading=\"lazy\" decoding=\"async\" width=\"150\" height=\"150\" src=\"https:\/\/www.radiopiu.net\/wordpress\/wp-content\/uploads\/2023\/03\/c776ad6c-6b50-4353-98af-b6abb8e376e0-150x150.jpg\" class=\"attachment-thumbnail size-thumbnail\" alt=\"\" \/><\/a>\n\t\t\t\t<\/dt><\/dl><dl class='gallery-item'>\n\t\t\t\t<dt class='gallery-icon landscape'>\n\t\t\t\t\t<a class=\"rollover rollover-zoom dt-pswp-item\" title=\"4ff02862-b361-4bd7-99b1-b2fc1e14ebb3\" data-dt-img-description=\"\" data-large_image_width=\"614\" data-large_image_height=\"357\"href='https:\/\/www.radiopiu.net\/wordpress\/wp-content\/uploads\/2023\/03\/4ff02862-b361-4bd7-99b1-b2fc1e14ebb3.jpg'><img loading=\"lazy\" decoding=\"async\" width=\"150\" height=\"150\" src=\"https:\/\/www.radiopiu.net\/wordpress\/wp-content\/uploads\/2023\/03\/4ff02862-b361-4bd7-99b1-b2fc1e14ebb3-150x150.jpg\" class=\"attachment-thumbnail size-thumbnail\" alt=\"\" \/><\/a>\n\t\t\t\t<\/dt><\/dl><dl class='gallery-item'>\n\t\t\t\t<dt class='gallery-icon landscape'>\n\t\t\t\t\t<a class=\"rollover rollover-zoom dt-pswp-item\" title=\"74304a5d-093d-4d40-b4da-2c3419ee9817\" data-dt-img-description=\"\" data-large_image_width=\"603\" data-large_image_height=\"355\"href='https:\/\/www.radiopiu.net\/wordpress\/wp-content\/uploads\/2023\/03\/74304a5d-093d-4d40-b4da-2c3419ee9817.jpg'><img loading=\"lazy\" decoding=\"async\" width=\"150\" height=\"150\" src=\"https:\/\/www.radiopiu.net\/wordpress\/wp-content\/uploads\/2023\/03\/74304a5d-093d-4d40-b4da-2c3419ee9817-150x150.jpg\" class=\"attachment-thumbnail size-thumbnail\" alt=\"\" \/><\/a>\n\t\t\t\t<\/dt><\/dl><dl class='gallery-item'>\n\t\t\t\t<dt class='gallery-icon landscape'>\n\t\t\t\t\t<a class=\"rollover rollover-zoom dt-pswp-item\" title=\"9b4c5091-28f4-49e2-886c-c0bfe103aae2\" data-dt-img-description=\"\" data-large_image_width=\"604\" data-large_image_height=\"348\"href='https:\/\/www.radiopiu.net\/wordpress\/wp-content\/uploads\/2023\/03\/9b4c5091-28f4-49e2-886c-c0bfe103aae2.jpg'><img loading=\"lazy\" decoding=\"async\" width=\"150\" height=\"150\" src=\"https:\/\/www.radiopiu.net\/wordpress\/wp-content\/uploads\/2023\/03\/9b4c5091-28f4-49e2-886c-c0bfe103aae2-150x150.jpg\" class=\"attachment-thumbnail size-thumbnail\" alt=\"\" \/><\/a>\n\t\t\t\t<\/dt><\/dl><br style=\"clear: both\" \/>\n\t\t\t<\/div>\n\n<p>&nbsp;<\/p>\n<hr \/>\n<p>&nbsp;<\/p>\n<blockquote>\n<h3>NEL FINE SETTIMANA LE GIORNATE FAI DI PRIMAVERA. LONGARONE APRE LE PORTE AI VISITATORI<\/h3>\n<\/blockquote>\n<p><strong><a class=\"dt-pswp-item\" href=\"https:\/\/www.radiopiu.net\/wordpress\/wp-content\/uploads\/2023\/03\/MUNICIPIO-LONGARONE-scaled.jpg\" data-dt-img-description=\"\" data-large_image_width=\"2560\" data-large_image_height=\"1707\"><img loading=\"lazy\" decoding=\"async\" class=\" wp-image-328192 alignleft\" src=\"https:\/\/www.radiopiu.net\/wordpress\/wp-content\/uploads\/2023\/03\/MUNICIPIO-LONGARONE-300x200.jpg\" alt=\"\" width=\"222\" height=\"148\" srcset=\"https:\/\/www.radiopiu.net\/wordpress\/wp-content\/uploads\/2023\/03\/MUNICIPIO-LONGARONE-300x200.jpg 300w, https:\/\/www.radiopiu.net\/wordpress\/wp-content\/uploads\/2023\/03\/MUNICIPIO-LONGARONE-1024x683.jpg 1024w, https:\/\/www.radiopiu.net\/wordpress\/wp-content\/uploads\/2023\/03\/MUNICIPIO-LONGARONE-768x512.jpg 768w, https:\/\/www.radiopiu.net\/wordpress\/wp-content\/uploads\/2023\/03\/MUNICIPIO-LONGARONE-1536x1024.jpg 1536w, https:\/\/www.radiopiu.net\/wordpress\/wp-content\/uploads\/2023\/03\/MUNICIPIO-LONGARONE-2048x1366.jpg 2048w\" sizes=\"auto, (max-width: 222px) 100vw, 222px\" \/><\/a>BELLUNO <\/strong>Sabato 25 e domenica 26 marzo 2023 si rinnova l\u2019appuntamento con le \u201cGiornate FAI di Primavera\u201d, il pi\u00f9 importante evento di piazza dedicato al patrimonio culturale e paesaggistico del nostro Paese. Anche in questa 31\u00aa edizione, la manifestazione di punta del FAI \u2013 Fondo per l\u2019Ambiente Italiano ETS offrir\u00e0 l\u2019opportunit\u00e0 di scoprire e riscoprire, insieme ai volontari della Fondazione, tesori di storia, arte e natura in tutta Italia con visite a contributo libero in oltre 750 luoghi di 400 citt\u00e0, la maggior parte dei quali solitamente inaccessibili o poco conosciuti. La delegazione FAI di Belluno, analogamente a quella di Pordenone che aprir\u00e0 Vajont Nuova, invita, nell&#8217;anno del 60\u00b0 anniversario del disastro del Vajont, ad un percorso emozionale nella cittadina di Longarone<\/p>\n<p><strong>ENRICA RAOTA<\/strong><\/p>\n<audio class=\"wp-audio-shortcode\" id=\"audio-328098-7\" preload=\"none\" style=\"width: 100%;\" controls=\"controls\"><source type=\"audio\/mpeg\" src=\"https:\/\/www.radiopiu.net\/wordpress\/wp-content\/uploads\/2023\/03\/ENRICA-RAOTA.mp3?_=7\" \/><a href=\"https:\/\/www.radiopiu.net\/wordpress\/wp-content\/uploads\/2023\/03\/ENRICA-RAOTA.mp3\">https:\/\/www.radiopiu.net\/wordpress\/wp-content\/uploads\/2023\/03\/ENRICA-RAOTA.mp3<\/a><\/audio>\n<p>&nbsp;<\/p>\n<hr \/>\n<p>&nbsp;<\/p>\n<blockquote>\n<h3>PRIMA VACCINAZIONE HPV IN GINECOLOGIA<\/h3>\n<\/blockquote>\n<p><strong><a class=\"dt-pswp-item\" href=\"https:\/\/www.radiopiu.net\/wordpress\/wp-content\/uploads\/2020\/06\/vaccino.jpg\" data-dt-img-description=\"\" data-large_image_width=\"1920\" data-large_image_height=\"1280\"><img loading=\"lazy\" decoding=\"async\" class=\" wp-image-143923 alignleft\" src=\"https:\/\/www.radiopiu.net\/wordpress\/wp-content\/uploads\/2020\/06\/vaccino-300x200.jpg\" alt=\"\" width=\"153\" height=\"102\" srcset=\"https:\/\/www.radiopiu.net\/wordpress\/wp-content\/uploads\/2020\/06\/vaccino-300x200.jpg 300w, https:\/\/www.radiopiu.net\/wordpress\/wp-content\/uploads\/2020\/06\/vaccino-1024x683.jpg 1024w, https:\/\/www.radiopiu.net\/wordpress\/wp-content\/uploads\/2020\/06\/vaccino-768x512.jpg 768w, https:\/\/www.radiopiu.net\/wordpress\/wp-content\/uploads\/2020\/06\/vaccino-1536x1024.jpg 1536w, https:\/\/www.radiopiu.net\/wordpress\/wp-content\/uploads\/2020\/06\/vaccino.jpg 1920w\" sizes=\"auto, (max-width: 153px) 100vw, 153px\" \/><\/a>BELLUNO <\/strong>In questi giorni \u00e8 stata eseguita la prima vaccinazione HPV a una paziente sottoposta a conizzazione per carcinoma in situ del collo dell&#8217;utero in Ginecologia a Belluno. Si tratta di un percorso, elaborato dal Dipartimento di Prevenzione dell\u2019Ulss Dolomiti, in collaborazione con le UOC di Ginecologia di Belluno e Feltre, che mira a migliorare la presa in carico delle donne che hanno gi\u00e0 avuto esiti dell&#8217;infezione da HPV, permettendo di effettuare la prima dose di vaccino direttamente in Ginecologia al fine di iniziare nel pi\u00f9 breve tempo possibile il ciclo vaccinale. \u201cQuesta attivit\u00e0 si inserisce nel grande panorama delle vaccinazioni raccomandate per soggetti a rischio incrementato, la vaccinazione precoce nelle donne che subiscono intervento di conizzazione riduce notevolmente il rischio di recidiva. Confidiamo che questa modalit\u00e0 operativa direttamente negli ambulatori ginecologici permetta una migliore e pi\u00f9 precoce adesione alla vaccinazione.\u201d riporta il dott. Nahuel Fiorito, referente per la Profilassi Vaccinale dell\u2019ULSS.<\/p>\n<p>&nbsp;<\/p>\n<p>&nbsp;<\/p>\n<hr \/>\n<p>&nbsp;<\/p>\n<blockquote>\n<h3>GLI STUDENTI DELLA SCUOLA MEDIA DI SEREN DEL GRAPPA PREMIATI A ROMA<\/h3>\n<\/blockquote>\n<p><strong><a class=\"dt-pswp-item\" href=\"https:\/\/www.radiopiu.net\/wordpress\/wp-content\/uploads\/2023\/03\/6c744ff8-8812-42a1-b910-23b006e76c3d.jpg\" data-dt-img-description=\"\" data-large_image_width=\"1514\" data-large_image_height=\"952\"><img loading=\"lazy\" decoding=\"async\" class=\" wp-image-328201 alignleft\" src=\"https:\/\/www.radiopiu.net\/wordpress\/wp-content\/uploads\/2023\/03\/6c744ff8-8812-42a1-b910-23b006e76c3d-300x189.jpg\" alt=\"\" width=\"189\" height=\"119\" srcset=\"https:\/\/www.radiopiu.net\/wordpress\/wp-content\/uploads\/2023\/03\/6c744ff8-8812-42a1-b910-23b006e76c3d-300x189.jpg 300w, https:\/\/www.radiopiu.net\/wordpress\/wp-content\/uploads\/2023\/03\/6c744ff8-8812-42a1-b910-23b006e76c3d-1024x644.jpg 1024w, https:\/\/www.radiopiu.net\/wordpress\/wp-content\/uploads\/2023\/03\/6c744ff8-8812-42a1-b910-23b006e76c3d-768x483.jpg 768w, https:\/\/www.radiopiu.net\/wordpress\/wp-content\/uploads\/2023\/03\/6c744ff8-8812-42a1-b910-23b006e76c3d.jpg 1514w\" sizes=\"auto, (max-width: 189px) 100vw, 189px\" \/><\/a>SEREN DEL GRAPPA <\/strong>Complimenti ai ragazzi della scuola media di Seren, che ieri mattina sono stati premiati a Roma, a Palazzo Madama, con alcuni altri istituti italiani fra i vincitori del concorso &#8220;Testimoni dei Diritti\u201d.\u00a0 Il concorso, promosso annualmente dal Senato in collaborazione con il Ministero dell&#8217;Istruzione e del Merito, \u00e8 rivolto alle scuole secondarie di primo grado e prevede che gli studenti riflettano sui princ\u00ecpi della Dichiarazione Universale dei Diritti Umani, approfondendo uno degli articoli a loro scelta. &#8220;I nostri studenti hanno scelto l\u2019articolo 25 della Dichiarazione dei Diritti dell\u2019Uomo, ovvero quello che si occupa del diritto alla salute e al benessere, quanto mai di attualit\u00e0, non solo nel nostro territorio &#8211; dice il sindaco di Seren Del Grappa Dario Scopel &#8211;\u00a0 Bravi ragazzi, siamo orgogliosi di voi!&#8221;.<\/p>\n<p>&nbsp;<\/p>\n<p>&nbsp;<\/p>\n<hr \/>\n<p>&nbsp;<\/p>\n<blockquote>\n<h3>IERI LA GIORNATA EUROPEA DEL GELATO<\/h3>\n<\/blockquote>\n<p><strong><a class=\"dt-pswp-item\" href=\"https:\/\/www.radiopiu.net\/wordpress\/wp-content\/uploads\/2020\/06\/GELATOMANIA.jpg\" data-dt-img-description=\"\" data-large_image_width=\"1536\" data-large_image_height=\"2048\"><img loading=\"lazy\" decoding=\"async\" class=\" wp-image-142580 alignleft\" src=\"https:\/\/www.radiopiu.net\/wordpress\/wp-content\/uploads\/2020\/06\/GELATOMANIA-225x300.jpg\" alt=\"\" width=\"117\" height=\"156\" srcset=\"https:\/\/www.radiopiu.net\/wordpress\/wp-content\/uploads\/2020\/06\/GELATOMANIA-225x300.jpg 225w, https:\/\/www.radiopiu.net\/wordpress\/wp-content\/uploads\/2020\/06\/GELATOMANIA-768x1024.jpg 768w, https:\/\/www.radiopiu.net\/wordpress\/wp-content\/uploads\/2020\/06\/GELATOMANIA-1152x1536.jpg 1152w, https:\/\/www.radiopiu.net\/wordpress\/wp-content\/uploads\/2020\/06\/GELATOMANIA.jpg 1536w\" sizes=\"auto, (max-width: 117px) 100vw, 117px\" \/><\/a>ROMA<\/strong> Si \u00e8 svolta ieri la Giornata Europea del Gelato Artigianale, e proprio in questa occasione il senatore Luca De Carlo, presidente della IX Commissione &#8211; Industria, commercio, turismo, agricoltura e produzione agroalimentare, ribadisce il proprio impegno a tutela di un comparto importante per l&#8217;economia nazionale: \u201cCome gi\u00e0 annunciato la scorsa settimana a Roma e come gi\u00e0 anticipato in occasione della Mostra Internazionale del Gelato dello scorso autunno a Longarone, confermo il mio impegno per arrivare al pi\u00f9 presto ad una legge che riconosca il gelato artigianale disciplinandone produzione e valorizzazione. Parliamo di un comparto che annualmente muove un fatturato di oltre 2,5 miliardi di euro e di una riconoscibilit\u00e0 tutta italiana: pensiamo alle aziende di macchinari, ai produttori di ingredienti e soprattutto ai gelatai che oggi come allora \u2013 e io che vengo da una terra ricca di gelatai emigranti come il Bellunese, dallo Zoldano al Cadore, lo so bene \u2013 fanno grande il nome del gelato italiano nel mondo. \u00c8 a loro quindi che dobbiamo pensare per arrivare a una legge che definisca con un disciplinare le caratteristiche di artigianalit\u00e0 del gelato\u201d.<\/p>\n<p>&nbsp;<\/p>\n<p>&nbsp;<\/p>\n<hr \/>\n<p>&nbsp;<\/p>\n<blockquote>\n<h3>LONGARONE FIERE DOLOMITI CELEBRA LA GIORNATA EUROPEA DEL GELATO ARTIGIANALE<\/h3>\n<\/blockquote>\n<p><strong><a class=\"dt-pswp-item\" href=\"https:\/\/www.radiopiu.net\/wordpress\/wp-content\/uploads\/2023\/03\/8-Premio-Pocchiesa-a-Michelangelo-Corazza.jpg\" data-dt-img-description=\"\" data-large_image_width=\"2000\" data-large_image_height=\"1078\"><img loading=\"lazy\" decoding=\"async\" class=\" wp-image-328213 alignleft\" src=\"https:\/\/www.radiopiu.net\/wordpress\/wp-content\/uploads\/2023\/03\/8-Premio-Pocchiesa-a-Michelangelo-Corazza-300x162.jpg\" alt=\"\" width=\"181\" height=\"98\" srcset=\"https:\/\/www.radiopiu.net\/wordpress\/wp-content\/uploads\/2023\/03\/8-Premio-Pocchiesa-a-Michelangelo-Corazza-300x162.jpg 300w, https:\/\/www.radiopiu.net\/wordpress\/wp-content\/uploads\/2023\/03\/8-Premio-Pocchiesa-a-Michelangelo-Corazza-1024x552.jpg 1024w, https:\/\/www.radiopiu.net\/wordpress\/wp-content\/uploads\/2023\/03\/8-Premio-Pocchiesa-a-Michelangelo-Corazza-768x414.jpg 768w, https:\/\/www.radiopiu.net\/wordpress\/wp-content\/uploads\/2023\/03\/8-Premio-Pocchiesa-a-Michelangelo-Corazza-1536x828.jpg 1536w, https:\/\/www.radiopiu.net\/wordpress\/wp-content\/uploads\/2023\/03\/8-Premio-Pocchiesa-a-Michelangelo-Corazza.jpg 2000w\" sizes=\"auto, (max-width: 181px) 100vw, 181px\" \/><\/a>LONGARONE <\/strong>\u00c8 sinonimo di italianit\u00e0 nel mondo. \u00c8 un prodotto genuino e sano, che veicola i territori e le loro materie prime d\u2019eccellenza. \u00c8 l\u2019unico prodotto alimentare ad avere una giornata dedicata dell\u2019Unione europea, che si celebra da 11 anni il 24 marzo. Nel corso della Giornata europea, \u00e8 stato consegnato il Premio Ivano Pocchiesa, organizzato da Longarone Fiere Dolomiti e Associazione Bellunesi nel Mondo. Premio che quest\u2019anno \u00e8 andato a Michelangelo Corazza, gelatiere e scrittore, attivo per decenni a Vienna con la sua attivit\u00e0 e autore di 42 libri, molti dei quali dedicati al mondo del gelato artigianale (l\u2019ultimo si intitola \u201cGelato e gelatieri della Valle di Zoldo e Zopp\u00e8 di Cadore\u201d). Un riconoscimento particolare \u00e8 andato anche ai giovani gelatieri Marco areato e Carolina Da Rold, per aver portato il gelato bellunese all\u2019ultimo Festival della canzone italiana, grazie alla partecipazione a Casa Sanremo.<\/p>\n<p>&nbsp;<\/p>\n<p>&nbsp;<\/p>\n<hr \/>\n<p>&nbsp;<\/p>\n<blockquote>\n<h3>DODICI PUNTI DA DISCUTERE NEL CONSIGLIO COMUNALE DI ROCCA PIETORE<\/h3>\n<\/blockquote>\n<p><strong>ROCCA PIETORE<\/strong> Il Sindaco di Rocca Pietore Andrea De Bernardin ha convocato i consiglieri comunali per marted\u00ec alle 18 nella sala consigliare del municipio. Saranno 12 i punti all&#8217;ordine del giorno. Tra questi si discuter\u00e0 del piano delle alienazioni e valorizzazioni del patrimonio immobiliare, una nota di aggiornamento al dup e l&#8217;approvazione del bilancio di previsione 2023-2025. Sono 6 le interrogazioni della minoranza che chiede delucidazioni sulla sistemazione dei cimiteri, la situazione di avanzamento del nuovo impianto che collegher\u00e0 Malga Ciapela alla seggiovia Padon, Il progetto Marmolada Unesco, l&#8217;ammontare della spesa per lo sgombero della neve. Il consigliere Iraci Borgia Mandolini vorr\u00e0 chiarimenti su l&#8217;ospitalit\u00e0 diffusa, lo stato di avanzamento lavori ai Serrai di Sottoguda e l&#8217;offerta scolastica comunale.<\/p>\n<p><strong>di Gianni Santomaso<\/strong><\/p>\n<audio class=\"wp-audio-shortcode\" id=\"audio-328098-8\" preload=\"none\" style=\"width: 100%;\" controls=\"controls\"><source type=\"audio\/mpeg\" src=\"https:\/\/www.radiopiu.net\/wordpress\/wp-content\/uploads\/2023\/03\/GIANNI-CONSIGLIO-COMUNALE-ROCCA.mp3?_=8\" \/><a href=\"https:\/\/www.radiopiu.net\/wordpress\/wp-content\/uploads\/2023\/03\/GIANNI-CONSIGLIO-COMUNALE-ROCCA.mp3\">https:\/\/www.radiopiu.net\/wordpress\/wp-content\/uploads\/2023\/03\/GIANNI-CONSIGLIO-COMUNALE-ROCCA.mp3<\/a><\/audio>\n<p>&nbsp;<\/p>\n<hr \/>\n<p>&nbsp;<\/p>\n<blockquote>\n<h3>IL CONSIGLIO COMUNALE DI CANALE D&#8217;AGORDO<\/h3>\n<\/blockquote>\n<p><strong>CANALE D&#8217;AGORDO<\/strong> \u00c8 stato convocato per gioved\u00ec 30 marzo alle 20 il consiglio comunale di Canale D&#8217;Agordo. Il Sindaco Flavio Colcergnan ha chiamato a rapporto i consiglieri per trattare 9 punti all&#8217;ordine del giorno. Si parler\u00e0 dell&#8217;approvazione delle aliquote IMU, dell&#8217;addizionale comunale, l&#8217;approvazione del DUP e del bilancio di previsione 2023-2025. Inoltre si parler\u00e0 di un mutamento di destinazione di un terreno, del comitato unico di garanzia per le pari opportunit\u00e0 e della convenzione con il gruppo ANA Belluno per il servizio di Protezione Civile.<\/p>\n<p>&nbsp;<\/p>\n<hr \/>\n<p>&nbsp;<\/p>\n<blockquote>\n<h3>LO STATUTO DELL&#8217;ASCA IN CONSIGLIO COMUNALE<\/h3>\n<\/blockquote>\n<p><strong>TAIBON<\/strong> Martedi alle 18.30 consiglio comunale convocato dal sindaco Silvia Tormen, in primo piano il Piano Nazionale Ripresa e Resilienza, le modifiche allo statuto dell&#8217;azienda speciale Asca, il recesso del Comune da socio dalla Casa di Soggiorno di Taibon e le comunicazioni del sindaco.<\/p>\n<p><strong>di Gianni Santomaso<\/strong><\/p>\n<audio class=\"wp-audio-shortcode\" id=\"audio-328098-9\" preload=\"none\" style=\"width: 100%;\" controls=\"controls\"><source type=\"audio\/mpeg\" src=\"https:\/\/www.radiopiu.net\/wordpress\/wp-content\/uploads\/2023\/03\/GIANNI-CONSIGLIO-TAIBON.mp3?_=9\" \/><a href=\"https:\/\/www.radiopiu.net\/wordpress\/wp-content\/uploads\/2023\/03\/GIANNI-CONSIGLIO-TAIBON.mp3\">https:\/\/www.radiopiu.net\/wordpress\/wp-content\/uploads\/2023\/03\/GIANNI-CONSIGLIO-TAIBON.mp3<\/a><\/audio>\n<p>&nbsp;<\/p>\n<hr \/>\n<p>&nbsp;<\/p>\n<blockquote>\n<h3><strong>Medicina di Gruppo di Feltre: al Padiglione Gaggia dal 27 marzo <\/strong><\/h3>\n<\/blockquote>\n<p><strong>FELTRE\u00a0<\/strong> Sono stati avviati i lavori di adeguamento della ex Casa di Cura Bellati previsti dal Piano Nazionale Ripresa e Resilienza. Proprio in quella sede, infatti, sar\u00e0 allocata la Casa della Comunit\u00e0 hub del feltrino, rispondendo alle direttive del Decreto Ministeriale 77 che prevede un rafforzamento dei servizi territoriali. Da luned\u00ec la Medicina di Gruppo Integrata sar\u00e0 situata\u00a0 presso il Padiglione Gaggia, nel complesso ospedaliero di Feltre, al primo piano sopra il Centro Prelievi.<\/p>\n<p>&nbsp;<\/p>\n<p>&nbsp;<\/p>\n<hr \/>\n<p>&nbsp;<\/p>\n<blockquote>\n<h3><a class=\"dt-pswp-item\" href=\"https:\/\/www.radiopiu.net\/wordpress\/wp-content\/uploads\/2020\/04\/ASCA.png\" data-dt-img-description=\"\" data-large_image_width=\"1211\" data-large_image_height=\"668\"><img loading=\"lazy\" decoding=\"async\" class=\"wp-image-128881 alignleft\" src=\"https:\/\/www.radiopiu.net\/wordpress\/wp-content\/uploads\/2020\/04\/ASCA-300x165.png\" alt=\"\" width=\"156\" height=\"86\" srcset=\"https:\/\/www.radiopiu.net\/wordpress\/wp-content\/uploads\/2020\/04\/ASCA-300x165.png 300w, https:\/\/www.radiopiu.net\/wordpress\/wp-content\/uploads\/2020\/04\/ASCA-1024x565.png 1024w, https:\/\/www.radiopiu.net\/wordpress\/wp-content\/uploads\/2020\/04\/ASCA-768x424.png 768w, https:\/\/www.radiopiu.net\/wordpress\/wp-content\/uploads\/2020\/04\/ASCA.png 1211w\" sizes=\"auto, (max-width: 156px) 100vw, 156px\" \/><\/a>ASCA CERCA OSS E PROPONE WELFARE E BENEFIT<\/h3>\n<\/blockquote>\n<p><strong>AGORDO<\/strong><span id=\"page3R_mcid37\" class=\"markedContent\"><\/span><span id=\"page3R_mcid38\" class=\"markedContent\"> Asca, Azienda Speciale Consortile Agordina cerca Operatori Sanitari da inquadrare con contratto Uneba,\u00a0 <\/span><span id=\"page3R_mcid79\" class=\"markedContent\"><span dir=\"ltr\" role=\"presentation\">\u00a0ASCA prevede<\/span> <span dir=\"ltr\" role=\"presentation\">in aggi<\/span><span dir=\"ltr\" role=\"presentation\">unta<\/span> <span dir=\"ltr\" role=\"presentation\">un<\/span> <span dir=\"ltr\" role=\"presentation\">superminimo annuo pari ad <\/span>\u00a0<span dir=\"ltr\" role=\"presentation\">2.502,39 euro<\/span> <span dir=\"ltr\" role=\"presentation\">lordi<\/span><span dir=\"ltr\" role=\"presentation\">; <\/span><\/span><span id=\"page3R_mcid80\" class=\"markedContent\">\u00a0<span dir=\"ltr\" role=\"presentation\">Accesso Welfare Aziendale<\/span><span dir=\"ltr\" role=\"presentation\">,<\/span> <span dir=\"ltr\" role=\"presentation\">se<\/span><span dir=\"ltr\" role=\"presentation\">condo criteri e valutazioni a seguito accordi sindacali<\/span><span dir=\"ltr\" role=\"presentation\">;\u00a0 <\/span><\/span><span id=\"page3R_mcid81\" class=\"markedContent\">\u00a0<span dir=\"ltr\" role=\"presentation\">Possibi<\/span><span dir=\"ltr\" role=\"presentation\">lit\u00e0 di sistemazione abitativa per un anno a canone agevolato fino a disponibilit\u00e0. Scadenza domande 7 aprile. Info <span id=\"page36R_mcid149\" class=\"markedContent\">043<\/span><span id=\"page36R_mcid150\" class=\"markedContent\">7 6<\/span><span id=\"page36R_mcid151\" class=\"markedContent\">3<\/span><span id=\"page36R_mcid152\" class=\"markedContent\">7<\/span><span id=\"page36R_mcid153\" class=\"markedContent\">5<\/span><span id=\"page36R_mcid154\" class=\"markedContent\">0.<\/span><\/span><\/span><\/p>\n<p>&nbsp;<\/p>\n<p>&nbsp;<\/p>\n<hr \/>\n<p>&nbsp;<\/p>\n<blockquote>\n<h3>IL CAI DI AGORDO SI RIUNISCE IN ASSEMBLEA<\/h3>\n<\/blockquote>\n<p><strong><a class=\"dt-pswp-item\" href=\"https:\/\/www.radiopiu.net\/wordpress\/wp-content\/uploads\/2020\/04\/cai-agordo.jpg\" data-dt-img-description=\"\" data-large_image_width=\"297\" data-large_image_height=\"170\"><img loading=\"lazy\" decoding=\"async\" class=\" wp-image-127841 alignleft\" src=\"https:\/\/www.radiopiu.net\/wordpress\/wp-content\/uploads\/2020\/04\/cai-agordo.jpg\" alt=\"\" width=\"231\" height=\"132\" \/><\/a>AGORDO<\/strong><\/p>\n<p>di Gianni Santomaso<\/p>\n<audio class=\"wp-audio-shortcode\" id=\"audio-328098-10\" preload=\"none\" style=\"width: 100%;\" controls=\"controls\"><source type=\"audio\/mpeg\" src=\"https:\/\/www.radiopiu.net\/wordpress\/wp-content\/uploads\/2023\/03\/GIANNI-ASSEMBLEA-DEL-CAI.mp3?_=10\" \/><a href=\"https:\/\/www.radiopiu.net\/wordpress\/wp-content\/uploads\/2023\/03\/GIANNI-ASSEMBLEA-DEL-CAI.mp3\">https:\/\/www.radiopiu.net\/wordpress\/wp-content\/uploads\/2023\/03\/GIANNI-ASSEMBLEA-DEL-CAI.mp3<\/a><\/audio>\n<p>&nbsp;<\/p>\n<hr \/>\n<p>&nbsp;<\/p>\n<p>&nbsp;<\/p>\n<blockquote>\n<h3>&#8220;NOI CHE&#8221;, QUESTA SERA AD AGORDO CON GENITORI SEMPRE<\/h3>\n<\/blockquote>\n<p><a class=\"dt-pswp-item\" href=\"https:\/\/www.radiopiu.net\/wordpress\/wp-content\/uploads\/2023\/03\/337095962_871263690641306_8919108658749900958_n.jpg\" data-dt-img-description=\"\" data-large_image_width=\"504\" data-large_image_height=\"640\"><img loading=\"lazy\" decoding=\"async\" class=\" wp-image-328115 alignleft\" src=\"https:\/\/www.radiopiu.net\/wordpress\/wp-content\/uploads\/2023\/03\/337095962_871263690641306_8919108658749900958_n-236x300.jpg\" alt=\"\" width=\"153\" height=\"194\" srcset=\"https:\/\/www.radiopiu.net\/wordpress\/wp-content\/uploads\/2023\/03\/337095962_871263690641306_8919108658749900958_n-236x300.jpg 236w, https:\/\/www.radiopiu.net\/wordpress\/wp-content\/uploads\/2023\/03\/337095962_871263690641306_8919108658749900958_n.jpg 504w\" sizes=\"auto, (max-width: 153px) 100vw, 153px\" \/><\/a><\/p>\n<p>&nbsp;<\/p>\n<p><strong>AGORDO<\/strong> Il gruppo &#8220;Noi Che&#8221;, in collaborazione con l&#8217;Associazione Genitori Sempre, presenta una serata dedicata a delle riflessioni semiserie sui mitici anni 60\/70. L&#8217;appuntamento \u00e8 per domani le 20:30 all&#8217;Auditorium Monsignor Vincenzo Savio di Agordo. Ne abbiamo parlato alla radio con Silvano Brancaleone (Genitori Sempre) e gli amici di Sedico Egidio Pasuch, Fabio Dal Pont e Gabriele Bortot<\/p>\n<p>&nbsp;<\/p>\n<p>&nbsp;<\/p>\n<p><strong>AUDIO<\/strong><\/p>\n<audio class=\"wp-audio-shortcode\" id=\"audio-328098-11\" preload=\"none\" style=\"width: 100%;\" controls=\"controls\"><source type=\"audio\/mpeg\" src=\"https:\/\/www.radiopiu.net\/wordpress\/wp-content\/uploads\/2023\/03\/GENITORI-SEMPRE-E-NOI-CHE.mp3?_=11\" \/><a href=\"https:\/\/www.radiopiu.net\/wordpress\/wp-content\/uploads\/2023\/03\/GENITORI-SEMPRE-E-NOI-CHE.mp3\">https:\/\/www.radiopiu.net\/wordpress\/wp-content\/uploads\/2023\/03\/GENITORI-SEMPRE-E-NOI-CHE.mp3<\/a><\/audio>\n<p>&nbsp;<\/p>\n<p>&nbsp;<\/p>\n<p>&nbsp;<\/p>\n<hr \/>\n<p>&nbsp;<\/p>\n<blockquote>\n<h3>L&#8217;ASSEMBLEA DI LIBERA AD AGORDO<\/h3>\n<\/blockquote>\n<p><strong><a class=\"dt-pswp-item\" href=\"https:\/\/www.radiopiu.net\/wordpress\/wp-content\/uploads\/2022\/03\/LIBERA-MAFIE.png\" data-dt-img-description=\"\" data-large_image_width=\"860\" data-large_image_height=\"756\"><img loading=\"lazy\" decoding=\"async\" class=\" wp-image-267115 alignleft\" src=\"https:\/\/www.radiopiu.net\/wordpress\/wp-content\/uploads\/2022\/03\/LIBERA-MAFIE-300x264.png\" alt=\"\" width=\"166\" height=\"146\" \/><\/a>AGORDO<\/strong><\/p>\n<p>di Gianni Santomaso<\/p>\n<audio class=\"wp-audio-shortcode\" id=\"audio-328098-12\" preload=\"none\" style=\"width: 100%;\" controls=\"controls\"><source type=\"audio\/mpeg\" src=\"https:\/\/www.radiopiu.net\/wordpress\/wp-content\/uploads\/2023\/03\/GIANNI-ASSEMBLEA-LIBERA.mp3?_=12\" \/><a href=\"https:\/\/www.radiopiu.net\/wordpress\/wp-content\/uploads\/2023\/03\/GIANNI-ASSEMBLEA-LIBERA.mp3\">https:\/\/www.radiopiu.net\/wordpress\/wp-content\/uploads\/2023\/03\/GIANNI-ASSEMBLEA-LIBERA.mp3<\/a><\/audio>\n<p>&nbsp;<\/p>\n<hr \/>\n<p>&nbsp;<\/p>\n<blockquote>\n<h3>VISITE PASQUALI AL VAJONT<\/h3>\n<\/blockquote>\n<p><strong>LONGARONE<\/strong> A Pasqua riaprono le visite al coronamento della Diga del Vajont, i visitatori potranno accedere al coronamento della diga del Vajont, tramite le consuete e visite per gruppi accompagnati dai volontari \u201cInformatori della Memoria\u201d, in virt\u00f9 della convenzione sottoscritta tra Enel Produzione, Fondazione Vajont e Parco Naturale Dolomiti Friulane.<\/p>\n<p>&nbsp;<\/p>\n<p>&nbsp;<\/p>\n<hr \/>\n<p>&nbsp;<\/p>\n<blockquote>\n<h3>L&#8217;ASSEMBLEA DEL GAV<\/h3>\n<\/blockquote>\n<p><strong>AGORDO<\/strong> I soci del GAV, Gruppo Assistenza Volontaria, hanno indetto l&#8217;assemblea ordinaria 2023 per domani alle 11 nella sala del Centro Parrocchiale Monsignor Vincenzo Savio. In programma l&#8217;elezione del consiglio direttivo, l&#8217;approvazione del bilancio 2022 e la presentazione di bilancio e attivit\u00e0 2023.<\/p>\n<p><strong>di Gianni Santomaso<\/strong><\/p>\n<audio class=\"wp-audio-shortcode\" id=\"audio-328098-13\" preload=\"none\" style=\"width: 100%;\" controls=\"controls\"><source type=\"audio\/mpeg\" src=\"https:\/\/www.radiopiu.net\/wordpress\/wp-content\/uploads\/2023\/03\/GIANNI-ASSEMBLEA-GAV.mp3?_=13\" \/><a href=\"https:\/\/www.radiopiu.net\/wordpress\/wp-content\/uploads\/2023\/03\/GIANNI-ASSEMBLEA-GAV.mp3\">https:\/\/www.radiopiu.net\/wordpress\/wp-content\/uploads\/2023\/03\/GIANNI-ASSEMBLEA-GAV.mp3<\/a><\/audio>\n<p>&nbsp;<\/p>\n<hr \/>\n<p>&nbsp;<\/p>\n<blockquote>\n<h3>L&#8217;ASSEMBLEA DEL CIRCOLO CULTURALE AGORDINO<\/h3>\n<\/blockquote>\n<p><strong>AGORDO<\/strong> E&#8217; in programma per sabato 1 aprile alle 10 in sala riunioni della Biblioteca Civica di Agordo, l&#8217;assemblea del Circolo Culturale Agordino. Si discuter\u00e0 delle linee programmatiche delle attivit\u00e0 del Circolo per il 2023, l&#8217;approvazione del bilancio 2022 e la relazione del bilancio sociale.<\/p>\n<p>&nbsp;<\/p>\n<p>&nbsp;<\/p>\n<hr \/>\n<p>&nbsp;<\/p>\n<blockquote>\n<h3>\u00a0LA GIORNATA ECOLOGICA DI CENCENIGHE<\/h3>\n<\/blockquote>\n<p><strong><a class=\"dt-pswp-item\" href=\"https:\/\/www.radiopiu.net\/wordpress\/wp-content\/uploads\/2023\/03\/Senza-nome-67.jpg\" data-dt-img-description=\"\" data-large_image_width=\"196\" data-large_image_height=\"136\"><img loading=\"lazy\" decoding=\"async\" class=\" wp-image-327468 alignleft\" src=\"https:\/\/www.radiopiu.net\/wordpress\/wp-content\/uploads\/2023\/03\/Senza-nome-67.jpg\" alt=\"\" width=\"187\" height=\"130\" \/><\/a><\/strong><\/p>\n<p><strong>CENCENIGHE<\/strong> Domenica 2 aprile giornata ecologica organizzata da Comune e Proloco. Saranno raccolti i rifiuti abbandonati sul territorio (adulti, ragazzi, bambini). Alle 8 ritrovo adulti e assegnazioni di aree di pulizia, 845 ritrovo ragazzi e bambini. 12.30 pranzo per tutti i partecipanti al Nof Filo&#8217;\u00a0 L\u2019attrezzatura necessaria (sacchi, guanti) verr\u00e0 fornita da Valpe Ambiente. Le immondizie saranno poi conferite all\u2019ecocentro dove sar\u00e0 allestito un punto di raccolta apposito. In caso di maltempo la giornata sar\u00e0 posticipata a Domenica 16 Aprile. Informazioni, Ervin Lazzarini 347 8802294<\/p>\n<p>&nbsp;<\/p>\n<p>&nbsp;<\/p>\n<hr \/>\n<p>&nbsp;<\/p>\n\n\t\t\t<style type='text\/css'>\n\t\t\t\t#gallery-6 {\n\t\t\t\t\tmargin: auto;\n\t\t\t\t}\n\t\t\t\t#gallery-6 .gallery-item {\n\t\t\t\t\tfloat: left;\n\t\t\t\t\tmargin-top: 10px;\n\t\t\t\t\ttext-align: center;\n\t\t\t\t\twidth: 100%;\n\t\t\t\t}\n\t\t\t\t#gallery-6 img {\n\t\t\t\t\tborder: 2px solid #cfcfcf;\n\t\t\t\t}\n\t\t\t\t#gallery-6 .gallery-caption {\n\t\t\t\t\tmargin-left: 0;\n\t\t\t\t}\n\t\t\t\t\/* see gallery_shortcode() in wp-includes\/media.php *\/\n\t\t\t<\/style>\n\t\t<div id='gallery-6' class='dt-gallery-container gallery galleryid-328098 gallery-columns-1 gallery-size-medium'><dl class='gallery-item'>\n\t\t\t\t<dt class='gallery-icon portrait'>\n\t\t\t\t\t<a class=\"rollover rollover-zoom dt-pswp-item\" title=\"9765b0b8-95fd-472a-8793-7650d1941ee0\" data-dt-img-description=\"\" data-large_image_width=\"1106\" data-large_image_height=\"2048\"href='https:\/\/www.radiopiu.net\/wordpress\/wp-content\/uploads\/2023\/03\/9765b0b8-95fd-472a-8793-7650d1941ee0.jpg'><img loading=\"lazy\" decoding=\"async\" width=\"162\" height=\"300\" src=\"https:\/\/www.radiopiu.net\/wordpress\/wp-content\/uploads\/2023\/03\/9765b0b8-95fd-472a-8793-7650d1941ee0-162x300.jpg\" class=\"attachment-medium size-medium\" alt=\"\" srcset=\"https:\/\/www.radiopiu.net\/wordpress\/wp-content\/uploads\/2023\/03\/9765b0b8-95fd-472a-8793-7650d1941ee0-162x300.jpg 162w, https:\/\/www.radiopiu.net\/wordpress\/wp-content\/uploads\/2023\/03\/9765b0b8-95fd-472a-8793-7650d1941ee0-553x1024.jpg 553w, https:\/\/www.radiopiu.net\/wordpress\/wp-content\/uploads\/2023\/03\/9765b0b8-95fd-472a-8793-7650d1941ee0-768x1422.jpg 768w, https:\/\/www.radiopiu.net\/wordpress\/wp-content\/uploads\/2023\/03\/9765b0b8-95fd-472a-8793-7650d1941ee0-830x1536.jpg 830w, https:\/\/www.radiopiu.net\/wordpress\/wp-content\/uploads\/2023\/03\/9765b0b8-95fd-472a-8793-7650d1941ee0.jpg 1106w\" sizes=\"auto, (max-width: 162px) 100vw, 162px\" \/><\/a>\n\t\t\t\t<\/dt><\/dl><br style=\"clear: both\" \/>\n\t\t\t<\/div>\n\n<p>&nbsp;<\/p>\n<hr \/>\n<p>&nbsp;<\/p>\n<h2 style=\"text-align: left;\"><span style=\"color: #000000;\"><em>L&#8217;EVENTO&#8230; 2 APRILE A FALCADE. &#8220;SAVE THE DATE PARTY&#8221;&#8230;OSPITE D&#8217;ECCEZIONE GIORGIO PREZIOSO<\/em><\/span><\/h2>\n<h2 style=\"text-align: left;\"><span style=\"color: #ff0000;\"><a class=\"dt-pswp-item\" href=\"https:\/\/www.radiopiu.net\/wordpress\/wp-content\/uploads\/2023\/03\/713cbcb3-9a98-4c27-90d9-75b73fd49180.jpg\" data-dt-img-description=\"\" data-large_image_width=\"722\" data-large_image_height=\"1024\"><img loading=\"lazy\" decoding=\"async\" class=\"size-medium wp-image-327365 aligncenter\" src=\"https:\/\/www.radiopiu.net\/wordpress\/wp-content\/uploads\/2023\/03\/713cbcb3-9a98-4c27-90d9-75b73fd49180-212x300.jpg\" alt=\"\" width=\"212\" height=\"300\" srcset=\"https:\/\/www.radiopiu.net\/wordpress\/wp-content\/uploads\/2023\/03\/713cbcb3-9a98-4c27-90d9-75b73fd49180-212x300.jpg 212w, https:\/\/www.radiopiu.net\/wordpress\/wp-content\/uploads\/2023\/03\/713cbcb3-9a98-4c27-90d9-75b73fd49180.jpg 722w\" sizes=\"auto, (max-width: 212px) 100vw, 212px\" \/><\/a><\/span><\/h2>\n<p><strong>LO SPOT ALLA RADIO<\/strong><\/p>\n<audio class=\"wp-audio-shortcode\" id=\"audio-328098-14\" preload=\"none\" style=\"width: 100%;\" controls=\"controls\"><source type=\"audio\/mpeg\" src=\"https:\/\/www.radiopiu.net\/wordpress\/wp-content\/uploads\/2023\/03\/rifugio-laresei-save-the-date-c_2.mp3?_=14\" \/><a href=\"https:\/\/www.radiopiu.net\/wordpress\/wp-content\/uploads\/2023\/03\/rifugio-laresei-save-the-date-c_2.mp3\">https:\/\/www.radiopiu.net\/wordpress\/wp-content\/uploads\/2023\/03\/rifugio-laresei-save-the-date-c_2.mp3<\/a><\/audio>\n<p>&nbsp;<\/p>\n<hr \/>\n<p>&nbsp;<\/p>\n<p>&nbsp;<\/p>\n<blockquote>\n<h3>CONCERTO DEI FISCIOT<\/h3>\n<p><strong><span style=\"color: #ff0000;\">DOMANI alle \u00a010.45 in Piazza Duomo<\/span><\/strong><\/p>\n<p><strong>BELLUNO <\/strong>Come ogni anno, le note della Filarmonica risuoneranno in Piazza Duomo a Belluno per allietare l&#8217;antica festa della Madonna Addolorata, conosciuta anche come Sagra dei Fisci\u00f2t, in onore dei fischietti fatti a mano dagli artigiani locali che venivano venduti gi\u00e0 dal 1716 in questa occasione.\u00a0 Tutti i bellunesi sanno che sono i suoni di questa festa a segnalare definitivamente l\u2019arrivo della primavera. Proprio in questa data, infatti, la Filarmonica di Belluno 1867, apre la sua stagione concertistica regalando al pubblico le note del repertorio \u201cfresco di prova\u201d preparato per l\u2019occasione. Sotto la direzione del maestro Sandro De Marchi, i 50 musicisti della compagine bellunese proporranno al pubblico assaggi musicali che spaziano dalle tradizionali marce, alla musica popolare (elegantemente arrangiata per banda), alla musica originale per orchestra di fiati.<\/p><\/blockquote>\n<p>&nbsp;<\/p>\n<p>&nbsp;<\/p>\n<p>&nbsp;<\/p>\n<hr \/>\n<p>&nbsp;<\/p>\n<blockquote>\n<h3>&#8220;NOI CHE&#8221; ALL&#8217;AUDITORIUM MONSIGNOR VINCENZO SAVIO<\/h3>\n<\/blockquote>\n<p><strong>AGORDO<\/strong> Il gruppo &#8220;Noi Che&#8221;, in collaborazione con l&#8217;Associazione Genitori Sempre, presenta una serata dedicata a delle riflessioni semiserie sui mitici anni 60\/70. L&#8217;appuntamento \u00e8 per stasera alle 20:30 all&#8217;Auditorium Monsignor Vincenzo Savio di Agordo.<\/p>\n<p>&nbsp;<\/p>\n<p>&nbsp;<\/p>\n<hr \/>\n<p>&nbsp;<\/p>\n<blockquote>\n<h3>L&#8217;ASSEMBLEA DELLA CROCE BIANCA DI LIVINALLONGO<\/h3>\n<\/blockquote>\n<p><strong>LIVINALLONGO<\/strong> E&#8217; in programma il 14 aprile alle 19:30\u00a0 l&#8217;assemblea generale della Croce Bianca Livinallongo. I soci si ritroveranno alla sala Bo\u00e8 di Arabba per parlare del resoconto delle attivit\u00e0 dello scorso anno, l&#8217;elezione dei delegati e l&#8217;intervento del responsabile gruppo giovani. L&#8217;occasione anche per consegnare le onorificenze e per un momento conviviale.<\/p>\n<p>&nbsp;<\/p>\n<p>&nbsp;<\/p>\n<hr \/>\n<p>&nbsp;<\/p>\n<blockquote>\n<h3>A PASQUA IL MERCATINO DI ARTE E SAPORI AD ALLEGHE<\/h3>\n<\/blockquote>\n<p><strong>ALLEGHE<\/strong> Trascorrete la Pasqua sul lungolago di Alleghe. Dal 7 aprile a Pasquetta il mercatino di Arte e sapori vi aspetta. Colori profumi artigianato, curiosit\u00e0, e tipicit\u00e0 regionali . Troverete fritture di pesce, panini con porchetta, salumi, formaggi, olive, taralli, gastronomia siciliana e anche frittelle e caramelle, ammirando curiosit\u00e0 artigianali. Dal 7 aprile a Pasquetta il mercatino di arti e sapori vi aspetta<\/p>\n<p>&nbsp;<\/p>\n<p>&nbsp;<\/p>\n<hr \/>\n<p>&nbsp;<\/p>\n<blockquote>\n<h3>LA PASSIONE DELLA CROCE NELLA CATTEDRALE DI FELTRE<\/h3>\n<\/blockquote>\n<p><strong>FELTRE <\/strong>Oggi alle 19 all\u2019Oratorio dell\u2019Annunziata adiacente la Concattedrale di Feltre, ci sar\u00e0 la presentazione del secondo corpo di pannelli raffiguranti le scene della Passione della Croce nel contesto del percorso artistico <em>\u00abIn hoc signo\u00bb <\/em>dedicata alla Croce post-bizantina della Concattedrale di Feltre ora conservata ed esposta presso il Museo diocesano di Arte Sacra. La mostra sar\u00e0 visitabile fino al 25 aprile 2023 ogni venerd\u00ec dalle 16,00 alle 18,30 grazie alla collaborazione con Il Fondaco per Feltre; il sabato, la domenica e nei giorni festivi dalle 10,30 alle 12,30 e dalle 15,00 alle 19,00 con ingresso libero.<\/p>\n<p>&nbsp;<\/p>\n<p>&nbsp;<\/p>\n<hr \/>\n<p>&nbsp;<\/p>\n<blockquote>\n<h3>L&#8217;ASSEMBLEA DEL COMITATO DI GEMELLAGGIO DI AGORDO<\/h3>\n<\/blockquote>\n<p><strong>AGORDO<\/strong> \u00c8 in programma per mercoled\u00ec 29 marzo alle 20:30 nella saletta del Bar Schenot l&#8217;assemblea annuale del Comitato di Gemellaggio di Agordo. Tra i punti da discutere la rendicontazione del 2022 e l&#8217;approvazione del bilancio, il rinnovo del tesseramento e il viaggio a Dolomieu dal 28 aprile al 1 maggio.<\/p>\n<p>&nbsp;<\/p>\n<p>&nbsp;<\/p>\n<hr \/>\n<p>&nbsp;<\/p>\n<div>\n<div class=\"b654a4as d2edcug0\">\n<div class=\"rq0escxv hkbzh7o3 jwdofwj8 n8tt0mok r8blr3vg hyh9befq\">\n<p><a class=\"dt-pswp-item\" href=\"https:\/\/www.radiopiu.net\/wordpress\/wp-content\/uploads\/2020\/10\/pp.jpg\" data-dt-img-description=\"\" data-large_image_width=\"640\" data-large_image_height=\"640\"><img loading=\"lazy\" decoding=\"async\" class=\"wp-image-163678 alignleft\" src=\"https:\/\/www.radiopiu.net\/wordpress\/wp-content\/uploads\/2020\/10\/pp-300x300.jpg\" alt=\"\" width=\"106\" height=\"106\" srcset=\"https:\/\/www.radiopiu.net\/wordpress\/wp-content\/uploads\/2020\/10\/pp-300x300.jpg 300w, https:\/\/www.radiopiu.net\/wordpress\/wp-content\/uploads\/2020\/10\/pp-150x150.jpg 150w, https:\/\/www.radiopiu.net\/wordpress\/wp-content\/uploads\/2020\/10\/pp-125x125.jpg 125w, https:\/\/www.radiopiu.net\/wordpress\/wp-content\/uploads\/2020\/10\/pp-200x200.jpg 200w, https:\/\/www.radiopiu.net\/wordpress\/wp-content\/uploads\/2020\/10\/pp-80x80.jpg 80w, https:\/\/www.radiopiu.net\/wordpress\/wp-content\/uploads\/2020\/10\/pp-480x480.jpg 480w, https:\/\/www.radiopiu.net\/wordpress\/wp-content\/uploads\/2020\/10\/pp.jpg 640w\" sizes=\"auto, (max-width: 106px) 100vw, 106px\" \/><\/a><\/p>\n<\/div>\n<\/div>\n<\/div>\n<div>\n<div class=\"page-title-head hgroup\">\n<div class=\"page-title-head hgroup\">\n<div class=\"b654a4as d2edcug0\">\n<div class=\"j83agx80 btwxx1t3 lhclo0ds hop8lmos nkwizq5d scwd0bx6 roh60bw9\">\n<div class=\"rq0escxv hkbzh7o3 jwdofwj8 n8tt0mok r8blr3vg hyh9befq\">\n<div class=\"do00u71z l9j0dhe7 k4urcfbm\" style=\"text-align: left;\">\n<h2><span style=\"color: #000080;\">DON CESARE, IL PENSIERO DEL GIORNO. ALLA RADIO ALLE 7 DEL MATTINO E ALLE 19.30 DELLA SERA\u00a0<\/span><\/h2>\n<audio class=\"wp-audio-shortcode\" id=\"audio-328098-15\" preload=\"none\" style=\"width: 100%;\" controls=\"controls\"><source type=\"audio\/mpeg\" src=\"https:\/\/www.radiopiu.net\/wordpress\/wp-content\/uploads\/2023\/03\/CESARE-20.mp3?_=15\" \/><a href=\"https:\/\/www.radiopiu.net\/wordpress\/wp-content\/uploads\/2023\/03\/CESARE-20.mp3\">https:\/\/www.radiopiu.net\/wordpress\/wp-content\/uploads\/2023\/03\/CESARE-20.mp3<\/a><\/audio>\n<\/div>\n<\/div>\n<\/div>\n<\/div>\n<\/div>\n<\/div>\n<\/div>\n<p>&nbsp;<\/p>\n<hr \/>\n<p>&nbsp;<\/p>\n<h2><span style=\"color: #ff00ff;\">IN VIVO VERSO\u00a0 \u00a0 \u00a0<\/span><\/h2>\n<blockquote>\n<h3>ALL&#8217; OMBRA DELLA ROSA, OSCAR TISON LEGGE CHARLES BUKOWSKI<\/h3>\n<\/blockquote>\n<p>AUDIO<\/p>\n<audio class=\"wp-audio-shortcode\" id=\"audio-328098-16\" preload=\"none\" style=\"width: 100%;\" controls=\"controls\"><source type=\"audio\/mpeg\" src=\"https:\/\/www.radiopiu.net\/wordpress\/wp-content\/uploads\/2023\/03\/05-OSCAR-TISON_CHARLES-BUKOSKI.mp3?_=16\" \/><a href=\"https:\/\/www.radiopiu.net\/wordpress\/wp-content\/uploads\/2023\/03\/05-OSCAR-TISON_CHARLES-BUKOSKI.mp3\">https:\/\/www.radiopiu.net\/wordpress\/wp-content\/uploads\/2023\/03\/05-OSCAR-TISON_CHARLES-BUKOSKI.mp3<\/a><\/audio>\n<p>&nbsp;<\/p>\n<p><strong><a class=\"dt-pswp-item\" href=\"https:\/\/www.radiopiu.net\/wordpress\/wp-content\/uploads\/2023\/03\/5-TISON-LEGGE-BUKOWSKI.jpg\" data-dt-img-description=\"\" data-large_image_width=\"181\" data-large_image_height=\"279\"><img loading=\"lazy\" decoding=\"async\" class=\" wp-image-328155 alignleft\" src=\"https:\/\/www.radiopiu.net\/wordpress\/wp-content\/uploads\/2023\/03\/5-TISON-LEGGE-BUKOWSKI.jpg\" alt=\"\" width=\"126\" height=\"194\" \/><\/a>Oscar Tison<\/strong><br \/>\n<strong>legge Charles Bukowski<\/strong><\/p>\n<p><strong>ALL&#8217; OMBRA DELLA ROSA<\/strong><\/p>\n<p>Stendere le braccia come rami, affondarle nella<br \/>\nterra<br \/>\nprendere le scale che portano all&#8217;inferno,<br \/>\nristabilire il punto<br \/>\ndi fuga, provare una mazza<br \/>\ndiversa, una diversa posizione, cambiare<br \/>\ndieta e maniera di<br \/>\ncamminare, rimettere in sesto il<br \/>\nsistema, fotografare il tuo<br \/>\nsogno di dinosauro,<br \/>\nguidare la macchina con<br \/>\npi\u00f9 attenzione ed eleganza,<br \/>\naccorgersi che i fiori ti<br \/>\nparlano,<br \/>\nrendersi conto della gigantesca agonia<br \/>\ndella testuggine,<br \/>\ntu che preghi per la pioggia come un<br \/>\nindiano,<br \/>\ninfili un caricatore nuovo<br \/>\nnell&#8217;automatica,<br \/>\nspegni la luce e<br \/>\naspetti.<\/p>\n<p>&nbsp;<\/p>\n<div dir=\"auto\">\n<div dir=\"auto\">\n<div dir=\"auto\">\n<div dir=\"auto\">\n<div dir=\"auto\">\n<div dir=\"auto\">\n<p><strong>LA RACCOLTA COMPLETA<\/strong><\/p>\n<blockquote class=\"wp-embedded-content\" data-secret=\"gVjfxA6Wzo\"><p><a href=\"https:\/\/www.radiopiu.net\/wordpress\/in-vivo-verso\/\">In Vivo Verso<\/a><\/p><\/blockquote>\n<p><iframe loading=\"lazy\" class=\"wp-embedded-content\" sandbox=\"allow-scripts\" security=\"restricted\" style=\"position: absolute; clip: rect(1px, 1px, 1px, 1px);\" title=\"&#8220;In Vivo Verso&#8221; &#8212; Radio Pi\u00f9\" src=\"https:\/\/www.radiopiu.net\/wordpress\/in-vivo-verso\/embed\/#?secret=y6YWA9Cbkp#?secret=gVjfxA6Wzo\" data-secret=\"gVjfxA6Wzo\" width=\"600\" height=\"338\" frameborder=\"0\" marginwidth=\"0\" marginheight=\"0\" scrolling=\"no\"><\/iframe><\/p>\n<\/div>\n<\/div>\n<\/div>\n<\/div>\n<\/div>\n<\/div>\n<hr \/>\n<p>&nbsp;<\/p>\n<h2><span style=\"color: #008080;\">GOCCE DI FILOSOFIA\u00a0<\/span><\/h2>\n<h3>GOCCE DI FILOSOFIA \u2013 PUNTATA 275 \u2013 LISA DE LUCA<\/h3>\n<audio class=\"wp-audio-shortcode\" id=\"audio-328098-17\" preload=\"none\" style=\"width: 100%;\" controls=\"controls\"><source type=\"audio\/mpeg\" src=\"https:\/\/www.radiopiu.net\/wordpress\/wp-content\/uploads\/2023\/03\/FI5-2.mp3?_=17\" \/><a href=\"https:\/\/www.radiopiu.net\/wordpress\/wp-content\/uploads\/2023\/03\/FI5-2.mp3\">https:\/\/www.radiopiu.net\/wordpress\/wp-content\/uploads\/2023\/03\/FI5-2.mp3<\/a><\/audio>\n<p>&nbsp;<\/p>\n<p>LA RACCOLTA COMPLETA<\/p>\n<blockquote class=\"wp-embedded-content\" data-secret=\"wun7qlV77R\"><p><a href=\"https:\/\/www.radiopiu.net\/wordpress\/gocce-filosofia\/\">Gocce di filosofia,  LA TERZA STAGIONE&#8230; 2023<\/a><\/p><\/blockquote>\n<p><iframe loading=\"lazy\" class=\"wp-embedded-content\" sandbox=\"allow-scripts\" security=\"restricted\" style=\"position: absolute; clip: rect(1px, 1px, 1px, 1px);\" title=\"&#8220;Gocce di filosofia,  LA TERZA STAGIONE&#8230; 2023&#8221; &#8212; Radio Pi\u00f9\" src=\"https:\/\/www.radiopiu.net\/wordpress\/gocce-filosofia\/embed\/#?secret=UDpyckGijC#?secret=wun7qlV77R\" data-secret=\"wun7qlV77R\" width=\"600\" height=\"338\" frameborder=\"0\" marginwidth=\"0\" marginheight=\"0\" scrolling=\"no\"><\/iframe><\/p>\n<p>&nbsp;<\/p>\n<p>&nbsp;<\/p>\n<hr \/>\n<p>&nbsp;<\/p>\n<div class=\"column\">\n<p><img loading=\"lazy\" decoding=\"async\" class=\"aligncenter wp-image-61954 size-full\" src=\"https:\/\/www.radiopiu.net\/wordpress\/wp-content\/uploads\/2018\/09\/viabilita.jpeg\" sizes=\"auto, (max-width: 800px) 100vw, 800px\" srcset=\"https:\/\/www.radiopiu.net\/wordpress\/wp-content\/uploads\/2018\/09\/viabilita.jpeg 800w, https:\/\/www.radiopiu.net\/wordpress\/wp-content\/uploads\/2018\/09\/viabilita-300x38.jpeg 300w, https:\/\/www.radiopiu.net\/wordpress\/wp-content\/uploads\/2018\/09\/viabilita-768x96.jpeg 768w\" alt=\"\" width=\"800\" height=\"100\" \/><\/p>\n<p>&nbsp;<\/p>\n<blockquote class=\"wp-embedded-content\" data-secret=\"UKGqK85aHQ\"><p><a href=\"https:\/\/www.radiopiu.net\/wordpress\/viabilita\/\">viabilita<\/a><\/p><\/blockquote>\n<p><iframe loading=\"lazy\" class=\"wp-embedded-content\" sandbox=\"allow-scripts\" security=\"restricted\" style=\"position: absolute; clip: rect(1px, 1px, 1px, 1px);\" title=\"&#8220;viabilita&#8221; &#8212; Radio Pi\u00f9\" src=\"https:\/\/www.radiopiu.net\/wordpress\/viabilita\/embed\/#?secret=CBylrv9NnQ#?secret=UKGqK85aHQ\" data-secret=\"UKGqK85aHQ\" width=\"600\" height=\"338\" frameborder=\"0\" marginwidth=\"0\" marginheight=\"0\" scrolling=\"no\"><\/iframe><\/p>\n<div>\n<div dir=\"ltr\">\n<div class=\"gmail_quote\">\n<div dir=\"ltr\">\n<div class=\"gmail_quote\"><\/div>\n<\/div>\n<\/div>\n<\/div>\n<\/div>\n<p>&nbsp;<\/p>\n<hr \/>\n<p>&nbsp;<\/p>\n<p><a class=\"dt-pswp-item\" href=\"https:\/\/www.radiopiu.net\/wordpress\/wp-content\/uploads\/2018\/09\/WhatsApp-Image-2018-09-20-at-16.04.06.jpeg\" data-dt-img-description=\"\" data-large_image_width=\"800\" data-large_image_height=\"100\"><img loading=\"lazy\" decoding=\"async\" class=\"wp-image-61378 size-full aligncenter\" src=\"https:\/\/www.radiopiu.net\/wordpress\/wp-content\/uploads\/2018\/09\/WhatsApp-Image-2018-09-20-at-16.04.06.jpeg\" alt=\"\" width=\"800\" height=\"100\" srcset=\"https:\/\/www.radiopiu.net\/wordpress\/wp-content\/uploads\/2018\/09\/WhatsApp-Image-2018-09-20-at-16.04.06.jpeg 800w, https:\/\/www.radiopiu.net\/wordpress\/wp-content\/uploads\/2018\/09\/WhatsApp-Image-2018-09-20-at-16.04.06-300x38.jpeg 300w, https:\/\/www.radiopiu.net\/wordpress\/wp-content\/uploads\/2018\/09\/WhatsApp-Image-2018-09-20-at-16.04.06-768x96.jpeg 768w\" sizes=\"auto, (max-width: 800px) 100vw, 800px\" \/><\/a><\/p>\n<p>&nbsp;<\/p>\n<\/div>\n<p><center><\/center><center><\/center><center><\/center><b>OGGI <\/b>Nottetempo cielo coperto e breve fase perturbata, pi\u00f9 significativa sul bellunese e pi\u00f9 marginale sulle Prealpi centro-occidentali. Al mattino passaggio di una linea d&#8217;instabilit\u00e0 con rovesci, seguita da netto miglioramento del tempo con ampi e duraturi tratti soleggiati, prima di un alternanza di sole e di addensamenti irregolari pomeridiani, con di qualche piovasco. Nel tardo pomeriggio\/sera cielo di nuovo sereno. Contesto termico pi\u00f9 fresco.<\/p>\n<hr \/>\n<p><center><\/center><b>DOMANI: <\/b>Cielo sereno di notte e residui tratti soleggiati fino a met\u00e0 mattinata, poi aumento della nuvolosit\u00e0 fino a cielo molto nuvoloso\/coperto entro le ore centrali del giorno, quando il tempo peggiorer\u00e0 con fase di contenuto maltempo fino alla sera. Il freddo e secco del primo mattino lascer\u00e0 spazio a un&#8217;ambiente molto umido.<\/p>\n<hr \/>\n<p><strong>LUNEDI <\/strong>Nuvolosit\u00e0 in diminuzione e rasserenamenti sempre pi\u00f9 ampi sulle Prealpi, mentre qualche annuvolamento irregolare resister\u00e0 sulle Dolomiti, dove un po&#8217; di neve burrascosa non sar\u00e0 da escludere.<\/p>\n<hr \/>\n<p><strong>MARTEDI <\/strong>Tempo ben soleggiato con cielo terso, aria limpida e ottima visibilit\u00e0, salvo qualche nube di sottovento al pomeriggio. Il freddo sar\u00e0 onnipresente, addirittura pungente in alta quota (-18\/-20\u00b0C a 3000 m e -12\/-14\u00b0C a 2000 m). Le gelate saranno diffuse, anche intense nei settori innevati.<\/p>\n<p>&nbsp;<\/p>\n<p>&nbsp;<\/p>\n<hr \/>\n<p>&nbsp;<\/p>\n<p><a class=\"dt-pswp-item\" href=\"https:\/\/www.radiopiu.net\/wordpress\/wp-content\/uploads\/2018\/09\/sport.jpg\" data-dt-img-description=\"\" data-large_image_width=\"800\" data-large_image_height=\"100\"><img loading=\"lazy\" decoding=\"async\" class=\"aligncenter wp-image-60761 size-full\" src=\"https:\/\/www.radiopiu.net\/wordpress\/wp-content\/uploads\/2018\/09\/sport.jpg\" alt=\"\" width=\"800\" height=\"100\" srcset=\"https:\/\/www.radiopiu.net\/wordpress\/wp-content\/uploads\/2018\/09\/sport.jpg 800w, https:\/\/www.radiopiu.net\/wordpress\/wp-content\/uploads\/2018\/09\/sport-300x38.jpg 300w, https:\/\/www.radiopiu.net\/wordpress\/wp-content\/uploads\/2018\/09\/sport-768x96.jpg 768w\" sizes=\"auto, (max-width: 800px) 100vw, 800px\" \/><\/a><\/p>\n<p>&nbsp;<\/p>\n<p><span style=\"color: #0000ff;\"><strong>CALCIO<\/strong><\/span><\/p>\n<blockquote>\n<h3>GLI IMPEGNI DEL FINE SETTIMANA DELL&#8217;AGORDINA CALCIO<\/h3>\n<\/blockquote>\n<p><strong><a class=\"dt-pswp-item\" href=\"https:\/\/www.radiopiu.net\/wordpress\/wp-content\/uploads\/2022\/11\/CALCIO-2022.jpg\" data-dt-img-description=\"\" data-large_image_width=\"1920\" data-large_image_height=\"1280\"><img loading=\"lazy\" decoding=\"async\" class=\" wp-image-305390 alignleft\" src=\"https:\/\/www.radiopiu.net\/wordpress\/wp-content\/uploads\/2022\/11\/CALCIO-2022-300x200.jpg\" alt=\"\" width=\"198\" height=\"132\" srcset=\"https:\/\/www.radiopiu.net\/wordpress\/wp-content\/uploads\/2022\/11\/CALCIO-2022-300x200.jpg 300w, https:\/\/www.radiopiu.net\/wordpress\/wp-content\/uploads\/2022\/11\/CALCIO-2022-1024x683.jpg 1024w, https:\/\/www.radiopiu.net\/wordpress\/wp-content\/uploads\/2022\/11\/CALCIO-2022-768x512.jpg 768w, https:\/\/www.radiopiu.net\/wordpress\/wp-content\/uploads\/2022\/11\/CALCIO-2022-1536x1024.jpg 1536w, https:\/\/www.radiopiu.net\/wordpress\/wp-content\/uploads\/2022\/11\/CALCIO-2022.jpg 1920w\" sizes=\"auto, (max-width: 198px) 100vw, 198px\" \/><\/a>di Marco Gaz<\/strong><\/p>\n<p><strong>REDAZIONE\u00a0<\/strong>Continuano i campionati provinciali e regionali LND dove l&#8217;Agordina Calcio \u00e8 iscritta con le sue quattro formazioni. Nel fine settimana tutte le squadre giovanili e la prima squadra saranno impegnate sui campi della provincia ma non solo. Ad aprire le danze saranno i Giovanissimi e la Juniores impegnate nei tornei provinciali. Oggi alle 15 i Giovanissimi di De Bastiani giocheranno in casa. All&#8217;Ivano Dorigo di Agordo arriva la Plavis per quella che sar\u00e0 la penultima giornata. Plavis in testa alla classifica, Agordina al terzo posto. Si preannuncia una bella partita. Penultimo turno di campionato anche per la Juniores di De Zaiacomo che domani alle 15 sar\u00e0 impegnata in trasferta contro il Castion. Gli agordini devono vincere per sorpassare la diretta avversaria ed aggiudicarsi la seconda posizione in classifica. Domani alle 10:30 gli Allievi Regionali di Orzetti saranno impegnati all&#8217;Ivano Dorigo contro l&#8217;Altivolese Maser. I trevigiani lottano per la parte alta della classifica ma la squadra di Agordo vuole chiudere bene la stagione abbandonando l&#8217;ultima posizione del torneo. La prima squadra allenata da Danilo Chenet no pu\u00f2 pi\u00f9 sbagliare e domani alle 15:30 sar\u00e0 in terra trevigiana per affrontare il San Michele Salsa. Agordini che devono assolutamente vincere per sperare in una salvezza matematica in extremis. Trevigiani che lottano per un posto nei playoff. Non sar\u00e0 una partita facile per la compagine del presidente Cosmo Forcella. Radio Pi\u00f9 seguir\u00e0 in diretta la partita dalle 15:30 all&#8217;interno di &#8220;Domenica Pi\u00f9 Sport&#8221;.<\/p>\n<p>&nbsp;<\/p>\n<p>&nbsp;<\/p>\n<hr \/>\n<p>&nbsp;<\/p>\n<p><span style=\"color: #0000ff;\"><strong>SKI CROSS<\/strong><\/span><\/p>\n<blockquote>\n<h3>GIORNATA CONCLUSIVA DEGLI EUROPEI DI SKI CROSS AL PASSO SAN PELLEGRINO<\/h3>\n<\/blockquote>\n<p><strong>PASSO SAN PELLEGRINO <\/strong>Finali di Coppa Europa di ski cross 2022\/23 e titoli continentali assegnati, in una lunga giornata di gare sulla pista Costabella\/Ski Area San Pellegrino, grazie all\u2019organizzazione dell\u2019Unione Sportiva Monti Pallidi. Grande entusiasmo da parte di tutti gli atleti e i team nazionali premiati dal presidente Carlo Ganz per la gara di oggi e dal delegato FIS, per i titoli continentali individuali e per nazioni. In campo maschile ha dominato la gara lo statunitense Tyler Wallasch, icona di questa disciplina, gi\u00e0 presente l\u2019anno scorso al San Pellegrino e alla sua seconda vittoria nel circuito europeo. Secondo si \u00e8 classificato il tedesco Florian Fischer, seguito dal transalpino Evan Klufts. In campo femminile la gara \u00e8 stata dominata dalla francese Mylene Ballet Baz, seguita dall\u2019elvetica Natalie Schaer e dalla tedesca Celia Funkler. La Coppa Europa \u00e8 stata vinta con grande entusiasmo di tutta la squadra nazionale tedesca, da Ferdinand Dorsch. In campo femminile, la Coppa Europa \u00e8 andata alla svizzera Margaux Dumont.<\/p>\n\n\t\t\t<style type='text\/css'>\n\t\t\t\t#gallery-7 {\n\t\t\t\t\tmargin: auto;\n\t\t\t\t}\n\t\t\t\t#gallery-7 .gallery-item {\n\t\t\t\t\tfloat: left;\n\t\t\t\t\tmargin-top: 10px;\n\t\t\t\t\ttext-align: center;\n\t\t\t\t\twidth: 20%;\n\t\t\t\t}\n\t\t\t\t#gallery-7 img {\n\t\t\t\t\tborder: 2px solid #cfcfcf;\n\t\t\t\t}\n\t\t\t\t#gallery-7 .gallery-caption {\n\t\t\t\t\tmargin-left: 0;\n\t\t\t\t}\n\t\t\t\t\/* see gallery_shortcode() in wp-includes\/media.php *\/\n\t\t\t<\/style>\n\t\t<div id='gallery-7' class='dt-gallery-container gallery galleryid-328098 gallery-columns-5 gallery-size-thumbnail'><dl class='gallery-item'>\n\t\t\t\t<dt class='gallery-icon landscape'>\n\t\t\t\t\t<a class=\"rollover rollover-zoom dt-pswp-item\" title=\"IMG_1149\" data-dt-img-description=\"\" data-large_image_width=\"640\" data-large_image_height=\"480\"href='https:\/\/www.radiopiu.net\/wordpress\/wp-content\/uploads\/2023\/03\/IMG_1149.jpg'><img loading=\"lazy\" decoding=\"async\" width=\"150\" height=\"150\" src=\"https:\/\/www.radiopiu.net\/wordpress\/wp-content\/uploads\/2023\/03\/IMG_1149-150x150.jpg\" class=\"attachment-thumbnail size-thumbnail\" alt=\"\" \/><\/a>\n\t\t\t\t<\/dt><\/dl><dl class='gallery-item'>\n\t\t\t\t<dt class='gallery-icon landscape'>\n\t\t\t\t\t<a class=\"rollover rollover-zoom dt-pswp-item\" title=\"IMG_1151\" data-dt-img-description=\"\" data-large_image_width=\"640\" data-large_image_height=\"480\"href='https:\/\/www.radiopiu.net\/wordpress\/wp-content\/uploads\/2023\/03\/IMG_1151.jpg'><img loading=\"lazy\" decoding=\"async\" width=\"150\" height=\"150\" src=\"https:\/\/www.radiopiu.net\/wordpress\/wp-content\/uploads\/2023\/03\/IMG_1151-150x150.jpg\" class=\"attachment-thumbnail size-thumbnail\" alt=\"\" \/><\/a>\n\t\t\t\t<\/dt><\/dl><dl class='gallery-item'>\n\t\t\t\t<dt class='gallery-icon landscape'>\n\t\t\t\t\t<a class=\"rollover rollover-zoom dt-pswp-item\" title=\"IMG_1157\" data-dt-img-description=\"\" data-large_image_width=\"640\" data-large_image_height=\"480\"href='https:\/\/www.radiopiu.net\/wordpress\/wp-content\/uploads\/2023\/03\/IMG_1157.jpg'><img loading=\"lazy\" decoding=\"async\" width=\"150\" height=\"150\" src=\"https:\/\/www.radiopiu.net\/wordpress\/wp-content\/uploads\/2023\/03\/IMG_1157-150x150.jpg\" class=\"attachment-thumbnail size-thumbnail\" alt=\"\" \/><\/a>\n\t\t\t\t<\/dt><\/dl><dl class='gallery-item'>\n\t\t\t\t<dt class='gallery-icon landscape'>\n\t\t\t\t\t<a class=\"rollover rollover-zoom dt-pswp-item\" title=\"IMG_1161\" data-dt-img-description=\"\" data-large_image_width=\"640\" data-large_image_height=\"480\"href='https:\/\/www.radiopiu.net\/wordpress\/wp-content\/uploads\/2023\/03\/IMG_1161.jpg'><img loading=\"lazy\" decoding=\"async\" width=\"150\" height=\"150\" src=\"https:\/\/www.radiopiu.net\/wordpress\/wp-content\/uploads\/2023\/03\/IMG_1161-150x150.jpg\" class=\"attachment-thumbnail size-thumbnail\" alt=\"\" \/><\/a>\n\t\t\t\t<\/dt><\/dl><dl class='gallery-item'>\n\t\t\t\t<dt class='gallery-icon landscape'>\n\t\t\t\t\t<a class=\"rollover rollover-zoom dt-pswp-item\" title=\"IMG_1164\" data-dt-img-description=\"\" data-large_image_width=\"1280\" data-large_image_height=\"960\"href='https:\/\/www.radiopiu.net\/wordpress\/wp-content\/uploads\/2023\/03\/IMG_1164.jpeg'><img loading=\"lazy\" decoding=\"async\" width=\"150\" height=\"150\" src=\"https:\/\/www.radiopiu.net\/wordpress\/wp-content\/uploads\/2023\/03\/IMG_1164-150x150.jpeg\" class=\"attachment-thumbnail size-thumbnail\" alt=\"\" \/><\/a>\n\t\t\t\t<\/dt><\/dl><br style=\"clear: both\" \/>\n\t\t\t<\/div>\n\n<p>&nbsp;<\/p>\n<hr \/>\n<p>&nbsp;<\/p>\n<p><span style=\"color: #0000ff;\"><strong>ATLETICA<\/strong><\/span><\/p>\n<blockquote>\n<h3>ATLETICA A MEL: LA CARICA DEI 101 RAGAZZI<\/h3>\n<\/blockquote>\n<p><strong><a class=\"dt-pswp-item\" href=\"https:\/\/www.radiopiu.net\/wordpress\/wp-content\/uploads\/2023\/03\/insieme-scaled.jpg\" data-dt-img-description=\"\" data-large_image_width=\"2560\" data-large_image_height=\"1920\"><img loading=\"lazy\" decoding=\"async\" class=\" wp-image-328235 alignleft\" src=\"https:\/\/www.radiopiu.net\/wordpress\/wp-content\/uploads\/2023\/03\/insieme-300x225.jpg\" alt=\"\" width=\"160\" height=\"120\" srcset=\"https:\/\/www.radiopiu.net\/wordpress\/wp-content\/uploads\/2023\/03\/insieme-300x225.jpg 300w, https:\/\/www.radiopiu.net\/wordpress\/wp-content\/uploads\/2023\/03\/insieme-1024x768.jpg 1024w, https:\/\/www.radiopiu.net\/wordpress\/wp-content\/uploads\/2023\/03\/insieme-768x576.jpg 768w, https:\/\/www.radiopiu.net\/wordpress\/wp-content\/uploads\/2023\/03\/insieme-1536x1152.jpg 1536w, https:\/\/www.radiopiu.net\/wordpress\/wp-content\/uploads\/2023\/03\/insieme-2048x1536.jpg 2048w\" sizes=\"auto, (max-width: 160px) 100vw, 160px\" \/><\/a>BORGO VALBELLUNA <\/strong>I migliori approderanno alla fase provinciale del 9 maggio e, insieme alla voglia di stare all\u2019aria aperta, questo \u00e8 stato lo stimolo che ieri mattina (24 marzo) ha messo in campo un centinaio di giovani atleti dell\u2019istituto comprensivo di Mel per sfidarsi nelle discipline del salto in lungo, lancio del vortex, corsa 80 metri piani e 600 metri. Lo stadio di atletica di Mel, che prossimamente vedr\u00e0 l\u2019omologazione che gli permetter\u00e0 di ospitare eventi importanti, si \u00e8 cos\u00ec trasformato in un cuore pulsante grazie anche alla regia della ASD La Piave 2000 che da sempre collabora con le scuole del territorio.<\/p>\n<p>&nbsp;<\/p>\n<p>&nbsp;<\/p>\n<hr \/>\n<p>&nbsp;<\/p>\n<h2><span style=\"color: #ff6600;\">DEDICHE E RICHIESTE<\/span><\/h2>\n<blockquote>\n<h3>LA PRESENTAZIONE UFFICIALE DELL&#8217;EVENTO &#8220;SAVE THE DATE&#8221; AL RIFUGIO LARESEI<\/h3>\n<\/blockquote>\n<p><strong><a class=\"dt-pswp-item\" href=\"https:\/\/www.radiopiu.net\/wordpress\/wp-content\/uploads\/2023\/03\/PREZIOSO.png\" data-dt-img-description=\"\" data-large_image_width=\"450\" data-large_image_height=\"317\"><img loading=\"lazy\" decoding=\"async\" class=\" wp-image-328053 alignleft\" src=\"https:\/\/www.radiopiu.net\/wordpress\/wp-content\/uploads\/2023\/03\/PREZIOSO-300x211.png\" alt=\"\" width=\"156\" height=\"110\" srcset=\"https:\/\/www.radiopiu.net\/wordpress\/wp-content\/uploads\/2023\/03\/PREZIOSO-300x211.png 300w, https:\/\/www.radiopiu.net\/wordpress\/wp-content\/uploads\/2023\/03\/PREZIOSO.png 450w\" sizes=\"auto, (max-width: 156px) 100vw, 156px\" \/><\/a>REDAZIONE<\/strong> E&#8217; avvenuta mercoled\u00ec sera all&#8217;interno di Dediche e Richieste la presentazione ufficiale dell&#8217;evento in programma domenica 2 aprile al Rifugio Laresei dove arriver\u00e0 Giorgio Prezioso. Negli studi di Radio Pi\u00f9 sono arrivati Massimo Manfroi, gestore del Rifugio Laresei, e Morgan Gnech, il DJ. Una giornata da non perdere quella del 2 aprile. Tutte le informazioni nello stralcio del programma che vi proponiamo.<\/p>\n<p><strong>LA PRESENTAZIONE DI &#8220;SAVE THE DATE&#8221;<\/strong><\/p>\n<audio class=\"wp-audio-shortcode\" id=\"audio-328098-18\" preload=\"none\" style=\"width: 100%;\" controls=\"controls\"><source type=\"audio\/mpeg\" src=\"https:\/\/www.radiopiu.net\/wordpress\/wp-content\/uploads\/2023\/03\/MAX-E-MORGAN-PREZIOSO.mp3?_=18\" \/><a href=\"https:\/\/www.radiopiu.net\/wordpress\/wp-content\/uploads\/2023\/03\/MAX-E-MORGAN-PREZIOSO.mp3\">https:\/\/www.radiopiu.net\/wordpress\/wp-content\/uploads\/2023\/03\/MAX-E-MORGAN-PREZIOSO.mp3<\/a><\/audio>\n<p>&nbsp;<\/p>\n<blockquote>\n<h3>L&#8217;AGORDINO INCAZZATO<\/h3>\n<\/blockquote>\n<p><strong><a class=\"dt-pswp-item\" href=\"https:\/\/www.radiopiu.net\/wordpress\/wp-content\/uploads\/2023\/03\/PUGNO-ARRABBIATO.png\" data-dt-img-description=\"\" data-large_image_width=\"761\" data-large_image_height=\"564\"><img loading=\"lazy\" decoding=\"async\" class=\" wp-image-328050 alignleft\" src=\"https:\/\/www.radiopiu.net\/wordpress\/wp-content\/uploads\/2023\/03\/PUGNO-ARRABBIATO-300x222.png\" alt=\"\" width=\"172\" height=\"127\" srcset=\"https:\/\/www.radiopiu.net\/wordpress\/wp-content\/uploads\/2023\/03\/PUGNO-ARRABBIATO-300x222.png 300w, https:\/\/www.radiopiu.net\/wordpress\/wp-content\/uploads\/2023\/03\/PUGNO-ARRABBIATO.png 761w\" sizes=\"auto, (max-width: 172px) 100vw, 172px\" \/><\/a>REDAZIONE<\/strong> Come ogni mercoled\u00ec sera su Radio Pi\u00f9 va in onda il programma di Dediche e Richieste. Oltre ad ascoltare le vostre canzoni, all&#8217;interno del programma a partire da questa settimana \u00e8 comparsa una nuova rubrica dal titolo &#8220;L&#8217;Agordino Incazzato&#8221;. Due le lamentele arrivate in redazione: una riguardante la 203 Agordina sul tratto interessato dai lavori che da Avoscan di San Tomaso porta a Cencenighe, l&#8217;altra invece riguarda la domanda che bisogna fare in comune per il taglio delle piante.<\/p>\n<p><strong>L&#8217;AUDIO DAL PROGRAMMA DEDICHE E RICHIESTE<\/strong><\/p>\n<audio class=\"wp-audio-shortcode\" id=\"audio-328098-19\" preload=\"none\" style=\"width: 100%;\" controls=\"controls\"><source type=\"audio\/mpeg\" src=\"https:\/\/www.radiopiu.net\/wordpress\/wp-content\/uploads\/2023\/03\/LAGORDINO-INCAZZATO.mp3?_=19\" \/><a href=\"https:\/\/www.radiopiu.net\/wordpress\/wp-content\/uploads\/2023\/03\/LAGORDINO-INCAZZATO.mp3\">https:\/\/www.radiopiu.net\/wordpress\/wp-content\/uploads\/2023\/03\/LAGORDINO-INCAZZATO.mp3<\/a><\/audio>\n<p>&nbsp;<\/p>\n<p>&nbsp;<\/p>\n","protected":false},"excerpt":{"rendered":"<p>RADIO PIU INFORMAZIONE il canale su TELEGRAM informazione di prima\u00a0 mano e in tempo reale. iscriviti ed aiutaci a farlo conoscere\u00a0 \u00a0 \u00a0\u00a0 &nbsp; ROCCA PIETORE Questa notte alle 2, nella sua abitazione di Digonera, Candido Murer ha esalato l&#8217;ultimo respiro. Ne siamo stati informati stamane, di buon&#8217;ora dalla figlia Luisa. A lei, a tutta&hellip;<\/p>\n","protected":false},"author":4,"featured_media":328201,"comment_status":"closed","ping_status":"closed","sticky":false,"template":"","format":"standard","meta":{"_monsterinsights_skip_tracking":false,"_monsterinsights_sitenote_active":false,"_monsterinsights_sitenote_note":"","_monsterinsights_sitenote_category":0,"footnotes":""},"categories":[51,86,49],"tags":[],"class_list":["post-328098","post","type-post","status-publish","format-standard","has-post-thumbnail","hentry","category-evidenza-top","category-gr","category-news-18","category-51","category-86","category-49","description-off"],"img_url":"https:\/\/www.radiopiu.net\/wordpress\/wp-content\/uploads\/2023\/03\/6c744ff8-8812-42a1-b910-23b006e76c3d.jpg","_links":{"self":[{"href":"https:\/\/www.radiopiu.net\/wordpress\/wp-json\/wp\/v2\/posts\/328098","targetHints":{"allow":["GET"]}}],"collection":[{"href":"https:\/\/www.radiopiu.net\/wordpress\/wp-json\/wp\/v2\/posts"}],"about":[{"href":"https:\/\/www.radiopiu.net\/wordpress\/wp-json\/wp\/v2\/types\/post"}],"author":[{"embeddable":true,"href":"https:\/\/www.radiopiu.net\/wordpress\/wp-json\/wp\/v2\/users\/4"}],"replies":[{"embeddable":true,"href":"https:\/\/www.radiopiu.net\/wordpress\/wp-json\/wp\/v2\/comments?post=328098"}],"version-history":[{"count":0,"href":"https:\/\/www.radiopiu.net\/wordpress\/wp-json\/wp\/v2\/posts\/328098\/revisions"}],"wp:featuredmedia":[{"embeddable":true,"href":"https:\/\/www.radiopiu.net\/wordpress\/wp-json\/wp\/v2\/media\/328201"}],"wp:attachment":[{"href":"https:\/\/www.radiopiu.net\/wordpress\/wp-json\/wp\/v2\/media?parent=328098"}],"wp:term":[{"taxonomy":"category","embeddable":true,"href":"https:\/\/www.radiopiu.net\/wordpress\/wp-json\/wp\/v2\/categories?post=328098"},{"taxonomy":"post_tag","embeddable":true,"href":"https:\/\/www.radiopiu.net\/wordpress\/wp-json\/wp\/v2\/tags?post=328098"}],"curies":[{"name":"wp","href":"https:\/\/api.w.org\/{rel}","templated":true}]}}