{"id":328149,"date":"2023-03-25T05:00:00","date_gmt":"2023-03-25T04:00:00","guid":{"rendered":"https:\/\/www.radiopiu.net\/wordpress\/?p=328149"},"modified":"2023-03-25T06:01:40","modified_gmt":"2023-03-25T05:01:40","slug":"appuntamento-in-radio-con-la-settimana-della-memoria-e-dellimpegno-5puntata","status":"publish","type":"post","link":"https:\/\/www.radiopiu.net\/wordpress\/appuntamento-in-radio-con-la-settimana-della-memoria-e-dellimpegno-5puntata\/","title":{"rendered":"APPUNTAMENTO IN RADIO CON LA SETTIMANA DELLA MEMORIA E DELL\u2019IMPEGNO 5^PUNTATA"},"content":{"rendered":"<div dir=\"auto\"><strong>PUNTATA 05<\/strong><\/div>\n<div dir=\"auto\">\n\n\t\t\t<style type='text\/css'>\n\t\t\t\t#gallery-1 {\n\t\t\t\t\tmargin: auto;\n\t\t\t\t}\n\t\t\t\t#gallery-1 .gallery-item {\n\t\t\t\t\tfloat: left;\n\t\t\t\t\tmargin-top: 10px;\n\t\t\t\t\ttext-align: center;\n\t\t\t\t\twidth: 50%;\n\t\t\t\t}\n\t\t\t\t#gallery-1 img {\n\t\t\t\t\tborder: 2px solid #cfcfcf;\n\t\t\t\t}\n\t\t\t\t#gallery-1 .gallery-caption {\n\t\t\t\t\tmargin-left: 0;\n\t\t\t\t}\n\t\t\t\t\/* see gallery_shortcode() in wp-includes\/media.php *\/\n\t\t\t<\/style>\n\t\t<div id='gallery-1' class='dt-gallery-container gallery galleryid-328149 gallery-columns-2 gallery-size-thumbnail'><dl class='gallery-item'>\n\t\t\t\t<dt class='gallery-icon landscape'>\n\t\t\t\t\t<a class=\"rollover rollover-zoom dt-pswp-item\" title=\"336902676_747537896953956_400231537454612269_n\" data-dt-img-description=\"\" data-large_image_width=\"600\" data-large_image_height=\"600\"href='https:\/\/www.radiopiu.net\/wordpress\/wp-content\/uploads\/2023\/03\/336902676_747537896953956_400231537454612269_n.jpg'><img loading=\"lazy\" decoding=\"async\" width=\"150\" height=\"150\" src=\"https:\/\/www.radiopiu.net\/wordpress\/wp-content\/uploads\/2023\/03\/336902676_747537896953956_400231537454612269_n-150x150.jpg\" class=\"attachment-thumbnail size-thumbnail\" alt=\"\" srcset=\"https:\/\/www.radiopiu.net\/wordpress\/wp-content\/uploads\/2023\/03\/336902676_747537896953956_400231537454612269_n-150x150.jpg 150w, https:\/\/www.radiopiu.net\/wordpress\/wp-content\/uploads\/2023\/03\/336902676_747537896953956_400231537454612269_n-300x300.jpg 300w, https:\/\/www.radiopiu.net\/wordpress\/wp-content\/uploads\/2023\/03\/336902676_747537896953956_400231537454612269_n.jpg 600w\" sizes=\"auto, (max-width: 150px) 100vw, 150px\" \/><\/a>\n\t\t\t\t<\/dt><\/dl><dl class='gallery-item'>\n\t\t\t\t<dt class='gallery-icon landscape'>\n\t\t\t\t\t<a class=\"rollover rollover-zoom dt-pswp-item\" title=\"336900433_3369841446610187_4542405253072452252_n\" data-dt-img-description=\"\" data-large_image_width=\"600\" data-large_image_height=\"600\"href='https:\/\/www.radiopiu.net\/wordpress\/wp-content\/uploads\/2023\/03\/336900433_3369841446610187_4542405253072452252_n.jpg'><img loading=\"lazy\" decoding=\"async\" width=\"150\" height=\"150\" src=\"https:\/\/www.radiopiu.net\/wordpress\/wp-content\/uploads\/2023\/03\/336900433_3369841446610187_4542405253072452252_n-150x150.jpg\" class=\"attachment-thumbnail size-thumbnail\" alt=\"\" srcset=\"https:\/\/www.radiopiu.net\/wordpress\/wp-content\/uploads\/2023\/03\/336900433_3369841446610187_4542405253072452252_n-150x150.jpg 150w, https:\/\/www.radiopiu.net\/wordpress\/wp-content\/uploads\/2023\/03\/336900433_3369841446610187_4542405253072452252_n-300x300.jpg 300w, https:\/\/www.radiopiu.net\/wordpress\/wp-content\/uploads\/2023\/03\/336900433_3369841446610187_4542405253072452252_n.jpg 600w\" sizes=\"auto, (max-width: 150px) 100vw, 150px\" \/><\/a>\n\t\t\t\t<\/dt><\/dl><br style=\"clear: both\" \/>\n\t\t\t<\/div>\n\n<\/div>\n<div dir=\"auto\"><\/div>\n<div class=\"x11i5rnm xat24cr x1mh8g0r x1vvkbs xdj266r x126k92a\">\n<div dir=\"auto\">E&#8217; possibile progettare un mondo in cui il NOI prevalga sull&#8217;Io<\/div>\n<div dir=\"auto\"><strong> Hamdi Lala (1965-2000) <\/strong>Abbiamo scelto di raccontare la storia di Hamdi Lala perch\u00e8 oltre alla problematica dello sfruttamento delle persone da parte del poter mafioso, abbiamo avuto la possibilit\u00e0 di riflettere sulle vite dei migranti in Italia, che pur scappando dai loro paesi in cerca di opportunit\u00e0 migliori, continuano spesso ad essere sfruttate e a vivere in situazione di povert\u00e0.<\/div>\n<\/div>\n<div class=\"x11i5rnm xat24cr x1mh8g0r x1vvkbs xtlvy1s x126k92a\">\n<div dir=\"auto\">\n<p><strong>Hyso Telharaj (1977-1999) <\/strong>Nell&#8217;anno scolastico 2017\/2018 i ragazzi della 2B di Canale hanno approfondito la vicenda di Hyso Telharaj, giovane albanese di 22 anni morto a Cerignola in Puglia per mano del caporalato mafioso: aveva infatti avuto il coraggio di dire no ai soprusi cui erano sottoposti (e purtroppo lo sono ancora&#8230;) i braccianti agricoli. A lui hanno dedicato una canzone che in questi giorni \u00e8 arrivata alla famiglia di Hyso in Albania<\/p>\n<audio class=\"wp-audio-shortcode\" id=\"audio-328149-1\" preload=\"none\" style=\"width: 100%;\" controls=\"controls\"><source type=\"audio\/mpeg\" src=\"https:\/\/www.radiopiu.net\/wordpress\/wp-content\/uploads\/2023\/03\/VENERDI-24-HANDA-LALA_E-HYSO-TELHARA.mp3?_=1\" \/><a href=\"https:\/\/www.radiopiu.net\/wordpress\/wp-content\/uploads\/2023\/03\/VENERDI-24-HANDA-LALA_E-HYSO-TELHARA.mp3\">https:\/\/www.radiopiu.net\/wordpress\/wp-content\/uploads\/2023\/03\/VENERDI-24-HANDA-LALA_E-HYSO-TELHARA.mp3<\/a><\/audio>\n<p>&nbsp;<\/p>\n<p><strong>LA RACCOLTA COMPLETA<\/strong><\/p>\n<p>&nbsp;<\/p>\n<blockquote class=\"wp-embedded-content\" data-secret=\"mM4PR0wWUm\"><p><a href=\"https:\/\/www.radiopiu.net\/wordpress\/puntata4libera\/\">APPUNTAMENTO IN RADIO CON LA SETTIMANA DELLA MEMORIA E DELL\u2019IMPEGNO<\/a><\/p><\/blockquote>\n<p><iframe loading=\"lazy\" class=\"wp-embedded-content\" sandbox=\"allow-scripts\" security=\"restricted\" style=\"position: absolute; clip: rect(1px, 1px, 1px, 1px);\" title=\"&#8220;APPUNTAMENTO IN RADIO CON LA SETTIMANA DELLA MEMORIA E DELL\u2019IMPEGNO&#8221; &#8212; Radio Pi\u00f9\" src=\"https:\/\/www.radiopiu.net\/wordpress\/puntata4libera\/embed\/#?secret=d8po2m1xzI#?secret=mM4PR0wWUm\" data-secret=\"mM4PR0wWUm\" width=\"600\" height=\"338\" frameborder=\"0\" marginwidth=\"0\" marginheight=\"0\" scrolling=\"no\"><\/iframe><\/p>\n<p>&nbsp;<\/p>\n<p>&nbsp;<\/p>\n<p>&nbsp;<\/p>\n<\/div>\n<\/div>\n","protected":false},"excerpt":{"rendered":"<p>PUNTATA 05 E&#8217; possibile progettare un mondo in cui il NOI prevalga sull&#8217;Io Hamdi Lala (1965-2000) Abbiamo scelto di raccontare la storia di Hamdi Lala perch\u00e8 oltre alla problematica dello sfruttamento delle persone da parte del poter mafioso, abbiamo avuto la possibilit\u00e0 di riflettere sulle vite dei migranti in Italia, che pur scappando dai loro&hellip;<\/p>\n","protected":false},"author":4,"featured_media":328151,"comment_status":"closed","ping_status":"closed","sticky":false,"template":"","format":"standard","meta":{"_monsterinsights_skip_tracking":false,"_monsterinsights_sitenote_active":false,"_monsterinsights_sitenote_note":"","_monsterinsights_sitenote_category":0,"footnotes":""},"categories":[51,49],"tags":[],"class_list":["post-328149","post","type-post","status-publish","format-standard","has-post-thumbnail","hentry","category-evidenza-top","category-news-18","category-51","category-49","description-off"],"img_url":"https:\/\/www.radiopiu.net\/wordpress\/wp-content\/uploads\/2023\/03\/336900433_3369841446610187_4542405253072452252_n.jpg","_links":{"self":[{"href":"https:\/\/www.radiopiu.net\/wordpress\/wp-json\/wp\/v2\/posts\/328149","targetHints":{"allow":["GET"]}}],"collection":[{"href":"https:\/\/www.radiopiu.net\/wordpress\/wp-json\/wp\/v2\/posts"}],"about":[{"href":"https:\/\/www.radiopiu.net\/wordpress\/wp-json\/wp\/v2\/types\/post"}],"author":[{"embeddable":true,"href":"https:\/\/www.radiopiu.net\/wordpress\/wp-json\/wp\/v2\/users\/4"}],"replies":[{"embeddable":true,"href":"https:\/\/www.radiopiu.net\/wordpress\/wp-json\/wp\/v2\/comments?post=328149"}],"version-history":[{"count":0,"href":"https:\/\/www.radiopiu.net\/wordpress\/wp-json\/wp\/v2\/posts\/328149\/revisions"}],"wp:featuredmedia":[{"embeddable":true,"href":"https:\/\/www.radiopiu.net\/wordpress\/wp-json\/wp\/v2\/media\/328151"}],"wp:attachment":[{"href":"https:\/\/www.radiopiu.net\/wordpress\/wp-json\/wp\/v2\/media?parent=328149"}],"wp:term":[{"taxonomy":"category","embeddable":true,"href":"https:\/\/www.radiopiu.net\/wordpress\/wp-json\/wp\/v2\/categories?post=328149"},{"taxonomy":"post_tag","embeddable":true,"href":"https:\/\/www.radiopiu.net\/wordpress\/wp-json\/wp\/v2\/tags?post=328149"}],"curies":[{"name":"wp","href":"https:\/\/api.w.org\/{rel}","templated":true}]}}