{"id":328164,"date":"2023-03-24T14:55:55","date_gmt":"2023-03-24T13:55:55","guid":{"rendered":"https:\/\/www.radiopiu.net\/wordpress\/?p=328164"},"modified":"2023-03-24T14:55:55","modified_gmt":"2023-03-24T13:55:55","slug":"a-cortinametraggio-la-polizia-con-segni-molto-particolari","status":"publish","type":"post","link":"https:\/\/www.radiopiu.net\/wordpress\/a-cortinametraggio-la-polizia-con-segni-molto-particolari\/","title":{"rendered":"A CORTINAMETRAGGIO LA POLIZIA CON &#8220;SEGNI MOLTO PARTICOLARI&#8221;"},"content":{"rendered":"<p>&nbsp;<\/p>\n<p align=\"JUSTIFY\"><span style=\"font-family: Tahoma, serif;\"><span style=\"font-size: medium;\"><strong>CORTINA<\/strong> Domani la Polizia di Stato presenter\u00e0 in anteprima nazionale \u201cSegni molto particolari\u201d.\u00a0 <\/span><\/span><span style=\"font-family: Tahoma, serif; font-size: medium;\">La proiezione\u00a0 avverr\u00e0 nella serata conclusiva del festival e segna un punto di approdo di un percorso voluto dal Dipartimento della Pubblica Sicurezza.<\/span> E&#8217;<span style=\"font-family: Tahoma, serif;\"><span style=\"font-size: medium;\">\u00a0un inno all\u2019inclusivit\u00e0 e al valore della diversit\u00e0: Laura, la protagonista, \u00e8 una campionessa di nuoto, cieca dalla nascita che, entrata in Polizia come agente tecnico, al termine della sua brillante carriera sportiva nel Gruppo Sportivo delle Fiamme Oro, sar\u00e0 impiegata in un Commissariato, iniziando cos\u00ec un nuovo e stimolante percorso professionale. Dotata di grande intuito ed empatia, Laura sapr\u00e0 dimostrarsi una risorsa preziosa per il Commissariato e riuscir\u00e0, con l\u2019aiuto dei sui colleghi, a risolvere un caso misterioso.\u00a0<\/span><\/span><\/p>\n<blockquote>\n<p align=\"JUSTIFY\"><em><span style=\"font-family: Tahoma, serif;\"><span style=\"font-size: medium;\">Lo scorso\u00a0gennaio\u00a0la Polizia di Stato ha concluso la selezione dei primi 14 atleti paralimpici dando loro l\u2019opportunit\u00e0 di diventare a tutti gli effetti Poliziotti. Grazie a questo concorso, infatti, tutti gli atleti paralimpici una volta reclutati e inseriti nella Gruppi sportivi della Polizia di Stato \u201cSezione paralimpica Fiamme Oro\u201d, a fine carriera sportiva, per la prima volta nella storia della Polizia di Stato, verranno reimpiegati quali Agenti di Polizia nei ruoli tecnici. L\u2019assunzione a tempo indeterminato rappresenta un unicum nei gruppi sportivi paralimpici delle Forze armate e di polizia e contribuir\u00e0 certamente a rafforzare il legame tra atleti e Istituzione.<\/span><\/span><\/em><\/p>\n<\/blockquote>\n\n\t\t\t<style type='text\/css'>\n\t\t\t\t#gallery-1 {\n\t\t\t\t\tmargin: auto;\n\t\t\t\t}\n\t\t\t\t#gallery-1 .gallery-item {\n\t\t\t\t\tfloat: left;\n\t\t\t\t\tmargin-top: 10px;\n\t\t\t\t\ttext-align: center;\n\t\t\t\t\twidth: 25%;\n\t\t\t\t}\n\t\t\t\t#gallery-1 img {\n\t\t\t\t\tborder: 2px solid #cfcfcf;\n\t\t\t\t}\n\t\t\t\t#gallery-1 .gallery-caption {\n\t\t\t\t\tmargin-left: 0;\n\t\t\t\t}\n\t\t\t\t\/* see gallery_shortcode() in wp-includes\/media.php *\/\n\t\t\t<\/style>\n\t\t<div id='gallery-1' class='dt-gallery-container gallery galleryid-328164 gallery-columns-4 gallery-size-thumbnail'><dl class='gallery-item'>\n\t\t\t\t<dt class='gallery-icon landscape'>\n\t\t\t\t\t<a class=\"rollover rollover-zoom dt-pswp-item\" title=\"WhatsApp Image 2023-02-10 at 17.14.03\" data-dt-img-description=\"\" data-large_image_width=\"1600\" data-large_image_height=\"1200\"href='https:\/\/www.radiopiu.net\/wordpress\/wp-content\/uploads\/2023\/03\/WhatsApp-Image-2023-02-10-at-17.14.03.jpeg'><img loading=\"lazy\" decoding=\"async\" width=\"150\" height=\"150\" src=\"https:\/\/www.radiopiu.net\/wordpress\/wp-content\/uploads\/2023\/03\/WhatsApp-Image-2023-02-10-at-17.14.03-150x150.jpeg\" class=\"attachment-thumbnail size-thumbnail\" alt=\"\" \/><\/a>\n\t\t\t\t<\/dt><\/dl><dl class='gallery-item'>\n\t\t\t\t<dt class='gallery-icon portrait'>\n\t\t\t\t\t<a class=\"rollover rollover-zoom dt-pswp-item\" title=\"POLIZIA\" data-dt-img-description=\"\" data-large_image_width=\"1200\" data-large_image_height=\"1600\"href='https:\/\/www.radiopiu.net\/wordpress\/wp-content\/uploads\/2023\/03\/WhatsApp-Image-2023-02-10-at-17.14.04-1.jpeg'><img loading=\"lazy\" decoding=\"async\" width=\"150\" height=\"150\" src=\"https:\/\/www.radiopiu.net\/wordpress\/wp-content\/uploads\/2023\/03\/WhatsApp-Image-2023-02-10-at-17.14.04-1-150x150.jpeg\" class=\"attachment-thumbnail size-thumbnail\" alt=\"\" \/><\/a>\n\t\t\t\t<\/dt><\/dl><dl class='gallery-item'>\n\t\t\t\t<dt class='gallery-icon landscape'>\n\t\t\t\t\t<a class=\"rollover rollover-zoom dt-pswp-item\" title=\"POLIZIA\" data-dt-img-description=\"\" data-large_image_width=\"1600\" data-large_image_height=\"1200\"href='https:\/\/www.radiopiu.net\/wordpress\/wp-content\/uploads\/2023\/03\/WhatsApp-Image-2023-02-10-at-17.14.04-2.jpeg'><img loading=\"lazy\" decoding=\"async\" width=\"150\" height=\"150\" src=\"https:\/\/www.radiopiu.net\/wordpress\/wp-content\/uploads\/2023\/03\/WhatsApp-Image-2023-02-10-at-17.14.04-2-150x150.jpeg\" class=\"attachment-thumbnail size-thumbnail\" alt=\"\" \/><\/a>\n\t\t\t\t<\/dt><\/dl><dl class='gallery-item'>\n\t\t\t\t<dt class='gallery-icon portrait'>\n\t\t\t\t\t<a class=\"rollover rollover-zoom dt-pswp-item\" title=\"POLIZIA\" data-dt-img-description=\"\" data-large_image_width=\"900\" data-large_image_height=\"1600\"href='https:\/\/www.radiopiu.net\/wordpress\/wp-content\/uploads\/2023\/03\/WhatsApp-Image-2023-02-10-at-17.14.04.jpeg'><img loading=\"lazy\" decoding=\"async\" width=\"150\" height=\"150\" src=\"https:\/\/www.radiopiu.net\/wordpress\/wp-content\/uploads\/2023\/03\/WhatsApp-Image-2023-02-10-at-17.14.04-150x150.jpeg\" class=\"attachment-thumbnail size-thumbnail\" alt=\"\" \/><\/a>\n\t\t\t\t<\/dt><\/dl><br style=\"clear: both\" \/>\n\t\t\t<\/div>\n\n<blockquote>\n<p align=\"JUSTIFY\">\n<\/blockquote>\n<p align=\"JUSTIFY\">\n<hr \/>\n<p>&nbsp;<\/p>\n","protected":false},"excerpt":{"rendered":"<p>&nbsp; CORTINA Domani la Polizia di Stato presenter\u00e0 in anteprima nazionale \u201cSegni molto particolari\u201d.\u00a0 La proiezione\u00a0 avverr\u00e0 nella serata conclusiva del festival e segna un punto di approdo di un percorso voluto dal Dipartimento della Pubblica Sicurezza. E&#8217;\u00a0un inno all\u2019inclusivit\u00e0 e al valore della diversit\u00e0: Laura, la protagonista, \u00e8 una campionessa di nuoto, cieca dalla&hellip;<\/p>\n","protected":false},"author":4,"featured_media":328168,"comment_status":"closed","ping_status":"closed","sticky":false,"template":"","format":"standard","meta":{"_monsterinsights_skip_tracking":false,"_monsterinsights_sitenote_active":false,"_monsterinsights_sitenote_note":"","_monsterinsights_sitenote_category":0,"footnotes":""},"categories":[104,49],"tags":[],"class_list":["post-328164","post","type-post","status-publish","format-standard","has-post-thumbnail","hentry","category-evidenza_3","category-news-18","category-104","category-49","description-off"],"img_url":"https:\/\/www.radiopiu.net\/wordpress\/wp-content\/uploads\/2023\/03\/WhatsApp-Image-2023-02-10-at-17.14.04-3.jpeg","_links":{"self":[{"href":"https:\/\/www.radiopiu.net\/wordpress\/wp-json\/wp\/v2\/posts\/328164","targetHints":{"allow":["GET"]}}],"collection":[{"href":"https:\/\/www.radiopiu.net\/wordpress\/wp-json\/wp\/v2\/posts"}],"about":[{"href":"https:\/\/www.radiopiu.net\/wordpress\/wp-json\/wp\/v2\/types\/post"}],"author":[{"embeddable":true,"href":"https:\/\/www.radiopiu.net\/wordpress\/wp-json\/wp\/v2\/users\/4"}],"replies":[{"embeddable":true,"href":"https:\/\/www.radiopiu.net\/wordpress\/wp-json\/wp\/v2\/comments?post=328164"}],"version-history":[{"count":0,"href":"https:\/\/www.radiopiu.net\/wordpress\/wp-json\/wp\/v2\/posts\/328164\/revisions"}],"wp:featuredmedia":[{"embeddable":true,"href":"https:\/\/www.radiopiu.net\/wordpress\/wp-json\/wp\/v2\/media\/328168"}],"wp:attachment":[{"href":"https:\/\/www.radiopiu.net\/wordpress\/wp-json\/wp\/v2\/media?parent=328164"}],"wp:term":[{"taxonomy":"category","embeddable":true,"href":"https:\/\/www.radiopiu.net\/wordpress\/wp-json\/wp\/v2\/categories?post=328164"},{"taxonomy":"post_tag","embeddable":true,"href":"https:\/\/www.radiopiu.net\/wordpress\/wp-json\/wp\/v2\/tags?post=328164"}],"curies":[{"name":"wp","href":"https:\/\/api.w.org\/{rel}","templated":true}]}}