{"id":328196,"date":"2023-03-24T12:59:13","date_gmt":"2023-03-24T11:59:13","guid":{"rendered":"https:\/\/www.radiopiu.net\/wordpress\/?p=328196"},"modified":"2023-03-25T06:06:44","modified_gmt":"2023-03-25T05:06:44","slug":"gli-impegni-del-fine-settimana-dellagordina-calcio","status":"publish","type":"post","link":"https:\/\/www.radiopiu.net\/wordpress\/gli-impegni-del-fine-settimana-dellagordina-calcio\/","title":{"rendered":"GLI IMPEGNI DEL FINE SETTIMANA DELL&#8217;AGORDINA CALCIO"},"content":{"rendered":"<p><strong><a class=\"dt-pswp-item\" href=\"https:\/\/www.radiopiu.net\/wordpress\/wp-content\/uploads\/2022\/11\/CALCIO-2022.jpg\" data-dt-img-description=\"\" data-large_image_width=\"1920\" data-large_image_height=\"1280\"><img loading=\"lazy\" decoding=\"async\" class=\" wp-image-305390 alignleft\" src=\"https:\/\/www.radiopiu.net\/wordpress\/wp-content\/uploads\/2022\/11\/CALCIO-2022-300x200.jpg\" alt=\"\" width=\"198\" height=\"132\" srcset=\"https:\/\/www.radiopiu.net\/wordpress\/wp-content\/uploads\/2022\/11\/CALCIO-2022-300x200.jpg 300w, https:\/\/www.radiopiu.net\/wordpress\/wp-content\/uploads\/2022\/11\/CALCIO-2022-1024x683.jpg 1024w, https:\/\/www.radiopiu.net\/wordpress\/wp-content\/uploads\/2022\/11\/CALCIO-2022-768x512.jpg 768w, https:\/\/www.radiopiu.net\/wordpress\/wp-content\/uploads\/2022\/11\/CALCIO-2022-1536x1024.jpg 1536w, https:\/\/www.radiopiu.net\/wordpress\/wp-content\/uploads\/2022\/11\/CALCIO-2022.jpg 1920w\" sizes=\"auto, (max-width: 198px) 100vw, 198px\" \/><\/a>di Marco Gaz<\/strong><\/p>\n<p><strong>REDAZIONE\u00a0<\/strong>Continuano i campionati provinciali e regionali LND dove l&#8217;Agordina Calcio \u00e8 iscritta con le sue quattro formazioni. Nel fine settimana tutte le squadre giovanili e la prima squadra saranno impegnate sui campi della provincia ma non solo. Ad aprire le danze saranno i Giovanissimi e la Juniores impegnate nei tornei provinciali. Oggi alle 15 i Giovanissimi di De Bastiani giocheranno in casa. All&#8217;Ivano Dorigo di Agordo arriva la Plavis per quella che sar\u00e0 la penultima giornata. Plavis in testa alla classifica, Agordina al terzo posto. Si preannuncia una bella partita. Penultimo turno di campionato anche per la Juniores di De Zaiacomo che domani alle 15 sar\u00e0 impegnata in trasferta contro il Castion. Gli agordini devono vincere per sorpassare la diretta avversaria ed aggiudicarsi la seconda posizione in classifica. Domani alle 10:30 gli Allievi Regionali di Orzetti saranno impegnati all&#8217;Ivano Dorigo contro l&#8217;Altivolese Maser. I trevigiani lottano per la parte alta della classifica ma la squadra di Agordo vuole chiudere bene la stagione abbandonando l&#8217;ultima posizione del torneo. La prima squadra allenata da Danilo Chenet no pu\u00f2 pi\u00f9 sbagliare e domani alle 15:30 sar\u00e0 in terra trevigiana per affrontare il San Michele Salsa. Agordini che devono assolutamente vincere per sperare in una salvezza matematica in extremis. Trevigiani che lottano per un posto nei playoff. Non sar\u00e0 una partita facile per la compagine del presidente Cosmo Forcella. Radio Pi\u00f9 seguir\u00e0 in diretta la partita dalle 15:30 all&#8217;interno di &#8220;Domenica Pi\u00f9 Sport&#8221;.<\/p>\n<p>&nbsp;<\/p>\n<p>&nbsp;<\/p>\n<p>*******<\/p>\n","protected":false},"excerpt":{"rendered":"<p>di Marco Gaz REDAZIONE\u00a0Continuano i campionati provinciali e regionali LND dove l&#8217;Agordina Calcio \u00e8 iscritta con le sue quattro formazioni. Nel fine settimana tutte le squadre giovanili e la prima squadra saranno impegnate sui campi della provincia ma non solo. Ad aprire le danze saranno i Giovanissimi e la Juniores impegnate nei tornei provinciali. Oggi&hellip;<\/p>\n","protected":false},"author":4,"featured_media":305390,"comment_status":"closed","ping_status":"closed","sticky":false,"template":"","format":"standard","meta":{"_monsterinsights_skip_tracking":false,"_monsterinsights_sitenote_active":false,"_monsterinsights_sitenote_note":"","_monsterinsights_sitenote_category":0,"footnotes":""},"categories":[51,49],"tags":[],"class_list":["post-328196","post","type-post","status-publish","format-standard","has-post-thumbnail","hentry","category-evidenza-top","category-news-18","category-51","category-49","description-off"],"img_url":"https:\/\/www.radiopiu.net\/wordpress\/wp-content\/uploads\/2022\/11\/CALCIO-2022.jpg","_links":{"self":[{"href":"https:\/\/www.radiopiu.net\/wordpress\/wp-json\/wp\/v2\/posts\/328196","targetHints":{"allow":["GET"]}}],"collection":[{"href":"https:\/\/www.radiopiu.net\/wordpress\/wp-json\/wp\/v2\/posts"}],"about":[{"href":"https:\/\/www.radiopiu.net\/wordpress\/wp-json\/wp\/v2\/types\/post"}],"author":[{"embeddable":true,"href":"https:\/\/www.radiopiu.net\/wordpress\/wp-json\/wp\/v2\/users\/4"}],"replies":[{"embeddable":true,"href":"https:\/\/www.radiopiu.net\/wordpress\/wp-json\/wp\/v2\/comments?post=328196"}],"version-history":[{"count":0,"href":"https:\/\/www.radiopiu.net\/wordpress\/wp-json\/wp\/v2\/posts\/328196\/revisions"}],"wp:featuredmedia":[{"embeddable":true,"href":"https:\/\/www.radiopiu.net\/wordpress\/wp-json\/wp\/v2\/media\/305390"}],"wp:attachment":[{"href":"https:\/\/www.radiopiu.net\/wordpress\/wp-json\/wp\/v2\/media?parent=328196"}],"wp:term":[{"taxonomy":"category","embeddable":true,"href":"https:\/\/www.radiopiu.net\/wordpress\/wp-json\/wp\/v2\/categories?post=328196"},{"taxonomy":"post_tag","embeddable":true,"href":"https:\/\/www.radiopiu.net\/wordpress\/wp-json\/wp\/v2\/tags?post=328196"}],"curies":[{"name":"wp","href":"https:\/\/api.w.org\/{rel}","templated":true}]}}