{"id":328243,"date":"2023-03-27T05:42:47","date_gmt":"2023-03-27T03:42:47","guid":{"rendered":"https:\/\/www.radiopiu.net\/wordpress\/?p=328243"},"modified":"2023-03-27T07:30:37","modified_gmt":"2023-03-27T05:30:37","slug":"giornale-radiopiu-27-marzo-2023-direttore-mirko-mezzacasa-verso-i-40-anni-25-giugno-1983-25-giugno-2023","status":"publish","type":"post","link":"https:\/\/www.radiopiu.net\/wordpress\/giornale-radiopiu-27-marzo-2023-direttore-mirko-mezzacasa-verso-i-40-anni-25-giugno-1983-25-giugno-2023\/","title":{"rendered":"GIORNALE RADIOPIU 27 MARZO 2023 DIRETTORE MIRKO MEZZACASA&#8230;verso i 40 anni 25 giugno 1983-25 giugno 2023"},"content":{"rendered":"<div dir=\"auto\"><\/div>\n<h2 style=\"text-align: left;\"><span style=\"color: #ff0000;\">ISCRIVITI AL NOSTRO CANALE YOUTUBE PER SEGUIRE IN DIRETTA I PRINCIPALI PROGRAMMI DI RADIO PIU&#8217; E LE FUTURE DIRETTE IN ESTERNA. PER ISCRIVERTI <a style=\"color: #ff0000;\" href=\"https:\/\/youtube.com\/@radiopiu1527\">CLICCA QUI<\/a> E PREMI IL TASTO &#8220;Iscriviti&#8221;\u00a0<\/span><\/h2>\n<p>&nbsp;<\/p>\n<hr \/>\n<p>&nbsp;<\/p>\n<blockquote>\n<h3>VALANGA IN ALTO ADIGE, DUE MORTI<\/h3>\n<\/blockquote>\n<p><strong><img loading=\"lazy\" decoding=\"async\" class=\"alignleft\" src=\"https:\/\/www.radiopiu.net\/wordpress\/wp-content\/uploads\/2023\/03\/dsfsdf_1.jpg\" width=\"236\" height=\"109\" \/>BOLZANO. <\/strong>Una valanga ha travolto due\u00a0 escursionisti in\u00a0 in Valle Aurina in Alto Adige<\/p>\n<p>Secondo le prime informazioni\u00a0una coppia\u00a0di si trovava in localit\u00e0 Sasso Nero (1.700 metri di quota)\u00a0per un\u2019escursione con le ciaspole.\u00a0A un certo punto per\u00f2 sono stati\u00a0travolti da una slavina.<\/p>\n<p>A dare l\u2019allarme \u00e8 stato il proprietario dell\u2019albergo dove le due persone stavano soggiornando. Non avendo visto la coppia rientrare l\u2019uomo ha allertato i soccorsi. La coppia infatti era uscita in auto ma non era rientrata per cena. L\u2019allarme \u00e8 scattato troppo tardi e le ricerche sono iniziate solo ieri mattina. Purtroppo in poco tempo si \u00e8 arrivati al tragico epilogo, i soccorritori infatti hanno individuato e recuperato i due corpi senza vita.<\/p>\n<p><strong>Le vittime sono un uomo di 51 anni Gabriele Costantini a e una 33enne lituana Solveiga Kemzuarit\u00e8. Entrambi erano residenti a Cavallino Tre Porti nel Veneziano.<\/strong><\/p>\n<p>&nbsp;<\/p>\n<p>&nbsp;<\/p>\n<p>&nbsp;<\/p>\n<hr \/>\n<p>&nbsp;<\/p>\n<blockquote>\n<h3><a class=\"dt-pswp-item\" href=\"https:\/\/www.radiopiu.net\/wordpress\/wp-content\/uploads\/2023\/03\/Senza-nome-81.jpg\" data-dt-img-description=\"\" data-large_image_width=\"354\" data-large_image_height=\"204\"><img loading=\"lazy\" decoding=\"async\" class=\"size-medium wp-image-328564 alignleft\" src=\"https:\/\/www.radiopiu.net\/wordpress\/wp-content\/uploads\/2023\/03\/Senza-nome-81-300x173.jpg\" alt=\"\" width=\"300\" height=\"173\" srcset=\"https:\/\/www.radiopiu.net\/wordpress\/wp-content\/uploads\/2023\/03\/Senza-nome-81-300x173.jpg 300w, https:\/\/www.radiopiu.net\/wordpress\/wp-content\/uploads\/2023\/03\/Senza-nome-81.jpg 354w\" sizes=\"auto, (max-width: 300px) 100vw, 300px\" \/><\/a>IERI MATTINA ALLA STANGA<br \/>\n<em>Chiara la dinamica: l&#8217;auto (Suzuki) in uscita dal parcheggio del Bar \u00e8 stata centrata dalla T-Roc diretta da Agordo verso Belluno<\/em><\/h3>\n<\/blockquote>\n<p><strong>SEDICO<\/strong> Erano da poco passate le 9 di ieri mattina quando in localit\u00e0 La Stanga di Sedico \u00e8 avvenuto un incidente. Due le auto coinvolte. Una Suzuki Jimny e una Volkswagen T-Roc. L&#8217;uomo alla guida della piccola jeep stava uscendo dal parcheggio del Bar Camolino quando, da Agordo verso Belluno,\u00a0 sopraggiungeva la T-Roc,\u00a0 inevitabile l&#8217;impatto violento con la Volkswagen, condotta da un agordino, che ha colpito sul fianco la Suzuki terminando la sua corsa sul muro di contenimento al fianco della 203 Agordina. Immediati i soccorsi. L&#8217;uomo, F.C. 65 anni di Belluno, a bordo della Jimny \u00e8 stato portato in gravi condizioni all&#8217;ospedale di Belluno. Non \u00e8 in pericolo di vita. Ferito anche l\u2019altro conducente, l&#8217;agordino a bordo della T-Roc. I Carabinieri hanno deviato il traffico ed eseguito i rilievi del sinistro. Le operazioni di soccorso dei Vigili del Fuoco sono terminate dopo circa due ore.<\/p>\n\n\t\t\t<style type='text\/css'>\n\t\t\t\t#gallery-1 {\n\t\t\t\t\tmargin: auto;\n\t\t\t\t}\n\t\t\t\t#gallery-1 .gallery-item {\n\t\t\t\t\tfloat: left;\n\t\t\t\t\tmargin-top: 10px;\n\t\t\t\t\ttext-align: center;\n\t\t\t\t\twidth: 14%;\n\t\t\t\t}\n\t\t\t\t#gallery-1 img {\n\t\t\t\t\tborder: 2px solid #cfcfcf;\n\t\t\t\t}\n\t\t\t\t#gallery-1 .gallery-caption {\n\t\t\t\t\tmargin-left: 0;\n\t\t\t\t}\n\t\t\t\t\/* see gallery_shortcode() in wp-includes\/media.php *\/\n\t\t\t<\/style>\n\t\t<div id='gallery-1' class='dt-gallery-container gallery galleryid-328243 gallery-columns-7 gallery-size-thumbnail'><dl class='gallery-item'>\n\t\t\t\t<dt class='gallery-icon landscape'>\n\t\t\t\t\t<a class=\"rollover rollover-zoom dt-pswp-item\" title=\"2c759034-db7a-48e6-b58b-0bdfd06f87d5\" data-dt-img-description=\"\" data-large_image_width=\"2048\" data-large_image_height=\"1152\"href='https:\/\/www.radiopiu.net\/wordpress\/wp-content\/uploads\/2023\/03\/2c759034-db7a-48e6-b58b-0bdfd06f87d5.jpg'><img loading=\"lazy\" decoding=\"async\" width=\"150\" height=\"150\" src=\"https:\/\/www.radiopiu.net\/wordpress\/wp-content\/uploads\/2023\/03\/2c759034-db7a-48e6-b58b-0bdfd06f87d5-150x150.jpg\" class=\"attachment-thumbnail size-thumbnail\" alt=\"\" \/><\/a>\n\t\t\t\t<\/dt><\/dl><dl class='gallery-item'>\n\t\t\t\t<dt class='gallery-icon landscape'>\n\t\t\t\t\t<a class=\"rollover rollover-zoom dt-pswp-item\" title=\"860ec1d2-544c-4400-a7bf-1a87d85632ac\" data-dt-img-description=\"\" data-large_image_width=\"2048\" data-large_image_height=\"1152\"href='https:\/\/www.radiopiu.net\/wordpress\/wp-content\/uploads\/2023\/03\/860ec1d2-544c-4400-a7bf-1a87d85632ac.jpg'><img loading=\"lazy\" decoding=\"async\" width=\"150\" height=\"150\" src=\"https:\/\/www.radiopiu.net\/wordpress\/wp-content\/uploads\/2023\/03\/860ec1d2-544c-4400-a7bf-1a87d85632ac-150x150.jpg\" class=\"attachment-thumbnail size-thumbnail\" alt=\"\" \/><\/a>\n\t\t\t\t<\/dt><\/dl><dl class='gallery-item'>\n\t\t\t\t<dt class='gallery-icon landscape'>\n\t\t\t\t\t<a class=\"rollover rollover-zoom dt-pswp-item\" title=\"f06d03ed-8364-452f-a496-71951fd2a7d7\" data-dt-img-description=\"\" data-large_image_width=\"2048\" data-large_image_height=\"1152\"href='https:\/\/www.radiopiu.net\/wordpress\/wp-content\/uploads\/2023\/03\/f06d03ed-8364-452f-a496-71951fd2a7d7.jpg'><img loading=\"lazy\" decoding=\"async\" width=\"150\" height=\"150\" src=\"https:\/\/www.radiopiu.net\/wordpress\/wp-content\/uploads\/2023\/03\/f06d03ed-8364-452f-a496-71951fd2a7d7-150x150.jpg\" class=\"attachment-thumbnail size-thumbnail\" alt=\"\" \/><\/a>\n\t\t\t\t<\/dt><\/dl><dl class='gallery-item'>\n\t\t\t\t<dt class='gallery-icon landscape'>\n\t\t\t\t\t<a class=\"rollover rollover-zoom dt-pswp-item\" title=\"20684189-4e9f-4ebb-a17c-ecd2a3b1323d\" data-dt-img-description=\"\" data-large_image_width=\"2048\" data-large_image_height=\"1152\"href='https:\/\/www.radiopiu.net\/wordpress\/wp-content\/uploads\/2023\/03\/20684189-4e9f-4ebb-a17c-ecd2a3b1323d.jpg'><img loading=\"lazy\" decoding=\"async\" width=\"150\" height=\"150\" src=\"https:\/\/www.radiopiu.net\/wordpress\/wp-content\/uploads\/2023\/03\/20684189-4e9f-4ebb-a17c-ecd2a3b1323d-150x150.jpg\" class=\"attachment-thumbnail size-thumbnail\" alt=\"\" \/><\/a>\n\t\t\t\t<\/dt><\/dl><dl class='gallery-item'>\n\t\t\t\t<dt class='gallery-icon landscape'>\n\t\t\t\t\t<a class=\"rollover rollover-zoom dt-pswp-item\" title=\"9e99654b-1ca9-4939-ae16-0f112fd9d2ff\" data-dt-img-description=\"\" data-large_image_width=\"2048\" data-large_image_height=\"1152\"href='https:\/\/www.radiopiu.net\/wordpress\/wp-content\/uploads\/2023\/03\/9e99654b-1ca9-4939-ae16-0f112fd9d2ff.jpg'><img loading=\"lazy\" decoding=\"async\" width=\"150\" height=\"150\" src=\"https:\/\/www.radiopiu.net\/wordpress\/wp-content\/uploads\/2023\/03\/9e99654b-1ca9-4939-ae16-0f112fd9d2ff-150x150.jpg\" class=\"attachment-thumbnail size-thumbnail\" alt=\"\" \/><\/a>\n\t\t\t\t<\/dt><\/dl><dl class='gallery-item'>\n\t\t\t\t<dt class='gallery-icon landscape'>\n\t\t\t\t\t<a class=\"rollover rollover-zoom dt-pswp-item\" title=\"3e9a397d-b668-4f8d-9219-d5a7c8c6d273\" data-dt-img-description=\"\" data-large_image_width=\"2048\" data-large_image_height=\"1152\"href='https:\/\/www.radiopiu.net\/wordpress\/wp-content\/uploads\/2023\/03\/3e9a397d-b668-4f8d-9219-d5a7c8c6d273.jpg'><img loading=\"lazy\" decoding=\"async\" width=\"150\" height=\"150\" src=\"https:\/\/www.radiopiu.net\/wordpress\/wp-content\/uploads\/2023\/03\/3e9a397d-b668-4f8d-9219-d5a7c8c6d273-150x150.jpg\" class=\"attachment-thumbnail size-thumbnail\" alt=\"\" \/><\/a>\n\t\t\t\t<\/dt><\/dl><dl class='gallery-item'>\n\t\t\t\t<dt class='gallery-icon landscape'>\n\t\t\t\t\t<a class=\"rollover rollover-zoom dt-pswp-item\" title=\"86a62419-c00a-446a-bf71-e1cdefc22524\" data-dt-img-description=\"\" data-large_image_width=\"2048\" data-large_image_height=\"1152\"href='https:\/\/www.radiopiu.net\/wordpress\/wp-content\/uploads\/2023\/03\/86a62419-c00a-446a-bf71-e1cdefc22524.jpg'><img loading=\"lazy\" decoding=\"async\" width=\"150\" height=\"150\" src=\"https:\/\/www.radiopiu.net\/wordpress\/wp-content\/uploads\/2023\/03\/86a62419-c00a-446a-bf71-e1cdefc22524-150x150.jpg\" class=\"attachment-thumbnail size-thumbnail\" alt=\"\" \/><\/a>\n\t\t\t\t<\/dt><\/dl><br style=\"clear: both\" \/><dl class='gallery-item'>\n\t\t\t\t<dt class='gallery-icon landscape'>\n\t\t\t\t\t<a class=\"rollover rollover-zoom dt-pswp-item\" title=\"e56d2734-55f5-4fa5-ad75-a91d1df2755b\" data-dt-img-description=\"\" data-large_image_width=\"2048\" data-large_image_height=\"1152\"href='https:\/\/www.radiopiu.net\/wordpress\/wp-content\/uploads\/2023\/03\/e56d2734-55f5-4fa5-ad75-a91d1df2755b.jpg'><img loading=\"lazy\" decoding=\"async\" width=\"150\" height=\"150\" src=\"https:\/\/www.radiopiu.net\/wordpress\/wp-content\/uploads\/2023\/03\/e56d2734-55f5-4fa5-ad75-a91d1df2755b-150x150.jpg\" class=\"attachment-thumbnail size-thumbnail\" alt=\"\" \/><\/a>\n\t\t\t\t<\/dt><\/dl><dl class='gallery-item'>\n\t\t\t\t<dt class='gallery-icon landscape'>\n\t\t\t\t\t<a class=\"rollover rollover-zoom dt-pswp-item\" title=\"7ed24d4f-8496-4ea9-8079-335fab0717a5\" data-dt-img-description=\"\" data-large_image_width=\"1280\" data-large_image_height=\"720\"href='https:\/\/www.radiopiu.net\/wordpress\/wp-content\/uploads\/2023\/03\/7ed24d4f-8496-4ea9-8079-335fab0717a5.jpg'><img loading=\"lazy\" decoding=\"async\" width=\"150\" height=\"150\" src=\"https:\/\/www.radiopiu.net\/wordpress\/wp-content\/uploads\/2023\/03\/7ed24d4f-8496-4ea9-8079-335fab0717a5-150x150.jpg\" class=\"attachment-thumbnail size-thumbnail\" alt=\"\" \/><\/a>\n\t\t\t\t<\/dt><\/dl><dl class='gallery-item'>\n\t\t\t\t<dt class='gallery-icon landscape'>\n\t\t\t\t\t<a class=\"rollover rollover-zoom dt-pswp-item\" title=\"9f5e0fb3-a333-4268-a8f0-4fbeb9409f50\" data-dt-img-description=\"\" data-large_image_width=\"1073\" data-large_image_height=\"597\"href='https:\/\/www.radiopiu.net\/wordpress\/wp-content\/uploads\/2023\/03\/9f5e0fb3-a333-4268-a8f0-4fbeb9409f50.jpg'><img loading=\"lazy\" decoding=\"async\" width=\"150\" height=\"150\" src=\"https:\/\/www.radiopiu.net\/wordpress\/wp-content\/uploads\/2023\/03\/9f5e0fb3-a333-4268-a8f0-4fbeb9409f50-150x150.jpg\" class=\"attachment-thumbnail size-thumbnail\" alt=\"\" \/><\/a>\n\t\t\t\t<\/dt><\/dl><dl class='gallery-item'>\n\t\t\t\t<dt class='gallery-icon landscape'>\n\t\t\t\t\t<a class=\"rollover rollover-zoom dt-pswp-item\" title=\"97cf35d4-80e2-4ee4-9733-ce05dbc2f9d3\" data-dt-img-description=\"\" data-large_image_width=\"1067\" data-large_image_height=\"663\"href='https:\/\/www.radiopiu.net\/wordpress\/wp-content\/uploads\/2023\/03\/97cf35d4-80e2-4ee4-9733-ce05dbc2f9d3.jpg'><img loading=\"lazy\" decoding=\"async\" width=\"150\" height=\"150\" src=\"https:\/\/www.radiopiu.net\/wordpress\/wp-content\/uploads\/2023\/03\/97cf35d4-80e2-4ee4-9733-ce05dbc2f9d3-150x150.jpg\" class=\"attachment-thumbnail size-thumbnail\" alt=\"\" \/><\/a>\n\t\t\t\t<\/dt><\/dl><dl class='gallery-item'>\n\t\t\t\t<dt class='gallery-icon portrait'>\n\t\t\t\t\t<a class=\"rollover rollover-zoom dt-pswp-item\" title=\"c4613d3f-2f8d-4cf0-8b43-e136f431b40b\" data-dt-img-description=\"\" data-large_image_width=\"720\" data-large_image_height=\"1000\"href='https:\/\/www.radiopiu.net\/wordpress\/wp-content\/uploads\/2023\/03\/c4613d3f-2f8d-4cf0-8b43-e136f431b40b.jpg'><img loading=\"lazy\" decoding=\"async\" width=\"150\" height=\"150\" src=\"https:\/\/www.radiopiu.net\/wordpress\/wp-content\/uploads\/2023\/03\/c4613d3f-2f8d-4cf0-8b43-e136f431b40b-150x150.jpg\" class=\"attachment-thumbnail size-thumbnail\" alt=\"\" \/><\/a>\n\t\t\t\t<\/dt><\/dl><dl class='gallery-item'>\n\t\t\t\t<dt class='gallery-icon landscape'>\n\t\t\t\t\t<a class=\"rollover rollover-zoom dt-pswp-item\" title=\"3d9b4643-24ca-4da5-b9ff-bf1470e2a6d8\" data-dt-img-description=\"\" data-large_image_width=\"1280\" data-large_image_height=\"720\"href='https:\/\/www.radiopiu.net\/wordpress\/wp-content\/uploads\/2023\/03\/3d9b4643-24ca-4da5-b9ff-bf1470e2a6d8.jpg'><img loading=\"lazy\" decoding=\"async\" width=\"150\" height=\"150\" src=\"https:\/\/www.radiopiu.net\/wordpress\/wp-content\/uploads\/2023\/03\/3d9b4643-24ca-4da5-b9ff-bf1470e2a6d8-150x150.jpg\" class=\"attachment-thumbnail size-thumbnail\" alt=\"\" \/><\/a>\n\t\t\t\t<\/dt><\/dl>\n\t\t\t\t<br style='clear: both' \/>\n\t\t\t<\/div>\n\n<p>&nbsp;<\/p>\n<hr \/>\n<p>&nbsp;<\/p>\n<blockquote>\n<h3>PERDE IL CONTROLLO DEL FURGONE E ABBATTE UN LAMPIONE<\/h3>\n<\/blockquote>\n<p><strong><a class=\"dt-pswp-item\" href=\"https:\/\/www.radiopiu.net\/wordpress\/wp-content\/uploads\/2023\/03\/238d949c-f4a1-49eb-866a-09472fad6cec.jpg\" data-dt-img-description=\"\" data-large_image_width=\"1181\" data-large_image_height=\"798\"><img loading=\"lazy\" decoding=\"async\" class=\" wp-image-328555 alignleft\" src=\"https:\/\/www.radiopiu.net\/wordpress\/wp-content\/uploads\/2023\/03\/238d949c-f4a1-49eb-866a-09472fad6cec-300x203.jpg\" alt=\"\" width=\"155\" height=\"105\" srcset=\"https:\/\/www.radiopiu.net\/wordpress\/wp-content\/uploads\/2023\/03\/238d949c-f4a1-49eb-866a-09472fad6cec-300x203.jpg 300w, https:\/\/www.radiopiu.net\/wordpress\/wp-content\/uploads\/2023\/03\/238d949c-f4a1-49eb-866a-09472fad6cec-1024x692.jpg 1024w, https:\/\/www.radiopiu.net\/wordpress\/wp-content\/uploads\/2023\/03\/238d949c-f4a1-49eb-866a-09472fad6cec-768x519.jpg 768w, https:\/\/www.radiopiu.net\/wordpress\/wp-content\/uploads\/2023\/03\/238d949c-f4a1-49eb-866a-09472fad6cec.jpg 1181w\" sizes=\"auto, (max-width: 155px) 100vw, 155px\" \/><\/a>FELTRE<\/strong> Intervento dei Vigili del Fuoco nel pomeriggio di ieri. Poco dopo le 14:30 sono intervenuti lungo la SS 50 in localit\u00e0 Casonetto di Feltre per un furgone finito fuoristrada contro un palo dell\u2019illuminazione che \u00e8 stato abbattuto: illeso il conducente. I pompieri, arrivati dal locale distaccamento, hanno messo in sicurezza il mezzo e il palo dell\u2019illuminazione pubblica fino all\u2019intervento dei tecnici del comune. I Carabinieri hanno eseguito i rilievi del sinistro. Le operazioni di soccorso dei Vigili del Fuoco sono terminate dopo circa un\u2019ora.<\/p>\n<p>&nbsp;<\/p>\n<p>&nbsp;<\/p>\n<hr \/>\n<p>&nbsp;<\/p>\n<blockquote>\n<h3>A SANTA MARIA DELLE GRAZIE<\/h3>\n<\/blockquote>\n<p><strong><a class=\"dt-pswp-item\" href=\"https:\/\/www.radiopiu.net\/wordpress\/wp-content\/uploads\/2023\/03\/9fe4849c-69ff-408c-bf19-7a39845b7dbf.jpg\" data-dt-img-description=\"\" data-large_image_width=\"2000\" data-large_image_height=\"1500\"><img loading=\"lazy\" decoding=\"async\" class=\" wp-image-328327 alignleft\" src=\"https:\/\/www.radiopiu.net\/wordpress\/wp-content\/uploads\/2023\/03\/9fe4849c-69ff-408c-bf19-7a39845b7dbf-300x225.jpg\" alt=\"\" width=\"245\" height=\"184\" srcset=\"https:\/\/www.radiopiu.net\/wordpress\/wp-content\/uploads\/2023\/03\/9fe4849c-69ff-408c-bf19-7a39845b7dbf-300x225.jpg 300w, https:\/\/www.radiopiu.net\/wordpress\/wp-content\/uploads\/2023\/03\/9fe4849c-69ff-408c-bf19-7a39845b7dbf-1024x768.jpg 1024w, https:\/\/www.radiopiu.net\/wordpress\/wp-content\/uploads\/2023\/03\/9fe4849c-69ff-408c-bf19-7a39845b7dbf-768x576.jpg 768w, https:\/\/www.radiopiu.net\/wordpress\/wp-content\/uploads\/2023\/03\/9fe4849c-69ff-408c-bf19-7a39845b7dbf-1536x1152.jpg 1536w, https:\/\/www.radiopiu.net\/wordpress\/wp-content\/uploads\/2023\/03\/9fe4849c-69ff-408c-bf19-7a39845b7dbf.jpg 2000w\" sizes=\"auto, (max-width: 245px) 100vw, 245px\" \/><\/a> <\/strong><\/p>\n<p><strong>\u00a0<\/strong><\/p>\n<p><strong>ROCCA PIETORE<\/strong> Incidente nella tarda mattinata di sabato sulla 203 Agordina tra Alleghe e Caprile, all&#8217;incrocio che porta in localit\u00e0 Santa Maria Delle grazie di Rocca Pietore. Tre le auto coinvolte nell&#8217;impatto: una Panda, un&#8217;Alfa romeo e una Volkswagen. Una donna \u00e8 stata portata all&#8217;ospedale di Agordo con ferite di media gravit\u00e0. Sul posto i Carabinieri e Vigili del Fuoco permanenti di Agordo e i pompieri volontari di Caprile per regolare il traffico e per la pulizia della sede stradale.<\/p>\n<p>&nbsp;<\/p>\n<p>&nbsp;<\/p>\n<p>&nbsp;<\/p>\n<hr \/>\n<p>&nbsp;<\/p>\n<blockquote>\n<h3>UNA SERATA IMPEGNATIVA PER I VIGILI DEL FUOCO DI CAPRILE. PRIMA L&#8217;ESERCITAZIONE POI L&#8217;INTERVENTO<\/h3>\n<\/blockquote>\n<p><strong>ALLEGHE<\/strong> I Vigili del Fuoco Volontari di Caprile hanno trascorso un venerd\u00ec sera impegnativo tra esercitazioni ed un intervento.<\/p>\n<p><strong>L&#8217;ESERCITAZIONE<\/strong><\/p>\n<p>La serata \u00e8 iniziata con con un&#8217;esercitazione dove i pompieri hanno utilizzato il &#8220;sacco tetto&#8221; e gli altri strumenti anti-caduta sul tetto di una abitazione per migliorare e ripassare alcune tecniche di approccio all&#8217;intervento anche in ambiente sopraelevato. Questo per mantenere personale e materiali addestrati a operare in qualsiasi situazione e in sicurezza \u00e8 alla base di un intervento tecnico-urgente rapido e efficace.<\/p>\n\n\t\t\t<style type='text\/css'>\n\t\t\t\t#gallery-2 {\n\t\t\t\t\tmargin: auto;\n\t\t\t\t}\n\t\t\t\t#gallery-2 .gallery-item {\n\t\t\t\t\tfloat: left;\n\t\t\t\t\tmargin-top: 10px;\n\t\t\t\t\ttext-align: center;\n\t\t\t\t\twidth: 50%;\n\t\t\t\t}\n\t\t\t\t#gallery-2 img {\n\t\t\t\t\tborder: 2px solid #cfcfcf;\n\t\t\t\t}\n\t\t\t\t#gallery-2 .gallery-caption {\n\t\t\t\t\tmargin-left: 0;\n\t\t\t\t}\n\t\t\t\t\/* see gallery_shortcode() in wp-includes\/media.php *\/\n\t\t\t<\/style>\n\t\t<div id='gallery-2' class='dt-gallery-container gallery galleryid-328243 gallery-columns-2 gallery-size-thumbnail'><dl class='gallery-item'>\n\t\t\t\t<dt class='gallery-icon portrait'>\n\t\t\t\t\t<a class=\"rollover rollover-zoom dt-pswp-item\" title=\"337125150_766429341770818_2693990555463642525_n\" data-dt-img-description=\"\" data-large_image_width=\"526\" data-large_image_height=\"1169\"href='https:\/\/www.radiopiu.net\/wordpress\/wp-content\/uploads\/2023\/03\/337125150_766429341770818_2693990555463642525_n.jpg'><img loading=\"lazy\" decoding=\"async\" width=\"150\" height=\"150\" src=\"https:\/\/www.radiopiu.net\/wordpress\/wp-content\/uploads\/2023\/03\/337125150_766429341770818_2693990555463642525_n-150x150.jpg\" class=\"attachment-thumbnail size-thumbnail\" alt=\"\" \/><\/a>\n\t\t\t\t<\/dt><\/dl><dl class='gallery-item'>\n\t\t\t\t<dt class='gallery-icon portrait'>\n\t\t\t\t\t<a class=\"rollover rollover-zoom dt-pswp-item\" title=\"336921981_231027922739531_1343377665091438624_n\" data-dt-img-description=\"\" data-large_image_width=\"526\" data-large_image_height=\"1169\"href='https:\/\/www.radiopiu.net\/wordpress\/wp-content\/uploads\/2023\/03\/336921981_231027922739531_1343377665091438624_n.jpg'><img loading=\"lazy\" decoding=\"async\" width=\"150\" height=\"150\" src=\"https:\/\/www.radiopiu.net\/wordpress\/wp-content\/uploads\/2023\/03\/336921981_231027922739531_1343377665091438624_n-150x150.jpg\" class=\"attachment-thumbnail size-thumbnail\" alt=\"\" \/><\/a>\n\t\t\t\t<\/dt><\/dl><br style=\"clear: both\" \/>\n\t\t\t<\/div>\n\n<p><strong><a class=\"dt-pswp-item\" href=\"https:\/\/www.radiopiu.net\/wordpress\/wp-content\/uploads\/2023\/03\/SCR-20230325-kgnb.jpeg\" data-dt-img-description=\"\" data-large_image_width=\"982\" data-large_image_height=\"722\"><img loading=\"lazy\" decoding=\"async\" class=\" wp-image-328305 alignleft\" src=\"https:\/\/www.radiopiu.net\/wordpress\/wp-content\/uploads\/2023\/03\/SCR-20230325-kgnb-300x221.jpeg\" alt=\"\" width=\"179\" height=\"132\" srcset=\"https:\/\/www.radiopiu.net\/wordpress\/wp-content\/uploads\/2023\/03\/SCR-20230325-kgnb-300x221.jpeg 300w, https:\/\/www.radiopiu.net\/wordpress\/wp-content\/uploads\/2023\/03\/SCR-20230325-kgnb-768x565.jpeg 768w, https:\/\/www.radiopiu.net\/wordpress\/wp-content\/uploads\/2023\/03\/SCR-20230325-kgnb.jpeg 982w\" sizes=\"auto, (max-width: 179px) 100vw, 179px\" \/><\/a> <\/strong><\/p>\n<p><strong>\u00a0<\/strong><\/p>\n<p><strong>L&#8217;INTERVENTO<\/strong><\/p>\n<p>Subito dopo l&#8217;esercitazione, i Vigili del Fuoco di Caprile sono stati chiamati al bivio che porta a Rocca Pietore per il recupero di un ungulato sulla sede stradale.<\/p>\n<p>&nbsp;<\/p>\n<p>&nbsp;<\/p>\n<p>&nbsp;<\/p>\n<hr \/>\n<p>&nbsp;<\/p>\n<blockquote>\n<h2>NELLA NOTTE, CINQUE LUPI ALL&#8217;INSEGUIMENTO DELLA PREDA<\/h2>\n<\/blockquote>\n<p><strong>ROCCA PIETORE<\/strong> Sponda in destra orografica del lago di Alleghe, strada per lo Chalet.<\/p>\n<div style=\"width: 640px;\" class=\"wp-video\"><video class=\"wp-video-shortcode\" id=\"video-328243-1\" width=\"640\" height=\"352\" preload=\"metadata\" controls=\"controls\"><source type=\"video\/mp4\" src=\"https:\/\/www.radiopiu.net\/wordpress\/wp-content\/uploads\/2023\/03\/WhatsApp-Video-2023-03-27-at-07.05.53.mp4?_=1\" \/><a href=\"https:\/\/www.radiopiu.net\/wordpress\/wp-content\/uploads\/2023\/03\/WhatsApp-Video-2023-03-27-at-07.05.53.mp4\">https:\/\/www.radiopiu.net\/wordpress\/wp-content\/uploads\/2023\/03\/WhatsApp-Video-2023-03-27-at-07.05.53.mp4<\/a><\/video><\/div>\n<p>&nbsp;<\/p>\n<p>&nbsp;<\/p>\n<p>&nbsp;<\/p>\n<p>&nbsp;<\/p>\n<hr \/>\n<p>&nbsp;<\/p>\n<blockquote>\n<h3>SONO TRE LE OPERE CHE L&#8217;AMMINISTRAZIONE COMUNALE DI RIVAMONTE VUOLE PORTARE A TERMINE<\/h3>\n<\/blockquote>\n<p><strong><a class=\"dt-pswp-item\" href=\"https:\/\/www.radiopiu.net\/wordpress\/wp-content\/uploads\/2021\/09\/DJI_0036-scaled.jpg\" data-dt-img-description=\"\" data-large_image_width=\"2560\" data-large_image_height=\"1920\"><img loading=\"lazy\" decoding=\"async\" class=\" wp-image-232647 alignleft\" src=\"https:\/\/www.radiopiu.net\/wordpress\/wp-content\/uploads\/2021\/09\/DJI_0036-300x225.jpg\" alt=\"\" width=\"199\" height=\"149\" srcset=\"https:\/\/www.radiopiu.net\/wordpress\/wp-content\/uploads\/2021\/09\/DJI_0036-300x225.jpg 300w, https:\/\/www.radiopiu.net\/wordpress\/wp-content\/uploads\/2021\/09\/DJI_0036-1024x768.jpg 1024w, https:\/\/www.radiopiu.net\/wordpress\/wp-content\/uploads\/2021\/09\/DJI_0036-768x576.jpg 768w, https:\/\/www.radiopiu.net\/wordpress\/wp-content\/uploads\/2021\/09\/DJI_0036-1536x1152.jpg 1536w, https:\/\/www.radiopiu.net\/wordpress\/wp-content\/uploads\/2021\/09\/DJI_0036-2048x1536.jpg 2048w\" sizes=\"auto, (max-width: 199px) 100vw, 199px\" \/><\/a>RIVAMONTE<\/strong><\/p>\n<p>di Gianni Santomaso<\/p>\n<audio class=\"wp-audio-shortcode\" id=\"audio-328243-1\" preload=\"none\" style=\"width: 100%;\" controls=\"controls\"><source type=\"audio\/mpeg\" src=\"https:\/\/www.radiopiu.net\/wordpress\/wp-content\/uploads\/2023\/03\/GIANNI-SONO-TRE-LE-OPERE-CHE-LAMMINISTRAZIONE-COMUNALE-DI-RIVAMONTE-VUOLE-PORTARE-A-TERMINE.mp3?_=1\" \/><a href=\"https:\/\/www.radiopiu.net\/wordpress\/wp-content\/uploads\/2023\/03\/GIANNI-SONO-TRE-LE-OPERE-CHE-LAMMINISTRAZIONE-COMUNALE-DI-RIVAMONTE-VUOLE-PORTARE-A-TERMINE.mp3\">https:\/\/www.radiopiu.net\/wordpress\/wp-content\/uploads\/2023\/03\/GIANNI-SONO-TRE-LE-OPERE-CHE-LAMMINISTRAZIONE-COMUNALE-DI-RIVAMONTE-VUOLE-PORTARE-A-TERMINE.mp3<\/a><\/audio>\n<p>&nbsp;<\/p>\n<hr \/>\n<p>&nbsp;<\/p>\n<blockquote>\n<h3>BELLUNO ALPINA: \u201cCHI PU\u00d2 FINANZIARE IL PROGETTO ANTISPOPOLAMENTO RONCE 2020? E SENZA RISORSE, CHE DESTINO PU\u00d2 AVERE?\u201d<\/h3>\n<\/blockquote>\n<p><strong><a class=\"dt-pswp-item\" href=\"https:\/\/www.radiopiu.net\/wordpress\/wp-content\/uploads\/2021\/01\/BELLUNO-ALPINA.jpg\" data-dt-img-description=\"\" data-large_image_width=\"588\" data-large_image_height=\"537\"><img loading=\"lazy\" decoding=\"async\" class=\" wp-image-185689 alignleft\" src=\"https:\/\/www.radiopiu.net\/wordpress\/wp-content\/uploads\/2021\/01\/BELLUNO-ALPINA-300x274.jpg\" alt=\"\" width=\"153\" height=\"140\" srcset=\"https:\/\/www.radiopiu.net\/wordpress\/wp-content\/uploads\/2021\/01\/BELLUNO-ALPINA-300x274.jpg 300w, https:\/\/www.radiopiu.net\/wordpress\/wp-content\/uploads\/2021\/01\/BELLUNO-ALPINA.jpg 588w\" sizes=\"auto, (max-width: 153px) 100vw, 153px\" \/><\/a>BELLUNO<\/strong> \u201cNon ci sono politiche contro lo spopolamento, progetti per attirare o almeno mantenere le famiglie pi\u00f9 giovani, nessun investimento su infrastrutture e iniziative: ci chiediamo che destino pu\u00f2 avere il nostro progetto Ronce 2020 che con il Comune di Belluno e gli altri enti del comprensorio voleva arginare l&#8217;abbandono della montagna.\u00a0 Tutti parlano di aree interne, fondi di confine, etc., ma il nostro territorio \u00e8 perennemente escluso da queste iniziative; oltre al problema delle risorse, c&#8217;\u00e8 poi la questione pratica: non vediamo progetti utili alle popolazioni delle Prealpi e del comprensorio Quantin-Nevegal-Ronce-Valmorel\u201d: Belluno Alpina cerca risposte e atti concreti in un momento particolare per le Prealpi. L&#8217;associazione ripercorre le proposte e le necessit\u00e0 pi\u00f9 volte segnalate: la proposta, gi\u00e0 inviata in Regione con tanto di delibere dei comuni interessati, di una tappa del Giro d&#8217;Italia con arrivo in Nevegal e passaggi a Praderadego, Sant&#8217;Antonio Tortal, Valmorel e Ronce e una cronoscalata\u00a0 in Alpago dal Lago di Santa Croce a Col Indes; la strada silvopastorale, il cui progetto \u00e8 gi\u00e0 in mano al Comune di Belluno, dal Nevegal a Valmorel attraverso Ronce, che consentirebbe di sviluppare il turismo &#8211; a cavallo, in bicicletta o magari anche con l&#8217;istituzione di una linea con un trenino elettrico -, oltre che servire ai mezzi pesanti per la pulizia del bosco; in questo senso va anche la richiesta di istituzione del consorzio forestale pubblico-privato, che permetterebbe anche lo sviluppo della filiera del legno nel territorio prealpino. \u201cAi nostri territori servono progetti come questi, che diano visibilit\u00e0 e prospettivi di sviluppo e che facciano quindi diventare attrattivo il comprensorio per la residenzialit\u00e0 e l&#8217;investimento da parte dei privati. Se per\u00f2 gli enti pubblici non fanno la loro parte, raccogliendo le proposte che da quei territori arrivano e ascoltando la popolazione che l\u00ec vuole continuare a vivere e lavorare, non vedremo mai concretizzarsi reali politiche contro lo spopolamento\u201d, concludono dall&#8217;associazione.<\/p>\n<p>&nbsp;<\/p>\n<p>&nbsp;<\/p>\n<hr \/>\n<p>&nbsp;<\/p>\n<blockquote>\n<h3>ANDREA BONA E&#8217; STATO RICONFERMATO PRESIDENTE DEL BARD<\/h3>\n<\/blockquote>\n<p><strong>BELLUNO <\/strong>Andrea Bona \u00e8 stato riconfermato all&#8217;unanimit\u00e0 alla guida del Movimento BARD &#8211; Belluno Autonoma Regione Dolomiti: questo l&#8217;esito dell&#8217;assemblea annuale\u00a0 che si \u00e8 svolta nel pomeriggio di sabato nella Sala Veranda della Birreria a Pedavena. Riconfermati anche nelle cariche di vicepresidente e di segretaria del movimento rispettivamente Roberto Brustolon e Marinella Piazza. Leggere modifiche anche nelle assemblee di vallata: in Cadore-Zoldo, Fortunato Panciera lascia il posto a Marcello Martini Barzolai; nel Feltrino, \u00e8 Roberto Dal Pan a subentrare a Filippo Favilli. Per Bellunese-Alpago-Longaronese, Andrea Sovilla prende il posto di Jacopo De Pasquale, che a sua volta entra a far parte del collegio dei probiviri. Riconfermati poi gli altri consiglieri (Marinella Piazza e Roberto Brustolon per Cadore-Zoldo, Alfonso Liotta e Sandra Vettorel per il Feltrino, Silvano Merlin e Gianluca Rossi per Bellunese-Alpago-Longaronese). Particolarmente partecipato il convegno organizzato al termine dell&#8217;assemblea dal titolo \u201cTransizione e autonomia energetica. Quale futuro?\u201d e che ha visto la partecipazione di Francesco De Bettin, presidente di DBA Group e di ACN &#8211; Associazione Comelico Nuovo, del sociologo Diego Cason, dell&#8217;avvocata Elisa Tommasella, di Simone Canteri, Direttore di ACSM Primiero, e dell&#8217;europarlamentare Herbert Dorfmann.<\/p>\n<p><strong>ANDREA BONA, PRESIDENTE DEL BARD<\/strong><\/p>\n<p><iframe loading=\"lazy\" title=\"Andrea Bona Riconferma presidente BARD\" width=\"1200\" height=\"675\" src=\"https:\/\/www.youtube.com\/embed\/PGpBxA5Qw8s?feature=oembed\" frameborder=\"0\" allow=\"accelerometer; autoplay; clipboard-write; encrypted-media; gyroscope; picture-in-picture; web-share\" allowfullscreen><\/iframe><\/p>\n<p>&nbsp;<\/p>\n<hr \/>\n<p>&nbsp;<\/p>\n<blockquote>\n<h3>NEL CONSIGLIO COMUNALE DI BORGO VALBELLUNA APPROVATO IL BILANCIO<\/h3>\n<\/blockquote>\n<p><strong><a class=\"dt-pswp-item\" href=\"https:\/\/www.radiopiu.net\/wordpress\/wp-content\/uploads\/2021\/03\/th-8.jpg\" data-dt-img-description=\"\" data-large_image_width=\"299\" data-large_image_height=\"197\"><img loading=\"lazy\" decoding=\"async\" class=\" wp-image-196559 alignleft\" src=\"https:\/\/www.radiopiu.net\/wordpress\/wp-content\/uploads\/2021\/03\/th-8.jpg\" alt=\"\" width=\"200\" height=\"132\" \/><\/a>BORGO VALBELLUNA <\/strong>Durante il Consiglio Comunale di venerd\u00ec \u00e8 stato approvato con i voti favorevoli della maggioranza e i voti contrari della minoranza il Documento Unico di Programmazione e il bilancio di previsione 2023-2025. Un bilancio di previsione che quest\u2019anno ha dovuto fare i conti con gli aumenti esponenziali dei costi energetici (energia elettrica, illuminazione, riscaldamento) registrati dal secondo semestre del 2022, obbligando l\u2019Amministrazione a fare delle scelte o comunque a rinviare alcuni progetti.\u00a0 Nonostante tali contingenti difficolt\u00e0, sono previste alcune nuove assunzioni, sia per sostituzione personale che per soddisfare nuove esigenze e si \u00e8 voluto comunque garantire ad esempio il contributo a privati per lo sfalcio prati (60.000\u20ac) e per il settore sportivo (40.000\u20ac). Inoltre l\u2019Amministrazione del sindaco Stefano Cesa continua a distinguersi per la capacit\u00e0 di intercettare\u00a0 opportunit\u00e0 di finanziamento e di presentare progetti qualificati. Nel bilancio di previsione sono inserite opere pubbliche per un importo di 6,2 milioni di euro, con copertura dell\u201985% da finanziamenti esterni (PNRR). Tra queste molte riguardano l\u2019edilizia scolastica (nuovo asilo nido a Villa di Villa e nuova sala di refezione a Trichiana, adeguamenti della scuola materna di Trichiana, delle scuole primarie di Villapiana e Lentiai e delle scuole di Carve), alla quale l\u2019Amministrazione Cesa ha sempre riservato particolare attenzione. Non mancano comunque opere sulla viabilit\u00e0 e di messa in sicurezza del territorio. Sul versante dei servizi scolastici, i costi del servizio di trasporto, pur in presenza di aumenti dei costi dei carburanti, non sono aumentati grazie a un contratto che non permetteva l\u2019applicazione di variazioni alle condizioni economiche stipulate.<\/p>\n<p>&nbsp;<\/p>\n<hr \/>\n<p>&nbsp;<\/p>\n<p>&nbsp;<\/p>\n<h2><strong><a class=\"dt-pswp-item\" href=\"https:\/\/www.radiopiu.net\/wordpress\/wp-content\/uploads\/2019\/05\/ALLEGHE-DANILO-DE-TONI.jpeg\" data-dt-img-description=\"\" data-large_image_width=\"1373\" data-large_image_height=\"1600\"><img loading=\"lazy\" decoding=\"async\" class=\" wp-image-86463 alignleft\" src=\"https:\/\/www.radiopiu.net\/wordpress\/wp-content\/uploads\/2019\/05\/ALLEGHE-DANILO-DE-TONI-257x300.jpeg\" alt=\"\" width=\"155\" height=\"181\" srcset=\"https:\/\/www.radiopiu.net\/wordpress\/wp-content\/uploads\/2019\/05\/ALLEGHE-DANILO-DE-TONI-257x300.jpeg 257w, https:\/\/www.radiopiu.net\/wordpress\/wp-content\/uploads\/2019\/05\/ALLEGHE-DANILO-DE-TONI-768x895.jpeg 768w, https:\/\/www.radiopiu.net\/wordpress\/wp-content\/uploads\/2019\/05\/ALLEGHE-DANILO-DE-TONI-879x1024.jpeg 879w, https:\/\/www.radiopiu.net\/wordpress\/wp-content\/uploads\/2019\/05\/ALLEGHE-DANILO-DE-TONI.jpeg 1373w\" sizes=\"auto, (max-width: 155px) 100vw, 155px\" \/><\/a><\/strong><span style=\"color: #99cc00;\">LA RASSEGNA STAMPA DA L&#8217;AMICO DEL POPOLO<\/span><\/h2>\n<p><strong>di Gianni Santomaso<\/strong><\/p>\n<p>OSPITE: Danilo De Toni, Sindaco di Alleghe<\/p>\n<audio class=\"wp-audio-shortcode\" id=\"audio-328243-2\" preload=\"none\" style=\"width: 100%;\" controls=\"controls\"><source type=\"audio\/mpeg\" src=\"https:\/\/www.radiopiu.net\/wordpress\/wp-content\/uploads\/2023\/03\/RASSEGNA-GIANNI-3.mp3?_=2\" \/><a href=\"https:\/\/www.radiopiu.net\/wordpress\/wp-content\/uploads\/2023\/03\/RASSEGNA-GIANNI-3.mp3\">https:\/\/www.radiopiu.net\/wordpress\/wp-content\/uploads\/2023\/03\/RASSEGNA-GIANNI-3.mp3<\/a><\/audio>\n<p>&nbsp;<\/p>\n<p>&nbsp;<\/p>\n<hr \/>\n<p>&nbsp;<\/p>\n<blockquote>\n<h3>UNA GIORNATA COL SOCCORSO ALPINO PER GLI ALUNNI DELLA SCUOLA PRIMARIA DI ROCCA PIETORE<\/h3>\n<\/blockquote>\n<p><strong>ROCCA PIETORE<\/strong> Gioved\u00ec scorso, gli alunni della primaria di Rocca Pietore hanno potuto fare una giornata di scuola alternativa. Ancora una volta si \u00e9 rinnovata la collaborazione con il Soccorso Alpino Val Pettorina Marmolada che ha proposto un&#8217;interessante lezione teorico pratica sulla ricerca in valanga. Bambini ed insegnanti hanno sperimentato in prima persona l&#8217;utilizzo di artva, pala e sonda con delle simulazioni che hanno fatto comprendere l&#8217;importanza di effettuare escursioni con un&#8217;adeguata preparazione. Protagonisti sono poi stati i cani da ricerca dei volontari del gruppo cinofili che hanno destato l&#8217;ammirazione di tutti per la loro preparazione. E per finire una bella gara con le &#8220;ciaspe &#8221; con tanti premi. Un ringraziamento ai volontari del soccorso alpino che aiutano la scuola a creare legami forti tra i bambini ed il loro territorio.<\/p>\n\n\t\t\t<style type='text\/css'>\n\t\t\t\t#gallery-3 {\n\t\t\t\t\tmargin: auto;\n\t\t\t\t}\n\t\t\t\t#gallery-3 .gallery-item {\n\t\t\t\t\tfloat: left;\n\t\t\t\t\tmargin-top: 10px;\n\t\t\t\t\ttext-align: center;\n\t\t\t\t\twidth: 33%;\n\t\t\t\t}\n\t\t\t\t#gallery-3 img {\n\t\t\t\t\tborder: 2px solid #cfcfcf;\n\t\t\t\t}\n\t\t\t\t#gallery-3 .gallery-caption {\n\t\t\t\t\tmargin-left: 0;\n\t\t\t\t}\n\t\t\t\t\/* see gallery_shortcode() in wp-includes\/media.php *\/\n\t\t\t<\/style>\n\t\t<div id='gallery-3' class='dt-gallery-container gallery galleryid-328243 gallery-columns-3 gallery-size-thumbnail'><dl class='gallery-item'>\n\t\t\t\t<dt class='gallery-icon portrait'>\n\t\t\t\t\t<a class=\"rollover rollover-zoom dt-pswp-item\" title=\"ebd32f94-40ea-44b0-8fee-7db738a803ca\" data-dt-img-description=\"\" data-large_image_width=\"1200\" data-large_image_height=\"1600\"href='https:\/\/www.radiopiu.net\/wordpress\/wp-content\/uploads\/2023\/03\/ebd32f94-40ea-44b0-8fee-7db738a803ca.jpg'><img loading=\"lazy\" decoding=\"async\" width=\"150\" height=\"150\" src=\"https:\/\/www.radiopiu.net\/wordpress\/wp-content\/uploads\/2023\/03\/ebd32f94-40ea-44b0-8fee-7db738a803ca-150x150.jpg\" class=\"attachment-thumbnail size-thumbnail\" alt=\"\" \/><\/a>\n\t\t\t\t<\/dt><\/dl><dl class='gallery-item'>\n\t\t\t\t<dt class='gallery-icon landscape'>\n\t\t\t\t\t<a class=\"rollover rollover-zoom dt-pswp-item\" title=\"283827b7-e460-4326-a529-612a38b8acf8\" data-dt-img-description=\"\" data-large_image_width=\"2048\" data-large_image_height=\"1151\"href='https:\/\/www.radiopiu.net\/wordpress\/wp-content\/uploads\/2023\/03\/283827b7-e460-4326-a529-612a38b8acf8.jpg'><img loading=\"lazy\" decoding=\"async\" width=\"150\" height=\"150\" src=\"https:\/\/www.radiopiu.net\/wordpress\/wp-content\/uploads\/2023\/03\/283827b7-e460-4326-a529-612a38b8acf8-150x150.jpg\" class=\"attachment-thumbnail size-thumbnail\" alt=\"\" \/><\/a>\n\t\t\t\t<\/dt><\/dl><dl class='gallery-item'>\n\t\t\t\t<dt class='gallery-icon portrait'>\n\t\t\t\t\t<a class=\"rollover rollover-zoom dt-pswp-item\" title=\"1ffddc00-64ad-4336-84e1-ec06f0a895bd\" data-dt-img-description=\"\" data-large_image_width=\"1200\" data-large_image_height=\"1600\"href='https:\/\/www.radiopiu.net\/wordpress\/wp-content\/uploads\/2023\/03\/1ffddc00-64ad-4336-84e1-ec06f0a895bd.jpg'><img loading=\"lazy\" decoding=\"async\" width=\"150\" height=\"150\" src=\"https:\/\/www.radiopiu.net\/wordpress\/wp-content\/uploads\/2023\/03\/1ffddc00-64ad-4336-84e1-ec06f0a895bd-150x150.jpg\" class=\"attachment-thumbnail size-thumbnail\" alt=\"\" \/><\/a>\n\t\t\t\t<\/dt><\/dl><br style=\"clear: both\" \/>\n\t\t\t<\/div>\n\n<p>&nbsp;<\/p>\n<p>&nbsp;<\/p>\n<hr \/>\n<p>&nbsp;<\/p>\n<p><strong>DI TIZIANO DE COL<\/strong><\/p>\n\n\t\t\t<style type='text\/css'>\n\t\t\t\t#gallery-4 {\n\t\t\t\t\tmargin: auto;\n\t\t\t\t}\n\t\t\t\t#gallery-4 .gallery-item {\n\t\t\t\t\tfloat: left;\n\t\t\t\t\tmargin-top: 10px;\n\t\t\t\t\ttext-align: center;\n\t\t\t\t\twidth: 20%;\n\t\t\t\t}\n\t\t\t\t#gallery-4 img {\n\t\t\t\t\tborder: 2px solid #cfcfcf;\n\t\t\t\t}\n\t\t\t\t#gallery-4 .gallery-caption {\n\t\t\t\t\tmargin-left: 0;\n\t\t\t\t}\n\t\t\t\t\/* see gallery_shortcode() in wp-includes\/media.php *\/\n\t\t\t<\/style>\n\t\t<div id='gallery-4' class='dt-gallery-container gallery galleryid-328243 gallery-columns-5 gallery-size-medium'><dl class='gallery-item'>\n\t\t\t\t<dt class='gallery-icon landscape'>\n\t\t\t\t\t<a class=\"rollover rollover-zoom dt-pswp-item\" title=\"4277d04b-e770-4de3-86bc-c434b7d777b8\" data-dt-img-description=\"\" data-large_image_width=\"596\" data-large_image_height=\"356\"href='https:\/\/www.radiopiu.net\/wordpress\/wp-content\/uploads\/2023\/03\/4277d04b-e770-4de3-86bc-c434b7d777b8.jpg'><img loading=\"lazy\" decoding=\"async\" width=\"300\" height=\"179\" src=\"https:\/\/www.radiopiu.net\/wordpress\/wp-content\/uploads\/2023\/03\/4277d04b-e770-4de3-86bc-c434b7d777b8-300x179.jpg\" class=\"attachment-medium size-medium\" alt=\"\" srcset=\"https:\/\/www.radiopiu.net\/wordpress\/wp-content\/uploads\/2023\/03\/4277d04b-e770-4de3-86bc-c434b7d777b8-300x179.jpg 300w, https:\/\/www.radiopiu.net\/wordpress\/wp-content\/uploads\/2023\/03\/4277d04b-e770-4de3-86bc-c434b7d777b8.jpg 596w\" sizes=\"auto, (max-width: 300px) 100vw, 300px\" \/><\/a>\n\t\t\t\t<\/dt><\/dl><dl class='gallery-item'>\n\t\t\t\t<dt class='gallery-icon landscape'>\n\t\t\t\t\t<a class=\"rollover rollover-zoom dt-pswp-item\" title=\"88d05389-f77b-4538-808e-81dd43b19637\" data-dt-img-description=\"\" data-large_image_width=\"616\" data-large_image_height=\"349\"href='https:\/\/www.radiopiu.net\/wordpress\/wp-content\/uploads\/2023\/03\/88d05389-f77b-4538-808e-81dd43b19637.jpg'><img loading=\"lazy\" decoding=\"async\" width=\"300\" height=\"170\" src=\"https:\/\/www.radiopiu.net\/wordpress\/wp-content\/uploads\/2023\/03\/88d05389-f77b-4538-808e-81dd43b19637-300x170.jpg\" class=\"attachment-medium size-medium\" alt=\"\" srcset=\"https:\/\/www.radiopiu.net\/wordpress\/wp-content\/uploads\/2023\/03\/88d05389-f77b-4538-808e-81dd43b19637-300x170.jpg 300w, https:\/\/www.radiopiu.net\/wordpress\/wp-content\/uploads\/2023\/03\/88d05389-f77b-4538-808e-81dd43b19637.jpg 616w\" sizes=\"auto, (max-width: 300px) 100vw, 300px\" \/><\/a>\n\t\t\t\t<\/dt><\/dl><dl class='gallery-item'>\n\t\t\t\t<dt class='gallery-icon landscape'>\n\t\t\t\t\t<a class=\"rollover rollover-zoom dt-pswp-item\" title=\"8f865f04-1e79-4e26-846c-ef6bc6f294cc\" data-dt-img-description=\"\" data-large_image_width=\"590\" data-large_image_height=\"360\"href='https:\/\/www.radiopiu.net\/wordpress\/wp-content\/uploads\/2023\/03\/8f865f04-1e79-4e26-846c-ef6bc6f294cc.jpg'><img loading=\"lazy\" decoding=\"async\" width=\"300\" height=\"183\" src=\"https:\/\/www.radiopiu.net\/wordpress\/wp-content\/uploads\/2023\/03\/8f865f04-1e79-4e26-846c-ef6bc6f294cc-300x183.jpg\" class=\"attachment-medium size-medium\" alt=\"\" srcset=\"https:\/\/www.radiopiu.net\/wordpress\/wp-content\/uploads\/2023\/03\/8f865f04-1e79-4e26-846c-ef6bc6f294cc-300x183.jpg 300w, https:\/\/www.radiopiu.net\/wordpress\/wp-content\/uploads\/2023\/03\/8f865f04-1e79-4e26-846c-ef6bc6f294cc.jpg 590w\" sizes=\"auto, (max-width: 300px) 100vw, 300px\" \/><\/a>\n\t\t\t\t<\/dt><\/dl><dl class='gallery-item'>\n\t\t\t\t<dt class='gallery-icon landscape'>\n\t\t\t\t\t<a class=\"rollover rollover-zoom dt-pswp-item\" title=\"f58d8df8-f815-4e02-9fd7-6a21278e0e69\" data-dt-img-description=\"\" data-large_image_width=\"586\" data-large_image_height=\"354\"href='https:\/\/www.radiopiu.net\/wordpress\/wp-content\/uploads\/2023\/03\/f58d8df8-f815-4e02-9fd7-6a21278e0e69.jpg'><img loading=\"lazy\" decoding=\"async\" width=\"300\" height=\"181\" src=\"https:\/\/www.radiopiu.net\/wordpress\/wp-content\/uploads\/2023\/03\/f58d8df8-f815-4e02-9fd7-6a21278e0e69-300x181.jpg\" class=\"attachment-medium size-medium\" alt=\"\" srcset=\"https:\/\/www.radiopiu.net\/wordpress\/wp-content\/uploads\/2023\/03\/f58d8df8-f815-4e02-9fd7-6a21278e0e69-300x181.jpg 300w, https:\/\/www.radiopiu.net\/wordpress\/wp-content\/uploads\/2023\/03\/f58d8df8-f815-4e02-9fd7-6a21278e0e69.jpg 586w\" sizes=\"auto, (max-width: 300px) 100vw, 300px\" \/><\/a>\n\t\t\t\t<\/dt><\/dl><dl class='gallery-item'>\n\t\t\t\t<dt class='gallery-icon landscape'>\n\t\t\t\t\t<a class=\"rollover rollover-zoom dt-pswp-item\" title=\"b69e182c-1156-407d-9f91-38323c7670b3\" data-dt-img-description=\"\" data-large_image_width=\"600\" data-large_image_height=\"347\"href='https:\/\/www.radiopiu.net\/wordpress\/wp-content\/uploads\/2023\/03\/b69e182c-1156-407d-9f91-38323c7670b3.jpg'><img loading=\"lazy\" decoding=\"async\" width=\"300\" height=\"174\" src=\"https:\/\/www.radiopiu.net\/wordpress\/wp-content\/uploads\/2023\/03\/b69e182c-1156-407d-9f91-38323c7670b3-300x174.jpg\" class=\"attachment-medium size-medium\" alt=\"\" srcset=\"https:\/\/www.radiopiu.net\/wordpress\/wp-content\/uploads\/2023\/03\/b69e182c-1156-407d-9f91-38323c7670b3-300x174.jpg 300w, https:\/\/www.radiopiu.net\/wordpress\/wp-content\/uploads\/2023\/03\/b69e182c-1156-407d-9f91-38323c7670b3.jpg 600w\" sizes=\"auto, (max-width: 300px) 100vw, 300px\" \/><\/a>\n\t\t\t\t<\/dt><\/dl><br style=\"clear: both\" \/>\n\t\t\t<\/div>\n\n<p>&nbsp;<\/p>\n<hr \/>\n<p>&nbsp;<\/p>\n<div class=\"page\" title=\"Page 1\">\n<div class=\"layoutArea\">\n<div class=\"column\">\n<blockquote>\n<h3>CAMBIO ALLA GUIDA DELL\u2019ASSI: DAVIDE GIOZET PRENDE IL TESTIMONIO DA OSCAR DE PELLEGRIN<\/h3>\n<\/blockquote>\n<p><strong><a class=\"dt-pswp-item\" href=\"https:\/\/www.radiopiu.net\/wordpress\/wp-content\/uploads\/2022\/07\/ASSI-ONLUS.png\" data-dt-img-description=\"\" data-large_image_width=\"1160\" data-large_image_height=\"358\"><img loading=\"lazy\" decoding=\"async\" class=\" wp-image-288450 alignleft\" src=\"https:\/\/www.radiopiu.net\/wordpress\/wp-content\/uploads\/2022\/07\/ASSI-ONLUS-300x93.png\" alt=\"\" width=\"203\" height=\"63\" srcset=\"https:\/\/www.radiopiu.net\/wordpress\/wp-content\/uploads\/2022\/07\/ASSI-ONLUS-300x93.png 300w, https:\/\/www.radiopiu.net\/wordpress\/wp-content\/uploads\/2022\/07\/ASSI-ONLUS-1024x316.png 1024w, https:\/\/www.radiopiu.net\/wordpress\/wp-content\/uploads\/2022\/07\/ASSI-ONLUS-768x237.png 768w, https:\/\/www.radiopiu.net\/wordpress\/wp-content\/uploads\/2022\/07\/ASSI-ONLUS.png 1160w\" sizes=\"auto, (max-width: 203px) 100vw, 203px\" \/><\/a>SEDICO<\/strong> Prevedeva anche il rinnovo delle cariche l\u2019assemblea dell\u2019ASSI (Associazione Sociale Sportiva Invalidi) svoltasi, oggi nella sede sociale di Sedico. \u201cHo dovuto prendere atto \u2013 ha commentato il presidente uscente, Oscar De Pellegrin \u2013 che anche la mia giornata e\u0300 di 24 ore, non una di piu\u0300\u201d. Nutrita la partecipazione (oltre sessanta associati, tra presenza di persona e per delega) a conferma che si tratta di una realta\u0300 ben consolida e radicata sul territorio. Preso atto delle dimissioni di De Pellegrin, e\u0300 stata posta ai voti la proposta di confermare a otto il numero dei componenti il Consiglio Direttivo. Proposta condivisa unanimemente dall\u2019assemblea. Si e\u0300 quindi passati all\u2019elezione del nuovo presidente e la votazione ha visto 62 voti a favore di Davide Giozet e 2 schede bianche. Il neo presidente, nel breve indirizzo di saluto, si e\u0300 impegnato a continuare lungo il percorso sin qui seguito. Un percorso che ha permesso all\u2019ASSI di crescere e di diventare un punto di riferimento per tutti i problemi che attengono alla disabilita\u0300 e ai processi di integrazione. \u201cNon sono un novizio in ASSI e, forte dell\u2019esperienza, maturata intendo continuare. Partendo da quella che considero la vera forza della nostra Associazione: la capacita\u0300 e la volonta\u0300 di lavorare sempre come gruppo\u201d.<\/p>\n<p>&nbsp;<\/p>\n<p>&nbsp;<\/p>\n<hr \/>\n<p>&nbsp;<\/p>\n<blockquote>\n<h3><a class=\"dt-pswp-item\" href=\"https:\/\/www.radiopiu.net\/wordpress\/wp-content\/uploads\/2021\/03\/ANDREA-DE-BERNARDIN.jpg\" data-dt-img-description=\"andrea de bernardin\" data-large_image_width=\"960\" data-large_image_height=\"540\"><img loading=\"lazy\" decoding=\"async\" class=\"wp-image-195558 alignleft\" src=\"https:\/\/www.radiopiu.net\/wordpress\/wp-content\/uploads\/2021\/03\/ANDREA-DE-BERNARDIN-300x169.jpg\" alt=\"\" width=\"238\" height=\"134\" srcset=\"https:\/\/www.radiopiu.net\/wordpress\/wp-content\/uploads\/2021\/03\/ANDREA-DE-BERNARDIN-300x169.jpg 300w, https:\/\/www.radiopiu.net\/wordpress\/wp-content\/uploads\/2021\/03\/ANDREA-DE-BERNARDIN-768x432.jpg 768w, https:\/\/www.radiopiu.net\/wordpress\/wp-content\/uploads\/2021\/03\/ANDREA-DE-BERNARDIN.jpg 960w\" sizes=\"auto, (max-width: 238px) 100vw, 238px\" \/><\/a>IMMIGRAZIONE E SPOPOLAMENTO. PARLA DE BERNARDIN<\/h3>\n<\/blockquote>\n<p><strong>BELLUNO <\/strong>\u201cRisolvere il problema dello spopolamento con l\u2019ondata migratoria? Siamo seri, il tema \u00e8 molto pi\u00f9 complesso\u201d.\u00a0 Sono le parole del segretario provinciale della Lega, Andrea De Bernardin che cos\u00ec interviene nella questione degli sbarchi e degli arrivi previsti, anche, sul nostro territorio. Con una lunga riflessione e numeri alla mano il segretario analizza il fenomeno in un contesto storico e culturale molto cambiato rispetto al secolo scorso, quando ad emigrare erano i bellunesi verso la Svizzera.<\/p>\n<p><strong>IL SEGRETARIO PROVINCIALE DELLA LEGA ANDREA DE BERNARDIN<\/strong><\/p>\n<audio class=\"wp-audio-shortcode\" id=\"audio-328243-3\" preload=\"none\" style=\"width: 100%;\" controls=\"controls\"><source type=\"audio\/mpeg\" src=\"https:\/\/www.radiopiu.net\/wordpress\/wp-content\/uploads\/2023\/03\/Segretario-provinciale-De-Bernardin.mp3?_=3\" \/><a href=\"https:\/\/www.radiopiu.net\/wordpress\/wp-content\/uploads\/2023\/03\/Segretario-provinciale-De-Bernardin.mp3\">https:\/\/www.radiopiu.net\/wordpress\/wp-content\/uploads\/2023\/03\/Segretario-provinciale-De-Bernardin.mp3<\/a><\/audio>\n<p>&nbsp;<\/p>\n<hr \/>\n<p>&nbsp;<\/p>\n<blockquote>\n<h3>L&#8217;ASSEMBLEA DEL CAI DI AGORDO<\/h3>\n<\/blockquote>\n<p><strong>AGORDO<\/strong> Tempo di assemblee per l&#8217;associazionismo locale. In sala Don Tamis si ritrovano i soci del Cai di Agordo. Tra i punti la relazione del presidente della sezione, approvazione relazione del Presidente e del bilancio consuntivo 2022 e preventivo 2023, premiazioni e riconoscimenti ai soci. Prima dell&#8217;Assemblea la Santa Messa nella chiesa di San Cipriano a Taibon in memoria dei Soci e Amici del CAI che non ci sono pi\u00f9. Il presidente della sezione di Agordo ha illustrato i dati. Sono 1451 i soci del Cai Agordo, 83 in pi\u00f9 dello scorso anni.<\/p>\n<p><span style=\"color: #ff0000;\"><strong>CHIESA DI SAN CIPRIANO<\/strong><\/span><\/p>\n\n\t\t\t<style type='text\/css'>\n\t\t\t\t#gallery-5 {\n\t\t\t\t\tmargin: auto;\n\t\t\t\t}\n\t\t\t\t#gallery-5 .gallery-item {\n\t\t\t\t\tfloat: left;\n\t\t\t\t\tmargin-top: 10px;\n\t\t\t\t\ttext-align: center;\n\t\t\t\t\twidth: 50%;\n\t\t\t\t}\n\t\t\t\t#gallery-5 img {\n\t\t\t\t\tborder: 2px solid #cfcfcf;\n\t\t\t\t}\n\t\t\t\t#gallery-5 .gallery-caption {\n\t\t\t\t\tmargin-left: 0;\n\t\t\t\t}\n\t\t\t\t\/* see gallery_shortcode() in wp-includes\/media.php *\/\n\t\t\t<\/style>\n\t\t<div id='gallery-5' class='dt-gallery-container gallery galleryid-328243 gallery-columns-2 gallery-size-medium'><dl class='gallery-item'>\n\t\t\t\t<dt class='gallery-icon landscape'>\n\t\t\t\t\t<a class=\"rollover\" href='https:\/\/www.radiopiu.net\/wordpress\/dalla-sala-don-tamis-lassemblea-del-cai-di-agordo-la-diretta\/e5d1804d-8dd0-44c7-8a90-203be4881b1b\/'><img loading=\"lazy\" decoding=\"async\" width=\"300\" height=\"169\" src=\"https:\/\/www.radiopiu.net\/wordpress\/wp-content\/uploads\/2023\/03\/e5d1804d-8dd0-44c7-8a90-203be4881b1b-300x169.jpg\" class=\"attachment-medium size-medium\" alt=\"\" srcset=\"https:\/\/www.radiopiu.net\/wordpress\/wp-content\/uploads\/2023\/03\/e5d1804d-8dd0-44c7-8a90-203be4881b1b-300x169.jpg 300w, https:\/\/www.radiopiu.net\/wordpress\/wp-content\/uploads\/2023\/03\/e5d1804d-8dd0-44c7-8a90-203be4881b1b-1024x576.jpg 1024w, https:\/\/www.radiopiu.net\/wordpress\/wp-content\/uploads\/2023\/03\/e5d1804d-8dd0-44c7-8a90-203be4881b1b-768x432.jpg 768w, https:\/\/www.radiopiu.net\/wordpress\/wp-content\/uploads\/2023\/03\/e5d1804d-8dd0-44c7-8a90-203be4881b1b-1536x864.jpg 1536w, https:\/\/www.radiopiu.net\/wordpress\/wp-content\/uploads\/2023\/03\/e5d1804d-8dd0-44c7-8a90-203be4881b1b.jpg 1920w\" sizes=\"auto, (max-width: 300px) 100vw, 300px\" \/><\/a>\n\t\t\t\t<\/dt><\/dl><dl class='gallery-item'>\n\t\t\t\t<dt class='gallery-icon landscape'>\n\t\t\t\t\t<a class=\"rollover\" href='https:\/\/www.radiopiu.net\/wordpress\/dalla-sala-don-tamis-lassemblea-del-cai-di-agordo-la-diretta\/5543d764-57ea-4399-8419-90de7c661b15\/'><img loading=\"lazy\" decoding=\"async\" width=\"300\" height=\"169\" src=\"https:\/\/www.radiopiu.net\/wordpress\/wp-content\/uploads\/2023\/03\/5543d764-57ea-4399-8419-90de7c661b15-300x169.jpg\" class=\"attachment-medium size-medium\" alt=\"\" srcset=\"https:\/\/www.radiopiu.net\/wordpress\/wp-content\/uploads\/2023\/03\/5543d764-57ea-4399-8419-90de7c661b15-300x169.jpg 300w, https:\/\/www.radiopiu.net\/wordpress\/wp-content\/uploads\/2023\/03\/5543d764-57ea-4399-8419-90de7c661b15-1024x576.jpg 1024w, https:\/\/www.radiopiu.net\/wordpress\/wp-content\/uploads\/2023\/03\/5543d764-57ea-4399-8419-90de7c661b15-768x432.jpg 768w, https:\/\/www.radiopiu.net\/wordpress\/wp-content\/uploads\/2023\/03\/5543d764-57ea-4399-8419-90de7c661b15-1536x864.jpg 1536w, https:\/\/www.radiopiu.net\/wordpress\/wp-content\/uploads\/2023\/03\/5543d764-57ea-4399-8419-90de7c661b15.jpg 1920w\" sizes=\"auto, (max-width: 300px) 100vw, 300px\" \/><\/a>\n\t\t\t\t<\/dt><\/dl><br style=\"clear: both\" \/>\n\t\t\t<\/div>\n\n<p><span style=\"color: #ff0000;\"><strong>SALA DON TAMIS<\/strong><\/span><\/p>\n\n\t\t\t<style type='text\/css'>\n\t\t\t\t#gallery-6 {\n\t\t\t\t\tmargin: auto;\n\t\t\t\t}\n\t\t\t\t#gallery-6 .gallery-item {\n\t\t\t\t\tfloat: left;\n\t\t\t\t\tmargin-top: 10px;\n\t\t\t\t\ttext-align: center;\n\t\t\t\t\twidth: 20%;\n\t\t\t\t}\n\t\t\t\t#gallery-6 img {\n\t\t\t\t\tborder: 2px solid #cfcfcf;\n\t\t\t\t}\n\t\t\t\t#gallery-6 .gallery-caption {\n\t\t\t\t\tmargin-left: 0;\n\t\t\t\t}\n\t\t\t\t\/* see gallery_shortcode() in wp-includes\/media.php *\/\n\t\t\t<\/style>\n\t\t<div id='gallery-6' class='dt-gallery-container gallery galleryid-328243 gallery-columns-5 gallery-size-medium'><dl class='gallery-item'>\n\t\t\t\t<dt class='gallery-icon landscape'>\n\t\t\t\t\t<a class=\"rollover rollover-zoom dt-pswp-item\" title=\"69980816-3912-4862-a1a7-2f469b7455f5\" data-dt-img-description=\"\" data-large_image_width=\"1920\" data-large_image_height=\"1080\"href='https:\/\/www.radiopiu.net\/wordpress\/wp-content\/uploads\/2023\/03\/69980816-3912-4862-a1a7-2f469b7455f5.jpg'><img loading=\"lazy\" decoding=\"async\" width=\"300\" height=\"169\" src=\"https:\/\/www.radiopiu.net\/wordpress\/wp-content\/uploads\/2023\/03\/69980816-3912-4862-a1a7-2f469b7455f5-300x169.jpg\" class=\"attachment-medium size-medium\" alt=\"\" srcset=\"https:\/\/www.radiopiu.net\/wordpress\/wp-content\/uploads\/2023\/03\/69980816-3912-4862-a1a7-2f469b7455f5-300x169.jpg 300w, https:\/\/www.radiopiu.net\/wordpress\/wp-content\/uploads\/2023\/03\/69980816-3912-4862-a1a7-2f469b7455f5-1024x576.jpg 1024w, https:\/\/www.radiopiu.net\/wordpress\/wp-content\/uploads\/2023\/03\/69980816-3912-4862-a1a7-2f469b7455f5-768x432.jpg 768w, https:\/\/www.radiopiu.net\/wordpress\/wp-content\/uploads\/2023\/03\/69980816-3912-4862-a1a7-2f469b7455f5-1536x864.jpg 1536w, https:\/\/www.radiopiu.net\/wordpress\/wp-content\/uploads\/2023\/03\/69980816-3912-4862-a1a7-2f469b7455f5.jpg 1920w\" sizes=\"auto, (max-width: 300px) 100vw, 300px\" \/><\/a>\n\t\t\t\t<\/dt><\/dl><dl class='gallery-item'>\n\t\t\t\t<dt class='gallery-icon landscape'>\n\t\t\t\t\t<a class=\"rollover rollover-zoom dt-pswp-item\" title=\"c77199ed-7752-47a8-aa42-159ce0262977\" data-dt-img-description=\"\" data-large_image_width=\"1920\" data-large_image_height=\"1080\"href='https:\/\/www.radiopiu.net\/wordpress\/wp-content\/uploads\/2023\/03\/c77199ed-7752-47a8-aa42-159ce0262977.jpg'><img loading=\"lazy\" decoding=\"async\" width=\"300\" height=\"169\" src=\"https:\/\/www.radiopiu.net\/wordpress\/wp-content\/uploads\/2023\/03\/c77199ed-7752-47a8-aa42-159ce0262977-300x169.jpg\" class=\"attachment-medium size-medium\" alt=\"\" srcset=\"https:\/\/www.radiopiu.net\/wordpress\/wp-content\/uploads\/2023\/03\/c77199ed-7752-47a8-aa42-159ce0262977-300x169.jpg 300w, https:\/\/www.radiopiu.net\/wordpress\/wp-content\/uploads\/2023\/03\/c77199ed-7752-47a8-aa42-159ce0262977-1024x576.jpg 1024w, https:\/\/www.radiopiu.net\/wordpress\/wp-content\/uploads\/2023\/03\/c77199ed-7752-47a8-aa42-159ce0262977-768x432.jpg 768w, https:\/\/www.radiopiu.net\/wordpress\/wp-content\/uploads\/2023\/03\/c77199ed-7752-47a8-aa42-159ce0262977-1536x864.jpg 1536w, https:\/\/www.radiopiu.net\/wordpress\/wp-content\/uploads\/2023\/03\/c77199ed-7752-47a8-aa42-159ce0262977.jpg 1920w\" sizes=\"auto, (max-width: 300px) 100vw, 300px\" \/><\/a>\n\t\t\t\t<\/dt><\/dl><dl class='gallery-item'>\n\t\t\t\t<dt class='gallery-icon landscape'>\n\t\t\t\t\t<a class=\"rollover rollover-zoom dt-pswp-item\" title=\"a4a45954-2d28-466b-8dc2-ad48e9817a68\" data-dt-img-description=\"\" data-large_image_width=\"1920\" data-large_image_height=\"1080\"href='https:\/\/www.radiopiu.net\/wordpress\/wp-content\/uploads\/2023\/03\/a4a45954-2d28-466b-8dc2-ad48e9817a68.jpg'><img loading=\"lazy\" decoding=\"async\" width=\"300\" height=\"169\" src=\"https:\/\/www.radiopiu.net\/wordpress\/wp-content\/uploads\/2023\/03\/a4a45954-2d28-466b-8dc2-ad48e9817a68-300x169.jpg\" class=\"attachment-medium size-medium\" alt=\"\" srcset=\"https:\/\/www.radiopiu.net\/wordpress\/wp-content\/uploads\/2023\/03\/a4a45954-2d28-466b-8dc2-ad48e9817a68-300x169.jpg 300w, https:\/\/www.radiopiu.net\/wordpress\/wp-content\/uploads\/2023\/03\/a4a45954-2d28-466b-8dc2-ad48e9817a68-1024x576.jpg 1024w, https:\/\/www.radiopiu.net\/wordpress\/wp-content\/uploads\/2023\/03\/a4a45954-2d28-466b-8dc2-ad48e9817a68-768x432.jpg 768w, https:\/\/www.radiopiu.net\/wordpress\/wp-content\/uploads\/2023\/03\/a4a45954-2d28-466b-8dc2-ad48e9817a68-1536x864.jpg 1536w, https:\/\/www.radiopiu.net\/wordpress\/wp-content\/uploads\/2023\/03\/a4a45954-2d28-466b-8dc2-ad48e9817a68.jpg 1920w\" sizes=\"auto, (max-width: 300px) 100vw, 300px\" \/><\/a>\n\t\t\t\t<\/dt><\/dl><dl class='gallery-item'>\n\t\t\t\t<dt class='gallery-icon landscape'>\n\t\t\t\t\t<a class=\"rollover rollover-zoom dt-pswp-item\" title=\"d1a64c2e-de3a-4616-ab50-63ec3777d90b\" data-dt-img-description=\"\" data-large_image_width=\"1920\" data-large_image_height=\"1080\"href='https:\/\/www.radiopiu.net\/wordpress\/wp-content\/uploads\/2023\/03\/d1a64c2e-de3a-4616-ab50-63ec3777d90b.jpg'><img loading=\"lazy\" decoding=\"async\" width=\"300\" height=\"169\" src=\"https:\/\/www.radiopiu.net\/wordpress\/wp-content\/uploads\/2023\/03\/d1a64c2e-de3a-4616-ab50-63ec3777d90b-300x169.jpg\" class=\"attachment-medium size-medium\" alt=\"\" srcset=\"https:\/\/www.radiopiu.net\/wordpress\/wp-content\/uploads\/2023\/03\/d1a64c2e-de3a-4616-ab50-63ec3777d90b-300x169.jpg 300w, https:\/\/www.radiopiu.net\/wordpress\/wp-content\/uploads\/2023\/03\/d1a64c2e-de3a-4616-ab50-63ec3777d90b-1024x576.jpg 1024w, https:\/\/www.radiopiu.net\/wordpress\/wp-content\/uploads\/2023\/03\/d1a64c2e-de3a-4616-ab50-63ec3777d90b-768x432.jpg 768w, https:\/\/www.radiopiu.net\/wordpress\/wp-content\/uploads\/2023\/03\/d1a64c2e-de3a-4616-ab50-63ec3777d90b-1536x864.jpg 1536w, https:\/\/www.radiopiu.net\/wordpress\/wp-content\/uploads\/2023\/03\/d1a64c2e-de3a-4616-ab50-63ec3777d90b.jpg 1920w\" sizes=\"auto, (max-width: 300px) 100vw, 300px\" \/><\/a>\n\t\t\t\t<\/dt><\/dl><dl class='gallery-item'>\n\t\t\t\t<dt class='gallery-icon landscape'>\n\t\t\t\t\t<a class=\"rollover rollover-zoom dt-pswp-item\" title=\"cdfeb83b-fe2a-4978-82f4-7d20614fefd1\" data-dt-img-description=\"\" data-large_image_width=\"1920\" data-large_image_height=\"1080\"href='https:\/\/www.radiopiu.net\/wordpress\/wp-content\/uploads\/2023\/03\/cdfeb83b-fe2a-4978-82f4-7d20614fefd1.jpg'><img loading=\"lazy\" decoding=\"async\" width=\"300\" height=\"169\" src=\"https:\/\/www.radiopiu.net\/wordpress\/wp-content\/uploads\/2023\/03\/cdfeb83b-fe2a-4978-82f4-7d20614fefd1-300x169.jpg\" class=\"attachment-medium size-medium\" alt=\"\" srcset=\"https:\/\/www.radiopiu.net\/wordpress\/wp-content\/uploads\/2023\/03\/cdfeb83b-fe2a-4978-82f4-7d20614fefd1-300x169.jpg 300w, https:\/\/www.radiopiu.net\/wordpress\/wp-content\/uploads\/2023\/03\/cdfeb83b-fe2a-4978-82f4-7d20614fefd1-1024x576.jpg 1024w, https:\/\/www.radiopiu.net\/wordpress\/wp-content\/uploads\/2023\/03\/cdfeb83b-fe2a-4978-82f4-7d20614fefd1-768x432.jpg 768w, https:\/\/www.radiopiu.net\/wordpress\/wp-content\/uploads\/2023\/03\/cdfeb83b-fe2a-4978-82f4-7d20614fefd1-1536x864.jpg 1536w, https:\/\/www.radiopiu.net\/wordpress\/wp-content\/uploads\/2023\/03\/cdfeb83b-fe2a-4978-82f4-7d20614fefd1.jpg 1920w\" sizes=\"auto, (max-width: 300px) 100vw, 300px\" \/><\/a>\n\t\t\t\t<\/dt><\/dl><br style=\"clear: both\" \/><dl class='gallery-item'>\n\t\t\t\t<dt class='gallery-icon landscape'>\n\t\t\t\t\t<a class=\"rollover rollover-zoom dt-pswp-item\" title=\"773c94d5-fc6c-4a43-a1d2-a18633e0f79c\" data-dt-img-description=\"\" data-large_image_width=\"1920\" data-large_image_height=\"1080\"href='https:\/\/www.radiopiu.net\/wordpress\/wp-content\/uploads\/2023\/03\/773c94d5-fc6c-4a43-a1d2-a18633e0f79c.jpg'><img loading=\"lazy\" decoding=\"async\" width=\"300\" height=\"169\" src=\"https:\/\/www.radiopiu.net\/wordpress\/wp-content\/uploads\/2023\/03\/773c94d5-fc6c-4a43-a1d2-a18633e0f79c-300x169.jpg\" class=\"attachment-medium size-medium\" alt=\"\" srcset=\"https:\/\/www.radiopiu.net\/wordpress\/wp-content\/uploads\/2023\/03\/773c94d5-fc6c-4a43-a1d2-a18633e0f79c-300x169.jpg 300w, https:\/\/www.radiopiu.net\/wordpress\/wp-content\/uploads\/2023\/03\/773c94d5-fc6c-4a43-a1d2-a18633e0f79c-1024x576.jpg 1024w, https:\/\/www.radiopiu.net\/wordpress\/wp-content\/uploads\/2023\/03\/773c94d5-fc6c-4a43-a1d2-a18633e0f79c-768x432.jpg 768w, https:\/\/www.radiopiu.net\/wordpress\/wp-content\/uploads\/2023\/03\/773c94d5-fc6c-4a43-a1d2-a18633e0f79c-1536x864.jpg 1536w, https:\/\/www.radiopiu.net\/wordpress\/wp-content\/uploads\/2023\/03\/773c94d5-fc6c-4a43-a1d2-a18633e0f79c.jpg 1920w\" sizes=\"auto, (max-width: 300px) 100vw, 300px\" \/><\/a>\n\t\t\t\t<\/dt><\/dl><dl class='gallery-item'>\n\t\t\t\t<dt class='gallery-icon landscape'>\n\t\t\t\t\t<a class=\"rollover rollover-zoom dt-pswp-item\" title=\"03731676-402b-48a7-b3e9-f8fca0e7da36\" data-dt-img-description=\"\" data-large_image_width=\"1920\" data-large_image_height=\"1080\"href='https:\/\/www.radiopiu.net\/wordpress\/wp-content\/uploads\/2023\/03\/03731676-402b-48a7-b3e9-f8fca0e7da36.jpg'><img loading=\"lazy\" decoding=\"async\" width=\"300\" height=\"169\" src=\"https:\/\/www.radiopiu.net\/wordpress\/wp-content\/uploads\/2023\/03\/03731676-402b-48a7-b3e9-f8fca0e7da36-300x169.jpg\" class=\"attachment-medium size-medium\" alt=\"\" srcset=\"https:\/\/www.radiopiu.net\/wordpress\/wp-content\/uploads\/2023\/03\/03731676-402b-48a7-b3e9-f8fca0e7da36-300x169.jpg 300w, https:\/\/www.radiopiu.net\/wordpress\/wp-content\/uploads\/2023\/03\/03731676-402b-48a7-b3e9-f8fca0e7da36-1024x576.jpg 1024w, https:\/\/www.radiopiu.net\/wordpress\/wp-content\/uploads\/2023\/03\/03731676-402b-48a7-b3e9-f8fca0e7da36-768x432.jpg 768w, https:\/\/www.radiopiu.net\/wordpress\/wp-content\/uploads\/2023\/03\/03731676-402b-48a7-b3e9-f8fca0e7da36-1536x864.jpg 1536w, https:\/\/www.radiopiu.net\/wordpress\/wp-content\/uploads\/2023\/03\/03731676-402b-48a7-b3e9-f8fca0e7da36.jpg 1920w\" sizes=\"auto, (max-width: 300px) 100vw, 300px\" \/><\/a>\n\t\t\t\t<\/dt><\/dl><dl class='gallery-item'>\n\t\t\t\t<dt class='gallery-icon landscape'>\n\t\t\t\t\t<a class=\"rollover rollover-zoom dt-pswp-item\" title=\"2ad7f3ef-5c1f-4eb7-9e65-40c4b1920ea2\" data-dt-img-description=\"\" data-large_image_width=\"1920\" data-large_image_height=\"1080\"href='https:\/\/www.radiopiu.net\/wordpress\/wp-content\/uploads\/2023\/03\/2ad7f3ef-5c1f-4eb7-9e65-40c4b1920ea2.jpg'><img loading=\"lazy\" decoding=\"async\" width=\"300\" height=\"169\" src=\"https:\/\/www.radiopiu.net\/wordpress\/wp-content\/uploads\/2023\/03\/2ad7f3ef-5c1f-4eb7-9e65-40c4b1920ea2-300x169.jpg\" class=\"attachment-medium size-medium\" alt=\"\" srcset=\"https:\/\/www.radiopiu.net\/wordpress\/wp-content\/uploads\/2023\/03\/2ad7f3ef-5c1f-4eb7-9e65-40c4b1920ea2-300x169.jpg 300w, https:\/\/www.radiopiu.net\/wordpress\/wp-content\/uploads\/2023\/03\/2ad7f3ef-5c1f-4eb7-9e65-40c4b1920ea2-1024x576.jpg 1024w, https:\/\/www.radiopiu.net\/wordpress\/wp-content\/uploads\/2023\/03\/2ad7f3ef-5c1f-4eb7-9e65-40c4b1920ea2-768x432.jpg 768w, https:\/\/www.radiopiu.net\/wordpress\/wp-content\/uploads\/2023\/03\/2ad7f3ef-5c1f-4eb7-9e65-40c4b1920ea2-1536x864.jpg 1536w, https:\/\/www.radiopiu.net\/wordpress\/wp-content\/uploads\/2023\/03\/2ad7f3ef-5c1f-4eb7-9e65-40c4b1920ea2.jpg 1920w\" sizes=\"auto, (max-width: 300px) 100vw, 300px\" \/><\/a>\n\t\t\t\t<\/dt><\/dl><dl class='gallery-item'>\n\t\t\t\t<dt class='gallery-icon landscape'>\n\t\t\t\t\t<a class=\"rollover rollover-zoom dt-pswp-item\" title=\"d7aeecb6-6c43-4ed9-8d78-eb04c67f4461\" data-dt-img-description=\"\" data-large_image_width=\"1920\" data-large_image_height=\"1080\"href='https:\/\/www.radiopiu.net\/wordpress\/wp-content\/uploads\/2023\/03\/d7aeecb6-6c43-4ed9-8d78-eb04c67f4461.jpg'><img loading=\"lazy\" decoding=\"async\" width=\"300\" height=\"169\" src=\"https:\/\/www.radiopiu.net\/wordpress\/wp-content\/uploads\/2023\/03\/d7aeecb6-6c43-4ed9-8d78-eb04c67f4461-300x169.jpg\" class=\"attachment-medium size-medium\" alt=\"\" srcset=\"https:\/\/www.radiopiu.net\/wordpress\/wp-content\/uploads\/2023\/03\/d7aeecb6-6c43-4ed9-8d78-eb04c67f4461-300x169.jpg 300w, https:\/\/www.radiopiu.net\/wordpress\/wp-content\/uploads\/2023\/03\/d7aeecb6-6c43-4ed9-8d78-eb04c67f4461-1024x576.jpg 1024w, https:\/\/www.radiopiu.net\/wordpress\/wp-content\/uploads\/2023\/03\/d7aeecb6-6c43-4ed9-8d78-eb04c67f4461-768x432.jpg 768w, https:\/\/www.radiopiu.net\/wordpress\/wp-content\/uploads\/2023\/03\/d7aeecb6-6c43-4ed9-8d78-eb04c67f4461-1536x864.jpg 1536w, https:\/\/www.radiopiu.net\/wordpress\/wp-content\/uploads\/2023\/03\/d7aeecb6-6c43-4ed9-8d78-eb04c67f4461.jpg 1920w\" sizes=\"auto, (max-width: 300px) 100vw, 300px\" \/><\/a>\n\t\t\t\t<\/dt><\/dl><dl class='gallery-item'>\n\t\t\t\t<dt class='gallery-icon landscape'>\n\t\t\t\t\t<a class=\"rollover rollover-zoom dt-pswp-item\" title=\"246294ee-7fc4-4ee9-ab53-50fc3dea2e21\" data-dt-img-description=\"\" data-large_image_width=\"1920\" data-large_image_height=\"1080\"href='https:\/\/www.radiopiu.net\/wordpress\/wp-content\/uploads\/2023\/03\/246294ee-7fc4-4ee9-ab53-50fc3dea2e21.jpg'><img loading=\"lazy\" decoding=\"async\" width=\"300\" height=\"169\" src=\"https:\/\/www.radiopiu.net\/wordpress\/wp-content\/uploads\/2023\/03\/246294ee-7fc4-4ee9-ab53-50fc3dea2e21-300x169.jpg\" class=\"attachment-medium size-medium\" alt=\"\" srcset=\"https:\/\/www.radiopiu.net\/wordpress\/wp-content\/uploads\/2023\/03\/246294ee-7fc4-4ee9-ab53-50fc3dea2e21-300x169.jpg 300w, https:\/\/www.radiopiu.net\/wordpress\/wp-content\/uploads\/2023\/03\/246294ee-7fc4-4ee9-ab53-50fc3dea2e21-1024x576.jpg 1024w, https:\/\/www.radiopiu.net\/wordpress\/wp-content\/uploads\/2023\/03\/246294ee-7fc4-4ee9-ab53-50fc3dea2e21-768x432.jpg 768w, https:\/\/www.radiopiu.net\/wordpress\/wp-content\/uploads\/2023\/03\/246294ee-7fc4-4ee9-ab53-50fc3dea2e21-1536x864.jpg 1536w, https:\/\/www.radiopiu.net\/wordpress\/wp-content\/uploads\/2023\/03\/246294ee-7fc4-4ee9-ab53-50fc3dea2e21.jpg 1920w\" sizes=\"auto, (max-width: 300px) 100vw, 300px\" \/><\/a>\n\t\t\t\t<\/dt><\/dl><br style=\"clear: both\" \/>\n\t\t\t<\/div>\n\n<p><strong>I PREMIATI PER I 25 ANNI<\/strong><\/p>\n\n\t\t\t<style type='text\/css'>\n\t\t\t\t#gallery-7 {\n\t\t\t\t\tmargin: auto;\n\t\t\t\t}\n\t\t\t\t#gallery-7 .gallery-item {\n\t\t\t\t\tfloat: left;\n\t\t\t\t\tmargin-top: 10px;\n\t\t\t\t\ttext-align: center;\n\t\t\t\t\twidth: 16%;\n\t\t\t\t}\n\t\t\t\t#gallery-7 img {\n\t\t\t\t\tborder: 2px solid #cfcfcf;\n\t\t\t\t}\n\t\t\t\t#gallery-7 .gallery-caption {\n\t\t\t\t\tmargin-left: 0;\n\t\t\t\t}\n\t\t\t\t\/* see gallery_shortcode() in wp-includes\/media.php *\/\n\t\t\t<\/style>\n\t\t<div id='gallery-7' class='dt-gallery-container gallery galleryid-328243 gallery-columns-6 gallery-size-thumbnail'><dl class='gallery-item'>\n\t\t\t\t<dt class='gallery-icon landscape'>\n\t\t\t\t\t<a class=\"rollover rollover-zoom dt-pswp-item\" title=\"FIORANGELA BELTRAME\" data-dt-img-description=\"\" data-large_image_width=\"1920\" data-large_image_height=\"1080\"href='https:\/\/www.radiopiu.net\/wordpress\/wp-content\/uploads\/2023\/03\/FIORANGELA-BELTRAME.jpg'><img loading=\"lazy\" decoding=\"async\" width=\"150\" height=\"150\" src=\"https:\/\/www.radiopiu.net\/wordpress\/wp-content\/uploads\/2023\/03\/FIORANGELA-BELTRAME-150x150.jpg\" class=\"attachment-thumbnail size-thumbnail\" alt=\"\" aria-describedby=\"gallery-7-328373\" \/><\/a>\n\t\t\t\t<\/dt>\n\t\t\t\t\t<dd class='wp-caption-text gallery-caption' id='gallery-7-328373'>\n\t\t\t\t\tFIORANGELA-BELTRAME.jpg\n\n\t\t\t\t\t<\/dd><\/dl><dl class='gallery-item'>\n\t\t\t\t<dt class='gallery-icon landscape'>\n\t\t\t\t\t<a class=\"rollover rollover-zoom dt-pswp-item\" title=\"NICOLA SCARDANZAN\" data-dt-img-description=\"\" data-large_image_width=\"1920\" data-large_image_height=\"1080\"href='https:\/\/www.radiopiu.net\/wordpress\/wp-content\/uploads\/2023\/03\/NICOLA-SCARDANZAN.jpg'><img loading=\"lazy\" decoding=\"async\" width=\"150\" height=\"150\" src=\"https:\/\/www.radiopiu.net\/wordpress\/wp-content\/uploads\/2023\/03\/NICOLA-SCARDANZAN-150x150.jpg\" class=\"attachment-thumbnail size-thumbnail\" alt=\"\" aria-describedby=\"gallery-7-328374\" \/><\/a>\n\t\t\t\t<\/dt>\n\t\t\t\t\t<dd class='wp-caption-text gallery-caption' id='gallery-7-328374'>\n\t\t\t\t\tNICOLA SCARDANZAN\n\t\t\t\t\t<\/dd><\/dl><dl class='gallery-item'>\n\t\t\t\t<dt class='gallery-icon landscape'>\n\t\t\t\t\t<a class=\"rollover rollover-zoom dt-pswp-item\" title=\"ANTONY CERVO\" data-dt-img-description=\"\" data-large_image_width=\"1920\" data-large_image_height=\"1080\"href='https:\/\/www.radiopiu.net\/wordpress\/wp-content\/uploads\/2023\/03\/ANTONY-CERVO.jpg'><img loading=\"lazy\" decoding=\"async\" width=\"150\" height=\"150\" src=\"https:\/\/www.radiopiu.net\/wordpress\/wp-content\/uploads\/2023\/03\/ANTONY-CERVO-150x150.jpg\" class=\"attachment-thumbnail size-thumbnail\" alt=\"\" aria-describedby=\"gallery-7-328375\" \/><\/a>\n\t\t\t\t<\/dt>\n\t\t\t\t\t<dd class='wp-caption-text gallery-caption' id='gallery-7-328375'>\n\t\t\t\t\tANTONY CERVO\n\t\t\t\t\t<\/dd><\/dl><dl class='gallery-item'>\n\t\t\t\t<dt class='gallery-icon landscape'>\n\t\t\t\t\t<a class=\"rollover rollover-zoom dt-pswp-item\" title=\"GIOVANNI FARENZEINA\" data-dt-img-description=\"\" data-large_image_width=\"1920\" data-large_image_height=\"1080\"href='https:\/\/www.radiopiu.net\/wordpress\/wp-content\/uploads\/2023\/03\/GIOVANNI.jpg'><img loading=\"lazy\" decoding=\"async\" width=\"150\" height=\"150\" src=\"https:\/\/www.radiopiu.net\/wordpress\/wp-content\/uploads\/2023\/03\/GIOVANNI-150x150.jpg\" class=\"attachment-thumbnail size-thumbnail\" alt=\"\" aria-describedby=\"gallery-7-328376\" \/><\/a>\n\t\t\t\t<\/dt>\n\t\t\t\t\t<dd class='wp-caption-text gallery-caption' id='gallery-7-328376'>\n\t\t\t\t\tGIOVANNI FARENZEINA\n\t\t\t\t\t<\/dd><\/dl><dl class='gallery-item'>\n\t\t\t\t<dt class='gallery-icon landscape'>\n\t\t\t\t\t<a class=\"rollover rollover-zoom dt-pswp-item\" title=\"MARTINA ANDRICH\" data-dt-img-description=\"MARTINA ANDRICH\" data-large_image_width=\"1920\" data-large_image_height=\"1080\"href='https:\/\/www.radiopiu.net\/wordpress\/wp-content\/uploads\/2023\/03\/MARTINA-ANDRICH.jpg'><img loading=\"lazy\" decoding=\"async\" width=\"150\" height=\"150\" src=\"https:\/\/www.radiopiu.net\/wordpress\/wp-content\/uploads\/2023\/03\/MARTINA-ANDRICH-150x150.jpg\" class=\"attachment-thumbnail size-thumbnail\" alt=\"\" aria-describedby=\"gallery-7-328377\" \/><\/a>\n\t\t\t\t<\/dt>\n\t\t\t\t\t<dd class='wp-caption-text gallery-caption' id='gallery-7-328377'>\n\t\t\t\t\tMARTINA ANDRICH\n\t\t\t\t\t<\/dd><\/dl><dl class='gallery-item'>\n\t\t\t\t<dt class='gallery-icon landscape'>\n\t\t\t\t\t<a class=\"rollover rollover-zoom dt-pswp-item\" title=\"ENRICO FAVARETTO\" data-dt-img-description=\"\" data-large_image_width=\"1920\" data-large_image_height=\"1080\"href='https:\/\/www.radiopiu.net\/wordpress\/wp-content\/uploads\/2023\/03\/ENRICO-FAVARETTO.jpg'><img loading=\"lazy\" decoding=\"async\" width=\"150\" height=\"150\" src=\"https:\/\/www.radiopiu.net\/wordpress\/wp-content\/uploads\/2023\/03\/ENRICO-FAVARETTO-150x150.jpg\" class=\"attachment-thumbnail size-thumbnail\" alt=\"\" aria-describedby=\"gallery-7-328378\" \/><\/a>\n\t\t\t\t<\/dt>\n\t\t\t\t\t<dd class='wp-caption-text gallery-caption' id='gallery-7-328378'>\n\t\t\t\t\tENRICO FAVARETTO\n\t\t\t\t\t<\/dd><\/dl><br style=\"clear: both\" \/><dl class='gallery-item'>\n\t\t\t\t<dt class='gallery-icon landscape'>\n\t\t\t\t\t<a class=\"rollover rollover-zoom dt-pswp-item\" title=\"ALAN FARENZENA\" data-dt-img-description=\"\" data-large_image_width=\"1920\" data-large_image_height=\"1080\"href='https:\/\/www.radiopiu.net\/wordpress\/wp-content\/uploads\/2023\/03\/ALAN-FARENZENA.jpg'><img loading=\"lazy\" decoding=\"async\" width=\"150\" height=\"150\" src=\"https:\/\/www.radiopiu.net\/wordpress\/wp-content\/uploads\/2023\/03\/ALAN-FARENZENA-150x150.jpg\" class=\"attachment-thumbnail size-thumbnail\" alt=\"\" aria-describedby=\"gallery-7-328379\" \/><\/a>\n\t\t\t\t<\/dt>\n\t\t\t\t\t<dd class='wp-caption-text gallery-caption' id='gallery-7-328379'>\n\t\t\t\t\tALAN FARENZENA\n\t\t\t\t\t<\/dd><\/dl><dl class='gallery-item'>\n\t\t\t\t<dt class='gallery-icon landscape'>\n\t\t\t\t\t<a class=\"rollover rollover-zoom dt-pswp-item\" title=\"DANIELE CARLIN\" data-dt-img-description=\"\" data-large_image_width=\"1920\" data-large_image_height=\"1080\"href='https:\/\/www.radiopiu.net\/wordpress\/wp-content\/uploads\/2023\/03\/DANIELE-CARLIN.jpg'><img loading=\"lazy\" decoding=\"async\" width=\"150\" height=\"150\" src=\"https:\/\/www.radiopiu.net\/wordpress\/wp-content\/uploads\/2023\/03\/DANIELE-CARLIN-150x150.jpg\" class=\"attachment-thumbnail size-thumbnail\" alt=\"\" aria-describedby=\"gallery-7-328380\" \/><\/a>\n\t\t\t\t<\/dt>\n\t\t\t\t\t<dd class='wp-caption-text gallery-caption' id='gallery-7-328380'>\n\t\t\t\t\tDANIELE CARLIN\n\t\t\t\t\t<\/dd><\/dl><dl class='gallery-item'>\n\t\t\t\t<dt class='gallery-icon landscape'>\n\t\t\t\t\t<a class=\"rollover rollover-zoom dt-pswp-item\" title=\"FULVIA TOME\" data-dt-img-description=\"\" data-large_image_width=\"1920\" data-large_image_height=\"1080\"href='https:\/\/www.radiopiu.net\/wordpress\/wp-content\/uploads\/2023\/03\/FULVIA-TOME.jpg'><img loading=\"lazy\" decoding=\"async\" width=\"150\" height=\"150\" src=\"https:\/\/www.radiopiu.net\/wordpress\/wp-content\/uploads\/2023\/03\/FULVIA-TOME-150x150.jpg\" class=\"attachment-thumbnail size-thumbnail\" alt=\"\" aria-describedby=\"gallery-7-328381\" \/><\/a>\n\t\t\t\t<\/dt>\n\t\t\t\t\t<dd class='wp-caption-text gallery-caption' id='gallery-7-328381'>\n\t\t\t\t\tFULVIA TOME\n\t\t\t\t\t<\/dd><\/dl><dl class='gallery-item'>\n\t\t\t\t<dt class='gallery-icon landscape'>\n\t\t\t\t\t<a class=\"rollover rollover-zoom dt-pswp-item\" title=\"NICOLE FARENZENA\" data-dt-img-description=\"\" data-large_image_width=\"1920\" data-large_image_height=\"1080\"href='https:\/\/www.radiopiu.net\/wordpress\/wp-content\/uploads\/2023\/03\/NICOLE-FARENZENA.jpg'><img loading=\"lazy\" decoding=\"async\" width=\"150\" height=\"150\" src=\"https:\/\/www.radiopiu.net\/wordpress\/wp-content\/uploads\/2023\/03\/NICOLE-FARENZENA-150x150.jpg\" class=\"attachment-thumbnail size-thumbnail\" alt=\"\" aria-describedby=\"gallery-7-328382\" \/><\/a>\n\t\t\t\t<\/dt>\n\t\t\t\t\t<dd class='wp-caption-text gallery-caption' id='gallery-7-328382'>\n\t\t\t\t\tNICOLE FARENZENA\n\t\t\t\t\t<\/dd><\/dl><dl class='gallery-item'>\n\t\t\t\t<dt class='gallery-icon landscape'>\n\t\t\t\t\t<a class=\"rollover rollover-zoom dt-pswp-item\" title=\"ALVISE BELOTTI\" data-dt-img-description=\"\" data-large_image_width=\"1920\" data-large_image_height=\"1080\"href='https:\/\/www.radiopiu.net\/wordpress\/wp-content\/uploads\/2023\/03\/ALVISE-BELOTTI.jpg'><img loading=\"lazy\" decoding=\"async\" width=\"150\" height=\"150\" src=\"https:\/\/www.radiopiu.net\/wordpress\/wp-content\/uploads\/2023\/03\/ALVISE-BELOTTI-150x150.jpg\" class=\"attachment-thumbnail size-thumbnail\" alt=\"\" aria-describedby=\"gallery-7-328383\" \/><\/a>\n\t\t\t\t<\/dt>\n\t\t\t\t\t<dd class='wp-caption-text gallery-caption' id='gallery-7-328383'>\n\t\t\t\t\tALVISE BELOTTI\n\t\t\t\t\t<\/dd><\/dl>\n\t\t\t\t<br style='clear: both' \/>\n\t\t\t<\/div>\n\n<p><strong>I PREMIATI PER I 50 ANNI<\/strong><\/p>\n\n\t\t\t<style type='text\/css'>\n\t\t\t\t#gallery-8 {\n\t\t\t\t\tmargin: auto;\n\t\t\t\t}\n\t\t\t\t#gallery-8 .gallery-item {\n\t\t\t\t\tfloat: left;\n\t\t\t\t\tmargin-top: 10px;\n\t\t\t\t\ttext-align: center;\n\t\t\t\t\twidth: 20%;\n\t\t\t\t}\n\t\t\t\t#gallery-8 img {\n\t\t\t\t\tborder: 2px solid #cfcfcf;\n\t\t\t\t}\n\t\t\t\t#gallery-8 .gallery-caption {\n\t\t\t\t\tmargin-left: 0;\n\t\t\t\t}\n\t\t\t\t\/* see gallery_shortcode() in wp-includes\/media.php *\/\n\t\t\t<\/style>\n\t\t<div id='gallery-8' class='dt-gallery-container gallery galleryid-328243 gallery-columns-5 gallery-size-medium'><dl class='gallery-item'>\n\t\t\t\t<dt class='gallery-icon landscape'>\n\t\t\t\t\t<a class=\"rollover rollover-zoom dt-pswp-item\" title=\"WANDA RUMOR\" data-dt-img-description=\"\" data-large_image_width=\"1920\" data-large_image_height=\"1080\"href='https:\/\/www.radiopiu.net\/wordpress\/wp-content\/uploads\/2023\/03\/WANDA-RUMOR.jpg'><img loading=\"lazy\" decoding=\"async\" width=\"300\" height=\"169\" src=\"https:\/\/www.radiopiu.net\/wordpress\/wp-content\/uploads\/2023\/03\/WANDA-RUMOR-300x169.jpg\" class=\"attachment-medium size-medium\" alt=\"\" aria-describedby=\"gallery-8-328385\" srcset=\"https:\/\/www.radiopiu.net\/wordpress\/wp-content\/uploads\/2023\/03\/WANDA-RUMOR-300x169.jpg 300w, https:\/\/www.radiopiu.net\/wordpress\/wp-content\/uploads\/2023\/03\/WANDA-RUMOR-1024x576.jpg 1024w, https:\/\/www.radiopiu.net\/wordpress\/wp-content\/uploads\/2023\/03\/WANDA-RUMOR-768x432.jpg 768w, https:\/\/www.radiopiu.net\/wordpress\/wp-content\/uploads\/2023\/03\/WANDA-RUMOR-1536x864.jpg 1536w, https:\/\/www.radiopiu.net\/wordpress\/wp-content\/uploads\/2023\/03\/WANDA-RUMOR.jpg 1920w\" sizes=\"auto, (max-width: 300px) 100vw, 300px\" \/><\/a>\n\t\t\t\t<\/dt>\n\t\t\t\t\t<dd class='wp-caption-text gallery-caption' id='gallery-8-328385'>\n\t\t\t\t\tWANDA RUMOR\n\t\t\t\t\t<\/dd><\/dl><dl class='gallery-item'>\n\t\t\t\t<dt class='gallery-icon landscape'>\n\t\t\t\t\t<a class=\"rollover rollover-zoom dt-pswp-item\" title=\"22\" data-dt-img-description=\"\" data-large_image_width=\"1920\" data-large_image_height=\"1080\"href='https:\/\/www.radiopiu.net\/wordpress\/wp-content\/uploads\/2023\/03\/22.jpg'><img loading=\"lazy\" decoding=\"async\" width=\"300\" height=\"169\" src=\"https:\/\/www.radiopiu.net\/wordpress\/wp-content\/uploads\/2023\/03\/22-300x169.jpg\" class=\"attachment-medium size-medium\" alt=\"\" aria-describedby=\"gallery-8-328386\" srcset=\"https:\/\/www.radiopiu.net\/wordpress\/wp-content\/uploads\/2023\/03\/22-300x169.jpg 300w, https:\/\/www.radiopiu.net\/wordpress\/wp-content\/uploads\/2023\/03\/22-1024x576.jpg 1024w, https:\/\/www.radiopiu.net\/wordpress\/wp-content\/uploads\/2023\/03\/22-768x432.jpg 768w, https:\/\/www.radiopiu.net\/wordpress\/wp-content\/uploads\/2023\/03\/22-1536x864.jpg 1536w, https:\/\/www.radiopiu.net\/wordpress\/wp-content\/uploads\/2023\/03\/22.jpg 1920w\" sizes=\"auto, (max-width: 300px) 100vw, 300px\" \/><\/a>\n\t\t\t\t<\/dt>\n\t\t\t\t\t<dd class='wp-caption-text gallery-caption' id='gallery-8-328386'>\n\t\t\t\t\tWANDA RUMOR CON IL MARITO CLAUDIO SOCCOL\n\t\t\t\t\t<\/dd><\/dl><dl class='gallery-item'>\n\t\t\t\t<dt class='gallery-icon landscape'>\n\t\t\t\t\t<a class=\"rollover rollover-zoom dt-pswp-item\" title=\"GUIDO PIERINI\" data-dt-img-description=\"\" data-large_image_width=\"1920\" data-large_image_height=\"1080\"href='https:\/\/www.radiopiu.net\/wordpress\/wp-content\/uploads\/2023\/03\/GUIDO-PIERINI.jpg'><img loading=\"lazy\" decoding=\"async\" width=\"300\" height=\"169\" src=\"https:\/\/www.radiopiu.net\/wordpress\/wp-content\/uploads\/2023\/03\/GUIDO-PIERINI-300x169.jpg\" class=\"attachment-medium size-medium\" alt=\"\" aria-describedby=\"gallery-8-328387\" srcset=\"https:\/\/www.radiopiu.net\/wordpress\/wp-content\/uploads\/2023\/03\/GUIDO-PIERINI-300x169.jpg 300w, https:\/\/www.radiopiu.net\/wordpress\/wp-content\/uploads\/2023\/03\/GUIDO-PIERINI-1024x576.jpg 1024w, https:\/\/www.radiopiu.net\/wordpress\/wp-content\/uploads\/2023\/03\/GUIDO-PIERINI-768x432.jpg 768w, https:\/\/www.radiopiu.net\/wordpress\/wp-content\/uploads\/2023\/03\/GUIDO-PIERINI-1536x864.jpg 1536w, https:\/\/www.radiopiu.net\/wordpress\/wp-content\/uploads\/2023\/03\/GUIDO-PIERINI.jpg 1920w\" sizes=\"auto, (max-width: 300px) 100vw, 300px\" \/><\/a>\n\t\t\t\t<\/dt>\n\t\t\t\t\t<dd class='wp-caption-text gallery-caption' id='gallery-8-328387'>\n\t\t\t\t\tGUIDO PIERINI e moglie\n\t\t\t\t\t<\/dd><\/dl><dl class='gallery-item'>\n\t\t\t\t<dt class='gallery-icon landscape'>\n\t\t\t\t\t<a class=\"rollover rollover-zoom dt-pswp-item\" title=\"3ae11490-8318-4477-8d10-8620899b8b68\" data-dt-img-description=\"\" data-large_image_width=\"1920\" data-large_image_height=\"1080\"href='https:\/\/www.radiopiu.net\/wordpress\/wp-content\/uploads\/2023\/03\/3ae11490-8318-4477-8d10-8620899b8b68.jpg'><img loading=\"lazy\" decoding=\"async\" width=\"300\" height=\"169\" src=\"https:\/\/www.radiopiu.net\/wordpress\/wp-content\/uploads\/2023\/03\/3ae11490-8318-4477-8d10-8620899b8b68-300x169.jpg\" class=\"attachment-medium size-medium\" alt=\"\" aria-describedby=\"gallery-8-328388\" srcset=\"https:\/\/www.radiopiu.net\/wordpress\/wp-content\/uploads\/2023\/03\/3ae11490-8318-4477-8d10-8620899b8b68-300x169.jpg 300w, https:\/\/www.radiopiu.net\/wordpress\/wp-content\/uploads\/2023\/03\/3ae11490-8318-4477-8d10-8620899b8b68-1024x576.jpg 1024w, https:\/\/www.radiopiu.net\/wordpress\/wp-content\/uploads\/2023\/03\/3ae11490-8318-4477-8d10-8620899b8b68-768x432.jpg 768w, https:\/\/www.radiopiu.net\/wordpress\/wp-content\/uploads\/2023\/03\/3ae11490-8318-4477-8d10-8620899b8b68-1536x864.jpg 1536w, https:\/\/www.radiopiu.net\/wordpress\/wp-content\/uploads\/2023\/03\/3ae11490-8318-4477-8d10-8620899b8b68.jpg 1920w\" sizes=\"auto, (max-width: 300px) 100vw, 300px\" \/><\/a>\n\t\t\t\t<\/dt>\n\t\t\t\t\t<dd class='wp-caption-text gallery-caption' id='gallery-8-328388'>\n\t\t\t\t\tLUCIA FOSSEN, ritira il marito Loris Santomaso\n\t\t\t\t\t<\/dd><\/dl><dl class='gallery-item'>\n\t\t\t\t<dt class='gallery-icon landscape'>\n\t\t\t\t\t<a class=\"rollover rollover-zoom dt-pswp-item\" title=\"RENATO BIEN\" data-dt-img-description=\"\" data-large_image_width=\"1920\" data-large_image_height=\"1080\"href='https:\/\/www.radiopiu.net\/wordpress\/wp-content\/uploads\/2023\/03\/RENATO-BIEN.jpg'><img loading=\"lazy\" decoding=\"async\" width=\"300\" height=\"169\" src=\"https:\/\/www.radiopiu.net\/wordpress\/wp-content\/uploads\/2023\/03\/RENATO-BIEN-300x169.jpg\" class=\"attachment-medium size-medium\" alt=\"\" aria-describedby=\"gallery-8-328389\" srcset=\"https:\/\/www.radiopiu.net\/wordpress\/wp-content\/uploads\/2023\/03\/RENATO-BIEN-300x169.jpg 300w, https:\/\/www.radiopiu.net\/wordpress\/wp-content\/uploads\/2023\/03\/RENATO-BIEN-1024x576.jpg 1024w, https:\/\/www.radiopiu.net\/wordpress\/wp-content\/uploads\/2023\/03\/RENATO-BIEN-768x432.jpg 768w, https:\/\/www.radiopiu.net\/wordpress\/wp-content\/uploads\/2023\/03\/RENATO-BIEN-1536x864.jpg 1536w, https:\/\/www.radiopiu.net\/wordpress\/wp-content\/uploads\/2023\/03\/RENATO-BIEN.jpg 1920w\" sizes=\"auto, (max-width: 300px) 100vw, 300px\" \/><\/a>\n\t\t\t\t<\/dt>\n\t\t\t\t\t<dd class='wp-caption-text gallery-caption' id='gallery-8-328389'>\n\t\t\t\t\tRENATO BIEN\n\t\t\t\t\t<\/dd><\/dl><br style=\"clear: both\" \/>\n\t\t\t<\/div>\n\n<p><strong>I PREMIATI PER 60 ANNI<\/strong><\/p>\n\n\t\t\t<style type='text\/css'>\n\t\t\t\t#gallery-9 {\n\t\t\t\t\tmargin: auto;\n\t\t\t\t}\n\t\t\t\t#gallery-9 .gallery-item {\n\t\t\t\t\tfloat: left;\n\t\t\t\t\tmargin-top: 10px;\n\t\t\t\t\ttext-align: center;\n\t\t\t\t\twidth: 25%;\n\t\t\t\t}\n\t\t\t\t#gallery-9 img {\n\t\t\t\t\tborder: 2px solid #cfcfcf;\n\t\t\t\t}\n\t\t\t\t#gallery-9 .gallery-caption {\n\t\t\t\t\tmargin-left: 0;\n\t\t\t\t}\n\t\t\t\t\/* see gallery_shortcode() in wp-includes\/media.php *\/\n\t\t\t<\/style>\n\t\t<div id='gallery-9' class='dt-gallery-container gallery galleryid-328243 gallery-columns-4 gallery-size-medium'><dl class='gallery-item'>\n\t\t\t\t<dt class='gallery-icon landscape'>\n\t\t\t\t\t<a class=\"rollover rollover-zoom dt-pswp-item\" title=\"FRANCO FAVRETTI\" data-dt-img-description=\"\" data-large_image_width=\"1920\" data-large_image_height=\"1080\"href='https:\/\/www.radiopiu.net\/wordpress\/wp-content\/uploads\/2023\/03\/FAVRETTI-FRANCO.jpg'><img loading=\"lazy\" decoding=\"async\" width=\"300\" height=\"169\" src=\"https:\/\/www.radiopiu.net\/wordpress\/wp-content\/uploads\/2023\/03\/FAVRETTI-FRANCO-300x169.jpg\" class=\"attachment-medium size-medium\" alt=\"\" aria-describedby=\"gallery-9-328391\" srcset=\"https:\/\/www.radiopiu.net\/wordpress\/wp-content\/uploads\/2023\/03\/FAVRETTI-FRANCO-300x169.jpg 300w, https:\/\/www.radiopiu.net\/wordpress\/wp-content\/uploads\/2023\/03\/FAVRETTI-FRANCO-1024x576.jpg 1024w, https:\/\/www.radiopiu.net\/wordpress\/wp-content\/uploads\/2023\/03\/FAVRETTI-FRANCO-768x432.jpg 768w, https:\/\/www.radiopiu.net\/wordpress\/wp-content\/uploads\/2023\/03\/FAVRETTI-FRANCO-1536x864.jpg 1536w, https:\/\/www.radiopiu.net\/wordpress\/wp-content\/uploads\/2023\/03\/FAVRETTI-FRANCO.jpg 1920w\" sizes=\"auto, (max-width: 300px) 100vw, 300px\" \/><\/a>\n\t\t\t\t<\/dt>\n\t\t\t\t\t<dd class='wp-caption-text gallery-caption' id='gallery-9-328391'>\n\t\t\t\t\tFRANCO FAVRETTI\n\t\t\t\t\t<\/dd><\/dl><dl class='gallery-item'>\n\t\t\t\t<dt class='gallery-icon landscape'>\n\t\t\t\t\t<a class=\"rollover rollover-zoom dt-pswp-item\" title=\"ROMANA DELL&#039;OSBEL\" data-dt-img-description=\"\" data-large_image_width=\"1920\" data-large_image_height=\"1080\"href='https:\/\/www.radiopiu.net\/wordpress\/wp-content\/uploads\/2023\/03\/ROMANA-DELLOSBEL.jpg'><img loading=\"lazy\" decoding=\"async\" width=\"300\" height=\"169\" src=\"https:\/\/www.radiopiu.net\/wordpress\/wp-content\/uploads\/2023\/03\/ROMANA-DELLOSBEL-300x169.jpg\" class=\"attachment-medium size-medium\" alt=\"\" aria-describedby=\"gallery-9-328392\" srcset=\"https:\/\/www.radiopiu.net\/wordpress\/wp-content\/uploads\/2023\/03\/ROMANA-DELLOSBEL-300x169.jpg 300w, https:\/\/www.radiopiu.net\/wordpress\/wp-content\/uploads\/2023\/03\/ROMANA-DELLOSBEL-1024x576.jpg 1024w, https:\/\/www.radiopiu.net\/wordpress\/wp-content\/uploads\/2023\/03\/ROMANA-DELLOSBEL-768x432.jpg 768w, https:\/\/www.radiopiu.net\/wordpress\/wp-content\/uploads\/2023\/03\/ROMANA-DELLOSBEL-1536x864.jpg 1536w, https:\/\/www.radiopiu.net\/wordpress\/wp-content\/uploads\/2023\/03\/ROMANA-DELLOSBEL.jpg 1920w\" sizes=\"auto, (max-width: 300px) 100vw, 300px\" \/><\/a>\n\t\t\t\t<\/dt>\n\t\t\t\t\t<dd class='wp-caption-text gallery-caption' id='gallery-9-328392'>\n\t\t\t\t\tROMANA DELL&#8217;OSBEL\n\t\t\t\t\t<\/dd><\/dl><dl class='gallery-item'>\n\t\t\t\t<dt class='gallery-icon landscape'>\n\t\t\t\t\t<a class=\"rollover rollover-zoom dt-pswp-item\" title=\"VITTORIO FENTI\" data-dt-img-description=\"\" data-large_image_width=\"1920\" data-large_image_height=\"1080\"href='https:\/\/www.radiopiu.net\/wordpress\/wp-content\/uploads\/2023\/03\/VITTORIO-FENTI.jpg'><img loading=\"lazy\" decoding=\"async\" width=\"300\" height=\"169\" src=\"https:\/\/www.radiopiu.net\/wordpress\/wp-content\/uploads\/2023\/03\/VITTORIO-FENTI-300x169.jpg\" class=\"attachment-medium size-medium\" alt=\"\" aria-describedby=\"gallery-9-328394\" srcset=\"https:\/\/www.radiopiu.net\/wordpress\/wp-content\/uploads\/2023\/03\/VITTORIO-FENTI-300x169.jpg 300w, https:\/\/www.radiopiu.net\/wordpress\/wp-content\/uploads\/2023\/03\/VITTORIO-FENTI-1024x576.jpg 1024w, https:\/\/www.radiopiu.net\/wordpress\/wp-content\/uploads\/2023\/03\/VITTORIO-FENTI-768x432.jpg 768w, https:\/\/www.radiopiu.net\/wordpress\/wp-content\/uploads\/2023\/03\/VITTORIO-FENTI-1536x864.jpg 1536w, https:\/\/www.radiopiu.net\/wordpress\/wp-content\/uploads\/2023\/03\/VITTORIO-FENTI.jpg 1920w\" sizes=\"auto, (max-width: 300px) 100vw, 300px\" \/><\/a>\n\t\t\t\t<\/dt>\n\t\t\t\t\t<dd class='wp-caption-text gallery-caption' id='gallery-9-328394'>\n\t\t\t\t\tVITTORIO FENTI\n\t\t\t\t\t<\/dd><\/dl><dl class='gallery-item'>\n\t\t\t\t<dt class='gallery-icon landscape'>\n\t\t\t\t\t<a class=\"rollover rollover-zoom dt-pswp-item\" title=\"SESSANTA\" data-dt-img-description=\"\" data-large_image_width=\"1920\" data-large_image_height=\"1080\"href='https:\/\/www.radiopiu.net\/wordpress\/wp-content\/uploads\/2023\/03\/4d0d5011-9868-4693-9bac-699462170f4f.jpg'><img loading=\"lazy\" decoding=\"async\" width=\"300\" height=\"169\" src=\"https:\/\/www.radiopiu.net\/wordpress\/wp-content\/uploads\/2023\/03\/4d0d5011-9868-4693-9bac-699462170f4f-300x169.jpg\" class=\"attachment-medium size-medium\" alt=\"\" aria-describedby=\"gallery-9-328398\" srcset=\"https:\/\/www.radiopiu.net\/wordpress\/wp-content\/uploads\/2023\/03\/4d0d5011-9868-4693-9bac-699462170f4f-300x169.jpg 300w, https:\/\/www.radiopiu.net\/wordpress\/wp-content\/uploads\/2023\/03\/4d0d5011-9868-4693-9bac-699462170f4f-1024x576.jpg 1024w, https:\/\/www.radiopiu.net\/wordpress\/wp-content\/uploads\/2023\/03\/4d0d5011-9868-4693-9bac-699462170f4f-768x432.jpg 768w, https:\/\/www.radiopiu.net\/wordpress\/wp-content\/uploads\/2023\/03\/4d0d5011-9868-4693-9bac-699462170f4f-1536x864.jpg 1536w, https:\/\/www.radiopiu.net\/wordpress\/wp-content\/uploads\/2023\/03\/4d0d5011-9868-4693-9bac-699462170f4f.jpg 1920w\" sizes=\"auto, (max-width: 300px) 100vw, 300px\" \/><\/a>\n\t\t\t\t<\/dt>\n\t\t\t\t\t<dd class='wp-caption-text gallery-caption' id='gallery-9-328398'>\n\t\t\t\t\tSESSANTA\n\t\t\t\t\t<\/dd><\/dl><br style=\"clear: both\" \/>\n\t\t\t<\/div>\n\n<p><strong>IL PREMIATO DEI 70 ANNI<\/strong><\/p>\n\n\t\t\t<style type='text\/css'>\n\t\t\t\t#gallery-10 {\n\t\t\t\t\tmargin: auto;\n\t\t\t\t}\n\t\t\t\t#gallery-10 .gallery-item {\n\t\t\t\t\tfloat: left;\n\t\t\t\t\tmargin-top: 10px;\n\t\t\t\t\ttext-align: center;\n\t\t\t\t\twidth: 100%;\n\t\t\t\t}\n\t\t\t\t#gallery-10 img {\n\t\t\t\t\tborder: 2px solid #cfcfcf;\n\t\t\t\t}\n\t\t\t\t#gallery-10 .gallery-caption {\n\t\t\t\t\tmargin-left: 0;\n\t\t\t\t}\n\t\t\t\t\/* see gallery_shortcode() in wp-includes\/media.php *\/\n\t\t\t<\/style>\n\t\t<div id='gallery-10' class='dt-gallery-container gallery galleryid-328243 gallery-columns-1 gallery-size-medium'><dl class='gallery-item'>\n\t\t\t\t<dt class='gallery-icon landscape'>\n\t\t\t\t\t<a class=\"rollover rollover-zoom dt-pswp-item\" title=\"c76e607f-4f6a-4fdc-8c71-59e0102a32c1\" data-dt-img-description=\"\" data-large_image_width=\"1920\" data-large_image_height=\"1080\"href='https:\/\/www.radiopiu.net\/wordpress\/wp-content\/uploads\/2023\/03\/c76e607f-4f6a-4fdc-8c71-59e0102a32c1.jpg'><img loading=\"lazy\" decoding=\"async\" width=\"300\" height=\"169\" src=\"https:\/\/www.radiopiu.net\/wordpress\/wp-content\/uploads\/2023\/03\/c76e607f-4f6a-4fdc-8c71-59e0102a32c1-300x169.jpg\" class=\"attachment-medium size-medium\" alt=\"\" srcset=\"https:\/\/www.radiopiu.net\/wordpress\/wp-content\/uploads\/2023\/03\/c76e607f-4f6a-4fdc-8c71-59e0102a32c1-300x169.jpg 300w, https:\/\/www.radiopiu.net\/wordpress\/wp-content\/uploads\/2023\/03\/c76e607f-4f6a-4fdc-8c71-59e0102a32c1-1024x576.jpg 1024w, https:\/\/www.radiopiu.net\/wordpress\/wp-content\/uploads\/2023\/03\/c76e607f-4f6a-4fdc-8c71-59e0102a32c1-768x432.jpg 768w, https:\/\/www.radiopiu.net\/wordpress\/wp-content\/uploads\/2023\/03\/c76e607f-4f6a-4fdc-8c71-59e0102a32c1-1536x864.jpg 1536w, https:\/\/www.radiopiu.net\/wordpress\/wp-content\/uploads\/2023\/03\/c76e607f-4f6a-4fdc-8c71-59e0102a32c1.jpg 1920w\" sizes=\"auto, (max-width: 300px) 100vw, 300px\" \/><\/a>\n\t\t\t\t<\/dt><\/dl><br style=\"clear: both\" \/>\n\t\t\t<\/div>\n\n<p>&nbsp;<\/p>\n<p><strong>IL PREMIATO PER I 75 ANNI<\/strong><\/p>\n\n\t\t\t<style type='text\/css'>\n\t\t\t\t#gallery-11 {\n\t\t\t\t\tmargin: auto;\n\t\t\t\t}\n\t\t\t\t#gallery-11 .gallery-item {\n\t\t\t\t\tfloat: left;\n\t\t\t\t\tmargin-top: 10px;\n\t\t\t\t\ttext-align: center;\n\t\t\t\t\twidth: 50%;\n\t\t\t\t}\n\t\t\t\t#gallery-11 img {\n\t\t\t\t\tborder: 2px solid #cfcfcf;\n\t\t\t\t}\n\t\t\t\t#gallery-11 .gallery-caption {\n\t\t\t\t\tmargin-left: 0;\n\t\t\t\t}\n\t\t\t\t\/* see gallery_shortcode() in wp-includes\/media.php *\/\n\t\t\t<\/style>\n\t\t<div id='gallery-11' class='dt-gallery-container gallery galleryid-328243 gallery-columns-2 gallery-size-medium'><dl class='gallery-item'>\n\t\t\t\t<dt class='gallery-icon landscape'>\n\t\t\t\t\t<a class=\"rollover rollover-zoom dt-pswp-item\" title=\"c4e622b2-95ad-4fad-aa19-8ec12b0080be\" data-dt-img-description=\"\" data-large_image_width=\"1920\" data-large_image_height=\"1080\"href='https:\/\/www.radiopiu.net\/wordpress\/wp-content\/uploads\/2023\/03\/c4e622b2-95ad-4fad-aa19-8ec12b0080be.jpg'><img loading=\"lazy\" decoding=\"async\" width=\"300\" height=\"169\" src=\"https:\/\/www.radiopiu.net\/wordpress\/wp-content\/uploads\/2023\/03\/c4e622b2-95ad-4fad-aa19-8ec12b0080be-300x169.jpg\" class=\"attachment-medium size-medium\" alt=\"\" aria-describedby=\"gallery-11-328396\" srcset=\"https:\/\/www.radiopiu.net\/wordpress\/wp-content\/uploads\/2023\/03\/c4e622b2-95ad-4fad-aa19-8ec12b0080be-300x169.jpg 300w, https:\/\/www.radiopiu.net\/wordpress\/wp-content\/uploads\/2023\/03\/c4e622b2-95ad-4fad-aa19-8ec12b0080be-1024x576.jpg 1024w, https:\/\/www.radiopiu.net\/wordpress\/wp-content\/uploads\/2023\/03\/c4e622b2-95ad-4fad-aa19-8ec12b0080be-768x432.jpg 768w, https:\/\/www.radiopiu.net\/wordpress\/wp-content\/uploads\/2023\/03\/c4e622b2-95ad-4fad-aa19-8ec12b0080be-1536x864.jpg 1536w, https:\/\/www.radiopiu.net\/wordpress\/wp-content\/uploads\/2023\/03\/c4e622b2-95ad-4fad-aa19-8ec12b0080be.jpg 1920w\" sizes=\"auto, (max-width: 300px) 100vw, 300px\" \/><\/a>\n\t\t\t\t<\/dt>\n\t\t\t\t\t<dd class='wp-caption-text gallery-caption' id='gallery-11-328396'>\n\t\t\t\t\tVINCENZO VITIGLIANO alla memoria\n\t\t\t\t\t<\/dd><\/dl><dl class='gallery-item'>\n\t\t\t\t<dt class='gallery-icon landscape'>\n\t\t\t\t\t<a class=\"rollover rollover-zoom dt-pswp-item\" title=\"c895f411-1d62-41c8-bbc2-ed7534d480f1\" data-dt-img-description=\"\" data-large_image_width=\"1920\" data-large_image_height=\"1080\"href='https:\/\/www.radiopiu.net\/wordpress\/wp-content\/uploads\/2023\/03\/c895f411-1d62-41c8-bbc2-ed7534d480f1.jpg'><img loading=\"lazy\" decoding=\"async\" width=\"300\" height=\"169\" src=\"https:\/\/www.radiopiu.net\/wordpress\/wp-content\/uploads\/2023\/03\/c895f411-1d62-41c8-bbc2-ed7534d480f1-300x169.jpg\" class=\"attachment-medium size-medium\" alt=\"\" aria-describedby=\"gallery-11-328397\" srcset=\"https:\/\/www.radiopiu.net\/wordpress\/wp-content\/uploads\/2023\/03\/c895f411-1d62-41c8-bbc2-ed7534d480f1-300x169.jpg 300w, https:\/\/www.radiopiu.net\/wordpress\/wp-content\/uploads\/2023\/03\/c895f411-1d62-41c8-bbc2-ed7534d480f1-1024x576.jpg 1024w, https:\/\/www.radiopiu.net\/wordpress\/wp-content\/uploads\/2023\/03\/c895f411-1d62-41c8-bbc2-ed7534d480f1-768x432.jpg 768w, https:\/\/www.radiopiu.net\/wordpress\/wp-content\/uploads\/2023\/03\/c895f411-1d62-41c8-bbc2-ed7534d480f1-1536x864.jpg 1536w, https:\/\/www.radiopiu.net\/wordpress\/wp-content\/uploads\/2023\/03\/c895f411-1d62-41c8-bbc2-ed7534d480f1.jpg 1920w\" sizes=\"auto, (max-width: 300px) 100vw, 300px\" \/><\/a>\n\t\t\t\t<\/dt>\n\t\t\t\t\t<dd class='wp-caption-text gallery-caption' id='gallery-11-328397'>\n\t\t\t\t\tVINCENZO VITIGLIANO alla memoria\n\t\t\t\t\t<\/dd><\/dl><br style=\"clear: both\" \/>\n\t\t\t<\/div>\n\n<p>&nbsp;<\/p>\n<p><strong>LA DIRETTA RADIO PIU&#8217;<\/strong><\/p>\n<p>https:\/\/www.facebook.com\/marco.baghy.1\/videos\/613615810179982<\/p>\n<p>&nbsp;<\/p>\n<hr \/>\n<p>&nbsp;<\/p>\n<p>&nbsp;<\/p>\n<h3 class=\"kvgmc6g5 cxmmr5t8 oygrvhab hcukyx3x c1et5uql\"><span style=\"color: #0000ff;\"><strong><a class=\"dt-pswp-item\" href=\"https:\/\/www.radiopiu.net\/wordpress\/wp-content\/uploads\/2023\/03\/337294558_1318138252470427_2002530276568369484_n.jpg\" data-dt-img-description=\"\" data-large_image_width=\"600\" data-large_image_height=\"450\"><img loading=\"lazy\" decoding=\"async\" class=\" wp-image-328567 alignleft\" src=\"https:\/\/www.radiopiu.net\/wordpress\/wp-content\/uploads\/2023\/03\/337294558_1318138252470427_2002530276568369484_n-300x225.jpg\" alt=\"\" width=\"243\" height=\"182\" srcset=\"https:\/\/www.radiopiu.net\/wordpress\/wp-content\/uploads\/2023\/03\/337294558_1318138252470427_2002530276568369484_n-300x225.jpg 300w, https:\/\/www.radiopiu.net\/wordpress\/wp-content\/uploads\/2023\/03\/337294558_1318138252470427_2002530276568369484_n.jpg 600w\" sizes=\"auto, (max-width: 243px) 100vw, 243px\" \/><\/a>RADIO PIU INFORMAZIONE il canale su TELEGRAM informazione di prima\u00a0 <\/strong><strong>mano e in tempo reale. iscriviti ed aiutaci a farlo conoscere\u00a0 \u00a0 \u00a0<\/strong><\/span><\/h3>\n<div dir=\"auto\"><strong>Coppa Polpetta 2023<\/strong><\/div>\n<div dir=\"auto\">vince alla grande con oltre 1500 polpette mangiate in una stagione il gruppo Camping Eden di Falcade capitanato dal fuoriclasse <a class=\"x1i10hfl xjbqb8w x6umtig x1b1mbwd xaqea5y xav7gou x9f619 x1ypdohk xt0psk2 xe8uvvx xdj266r x11i5rnm xat24cr x1mh8g0r xexx8yu x4uap5 x18d9i69 xkhd6sd x16tdsg8 x1hl2dhg xggy1nq x1a2a7pz xt0b8zv x1qq9wsj xo1l8bm\" tabindex=\"0\" role=\"link\" href=\"https:\/\/www.facebook.com\/emanuele.benetti.522?__cft__[0]=AZUy_oun0qihQGM24F6YgqAcPfun-S9r961gaf_Vu940H_UBj2T_YOUPt6-GWN5vauve55eBO21ifhrjjnf8W8rpDfcAr9-JlXDi-ptPseHVqJzyVk7-Pwn1lxCSDB7etcpnWhYS2P2cvjVxm9savzHiqmGxhxQrWJ1l-VmH3hSxfA&amp;__tn__=-]K-R\"><span class=\"xt0psk2\">Emanuele Benetti<\/span><\/a> noto matador abituato a vincere da queste parti.<\/div>\n<div dir=\"auto\">foto Gabriele Michielettro<\/div>\n<div dir=\"auto\"><\/div>\n<div dir=\"auto\"><\/div>\n<div dir=\"auto\"><\/div>\n<div dir=\"auto\">\n\n\t\t\t<style type='text\/css'>\n\t\t\t\t#gallery-12 {\n\t\t\t\t\tmargin: auto;\n\t\t\t\t}\n\t\t\t\t#gallery-12 .gallery-item {\n\t\t\t\t\tfloat: left;\n\t\t\t\t\tmargin-top: 10px;\n\t\t\t\t\ttext-align: center;\n\t\t\t\t\twidth: 50%;\n\t\t\t\t}\n\t\t\t\t#gallery-12 img {\n\t\t\t\t\tborder: 2px solid #cfcfcf;\n\t\t\t\t}\n\t\t\t\t#gallery-12 .gallery-caption {\n\t\t\t\t\tmargin-left: 0;\n\t\t\t\t}\n\t\t\t\t\/* see gallery_shortcode() in wp-includes\/media.php *\/\n\t\t\t<\/style>\n\t\t<div id='gallery-12' class='dt-gallery-container gallery galleryid-328243 gallery-columns-2 gallery-size-thumbnail'><dl class='gallery-item'>\n\t\t\t\t<dt class='gallery-icon portrait'>\n\t\t\t\t\t<a class=\"rollover rollover-zoom dt-pswp-item\" title=\"337860935_1139911360037895_8215691423154280246_n\" data-dt-img-description=\"\" data-large_image_width=\"1200\" data-large_image_height=\"1600\"href='https:\/\/www.radiopiu.net\/wordpress\/wp-content\/uploads\/2023\/03\/337860935_1139911360037895_8215691423154280246_n.jpg'><img loading=\"lazy\" decoding=\"async\" width=\"150\" height=\"150\" src=\"https:\/\/www.radiopiu.net\/wordpress\/wp-content\/uploads\/2023\/03\/337860935_1139911360037895_8215691423154280246_n-150x150.jpg\" class=\"attachment-thumbnail size-thumbnail\" alt=\"\" \/><\/a>\n\t\t\t\t<\/dt><\/dl><dl class='gallery-item'>\n\t\t\t\t<dt class='gallery-icon portrait'>\n\t\t\t\t\t<a class=\"rollover rollover-zoom dt-pswp-item\" title=\"337847611_944009827032380_2561637711087049587_n\" data-dt-img-description=\"\" data-large_image_width=\"541\" data-large_image_height=\"960\"href='https:\/\/www.radiopiu.net\/wordpress\/wp-content\/uploads\/2023\/03\/337847611_944009827032380_2561637711087049587_n.jpg'><img loading=\"lazy\" decoding=\"async\" width=\"150\" height=\"150\" src=\"https:\/\/www.radiopiu.net\/wordpress\/wp-content\/uploads\/2023\/03\/337847611_944009827032380_2561637711087049587_n-150x150.jpg\" class=\"attachment-thumbnail size-thumbnail\" alt=\"\" \/><\/a>\n\t\t\t\t<\/dt><\/dl><br style=\"clear: both\" \/>\n\t\t\t<\/div>\n\n<\/div>\n<div dir=\"auto\"><\/div>\n<div dir=\"auto\"><\/div>\n<hr \/>\n<p>&nbsp;<\/p>\n<blockquote>\n<h3>IL RITORNO DELLA SAGRA DEI FISCIOT<\/h3>\n<\/blockquote>\n<p><strong>BELLUNO<\/strong> Una Belluno in festa per la Sagra Dei Fisciot. La festa di primavera \u00e8 ritornata nel capoluogo di provincia dopo alcuni anni di stop a causa del covid. Il centro di Belluno si \u00e8 animato con tanta gente accorsa tra le bancarelle in una giornata di sole che ha favorito l&#8217;arrivo di gente da tutta la provincia.<\/p>\n<p><strong>L&#8217;ASSESSORE AL TURISMO PAOLO LUCIANI<\/strong><\/p>\n<audio class=\"wp-audio-shortcode\" id=\"audio-328243-4\" preload=\"none\" style=\"width: 100%;\" controls=\"controls\"><source type=\"audio\/mpeg\" src=\"https:\/\/www.radiopiu.net\/wordpress\/wp-content\/uploads\/2023\/03\/Assessore-Luciani_Fiera.mp3?_=4\" \/><a href=\"https:\/\/www.radiopiu.net\/wordpress\/wp-content\/uploads\/2023\/03\/Assessore-Luciani_Fiera.mp3\">https:\/\/www.radiopiu.net\/wordpress\/wp-content\/uploads\/2023\/03\/Assessore-Luciani_Fiera.mp3<\/a><\/audio>\n<p><strong>DILLO A RADIOPIU<\/strong>\u00a0 <em>Bene che l&#8217;amministrazione comunale voglia rilanciare la sagra perch\u00e9 ieri c&#8217;era a spanne met\u00e0 dei banchi rispetto a qualche anno fa (via Simon da cusighe quasi vuota, via Loreto idem, molti posti vuoti in piazza Martiri) e anche i visitatori non abbondavano nonostante di mattina e fino al dopo pranzo il tempo fosse pi\u00f9 che accettabile.<\/em><\/p>\n\n\t\t\t<style type='text\/css'>\n\t\t\t\t#gallery-13 {\n\t\t\t\t\tmargin: auto;\n\t\t\t\t}\n\t\t\t\t#gallery-13 .gallery-item {\n\t\t\t\t\tfloat: left;\n\t\t\t\t\tmargin-top: 10px;\n\t\t\t\t\ttext-align: center;\n\t\t\t\t\twidth: 33%;\n\t\t\t\t}\n\t\t\t\t#gallery-13 img {\n\t\t\t\t\tborder: 2px solid #cfcfcf;\n\t\t\t\t}\n\t\t\t\t#gallery-13 .gallery-caption {\n\t\t\t\t\tmargin-left: 0;\n\t\t\t\t}\n\t\t\t\t\/* see gallery_shortcode() in wp-includes\/media.php *\/\n\t\t\t<\/style>\n\t\t<div id='gallery-13' class='dt-gallery-container gallery galleryid-328243 gallery-columns-3 gallery-size-thumbnail'><dl class='gallery-item'>\n\t\t\t\t<dt class='gallery-icon landscape'>\n\t\t\t\t\t<a class=\"rollover rollover-zoom dt-pswp-item\" title=\"f97c76f9-d253-43df-ba41-cfdbcb3fcef6\" data-dt-img-description=\"\" data-large_image_width=\"2000\" data-large_image_height=\"1500\"href='https:\/\/www.radiopiu.net\/wordpress\/wp-content\/uploads\/2023\/03\/f97c76f9-d253-43df-ba41-cfdbcb3fcef6.jpg'><img loading=\"lazy\" decoding=\"async\" width=\"150\" height=\"150\" src=\"https:\/\/www.radiopiu.net\/wordpress\/wp-content\/uploads\/2023\/03\/f97c76f9-d253-43df-ba41-cfdbcb3fcef6-150x150.jpg\" class=\"attachment-thumbnail size-thumbnail\" alt=\"\" \/><\/a>\n\t\t\t\t<\/dt><\/dl><dl class='gallery-item'>\n\t\t\t\t<dt class='gallery-icon portrait'>\n\t\t\t\t\t<a class=\"rollover rollover-zoom dt-pswp-item\" title=\"fe75149a-8485-4c82-8a54-88d39b8815a5\" data-dt-img-description=\"\" data-large_image_width=\"1500\" data-large_image_height=\"2000\"href='https:\/\/www.radiopiu.net\/wordpress\/wp-content\/uploads\/2023\/03\/fe75149a-8485-4c82-8a54-88d39b8815a5.jpg'><img loading=\"lazy\" decoding=\"async\" width=\"150\" height=\"150\" src=\"https:\/\/www.radiopiu.net\/wordpress\/wp-content\/uploads\/2023\/03\/fe75149a-8485-4c82-8a54-88d39b8815a5-150x150.jpg\" class=\"attachment-thumbnail size-thumbnail\" alt=\"\" \/><\/a>\n\t\t\t\t<\/dt><\/dl><dl class='gallery-item'>\n\t\t\t\t<dt class='gallery-icon landscape'>\n\t\t\t\t\t<a class=\"rollover rollover-zoom dt-pswp-item\" title=\"212067cf-1126-4917-bbd9-7e34eb23d115\" data-dt-img-description=\"\" data-large_image_width=\"2000\" data-large_image_height=\"1500\"href='https:\/\/www.radiopiu.net\/wordpress\/wp-content\/uploads\/2023\/03\/212067cf-1126-4917-bbd9-7e34eb23d115.jpg'><img loading=\"lazy\" decoding=\"async\" width=\"150\" height=\"150\" src=\"https:\/\/www.radiopiu.net\/wordpress\/wp-content\/uploads\/2023\/03\/212067cf-1126-4917-bbd9-7e34eb23d115-150x150.jpg\" class=\"attachment-thumbnail size-thumbnail\" alt=\"\" \/><\/a>\n\t\t\t\t<\/dt><\/dl><br style=\"clear: both\" \/>\n\t\t\t<\/div>\n\n<p>&nbsp;<\/p>\n<hr \/>\n<p>&nbsp;<\/p>\n<blockquote>\n<h3>IL MESSAGGIO DI MAURO CORONA NELL&#8217;ULTIMA GIORNATA DI AGRIMONT<\/h3>\n<\/blockquote>\n<p><strong><a class=\"dt-pswp-item\" href=\"https:\/\/www.radiopiu.net\/wordpress\/wp-content\/uploads\/2023\/03\/Corona-e-Caner-degustando-Apfelstrudel-Gelato-a-Longarone-Fiere.jpg\" data-dt-img-description=\"\" data-large_image_width=\"2000\" data-large_image_height=\"1500\"><img loading=\"lazy\" decoding=\"async\" class=\" wp-image-328521 alignleft\" src=\"https:\/\/www.radiopiu.net\/wordpress\/wp-content\/uploads\/2023\/03\/Corona-e-Caner-degustando-Apfelstrudel-Gelato-a-Longarone-Fiere-300x225.jpg\" alt=\"\" width=\"179\" height=\"134\" srcset=\"https:\/\/www.radiopiu.net\/wordpress\/wp-content\/uploads\/2023\/03\/Corona-e-Caner-degustando-Apfelstrudel-Gelato-a-Longarone-Fiere-300x225.jpg 300w, https:\/\/www.radiopiu.net\/wordpress\/wp-content\/uploads\/2023\/03\/Corona-e-Caner-degustando-Apfelstrudel-Gelato-a-Longarone-Fiere-1024x768.jpg 1024w, https:\/\/www.radiopiu.net\/wordpress\/wp-content\/uploads\/2023\/03\/Corona-e-Caner-degustando-Apfelstrudel-Gelato-a-Longarone-Fiere-768x576.jpg 768w, https:\/\/www.radiopiu.net\/wordpress\/wp-content\/uploads\/2023\/03\/Corona-e-Caner-degustando-Apfelstrudel-Gelato-a-Longarone-Fiere-1536x1152.jpg 1536w, https:\/\/www.radiopiu.net\/wordpress\/wp-content\/uploads\/2023\/03\/Corona-e-Caner-degustando-Apfelstrudel-Gelato-a-Longarone-Fiere.jpg 2000w\" sizes=\"auto, (max-width: 179px) 100vw, 179px\" \/><\/a>LONGARONE <\/strong>\u00abL\u2019agricoltura \u00e8 vita. E lo \u00e8 soprattutto nelle terre alte, dove rappresenta manutenzione, cura, lavoro e sacrificio. Senza contadini la montagna muore\u00bb. Messaggio forte e chiaro quello lanciato da Mauro Corona, ospite d\u2019onore a Longarone Fiere Dolomiti. Nell\u2019ultima giornata di Agrimont lo scrittore ertano, habitu\u00e9 dello spazio fieristico, \u00e8 passato alla Mostra dell\u2019agricoltura di montagna, in cerca di una motosega. \u00c8 arrivato di buon mattino &#8211; bandana in testa &#8211; e ha ricevuto dal presidente di Longarone Fiere Dolomiti e dal sindaco la tessera d\u2019onore. Poi, bagno di folla tra gli stand, in una domenica che ha registrato fin da subito la coda all\u2019ingresso. Tra una foto e l\u2019altra, richiestissimo dai visitatori e dagli standisti di Agrimont, Corona ha parlato del valore dell\u2019agricoltura in generale, e di quella di montagna in particolare.<\/p>\n<p>&nbsp;<\/p>\n<p>&nbsp;<\/p>\n<hr \/>\n<p>&nbsp;<\/p>\n<blockquote>\n<h3><strong>L\u2019INFILTRAZIONE DELLE MAFIE IN EUROPA: A BELLUNO E SOSPIROLO TRE APPUNTAMENTI CON LA GIORNALISTA AMALIA DE SIMONE<\/strong><\/h3>\n<\/blockquote>\n<p><strong>BELLUNO <\/strong>Oggi e domani si svolgeranno a Belluno tre incontri sulla diffusione delle mafie in Europa con la giornalista Amalia De Simone. Le Scuole in Rete, in collaborazione con il Presidio Valbelluna di Libera, hanno infatti organizzato due appuntamenti sul tema: oggi, alle 17.30, presso la Sala Bianchi Eliseo Dal Pont in Viale Fantuzzi (e in diretta streaming sul sito <a href=\"http:\/\/www.studentibelluno.it\">www.studentibelluno.it<\/a>), si terr\u00e0 un incontro dedicato agli insegnanti e a tutta la cittadinanza, mentre domani la giornalista vedr\u00e0 gli studenti, presso l\u2019Istituto Calvi, per parlare di mafie e carcere femminile.<\/p>\n<p>&nbsp;<\/p>\n<p>&nbsp;<\/p>\n<hr \/>\n<p>&nbsp;<\/p>\n<\/div>\n<\/div>\n<\/div>\n<blockquote>\n<h3>PER MALGA FOCA STRADA DI NUOVO PERCORRIBILE<\/h3>\n<\/blockquote>\n<p><strong>LA VALLE\u00a0<\/strong> Revocato il divieto di transito per rischio slavine sulla silvo-pastorale di Malga Foca. Torna dunque percorribile il tratto dal ponte sul Bordina alla seconda curva dopo l\u2019uscita del vallino della Val Cavalera.<\/p>\n<p>&nbsp;<\/p>\n<p>&nbsp;<\/p>\n<hr \/>\n<p>&nbsp;<\/p>\n<blockquote>\n<h3>DODICI PUNTI DA DISCUTERE NEL CONSIGLIO COMUNALE DI ROCCA PIETORE<\/h3>\n<\/blockquote>\n<p><strong>ROCCA PIETORE<\/strong> Il Sindaco di Rocca Pietore Andrea De Bernardin ha convocato i consiglieri comunali per domani alle 18 nella sala consigliare del municipio. Saranno 12 i punti all&#8217;ordine del giorno. Tra questi si discuter\u00e0 del piano delle alienazioni e valorizzazioni del patrimonio immobiliare, una nota di aggiornamento al dup e l&#8217;approvazione del bilancio di previsione 2023-2025. Sono 6 le interrogazioni della minoranza che chiede delucidazioni sulla sistemazione dei cimiteri, la situazione di avanzamento del nuovo impianto che collegher\u00e0 Malga Ciapela alla seggiovia Padon, Il progetto Marmolada Unesco, l&#8217;ammontare della spesa per lo sgombero della neve. Il consigliere Iraci Borgia Mandolini vorr\u00e0 chiarimenti su l&#8217;ospitalit\u00e0 diffusa, lo stato di avanzamento lavori ai Serrai di Sottoguda e l&#8217;offerta scolastica comunale.<\/p>\n<p><strong>di Gianni Santomaso<\/strong><\/p>\n<audio class=\"wp-audio-shortcode\" id=\"audio-328243-5\" preload=\"none\" style=\"width: 100%;\" controls=\"controls\"><source type=\"audio\/mpeg\" src=\"https:\/\/www.radiopiu.net\/wordpress\/wp-content\/uploads\/2023\/03\/GIANNI-CONSIGLIO-COMUNALE-ROCCA.mp3?_=5\" \/><a href=\"https:\/\/www.radiopiu.net\/wordpress\/wp-content\/uploads\/2023\/03\/GIANNI-CONSIGLIO-COMUNALE-ROCCA.mp3\">https:\/\/www.radiopiu.net\/wordpress\/wp-content\/uploads\/2023\/03\/GIANNI-CONSIGLIO-COMUNALE-ROCCA.mp3<\/a><\/audio>\n<p>&nbsp;<\/p>\n<hr \/>\n<p>&nbsp;<\/p>\n<blockquote>\n<h3>IL CONSIGLIO COMUNALE DI CANALE D&#8217;AGORDO<\/h3>\n<\/blockquote>\n<p><strong>CANALE D&#8217;AGORDO<\/strong> \u00c8 stato convocato per gioved\u00ec 30 marzo alle 20 il consiglio comunale di Canale D&#8217;Agordo. Il Sindaco Flavio Colcergnan ha chiamato a rapporto i consiglieri per trattare 9 punti all&#8217;ordine del giorno. Si parler\u00e0 dell&#8217;approvazione delle aliquote IMU, dell&#8217;addizionale comunale, l&#8217;approvazione del DUP e del bilancio di previsione 2023-2025. Inoltre si parler\u00e0 di un mutamento di destinazione di un terreno, del comitato unico di garanzia per le pari opportunit\u00e0 e della convenzione con il gruppo ANA Belluno per il servizio di Protezione Civile.<\/p>\n<p>&nbsp;<\/p>\n<hr \/>\n<p>&nbsp;<\/p>\n<blockquote>\n<h3>LO STATUTO DELL&#8217;ASCA IN CONSIGLIO COMUNALE<\/h3>\n<\/blockquote>\n<p><strong>TAIBON<\/strong> Domani alle 18.30 consiglio comunale convocato dal sindaco Silvia Tormen, in primo piano il Piano Nazionale Ripresa e Resilienza, le modifiche allo statuto dell&#8217;azienda speciale Asca, il recesso del Comune da socio dalla Casa di Soggiorno di Taibon e le comunicazioni del sindaco.<\/p>\n<p><strong>di Gianni Santomaso<\/strong><\/p>\n<audio class=\"wp-audio-shortcode\" id=\"audio-328243-6\" preload=\"none\" style=\"width: 100%;\" controls=\"controls\"><source type=\"audio\/mpeg\" src=\"https:\/\/www.radiopiu.net\/wordpress\/wp-content\/uploads\/2023\/03\/GIANNI-CONSIGLIO-TAIBON.mp3?_=6\" \/><a href=\"https:\/\/www.radiopiu.net\/wordpress\/wp-content\/uploads\/2023\/03\/GIANNI-CONSIGLIO-TAIBON.mp3\">https:\/\/www.radiopiu.net\/wordpress\/wp-content\/uploads\/2023\/03\/GIANNI-CONSIGLIO-TAIBON.mp3<\/a><\/audio>\n<p>&nbsp;<\/p>\n<hr \/>\n<p>&nbsp;<\/p>\n<blockquote>\n<h3><a class=\"dt-pswp-item\" href=\"https:\/\/www.radiopiu.net\/wordpress\/wp-content\/uploads\/2020\/04\/ASCA.png\" data-dt-img-description=\"\" data-large_image_width=\"1211\" data-large_image_height=\"668\"><img loading=\"lazy\" decoding=\"async\" class=\"wp-image-128881 alignleft\" src=\"https:\/\/www.radiopiu.net\/wordpress\/wp-content\/uploads\/2020\/04\/ASCA-300x165.png\" alt=\"\" width=\"156\" height=\"86\" srcset=\"https:\/\/www.radiopiu.net\/wordpress\/wp-content\/uploads\/2020\/04\/ASCA-300x165.png 300w, https:\/\/www.radiopiu.net\/wordpress\/wp-content\/uploads\/2020\/04\/ASCA-1024x565.png 1024w, https:\/\/www.radiopiu.net\/wordpress\/wp-content\/uploads\/2020\/04\/ASCA-768x424.png 768w, https:\/\/www.radiopiu.net\/wordpress\/wp-content\/uploads\/2020\/04\/ASCA.png 1211w\" sizes=\"auto, (max-width: 156px) 100vw, 156px\" \/><\/a>ASCA CERCA OSS E PROPONE WELFARE E BENEFIT<\/h3>\n<\/blockquote>\n<p><strong>AGORDO<\/strong><span id=\"page3R_mcid37\" class=\"markedContent\"><\/span><span id=\"page3R_mcid38\" class=\"markedContent\"> Asca, Azienda Speciale Consortile Agordina cerca Operatori Sanitari da inquadrare con contratto Uneba,\u00a0 <\/span><span id=\"page3R_mcid79\" class=\"markedContent\"><span dir=\"ltr\" role=\"presentation\">\u00a0ASCA prevede<\/span> <span dir=\"ltr\" role=\"presentation\">in aggi<\/span><span dir=\"ltr\" role=\"presentation\">unta<\/span> <span dir=\"ltr\" role=\"presentation\">un<\/span> <span dir=\"ltr\" role=\"presentation\">superminimo annuo pari ad <\/span>\u00a0<span dir=\"ltr\" role=\"presentation\">2.502,39 euro<\/span> <span dir=\"ltr\" role=\"presentation\">lordi<\/span><span dir=\"ltr\" role=\"presentation\">; <\/span><\/span><span id=\"page3R_mcid80\" class=\"markedContent\">\u00a0<span dir=\"ltr\" role=\"presentation\">Accesso Welfare Aziendale<\/span><span dir=\"ltr\" role=\"presentation\">,<\/span> <span dir=\"ltr\" role=\"presentation\">se<\/span><span dir=\"ltr\" role=\"presentation\">condo criteri e valutazioni a seguito accordi sindacali<\/span><span dir=\"ltr\" role=\"presentation\">;\u00a0 <\/span><\/span><span id=\"page3R_mcid81\" class=\"markedContent\">\u00a0<span dir=\"ltr\" role=\"presentation\">Possibi<\/span><span dir=\"ltr\" role=\"presentation\">lit\u00e0 di sistemazione abitativa per un anno a canone agevolato fino a disponibilit\u00e0. Scadenza domande 7 aprile. Info <span id=\"page36R_mcid149\" class=\"markedContent\">043<\/span><span id=\"page36R_mcid150\" class=\"markedContent\">7 6<\/span><span id=\"page36R_mcid151\" class=\"markedContent\">3<\/span><span id=\"page36R_mcid152\" class=\"markedContent\">7<\/span><span id=\"page36R_mcid153\" class=\"markedContent\">5<\/span><span id=\"page36R_mcid154\" class=\"markedContent\">0.<\/span><\/span><\/span><\/p>\n<p>&nbsp;<\/p>\n<p>&nbsp;<\/p>\n<hr \/>\n<p>&nbsp;<\/p>\n<blockquote>\n<h3>DA FRASSENE&#8217; DI VOLTAGO &#8220;L&#8217;INAUGURAZIONE&#8221;<\/h3>\n<\/blockquote>\n<p><strong>DI GIANNI SANTOMASO<\/strong><\/p>\n<audio class=\"wp-audio-shortcode\" id=\"audio-328243-7\" preload=\"none\" style=\"width: 100%;\" controls=\"controls\"><source type=\"audio\/mpeg\" src=\"https:\/\/www.radiopiu.net\/wordpress\/wp-content\/uploads\/2023\/03\/GIANNI-FAMIGLIA-COOP-FRASSENE.mp3?_=7\" \/><a href=\"https:\/\/www.radiopiu.net\/wordpress\/wp-content\/uploads\/2023\/03\/GIANNI-FAMIGLIA-COOP-FRASSENE.mp3\">https:\/\/www.radiopiu.net\/wordpress\/wp-content\/uploads\/2023\/03\/GIANNI-FAMIGLIA-COOP-FRASSENE.mp3<\/a><\/audio>\n<p>&nbsp;<\/p>\n\n\t\t\t<style type='text\/css'>\n\t\t\t\t#gallery-14 {\n\t\t\t\t\tmargin: auto;\n\t\t\t\t}\n\t\t\t\t#gallery-14 .gallery-item {\n\t\t\t\t\tfloat: left;\n\t\t\t\t\tmargin-top: 10px;\n\t\t\t\t\ttext-align: center;\n\t\t\t\t\twidth: 50%;\n\t\t\t\t}\n\t\t\t\t#gallery-14 img {\n\t\t\t\t\tborder: 2px solid #cfcfcf;\n\t\t\t\t}\n\t\t\t\t#gallery-14 .gallery-caption {\n\t\t\t\t\tmargin-left: 0;\n\t\t\t\t}\n\t\t\t\t\/* see gallery_shortcode() in wp-includes\/media.php *\/\n\t\t\t<\/style>\n\t\t<div id='gallery-14' class='dt-gallery-container gallery galleryid-328243 gallery-columns-2 gallery-size-thumbnail'><dl class='gallery-item'>\n\t\t\t\t<dt class='gallery-icon landscape'>\n\t\t\t\t\t<a class=\"rollover rollover-zoom dt-pswp-item\" title=\"8734c054-5260-4a82-9d77-e79e7589a26a\" data-dt-img-description=\"\" data-large_image_width=\"1600\" data-large_image_height=\"900\"href='https:\/\/www.radiopiu.net\/wordpress\/wp-content\/uploads\/2023\/03\/8734c054-5260-4a82-9d77-e79e7589a26a.jpg'><img loading=\"lazy\" decoding=\"async\" width=\"150\" height=\"150\" src=\"https:\/\/www.radiopiu.net\/wordpress\/wp-content\/uploads\/2023\/03\/8734c054-5260-4a82-9d77-e79e7589a26a-150x150.jpg\" class=\"attachment-thumbnail size-thumbnail\" alt=\"\" \/><\/a>\n\t\t\t\t<\/dt><\/dl><dl class='gallery-item'>\n\t\t\t\t<dt class='gallery-icon landscape'>\n\t\t\t\t\t<a class=\"rollover rollover-zoom dt-pswp-item\" title=\"8a95a657-c96e-4d0b-b525-18bfba957bf8\" data-dt-img-description=\"\" data-large_image_width=\"1600\" data-large_image_height=\"900\"href='https:\/\/www.radiopiu.net\/wordpress\/wp-content\/uploads\/2023\/03\/8a95a657-c96e-4d0b-b525-18bfba957bf8.jpg'><img loading=\"lazy\" decoding=\"async\" width=\"150\" height=\"150\" src=\"https:\/\/www.radiopiu.net\/wordpress\/wp-content\/uploads\/2023\/03\/8a95a657-c96e-4d0b-b525-18bfba957bf8-150x150.jpg\" class=\"attachment-thumbnail size-thumbnail\" alt=\"\" \/><\/a>\n\t\t\t\t<\/dt><\/dl><br style=\"clear: both\" \/>\n\t\t\t<\/div>\n\n<p>&nbsp;<\/p>\n<p><strong>VOLTAGO<\/strong> Sabato alle 11 ha aperto l&#8217;alimentari di Frassen\u00e9, attivit\u00e0\u00a0 stata rilevata dalla Famiglia Cooperative di Primiero. Alla cerimonia interverranno tra gli altri il vicepresidente della Provincia di Trento e assessore alla cooperazione, Mario Tonina e i vertici della cooperazione trentina.<\/p>\n<p>&nbsp;<\/p>\n<p><strong>LA DIRETTA RADIO PIU&#8217;\u00a0<\/strong><\/p>\n<p><strong>VIDEO 1<\/strong><\/p>\n<p>https:\/\/www.facebook.com\/marco.baghy.1\/videos\/222926476944209<\/p>\n<p>&nbsp;<\/p>\n<p><strong>VIDEO 2<\/strong><\/p>\n<p>https:\/\/www.facebook.com\/marco.baghy.1\/videos\/174332355017430<\/p>\n<p>&nbsp;<\/p>\n<hr \/>\n<p>&nbsp;<\/p>\n<h2><span style=\"color: #ff0000;\"><a class=\"dt-pswp-item\" href=\"https:\/\/www.radiopiu.net\/wordpress\/wp-content\/uploads\/2023\/03\/0.png\" data-dt-img-description=\"\" data-large_image_width=\"1931\" data-large_image_height=\"1926\"><img loading=\"lazy\" decoding=\"async\" class=\" wp-image-328535 alignleft\" src=\"https:\/\/www.radiopiu.net\/wordpress\/wp-content\/uploads\/2023\/03\/0-300x300.png\" alt=\"\" width=\"143\" height=\"143\" srcset=\"https:\/\/www.radiopiu.net\/wordpress\/wp-content\/uploads\/2023\/03\/0-300x300.png 300w, https:\/\/www.radiopiu.net\/wordpress\/wp-content\/uploads\/2023\/03\/0-1024x1021.png 1024w, https:\/\/www.radiopiu.net\/wordpress\/wp-content\/uploads\/2023\/03\/0-150x150.png 150w, https:\/\/www.radiopiu.net\/wordpress\/wp-content\/uploads\/2023\/03\/0-768x766.png 768w, https:\/\/www.radiopiu.net\/wordpress\/wp-content\/uploads\/2023\/03\/0-1536x1532.png 1536w, https:\/\/www.radiopiu.net\/wordpress\/wp-content\/uploads\/2023\/03\/0.png 1931w\" sizes=\"auto, (max-width: 143px) 100vw, 143px\" \/><\/a>DAL CORRIERE DELLE ALPI<\/span><\/h2>\n<h2><span style=\"color: #0000ff;\">VIVERE L&#8217;AGORDINO<\/span><\/h2>\n<h3>MARTINO BEDONT E SILVIA SOMMAVILLA, DUE GIOVANI CHE CERCANO DI ANIMARE IN CHIAVE TURISTICA LA LORO FRAZIONE<\/h3>\n<p>di Gianni Santomaso<\/p>\n<p><a class=\"dt-pswp-item\" href=\"https:\/\/www.radiopiu.net\/wordpress\/wp-content\/uploads\/2023\/03\/Senza-nome-82.jpg\" data-dt-img-description=\"\" data-large_image_width=\"556\" data-large_image_height=\"341\"><img loading=\"lazy\" decoding=\"async\" class=\"size-medium wp-image-328570 aligncenter\" src=\"https:\/\/www.radiopiu.net\/wordpress\/wp-content\/uploads\/2023\/03\/Senza-nome-82-300x184.jpg\" alt=\"\" width=\"300\" height=\"184\" srcset=\"https:\/\/www.radiopiu.net\/wordpress\/wp-content\/uploads\/2023\/03\/Senza-nome-82-300x184.jpg 300w, https:\/\/www.radiopiu.net\/wordpress\/wp-content\/uploads\/2023\/03\/Senza-nome-82.jpg 556w\" sizes=\"auto, (max-width: 300px) 100vw, 300px\" \/><\/a><\/p>\n<p>&nbsp;<\/p>\n<hr \/>\n<p>&nbsp;<\/p>\n<blockquote>\n<h3 class=\"entry-title\">VENETO GLI ARTIGIANI SI \u201cARRENDONO\u201d: 33.500 IN MENO IN 10 ANNI<\/h3>\n<\/blockquote>\n<p class=\"photoswipe-wrapper\"><a class=\"dt-pswp-item pspw-wrap-ready\" href=\"https:\/\/www.radiopiu.net\/wordpress\/wp-content\/uploads\/2023\/03\/Schermata-2023-03-25-alle-09.22.03.png\" data-dt-img-description=\"\" data-large_image_width=\"946\" data-large_image_height=\"1620\"><img loading=\"lazy\" decoding=\"async\" class=\"alignleft size-medium wp-image-328279\" src=\"https:\/\/www.radiopiu.net\/wordpress\/wp-content\/uploads\/2023\/03\/Schermata-2023-03-25-alle-09.22.03-175x300.png\" sizes=\"auto, (max-width: 175px) 100vw, 175px\" srcset=\"https:\/\/www.radiopiu.net\/wordpress\/wp-content\/uploads\/2023\/03\/Schermata-2023-03-25-alle-09.22.03-175x300.png 175w, https:\/\/www.radiopiu.net\/wordpress\/wp-content\/uploads\/2023\/03\/Schermata-2023-03-25-alle-09.22.03-598x1024.png 598w, https:\/\/www.radiopiu.net\/wordpress\/wp-content\/uploads\/2023\/03\/Schermata-2023-03-25-alle-09.22.03-768x1315.png 768w, https:\/\/www.radiopiu.net\/wordpress\/wp-content\/uploads\/2023\/03\/Schermata-2023-03-25-alle-09.22.03-897x1536.png 897w, https:\/\/www.radiopiu.net\/wordpress\/wp-content\/uploads\/2023\/03\/Schermata-2023-03-25-alle-09.22.03.png 946w\" alt=\"\" width=\"175\" height=\"300\" \/><\/a>Fiaccati dal boom degli affitti, dalle tasse, dall\u2019insufficiente ricambio generazionale, dalla contrazione del volume d\u2019affari provocato dalla storica concorrenza della grande distribuzione e, da qualche anno, anche dal commercio elettronico, gli artigiani stanno diminuendo in maniera spaventosa. Negli ultimi 10 anni, infatti, anche in Veneto il numero dei titolari, dei soci e dei collaboratori artigiani iscritti all\u2019Inps \u00e8 crollato di 33.552 unit\u00e0 (-17,1 per cento). La contrazione media nazionale, invece, \u00e8 stata pari al -15,1 per cento. E\u2019 un\u2019emorragia continua che sta colpendo, in particolar modo, l\u2019artigianato tradizionale, quello che con la sua presenza, storia e cultura ha contrassegnato, sino a qualche decennio fa, tantissime vie delle nostre citt\u00e0 e dei paesi del nostro Veneto. A dirlo \u00e8 l\u2019Ufficio studi della CGIA.<\/p>\n<p><strong>Male Rovigo, Verona e Belluno<\/strong><br \/>\n<strong>Tra le province venete le situazioni pi\u00f9 critiche hanno interessato Belluno (-1.373 artigiani pari a una contrazione del 17,8 per cento)<\/strong>, Verona (-8.214 pari al -21,6 per cento) e, in particolar modo, Rovigo (-2.187 pari al -22,2 per cento). Pi\u00f9 contenute, ma altrettanto critiche, le situazioni che si sono verificate a Padova (-6.674 pari a -16,8 per cento), Vicenza (-5.975 pari a -16,3 per cento), Venezia (-4.172 pari a -14,5 per cento) e Treviso (-4.957 pari a -14,1 per cento).<\/p>\n<p><strong>Con saracinesche abbassate citt\u00e0 pi\u00f9 insicure<\/strong><br \/>\nBasta osservare con attenzione i quartieri di periferia e i centri storici per accorgersi che sono tantissime le insegne che sono state rimosse e altrettante sono le vetrine non pi\u00f9 allestite, perennemente sporche e con le saracinesche abbassate. Sono un segnale inequivocabile del peggioramento della qualit\u00e0 della vita di molte realt\u00e0 urbane. Le citt\u00e0, infatti, non sono costituite solo da piazze, monumenti, palazzi e nastri d\u2019asfalto, ma, anche, da luoghi di scambio dove le persone si incontrano anche per fare solo due chiacchiere. Queste micro attivit\u00e0 conservano l\u2019identit\u00e0 di una comunit\u00e0 e sono uno straordinario presidio in grado di rafforzare la coesione sociale di un territorio. Insomma, con meno botteghe e negozi di vicinato, diminuiscono i luoghi di socializzazione a dimensione d\u2019uomo e tutto si ingrigisce, rendendo meno vivibili e pi\u00f9 insicure le zone urbane che subiscono queste chiusure, penalizzando soprattutto gli anziani. Non disponendo dell\u2019auto e senza botteghe sottocasa, per molti di loro fare la spesa \u00e8 diventato un grosso problema.<\/p>\n<p class=\"photoswipe-wrapper\"><strong class=\"photoswipe-wrapper\"><a class=\"dt-pswp-item pspw-wrap-ready\" href=\"https:\/\/www.radiopiu.net\/wordpress\/wp-content\/uploads\/2023\/03\/Schermata-2023-03-25-alle-09.22.19.png\" data-dt-img-description=\"\" data-large_image_width=\"1130\" data-large_image_height=\"804\"><img loading=\"lazy\" decoding=\"async\" class=\"alignleft size-medium wp-image-328278\" src=\"https:\/\/www.radiopiu.net\/wordpress\/wp-content\/uploads\/2023\/03\/Schermata-2023-03-25-alle-09.22.19-300x213.png\" sizes=\"auto, (max-width: 300px) 100vw, 300px\" srcset=\"https:\/\/www.radiopiu.net\/wordpress\/wp-content\/uploads\/2023\/03\/Schermata-2023-03-25-alle-09.22.19-300x213.png 300w, https:\/\/www.radiopiu.net\/wordpress\/wp-content\/uploads\/2023\/03\/Schermata-2023-03-25-alle-09.22.19-1024x729.png 1024w, https:\/\/www.radiopiu.net\/wordpress\/wp-content\/uploads\/2023\/03\/Schermata-2023-03-25-alle-09.22.19-768x546.png 768w, https:\/\/www.radiopiu.net\/wordpress\/wp-content\/uploads\/2023\/03\/Schermata-2023-03-25-alle-09.22.19.png 1130w\" alt=\"\" width=\"300\" height=\"213\" \/><\/a>Tanti mestieri a rischio estinzione<\/strong><br \/>\nSono molti i mestieri artigiani in via di estinzione e le cause che hanno provocato questa situazione sono molteplici: innanzitutto sono cambiati i comportamenti d\u2019acquisto dei consumatori,\u00a0<strong>dopodich\u00e9 le nuove tecnologie hanno spinto fuori mercato tante attivit\u00e0 manuali e la cultura dell\u2019usa e getta ha avuto il sopravvento su tutte le altre<\/strong>, penalizzando, in particolar modo, coloro che del riuso e della riparazione di oggetti e attrezzature ne avevano fatto una professione. In sintesi, segnala l\u2019Ufficio studi della CGIA, i mestieri artigiani tradizionali in declino sono:<br \/>\nautoriparatori (verniciatori, battilamiera, meccanici, etc.); calzolai; corniciai; fabbri; falegnami; fotografi; impagliatori; lattonieri; lavasecco; materassai; orafi; orologiai; pellettieri; restauratori; ricamatrici; riparatori di elettrodomestici; sarti; stuccatori; tappezzieri; tipografi; vetrai.<\/p>\n<p class=\"photoswipe-wrapper\"><a class=\"dt-pswp-item pspw-wrap-ready\" href=\"https:\/\/www.radiopiu.net\/wordpress\/wp-content\/uploads\/2023\/03\/Schermata-2023-03-25-alle-09.22.34.png\" data-dt-img-description=\"\" data-large_image_width=\"1130\" data-large_image_height=\"758\"><img loading=\"lazy\" decoding=\"async\" class=\"alignleft size-medium wp-image-328277\" src=\"https:\/\/www.radiopiu.net\/wordpress\/wp-content\/uploads\/2023\/03\/Schermata-2023-03-25-alle-09.22.34-300x201.png\" sizes=\"auto, (max-width: 300px) 100vw, 300px\" srcset=\"https:\/\/www.radiopiu.net\/wordpress\/wp-content\/uploads\/2023\/03\/Schermata-2023-03-25-alle-09.22.34-300x201.png 300w, https:\/\/www.radiopiu.net\/wordpress\/wp-content\/uploads\/2023\/03\/Schermata-2023-03-25-alle-09.22.34-1024x687.png 1024w, https:\/\/www.radiopiu.net\/wordpress\/wp-content\/uploads\/2023\/03\/Schermata-2023-03-25-alle-09.22.34-768x515.png 768w, https:\/\/www.radiopiu.net\/wordpress\/wp-content\/uploads\/2023\/03\/Schermata-2023-03-25-alle-09.22.34.png 1130w\" alt=\"\" width=\"300\" height=\"201\" \/><\/a>Per contro, invece, i settori artigiani che stanno vivendo una fase di espansione importante sono quelli delle aree appartenenti al benessere e all\u2019informatica. Nel primo, ad esempio, si continua a registrare un forte aumento degli acconciatori, degli estetisti, dei massaggiatori e dei tatuatori. Nel secondo, invece, sono in decisa espansione i sistemisti, gli addetti al web marketing, i video maker e gli esperti in social media. Purtroppo, l\u2019aumento di queste attivit\u00e0 \u00e8 insufficiente a compensare il numero delle chiusure presenti nell\u2019artigianato storico, con il risultato che la platea degli artigiani \u00e8 in costante diminuzione.<\/p>\n<p><strong>L\u2019artigianato va tutelato, lo prevede l\u2019Art. 45 della Costituzione<\/strong><\/p>\n<p>Secondo l\u2019Ufficio studi della CGIA, non \u00e8 da escludere che per evitare la desertificazione delle botteghe in atto soprattutto nei centri storici, fra qualche decennio lo Stato dovr\u00e0 sostenere con finanziamenti diretti coloro che vorranno aprire una attivit\u00e0 artigianale o commerciale. Altrimenti sar\u00e0 molto difficile che qualcuno avvii una piccola realt\u00e0 spontaneamente. Prima di arrivare a questo punto di non ritorno, l\u2019artigianato andrebbe tutelato, cos\u00ec come previsto dall\u2019Articolo 45 della Costituzione. Qualche iniziativa interessante \u00e8 stata sperimentata durante il Covid. Molti comuni, ad esempio, si sono fatti carico dei costi per la consegna a domicilio dei prodotti acquistati nei piccoli negozi. Pi\u00f9 in generale, comunque, andrebbero azzerate per queste attivit\u00e0 di prossimit\u00e0 le tasse locali (Imu, Canone patrimoniale unico, Tari, Irpef, etc.) e attivati a livello comunale dei tavoli di concertazione, tra le associazioni di rappresentanza dei proprietari e degli artigiani, con l\u2019obbiettivo di trovare degli accordi che garantiscano ai locatori che aderiscono all\u2019iniziativa la possibilit\u00e0 di beneficiare di una serie di agevolazioni economiche che in parte andrebbero \u201criversate\u201d sul locatario, abbattendogli il canone d\u2019affitto. Per fare tutto questo, ovviamente, lo Stato centrale dovrebbe ogni anno trasferire ai Comuni le risorse necessarie per coprire le spese in capo a questi ultimi.<\/p>\n<p>&nbsp;<\/p>\n<p>&nbsp;<\/p>\n<hr \/>\n<p>&nbsp;<\/p>\n<blockquote>\n<h3>L&#8217;ASSEMBLEA DEL CIRCOLO CULTURALE AGORDINO<\/h3>\n<\/blockquote>\n<p><strong>AGORDO<\/strong> E&#8217; in programma per sabato 1 aprile alle 10 in sala riunioni della Biblioteca Civica di Agordo, l&#8217;assemblea del Circolo Culturale Agordino. Si discuter\u00e0 delle linee programmatiche delle attivit\u00e0 del Circolo per il 2023, l&#8217;approvazione del bilancio 2022 e la relazione del bilancio sociale.<\/p>\n<p>&nbsp;<\/p>\n<p>&nbsp;<\/p>\n<hr \/>\n<p>&nbsp;<\/p>\n<blockquote>\n<h3>\u00a0LA GIORNATA ECOLOGICA<\/h3>\n<\/blockquote>\n<p><strong><a class=\"dt-pswp-item\" href=\"https:\/\/www.radiopiu.net\/wordpress\/wp-content\/uploads\/2023\/03\/Senza-nome-67.jpg\" data-dt-img-description=\"\" data-large_image_width=\"196\" data-large_image_height=\"136\"><img loading=\"lazy\" decoding=\"async\" class=\" wp-image-327468 alignleft\" src=\"https:\/\/www.radiopiu.net\/wordpress\/wp-content\/uploads\/2023\/03\/Senza-nome-67.jpg\" alt=\"\" width=\"187\" height=\"130\" \/><\/a><\/strong><\/p>\n<p><strong>CENCENIGHE<\/strong> Domenica 2 aprile giornata ecologica organizzata da Comune e Proloco. Saranno raccolti i rifiuti abbandonati sul territorio (adulti, ragazzi, bambini). Alle 8 ritrovo adulti e assegnazioni di aree di pulizia, 845 ritrovo ragazzi e bambini. 12.30 pranzo per tutti i partecipanti al Nof Filo&#8217;\u00a0 L\u2019attrezzatura necessaria (sacchi, guanti) verr\u00e0 fornita da Valpe Ambiente. Le immondizie saranno poi conferite all\u2019ecocentro dove sar\u00e0 allestito un punto di raccolta apposito. In caso di maltempo la giornata sar\u00e0 posticipata a Domenica 16 Aprile. Informazioni, Ervin Lazzarini 347 8802294<\/p>\n<p>&nbsp;<\/p>\n<p>&nbsp;<\/p>\n<hr \/>\n<p>&nbsp;<\/p>\n<h2 style=\"text-align: left;\"><span style=\"color: #000000;\"><em>L&#8217;EVENTO&#8230; 2 APRILE A FALCADE. &#8220;SAVE THE DATE PARTY&#8221;&#8230;OSPITE D&#8217;ECCEZIONE GIORGIO PREZIOSO<\/em><\/span><\/h2>\n<h2 style=\"text-align: left;\"><span style=\"color: #ff0000;\"><a class=\"dt-pswp-item\" href=\"https:\/\/www.radiopiu.net\/wordpress\/wp-content\/uploads\/2023\/03\/713cbcb3-9a98-4c27-90d9-75b73fd49180.jpg\" data-dt-img-description=\"\" data-large_image_width=\"722\" data-large_image_height=\"1024\"><img loading=\"lazy\" decoding=\"async\" class=\"size-medium wp-image-327365 aligncenter\" src=\"https:\/\/www.radiopiu.net\/wordpress\/wp-content\/uploads\/2023\/03\/713cbcb3-9a98-4c27-90d9-75b73fd49180-212x300.jpg\" alt=\"\" width=\"212\" height=\"300\" srcset=\"https:\/\/www.radiopiu.net\/wordpress\/wp-content\/uploads\/2023\/03\/713cbcb3-9a98-4c27-90d9-75b73fd49180-212x300.jpg 212w, https:\/\/www.radiopiu.net\/wordpress\/wp-content\/uploads\/2023\/03\/713cbcb3-9a98-4c27-90d9-75b73fd49180.jpg 722w\" sizes=\"auto, (max-width: 212px) 100vw, 212px\" \/><\/a><\/span><\/h2>\n<p><strong>LO SPOT ALLA RADIO<\/strong><\/p>\n<audio class=\"wp-audio-shortcode\" id=\"audio-328243-8\" preload=\"none\" style=\"width: 100%;\" controls=\"controls\"><source type=\"audio\/mpeg\" src=\"https:\/\/www.radiopiu.net\/wordpress\/wp-content\/uploads\/2023\/03\/rifugio-laresei-save-the-date-c_2.mp3?_=8\" \/><a href=\"https:\/\/www.radiopiu.net\/wordpress\/wp-content\/uploads\/2023\/03\/rifugio-laresei-save-the-date-c_2.mp3\">https:\/\/www.radiopiu.net\/wordpress\/wp-content\/uploads\/2023\/03\/rifugio-laresei-save-the-date-c_2.mp3<\/a><\/audio>\n<p>&nbsp;<\/p>\n<hr \/>\n<p>&nbsp;<\/p>\n<blockquote>\n<h3>L&#8217;ASSEMBLEA DELLA CROCE BIANCA DI LIVINALLONGO<\/h3>\n<\/blockquote>\n<p><strong>LIVINALLONGO<\/strong> E&#8217; in programma il 14 aprile alle 19:30\u00a0 l&#8217;assemblea generale della Croce Bianca Livinallongo. I soci si ritroveranno alla sala Bo\u00e8 di Arabba per parlare del resoconto delle attivit\u00e0 dello scorso anno, l&#8217;elezione dei delegati e l&#8217;intervento del responsabile gruppo giovani. L&#8217;occasione anche per consegnare le onorificenze e per un momento conviviale.<\/p>\n<p>&nbsp;<\/p>\n<p>&nbsp;<\/p>\n<hr \/>\n<p>&nbsp;<\/p>\n<blockquote>\n<h3>A PASQUA IL MERCATINO DI ARTE E SAPORI AD ALLEGHE<\/h3>\n<\/blockquote>\n<p><strong>ALLEGHE<\/strong> Trascorrete la Pasqua sul lungolago di Alleghe. Dal 7 aprile a Pasquetta il mercatino di Arte e sapori vi aspetta. Colori profumi artigianato, curiosit\u00e0, e tipicit\u00e0 regionali . Troverete fritture di pesce, panini con porchetta, salumi, formaggi, olive, taralli, gastronomia siciliana e anche frittelle e caramelle, ammirando curiosit\u00e0 artigianali. Dal 7 aprile a Pasquetta il mercatino di arti e sapori vi aspetta<\/p>\n<p>&nbsp;<\/p>\n<p>&nbsp;<\/p>\n<hr \/>\n<p>&nbsp;<\/p>\n<blockquote>\n<h3>L&#8217;ASSEMBLEA DEL COMITATO DI GEMELLAGGIO DI AGORDO<\/h3>\n<\/blockquote>\n<p><strong>AGORDO<\/strong> \u00c8 in programma per mercoled\u00ec 29 marzo alle 20:30 nella saletta del Bar Schenot l&#8217;assemblea annuale del Comitato di Gemellaggio di Agordo. Tra i punti da discutere la rendicontazione del 2022 e l&#8217;approvazione del bilancio, il rinnovo del tesseramento e il viaggio a Dolomieu dal 28 aprile al 1 maggio.<\/p>\n<p>&nbsp;<\/p>\n<p>&nbsp;<\/p>\n<hr \/>\n<p>&nbsp;<\/p>\n<blockquote class=\"wp-embedded-content\" data-secret=\"USEDdeGJ7u\"><p><a href=\"https:\/\/www.radiopiu.net\/wordpress\/sui-domini-collettivi-ossia-i-cosiddetti-usi-civici-le-regole-altri-quinta-parte\/\">SUI DOMINI COLLETTIVI OSSIA I COSIDDETTI USI CIVICI, LE REGOLE &#038; ALTRI \u2013 QUINTA PARTE<\/a><\/p><\/blockquote>\n<p><iframe loading=\"lazy\" class=\"wp-embedded-content\" sandbox=\"allow-scripts\" security=\"restricted\" style=\"position: absolute; clip: rect(1px, 1px, 1px, 1px);\" title=\"&#8220;SUI DOMINI COLLETTIVI OSSIA I COSIDDETTI USI CIVICI, LE REGOLE &#038; ALTRI \u2013 QUINTA PARTE&#8221; &#8212; Radio Pi\u00f9\" src=\"https:\/\/www.radiopiu.net\/wordpress\/sui-domini-collettivi-ossia-i-cosiddetti-usi-civici-le-regole-altri-quinta-parte\/embed\/#?secret=4issA958yk#?secret=USEDdeGJ7u\" data-secret=\"USEDdeGJ7u\" width=\"600\" height=\"338\" frameborder=\"0\" marginwidth=\"0\" marginheight=\"0\" scrolling=\"no\"><\/iframe><\/p>\n<p>&nbsp;<\/p>\n<hr \/>\n<p>&nbsp;<\/p>\n<blockquote>\n<h3>BELLUNO. SANTA CROCE TRA LE CHIESE SCOMPARSE RICORDATE NEL LIBRO (1977) DI DAL MAS-GIACOBBI<\/h3>\n<\/blockquote>\n<p><strong>di Renato Bona<\/strong><\/p>\n<p>Era il gennaio 1977 quando, per i tipi della Tipografia Piave, l\u2019Istituto bellunese di ricerche sociali e culturali dava alle stampe il libro \u201cChiese scomparse di Belluno\u201d, frutto di appassionate ricerche dell\u2019architetto Mario Dal Mas e di don Attilio Giacobbi. In precedenti servizi ci siamo occupati della \u201crilettura\u201d dei capitoli dedicati alla chiesa di San Lucano prima e di Sant\u2019Andrea poi. In questa circostanza ci soffermiamo su quello riservato a Santa Croce, che si apre proponendo una tavola che sotto il titolo \u201cLa chiesa di S, Croce con le sue adiacenze\u201d spiega: \u201cAngolo di S. Croce, da un dipinto della fine del \u2018700, che corrisponde alla descrizione del catastico del 1576. Intorno alla porta nord della chiesa alcune sculture, il campanile con l\u2019orologio, il prato del cimitero e la stradina verso la casa del Priore; a destra il muro divisorio con la propriet\u00e0 della famiglia Ponte; a sinistra il palazzetto medievale della Scola, gli orti affittati ai Colle e ai Regozza; dietro il campo de la vigna che si estendeva fino alle mura merlate della citt\u00e0\u201d. Ancora Dal Mas-Giacobbi: \u201cTra la piazza dove termina via Mezzaterra e le mura meridionali della Citt\u00e0, si vede bene l\u2019edificio della Chiesa col campanile, il cimitero davanti la strada che lo attraversa fino alla porta laterale, l\u2019edicola medievale e forse una tomba monumentale sulla parte settentrionale. In evidenza sulla sinistra il palazzetto medievale di propriet\u00e0 della Scola, sulla destra il muro che divide da casa Ponte la via che porta alla facciata e alla casa del Priore, unica ancora esistente. Non si vedono la sagrestia e la Scola dalla parte del brolo n\u00e9 la fontan circolare della piazza, oggi sistemata allla meglio in disparte\u201d. Per quanto concerne l\u2019architettura, i due autori rammentano che nell\u2019anno 1365 \u201cfu edificata in Cividale la chiesa di S. Croce della Disciplina nella contrada Ruvo dalla Fratalea de ditta Scola. La consacrazione avvenne il 26 aprile del 1368\u201d. E spiegano che &#8211; costituisce il limite del costruito all\u2019interno delle mura urbane, il fine e fondale dell\u2019ultimo tratto della via Mezzaterra formava quasi una barriera, ed un invito a cambiare direzione per raggiungere la contrada di Ruvo per discendere da l\u00ec alla porta meridionale della citt\u00e0\u201d. Una scelta, in quel lontano 300 assai ben meditata. Con la citt\u00e0 ancora divisa da fazioni in continua lotta fra loro &#8211; sostengono Dal Mas-Giacobbi &#8211; si vuole erigere la chiesa a Patrona della propria contrada. Aggiungono poi che: \u201cdi ragguardevoli dimensioni per le sue antiche origini, di lunghezza passi 16 (m. 27,89) e larghezza passi 7 (circa m. 13,15) \u00e8 stata concepita non soltanto come chiesa cittadina, per servire cio\u00e8 alla contrada, ma anche per essere utilizzata come punto religioso di accoglimento per un numero maggiore di fedeli nel caso di calamit\u00e0 belliche\u201d. Per quanto riguarda l\u2019interno si legge che la grande sala \u00e8 coperta con capriate a vista e vano presbiteriale, sollevato di due gradini rispetto al pavimento lastricato da quadroni di marmo, coperto a volta e distinto dalla chiesa sopra il gradino. Santa Croce, con i suoi cinque altari, \u00e8 ricordata per le sue opere d\u2019arte fra le quali \u201cuna custodia dorata custodita dalli quattro evangelisti d\u2019intaglio del Sior Andrea Brustolon Bellunese vivente: vi \u00e8 la Reliquia di S. Verissimo martire in un vaso d\u2019argento, col suo cristallo trasparente di cui la Scola andava fiera; era stata donata dal Sig. Giovanni Pastori e l\u2019Autentica si custodiva nell\u2019Archivio della Scola . Ma il \u201cquadro sopra ogni altro ammirabile e dai pi\u00f9 intelligenti pregiato era vicino all\u2019Altar di S. Lucia sopra la porta del campanile: una bellissima pittura del \u201cMartirio di S. Lucia\u201d, dipinta da Paolo Veronese. Concludiamo ricordando che \u201cSulle pareti della chiesa si scoprono espressi in dieci gran quadri da valorosi pennelli i misteri della nostra Redenzione\u201d: cio\u00e8 1 la \u201cCena di Ges\u00f9 Cristo\u201d, 2. il \u201cBacio di Giuda\u201d, 3 la \u201cCattura del Redentore\u201d (di Antonio Aliense), 4 Ges\u00f9 Cristo davanti a Pilato\u201d di Domenico Tintoretto, 5. \u201cFlagellazione\u201d del gi\u00e0 detto Aliense, 6 \u201cCoronazione di Spine\u201d di Domenico Tintoretto, 7 il \u201cPortar della Croce\u201d di Carletto Caliari, 8, la \u201cCrocifissione\u201d di Giacomo Palma il giovane, 9 la \u201cDeposizione dalla Croce\u201d di Andrea Vicentino, 10 la \u201cResurrezione\u201d di Paolo Fiammingo. Il Notaio del 1723 dice solo che \u201cQuesti quadri cuoprono le muraglie di tutta la chiesa, con cornici d\u2019intaglio dorate\u201d.<\/p>\n\n\t\t\t<style type='text\/css'>\n\t\t\t\t#gallery-15 {\n\t\t\t\t\tmargin: auto;\n\t\t\t\t}\n\t\t\t\t#gallery-15 .gallery-item {\n\t\t\t\t\tfloat: left;\n\t\t\t\t\tmargin-top: 10px;\n\t\t\t\t\ttext-align: center;\n\t\t\t\t\twidth: 33%;\n\t\t\t\t}\n\t\t\t\t#gallery-15 img {\n\t\t\t\t\tborder: 2px solid #cfcfcf;\n\t\t\t\t}\n\t\t\t\t#gallery-15 .gallery-caption {\n\t\t\t\t\tmargin-left: 0;\n\t\t\t\t}\n\t\t\t\t\/* see gallery_shortcode() in wp-includes\/media.php *\/\n\t\t\t<\/style>\n\t\t<div id='gallery-15' class='dt-gallery-container gallery galleryid-328243 gallery-columns-3 gallery-size-thumbnail'><dl class='gallery-item'>\n\t\t\t\t<dt class='gallery-icon portrait'>\n\t\t\t\t\t<a class=\"rollover\" href='https:\/\/www.radiopiu.net\/wordpress\/belluno-santa-croce-tra-le-chiese-scomparse-ricordate-nel-libro-1977-di-dal-mas-giacobbi\/334893285_6191147004269280_4997939139143354432_n\/'><img loading=\"lazy\" decoding=\"async\" width=\"150\" height=\"150\" src=\"https:\/\/www.radiopiu.net\/wordpress\/wp-content\/uploads\/2023\/03\/334893285_6191147004269280_4997939139143354432_n-150x150.jpg\" class=\"attachment-thumbnail size-thumbnail\" alt=\"\" \/><\/a>\n\t\t\t\t<\/dt><\/dl><dl class='gallery-item'>\n\t\t\t\t<dt class='gallery-icon landscape'>\n\t\t\t\t\t<a class=\"rollover\" href='https:\/\/www.radiopiu.net\/wordpress\/belluno-santa-croce-tra-le-chiese-scomparse-ricordate-nel-libro-1977-di-dal-mas-giacobbi\/334894595_214052971303772_2584209304005157571_n\/'><img loading=\"lazy\" decoding=\"async\" width=\"150\" height=\"150\" src=\"https:\/\/www.radiopiu.net\/wordpress\/wp-content\/uploads\/2023\/03\/334894595_214052971303772_2584209304005157571_n-150x150.jpg\" class=\"attachment-thumbnail size-thumbnail\" alt=\"\" \/><\/a>\n\t\t\t\t<\/dt><\/dl><dl class='gallery-item'>\n\t\t\t\t<dt class='gallery-icon portrait'>\n\t\t\t\t\t<a class=\"rollover\" href='https:\/\/www.radiopiu.net\/wordpress\/belluno-santa-croce-tra-le-chiese-scomparse-ricordate-nel-libro-1977-di-dal-mas-giacobbi\/329183341_251382790579871_6159004228923716159_n\/'><img loading=\"lazy\" decoding=\"async\" width=\"150\" height=\"150\" src=\"https:\/\/www.radiopiu.net\/wordpress\/wp-content\/uploads\/2023\/03\/329183341_251382790579871_6159004228923716159_n-150x150.jpg\" class=\"attachment-thumbnail size-thumbnail\" alt=\"\" \/><\/a>\n\t\t\t\t<\/dt><\/dl><br style=\"clear: both\" \/><dl class='gallery-item'>\n\t\t\t\t<dt class='gallery-icon landscape'>\n\t\t\t\t\t<a class=\"rollover\" href='https:\/\/www.radiopiu.net\/wordpress\/belluno-santa-croce-tra-le-chiese-scomparse-ricordate-nel-libro-1977-di-dal-mas-giacobbi\/334895610_754830669529601_8228460490584935367_n\/'><img loading=\"lazy\" decoding=\"async\" width=\"150\" height=\"150\" src=\"https:\/\/www.radiopiu.net\/wordpress\/wp-content\/uploads\/2023\/03\/334895610_754830669529601_8228460490584935367_n-150x150.jpg\" class=\"attachment-thumbnail size-thumbnail\" alt=\"\" \/><\/a>\n\t\t\t\t<\/dt><\/dl><dl class='gallery-item'>\n\t\t\t\t<dt class='gallery-icon landscape'>\n\t\t\t\t\t<a class=\"rollover\" href='https:\/\/www.radiopiu.net\/wordpress\/belluno-santa-croce-tra-le-chiese-scomparse-ricordate-nel-libro-1977-di-dal-mas-giacobbi\/334882921_1748139708914507_8063513363373416067_n\/'><img loading=\"lazy\" decoding=\"async\" width=\"150\" height=\"150\" src=\"https:\/\/www.radiopiu.net\/wordpress\/wp-content\/uploads\/2023\/03\/334882921_1748139708914507_8063513363373416067_n-150x150.jpg\" class=\"attachment-thumbnail size-thumbnail\" alt=\"\" \/><\/a>\n\t\t\t\t<\/dt><\/dl><dl class='gallery-item'>\n\t\t\t\t<dt class='gallery-icon landscape'>\n\t\t\t\t\t<a class=\"rollover\" href='https:\/\/www.radiopiu.net\/wordpress\/belluno-santa-croce-tra-le-chiese-scomparse-ricordate-nel-libro-1977-di-dal-mas-giacobbi\/334885659_147525274911830_205162496238879863_n\/'><img loading=\"lazy\" decoding=\"async\" width=\"150\" height=\"150\" src=\"https:\/\/www.radiopiu.net\/wordpress\/wp-content\/uploads\/2023\/03\/334885659_147525274911830_205162496238879863_n-150x150.jpg\" class=\"attachment-thumbnail size-thumbnail\" alt=\"\" \/><\/a>\n\t\t\t\t<\/dt><\/dl><br style=\"clear: both\" \/><dl class='gallery-item'>\n\t\t\t\t<dt class='gallery-icon landscape'>\n\t\t\t\t\t<a class=\"rollover\" href='https:\/\/www.radiopiu.net\/wordpress\/belluno-santa-croce-tra-le-chiese-scomparse-ricordate-nel-libro-1977-di-dal-mas-giacobbi\/334890040_776937223774742_2761115873211372154_n\/'><img loading=\"lazy\" decoding=\"async\" width=\"150\" height=\"150\" src=\"https:\/\/www.radiopiu.net\/wordpress\/wp-content\/uploads\/2023\/03\/334890040_776937223774742_2761115873211372154_n-150x150.jpg\" class=\"attachment-thumbnail size-thumbnail\" alt=\"\" \/><\/a>\n\t\t\t\t<\/dt><\/dl><dl class='gallery-item'>\n\t\t\t\t<dt class='gallery-icon portrait'>\n\t\t\t\t\t<a class=\"rollover\" href='https:\/\/www.radiopiu.net\/wordpress\/belluno-santa-croce-tra-le-chiese-scomparse-ricordate-nel-libro-1977-di-dal-mas-giacobbi\/334885392_172450495632460_2557661705818139_n\/'><img loading=\"lazy\" decoding=\"async\" width=\"150\" height=\"150\" src=\"https:\/\/www.radiopiu.net\/wordpress\/wp-content\/uploads\/2023\/03\/334885392_172450495632460_2557661705818139_n-150x150.jpg\" class=\"attachment-thumbnail size-thumbnail\" alt=\"\" \/><\/a>\n\t\t\t\t<\/dt><\/dl><dl class='gallery-item'>\n\t\t\t\t<dt class='gallery-icon portrait'>\n\t\t\t\t\t<a class=\"rollover\" href='https:\/\/www.radiopiu.net\/wordpress\/belluno-santa-croce-tra-le-chiese-scomparse-ricordate-nel-libro-1977-di-dal-mas-giacobbi\/334888888_790268125316951_2277349211471181514_n\/'><img loading=\"lazy\" decoding=\"async\" width=\"150\" height=\"150\" src=\"https:\/\/www.radiopiu.net\/wordpress\/wp-content\/uploads\/2023\/03\/334888888_790268125316951_2277349211471181514_n-150x150.jpg\" class=\"attachment-thumbnail size-thumbnail\" alt=\"\" \/><\/a>\n\t\t\t\t<\/dt><\/dl><br style=\"clear: both\" \/>\n\t\t\t<\/div>\n\n<p>&nbsp;<\/p>\n<p>NELLE FOTO (riproduzioni dal libro \u201cChiese scomparse di Belluno\u201d): dipinto di fine Settecento; particolare ingrandito della chiesa di Santa Croce desunto da incisione di F. Monaco; Santa Croce ad inizio 1800 tratta dal catasto napoleonico; la canonica e la casa del Priore; la chiesa nell\u2019incisione di F. Bertelli del 1629; il palazzetto medievale sede della Scola della Disciplina nel 1955 poi demolito; pala dipinta da Francesco Vecellio, fratello di Tiziano (oggi al Museo civico di Belluno); calco in gesso della Madonna con Bambino; particolare della copertina in cuoio del messale 59.<\/p>\n<p>&nbsp;<\/p>\n<p>&nbsp;<\/p>\n<hr \/>\n<p>&nbsp;<\/p>\n<h2><strong><a class=\"dt-pswp-item\" href=\"https:\/\/www.radiopiu.net\/wordpress\/wp-content\/uploads\/2020\/12\/DON-GIORGIO-LISE.jpg\" data-dt-img-description=\"\" data-large_image_width=\"1600\" data-large_image_height=\"901\"><img loading=\"lazy\" decoding=\"async\" class=\" wp-image-177420 alignleft\" src=\"https:\/\/www.radiopiu.net\/wordpress\/wp-content\/uploads\/2020\/12\/DON-GIORGIO-LISE-300x169.jpg\" alt=\"\" width=\"211\" height=\"119\" srcset=\"https:\/\/www.radiopiu.net\/wordpress\/wp-content\/uploads\/2020\/12\/DON-GIORGIO-LISE-300x169.jpg 300w, https:\/\/www.radiopiu.net\/wordpress\/wp-content\/uploads\/2020\/12\/DON-GIORGIO-LISE-1024x577.jpg 1024w, https:\/\/www.radiopiu.net\/wordpress\/wp-content\/uploads\/2020\/12\/DON-GIORGIO-LISE-768x432.jpg 768w, https:\/\/www.radiopiu.net\/wordpress\/wp-content\/uploads\/2020\/12\/DON-GIORGIO-LISE-1536x865.jpg 1536w, https:\/\/www.radiopiu.net\/wordpress\/wp-content\/uploads\/2020\/12\/DON-GIORGIO-LISE.jpg 1600w\" sizes=\"auto, (max-width: 211px) 100vw, 211px\" \/><\/a><\/strong><span style=\"color: #800080;\">DUE MINUTI PER TE<\/span><\/h2>\n<p><strong>APPUNTAMENTO DELLA DOMENICA CON IL PENSIERO DI MONSIGNOR GIORGIO LISE<\/strong><\/p>\n<audio class=\"wp-audio-shortcode\" id=\"audio-328243-9\" preload=\"none\" style=\"width: 100%;\" controls=\"controls\"><source type=\"audio\/mpeg\" src=\"https:\/\/www.radiopiu.net\/wordpress\/wp-content\/uploads\/2023\/03\/DON-GIORGIO-3.mp3?_=9\" \/><a href=\"https:\/\/www.radiopiu.net\/wordpress\/wp-content\/uploads\/2023\/03\/DON-GIORGIO-3.mp3\">https:\/\/www.radiopiu.net\/wordpress\/wp-content\/uploads\/2023\/03\/DON-GIORGIO-3.mp3<\/a><\/audio>\n<p>&nbsp;<\/p>\n<hr \/>\n<p>&nbsp;<\/p>\n<div>\n<div class=\"b654a4as d2edcug0\">\n<div class=\"rq0escxv hkbzh7o3 jwdofwj8 n8tt0mok r8blr3vg hyh9befq\">\n<p><a class=\"dt-pswp-item\" href=\"https:\/\/www.radiopiu.net\/wordpress\/wp-content\/uploads\/2020\/10\/pp.jpg\" data-dt-img-description=\"\" data-large_image_width=\"640\" data-large_image_height=\"640\"><img loading=\"lazy\" decoding=\"async\" class=\"wp-image-163678 alignleft\" src=\"https:\/\/www.radiopiu.net\/wordpress\/wp-content\/uploads\/2020\/10\/pp-300x300.jpg\" alt=\"\" width=\"106\" height=\"106\" srcset=\"https:\/\/www.radiopiu.net\/wordpress\/wp-content\/uploads\/2020\/10\/pp-300x300.jpg 300w, https:\/\/www.radiopiu.net\/wordpress\/wp-content\/uploads\/2020\/10\/pp-150x150.jpg 150w, https:\/\/www.radiopiu.net\/wordpress\/wp-content\/uploads\/2020\/10\/pp-125x125.jpg 125w, https:\/\/www.radiopiu.net\/wordpress\/wp-content\/uploads\/2020\/10\/pp-200x200.jpg 200w, https:\/\/www.radiopiu.net\/wordpress\/wp-content\/uploads\/2020\/10\/pp-80x80.jpg 80w, https:\/\/www.radiopiu.net\/wordpress\/wp-content\/uploads\/2020\/10\/pp-480x480.jpg 480w, https:\/\/www.radiopiu.net\/wordpress\/wp-content\/uploads\/2020\/10\/pp.jpg 640w\" sizes=\"auto, (max-width: 106px) 100vw, 106px\" \/><\/a><\/p>\n<\/div>\n<\/div>\n<\/div>\n<div>\n<div class=\"page-title-head hgroup\">\n<div class=\"page-title-head hgroup\">\n<div class=\"b654a4as d2edcug0\">\n<div class=\"j83agx80 btwxx1t3 lhclo0ds hop8lmos nkwizq5d scwd0bx6 roh60bw9\">\n<div class=\"rq0escxv hkbzh7o3 jwdofwj8 n8tt0mok r8blr3vg hyh9befq\">\n<div class=\"do00u71z l9j0dhe7 k4urcfbm\" style=\"text-align: left;\">\n<h2><span style=\"color: #000080;\">DON CESARE, IL PENSIERO DEL GIORNO. ALLA RADIO ALLE 7 DEL MATTINO E ALLE 19.30 DELLA SERA\u00a0<\/span><\/h2>\n<audio class=\"wp-audio-shortcode\" id=\"audio-328243-10\" preload=\"none\" style=\"width: 100%;\" controls=\"controls\"><source type=\"audio\/mpeg\" src=\"https:\/\/www.radiopiu.net\/wordpress\/wp-content\/uploads\/2023\/03\/CESARE-21.mp3?_=10\" \/><a href=\"https:\/\/www.radiopiu.net\/wordpress\/wp-content\/uploads\/2023\/03\/CESARE-21.mp3\">https:\/\/www.radiopiu.net\/wordpress\/wp-content\/uploads\/2023\/03\/CESARE-21.mp3<\/a><\/audio>\n<\/div>\n<\/div>\n<\/div>\n<\/div>\n<\/div>\n<\/div>\n<\/div>\n<p>&nbsp;<\/p>\n<hr \/>\n<p>&nbsp;<\/p>\n<h2><span style=\"color: #ff00ff;\">IN VIVO VERSO\u00a0 \u00a0 \u00a0<\/span><\/h2>\n<div dir=\"auto\">\n<div dir=\"auto\">\n<div dir=\"auto\">\n<div dir=\"auto\">\n<div dir=\"auto\">\n<div dir=\"auto\">\n<p><strong>LA RACCOLTA COMPLETA<\/strong><\/p>\n<blockquote class=\"wp-embedded-content\" data-secret=\"Mjt5XhWdrf\"><p><a href=\"https:\/\/www.radiopiu.net\/wordpress\/in-vivo-verso\/\">In Vivo Verso<\/a><\/p><\/blockquote>\n<p><iframe loading=\"lazy\" class=\"wp-embedded-content\" sandbox=\"allow-scripts\" security=\"restricted\" style=\"position: absolute; clip: rect(1px, 1px, 1px, 1px);\" title=\"&#8220;In Vivo Verso&#8221; &#8212; Radio Pi\u00f9\" src=\"https:\/\/www.radiopiu.net\/wordpress\/in-vivo-verso\/embed\/#?secret=1Iv5tmnkur#?secret=Mjt5XhWdrf\" data-secret=\"Mjt5XhWdrf\" width=\"600\" height=\"338\" frameborder=\"0\" marginwidth=\"0\" marginheight=\"0\" scrolling=\"no\"><\/iframe><\/p>\n<\/div>\n<\/div>\n<\/div>\n<\/div>\n<\/div>\n<\/div>\n<p>&nbsp;<\/p>\n<hr \/>\n<p>&nbsp;<\/p>\n<h2><span style=\"color: #008080;\">GOCCE DI FILOSOFIA\u00a0<\/span><\/h2>\n<p>LA RACCOLTA COMPLETA<\/p>\n<blockquote class=\"wp-embedded-content\" data-secret=\"g7uGhrOAvF\"><p><a href=\"https:\/\/www.radiopiu.net\/wordpress\/gocce-filosofia\/\">Gocce di filosofia,  LA TERZA STAGIONE&#8230; 2023<\/a><\/p><\/blockquote>\n<p><iframe loading=\"lazy\" class=\"wp-embedded-content\" sandbox=\"allow-scripts\" security=\"restricted\" style=\"position: absolute; clip: rect(1px, 1px, 1px, 1px);\" title=\"&#8220;Gocce di filosofia,  LA TERZA STAGIONE&#8230; 2023&#8221; &#8212; Radio Pi\u00f9\" src=\"https:\/\/www.radiopiu.net\/wordpress\/gocce-filosofia\/embed\/#?secret=wszOWyQcrp#?secret=g7uGhrOAvF\" data-secret=\"g7uGhrOAvF\" width=\"600\" height=\"338\" frameborder=\"0\" marginwidth=\"0\" marginheight=\"0\" scrolling=\"no\"><\/iframe><\/p>\n<p>&nbsp;<\/p>\n<p>&nbsp;<\/p>\n<hr \/>\n<p>&nbsp;<\/p>\n<div class=\"column\">\n<p><img loading=\"lazy\" decoding=\"async\" class=\"aligncenter wp-image-61954 size-full\" src=\"https:\/\/www.radiopiu.net\/wordpress\/wp-content\/uploads\/2018\/09\/viabilita.jpeg\" sizes=\"auto, (max-width: 800px) 100vw, 800px\" srcset=\"https:\/\/www.radiopiu.net\/wordpress\/wp-content\/uploads\/2018\/09\/viabilita.jpeg 800w, https:\/\/www.radiopiu.net\/wordpress\/wp-content\/uploads\/2018\/09\/viabilita-300x38.jpeg 300w, https:\/\/www.radiopiu.net\/wordpress\/wp-content\/uploads\/2018\/09\/viabilita-768x96.jpeg 768w\" alt=\"\" width=\"800\" height=\"100\" \/><\/p>\n<p>&nbsp;<\/p>\n<blockquote class=\"wp-embedded-content\" data-secret=\"tHAtqn2RY0\"><p><a href=\"https:\/\/www.radiopiu.net\/wordpress\/viabilita\/\">viabilita<\/a><\/p><\/blockquote>\n<p><iframe loading=\"lazy\" class=\"wp-embedded-content\" sandbox=\"allow-scripts\" security=\"restricted\" style=\"position: absolute; clip: rect(1px, 1px, 1px, 1px);\" title=\"&#8220;viabilita&#8221; &#8212; Radio Pi\u00f9\" src=\"https:\/\/www.radiopiu.net\/wordpress\/viabilita\/embed\/#?secret=irmUYhCkeP#?secret=tHAtqn2RY0\" data-secret=\"tHAtqn2RY0\" width=\"600\" height=\"338\" frameborder=\"0\" marginwidth=\"0\" marginheight=\"0\" scrolling=\"no\"><\/iframe><\/p>\n<div>\n<div dir=\"ltr\">\n<div class=\"gmail_quote\">\n<div dir=\"ltr\">\n<div class=\"gmail_quote\"><\/div>\n<\/div>\n<\/div>\n<\/div>\n<\/div>\n<p>&nbsp;<\/p>\n<hr \/>\n<p>&nbsp;<\/p>\n<p><a class=\"dt-pswp-item\" href=\"https:\/\/www.radiopiu.net\/wordpress\/wp-content\/uploads\/2018\/09\/WhatsApp-Image-2018-09-20-at-16.04.06.jpeg\" data-dt-img-description=\"\" data-large_image_width=\"800\" data-large_image_height=\"100\"><img loading=\"lazy\" decoding=\"async\" class=\"wp-image-61378 size-full aligncenter\" src=\"https:\/\/www.radiopiu.net\/wordpress\/wp-content\/uploads\/2018\/09\/WhatsApp-Image-2018-09-20-at-16.04.06.jpeg\" alt=\"\" width=\"800\" height=\"100\" srcset=\"https:\/\/www.radiopiu.net\/wordpress\/wp-content\/uploads\/2018\/09\/WhatsApp-Image-2018-09-20-at-16.04.06.jpeg 800w, https:\/\/www.radiopiu.net\/wordpress\/wp-content\/uploads\/2018\/09\/WhatsApp-Image-2018-09-20-at-16.04.06-300x38.jpeg 300w, https:\/\/www.radiopiu.net\/wordpress\/wp-content\/uploads\/2018\/09\/WhatsApp-Image-2018-09-20-at-16.04.06-768x96.jpeg 768w\" sizes=\"auto, (max-width: 800px) 100vw, 800px\" \/><\/a><\/p>\n<p>&nbsp;<\/p>\n<\/div>\n<p><center><\/center><center><\/center><center><\/center><center><b>OGGI<\/b><\/center><b>Tempo atteso: <\/b>Fine maltempo a inizio notte sui confini con il Friuli. Al mattino nuvolosit\u00e0 in diminuzione, temporaneamente pi\u00f9 presente sulle Dolomiti, dove un po&#8217; di neve burrascosa potr\u00e0 interessare le cime centro-settentrionali. Nelle ore centrali in poi cielo poco o parzialmente nuvoloso per temporanee nubi di sottovento, prima che il cielo si rassereni del tutto ovunque da met\u00e0 pomeriggio in poi.<br \/>\n<b>Precipitazioni: <\/b>Assenti quasi ovunque (0%), ma non del tutto in quota sulle Dolomiti centro-settentrionali per un po&#8217; di neve burrascosa (40-60%) in mattinata.<br \/>\n<b>Temperature: <\/b>Nelle valli probabili aumenti, prima di un netto calo alla sera. In quota in repentina diminuzione, specie al pomeriggio.<\/p>\n<hr \/>\n<p><center><b>DOMANI<\/b><\/center><b>Tempo atteso: <\/b>Tempo ben soleggiato con cielo terso, aria limpida e ottima visibilit\u00e0, salvo qualche nube di sottovento o velature da met\u00e0 pomeriggio in poi. Il freddo sar\u00e0 onnipresente, addirittura pungente in alta quota, dove la ventilazione determiner\u00e0 un marcato effetto congelante (wind chill).<br \/>\n<b>Precipitazioni: <\/b>Assenti (0%).<br \/>\n<b>Temperature: <\/b>In generale diminuzione a tutte le quote, con diffuse gelate notturne, anche intense in alta montagna e nelle valli innevate.<\/p>\n<hr \/>\n<p><center><b>MERCOLEDI<\/b><\/center>Nuvolosit\u00e0 medio-alta stratiforme al primo mattino, in allontanamento verso levante. In seguito ritorno del sole con cielo generalmente sereno o poco nuvoloso. Rialzo termico, anche molto sensibile in quota.<\/p>\n<hr \/>\n<p><center><b>GIOVEDI<\/b><\/center>Tempo varabile con qualche tratto soleggiato e annuvolamenti irregolari stratiformi, a tratti estesi e associati a qualche pioggia di debole intensit\u00e0 al pomeriggio. La neve cadr\u00e0 sopra i 2300-2500 m. Temperature in ulteriore rialzo.<\/p>\n<p>&nbsp;<\/p>\n<p>&nbsp;<\/p>\n<hr \/>\n<p>&nbsp;<\/p>\n<p><a class=\"dt-pswp-item\" href=\"https:\/\/www.radiopiu.net\/wordpress\/wp-content\/uploads\/2018\/09\/sport.jpg\" data-dt-img-description=\"\" data-large_image_width=\"800\" data-large_image_height=\"100\"><img loading=\"lazy\" decoding=\"async\" class=\"aligncenter wp-image-60761 size-full\" src=\"https:\/\/www.radiopiu.net\/wordpress\/wp-content\/uploads\/2018\/09\/sport.jpg\" alt=\"\" width=\"800\" height=\"100\" srcset=\"https:\/\/www.radiopiu.net\/wordpress\/wp-content\/uploads\/2018\/09\/sport.jpg 800w, https:\/\/www.radiopiu.net\/wordpress\/wp-content\/uploads\/2018\/09\/sport-300x38.jpg 300w, https:\/\/www.radiopiu.net\/wordpress\/wp-content\/uploads\/2018\/09\/sport-768x96.jpg 768w\" sizes=\"auto, (max-width: 800px) 100vw, 800px\" \/><\/a><\/p>\n<p>&nbsp;<\/p>\n<p><span style=\"color: #0000ff;\"><strong>CALCIO<\/strong><\/span><\/p>\n<blockquote>\n<h3>IL SAN MICHELE SALSA CALA IL POKER CON L&#8217;AGORDINA<\/h3>\n<\/blockquote>\n<p><strong><a class=\"dt-pswp-item\" href=\"https:\/\/www.radiopiu.net\/wordpress\/wp-content\/uploads\/2023\/02\/CALCIO-PALLONE.png\" data-dt-img-description=\"\" data-large_image_width=\"769\" data-large_image_height=\"495\"><img loading=\"lazy\" decoding=\"async\" class=\" wp-image-322076 alignleft\" src=\"https:\/\/www.radiopiu.net\/wordpress\/wp-content\/uploads\/2023\/02\/CALCIO-PALLONE-300x193.png\" alt=\"\" width=\"179\" height=\"115\" srcset=\"https:\/\/www.radiopiu.net\/wordpress\/wp-content\/uploads\/2023\/02\/CALCIO-PALLONE-300x193.png 300w, https:\/\/www.radiopiu.net\/wordpress\/wp-content\/uploads\/2023\/02\/CALCIO-PALLONE.png 769w\" sizes=\"auto, (max-width: 179px) 100vw, 179px\" \/><\/a>di Marco Gaz<\/strong><\/p>\n<p><strong>SECONDA CATEGORIA GIR. T \/ SAN MICHELE SALSA \u2013 AGORDINA 4-1<\/strong><\/p>\n<p>Le speranze sono le ultime a morire e questo l\u2019Agordina lo sa. Come sa che la matematica non \u00e8 un\u2019opinione e che per raggiungere la salvezza matematica serve una serie di combinazioni che solo la dea fortuna pu\u00f2 renderle possibili. La sconfitta con il San Michele Salsa lascia l\u2019ultimo spiraglio alla squadra di Agordo che in terra trevigiana ha giocato bene nel primo tempo per poi crollare nella ripresa. Le occasioni non sono mancate per gli uomini di Chenet ma il portiere di casa ha fatto i miracoli. Inizia con il piede la partita della squadra di Agordo che fin da subito va alla ricerca del vantaggio con De Lazzer. Il San Michele sembra non essere in campo ma si difende bene dalle incursioni avversarie. La squadra di Danilo Chenet abbassa la guardia e nel giro di pochi minuti subisce due reti in rapida successione sulle uniche due azioni da gol della squadra trevigiana. Torna a spingere l\u2019Agordina che impegna l\u2019estremo difensore avversario pi\u00f9 volta. L\u2019occasione pi\u00f9 ghiotta ce l\u2019ha Flavio De Lazzer che sfodera un collo destro che il portiere devia in angolo. Al rientro dalla pausa passano pochi minuti e il San Michele Salsa trova la terza rete della giornata. Sembrano arrendersi i ragazzi di Chenet e infatti subito dopo i padroni di casa calano il poker. La sfida continua con le squadre che non si fanno del male. In pieno recupero la rete della bandiera per i ragazzi di Agordo.<\/p>\n<p>&nbsp;<\/p>\n<p><strong>GIOVANISSIMI PROVINCIALI \/ AGORDINA \u2013 PLAVIS 3-4<\/strong><\/p>\n<p>Partita certamente emozionante fino all&#8217;ultimo, peccato che a sorridere sia stata la squadra ospite, che al secondo minuto di recupero \u00e8 riuscita a trovare il gol-vittoria. Buono il primo tempo dell\u2019Agordina che ha giocato con ordine e buon ritmo riuscendo ad andare al riposo in vantaggio di 3-1, grazie alla doppietta di Manuel Soccol e al gol di Efrem Valt, su rigore il gol della Plavis. Nel secondo tempo la Plavis al 13&#8242; ha riaperto la gara sugli sviluppi di un calcio d&#8217;angolo e qualche minuto dopo ha raggiunto il pari, grazie a un bel tiro da fuori area. Gli agordini purtroppo hanno perso via via sicurezza e mostrato meno aggressivit\u00e0, mentre gli ospiti sulle ali dell&#8217;entusiasmo, quasi allo scadere, trovavano la zampata vincente. Peccato, ma la squadra ha il dovere di portarsi appresso tutto quello che di buono ha fatto, cercando di imparare dagli errori commessi.<\/p>\n<p><strong>\u00a0<\/strong><\/p>\n<p><strong>ALLIEVI REGIONALI \/ AGORDINA \u2013 ALTIVOLESE MASER 1-0<\/strong><\/p>\n<p>Torna a vincere la squadra allenata da Orzetti che supera di misura i trevigiani dell\u2019Altivolese Maser. Tre punti d\u2019oro per i ragazzi di Agordo che puntano ad abbandonare l\u2019ultimo posto in classifica del torneo regionale. Il gol della vittoria \u00e8 di Zasso. Bella prova dei giovani agordini che la prossima settimana avranno lo scontro diretto con il Lovispresiano per abbandonare l\u2019ultimo posto in graduatoria.<\/p>\n<p>&nbsp;<\/p>\n<p><strong>JUNIORES PROVINCIALI \/ CASTION \u2013 AGORDINA 2-0<\/strong><\/p>\n<p>Non riesce il sorpasso in classifica dell\u2019Agordina nei confronti del Castion. Nello scontro diretto di sabato pomeriggio, i ragazzi di De Zaiacomo si sono dovuti arrendere ai bellunesi. Non hanno giocato una brutta partita gli agordini ma il Castion \u00e8 riuscito a sfruttare a dovere le occasioni. Due a zero il risultato finale. Domenica prossima ultima sfida di campionato contro la Plavis.<\/p>\n<p>&nbsp;<\/p>\n<p><strong>JUNIORES REGIONALI \/ FIORI BARP \u2013 BARBISANO 3-1 <\/strong><\/p>\n<p>Bella vittoria per i ragazzi del Fiori Barp allenati da De Lazzer che incamerano 3 punti importanti nella sfida di Mas di Sedico contro il Barbisano. Punti vitali per accedere ai playout del campionato regionale. Sedicensi che giocano un egregio primo tempo tanto che si va al riposo con i padroni di casa avanti di due gol. Nella ripresa i trevigiani accorciano le distanze ma il Fiori Barp trova la terza marcatura della giornata.<\/p>\n<p>&nbsp;<\/p>\n<hr \/>\n<p>&nbsp;<\/p>\n<p><span style=\"color: #0000ff;\"><strong>HOCKEY SU GHIACCIO<\/strong><\/span><\/p>\n<blockquote>\n<h3>HOCKEY UNDER 15: TERMINA IN PAREGGIO GARA 1 DI SEMIFINALE TRA ALLEGHE\/CORTINA E PINEROLO<\/h3>\n<\/blockquote>\n<p><strong>di Marco Gaz<\/strong><\/p>\n<p><span style=\"color: #ff0000;\"><strong>SEMIFINALI CAMPIONATO UNDER 15 HOCKEY SU GHIACCIO &#8211; GARA 1<\/strong><\/span><\/p>\n<p><strong>ALLEGHE\/CORTINA &#8211; PINEROLO 4-4<\/strong><\/p>\n<p>GOL ALLEGHE\/CORTINA: Levis, Fontanive, Evangelisti, De Luca<\/p>\n<p>Termina con un pareggio gara 1 delle semifinali scudetto del campionato under 15 di hockey su ghiaccio. All&#8217;Alvise De Toni di Alleghe, i padroni di casa escono a testa alta con un buona prestazione contro un Pinerolo che ha saputo recuperare lo svantaggio due volte. Nel primo tempo le giovani civette passano in vantaggio con Levis. Secondo drittel dove la squadra piemontese pareggia i conti e subito dopo si porta in vantaggio. A fine frazione arriva per\u00f2 il pareggio a firma di Fontanive. Squadra mista bellunese che nel terzo tempo si porta in doppio vantaggio grazie ai gol di Evangelisti e De Luca. Sembra fatta ma negli ultimi minuti il Pinerolo riesce a pareggiare i conti. Mercoled\u00ec di nuovo in campo. La squadra allenata da Fontana dovr\u00e0 fare tanti chilometri per giocare la gara decisiva. Per accedere alla finalissima l&#8217;Alleghe\/Cortina deve vincere obbligatoriamente.<\/p>\n<p><strong>LE FOTO DI MATTEO FLORIDIA<\/strong><\/p>\n\n\t\t\t<style type='text\/css'>\n\t\t\t\t#gallery-16 {\n\t\t\t\t\tmargin: auto;\n\t\t\t\t}\n\t\t\t\t#gallery-16 .gallery-item {\n\t\t\t\t\tfloat: left;\n\t\t\t\t\tmargin-top: 10px;\n\t\t\t\t\ttext-align: center;\n\t\t\t\t\twidth: 25%;\n\t\t\t\t}\n\t\t\t\t#gallery-16 img {\n\t\t\t\t\tborder: 2px solid #cfcfcf;\n\t\t\t\t}\n\t\t\t\t#gallery-16 .gallery-caption {\n\t\t\t\t\tmargin-left: 0;\n\t\t\t\t}\n\t\t\t\t\/* see gallery_shortcode() in wp-includes\/media.php *\/\n\t\t\t<\/style>\n\t\t<div id='gallery-16' class='dt-gallery-container gallery galleryid-328243 gallery-columns-4 gallery-size-medium'><dl class='gallery-item'>\n\t\t\t\t<dt class='gallery-icon landscape'>\n\t\t\t\t\t<a class=\"rollover rollover-zoom dt-pswp-item\" title=\"_BBB5961\" data-dt-img-description=\"\" data-large_image_width=\"2560\" data-large_image_height=\"1703\"href='https:\/\/www.radiopiu.net\/wordpress\/wp-content\/uploads\/2023\/03\/BBB5961-scaled.jpg'><img loading=\"lazy\" decoding=\"async\" width=\"300\" height=\"200\" src=\"https:\/\/www.radiopiu.net\/wordpress\/wp-content\/uploads\/2023\/03\/BBB5961-300x200.jpg\" class=\"attachment-medium size-medium\" alt=\"\" srcset=\"https:\/\/www.radiopiu.net\/wordpress\/wp-content\/uploads\/2023\/03\/BBB5961-300x200.jpg 300w, https:\/\/www.radiopiu.net\/wordpress\/wp-content\/uploads\/2023\/03\/BBB5961-1024x681.jpg 1024w, https:\/\/www.radiopiu.net\/wordpress\/wp-content\/uploads\/2023\/03\/BBB5961-768x511.jpg 768w, https:\/\/www.radiopiu.net\/wordpress\/wp-content\/uploads\/2023\/03\/BBB5961-1536x1022.jpg 1536w, https:\/\/www.radiopiu.net\/wordpress\/wp-content\/uploads\/2023\/03\/BBB5961-2048x1363.jpg 2048w\" sizes=\"auto, (max-width: 300px) 100vw, 300px\" \/><\/a>\n\t\t\t\t<\/dt><\/dl><dl class='gallery-item'>\n\t\t\t\t<dt class='gallery-icon landscape'>\n\t\t\t\t\t<a class=\"rollover rollover-zoom dt-pswp-item\" title=\"_BBB5981\" data-dt-img-description=\"\" data-large_image_width=\"2560\" data-large_image_height=\"1703\"href='https:\/\/www.radiopiu.net\/wordpress\/wp-content\/uploads\/2023\/03\/BBB5981-scaled.jpg'><img loading=\"lazy\" decoding=\"async\" width=\"300\" height=\"200\" src=\"https:\/\/www.radiopiu.net\/wordpress\/wp-content\/uploads\/2023\/03\/BBB5981-300x200.jpg\" class=\"attachment-medium size-medium\" alt=\"\" srcset=\"https:\/\/www.radiopiu.net\/wordpress\/wp-content\/uploads\/2023\/03\/BBB5981-300x200.jpg 300w, https:\/\/www.radiopiu.net\/wordpress\/wp-content\/uploads\/2023\/03\/BBB5981-1024x681.jpg 1024w, https:\/\/www.radiopiu.net\/wordpress\/wp-content\/uploads\/2023\/03\/BBB5981-768x511.jpg 768w, https:\/\/www.radiopiu.net\/wordpress\/wp-content\/uploads\/2023\/03\/BBB5981-1536x1022.jpg 1536w, https:\/\/www.radiopiu.net\/wordpress\/wp-content\/uploads\/2023\/03\/BBB5981-2048x1363.jpg 2048w\" sizes=\"auto, (max-width: 300px) 100vw, 300px\" \/><\/a>\n\t\t\t\t<\/dt><\/dl><dl class='gallery-item'>\n\t\t\t\t<dt class='gallery-icon landscape'>\n\t\t\t\t\t<a class=\"rollover rollover-zoom dt-pswp-item\" title=\"_BBB6001\" data-dt-img-description=\"\" data-large_image_width=\"2560\" data-large_image_height=\"1703\"href='https:\/\/www.radiopiu.net\/wordpress\/wp-content\/uploads\/2023\/03\/BBB6001-scaled.jpg'><img loading=\"lazy\" decoding=\"async\" width=\"300\" height=\"200\" src=\"https:\/\/www.radiopiu.net\/wordpress\/wp-content\/uploads\/2023\/03\/BBB6001-300x200.jpg\" class=\"attachment-medium size-medium\" alt=\"\" srcset=\"https:\/\/www.radiopiu.net\/wordpress\/wp-content\/uploads\/2023\/03\/BBB6001-300x200.jpg 300w, https:\/\/www.radiopiu.net\/wordpress\/wp-content\/uploads\/2023\/03\/BBB6001-1024x681.jpg 1024w, https:\/\/www.radiopiu.net\/wordpress\/wp-content\/uploads\/2023\/03\/BBB6001-768x511.jpg 768w, https:\/\/www.radiopiu.net\/wordpress\/wp-content\/uploads\/2023\/03\/BBB6001-1536x1022.jpg 1536w, https:\/\/www.radiopiu.net\/wordpress\/wp-content\/uploads\/2023\/03\/BBB6001-2048x1363.jpg 2048w\" sizes=\"auto, (max-width: 300px) 100vw, 300px\" \/><\/a>\n\t\t\t\t<\/dt><\/dl><dl class='gallery-item'>\n\t\t\t\t<dt class='gallery-icon landscape'>\n\t\t\t\t\t<a class=\"rollover rollover-zoom dt-pswp-item\" title=\"_BBB6005\" data-dt-img-description=\"\" data-large_image_width=\"2560\" data-large_image_height=\"1934\"href='https:\/\/www.radiopiu.net\/wordpress\/wp-content\/uploads\/2023\/03\/BBB6005-scaled.jpg'><img loading=\"lazy\" decoding=\"async\" width=\"300\" height=\"227\" src=\"https:\/\/www.radiopiu.net\/wordpress\/wp-content\/uploads\/2023\/03\/BBB6005-300x227.jpg\" class=\"attachment-medium size-medium\" alt=\"\" srcset=\"https:\/\/www.radiopiu.net\/wordpress\/wp-content\/uploads\/2023\/03\/BBB6005-300x227.jpg 300w, https:\/\/www.radiopiu.net\/wordpress\/wp-content\/uploads\/2023\/03\/BBB6005-1024x773.jpg 1024w, https:\/\/www.radiopiu.net\/wordpress\/wp-content\/uploads\/2023\/03\/BBB6005-768x580.jpg 768w, https:\/\/www.radiopiu.net\/wordpress\/wp-content\/uploads\/2023\/03\/BBB6005-1536x1160.jpg 1536w, https:\/\/www.radiopiu.net\/wordpress\/wp-content\/uploads\/2023\/03\/BBB6005-2048x1547.jpg 2048w\" sizes=\"auto, (max-width: 300px) 100vw, 300px\" \/><\/a>\n\t\t\t\t<\/dt><\/dl><br style=\"clear: both\" \/>\n\t\t\t<\/div>\n\n<p>&nbsp;<\/p>\n<hr \/>\n<p>&nbsp;<\/p>\n<blockquote>\n<h3>LA RAPPRESENTATIVA VENETA UNDER 12 DI HOCKEY A BUCAREST<\/h3>\n<\/blockquote>\n<p><strong>di Marco Gaz<\/strong><\/p>\n<p><strong>REDAZIONE<\/strong> Lunga trasferta per i giovani hockeisti veneti. La rappresentativa FISG Veneto U12 al Torneo Internazionale Allianz Tiriac di Bucarest, guidata dai coach Paolo De Biasio e Simone Olivero. In bocca al lupo a tutti i ragazzi e alle nostre Civette Cristiano Cominato, Marco Dal Pont, Angel Tegner e Mattia Veggiato.<\/p>\n\n\t\t\t<style type='text\/css'>\n\t\t\t\t#gallery-17 {\n\t\t\t\t\tmargin: auto;\n\t\t\t\t}\n\t\t\t\t#gallery-17 .gallery-item {\n\t\t\t\t\tfloat: left;\n\t\t\t\t\tmargin-top: 10px;\n\t\t\t\t\ttext-align: center;\n\t\t\t\t\twidth: 50%;\n\t\t\t\t}\n\t\t\t\t#gallery-17 img {\n\t\t\t\t\tborder: 2px solid #cfcfcf;\n\t\t\t\t}\n\t\t\t\t#gallery-17 .gallery-caption {\n\t\t\t\t\tmargin-left: 0;\n\t\t\t\t}\n\t\t\t\t\/* see gallery_shortcode() in wp-includes\/media.php *\/\n\t\t\t<\/style>\n\t\t<div id='gallery-17' class='dt-gallery-container gallery galleryid-328243 gallery-columns-2 gallery-size-medium'><dl class='gallery-item'>\n\t\t\t\t<dt class='gallery-icon landscape'>\n\t\t\t\t\t<a class=\"rollover rollover-zoom dt-pswp-item\" title=\"b373387b-4882-4eff-b377-43ed434793a2\" data-dt-img-description=\"\" data-large_image_width=\"1024\" data-large_image_height=\"768\"href='https:\/\/www.radiopiu.net\/wordpress\/wp-content\/uploads\/2023\/03\/b373387b-4882-4eff-b377-43ed434793a2.jpg'><img loading=\"lazy\" decoding=\"async\" width=\"300\" height=\"225\" src=\"https:\/\/www.radiopiu.net\/wordpress\/wp-content\/uploads\/2023\/03\/b373387b-4882-4eff-b377-43ed434793a2-300x225.jpg\" class=\"attachment-medium size-medium\" alt=\"\" srcset=\"https:\/\/www.radiopiu.net\/wordpress\/wp-content\/uploads\/2023\/03\/b373387b-4882-4eff-b377-43ed434793a2-300x225.jpg 300w, https:\/\/www.radiopiu.net\/wordpress\/wp-content\/uploads\/2023\/03\/b373387b-4882-4eff-b377-43ed434793a2-768x576.jpg 768w, https:\/\/www.radiopiu.net\/wordpress\/wp-content\/uploads\/2023\/03\/b373387b-4882-4eff-b377-43ed434793a2.jpg 1024w\" sizes=\"auto, (max-width: 300px) 100vw, 300px\" \/><\/a>\n\t\t\t\t<\/dt><\/dl><dl class='gallery-item'>\n\t\t\t\t<dt class='gallery-icon landscape'>\n\t\t\t\t\t<a class=\"rollover rollover-zoom dt-pswp-item\" title=\"92b03475-1830-4849-afc1-d502f713aa8f\" data-dt-img-description=\"\" data-large_image_width=\"567\" data-large_image_height=\"389\"href='https:\/\/www.radiopiu.net\/wordpress\/wp-content\/uploads\/2023\/03\/92b03475-1830-4849-afc1-d502f713aa8f.jpg'><img loading=\"lazy\" decoding=\"async\" width=\"300\" height=\"206\" src=\"https:\/\/www.radiopiu.net\/wordpress\/wp-content\/uploads\/2023\/03\/92b03475-1830-4849-afc1-d502f713aa8f-300x206.jpg\" class=\"attachment-medium size-medium\" alt=\"\" srcset=\"https:\/\/www.radiopiu.net\/wordpress\/wp-content\/uploads\/2023\/03\/92b03475-1830-4849-afc1-d502f713aa8f-300x206.jpg 300w, https:\/\/www.radiopiu.net\/wordpress\/wp-content\/uploads\/2023\/03\/92b03475-1830-4849-afc1-d502f713aa8f.jpg 567w\" sizes=\"auto, (max-width: 300px) 100vw, 300px\" \/><\/a>\n\t\t\t\t<\/dt><\/dl><br style=\"clear: both\" \/>\n\t\t\t<\/div>\n\n<p>&nbsp;<\/p>\n<hr \/>\n<p>&nbsp;<\/p>\n<p><span style=\"color: #0000ff;\"><strong>PALLAVOLO<\/strong><\/span><\/p>\n<blockquote>\n<h3>ANCORA UNA SCONFITTA PER IL VOLLEY CLUB AGORDINO DI PRIMA DIVISIONE<\/h3>\n<\/blockquote>\n<p><strong><a class=\"dt-pswp-item\" href=\"https:\/\/www.radiopiu.net\/wordpress\/wp-content\/uploads\/2021\/03\/VOLLEY.jpg\" data-dt-img-description=\"\" data-large_image_width=\"1280\" data-large_image_height=\"853\"><img loading=\"lazy\" decoding=\"async\" class=\" wp-image-196965 alignleft\" src=\"https:\/\/www.radiopiu.net\/wordpress\/wp-content\/uploads\/2021\/03\/VOLLEY-300x200.jpg\" alt=\"\" width=\"194\" height=\"129\" srcset=\"https:\/\/www.radiopiu.net\/wordpress\/wp-content\/uploads\/2021\/03\/VOLLEY-300x200.jpg 300w, https:\/\/www.radiopiu.net\/wordpress\/wp-content\/uploads\/2021\/03\/VOLLEY-1024x682.jpg 1024w, https:\/\/www.radiopiu.net\/wordpress\/wp-content\/uploads\/2021\/03\/VOLLEY-768x512.jpg 768w, https:\/\/www.radiopiu.net\/wordpress\/wp-content\/uploads\/2021\/03\/VOLLEY.jpg 1280w\" sizes=\"auto, (max-width: 194px) 100vw, 194px\" \/><\/a>di Marco Gaz<\/strong><\/p>\n<p><span style=\"color: #ff0000;\"><strong>PRIMA DIVISIONE FEMMINILE<\/strong><\/span><\/p>\n<p><strong>GODIGENSE &#8211; VOLLEY CLUB AGORDINO 3-0 (25-17, 25-19, 27-25)<\/strong><\/p>\n<p>Periodo nero per il Volley Club Agordino che in terra trevigiana racimola l&#8217;ennesima sconfitta. Non stanno andando per il verso giusto le cose per la squadra di De Nardin che nel giro di un mese \u00e8 passata dalla zona salvezza ad occupare una parte bassa della classifica che gli permetterebbe di giocare i playout di campionato. Contro la Godigense la squadra di Agordo si \u00e8 svegliata troppo tardi ed ha concesso troppo alle avversarie. Padrone di casa che vincono il primo set con 7 punti di scarto. Provano a reagire le agordine nel secondo parziale ma ad avere la meglio sono ancora le trevigiane. Terzo set al cardiopalma con le due compagini che giocano punto a punto ma ancora una volta \u00e8 la Godigense che vince portando a casa il bottino pieno. Ora mancano 5 giornate alla fine del campionato e tutto pu\u00f2 ancora succedere. Volley Club Agordino che nel prossimo fine settimana, venerd\u00ec e sabato, recuperer\u00e0 la partita con il Trevignano e il giorno successivo di nuovo in campo contro il Castion.<\/p>\n<p>&nbsp;<\/p>\n<blockquote>\n<h3>ALEXANDRA PUGLIA E GIADA RAGAZZO, LE LAUREATE DEL VOLLEY CLUB AGORDINO<\/h3>\n<\/blockquote>\n<p><strong><a class=\"dt-pswp-item\" href=\"https:\/\/www.radiopiu.net\/wordpress\/wp-content\/uploads\/2023\/03\/2394d827-0634-4413-a1ac-bb8255581e7d.jpg\" data-dt-img-description=\"\" data-large_image_width=\"768\" data-large_image_height=\"577\"><img loading=\"lazy\" decoding=\"async\" class=\" wp-image-328512 alignleft\" src=\"https:\/\/www.radiopiu.net\/wordpress\/wp-content\/uploads\/2023\/03\/2394d827-0634-4413-a1ac-bb8255581e7d-300x225.jpg\" alt=\"\" width=\"212\" height=\"159\" srcset=\"https:\/\/www.radiopiu.net\/wordpress\/wp-content\/uploads\/2023\/03\/2394d827-0634-4413-a1ac-bb8255581e7d-300x225.jpg 300w, https:\/\/www.radiopiu.net\/wordpress\/wp-content\/uploads\/2023\/03\/2394d827-0634-4413-a1ac-bb8255581e7d.jpg 768w\" sizes=\"auto, (max-width: 212px) 100vw, 212px\" \/><\/a>di Marco Gaz<\/strong><\/p>\n<p><strong>REDAZIONE<\/strong> Nonostante la sconfitta nell&#8217;ultima giornata di campionato, il Volley Club Agordino ha festeggiato lo stesso. L&#8217;occasione \u00e8 stata la festa a sorpresa alle due neo laureate della squadra. Infatti nei giorni scorsi Alexandra Puglia e Giada Ragazzo hanno terminato gli studi all&#8217;universit\u00e0 con una bella laurea, raggiungendo un traguardo che il direttivo ha tenuto a celebrare. &#8220;Nonostante le difficolt\u00e0 che una societ\u00e0 come la nostra incontra giorno dopo giorno, \u00e8 importante festeggiare momenti come questo che, oltre a rendere orgogliosi tutti noi, trasmettono alle generazioni pi\u00f9 giovani il messaggio che \u00e8 possibile coniugare lavoro e studio con una sana vita sportiva&#8221; dicono dalla societ\u00e0. Complimenti ad Alexandra e Giada, rispettivamente libero della prima squadra e allenatrice S3, per il traguardo raggiunto.<\/p>\n<p>&nbsp;<\/p>\n<blockquote>\n<h3>SUCCESSO IN TRE SET PER LE LUPE<\/h3>\n<\/blockquote>\n<p><b><a class=\"dt-pswp-item\" href=\"https:\/\/www.radiopiu.net\/wordpress\/wp-content\/uploads\/2023\/03\/Foto_di_gruppo_nel_post_partita.jpg\" data-dt-img-description=\"\" data-large_image_width=\"800\" data-large_image_height=\"400\"><img loading=\"lazy\" decoding=\"async\" class=\" wp-image-328403 alignleft\" src=\"https:\/\/www.radiopiu.net\/wordpress\/wp-content\/uploads\/2023\/03\/Foto_di_gruppo_nel_post_partita-300x150.jpg\" alt=\"\" width=\"210\" height=\"105\" srcset=\"https:\/\/www.radiopiu.net\/wordpress\/wp-content\/uploads\/2023\/03\/Foto_di_gruppo_nel_post_partita-300x150.jpg 300w, https:\/\/www.radiopiu.net\/wordpress\/wp-content\/uploads\/2023\/03\/Foto_di_gruppo_nel_post_partita-768x384.jpg 768w, https:\/\/www.radiopiu.net\/wordpress\/wp-content\/uploads\/2023\/03\/Foto_di_gruppo_nel_post_partita.jpg 800w\" sizes=\"auto, (max-width: 210px) 100vw, 210px\" \/><\/a>VALENTINO RICCI IMOCO-HL IMMOBILIARE BELLUNO 0-3 (<\/b><strong>25-27, 16-25, 23-25)<\/strong><\/p>\n<p>Preziosissimo successo per la Pallavolo Femminile Belluno: a San Don\u00e0 di Piave, le lupe non danno scampo alle giovani del Valentino Ricci Imoco e rilanciano le loro quotazioni in chiave salvezza, al termine di un\u2019ottima prestazione di squadra. Le atlete di coach Nesello hanno saputo leggere i vari momenti del match come un libro aperto e, nei finali di set, sono riuscite a mantenere freddezza, lucidit\u00e0 e razionalit\u00e0. Alla fine, la vittoria \u00e8 pi\u00f9 che legittima. E vale doppio, visto che quello in terra veneziana era uno scontro diretto. Da sottolineare la splendida prestazione di Caterina Fioretti, autrice di 17 punti, arricchiti da 3 ace. A proposito di Fioretti, si \u00e8 rivista in panchina Francesca: ora che il grave infortunio al ginocchio \u00e8 alle spalle, la schiacciatrice, gi\u00e0 protagonista in serie B, pu\u00f2 essere un innesto importante per la volata conclusiva.<span class=\"gmail-Apple-converted-space\"> \u00ab\u00c8 stata una gara intensa &#8211; analizza coach Nesello &#8211; contro avversarie di caratura. Le attaccanti dell&#8217;Imoco tiravano davvero forte e colpivano la palla molto in alto: a conferma che il loro gioco \u00e8 gi\u00e0 proiettato verso categorie superiori. Ma con sacrificio, abnegazione e la forza del collettivo siamo riusciti ad avere la meglio\u00bb. Il tecnico, per\u00f2, non perde di vista l\u2019obiettivo: \u00abQuesto era solo il primo passo\u00bb. S\u00ec, perch\u00e9 mercoled\u00ec sera si torna sotto rete per il recupero contro il Silea: appuntamento al De Mas, alle ore 20.30.\u00a0<\/span><\/p>\n<p>&nbsp;<\/p>\n<p>&nbsp;<\/p>\n<blockquote>\n<h3><span class=\"gmail-Apple-converted-space\"><a class=\"dt-pswp-item\" href=\"https:\/\/www.radiopiu.net\/wordpress\/wp-content\/uploads\/2023\/03\/Graziani_ex_di_turno_a_Fano.jpg\" data-dt-img-description=\"\" data-large_image_width=\"1650\" data-large_image_height=\"1100\"><img loading=\"lazy\" decoding=\"async\" class=\" wp-image-328566 alignleft\" src=\"https:\/\/www.radiopiu.net\/wordpress\/wp-content\/uploads\/2023\/03\/Graziani_ex_di_turno_a_Fano-300x200.jpg\" alt=\"\" width=\"221\" height=\"147\" srcset=\"https:\/\/www.radiopiu.net\/wordpress\/wp-content\/uploads\/2023\/03\/Graziani_ex_di_turno_a_Fano-300x200.jpg 300w, https:\/\/www.radiopiu.net\/wordpress\/wp-content\/uploads\/2023\/03\/Graziani_ex_di_turno_a_Fano-1024x683.jpg 1024w, https:\/\/www.radiopiu.net\/wordpress\/wp-content\/uploads\/2023\/03\/Graziani_ex_di_turno_a_Fano-768x512.jpg 768w, https:\/\/www.radiopiu.net\/wordpress\/wp-content\/uploads\/2023\/03\/Graziani_ex_di_turno_a_Fano-1536x1024.jpg 1536w, https:\/\/www.radiopiu.net\/wordpress\/wp-content\/uploads\/2023\/03\/Graziani_ex_di_turno_a_Fano.jpg 1650w\" sizes=\"auto, (max-width: 221px) 100vw, 221px\" \/><\/a><\/span>NESSUN SCONTO IL PER LA PALLAVOLO BELLUNO, FANO IN CATTEDRA<\/h3>\n<\/blockquote>\n<div class=\"moz-text-html\" lang=\"x-unicode\">\n<div dir=\"ltr\">\n<p><b>FANO- BELLUNO 3-0<span class=\"gmail-Apple-converted-space\"> \u00a0<\/span><\/b><b>PARZIALI<\/b>: 25-21, 25-12, 25-22.<span class=\"gmail-Apple-converted-space\"> \u00a0<\/span><b>\u00a0BELLUNO:<\/b> Maccabruni 1, Novello 9, Saibene 7, Graziani 5, Mozzato 5, Stufano 3; Martinez (L), Guolla, Paganin, Ostuzzi 1, Pierobon (L), Candeago 1, Guastamacchia 2. N.e. Galliani. Allenatore: G. Colussi.<\/p>\n<p>A far pendere l\u2019ago della bilancia dalla parte marchigiana, \u00e8 stata l\u2019indiscussa qualit\u00e0 di una corazzata che guida, con pieno merito, il girone bianco del campionato di Serie A3: ai bellunesi non bastano due set giocati a buon livello. Di fronte alla capolista, serviva una gara ai limiti della perfezione.<span class=\"gmail-Apple-converted-space\">\u00a0<\/span><\/p>\n<\/div>\n<\/div>\n<p>&nbsp;<\/p>\n<p>&nbsp;<\/p>\n<hr \/>\n<p>&nbsp;<\/p>\n<p><span style=\"color: #0000ff;\"><strong>SCI &amp; SNOWBOARD<\/strong><\/span><\/p>\n<blockquote>\n<h3>I MONDIALI JUNIOR DI SKI CROSS E SNOWBOARD CROSS A PASSO SAN PELLEGRINO<\/h3>\n<\/blockquote>\n<p><strong><a class=\"dt-pswp-item\" href=\"https:\/\/www.radiopiu.net\/wordpress\/wp-content\/uploads\/2023\/03\/IMG_7118.jpg\" data-dt-img-description=\"\" data-large_image_width=\"960\" data-large_image_height=\"1280\"><img loading=\"lazy\" decoding=\"async\" class=\" wp-image-328519 alignleft\" src=\"https:\/\/www.radiopiu.net\/wordpress\/wp-content\/uploads\/2023\/03\/IMG_7118-225x300.jpg\" alt=\"\" width=\"123\" height=\"164\" srcset=\"https:\/\/www.radiopiu.net\/wordpress\/wp-content\/uploads\/2023\/03\/IMG_7118-225x300.jpg 225w, https:\/\/www.radiopiu.net\/wordpress\/wp-content\/uploads\/2023\/03\/IMG_7118-768x1024.jpg 768w, https:\/\/www.radiopiu.net\/wordpress\/wp-content\/uploads\/2023\/03\/IMG_7118.jpg 960w\" sizes=\"auto, (max-width: 123px) 100vw, 123px\" \/><\/a>PASSO SAN PELLEGRINO <\/strong>Prima giornata di gare, valide per la prova individuale femminile e maschile di ski cross dei Campionati Mondiali Junior di ski cross. Premiata dal meteo e dalle condizioni generali la scelta del comitato organizzatore di anticipare di un giorno l\u2019inizio delle competizioni. Nella prova individuale femminile, che si \u00e8 svolta sulla pista Costabella, dominio della canadese Emeline Bennet, sulla tedesca Veronika Redder e sull\u2019elvetica Margaux Dumont. Prima delle italiane l\u2019atleta della Val di Fiemme, ex velocista dello sci alpino, Amelia di Grazia, giunta nona. Rigatti che aveva gareggiato gi\u00e0 la scorsa settimana in Coppa Europa ha certamente migliorato la sua prestazione. In campo maschile, miglior risultato per lo svedese Fredrik Nilsson, seguito dall\u2019austriaco Christoph Danksagmueller, sul terzo gradino del podio lo svizzero Robin Tissiers. Ottimo decimo il fassano Jannes Debertol, seguito al 13. posto da Daniel Moroder e al 16esimo dall\u2019altro italiano Samuele Cheller.<\/p>\n<p>&nbsp;<\/p>\n<p>&nbsp;<\/p>\n<hr \/>\n<p>&nbsp;<\/p>\n<p><span style=\"color: #0000ff;\"><strong>DANZA<\/strong><\/span><\/p>\n<blockquote>\n<h3>UNO SPLENDIDO SECONDO POSTO PER L&#8217;ADA AGORDO A BOLZANO<\/h3>\n<\/blockquote>\n<p><strong>REDAZIONE <\/strong>Uno splendido fine settimana per l&#8217;ADA Danza. Si \u00e8 svolto a Bolzano un concorso internazionale e l&#8217;associazione agordina ha conquistato il secondo posto.<\/p>\n\n\t\t\t<style type='text\/css'>\n\t\t\t\t#gallery-18 {\n\t\t\t\t\tmargin: auto;\n\t\t\t\t}\n\t\t\t\t#gallery-18 .gallery-item {\n\t\t\t\t\tfloat: left;\n\t\t\t\t\tmargin-top: 10px;\n\t\t\t\t\ttext-align: center;\n\t\t\t\t\twidth: 33%;\n\t\t\t\t}\n\t\t\t\t#gallery-18 img {\n\t\t\t\t\tborder: 2px solid #cfcfcf;\n\t\t\t\t}\n\t\t\t\t#gallery-18 .gallery-caption {\n\t\t\t\t\tmargin-left: 0;\n\t\t\t\t}\n\t\t\t\t\/* see gallery_shortcode() in wp-includes\/media.php *\/\n\t\t\t<\/style>\n\t\t<div id='gallery-18' class='dt-gallery-container gallery galleryid-328243 gallery-columns-3 gallery-size-thumbnail'><dl class='gallery-item'>\n\t\t\t\t<dt class='gallery-icon landscape'>\n\t\t\t\t\t<a class=\"rollover rollover-zoom dt-pswp-item\" title=\"42570dcd-81a4-45a2-82c0-2c5a99770c8b\" data-dt-img-description=\"\" data-large_image_width=\"2048\" data-large_image_height=\"1152\"href='https:\/\/www.radiopiu.net\/wordpress\/wp-content\/uploads\/2023\/03\/42570dcd-81a4-45a2-82c0-2c5a99770c8b-rotated.jpg'><img loading=\"lazy\" decoding=\"async\" width=\"150\" height=\"150\" src=\"https:\/\/www.radiopiu.net\/wordpress\/wp-content\/uploads\/2023\/03\/42570dcd-81a4-45a2-82c0-2c5a99770c8b-150x150.jpg\" class=\"attachment-thumbnail size-thumbnail\" alt=\"\" \/><\/a>\n\t\t\t\t<\/dt><\/dl><dl class='gallery-item'>\n\t\t\t\t<dt class='gallery-icon landscape'>\n\t\t\t\t\t<a class=\"rollover rollover-zoom dt-pswp-item\" title=\"7378b43e-c76f-4f36-b62d-cb99c6df9ebb\" data-dt-img-description=\"\" data-large_image_width=\"2048\" data-large_image_height=\"1536\"href='https:\/\/www.radiopiu.net\/wordpress\/wp-content\/uploads\/2023\/03\/7378b43e-c76f-4f36-b62d-cb99c6df9ebb.jpg'><img loading=\"lazy\" decoding=\"async\" width=\"150\" height=\"150\" src=\"https:\/\/www.radiopiu.net\/wordpress\/wp-content\/uploads\/2023\/03\/7378b43e-c76f-4f36-b62d-cb99c6df9ebb-150x150.jpg\" class=\"attachment-thumbnail size-thumbnail\" alt=\"\" \/><\/a>\n\t\t\t\t<\/dt><\/dl><dl class='gallery-item'>\n\t\t\t\t<dt class='gallery-icon landscape'>\n\t\t\t\t\t<a class=\"rollover rollover-zoom dt-pswp-item\" title=\"bf486fb4-322e-4859-be79-32c525640bba\" data-dt-img-description=\"\" data-large_image_width=\"2048\" data-large_image_height=\"1536\"href='https:\/\/www.radiopiu.net\/wordpress\/wp-content\/uploads\/2023\/03\/bf486fb4-322e-4859-be79-32c525640bba.jpg'><img loading=\"lazy\" decoding=\"async\" width=\"150\" height=\"150\" src=\"https:\/\/www.radiopiu.net\/wordpress\/wp-content\/uploads\/2023\/03\/bf486fb4-322e-4859-be79-32c525640bba-150x150.jpg\" class=\"attachment-thumbnail size-thumbnail\" alt=\"\" \/><\/a>\n\t\t\t\t<\/dt><\/dl><br style=\"clear: both\" \/>\n\t\t\t<\/div>\n\n<p>&nbsp;<\/p>\n","protected":false},"excerpt":{"rendered":"<p>ISCRIVITI AL NOSTRO CANALE YOUTUBE PER SEGUIRE IN DIRETTA I PRINCIPALI PROGRAMMI DI RADIO PIU&#8217; E LE FUTURE DIRETTE IN ESTERNA. PER ISCRIVERTI CLICCA QUI E PREMI IL TASTO &#8220;Iscriviti&#8221;\u00a0 &nbsp; &nbsp; VALANGA IN ALTO ADIGE, DUE MORTI BOLZANO. Una valanga ha travolto due\u00a0 escursionisti in\u00a0 in Valle Aurina in Alto Adige Secondo le prime&hellip;<\/p>\n","protected":false},"author":4,"featured_media":328564,"comment_status":"closed","ping_status":"closed","sticky":false,"template":"","format":"standard","meta":{"_monsterinsights_skip_tracking":false,"_monsterinsights_sitenote_active":false,"_monsterinsights_sitenote_note":"","_monsterinsights_sitenote_category":0,"footnotes":""},"categories":[51,86,49],"tags":[],"class_list":["post-328243","post","type-post","status-publish","format-standard","has-post-thumbnail","hentry","category-evidenza-top","category-gr","category-news-18","category-51","category-86","category-49","description-off"],"img_url":"https:\/\/www.radiopiu.net\/wordpress\/wp-content\/uploads\/2023\/03\/Senza-nome-81.jpg","_links":{"self":[{"href":"https:\/\/www.radiopiu.net\/wordpress\/wp-json\/wp\/v2\/posts\/328243","targetHints":{"allow":["GET"]}}],"collection":[{"href":"https:\/\/www.radiopiu.net\/wordpress\/wp-json\/wp\/v2\/posts"}],"about":[{"href":"https:\/\/www.radiopiu.net\/wordpress\/wp-json\/wp\/v2\/types\/post"}],"author":[{"embeddable":true,"href":"https:\/\/www.radiopiu.net\/wordpress\/wp-json\/wp\/v2\/users\/4"}],"replies":[{"embeddable":true,"href":"https:\/\/www.radiopiu.net\/wordpress\/wp-json\/wp\/v2\/comments?post=328243"}],"version-history":[{"count":0,"href":"https:\/\/www.radiopiu.net\/wordpress\/wp-json\/wp\/v2\/posts\/328243\/revisions"}],"wp:featuredmedia":[{"embeddable":true,"href":"https:\/\/www.radiopiu.net\/wordpress\/wp-json\/wp\/v2\/media\/328564"}],"wp:attachment":[{"href":"https:\/\/www.radiopiu.net\/wordpress\/wp-json\/wp\/v2\/media?parent=328243"}],"wp:term":[{"taxonomy":"category","embeddable":true,"href":"https:\/\/www.radiopiu.net\/wordpress\/wp-json\/wp\/v2\/categories?post=328243"},{"taxonomy":"post_tag","embeddable":true,"href":"https:\/\/www.radiopiu.net\/wordpress\/wp-json\/wp\/v2\/tags?post=328243"}],"curies":[{"name":"wp","href":"https:\/\/api.w.org\/{rel}","templated":true}]}}