{"id":328308,"date":"2023-03-27T05:11:25","date_gmt":"2023-03-27T03:11:25","guid":{"rendered":"https:\/\/www.radiopiu.net\/wordpress\/?p=328308"},"modified":"2023-03-27T05:45:47","modified_gmt":"2023-03-27T03:45:47","slug":"belluno-alpina-chi-puo-finanziare-il-progetto-antispopolamento-ronce-2020-e-senza-risorse-che-destino-puo-avere","status":"publish","type":"post","link":"https:\/\/www.radiopiu.net\/wordpress\/belluno-alpina-chi-puo-finanziare-il-progetto-antispopolamento-ronce-2020-e-senza-risorse-che-destino-puo-avere\/","title":{"rendered":"BELLUNO ALPINA: \u201cCHI PU\u00d2 FINANZIARE IL PROGETTO ANTISPOPOLAMENTO RONCE 2020? E SENZA RISORSE, CHE DESTINO PU\u00d2 AVERE?\u201d"},"content":{"rendered":"<p><strong><a class=\"dt-pswp-item\" href=\"https:\/\/www.radiopiu.net\/wordpress\/wp-content\/uploads\/2021\/01\/BELLUNO-ALPINA.jpg\" data-dt-img-description=\"\" data-large_image_width=\"588\" data-large_image_height=\"537\"><img loading=\"lazy\" decoding=\"async\" class=\" wp-image-185689 alignleft\" src=\"https:\/\/www.radiopiu.net\/wordpress\/wp-content\/uploads\/2021\/01\/BELLUNO-ALPINA-300x274.jpg\" alt=\"\" width=\"153\" height=\"140\" srcset=\"https:\/\/www.radiopiu.net\/wordpress\/wp-content\/uploads\/2021\/01\/BELLUNO-ALPINA-300x274.jpg 300w, https:\/\/www.radiopiu.net\/wordpress\/wp-content\/uploads\/2021\/01\/BELLUNO-ALPINA.jpg 588w\" sizes=\"auto, (max-width: 153px) 100vw, 153px\" \/><\/a>BELLUNO<\/strong> \u201cNon ci sono politiche contro lo spopolamento, progetti per attirare o almeno mantenere le famiglie pi\u00f9 giovani, nessun investimento su infrastrutture e iniziative: ci chiediamo che destino pu\u00f2 avere il nostro progetto Ronce 2020 che con il Comune di Belluno e gli altri enti del comprensorio voleva arginare l&#8217;abbandono della montagna.\u00a0 Tutti parlano di aree interne, fondi di confine, etc., ma il nostro territorio \u00e8 perennemente escluso da queste iniziative; oltre al problema delle risorse, c&#8217;\u00e8 poi la questione pratica: non vediamo progetti utili alle popolazioni delle Prealpi e del comprensorio Quantin-Nevegal-Ronce-Valmorel\u201d: Belluno Alpina cerca risposte e atti concreti in un momento particolare per le Prealpi. L&#8217;associazione ripercorre le proposte e le necessit\u00e0 pi\u00f9 volte segnalate: la proposta, gi\u00e0 inviata in Regione con tanto di delibere dei comuni interessati, di una tappa del Giro d&#8217;Italia con arrivo in Nevegal e passaggi a Praderadego, Sant&#8217;Antonio Tortal, Valmorel e Ronce e una cronoscalata\u00a0 in Alpago dal Lago di Santa Croce a Col Indes; la strada silvopastorale, il cui progetto \u00e8 gi\u00e0 in mano al Comune di Belluno, dal Nevegal a Valmorel attraverso Ronce, che consentirebbe di sviluppare il turismo &#8211; a cavallo, in bicicletta o magari anche con l&#8217;istituzione di una linea con un trenino elettrico -, oltre che servire ai mezzi pesanti per la pulizia del bosco; in questo senso va anche la richiesta di istituzione del consorzio forestale pubblico-privato, che permetterebbe anche lo sviluppo della filiera del legno nel territorio prealpino. \u201cAi nostri territori servono progetti come questi, che diano visibilit\u00e0 e prospettivi di sviluppo e che facciano quindi diventare attrattivo il comprensorio per la residenzialit\u00e0 e l&#8217;investimento da parte dei privati. Se per\u00f2 gli enti pubblici non fanno la loro parte, raccogliendo le proposte che da quei territori arrivano e ascoltando la popolazione che l\u00ec vuole continuare a vivere e lavorare, non vedremo mai concretizzarsi reali politiche contro lo spopolamento\u201d, concludono dall&#8217;associazione.<\/p>\n<p>&nbsp;<\/p>\n<p>&nbsp;<\/p>\n<p>******<\/p>\n","protected":false},"excerpt":{"rendered":"<p>BELLUNO \u201cNon ci sono politiche contro lo spopolamento, progetti per attirare o almeno mantenere le famiglie pi\u00f9 giovani, nessun investimento su infrastrutture e iniziative: ci chiediamo che destino pu\u00f2 avere il nostro progetto Ronce 2020 che con il Comune di Belluno e gli altri enti del comprensorio voleva arginare l&#8217;abbandono della montagna.\u00a0 Tutti parlano di&hellip;<\/p>\n","protected":false},"author":4,"featured_media":185689,"comment_status":"closed","ping_status":"closed","sticky":false,"template":"","format":"standard","meta":{"_monsterinsights_skip_tracking":false,"_monsterinsights_sitenote_active":false,"_monsterinsights_sitenote_note":"","_monsterinsights_sitenote_category":0,"footnotes":""},"categories":[51,49],"tags":[],"class_list":["post-328308","post","type-post","status-publish","format-standard","has-post-thumbnail","hentry","category-evidenza-top","category-news-18","category-51","category-49","description-off"],"img_url":"https:\/\/www.radiopiu.net\/wordpress\/wp-content\/uploads\/2021\/01\/BELLUNO-ALPINA.jpg","_links":{"self":[{"href":"https:\/\/www.radiopiu.net\/wordpress\/wp-json\/wp\/v2\/posts\/328308","targetHints":{"allow":["GET"]}}],"collection":[{"href":"https:\/\/www.radiopiu.net\/wordpress\/wp-json\/wp\/v2\/posts"}],"about":[{"href":"https:\/\/www.radiopiu.net\/wordpress\/wp-json\/wp\/v2\/types\/post"}],"author":[{"embeddable":true,"href":"https:\/\/www.radiopiu.net\/wordpress\/wp-json\/wp\/v2\/users\/4"}],"replies":[{"embeddable":true,"href":"https:\/\/www.radiopiu.net\/wordpress\/wp-json\/wp\/v2\/comments?post=328308"}],"version-history":[{"count":0,"href":"https:\/\/www.radiopiu.net\/wordpress\/wp-json\/wp\/v2\/posts\/328308\/revisions"}],"wp:featuredmedia":[{"embeddable":true,"href":"https:\/\/www.radiopiu.net\/wordpress\/wp-json\/wp\/v2\/media\/185689"}],"wp:attachment":[{"href":"https:\/\/www.radiopiu.net\/wordpress\/wp-json\/wp\/v2\/media?parent=328308"}],"wp:term":[{"taxonomy":"category","embeddable":true,"href":"https:\/\/www.radiopiu.net\/wordpress\/wp-json\/wp\/v2\/categories?post=328308"},{"taxonomy":"post_tag","embeddable":true,"href":"https:\/\/www.radiopiu.net\/wordpress\/wp-json\/wp\/v2\/tags?post=328308"}],"curies":[{"name":"wp","href":"https:\/\/api.w.org\/{rel}","templated":true}]}}