{"id":328501,"date":"2023-03-27T13:30:30","date_gmt":"2023-03-27T11:30:30","guid":{"rendered":"https:\/\/www.radiopiu.net\/wordpress\/?p=328501"},"modified":"2023-03-27T09:30:56","modified_gmt":"2023-03-27T07:30:56","slug":"i-racconti-di-paolo-soppelsa-puntata-169","status":"publish","type":"post","link":"https:\/\/www.radiopiu.net\/wordpress\/i-racconti-di-paolo-soppelsa-puntata-169\/","title":{"rendered":"I RACCONTI DI PAOLO SOPPELSA &#8211; PUNTATA 169"},"content":{"rendered":"<p><strong>VENERDI SERA<\/strong><\/p>\n<p><strong>AUDIO<\/strong><\/p>\n<audio class=\"wp-audio-shortcode\" id=\"audio-328501-1\" preload=\"none\" style=\"width: 100%;\" controls=\"controls\"><source type=\"audio\/mpeg\" src=\"https:\/\/www.radiopiu.net\/wordpress\/wp-content\/uploads\/2023\/03\/PAOLO-SOPPELSA-VENERDI-SERA.mp3?_=1\" \/><a href=\"https:\/\/www.radiopiu.net\/wordpress\/wp-content\/uploads\/2023\/03\/PAOLO-SOPPELSA-VENERDI-SERA.mp3\">https:\/\/www.radiopiu.net\/wordpress\/wp-content\/uploads\/2023\/03\/PAOLO-SOPPELSA-VENERDI-SERA.mp3<\/a><\/audio>\n<p>&nbsp;<\/p>\n<p><a class=\"dt-pswp-item\" href=\"https:\/\/www.radiopiu.net\/wordpress\/wp-content\/uploads\/2023\/03\/40df9bf9-454f-4e4b-9d50-bd31ee0b59d4.jpg\" data-dt-img-description=\"\" data-large_image_width=\"1080\" data-large_image_height=\"810\"><img loading=\"lazy\" decoding=\"async\" class=\" wp-image-328503 alignleft\" src=\"https:\/\/www.radiopiu.net\/wordpress\/wp-content\/uploads\/2023\/03\/40df9bf9-454f-4e4b-9d50-bd31ee0b59d4-300x225.jpg\" alt=\"\" width=\"149\" height=\"112\" srcset=\"https:\/\/www.radiopiu.net\/wordpress\/wp-content\/uploads\/2023\/03\/40df9bf9-454f-4e4b-9d50-bd31ee0b59d4-300x225.jpg 300w, https:\/\/www.radiopiu.net\/wordpress\/wp-content\/uploads\/2023\/03\/40df9bf9-454f-4e4b-9d50-bd31ee0b59d4-1024x768.jpg 1024w, https:\/\/www.radiopiu.net\/wordpress\/wp-content\/uploads\/2023\/03\/40df9bf9-454f-4e4b-9d50-bd31ee0b59d4-768x576.jpg 768w, https:\/\/www.radiopiu.net\/wordpress\/wp-content\/uploads\/2023\/03\/40df9bf9-454f-4e4b-9d50-bd31ee0b59d4.jpg 1080w\" sizes=\"auto, (max-width: 149px) 100vw, 149px\" \/><\/a>Quando l&#8217;inverno \u00e8 ormai terminato arriva il tempo delle delicate nostalgie per quei fine settimana passati a Cencenighe. Guardo la &#8220;pila de legne&#8221; che \u00e8 calata ma pensavo peggio e nel frattempo mi scaldo al sole di inizio primavera pensando ai giorni andati, a quando, il venerd\u00ec, dopo un salto veloce a casa a Belluno per una doccia e carico bagagli, arrivavo in riva al Biois alle diciotto meno dieci che era gi\u00e0 buio profondo. Trentacinque minuti di viaggio lungo la Strada Madre punteggiata di fari e poi finalmente l&#8217;approdo sotto al Pelsa; l&#8217;alzare le levette della corrente, accensione boiler e frigo e poi la spesa. Il formaggio, l&#8217;aranciata, i canederli, la pasta e la porchetta e latte e pane con l&#8217;uvetta per la colazione. E poi di nuovo a casa; Cencenighe d&#8217;inverno \u00e8 avaro di sole e poi c&#8217;\u00e8 il vento che raffredda i muri, cos\u00ec accade che, nei giorni pi\u00f9 freddi, il termometro in cucina segni quattro gradi e allora subito accensione del fuoco e scorta di tre ceste di legna. Mentre la stufa inizia a scaldare inizio a preparare la cena mentre la campana grande suona l&#8217;Ave Maria. Poi carico stufa e camminata &#8220;fin fora par Camp&#8221; e ritorno, che ho voglia di sentire l&#8217;aria d&#8217;inverno e ascoltare la voce dei torrenti. Rientrato a casa, un po&#8217; di televisione guardata un po&#8217; da &#8220;a pede la stua&#8221; e un po&#8217; da &#8220;su &#8216;n sof\u00e0 sot la cuerta&#8221;. E intanto i gradi sono saliti addirittura fino a quota dodici e rispetto a quando sono arrivato sembra perfino caldo. Quando la stufa \u00e8 ormai rovente recupero dalla camera il cuscino e il pigiama e li sistemo su una sedia accanto ad essa, cos\u00ec quando sar\u00e0 ora &#8220;de tirase &#8216;n te let&#8221; saranno belli caldi; e sono momenti che mi riportano indietro di tanti anni e che rivivo sempre con gioia. Alle undici e mezza circa ultimo carico di legna nella &#8220;fornela&#8221; e poi lo spogliarsi a tempo di record e la meraviglia del pigiama riscaldato. Successiva corsa veloce s\u00f9 per le scale e arrivo in camera, dove i gradi sono mediamente sette ma anche meno; una sera di fine gennaio erano quattro, e allora ho dato un colpo di stufetta elettrica, ma \u00e8 stata l&#8217;unica volta. Bottiglia di acqua calda sotto le lenzuola felpate e poi anch&#8217;io sotto le lenzuola; fa freddo, ma niente paura, c&#8217;\u00e8 il mega piumone che fu dei nonni, di penna vera, e dopo tre minuti sono gi\u00e0 nel sonno pi\u00f9 profondo. Al mattino occorre uscire dal letto di corsa e correre in bagno, dove i gradi sono forse dieci, ma niente panico; sono cose gi\u00e0 vissute in giovent\u00f9, e il fisico ha memoria e infatti non ho mai preso un raffreddore e nemmeno una linea di febbre. Poi, una volta arrivato in cucina e rianimato il fuoco, tutto prende una piega pi\u00f9 normale. Alla sera si sta che \u00e8 un sogno in compagnia del fuoco, del mormorare del Biois e della campana che scandisce le ore e le mezze ore. Ora, mentre la primavera bussa alla porta e quando arrivo trovo almeno dieci gradi, provo un po&#8217; di nostalgia per questi venerd\u00ec sera un po&#8217; &#8220;avventurosi&#8221; che mi riportano indietro nel tempo, a quando, in certe notti d&#8217;autunno inoltrato, dormivo sotto lo stesso piumone ascoltando la stessa campana. Certe sere, quando si gelava sul serio, a volte mi ponevo la domanda &#8220;ma chi te lo falo f\u00e0 de te ciap\u00e0 zerte ingiazade&#8221;; \u00e8 il bisogno di ascoltare quell&#8217;acqua che scorre e quella campana che suona, \u00e8 la necessit\u00e0 di ritrovare sensazioni e ricordi che fanno sentire bene. Li vivevo cos\u00ec quei venerd\u00ec sera d&#8217;inverno; un vivere semplice, non sempre facile ma sicuramente bellissimo.<\/p>\n","protected":false},"excerpt":{"rendered":"<p>VENERDI SERA AUDIO &nbsp; Quando l&#8217;inverno \u00e8 ormai terminato arriva il tempo delle delicate nostalgie per quei fine settimana passati a Cencenighe. Guardo la &#8220;pila de legne&#8221; che \u00e8 calata ma pensavo peggio e nel frattempo mi scaldo al sole di inizio primavera pensando ai giorni andati, a quando, il venerd\u00ec, dopo un salto veloce&hellip;<\/p>\n","protected":false},"author":4,"featured_media":328503,"comment_status":"closed","ping_status":"closed","sticky":false,"template":"","format":"standard","meta":{"_monsterinsights_skip_tracking":false,"_monsterinsights_sitenote_active":false,"_monsterinsights_sitenote_note":"","_monsterinsights_sitenote_category":0,"footnotes":""},"categories":[49,112],"tags":[],"class_list":["post-328501","post","type-post","status-publish","format-standard","has-post-thumbnail","hentry","category-news-18","category-racconti-soppelsa","category-49","category-112","description-off"],"img_url":"https:\/\/www.radiopiu.net\/wordpress\/wp-content\/uploads\/2023\/03\/40df9bf9-454f-4e4b-9d50-bd31ee0b59d4.jpg","_links":{"self":[{"href":"https:\/\/www.radiopiu.net\/wordpress\/wp-json\/wp\/v2\/posts\/328501","targetHints":{"allow":["GET"]}}],"collection":[{"href":"https:\/\/www.radiopiu.net\/wordpress\/wp-json\/wp\/v2\/posts"}],"about":[{"href":"https:\/\/www.radiopiu.net\/wordpress\/wp-json\/wp\/v2\/types\/post"}],"author":[{"embeddable":true,"href":"https:\/\/www.radiopiu.net\/wordpress\/wp-json\/wp\/v2\/users\/4"}],"replies":[{"embeddable":true,"href":"https:\/\/www.radiopiu.net\/wordpress\/wp-json\/wp\/v2\/comments?post=328501"}],"version-history":[{"count":0,"href":"https:\/\/www.radiopiu.net\/wordpress\/wp-json\/wp\/v2\/posts\/328501\/revisions"}],"wp:featuredmedia":[{"embeddable":true,"href":"https:\/\/www.radiopiu.net\/wordpress\/wp-json\/wp\/v2\/media\/328503"}],"wp:attachment":[{"href":"https:\/\/www.radiopiu.net\/wordpress\/wp-json\/wp\/v2\/media?parent=328501"}],"wp:term":[{"taxonomy":"category","embeddable":true,"href":"https:\/\/www.radiopiu.net\/wordpress\/wp-json\/wp\/v2\/categories?post=328501"},{"taxonomy":"post_tag","embeddable":true,"href":"https:\/\/www.radiopiu.net\/wordpress\/wp-json\/wp\/v2\/tags?post=328501"}],"curies":[{"name":"wp","href":"https:\/\/api.w.org\/{rel}","templated":true}]}}